{"id":10680,"date":"2018-11-17T21:50:26","date_gmt":"2018-11-17T19:50:26","guid":{"rendered":"https:\/\/grifk-handball.com\/miehet\/?p=10680"},"modified":"2018-11-21T10:26:50","modified_gmt":"2018-11-21T08:26:50","slug":"grifk-kieltaytyi-haviamasta-pif-kaatui-mahtinousun-jalkeen","status":"publish","type":"post","link":"https:\/\/grifk-handball.com\/miehet\/2018-19\/ottelut\/grifk-kieltaytyi-haviamasta-pif-kaatui-mahtinousun-jalkeen\/","title":{"rendered":"GrIFK kielt\u00e4ytyi h\u00e4vi\u00e4m\u00e4st\u00e4 &#8211; PIF kaatui mahtinousun j\u00e4lkeen"},"content":{"rendered":"<p>GrIFK joutui tekem\u00e4\u00e4n t\u00e4yden p\u00e4iv\u00e4ty\u00f6n voittaakseen vimmatusti taistelleen PIF:n kotiluolassa. Granikin l\u00f6ysi toiselle jaksolle taisteluasenteen ja nousi pahimmillaan kahdeksan maalin tappioasemasta ohi kun Jonathan Bergin 26 sekuntia ennen loppua l\u00e4piajosta viimeistelem\u00e4 26-25 j\u00e4i ottelun voittomaaliksi. <!--more--><\/p>\n<div id=\"attachment_9496\" style=\"width: 256px\" class=\"wp-caption alignright\"><a href=\"https:\/\/grifk-handball.com\/miehet\/joukkue-2018-19\/jonathan-berg\/\"><img data-recalc-dims=\"1\" loading=\"lazy\" decoding=\"async\" aria-describedby=\"caption-attachment-9496\" class=\"size-medium wp-image-9496\" src=\"https:\/\/i0.wp.com\/grifk-handball.com\/miehet\/wp-content\/uploads\/sites\/2\/2018\/09\/Jonathan-Berg-246x300.jpg?resize=246%2C300&#038;ssl=1\" alt=\"\" width=\"246\" height=\"300\" srcset=\"https:\/\/i0.wp.com\/grifk-handball.com\/miehet\/wp-content\/uploads\/sites\/2\/2018\/09\/Jonathan-Berg.jpg?resize=246%2C300&amp;ssl=1 246w, https:\/\/i0.wp.com\/grifk-handball.com\/miehet\/wp-content\/uploads\/sites\/2\/2018\/09\/Jonathan-Berg.jpg?resize=768%2C935&amp;ssl=1 768w, https:\/\/i0.wp.com\/grifk-handball.com\/miehet\/wp-content\/uploads\/sites\/2\/2018\/09\/Jonathan-Berg.jpg?resize=846%2C1030&amp;ssl=1 846w, https:\/\/i0.wp.com\/grifk-handball.com\/miehet\/wp-content\/uploads\/sites\/2\/2018\/09\/Jonathan-Berg.jpg?resize=1232%2C1500&amp;ssl=1 1232w, https:\/\/i0.wp.com\/grifk-handball.com\/miehet\/wp-content\/uploads\/sites\/2\/2018\/09\/Jonathan-Berg.jpg?resize=579%2C705&amp;ssl=1 579w, https:\/\/i0.wp.com\/grifk-handball.com\/miehet\/wp-content\/uploads\/sites\/2\/2018\/09\/Jonathan-Berg.jpg?resize=450%2C548&amp;ssl=1 450w, https:\/\/i0.wp.com\/grifk-handball.com\/miehet\/wp-content\/uploads\/sites\/2\/2018\/09\/Jonathan-Berg.jpg?w=1682&amp;ssl=1 1682w\" sizes=\"auto, (max-width: 246px) 100vw, 246px\" \/><\/a><p id=\"caption-attachment-9496\" class=\"wp-caption-text\">Jonathan Berg p\u00e4\u00e4sti GrIFK:n piinasta ottelun viimeisen minuutin maalilla.<\/p><\/div>\n<h3>Huolimattomuus oli kostautua<\/h3>\n<p>Tauon omiensa mukaan kauden parastaan esitt\u00e4neet paraislaiset nautiskelivat t\u00e4ysin ansaitussa 9-16 johtoasemassa. PIF sai karkumatkalleen apua kotijoukkueen huolimattomasta pelist\u00e4. Pitk\u00e4 lista teknisi\u00e4 virheit\u00e4, missattuja maalipaikkoja ja j\u00e4\u00e4hyj\u00e4 oli kostautua, mutta toisen jakson tasonnosto k\u00e4\u00e4nsi kelkan ja Grani alkoi hivuttautua maali kerrallaan l\u00e4hemm\u00e4s.<\/p>\n<p>Miro Koljonen johti kapteenin ottein takaa-ajo-osuutta, Sami Silfver toi joukkueensa tasoihin viitisen minuuttia ennen loppua (23-23), ensimm\u00e4isen kerran sitten tilanteen 3-3. PIF teki viel\u00e4 viimeisen rep\u00e4isyns\u00e4 voitettuaan Patrik L\u00e5ngin kaksiminuuttisen 2-0, jonka j\u00e4lkeen Anton Karlsson kavensi ja sama mies pys\u00e4ytettiin j\u00e4\u00e4hyn ja rankkarin arvoisesti puolitoista minuuttia ennen loppua. Anthony Hellakosken toisen puoliajan viides onnistunut seitsem\u00e4n metrin heitto tasoitti pelin ja loppuhuipennuksena ottelulle n\u00e4htiin Bergin iltap\u00e4iv\u00e4n ainoa osuma.<\/p>\n<p>Ottelun parhaana palkittu Koljonen piti joukkueensa noususta voittoon ja saavutetut pisteet maistui: <em>&#8221;Teimme ottelusta itsellemme turhan vaikean ja ansaitsimme ett\u00e4 jouduimme hikoilemaan pisteiden eteen.&#8221;<\/em><\/p>\n<h3>Tappio otti koville<\/h3>\n<p>PIF n\u00e4ytti ottelussa ett\u00e4 heid\u00e4tkin on otettava tosissaan. Jane Jancev heitt\u00e4\u00e4 paljon ja tekee melko hyv\u00e4ll\u00e4 prosentilla maaleja, maalivahti Markus Mattila oli varsinkin avausjaksolla hyv\u00e4ss\u00e4 torjuntavireess\u00e4. Kummankin suoritus noteerattiin my\u00f6s t\u00e4htiraadin silmin.<\/p>\n<p>Ottelun j\u00e4lkeen Paraisten valmentaja Marko Brezic kuumeni ja k\u00e4vi antamassa ottelun tuomareille oman palautteensa, jotka k\u00e4sitell\u00e4\u00e4n liiton kurinpitoelimiss\u00e4. Mahdollinen toimisijakielto tulisi PIF:lle pahaan paikkaan sill\u00e4 \u00c5IFK:n voitettua perjantaina Atlas Vantaan se ohitti samalla PIF:n, joka putosi karsintaviivan alapuolelle. Nyt joukkue on vaarassa joutua ilman valmentajaansa ensi lauantain t\u00e4rke\u00e4\u00e4n kotiotteluun liigajumbo HC HIK:ta vastaan.<\/p>\n<h3>Ja taas huilataan hetki..<\/h3>\n<p>Granin valmentaja Kaj Hagman pohti jo ennen PIF-ottelua ett\u00e4 SM-liigan otteluohjelma on kaukana optimista. Kunnon ottelurytmi\u00e4 ei tahdo saada mill\u00e4\u00e4n kun ottelutahti on mik\u00e4 on. Seuraavaa peli\u00e4 joudutaan t\u00e4ll\u00e4 kertaa odottamaan puolitoista viikkoa. Keskiviikkona 28.11. GrIFK kohtaa vieraskent\u00e4ll\u00e4 todellisessa nelj\u00e4n pisteen ottelussa HIFK:n, joka lauantaina k\u00e4rsi 25-32 tappion UT:lla vierailleelle BK-46:lle, jota vastaan pelataan Luolassa lauantaina 8.12.<\/p>\n","protected":false},"excerpt":{"rendered":"<p>GrIFK joutui tekem\u00e4\u00e4n t\u00e4yden p\u00e4iv\u00e4ty\u00f6n voittaakseen vimmatusti taistelleen PIF:n kotiluolassa. Granikin l\u00f6ysi toiselle jaksolle taisteluasenteen ja nousi pahimmillaan kahdeksan maalin tappioasemasta ohi kun Jonathan Bergin 26 sekuntia ennen loppua l\u00e4piajosta viimeistelem\u00e4 26-25 j\u00e4i ottelun voittomaaliksi.<\/p>\n","protected":false},"author":1,"featured_media":10019,"comment_status":"closed","ping_status":"closed","sticky":false,"template":"","format":"standard","meta":{"_acf_changed":false,"footnotes":""},"categories":[259],"tags":[12,26,13,251,25,34,38,41],"class_list":["post-10680","post","type-post","status-publish","format-standard","has-post-thumbnail","hentry","category-ottelut","tag-bombom","tag-grifkhandball","tag-nevergiveup","tag-tunnetta-peliin","tag-grifk","tag-pif","tag-runkosarja","tag-sm-liiga"],"acf":[],"yoast_head":"<!-- This site is optimized with the Yoast SEO plugin v27.5 - https:\/\/yoast.com\/product\/yoast-seo-wordpress\/ -->\n<title>GrIFK kielt\u00e4ytyi h\u00e4vi\u00e4m\u00e4st\u00e4 - PIF kaatui mahtinousun j\u00e4lkeen &#8212; GrIFK K\u00e4sipallo - miehet<\/title>\n<meta name=\"robots\" content=\"index, follow, max-snippet:-1, max-image-preview:large, max-video-preview:-1\" \/>\n<link rel=\"canonical\" href=\"https:\/\/grifk-handball.com\/miehet\/2018-19\/ottelut\/grifk-kieltaytyi-haviamasta-pif-kaatui-mahtinousun-jalkeen\/\" \/>\n<meta property=\"og:locale\" content=\"fi_FI\" \/>\n<meta property=\"og:type\" content=\"article\" \/>\n<meta property=\"og:title\" content=\"GrIFK kielt\u00e4ytyi h\u00e4vi\u00e4m\u00e4st\u00e4 - PIF kaatui mahtinousun j\u00e4lkeen &#8212; GrIFK K\u00e4sipallo - miehet\" \/>\n<meta property=\"og:description\" content=\"GrIFK joutui tekem\u00e4\u00e4n t\u00e4yden p\u00e4iv\u00e4ty\u00f6n voittaakseen vimmatusti taistelleen PIF:n kotiluolassa. Granikin l\u00f6ysi toiselle jaksolle taisteluasenteen ja nousi pahimmillaan kahdeksan maalin tappioasemasta ohi kun Jonathan Bergin 26 sekuntia ennen loppua l\u00e4piajosta viimeistelem\u00e4 26-25 j\u00e4i ottelun voittomaaliksi.\" \/>\n<meta property=\"og:url\" content=\"https:\/\/grifk-handball.com\/miehet\/2018-19\/ottelut\/grifk-kieltaytyi-haviamasta-pif-kaatui-mahtinousun-jalkeen\/\" \/>\n<meta property=\"og:site_name\" content=\"GrIFK K\u00e4sipallo - miehet\" \/>\n<meta property=\"article:publisher\" content=\"https:\/\/www.facebook.com\/GrIFKelit\/\" \/>\n<meta property=\"article:published_time\" content=\"2018-11-17T19:50:26+00:00\" \/>\n<meta property=\"article:modified_time\" content=\"2018-11-21T08:26:50+00:00\" \/>\n<meta property=\"og:image\" content=\"https:\/\/i0.wp.com\/grifk-handball.com\/miehet\/wp-content\/uploads\/sites\/2\/2018\/09\/MMA_6339.jpg?fit=2400%2C1600&ssl=1\" \/>\n\t<meta property=\"og:image:width\" content=\"2400\" \/>\n\t<meta property=\"og:image:height\" content=\"1600\" \/>\n\t<meta property=\"og:image:type\" content=\"image\/jpeg\" \/>\n<meta name=\"author\" content=\"granimaster\" \/>\n<meta name=\"twitter:card\" content=\"summary_large_image\" \/>\n<meta name=\"twitter:creator\" content=\"@GrIFK_MSM\" \/>\n<meta name=\"twitter:site\" content=\"@GrIFK_MSM\" \/>\n<meta name=\"twitter:label1\" content=\"Kirjoittanut\" \/>\n\t<meta name=\"twitter:data1\" content=\"granimaster\" \/>\n\t<meta name=\"twitter:label2\" content=\"Arvioitu lukuaika\" \/>\n\t<meta name=\"twitter:data2\" content=\"2 minuuttia\" \/>\n<script type=\"application\/ld+json\" class=\"yoast-schema-graph\">{\"@context\":\"https:\\\/\\\/schema.org\",\"@graph\":[{\"@type\":\"Article\",\"@id\":\"https:\\\/\\\/grifk-handball.com\\\/miehet\\\/2018-19\\\/ottelut\\\/grifk-kieltaytyi-haviamasta-pif-kaatui-mahtinousun-jalkeen\\\/#article\",\"isPartOf\":{\"@id\":\"https:\\\/\\\/grifk-handball.com\\\/miehet\\\/2018-19\\\/ottelut\\\/grifk-kieltaytyi-haviamasta-pif-kaatui-mahtinousun-jalkeen\\\/\"},\"author\":{\"name\":\"granimaster\",\"@id\":\"https:\\\/\\\/grifk-handball.com\\\/miehet\\\/#\\\/schema\\\/person\\\/9da98c743e3f0f85a1b32f59241b48e0\"},\"headline\":\"GrIFK kielt\u00e4ytyi h\u00e4vi\u00e4m\u00e4st\u00e4 &#8211; PIF kaatui mahtinousun j\u00e4lkeen\",\"datePublished\":\"2018-11-17T19:50:26+00:00\",\"dateModified\":\"2018-11-21T08:26:50+00:00\",\"mainEntityOfPage\":{\"@id\":\"https:\\\/\\\/grifk-handball.com\\\/miehet\\\/2018-19\\\/ottelut\\\/grifk-kieltaytyi-haviamasta-pif-kaatui-mahtinousun-jalkeen\\\/\"},\"wordCount\":397,\"publisher\":{\"@id\":\"https:\\\/\\\/grifk-handball.com\\\/miehet\\\/#organization\"},\"image\":{\"@id\":\"https:\\\/\\\/grifk-handball.com\\\/miehet\\\/2018-19\\\/ottelut\\\/grifk-kieltaytyi-haviamasta-pif-kaatui-mahtinousun-jalkeen\\\/#primaryimage\"},\"thumbnailUrl\":\"https:\\\/\\\/i0.wp.com\\\/grifk-handball.com\\\/miehet\\\/wp-content\\\/uploads\\\/sites\\\/2\\\/2018\\\/09\\\/MMA_6339.jpg?fit=2400%2C1600&ssl=1\",\"keywords\":[\"#BomBom\",\"#GrIFKHandball\",\"#NeverGiveUp\",\"#Tunnetta peliin\",\"GrIFK\",\"PIF\",\"Runkosarja\",\"SM-liiga\"],\"articleSection\":[\"Ottelut 2018-19\"],\"inLanguage\":\"fi\"},{\"@type\":\"WebPage\",\"@id\":\"https:\\\/\\\/grifk-handball.com\\\/miehet\\\/2018-19\\\/ottelut\\\/grifk-kieltaytyi-haviamasta-pif-kaatui-mahtinousun-jalkeen\\\/\",\"url\":\"https:\\\/\\\/grifk-handball.com\\\/miehet\\\/2018-19\\\/ottelut\\\/grifk-kieltaytyi-haviamasta-pif-kaatui-mahtinousun-jalkeen\\\/\",\"name\":\"GrIFK kielt\u00e4ytyi h\u00e4vi\u00e4m\u00e4st\u00e4 - PIF kaatui mahtinousun j\u00e4lkeen &#8212; GrIFK K\u00e4sipallo - miehet\",\"isPartOf\":{\"@id\":\"https:\\\/\\\/grifk-handball.com\\\/miehet\\\/#website\"},\"primaryImageOfPage\":{\"@id\":\"https:\\\/\\\/grifk-handball.com\\\/miehet\\\/2018-19\\\/ottelut\\\/grifk-kieltaytyi-haviamasta-pif-kaatui-mahtinousun-jalkeen\\\/#primaryimage\"},\"image\":{\"@id\":\"https:\\\/\\\/grifk-handball.com\\\/miehet\\\/2018-19\\\/ottelut\\\/grifk-kieltaytyi-haviamasta-pif-kaatui-mahtinousun-jalkeen\\\/#primaryimage\"},\"thumbnailUrl\":\"https:\\\/\\\/i0.wp.com\\\/grifk-handball.com\\\/miehet\\\/wp-content\\\/uploads\\\/sites\\\/2\\\/2018\\\/09\\\/MMA_6339.jpg?fit=2400%2C1600&ssl=1\",\"datePublished\":\"2018-11-17T19:50:26+00:00\",\"dateModified\":\"2018-11-21T08:26:50+00:00\",\"breadcrumb\":{\"@id\":\"https:\\\/\\\/grifk-handball.com\\\/miehet\\\/2018-19\\\/ottelut\\\/grifk-kieltaytyi-haviamasta-pif-kaatui-mahtinousun-jalkeen\\\/#breadcrumb\"},\"inLanguage\":\"fi\",\"potentialAction\":[{\"@type\":\"ReadAction\",\"target\":[\"https:\\\/\\\/grifk-handball.com\\\/miehet\\\/2018-19\\\/ottelut\\\/grifk-kieltaytyi-haviamasta-pif-kaatui-mahtinousun-jalkeen\\\/\"]}]},{\"@type\":\"ImageObject\",\"inLanguage\":\"fi\",\"@id\":\"https:\\\/\\\/grifk-handball.com\\\/miehet\\\/2018-19\\\/ottelut\\\/grifk-kieltaytyi-haviamasta-pif-kaatui-mahtinousun-jalkeen\\\/#primaryimage\",\"url\":\"https:\\\/\\\/i0.wp.com\\\/grifk-handball.com\\\/miehet\\\/wp-content\\\/uploads\\\/sites\\\/2\\\/2018\\\/09\\\/MMA_6339.jpg?fit=2400%2C1600&ssl=1\",\"contentUrl\":\"https:\\\/\\\/i0.wp.com\\\/grifk-handball.com\\\/miehet\\\/wp-content\\\/uploads\\\/sites\\\/2\\\/2018\\\/09\\\/MMA_6339.jpg?fit=2400%2C1600&ssl=1\",\"width\":2400,\"height\":1600,\"caption\":\"Miro Koljonen #48, GrIFK GrIFK - HC HIC Kauniaisten Palloiluhallilla 22. syyskuuta 2018. (Matti Matikainen\\\/Newspix24)\"},{\"@type\":\"BreadcrumbList\",\"@id\":\"https:\\\/\\\/grifk-handball.com\\\/miehet\\\/2018-19\\\/ottelut\\\/grifk-kieltaytyi-haviamasta-pif-kaatui-mahtinousun-jalkeen\\\/#breadcrumb\",\"itemListElement\":[{\"@type\":\"ListItem\",\"position\":1,\"name\":\"Home\",\"item\":\"https:\\\/\\\/grifk-handball.com\\\/miehet\\\/etusivu-260109\\\/\"},{\"@type\":\"ListItem\",\"position\":2,\"name\":\"GrIFK kielt\u00e4ytyi h\u00e4vi\u00e4m\u00e4st\u00e4 &#8211; PIF kaatui mahtinousun j\u00e4lkeen\"}]},{\"@type\":\"WebSite\",\"@id\":\"https:\\\/\\\/grifk-handball.com\\\/miehet\\\/#website\",\"url\":\"https:\\\/\\\/grifk-handball.com\\\/miehet\\\/\",\"name\":\"GrIFK K\u00e4sipallo - miehet\",\"description\":\"BomBom!\",\"publisher\":{\"@id\":\"https:\\\/\\\/grifk-handball.com\\\/miehet\\\/#organization\"},\"potentialAction\":[{\"@type\":\"SearchAction\",\"target\":{\"@type\":\"EntryPoint\",\"urlTemplate\":\"https:\\\/\\\/grifk-handball.com\\\/miehet\\\/?s={search_term_string}\"},\"query-input\":{\"@type\":\"PropertyValueSpecification\",\"valueRequired\":true,\"valueName\":\"search_term_string\"}}],\"inLanguage\":\"fi\"},{\"@type\":\"Organization\",\"@id\":\"https:\\\/\\\/grifk-handball.com\\\/miehet\\\/#organization\",\"name\":\"GrIFK K\u00e4sipallo - miehet\",\"url\":\"https:\\\/\\\/grifk-handball.com\\\/miehet\\\/\",\"logo\":{\"@type\":\"ImageObject\",\"inLanguage\":\"fi\",\"@id\":\"https:\\\/\\\/grifk-handball.com\\\/miehet\\\/#\\\/schema\\\/logo\\\/image\\\/\",\"url\":\"https:\\\/\\\/i0.wp.com\\\/grifk-handball.com\\\/miehet\\\/wp-content\\\/uploads\\\/sites\\\/2\\\/2016\\\/10\\\/logo-grifk-iso.png?fit=1200%2C1400&ssl=1\",\"contentUrl\":\"https:\\\/\\\/i0.wp.com\\\/grifk-handball.com\\\/miehet\\\/wp-content\\\/uploads\\\/sites\\\/2\\\/2016\\\/10\\\/logo-grifk-iso.png?fit=1200%2C1400&ssl=1\",\"width\":1200,\"height\":1400,\"caption\":\"GrIFK K\u00e4sipallo - miehet\"},\"image\":{\"@id\":\"https:\\\/\\\/grifk-handball.com\\\/miehet\\\/#\\\/schema\\\/logo\\\/image\\\/\"},\"sameAs\":[\"https:\\\/\\\/www.facebook.com\\\/GrIFKelit\\\/\",\"https:\\\/\\\/x.com\\\/GrIFK_MSM\",\"https:\\\/\\\/www.instagram.com\\\/grifk_elit\\\/\"]},{\"@type\":\"Person\",\"@id\":\"https:\\\/\\\/grifk-handball.com\\\/miehet\\\/#\\\/schema\\\/person\\\/9da98c743e3f0f85a1b32f59241b48e0\",\"name\":\"granimaster\",\"image\":{\"@type\":\"ImageObject\",\"inLanguage\":\"fi\",\"@id\":\"https:\\\/\\\/secure.gravatar.com\\\/avatar\\\/034b8e6380fc659c320f13e17fe45bd9ab48a21e2debadd5f3179bde291949df?s=96&d=mm&r=g\",\"url\":\"https:\\\/\\\/secure.gravatar.com\\\/avatar\\\/034b8e6380fc659c320f13e17fe45bd9ab48a21e2debadd5f3179bde291949df?s=96&d=mm&r=g\",\"contentUrl\":\"https:\\\/\\\/secure.gravatar.com\\\/avatar\\\/034b8e6380fc659c320f13e17fe45bd9ab48a21e2debadd5f3179bde291949df?s=96&d=mm&r=g\",\"caption\":\"granimaster\"},\"url\":\"https:\\\/\\\/grifk-handball.com\\\/miehet\\\/author\\\/granimaster\\\/\"}]}<\/script>\n<!-- \/ Yoast SEO plugin. -->","yoast_head_json":{"title":"GrIFK kielt\u00e4ytyi h\u00e4vi\u00e4m\u00e4st\u00e4 - PIF kaatui mahtinousun j\u00e4lkeen &#8212; GrIFK K\u00e4sipallo - miehet","robots":{"index":"index","follow":"follow","max-snippet":"max-snippet:-1","max-image-preview":"max-image-preview:large","max-video-preview":"max-video-preview:-1"},"canonical":"https:\/\/grifk-handball.com\/miehet\/2018-19\/ottelut\/grifk-kieltaytyi-haviamasta-pif-kaatui-mahtinousun-jalkeen\/","og_locale":"fi_FI","og_type":"article","og_title":"GrIFK kielt\u00e4ytyi h\u00e4vi\u00e4m\u00e4st\u00e4 - PIF kaatui mahtinousun j\u00e4lkeen &#8212; GrIFK K\u00e4sipallo - miehet","og_description":"GrIFK joutui tekem\u00e4\u00e4n t\u00e4yden p\u00e4iv\u00e4ty\u00f6n voittaakseen vimmatusti taistelleen PIF:n kotiluolassa. Granikin l\u00f6ysi toiselle jaksolle taisteluasenteen ja nousi pahimmillaan kahdeksan maalin tappioasemasta ohi kun Jonathan Bergin 26 sekuntia ennen loppua l\u00e4piajosta viimeistelem\u00e4 26-25 j\u00e4i ottelun voittomaaliksi.","og_url":"https:\/\/grifk-handball.com\/miehet\/2018-19\/ottelut\/grifk-kieltaytyi-haviamasta-pif-kaatui-mahtinousun-jalkeen\/","og_site_name":"GrIFK K\u00e4sipallo - miehet","article_publisher":"https:\/\/www.facebook.com\/GrIFKelit\/","article_published_time":"2018-11-17T19:50:26+00:00","article_modified_time":"2018-11-21T08:26:50+00:00","og_image":[{"width":2400,"height":1600,"url":"https:\/\/i0.wp.com\/grifk-handball.com\/miehet\/wp-content\/uploads\/sites\/2\/2018\/09\/MMA_6339.jpg?fit=2400%2C1600&ssl=1","type":"image\/jpeg"}],"author":"granimaster","twitter_card":"summary_large_image","twitter_creator":"@GrIFK_MSM","twitter_site":"@GrIFK_MSM","twitter_misc":{"Kirjoittanut":"granimaster","Arvioitu lukuaika":"2 minuuttia"},"schema":{"@context":"https:\/\/schema.org","@graph":[{"@type":"Article","@id":"https:\/\/grifk-handball.com\/miehet\/2018-19\/ottelut\/grifk-kieltaytyi-haviamasta-pif-kaatui-mahtinousun-jalkeen\/#article","isPartOf":{"@id":"https:\/\/grifk-handball.com\/miehet\/2018-19\/ottelut\/grifk-kieltaytyi-haviamasta-pif-kaatui-mahtinousun-jalkeen\/"},"author":{"name":"granimaster","@id":"https:\/\/grifk-handball.com\/miehet\/#\/schema\/person\/9da98c743e3f0f85a1b32f59241b48e0"},"headline":"GrIFK kielt\u00e4ytyi h\u00e4vi\u00e4m\u00e4st\u00e4 &#8211; PIF kaatui mahtinousun j\u00e4lkeen","datePublished":"2018-11-17T19:50:26+00:00","dateModified":"2018-11-21T08:26:50+00:00","mainEntityOfPage":{"@id":"https:\/\/grifk-handball.com\/miehet\/2018-19\/ottelut\/grifk-kieltaytyi-haviamasta-pif-kaatui-mahtinousun-jalkeen\/"},"wordCount":397,"publisher":{"@id":"https:\/\/grifk-handball.com\/miehet\/#organization"},"image":{"@id":"https:\/\/grifk-handball.com\/miehet\/2018-19\/ottelut\/grifk-kieltaytyi-haviamasta-pif-kaatui-mahtinousun-jalkeen\/#primaryimage"},"thumbnailUrl":"https:\/\/i0.wp.com\/grifk-handball.com\/miehet\/wp-content\/uploads\/sites\/2\/2018\/09\/MMA_6339.jpg?fit=2400%2C1600&ssl=1","keywords":["#BomBom","#GrIFKHandball","#NeverGiveUp","#Tunnetta peliin","GrIFK","PIF","Runkosarja","SM-liiga"],"articleSection":["Ottelut 2018-19"],"inLanguage":"fi"},{"@type":"WebPage","@id":"https:\/\/grifk-handball.com\/miehet\/2018-19\/ottelut\/grifk-kieltaytyi-haviamasta-pif-kaatui-mahtinousun-jalkeen\/","url":"https:\/\/grifk-handball.com\/miehet\/2018-19\/ottelut\/grifk-kieltaytyi-haviamasta-pif-kaatui-mahtinousun-jalkeen\/","name":"GrIFK kielt\u00e4ytyi h\u00e4vi\u00e4m\u00e4st\u00e4 - PIF kaatui mahtinousun j\u00e4lkeen &#8212; GrIFK K\u00e4sipallo - miehet","isPartOf":{"@id":"https:\/\/grifk-handball.com\/miehet\/#website"},"primaryImageOfPage":{"@id":"https:\/\/grifk-handball.com\/miehet\/2018-19\/ottelut\/grifk-kieltaytyi-haviamasta-pif-kaatui-mahtinousun-jalkeen\/#primaryimage"},"image":{"@id":"https:\/\/grifk-handball.com\/miehet\/2018-19\/ottelut\/grifk-kieltaytyi-haviamasta-pif-kaatui-mahtinousun-jalkeen\/#primaryimage"},"thumbnailUrl":"https:\/\/i0.wp.com\/grifk-handball.com\/miehet\/wp-content\/uploads\/sites\/2\/2018\/09\/MMA_6339.jpg?fit=2400%2C1600&ssl=1","datePublished":"2018-11-17T19:50:26+00:00","dateModified":"2018-11-21T08:26:50+00:00","breadcrumb":{"@id":"https:\/\/grifk-handball.com\/miehet\/2018-19\/ottelut\/grifk-kieltaytyi-haviamasta-pif-kaatui-mahtinousun-jalkeen\/#breadcrumb"},"inLanguage":"fi","potentialAction":[{"@type":"ReadAction","target":["https:\/\/grifk-handball.com\/miehet\/2018-19\/ottelut\/grifk-kieltaytyi-haviamasta-pif-kaatui-mahtinousun-jalkeen\/"]}]},{"@type":"ImageObject","inLanguage":"fi","@id":"https:\/\/grifk-handball.com\/miehet\/2018-19\/ottelut\/grifk-kieltaytyi-haviamasta-pif-kaatui-mahtinousun-jalkeen\/#primaryimage","url":"https:\/\/i0.wp.com\/grifk-handball.com\/miehet\/wp-content\/uploads\/sites\/2\/2018\/09\/MMA_6339.jpg?fit=2400%2C1600&ssl=1","contentUrl":"https:\/\/i0.wp.com\/grifk-handball.com\/miehet\/wp-content\/uploads\/sites\/2\/2018\/09\/MMA_6339.jpg?fit=2400%2C1600&ssl=1","width":2400,"height":1600,"caption":"Miro Koljonen #48, GrIFK GrIFK - HC HIC Kauniaisten Palloiluhallilla 22. syyskuuta 2018. (Matti Matikainen\/Newspix24)"},{"@type":"BreadcrumbList","@id":"https:\/\/grifk-handball.com\/miehet\/2018-19\/ottelut\/grifk-kieltaytyi-haviamasta-pif-kaatui-mahtinousun-jalkeen\/#breadcrumb","itemListElement":[{"@type":"ListItem","position":1,"name":"Home","item":"https:\/\/grifk-handball.com\/miehet\/etusivu-260109\/"},{"@type":"ListItem","position":2,"name":"GrIFK kielt\u00e4ytyi h\u00e4vi\u00e4m\u00e4st\u00e4 &#8211; PIF kaatui mahtinousun j\u00e4lkeen"}]},{"@type":"WebSite","@id":"https:\/\/grifk-handball.com\/miehet\/#website","url":"https:\/\/grifk-handball.com\/miehet\/","name":"GrIFK K\u00e4sipallo - miehet","description":"BomBom!","publisher":{"@id":"https:\/\/grifk-handball.com\/miehet\/#organization"},"potentialAction":[{"@type":"SearchAction","target":{"@type":"EntryPoint","urlTemplate":"https:\/\/grifk-handball.com\/miehet\/?s={search_term_string}"},"query-input":{"@type":"PropertyValueSpecification","valueRequired":true,"valueName":"search_term_string"}}],"inLanguage":"fi"},{"@type":"Organization","@id":"https:\/\/grifk-handball.com\/miehet\/#organization","name":"GrIFK K\u00e4sipallo - miehet","url":"https:\/\/grifk-handball.com\/miehet\/","logo":{"@type":"ImageObject","inLanguage":"fi","@id":"https:\/\/grifk-handball.com\/miehet\/#\/schema\/logo\/image\/","url":"https:\/\/i0.wp.com\/grifk-handball.com\/miehet\/wp-content\/uploads\/sites\/2\/2016\/10\/logo-grifk-iso.png?fit=1200%2C1400&ssl=1","contentUrl":"https:\/\/i0.wp.com\/grifk-handball.com\/miehet\/wp-content\/uploads\/sites\/2\/2016\/10\/logo-grifk-iso.png?fit=1200%2C1400&ssl=1","width":1200,"height":1400,"caption":"GrIFK K\u00e4sipallo - miehet"},"image":{"@id":"https:\/\/grifk-handball.com\/miehet\/#\/schema\/logo\/image\/"},"sameAs":["https:\/\/www.facebook.com\/GrIFKelit\/","https:\/\/x.com\/GrIFK_MSM","https:\/\/www.instagram.com\/grifk_elit\/"]},{"@type":"Person","@id":"https:\/\/grifk-handball.com\/miehet\/#\/schema\/person\/9da98c743e3f0f85a1b32f59241b48e0","name":"granimaster","image":{"@type":"ImageObject","inLanguage":"fi","@id":"https:\/\/secure.gravatar.com\/avatar\/034b8e6380fc659c320f13e17fe45bd9ab48a21e2debadd5f3179bde291949df?s=96&d=mm&r=g","url":"https:\/\/secure.gravatar.com\/avatar\/034b8e6380fc659c320f13e17fe45bd9ab48a21e2debadd5f3179bde291949df?s=96&d=mm&r=g","contentUrl":"https:\/\/secure.gravatar.com\/avatar\/034b8e6380fc659c320f13e17fe45bd9ab48a21e2debadd5f3179bde291949df?s=96&d=mm&r=g","caption":"granimaster"},"url":"https:\/\/grifk-handball.com\/miehet\/author\/granimaster\/"}]}},"jetpack_featured_media_url":"https:\/\/i0.wp.com\/grifk-handball.com\/miehet\/wp-content\/uploads\/sites\/2\/2018\/09\/MMA_6339.jpg?fit=2400%2C1600&ssl=1","jetpack_shortlink":"https:\/\/wp.me\/p9jQ9a-2Mg","_links":{"self":[{"href":"https:\/\/grifk-handball.com\/miehet\/wp-json\/wp\/v2\/posts\/10680","targetHints":{"allow":["GET"]}}],"collection":[{"href":"https:\/\/grifk-handball.com\/miehet\/wp-json\/wp\/v2\/posts"}],"about":[{"href":"https:\/\/grifk-handball.com\/miehet\/wp-json\/wp\/v2\/types\/post"}],"author":[{"embeddable":true,"href":"https:\/\/grifk-handball.com\/miehet\/wp-json\/wp\/v2\/users\/1"}],"replies":[{"embeddable":true,"href":"https:\/\/grifk-handball.com\/miehet\/wp-json\/wp\/v2\/comments?post=10680"}],"version-history":[{"count":25,"href":"https:\/\/grifk-handball.com\/miehet\/wp-json\/wp\/v2\/posts\/10680\/revisions"}],"predecessor-version":[{"id":10720,"href":"https:\/\/grifk-handball.com\/miehet\/wp-json\/wp\/v2\/posts\/10680\/revisions\/10720"}],"wp:featuredmedia":[{"embeddable":true,"href":"https:\/\/grifk-handball.com\/miehet\/wp-json\/wp\/v2\/media\/10019"}],"wp:attachment":[{"href":"https:\/\/grifk-handball.com\/miehet\/wp-json\/wp\/v2\/media?parent=10680"}],"wp:term":[{"taxonomy":"category","embeddable":true,"href":"https:\/\/grifk-handball.com\/miehet\/wp-json\/wp\/v2\/categories?post=10680"},{"taxonomy":"post_tag","embeddable":true,"href":"https:\/\/grifk-handball.com\/miehet\/wp-json\/wp\/v2\/tags?post=10680"}],"curies":[{"name":"wp","href":"https:\/\/api.w.org\/{rel}","templated":true}]}}