{"id":10811,"date":"2018-12-07T12:41:24","date_gmt":"2018-12-07T10:41:24","guid":{"rendered":"https:\/\/grifk-handball.com\/miehet\/?p=10811"},"modified":"2019-10-02T14:30:43","modified_gmt":"2019-10-02T11:30:43","slug":"sa-ar-det-dags-for-revansch","status":"publish","type":"post","link":"https:\/\/grifk-handball.com\/miehet\/pava\/sa-ar-det-dags-for-revansch\/","title":{"rendered":"&#8221;S\u00e5 \u00e4r det dags f\u00f6r revansch!!&#8221;"},"content":{"rendered":"\n<style type=\"text\/css\" data-created_by=\"avia_inline_auto\" id=\"style-css-av-vtx8d7-6f0dcd2f1c4964a21fd1a5e383024dc9\">\n#top .av-special-heading.av-vtx8d7-6f0dcd2f1c4964a21fd1a5e383024dc9{\npadding-bottom:10px;\n}\nbody .av-special-heading.av-vtx8d7-6f0dcd2f1c4964a21fd1a5e383024dc9 .av-special-heading-tag .heading-char{\nfont-size:25px;\n}\n.av-special-heading.av-vtx8d7-6f0dcd2f1c4964a21fd1a5e383024dc9 .av-subheading{\nfont-size:15px;\n}\n<\/style>\n<div  class='av-special-heading av-vtx8d7-6f0dcd2f1c4964a21fd1a5e383024dc9 av-special-heading-h4 blockquote classic-quote  avia-builder-el-0  el_before_av_three_fifth  avia-builder-el-first '><h4 class='av-special-heading-tag '  itemprop=\"headline\"  >Med gl\u00f6d i \u00f6gonen och r\u00e4tt inst\u00e4llning s\u00e5 ska b\u00e5da po\u00e4ngen stanna i Grottan!<\/h4><div class=\"special-heading-border\"><div class=\"special-heading-inner-border\"><\/div><\/div><\/div>\n<div class='flex_column_table av-jm09d6tb-b50f6929200a38a8dd0941de2d80c557 sc-av_three_fifth av-equal-height-column-flextable'>\n<style type=\"text\/css\" data-created_by=\"avia_inline_auto\" id=\"style-css-av-jm09d6tb-b50f6929200a38a8dd0941de2d80c557\">\n.flex_column.av-jm09d6tb-b50f6929200a38a8dd0941de2d80c557{\nborder-radius:0px 0px 0px 0px;\npadding:0px 0px 0px 0px;\n}\n<\/style>\n<div  class='flex_column av-jm09d6tb-b50f6929200a38a8dd0941de2d80c557 av_three_fifth  avia-builder-el-1  el_after_av_heading  el_before_av_two_fifth  first flex_column_table_cell av-equal-height-column av-align-top av-zero-column-padding  '     ><p><section  class='av_textblock_section av-1wlzjc-01c39548a01af6ca9c00feff0f8a0649 '   itemscope=\"itemscope\" itemtype=\"https:\/\/schema.org\/BlogPosting\" itemprop=\"blogPost\" ><div class='avia_textblock'  itemprop=\"text\" ><p>D\u00e5 var det dags f\u00f6r hemmamatch igen I grottan och dagens motst\u00e5ndare st\u00e5r Serieledarna BK-46 f\u00f6r. BK 46 som startat s\u00e4songen utm\u00e4rkt med 8 vinster p\u00e5 9 matcher. Enda f\u00f6rlusten som BK har i serien kom p\u00e5 bortaplan mot suver\u00e4na Cocks med uddam\u00e5let.<\/p>\n<p>BK-46 har stort \u00f6vertag p\u00e5 Grani, de senaste 4 hemmamatcherna f\u00f6r Grani har slutat i vinst f\u00f6r bortalaget. Ni kan f\u00f6rst\u00e5 att det \u00e4r en riktigt tuff uppgift v\u00e5ra killar st\u00e4lls mot ikv\u00e4ll men som alltid s\u00e5 lovar jag att vi kommer att s\u00e4lja oss v\u00e4ldigt dyrt!<\/p>\n<p>Vi hoppas det kommer mycket folk och att publiken b\u00e4r fram oss som senast hemma mot Pargas, det var riktigt bra st\u00e4mning i grottan. Det var en stor bidragande faktor till att vi lyckades v\u00e4nda ett stort underl\u00e4ge. <\/p>\n<p>Senaste matchen vi spelade var borta mot HIFK d\u00e4r vi hade stort \u00f6vertag i f\u00f6rsta halvlek men sedan h\u00e4nde n\u00e5got i andra d\u00e5 HIFK kom ikapp och matchen slutade 25-25.<\/p>\n<p>GrIFK har mycket kvar att jobba med sin unga trupp men vi tar med oss f\u00f6rsta halvlek borta mot HIFK senast d\u00e4r killarna visade stor potential att spela en fartfylld och bra handboll. Det \u00e4r viktiga po\u00e4ng f\u00f6r b\u00e5da lagen och med gl\u00f6d i \u00f6gonen och r\u00e4tt inst\u00e4llning s\u00e5 ska b\u00e5da po\u00e4ngen stanna i grottan!<\/p>\n<p>En spelare som \u00e4r viktig f\u00f6r grani \u00e4r den evigt unga <a href=\"https:\/\/grifk-handball.com\/miehet\/joukkue-2018-19\/sami-silfver\/\">Sami Silfver<\/a>. Han \u00e4r en viktig pusselbit i Granis anfallsspel och tar alltid stort ansvar n\u00e4r det v\u00e4l g\u00e4ller. Han har sj\u00e4lv ett f\u00f6rlutet i BK 46 och det \u00e4r s\u00e4kert lite speciellt att spela mot sitt gamla lag. H\u00e4r f\u00e5r ni h\u00f6ra hans tankar om matchen.<\/p>\n<\/div><\/section><br \/>\n<section  class='av_textblock_section av-1wlzjc-01c39548a01af6ca9c00feff0f8a0649 '   itemscope=\"itemscope\" itemtype=\"https:\/\/schema.org\/BlogPosting\" itemprop=\"blogPost\" ><div class='avia_textblock'  itemprop=\"text\" ><p><a href=\"https:\/\/grifk-handball.com\/miehet\/joukkue-2018-19\/sami-silfver\/\"><img data-recalc-dims=\"1\" loading=\"lazy\" decoding=\"async\" src=\"https:\/\/i0.wp.com\/grifk-handball.com\/miehet\/wp-content\/uploads\/sites\/2\/2018\/09\/Sami-Silfver-246x300.jpg?resize=246%2C300&#038;ssl=1\" alt=\"\" width=\"246\" height=\"300\" class=\"alignnone size-medium wp-image-9503\" srcset=\"https:\/\/i0.wp.com\/grifk-handball.com\/miehet\/wp-content\/uploads\/sites\/2\/2018\/09\/Sami-Silfver.jpg?resize=246%2C300&amp;ssl=1 246w, https:\/\/i0.wp.com\/grifk-handball.com\/miehet\/wp-content\/uploads\/sites\/2\/2018\/09\/Sami-Silfver.jpg?resize=768%2C935&amp;ssl=1 768w, https:\/\/i0.wp.com\/grifk-handball.com\/miehet\/wp-content\/uploads\/sites\/2\/2018\/09\/Sami-Silfver.jpg?resize=846%2C1030&amp;ssl=1 846w, https:\/\/i0.wp.com\/grifk-handball.com\/miehet\/wp-content\/uploads\/sites\/2\/2018\/09\/Sami-Silfver.jpg?resize=1232%2C1500&amp;ssl=1 1232w, https:\/\/i0.wp.com\/grifk-handball.com\/miehet\/wp-content\/uploads\/sites\/2\/2018\/09\/Sami-Silfver.jpg?resize=579%2C705&amp;ssl=1 579w, https:\/\/i0.wp.com\/grifk-handball.com\/miehet\/wp-content\/uploads\/sites\/2\/2018\/09\/Sami-Silfver.jpg?resize=450%2C548&amp;ssl=1 450w, https:\/\/i0.wp.com\/grifk-handball.com\/miehet\/wp-content\/uploads\/sites\/2\/2018\/09\/Sami-Silfver.jpg?w=1682&amp;ssl=1 1682w\" sizes=\"auto, (max-width: 246px) 100vw, 246px\" \/><\/a><\/p>\n<p><strong>Hur k\u00e4nns det att spela mot din moderklubb, \u00e4r det n\u00e5got speciellt nuf\u00f6rtiden<\/strong>?<br \/>\n<em>&#8211; Nej inte nu l\u00e4ngre. M\u00e5nga \u00e5r sen var det ju f\u00f6rst\u00e5s speciellt att m\u00f6ta sin moderklubb med ett annat lag, men nuf\u00f6rtiden \u00e4r det som att spela vilken annan match som helst.<\/em><\/p>\n<p><strong>Hur har s\u00e4songen varit hittills?<\/strong><br \/>\n<em>&#8211; Det har v\u00e4l g\u00e5tt upp och ner ganska mycket.<\/em><\/p>\n<p><strong>Hur ska Grani vinna mot BK-46?<\/strong><br \/>\n<em>&#8211; Om vi f\u00e5r bort deras snabba och halvsnabba attacker s\u00e5 har vi en chans.<\/em><\/p>\n<p><strong>Du gillar att fiska och snart fryser vattnet till is, kommer du att pimpla mycket abborre?<\/strong><br \/>\n<em>&#8211; Jag hoppas det, om man hittar tid till det.<\/em><\/p>\n<p><strong>Till sist, hur slutar matchen mot BK-46?<\/strong><br \/>\n<em>&#8211; Matchen slutar i en hemma vinst!<\/em><\/p>\n<p>Vi hoppas alla tar sig till grottan och hejar fram v\u00e5ra killar!<\/p>\n<h5>#14<\/h5>\n<\/div><\/section><\/p><\/div><div class='av-flex-placeholder'><\/div>\n<style type=\"text\/css\" data-created_by=\"avia_inline_auto\" id=\"style-css-av-1zw32w-004f5fd54d9a27601e57de3308fed1d4\">\n.flex_column.av-1zw32w-004f5fd54d9a27601e57de3308fed1d4{\nborder-radius:0px 0px 0px 0px;\npadding:0px 0px 0px 0px;\n}\n<\/style>\n<div  class='flex_column av-1zw32w-004f5fd54d9a27601e57de3308fed1d4 av_two_fifth  avia-builder-el-4  el_after_av_three_fifth  avia-builder-el-last  flex_column_table_cell av-equal-height-column av-align-top av-zero-column-padding  '     ><p>\n<style type=\"text\/css\" data-created_by=\"avia_inline_auto\" id=\"style-css-av-jm09cvcn-aa26f9d09715ce14c54cdda784e7f9e7\">\n.avia-image-container.av-jm09cvcn-aa26f9d09715ce14c54cdda784e7f9e7 img.avia_image{\nbox-shadow:none;\n}\n.avia-image-container.av-jm09cvcn-aa26f9d09715ce14c54cdda784e7f9e7 .av-image-caption-overlay-center{\ncolor:#ffffff;\n}\n<\/style>\n<div  class='avia-image-container av-jm09cvcn-aa26f9d09715ce14c54cdda784e7f9e7 av-styling-circle av-hover-grow av-img-linked avia_animated_image av-animated-when-visible-95 fade-in avia-align-center  avia-builder-el-5  el_before_av_textblock  avia-builder-el-first '   itemprop=\"image\" itemscope=\"itemscope\" itemtype=\"https:\/\/schema.org\/ImageObject\" ><div class=\"avia-image-container-inner\"><div class=\"avia-image-overlay-wrap\"><a href=\"https:\/\/grifk-handball.com\/miehet\/joukkue-2018-19\/patrik-johanson\/\" class='avia_image '  aria-label='Patrik Johanson'><img decoding=\"async\" fetchpriority=\"high\" class='wp-image-9727 avia-img-lazy-loading-not-9727 avia_image ' src=\"https:\/\/i0.wp.com\/grifk-handball.com\/miehet\/wp-content\/uploads\/sites\/2\/2018\/09\/pava2.jpg?fit=688%2C930&ssl=1\" alt='' title='Patrik Johanson'  height=\"930\" width=\"688\"  itemprop=\"thumbnailUrl\" srcset=\"https:\/\/i0.wp.com\/grifk-handball.com\/miehet\/wp-content\/uploads\/sites\/2\/2018\/09\/pava2.jpg?w=688&amp;ssl=1 688w, https:\/\/i0.wp.com\/grifk-handball.com\/miehet\/wp-content\/uploads\/sites\/2\/2018\/09\/pava2.jpg?resize=222%2C300&amp;ssl=1 222w, https:\/\/i0.wp.com\/grifk-handball.com\/miehet\/wp-content\/uploads\/sites\/2\/2018\/09\/pava2.jpg?resize=522%2C705&amp;ssl=1 522w, https:\/\/i0.wp.com\/grifk-handball.com\/miehet\/wp-content\/uploads\/sites\/2\/2018\/09\/pava2.jpg?resize=450%2C608&amp;ssl=1 450w\" sizes=\"(max-width: 688px) 100vw, 688px\" \/><\/a><\/div><\/div><\/div><br \/>\n<section  class='av_textblock_section av-jm09ip6r-a73387b41d6cb15580f8fddb4dc63ab6 '   itemscope=\"itemscope\" itemtype=\"https:\/\/schema.org\/BlogPosting\" itemprop=\"blogPost\" ><div class='avia_textblock'  itemprop=\"text\" ><h6 style=\"text-align: center;\"><a href=\"https:\/\/grifk-handball.com\/miehet\/joukkue-2018-19\/patrik-johanson\/\">Patrik &#8221;Pava&#8221; Johanson \u00e4r den mest erfaren spelare i \u00e5rets Grankulla IFK. Pava har bland annat spelat i Bundesliga och Champions League i flera \u00e5r, och har vunnit 2 SM-guld i Sverige och VM-guld samt EM-silver med Sveriges U21 landslaget.<\/a><\/h6>\n<\/div><\/section><br \/>\n\n<style type=\"text\/css\" data-created_by=\"avia_inline_auto\" id=\"style-css-av-jojs2ozz-7633456c8cc578b7c2413769f6c55635\">\n#top .hr.hr-invisible.av-jojs2ozz-7633456c8cc578b7c2413769f6c55635{\nheight:30px;\n}\n<\/style>\n<div  class='hr av-jojs2ozz-7633456c8cc578b7c2413769f6c55635 hr-invisible  avia-builder-el-7  el_after_av_textblock  el_before_av_textblock '><span class='hr-inner '><span class=\"hr-inner-style\"><\/span><\/span><\/div><br \/>\n<section  class='av_textblock_section av-jojs3a5a-f6677469569f74c1c148b21090539081 '   itemscope=\"itemscope\" itemtype=\"https:\/\/schema.org\/BlogPosting\" itemprop=\"blogPost\" ><div class='avia_textblock'  itemprop=\"text\" ><p style=\"text-align: center;\"><script src=\"http:\/\/finnhandball.turnauspalvelu.fi\/taso\/widget.php?widget=nextmatch&#038;css=1&#038;teamid=103471&#038;otteluid=466145\"><\/script><\/p>\n<\/div><\/section><\/p><\/div><\/div><!--close column table wrapper. Autoclose: 1 --><\/p>\n","protected":false},"excerpt":{"rendered":"","protected":false},"author":1,"featured_media":7045,"comment_status":"closed","ping_status":"closed","sticky":false,"template":"","format":"standard","meta":{"_acf_changed":false,"footnotes":""},"categories":[257,304],"tags":[12,251,18,25,306,312],"class_list":["post-10811","post","type-post","status-publish","format-standard","has-post-thumbnail","hentry","category-ennakot","category-pava","tag-bombom","tag-tunnetta-peliin","tag-bk-46","tag-grifk","tag-pava","tag-sami-silfver"],"acf":[],"yoast_head":"<!-- This site is optimized with the Yoast SEO plugin v27.5 - https:\/\/yoast.com\/product\/yoast-seo-wordpress\/ -->\n<title>&quot;S\u00e5 \u00e4r det dags f\u00f6r revansch!!&quot; &#8212; GrIFK K\u00e4sipallo - miehet<\/title>\n<meta name=\"robots\" content=\"index, follow, max-snippet:-1, max-image-preview:large, max-video-preview:-1\" \/>\n<link rel=\"canonical\" href=\"https:\/\/grifk-handball.com\/miehet\/pava\/sa-ar-det-dags-for-revansch\/\" \/>\n<meta property=\"og:locale\" content=\"fi_FI\" \/>\n<meta property=\"og:type\" content=\"article\" \/>\n<meta property=\"og:title\" content=\"&quot;S\u00e5 \u00e4r det dags f\u00f6r revansch!!&quot; &#8212; GrIFK K\u00e4sipallo - miehet\" \/>\n<meta property=\"og:url\" content=\"https:\/\/grifk-handball.com\/miehet\/pava\/sa-ar-det-dags-for-revansch\/\" \/>\n<meta property=\"og:site_name\" content=\"GrIFK K\u00e4sipallo - miehet\" \/>\n<meta property=\"article:publisher\" content=\"https:\/\/www.facebook.com\/GrIFKelit\/\" \/>\n<meta property=\"article:published_time\" content=\"2018-12-07T10:41:24+00:00\" \/>\n<meta property=\"article:modified_time\" content=\"2019-10-02T11:30:43+00:00\" \/>\n<meta property=\"og:image\" content=\"https:\/\/i0.wp.com\/grifk-handball.com\/miehet\/wp-content\/uploads\/sites\/2\/2017\/12\/IMG_5375.jpg?fit=1536%2C2048&ssl=1\" \/>\n\t<meta property=\"og:image:width\" content=\"1536\" \/>\n\t<meta property=\"og:image:height\" content=\"2048\" \/>\n\t<meta property=\"og:image:type\" content=\"image\/jpeg\" \/>\n<meta name=\"author\" content=\"granimaster\" \/>\n<meta name=\"twitter:card\" content=\"summary_large_image\" \/>\n<meta name=\"twitter:creator\" content=\"@GrIFK_MSM\" \/>\n<meta name=\"twitter:site\" content=\"@GrIFK_MSM\" \/>\n<meta name=\"twitter:label1\" content=\"Kirjoittanut\" \/>\n\t<meta name=\"twitter:data1\" content=\"granimaster\" \/>\n\t<meta name=\"twitter:label2\" content=\"Arvioitu lukuaika\" \/>\n\t<meta name=\"twitter:data2\" content=\"5 minuuttia\" \/>\n<script type=\"application\/ld+json\" class=\"yoast-schema-graph\">{\"@context\":\"https:\\\/\\\/schema.org\",\"@graph\":[{\"@type\":\"Article\",\"@id\":\"https:\\\/\\\/grifk-handball.com\\\/miehet\\\/pava\\\/sa-ar-det-dags-for-revansch\\\/#article\",\"isPartOf\":{\"@id\":\"https:\\\/\\\/grifk-handball.com\\\/miehet\\\/pava\\\/sa-ar-det-dags-for-revansch\\\/\"},\"author\":{\"name\":\"granimaster\",\"@id\":\"https:\\\/\\\/grifk-handball.com\\\/miehet\\\/#\\\/schema\\\/person\\\/9da98c743e3f0f85a1b32f59241b48e0\"},\"headline\":\"&#8221;S\u00e5 \u00e4r det dags f\u00f6r revansch!!&#8221;\",\"datePublished\":\"2018-12-07T10:41:24+00:00\",\"dateModified\":\"2019-10-02T11:30:43+00:00\",\"mainEntityOfPage\":{\"@id\":\"https:\\\/\\\/grifk-handball.com\\\/miehet\\\/pava\\\/sa-ar-det-dags-for-revansch\\\/\"},\"wordCount\":874,\"publisher\":{\"@id\":\"https:\\\/\\\/grifk-handball.com\\\/miehet\\\/#organization\"},\"image\":{\"@id\":\"https:\\\/\\\/grifk-handball.com\\\/miehet\\\/pava\\\/sa-ar-det-dags-for-revansch\\\/#primaryimage\"},\"thumbnailUrl\":\"https:\\\/\\\/i0.wp.com\\\/grifk-handball.com\\\/miehet\\\/wp-content\\\/uploads\\\/sites\\\/2\\\/2017\\\/12\\\/IMG_5375.jpg?fit=1536%2C2048&ssl=1\",\"keywords\":[\"#BomBom\",\"#Tunnetta peliin\",\"BK-46\",\"GrIFK\",\"Pava\",\"Sami Silfver\"],\"articleSection\":[\"Ennakot 2018-19\",\"Pava\"],\"inLanguage\":\"fi\"},{\"@type\":\"WebPage\",\"@id\":\"https:\\\/\\\/grifk-handball.com\\\/miehet\\\/pava\\\/sa-ar-det-dags-for-revansch\\\/\",\"url\":\"https:\\\/\\\/grifk-handball.com\\\/miehet\\\/pava\\\/sa-ar-det-dags-for-revansch\\\/\",\"name\":\"\\\"S\u00e5 \u00e4r det dags f\u00f6r revansch!!\\\" &#8212; GrIFK K\u00e4sipallo - miehet\",\"isPartOf\":{\"@id\":\"https:\\\/\\\/grifk-handball.com\\\/miehet\\\/#website\"},\"primaryImageOfPage\":{\"@id\":\"https:\\\/\\\/grifk-handball.com\\\/miehet\\\/pava\\\/sa-ar-det-dags-for-revansch\\\/#primaryimage\"},\"image\":{\"@id\":\"https:\\\/\\\/grifk-handball.com\\\/miehet\\\/pava\\\/sa-ar-det-dags-for-revansch\\\/#primaryimage\"},\"thumbnailUrl\":\"https:\\\/\\\/i0.wp.com\\\/grifk-handball.com\\\/miehet\\\/wp-content\\\/uploads\\\/sites\\\/2\\\/2017\\\/12\\\/IMG_5375.jpg?fit=1536%2C2048&ssl=1\",\"datePublished\":\"2018-12-07T10:41:24+00:00\",\"dateModified\":\"2019-10-02T11:30:43+00:00\",\"breadcrumb\":{\"@id\":\"https:\\\/\\\/grifk-handball.com\\\/miehet\\\/pava\\\/sa-ar-det-dags-for-revansch\\\/#breadcrumb\"},\"inLanguage\":\"fi\",\"potentialAction\":[{\"@type\":\"ReadAction\",\"target\":[\"https:\\\/\\\/grifk-handball.com\\\/miehet\\\/pava\\\/sa-ar-det-dags-for-revansch\\\/\"]}]},{\"@type\":\"ImageObject\",\"inLanguage\":\"fi\",\"@id\":\"https:\\\/\\\/grifk-handball.com\\\/miehet\\\/pava\\\/sa-ar-det-dags-for-revansch\\\/#primaryimage\",\"url\":\"https:\\\/\\\/i0.wp.com\\\/grifk-handball.com\\\/miehet\\\/wp-content\\\/uploads\\\/sites\\\/2\\\/2017\\\/12\\\/IMG_5375.jpg?fit=1536%2C2048&ssl=1\",\"contentUrl\":\"https:\\\/\\\/i0.wp.com\\\/grifk-handball.com\\\/miehet\\\/wp-content\\\/uploads\\\/sites\\\/2\\\/2017\\\/12\\\/IMG_5375.jpg?fit=1536%2C2048&ssl=1\",\"width\":1536,\"height\":2048},{\"@type\":\"BreadcrumbList\",\"@id\":\"https:\\\/\\\/grifk-handball.com\\\/miehet\\\/pava\\\/sa-ar-det-dags-for-revansch\\\/#breadcrumb\",\"itemListElement\":[{\"@type\":\"ListItem\",\"position\":1,\"name\":\"Home\",\"item\":\"https:\\\/\\\/grifk-handball.com\\\/miehet\\\/etusivu-260109\\\/\"},{\"@type\":\"ListItem\",\"position\":2,\"name\":\"&#8221;S\u00e5 \u00e4r det dags f\u00f6r revansch!!&#8221;\"}]},{\"@type\":\"WebSite\",\"@id\":\"https:\\\/\\\/grifk-handball.com\\\/miehet\\\/#website\",\"url\":\"https:\\\/\\\/grifk-handball.com\\\/miehet\\\/\",\"name\":\"GrIFK K\u00e4sipallo - miehet\",\"description\":\"BomBom!\",\"publisher\":{\"@id\":\"https:\\\/\\\/grifk-handball.com\\\/miehet\\\/#organization\"},\"potentialAction\":[{\"@type\":\"SearchAction\",\"target\":{\"@type\":\"EntryPoint\",\"urlTemplate\":\"https:\\\/\\\/grifk-handball.com\\\/miehet\\\/?s={search_term_string}\"},\"query-input\":{\"@type\":\"PropertyValueSpecification\",\"valueRequired\":true,\"valueName\":\"search_term_string\"}}],\"inLanguage\":\"fi\"},{\"@type\":\"Organization\",\"@id\":\"https:\\\/\\\/grifk-handball.com\\\/miehet\\\/#organization\",\"name\":\"GrIFK K\u00e4sipallo - miehet\",\"url\":\"https:\\\/\\\/grifk-handball.com\\\/miehet\\\/\",\"logo\":{\"@type\":\"ImageObject\",\"inLanguage\":\"fi\",\"@id\":\"https:\\\/\\\/grifk-handball.com\\\/miehet\\\/#\\\/schema\\\/logo\\\/image\\\/\",\"url\":\"https:\\\/\\\/i0.wp.com\\\/grifk-handball.com\\\/miehet\\\/wp-content\\\/uploads\\\/sites\\\/2\\\/2016\\\/10\\\/logo-grifk-iso.png?fit=1200%2C1400&ssl=1\",\"contentUrl\":\"https:\\\/\\\/i0.wp.com\\\/grifk-handball.com\\\/miehet\\\/wp-content\\\/uploads\\\/sites\\\/2\\\/2016\\\/10\\\/logo-grifk-iso.png?fit=1200%2C1400&ssl=1\",\"width\":1200,\"height\":1400,\"caption\":\"GrIFK K\u00e4sipallo - miehet\"},\"image\":{\"@id\":\"https:\\\/\\\/grifk-handball.com\\\/miehet\\\/#\\\/schema\\\/logo\\\/image\\\/\"},\"sameAs\":[\"https:\\\/\\\/www.facebook.com\\\/GrIFKelit\\\/\",\"https:\\\/\\\/x.com\\\/GrIFK_MSM\",\"https:\\\/\\\/www.instagram.com\\\/grifk_elit\\\/\"]},{\"@type\":\"Person\",\"@id\":\"https:\\\/\\\/grifk-handball.com\\\/miehet\\\/#\\\/schema\\\/person\\\/9da98c743e3f0f85a1b32f59241b48e0\",\"name\":\"granimaster\",\"image\":{\"@type\":\"ImageObject\",\"inLanguage\":\"fi\",\"@id\":\"https:\\\/\\\/secure.gravatar.com\\\/avatar\\\/034b8e6380fc659c320f13e17fe45bd9ab48a21e2debadd5f3179bde291949df?s=96&d=mm&r=g\",\"url\":\"https:\\\/\\\/secure.gravatar.com\\\/avatar\\\/034b8e6380fc659c320f13e17fe45bd9ab48a21e2debadd5f3179bde291949df?s=96&d=mm&r=g\",\"contentUrl\":\"https:\\\/\\\/secure.gravatar.com\\\/avatar\\\/034b8e6380fc659c320f13e17fe45bd9ab48a21e2debadd5f3179bde291949df?s=96&d=mm&r=g\",\"caption\":\"granimaster\"},\"url\":\"https:\\\/\\\/grifk-handball.com\\\/miehet\\\/author\\\/granimaster\\\/\"}]}<\/script>\n<!-- \/ Yoast SEO plugin. -->","yoast_head_json":{"title":"\"S\u00e5 \u00e4r det dags f\u00f6r revansch!!\" &#8212; GrIFK K\u00e4sipallo - miehet","robots":{"index":"index","follow":"follow","max-snippet":"max-snippet:-1","max-image-preview":"max-image-preview:large","max-video-preview":"max-video-preview:-1"},"canonical":"https:\/\/grifk-handball.com\/miehet\/pava\/sa-ar-det-dags-for-revansch\/","og_locale":"fi_FI","og_type":"article","og_title":"\"S\u00e5 \u00e4r det dags f\u00f6r revansch!!\" &#8212; GrIFK K\u00e4sipallo - miehet","og_url":"https:\/\/grifk-handball.com\/miehet\/pava\/sa-ar-det-dags-for-revansch\/","og_site_name":"GrIFK K\u00e4sipallo - miehet","article_publisher":"https:\/\/www.facebook.com\/GrIFKelit\/","article_published_time":"2018-12-07T10:41:24+00:00","article_modified_time":"2019-10-02T11:30:43+00:00","og_image":[{"width":1536,"height":2048,"url":"https:\/\/i0.wp.com\/grifk-handball.com\/miehet\/wp-content\/uploads\/sites\/2\/2017\/12\/IMG_5375.jpg?fit=1536%2C2048&ssl=1","type":"image\/jpeg"}],"author":"granimaster","twitter_card":"summary_large_image","twitter_creator":"@GrIFK_MSM","twitter_site":"@GrIFK_MSM","twitter_misc":{"Kirjoittanut":"granimaster","Arvioitu lukuaika":"5 minuuttia"},"schema":{"@context":"https:\/\/schema.org","@graph":[{"@type":"Article","@id":"https:\/\/grifk-handball.com\/miehet\/pava\/sa-ar-det-dags-for-revansch\/#article","isPartOf":{"@id":"https:\/\/grifk-handball.com\/miehet\/pava\/sa-ar-det-dags-for-revansch\/"},"author":{"name":"granimaster","@id":"https:\/\/grifk-handball.com\/miehet\/#\/schema\/person\/9da98c743e3f0f85a1b32f59241b48e0"},"headline":"&#8221;S\u00e5 \u00e4r det dags f\u00f6r revansch!!&#8221;","datePublished":"2018-12-07T10:41:24+00:00","dateModified":"2019-10-02T11:30:43+00:00","mainEntityOfPage":{"@id":"https:\/\/grifk-handball.com\/miehet\/pava\/sa-ar-det-dags-for-revansch\/"},"wordCount":874,"publisher":{"@id":"https:\/\/grifk-handball.com\/miehet\/#organization"},"image":{"@id":"https:\/\/grifk-handball.com\/miehet\/pava\/sa-ar-det-dags-for-revansch\/#primaryimage"},"thumbnailUrl":"https:\/\/i0.wp.com\/grifk-handball.com\/miehet\/wp-content\/uploads\/sites\/2\/2017\/12\/IMG_5375.jpg?fit=1536%2C2048&ssl=1","keywords":["#BomBom","#Tunnetta peliin","BK-46","GrIFK","Pava","Sami Silfver"],"articleSection":["Ennakot 2018-19","Pava"],"inLanguage":"fi"},{"@type":"WebPage","@id":"https:\/\/grifk-handball.com\/miehet\/pava\/sa-ar-det-dags-for-revansch\/","url":"https:\/\/grifk-handball.com\/miehet\/pava\/sa-ar-det-dags-for-revansch\/","name":"\"S\u00e5 \u00e4r det dags f\u00f6r revansch!!\" &#8212; GrIFK K\u00e4sipallo - miehet","isPartOf":{"@id":"https:\/\/grifk-handball.com\/miehet\/#website"},"primaryImageOfPage":{"@id":"https:\/\/grifk-handball.com\/miehet\/pava\/sa-ar-det-dags-for-revansch\/#primaryimage"},"image":{"@id":"https:\/\/grifk-handball.com\/miehet\/pava\/sa-ar-det-dags-for-revansch\/#primaryimage"},"thumbnailUrl":"https:\/\/i0.wp.com\/grifk-handball.com\/miehet\/wp-content\/uploads\/sites\/2\/2017\/12\/IMG_5375.jpg?fit=1536%2C2048&ssl=1","datePublished":"2018-12-07T10:41:24+00:00","dateModified":"2019-10-02T11:30:43+00:00","breadcrumb":{"@id":"https:\/\/grifk-handball.com\/miehet\/pava\/sa-ar-det-dags-for-revansch\/#breadcrumb"},"inLanguage":"fi","potentialAction":[{"@type":"ReadAction","target":["https:\/\/grifk-handball.com\/miehet\/pava\/sa-ar-det-dags-for-revansch\/"]}]},{"@type":"ImageObject","inLanguage":"fi","@id":"https:\/\/grifk-handball.com\/miehet\/pava\/sa-ar-det-dags-for-revansch\/#primaryimage","url":"https:\/\/i0.wp.com\/grifk-handball.com\/miehet\/wp-content\/uploads\/sites\/2\/2017\/12\/IMG_5375.jpg?fit=1536%2C2048&ssl=1","contentUrl":"https:\/\/i0.wp.com\/grifk-handball.com\/miehet\/wp-content\/uploads\/sites\/2\/2017\/12\/IMG_5375.jpg?fit=1536%2C2048&ssl=1","width":1536,"height":2048},{"@type":"BreadcrumbList","@id":"https:\/\/grifk-handball.com\/miehet\/pava\/sa-ar-det-dags-for-revansch\/#breadcrumb","itemListElement":[{"@type":"ListItem","position":1,"name":"Home","item":"https:\/\/grifk-handball.com\/miehet\/etusivu-260109\/"},{"@type":"ListItem","position":2,"name":"&#8221;S\u00e5 \u00e4r det dags f\u00f6r revansch!!&#8221;"}]},{"@type":"WebSite","@id":"https:\/\/grifk-handball.com\/miehet\/#website","url":"https:\/\/grifk-handball.com\/miehet\/","name":"GrIFK K\u00e4sipallo - miehet","description":"BomBom!","publisher":{"@id":"https:\/\/grifk-handball.com\/miehet\/#organization"},"potentialAction":[{"@type":"SearchAction","target":{"@type":"EntryPoint","urlTemplate":"https:\/\/grifk-handball.com\/miehet\/?s={search_term_string}"},"query-input":{"@type":"PropertyValueSpecification","valueRequired":true,"valueName":"search_term_string"}}],"inLanguage":"fi"},{"@type":"Organization","@id":"https:\/\/grifk-handball.com\/miehet\/#organization","name":"GrIFK K\u00e4sipallo - miehet","url":"https:\/\/grifk-handball.com\/miehet\/","logo":{"@type":"ImageObject","inLanguage":"fi","@id":"https:\/\/grifk-handball.com\/miehet\/#\/schema\/logo\/image\/","url":"https:\/\/i0.wp.com\/grifk-handball.com\/miehet\/wp-content\/uploads\/sites\/2\/2016\/10\/logo-grifk-iso.png?fit=1200%2C1400&ssl=1","contentUrl":"https:\/\/i0.wp.com\/grifk-handball.com\/miehet\/wp-content\/uploads\/sites\/2\/2016\/10\/logo-grifk-iso.png?fit=1200%2C1400&ssl=1","width":1200,"height":1400,"caption":"GrIFK K\u00e4sipallo - miehet"},"image":{"@id":"https:\/\/grifk-handball.com\/miehet\/#\/schema\/logo\/image\/"},"sameAs":["https:\/\/www.facebook.com\/GrIFKelit\/","https:\/\/x.com\/GrIFK_MSM","https:\/\/www.instagram.com\/grifk_elit\/"]},{"@type":"Person","@id":"https:\/\/grifk-handball.com\/miehet\/#\/schema\/person\/9da98c743e3f0f85a1b32f59241b48e0","name":"granimaster","image":{"@type":"ImageObject","inLanguage":"fi","@id":"https:\/\/secure.gravatar.com\/avatar\/034b8e6380fc659c320f13e17fe45bd9ab48a21e2debadd5f3179bde291949df?s=96&d=mm&r=g","url":"https:\/\/secure.gravatar.com\/avatar\/034b8e6380fc659c320f13e17fe45bd9ab48a21e2debadd5f3179bde291949df?s=96&d=mm&r=g","contentUrl":"https:\/\/secure.gravatar.com\/avatar\/034b8e6380fc659c320f13e17fe45bd9ab48a21e2debadd5f3179bde291949df?s=96&d=mm&r=g","caption":"granimaster"},"url":"https:\/\/grifk-handball.com\/miehet\/author\/granimaster\/"}]}},"jetpack_featured_media_url":"https:\/\/i0.wp.com\/grifk-handball.com\/miehet\/wp-content\/uploads\/sites\/2\/2017\/12\/IMG_5375.jpg?fit=1536%2C2048&ssl=1","jetpack_shortlink":"https:\/\/wp.me\/p9jQ9a-2On","_links":{"self":[{"href":"https:\/\/grifk-handball.com\/miehet\/wp-json\/wp\/v2\/posts\/10811","targetHints":{"allow":["GET"]}}],"collection":[{"href":"https:\/\/grifk-handball.com\/miehet\/wp-json\/wp\/v2\/posts"}],"about":[{"href":"https:\/\/grifk-handball.com\/miehet\/wp-json\/wp\/v2\/types\/post"}],"author":[{"embeddable":true,"href":"https:\/\/grifk-handball.com\/miehet\/wp-json\/wp\/v2\/users\/1"}],"replies":[{"embeddable":true,"href":"https:\/\/grifk-handball.com\/miehet\/wp-json\/wp\/v2\/comments?post=10811"}],"version-history":[{"count":15,"href":"https:\/\/grifk-handball.com\/miehet\/wp-json\/wp\/v2\/posts\/10811\/revisions"}],"predecessor-version":[{"id":10827,"href":"https:\/\/grifk-handball.com\/miehet\/wp-json\/wp\/v2\/posts\/10811\/revisions\/10827"}],"wp:featuredmedia":[{"embeddable":true,"href":"https:\/\/grifk-handball.com\/miehet\/wp-json\/wp\/v2\/media\/7045"}],"wp:attachment":[{"href":"https:\/\/grifk-handball.com\/miehet\/wp-json\/wp\/v2\/media?parent=10811"}],"wp:term":[{"taxonomy":"category","embeddable":true,"href":"https:\/\/grifk-handball.com\/miehet\/wp-json\/wp\/v2\/categories?post=10811"},{"taxonomy":"post_tag","embeddable":true,"href":"https:\/\/grifk-handball.com\/miehet\/wp-json\/wp\/v2\/tags?post=10811"}],"curies":[{"name":"wp","href":"https:\/\/api.w.org\/{rel}","templated":true}]}}