{"id":12044,"date":"2019-04-26T22:33:02","date_gmt":"2019-04-26T19:33:02","guid":{"rendered":"https:\/\/grifk-handball.com\/miehet\/?p=12044"},"modified":"2019-04-27T22:21:49","modified_gmt":"2019-04-27T19:21:49","slug":"sif-paatti-granin-kauden-puolivalieriin","status":"publish","type":"post","link":"https:\/\/grifk-handball.com\/miehet\/2018-19\/ottelut\/sif-paatti-granin-kauden-puolivalieriin\/","title":{"rendered":"SIF p\u00e4\u00e4tti Granin kauden puoliv\u00e4lieriin"},"content":{"rendered":"<p>GrIFK ja SIF pelasivat t\u00e4yspitk\u00e4n puoliv\u00e4lier\u00e4ottelusarjan joka huipentui perjantaina Kauniaisten t\u00e4p\u00f6t\u00e4yteen ahdetussa Luolassa. Loistavasti ja \u00e4\u00e4nekk\u00e4\u00e4sti omiaan kannustaneiden fanijoukkojensa edess\u00e4 esitetty show p\u00e4\u00e4ttyi vieraiden 28-33 (17-17) voittoon. SIF jatkaa v\u00e4lieriin otteluvoitoin 3-2.  <!--more--><\/p>\n<p>Huipputasaisen ja eritt\u00e4in vauhdikkaan ottelusarjan viides ottelu kulki ensimm\u00e4isen puolituntisen aiemmista kohtaamisista tutun k\u00e4sikirjoituksen mukaan. Grani aloitti ottelun ter\u00e4v\u00e4mmin ja eteni Nikola Zujicin johdolla 3-1 johtoon. Puolustus- ja maalivahtipeli j\u00e4i vauhdin my\u00f6t\u00e4 hy\u00f6kk\u00e4yskuvioiden varjoon kun joukkueet pistiv\u00e4t maaliverkot heilumaan tavallista tiiviip\u00e4\u00e4n tahtiin. <\/p>\n<p>SIF k\u00e4vi parhaimmillaan nelj\u00e4n maalin karkumatkalla ja johti vajaat kaksi minuuttia ennen taukoa 14-16 kun GrIFK:n Patrik Johanson koki hy\u00f6kk\u00e4ysp\u00e4\u00e4ss\u00e4 kovia. Ep\u00e4onnesta jo riitt\u00e4miin urallaan k\u00e4rsinyt ruotsalainen loukkasi olkap\u00e4\u00e4ns\u00e4 ja poistui Granin miehist\u00f6st\u00e4 loppupelin ajaksi. Tarkemmat tiedot vammasta selvi\u00e4\u00e4 l\u00e4\u00e4k\u00e4ritutkimusten j\u00e4lkeen.<\/p>\n<p>Maalihurvittelu jatkui er\u00e4n loppusekunneille saakka ja vimmatusti taistellut kotijoukkue nousi sekunti ennen summeria tasoihin 17-17. Avausjaksolla kotijoukkueesta erottui erityisesti vimmatusti SIF:n kuvioita rikkonut Sami Silfver, joka Anton Karlssonin kanssa pys\u00e4ytti monta vaarallista tilannetta.<\/p>\n<h3>Sysimusta hetki Granin turma<\/h3>\n<p>Ottelun ratkaisu n\u00e4htiin k\u00e4yt\u00e4nn\u00f6ss\u00e4 heti toisen jakson alkuun kun SIF:n virolaisvasuri Sten Maasalu alkoi murjoa pommejaan Granin maaliin. Maasalu osui nelj\u00e4sti ja Christoffer Thor kahdesti reilun seitsem\u00e4n minuuttia kest\u00e4neen kurimuksen aikana. Toisessa kentt\u00e4p\u00e4\u00e4dyss\u00e4 Grani ei l\u00f6yt\u00e4nyt avaimia murtamaan SIF:n puolustusta ja kuutta vierasmaalia vastaan saatiin aikaan vain yksi heitto maalia kohti sek\u00e4 ep\u00e4onnistunut rankkari.<\/p>\n<p>Jasper Hellbergin 18-23 kavennuksen j\u00e4lkeen vapautuneemmin pelannut SIF pystyi kontrolloimaan peli\u00e4 eik\u00e4 Grani en\u00e4\u00e4 p\u00e4\u00e4ssyt kolmea maalia l\u00e4hemm\u00e4s. Hy\u00f6kk\u00e4yksiss\u00e4 vastuuta s\u00e4lytettiin Anthony Hellakoskelle, joka tekikin ottelussa 10 maalia, mutta joukkuepanoksessa GrIFK j\u00e4i selke\u00e4sti voittajan varjoon.<\/p>\n<p>Pitk\u00e4ss\u00e4 ottelusarjassa voittaja ansaitsee yleens\u00e4 jatkopaikkansa, niin teki my\u00f6s SIF. Joukkueen peli kehittyi GrIFK:n enemm\u00e4n sarjan edetess\u00e4 ja my\u00f6s vastuunkantajia l\u00f6ytyi enemm\u00e4n. GrIFK toivottaa SIF:lle onnea ja menestyst\u00e4 matkaan. <\/p>\n<h3>HIFK ensimm\u00e4ist\u00e4 kertaa mitalipeleiss\u00e4 sitten vuoden 1989<\/h3>\n<p>My\u00f6s toinen ottelupari urakoi t\u00e4ydet minuutit. HIFK &#8211; tai n\u00e4k\u00f6kannasta riippuen Ardo Puna &#8211; hy\u00f6dynsi Karjaalla BK-46:n loukkaantumishuolet ja voitti ratkaisevan ottelun lukemin 18-22 Punan viimeistelless\u00e4 12 joukkueensa maaleista. Viidensi\u00e4 osaotteluita todisti paikan p\u00e4\u00e4ll\u00e4 yhteens\u00e4 yli 1200 katsojaa.<\/p>\n<p>SIF:n ja HIFK:n menestyksen my\u00f6t\u00e4 BK-46 ja GrIFK j\u00e4iv\u00e4t lopullisessa sijataulukossa sijoille 5 ja 6.<\/p>\n<h3>Alempi jatkosarja j\u00e4lleen ponnahduslauta mitalipeleihin<\/h3>\n<p>SM-liiga pelattiin nyt kolmatta vuotta nykyj\u00e4rjestelm\u00e4ll\u00e4, jossa joukkueet jakaantuvat runkosarjan j\u00e4lkeen ylemp\u00e4\u00e4n ja alempaan jatkosarjaan. Alempi on osoittautunut varsinaiseksi Play off-hautomoksi sill\u00e4 joka kerta alemman jatkosarjan voittanut joukkue on peitonnut ylemm\u00e4n jatkosarjan jumbon, ja vain kerran ylemm\u00e4n jatkosarjan kolmanneksi sijoittunut joukkue on edennyt v\u00e4lieriin.<\/p>\n","protected":false},"excerpt":{"rendered":"<p>GrIFK ja SIF pelasivat t\u00e4yspitk\u00e4n puoliv\u00e4lier\u00e4ottelusarjan joka huipentui perjantaina Kauniaisten t\u00e4p\u00f6t\u00e4yteen ahdetussa Luolassa. Loistavasti ja \u00e4\u00e4nekk\u00e4\u00e4sti omiaan kannustaneiden fanijoukkojensa edess\u00e4 esitetty show p\u00e4\u00e4ttyi vieraiden 28-33 (17-17) voittoon. SIF jatkaa v\u00e4lieriin otteluvoitoin 3-2.<\/p>\n","protected":false},"author":1,"featured_media":12045,"comment_status":"closed","ping_status":"closed","sticky":false,"template":"","format":"standard","meta":{"_acf_changed":false,"footnotes":""},"categories":[259],"tags":[12,26,251,25,35,39,41],"class_list":["post-12044","post","type-post","status-publish","format-standard","has-post-thumbnail","hentry","category-ottelut","tag-bombom","tag-grifkhandball","tag-tunnetta-peliin","tag-grifk","tag-playoff","tag-sif","tag-sm-liiga"],"acf":[],"yoast_head":"<!-- This site is optimized with the Yoast SEO plugin v27.5 - https:\/\/yoast.com\/product\/yoast-seo-wordpress\/ -->\n<title>SIF p\u00e4\u00e4tti Granin kauden puoliv\u00e4lieriin &#8212; GrIFK K\u00e4sipallo - miehet<\/title>\n<meta name=\"robots\" content=\"index, follow, max-snippet:-1, max-image-preview:large, max-video-preview:-1\" \/>\n<link rel=\"canonical\" href=\"https:\/\/grifk-handball.com\/miehet\/2018-19\/ottelut\/sif-paatti-granin-kauden-puolivalieriin\/\" \/>\n<meta property=\"og:locale\" content=\"fi_FI\" \/>\n<meta property=\"og:type\" content=\"article\" \/>\n<meta property=\"og:title\" content=\"SIF p\u00e4\u00e4tti Granin kauden puoliv\u00e4lieriin &#8212; GrIFK K\u00e4sipallo - miehet\" \/>\n<meta property=\"og:description\" content=\"GrIFK ja SIF pelasivat t\u00e4yspitk\u00e4n puoliv\u00e4lier\u00e4ottelusarjan joka huipentui perjantaina Kauniaisten t\u00e4p\u00f6t\u00e4yteen ahdetussa Luolassa. Loistavasti ja \u00e4\u00e4nekk\u00e4\u00e4sti omiaan kannustaneiden fanijoukkojensa edess\u00e4 esitetty show p\u00e4\u00e4ttyi vieraiden 28-33 (17-17) voittoon. SIF jatkaa v\u00e4lieriin otteluvoitoin 3-2.\" \/>\n<meta property=\"og:url\" content=\"https:\/\/grifk-handball.com\/miehet\/2018-19\/ottelut\/sif-paatti-granin-kauden-puolivalieriin\/\" \/>\n<meta property=\"og:site_name\" content=\"GrIFK K\u00e4sipallo - miehet\" \/>\n<meta property=\"article:publisher\" content=\"https:\/\/www.facebook.com\/GrIFKelit\/\" \/>\n<meta property=\"article:published_time\" content=\"2019-04-26T19:33:02+00:00\" \/>\n<meta property=\"article:modified_time\" content=\"2019-04-27T19:21:49+00:00\" \/>\n<meta property=\"og:image\" content=\"https:\/\/i0.wp.com\/grifk-handball.com\/miehet\/wp-content\/uploads\/sites\/2\/2019\/04\/canvas.png?fit=895%2C671&ssl=1\" \/>\n\t<meta property=\"og:image:width\" content=\"895\" \/>\n\t<meta property=\"og:image:height\" content=\"671\" \/>\n\t<meta property=\"og:image:type\" content=\"image\/png\" \/>\n<meta name=\"author\" content=\"granimaster\" \/>\n<meta name=\"twitter:card\" content=\"summary_large_image\" \/>\n<meta name=\"twitter:creator\" content=\"@GrIFK_MSM\" \/>\n<meta name=\"twitter:site\" content=\"@GrIFK_MSM\" \/>\n<meta name=\"twitter:label1\" content=\"Kirjoittanut\" \/>\n\t<meta name=\"twitter:data1\" content=\"granimaster\" \/>\n\t<meta name=\"twitter:label2\" content=\"Arvioitu lukuaika\" \/>\n\t<meta name=\"twitter:data2\" content=\"2 minuuttia\" \/>\n<script type=\"application\/ld+json\" class=\"yoast-schema-graph\">{\"@context\":\"https:\\\/\\\/schema.org\",\"@graph\":[{\"@type\":\"Article\",\"@id\":\"https:\\\/\\\/grifk-handball.com\\\/miehet\\\/2018-19\\\/ottelut\\\/sif-paatti-granin-kauden-puolivalieriin\\\/#article\",\"isPartOf\":{\"@id\":\"https:\\\/\\\/grifk-handball.com\\\/miehet\\\/2018-19\\\/ottelut\\\/sif-paatti-granin-kauden-puolivalieriin\\\/\"},\"author\":{\"name\":\"granimaster\",\"@id\":\"https:\\\/\\\/grifk-handball.com\\\/miehet\\\/#\\\/schema\\\/person\\\/9da98c743e3f0f85a1b32f59241b48e0\"},\"headline\":\"SIF p\u00e4\u00e4tti Granin kauden puoliv\u00e4lieriin\",\"datePublished\":\"2019-04-26T19:33:02+00:00\",\"dateModified\":\"2019-04-27T19:21:49+00:00\",\"mainEntityOfPage\":{\"@id\":\"https:\\\/\\\/grifk-handball.com\\\/miehet\\\/2018-19\\\/ottelut\\\/sif-paatti-granin-kauden-puolivalieriin\\\/\"},\"wordCount\":470,\"publisher\":{\"@id\":\"https:\\\/\\\/grifk-handball.com\\\/miehet\\\/#organization\"},\"image\":{\"@id\":\"https:\\\/\\\/grifk-handball.com\\\/miehet\\\/2018-19\\\/ottelut\\\/sif-paatti-granin-kauden-puolivalieriin\\\/#primaryimage\"},\"thumbnailUrl\":\"https:\\\/\\\/i0.wp.com\\\/grifk-handball.com\\\/miehet\\\/wp-content\\\/uploads\\\/sites\\\/2\\\/2019\\\/04\\\/canvas.png?fit=895%2C671&ssl=1\",\"keywords\":[\"#BomBom\",\"#GrIFKHandball\",\"#Tunnetta peliin\",\"GrIFK\",\"Play Off\",\"SIF\",\"SM-liiga\"],\"articleSection\":[\"Ottelut 2018-19\"],\"inLanguage\":\"fi\"},{\"@type\":\"WebPage\",\"@id\":\"https:\\\/\\\/grifk-handball.com\\\/miehet\\\/2018-19\\\/ottelut\\\/sif-paatti-granin-kauden-puolivalieriin\\\/\",\"url\":\"https:\\\/\\\/grifk-handball.com\\\/miehet\\\/2018-19\\\/ottelut\\\/sif-paatti-granin-kauden-puolivalieriin\\\/\",\"name\":\"SIF p\u00e4\u00e4tti Granin kauden puoliv\u00e4lieriin &#8212; GrIFK K\u00e4sipallo - miehet\",\"isPartOf\":{\"@id\":\"https:\\\/\\\/grifk-handball.com\\\/miehet\\\/#website\"},\"primaryImageOfPage\":{\"@id\":\"https:\\\/\\\/grifk-handball.com\\\/miehet\\\/2018-19\\\/ottelut\\\/sif-paatti-granin-kauden-puolivalieriin\\\/#primaryimage\"},\"image\":{\"@id\":\"https:\\\/\\\/grifk-handball.com\\\/miehet\\\/2018-19\\\/ottelut\\\/sif-paatti-granin-kauden-puolivalieriin\\\/#primaryimage\"},\"thumbnailUrl\":\"https:\\\/\\\/i0.wp.com\\\/grifk-handball.com\\\/miehet\\\/wp-content\\\/uploads\\\/sites\\\/2\\\/2019\\\/04\\\/canvas.png?fit=895%2C671&ssl=1\",\"datePublished\":\"2019-04-26T19:33:02+00:00\",\"dateModified\":\"2019-04-27T19:21:49+00:00\",\"breadcrumb\":{\"@id\":\"https:\\\/\\\/grifk-handball.com\\\/miehet\\\/2018-19\\\/ottelut\\\/sif-paatti-granin-kauden-puolivalieriin\\\/#breadcrumb\"},\"inLanguage\":\"fi\",\"potentialAction\":[{\"@type\":\"ReadAction\",\"target\":[\"https:\\\/\\\/grifk-handball.com\\\/miehet\\\/2018-19\\\/ottelut\\\/sif-paatti-granin-kauden-puolivalieriin\\\/\"]}]},{\"@type\":\"ImageObject\",\"inLanguage\":\"fi\",\"@id\":\"https:\\\/\\\/grifk-handball.com\\\/miehet\\\/2018-19\\\/ottelut\\\/sif-paatti-granin-kauden-puolivalieriin\\\/#primaryimage\",\"url\":\"https:\\\/\\\/i0.wp.com\\\/grifk-handball.com\\\/miehet\\\/wp-content\\\/uploads\\\/sites\\\/2\\\/2019\\\/04\\\/canvas.png?fit=895%2C671&ssl=1\",\"contentUrl\":\"https:\\\/\\\/i0.wp.com\\\/grifk-handball.com\\\/miehet\\\/wp-content\\\/uploads\\\/sites\\\/2\\\/2019\\\/04\\\/canvas.png?fit=895%2C671&ssl=1\",\"width\":895,\"height\":671},{\"@type\":\"BreadcrumbList\",\"@id\":\"https:\\\/\\\/grifk-handball.com\\\/miehet\\\/2018-19\\\/ottelut\\\/sif-paatti-granin-kauden-puolivalieriin\\\/#breadcrumb\",\"itemListElement\":[{\"@type\":\"ListItem\",\"position\":1,\"name\":\"Home\",\"item\":\"https:\\\/\\\/grifk-handball.com\\\/miehet\\\/etusivu-260109\\\/\"},{\"@type\":\"ListItem\",\"position\":2,\"name\":\"SIF p\u00e4\u00e4tti Granin kauden puoliv\u00e4lieriin\"}]},{\"@type\":\"WebSite\",\"@id\":\"https:\\\/\\\/grifk-handball.com\\\/miehet\\\/#website\",\"url\":\"https:\\\/\\\/grifk-handball.com\\\/miehet\\\/\",\"name\":\"GrIFK K\u00e4sipallo - miehet\",\"description\":\"BomBom!\",\"publisher\":{\"@id\":\"https:\\\/\\\/grifk-handball.com\\\/miehet\\\/#organization\"},\"potentialAction\":[{\"@type\":\"SearchAction\",\"target\":{\"@type\":\"EntryPoint\",\"urlTemplate\":\"https:\\\/\\\/grifk-handball.com\\\/miehet\\\/?s={search_term_string}\"},\"query-input\":{\"@type\":\"PropertyValueSpecification\",\"valueRequired\":true,\"valueName\":\"search_term_string\"}}],\"inLanguage\":\"fi\"},{\"@type\":\"Organization\",\"@id\":\"https:\\\/\\\/grifk-handball.com\\\/miehet\\\/#organization\",\"name\":\"GrIFK K\u00e4sipallo - miehet\",\"url\":\"https:\\\/\\\/grifk-handball.com\\\/miehet\\\/\",\"logo\":{\"@type\":\"ImageObject\",\"inLanguage\":\"fi\",\"@id\":\"https:\\\/\\\/grifk-handball.com\\\/miehet\\\/#\\\/schema\\\/logo\\\/image\\\/\",\"url\":\"https:\\\/\\\/i0.wp.com\\\/grifk-handball.com\\\/miehet\\\/wp-content\\\/uploads\\\/sites\\\/2\\\/2016\\\/10\\\/logo-grifk-iso.png?fit=1200%2C1400&ssl=1\",\"contentUrl\":\"https:\\\/\\\/i0.wp.com\\\/grifk-handball.com\\\/miehet\\\/wp-content\\\/uploads\\\/sites\\\/2\\\/2016\\\/10\\\/logo-grifk-iso.png?fit=1200%2C1400&ssl=1\",\"width\":1200,\"height\":1400,\"caption\":\"GrIFK K\u00e4sipallo - miehet\"},\"image\":{\"@id\":\"https:\\\/\\\/grifk-handball.com\\\/miehet\\\/#\\\/schema\\\/logo\\\/image\\\/\"},\"sameAs\":[\"https:\\\/\\\/www.facebook.com\\\/GrIFKelit\\\/\",\"https:\\\/\\\/x.com\\\/GrIFK_MSM\",\"https:\\\/\\\/www.instagram.com\\\/grifk_elit\\\/\"]},{\"@type\":\"Person\",\"@id\":\"https:\\\/\\\/grifk-handball.com\\\/miehet\\\/#\\\/schema\\\/person\\\/9da98c743e3f0f85a1b32f59241b48e0\",\"name\":\"granimaster\",\"image\":{\"@type\":\"ImageObject\",\"inLanguage\":\"fi\",\"@id\":\"https:\\\/\\\/secure.gravatar.com\\\/avatar\\\/034b8e6380fc659c320f13e17fe45bd9ab48a21e2debadd5f3179bde291949df?s=96&d=mm&r=g\",\"url\":\"https:\\\/\\\/secure.gravatar.com\\\/avatar\\\/034b8e6380fc659c320f13e17fe45bd9ab48a21e2debadd5f3179bde291949df?s=96&d=mm&r=g\",\"contentUrl\":\"https:\\\/\\\/secure.gravatar.com\\\/avatar\\\/034b8e6380fc659c320f13e17fe45bd9ab48a21e2debadd5f3179bde291949df?s=96&d=mm&r=g\",\"caption\":\"granimaster\"},\"url\":\"https:\\\/\\\/grifk-handball.com\\\/miehet\\\/author\\\/granimaster\\\/\"}]}<\/script>\n<!-- \/ Yoast SEO plugin. -->","yoast_head_json":{"title":"SIF p\u00e4\u00e4tti Granin kauden puoliv\u00e4lieriin &#8212; GrIFK K\u00e4sipallo - miehet","robots":{"index":"index","follow":"follow","max-snippet":"max-snippet:-1","max-image-preview":"max-image-preview:large","max-video-preview":"max-video-preview:-1"},"canonical":"https:\/\/grifk-handball.com\/miehet\/2018-19\/ottelut\/sif-paatti-granin-kauden-puolivalieriin\/","og_locale":"fi_FI","og_type":"article","og_title":"SIF p\u00e4\u00e4tti Granin kauden puoliv\u00e4lieriin &#8212; GrIFK K\u00e4sipallo - miehet","og_description":"GrIFK ja SIF pelasivat t\u00e4yspitk\u00e4n puoliv\u00e4lier\u00e4ottelusarjan joka huipentui perjantaina Kauniaisten t\u00e4p\u00f6t\u00e4yteen ahdetussa Luolassa. Loistavasti ja \u00e4\u00e4nekk\u00e4\u00e4sti omiaan kannustaneiden fanijoukkojensa edess\u00e4 esitetty show p\u00e4\u00e4ttyi vieraiden 28-33 (17-17) voittoon. SIF jatkaa v\u00e4lieriin otteluvoitoin 3-2.","og_url":"https:\/\/grifk-handball.com\/miehet\/2018-19\/ottelut\/sif-paatti-granin-kauden-puolivalieriin\/","og_site_name":"GrIFK K\u00e4sipallo - miehet","article_publisher":"https:\/\/www.facebook.com\/GrIFKelit\/","article_published_time":"2019-04-26T19:33:02+00:00","article_modified_time":"2019-04-27T19:21:49+00:00","og_image":[{"width":895,"height":671,"url":"https:\/\/i0.wp.com\/grifk-handball.com\/miehet\/wp-content\/uploads\/sites\/2\/2019\/04\/canvas.png?fit=895%2C671&ssl=1","type":"image\/png"}],"author":"granimaster","twitter_card":"summary_large_image","twitter_creator":"@GrIFK_MSM","twitter_site":"@GrIFK_MSM","twitter_misc":{"Kirjoittanut":"granimaster","Arvioitu lukuaika":"2 minuuttia"},"schema":{"@context":"https:\/\/schema.org","@graph":[{"@type":"Article","@id":"https:\/\/grifk-handball.com\/miehet\/2018-19\/ottelut\/sif-paatti-granin-kauden-puolivalieriin\/#article","isPartOf":{"@id":"https:\/\/grifk-handball.com\/miehet\/2018-19\/ottelut\/sif-paatti-granin-kauden-puolivalieriin\/"},"author":{"name":"granimaster","@id":"https:\/\/grifk-handball.com\/miehet\/#\/schema\/person\/9da98c743e3f0f85a1b32f59241b48e0"},"headline":"SIF p\u00e4\u00e4tti Granin kauden puoliv\u00e4lieriin","datePublished":"2019-04-26T19:33:02+00:00","dateModified":"2019-04-27T19:21:49+00:00","mainEntityOfPage":{"@id":"https:\/\/grifk-handball.com\/miehet\/2018-19\/ottelut\/sif-paatti-granin-kauden-puolivalieriin\/"},"wordCount":470,"publisher":{"@id":"https:\/\/grifk-handball.com\/miehet\/#organization"},"image":{"@id":"https:\/\/grifk-handball.com\/miehet\/2018-19\/ottelut\/sif-paatti-granin-kauden-puolivalieriin\/#primaryimage"},"thumbnailUrl":"https:\/\/i0.wp.com\/grifk-handball.com\/miehet\/wp-content\/uploads\/sites\/2\/2019\/04\/canvas.png?fit=895%2C671&ssl=1","keywords":["#BomBom","#GrIFKHandball","#Tunnetta peliin","GrIFK","Play Off","SIF","SM-liiga"],"articleSection":["Ottelut 2018-19"],"inLanguage":"fi"},{"@type":"WebPage","@id":"https:\/\/grifk-handball.com\/miehet\/2018-19\/ottelut\/sif-paatti-granin-kauden-puolivalieriin\/","url":"https:\/\/grifk-handball.com\/miehet\/2018-19\/ottelut\/sif-paatti-granin-kauden-puolivalieriin\/","name":"SIF p\u00e4\u00e4tti Granin kauden puoliv\u00e4lieriin &#8212; GrIFK K\u00e4sipallo - miehet","isPartOf":{"@id":"https:\/\/grifk-handball.com\/miehet\/#website"},"primaryImageOfPage":{"@id":"https:\/\/grifk-handball.com\/miehet\/2018-19\/ottelut\/sif-paatti-granin-kauden-puolivalieriin\/#primaryimage"},"image":{"@id":"https:\/\/grifk-handball.com\/miehet\/2018-19\/ottelut\/sif-paatti-granin-kauden-puolivalieriin\/#primaryimage"},"thumbnailUrl":"https:\/\/i0.wp.com\/grifk-handball.com\/miehet\/wp-content\/uploads\/sites\/2\/2019\/04\/canvas.png?fit=895%2C671&ssl=1","datePublished":"2019-04-26T19:33:02+00:00","dateModified":"2019-04-27T19:21:49+00:00","breadcrumb":{"@id":"https:\/\/grifk-handball.com\/miehet\/2018-19\/ottelut\/sif-paatti-granin-kauden-puolivalieriin\/#breadcrumb"},"inLanguage":"fi","potentialAction":[{"@type":"ReadAction","target":["https:\/\/grifk-handball.com\/miehet\/2018-19\/ottelut\/sif-paatti-granin-kauden-puolivalieriin\/"]}]},{"@type":"ImageObject","inLanguage":"fi","@id":"https:\/\/grifk-handball.com\/miehet\/2018-19\/ottelut\/sif-paatti-granin-kauden-puolivalieriin\/#primaryimage","url":"https:\/\/i0.wp.com\/grifk-handball.com\/miehet\/wp-content\/uploads\/sites\/2\/2019\/04\/canvas.png?fit=895%2C671&ssl=1","contentUrl":"https:\/\/i0.wp.com\/grifk-handball.com\/miehet\/wp-content\/uploads\/sites\/2\/2019\/04\/canvas.png?fit=895%2C671&ssl=1","width":895,"height":671},{"@type":"BreadcrumbList","@id":"https:\/\/grifk-handball.com\/miehet\/2018-19\/ottelut\/sif-paatti-granin-kauden-puolivalieriin\/#breadcrumb","itemListElement":[{"@type":"ListItem","position":1,"name":"Home","item":"https:\/\/grifk-handball.com\/miehet\/etusivu-260109\/"},{"@type":"ListItem","position":2,"name":"SIF p\u00e4\u00e4tti Granin kauden puoliv\u00e4lieriin"}]},{"@type":"WebSite","@id":"https:\/\/grifk-handball.com\/miehet\/#website","url":"https:\/\/grifk-handball.com\/miehet\/","name":"GrIFK K\u00e4sipallo - miehet","description":"BomBom!","publisher":{"@id":"https:\/\/grifk-handball.com\/miehet\/#organization"},"potentialAction":[{"@type":"SearchAction","target":{"@type":"EntryPoint","urlTemplate":"https:\/\/grifk-handball.com\/miehet\/?s={search_term_string}"},"query-input":{"@type":"PropertyValueSpecification","valueRequired":true,"valueName":"search_term_string"}}],"inLanguage":"fi"},{"@type":"Organization","@id":"https:\/\/grifk-handball.com\/miehet\/#organization","name":"GrIFK K\u00e4sipallo - miehet","url":"https:\/\/grifk-handball.com\/miehet\/","logo":{"@type":"ImageObject","inLanguage":"fi","@id":"https:\/\/grifk-handball.com\/miehet\/#\/schema\/logo\/image\/","url":"https:\/\/i0.wp.com\/grifk-handball.com\/miehet\/wp-content\/uploads\/sites\/2\/2016\/10\/logo-grifk-iso.png?fit=1200%2C1400&ssl=1","contentUrl":"https:\/\/i0.wp.com\/grifk-handball.com\/miehet\/wp-content\/uploads\/sites\/2\/2016\/10\/logo-grifk-iso.png?fit=1200%2C1400&ssl=1","width":1200,"height":1400,"caption":"GrIFK K\u00e4sipallo - miehet"},"image":{"@id":"https:\/\/grifk-handball.com\/miehet\/#\/schema\/logo\/image\/"},"sameAs":["https:\/\/www.facebook.com\/GrIFKelit\/","https:\/\/x.com\/GrIFK_MSM","https:\/\/www.instagram.com\/grifk_elit\/"]},{"@type":"Person","@id":"https:\/\/grifk-handball.com\/miehet\/#\/schema\/person\/9da98c743e3f0f85a1b32f59241b48e0","name":"granimaster","image":{"@type":"ImageObject","inLanguage":"fi","@id":"https:\/\/secure.gravatar.com\/avatar\/034b8e6380fc659c320f13e17fe45bd9ab48a21e2debadd5f3179bde291949df?s=96&d=mm&r=g","url":"https:\/\/secure.gravatar.com\/avatar\/034b8e6380fc659c320f13e17fe45bd9ab48a21e2debadd5f3179bde291949df?s=96&d=mm&r=g","contentUrl":"https:\/\/secure.gravatar.com\/avatar\/034b8e6380fc659c320f13e17fe45bd9ab48a21e2debadd5f3179bde291949df?s=96&d=mm&r=g","caption":"granimaster"},"url":"https:\/\/grifk-handball.com\/miehet\/author\/granimaster\/"}]}},"jetpack_featured_media_url":"https:\/\/i0.wp.com\/grifk-handball.com\/miehet\/wp-content\/uploads\/sites\/2\/2019\/04\/canvas.png?fit=895%2C671&ssl=1","jetpack_shortlink":"https:\/\/wp.me\/p9jQ9a-38g","_links":{"self":[{"href":"https:\/\/grifk-handball.com\/miehet\/wp-json\/wp\/v2\/posts\/12044","targetHints":{"allow":["GET"]}}],"collection":[{"href":"https:\/\/grifk-handball.com\/miehet\/wp-json\/wp\/v2\/posts"}],"about":[{"href":"https:\/\/grifk-handball.com\/miehet\/wp-json\/wp\/v2\/types\/post"}],"author":[{"embeddable":true,"href":"https:\/\/grifk-handball.com\/miehet\/wp-json\/wp\/v2\/users\/1"}],"replies":[{"embeddable":true,"href":"https:\/\/grifk-handball.com\/miehet\/wp-json\/wp\/v2\/comments?post=12044"}],"version-history":[{"count":5,"href":"https:\/\/grifk-handball.com\/miehet\/wp-json\/wp\/v2\/posts\/12044\/revisions"}],"predecessor-version":[{"id":12052,"href":"https:\/\/grifk-handball.com\/miehet\/wp-json\/wp\/v2\/posts\/12044\/revisions\/12052"}],"wp:featuredmedia":[{"embeddable":true,"href":"https:\/\/grifk-handball.com\/miehet\/wp-json\/wp\/v2\/media\/12045"}],"wp:attachment":[{"href":"https:\/\/grifk-handball.com\/miehet\/wp-json\/wp\/v2\/media?parent=12044"}],"wp:term":[{"taxonomy":"category","embeddable":true,"href":"https:\/\/grifk-handball.com\/miehet\/wp-json\/wp\/v2\/categories?post=12044"},{"taxonomy":"post_tag","embeddable":true,"href":"https:\/\/grifk-handball.com\/miehet\/wp-json\/wp\/v2\/tags?post=12044"}],"curies":[{"name":"wp","href":"https:\/\/api.w.org\/{rel}","templated":true}]}}