{"id":12566,"date":"2019-09-12T22:43:17","date_gmt":"2019-09-12T19:43:17","guid":{"rendered":"https:\/\/grifk-handball.com\/miehet\/?p=12566"},"modified":"2019-09-13T12:43:47","modified_gmt":"2019-09-13T09:43:47","slug":"grifk-vahvana-uuteen-pelikauteen","status":"publish","type":"post","link":"https:\/\/grifk-handball.com\/miehet\/uutiset\/grifk-vahvana-uuteen-pelikauteen\/","title":{"rendered":"GrIFK vahvana uuteen pelikauteen"},"content":{"rendered":"<p>Granin edustusjoukkue tulevalle kaudelle on julkaistu. L\u00e4htij\u00f6it\u00e4 on kaikkiaan kuusi, tulopuolella on niin ik\u00e4\u00e4n kuusi laadukasta pelaajaa.<!--more--><\/p>\n<p>Edelliskauteen verrattuna suurimpina menetyksin\u00e4 ovat Norjaan siirtynyt Miro Koljonen sek\u00e4 peliuransa lopettanut Sami Silfver.<\/p>\n<p>Ensi kauden miehist\u00f6ss\u00e4 n\u00e4hd\u00e4\u00e4n kaksi rotevaa paluumuuttajaa kun sek\u00e4 Fredrik Forss ett\u00e4 Richard Sundberg palaavat vuoden tauon j\u00e4lkeen takaisin kasvattajaseuraansa, ja kumpikin saa vanhat tutut pelinumeronsa k\u00e4ytt\u00f6\u00f6n. Tanskassa viime kaudella pelannut Forss kantaa tulevalla kaudella kapteenin nauhan hihassaan.<\/p>\n<p>Uusista pelaajista suurimman mielenkiinnon kohteena ovat kokenut ex-riihim\u00e4kel\u00e4inen Ville Viljanen ja Suomen nuorten maajoukkueen maalivahti Tommi Haverinen, joka siirtyy Niki Tuomisen kera Graniin liigapaikastaan kes\u00e4ll\u00e4 luopuneesta Atlas Vantaasta.<\/p>\n<p>My\u00f6s valmennuspuolella on tapahtunut pieni\u00e4 muutoksia. Kaj Hagman jatkaa p\u00e4\u00e4valmentajana mutta saa avukseen nyt Toni Seijon sijaan Patrik Johansonin, joka jatkaa my\u00f6s pelaavassa miehist\u00f6ss\u00e4.<\/p>\n<p><strong>L\u00e4hteneet pelaajat<\/strong><br \/>\nSami Silfver, Jasper Hellberg, Niclas Laurent ja Axel Rehnberg (lopettaneet), Miro Koljonen (Fjellhammer IL, Norja), Benjamin Olsson (Esbo IF).<\/p>\n<p><strong>Uudet pelaajat<\/strong><br \/>\nDaniel L\u00e5ng (Akilles), Ville Viljanen (Dynamo Riihim\u00e4ki), Tommi Haverinen (Atlas Vantaa), Fredrik Forss (FIF, Tanska), Richard Sundberg (TSG AH Bielefeld, Saksa), Niki Tuominen (Atlas Vantaa).<\/p>\n<h3>GrIFK kaudella 2019\/20<\/h3>\n<h4>Pelaajat<\/h4>\n\n<table id=\"tablepress-43\" class=\"tablepress tablepress-id-43\">\n<thead>\n<tr class=\"row-1\">\n\t<th class=\"column-1\">Nro<\/th><th class=\"column-2\">Nimi<\/th><th class=\"column-3\">Synt<\/th><th class=\"column-4\">CM<\/th><th class=\"column-5\">KG<\/th><th class=\"column-6\">Pelipaikka<\/th>\n<\/tr>\n<\/thead>\n<tbody class=\"row-hover\">\n<tr class=\"row-2\">\n\t<td class=\"column-1\">1<\/td><td class=\"column-2\">Albert Georgs<\/td><td class=\"column-3\">1994<\/td><td class=\"column-4\">182<\/td><td class=\"column-5\">83<\/td><td class=\"column-6\">MV<\/td>\n<\/tr>\n<tr class=\"row-3\">\n\t<td class=\"column-1\">2<\/td><td class=\"column-2\">Tuomas Sankari<\/td><td class=\"column-3\">1999<\/td><td class=\"column-4\">185<\/td><td class=\"column-5\">80<\/td><td class=\"column-6\">V9\/K9\/O9<\/td>\n<\/tr>\n<tr class=\"row-4\">\n\t<td class=\"column-1\">3<\/td><td class=\"column-2\">Daniel L\u00e5ng<\/td><td class=\"column-3\">1996<\/td><td class=\"column-4\">190<\/td><td class=\"column-5\">81<\/td><td class=\"column-6\">V6<\/td>\n<\/tr>\n<tr class=\"row-5\">\n\t<td class=\"column-1\">4<\/td><td class=\"column-2\">Patrik Johanson<\/td><td class=\"column-3\">1987<\/td><td class=\"column-4\">190<\/td><td class=\"column-5\">99<\/td><td class=\"column-6\">O9<\/td>\n<\/tr>\n<tr class=\"row-6\">\n\t<td class=\"column-1\">5<\/td><td class=\"column-2\">Jonathan Berg<\/td><td class=\"column-3\">1997<\/td><td class=\"column-4\">185<\/td><td class=\"column-5\">80<\/td><td class=\"column-6\">V9\/K9\/O9<\/td>\n<\/tr>\n<tr class=\"row-7\">\n\t<td class=\"column-1\">6<\/td><td class=\"column-2\">Patrik L\u00e5ng<\/td><td class=\"column-3\">1993<\/td><td class=\"column-4\">191<\/td><td class=\"column-5\">83<\/td><td class=\"column-6\">V6<\/td>\n<\/tr>\n<tr class=\"row-8\">\n\t<td class=\"column-1\">8<\/td><td class=\"column-2\">Ville Viljanen<\/td><td class=\"column-3\">1989<\/td><td class=\"column-4\">180<\/td><td class=\"column-5\">88<\/td><td class=\"column-6\">O6<\/td>\n<\/tr>\n<tr class=\"row-9\">\n\t<td class=\"column-1\">9<\/td><td class=\"column-2\">Alexander L\u00e5ng<\/td><td class=\"column-3\">1991<\/td><td class=\"column-4\">189<\/td><td class=\"column-5\">87<\/td><td class=\"column-6\">V9\/O9<\/td>\n<\/tr>\n<tr class=\"row-10\">\n\t<td class=\"column-1\">10<\/td><td class=\"column-2\">Jere Kantee<\/td><td class=\"column-3\">1999<\/td><td class=\"column-4\">185<\/td><td class=\"column-5\">80<\/td><td class=\"column-6\">V9\/K9<\/td>\n<\/tr>\n<tr class=\"row-11\">\n\t<td class=\"column-1\">11<\/td><td class=\"column-2\">Erik \u00c5kermarck<\/td><td class=\"column-3\">1996<\/td><td class=\"column-4\">183<\/td><td class=\"column-5\">73<\/td><td class=\"column-6\">O6<\/td>\n<\/tr>\n<tr class=\"row-12\">\n\t<td class=\"column-1\">12<\/td><td class=\"column-2\">Tommi Haverinen<\/td><td class=\"column-3\">2001<\/td><td class=\"column-4\">190<\/td><td class=\"column-5\">88<\/td><td class=\"column-6\">MV<\/td>\n<\/tr>\n<tr class=\"row-13\">\n\t<td class=\"column-1\">15<\/td><td class=\"column-2\">Kristoffer B\u00e5ng<\/td><td class=\"column-3\">1999<\/td><td class=\"column-4\">188<\/td><td class=\"column-5\">85<\/td><td class=\"column-6\">V9<\/td>\n<\/tr>\n<tr class=\"row-14\">\n\t<td class=\"column-1\">16<\/td><td class=\"column-2\">Jan Stolt<\/td><td class=\"column-3\">1980<\/td><td class=\"column-4\">198<\/td><td class=\"column-5\">104<\/td><td class=\"column-6\">MV<\/td>\n<\/tr>\n<tr class=\"row-15\">\n\t<td class=\"column-1\">17<\/td><td class=\"column-2\">Fredrik Forss<\/td><td class=\"column-3\">1994<\/td><td class=\"column-4\">190<\/td><td class=\"column-5\">102<\/td><td class=\"column-6\">K6<\/td>\n<\/tr>\n<tr class=\"row-16\">\n\t<td class=\"column-1\">18<\/td><td class=\"column-2\">Emanuel Holfve<\/td><td class=\"column-3\">2001<\/td><td class=\"column-4\">175<\/td><td class=\"column-5\">72<\/td><td class=\"column-6\">V6<\/td>\n<\/tr>\n<tr class=\"row-17\">\n\t<td class=\"column-1\">20<\/td><td class=\"column-2\">Richard Sundberg<\/td><td class=\"column-3\">1992<\/td><td class=\"column-4\">191<\/td><td class=\"column-5\">98<\/td><td class=\"column-6\">V9<\/td>\n<\/tr>\n<tr class=\"row-18\">\n\t<td class=\"column-1\">21<\/td><td class=\"column-2\">Daniel Heimberg<\/td><td class=\"column-3\">2001<\/td><td class=\"column-4\">190<\/td><td class=\"column-5\">88<\/td><td class=\"column-6\">K6<\/td>\n<\/tr>\n<tr class=\"row-19\">\n\t<td class=\"column-1\">24<\/td><td class=\"column-2\">Jonathan Almark<\/td><td class=\"column-3\">1999<\/td><td class=\"column-4\">175<\/td><td class=\"column-5\">80<\/td><td class=\"column-6\">K9<\/td>\n<\/tr>\n<tr class=\"row-20\">\n\t<td class=\"column-1\">26<\/td><td class=\"column-2\">Anthony Hellakoski<\/td><td class=\"column-3\">1995<\/td><td class=\"column-4\">176<\/td><td class=\"column-5\">88<\/td><td class=\"column-6\">K9<\/td>\n<\/tr>\n<tr class=\"row-21\">\n\t<td class=\"column-1\">30<\/td><td class=\"column-2\">Atte Pakarinen<\/td><td class=\"column-3\">1996<\/td><td class=\"column-4\">186<\/td><td class=\"column-5\">94<\/td><td class=\"column-6\">MV<\/td>\n<\/tr>\n<tr class=\"row-22\">\n\t<td class=\"column-1\">34<\/td><td class=\"column-2\">Nikola Zujic<\/td><td class=\"column-3\">1987<\/td><td class=\"column-4\">196<\/td><td class=\"column-5\">90<\/td><td class=\"column-6\">V9<\/td>\n<\/tr>\n<tr class=\"row-23\">\n\t<td class=\"column-1\">36<\/td><td class=\"column-2\">Niki Tuominen<\/td><td class=\"column-3\">1997<\/td><td class=\"column-4\">183<\/td><td class=\"column-5\">80<\/td><td class=\"column-6\">O9<\/td>\n<\/tr>\n<tr class=\"row-24\">\n\t<td class=\"column-1\">51<\/td><td class=\"column-2\">Alexander Qvist<\/td><td class=\"column-3\">2002<\/td><td class=\"column-4\">183<\/td><td class=\"column-5\">88<\/td><td class=\"column-6\">V9\/K9\/O9<\/td>\n<\/tr>\n<tr class=\"row-25\">\n\t<td class=\"column-1\">75<\/td><td class=\"column-2\">Anton Karlsson<\/td><td class=\"column-3\">1999<\/td><td class=\"column-4\">186<\/td><td class=\"column-5\">95<\/td><td class=\"column-6\">K6<\/td>\n<\/tr>\n<\/tbody>\n<\/table>\n<!-- #tablepress-43 from cache -->\n<h4>Valmennus, johto ja huolto<\/h4>\n\n<table id=\"tablepress-44\" class=\"tablepress tablepress-id-44\">\n<tbody class=\"row-hover\">\n<tr class=\"row-1\">\n\t<td class=\"column-1\"><\/td><td class=\"column-2\"><\/td>\n<\/tr>\n<tr class=\"row-2\">\n\t<td class=\"column-1\">P\u00e4\u00e4valmentaja<\/td><td class=\"column-2\">Mikael K\u00e4llman<\/td>\n<\/tr>\n<tr class=\"row-3\">\n\t<td class=\"column-1\">Valmentaja<\/td><td class=\"column-2\">Patrik Johanson<\/td>\n<\/tr>\n<tr class=\"row-4\">\n\t<td class=\"column-1\">Joukkueenjohtaja<\/td><td class=\"column-2\">Mikael Westerholm<\/td>\n<\/tr>\n<tr class=\"row-5\">\n\t<td class=\"column-1\">Fysio<\/td><td class=\"column-2\">Viktor Dahlberg<\/td>\n<\/tr>\n<tr class=\"row-6\">\n\t<td class=\"column-1\">Huoltaja<\/td><td class=\"column-2\">Marcus J\u00e4ntti<\/td>\n<\/tr>\n<\/tbody>\n<\/table>\n<!-- #tablepress-44 from cache -->\n<p>GrIFK aloittaa pelikautensa Suomen Cupin vierasottelulla Dynamo Riihim\u00e4ke\u00e4 vastaan lauantaina 14.9.. SM-liigassa ensimm\u00e4inen vastustaja on viime kev\u00e4\u00e4n hopeajoukkue Dicken, joka saapuu Kauniaisten Luolaan lauantaina 21.9. Molempien otteluiden alkamisaika on kello 16:00.<\/p>\n","protected":false},"excerpt":{"rendered":"<p>Granin edustusjoukkue tulevalle kaudelle on julkaistu. L\u00e4htij\u00f6it\u00e4 on kaikkiaan kuusi, tulopuolella on niin ik\u00e4\u00e4n kuusi laadukasta pelaajaa.<\/p>\n","protected":false},"author":1,"featured_media":11818,"comment_status":"closed","ping_status":"closed","sticky":false,"template":"","format":"standard","meta":{"_acf_changed":false,"footnotes":""},"categories":[371,7],"tags":[12,26,25,375,41],"class_list":["post-12566","post","type-post","status-publish","format-standard","has-post-thumbnail","hentry","category-ennakot-2019-20","category-uutiset","tag-bombom","tag-grifkhandball","tag-grifk","tag-pelaajat-2019-20","tag-sm-liiga"],"acf":[],"yoast_head":"<!-- This site is optimized with the Yoast SEO plugin v27.5 - https:\/\/yoast.com\/product\/yoast-seo-wordpress\/ -->\n<title>GrIFK vahvana uuteen pelikauteen &#8212; GrIFK K\u00e4sipallo - miehet<\/title>\n<meta name=\"robots\" content=\"index, follow, max-snippet:-1, max-image-preview:large, max-video-preview:-1\" \/>\n<link rel=\"canonical\" href=\"https:\/\/grifk-handball.com\/miehet\/uutiset\/grifk-vahvana-uuteen-pelikauteen\/\" \/>\n<meta property=\"og:locale\" content=\"fi_FI\" \/>\n<meta property=\"og:type\" content=\"article\" \/>\n<meta property=\"og:title\" content=\"GrIFK vahvana uuteen pelikauteen &#8212; GrIFK K\u00e4sipallo - miehet\" \/>\n<meta property=\"og:description\" content=\"Granin edustusjoukkue tulevalle kaudelle on julkaistu. L\u00e4htij\u00f6it\u00e4 on kaikkiaan kuusi, tulopuolella on niin ik\u00e4\u00e4n kuusi laadukasta pelaajaa.\" \/>\n<meta property=\"og:url\" content=\"https:\/\/grifk-handball.com\/miehet\/uutiset\/grifk-vahvana-uuteen-pelikauteen\/\" \/>\n<meta property=\"og:site_name\" content=\"GrIFK K\u00e4sipallo - miehet\" \/>\n<meta property=\"article:publisher\" content=\"https:\/\/www.facebook.com\/GrIFKelit\/\" \/>\n<meta property=\"article:published_time\" content=\"2019-09-12T19:43:17+00:00\" \/>\n<meta property=\"article:modified_time\" content=\"2019-09-13T09:43:47+00:00\" \/>\n<meta property=\"og:image\" content=\"https:\/\/i0.wp.com\/grifk-handball.com\/miehet\/wp-content\/uploads\/sites\/2\/2019\/03\/47345291792_4117c39076_k.jpg?fit=2048%2C1365&ssl=1\" \/>\n\t<meta property=\"og:image:width\" content=\"2048\" \/>\n\t<meta property=\"og:image:height\" content=\"1365\" \/>\n\t<meta property=\"og:image:type\" content=\"image\/jpeg\" \/>\n<meta name=\"author\" content=\"granimaster\" \/>\n<meta name=\"twitter:card\" content=\"summary_large_image\" \/>\n<meta name=\"twitter:creator\" content=\"@GrIFK_MSM\" \/>\n<meta name=\"twitter:site\" content=\"@GrIFK_MSM\" \/>\n<meta name=\"twitter:label1\" content=\"Kirjoittanut\" \/>\n\t<meta name=\"twitter:data1\" content=\"granimaster\" \/>\n\t<meta name=\"twitter:label2\" content=\"Arvioitu lukuaika\" \/>\n\t<meta name=\"twitter:data2\" content=\"1 minuutti\" \/>\n<script type=\"application\/ld+json\" class=\"yoast-schema-graph\">{\"@context\":\"https:\\\/\\\/schema.org\",\"@graph\":[{\"@type\":\"Article\",\"@id\":\"https:\\\/\\\/grifk-handball.com\\\/miehet\\\/uutiset\\\/grifk-vahvana-uuteen-pelikauteen\\\/#article\",\"isPartOf\":{\"@id\":\"https:\\\/\\\/grifk-handball.com\\\/miehet\\\/uutiset\\\/grifk-vahvana-uuteen-pelikauteen\\\/\"},\"author\":{\"name\":\"granimaster\",\"@id\":\"https:\\\/\\\/grifk-handball.com\\\/miehet\\\/#\\\/schema\\\/person\\\/9da98c743e3f0f85a1b32f59241b48e0\"},\"headline\":\"GrIFK vahvana uuteen pelikauteen\",\"datePublished\":\"2019-09-12T19:43:17+00:00\",\"dateModified\":\"2019-09-13T09:43:47+00:00\",\"mainEntityOfPage\":{\"@id\":\"https:\\\/\\\/grifk-handball.com\\\/miehet\\\/uutiset\\\/grifk-vahvana-uuteen-pelikauteen\\\/\"},\"wordCount\":234,\"publisher\":{\"@id\":\"https:\\\/\\\/grifk-handball.com\\\/miehet\\\/#organization\"},\"image\":{\"@id\":\"https:\\\/\\\/grifk-handball.com\\\/miehet\\\/uutiset\\\/grifk-vahvana-uuteen-pelikauteen\\\/#primaryimage\"},\"thumbnailUrl\":\"https:\\\/\\\/i0.wp.com\\\/grifk-handball.com\\\/miehet\\\/wp-content\\\/uploads\\\/sites\\\/2\\\/2019\\\/03\\\/47345291792_4117c39076_k.jpg?fit=2048%2C1365&ssl=1\",\"keywords\":[\"#BomBom\",\"#GrIFKHandball\",\"GrIFK\",\"Pelaajat 2019-20\",\"SM-liiga\"],\"articleSection\":[\"Ennakot 2019-20\",\"Uutiset\"],\"inLanguage\":\"fi\"},{\"@type\":\"WebPage\",\"@id\":\"https:\\\/\\\/grifk-handball.com\\\/miehet\\\/uutiset\\\/grifk-vahvana-uuteen-pelikauteen\\\/\",\"url\":\"https:\\\/\\\/grifk-handball.com\\\/miehet\\\/uutiset\\\/grifk-vahvana-uuteen-pelikauteen\\\/\",\"name\":\"GrIFK vahvana uuteen pelikauteen &#8212; GrIFK K\u00e4sipallo - miehet\",\"isPartOf\":{\"@id\":\"https:\\\/\\\/grifk-handball.com\\\/miehet\\\/#website\"},\"primaryImageOfPage\":{\"@id\":\"https:\\\/\\\/grifk-handball.com\\\/miehet\\\/uutiset\\\/grifk-vahvana-uuteen-pelikauteen\\\/#primaryimage\"},\"image\":{\"@id\":\"https:\\\/\\\/grifk-handball.com\\\/miehet\\\/uutiset\\\/grifk-vahvana-uuteen-pelikauteen\\\/#primaryimage\"},\"thumbnailUrl\":\"https:\\\/\\\/i0.wp.com\\\/grifk-handball.com\\\/miehet\\\/wp-content\\\/uploads\\\/sites\\\/2\\\/2019\\\/03\\\/47345291792_4117c39076_k.jpg?fit=2048%2C1365&ssl=1\",\"datePublished\":\"2019-09-12T19:43:17+00:00\",\"dateModified\":\"2019-09-13T09:43:47+00:00\",\"breadcrumb\":{\"@id\":\"https:\\\/\\\/grifk-handball.com\\\/miehet\\\/uutiset\\\/grifk-vahvana-uuteen-pelikauteen\\\/#breadcrumb\"},\"inLanguage\":\"fi\",\"potentialAction\":[{\"@type\":\"ReadAction\",\"target\":[\"https:\\\/\\\/grifk-handball.com\\\/miehet\\\/uutiset\\\/grifk-vahvana-uuteen-pelikauteen\\\/\"]}]},{\"@type\":\"ImageObject\",\"inLanguage\":\"fi\",\"@id\":\"https:\\\/\\\/grifk-handball.com\\\/miehet\\\/uutiset\\\/grifk-vahvana-uuteen-pelikauteen\\\/#primaryimage\",\"url\":\"https:\\\/\\\/i0.wp.com\\\/grifk-handball.com\\\/miehet\\\/wp-content\\\/uploads\\\/sites\\\/2\\\/2019\\\/03\\\/47345291792_4117c39076_k.jpg?fit=2048%2C1365&ssl=1\",\"contentUrl\":\"https:\\\/\\\/i0.wp.com\\\/grifk-handball.com\\\/miehet\\\/wp-content\\\/uploads\\\/sites\\\/2\\\/2019\\\/03\\\/47345291792_4117c39076_k.jpg?fit=2048%2C1365&ssl=1\",\"width\":2048,\"height\":1365},{\"@type\":\"BreadcrumbList\",\"@id\":\"https:\\\/\\\/grifk-handball.com\\\/miehet\\\/uutiset\\\/grifk-vahvana-uuteen-pelikauteen\\\/#breadcrumb\",\"itemListElement\":[{\"@type\":\"ListItem\",\"position\":1,\"name\":\"Home\",\"item\":\"https:\\\/\\\/grifk-handball.com\\\/miehet\\\/etusivu-260109\\\/\"},{\"@type\":\"ListItem\",\"position\":2,\"name\":\"GrIFK vahvana uuteen pelikauteen\"}]},{\"@type\":\"WebSite\",\"@id\":\"https:\\\/\\\/grifk-handball.com\\\/miehet\\\/#website\",\"url\":\"https:\\\/\\\/grifk-handball.com\\\/miehet\\\/\",\"name\":\"GrIFK K\u00e4sipallo - miehet\",\"description\":\"BomBom!\",\"publisher\":{\"@id\":\"https:\\\/\\\/grifk-handball.com\\\/miehet\\\/#organization\"},\"potentialAction\":[{\"@type\":\"SearchAction\",\"target\":{\"@type\":\"EntryPoint\",\"urlTemplate\":\"https:\\\/\\\/grifk-handball.com\\\/miehet\\\/?s={search_term_string}\"},\"query-input\":{\"@type\":\"PropertyValueSpecification\",\"valueRequired\":true,\"valueName\":\"search_term_string\"}}],\"inLanguage\":\"fi\"},{\"@type\":\"Organization\",\"@id\":\"https:\\\/\\\/grifk-handball.com\\\/miehet\\\/#organization\",\"name\":\"GrIFK K\u00e4sipallo - miehet\",\"url\":\"https:\\\/\\\/grifk-handball.com\\\/miehet\\\/\",\"logo\":{\"@type\":\"ImageObject\",\"inLanguage\":\"fi\",\"@id\":\"https:\\\/\\\/grifk-handball.com\\\/miehet\\\/#\\\/schema\\\/logo\\\/image\\\/\",\"url\":\"https:\\\/\\\/i0.wp.com\\\/grifk-handball.com\\\/miehet\\\/wp-content\\\/uploads\\\/sites\\\/2\\\/2016\\\/10\\\/logo-grifk-iso.png?fit=1200%2C1400&ssl=1\",\"contentUrl\":\"https:\\\/\\\/i0.wp.com\\\/grifk-handball.com\\\/miehet\\\/wp-content\\\/uploads\\\/sites\\\/2\\\/2016\\\/10\\\/logo-grifk-iso.png?fit=1200%2C1400&ssl=1\",\"width\":1200,\"height\":1400,\"caption\":\"GrIFK K\u00e4sipallo - miehet\"},\"image\":{\"@id\":\"https:\\\/\\\/grifk-handball.com\\\/miehet\\\/#\\\/schema\\\/logo\\\/image\\\/\"},\"sameAs\":[\"https:\\\/\\\/www.facebook.com\\\/GrIFKelit\\\/\",\"https:\\\/\\\/x.com\\\/GrIFK_MSM\",\"https:\\\/\\\/www.instagram.com\\\/grifk_elit\\\/\"]},{\"@type\":\"Person\",\"@id\":\"https:\\\/\\\/grifk-handball.com\\\/miehet\\\/#\\\/schema\\\/person\\\/9da98c743e3f0f85a1b32f59241b48e0\",\"name\":\"granimaster\",\"image\":{\"@type\":\"ImageObject\",\"inLanguage\":\"fi\",\"@id\":\"https:\\\/\\\/secure.gravatar.com\\\/avatar\\\/034b8e6380fc659c320f13e17fe45bd9ab48a21e2debadd5f3179bde291949df?s=96&d=mm&r=g\",\"url\":\"https:\\\/\\\/secure.gravatar.com\\\/avatar\\\/034b8e6380fc659c320f13e17fe45bd9ab48a21e2debadd5f3179bde291949df?s=96&d=mm&r=g\",\"contentUrl\":\"https:\\\/\\\/secure.gravatar.com\\\/avatar\\\/034b8e6380fc659c320f13e17fe45bd9ab48a21e2debadd5f3179bde291949df?s=96&d=mm&r=g\",\"caption\":\"granimaster\"},\"url\":\"https:\\\/\\\/grifk-handball.com\\\/miehet\\\/author\\\/granimaster\\\/\"}]}<\/script>\n<!-- \/ Yoast SEO plugin. -->","yoast_head_json":{"title":"GrIFK vahvana uuteen pelikauteen &#8212; GrIFK K\u00e4sipallo - miehet","robots":{"index":"index","follow":"follow","max-snippet":"max-snippet:-1","max-image-preview":"max-image-preview:large","max-video-preview":"max-video-preview:-1"},"canonical":"https:\/\/grifk-handball.com\/miehet\/uutiset\/grifk-vahvana-uuteen-pelikauteen\/","og_locale":"fi_FI","og_type":"article","og_title":"GrIFK vahvana uuteen pelikauteen &#8212; GrIFK K\u00e4sipallo - miehet","og_description":"Granin edustusjoukkue tulevalle kaudelle on julkaistu. L\u00e4htij\u00f6it\u00e4 on kaikkiaan kuusi, tulopuolella on niin ik\u00e4\u00e4n kuusi laadukasta pelaajaa.","og_url":"https:\/\/grifk-handball.com\/miehet\/uutiset\/grifk-vahvana-uuteen-pelikauteen\/","og_site_name":"GrIFK K\u00e4sipallo - miehet","article_publisher":"https:\/\/www.facebook.com\/GrIFKelit\/","article_published_time":"2019-09-12T19:43:17+00:00","article_modified_time":"2019-09-13T09:43:47+00:00","og_image":[{"width":2048,"height":1365,"url":"https:\/\/i0.wp.com\/grifk-handball.com\/miehet\/wp-content\/uploads\/sites\/2\/2019\/03\/47345291792_4117c39076_k.jpg?fit=2048%2C1365&ssl=1","type":"image\/jpeg"}],"author":"granimaster","twitter_card":"summary_large_image","twitter_creator":"@GrIFK_MSM","twitter_site":"@GrIFK_MSM","twitter_misc":{"Kirjoittanut":"granimaster","Arvioitu lukuaika":"1 minuutti"},"schema":{"@context":"https:\/\/schema.org","@graph":[{"@type":"Article","@id":"https:\/\/grifk-handball.com\/miehet\/uutiset\/grifk-vahvana-uuteen-pelikauteen\/#article","isPartOf":{"@id":"https:\/\/grifk-handball.com\/miehet\/uutiset\/grifk-vahvana-uuteen-pelikauteen\/"},"author":{"name":"granimaster","@id":"https:\/\/grifk-handball.com\/miehet\/#\/schema\/person\/9da98c743e3f0f85a1b32f59241b48e0"},"headline":"GrIFK vahvana uuteen pelikauteen","datePublished":"2019-09-12T19:43:17+00:00","dateModified":"2019-09-13T09:43:47+00:00","mainEntityOfPage":{"@id":"https:\/\/grifk-handball.com\/miehet\/uutiset\/grifk-vahvana-uuteen-pelikauteen\/"},"wordCount":234,"publisher":{"@id":"https:\/\/grifk-handball.com\/miehet\/#organization"},"image":{"@id":"https:\/\/grifk-handball.com\/miehet\/uutiset\/grifk-vahvana-uuteen-pelikauteen\/#primaryimage"},"thumbnailUrl":"https:\/\/i0.wp.com\/grifk-handball.com\/miehet\/wp-content\/uploads\/sites\/2\/2019\/03\/47345291792_4117c39076_k.jpg?fit=2048%2C1365&ssl=1","keywords":["#BomBom","#GrIFKHandball","GrIFK","Pelaajat 2019-20","SM-liiga"],"articleSection":["Ennakot 2019-20","Uutiset"],"inLanguage":"fi"},{"@type":"WebPage","@id":"https:\/\/grifk-handball.com\/miehet\/uutiset\/grifk-vahvana-uuteen-pelikauteen\/","url":"https:\/\/grifk-handball.com\/miehet\/uutiset\/grifk-vahvana-uuteen-pelikauteen\/","name":"GrIFK vahvana uuteen pelikauteen &#8212; GrIFK K\u00e4sipallo - miehet","isPartOf":{"@id":"https:\/\/grifk-handball.com\/miehet\/#website"},"primaryImageOfPage":{"@id":"https:\/\/grifk-handball.com\/miehet\/uutiset\/grifk-vahvana-uuteen-pelikauteen\/#primaryimage"},"image":{"@id":"https:\/\/grifk-handball.com\/miehet\/uutiset\/grifk-vahvana-uuteen-pelikauteen\/#primaryimage"},"thumbnailUrl":"https:\/\/i0.wp.com\/grifk-handball.com\/miehet\/wp-content\/uploads\/sites\/2\/2019\/03\/47345291792_4117c39076_k.jpg?fit=2048%2C1365&ssl=1","datePublished":"2019-09-12T19:43:17+00:00","dateModified":"2019-09-13T09:43:47+00:00","breadcrumb":{"@id":"https:\/\/grifk-handball.com\/miehet\/uutiset\/grifk-vahvana-uuteen-pelikauteen\/#breadcrumb"},"inLanguage":"fi","potentialAction":[{"@type":"ReadAction","target":["https:\/\/grifk-handball.com\/miehet\/uutiset\/grifk-vahvana-uuteen-pelikauteen\/"]}]},{"@type":"ImageObject","inLanguage":"fi","@id":"https:\/\/grifk-handball.com\/miehet\/uutiset\/grifk-vahvana-uuteen-pelikauteen\/#primaryimage","url":"https:\/\/i0.wp.com\/grifk-handball.com\/miehet\/wp-content\/uploads\/sites\/2\/2019\/03\/47345291792_4117c39076_k.jpg?fit=2048%2C1365&ssl=1","contentUrl":"https:\/\/i0.wp.com\/grifk-handball.com\/miehet\/wp-content\/uploads\/sites\/2\/2019\/03\/47345291792_4117c39076_k.jpg?fit=2048%2C1365&ssl=1","width":2048,"height":1365},{"@type":"BreadcrumbList","@id":"https:\/\/grifk-handball.com\/miehet\/uutiset\/grifk-vahvana-uuteen-pelikauteen\/#breadcrumb","itemListElement":[{"@type":"ListItem","position":1,"name":"Home","item":"https:\/\/grifk-handball.com\/miehet\/etusivu-260109\/"},{"@type":"ListItem","position":2,"name":"GrIFK vahvana uuteen pelikauteen"}]},{"@type":"WebSite","@id":"https:\/\/grifk-handball.com\/miehet\/#website","url":"https:\/\/grifk-handball.com\/miehet\/","name":"GrIFK K\u00e4sipallo - miehet","description":"BomBom!","publisher":{"@id":"https:\/\/grifk-handball.com\/miehet\/#organization"},"potentialAction":[{"@type":"SearchAction","target":{"@type":"EntryPoint","urlTemplate":"https:\/\/grifk-handball.com\/miehet\/?s={search_term_string}"},"query-input":{"@type":"PropertyValueSpecification","valueRequired":true,"valueName":"search_term_string"}}],"inLanguage":"fi"},{"@type":"Organization","@id":"https:\/\/grifk-handball.com\/miehet\/#organization","name":"GrIFK K\u00e4sipallo - miehet","url":"https:\/\/grifk-handball.com\/miehet\/","logo":{"@type":"ImageObject","inLanguage":"fi","@id":"https:\/\/grifk-handball.com\/miehet\/#\/schema\/logo\/image\/","url":"https:\/\/i0.wp.com\/grifk-handball.com\/miehet\/wp-content\/uploads\/sites\/2\/2016\/10\/logo-grifk-iso.png?fit=1200%2C1400&ssl=1","contentUrl":"https:\/\/i0.wp.com\/grifk-handball.com\/miehet\/wp-content\/uploads\/sites\/2\/2016\/10\/logo-grifk-iso.png?fit=1200%2C1400&ssl=1","width":1200,"height":1400,"caption":"GrIFK K\u00e4sipallo - miehet"},"image":{"@id":"https:\/\/grifk-handball.com\/miehet\/#\/schema\/logo\/image\/"},"sameAs":["https:\/\/www.facebook.com\/GrIFKelit\/","https:\/\/x.com\/GrIFK_MSM","https:\/\/www.instagram.com\/grifk_elit\/"]},{"@type":"Person","@id":"https:\/\/grifk-handball.com\/miehet\/#\/schema\/person\/9da98c743e3f0f85a1b32f59241b48e0","name":"granimaster","image":{"@type":"ImageObject","inLanguage":"fi","@id":"https:\/\/secure.gravatar.com\/avatar\/034b8e6380fc659c320f13e17fe45bd9ab48a21e2debadd5f3179bde291949df?s=96&d=mm&r=g","url":"https:\/\/secure.gravatar.com\/avatar\/034b8e6380fc659c320f13e17fe45bd9ab48a21e2debadd5f3179bde291949df?s=96&d=mm&r=g","contentUrl":"https:\/\/secure.gravatar.com\/avatar\/034b8e6380fc659c320f13e17fe45bd9ab48a21e2debadd5f3179bde291949df?s=96&d=mm&r=g","caption":"granimaster"},"url":"https:\/\/grifk-handball.com\/miehet\/author\/granimaster\/"}]}},"jetpack_featured_media_url":"https:\/\/i0.wp.com\/grifk-handball.com\/miehet\/wp-content\/uploads\/sites\/2\/2019\/03\/47345291792_4117c39076_k.jpg?fit=2048%2C1365&ssl=1","jetpack_shortlink":"https:\/\/wp.me\/p9jQ9a-3gG","_links":{"self":[{"href":"https:\/\/grifk-handball.com\/miehet\/wp-json\/wp\/v2\/posts\/12566","targetHints":{"allow":["GET"]}}],"collection":[{"href":"https:\/\/grifk-handball.com\/miehet\/wp-json\/wp\/v2\/posts"}],"about":[{"href":"https:\/\/grifk-handball.com\/miehet\/wp-json\/wp\/v2\/types\/post"}],"author":[{"embeddable":true,"href":"https:\/\/grifk-handball.com\/miehet\/wp-json\/wp\/v2\/users\/1"}],"replies":[{"embeddable":true,"href":"https:\/\/grifk-handball.com\/miehet\/wp-json\/wp\/v2\/comments?post=12566"}],"version-history":[{"count":8,"href":"https:\/\/grifk-handball.com\/miehet\/wp-json\/wp\/v2\/posts\/12566\/revisions"}],"predecessor-version":[{"id":12608,"href":"https:\/\/grifk-handball.com\/miehet\/wp-json\/wp\/v2\/posts\/12566\/revisions\/12608"}],"wp:featuredmedia":[{"embeddable":true,"href":"https:\/\/grifk-handball.com\/miehet\/wp-json\/wp\/v2\/media\/11818"}],"wp:attachment":[{"href":"https:\/\/grifk-handball.com\/miehet\/wp-json\/wp\/v2\/media?parent=12566"}],"wp:term":[{"taxonomy":"category","embeddable":true,"href":"https:\/\/grifk-handball.com\/miehet\/wp-json\/wp\/v2\/categories?post=12566"},{"taxonomy":"post_tag","embeddable":true,"href":"https:\/\/grifk-handball.com\/miehet\/wp-json\/wp\/v2\/tags?post=12566"}],"curies":[{"name":"wp","href":"https:\/\/api.w.org\/{rel}","templated":true}]}}