{"id":13453,"date":"2020-01-06T16:22:46","date_gmt":"2020-01-06T14:22:46","guid":{"rendered":"https:\/\/grifk-handball.com\/miehet\/?p=13453"},"modified":"2020-01-06T16:24:55","modified_gmt":"2020-01-06T14:24:55","slug":"vi-hoppas-pa-en-trevlig-start-2020","status":"publish","type":"post","link":"https:\/\/grifk-handball.com\/miehet\/pava\/vi-hoppas-pa-en-trevlig-start-2020\/","title":{"rendered":"Vi hoppas p\u00e5 en trevlig start 2020"},"content":{"rendered":"\n<style type=\"text\/css\" data-created_by=\"avia_inline_auto\" id=\"style-css-av-14870ki-5d868c033df308dadfe83f960c84cc8a\">\n.flex_column.av-14870ki-5d868c033df308dadfe83f960c84cc8a{\nborder-radius:0px 0px 0px 0px;\npadding:0px 0px 0px 0px;\n}\n<\/style>\n<div  class='flex_column av-14870ki-5d868c033df308dadfe83f960c84cc8a av_three_fourth  avia-builder-el-0  el_before_av_three_fifth  avia-builder-el-first  first flex_column_div av-zero-column-padding  '     ><style type=\"text\/css\" data-created_by=\"avia_inline_auto\" id=\"style-css-av-k52j8phb-2b0da1c3283eb80446c7b54f7c01f9d1\">\n#top .av-special-heading.av-k52j8phb-2b0da1c3283eb80446c7b54f7c01f9d1{\npadding-bottom:10px;\n}\nbody .av-special-heading.av-k52j8phb-2b0da1c3283eb80446c7b54f7c01f9d1 .av-special-heading-tag .heading-char{\nfont-size:25px;\n}\n.av-special-heading.av-k52j8phb-2b0da1c3283eb80446c7b54f7c01f9d1 .av-subheading{\nfont-size:15px;\n}\n<\/style>\n<div  class='av-special-heading av-k52j8phb-2b0da1c3283eb80446c7b54f7c01f9d1 av-special-heading-h4 blockquote classic-quote  avia-builder-el-1  avia-builder-el-no-sibling '><h4 class='av-special-heading-tag '  itemprop=\"headline\"  ><span class='special_amp'>&#8221;<\/span>Det har skett en f\u00f6r\u00e4ndring i ledarstaben under julen<span class='special_amp'>&#8221;<\/span><\/h4><div class=\"special-heading-border\"><div class=\"special-heading-inner-border\"><\/div><\/div><\/div><\/div><div class='flex_column_table av-jm09d6tb-b50f6929200a38a8dd0941de2d80c557 sc-av_three_fifth av-equal-height-column-flextable'>\n<style type=\"text\/css\" data-created_by=\"avia_inline_auto\" id=\"style-css-av-jm09d6tb-b50f6929200a38a8dd0941de2d80c557\">\n.flex_column.av-jm09d6tb-b50f6929200a38a8dd0941de2d80c557{\nborder-radius:0px 0px 0px 0px;\npadding:0px 0px 0px 0px;\n}\n<\/style>\n<div  class='flex_column av-jm09d6tb-b50f6929200a38a8dd0941de2d80c557 av_three_fifth  avia-builder-el-2  el_after_av_three_fourth  el_before_av_two_fifth  first flex_column_table_cell av-equal-height-column av-align-top av-zero-column-padding  column-top-margin'     ><section  class='av_textblock_section av-1wlzjc-6feb3c300b30c246341c7b89afa29597 '   itemscope=\"itemscope\" itemtype=\"https:\/\/schema.org\/BlogPosting\" itemprop=\"blogPost\" ><div class='avia_textblock'  itemprop=\"text\" ><p>D\u00e5 var det dags att kicka ig\u00e5ng handbollstr\u00e4ningen igen och Grankulla g\u00f6r det med sp\u00e4nnande \u00f6gon. S\u00e4songen har som sagt inte b\u00f6rjat p\u00e5 det b\u00e4sta s\u00e4ttet f\u00f6r Grani men det kan bara bli b\u00e4ttre och vi siktar p\u00e5 att visa vad vi kan reda den 25\/1 d\u00e5 Sjunde\u00e5 kommer p\u00e5 bes\u00f6k till Grottan.<\/p>\n<p>Sjunde\u00e5 som vi f\u00f6rlorade mot senast d\u00e5 dom gjorde matchens avg\u00f6rande m\u00e5l med n\u00e5gon sekund kvar p\u00e5 klockan. S\u00e5 det \u00e4r revansch som g\u00e4ller. Vi hoppas s\u00e5klart att Grottan fylls med gr\u00f6nvita supportrar som b\u00e4r oss fram och blir v\u00e5r \u00e5ttonde spelare.<\/p>\n<p>Det brukar alltid vara j\u00e4mna och tuffa matcher mellan lagen n\u00e4r dom m\u00f6ts och \u00e4ven p\u00e5 l\u00e4ktaren brukar det vara fullt med gula tr\u00f6jor. SIF har \u00e4ven p\u00e5 de tv\u00e5 senaste m\u00f6tena i Grottan vunnit b\u00e5da. B\u00e5da vinsterna d\u00e4r kom i fjol\u00e5rets kvartsfinaler. Det senaste och femte avg\u00f6rande matchen slutade 28-33. Vi hoppas nu p\u00e5 omv\u00e4nda siffror.<\/p>\n<p>Det har skett en f\u00f6r\u00e4ndring i ledarstaben under julen och det \u00e4r ingen mindre \u00e4n Mikael K\u00e4llman som kommer tillbaka till Grankulla som chefstr\u00e4nare. K\u00e4llman \u00e4r nog ett bekant ansikte f\u00f6r m\u00e5nga d\u00e5 han var tr\u00e4nare f\u00f6r HC West fr\u00e5n 2008-2015. Det ska bli riktigt kul att se vad han har f\u00f6r ideer.<\/p>\n<p>S\u00e5 boka nu in l\u00f6rdagen den 25\/1. F\u00f6rst spelar v\u00e5ra damer 13.30 mot Sjunde\u00e5 och\u00a0 sedan spelar vi 16.00. Det kommer bli en h\u00e4rlig fight mellan tv\u00e5 bra lag som jagar viktiga po\u00e4ng. Efter matchen f\u00e5r ni g\u00e4rna komma till Scandic hotells restaurang KG och ta en \u00f6l och varf\u00f6r inte en matbit och snacka med spelarna. Vi \u00e4r alltid d\u00e4r n\u00e5gra stycken efter varje match f\u00f6r att kunna snacka med supportrarna.<\/p>\n<\/div><\/section><\/div><div class='av-flex-placeholder'><\/div>\n<style type=\"text\/css\" data-created_by=\"avia_inline_auto\" id=\"style-css-av-1zw32w-004f5fd54d9a27601e57de3308fed1d4\">\n.flex_column.av-1zw32w-004f5fd54d9a27601e57de3308fed1d4{\nborder-radius:0px 0px 0px 0px;\npadding:0px 0px 0px 0px;\n}\n<\/style>\n<div  class='flex_column av-1zw32w-004f5fd54d9a27601e57de3308fed1d4 av_two_fifth  avia-builder-el-4  el_after_av_three_fifth  avia-builder-el-last  flex_column_table_cell av-equal-height-column av-align-top av-zero-column-padding  column-top-margin'     ><p>\n<style type=\"text\/css\" data-created_by=\"avia_inline_auto\" id=\"style-css-av-jm09cvcn-e7e57418f9399fe4f61bea4a1004d198\">\n.avia-image-container.av-jm09cvcn-e7e57418f9399fe4f61bea4a1004d198 img.avia_image{\nbox-shadow:none;\n}\n.avia-image-container.av-jm09cvcn-e7e57418f9399fe4f61bea4a1004d198 .av-image-caption-overlay-center{\ncolor:#ffffff;\n}\n<\/style>\n<div  class='avia-image-container av-jm09cvcn-e7e57418f9399fe4f61bea4a1004d198 av-styling-no-styling av-hover-grow avia_animated_image av-animated-when-visible-95 fade-in avia-align-center  avia-builder-el-5  el_before_av_textblock  avia-builder-el-first '   itemprop=\"image\" itemscope=\"itemscope\" itemtype=\"https:\/\/schema.org\/ImageObject\" ><div class=\"avia-image-container-inner\"><div class=\"avia-image-overlay-wrap\"><img decoding=\"async\" fetchpriority=\"high\" class='wp-image-12859 avia-img-lazy-loading-not-12859 avia_image ' src=\"https:\/\/i0.wp.com\/grifk-handball.com\/miehet\/wp-content\/uploads\/sites\/2\/2019\/09\/20190918-175256-GrIFK-Miehet-0084.jpg?fit=686%2C1030&ssl=1\" alt='' title='20190918-175256-GrIFK Miehet (0084)'  height=\"1030\" width=\"686\"  itemprop=\"thumbnailUrl\" srcset=\"https:\/\/i0.wp.com\/grifk-handball.com\/miehet\/wp-content\/uploads\/sites\/2\/2019\/09\/20190918-175256-GrIFK-Miehet-0084.jpg?w=1365&amp;ssl=1 1365w, https:\/\/i0.wp.com\/grifk-handball.com\/miehet\/wp-content\/uploads\/sites\/2\/2019\/09\/20190918-175256-GrIFK-Miehet-0084.jpg?resize=200%2C300&amp;ssl=1 200w, https:\/\/i0.wp.com\/grifk-handball.com\/miehet\/wp-content\/uploads\/sites\/2\/2019\/09\/20190918-175256-GrIFK-Miehet-0084.jpg?resize=768%2C1152&amp;ssl=1 768w, https:\/\/i0.wp.com\/grifk-handball.com\/miehet\/wp-content\/uploads\/sites\/2\/2019\/09\/20190918-175256-GrIFK-Miehet-0084.jpg?resize=686%2C1030&amp;ssl=1 686w, https:\/\/i0.wp.com\/grifk-handball.com\/miehet\/wp-content\/uploads\/sites\/2\/2019\/09\/20190918-175256-GrIFK-Miehet-0084.jpg?resize=1000%2C1500&amp;ssl=1 1000w, https:\/\/i0.wp.com\/grifk-handball.com\/miehet\/wp-content\/uploads\/sites\/2\/2019\/09\/20190918-175256-GrIFK-Miehet-0084.jpg?resize=470%2C705&amp;ssl=1 470w\" sizes=\"(max-width: 686px) 100vw, 686px\" \/><\/div><\/div><\/div><br \/>\n<section  class='av_textblock_section av-jm09ip6r-b4288dad826a6c1231f4d8bd21f71337 '   itemscope=\"itemscope\" itemtype=\"https:\/\/schema.org\/BlogPosting\" itemprop=\"blogPost\" ><div class='avia_textblock'  itemprop=\"text\" ><h6 style=\"text-align: center;\">Patrik &#8221;Pava&#8221; Johanson \u00e4r den mest erfaren spelare i \u00e5rets Grankulla IFK. Pava har bland annat spelat i Bundesliga och Champions League i flera \u00e5r, och har vunnit 2 SM-guld i Sverige och VM-guld samt EM-silver med Sveriges U21 landslaget.<\/h6>\n<\/div><\/section><br \/>\n\n<style type=\"text\/css\" data-created_by=\"avia_inline_auto\" id=\"style-css-av-jojs2ozz-7633456c8cc578b7c2413769f6c55635\">\n#top .hr.hr-invisible.av-jojs2ozz-7633456c8cc578b7c2413769f6c55635{\nheight:30px;\n}\n<\/style>\n<div  class='hr av-jojs2ozz-7633456c8cc578b7c2413769f6c55635 hr-invisible  avia-builder-el-7  el_after_av_textblock  avia-builder-el-last '><span class='hr-inner '><span class=\"hr-inner-style\"><\/span><\/span><\/div><\/p><\/div><\/div><!--close column table wrapper. Autoclose: 1 --><\/p>\n","protected":false},"excerpt":{"rendered":"","protected":false},"author":1,"featured_media":13405,"comment_status":"closed","ping_status":"closed","sticky":false,"template":"","format":"standard","meta":{"_acf_changed":false,"footnotes":""},"categories":[304],"tags":[12,251,25,306],"class_list":["post-13453","post","type-post","status-publish","format-standard","has-post-thumbnail","hentry","category-pava","tag-bombom","tag-tunnetta-peliin","tag-grifk","tag-pava"],"acf":[],"yoast_head":"<!-- This site is optimized with the Yoast SEO plugin v27.5 - https:\/\/yoast.com\/product\/yoast-seo-wordpress\/ -->\n<title>Vi hoppas p\u00e5 en trevlig start 2020 &#8212; GrIFK K\u00e4sipallo - miehet<\/title>\n<meta name=\"robots\" content=\"index, follow, max-snippet:-1, max-image-preview:large, max-video-preview:-1\" \/>\n<link rel=\"canonical\" href=\"https:\/\/grifk-handball.com\/miehet\/pava\/vi-hoppas-pa-en-trevlig-start-2020\/\" \/>\n<meta property=\"og:locale\" content=\"fi_FI\" \/>\n<meta property=\"og:type\" content=\"article\" \/>\n<meta property=\"og:title\" content=\"Vi hoppas p\u00e5 en trevlig start 2020 &#8212; GrIFK K\u00e4sipallo - miehet\" \/>\n<meta property=\"og:url\" content=\"https:\/\/grifk-handball.com\/miehet\/pava\/vi-hoppas-pa-en-trevlig-start-2020\/\" \/>\n<meta property=\"og:site_name\" content=\"GrIFK K\u00e4sipallo - miehet\" \/>\n<meta property=\"article:publisher\" content=\"https:\/\/www.facebook.com\/GrIFKelit\/\" \/>\n<meta property=\"article:published_time\" content=\"2020-01-06T14:22:46+00:00\" \/>\n<meta property=\"article:modified_time\" content=\"2020-01-06T14:24:55+00:00\" \/>\n<meta property=\"og:image\" content=\"https:\/\/i0.wp.com\/grifk-handball.com\/miehet\/wp-content\/uploads\/sites\/2\/2019\/12\/79785695_10156732541728062_8278689289995288576_o.jpg?fit=1908%2C1272&ssl=1\" \/>\n\t<meta property=\"og:image:width\" content=\"1908\" \/>\n\t<meta property=\"og:image:height\" content=\"1272\" \/>\n\t<meta property=\"og:image:type\" content=\"image\/jpeg\" \/>\n<meta name=\"author\" content=\"granimaster\" \/>\n<meta name=\"twitter:card\" content=\"summary_large_image\" \/>\n<meta name=\"twitter:creator\" content=\"@GrIFK_MSM\" \/>\n<meta name=\"twitter:site\" content=\"@GrIFK_MSM\" \/>\n<meta name=\"twitter:label1\" content=\"Kirjoittanut\" \/>\n\t<meta name=\"twitter:data1\" content=\"granimaster\" \/>\n\t<meta name=\"twitter:label2\" content=\"Arvioitu lukuaika\" \/>\n\t<meta name=\"twitter:data2\" content=\"4 minuuttia\" \/>\n<script type=\"application\/ld+json\" class=\"yoast-schema-graph\">{\"@context\":\"https:\\\/\\\/schema.org\",\"@graph\":[{\"@type\":\"Article\",\"@id\":\"https:\\\/\\\/grifk-handball.com\\\/miehet\\\/pava\\\/vi-hoppas-pa-en-trevlig-start-2020\\\/#article\",\"isPartOf\":{\"@id\":\"https:\\\/\\\/grifk-handball.com\\\/miehet\\\/pava\\\/vi-hoppas-pa-en-trevlig-start-2020\\\/\"},\"author\":{\"name\":\"granimaster\",\"@id\":\"https:\\\/\\\/grifk-handball.com\\\/miehet\\\/#\\\/schema\\\/person\\\/9da98c743e3f0f85a1b32f59241b48e0\"},\"headline\":\"Vi hoppas p\u00e5 en trevlig start 2020\",\"datePublished\":\"2020-01-06T14:22:46+00:00\",\"dateModified\":\"2020-01-06T14:24:55+00:00\",\"mainEntityOfPage\":{\"@id\":\"https:\\\/\\\/grifk-handball.com\\\/miehet\\\/pava\\\/vi-hoppas-pa-en-trevlig-start-2020\\\/\"},\"wordCount\":764,\"publisher\":{\"@id\":\"https:\\\/\\\/grifk-handball.com\\\/miehet\\\/#organization\"},\"image\":{\"@id\":\"https:\\\/\\\/grifk-handball.com\\\/miehet\\\/pava\\\/vi-hoppas-pa-en-trevlig-start-2020\\\/#primaryimage\"},\"thumbnailUrl\":\"https:\\\/\\\/i0.wp.com\\\/grifk-handball.com\\\/miehet\\\/wp-content\\\/uploads\\\/sites\\\/2\\\/2019\\\/12\\\/79785695_10156732541728062_8278689289995288576_o.jpg?fit=1908%2C1272&ssl=1\",\"keywords\":[\"#BomBom\",\"#Tunnetta peliin\",\"GrIFK\",\"Pava\"],\"articleSection\":[\"Pava\"],\"inLanguage\":\"fi\"},{\"@type\":\"WebPage\",\"@id\":\"https:\\\/\\\/grifk-handball.com\\\/miehet\\\/pava\\\/vi-hoppas-pa-en-trevlig-start-2020\\\/\",\"url\":\"https:\\\/\\\/grifk-handball.com\\\/miehet\\\/pava\\\/vi-hoppas-pa-en-trevlig-start-2020\\\/\",\"name\":\"Vi hoppas p\u00e5 en trevlig start 2020 &#8212; GrIFK K\u00e4sipallo - miehet\",\"isPartOf\":{\"@id\":\"https:\\\/\\\/grifk-handball.com\\\/miehet\\\/#website\"},\"primaryImageOfPage\":{\"@id\":\"https:\\\/\\\/grifk-handball.com\\\/miehet\\\/pava\\\/vi-hoppas-pa-en-trevlig-start-2020\\\/#primaryimage\"},\"image\":{\"@id\":\"https:\\\/\\\/grifk-handball.com\\\/miehet\\\/pava\\\/vi-hoppas-pa-en-trevlig-start-2020\\\/#primaryimage\"},\"thumbnailUrl\":\"https:\\\/\\\/i0.wp.com\\\/grifk-handball.com\\\/miehet\\\/wp-content\\\/uploads\\\/sites\\\/2\\\/2019\\\/12\\\/79785695_10156732541728062_8278689289995288576_o.jpg?fit=1908%2C1272&ssl=1\",\"datePublished\":\"2020-01-06T14:22:46+00:00\",\"dateModified\":\"2020-01-06T14:24:55+00:00\",\"breadcrumb\":{\"@id\":\"https:\\\/\\\/grifk-handball.com\\\/miehet\\\/pava\\\/vi-hoppas-pa-en-trevlig-start-2020\\\/#breadcrumb\"},\"inLanguage\":\"fi\",\"potentialAction\":[{\"@type\":\"ReadAction\",\"target\":[\"https:\\\/\\\/grifk-handball.com\\\/miehet\\\/pava\\\/vi-hoppas-pa-en-trevlig-start-2020\\\/\"]}]},{\"@type\":\"ImageObject\",\"inLanguage\":\"fi\",\"@id\":\"https:\\\/\\\/grifk-handball.com\\\/miehet\\\/pava\\\/vi-hoppas-pa-en-trevlig-start-2020\\\/#primaryimage\",\"url\":\"https:\\\/\\\/i0.wp.com\\\/grifk-handball.com\\\/miehet\\\/wp-content\\\/uploads\\\/sites\\\/2\\\/2019\\\/12\\\/79785695_10156732541728062_8278689289995288576_o.jpg?fit=1908%2C1272&ssl=1\",\"contentUrl\":\"https:\\\/\\\/i0.wp.com\\\/grifk-handball.com\\\/miehet\\\/wp-content\\\/uploads\\\/sites\\\/2\\\/2019\\\/12\\\/79785695_10156732541728062_8278689289995288576_o.jpg?fit=1908%2C1272&ssl=1\",\"width\":1908,\"height\":1272},{\"@type\":\"BreadcrumbList\",\"@id\":\"https:\\\/\\\/grifk-handball.com\\\/miehet\\\/pava\\\/vi-hoppas-pa-en-trevlig-start-2020\\\/#breadcrumb\",\"itemListElement\":[{\"@type\":\"ListItem\",\"position\":1,\"name\":\"Home\",\"item\":\"https:\\\/\\\/grifk-handball.com\\\/miehet\\\/etusivu-260109\\\/\"},{\"@type\":\"ListItem\",\"position\":2,\"name\":\"Vi hoppas p\u00e5 en trevlig start 2020\"}]},{\"@type\":\"WebSite\",\"@id\":\"https:\\\/\\\/grifk-handball.com\\\/miehet\\\/#website\",\"url\":\"https:\\\/\\\/grifk-handball.com\\\/miehet\\\/\",\"name\":\"GrIFK K\u00e4sipallo - miehet\",\"description\":\"BomBom!\",\"publisher\":{\"@id\":\"https:\\\/\\\/grifk-handball.com\\\/miehet\\\/#organization\"},\"potentialAction\":[{\"@type\":\"SearchAction\",\"target\":{\"@type\":\"EntryPoint\",\"urlTemplate\":\"https:\\\/\\\/grifk-handball.com\\\/miehet\\\/?s={search_term_string}\"},\"query-input\":{\"@type\":\"PropertyValueSpecification\",\"valueRequired\":true,\"valueName\":\"search_term_string\"}}],\"inLanguage\":\"fi\"},{\"@type\":\"Organization\",\"@id\":\"https:\\\/\\\/grifk-handball.com\\\/miehet\\\/#organization\",\"name\":\"GrIFK K\u00e4sipallo - miehet\",\"url\":\"https:\\\/\\\/grifk-handball.com\\\/miehet\\\/\",\"logo\":{\"@type\":\"ImageObject\",\"inLanguage\":\"fi\",\"@id\":\"https:\\\/\\\/grifk-handball.com\\\/miehet\\\/#\\\/schema\\\/logo\\\/image\\\/\",\"url\":\"https:\\\/\\\/i0.wp.com\\\/grifk-handball.com\\\/miehet\\\/wp-content\\\/uploads\\\/sites\\\/2\\\/2016\\\/10\\\/logo-grifk-iso.png?fit=1200%2C1400&ssl=1\",\"contentUrl\":\"https:\\\/\\\/i0.wp.com\\\/grifk-handball.com\\\/miehet\\\/wp-content\\\/uploads\\\/sites\\\/2\\\/2016\\\/10\\\/logo-grifk-iso.png?fit=1200%2C1400&ssl=1\",\"width\":1200,\"height\":1400,\"caption\":\"GrIFK K\u00e4sipallo - miehet\"},\"image\":{\"@id\":\"https:\\\/\\\/grifk-handball.com\\\/miehet\\\/#\\\/schema\\\/logo\\\/image\\\/\"},\"sameAs\":[\"https:\\\/\\\/www.facebook.com\\\/GrIFKelit\\\/\",\"https:\\\/\\\/x.com\\\/GrIFK_MSM\",\"https:\\\/\\\/www.instagram.com\\\/grifk_elit\\\/\"]},{\"@type\":\"Person\",\"@id\":\"https:\\\/\\\/grifk-handball.com\\\/miehet\\\/#\\\/schema\\\/person\\\/9da98c743e3f0f85a1b32f59241b48e0\",\"name\":\"granimaster\",\"image\":{\"@type\":\"ImageObject\",\"inLanguage\":\"fi\",\"@id\":\"https:\\\/\\\/secure.gravatar.com\\\/avatar\\\/034b8e6380fc659c320f13e17fe45bd9ab48a21e2debadd5f3179bde291949df?s=96&d=mm&r=g\",\"url\":\"https:\\\/\\\/secure.gravatar.com\\\/avatar\\\/034b8e6380fc659c320f13e17fe45bd9ab48a21e2debadd5f3179bde291949df?s=96&d=mm&r=g\",\"contentUrl\":\"https:\\\/\\\/secure.gravatar.com\\\/avatar\\\/034b8e6380fc659c320f13e17fe45bd9ab48a21e2debadd5f3179bde291949df?s=96&d=mm&r=g\",\"caption\":\"granimaster\"},\"url\":\"https:\\\/\\\/grifk-handball.com\\\/miehet\\\/author\\\/granimaster\\\/\"}]}<\/script>\n<!-- \/ Yoast SEO plugin. -->","yoast_head_json":{"title":"Vi hoppas p\u00e5 en trevlig start 2020 &#8212; GrIFK K\u00e4sipallo - miehet","robots":{"index":"index","follow":"follow","max-snippet":"max-snippet:-1","max-image-preview":"max-image-preview:large","max-video-preview":"max-video-preview:-1"},"canonical":"https:\/\/grifk-handball.com\/miehet\/pava\/vi-hoppas-pa-en-trevlig-start-2020\/","og_locale":"fi_FI","og_type":"article","og_title":"Vi hoppas p\u00e5 en trevlig start 2020 &#8212; GrIFK K\u00e4sipallo - miehet","og_url":"https:\/\/grifk-handball.com\/miehet\/pava\/vi-hoppas-pa-en-trevlig-start-2020\/","og_site_name":"GrIFK K\u00e4sipallo - miehet","article_publisher":"https:\/\/www.facebook.com\/GrIFKelit\/","article_published_time":"2020-01-06T14:22:46+00:00","article_modified_time":"2020-01-06T14:24:55+00:00","og_image":[{"width":1908,"height":1272,"url":"https:\/\/i0.wp.com\/grifk-handball.com\/miehet\/wp-content\/uploads\/sites\/2\/2019\/12\/79785695_10156732541728062_8278689289995288576_o.jpg?fit=1908%2C1272&ssl=1","type":"image\/jpeg"}],"author":"granimaster","twitter_card":"summary_large_image","twitter_creator":"@GrIFK_MSM","twitter_site":"@GrIFK_MSM","twitter_misc":{"Kirjoittanut":"granimaster","Arvioitu lukuaika":"4 minuuttia"},"schema":{"@context":"https:\/\/schema.org","@graph":[{"@type":"Article","@id":"https:\/\/grifk-handball.com\/miehet\/pava\/vi-hoppas-pa-en-trevlig-start-2020\/#article","isPartOf":{"@id":"https:\/\/grifk-handball.com\/miehet\/pava\/vi-hoppas-pa-en-trevlig-start-2020\/"},"author":{"name":"granimaster","@id":"https:\/\/grifk-handball.com\/miehet\/#\/schema\/person\/9da98c743e3f0f85a1b32f59241b48e0"},"headline":"Vi hoppas p\u00e5 en trevlig start 2020","datePublished":"2020-01-06T14:22:46+00:00","dateModified":"2020-01-06T14:24:55+00:00","mainEntityOfPage":{"@id":"https:\/\/grifk-handball.com\/miehet\/pava\/vi-hoppas-pa-en-trevlig-start-2020\/"},"wordCount":764,"publisher":{"@id":"https:\/\/grifk-handball.com\/miehet\/#organization"},"image":{"@id":"https:\/\/grifk-handball.com\/miehet\/pava\/vi-hoppas-pa-en-trevlig-start-2020\/#primaryimage"},"thumbnailUrl":"https:\/\/i0.wp.com\/grifk-handball.com\/miehet\/wp-content\/uploads\/sites\/2\/2019\/12\/79785695_10156732541728062_8278689289995288576_o.jpg?fit=1908%2C1272&ssl=1","keywords":["#BomBom","#Tunnetta peliin","GrIFK","Pava"],"articleSection":["Pava"],"inLanguage":"fi"},{"@type":"WebPage","@id":"https:\/\/grifk-handball.com\/miehet\/pava\/vi-hoppas-pa-en-trevlig-start-2020\/","url":"https:\/\/grifk-handball.com\/miehet\/pava\/vi-hoppas-pa-en-trevlig-start-2020\/","name":"Vi hoppas p\u00e5 en trevlig start 2020 &#8212; GrIFK K\u00e4sipallo - miehet","isPartOf":{"@id":"https:\/\/grifk-handball.com\/miehet\/#website"},"primaryImageOfPage":{"@id":"https:\/\/grifk-handball.com\/miehet\/pava\/vi-hoppas-pa-en-trevlig-start-2020\/#primaryimage"},"image":{"@id":"https:\/\/grifk-handball.com\/miehet\/pava\/vi-hoppas-pa-en-trevlig-start-2020\/#primaryimage"},"thumbnailUrl":"https:\/\/i0.wp.com\/grifk-handball.com\/miehet\/wp-content\/uploads\/sites\/2\/2019\/12\/79785695_10156732541728062_8278689289995288576_o.jpg?fit=1908%2C1272&ssl=1","datePublished":"2020-01-06T14:22:46+00:00","dateModified":"2020-01-06T14:24:55+00:00","breadcrumb":{"@id":"https:\/\/grifk-handball.com\/miehet\/pava\/vi-hoppas-pa-en-trevlig-start-2020\/#breadcrumb"},"inLanguage":"fi","potentialAction":[{"@type":"ReadAction","target":["https:\/\/grifk-handball.com\/miehet\/pava\/vi-hoppas-pa-en-trevlig-start-2020\/"]}]},{"@type":"ImageObject","inLanguage":"fi","@id":"https:\/\/grifk-handball.com\/miehet\/pava\/vi-hoppas-pa-en-trevlig-start-2020\/#primaryimage","url":"https:\/\/i0.wp.com\/grifk-handball.com\/miehet\/wp-content\/uploads\/sites\/2\/2019\/12\/79785695_10156732541728062_8278689289995288576_o.jpg?fit=1908%2C1272&ssl=1","contentUrl":"https:\/\/i0.wp.com\/grifk-handball.com\/miehet\/wp-content\/uploads\/sites\/2\/2019\/12\/79785695_10156732541728062_8278689289995288576_o.jpg?fit=1908%2C1272&ssl=1","width":1908,"height":1272},{"@type":"BreadcrumbList","@id":"https:\/\/grifk-handball.com\/miehet\/pava\/vi-hoppas-pa-en-trevlig-start-2020\/#breadcrumb","itemListElement":[{"@type":"ListItem","position":1,"name":"Home","item":"https:\/\/grifk-handball.com\/miehet\/etusivu-260109\/"},{"@type":"ListItem","position":2,"name":"Vi hoppas p\u00e5 en trevlig start 2020"}]},{"@type":"WebSite","@id":"https:\/\/grifk-handball.com\/miehet\/#website","url":"https:\/\/grifk-handball.com\/miehet\/","name":"GrIFK K\u00e4sipallo - miehet","description":"BomBom!","publisher":{"@id":"https:\/\/grifk-handball.com\/miehet\/#organization"},"potentialAction":[{"@type":"SearchAction","target":{"@type":"EntryPoint","urlTemplate":"https:\/\/grifk-handball.com\/miehet\/?s={search_term_string}"},"query-input":{"@type":"PropertyValueSpecification","valueRequired":true,"valueName":"search_term_string"}}],"inLanguage":"fi"},{"@type":"Organization","@id":"https:\/\/grifk-handball.com\/miehet\/#organization","name":"GrIFK K\u00e4sipallo - miehet","url":"https:\/\/grifk-handball.com\/miehet\/","logo":{"@type":"ImageObject","inLanguage":"fi","@id":"https:\/\/grifk-handball.com\/miehet\/#\/schema\/logo\/image\/","url":"https:\/\/i0.wp.com\/grifk-handball.com\/miehet\/wp-content\/uploads\/sites\/2\/2016\/10\/logo-grifk-iso.png?fit=1200%2C1400&ssl=1","contentUrl":"https:\/\/i0.wp.com\/grifk-handball.com\/miehet\/wp-content\/uploads\/sites\/2\/2016\/10\/logo-grifk-iso.png?fit=1200%2C1400&ssl=1","width":1200,"height":1400,"caption":"GrIFK K\u00e4sipallo - miehet"},"image":{"@id":"https:\/\/grifk-handball.com\/miehet\/#\/schema\/logo\/image\/"},"sameAs":["https:\/\/www.facebook.com\/GrIFKelit\/","https:\/\/x.com\/GrIFK_MSM","https:\/\/www.instagram.com\/grifk_elit\/"]},{"@type":"Person","@id":"https:\/\/grifk-handball.com\/miehet\/#\/schema\/person\/9da98c743e3f0f85a1b32f59241b48e0","name":"granimaster","image":{"@type":"ImageObject","inLanguage":"fi","@id":"https:\/\/secure.gravatar.com\/avatar\/034b8e6380fc659c320f13e17fe45bd9ab48a21e2debadd5f3179bde291949df?s=96&d=mm&r=g","url":"https:\/\/secure.gravatar.com\/avatar\/034b8e6380fc659c320f13e17fe45bd9ab48a21e2debadd5f3179bde291949df?s=96&d=mm&r=g","contentUrl":"https:\/\/secure.gravatar.com\/avatar\/034b8e6380fc659c320f13e17fe45bd9ab48a21e2debadd5f3179bde291949df?s=96&d=mm&r=g","caption":"granimaster"},"url":"https:\/\/grifk-handball.com\/miehet\/author\/granimaster\/"}]}},"jetpack_featured_media_url":"https:\/\/i0.wp.com\/grifk-handball.com\/miehet\/wp-content\/uploads\/sites\/2\/2019\/12\/79785695_10156732541728062_8278689289995288576_o.jpg?fit=1908%2C1272&ssl=1","jetpack_shortlink":"https:\/\/wp.me\/p9jQ9a-3uZ","_links":{"self":[{"href":"https:\/\/grifk-handball.com\/miehet\/wp-json\/wp\/v2\/posts\/13453","targetHints":{"allow":["GET"]}}],"collection":[{"href":"https:\/\/grifk-handball.com\/miehet\/wp-json\/wp\/v2\/posts"}],"about":[{"href":"https:\/\/grifk-handball.com\/miehet\/wp-json\/wp\/v2\/types\/post"}],"author":[{"embeddable":true,"href":"https:\/\/grifk-handball.com\/miehet\/wp-json\/wp\/v2\/users\/1"}],"replies":[{"embeddable":true,"href":"https:\/\/grifk-handball.com\/miehet\/wp-json\/wp\/v2\/comments?post=13453"}],"version-history":[{"count":2,"href":"https:\/\/grifk-handball.com\/miehet\/wp-json\/wp\/v2\/posts\/13453\/revisions"}],"predecessor-version":[{"id":13455,"href":"https:\/\/grifk-handball.com\/miehet\/wp-json\/wp\/v2\/posts\/13453\/revisions\/13455"}],"wp:featuredmedia":[{"embeddable":true,"href":"https:\/\/grifk-handball.com\/miehet\/wp-json\/wp\/v2\/media\/13405"}],"wp:attachment":[{"href":"https:\/\/grifk-handball.com\/miehet\/wp-json\/wp\/v2\/media?parent=13453"}],"wp:term":[{"taxonomy":"category","embeddable":true,"href":"https:\/\/grifk-handball.com\/miehet\/wp-json\/wp\/v2\/categories?post=13453"},{"taxonomy":"post_tag","embeddable":true,"href":"https:\/\/grifk-handball.com\/miehet\/wp-json\/wp\/v2\/tags?post=13453"}],"curies":[{"name":"wp","href":"https:\/\/api.w.org\/{rel}","templated":true}]}}