{"id":13481,"date":"2020-01-25T21:52:38","date_gmt":"2020-01-25T19:52:38","guid":{"rendered":"https:\/\/grifk-handball.com\/miehet\/?p=13481"},"modified":"2020-01-27T15:24:15","modified_gmt":"2020-01-27T13:24:15","slug":"peli-ilo-palannut-kauniaisiin-pirtea-grani-oli-kellistaa-sifn","status":"publish","type":"post","link":"https:\/\/grifk-handball.com\/miehet\/2019-20\/ottelut-2019-20\/peli-ilo-palannut-kauniaisiin-pirtea-grani-oli-kellistaa-sifn\/","title":{"rendered":"Peli-ilo palannut Kauniaisiin &#8211; pirte\u00e4 Grani oli kellist\u00e4\u00e4 SIF:n"},"content":{"rendered":"<section  class='av_textblock_section av-k2nrg7kn-ccc9d65b8a6235c708c152a5baf4adc6 '   itemscope=\"itemscope\" itemtype=\"https:\/\/schema.org\/BlogPosting\" itemprop=\"blogPost\" ><div class='avia_textblock'  itemprop=\"text\" ><p>K\u00e4sipallon SM-liiga palasi Kauniaisiin uudella ilmeell\u00e4 kun valmentajan vaihdoksen my\u00f6t\u00e4 GrIFK:n peli-ilo oli silmiinpist\u00e4v\u00e4. Mikael K\u00e4llmanin kolmen viikon kuuri oli tuottaa heti ensimm\u00e4isess\u00e4 ottelussa t\u00e4yden pistepotin mutta viime syksyn\u00e4 jo kolme kertaa luvunlaskusta selvinnyt SIF tasoitti pelin vain pari sekuntia ennen loppusummeria. Siuntiolaisten kolmas tasapeli kymmeneen otteluun kirjattiin lukemin 26-26 (15-9).<\/p>\n<p><!--more--><\/p>\n<p>GrIFK:n aloitti ottelun rytin\u00e4ll\u00e4, kiitos sairastuvalta palanneen Albert Georgsin, joka sai kerta kaikkisen huikean alun ottelulle ja pohjusti Granin kauden toistaiseksi parhaan esityksen. Vaikuttava oli my\u00f6s kotijoukkueen puolustuspelaaminen, mik\u00e4 osaltaan helpotti maalivahdin toimintaa.<\/p>\n<p>Vincent Voutilainen teki 3. minuutilla ottelun avausmaalin, jonka Anthony Hellakoski kuittasi kaksi minuuttia my\u00f6hemmin. Sen koommin SIF ei p\u00e4\u00e4ssyt tasoihin ennen Christoffer Thorin kolme sekuntia ennen loppua viimeistelem\u00e4\u00e4 ottelun viimeist\u00e4 maalia.<\/p>\n<p>Kotijoukkue otti t\u00e4yden hallinnan pelitapahtumista avausjakson loppupuolella ja johti tauolla 15-9. SIF tuli toiselle jaksolle paremmin keskittyneen\u00e4 ja p\u00e4\u00e4si Sten Maasalun johdolla hivuttautumaan maali kerrallaan l\u00e4hemm\u00e4s. Lopussa seitsem\u00e4ll\u00e4 hy\u00f6k\u00e4nnyt vieras sai tarvittavat maalipaikat ja oli kotijoukkuetta viile\u00e4mpi ratkaisuissa.<\/p>\n<p>K\u00e4llmanin alkuper\u00e4iset suunnitelmat joukkueen peluutukseen murenivat perjantai-illan harjoituksiin kun Richard Sundbergin loukkaantuminen sekoitti pakkaa. Avausjaksolla pelaaja toisensa j\u00e4lkeen sai mahdollisuuden ja parhaiten onnistui ennakkoluulottomasti esiintynyt Alexander Qvist. A-juniori kiitti luottamuksesta ja nousi saman tien ottelun arvokkaimmaksi pelaajaksi.<\/p>\n<h3>Nuoret kiittiv\u00e4t vastuusta<\/h3>\n<p>Jos Qvist oli Granin yll\u00e4tyskortti, v\u00e4hint\u00e4\u00e4n samaa voi sanoa SIF:n nuoresta kakkosmaalivahdista Thomas Lostedtista, joka torjui ottelussa &#8221;vain&#8221; nelj\u00e4 kertaa mutta jokainen niist\u00e4 oli vieraille kultaakin kalliimpi ja tuli Granin kannalta mahdollisimman pahaan paikkaan. Lopulta ratkaisevimmat torjunnat tuli 25 sekuntia ennen ottelun loppua kun Granilla oli mahdollisuus ratkaista ottelu edukseen seitsem\u00e4st\u00e4 metrist\u00e4. Lostedt torjui sek\u00e4 Hellakosken rankkarin ett\u00e4 sit\u00e4 seuranneen reboundin, jota seurannut hy\u00f6kk\u00e4ys j\u00e4i ottelun viimeiseksi.<\/p>\n<p>Granin ruotsalaisvahvistus Anton Karlsson palasi Georgsin tavoin pitk\u00e4n tauon j\u00e4lkeen pelikentille ja teki Fredrik Forssin kanssa hyv\u00e4\u00e4 ty\u00f6t\u00e4 puolustusp\u00e4\u00e4ss\u00e4. My\u00f6s SIF oli saanut takaisin yhden runkopelaajansa kun Alexander von Numers pelasi kauden ensimm\u00e4isen ottelunsa, joka tosin j\u00e4i hieman vajaaksi toisen jakson puoliv\u00e4liss\u00e4 saadun punaisen kortin takia.<\/p>\n<h3>Taktinen kaksintaistelu valmentajien v\u00e4lill\u00e4<\/h3>\n<p>K\u00e4llman k\u00e4vi SIF-kolleegansa Teddy Nordlingin kanssa pelin edetess\u00e4 oman taktisen ottelunsa, joka niin ik\u00e4\u00e4n p\u00e4\u00e4ttyi tasapeliin. Nordling joutui jo varhaisessa vaiheessa aloittamaan toimet est\u00e4\u00e4kseen vastustajan karkaamisen tavoittamattomiin, ja K\u00e4llman katsoi jaetut kortit ja teki omat vastaliikkeens\u00e4 n\u00e4hty\u00e4\u00e4n SIF:n muutokset.<\/p>\n<p>Kumpikin valmentaja oli ottelun j\u00e4lkeen yht\u00e4 mielt\u00e4 siit\u00e4 ett\u00e4 Grani olisi n\u00e4hdyn perusteella ansainnut molemmat sarjapisteet.<\/p>\n<p>K\u00e4llman kiitteli ja kehui joukkuettaan:<\/p>\n<p><em>&#8221;Olen iloinen ja ylpe\u00e4 joukkueesta. Kokonaisuudessa pelasimme eritt\u00e4in hyvin ja pojat voivat olla ylpeit\u00e4 esityksest\u00e4\u00e4n. Me olisimme ansainneet kaksi pistett\u00e4. Mielest\u00e4ni olimme t\u00e4n\u00e4\u00e4n parempi joukkue l\u00e4pi koko ottelun. Siuntio tuli lopussa rinnalle kun me hieman hermostuimme ja pallo poltteli k\u00e4siss\u00e4. Yksitt\u00e4iset ep\u00e4onnistumiset koitui meid\u00e4n kohtaloksi.&#8221;<\/em><\/p>\n<p>Nordling oli samoilla linjoilla K\u00e4llmanin kanssa ja tunnusti ett\u00e4 SIF ei ehk\u00e4 olisi ansainnut saavuttamaansa pistett\u00e4.<\/p>\n<p><em>&#8221;Meid\u00e4n peli on huonoa alusta loppuun. Tahto ja vauhti puuttuu pelist\u00e4mme ja kukaan ei oikein mene tilanteisiin oikealla tavalla. Pitk\u00e4 tauko selitt\u00e4\u00e4 ehk\u00e4 jotain mutta sama tauko on ollut Granillakin. Joukkueen tahto ja asenne on t\u00e4n\u00e4n huono ja tuntuu silt\u00e4 ett\u00e4 ry\u00f6stettiin Granilta yksi piste t\u00e4n\u00e4\u00e4n.&#8221;<\/em><\/p>\n<h3>Iso harppaus eteenp\u00e4in<\/h3>\n<p>SIF-ottelu oli huikea harppaus eteenp\u00e4in verrattuna syksyn painajaismaiseen taaperrukseen. Useampi pelaaja on maininnut valmentajanvaihdoksen palauttaneen motivaation k\u00e4sipallon pelaamiseen ja se n\u00e4kyi my\u00f6s kent\u00e4ll\u00e4 aiempaa tiiviimp\u00e4n\u00e4 kokonaisuutena.<\/p>\n<p>Pelimoottori Anthony Hellakosken mukaan keskittyminen perusasioihin ja ennenkaikkea asioiden yksinkertaistaminen harjoituksissa on selkeytt\u00e4nyt joukkueen peli\u00e4. Parannettavaa viel\u00e4 riitt\u00e4\u00e4 ja yksi elementti jota Grani ei miss\u00e4\u00e4n vaiheessa SIF:i\u00e4 vastaan p\u00e4\u00e4ssyt juurikaan hy\u00f6dynt\u00e4m\u00e4\u00e4n oli kontrauspeli.<\/p>\n<p>Tulevalla viikolla mm. vastaiskujen tehostamista p\u00e4\u00e4st\u00e4\u00e4n yritt\u00e4m\u00e4\u00e4n kahden ottelun verran, kun keskiviikkona Luolaan saapuu Mestareiden liigakiireet taakseen j\u00e4tt\u00e4nyt ja kotoiseen liigaan paremmin keskittynyt hallitseva mestari Cocks, joka viikolla aiheutti Dickenille sen ensimm\u00e4isen tappion runkosarjassa. Siit\u00e4 Granin matka jatkuu perjantaina vieraspeliin Paraisille. Runkosarjan kaksi viimeist\u00e4 ottelua ovat helmikuun puolella BK-46:tta ja \u00c5IFK:ta vastaan, molemmat kotona.<\/p>\n<p><em>Kuvat: <span class=\"_5yl5\">Henri Merikalla \/ <a href=\"https:\/\/www.facebook.com\/handis365\" target=\"_blank\" rel=\"noopener noreferrer\">Handis365<\/a><\/span><\/em><\/p>\n<div style=\"display: none;\">\n<h3>GrIFK:lla enn\u00e4tysmusta putki<\/h3>\n<p>Granin syksy on kulkenut ronskisti mollin puolella, ja joukkueen viimeisimm\u00e4st\u00e4 voitosta alkaa olla jo pitk\u00e4 tovi. Kaikki putket p\u00e4\u00e4tyy kuitenkin aikanaan ja joukkueen vakaa aikomus on aloittaa uusi putki perjantaina 22.11. Turussa, jonne GrIFK matkustaa \u00c5IFK:n vieraaksi.<\/p>\n<\/div>\n<\/div><\/section>\n","protected":false},"excerpt":{"rendered":"<p>K\u00e4sipallon SM-liiga palasi Kauniaisiin uudella ilmeell\u00e4 kun valmentajan vaihdoksen my\u00f6t\u00e4 GrIFK:n peli-ilo oli silmiinpist\u00e4v\u00e4. Mikael K\u00e4llmanin kolmen viikon kuuri oli tuottaa heti ensimm\u00e4isess\u00e4 ottelussa t\u00e4yden pistepotin mutta viime syksyn\u00e4 jo kolme kertaa luvunlaskusta selvinnyt SIF tasoitti pelin vain pari sekuntia ennen loppusummeria. Siuntiolaisten kolmas tasapeli kymmeneen otteluun kirjattiin lukemin 26-26 (15-9).<\/p>\n","protected":false},"author":1,"featured_media":13493,"comment_status":"closed","ping_status":"closed","sticky":false,"template":"","format":"standard","meta":{"_acf_changed":false,"footnotes":""},"categories":[373],"tags":[12,26,385,251,25,38,39,41],"class_list":["post-13481","post","type-post","status-publish","format-standard","has-post-thumbnail","hentry","category-ottelut-2019-20","tag-bombom","tag-grifkhandball","tag-respect","tag-tunnetta-peliin","tag-grifk","tag-runkosarja","tag-sif","tag-sm-liiga"],"acf":[],"yoast_head":"<!-- This site is optimized with the Yoast SEO plugin v27.5 - https:\/\/yoast.com\/product\/yoast-seo-wordpress\/ -->\n<title>Peli-ilo palannut Kauniaisiin - pirte\u00e4 Grani oli kellist\u00e4\u00e4 SIF:n &#8212; GrIFK K\u00e4sipallo - miehet<\/title>\n<meta name=\"robots\" content=\"index, follow, max-snippet:-1, max-image-preview:large, max-video-preview:-1\" \/>\n<link rel=\"canonical\" href=\"https:\/\/grifk-handball.com\/miehet\/2019-20\/ottelut-2019-20\/peli-ilo-palannut-kauniaisiin-pirtea-grani-oli-kellistaa-sifn\/\" \/>\n<meta property=\"og:locale\" content=\"fi_FI\" \/>\n<meta property=\"og:type\" content=\"article\" \/>\n<meta property=\"og:title\" content=\"Peli-ilo palannut Kauniaisiin - pirte\u00e4 Grani oli kellist\u00e4\u00e4 SIF:n &#8212; GrIFK K\u00e4sipallo - miehet\" \/>\n<meta property=\"og:description\" content=\"K\u00e4sipallon SM-liiga palasi Kauniaisiin uudella ilmeell\u00e4 kun valmentajan vaihdoksen my\u00f6t\u00e4 GrIFK:n peli-ilo oli silmiinpist\u00e4v\u00e4. Mikael K\u00e4llmanin kolmen viikon kuuri oli tuottaa heti ensimm\u00e4isess\u00e4 ottelussa t\u00e4yden pistepotin mutta viime syksyn\u00e4 jo kolme kertaa luvunlaskusta selvinnyt SIF tasoitti pelin vain pari sekuntia ennen loppusummeria. Siuntiolaisten kolmas tasapeli kymmeneen otteluun kirjattiin lukemin 26-26 (15-9).\" \/>\n<meta property=\"og:url\" content=\"https:\/\/grifk-handball.com\/miehet\/2019-20\/ottelut-2019-20\/peli-ilo-palannut-kauniaisiin-pirtea-grani-oli-kellistaa-sifn\/\" \/>\n<meta property=\"og:site_name\" content=\"GrIFK K\u00e4sipallo - miehet\" \/>\n<meta property=\"article:publisher\" content=\"https:\/\/www.facebook.com\/GrIFKelit\/\" \/>\n<meta property=\"article:published_time\" content=\"2020-01-25T19:52:38+00:00\" \/>\n<meta property=\"article:modified_time\" content=\"2020-01-27T13:24:15+00:00\" \/>\n<meta property=\"og:image\" content=\"https:\/\/i0.wp.com\/grifk-handball.com\/miehet\/wp-content\/uploads\/sites\/2\/2020\/01\/81647929_177030840325499_195280373263892480_o.jpg?fit=2048%2C1365&ssl=1\" \/>\n\t<meta property=\"og:image:width\" content=\"2048\" \/>\n\t<meta property=\"og:image:height\" content=\"1365\" \/>\n\t<meta property=\"og:image:type\" content=\"image\/jpeg\" \/>\n<meta name=\"author\" content=\"granimaster\" \/>\n<meta name=\"twitter:card\" content=\"summary_large_image\" \/>\n<meta name=\"twitter:creator\" content=\"@GrIFK_MSM\" \/>\n<meta name=\"twitter:site\" content=\"@GrIFK_MSM\" \/>\n<meta name=\"twitter:label1\" content=\"Kirjoittanut\" \/>\n\t<meta name=\"twitter:data1\" content=\"granimaster\" \/>\n\t<meta name=\"twitter:label2\" content=\"Arvioitu lukuaika\" \/>\n\t<meta name=\"twitter:data2\" content=\"4 minuuttia\" \/>\n<script type=\"application\/ld+json\" class=\"yoast-schema-graph\">{\"@context\":\"https:\\\/\\\/schema.org\",\"@graph\":[{\"@type\":\"Article\",\"@id\":\"https:\\\/\\\/grifk-handball.com\\\/miehet\\\/2019-20\\\/ottelut-2019-20\\\/peli-ilo-palannut-kauniaisiin-pirtea-grani-oli-kellistaa-sifn\\\/#article\",\"isPartOf\":{\"@id\":\"https:\\\/\\\/grifk-handball.com\\\/miehet\\\/2019-20\\\/ottelut-2019-20\\\/peli-ilo-palannut-kauniaisiin-pirtea-grani-oli-kellistaa-sifn\\\/\"},\"author\":{\"name\":\"granimaster\",\"@id\":\"https:\\\/\\\/grifk-handball.com\\\/miehet\\\/#\\\/schema\\\/person\\\/9da98c743e3f0f85a1b32f59241b48e0\"},\"headline\":\"Peli-ilo palannut Kauniaisiin &#8211; pirte\u00e4 Grani oli kellist\u00e4\u00e4 SIF:n\",\"datePublished\":\"2020-01-25T19:52:38+00:00\",\"dateModified\":\"2020-01-27T13:24:15+00:00\",\"mainEntityOfPage\":{\"@id\":\"https:\\\/\\\/grifk-handball.com\\\/miehet\\\/2019-20\\\/ottelut-2019-20\\\/peli-ilo-palannut-kauniaisiin-pirtea-grani-oli-kellistaa-sifn\\\/\"},\"wordCount\":765,\"publisher\":{\"@id\":\"https:\\\/\\\/grifk-handball.com\\\/miehet\\\/#organization\"},\"image\":{\"@id\":\"https:\\\/\\\/grifk-handball.com\\\/miehet\\\/2019-20\\\/ottelut-2019-20\\\/peli-ilo-palannut-kauniaisiin-pirtea-grani-oli-kellistaa-sifn\\\/#primaryimage\"},\"thumbnailUrl\":\"https:\\\/\\\/i0.wp.com\\\/grifk-handball.com\\\/miehet\\\/wp-content\\\/uploads\\\/sites\\\/2\\\/2020\\\/01\\\/81647929_177030840325499_195280373263892480_o.jpg?fit=2048%2C1365&ssl=1\",\"keywords\":[\"#BomBom\",\"#GrIFKHandball\",\"#respect\",\"#Tunnetta peliin\",\"GrIFK\",\"Runkosarja\",\"SIF\",\"SM-liiga\"],\"articleSection\":[\"Ottelut 2019-20\"],\"inLanguage\":\"fi\"},{\"@type\":\"WebPage\",\"@id\":\"https:\\\/\\\/grifk-handball.com\\\/miehet\\\/2019-20\\\/ottelut-2019-20\\\/peli-ilo-palannut-kauniaisiin-pirtea-grani-oli-kellistaa-sifn\\\/\",\"url\":\"https:\\\/\\\/grifk-handball.com\\\/miehet\\\/2019-20\\\/ottelut-2019-20\\\/peli-ilo-palannut-kauniaisiin-pirtea-grani-oli-kellistaa-sifn\\\/\",\"name\":\"Peli-ilo palannut Kauniaisiin - pirte\u00e4 Grani oli kellist\u00e4\u00e4 SIF:n &#8212; GrIFK K\u00e4sipallo - miehet\",\"isPartOf\":{\"@id\":\"https:\\\/\\\/grifk-handball.com\\\/miehet\\\/#website\"},\"primaryImageOfPage\":{\"@id\":\"https:\\\/\\\/grifk-handball.com\\\/miehet\\\/2019-20\\\/ottelut-2019-20\\\/peli-ilo-palannut-kauniaisiin-pirtea-grani-oli-kellistaa-sifn\\\/#primaryimage\"},\"image\":{\"@id\":\"https:\\\/\\\/grifk-handball.com\\\/miehet\\\/2019-20\\\/ottelut-2019-20\\\/peli-ilo-palannut-kauniaisiin-pirtea-grani-oli-kellistaa-sifn\\\/#primaryimage\"},\"thumbnailUrl\":\"https:\\\/\\\/i0.wp.com\\\/grifk-handball.com\\\/miehet\\\/wp-content\\\/uploads\\\/sites\\\/2\\\/2020\\\/01\\\/81647929_177030840325499_195280373263892480_o.jpg?fit=2048%2C1365&ssl=1\",\"datePublished\":\"2020-01-25T19:52:38+00:00\",\"dateModified\":\"2020-01-27T13:24:15+00:00\",\"breadcrumb\":{\"@id\":\"https:\\\/\\\/grifk-handball.com\\\/miehet\\\/2019-20\\\/ottelut-2019-20\\\/peli-ilo-palannut-kauniaisiin-pirtea-grani-oli-kellistaa-sifn\\\/#breadcrumb\"},\"inLanguage\":\"fi\",\"potentialAction\":[{\"@type\":\"ReadAction\",\"target\":[\"https:\\\/\\\/grifk-handball.com\\\/miehet\\\/2019-20\\\/ottelut-2019-20\\\/peli-ilo-palannut-kauniaisiin-pirtea-grani-oli-kellistaa-sifn\\\/\"]}]},{\"@type\":\"ImageObject\",\"inLanguage\":\"fi\",\"@id\":\"https:\\\/\\\/grifk-handball.com\\\/miehet\\\/2019-20\\\/ottelut-2019-20\\\/peli-ilo-palannut-kauniaisiin-pirtea-grani-oli-kellistaa-sifn\\\/#primaryimage\",\"url\":\"https:\\\/\\\/i0.wp.com\\\/grifk-handball.com\\\/miehet\\\/wp-content\\\/uploads\\\/sites\\\/2\\\/2020\\\/01\\\/81647929_177030840325499_195280373263892480_o.jpg?fit=2048%2C1365&ssl=1\",\"contentUrl\":\"https:\\\/\\\/i0.wp.com\\\/grifk-handball.com\\\/miehet\\\/wp-content\\\/uploads\\\/sites\\\/2\\\/2020\\\/01\\\/81647929_177030840325499_195280373263892480_o.jpg?fit=2048%2C1365&ssl=1\",\"width\":2048,\"height\":1365},{\"@type\":\"BreadcrumbList\",\"@id\":\"https:\\\/\\\/grifk-handball.com\\\/miehet\\\/2019-20\\\/ottelut-2019-20\\\/peli-ilo-palannut-kauniaisiin-pirtea-grani-oli-kellistaa-sifn\\\/#breadcrumb\",\"itemListElement\":[{\"@type\":\"ListItem\",\"position\":1,\"name\":\"Home\",\"item\":\"https:\\\/\\\/grifk-handball.com\\\/miehet\\\/etusivu-260109\\\/\"},{\"@type\":\"ListItem\",\"position\":2,\"name\":\"Peli-ilo palannut Kauniaisiin &#8211; pirte\u00e4 Grani oli kellist\u00e4\u00e4 SIF:n\"}]},{\"@type\":\"WebSite\",\"@id\":\"https:\\\/\\\/grifk-handball.com\\\/miehet\\\/#website\",\"url\":\"https:\\\/\\\/grifk-handball.com\\\/miehet\\\/\",\"name\":\"GrIFK K\u00e4sipallo - miehet\",\"description\":\"BomBom!\",\"publisher\":{\"@id\":\"https:\\\/\\\/grifk-handball.com\\\/miehet\\\/#organization\"},\"potentialAction\":[{\"@type\":\"SearchAction\",\"target\":{\"@type\":\"EntryPoint\",\"urlTemplate\":\"https:\\\/\\\/grifk-handball.com\\\/miehet\\\/?s={search_term_string}\"},\"query-input\":{\"@type\":\"PropertyValueSpecification\",\"valueRequired\":true,\"valueName\":\"search_term_string\"}}],\"inLanguage\":\"fi\"},{\"@type\":\"Organization\",\"@id\":\"https:\\\/\\\/grifk-handball.com\\\/miehet\\\/#organization\",\"name\":\"GrIFK K\u00e4sipallo - miehet\",\"url\":\"https:\\\/\\\/grifk-handball.com\\\/miehet\\\/\",\"logo\":{\"@type\":\"ImageObject\",\"inLanguage\":\"fi\",\"@id\":\"https:\\\/\\\/grifk-handball.com\\\/miehet\\\/#\\\/schema\\\/logo\\\/image\\\/\",\"url\":\"https:\\\/\\\/i0.wp.com\\\/grifk-handball.com\\\/miehet\\\/wp-content\\\/uploads\\\/sites\\\/2\\\/2016\\\/10\\\/logo-grifk-iso.png?fit=1200%2C1400&ssl=1\",\"contentUrl\":\"https:\\\/\\\/i0.wp.com\\\/grifk-handball.com\\\/miehet\\\/wp-content\\\/uploads\\\/sites\\\/2\\\/2016\\\/10\\\/logo-grifk-iso.png?fit=1200%2C1400&ssl=1\",\"width\":1200,\"height\":1400,\"caption\":\"GrIFK K\u00e4sipallo - miehet\"},\"image\":{\"@id\":\"https:\\\/\\\/grifk-handball.com\\\/miehet\\\/#\\\/schema\\\/logo\\\/image\\\/\"},\"sameAs\":[\"https:\\\/\\\/www.facebook.com\\\/GrIFKelit\\\/\",\"https:\\\/\\\/x.com\\\/GrIFK_MSM\",\"https:\\\/\\\/www.instagram.com\\\/grifk_elit\\\/\"]},{\"@type\":\"Person\",\"@id\":\"https:\\\/\\\/grifk-handball.com\\\/miehet\\\/#\\\/schema\\\/person\\\/9da98c743e3f0f85a1b32f59241b48e0\",\"name\":\"granimaster\",\"image\":{\"@type\":\"ImageObject\",\"inLanguage\":\"fi\",\"@id\":\"https:\\\/\\\/secure.gravatar.com\\\/avatar\\\/034b8e6380fc659c320f13e17fe45bd9ab48a21e2debadd5f3179bde291949df?s=96&d=mm&r=g\",\"url\":\"https:\\\/\\\/secure.gravatar.com\\\/avatar\\\/034b8e6380fc659c320f13e17fe45bd9ab48a21e2debadd5f3179bde291949df?s=96&d=mm&r=g\",\"contentUrl\":\"https:\\\/\\\/secure.gravatar.com\\\/avatar\\\/034b8e6380fc659c320f13e17fe45bd9ab48a21e2debadd5f3179bde291949df?s=96&d=mm&r=g\",\"caption\":\"granimaster\"},\"url\":\"https:\\\/\\\/grifk-handball.com\\\/miehet\\\/author\\\/granimaster\\\/\"}]}<\/script>\n<!-- \/ Yoast SEO plugin. -->","yoast_head_json":{"title":"Peli-ilo palannut Kauniaisiin - pirte\u00e4 Grani oli kellist\u00e4\u00e4 SIF:n &#8212; GrIFK K\u00e4sipallo - miehet","robots":{"index":"index","follow":"follow","max-snippet":"max-snippet:-1","max-image-preview":"max-image-preview:large","max-video-preview":"max-video-preview:-1"},"canonical":"https:\/\/grifk-handball.com\/miehet\/2019-20\/ottelut-2019-20\/peli-ilo-palannut-kauniaisiin-pirtea-grani-oli-kellistaa-sifn\/","og_locale":"fi_FI","og_type":"article","og_title":"Peli-ilo palannut Kauniaisiin - pirte\u00e4 Grani oli kellist\u00e4\u00e4 SIF:n &#8212; GrIFK K\u00e4sipallo - miehet","og_description":"K\u00e4sipallon SM-liiga palasi Kauniaisiin uudella ilmeell\u00e4 kun valmentajan vaihdoksen my\u00f6t\u00e4 GrIFK:n peli-ilo oli silmiinpist\u00e4v\u00e4. Mikael K\u00e4llmanin kolmen viikon kuuri oli tuottaa heti ensimm\u00e4isess\u00e4 ottelussa t\u00e4yden pistepotin mutta viime syksyn\u00e4 jo kolme kertaa luvunlaskusta selvinnyt SIF tasoitti pelin vain pari sekuntia ennen loppusummeria. Siuntiolaisten kolmas tasapeli kymmeneen otteluun kirjattiin lukemin 26-26 (15-9).","og_url":"https:\/\/grifk-handball.com\/miehet\/2019-20\/ottelut-2019-20\/peli-ilo-palannut-kauniaisiin-pirtea-grani-oli-kellistaa-sifn\/","og_site_name":"GrIFK K\u00e4sipallo - miehet","article_publisher":"https:\/\/www.facebook.com\/GrIFKelit\/","article_published_time":"2020-01-25T19:52:38+00:00","article_modified_time":"2020-01-27T13:24:15+00:00","og_image":[{"width":2048,"height":1365,"url":"https:\/\/i0.wp.com\/grifk-handball.com\/miehet\/wp-content\/uploads\/sites\/2\/2020\/01\/81647929_177030840325499_195280373263892480_o.jpg?fit=2048%2C1365&ssl=1","type":"image\/jpeg"}],"author":"granimaster","twitter_card":"summary_large_image","twitter_creator":"@GrIFK_MSM","twitter_site":"@GrIFK_MSM","twitter_misc":{"Kirjoittanut":"granimaster","Arvioitu lukuaika":"4 minuuttia"},"schema":{"@context":"https:\/\/schema.org","@graph":[{"@type":"Article","@id":"https:\/\/grifk-handball.com\/miehet\/2019-20\/ottelut-2019-20\/peli-ilo-palannut-kauniaisiin-pirtea-grani-oli-kellistaa-sifn\/#article","isPartOf":{"@id":"https:\/\/grifk-handball.com\/miehet\/2019-20\/ottelut-2019-20\/peli-ilo-palannut-kauniaisiin-pirtea-grani-oli-kellistaa-sifn\/"},"author":{"name":"granimaster","@id":"https:\/\/grifk-handball.com\/miehet\/#\/schema\/person\/9da98c743e3f0f85a1b32f59241b48e0"},"headline":"Peli-ilo palannut Kauniaisiin &#8211; pirte\u00e4 Grani oli kellist\u00e4\u00e4 SIF:n","datePublished":"2020-01-25T19:52:38+00:00","dateModified":"2020-01-27T13:24:15+00:00","mainEntityOfPage":{"@id":"https:\/\/grifk-handball.com\/miehet\/2019-20\/ottelut-2019-20\/peli-ilo-palannut-kauniaisiin-pirtea-grani-oli-kellistaa-sifn\/"},"wordCount":765,"publisher":{"@id":"https:\/\/grifk-handball.com\/miehet\/#organization"},"image":{"@id":"https:\/\/grifk-handball.com\/miehet\/2019-20\/ottelut-2019-20\/peli-ilo-palannut-kauniaisiin-pirtea-grani-oli-kellistaa-sifn\/#primaryimage"},"thumbnailUrl":"https:\/\/i0.wp.com\/grifk-handball.com\/miehet\/wp-content\/uploads\/sites\/2\/2020\/01\/81647929_177030840325499_195280373263892480_o.jpg?fit=2048%2C1365&ssl=1","keywords":["#BomBom","#GrIFKHandball","#respect","#Tunnetta peliin","GrIFK","Runkosarja","SIF","SM-liiga"],"articleSection":["Ottelut 2019-20"],"inLanguage":"fi"},{"@type":"WebPage","@id":"https:\/\/grifk-handball.com\/miehet\/2019-20\/ottelut-2019-20\/peli-ilo-palannut-kauniaisiin-pirtea-grani-oli-kellistaa-sifn\/","url":"https:\/\/grifk-handball.com\/miehet\/2019-20\/ottelut-2019-20\/peli-ilo-palannut-kauniaisiin-pirtea-grani-oli-kellistaa-sifn\/","name":"Peli-ilo palannut Kauniaisiin - pirte\u00e4 Grani oli kellist\u00e4\u00e4 SIF:n &#8212; GrIFK K\u00e4sipallo - miehet","isPartOf":{"@id":"https:\/\/grifk-handball.com\/miehet\/#website"},"primaryImageOfPage":{"@id":"https:\/\/grifk-handball.com\/miehet\/2019-20\/ottelut-2019-20\/peli-ilo-palannut-kauniaisiin-pirtea-grani-oli-kellistaa-sifn\/#primaryimage"},"image":{"@id":"https:\/\/grifk-handball.com\/miehet\/2019-20\/ottelut-2019-20\/peli-ilo-palannut-kauniaisiin-pirtea-grani-oli-kellistaa-sifn\/#primaryimage"},"thumbnailUrl":"https:\/\/i0.wp.com\/grifk-handball.com\/miehet\/wp-content\/uploads\/sites\/2\/2020\/01\/81647929_177030840325499_195280373263892480_o.jpg?fit=2048%2C1365&ssl=1","datePublished":"2020-01-25T19:52:38+00:00","dateModified":"2020-01-27T13:24:15+00:00","breadcrumb":{"@id":"https:\/\/grifk-handball.com\/miehet\/2019-20\/ottelut-2019-20\/peli-ilo-palannut-kauniaisiin-pirtea-grani-oli-kellistaa-sifn\/#breadcrumb"},"inLanguage":"fi","potentialAction":[{"@type":"ReadAction","target":["https:\/\/grifk-handball.com\/miehet\/2019-20\/ottelut-2019-20\/peli-ilo-palannut-kauniaisiin-pirtea-grani-oli-kellistaa-sifn\/"]}]},{"@type":"ImageObject","inLanguage":"fi","@id":"https:\/\/grifk-handball.com\/miehet\/2019-20\/ottelut-2019-20\/peli-ilo-palannut-kauniaisiin-pirtea-grani-oli-kellistaa-sifn\/#primaryimage","url":"https:\/\/i0.wp.com\/grifk-handball.com\/miehet\/wp-content\/uploads\/sites\/2\/2020\/01\/81647929_177030840325499_195280373263892480_o.jpg?fit=2048%2C1365&ssl=1","contentUrl":"https:\/\/i0.wp.com\/grifk-handball.com\/miehet\/wp-content\/uploads\/sites\/2\/2020\/01\/81647929_177030840325499_195280373263892480_o.jpg?fit=2048%2C1365&ssl=1","width":2048,"height":1365},{"@type":"BreadcrumbList","@id":"https:\/\/grifk-handball.com\/miehet\/2019-20\/ottelut-2019-20\/peli-ilo-palannut-kauniaisiin-pirtea-grani-oli-kellistaa-sifn\/#breadcrumb","itemListElement":[{"@type":"ListItem","position":1,"name":"Home","item":"https:\/\/grifk-handball.com\/miehet\/etusivu-260109\/"},{"@type":"ListItem","position":2,"name":"Peli-ilo palannut Kauniaisiin &#8211; pirte\u00e4 Grani oli kellist\u00e4\u00e4 SIF:n"}]},{"@type":"WebSite","@id":"https:\/\/grifk-handball.com\/miehet\/#website","url":"https:\/\/grifk-handball.com\/miehet\/","name":"GrIFK K\u00e4sipallo - miehet","description":"BomBom!","publisher":{"@id":"https:\/\/grifk-handball.com\/miehet\/#organization"},"potentialAction":[{"@type":"SearchAction","target":{"@type":"EntryPoint","urlTemplate":"https:\/\/grifk-handball.com\/miehet\/?s={search_term_string}"},"query-input":{"@type":"PropertyValueSpecification","valueRequired":true,"valueName":"search_term_string"}}],"inLanguage":"fi"},{"@type":"Organization","@id":"https:\/\/grifk-handball.com\/miehet\/#organization","name":"GrIFK K\u00e4sipallo - miehet","url":"https:\/\/grifk-handball.com\/miehet\/","logo":{"@type":"ImageObject","inLanguage":"fi","@id":"https:\/\/grifk-handball.com\/miehet\/#\/schema\/logo\/image\/","url":"https:\/\/i0.wp.com\/grifk-handball.com\/miehet\/wp-content\/uploads\/sites\/2\/2016\/10\/logo-grifk-iso.png?fit=1200%2C1400&ssl=1","contentUrl":"https:\/\/i0.wp.com\/grifk-handball.com\/miehet\/wp-content\/uploads\/sites\/2\/2016\/10\/logo-grifk-iso.png?fit=1200%2C1400&ssl=1","width":1200,"height":1400,"caption":"GrIFK K\u00e4sipallo - miehet"},"image":{"@id":"https:\/\/grifk-handball.com\/miehet\/#\/schema\/logo\/image\/"},"sameAs":["https:\/\/www.facebook.com\/GrIFKelit\/","https:\/\/x.com\/GrIFK_MSM","https:\/\/www.instagram.com\/grifk_elit\/"]},{"@type":"Person","@id":"https:\/\/grifk-handball.com\/miehet\/#\/schema\/person\/9da98c743e3f0f85a1b32f59241b48e0","name":"granimaster","image":{"@type":"ImageObject","inLanguage":"fi","@id":"https:\/\/secure.gravatar.com\/avatar\/034b8e6380fc659c320f13e17fe45bd9ab48a21e2debadd5f3179bde291949df?s=96&d=mm&r=g","url":"https:\/\/secure.gravatar.com\/avatar\/034b8e6380fc659c320f13e17fe45bd9ab48a21e2debadd5f3179bde291949df?s=96&d=mm&r=g","contentUrl":"https:\/\/secure.gravatar.com\/avatar\/034b8e6380fc659c320f13e17fe45bd9ab48a21e2debadd5f3179bde291949df?s=96&d=mm&r=g","caption":"granimaster"},"url":"https:\/\/grifk-handball.com\/miehet\/author\/granimaster\/"}]}},"jetpack_featured_media_url":"https:\/\/i0.wp.com\/grifk-handball.com\/miehet\/wp-content\/uploads\/sites\/2\/2020\/01\/81647929_177030840325499_195280373263892480_o.jpg?fit=2048%2C1365&ssl=1","jetpack_shortlink":"https:\/\/wp.me\/p9jQ9a-3vr","_links":{"self":[{"href":"https:\/\/grifk-handball.com\/miehet\/wp-json\/wp\/v2\/posts\/13481","targetHints":{"allow":["GET"]}}],"collection":[{"href":"https:\/\/grifk-handball.com\/miehet\/wp-json\/wp\/v2\/posts"}],"about":[{"href":"https:\/\/grifk-handball.com\/miehet\/wp-json\/wp\/v2\/types\/post"}],"author":[{"embeddable":true,"href":"https:\/\/grifk-handball.com\/miehet\/wp-json\/wp\/v2\/users\/1"}],"replies":[{"embeddable":true,"href":"https:\/\/grifk-handball.com\/miehet\/wp-json\/wp\/v2\/comments?post=13481"}],"version-history":[{"count":11,"href":"https:\/\/grifk-handball.com\/miehet\/wp-json\/wp\/v2\/posts\/13481\/revisions"}],"predecessor-version":[{"id":13500,"href":"https:\/\/grifk-handball.com\/miehet\/wp-json\/wp\/v2\/posts\/13481\/revisions\/13500"}],"wp:featuredmedia":[{"embeddable":true,"href":"https:\/\/grifk-handball.com\/miehet\/wp-json\/wp\/v2\/media\/13493"}],"wp:attachment":[{"href":"https:\/\/grifk-handball.com\/miehet\/wp-json\/wp\/v2\/media?parent=13481"}],"wp:term":[{"taxonomy":"category","embeddable":true,"href":"https:\/\/grifk-handball.com\/miehet\/wp-json\/wp\/v2\/categories?post=13481"},{"taxonomy":"post_tag","embeddable":true,"href":"https:\/\/grifk-handball.com\/miehet\/wp-json\/wp\/v2\/tags?post=13481"}],"curies":[{"name":"wp","href":"https:\/\/api.w.org\/{rel}","templated":true}]}}