{"id":13618,"date":"2020-02-20T21:30:25","date_gmt":"2020-02-20T19:30:25","guid":{"rendered":"https:\/\/grifk-handball.com\/miehet\/?p=13618"},"modified":"2020-02-20T21:30:25","modified_gmt":"2020-02-20T19:30:25","slug":"jatkosarja-alkaa-grani-ottaa-mittaa-pifsta","status":"publish","type":"post","link":"https:\/\/grifk-handball.com\/miehet\/2019-20\/ennakot-2019-20\/jatkosarja-alkaa-grani-ottaa-mittaa-pifsta\/","title":{"rendered":"Jatkosarja alkaa &#8211; Grani ottaa mittaa PIF:st\u00e4"},"content":{"rendered":"<section  class='av_textblock_section av-jmbpvqpw-b6d7c49294a671fbc610902ce7f4092a '   itemscope=\"itemscope\" itemtype=\"https:\/\/schema.org\/BlogPosting\" itemprop=\"blogPost\" ><div class='avia_textblock'  itemprop=\"text\" ><p>SM-liigassa ollaan edetty jo jatkosarjoihin ja GrIFK:n tavoitteena on nousta HIFK:n ohitse viidenneksi ja v\u00e4ltt\u00e4\u00e4 puoliv\u00e4lieriss\u00e4 liigan kolme k\u00e4rkijoukkuetta. Lauantain mittari Luolassa on runkosarjan jumboksi j\u00e4\u00e4nyt PIF, joka saalisti ainoan pisteens\u00e4 juurikin Kauniaisista.<\/p>\n<p>Sittemmin Granin peli on osoittanut piristymisen merkkej\u00e4 ja joukkueen kuntopuntari onkin saanut enemm\u00e4n vihre\u00e4\u00e4 v\u00e4ri\u00e4. PIF:ll\u00e4 on nyt takanaan yhdeks\u00e4n ottelun tappio- ja 14 ottelun voitoton putki.<\/p>\n<p>GrIFK:n tammikuu oli tuloksellisesti astetta paremmalla tasolla kuin mihin joukkue oli alkukauden perusteella menossa. \u00c5IFK:ta vastaan Grani puristi v\u00e4kisin turkulaisten ohittamiseen vaadittavan nelj\u00e4n maalin eron ja l\u00e4htee jatkosarjaan vain pisteen perjantaina ottelunsa aloittavan HIFK:n per\u00e4ss\u00e4. Pitk\u00e4\u00e4n runkosarjan kuudentena viihtyneen \u00c5IFK:n oli lopulta tyytyminen seitsem\u00e4nteen sijaan, joka on yhden l\u00e4ht\u00f6pisteen arvoinen.<\/p>\n<p>Jatkosarjat pelataan nelj\u00e4n joukkueen kaksinkertaisena sarjana, jonka l\u00e4ht\u00f6pisteet ansaittiin runosarjan perusteella. Ylemm\u00e4n jatkosarjan suorista v\u00e4lier\u00e4paikoista kamppailevat BK-46 (3 pistett\u00e4), Dicken (2), Cocks (1) ja SIF (0). Keskiviikkona Cocks tiivisti k\u00e4rjen hakemalla Karjaalta 31-32 vierasvoiton. Lauantaina Dickenill\u00e4 mahdollisuus palata sarjak\u00e4rkeen kun se kohtaa kotonaan SIF:n. Alempi jatkosarja alkaa perjantaina HIFK:n ja \u00c5IFK:n ottelulla.<\/p>\n<h3>J\u00e4lkipelit ravintola KG:ss\u00e4<\/h3>\n<p>Ottelun j\u00e4lkeen voi k\u00e4yd\u00e4 tutustumassa Granin liigajoukkueen uusimman yhteisty\u00f6kumppanin, Nihtisillassa sijaitsevan Scandic Espoo hotellin KG-ravintolan, antimiin. <a href=\"https:\/\/grifk-handball.com\/miehet\/uutiset\/ravintola-kg-on-grifk-elitin-virallinen-jalkipelipaikka\/\">KG on kuluvalla kaudella GrIFK Elitin virallinen j\u00e4lkipelipaikka.<\/a><\/p>\n<\/div><\/section>\n<div class='flex_column_table av-pw6lhg-c07d2f6f1f223911227ae12c43412c20 sc-av_one_third av-equal-height-column-flextable'>\n<style type=\"text\/css\" data-created_by=\"avia_inline_auto\" id=\"style-css-av-pw6lhg-c07d2f6f1f223911227ae12c43412c20\">\n.flex_column.av-pw6lhg-c07d2f6f1f223911227ae12c43412c20{\nborder-radius:0px 0px 0px 0px;\npadding:20px 20px 20px 20px;\n}\n<\/style>\n<div  class='flex_column av-pw6lhg-c07d2f6f1f223911227ae12c43412c20 av_one_third  avia-builder-el-1  el_after_av_textblock  el_before_av_two_fifth  first flex_column_table_cell av-equal-height-column av-align-middle  column-top-margin'     ><div  class='avia-slideshow av-3s7cf0x-eb63e984b495f769ace8e9dd4b2b126e avia-slideshow-medium av_slideshow avia-fade-slider  avia-builder-el-2  avia-builder-el-no-sibling  av-slideshow-ui av-control-hidden av-no-slider-navigation av-hide-nav-arrows av-slideshow-autoplay av-loop-endless av-loop-manual-endless av-default-height-applied avia-slideshow-1' data-slideshow-options=\"{&quot;animation&quot;:&quot;fade&quot;,&quot;autoplay&quot;:true,&quot;loop_autoplay&quot;:&quot;endless&quot;,&quot;interval&quot;:3,&quot;loop_manual&quot;:&quot;manual-endless&quot;,&quot;autoplay_stopper&quot;:false,&quot;noNavigation&quot;:true,&quot;bg_slider&quot;:false,&quot;keep_padding&quot;:false,&quot;hoverpause&quot;:false,&quot;show_slide_delay&quot;:0}\"  itemprop=\"image\" itemscope=\"itemscope\" itemtype=\"https:\/\/schema.org\/ImageObject\" ><ul class='avia-slideshow-inner ' style='padding-bottom: 56.333333333333%;'><li  class='avia-slideshow-slide av-3s7cf0x-eb63e984b495f769ace8e9dd4b2b126e__0  slide-1 slide-odd'><a href=\"https:\/\/www.bo.fi\"  target=\"_blank\"  rel=\"noopener noreferrer\" data-rel='slideshow-1' class='avia-slide-wrap '   ><img decoding=\"async\" fetchpriority=\"high\" class=\"wp-image-12406 avia-img-lazy-loading-not-12406\"  src=\"https:\/\/i0.wp.com\/grifk-handball.com\/miehet\/wp-content\/uploads\/sites\/2\/2019\/09\/bo-lkv-musta.png?fit=300%2C169&ssl=1\" width=\"300\" height=\"169\" title='Bo LKV' alt=''  itemprop=\"thumbnailUrl\" srcset=\"https:\/\/i0.wp.com\/grifk-handball.com\/miehet\/wp-content\/uploads\/sites\/2\/2019\/09\/bo-lkv-musta.png?w=400&amp;ssl=1 400w, https:\/\/i0.wp.com\/grifk-handball.com\/miehet\/wp-content\/uploads\/sites\/2\/2019\/09\/bo-lkv-musta.png?resize=300%2C169&amp;ssl=1 300w\" sizes=\"(max-width: 300px) 100vw, 300px\" \/><\/a><\/li><li  class='avia-slideshow-slide av-3s7cf0x-eb63e984b495f769ace8e9dd4b2b126e__1  slide-2 slide-even'><a href=\"http:\/\/eu.puma.com\/fi\/en\/home?locale=en_FI\"  target=\"_blank\"  rel=\"noopener noreferrer\" data-rel='slideshow-1' class='avia-slide-wrap '   ><img decoding=\"async\" fetchpriority=\"high\" class=\"wp-image-6791 avia-img-lazy-loading-not-6791\"  src=\"https:\/\/i0.wp.com\/grifk-handball.com\/miehet\/wp-content\/uploads\/sites\/2\/2017\/11\/logo-puma.png?fit=300%2C169&ssl=1\" width=\"300\" height=\"169\" title='Puma' alt=''  itemprop=\"thumbnailUrl\" srcset=\"https:\/\/i0.wp.com\/grifk-handball.com\/miehet\/wp-content\/uploads\/sites\/2\/2017\/11\/logo-puma.png?w=400&amp;ssl=1 400w, https:\/\/i0.wp.com\/grifk-handball.com\/miehet\/wp-content\/uploads\/sites\/2\/2017\/11\/logo-puma.png?resize=300%2C169&amp;ssl=1 300w\" sizes=\"(max-width: 300px) 100vw, 300px\" \/><\/a><\/li><li  class='avia-slideshow-slide av-3s7cf0x-eb63e984b495f769ace8e9dd4b2b126e__2  slide-3 slide-odd'><a href=\"https:\/\/www.myspeaker.fi\"  target=\"_blank\"  rel=\"noopener noreferrer\" data-rel='slideshow-1' class='avia-slide-wrap '   ><img decoding=\"async\" fetchpriority=\"high\" class=\"wp-image-12403 avia-img-lazy-loading-not-12403\"  src=\"https:\/\/i0.wp.com\/grifk-handball.com\/miehet\/wp-content\/uploads\/sites\/2\/2019\/09\/logo-myspeaker.png?fit=300%2C169&ssl=1\" width=\"300\" height=\"169\" title='MySpeaker' alt=''  itemprop=\"thumbnailUrl\" srcset=\"https:\/\/i0.wp.com\/grifk-handball.com\/miehet\/wp-content\/uploads\/sites\/2\/2019\/09\/logo-myspeaker.png?w=400&amp;ssl=1 400w, https:\/\/i0.wp.com\/grifk-handball.com\/miehet\/wp-content\/uploads\/sites\/2\/2019\/09\/logo-myspeaker.png?resize=300%2C169&amp;ssl=1 300w\" sizes=\"(max-width: 300px) 100vw, 300px\" \/><\/a><\/li><li  class='avia-slideshow-slide av-3s7cf0x-eb63e984b495f769ace8e9dd4b2b126e__3  slide-4 slide-even'><a href=\"http:\/\/www.aktia.fi\/fi\/\"  target=\"_blank\"  rel=\"noopener noreferrer\" data-rel='slideshow-1' class='avia-slide-wrap '   ><img decoding=\"async\" fetchpriority=\"high\" class=\"wp-image-6795 avia-img-lazy-loading-not-6795\"  src=\"https:\/\/i0.wp.com\/grifk-handball.com\/miehet\/wp-content\/uploads\/sites\/2\/2017\/11\/logo-aktia.png?fit=300%2C169&ssl=1\" width=\"300\" height=\"169\" title='Aktia' alt=''  itemprop=\"thumbnailUrl\" srcset=\"https:\/\/i0.wp.com\/grifk-handball.com\/miehet\/wp-content\/uploads\/sites\/2\/2017\/11\/logo-aktia.png?w=400&amp;ssl=1 400w, https:\/\/i0.wp.com\/grifk-handball.com\/miehet\/wp-content\/uploads\/sites\/2\/2017\/11\/logo-aktia.png?resize=300%2C169&amp;ssl=1 300w\" sizes=\"(max-width: 300px) 100vw, 300px\" \/><\/a><\/li><li  class='avia-slideshow-slide av-3s7cf0x-eb63e984b495f769ace8e9dd4b2b126e__4  slide-5 slide-odd'><a href=\"https:\/\/www.bbtechnics.com\/fi\/\"  target=\"_blank\"  rel=\"noopener noreferrer\" data-rel='slideshow-1' class='avia-slide-wrap '   ><img decoding=\"async\" fetchpriority=\"high\" class=\"wp-image-12404 avia-img-lazy-loading-not-12404\"  src=\"https:\/\/i0.wp.com\/grifk-handball.com\/miehet\/wp-content\/uploads\/sites\/2\/2019\/09\/logo-bbtecnics.png?fit=300%2C169&ssl=1\" width=\"300\" height=\"169\" title='BBTecnics' alt=''  itemprop=\"thumbnailUrl\" srcset=\"https:\/\/i0.wp.com\/grifk-handball.com\/miehet\/wp-content\/uploads\/sites\/2\/2019\/09\/logo-bbtecnics.png?w=400&amp;ssl=1 400w, https:\/\/i0.wp.com\/grifk-handball.com\/miehet\/wp-content\/uploads\/sites\/2\/2019\/09\/logo-bbtecnics.png?resize=300%2C169&amp;ssl=1 300w\" sizes=\"(max-width: 300px) 100vw, 300px\" \/><\/a><\/li><li  class='avia-slideshow-slide av-3s7cf0x-eb63e984b495f769ace8e9dd4b2b126e__5  slide-6 slide-even'><a href=\"http:\/\/lvitasacon.fi\"  target=\"_blank\"  rel=\"noopener noreferrer\" data-rel='slideshow-1' class='avia-slide-wrap '   ><img decoding=\"async\" fetchpriority=\"high\" class=\"wp-image-2178 avia-img-lazy-loading-not-2178\"  src=\"https:\/\/i0.wp.com\/grifk-handball.com\/miehet\/wp-content\/uploads\/sites\/2\/2016\/07\/lvi-tasacon.png?fit=300%2C169&ssl=1\" width=\"300\" height=\"169\" title='LVI Tasacon Oy' alt=''  itemprop=\"thumbnailUrl\" srcset=\"https:\/\/i0.wp.com\/grifk-handball.com\/miehet\/wp-content\/uploads\/sites\/2\/2016\/07\/lvi-tasacon.png?w=400&amp;ssl=1 400w, https:\/\/i0.wp.com\/grifk-handball.com\/miehet\/wp-content\/uploads\/sites\/2\/2016\/07\/lvi-tasacon.png?resize=300%2C169&amp;ssl=1 300w\" sizes=\"(max-width: 300px) 100vw, 300px\" \/><\/a><\/li><li  class='avia-slideshow-slide av-3s7cf0x-eb63e984b495f769ace8e9dd4b2b126e__6  slide-7 slide-odd'><a href=\"http:\/\/www.rta-yhtiot.fi\"  target=\"_blank\"  rel=\"noopener noreferrer\" data-rel='slideshow-1' class='avia-slide-wrap '   ><img decoding=\"async\" fetchpriority=\"high\" class=\"wp-image-2182 avia-img-lazy-loading-not-2182\"  src=\"https:\/\/i0.wp.com\/grifk-handball.com\/miehet\/wp-content\/uploads\/sites\/2\/2016\/07\/rta-yhtiot-keltainen.png?fit=300%2C169&ssl=1\" width=\"300\" height=\"169\" title='RTA-yhti\u00f6t' alt=''  itemprop=\"thumbnailUrl\" srcset=\"https:\/\/i0.wp.com\/grifk-handball.com\/miehet\/wp-content\/uploads\/sites\/2\/2016\/07\/rta-yhtiot-keltainen.png?w=400&amp;ssl=1 400w, https:\/\/i0.wp.com\/grifk-handball.com\/miehet\/wp-content\/uploads\/sites\/2\/2016\/07\/rta-yhtiot-keltainen.png?resize=300%2C169&amp;ssl=1 300w\" sizes=\"(max-width: 300px) 100vw, 300px\" \/><\/a><\/li><li  class='avia-slideshow-slide av-3s7cf0x-eb63e984b495f769ace8e9dd4b2b126e__7  slide-8 slide-even'><a href=\"https:\/\/www.s-kanava.fi\/web\/varuboden-osla\/etusivu\"  target=\"_blank\"  rel=\"noopener noreferrer\" data-rel='slideshow-1' class='avia-slide-wrap '   ><img decoding=\"async\" fetchpriority=\"high\" class=\"wp-image-2185 avia-img-lazy-loading-not-2185\"  src=\"https:\/\/i0.wp.com\/grifk-handball.com\/miehet\/wp-content\/uploads\/sites\/2\/2016\/07\/varuboden.png?fit=300%2C169&ssl=1\" width=\"300\" height=\"169\" title='Varuboden' alt=''  itemprop=\"thumbnailUrl\" srcset=\"https:\/\/i0.wp.com\/grifk-handball.com\/miehet\/wp-content\/uploads\/sites\/2\/2016\/07\/varuboden.png?w=400&amp;ssl=1 400w, https:\/\/i0.wp.com\/grifk-handball.com\/miehet\/wp-content\/uploads\/sites\/2\/2016\/07\/varuboden.png?resize=300%2C169&amp;ssl=1 300w\" sizes=\"(max-width: 300px) 100vw, 300px\" \/><\/a><\/li><\/ul><div class='avia-slideshow-arrows avia-slideshow-controls' ><a href='#prev' class='prev-slide  avia-svg-icon avia-font-svg_entypo-fontello' data-av_svg_icon='left-open-big' data-av_iconset='svg_entypo-fontello' tabindex='-1' title=\"Previous\"><svg version=\"1.1\" xmlns=\"http:\/\/www.w3.org\/2000\/svg\" width=\"15\" height=\"32\" viewBox=\"0 0 15 32\" preserveAspectRatio=\"xMidYMid meet\" aria-labelledby='av-svg-title-1' aria-describedby='av-svg-desc-1' role=\"graphics-symbol\" aria-hidden=\"true\">\n<title id='av-svg-title-1'>Previous<\/title>\n<desc id='av-svg-desc-1'>Previous<\/desc>\n<path d=\"M14.464 27.84q0.832 0.832 0 1.536-0.832 0.832-1.536 0l-12.544-12.608q-0.768-0.768 0-1.6l12.544-12.608q0.704-0.832 1.536 0 0.832 0.704 0 1.536l-11.456 11.904z\"><\/path>\n<\/svg><span class='avia_hidden_link_text'>Previous<\/span><\/a><a href='#next' class='next-slide  avia-svg-icon avia-font-svg_entypo-fontello' data-av_svg_icon='right-open-big' data-av_iconset='svg_entypo-fontello' tabindex='-1' title=\"Next\"><svg version=\"1.1\" xmlns=\"http:\/\/www.w3.org\/2000\/svg\" width=\"15\" height=\"32\" viewBox=\"0 0 15 32\" preserveAspectRatio=\"xMidYMid meet\" aria-labelledby='av-svg-title-2' aria-describedby='av-svg-desc-2' role=\"graphics-symbol\" aria-hidden=\"true\">\n<title id='av-svg-title-2'>Next<\/title>\n<desc id='av-svg-desc-2'>Next<\/desc>\n<path d=\"M0.416 27.84l11.456-11.84-11.456-11.904q-0.832-0.832 0-1.536 0.832-0.832 1.536 0l12.544 12.608q0.768 0.832 0 1.6l-12.544 12.608q-0.704 0.832-1.536 0-0.832-0.704 0-1.536z\"><\/path>\n<\/svg><span class='avia_hidden_link_text'>Next<\/span><\/a><\/div><\/div><\/div>\n<div class='av-flex-placeholder'><\/div>\n<style type=\"text\/css\" data-created_by=\"avia_inline_auto\" id=\"style-css-av-pw6lhg-0469ca294378829967c05b966653ad88\">\n.flex_column.av-pw6lhg-0469ca294378829967c05b966653ad88{\nborder-radius:0px 0px 0px 0px;\npadding:20px 20px 20px 20px;\n}\n<\/style>\n<div  class='flex_column av-pw6lhg-0469ca294378829967c05b966653ad88 av_two_fifth  avia-builder-el-3  el_after_av_one_third  el_before_av_one_fifth  flex_column_table_cell av-equal-height-column av-align-middle  column-top-margin'     ><section  class='av_textblock_section av-jmbon6oz-58237fc135121f316d2dcdadb6d06d2c '   itemscope=\"itemscope\" itemtype=\"https:\/\/schema.org\/BlogPosting\" itemprop=\"blogPost\" ><div class='avia_textblock'  itemprop=\"text\" ><p style=\"text-align: center;\"><script src=\"http:\/\/finnhandball.turnauspalvelu.fi\/taso\/widget.php?widget=nextmatch&#038;css=1&#038;teamid=103471&#038;otteluid=478358\"><\/script><\/p>\n<\/div><\/section><\/div><div class='av-flex-placeholder'><\/div>\n<style type=\"text\/css\" data-created_by=\"avia_inline_auto\" id=\"style-css-av-2n52dw-ba62f6cb1e05225f060dc229baa209dc\">\n.flex_column.av-2n52dw-ba62f6cb1e05225f060dc229baa209dc{\nborder-radius:0px 0px 0px 0px;\npadding:0px 0px 0px 0px;\n}\n<\/style>\n<div  class='flex_column av-2n52dw-ba62f6cb1e05225f060dc229baa209dc av_one_fifth  avia-builder-el-5  el_after_av_two_fifth  el_before_av_hr  flex_column_table_cell av-equal-height-column av-align-middle av-zero-column-padding avia-link-column av-column-link avia-link-column-hover  column-top-margin'    data-link-column-url=\"https:\/\/grifk-handball.com\/miehet\/uutiset\/ravintola-kg-on-grifk-elitin-virallinen-jalkipelipaikka\/\"   ><a class=\"av-screen-reader-only\" href=https:\/\/grifk-handball.com\/miehet\/uutiset\/ravintola-kg-on-grifk-elitin-virallinen-jalkipelipaikka\/ >Link to: Ravintola KG on GrIFK Elitin virallinen j\u00e4lkipelipaikka<\/a><p>\n<style type=\"text\/css\" data-created_by=\"avia_inline_auto\" id=\"style-css-av-18jnbqz-dfb3196a4bdad83b77e904b362865b31\">\n#top .av-special-heading.av-18jnbqz-dfb3196a4bdad83b77e904b362865b31{\npadding-bottom:25px;\n}\nbody .av-special-heading.av-18jnbqz-dfb3196a4bdad83b77e904b362865b31 .av-special-heading-tag .heading-char{\nfont-size:25px;\n}\n.av-special-heading.av-18jnbqz-dfb3196a4bdad83b77e904b362865b31 .av-subheading{\nfont-size:15px;\n}\n<\/style>\n<div  class='av-special-heading av-18jnbqz-dfb3196a4bdad83b77e904b362865b31 av-special-heading-h6 blockquote modern-quote modern-centered  avia-builder-el-6  el_before_av_image  avia-builder-el-first '><h6 class='av-special-heading-tag '  itemprop=\"headline\"  >Viralliset j\u00e4lkipelit<\/h6><div class=\"special-heading-border\"><div class=\"special-heading-inner-border\"><\/div><\/div><\/div><br \/>\n\n<style type=\"text\/css\" data-created_by=\"avia_inline_auto\" id=\"style-css-av-k0qxnkei-c80bf03da5ced8acc68dc1b9a17314f1\">\n.avia-image-container.av-k0qxnkei-c80bf03da5ced8acc68dc1b9a17314f1 img.avia_image{\nbox-shadow:none;\n}\n.avia-image-container.av-k0qxnkei-c80bf03da5ced8acc68dc1b9a17314f1 .av-image-caption-overlay-center{\ncolor:#ffffff;\n}\n<\/style>\n<div  class='avia-image-container av-k0qxnkei-c80bf03da5ced8acc68dc1b9a17314f1 av-styling- avia_animated_image av-animated-when-visible-95 av-rotateIn avia-align-center  avia-builder-el-7  el_after_av_heading  el_before_av_heading '   itemprop=\"image\" itemscope=\"itemscope\" itemtype=\"https:\/\/schema.org\/ImageObject\" ><div class=\"avia-image-container-inner\"><div class=\"avia-image-overlay-wrap\"><img decoding=\"async\" fetchpriority=\"high\" class='wp-image-12766 avia-img-lazy-loading-not-12766 avia_image ' src=\"https:\/\/i0.wp.com\/grifk-handball.com\/miehet\/wp-content\/uploads\/sites\/2\/2019\/09\/logo-kg.png?fit=199%2C199&ssl=1\" alt='' title='Ravintola KG Espoo'  height=\"199\" width=\"199\"  itemprop=\"thumbnailUrl\" srcset=\"https:\/\/i0.wp.com\/grifk-handball.com\/miehet\/wp-content\/uploads\/sites\/2\/2019\/09\/logo-kg.png?w=199&amp;ssl=1 199w, https:\/\/i0.wp.com\/grifk-handball.com\/miehet\/wp-content\/uploads\/sites\/2\/2019\/09\/logo-kg.png?resize=80%2C80&amp;ssl=1 80w, https:\/\/i0.wp.com\/grifk-handball.com\/miehet\/wp-content\/uploads\/sites\/2\/2019\/09\/logo-kg.png?resize=36%2C36&amp;ssl=1 36w, https:\/\/i0.wp.com\/grifk-handball.com\/miehet\/wp-content\/uploads\/sites\/2\/2019\/09\/logo-kg.png?resize=180%2C180&amp;ssl=1 180w, https:\/\/i0.wp.com\/grifk-handball.com\/miehet\/wp-content\/uploads\/sites\/2\/2019\/09\/logo-kg.png?resize=50%2C50&amp;ssl=1 50w\" sizes=\"(max-width: 199px) 100vw, 199px\" \/><\/div><\/div><\/div><br \/>\n\n<style type=\"text\/css\" data-created_by=\"avia_inline_auto\" id=\"style-css-av-j99emz-26968d6ded614db99266b06b0defb183\">\n#top .av-special-heading.av-j99emz-26968d6ded614db99266b06b0defb183{\nmargin:0 0 0 0;\npadding-bottom:10px;\n}\nbody .av-special-heading.av-j99emz-26968d6ded614db99266b06b0defb183 .av-special-heading-tag .heading-char{\nfont-size:25px;\n}\n.av-special-heading.av-j99emz-26968d6ded614db99266b06b0defb183 .av-subheading{\nfont-size:15px;\n}\n<\/style>\n<div  class='av-special-heading av-j99emz-26968d6ded614db99266b06b0defb183 av-special-heading-h6 blockquote modern-quote modern-centered  avia-builder-el-8  el_after_av_image  avia-builder-el-last '><h6 class='av-special-heading-tag '  itemprop=\"headline\"  >ravintola KG:ss\u00e4<\/h6><div class=\"special-heading-border\"><div class=\"special-heading-inner-border\"><\/div><\/div><\/div><\/p><\/div><\/div><!--close column table wrapper. Autoclose: 1 --><\/p>\n\n<style type=\"text\/css\" data-created_by=\"avia_inline_auto\" id=\"style-css-av-jmbqjgjs-18286e6ea7898be36ff99d673080a1af\">\n#top .hr.hr-invisible.av-jmbqjgjs-18286e6ea7898be36ff99d673080a1af{\nheight:30px;\n}\n<\/style>\n<div  class='hr av-jmbqjgjs-18286e6ea7898be36ff99d673080a1af hr-invisible  avia-builder-el-9  el_after_av_one_fifth  avia-builder-el-last '><span class='hr-inner '><span class=\"hr-inner-style\"><\/span><\/span><\/div>\n","protected":false},"excerpt":{"rendered":"","protected":false},"author":1,"featured_media":13257,"comment_status":"closed","ping_status":"closed","sticky":false,"template":"","format":"standard","meta":{"_acf_changed":false,"footnotes":"","_members_access_role":[],"_members_access_error":""},"categories":[371],"tags":[12,26,385,251,16,25,34,41],"class_list":["post-13618","post","type-post","status-publish","format-standard","has-post-thumbnail","hentry","category-ennakot-2019-20","tag-bombom","tag-grifkhandball","tag-respect","tag-tunnetta-peliin","tag-alempi-jatkosarja","tag-grifk","tag-pif","tag-sm-liiga"],"acf":[],"yoast_head":"<!-- This site is optimized with the Yoast SEO plugin v28.4 - https:\/\/yoast.com\/product\/yoast-seo-wordpress\/ -->\n<title>Jatkosarja alkaa - Grani ottaa mittaa PIF:st\u00e4 &#8212; GrIFK K\u00e4sipallo - miehet<\/title>\n<meta name=\"robots\" content=\"index, follow, max-snippet:-1, max-image-preview:large, max-video-preview:-1\" \/>\n<link rel=\"canonical\" href=\"https:\/\/grifk-handball.com\/miehet\/2019-20\/ennakot-2019-20\/jatkosarja-alkaa-grani-ottaa-mittaa-pifsta\/\" \/>\n<meta property=\"og:locale\" content=\"fi_FI\" \/>\n<meta property=\"og:type\" content=\"article\" \/>\n<meta property=\"og:title\" content=\"Jatkosarja alkaa - Grani ottaa mittaa PIF:st\u00e4 &#8212; GrIFK K\u00e4sipallo - miehet\" \/>\n<meta property=\"og:url\" content=\"https:\/\/grifk-handball.com\/miehet\/2019-20\/ennakot-2019-20\/jatkosarja-alkaa-grani-ottaa-mittaa-pifsta\/\" \/>\n<meta property=\"og:site_name\" content=\"GrIFK K\u00e4sipallo - miehet\" \/>\n<meta property=\"article:publisher\" content=\"https:\/\/www.facebook.com\/GrIFKelit\/\" \/>\n<meta property=\"article:published_time\" content=\"2020-02-20T19:30:25+00:00\" \/>\n<meta property=\"og:image\" content=\"https:\/\/i0.wp.com\/grifk-handball.com\/miehet\/wp-content\/uploads\/sites\/2\/2019\/11\/IMG_6394.jpeg?fit=2048%2C1536&ssl=1\" \/>\n\t<meta property=\"og:image:width\" content=\"2048\" \/>\n\t<meta property=\"og:image:height\" content=\"1536\" \/>\n\t<meta property=\"og:image:type\" content=\"image\/jpeg\" \/>\n<meta name=\"author\" content=\"granimaster\" \/>\n<meta name=\"twitter:card\" content=\"summary_large_image\" \/>\n<meta name=\"twitter:creator\" content=\"@GrIFK_MSM\" \/>\n<meta name=\"twitter:site\" content=\"@GrIFK_MSM\" \/>\n<meta name=\"twitter:label1\" content=\"Kirjoittanut\" \/>\n\t<meta name=\"twitter:data1\" content=\"granimaster\" \/>\n\t<meta name=\"twitter:label2\" content=\"Arvioitu lukuaika\" \/>\n\t<meta name=\"twitter:data2\" content=\"7 minuuttia\" \/>\n<script type=\"application\/ld+json\" class=\"yoast-schema-graph\">{\"@context\":\"https:\\\/\\\/schema.org\",\"@graph\":[{\"@type\":\"Article\",\"@id\":\"https:\\\/\\\/grifk-handball.com\\\/miehet\\\/2019-20\\\/ennakot-2019-20\\\/jatkosarja-alkaa-grani-ottaa-mittaa-pifsta\\\/#article\",\"isPartOf\":{\"@id\":\"https:\\\/\\\/grifk-handball.com\\\/miehet\\\/2019-20\\\/ennakot-2019-20\\\/jatkosarja-alkaa-grani-ottaa-mittaa-pifsta\\\/\"},\"author\":{\"name\":\"granimaster\",\"@id\":\"https:\\\/\\\/grifk-handball.com\\\/miehet\\\/#\\\/schema\\\/person\\\/9da98c743e3f0f85a1b32f59241b48e0\"},\"headline\":\"Jatkosarja alkaa &#8211; Grani ottaa mittaa PIF:st\u00e4\",\"datePublished\":\"2020-02-20T19:30:25+00:00\",\"mainEntityOfPage\":{\"@id\":\"https:\\\/\\\/grifk-handball.com\\\/miehet\\\/2019-20\\\/ennakot-2019-20\\\/jatkosarja-alkaa-grani-ottaa-mittaa-pifsta\\\/\"},\"wordCount\":1118,\"publisher\":{\"@id\":\"https:\\\/\\\/grifk-handball.com\\\/miehet\\\/#organization\"},\"image\":{\"@id\":\"https:\\\/\\\/grifk-handball.com\\\/miehet\\\/2019-20\\\/ennakot-2019-20\\\/jatkosarja-alkaa-grani-ottaa-mittaa-pifsta\\\/#primaryimage\"},\"thumbnailUrl\":\"https:\\\/\\\/i0.wp.com\\\/grifk-handball.com\\\/miehet\\\/wp-content\\\/uploads\\\/sites\\\/2\\\/2019\\\/11\\\/IMG_6394.jpeg?fit=2048%2C1536&ssl=1\",\"keywords\":[\"#BomBom\",\"#GrIFKHandball\",\"#respect\",\"#Tunnetta peliin\",\"Alempi jatkosarja\",\"GrIFK\",\"PIF\",\"SM-liiga\"],\"articleSection\":[\"Ennakot 2019-20\"],\"inLanguage\":\"fi\"},{\"@type\":\"WebPage\",\"@id\":\"https:\\\/\\\/grifk-handball.com\\\/miehet\\\/2019-20\\\/ennakot-2019-20\\\/jatkosarja-alkaa-grani-ottaa-mittaa-pifsta\\\/\",\"url\":\"https:\\\/\\\/grifk-handball.com\\\/miehet\\\/2019-20\\\/ennakot-2019-20\\\/jatkosarja-alkaa-grani-ottaa-mittaa-pifsta\\\/\",\"name\":\"Jatkosarja alkaa - Grani ottaa mittaa PIF:st\u00e4 &#8212; GrIFK K\u00e4sipallo - miehet\",\"isPartOf\":{\"@id\":\"https:\\\/\\\/grifk-handball.com\\\/miehet\\\/#website\"},\"primaryImageOfPage\":{\"@id\":\"https:\\\/\\\/grifk-handball.com\\\/miehet\\\/2019-20\\\/ennakot-2019-20\\\/jatkosarja-alkaa-grani-ottaa-mittaa-pifsta\\\/#primaryimage\"},\"image\":{\"@id\":\"https:\\\/\\\/grifk-handball.com\\\/miehet\\\/2019-20\\\/ennakot-2019-20\\\/jatkosarja-alkaa-grani-ottaa-mittaa-pifsta\\\/#primaryimage\"},\"thumbnailUrl\":\"https:\\\/\\\/i0.wp.com\\\/grifk-handball.com\\\/miehet\\\/wp-content\\\/uploads\\\/sites\\\/2\\\/2019\\\/11\\\/IMG_6394.jpeg?fit=2048%2C1536&ssl=1\",\"datePublished\":\"2020-02-20T19:30:25+00:00\",\"breadcrumb\":{\"@id\":\"https:\\\/\\\/grifk-handball.com\\\/miehet\\\/2019-20\\\/ennakot-2019-20\\\/jatkosarja-alkaa-grani-ottaa-mittaa-pifsta\\\/#breadcrumb\"},\"inLanguage\":\"fi\",\"potentialAction\":[{\"@type\":\"ReadAction\",\"target\":[\"https:\\\/\\\/grifk-handball.com\\\/miehet\\\/2019-20\\\/ennakot-2019-20\\\/jatkosarja-alkaa-grani-ottaa-mittaa-pifsta\\\/\"]}]},{\"@type\":\"ImageObject\",\"inLanguage\":\"fi\",\"@id\":\"https:\\\/\\\/grifk-handball.com\\\/miehet\\\/2019-20\\\/ennakot-2019-20\\\/jatkosarja-alkaa-grani-ottaa-mittaa-pifsta\\\/#primaryimage\",\"url\":\"https:\\\/\\\/i0.wp.com\\\/grifk-handball.com\\\/miehet\\\/wp-content\\\/uploads\\\/sites\\\/2\\\/2019\\\/11\\\/IMG_6394.jpeg?fit=2048%2C1536&ssl=1\",\"contentUrl\":\"https:\\\/\\\/i0.wp.com\\\/grifk-handball.com\\\/miehet\\\/wp-content\\\/uploads\\\/sites\\\/2\\\/2019\\\/11\\\/IMG_6394.jpeg?fit=2048%2C1536&ssl=1\",\"width\":2048,\"height\":1536},{\"@type\":\"BreadcrumbList\",\"@id\":\"https:\\\/\\\/grifk-handball.com\\\/miehet\\\/2019-20\\\/ennakot-2019-20\\\/jatkosarja-alkaa-grani-ottaa-mittaa-pifsta\\\/#breadcrumb\",\"itemListElement\":[{\"@type\":\"ListItem\",\"position\":1,\"name\":\"Home\",\"item\":\"https:\\\/\\\/grifk-handball.com\\\/miehet\\\/etusivu-260109\\\/\"},{\"@type\":\"ListItem\",\"position\":2,\"name\":\"Jatkosarja alkaa &#8211; Grani ottaa mittaa PIF:st\u00e4\"}]},{\"@type\":\"WebSite\",\"@id\":\"https:\\\/\\\/grifk-handball.com\\\/miehet\\\/#website\",\"url\":\"https:\\\/\\\/grifk-handball.com\\\/miehet\\\/\",\"name\":\"GrIFK K\u00e4sipallo - miehet\",\"description\":\"BomBom!\",\"publisher\":{\"@id\":\"https:\\\/\\\/grifk-handball.com\\\/miehet\\\/#organization\"},\"potentialAction\":[{\"@type\":\"SearchAction\",\"target\":{\"@type\":\"EntryPoint\",\"urlTemplate\":\"https:\\\/\\\/grifk-handball.com\\\/miehet\\\/?s={search_term_string}\"},\"query-input\":{\"@type\":\"PropertyValueSpecification\",\"valueRequired\":true,\"valueName\":\"search_term_string\"}}],\"inLanguage\":\"fi\"},{\"@type\":\"Organization\",\"@id\":\"https:\\\/\\\/grifk-handball.com\\\/miehet\\\/#organization\",\"name\":\"GrIFK K\u00e4sipallo - miehet\",\"url\":\"https:\\\/\\\/grifk-handball.com\\\/miehet\\\/\",\"logo\":{\"@type\":\"ImageObject\",\"inLanguage\":\"fi\",\"@id\":\"https:\\\/\\\/grifk-handball.com\\\/miehet\\\/#\\\/schema\\\/logo\\\/image\\\/\",\"url\":\"https:\\\/\\\/i0.wp.com\\\/grifk-handball.com\\\/miehet\\\/wp-content\\\/uploads\\\/sites\\\/2\\\/2016\\\/10\\\/logo-grifk-iso.png?fit=1200%2C1400&ssl=1\",\"contentUrl\":\"https:\\\/\\\/i0.wp.com\\\/grifk-handball.com\\\/miehet\\\/wp-content\\\/uploads\\\/sites\\\/2\\\/2016\\\/10\\\/logo-grifk-iso.png?fit=1200%2C1400&ssl=1\",\"width\":1200,\"height\":1400,\"caption\":\"GrIFK K\u00e4sipallo - miehet\"},\"image\":{\"@id\":\"https:\\\/\\\/grifk-handball.com\\\/miehet\\\/#\\\/schema\\\/logo\\\/image\\\/\"},\"sameAs\":[\"https:\\\/\\\/www.facebook.com\\\/GrIFKelit\\\/\",\"https:\\\/\\\/x.com\\\/GrIFK_MSM\",\"https:\\\/\\\/www.instagram.com\\\/grifk_elit\\\/\"]},{\"@type\":\"Person\",\"@id\":\"https:\\\/\\\/grifk-handball.com\\\/miehet\\\/#\\\/schema\\\/person\\\/9da98c743e3f0f85a1b32f59241b48e0\",\"name\":\"granimaster\",\"image\":{\"@type\":\"ImageObject\",\"inLanguage\":\"fi\",\"@id\":\"https:\\\/\\\/secure.gravatar.com\\\/avatar\\\/034b8e6380fc659c320f13e17fe45bd9ab48a21e2debadd5f3179bde291949df?s=96&d=mm&r=g\",\"url\":\"https:\\\/\\\/secure.gravatar.com\\\/avatar\\\/034b8e6380fc659c320f13e17fe45bd9ab48a21e2debadd5f3179bde291949df?s=96&d=mm&r=g\",\"contentUrl\":\"https:\\\/\\\/secure.gravatar.com\\\/avatar\\\/034b8e6380fc659c320f13e17fe45bd9ab48a21e2debadd5f3179bde291949df?s=96&d=mm&r=g\",\"caption\":\"granimaster\"},\"url\":\"https:\\\/\\\/grifk-handball.com\\\/miehet\\\/author\\\/granimaster\\\/\"}]}<\/script>\n<!-- \/ Yoast SEO plugin. -->","yoast_head_json":{"title":"Jatkosarja alkaa - Grani ottaa mittaa PIF:st\u00e4 &#8212; GrIFK K\u00e4sipallo - miehet","robots":{"index":"index","follow":"follow","max-snippet":"max-snippet:-1","max-image-preview":"max-image-preview:large","max-video-preview":"max-video-preview:-1"},"canonical":"https:\/\/grifk-handball.com\/miehet\/2019-20\/ennakot-2019-20\/jatkosarja-alkaa-grani-ottaa-mittaa-pifsta\/","og_locale":"fi_FI","og_type":"article","og_title":"Jatkosarja alkaa - Grani ottaa mittaa PIF:st\u00e4 &#8212; GrIFK K\u00e4sipallo - miehet","og_url":"https:\/\/grifk-handball.com\/miehet\/2019-20\/ennakot-2019-20\/jatkosarja-alkaa-grani-ottaa-mittaa-pifsta\/","og_site_name":"GrIFK K\u00e4sipallo - miehet","article_publisher":"https:\/\/www.facebook.com\/GrIFKelit\/","article_published_time":"2020-02-20T19:30:25+00:00","og_image":[{"width":2048,"height":1536,"url":"https:\/\/i0.wp.com\/grifk-handball.com\/miehet\/wp-content\/uploads\/sites\/2\/2019\/11\/IMG_6394.jpeg?fit=2048%2C1536&ssl=1","type":"image\/jpeg"}],"author":"granimaster","twitter_card":"summary_large_image","twitter_creator":"@GrIFK_MSM","twitter_site":"@GrIFK_MSM","twitter_misc":{"Kirjoittanut":"granimaster","Arvioitu lukuaika":"7 minuuttia"},"schema":{"@context":"https:\/\/schema.org","@graph":[{"@type":"Article","@id":"https:\/\/grifk-handball.com\/miehet\/2019-20\/ennakot-2019-20\/jatkosarja-alkaa-grani-ottaa-mittaa-pifsta\/#article","isPartOf":{"@id":"https:\/\/grifk-handball.com\/miehet\/2019-20\/ennakot-2019-20\/jatkosarja-alkaa-grani-ottaa-mittaa-pifsta\/"},"author":{"name":"granimaster","@id":"https:\/\/grifk-handball.com\/miehet\/#\/schema\/person\/9da98c743e3f0f85a1b32f59241b48e0"},"headline":"Jatkosarja alkaa &#8211; Grani ottaa mittaa PIF:st\u00e4","datePublished":"2020-02-20T19:30:25+00:00","mainEntityOfPage":{"@id":"https:\/\/grifk-handball.com\/miehet\/2019-20\/ennakot-2019-20\/jatkosarja-alkaa-grani-ottaa-mittaa-pifsta\/"},"wordCount":1118,"publisher":{"@id":"https:\/\/grifk-handball.com\/miehet\/#organization"},"image":{"@id":"https:\/\/grifk-handball.com\/miehet\/2019-20\/ennakot-2019-20\/jatkosarja-alkaa-grani-ottaa-mittaa-pifsta\/#primaryimage"},"thumbnailUrl":"https:\/\/i0.wp.com\/grifk-handball.com\/miehet\/wp-content\/uploads\/sites\/2\/2019\/11\/IMG_6394.jpeg?fit=2048%2C1536&ssl=1","keywords":["#BomBom","#GrIFKHandball","#respect","#Tunnetta peliin","Alempi jatkosarja","GrIFK","PIF","SM-liiga"],"articleSection":["Ennakot 2019-20"],"inLanguage":"fi"},{"@type":"WebPage","@id":"https:\/\/grifk-handball.com\/miehet\/2019-20\/ennakot-2019-20\/jatkosarja-alkaa-grani-ottaa-mittaa-pifsta\/","url":"https:\/\/grifk-handball.com\/miehet\/2019-20\/ennakot-2019-20\/jatkosarja-alkaa-grani-ottaa-mittaa-pifsta\/","name":"Jatkosarja alkaa - Grani ottaa mittaa PIF:st\u00e4 &#8212; GrIFK K\u00e4sipallo - miehet","isPartOf":{"@id":"https:\/\/grifk-handball.com\/miehet\/#website"},"primaryImageOfPage":{"@id":"https:\/\/grifk-handball.com\/miehet\/2019-20\/ennakot-2019-20\/jatkosarja-alkaa-grani-ottaa-mittaa-pifsta\/#primaryimage"},"image":{"@id":"https:\/\/grifk-handball.com\/miehet\/2019-20\/ennakot-2019-20\/jatkosarja-alkaa-grani-ottaa-mittaa-pifsta\/#primaryimage"},"thumbnailUrl":"https:\/\/i0.wp.com\/grifk-handball.com\/miehet\/wp-content\/uploads\/sites\/2\/2019\/11\/IMG_6394.jpeg?fit=2048%2C1536&ssl=1","datePublished":"2020-02-20T19:30:25+00:00","breadcrumb":{"@id":"https:\/\/grifk-handball.com\/miehet\/2019-20\/ennakot-2019-20\/jatkosarja-alkaa-grani-ottaa-mittaa-pifsta\/#breadcrumb"},"inLanguage":"fi","potentialAction":[{"@type":"ReadAction","target":["https:\/\/grifk-handball.com\/miehet\/2019-20\/ennakot-2019-20\/jatkosarja-alkaa-grani-ottaa-mittaa-pifsta\/"]}]},{"@type":"ImageObject","inLanguage":"fi","@id":"https:\/\/grifk-handball.com\/miehet\/2019-20\/ennakot-2019-20\/jatkosarja-alkaa-grani-ottaa-mittaa-pifsta\/#primaryimage","url":"https:\/\/i0.wp.com\/grifk-handball.com\/miehet\/wp-content\/uploads\/sites\/2\/2019\/11\/IMG_6394.jpeg?fit=2048%2C1536&ssl=1","contentUrl":"https:\/\/i0.wp.com\/grifk-handball.com\/miehet\/wp-content\/uploads\/sites\/2\/2019\/11\/IMG_6394.jpeg?fit=2048%2C1536&ssl=1","width":2048,"height":1536},{"@type":"BreadcrumbList","@id":"https:\/\/grifk-handball.com\/miehet\/2019-20\/ennakot-2019-20\/jatkosarja-alkaa-grani-ottaa-mittaa-pifsta\/#breadcrumb","itemListElement":[{"@type":"ListItem","position":1,"name":"Home","item":"https:\/\/grifk-handball.com\/miehet\/etusivu-260109\/"},{"@type":"ListItem","position":2,"name":"Jatkosarja alkaa &#8211; Grani ottaa mittaa PIF:st\u00e4"}]},{"@type":"WebSite","@id":"https:\/\/grifk-handball.com\/miehet\/#website","url":"https:\/\/grifk-handball.com\/miehet\/","name":"GrIFK K\u00e4sipallo - miehet","description":"BomBom!","publisher":{"@id":"https:\/\/grifk-handball.com\/miehet\/#organization"},"potentialAction":[{"@type":"SearchAction","target":{"@type":"EntryPoint","urlTemplate":"https:\/\/grifk-handball.com\/miehet\/?s={search_term_string}"},"query-input":{"@type":"PropertyValueSpecification","valueRequired":true,"valueName":"search_term_string"}}],"inLanguage":"fi"},{"@type":"Organization","@id":"https:\/\/grifk-handball.com\/miehet\/#organization","name":"GrIFK K\u00e4sipallo - miehet","url":"https:\/\/grifk-handball.com\/miehet\/","logo":{"@type":"ImageObject","inLanguage":"fi","@id":"https:\/\/grifk-handball.com\/miehet\/#\/schema\/logo\/image\/","url":"https:\/\/i0.wp.com\/grifk-handball.com\/miehet\/wp-content\/uploads\/sites\/2\/2016\/10\/logo-grifk-iso.png?fit=1200%2C1400&ssl=1","contentUrl":"https:\/\/i0.wp.com\/grifk-handball.com\/miehet\/wp-content\/uploads\/sites\/2\/2016\/10\/logo-grifk-iso.png?fit=1200%2C1400&ssl=1","width":1200,"height":1400,"caption":"GrIFK K\u00e4sipallo - miehet"},"image":{"@id":"https:\/\/grifk-handball.com\/miehet\/#\/schema\/logo\/image\/"},"sameAs":["https:\/\/www.facebook.com\/GrIFKelit\/","https:\/\/x.com\/GrIFK_MSM","https:\/\/www.instagram.com\/grifk_elit\/"]},{"@type":"Person","@id":"https:\/\/grifk-handball.com\/miehet\/#\/schema\/person\/9da98c743e3f0f85a1b32f59241b48e0","name":"granimaster","image":{"@type":"ImageObject","inLanguage":"fi","@id":"https:\/\/secure.gravatar.com\/avatar\/034b8e6380fc659c320f13e17fe45bd9ab48a21e2debadd5f3179bde291949df?s=96&d=mm&r=g","url":"https:\/\/secure.gravatar.com\/avatar\/034b8e6380fc659c320f13e17fe45bd9ab48a21e2debadd5f3179bde291949df?s=96&d=mm&r=g","contentUrl":"https:\/\/secure.gravatar.com\/avatar\/034b8e6380fc659c320f13e17fe45bd9ab48a21e2debadd5f3179bde291949df?s=96&d=mm&r=g","caption":"granimaster"},"url":"https:\/\/grifk-handball.com\/miehet\/author\/granimaster\/"}]}},"jetpack_shortlink":"https:\/\/wp.me\/p9jQ9a-3xE","jetpack_featured_media_url":"https:\/\/i0.wp.com\/grifk-handball.com\/miehet\/wp-content\/uploads\/sites\/2\/2019\/11\/IMG_6394.jpeg?fit=2048%2C1536&ssl=1","_links":{"self":[{"href":"https:\/\/grifk-handball.com\/miehet\/wp-json\/wp\/v2\/posts\/13618","targetHints":{"allow":["GET"]}}],"collection":[{"href":"https:\/\/grifk-handball.com\/miehet\/wp-json\/wp\/v2\/posts"}],"about":[{"href":"https:\/\/grifk-handball.com\/miehet\/wp-json\/wp\/v2\/types\/post"}],"author":[{"embeddable":true,"href":"https:\/\/grifk-handball.com\/miehet\/wp-json\/wp\/v2\/users\/1"}],"replies":[{"embeddable":true,"href":"https:\/\/grifk-handball.com\/miehet\/wp-json\/wp\/v2\/comments?post=13618"}],"version-history":[{"count":2,"href":"https:\/\/grifk-handball.com\/miehet\/wp-json\/wp\/v2\/posts\/13618\/revisions"}],"predecessor-version":[{"id":13620,"href":"https:\/\/grifk-handball.com\/miehet\/wp-json\/wp\/v2\/posts\/13618\/revisions\/13620"}],"wp:featuredmedia":[{"embeddable":true,"href":"https:\/\/grifk-handball.com\/miehet\/wp-json\/wp\/v2\/media\/13257"}],"wp:attachment":[{"href":"https:\/\/grifk-handball.com\/miehet\/wp-json\/wp\/v2\/media?parent=13618"}],"wp:term":[{"taxonomy":"category","embeddable":true,"href":"https:\/\/grifk-handball.com\/miehet\/wp-json\/wp\/v2\/categories?post=13618"},{"taxonomy":"post_tag","embeddable":true,"href":"https:\/\/grifk-handball.com\/miehet\/wp-json\/wp\/v2\/tags?post=13618"}],"curies":[{"name":"wp","href":"https:\/\/api.w.org\/{rel}","templated":true}]}}