{"id":13621,"date":"2020-02-22T21:15:46","date_gmt":"2020-02-22T19:15:46","guid":{"rendered":"https:\/\/grifk-handball.com\/miehet\/?p=13621"},"modified":"2020-02-24T21:39:02","modified_gmt":"2020-02-24T19:39:02","slug":"handis365-grifk-voitti-ja-nousi-sarjakarkeen","status":"publish","type":"post","link":"https:\/\/grifk-handball.com\/miehet\/handis365\/handis365-grifk-voitti-ja-nousi-sarjakarkeen\/","title":{"rendered":"Handis365: GrIFK voitti ja nousi sarjak\u00e4rkeen"},"content":{"rendered":"<section  class='av_textblock_section av-k60r1nqd-24a987566233b32fbabfc9c95492be0e '   itemscope=\"itemscope\" itemtype=\"https:\/\/schema.org\/BlogPosting\" itemprop=\"blogPost\" ><div class='avia_textblock'  itemprop=\"text\" ><p><span class=\"\" title=\"Muokattu\">Lauantaina oli Kauniaisten luolassa ohjelmassa alemman jatkosarjan kamppailu, kun GrIFK sek\u00e4 PIF kohtasivat. Grani otti t\u00e4rke\u00e4t kaksi pistett\u00e4 luvuin 28-25 ja otti samalla jatkosarjan k\u00e4rkipaikan. K\u00e4llman ja joukkue asettivat itselleen kaksi v\u00e4litavoitetta &#8211; ensin runkosarjan kuudes sija ja per\u00e4\u00e4n alemman jatkosarjan k\u00e4rkipaikka. Ensimm\u00e4inen tavoite t\u00e4yttyi \u00c5IFK-voiton my\u00f6t\u00e4 &#8211; nyt oli ensimm\u00e4inen koitos jatkosarjassa.<\/span><\/p>\n<p><!--more--><\/p>\n<p><strong><a href=\"https:\/\/www.facebook.com\/handis365\/\"><img data-recalc-dims=\"1\" loading=\"lazy\" decoding=\"async\" class=\"alignright size-medium wp-image-13538\" src=\"https:\/\/i0.wp.com\/grifk-handball.com\/miehet\/wp-content\/uploads\/sites\/2\/2020\/01\/handis365-300x300.png?resize=300%2C300&#038;ssl=1\" alt=\"\" width=\"300\" height=\"300\" srcset=\"https:\/\/i0.wp.com\/grifk-handball.com\/miehet\/wp-content\/uploads\/sites\/2\/2020\/01\/handis365.png?resize=300%2C300&amp;ssl=1 300w, https:\/\/i0.wp.com\/grifk-handball.com\/miehet\/wp-content\/uploads\/sites\/2\/2020\/01\/handis365.png?resize=1030%2C1030&amp;ssl=1 1030w, https:\/\/i0.wp.com\/grifk-handball.com\/miehet\/wp-content\/uploads\/sites\/2\/2020\/01\/handis365.png?resize=80%2C80&amp;ssl=1 80w, https:\/\/i0.wp.com\/grifk-handball.com\/miehet\/wp-content\/uploads\/sites\/2\/2020\/01\/handis365.png?resize=768%2C768&amp;ssl=1 768w, https:\/\/i0.wp.com\/grifk-handball.com\/miehet\/wp-content\/uploads\/sites\/2\/2020\/01\/handis365.png?resize=36%2C36&amp;ssl=1 36w, https:\/\/i0.wp.com\/grifk-handball.com\/miehet\/wp-content\/uploads\/sites\/2\/2020\/01\/handis365.png?resize=180%2C180&amp;ssl=1 180w, https:\/\/i0.wp.com\/grifk-handball.com\/miehet\/wp-content\/uploads\/sites\/2\/2020\/01\/handis365.png?resize=705%2C705&amp;ssl=1 705w, https:\/\/i0.wp.com\/grifk-handball.com\/miehet\/wp-content\/uploads\/sites\/2\/2020\/01\/handis365.png?resize=50%2C50&amp;ssl=1 50w, https:\/\/i0.wp.com\/grifk-handball.com\/miehet\/wp-content\/uploads\/sites\/2\/2020\/01\/handis365.png?w=1058&amp;ssl=1 1058w\" sizes=\"auto, (max-width: 300px) 100vw, 300px\" \/><\/a>GrIFK \u2013 PIF 21 &#8211; 28 (11 \u2013 14)<\/strong><\/p>\n<p><span class=\"\" title=\"Muokattu\">Lauantain ensimm\u00e4inen 30min ei ollut mik\u00e4\u00e4n suuri spektaakkeli tai mieleenpainuva urheilujuhla. Grani oli kokoajan hieman niskan p\u00e4\u00e4ll\u00e4, mutta ei miss\u00e4\u00e4n vaiheessa saanut tempopeli\u00e4 k\u00e4yntiin. Grani pelasi lauantaina ilman Alexander Qvisti\u00e4, mutta toisaalta Richard Sundberg teki tehokkaan paluun kokoonpanoon.<\/span><\/p>\n<p>Toiselle puoliajalle Grani tuli paremmalla asenteella ja sai revitty\u00e4 eroa kapealla ringill\u00e4 pelanneeseen Piffeniin. Kymmenen minuuttia ennen loppua Grani johti jo seitsem\u00e4ll\u00e4 maalilla &#8211; sitten joukkue otti jalan pois kaasulta ja p\u00e4\u00e4sti Piffenin mukaan peliin. PIF nousi kahden maalin p\u00e4\u00e4h\u00e4n Granista, mutta kauden avausvoitto j\u00e4i ottamatta.<\/p>\n<p>Anthony Hellakoski oli totutusti GrIFK:n tehokkain pelaaja &#8211; vaikka lauantain peli ei ollut Hellakosken kauden timanttisin esitys, kertoo 8 tehty\u00e4 maalia miehen t\u00e4m\u00e4nhetkisest\u00e4 kovasta suoritustasosta. Albert Georgs pelasi varman ottelun Granin maalilla.<\/p>\n<p>Ottelun n\u00e4kyvin pelaaja oli Aleksandar Trenchevski, joka taisteli linjassa 60 minuuttia hurjalla asenteella. Siin\u00e4 miss\u00e4 Grani pystyi laittamaan tuoretta miest\u00e4 linjaan painimaan, sai Trenchevski todella urakoida. Mit\u00e4\u00e4n ottelun t\u00e4hdist\u00f6pelaajilta pois ottamatta, oli kuuden maalin mies t\u00e4n\u00e4\u00e4n mielest\u00e4ni selke\u00e4sti kent\u00e4n kuningas.<\/p>\n<p>Toivottavasti Paraisilta l\u00f6ytyy miehelle j\u00e4\u00e4kylpy palautumiseen, sill\u00e4 PIF pelaa seuraavaksi jo maanantaina. GrIFK otti hieman vaisulla esityksell\u00e4 t\u00e4rke\u00e4t kaksi pistett\u00e4. Keskiviikkona Turussa vastassa on \u00c5IFK, joka k\u00e4vi perjantaina ry\u00f6st\u00f6retkell\u00e4 Helsingiss\u00e4.<\/p>\n<p><strong>Handis365 valinnat ottelun parhaiksi:<\/strong><br \/>\nGrIFK: <span class=\"\" title=\"Muokattu\">Albert Georgs<\/span><br \/>\nPIF: <span class=\"\" title=\"Muokattu\">Aleksandar Trenchevski<\/span><\/p>\n<p><em>Kuva: Henri Merikalla \/ Handis365<\/em><\/p>\n<\/div><\/section>\n","protected":false},"excerpt":{"rendered":"<p>Lauantaina oli Kauniaisten luolassa ohjelmassa alemman jatkosarjan kamppailu, kun GrIFK sek\u00e4 PIF kohtasivat. Grani otti t\u00e4rke\u00e4t kaksi pistett\u00e4 luvuin 28-25 ja otti samalla jatkosarjan k\u00e4rkipaikan. K\u00e4llman ja joukkue asettivat itselleen kaksi v\u00e4litavoitetta &#8211; ensin runkosarjan kuudes sija ja per\u00e4\u00e4n alemman jatkosarjan k\u00e4rkipaikka. Ensimm\u00e4inen tavoite t\u00e4yttyi \u00c5IFK-voiton my\u00f6t\u00e4 &#8211; nyt oli ensimm\u00e4inen koitos jatkosarjassa.<\/p>\n","protected":false},"author":1,"featured_media":13622,"comment_status":"closed","ping_status":"closed","sticky":false,"template":"","format":"standard","meta":{"_acf_changed":false,"footnotes":""},"categories":[411,373],"tags":[16,25,413,34,41],"class_list":["post-13621","post","type-post","status-publish","format-standard","has-post-thumbnail","hentry","category-handis365","category-ottelut-2019-20","tag-alempi-jatkosarja","tag-grifk","tag-handis365","tag-pif","tag-sm-liiga"],"acf":[],"yoast_head":"<!-- This site is optimized with the Yoast SEO plugin v27.5 - https:\/\/yoast.com\/product\/yoast-seo-wordpress\/ -->\n<title>Handis365: GrIFK voitti ja nousi sarjak\u00e4rkeen &#8212; GrIFK K\u00e4sipallo - miehet<\/title>\n<meta name=\"robots\" content=\"index, follow, max-snippet:-1, max-image-preview:large, max-video-preview:-1\" \/>\n<link rel=\"canonical\" href=\"https:\/\/grifk-handball.com\/miehet\/handis365\/handis365-grifk-voitti-ja-nousi-sarjakarkeen\/\" \/>\n<meta property=\"og:locale\" content=\"fi_FI\" \/>\n<meta property=\"og:type\" content=\"article\" \/>\n<meta property=\"og:title\" content=\"Handis365: GrIFK voitti ja nousi sarjak\u00e4rkeen &#8212; GrIFK K\u00e4sipallo - miehet\" \/>\n<meta property=\"og:description\" content=\"Lauantaina oli Kauniaisten luolassa ohjelmassa alemman jatkosarjan kamppailu, kun GrIFK sek\u00e4 PIF kohtasivat. Grani otti t\u00e4rke\u00e4t kaksi pistett\u00e4 luvuin 28-25 ja otti samalla jatkosarjan k\u00e4rkipaikan. K\u00e4llman ja joukkue asettivat itselleen kaksi v\u00e4litavoitetta &#8211; ensin runkosarjan kuudes sija ja per\u00e4\u00e4n alemman jatkosarjan k\u00e4rkipaikka. Ensimm\u00e4inen tavoite t\u00e4yttyi \u00c5IFK-voiton my\u00f6t\u00e4 &#8211; nyt oli ensimm\u00e4inen koitos jatkosarjassa.\" \/>\n<meta property=\"og:url\" content=\"https:\/\/grifk-handball.com\/miehet\/handis365\/handis365-grifk-voitti-ja-nousi-sarjakarkeen\/\" \/>\n<meta property=\"og:site_name\" content=\"GrIFK K\u00e4sipallo - miehet\" \/>\n<meta property=\"article:publisher\" content=\"https:\/\/www.facebook.com\/GrIFKelit\/\" \/>\n<meta property=\"article:published_time\" content=\"2020-02-22T19:15:46+00:00\" \/>\n<meta property=\"article:modified_time\" content=\"2020-02-24T19:39:02+00:00\" \/>\n<meta property=\"og:image\" content=\"https:\/\/grifk-handball.com\/miehet\/wp-content\/uploads\/sites\/2\/2020\/02\/DSC09705-1030x687.jpg\" \/>\n\t<meta property=\"og:image:width\" content=\"1030\" \/>\n\t<meta property=\"og:image:height\" content=\"687\" \/>\n\t<meta property=\"og:image:type\" content=\"image\/jpeg\" \/>\n<meta name=\"author\" content=\"granimaster\" \/>\n<meta name=\"twitter:card\" content=\"summary_large_image\" \/>\n<meta name=\"twitter:creator\" content=\"@GrIFK_MSM\" \/>\n<meta name=\"twitter:site\" content=\"@GrIFK_MSM\" \/>\n<meta name=\"twitter:label1\" content=\"Kirjoittanut\" \/>\n\t<meta name=\"twitter:data1\" content=\"granimaster\" \/>\n\t<meta name=\"twitter:label2\" content=\"Arvioitu lukuaika\" \/>\n\t<meta name=\"twitter:data2\" content=\"2 minuuttia\" \/>\n<script type=\"application\/ld+json\" class=\"yoast-schema-graph\">{\"@context\":\"https:\\\/\\\/schema.org\",\"@graph\":[{\"@type\":\"Article\",\"@id\":\"https:\\\/\\\/grifk-handball.com\\\/miehet\\\/handis365\\\/handis365-grifk-voitti-ja-nousi-sarjakarkeen\\\/#article\",\"isPartOf\":{\"@id\":\"https:\\\/\\\/grifk-handball.com\\\/miehet\\\/handis365\\\/handis365-grifk-voitti-ja-nousi-sarjakarkeen\\\/\"},\"author\":{\"name\":\"granimaster\",\"@id\":\"https:\\\/\\\/grifk-handball.com\\\/miehet\\\/#\\\/schema\\\/person\\\/9da98c743e3f0f85a1b32f59241b48e0\"},\"headline\":\"Handis365: GrIFK voitti ja nousi sarjak\u00e4rkeen\",\"datePublished\":\"2020-02-22T19:15:46+00:00\",\"dateModified\":\"2020-02-24T19:39:02+00:00\",\"mainEntityOfPage\":{\"@id\":\"https:\\\/\\\/grifk-handball.com\\\/miehet\\\/handis365\\\/handis365-grifk-voitti-ja-nousi-sarjakarkeen\\\/\"},\"wordCount\":323,\"publisher\":{\"@id\":\"https:\\\/\\\/grifk-handball.com\\\/miehet\\\/#organization\"},\"image\":{\"@id\":\"https:\\\/\\\/grifk-handball.com\\\/miehet\\\/handis365\\\/handis365-grifk-voitti-ja-nousi-sarjakarkeen\\\/#primaryimage\"},\"thumbnailUrl\":\"https:\\\/\\\/i0.wp.com\\\/grifk-handball.com\\\/miehet\\\/wp-content\\\/uploads\\\/sites\\\/2\\\/2020\\\/02\\\/DSC09705-scaled.jpg?fit=2560%2C1707&ssl=1\",\"keywords\":[\"Alempi jatkosarja\",\"GrIFK\",\"Handis365\",\"PIF\",\"SM-liiga\"],\"articleSection\":[\"Handis365\",\"Ottelut 2019-20\"],\"inLanguage\":\"fi\"},{\"@type\":\"WebPage\",\"@id\":\"https:\\\/\\\/grifk-handball.com\\\/miehet\\\/handis365\\\/handis365-grifk-voitti-ja-nousi-sarjakarkeen\\\/\",\"url\":\"https:\\\/\\\/grifk-handball.com\\\/miehet\\\/handis365\\\/handis365-grifk-voitti-ja-nousi-sarjakarkeen\\\/\",\"name\":\"Handis365: GrIFK voitti ja nousi sarjak\u00e4rkeen &#8212; GrIFK K\u00e4sipallo - miehet\",\"isPartOf\":{\"@id\":\"https:\\\/\\\/grifk-handball.com\\\/miehet\\\/#website\"},\"primaryImageOfPage\":{\"@id\":\"https:\\\/\\\/grifk-handball.com\\\/miehet\\\/handis365\\\/handis365-grifk-voitti-ja-nousi-sarjakarkeen\\\/#primaryimage\"},\"image\":{\"@id\":\"https:\\\/\\\/grifk-handball.com\\\/miehet\\\/handis365\\\/handis365-grifk-voitti-ja-nousi-sarjakarkeen\\\/#primaryimage\"},\"thumbnailUrl\":\"https:\\\/\\\/i0.wp.com\\\/grifk-handball.com\\\/miehet\\\/wp-content\\\/uploads\\\/sites\\\/2\\\/2020\\\/02\\\/DSC09705-scaled.jpg?fit=2560%2C1707&ssl=1\",\"datePublished\":\"2020-02-22T19:15:46+00:00\",\"dateModified\":\"2020-02-24T19:39:02+00:00\",\"breadcrumb\":{\"@id\":\"https:\\\/\\\/grifk-handball.com\\\/miehet\\\/handis365\\\/handis365-grifk-voitti-ja-nousi-sarjakarkeen\\\/#breadcrumb\"},\"inLanguage\":\"fi\",\"potentialAction\":[{\"@type\":\"ReadAction\",\"target\":[\"https:\\\/\\\/grifk-handball.com\\\/miehet\\\/handis365\\\/handis365-grifk-voitti-ja-nousi-sarjakarkeen\\\/\"]}]},{\"@type\":\"ImageObject\",\"inLanguage\":\"fi\",\"@id\":\"https:\\\/\\\/grifk-handball.com\\\/miehet\\\/handis365\\\/handis365-grifk-voitti-ja-nousi-sarjakarkeen\\\/#primaryimage\",\"url\":\"https:\\\/\\\/i0.wp.com\\\/grifk-handball.com\\\/miehet\\\/wp-content\\\/uploads\\\/sites\\\/2\\\/2020\\\/02\\\/DSC09705-scaled.jpg?fit=2560%2C1707&ssl=1\",\"contentUrl\":\"https:\\\/\\\/i0.wp.com\\\/grifk-handball.com\\\/miehet\\\/wp-content\\\/uploads\\\/sites\\\/2\\\/2020\\\/02\\\/DSC09705-scaled.jpg?fit=2560%2C1707&ssl=1\",\"width\":2560,\"height\":1707},{\"@type\":\"BreadcrumbList\",\"@id\":\"https:\\\/\\\/grifk-handball.com\\\/miehet\\\/handis365\\\/handis365-grifk-voitti-ja-nousi-sarjakarkeen\\\/#breadcrumb\",\"itemListElement\":[{\"@type\":\"ListItem\",\"position\":1,\"name\":\"Home\",\"item\":\"https:\\\/\\\/grifk-handball.com\\\/miehet\\\/etusivu-260109\\\/\"},{\"@type\":\"ListItem\",\"position\":2,\"name\":\"Handis365: GrIFK voitti ja nousi sarjak\u00e4rkeen\"}]},{\"@type\":\"WebSite\",\"@id\":\"https:\\\/\\\/grifk-handball.com\\\/miehet\\\/#website\",\"url\":\"https:\\\/\\\/grifk-handball.com\\\/miehet\\\/\",\"name\":\"GrIFK K\u00e4sipallo - miehet\",\"description\":\"BomBom!\",\"publisher\":{\"@id\":\"https:\\\/\\\/grifk-handball.com\\\/miehet\\\/#organization\"},\"potentialAction\":[{\"@type\":\"SearchAction\",\"target\":{\"@type\":\"EntryPoint\",\"urlTemplate\":\"https:\\\/\\\/grifk-handball.com\\\/miehet\\\/?s={search_term_string}\"},\"query-input\":{\"@type\":\"PropertyValueSpecification\",\"valueRequired\":true,\"valueName\":\"search_term_string\"}}],\"inLanguage\":\"fi\"},{\"@type\":\"Organization\",\"@id\":\"https:\\\/\\\/grifk-handball.com\\\/miehet\\\/#organization\",\"name\":\"GrIFK K\u00e4sipallo - miehet\",\"url\":\"https:\\\/\\\/grifk-handball.com\\\/miehet\\\/\",\"logo\":{\"@type\":\"ImageObject\",\"inLanguage\":\"fi\",\"@id\":\"https:\\\/\\\/grifk-handball.com\\\/miehet\\\/#\\\/schema\\\/logo\\\/image\\\/\",\"url\":\"https:\\\/\\\/i0.wp.com\\\/grifk-handball.com\\\/miehet\\\/wp-content\\\/uploads\\\/sites\\\/2\\\/2016\\\/10\\\/logo-grifk-iso.png?fit=1200%2C1400&ssl=1\",\"contentUrl\":\"https:\\\/\\\/i0.wp.com\\\/grifk-handball.com\\\/miehet\\\/wp-content\\\/uploads\\\/sites\\\/2\\\/2016\\\/10\\\/logo-grifk-iso.png?fit=1200%2C1400&ssl=1\",\"width\":1200,\"height\":1400,\"caption\":\"GrIFK K\u00e4sipallo - miehet\"},\"image\":{\"@id\":\"https:\\\/\\\/grifk-handball.com\\\/miehet\\\/#\\\/schema\\\/logo\\\/image\\\/\"},\"sameAs\":[\"https:\\\/\\\/www.facebook.com\\\/GrIFKelit\\\/\",\"https:\\\/\\\/x.com\\\/GrIFK_MSM\",\"https:\\\/\\\/www.instagram.com\\\/grifk_elit\\\/\"]},{\"@type\":\"Person\",\"@id\":\"https:\\\/\\\/grifk-handball.com\\\/miehet\\\/#\\\/schema\\\/person\\\/9da98c743e3f0f85a1b32f59241b48e0\",\"name\":\"granimaster\",\"image\":{\"@type\":\"ImageObject\",\"inLanguage\":\"fi\",\"@id\":\"https:\\\/\\\/secure.gravatar.com\\\/avatar\\\/034b8e6380fc659c320f13e17fe45bd9ab48a21e2debadd5f3179bde291949df?s=96&d=mm&r=g\",\"url\":\"https:\\\/\\\/secure.gravatar.com\\\/avatar\\\/034b8e6380fc659c320f13e17fe45bd9ab48a21e2debadd5f3179bde291949df?s=96&d=mm&r=g\",\"contentUrl\":\"https:\\\/\\\/secure.gravatar.com\\\/avatar\\\/034b8e6380fc659c320f13e17fe45bd9ab48a21e2debadd5f3179bde291949df?s=96&d=mm&r=g\",\"caption\":\"granimaster\"},\"url\":\"https:\\\/\\\/grifk-handball.com\\\/miehet\\\/author\\\/granimaster\\\/\"}]}<\/script>\n<!-- \/ Yoast SEO plugin. -->","yoast_head_json":{"title":"Handis365: GrIFK voitti ja nousi sarjak\u00e4rkeen &#8212; GrIFK K\u00e4sipallo - miehet","robots":{"index":"index","follow":"follow","max-snippet":"max-snippet:-1","max-image-preview":"max-image-preview:large","max-video-preview":"max-video-preview:-1"},"canonical":"https:\/\/grifk-handball.com\/miehet\/handis365\/handis365-grifk-voitti-ja-nousi-sarjakarkeen\/","og_locale":"fi_FI","og_type":"article","og_title":"Handis365: GrIFK voitti ja nousi sarjak\u00e4rkeen &#8212; GrIFK K\u00e4sipallo - miehet","og_description":"Lauantaina oli Kauniaisten luolassa ohjelmassa alemman jatkosarjan kamppailu, kun GrIFK sek\u00e4 PIF kohtasivat. Grani otti t\u00e4rke\u00e4t kaksi pistett\u00e4 luvuin 28-25 ja otti samalla jatkosarjan k\u00e4rkipaikan. K\u00e4llman ja joukkue asettivat itselleen kaksi v\u00e4litavoitetta &#8211; ensin runkosarjan kuudes sija ja per\u00e4\u00e4n alemman jatkosarjan k\u00e4rkipaikka. Ensimm\u00e4inen tavoite t\u00e4yttyi \u00c5IFK-voiton my\u00f6t\u00e4 &#8211; nyt oli ensimm\u00e4inen koitos jatkosarjassa.","og_url":"https:\/\/grifk-handball.com\/miehet\/handis365\/handis365-grifk-voitti-ja-nousi-sarjakarkeen\/","og_site_name":"GrIFK K\u00e4sipallo - miehet","article_publisher":"https:\/\/www.facebook.com\/GrIFKelit\/","article_published_time":"2020-02-22T19:15:46+00:00","article_modified_time":"2020-02-24T19:39:02+00:00","og_image":[{"width":1030,"height":687,"url":"https:\/\/grifk-handball.com\/miehet\/wp-content\/uploads\/sites\/2\/2020\/02\/DSC09705-1030x687.jpg","type":"image\/jpeg"}],"author":"granimaster","twitter_card":"summary_large_image","twitter_creator":"@GrIFK_MSM","twitter_site":"@GrIFK_MSM","twitter_misc":{"Kirjoittanut":"granimaster","Arvioitu lukuaika":"2 minuuttia"},"schema":{"@context":"https:\/\/schema.org","@graph":[{"@type":"Article","@id":"https:\/\/grifk-handball.com\/miehet\/handis365\/handis365-grifk-voitti-ja-nousi-sarjakarkeen\/#article","isPartOf":{"@id":"https:\/\/grifk-handball.com\/miehet\/handis365\/handis365-grifk-voitti-ja-nousi-sarjakarkeen\/"},"author":{"name":"granimaster","@id":"https:\/\/grifk-handball.com\/miehet\/#\/schema\/person\/9da98c743e3f0f85a1b32f59241b48e0"},"headline":"Handis365: GrIFK voitti ja nousi sarjak\u00e4rkeen","datePublished":"2020-02-22T19:15:46+00:00","dateModified":"2020-02-24T19:39:02+00:00","mainEntityOfPage":{"@id":"https:\/\/grifk-handball.com\/miehet\/handis365\/handis365-grifk-voitti-ja-nousi-sarjakarkeen\/"},"wordCount":323,"publisher":{"@id":"https:\/\/grifk-handball.com\/miehet\/#organization"},"image":{"@id":"https:\/\/grifk-handball.com\/miehet\/handis365\/handis365-grifk-voitti-ja-nousi-sarjakarkeen\/#primaryimage"},"thumbnailUrl":"https:\/\/i0.wp.com\/grifk-handball.com\/miehet\/wp-content\/uploads\/sites\/2\/2020\/02\/DSC09705-scaled.jpg?fit=2560%2C1707&ssl=1","keywords":["Alempi jatkosarja","GrIFK","Handis365","PIF","SM-liiga"],"articleSection":["Handis365","Ottelut 2019-20"],"inLanguage":"fi"},{"@type":"WebPage","@id":"https:\/\/grifk-handball.com\/miehet\/handis365\/handis365-grifk-voitti-ja-nousi-sarjakarkeen\/","url":"https:\/\/grifk-handball.com\/miehet\/handis365\/handis365-grifk-voitti-ja-nousi-sarjakarkeen\/","name":"Handis365: GrIFK voitti ja nousi sarjak\u00e4rkeen &#8212; GrIFK K\u00e4sipallo - miehet","isPartOf":{"@id":"https:\/\/grifk-handball.com\/miehet\/#website"},"primaryImageOfPage":{"@id":"https:\/\/grifk-handball.com\/miehet\/handis365\/handis365-grifk-voitti-ja-nousi-sarjakarkeen\/#primaryimage"},"image":{"@id":"https:\/\/grifk-handball.com\/miehet\/handis365\/handis365-grifk-voitti-ja-nousi-sarjakarkeen\/#primaryimage"},"thumbnailUrl":"https:\/\/i0.wp.com\/grifk-handball.com\/miehet\/wp-content\/uploads\/sites\/2\/2020\/02\/DSC09705-scaled.jpg?fit=2560%2C1707&ssl=1","datePublished":"2020-02-22T19:15:46+00:00","dateModified":"2020-02-24T19:39:02+00:00","breadcrumb":{"@id":"https:\/\/grifk-handball.com\/miehet\/handis365\/handis365-grifk-voitti-ja-nousi-sarjakarkeen\/#breadcrumb"},"inLanguage":"fi","potentialAction":[{"@type":"ReadAction","target":["https:\/\/grifk-handball.com\/miehet\/handis365\/handis365-grifk-voitti-ja-nousi-sarjakarkeen\/"]}]},{"@type":"ImageObject","inLanguage":"fi","@id":"https:\/\/grifk-handball.com\/miehet\/handis365\/handis365-grifk-voitti-ja-nousi-sarjakarkeen\/#primaryimage","url":"https:\/\/i0.wp.com\/grifk-handball.com\/miehet\/wp-content\/uploads\/sites\/2\/2020\/02\/DSC09705-scaled.jpg?fit=2560%2C1707&ssl=1","contentUrl":"https:\/\/i0.wp.com\/grifk-handball.com\/miehet\/wp-content\/uploads\/sites\/2\/2020\/02\/DSC09705-scaled.jpg?fit=2560%2C1707&ssl=1","width":2560,"height":1707},{"@type":"BreadcrumbList","@id":"https:\/\/grifk-handball.com\/miehet\/handis365\/handis365-grifk-voitti-ja-nousi-sarjakarkeen\/#breadcrumb","itemListElement":[{"@type":"ListItem","position":1,"name":"Home","item":"https:\/\/grifk-handball.com\/miehet\/etusivu-260109\/"},{"@type":"ListItem","position":2,"name":"Handis365: GrIFK voitti ja nousi sarjak\u00e4rkeen"}]},{"@type":"WebSite","@id":"https:\/\/grifk-handball.com\/miehet\/#website","url":"https:\/\/grifk-handball.com\/miehet\/","name":"GrIFK K\u00e4sipallo - miehet","description":"BomBom!","publisher":{"@id":"https:\/\/grifk-handball.com\/miehet\/#organization"},"potentialAction":[{"@type":"SearchAction","target":{"@type":"EntryPoint","urlTemplate":"https:\/\/grifk-handball.com\/miehet\/?s={search_term_string}"},"query-input":{"@type":"PropertyValueSpecification","valueRequired":true,"valueName":"search_term_string"}}],"inLanguage":"fi"},{"@type":"Organization","@id":"https:\/\/grifk-handball.com\/miehet\/#organization","name":"GrIFK K\u00e4sipallo - miehet","url":"https:\/\/grifk-handball.com\/miehet\/","logo":{"@type":"ImageObject","inLanguage":"fi","@id":"https:\/\/grifk-handball.com\/miehet\/#\/schema\/logo\/image\/","url":"https:\/\/i0.wp.com\/grifk-handball.com\/miehet\/wp-content\/uploads\/sites\/2\/2016\/10\/logo-grifk-iso.png?fit=1200%2C1400&ssl=1","contentUrl":"https:\/\/i0.wp.com\/grifk-handball.com\/miehet\/wp-content\/uploads\/sites\/2\/2016\/10\/logo-grifk-iso.png?fit=1200%2C1400&ssl=1","width":1200,"height":1400,"caption":"GrIFK K\u00e4sipallo - miehet"},"image":{"@id":"https:\/\/grifk-handball.com\/miehet\/#\/schema\/logo\/image\/"},"sameAs":["https:\/\/www.facebook.com\/GrIFKelit\/","https:\/\/x.com\/GrIFK_MSM","https:\/\/www.instagram.com\/grifk_elit\/"]},{"@type":"Person","@id":"https:\/\/grifk-handball.com\/miehet\/#\/schema\/person\/9da98c743e3f0f85a1b32f59241b48e0","name":"granimaster","image":{"@type":"ImageObject","inLanguage":"fi","@id":"https:\/\/secure.gravatar.com\/avatar\/034b8e6380fc659c320f13e17fe45bd9ab48a21e2debadd5f3179bde291949df?s=96&d=mm&r=g","url":"https:\/\/secure.gravatar.com\/avatar\/034b8e6380fc659c320f13e17fe45bd9ab48a21e2debadd5f3179bde291949df?s=96&d=mm&r=g","contentUrl":"https:\/\/secure.gravatar.com\/avatar\/034b8e6380fc659c320f13e17fe45bd9ab48a21e2debadd5f3179bde291949df?s=96&d=mm&r=g","caption":"granimaster"},"url":"https:\/\/grifk-handball.com\/miehet\/author\/granimaster\/"}]}},"jetpack_featured_media_url":"https:\/\/i0.wp.com\/grifk-handball.com\/miehet\/wp-content\/uploads\/sites\/2\/2020\/02\/DSC09705-scaled.jpg?fit=2560%2C1707&ssl=1","jetpack_shortlink":"https:\/\/wp.me\/p9jQ9a-3xH","_links":{"self":[{"href":"https:\/\/grifk-handball.com\/miehet\/wp-json\/wp\/v2\/posts\/13621","targetHints":{"allow":["GET"]}}],"collection":[{"href":"https:\/\/grifk-handball.com\/miehet\/wp-json\/wp\/v2\/posts"}],"about":[{"href":"https:\/\/grifk-handball.com\/miehet\/wp-json\/wp\/v2\/types\/post"}],"author":[{"embeddable":true,"href":"https:\/\/grifk-handball.com\/miehet\/wp-json\/wp\/v2\/users\/1"}],"replies":[{"embeddable":true,"href":"https:\/\/grifk-handball.com\/miehet\/wp-json\/wp\/v2\/comments?post=13621"}],"version-history":[{"count":5,"href":"https:\/\/grifk-handball.com\/miehet\/wp-json\/wp\/v2\/posts\/13621\/revisions"}],"predecessor-version":[{"id":13639,"href":"https:\/\/grifk-handball.com\/miehet\/wp-json\/wp\/v2\/posts\/13621\/revisions\/13639"}],"wp:featuredmedia":[{"embeddable":true,"href":"https:\/\/grifk-handball.com\/miehet\/wp-json\/wp\/v2\/media\/13622"}],"wp:attachment":[{"href":"https:\/\/grifk-handball.com\/miehet\/wp-json\/wp\/v2\/media?parent=13621"}],"wp:term":[{"taxonomy":"category","embeddable":true,"href":"https:\/\/grifk-handball.com\/miehet\/wp-json\/wp\/v2\/categories?post=13621"},{"taxonomy":"post_tag","embeddable":true,"href":"https:\/\/grifk-handball.com\/miehet\/wp-json\/wp\/v2\/tags?post=13621"}],"curies":[{"name":"wp","href":"https:\/\/api.w.org\/{rel}","templated":true}]}}