{"id":13756,"date":"2020-05-21T06:00:09","date_gmt":"2020-05-21T03:00:09","guid":{"rendered":"https:\/\/grifk-handball.com\/miehet\/?p=13756"},"modified":"2020-05-21T11:27:02","modified_gmt":"2020-05-21T08:27:02","slug":"robin-granlund-dickenista-graniin-kankaanpaa-karlssonin-tilalle","status":"publish","type":"post","link":"https:\/\/grifk-handball.com\/miehet\/uutiset\/robin-granlund-dickenista-graniin-kankaanpaa-karlssonin-tilalle\/","title":{"rendered":"Robin Granlund Dickenist\u00e4 Graniin &#8211; Kankaanp\u00e4\u00e4 Karlssonin tilalle"},"content":{"rendered":"<section  class='av_textblock_section av-kafda7it-21d81635d80ece473b05e2ba852a1bf0 '   itemscope=\"itemscope\" itemtype=\"https:\/\/schema.org\/BlogPosting\" itemprop=\"blogPost\" ><div class='avia_textblock'  itemprop=\"text\" ><p>GrIFK vahvistaa joukkojaan tulevaksi kaudeksi kun 21-vuotias maajoukkuemies Robin Granlund siirtyy Graniin Dickenist\u00e4. <!--more--><\/p>\n<p>&#8221;Olen p\u00e4\u00e4ssyt kehittym\u00e4\u00e4n Dickeniss\u00e4 juniori-i\u00e4st\u00e4 saakka, mutta nyt oli hyv\u00e4 hetki vaihtaa maisemaa ja saada uusia haasteita. GrIFK:ssa tavoitteena on menesty\u00e4 joukkueen kanssa ja p\u00e4\u00e4st\u00e4 pelaamaan kovia pudotuspeliotteluja, sek\u00e4 parantamaan useita osa-alueita omassa peliss\u00e4ni. Valmentaja Mikael K\u00e4llmanin osaaminen varmasti kehitt\u00e4\u00e4 minua pelaajana.&#8221;<\/p>\n<p>Granlund teki l\u00e4pimurtonsa SM-liigassa kaudella 2016\/17, jolloin mies nostettiin rinkiin kesken kauden. Kaikkiaan plakkarissa on nyt 100 SM-ottelua, joissa 208-senttinen ja 102-kiloinen pelimies on tehnyt 258 maalia. A-maajoukkueeseen Granlund nousi vuonna 2017, ja on siit\u00e4 l\u00e4htien kuulunut sen vakiomiehist\u00f6\u00f6n.<\/p>\n<p>&#8221;P\u00e4\u00e4sin jo nuorena poikana Kaj Kekin alaisuudessa pelaamaan isoja minuutteja EM- ja MM-karsintapeleiss\u00e4 Tsekin, Ven\u00e4j\u00e4n ja Valko-Ven\u00e4j\u00e4n kaltaisia maita vastaan. My\u00f6s Dickenin kovat pelit Challenge Cupissa olivat eritt\u00e4in hienoja hetki\u00e4&#8221;, Granlund luettelee t\u00e4h\u00e4n astisia t\u00e4htihetki\u00e4\u00e4n k\u00e4sipallon parissa.<\/p>\n<p>&#8221;Nyt haluan kehitty\u00e4 pelaajana Suomessa mutta jos tulevaisuudessa ilmaantuu jokin mielenkiintoinen mahdollisuus ulkomailla niin olen kyll\u00e4 valmis yritt\u00e4m\u00e4\u00e4n.&#8221;<\/p>\n<h3>Vastuuta tarjolla<\/h3>\n<p>GrIFK:n p\u00e4\u00e4valmentaja Mikael K\u00e4llman luonnehtii Robin Granlundia huippuosaajaksi, jonka monipuolista osaamista voidaan hy\u00f6dynt\u00e4\u00e4 monilla eri tavoilla.<\/p>\n<p>&#8221;Robin on Suomen lahjakkaimpia k\u00e4sipalloilijoita, ja h\u00e4nell\u00e4 on viel\u00e4 valtavasti kehityspotentiaalia. H\u00e4n pystyy omaksumaan joukkueen pelitavan ja tuo meille heittovoimallaan ulottuvuutta, jota meilt\u00e4 on puuttunut. 208-senttinen pelaaja on kiva laittaa puolustusp\u00e4\u00e4h\u00e4n ja erikoistilanteissa h\u00e4nest\u00e4 tulee olemaan paljon iloa.&#8221;<\/p>\n<p>Granlund itse tiedostaa vahvuutensa puolustuspeliss\u00e4, ja hamuaa lis\u00e4\u00e4 vastuuta erityisesti hy\u00f6kk\u00e4ysp\u00e4\u00e4ss\u00e4.<\/p>\n<p>&#8221;Puolustuksessa koostani on varmasti hy\u00f6ty\u00e4, ja olen yritt\u00e4nyt kehitt\u00e4\u00e4 fyysist\u00e4 pelaamistani viime vuosina. Hy\u00f6kk\u00e4ysp\u00e4\u00e4ss\u00e4 tuon heittovoimaa sek\u00e4 monipuolista sy\u00f6tt\u00f6peli\u00e4.&#8221;<\/p>\n<\/div><\/section>\n\n<style type=\"text\/css\" data-created_by=\"avia_inline_auto\" id=\"style-css-av-7lp9ek-5d08b68912378a428449c114b2a3f49d\">\n.flex_column.av-7lp9ek-5d08b68912378a428449c114b2a3f49d{\nborder-radius:0px 0px 0px 0px;\npadding:0px 0px 0px 0px;\n}\n<\/style>\n<div  class='flex_column av-7lp9ek-5d08b68912378a428449c114b2a3f49d av_two_third  avia-builder-el-1  el_after_av_textblock  el_before_av_one_third  first flex_column_div av-zero-column-padding  column-top-margin'     ><section  class='av_textblock_section av-kafdan6p-2c124f0fe1737edeb688e1e7816bd856 '   itemscope=\"itemscope\" itemtype=\"https:\/\/schema.org\/BlogPosting\" itemprop=\"blogPost\" ><div class='avia_textblock'  itemprop=\"text\" ><h3>Karlsson ulkomaille, Kankaanp\u00e4\u00e4 Turusta Kauniaisiin<\/h3>\n<p>Toinen uusi kasvo ensi kauden liigajoukkueessa on \u00c5IFK:sta siirtyv\u00e4 Kalle Kankaanp\u00e4\u00e4. 19-vuotias 191-senttinen sentteri tulee paikkaamaan ruotsalaisen Anton Karlssonin j\u00e4tt\u00e4m\u00e4\u00e4 aukkoa.<\/p>\n<p>12 nuorten maaottelua pelannut Kankaanp\u00e4\u00e4 saapuu p\u00e4\u00e4kaupunkiseudulle opintojen per\u00e4ss\u00e4. Mies sai \u00c5IFK:ssa pelaavilta ex-granilaisilta joukkuetovereiltaan hyv\u00e4n kuvan seuran toiminnasta, mik\u00e4 osaltaan helpotti seuravalinnassa.<\/p>\n<p>&#8221;Viime kausi meni v\u00e4h\u00e4n muissa merkeiss\u00e4 kun suoritin varusmiespalvelusta. Toivon, ett\u00e4 Kauniaisissa saisi lis\u00e4\u00e4 kokemusta liigapeleist\u00e4. Tavoitteena olisi ensi kaudella parantaa omaa peli\u00e4, l\u00f6yt\u00e4\u00e4 oma paikka joukkueesta sek\u00e4 saada peliminuutteja liigassa.&#8221;<\/p>\n<\/div><\/section><\/div>\n\n<style type=\"text\/css\" data-created_by=\"avia_inline_auto\" id=\"style-css-av-1nauafw-5f664f1e0f46f718003762fceee475c3\">\n.flex_column.av-1nauafw-5f664f1e0f46f718003762fceee475c3{\nborder-radius:0px 0px 0px 0px;\npadding:0px 0px 0px 0px;\n}\n<\/style>\n<div  class='flex_column av-1nauafw-5f664f1e0f46f718003762fceee475c3 av_one_third  avia-builder-el-3  el_after_av_two_third  el_before_av_two_third  flex_column_div av-zero-column-padding  column-top-margin'     ><style type=\"text\/css\" data-created_by=\"avia_inline_auto\" id=\"style-css-av-kafdcgx8-921686598ac162f98979ffd09938c65b\">\n.avia-image-container.av-kafdcgx8-921686598ac162f98979ffd09938c65b img.avia_image{\nbox-shadow:none;\n}\n.avia-image-container.av-kafdcgx8-921686598ac162f98979ffd09938c65b .av-image-caption-overlay-center{\ncolor:#ffffff;\n}\n<\/style>\n<div  class='avia-image-container av-kafdcgx8-921686598ac162f98979ffd09938c65b av-styling- avia-align-center  avia-builder-el-4  avia-builder-el-no-sibling '   itemprop=\"image\" itemscope=\"itemscope\" itemtype=\"https:\/\/schema.org\/ImageObject\" ><div class=\"avia-image-container-inner\"><div class=\"avia-image-overlay-wrap\"><img decoding=\"async\" fetchpriority=\"high\" class='wp-image-13761 avia-img-lazy-loading-not-13761 avia_image ' src=\"https:\/\/i0.wp.com\/grifk-handball.com\/miehet\/wp-content\/uploads\/sites\/2\/2020\/05\/31-kalle-kankaanp%C3%A4%C3%A4-74587_huge-688x10301-1-e1589980706637.jpg?fit=257%2C300&ssl=1\" alt='' title='Kalle Kankaanp\u00e4\u00e4'  height=\"300\" width=\"257\"  itemprop=\"thumbnailUrl\"  \/><\/div><\/div><\/div><\/div>\n\n<style type=\"text\/css\" data-created_by=\"avia_inline_auto\" id=\"style-css-av-4qrews-94b2a7aab5e1a6b4007b5e1282b24000\">\n.flex_column.av-4qrews-94b2a7aab5e1a6b4007b5e1282b24000{\nborder-radius:0px 0px 0px 0px;\npadding:0px 0px 0px 0px;\n}\n<\/style>\n<div  class='flex_column av-4qrews-94b2a7aab5e1a6b4007b5e1282b24000 av_two_third  avia-builder-el-5  el_after_av_one_third  el_before_av_one_third  first flex_column_div av-zero-column-padding  column-top-margin'     ><section  class='av_textblock_section av-kafdan6p-2c124f0fe1737edeb688e1e7816bd856 '   itemscope=\"itemscope\" itemtype=\"https:\/\/schema.org\/BlogPosting\" itemprop=\"blogPost\" ><div class='avia_textblock'  itemprop=\"text\" ><p>My\u00f6s valmennuskaartiin on ensi kaudeksi tulossa vahvistusta kun GrIFK:ssa pitk\u00e4\u00e4n junioripuolella vaikuttanut Anton Paavola liittyy joukkueen fysiikkavalmentajaksi. K\u00e4llman on \u00e4\u00e4rimm\u00e4isen iloinen saadessaan tiimiins\u00e4 osaavan tekij\u00e4n.<\/p>\n<p>&#8221;Fysiikkapuoli on t\u00e4rke\u00e4 osa-alue k\u00e4sipallossa ja kaikki Antonin juniorijoukkueet ovat kehittyneet todella hyvin. Anton osaa asiansa, tiet\u00e4\u00e4 mit\u00e4 haluaa ja osaa sek\u00e4 vaatia ett\u00e4 motivoida. Laatukaveri, jonka ohjauksessa asiat tehd\u00e4\u00e4n aina kunnolla.&#8221;<\/p>\n<\/div><\/section><\/div>\n\n<style type=\"text\/css\" data-created_by=\"avia_inline_auto\" id=\"style-css-av-ky87r0-06dbe322036d48582f20affd125923dc\">\n.flex_column.av-ky87r0-06dbe322036d48582f20affd125923dc{\nborder-radius:0px 0px 0px 0px;\npadding:0px 0px 0px 0px;\n}\n<\/style>\n<div  class='flex_column av-ky87r0-06dbe322036d48582f20affd125923dc av_one_third  avia-builder-el-7  el_after_av_two_third  el_before_av_hr  flex_column_div av-zero-column-padding  column-top-margin'     ><style type=\"text\/css\" data-created_by=\"avia_inline_auto\" id=\"style-css-av-kafdcgx8-b7e470f47cf8d4bdd027cb72430a50c1\">\n.avia-image-container.av-kafdcgx8-b7e470f47cf8d4bdd027cb72430a50c1 img.avia_image{\nbox-shadow:none;\n}\n.avia-image-container.av-kafdcgx8-b7e470f47cf8d4bdd027cb72430a50c1 .av-image-caption-overlay-center{\ncolor:#ffffff;\n}\n<\/style>\n<div  class='avia-image-container av-kafdcgx8-b7e470f47cf8d4bdd027cb72430a50c1 av-styling- avia-align-center  avia-builder-el-8  avia-builder-el-no-sibling '   itemprop=\"image\" itemscope=\"itemscope\" itemtype=\"https:\/\/schema.org\/ImageObject\" ><div class=\"avia-image-container-inner\"><div class=\"avia-image-overlay-wrap\"><img decoding=\"async\" fetchpriority=\"high\" class='wp-image-13762 avia-img-lazy-loading-not-13762 avia_image ' src=\"https:\/\/i0.wp.com\/grifk-handball.com\/miehet\/wp-content\/uploads\/sites\/2\/2020\/05\/Valmentaja-Anton-Paavola1-e1589979866770.jpg?fit=274%2C300&ssl=1\" alt='' title='Anton Paavola'  height=\"300\" width=\"274\"  itemprop=\"thumbnailUrl\" srcset=\"https:\/\/i0.wp.com\/grifk-handball.com\/miehet\/wp-content\/uploads\/sites\/2\/2020\/05\/Valmentaja-Anton-Paavola1-e1589979866770.jpg?w=936&amp;ssl=1 936w, https:\/\/i0.wp.com\/grifk-handball.com\/miehet\/wp-content\/uploads\/sites\/2\/2020\/05\/Valmentaja-Anton-Paavola1-e1589979866770.jpg?resize=274%2C300&amp;ssl=1 274w, https:\/\/i0.wp.com\/grifk-handball.com\/miehet\/wp-content\/uploads\/sites\/2\/2020\/05\/Valmentaja-Anton-Paavola1-e1589979866770.jpg?resize=768%2C840&amp;ssl=1 768w, https:\/\/i0.wp.com\/grifk-handball.com\/miehet\/wp-content\/uploads\/sites\/2\/2020\/05\/Valmentaja-Anton-Paavola1-e1589979866770.jpg?resize=644%2C705&amp;ssl=1 644w\" sizes=\"(max-width: 274px) 100vw, 274px\" \/><\/div><\/div><\/div><\/div>\n\n<style type=\"text\/css\" data-created_by=\"avia_inline_auto\" id=\"style-css-av-kafdllmf-a8928c328af2c74161ba849aa78a0f6e\">\n#top .hr.hr-invisible.av-kafdllmf-a8928c328af2c74161ba849aa78a0f6e{\nheight:30px;\n}\n<\/style>\n<div  class='hr av-kafdllmf-a8928c328af2c74161ba849aa78a0f6e hr-invisible  avia-builder-el-9  el_after_av_one_third  avia-builder-el-last '><span class='hr-inner '><span class=\"hr-inner-style\"><\/span><\/span><\/div>\n","protected":false},"excerpt":{"rendered":"<p>GrIFK vahvistaa joukkojaan tulevaksi kaudeksi kun 21-vuotias maajoukkuemies Robin Granlund siirtyy Graniin Dickenist\u00e4.<\/p>\n","protected":false},"author":1,"featured_media":13768,"comment_status":"closed","ping_status":"closed","sticky":false,"template":"","format":"standard","meta":{"_acf_changed":false,"footnotes":""},"categories":[7],"tags":[12,26,419,20,25,421,417,41],"class_list":["post-13756","post","type-post","status-publish","format-standard","has-post-thumbnail","hentry","category-uutiset","tag-bombom","tag-grifkhandball","tag-anton-paavola","tag-dicken","tag-grifk","tag-kalle-kankaanpaa","tag-robin-granlund","tag-sm-liiga"],"acf":[],"yoast_head":"<!-- This site is optimized with the Yoast SEO plugin v27.5 - https:\/\/yoast.com\/product\/yoast-seo-wordpress\/ -->\n<title>Robin Granlund Dickenist\u00e4 Graniin - Kankaanp\u00e4\u00e4 Karlssonin tilalle &#8212; GrIFK K\u00e4sipallo - miehet<\/title>\n<meta name=\"robots\" content=\"index, follow, max-snippet:-1, max-image-preview:large, max-video-preview:-1\" \/>\n<link rel=\"canonical\" href=\"https:\/\/grifk-handball.com\/miehet\/uutiset\/robin-granlund-dickenista-graniin-kankaanpaa-karlssonin-tilalle\/\" \/>\n<meta property=\"og:locale\" content=\"fi_FI\" \/>\n<meta property=\"og:type\" content=\"article\" \/>\n<meta property=\"og:title\" content=\"Robin Granlund Dickenist\u00e4 Graniin - Kankaanp\u00e4\u00e4 Karlssonin tilalle &#8212; GrIFK K\u00e4sipallo - miehet\" \/>\n<meta property=\"og:description\" content=\"GrIFK vahvistaa joukkojaan tulevaksi kaudeksi kun 21-vuotias maajoukkuemies Robin Granlund siirtyy Graniin Dickenist\u00e4.\" \/>\n<meta property=\"og:url\" content=\"https:\/\/grifk-handball.com\/miehet\/uutiset\/robin-granlund-dickenista-graniin-kankaanpaa-karlssonin-tilalle\/\" \/>\n<meta property=\"og:site_name\" content=\"GrIFK K\u00e4sipallo - miehet\" \/>\n<meta property=\"article:publisher\" content=\"https:\/\/www.facebook.com\/GrIFKelit\/\" \/>\n<meta property=\"article:published_time\" content=\"2020-05-21T03:00:09+00:00\" \/>\n<meta property=\"article:modified_time\" content=\"2020-05-21T08:27:02+00:00\" \/>\n<meta property=\"og:image\" content=\"https:\/\/i0.wp.com\/grifk-handball.com\/miehet\/wp-content\/uploads\/sites\/2\/2020\/05\/np2424th551608.jpg?fit=1200%2C800&ssl=1\" \/>\n\t<meta property=\"og:image:width\" content=\"1200\" \/>\n\t<meta property=\"og:image:height\" content=\"800\" \/>\n\t<meta property=\"og:image:type\" content=\"image\/jpeg\" \/>\n<meta name=\"author\" content=\"granimaster\" \/>\n<meta name=\"twitter:card\" content=\"summary_large_image\" \/>\n<meta name=\"twitter:creator\" content=\"@GrIFK_MSM\" \/>\n<meta name=\"twitter:site\" content=\"@GrIFK_MSM\" \/>\n<meta name=\"twitter:label1\" content=\"Kirjoittanut\" \/>\n\t<meta name=\"twitter:data1\" content=\"granimaster\" \/>\n\t<meta name=\"twitter:label2\" content=\"Arvioitu lukuaika\" \/>\n\t<meta name=\"twitter:data2\" content=\"6 minuuttia\" \/>\n<script type=\"application\/ld+json\" class=\"yoast-schema-graph\">{\"@context\":\"https:\\\/\\\/schema.org\",\"@graph\":[{\"@type\":\"Article\",\"@id\":\"https:\\\/\\\/grifk-handball.com\\\/miehet\\\/uutiset\\\/robin-granlund-dickenista-graniin-kankaanpaa-karlssonin-tilalle\\\/#article\",\"isPartOf\":{\"@id\":\"https:\\\/\\\/grifk-handball.com\\\/miehet\\\/uutiset\\\/robin-granlund-dickenista-graniin-kankaanpaa-karlssonin-tilalle\\\/\"},\"author\":{\"name\":\"granimaster\",\"@id\":\"https:\\\/\\\/grifk-handball.com\\\/miehet\\\/#\\\/schema\\\/person\\\/9da98c743e3f0f85a1b32f59241b48e0\"},\"headline\":\"Robin Granlund Dickenist\u00e4 Graniin &#8211; Kankaanp\u00e4\u00e4 Karlssonin tilalle\",\"datePublished\":\"2020-05-21T03:00:09+00:00\",\"dateModified\":\"2020-05-21T08:27:02+00:00\",\"mainEntityOfPage\":{\"@id\":\"https:\\\/\\\/grifk-handball.com\\\/miehet\\\/uutiset\\\/robin-granlund-dickenista-graniin-kankaanpaa-karlssonin-tilalle\\\/\"},\"wordCount\":1009,\"publisher\":{\"@id\":\"https:\\\/\\\/grifk-handball.com\\\/miehet\\\/#organization\"},\"image\":{\"@id\":\"https:\\\/\\\/grifk-handball.com\\\/miehet\\\/uutiset\\\/robin-granlund-dickenista-graniin-kankaanpaa-karlssonin-tilalle\\\/#primaryimage\"},\"thumbnailUrl\":\"https:\\\/\\\/i0.wp.com\\\/grifk-handball.com\\\/miehet\\\/wp-content\\\/uploads\\\/sites\\\/2\\\/2020\\\/05\\\/np2424th551608.jpg?fit=1200%2C800&ssl=1\",\"keywords\":[\"#BomBom\",\"#GrIFKHandball\",\"Anton Paavola\",\"Dicken\",\"GrIFK\",\"Kalle Kankaanp\u00e4\u00e4\",\"Robin Granlund\",\"SM-liiga\"],\"articleSection\":[\"Uutiset\"],\"inLanguage\":\"fi\"},{\"@type\":\"WebPage\",\"@id\":\"https:\\\/\\\/grifk-handball.com\\\/miehet\\\/uutiset\\\/robin-granlund-dickenista-graniin-kankaanpaa-karlssonin-tilalle\\\/\",\"url\":\"https:\\\/\\\/grifk-handball.com\\\/miehet\\\/uutiset\\\/robin-granlund-dickenista-graniin-kankaanpaa-karlssonin-tilalle\\\/\",\"name\":\"Robin Granlund Dickenist\u00e4 Graniin - Kankaanp\u00e4\u00e4 Karlssonin tilalle &#8212; GrIFK K\u00e4sipallo - miehet\",\"isPartOf\":{\"@id\":\"https:\\\/\\\/grifk-handball.com\\\/miehet\\\/#website\"},\"primaryImageOfPage\":{\"@id\":\"https:\\\/\\\/grifk-handball.com\\\/miehet\\\/uutiset\\\/robin-granlund-dickenista-graniin-kankaanpaa-karlssonin-tilalle\\\/#primaryimage\"},\"image\":{\"@id\":\"https:\\\/\\\/grifk-handball.com\\\/miehet\\\/uutiset\\\/robin-granlund-dickenista-graniin-kankaanpaa-karlssonin-tilalle\\\/#primaryimage\"},\"thumbnailUrl\":\"https:\\\/\\\/i0.wp.com\\\/grifk-handball.com\\\/miehet\\\/wp-content\\\/uploads\\\/sites\\\/2\\\/2020\\\/05\\\/np2424th551608.jpg?fit=1200%2C800&ssl=1\",\"datePublished\":\"2020-05-21T03:00:09+00:00\",\"dateModified\":\"2020-05-21T08:27:02+00:00\",\"breadcrumb\":{\"@id\":\"https:\\\/\\\/grifk-handball.com\\\/miehet\\\/uutiset\\\/robin-granlund-dickenista-graniin-kankaanpaa-karlssonin-tilalle\\\/#breadcrumb\"},\"inLanguage\":\"fi\",\"potentialAction\":[{\"@type\":\"ReadAction\",\"target\":[\"https:\\\/\\\/grifk-handball.com\\\/miehet\\\/uutiset\\\/robin-granlund-dickenista-graniin-kankaanpaa-karlssonin-tilalle\\\/\"]}]},{\"@type\":\"ImageObject\",\"inLanguage\":\"fi\",\"@id\":\"https:\\\/\\\/grifk-handball.com\\\/miehet\\\/uutiset\\\/robin-granlund-dickenista-graniin-kankaanpaa-karlssonin-tilalle\\\/#primaryimage\",\"url\":\"https:\\\/\\\/i0.wp.com\\\/grifk-handball.com\\\/miehet\\\/wp-content\\\/uploads\\\/sites\\\/2\\\/2020\\\/05\\\/np2424th551608.jpg?fit=1200%2C800&ssl=1\",\"contentUrl\":\"https:\\\/\\\/i0.wp.com\\\/grifk-handball.com\\\/miehet\\\/wp-content\\\/uploads\\\/sites\\\/2\\\/2020\\\/05\\\/np2424th551608.jpg?fit=1200%2C800&ssl=1\",\"width\":1200,\"height\":800,\"caption\":\"Robin Granlund #20, FIN k\u00e4sipallon Miesten EM 2022 karsintaottelussa Suomi - Georgia, Cocks Areena, Riihim\u00e4ki 19.1.2020, klo 17.24.55. (Tomi H\u00e4nninen\\\/Newspix24)\"},{\"@type\":\"BreadcrumbList\",\"@id\":\"https:\\\/\\\/grifk-handball.com\\\/miehet\\\/uutiset\\\/robin-granlund-dickenista-graniin-kankaanpaa-karlssonin-tilalle\\\/#breadcrumb\",\"itemListElement\":[{\"@type\":\"ListItem\",\"position\":1,\"name\":\"Home\",\"item\":\"https:\\\/\\\/grifk-handball.com\\\/miehet\\\/etusivu-260109\\\/\"},{\"@type\":\"ListItem\",\"position\":2,\"name\":\"Robin Granlund Dickenist\u00e4 Graniin &#8211; Kankaanp\u00e4\u00e4 Karlssonin tilalle\"}]},{\"@type\":\"WebSite\",\"@id\":\"https:\\\/\\\/grifk-handball.com\\\/miehet\\\/#website\",\"url\":\"https:\\\/\\\/grifk-handball.com\\\/miehet\\\/\",\"name\":\"GrIFK K\u00e4sipallo - miehet\",\"description\":\"BomBom!\",\"publisher\":{\"@id\":\"https:\\\/\\\/grifk-handball.com\\\/miehet\\\/#organization\"},\"potentialAction\":[{\"@type\":\"SearchAction\",\"target\":{\"@type\":\"EntryPoint\",\"urlTemplate\":\"https:\\\/\\\/grifk-handball.com\\\/miehet\\\/?s={search_term_string}\"},\"query-input\":{\"@type\":\"PropertyValueSpecification\",\"valueRequired\":true,\"valueName\":\"search_term_string\"}}],\"inLanguage\":\"fi\"},{\"@type\":\"Organization\",\"@id\":\"https:\\\/\\\/grifk-handball.com\\\/miehet\\\/#organization\",\"name\":\"GrIFK K\u00e4sipallo - miehet\",\"url\":\"https:\\\/\\\/grifk-handball.com\\\/miehet\\\/\",\"logo\":{\"@type\":\"ImageObject\",\"inLanguage\":\"fi\",\"@id\":\"https:\\\/\\\/grifk-handball.com\\\/miehet\\\/#\\\/schema\\\/logo\\\/image\\\/\",\"url\":\"https:\\\/\\\/i0.wp.com\\\/grifk-handball.com\\\/miehet\\\/wp-content\\\/uploads\\\/sites\\\/2\\\/2016\\\/10\\\/logo-grifk-iso.png?fit=1200%2C1400&ssl=1\",\"contentUrl\":\"https:\\\/\\\/i0.wp.com\\\/grifk-handball.com\\\/miehet\\\/wp-content\\\/uploads\\\/sites\\\/2\\\/2016\\\/10\\\/logo-grifk-iso.png?fit=1200%2C1400&ssl=1\",\"width\":1200,\"height\":1400,\"caption\":\"GrIFK K\u00e4sipallo - miehet\"},\"image\":{\"@id\":\"https:\\\/\\\/grifk-handball.com\\\/miehet\\\/#\\\/schema\\\/logo\\\/image\\\/\"},\"sameAs\":[\"https:\\\/\\\/www.facebook.com\\\/GrIFKelit\\\/\",\"https:\\\/\\\/x.com\\\/GrIFK_MSM\",\"https:\\\/\\\/www.instagram.com\\\/grifk_elit\\\/\"]},{\"@type\":\"Person\",\"@id\":\"https:\\\/\\\/grifk-handball.com\\\/miehet\\\/#\\\/schema\\\/person\\\/9da98c743e3f0f85a1b32f59241b48e0\",\"name\":\"granimaster\",\"image\":{\"@type\":\"ImageObject\",\"inLanguage\":\"fi\",\"@id\":\"https:\\\/\\\/secure.gravatar.com\\\/avatar\\\/034b8e6380fc659c320f13e17fe45bd9ab48a21e2debadd5f3179bde291949df?s=96&d=mm&r=g\",\"url\":\"https:\\\/\\\/secure.gravatar.com\\\/avatar\\\/034b8e6380fc659c320f13e17fe45bd9ab48a21e2debadd5f3179bde291949df?s=96&d=mm&r=g\",\"contentUrl\":\"https:\\\/\\\/secure.gravatar.com\\\/avatar\\\/034b8e6380fc659c320f13e17fe45bd9ab48a21e2debadd5f3179bde291949df?s=96&d=mm&r=g\",\"caption\":\"granimaster\"},\"url\":\"https:\\\/\\\/grifk-handball.com\\\/miehet\\\/author\\\/granimaster\\\/\"}]}<\/script>\n<!-- \/ Yoast SEO plugin. -->","yoast_head_json":{"title":"Robin Granlund Dickenist\u00e4 Graniin - Kankaanp\u00e4\u00e4 Karlssonin tilalle &#8212; GrIFK K\u00e4sipallo - miehet","robots":{"index":"index","follow":"follow","max-snippet":"max-snippet:-1","max-image-preview":"max-image-preview:large","max-video-preview":"max-video-preview:-1"},"canonical":"https:\/\/grifk-handball.com\/miehet\/uutiset\/robin-granlund-dickenista-graniin-kankaanpaa-karlssonin-tilalle\/","og_locale":"fi_FI","og_type":"article","og_title":"Robin Granlund Dickenist\u00e4 Graniin - Kankaanp\u00e4\u00e4 Karlssonin tilalle &#8212; GrIFK K\u00e4sipallo - miehet","og_description":"GrIFK vahvistaa joukkojaan tulevaksi kaudeksi kun 21-vuotias maajoukkuemies Robin Granlund siirtyy Graniin Dickenist\u00e4.","og_url":"https:\/\/grifk-handball.com\/miehet\/uutiset\/robin-granlund-dickenista-graniin-kankaanpaa-karlssonin-tilalle\/","og_site_name":"GrIFK K\u00e4sipallo - miehet","article_publisher":"https:\/\/www.facebook.com\/GrIFKelit\/","article_published_time":"2020-05-21T03:00:09+00:00","article_modified_time":"2020-05-21T08:27:02+00:00","og_image":[{"width":1200,"height":800,"url":"https:\/\/i0.wp.com\/grifk-handball.com\/miehet\/wp-content\/uploads\/sites\/2\/2020\/05\/np2424th551608.jpg?fit=1200%2C800&ssl=1","type":"image\/jpeg"}],"author":"granimaster","twitter_card":"summary_large_image","twitter_creator":"@GrIFK_MSM","twitter_site":"@GrIFK_MSM","twitter_misc":{"Kirjoittanut":"granimaster","Arvioitu lukuaika":"6 minuuttia"},"schema":{"@context":"https:\/\/schema.org","@graph":[{"@type":"Article","@id":"https:\/\/grifk-handball.com\/miehet\/uutiset\/robin-granlund-dickenista-graniin-kankaanpaa-karlssonin-tilalle\/#article","isPartOf":{"@id":"https:\/\/grifk-handball.com\/miehet\/uutiset\/robin-granlund-dickenista-graniin-kankaanpaa-karlssonin-tilalle\/"},"author":{"name":"granimaster","@id":"https:\/\/grifk-handball.com\/miehet\/#\/schema\/person\/9da98c743e3f0f85a1b32f59241b48e0"},"headline":"Robin Granlund Dickenist\u00e4 Graniin &#8211; Kankaanp\u00e4\u00e4 Karlssonin tilalle","datePublished":"2020-05-21T03:00:09+00:00","dateModified":"2020-05-21T08:27:02+00:00","mainEntityOfPage":{"@id":"https:\/\/grifk-handball.com\/miehet\/uutiset\/robin-granlund-dickenista-graniin-kankaanpaa-karlssonin-tilalle\/"},"wordCount":1009,"publisher":{"@id":"https:\/\/grifk-handball.com\/miehet\/#organization"},"image":{"@id":"https:\/\/grifk-handball.com\/miehet\/uutiset\/robin-granlund-dickenista-graniin-kankaanpaa-karlssonin-tilalle\/#primaryimage"},"thumbnailUrl":"https:\/\/i0.wp.com\/grifk-handball.com\/miehet\/wp-content\/uploads\/sites\/2\/2020\/05\/np2424th551608.jpg?fit=1200%2C800&ssl=1","keywords":["#BomBom","#GrIFKHandball","Anton Paavola","Dicken","GrIFK","Kalle Kankaanp\u00e4\u00e4","Robin Granlund","SM-liiga"],"articleSection":["Uutiset"],"inLanguage":"fi"},{"@type":"WebPage","@id":"https:\/\/grifk-handball.com\/miehet\/uutiset\/robin-granlund-dickenista-graniin-kankaanpaa-karlssonin-tilalle\/","url":"https:\/\/grifk-handball.com\/miehet\/uutiset\/robin-granlund-dickenista-graniin-kankaanpaa-karlssonin-tilalle\/","name":"Robin Granlund Dickenist\u00e4 Graniin - Kankaanp\u00e4\u00e4 Karlssonin tilalle &#8212; GrIFK K\u00e4sipallo - miehet","isPartOf":{"@id":"https:\/\/grifk-handball.com\/miehet\/#website"},"primaryImageOfPage":{"@id":"https:\/\/grifk-handball.com\/miehet\/uutiset\/robin-granlund-dickenista-graniin-kankaanpaa-karlssonin-tilalle\/#primaryimage"},"image":{"@id":"https:\/\/grifk-handball.com\/miehet\/uutiset\/robin-granlund-dickenista-graniin-kankaanpaa-karlssonin-tilalle\/#primaryimage"},"thumbnailUrl":"https:\/\/i0.wp.com\/grifk-handball.com\/miehet\/wp-content\/uploads\/sites\/2\/2020\/05\/np2424th551608.jpg?fit=1200%2C800&ssl=1","datePublished":"2020-05-21T03:00:09+00:00","dateModified":"2020-05-21T08:27:02+00:00","breadcrumb":{"@id":"https:\/\/grifk-handball.com\/miehet\/uutiset\/robin-granlund-dickenista-graniin-kankaanpaa-karlssonin-tilalle\/#breadcrumb"},"inLanguage":"fi","potentialAction":[{"@type":"ReadAction","target":["https:\/\/grifk-handball.com\/miehet\/uutiset\/robin-granlund-dickenista-graniin-kankaanpaa-karlssonin-tilalle\/"]}]},{"@type":"ImageObject","inLanguage":"fi","@id":"https:\/\/grifk-handball.com\/miehet\/uutiset\/robin-granlund-dickenista-graniin-kankaanpaa-karlssonin-tilalle\/#primaryimage","url":"https:\/\/i0.wp.com\/grifk-handball.com\/miehet\/wp-content\/uploads\/sites\/2\/2020\/05\/np2424th551608.jpg?fit=1200%2C800&ssl=1","contentUrl":"https:\/\/i0.wp.com\/grifk-handball.com\/miehet\/wp-content\/uploads\/sites\/2\/2020\/05\/np2424th551608.jpg?fit=1200%2C800&ssl=1","width":1200,"height":800,"caption":"Robin Granlund #20, FIN k\u00e4sipallon Miesten EM 2022 karsintaottelussa Suomi - Georgia, Cocks Areena, Riihim\u00e4ki 19.1.2020, klo 17.24.55. (Tomi H\u00e4nninen\/Newspix24)"},{"@type":"BreadcrumbList","@id":"https:\/\/grifk-handball.com\/miehet\/uutiset\/robin-granlund-dickenista-graniin-kankaanpaa-karlssonin-tilalle\/#breadcrumb","itemListElement":[{"@type":"ListItem","position":1,"name":"Home","item":"https:\/\/grifk-handball.com\/miehet\/etusivu-260109\/"},{"@type":"ListItem","position":2,"name":"Robin Granlund Dickenist\u00e4 Graniin &#8211; Kankaanp\u00e4\u00e4 Karlssonin tilalle"}]},{"@type":"WebSite","@id":"https:\/\/grifk-handball.com\/miehet\/#website","url":"https:\/\/grifk-handball.com\/miehet\/","name":"GrIFK K\u00e4sipallo - miehet","description":"BomBom!","publisher":{"@id":"https:\/\/grifk-handball.com\/miehet\/#organization"},"potentialAction":[{"@type":"SearchAction","target":{"@type":"EntryPoint","urlTemplate":"https:\/\/grifk-handball.com\/miehet\/?s={search_term_string}"},"query-input":{"@type":"PropertyValueSpecification","valueRequired":true,"valueName":"search_term_string"}}],"inLanguage":"fi"},{"@type":"Organization","@id":"https:\/\/grifk-handball.com\/miehet\/#organization","name":"GrIFK K\u00e4sipallo - miehet","url":"https:\/\/grifk-handball.com\/miehet\/","logo":{"@type":"ImageObject","inLanguage":"fi","@id":"https:\/\/grifk-handball.com\/miehet\/#\/schema\/logo\/image\/","url":"https:\/\/i0.wp.com\/grifk-handball.com\/miehet\/wp-content\/uploads\/sites\/2\/2016\/10\/logo-grifk-iso.png?fit=1200%2C1400&ssl=1","contentUrl":"https:\/\/i0.wp.com\/grifk-handball.com\/miehet\/wp-content\/uploads\/sites\/2\/2016\/10\/logo-grifk-iso.png?fit=1200%2C1400&ssl=1","width":1200,"height":1400,"caption":"GrIFK K\u00e4sipallo - miehet"},"image":{"@id":"https:\/\/grifk-handball.com\/miehet\/#\/schema\/logo\/image\/"},"sameAs":["https:\/\/www.facebook.com\/GrIFKelit\/","https:\/\/x.com\/GrIFK_MSM","https:\/\/www.instagram.com\/grifk_elit\/"]},{"@type":"Person","@id":"https:\/\/grifk-handball.com\/miehet\/#\/schema\/person\/9da98c743e3f0f85a1b32f59241b48e0","name":"granimaster","image":{"@type":"ImageObject","inLanguage":"fi","@id":"https:\/\/secure.gravatar.com\/avatar\/034b8e6380fc659c320f13e17fe45bd9ab48a21e2debadd5f3179bde291949df?s=96&d=mm&r=g","url":"https:\/\/secure.gravatar.com\/avatar\/034b8e6380fc659c320f13e17fe45bd9ab48a21e2debadd5f3179bde291949df?s=96&d=mm&r=g","contentUrl":"https:\/\/secure.gravatar.com\/avatar\/034b8e6380fc659c320f13e17fe45bd9ab48a21e2debadd5f3179bde291949df?s=96&d=mm&r=g","caption":"granimaster"},"url":"https:\/\/grifk-handball.com\/miehet\/author\/granimaster\/"}]}},"jetpack_featured_media_url":"https:\/\/i0.wp.com\/grifk-handball.com\/miehet\/wp-content\/uploads\/sites\/2\/2020\/05\/np2424th551608.jpg?fit=1200%2C800&ssl=1","jetpack_shortlink":"https:\/\/wp.me\/p9jQ9a-3zS","_links":{"self":[{"href":"https:\/\/grifk-handball.com\/miehet\/wp-json\/wp\/v2\/posts\/13756","targetHints":{"allow":["GET"]}}],"collection":[{"href":"https:\/\/grifk-handball.com\/miehet\/wp-json\/wp\/v2\/posts"}],"about":[{"href":"https:\/\/grifk-handball.com\/miehet\/wp-json\/wp\/v2\/types\/post"}],"author":[{"embeddable":true,"href":"https:\/\/grifk-handball.com\/miehet\/wp-json\/wp\/v2\/users\/1"}],"replies":[{"embeddable":true,"href":"https:\/\/grifk-handball.com\/miehet\/wp-json\/wp\/v2\/comments?post=13756"}],"version-history":[{"count":22,"href":"https:\/\/grifk-handball.com\/miehet\/wp-json\/wp\/v2\/posts\/13756\/revisions"}],"predecessor-version":[{"id":13810,"href":"https:\/\/grifk-handball.com\/miehet\/wp-json\/wp\/v2\/posts\/13756\/revisions\/13810"}],"wp:featuredmedia":[{"embeddable":true,"href":"https:\/\/grifk-handball.com\/miehet\/wp-json\/wp\/v2\/media\/13768"}],"wp:attachment":[{"href":"https:\/\/grifk-handball.com\/miehet\/wp-json\/wp\/v2\/media?parent=13756"}],"wp:term":[{"taxonomy":"category","embeddable":true,"href":"https:\/\/grifk-handball.com\/miehet\/wp-json\/wp\/v2\/categories?post=13756"},{"taxonomy":"post_tag","embeddable":true,"href":"https:\/\/grifk-handball.com\/miehet\/wp-json\/wp\/v2\/tags?post=13756"}],"curies":[{"name":"wp","href":"https:\/\/api.w.org\/{rel}","templated":true}]}}