{"id":14025,"date":"2020-09-05T22:52:55","date_gmt":"2020-09-05T19:52:55","guid":{"rendered":"https:\/\/grifk-handball.com\/miehet\/?p=14025"},"modified":"2020-09-06T11:26:49","modified_gmt":"2020-09-06T08:26:49","slug":"aifk-pudotti-granin-suomen-cupista","status":"publish","type":"post","link":"https:\/\/grifk-handball.com\/miehet\/kausi-2020-21\/ottelut-2020-21\/aifk-pudotti-granin-suomen-cupista\/","title":{"rendered":"\u00c5IFK pudotti Granin Suomen cupista"},"content":{"rendered":"<section  class='av_textblock_section av-k2nrg7kn-ccc9d65b8a6235c708c152a5baf4adc6 '   itemscope=\"itemscope\" itemtype=\"https:\/\/schema.org\/BlogPosting\" itemprop=\"blogPost\" ><div class='avia_textblock'  itemprop=\"text\" ><p>\u00c5IFK p\u00e4\u00e4tti GrIFK:n tarinan t\u00e4m\u00e4n kauden Suomen cupissa. Turkulaiset ottivat tasaisesta ottelusta 25-26 (9-9) voiton ja etenee puoliv\u00e4lieriin BK-46:n, Cocksin, Dickenin, SIF:n, HIFK:n ja PIF:n seuraksi. Viimeisest\u00e4 paikasta pelaavat Esbo IF ja HK P\u00f6tsi tiistaina Lepp\u00e4vaarassa.<!-- more --><\/p>\n<h3>Ruuti kosteaa avauspuolikkaalla<\/h3>\n<p>Kummallakin joukkueella oli ensimm\u00e4isell\u00e4 puolituntisella suuria vaikeuksia toimittaa pallo maaliin, ja tauolle ment\u00e4ess\u00e4 ottelu oli kaikkea muuta kuin ratkottu. Grani oireili hy\u00f6kk\u00e4yksiss\u00e4\u00e4n kun palloa kokeiltiin toimittaa viivalle usein kehnolla menestyksell\u00e4. \u00c5IFK p\u00e4\u00e4si toistuvasti vastaiskuihin ja kulki askeleen edell\u00e4.<\/p>\n<p>Granilla kaksi kaikki harjoitusottelut missannutta pelaajaa olivat n\u00e4kyvimm\u00e4ss\u00e4 roolissa. Richard Sundberg raatoi ja hallitsi puolustusrivist\u00f6ss\u00e4 ja Christoffer Sj\u00f6blom oli nostamassa Grania puhtaalla hattutempulla taukojohtoon, mutta vieraat nousivat tasoihin Isak Lehvosen maalilla.<\/p>\n<h3>Laiturit loistivat maalinteossa<\/h3>\n<p>Grani valitsi ottelussa puolustusmuodokseen &#8221;vinon viisykk\u00f6sen&#8221; Peik Sj\u00f6blomin eteen. \u00c5IFK vastasi siihen ottamalla maalivahdin pois ja hy\u00f6kk\u00e4si usein seitsem\u00e4ll\u00e4 kentt\u00e4pelaajalla.<\/p>\n<p>Vieraiden kiritty\u00e4 parin maalin johtoon Grani p\u00e4\u00e4tyi vastaamaan samalla mitalla. T\u00e4m\u00e4 loi tukuttain heittopaikkoja kent\u00e4n kaikkiin kulmiin, ja laiturit nousivatkin ottelun tehopelaajiksi.<\/p>\n<p>\u00c5IFK:n Andreas Nystr\u00f6min viimeinen teko ottelussa oli 18-21 johto-osuma. Mies v\u00e4\u00e4nsi heittotilanteessa nilkkansa ja siirtyi hoivattavaksi kent\u00e4n laidalle. Grani taisteli tasoihin, ja Anthony Hellakosken 24-24 tasoituksen aikoihin n\u00e4ytti jo silt\u00e4, ett\u00e4 vieraiden selk\u00e4ranka on katkeamassa, mutta toisin k\u00e4vi.<\/p>\n<p>Niklas Manderoosin ja Daniel L\u00e5ngin lis\u00e4tty\u00e4 joukkueidensa maalitili\u00e4 viel\u00e4 yhdell\u00e4, saatiin Luolassa j\u00e4nnitt\u00e4\u00e4 viimeisen minuutin tapahtumia. Grani hukkasi pallon kahdesti ja niist\u00e4 ensimm\u00e4isen \u00c5IFK hy\u00f6dynsi. Lehvosen yhdeks\u00e4s maali ottelussa n\u00e4ki p\u00e4iv\u00e4nvalon 35 sekuntia ennen loppusummeria. Is\u00e4ntien viimeinen hy\u00f6kk\u00e4ys j\u00e4i suutariksi kun pallo ehdittiin menett\u00e4\u00e4 ennen maalintekoyrityst\u00e4, ja jatkopaikka haaveeksi.<\/p>\n<p>Ottelun maalikunkut Lehvonen (9 maalia), Manderoos (7), ja D. L\u00e5ng (6) viimeisteliv\u00e4t hyv\u00e4ll\u00e4 prosentilla laiturin tonteilta, ja osan maaleistaan varsin pienest\u00e4 kulmasta. Granin Erik \u00c5kermarck p\u00e4\u00e4si l\u00e4helle kollegojensa maalim\u00e4\u00e4ri\u00e4 osumalla kaikilla kolmella heittoyrityksell\u00e4\u00e4n.<\/p>\n<h3>Liigan alkuun viikko<\/h3>\n<p>L\u00e4mmittelyvaihe ei mennyt ihan putkeen, joten SM-liigan avausotteluun ensi lauantaina on odotettavissa kunnon lataus, onhan vastassa vanha kiistakumppani SIF. Ottelu alkaa lauantaina 12.9. kello 16:00.<\/p>\n<\/div><\/section>\n","protected":false},"excerpt":{"rendered":"","protected":false},"author":1,"featured_media":14029,"comment_status":"closed","ping_status":"closed","sticky":false,"template":"","format":"standard","meta":{"_acf_changed":false,"footnotes":""},"categories":[427],"tags":[12,26,385,251,15,25,429,43],"class_list":["post-14025","post","type-post","status-publish","format-standard","has-post-thumbnail","hentry","category-ottelut-2020-21","tag-bombom","tag-grifkhandball","tag-respect","tag-tunnetta-peliin","tag-aifk","tag-grifk","tag-neljannesvaliera","tag-suomen-cup"],"acf":[],"yoast_head":"<!-- This site is optimized with the Yoast SEO plugin v27.5 - https:\/\/yoast.com\/product\/yoast-seo-wordpress\/ -->\n<title>\u00c5IFK pudotti Granin Suomen cupista &#8212; GrIFK K\u00e4sipallo - miehet<\/title>\n<meta name=\"robots\" content=\"index, follow, max-snippet:-1, max-image-preview:large, max-video-preview:-1\" \/>\n<link rel=\"canonical\" href=\"https:\/\/grifk-handball.com\/miehet\/kausi-2020-21\/ottelut-2020-21\/aifk-pudotti-granin-suomen-cupista\/\" \/>\n<meta property=\"og:locale\" content=\"fi_FI\" \/>\n<meta property=\"og:type\" content=\"article\" \/>\n<meta property=\"og:title\" content=\"\u00c5IFK pudotti Granin Suomen cupista &#8212; GrIFK K\u00e4sipallo - miehet\" \/>\n<meta property=\"og:url\" content=\"https:\/\/grifk-handball.com\/miehet\/kausi-2020-21\/ottelut-2020-21\/aifk-pudotti-granin-suomen-cupista\/\" \/>\n<meta property=\"og:site_name\" content=\"GrIFK K\u00e4sipallo - miehet\" \/>\n<meta property=\"article:publisher\" content=\"https:\/\/www.facebook.com\/GrIFKelit\/\" \/>\n<meta property=\"article:published_time\" content=\"2020-09-05T19:52:55+00:00\" \/>\n<meta property=\"article:modified_time\" content=\"2020-09-06T08:26:49+00:00\" \/>\n<meta property=\"og:image\" content=\"https:\/\/i0.wp.com\/grifk-handball.com\/miehet\/wp-content\/uploads\/sites\/2\/2020\/09\/IMG_2048-e1599335494242.jpeg?fit=1408%2C1054&ssl=1\" \/>\n\t<meta property=\"og:image:width\" content=\"1408\" \/>\n\t<meta property=\"og:image:height\" content=\"1054\" \/>\n\t<meta property=\"og:image:type\" content=\"image\/jpeg\" \/>\n<meta name=\"author\" content=\"granimaster\" \/>\n<meta name=\"twitter:card\" content=\"summary_large_image\" \/>\n<meta name=\"twitter:creator\" content=\"@GrIFK_MSM\" \/>\n<meta name=\"twitter:site\" content=\"@GrIFK_MSM\" \/>\n<meta name=\"twitter:label1\" content=\"Kirjoittanut\" \/>\n\t<meta name=\"twitter:data1\" content=\"granimaster\" \/>\n\t<meta name=\"twitter:label2\" content=\"Arvioitu lukuaika\" \/>\n\t<meta name=\"twitter:data2\" content=\"2 minuuttia\" \/>\n<script type=\"application\/ld+json\" class=\"yoast-schema-graph\">{\"@context\":\"https:\\\/\\\/schema.org\",\"@graph\":[{\"@type\":\"Article\",\"@id\":\"https:\\\/\\\/grifk-handball.com\\\/miehet\\\/kausi-2020-21\\\/ottelut-2020-21\\\/aifk-pudotti-granin-suomen-cupista\\\/#article\",\"isPartOf\":{\"@id\":\"https:\\\/\\\/grifk-handball.com\\\/miehet\\\/kausi-2020-21\\\/ottelut-2020-21\\\/aifk-pudotti-granin-suomen-cupista\\\/\"},\"author\":{\"name\":\"granimaster\",\"@id\":\"https:\\\/\\\/grifk-handball.com\\\/miehet\\\/#\\\/schema\\\/person\\\/9da98c743e3f0f85a1b32f59241b48e0\"},\"headline\":\"\u00c5IFK pudotti Granin Suomen cupista\",\"datePublished\":\"2020-09-05T19:52:55+00:00\",\"dateModified\":\"2020-09-06T08:26:49+00:00\",\"mainEntityOfPage\":{\"@id\":\"https:\\\/\\\/grifk-handball.com\\\/miehet\\\/kausi-2020-21\\\/ottelut-2020-21\\\/aifk-pudotti-granin-suomen-cupista\\\/\"},\"wordCount\":380,\"publisher\":{\"@id\":\"https:\\\/\\\/grifk-handball.com\\\/miehet\\\/#organization\"},\"image\":{\"@id\":\"https:\\\/\\\/grifk-handball.com\\\/miehet\\\/kausi-2020-21\\\/ottelut-2020-21\\\/aifk-pudotti-granin-suomen-cupista\\\/#primaryimage\"},\"thumbnailUrl\":\"https:\\\/\\\/i0.wp.com\\\/grifk-handball.com\\\/miehet\\\/wp-content\\\/uploads\\\/sites\\\/2\\\/2020\\\/09\\\/IMG_2048-e1599335494242.jpeg?fit=1408%2C1054&ssl=1\",\"keywords\":[\"#BomBom\",\"#GrIFKHandball\",\"#respect\",\"#Tunnetta peliin\",\"\u00c5IFK\",\"GrIFK\",\"Nelj\u00e4nnesv\u00e4lier\u00e4\",\"Suomen Cup\"],\"articleSection\":[\"Ottelut 2020-21\"],\"inLanguage\":\"fi\"},{\"@type\":\"WebPage\",\"@id\":\"https:\\\/\\\/grifk-handball.com\\\/miehet\\\/kausi-2020-21\\\/ottelut-2020-21\\\/aifk-pudotti-granin-suomen-cupista\\\/\",\"url\":\"https:\\\/\\\/grifk-handball.com\\\/miehet\\\/kausi-2020-21\\\/ottelut-2020-21\\\/aifk-pudotti-granin-suomen-cupista\\\/\",\"name\":\"\u00c5IFK pudotti Granin Suomen cupista &#8212; GrIFK K\u00e4sipallo - miehet\",\"isPartOf\":{\"@id\":\"https:\\\/\\\/grifk-handball.com\\\/miehet\\\/#website\"},\"primaryImageOfPage\":{\"@id\":\"https:\\\/\\\/grifk-handball.com\\\/miehet\\\/kausi-2020-21\\\/ottelut-2020-21\\\/aifk-pudotti-granin-suomen-cupista\\\/#primaryimage\"},\"image\":{\"@id\":\"https:\\\/\\\/grifk-handball.com\\\/miehet\\\/kausi-2020-21\\\/ottelut-2020-21\\\/aifk-pudotti-granin-suomen-cupista\\\/#primaryimage\"},\"thumbnailUrl\":\"https:\\\/\\\/i0.wp.com\\\/grifk-handball.com\\\/miehet\\\/wp-content\\\/uploads\\\/sites\\\/2\\\/2020\\\/09\\\/IMG_2048-e1599335494242.jpeg?fit=1408%2C1054&ssl=1\",\"datePublished\":\"2020-09-05T19:52:55+00:00\",\"dateModified\":\"2020-09-06T08:26:49+00:00\",\"breadcrumb\":{\"@id\":\"https:\\\/\\\/grifk-handball.com\\\/miehet\\\/kausi-2020-21\\\/ottelut-2020-21\\\/aifk-pudotti-granin-suomen-cupista\\\/#breadcrumb\"},\"inLanguage\":\"fi\",\"potentialAction\":[{\"@type\":\"ReadAction\",\"target\":[\"https:\\\/\\\/grifk-handball.com\\\/miehet\\\/kausi-2020-21\\\/ottelut-2020-21\\\/aifk-pudotti-granin-suomen-cupista\\\/\"]}]},{\"@type\":\"ImageObject\",\"inLanguage\":\"fi\",\"@id\":\"https:\\\/\\\/grifk-handball.com\\\/miehet\\\/kausi-2020-21\\\/ottelut-2020-21\\\/aifk-pudotti-granin-suomen-cupista\\\/#primaryimage\",\"url\":\"https:\\\/\\\/i0.wp.com\\\/grifk-handball.com\\\/miehet\\\/wp-content\\\/uploads\\\/sites\\\/2\\\/2020\\\/09\\\/IMG_2048-e1599335494242.jpeg?fit=1408%2C1054&ssl=1\",\"contentUrl\":\"https:\\\/\\\/i0.wp.com\\\/grifk-handball.com\\\/miehet\\\/wp-content\\\/uploads\\\/sites\\\/2\\\/2020\\\/09\\\/IMG_2048-e1599335494242.jpeg?fit=1408%2C1054&ssl=1\",\"width\":1408,\"height\":1054},{\"@type\":\"BreadcrumbList\",\"@id\":\"https:\\\/\\\/grifk-handball.com\\\/miehet\\\/kausi-2020-21\\\/ottelut-2020-21\\\/aifk-pudotti-granin-suomen-cupista\\\/#breadcrumb\",\"itemListElement\":[{\"@type\":\"ListItem\",\"position\":1,\"name\":\"Home\",\"item\":\"https:\\\/\\\/grifk-handball.com\\\/miehet\\\/etusivu-260109\\\/\"},{\"@type\":\"ListItem\",\"position\":2,\"name\":\"\u00c5IFK pudotti Granin Suomen cupista\"}]},{\"@type\":\"WebSite\",\"@id\":\"https:\\\/\\\/grifk-handball.com\\\/miehet\\\/#website\",\"url\":\"https:\\\/\\\/grifk-handball.com\\\/miehet\\\/\",\"name\":\"GrIFK K\u00e4sipallo - miehet\",\"description\":\"BomBom!\",\"publisher\":{\"@id\":\"https:\\\/\\\/grifk-handball.com\\\/miehet\\\/#organization\"},\"potentialAction\":[{\"@type\":\"SearchAction\",\"target\":{\"@type\":\"EntryPoint\",\"urlTemplate\":\"https:\\\/\\\/grifk-handball.com\\\/miehet\\\/?s={search_term_string}\"},\"query-input\":{\"@type\":\"PropertyValueSpecification\",\"valueRequired\":true,\"valueName\":\"search_term_string\"}}],\"inLanguage\":\"fi\"},{\"@type\":\"Organization\",\"@id\":\"https:\\\/\\\/grifk-handball.com\\\/miehet\\\/#organization\",\"name\":\"GrIFK K\u00e4sipallo - miehet\",\"url\":\"https:\\\/\\\/grifk-handball.com\\\/miehet\\\/\",\"logo\":{\"@type\":\"ImageObject\",\"inLanguage\":\"fi\",\"@id\":\"https:\\\/\\\/grifk-handball.com\\\/miehet\\\/#\\\/schema\\\/logo\\\/image\\\/\",\"url\":\"https:\\\/\\\/i0.wp.com\\\/grifk-handball.com\\\/miehet\\\/wp-content\\\/uploads\\\/sites\\\/2\\\/2016\\\/10\\\/logo-grifk-iso.png?fit=1200%2C1400&ssl=1\",\"contentUrl\":\"https:\\\/\\\/i0.wp.com\\\/grifk-handball.com\\\/miehet\\\/wp-content\\\/uploads\\\/sites\\\/2\\\/2016\\\/10\\\/logo-grifk-iso.png?fit=1200%2C1400&ssl=1\",\"width\":1200,\"height\":1400,\"caption\":\"GrIFK K\u00e4sipallo - miehet\"},\"image\":{\"@id\":\"https:\\\/\\\/grifk-handball.com\\\/miehet\\\/#\\\/schema\\\/logo\\\/image\\\/\"},\"sameAs\":[\"https:\\\/\\\/www.facebook.com\\\/GrIFKelit\\\/\",\"https:\\\/\\\/x.com\\\/GrIFK_MSM\",\"https:\\\/\\\/www.instagram.com\\\/grifk_elit\\\/\"]},{\"@type\":\"Person\",\"@id\":\"https:\\\/\\\/grifk-handball.com\\\/miehet\\\/#\\\/schema\\\/person\\\/9da98c743e3f0f85a1b32f59241b48e0\",\"name\":\"granimaster\",\"image\":{\"@type\":\"ImageObject\",\"inLanguage\":\"fi\",\"@id\":\"https:\\\/\\\/secure.gravatar.com\\\/avatar\\\/034b8e6380fc659c320f13e17fe45bd9ab48a21e2debadd5f3179bde291949df?s=96&d=mm&r=g\",\"url\":\"https:\\\/\\\/secure.gravatar.com\\\/avatar\\\/034b8e6380fc659c320f13e17fe45bd9ab48a21e2debadd5f3179bde291949df?s=96&d=mm&r=g\",\"contentUrl\":\"https:\\\/\\\/secure.gravatar.com\\\/avatar\\\/034b8e6380fc659c320f13e17fe45bd9ab48a21e2debadd5f3179bde291949df?s=96&d=mm&r=g\",\"caption\":\"granimaster\"},\"url\":\"https:\\\/\\\/grifk-handball.com\\\/miehet\\\/author\\\/granimaster\\\/\"}]}<\/script>\n<!-- \/ Yoast SEO plugin. -->","yoast_head_json":{"title":"\u00c5IFK pudotti Granin Suomen cupista &#8212; GrIFK K\u00e4sipallo - miehet","robots":{"index":"index","follow":"follow","max-snippet":"max-snippet:-1","max-image-preview":"max-image-preview:large","max-video-preview":"max-video-preview:-1"},"canonical":"https:\/\/grifk-handball.com\/miehet\/kausi-2020-21\/ottelut-2020-21\/aifk-pudotti-granin-suomen-cupista\/","og_locale":"fi_FI","og_type":"article","og_title":"\u00c5IFK pudotti Granin Suomen cupista &#8212; GrIFK K\u00e4sipallo - miehet","og_url":"https:\/\/grifk-handball.com\/miehet\/kausi-2020-21\/ottelut-2020-21\/aifk-pudotti-granin-suomen-cupista\/","og_site_name":"GrIFK K\u00e4sipallo - miehet","article_publisher":"https:\/\/www.facebook.com\/GrIFKelit\/","article_published_time":"2020-09-05T19:52:55+00:00","article_modified_time":"2020-09-06T08:26:49+00:00","og_image":[{"width":1408,"height":1054,"url":"https:\/\/i0.wp.com\/grifk-handball.com\/miehet\/wp-content\/uploads\/sites\/2\/2020\/09\/IMG_2048-e1599335494242.jpeg?fit=1408%2C1054&ssl=1","type":"image\/jpeg"}],"author":"granimaster","twitter_card":"summary_large_image","twitter_creator":"@GrIFK_MSM","twitter_site":"@GrIFK_MSM","twitter_misc":{"Kirjoittanut":"granimaster","Arvioitu lukuaika":"2 minuuttia"},"schema":{"@context":"https:\/\/schema.org","@graph":[{"@type":"Article","@id":"https:\/\/grifk-handball.com\/miehet\/kausi-2020-21\/ottelut-2020-21\/aifk-pudotti-granin-suomen-cupista\/#article","isPartOf":{"@id":"https:\/\/grifk-handball.com\/miehet\/kausi-2020-21\/ottelut-2020-21\/aifk-pudotti-granin-suomen-cupista\/"},"author":{"name":"granimaster","@id":"https:\/\/grifk-handball.com\/miehet\/#\/schema\/person\/9da98c743e3f0f85a1b32f59241b48e0"},"headline":"\u00c5IFK pudotti Granin Suomen cupista","datePublished":"2020-09-05T19:52:55+00:00","dateModified":"2020-09-06T08:26:49+00:00","mainEntityOfPage":{"@id":"https:\/\/grifk-handball.com\/miehet\/kausi-2020-21\/ottelut-2020-21\/aifk-pudotti-granin-suomen-cupista\/"},"wordCount":380,"publisher":{"@id":"https:\/\/grifk-handball.com\/miehet\/#organization"},"image":{"@id":"https:\/\/grifk-handball.com\/miehet\/kausi-2020-21\/ottelut-2020-21\/aifk-pudotti-granin-suomen-cupista\/#primaryimage"},"thumbnailUrl":"https:\/\/i0.wp.com\/grifk-handball.com\/miehet\/wp-content\/uploads\/sites\/2\/2020\/09\/IMG_2048-e1599335494242.jpeg?fit=1408%2C1054&ssl=1","keywords":["#BomBom","#GrIFKHandball","#respect","#Tunnetta peliin","\u00c5IFK","GrIFK","Nelj\u00e4nnesv\u00e4lier\u00e4","Suomen Cup"],"articleSection":["Ottelut 2020-21"],"inLanguage":"fi"},{"@type":"WebPage","@id":"https:\/\/grifk-handball.com\/miehet\/kausi-2020-21\/ottelut-2020-21\/aifk-pudotti-granin-suomen-cupista\/","url":"https:\/\/grifk-handball.com\/miehet\/kausi-2020-21\/ottelut-2020-21\/aifk-pudotti-granin-suomen-cupista\/","name":"\u00c5IFK pudotti Granin Suomen cupista &#8212; GrIFK K\u00e4sipallo - miehet","isPartOf":{"@id":"https:\/\/grifk-handball.com\/miehet\/#website"},"primaryImageOfPage":{"@id":"https:\/\/grifk-handball.com\/miehet\/kausi-2020-21\/ottelut-2020-21\/aifk-pudotti-granin-suomen-cupista\/#primaryimage"},"image":{"@id":"https:\/\/grifk-handball.com\/miehet\/kausi-2020-21\/ottelut-2020-21\/aifk-pudotti-granin-suomen-cupista\/#primaryimage"},"thumbnailUrl":"https:\/\/i0.wp.com\/grifk-handball.com\/miehet\/wp-content\/uploads\/sites\/2\/2020\/09\/IMG_2048-e1599335494242.jpeg?fit=1408%2C1054&ssl=1","datePublished":"2020-09-05T19:52:55+00:00","dateModified":"2020-09-06T08:26:49+00:00","breadcrumb":{"@id":"https:\/\/grifk-handball.com\/miehet\/kausi-2020-21\/ottelut-2020-21\/aifk-pudotti-granin-suomen-cupista\/#breadcrumb"},"inLanguage":"fi","potentialAction":[{"@type":"ReadAction","target":["https:\/\/grifk-handball.com\/miehet\/kausi-2020-21\/ottelut-2020-21\/aifk-pudotti-granin-suomen-cupista\/"]}]},{"@type":"ImageObject","inLanguage":"fi","@id":"https:\/\/grifk-handball.com\/miehet\/kausi-2020-21\/ottelut-2020-21\/aifk-pudotti-granin-suomen-cupista\/#primaryimage","url":"https:\/\/i0.wp.com\/grifk-handball.com\/miehet\/wp-content\/uploads\/sites\/2\/2020\/09\/IMG_2048-e1599335494242.jpeg?fit=1408%2C1054&ssl=1","contentUrl":"https:\/\/i0.wp.com\/grifk-handball.com\/miehet\/wp-content\/uploads\/sites\/2\/2020\/09\/IMG_2048-e1599335494242.jpeg?fit=1408%2C1054&ssl=1","width":1408,"height":1054},{"@type":"BreadcrumbList","@id":"https:\/\/grifk-handball.com\/miehet\/kausi-2020-21\/ottelut-2020-21\/aifk-pudotti-granin-suomen-cupista\/#breadcrumb","itemListElement":[{"@type":"ListItem","position":1,"name":"Home","item":"https:\/\/grifk-handball.com\/miehet\/etusivu-260109\/"},{"@type":"ListItem","position":2,"name":"\u00c5IFK pudotti Granin Suomen cupista"}]},{"@type":"WebSite","@id":"https:\/\/grifk-handball.com\/miehet\/#website","url":"https:\/\/grifk-handball.com\/miehet\/","name":"GrIFK K\u00e4sipallo - miehet","description":"BomBom!","publisher":{"@id":"https:\/\/grifk-handball.com\/miehet\/#organization"},"potentialAction":[{"@type":"SearchAction","target":{"@type":"EntryPoint","urlTemplate":"https:\/\/grifk-handball.com\/miehet\/?s={search_term_string}"},"query-input":{"@type":"PropertyValueSpecification","valueRequired":true,"valueName":"search_term_string"}}],"inLanguage":"fi"},{"@type":"Organization","@id":"https:\/\/grifk-handball.com\/miehet\/#organization","name":"GrIFK K\u00e4sipallo - miehet","url":"https:\/\/grifk-handball.com\/miehet\/","logo":{"@type":"ImageObject","inLanguage":"fi","@id":"https:\/\/grifk-handball.com\/miehet\/#\/schema\/logo\/image\/","url":"https:\/\/i0.wp.com\/grifk-handball.com\/miehet\/wp-content\/uploads\/sites\/2\/2016\/10\/logo-grifk-iso.png?fit=1200%2C1400&ssl=1","contentUrl":"https:\/\/i0.wp.com\/grifk-handball.com\/miehet\/wp-content\/uploads\/sites\/2\/2016\/10\/logo-grifk-iso.png?fit=1200%2C1400&ssl=1","width":1200,"height":1400,"caption":"GrIFK K\u00e4sipallo - miehet"},"image":{"@id":"https:\/\/grifk-handball.com\/miehet\/#\/schema\/logo\/image\/"},"sameAs":["https:\/\/www.facebook.com\/GrIFKelit\/","https:\/\/x.com\/GrIFK_MSM","https:\/\/www.instagram.com\/grifk_elit\/"]},{"@type":"Person","@id":"https:\/\/grifk-handball.com\/miehet\/#\/schema\/person\/9da98c743e3f0f85a1b32f59241b48e0","name":"granimaster","image":{"@type":"ImageObject","inLanguage":"fi","@id":"https:\/\/secure.gravatar.com\/avatar\/034b8e6380fc659c320f13e17fe45bd9ab48a21e2debadd5f3179bde291949df?s=96&d=mm&r=g","url":"https:\/\/secure.gravatar.com\/avatar\/034b8e6380fc659c320f13e17fe45bd9ab48a21e2debadd5f3179bde291949df?s=96&d=mm&r=g","contentUrl":"https:\/\/secure.gravatar.com\/avatar\/034b8e6380fc659c320f13e17fe45bd9ab48a21e2debadd5f3179bde291949df?s=96&d=mm&r=g","caption":"granimaster"},"url":"https:\/\/grifk-handball.com\/miehet\/author\/granimaster\/"}]}},"jetpack_featured_media_url":"https:\/\/i0.wp.com\/grifk-handball.com\/miehet\/wp-content\/uploads\/sites\/2\/2020\/09\/IMG_2048-e1599335494242.jpeg?fit=1408%2C1054&ssl=1","jetpack_shortlink":"https:\/\/wp.me\/p9jQ9a-3Ed","_links":{"self":[{"href":"https:\/\/grifk-handball.com\/miehet\/wp-json\/wp\/v2\/posts\/14025","targetHints":{"allow":["GET"]}}],"collection":[{"href":"https:\/\/grifk-handball.com\/miehet\/wp-json\/wp\/v2\/posts"}],"about":[{"href":"https:\/\/grifk-handball.com\/miehet\/wp-json\/wp\/v2\/types\/post"}],"author":[{"embeddable":true,"href":"https:\/\/grifk-handball.com\/miehet\/wp-json\/wp\/v2\/users\/1"}],"replies":[{"embeddable":true,"href":"https:\/\/grifk-handball.com\/miehet\/wp-json\/wp\/v2\/comments?post=14025"}],"version-history":[{"count":8,"href":"https:\/\/grifk-handball.com\/miehet\/wp-json\/wp\/v2\/posts\/14025\/revisions"}],"predecessor-version":[{"id":14037,"href":"https:\/\/grifk-handball.com\/miehet\/wp-json\/wp\/v2\/posts\/14025\/revisions\/14037"}],"wp:featuredmedia":[{"embeddable":true,"href":"https:\/\/grifk-handball.com\/miehet\/wp-json\/wp\/v2\/media\/14029"}],"wp:attachment":[{"href":"https:\/\/grifk-handball.com\/miehet\/wp-json\/wp\/v2\/media?parent=14025"}],"wp:term":[{"taxonomy":"category","embeddable":true,"href":"https:\/\/grifk-handball.com\/miehet\/wp-json\/wp\/v2\/categories?post=14025"},{"taxonomy":"post_tag","embeddable":true,"href":"https:\/\/grifk-handball.com\/miehet\/wp-json\/wp\/v2\/tags?post=14025"}],"curies":[{"name":"wp","href":"https:\/\/api.w.org\/{rel}","templated":true}]}}