{"id":14538,"date":"2020-11-17T12:34:13","date_gmt":"2020-11-17T10:34:13","guid":{"rendered":"https:\/\/grifk-handball.com\/miehet\/?p=14538"},"modified":"2020-11-17T12:34:13","modified_gmt":"2020-11-17T10:34:13","slug":"bk-46-granin-vieraaksi-keskiviikkona","status":"publish","type":"post","link":"https:\/\/grifk-handball.com\/miehet\/kausi-2020-21\/ennakot-2020-21\/bk-46-granin-vieraaksi-keskiviikkona\/","title":{"rendered":"BK-46 Granin vieraaksi keskiviikkona"},"content":{"rendered":"<section  class='av_textblock_section av-kewxkgus-75b4c07da79fd5bbcce630d8f8d2d7c8 '   itemscope=\"itemscope\" itemtype=\"https:\/\/schema.org\/BlogPosting\" itemprop=\"blogPost\" ><div class='avia_textblock'  itemprop=\"text\" ><p>SM-liigan viikon ainoassa ottelussa kohtaavat GrIFK ja liigassa kolmantena oleva BK-46. Joukkueet kokoontuvat Kauniaisten Luolaan keskiviikkona kello 19:00. <!--more--><\/p>\n<p>Grani on pelannut viime otteluissaan tasav\u00e4kisesti vastustajien kanssa, mutta onnistunut siit\u00e4 huolimatta kasvattamaan pistesaldoaan vain kahdella. Viikonlopun SIF-ottelu j\u00e4tti Jonathan Bergin loukkaantumisen puolesta pysyv\u00e4t j\u00e4ljet, mutta taistelua joukkue ei lopeta. P\u00e4invastoin! Kunhan entisest\u00e4\u00e4n yhten\u00e4istynyt joukkue saa hitsattua ratkaisuhetkien kuviot kuntoon, alkaa ansaittuja voittojakin tippua tiuhempaan tahtiin.<\/p>\n<p>Pakkipulasta kuluvalla kaudella k\u00e4rsinyt BK-46 on pelannut viimeksi l\u00e4hes kuukausi sitten. Kolmessa edellisess\u00e4 ottelussaan maaleja on m\u00e4tetty kumpaankin p\u00e4\u00e4h\u00e4n mielett\u00f6mi\u00e4 m\u00e4\u00e4ri\u00e4, eiv\u00e4tk\u00e4 karjaalaisten edellisess\u00e4 ottelussa \u00c5IFK:n tekem\u00e4t 35 osumaa riitt\u00e4neet edes voittoon. BK on vain yhdess\u00e4 peliss\u00e4\u00e4n j\u00e4\u00e4nyt alle 30 tehdyn maalin, joten silt\u00e4 osin raitapaitojen osaaminen on kohdillaan.<\/p>\n<\/div><\/section>\n<section  class='av_textblock_section av-kewxkgus-75b4c07da79fd5bbcce630d8f8d2d7c8 '   itemscope=\"itemscope\" itemtype=\"https:\/\/schema.org\/BlogPosting\" itemprop=\"blogPost\" ><div class='avia_textblock'  itemprop=\"text\" ><div id=\"attachment_13988\" style=\"width: 310px\" class=\"wp-caption alignright\"><a href=\"https:\/\/grifk-handball.com\/miehet\/uutiset\/katsomojarjestelyt-grifk-elitin-kotiotteluissa\/\"><img data-recalc-dims=\"1\" loading=\"lazy\" decoding=\"async\" aria-describedby=\"caption-attachment-13988\" class=\"size-medium wp-image-13988\" src=\"https:\/\/i0.wp.com\/grifk-handball.com\/miehet\/wp-content\/uploads\/sites\/2\/2020\/09\/luola-istumapaikat-korona-300x169.jpg?resize=300%2C169&#038;ssl=1\" alt=\"\" width=\"300\" height=\"169\" srcset=\"https:\/\/i0.wp.com\/grifk-handball.com\/miehet\/wp-content\/uploads\/sites\/2\/2020\/09\/luola-istumapaikat-korona.jpg?resize=300%2C169&amp;ssl=1 300w, https:\/\/i0.wp.com\/grifk-handball.com\/miehet\/wp-content\/uploads\/sites\/2\/2020\/09\/luola-istumapaikat-korona.jpg?resize=1030%2C579&amp;ssl=1 1030w, https:\/\/i0.wp.com\/grifk-handball.com\/miehet\/wp-content\/uploads\/sites\/2\/2020\/09\/luola-istumapaikat-korona.jpg?resize=768%2C432&amp;ssl=1 768w, https:\/\/i0.wp.com\/grifk-handball.com\/miehet\/wp-content\/uploads\/sites\/2\/2020\/09\/luola-istumapaikat-korona.jpg?resize=1536%2C864&amp;ssl=1 1536w, https:\/\/i0.wp.com\/grifk-handball.com\/miehet\/wp-content\/uploads\/sites\/2\/2020\/09\/luola-istumapaikat-korona.jpg?resize=1500%2C844&amp;ssl=1 1500w, https:\/\/i0.wp.com\/grifk-handball.com\/miehet\/wp-content\/uploads\/sites\/2\/2020\/09\/luola-istumapaikat-korona.jpg?resize=705%2C397&amp;ssl=1 705w, https:\/\/i0.wp.com\/grifk-handball.com\/miehet\/wp-content\/uploads\/sites\/2\/2020\/09\/luola-istumapaikat-korona.jpg?w=1920&amp;ssl=1 1920w\" sizes=\"auto, (max-width: 300px) 100vw, 300px\" \/><\/a><p id=\"caption-attachment-13988\" class=\"wp-caption-text\">Katsomoj\u00e4rjestelyt GrIFK Elitin kotiotteluissa<\/p><\/div>\n<h4>Katsomoj\u00e4rjestelyt GrIFK Elitin kotiotteluissa &#8211; maski naamaan ja matsiin!<\/h4>\n<p>THL:n suosituksen mukaisesti kaikissa k\u00e4sipallon p\u00e4\u00e4sarjojen otteluissa paikan p\u00e4\u00e4lle saapuvaa yleis\u00f6\u00e4 kehoitetaan k\u00e4ytt\u00e4m\u00e4\u00e4n kasvomaskia taatakseen kaikille turvallisen tapahtuman.<\/p>\n<\/div><\/section>\n<div  class='avia-button-wrap av-kgkj35oi-07bc5c6c38aad252aeba0fd97efede44-wrap avia-button-left  avia-builder-el-2  el_after_av_textblock  el_before_av_textblock '><a href='https:\/\/grifk-handball.com\/miehet\/covid-19\/'  class='avia-button av-kgkj35oi-07bc5c6c38aad252aeba0fd97efede44 av-link-btn avia-icon_select-no avia-size-small avia-position-left avia-color-theme-color'   aria-label=\"COVID-19 \u2013 Otteluj\u00e4rjestelyt\"><span class='avia_iconbox_title' >COVID-19 \u2013 Otteluj\u00e4rjestelyt<\/span><\/a><\/div>\n<section  class='av_textblock_section av-kewxkgus-d582b4fdf94ea9964fa7de5d97f44188 '   itemscope=\"itemscope\" itemtype=\"https:\/\/schema.org\/BlogPosting\" itemprop=\"blogPost\" ><div class='av-desktop-hide av-medium-hide av-small-hide av-mini-hide avia_textblock'  itemprop=\"text\" ><h4>Kahden ottelun viikonloppu<\/h4>\n<p>SM-liigan runkosarjassa ei t\u00e4ll\u00e4k\u00e4\u00e4n kaudella ottelum\u00e4\u00e4rill\u00e4 isommin herkutella, joten viikonloppuna Granin ja HIFK:n lis\u00e4ksi liigapisteist\u00e4 kisataan ainoastaan Rihim\u00e4ell\u00e4. Sarjataulukossa toisena oleva Cocks ja avauspisteit\u00e4\u00e4n edelleen jahtaava HC Tallinn ottavat yhteen lauantaina Cocks Areenalla, jonne GrIFK puolestaan matkaa tulevana keskiviikkona 28.10.<\/p>\n<p>Lauantaina oli alun perin tarkoitus otella my\u00f6s Karjaalla, mutta BK-46 sai siirretty\u00e4 kotiottelunsa Dickeni\u00e4 vastaan my\u00f6hemp\u00e4\u00e4n ajankohtaan pelaajapulaan vedoten.<\/p>\n<\/div><\/section>\n<div class='flex_column_table av-2n52dw-906c6a5d3fc7ad726f63372d1228d990 sc-av_one_fourth av-equal-height-column-flextable'>\n<style type=\"text\/css\" data-created_by=\"avia_inline_auto\" id=\"style-css-av-2n52dw-906c6a5d3fc7ad726f63372d1228d990\">\n.flex_column.av-2n52dw-906c6a5d3fc7ad726f63372d1228d990{\nborder-radius:0px 0px 0px 0px;\npadding:0px 0px 0px 0px;\n}\n<\/style>\n<div  class='flex_column av-2n52dw-906c6a5d3fc7ad726f63372d1228d990 av_one_fourth  avia-builder-el-4  el_after_av_textblock  el_before_av_two_fifth  first flex_column_table_cell av-equal-height-column av-align-middle av-zero-column-padding  column-top-margin'     ><div  class='avia-slideshow av-3s7cf0x-2ca802ad9eb48af0a70085f057d8bd22 avia-slideshow-medium av_slideshow avia-fade-slider  avia-builder-el-5  avia-builder-el-no-sibling  av-slideshow-ui av-control-hidden av-no-slider-navigation av-hide-nav-arrows av-slideshow-autoplay av-loop-endless av-loop-manual-endless av-default-height-applied avia-slideshow-1' data-slideshow-options=\"{&quot;animation&quot;:&quot;fade&quot;,&quot;autoplay&quot;:true,&quot;loop_autoplay&quot;:&quot;endless&quot;,&quot;interval&quot;:3,&quot;loop_manual&quot;:&quot;manual-endless&quot;,&quot;autoplay_stopper&quot;:false,&quot;noNavigation&quot;:true,&quot;bg_slider&quot;:false,&quot;keep_padding&quot;:false,&quot;hoverpause&quot;:false,&quot;show_slide_delay&quot;:0}\"  itemprop=\"image\" itemscope=\"itemscope\" itemtype=\"https:\/\/schema.org\/ImageObject\" ><ul class='avia-slideshow-inner ' style='padding-bottom: 56.333333333333%;'><li  class='avia-slideshow-slide av-3s7cf0x-2ca802ad9eb48af0a70085f057d8bd22__0  slide-1 slide-odd'><a href=\"https:\/\/www.bo.fi\"  target=\"_blank\"  rel=\"noopener noreferrer\" data-rel='slideshow-1' class='avia-slide-wrap '   ><img decoding=\"async\" fetchpriority=\"high\" class=\"wp-image-12406 avia-img-lazy-loading-not-12406\"  src=\"https:\/\/i0.wp.com\/grifk-handball.com\/miehet\/wp-content\/uploads\/sites\/2\/2019\/09\/bo-lkv-musta.png?fit=300%2C169&ssl=1\" width=\"300\" height=\"169\" title='Bo LKV' alt=''  itemprop=\"thumbnailUrl\" srcset=\"https:\/\/i0.wp.com\/grifk-handball.com\/miehet\/wp-content\/uploads\/sites\/2\/2019\/09\/bo-lkv-musta.png?w=400&amp;ssl=1 400w, https:\/\/i0.wp.com\/grifk-handball.com\/miehet\/wp-content\/uploads\/sites\/2\/2019\/09\/bo-lkv-musta.png?resize=300%2C169&amp;ssl=1 300w\" sizes=\"(max-width: 300px) 100vw, 300px\" \/><\/a><\/li><li  class='avia-slideshow-slide av-3s7cf0x-2ca802ad9eb48af0a70085f057d8bd22__1  slide-2 slide-even'><div data-rel='slideshow-1' class='avia-slide-wrap '   ><img decoding=\"async\" fetchpriority=\"high\" class=\"wp-image-13823 avia-img-lazy-loading-not-13823\"  src=\"https:\/\/i0.wp.com\/grifk-handball.com\/miehet\/wp-content\/uploads\/sites\/2\/2020\/07\/craft.png?fit=300%2C169&ssl=1\" width=\"300\" height=\"169\" title='Craft' alt=''  itemprop=\"thumbnailUrl\" srcset=\"https:\/\/i0.wp.com\/grifk-handball.com\/miehet\/wp-content\/uploads\/sites\/2\/2020\/07\/craft.png?w=400&amp;ssl=1 400w, https:\/\/i0.wp.com\/grifk-handball.com\/miehet\/wp-content\/uploads\/sites\/2\/2020\/07\/craft.png?resize=300%2C169&amp;ssl=1 300w\" sizes=\"(max-width: 300px) 100vw, 300px\" \/><\/div><\/li><li  class='avia-slideshow-slide av-3s7cf0x-2ca802ad9eb48af0a70085f057d8bd22__2  slide-3 slide-odd'><a href=\"https:\/\/www.intersport.fi\/fi\/kauppa\/espoo-suomenoja\/\"  target=\"_blank\"  rel=\"noopener noreferrer\" data-rel='slideshow-1' class='avia-slide-wrap '   ><img decoding=\"async\" fetchpriority=\"high\" class=\"wp-image-13822 avia-img-lazy-loading-not-13822\"  src=\"https:\/\/i0.wp.com\/grifk-handball.com\/miehet\/wp-content\/uploads\/sites\/2\/2020\/07\/intersport-suomenoja.png?fit=300%2C169&ssl=1\" width=\"300\" height=\"169\" title='Intersport Suomenoja' alt=''  itemprop=\"thumbnailUrl\" srcset=\"https:\/\/i0.wp.com\/grifk-handball.com\/miehet\/wp-content\/uploads\/sites\/2\/2020\/07\/intersport-suomenoja.png?w=400&amp;ssl=1 400w, https:\/\/i0.wp.com\/grifk-handball.com\/miehet\/wp-content\/uploads\/sites\/2\/2020\/07\/intersport-suomenoja.png?resize=300%2C169&amp;ssl=1 300w\" sizes=\"(max-width: 300px) 100vw, 300px\" \/><\/a><\/li><li  class='avia-slideshow-slide av-3s7cf0x-2ca802ad9eb48af0a70085f057d8bd22__3  slide-4 slide-even'><a href=\"https:\/\/www.myspeaker.fi\"  target=\"_blank\"  rel=\"noopener noreferrer\" data-rel='slideshow-1' class='avia-slide-wrap '   ><img decoding=\"async\" fetchpriority=\"high\" class=\"wp-image-12403 avia-img-lazy-loading-not-12403\"  src=\"https:\/\/i0.wp.com\/grifk-handball.com\/miehet\/wp-content\/uploads\/sites\/2\/2019\/09\/logo-myspeaker.png?fit=300%2C169&ssl=1\" width=\"300\" height=\"169\" title='MySpeaker' alt=''  itemprop=\"thumbnailUrl\" srcset=\"https:\/\/i0.wp.com\/grifk-handball.com\/miehet\/wp-content\/uploads\/sites\/2\/2019\/09\/logo-myspeaker.png?w=400&amp;ssl=1 400w, https:\/\/i0.wp.com\/grifk-handball.com\/miehet\/wp-content\/uploads\/sites\/2\/2019\/09\/logo-myspeaker.png?resize=300%2C169&amp;ssl=1 300w\" sizes=\"(max-width: 300px) 100vw, 300px\" \/><\/a><\/li><li  class='avia-slideshow-slide av-3s7cf0x-2ca802ad9eb48af0a70085f057d8bd22__4  slide-5 slide-odd'><a href=\"http:\/\/www.aktia.fi\/fi\/\"  target=\"_blank\"  rel=\"noopener noreferrer\" data-rel='slideshow-1' class='avia-slide-wrap '   ><img decoding=\"async\" fetchpriority=\"high\" class=\"wp-image-6795 avia-img-lazy-loading-not-6795\"  src=\"https:\/\/i0.wp.com\/grifk-handball.com\/miehet\/wp-content\/uploads\/sites\/2\/2017\/11\/logo-aktia.png?fit=300%2C169&ssl=1\" width=\"300\" height=\"169\" title='Aktia' alt=''  itemprop=\"thumbnailUrl\" srcset=\"https:\/\/i0.wp.com\/grifk-handball.com\/miehet\/wp-content\/uploads\/sites\/2\/2017\/11\/logo-aktia.png?w=400&amp;ssl=1 400w, https:\/\/i0.wp.com\/grifk-handball.com\/miehet\/wp-content\/uploads\/sites\/2\/2017\/11\/logo-aktia.png?resize=300%2C169&amp;ssl=1 300w\" sizes=\"(max-width: 300px) 100vw, 300px\" \/><\/a><\/li><li  class='avia-slideshow-slide av-3s7cf0x-2ca802ad9eb48af0a70085f057d8bd22__5  slide-6 slide-even'><a href=\"https:\/\/www.bbtechnics.com\/fi\/\"  target=\"_blank\"  rel=\"noopener noreferrer\" data-rel='slideshow-1' class='avia-slide-wrap '   ><img decoding=\"async\" fetchpriority=\"high\" class=\"wp-image-12404 avia-img-lazy-loading-not-12404\"  src=\"https:\/\/i0.wp.com\/grifk-handball.com\/miehet\/wp-content\/uploads\/sites\/2\/2019\/09\/logo-bbtecnics.png?fit=300%2C169&ssl=1\" width=\"300\" height=\"169\" title='BBTecnics' alt=''  itemprop=\"thumbnailUrl\" srcset=\"https:\/\/i0.wp.com\/grifk-handball.com\/miehet\/wp-content\/uploads\/sites\/2\/2019\/09\/logo-bbtecnics.png?w=400&amp;ssl=1 400w, https:\/\/i0.wp.com\/grifk-handball.com\/miehet\/wp-content\/uploads\/sites\/2\/2019\/09\/logo-bbtecnics.png?resize=300%2C169&amp;ssl=1 300w\" sizes=\"(max-width: 300px) 100vw, 300px\" \/><\/a><\/li><li  class='avia-slideshow-slide av-3s7cf0x-2ca802ad9eb48af0a70085f057d8bd22__6  slide-7 slide-odd'><a href=\"http:\/\/lvitasacon.fi\"  target=\"_blank\"  rel=\"noopener noreferrer\" data-rel='slideshow-1' class='avia-slide-wrap '   ><img decoding=\"async\" fetchpriority=\"high\" class=\"wp-image-2178 avia-img-lazy-loading-not-2178\"  src=\"https:\/\/i0.wp.com\/grifk-handball.com\/miehet\/wp-content\/uploads\/sites\/2\/2016\/07\/lvi-tasacon.png?fit=300%2C169&ssl=1\" width=\"300\" height=\"169\" title='LVI Tasacon Oy' alt=''  itemprop=\"thumbnailUrl\" srcset=\"https:\/\/i0.wp.com\/grifk-handball.com\/miehet\/wp-content\/uploads\/sites\/2\/2016\/07\/lvi-tasacon.png?w=400&amp;ssl=1 400w, https:\/\/i0.wp.com\/grifk-handball.com\/miehet\/wp-content\/uploads\/sites\/2\/2016\/07\/lvi-tasacon.png?resize=300%2C169&amp;ssl=1 300w\" sizes=\"(max-width: 300px) 100vw, 300px\" \/><\/a><\/li><li  class='avia-slideshow-slide av-3s7cf0x-2ca802ad9eb48af0a70085f057d8bd22__7  slide-8 slide-even'><a href=\"http:\/\/www.rta-yhtiot.fi\"  target=\"_blank\"  rel=\"noopener noreferrer\" data-rel='slideshow-1' class='avia-slide-wrap '   ><img decoding=\"async\" fetchpriority=\"high\" class=\"wp-image-2182 avia-img-lazy-loading-not-2182\"  src=\"https:\/\/i0.wp.com\/grifk-handball.com\/miehet\/wp-content\/uploads\/sites\/2\/2016\/07\/rta-yhtiot-keltainen.png?fit=300%2C169&ssl=1\" width=\"300\" height=\"169\" title='RTA-yhti\u00f6t' alt=''  itemprop=\"thumbnailUrl\" srcset=\"https:\/\/i0.wp.com\/grifk-handball.com\/miehet\/wp-content\/uploads\/sites\/2\/2016\/07\/rta-yhtiot-keltainen.png?w=400&amp;ssl=1 400w, https:\/\/i0.wp.com\/grifk-handball.com\/miehet\/wp-content\/uploads\/sites\/2\/2016\/07\/rta-yhtiot-keltainen.png?resize=300%2C169&amp;ssl=1 300w\" sizes=\"(max-width: 300px) 100vw, 300px\" \/><\/a><\/li><li  class='avia-slideshow-slide av-3s7cf0x-2ca802ad9eb48af0a70085f057d8bd22__8  slide-9 slide-odd'><a href=\"https:\/\/www.s-kanava.fi\/web\/varuboden-osla\/etusivu\"  target=\"_blank\"  rel=\"noopener noreferrer\" data-rel='slideshow-1' class='avia-slide-wrap '   ><img decoding=\"async\" fetchpriority=\"high\" class=\"wp-image-13928 avia-img-lazy-loading-not-13928\"  src=\"https:\/\/i0.wp.com\/grifk-handball.com\/miehet\/wp-content\/uploads\/sites\/2\/2020\/08\/varuboden-osla.png?fit=300%2C169&ssl=1\" width=\"300\" height=\"169\" title='Varuboden Osla' alt=''  itemprop=\"thumbnailUrl\" srcset=\"https:\/\/i0.wp.com\/grifk-handball.com\/miehet\/wp-content\/uploads\/sites\/2\/2020\/08\/varuboden-osla.png?w=400&amp;ssl=1 400w, https:\/\/i0.wp.com\/grifk-handball.com\/miehet\/wp-content\/uploads\/sites\/2\/2020\/08\/varuboden-osla.png?resize=300%2C169&amp;ssl=1 300w\" sizes=\"(max-width: 300px) 100vw, 300px\" \/><\/a><\/li><\/ul><div class='avia-slideshow-arrows avia-slideshow-controls' ><a href='#prev' class='prev-slide  avia-svg-icon avia-font-svg_entypo-fontello' data-av_svg_icon='left-open-big' data-av_iconset='svg_entypo-fontello' tabindex='-1' title=\"Previous\"><svg version=\"1.1\" xmlns=\"http:\/\/www.w3.org\/2000\/svg\" width=\"15\" height=\"32\" viewBox=\"0 0 15 32\" preserveAspectRatio=\"xMidYMid meet\" aria-labelledby='av-svg-title-1' aria-describedby='av-svg-desc-1' role=\"graphics-symbol\" aria-hidden=\"true\">\n<title id='av-svg-title-1'>Previous<\/title>\n<desc id='av-svg-desc-1'>Previous<\/desc>\n<path d=\"M14.464 27.84q0.832 0.832 0 1.536-0.832 0.832-1.536 0l-12.544-12.608q-0.768-0.768 0-1.6l12.544-12.608q0.704-0.832 1.536 0 0.832 0.704 0 1.536l-11.456 11.904z\"><\/path>\n<\/svg><span class='avia_hidden_link_text'>Previous<\/span><\/a><a href='#next' class='next-slide  avia-svg-icon avia-font-svg_entypo-fontello' data-av_svg_icon='right-open-big' data-av_iconset='svg_entypo-fontello' tabindex='-1' title=\"Next\"><svg version=\"1.1\" xmlns=\"http:\/\/www.w3.org\/2000\/svg\" width=\"15\" height=\"32\" viewBox=\"0 0 15 32\" preserveAspectRatio=\"xMidYMid meet\" aria-labelledby='av-svg-title-2' aria-describedby='av-svg-desc-2' role=\"graphics-symbol\" aria-hidden=\"true\">\n<title id='av-svg-title-2'>Next<\/title>\n<desc id='av-svg-desc-2'>Next<\/desc>\n<path d=\"M0.416 27.84l11.456-11.84-11.456-11.904q-0.832-0.832 0-1.536 0.832-0.832 1.536 0l12.544 12.608q0.768 0.832 0 1.6l-12.544 12.608q-0.704 0.832-1.536 0-0.832-0.704 0-1.536z\"><\/path>\n<\/svg><span class='avia_hidden_link_text'>Next<\/span><\/a><\/div><\/div><\/div>\n<div class='av-flex-placeholder'><\/div>\n<style type=\"text\/css\" data-created_by=\"avia_inline_auto\" id=\"style-css-av-pw6lhg-0469ca294378829967c05b966653ad88\">\n.flex_column.av-pw6lhg-0469ca294378829967c05b966653ad88{\nborder-radius:0px 0px 0px 0px;\npadding:20px 20px 20px 20px;\n}\n<\/style>\n<div  class='flex_column av-pw6lhg-0469ca294378829967c05b966653ad88 av_two_fifth  avia-builder-el-6  el_after_av_one_fourth  el_before_av_one_third  flex_column_table_cell av-equal-height-column av-align-middle  column-top-margin'     ><section  class='av_textblock_section av-jmbon6oz-58237fc135121f316d2dcdadb6d06d2c '   itemscope=\"itemscope\" itemtype=\"https:\/\/schema.org\/BlogPosting\" itemprop=\"blogPost\" ><div class='avia_textblock'  itemprop=\"text\" ><p style=\"text-align: center;\"><script src=\"http:\/\/tulospalvelu.finnhandball.net\/taso\/widget.php?widget=nextmatch&#038;css=1&#038;teamid=103471&#038;otteluid= 478923\"><\/script><\/p>\n<\/div><\/section><br \/>\n<div  class='avia-button-wrap av-kg2ar5ny-b8dcc70cc5cc28cfaa340d4397ab1480-wrap avia-button-center  avia-builder-el-8  el_after_av_textblock  avia-builder-el-last '><a href='https:\/\/grifk-handball.com\/miehet\/uutiset\/katsomojarjestelyt-grifk-elitin-kotiotteluissa\/'  class='avia-button av-kg2ar5ny-b8dcc70cc5cc28cfaa340d4397ab1480 av-link-btn avia-icon_select-no avia-size-small avia-position-center avia-color-theme-color'   aria-label=\"Katsomoj\u00e4rjestelyt GrIFK Elitin kotiotteluissa \"><span class='avia_iconbox_title' >Katsomoj\u00e4rjestelyt GrIFK Elitin kotiotteluissa <\/span><\/a><\/div><\/p><\/div>\n<div class='av-flex-placeholder'><\/div>\n<style type=\"text\/css\" data-created_by=\"avia_inline_auto\" id=\"style-css-av-2n52dw-8a70c1930bcbbc1461d403111820dea5\">\n.flex_column.av-2n52dw-8a70c1930bcbbc1461d403111820dea5{\nborder-radius:0px 0px 0px 0px;\npadding:0px 0px 0px 0px;\n}\n<\/style>\n<div  class='flex_column av-2n52dw-8a70c1930bcbbc1461d403111820dea5 av_one_third  avia-builder-el-9  el_after_av_two_fifth  avia-builder-el-last  flex_column_table_cell av-equal-height-column av-align-middle av-zero-column-padding  column-top-margin'     ><p>\n<style type=\"text\/css\" data-created_by=\"avia_inline_auto\" id=\"style-css-av-k10uznq4-07e2891cbb18ba7fe2c262e01d0a0d00\">\n.avia-image-container.av-k10uznq4-07e2891cbb18ba7fe2c262e01d0a0d00 img.avia_image{\nbox-shadow:none;\n}\n.avia-image-container.av-k10uznq4-07e2891cbb18ba7fe2c262e01d0a0d00 .av-image-caption-overlay-center{\ncolor:#ffffff;\n}\n<\/style>\n<div  class='avia-image-container av-k10uznq4-07e2891cbb18ba7fe2c262e01d0a0d00 av-styling- av-hover-grow avia-align-center  avia-builder-el-10  el_before_av_heading  avia-builder-el-first '   itemprop=\"image\" itemscope=\"itemscope\" itemtype=\"https:\/\/schema.org\/ImageObject\" ><div class=\"avia-image-container-inner\"><div class=\"avia-image-overlay-wrap\"><img decoding=\"async\" fetchpriority=\"high\" class='wp-image-12923 avia-img-lazy-loading-not-12923 avia_image ' src=\"https:\/\/i0.wp.com\/grifk-handball.com\/miehet\/wp-content\/uploads\/sites\/2\/2019\/09\/Solid_Logotype-copy11.png?fit=300%2C52&ssl=1\" alt='' title='SolidSport'  height=\"52\" width=\"300\"  itemprop=\"thumbnailUrl\" srcset=\"https:\/\/i0.wp.com\/grifk-handball.com\/miehet\/wp-content\/uploads\/sites\/2\/2019\/09\/Solid_Logotype-copy11.png?w=699&amp;ssl=1 699w, https:\/\/i0.wp.com\/grifk-handball.com\/miehet\/wp-content\/uploads\/sites\/2\/2019\/09\/Solid_Logotype-copy11.png?resize=300%2C52&amp;ssl=1 300w\" sizes=\"(max-width: 300px) 100vw, 300px\" \/><\/div><\/div><\/div><br \/>\n\n<style type=\"text\/css\" data-created_by=\"avia_inline_auto\" id=\"style-css-av-vv20ww-9cbc2e03299c5c6062844f4517a0e09a\">\n#top .av-special-heading.av-vv20ww-9cbc2e03299c5c6062844f4517a0e09a{\nmargin:0px 0px 0px 0px;\npadding-bottom:10px;\n}\nbody .av-special-heading.av-vv20ww-9cbc2e03299c5c6062844f4517a0e09a .av-special-heading-tag .heading-char{\nfont-size:25px;\n}\n.av-special-heading.av-vv20ww-9cbc2e03299c5c6062844f4517a0e09a .av-subheading{\nfont-size:15px;\n}\n<\/style>\n<div  class='av-special-heading av-vv20ww-9cbc2e03299c5c6062844f4517a0e09a av-special-heading-h6 blockquote modern-quote modern-centered  avia-builder-el-11  el_after_av_image  avia-builder-el-last  av-linked-heading'><h6 class='av-special-heading-tag '  itemprop=\"headline\"  >Kaikki GrIFK:n ottelut Liven\u00e4 vain 9,90\u20ac\/kk!<\/h6><div class=\"special-heading-border\"><div class=\"special-heading-inner-border\"><\/div><\/div><\/div><\/p><\/div><\/div><!--close column table wrapper. Autoclose: 1 -->\n","protected":false},"excerpt":{"rendered":"<p>SM-liigan viikon ainoassa ottelussa kohtaavat GrIFK ja liigassa kolmantena oleva BK-46. Joukkueet kokoontuvat Kauniaisten Luolaan keskiviikkona kello 19:00.<\/p>\n","protected":false},"author":1,"featured_media":14448,"comment_status":"closed","ping_status":"closed","sticky":false,"template":"","format":"standard","meta":{"_acf_changed":false,"footnotes":""},"categories":[425],"tags":[12,26,385,251,18,449,25,38,41],"class_list":["post-14538","post","type-post","status-publish","format-standard","has-post-thumbnail","hentry","category-ennakot-2020-21","tag-bombom","tag-grifkhandball","tag-respect","tag-tunnetta-peliin","tag-bk-46","tag-covid-19","tag-grifk","tag-runkosarja","tag-sm-liiga"],"acf":[],"yoast_head":"<!-- This site is optimized with the Yoast SEO plugin v27.5 - https:\/\/yoast.com\/product\/yoast-seo-wordpress\/ -->\n<title>BK-46 Granin vieraaksi keskiviikkona &#8212; GrIFK K\u00e4sipallo - miehet<\/title>\n<meta name=\"robots\" content=\"index, follow, max-snippet:-1, max-image-preview:large, max-video-preview:-1\" \/>\n<link rel=\"canonical\" href=\"https:\/\/grifk-handball.com\/miehet\/kausi-2020-21\/ennakot-2020-21\/bk-46-granin-vieraaksi-keskiviikkona\/\" \/>\n<meta property=\"og:locale\" content=\"fi_FI\" \/>\n<meta property=\"og:type\" content=\"article\" \/>\n<meta property=\"og:title\" content=\"BK-46 Granin vieraaksi keskiviikkona &#8212; GrIFK K\u00e4sipallo - miehet\" \/>\n<meta property=\"og:description\" content=\"SM-liigan viikon ainoassa ottelussa kohtaavat GrIFK ja liigassa kolmantena oleva BK-46. Joukkueet kokoontuvat Kauniaisten Luolaan keskiviikkona kello 19:00.\" \/>\n<meta property=\"og:url\" content=\"https:\/\/grifk-handball.com\/miehet\/kausi-2020-21\/ennakot-2020-21\/bk-46-granin-vieraaksi-keskiviikkona\/\" \/>\n<meta property=\"og:site_name\" content=\"GrIFK K\u00e4sipallo - miehet\" \/>\n<meta property=\"article:publisher\" content=\"https:\/\/www.facebook.com\/GrIFKelit\/\" \/>\n<meta property=\"article:published_time\" content=\"2020-11-17T10:34:13+00:00\" \/>\n<meta property=\"og:image\" content=\"https:\/\/i0.wp.com\/grifk-handball.com\/miehet\/wp-content\/uploads\/sites\/2\/2020\/11\/IMG_2704.jpeg?fit=2048%2C1536&ssl=1\" \/>\n\t<meta property=\"og:image:width\" content=\"2048\" \/>\n\t<meta property=\"og:image:height\" content=\"1536\" \/>\n\t<meta property=\"og:image:type\" content=\"image\/jpeg\" \/>\n<meta name=\"author\" content=\"granimaster\" \/>\n<meta name=\"twitter:card\" content=\"summary_large_image\" \/>\n<meta name=\"twitter:creator\" content=\"@GrIFK_MSM\" \/>\n<meta name=\"twitter:site\" content=\"@GrIFK_MSM\" \/>\n<meta name=\"twitter:label1\" content=\"Kirjoittanut\" \/>\n\t<meta name=\"twitter:data1\" content=\"granimaster\" \/>\n\t<meta name=\"twitter:label2\" content=\"Arvioitu lukuaika\" \/>\n\t<meta name=\"twitter:data2\" content=\"8 minuuttia\" \/>\n<script type=\"application\/ld+json\" class=\"yoast-schema-graph\">{\"@context\":\"https:\\\/\\\/schema.org\",\"@graph\":[{\"@type\":\"Article\",\"@id\":\"https:\\\/\\\/grifk-handball.com\\\/miehet\\\/kausi-2020-21\\\/ennakot-2020-21\\\/bk-46-granin-vieraaksi-keskiviikkona\\\/#article\",\"isPartOf\":{\"@id\":\"https:\\\/\\\/grifk-handball.com\\\/miehet\\\/kausi-2020-21\\\/ennakot-2020-21\\\/bk-46-granin-vieraaksi-keskiviikkona\\\/\"},\"author\":{\"name\":\"granimaster\",\"@id\":\"https:\\\/\\\/grifk-handball.com\\\/miehet\\\/#\\\/schema\\\/person\\\/9da98c743e3f0f85a1b32f59241b48e0\"},\"headline\":\"BK-46 Granin vieraaksi keskiviikkona\",\"datePublished\":\"2020-11-17T10:34:13+00:00\",\"mainEntityOfPage\":{\"@id\":\"https:\\\/\\\/grifk-handball.com\\\/miehet\\\/kausi-2020-21\\\/ennakot-2020-21\\\/bk-46-granin-vieraaksi-keskiviikkona\\\/\"},\"wordCount\":1307,\"publisher\":{\"@id\":\"https:\\\/\\\/grifk-handball.com\\\/miehet\\\/#organization\"},\"image\":{\"@id\":\"https:\\\/\\\/grifk-handball.com\\\/miehet\\\/kausi-2020-21\\\/ennakot-2020-21\\\/bk-46-granin-vieraaksi-keskiviikkona\\\/#primaryimage\"},\"thumbnailUrl\":\"https:\\\/\\\/i0.wp.com\\\/grifk-handball.com\\\/miehet\\\/wp-content\\\/uploads\\\/sites\\\/2\\\/2020\\\/11\\\/IMG_2704.jpeg?fit=2048%2C1536&ssl=1\",\"keywords\":[\"#BomBom\",\"#GrIFKHandball\",\"#respect\",\"#Tunnetta peliin\",\"BK-46\",\"COVID-19\",\"GrIFK\",\"Runkosarja\",\"SM-liiga\"],\"articleSection\":[\"Ennakot 2020-21\"],\"inLanguage\":\"fi\"},{\"@type\":\"WebPage\",\"@id\":\"https:\\\/\\\/grifk-handball.com\\\/miehet\\\/kausi-2020-21\\\/ennakot-2020-21\\\/bk-46-granin-vieraaksi-keskiviikkona\\\/\",\"url\":\"https:\\\/\\\/grifk-handball.com\\\/miehet\\\/kausi-2020-21\\\/ennakot-2020-21\\\/bk-46-granin-vieraaksi-keskiviikkona\\\/\",\"name\":\"BK-46 Granin vieraaksi keskiviikkona &#8212; GrIFK K\u00e4sipallo - miehet\",\"isPartOf\":{\"@id\":\"https:\\\/\\\/grifk-handball.com\\\/miehet\\\/#website\"},\"primaryImageOfPage\":{\"@id\":\"https:\\\/\\\/grifk-handball.com\\\/miehet\\\/kausi-2020-21\\\/ennakot-2020-21\\\/bk-46-granin-vieraaksi-keskiviikkona\\\/#primaryimage\"},\"image\":{\"@id\":\"https:\\\/\\\/grifk-handball.com\\\/miehet\\\/kausi-2020-21\\\/ennakot-2020-21\\\/bk-46-granin-vieraaksi-keskiviikkona\\\/#primaryimage\"},\"thumbnailUrl\":\"https:\\\/\\\/i0.wp.com\\\/grifk-handball.com\\\/miehet\\\/wp-content\\\/uploads\\\/sites\\\/2\\\/2020\\\/11\\\/IMG_2704.jpeg?fit=2048%2C1536&ssl=1\",\"datePublished\":\"2020-11-17T10:34:13+00:00\",\"breadcrumb\":{\"@id\":\"https:\\\/\\\/grifk-handball.com\\\/miehet\\\/kausi-2020-21\\\/ennakot-2020-21\\\/bk-46-granin-vieraaksi-keskiviikkona\\\/#breadcrumb\"},\"inLanguage\":\"fi\",\"potentialAction\":[{\"@type\":\"ReadAction\",\"target\":[\"https:\\\/\\\/grifk-handball.com\\\/miehet\\\/kausi-2020-21\\\/ennakot-2020-21\\\/bk-46-granin-vieraaksi-keskiviikkona\\\/\"]}]},{\"@type\":\"ImageObject\",\"inLanguage\":\"fi\",\"@id\":\"https:\\\/\\\/grifk-handball.com\\\/miehet\\\/kausi-2020-21\\\/ennakot-2020-21\\\/bk-46-granin-vieraaksi-keskiviikkona\\\/#primaryimage\",\"url\":\"https:\\\/\\\/i0.wp.com\\\/grifk-handball.com\\\/miehet\\\/wp-content\\\/uploads\\\/sites\\\/2\\\/2020\\\/11\\\/IMG_2704.jpeg?fit=2048%2C1536&ssl=1\",\"contentUrl\":\"https:\\\/\\\/i0.wp.com\\\/grifk-handball.com\\\/miehet\\\/wp-content\\\/uploads\\\/sites\\\/2\\\/2020\\\/11\\\/IMG_2704.jpeg?fit=2048%2C1536&ssl=1\",\"width\":2048,\"height\":1536},{\"@type\":\"BreadcrumbList\",\"@id\":\"https:\\\/\\\/grifk-handball.com\\\/miehet\\\/kausi-2020-21\\\/ennakot-2020-21\\\/bk-46-granin-vieraaksi-keskiviikkona\\\/#breadcrumb\",\"itemListElement\":[{\"@type\":\"ListItem\",\"position\":1,\"name\":\"Home\",\"item\":\"https:\\\/\\\/grifk-handball.com\\\/miehet\\\/etusivu-260109\\\/\"},{\"@type\":\"ListItem\",\"position\":2,\"name\":\"BK-46 Granin vieraaksi keskiviikkona\"}]},{\"@type\":\"WebSite\",\"@id\":\"https:\\\/\\\/grifk-handball.com\\\/miehet\\\/#website\",\"url\":\"https:\\\/\\\/grifk-handball.com\\\/miehet\\\/\",\"name\":\"GrIFK K\u00e4sipallo - miehet\",\"description\":\"BomBom!\",\"publisher\":{\"@id\":\"https:\\\/\\\/grifk-handball.com\\\/miehet\\\/#organization\"},\"potentialAction\":[{\"@type\":\"SearchAction\",\"target\":{\"@type\":\"EntryPoint\",\"urlTemplate\":\"https:\\\/\\\/grifk-handball.com\\\/miehet\\\/?s={search_term_string}\"},\"query-input\":{\"@type\":\"PropertyValueSpecification\",\"valueRequired\":true,\"valueName\":\"search_term_string\"}}],\"inLanguage\":\"fi\"},{\"@type\":\"Organization\",\"@id\":\"https:\\\/\\\/grifk-handball.com\\\/miehet\\\/#organization\",\"name\":\"GrIFK K\u00e4sipallo - miehet\",\"url\":\"https:\\\/\\\/grifk-handball.com\\\/miehet\\\/\",\"logo\":{\"@type\":\"ImageObject\",\"inLanguage\":\"fi\",\"@id\":\"https:\\\/\\\/grifk-handball.com\\\/miehet\\\/#\\\/schema\\\/logo\\\/image\\\/\",\"url\":\"https:\\\/\\\/i0.wp.com\\\/grifk-handball.com\\\/miehet\\\/wp-content\\\/uploads\\\/sites\\\/2\\\/2016\\\/10\\\/logo-grifk-iso.png?fit=1200%2C1400&ssl=1\",\"contentUrl\":\"https:\\\/\\\/i0.wp.com\\\/grifk-handball.com\\\/miehet\\\/wp-content\\\/uploads\\\/sites\\\/2\\\/2016\\\/10\\\/logo-grifk-iso.png?fit=1200%2C1400&ssl=1\",\"width\":1200,\"height\":1400,\"caption\":\"GrIFK K\u00e4sipallo - miehet\"},\"image\":{\"@id\":\"https:\\\/\\\/grifk-handball.com\\\/miehet\\\/#\\\/schema\\\/logo\\\/image\\\/\"},\"sameAs\":[\"https:\\\/\\\/www.facebook.com\\\/GrIFKelit\\\/\",\"https:\\\/\\\/x.com\\\/GrIFK_MSM\",\"https:\\\/\\\/www.instagram.com\\\/grifk_elit\\\/\"]},{\"@type\":\"Person\",\"@id\":\"https:\\\/\\\/grifk-handball.com\\\/miehet\\\/#\\\/schema\\\/person\\\/9da98c743e3f0f85a1b32f59241b48e0\",\"name\":\"granimaster\",\"image\":{\"@type\":\"ImageObject\",\"inLanguage\":\"fi\",\"@id\":\"https:\\\/\\\/secure.gravatar.com\\\/avatar\\\/034b8e6380fc659c320f13e17fe45bd9ab48a21e2debadd5f3179bde291949df?s=96&d=mm&r=g\",\"url\":\"https:\\\/\\\/secure.gravatar.com\\\/avatar\\\/034b8e6380fc659c320f13e17fe45bd9ab48a21e2debadd5f3179bde291949df?s=96&d=mm&r=g\",\"contentUrl\":\"https:\\\/\\\/secure.gravatar.com\\\/avatar\\\/034b8e6380fc659c320f13e17fe45bd9ab48a21e2debadd5f3179bde291949df?s=96&d=mm&r=g\",\"caption\":\"granimaster\"},\"url\":\"https:\\\/\\\/grifk-handball.com\\\/miehet\\\/author\\\/granimaster\\\/\"}]}<\/script>\n<!-- \/ Yoast SEO plugin. -->","yoast_head_json":{"title":"BK-46 Granin vieraaksi keskiviikkona &#8212; GrIFK K\u00e4sipallo - miehet","robots":{"index":"index","follow":"follow","max-snippet":"max-snippet:-1","max-image-preview":"max-image-preview:large","max-video-preview":"max-video-preview:-1"},"canonical":"https:\/\/grifk-handball.com\/miehet\/kausi-2020-21\/ennakot-2020-21\/bk-46-granin-vieraaksi-keskiviikkona\/","og_locale":"fi_FI","og_type":"article","og_title":"BK-46 Granin vieraaksi keskiviikkona &#8212; GrIFK K\u00e4sipallo - miehet","og_description":"SM-liigan viikon ainoassa ottelussa kohtaavat GrIFK ja liigassa kolmantena oleva BK-46. Joukkueet kokoontuvat Kauniaisten Luolaan keskiviikkona kello 19:00.","og_url":"https:\/\/grifk-handball.com\/miehet\/kausi-2020-21\/ennakot-2020-21\/bk-46-granin-vieraaksi-keskiviikkona\/","og_site_name":"GrIFK K\u00e4sipallo - miehet","article_publisher":"https:\/\/www.facebook.com\/GrIFKelit\/","article_published_time":"2020-11-17T10:34:13+00:00","og_image":[{"width":2048,"height":1536,"url":"https:\/\/i0.wp.com\/grifk-handball.com\/miehet\/wp-content\/uploads\/sites\/2\/2020\/11\/IMG_2704.jpeg?fit=2048%2C1536&ssl=1","type":"image\/jpeg"}],"author":"granimaster","twitter_card":"summary_large_image","twitter_creator":"@GrIFK_MSM","twitter_site":"@GrIFK_MSM","twitter_misc":{"Kirjoittanut":"granimaster","Arvioitu lukuaika":"8 minuuttia"},"schema":{"@context":"https:\/\/schema.org","@graph":[{"@type":"Article","@id":"https:\/\/grifk-handball.com\/miehet\/kausi-2020-21\/ennakot-2020-21\/bk-46-granin-vieraaksi-keskiviikkona\/#article","isPartOf":{"@id":"https:\/\/grifk-handball.com\/miehet\/kausi-2020-21\/ennakot-2020-21\/bk-46-granin-vieraaksi-keskiviikkona\/"},"author":{"name":"granimaster","@id":"https:\/\/grifk-handball.com\/miehet\/#\/schema\/person\/9da98c743e3f0f85a1b32f59241b48e0"},"headline":"BK-46 Granin vieraaksi keskiviikkona","datePublished":"2020-11-17T10:34:13+00:00","mainEntityOfPage":{"@id":"https:\/\/grifk-handball.com\/miehet\/kausi-2020-21\/ennakot-2020-21\/bk-46-granin-vieraaksi-keskiviikkona\/"},"wordCount":1307,"publisher":{"@id":"https:\/\/grifk-handball.com\/miehet\/#organization"},"image":{"@id":"https:\/\/grifk-handball.com\/miehet\/kausi-2020-21\/ennakot-2020-21\/bk-46-granin-vieraaksi-keskiviikkona\/#primaryimage"},"thumbnailUrl":"https:\/\/i0.wp.com\/grifk-handball.com\/miehet\/wp-content\/uploads\/sites\/2\/2020\/11\/IMG_2704.jpeg?fit=2048%2C1536&ssl=1","keywords":["#BomBom","#GrIFKHandball","#respect","#Tunnetta peliin","BK-46","COVID-19","GrIFK","Runkosarja","SM-liiga"],"articleSection":["Ennakot 2020-21"],"inLanguage":"fi"},{"@type":"WebPage","@id":"https:\/\/grifk-handball.com\/miehet\/kausi-2020-21\/ennakot-2020-21\/bk-46-granin-vieraaksi-keskiviikkona\/","url":"https:\/\/grifk-handball.com\/miehet\/kausi-2020-21\/ennakot-2020-21\/bk-46-granin-vieraaksi-keskiviikkona\/","name":"BK-46 Granin vieraaksi keskiviikkona &#8212; GrIFK K\u00e4sipallo - miehet","isPartOf":{"@id":"https:\/\/grifk-handball.com\/miehet\/#website"},"primaryImageOfPage":{"@id":"https:\/\/grifk-handball.com\/miehet\/kausi-2020-21\/ennakot-2020-21\/bk-46-granin-vieraaksi-keskiviikkona\/#primaryimage"},"image":{"@id":"https:\/\/grifk-handball.com\/miehet\/kausi-2020-21\/ennakot-2020-21\/bk-46-granin-vieraaksi-keskiviikkona\/#primaryimage"},"thumbnailUrl":"https:\/\/i0.wp.com\/grifk-handball.com\/miehet\/wp-content\/uploads\/sites\/2\/2020\/11\/IMG_2704.jpeg?fit=2048%2C1536&ssl=1","datePublished":"2020-11-17T10:34:13+00:00","breadcrumb":{"@id":"https:\/\/grifk-handball.com\/miehet\/kausi-2020-21\/ennakot-2020-21\/bk-46-granin-vieraaksi-keskiviikkona\/#breadcrumb"},"inLanguage":"fi","potentialAction":[{"@type":"ReadAction","target":["https:\/\/grifk-handball.com\/miehet\/kausi-2020-21\/ennakot-2020-21\/bk-46-granin-vieraaksi-keskiviikkona\/"]}]},{"@type":"ImageObject","inLanguage":"fi","@id":"https:\/\/grifk-handball.com\/miehet\/kausi-2020-21\/ennakot-2020-21\/bk-46-granin-vieraaksi-keskiviikkona\/#primaryimage","url":"https:\/\/i0.wp.com\/grifk-handball.com\/miehet\/wp-content\/uploads\/sites\/2\/2020\/11\/IMG_2704.jpeg?fit=2048%2C1536&ssl=1","contentUrl":"https:\/\/i0.wp.com\/grifk-handball.com\/miehet\/wp-content\/uploads\/sites\/2\/2020\/11\/IMG_2704.jpeg?fit=2048%2C1536&ssl=1","width":2048,"height":1536},{"@type":"BreadcrumbList","@id":"https:\/\/grifk-handball.com\/miehet\/kausi-2020-21\/ennakot-2020-21\/bk-46-granin-vieraaksi-keskiviikkona\/#breadcrumb","itemListElement":[{"@type":"ListItem","position":1,"name":"Home","item":"https:\/\/grifk-handball.com\/miehet\/etusivu-260109\/"},{"@type":"ListItem","position":2,"name":"BK-46 Granin vieraaksi keskiviikkona"}]},{"@type":"WebSite","@id":"https:\/\/grifk-handball.com\/miehet\/#website","url":"https:\/\/grifk-handball.com\/miehet\/","name":"GrIFK K\u00e4sipallo - miehet","description":"BomBom!","publisher":{"@id":"https:\/\/grifk-handball.com\/miehet\/#organization"},"potentialAction":[{"@type":"SearchAction","target":{"@type":"EntryPoint","urlTemplate":"https:\/\/grifk-handball.com\/miehet\/?s={search_term_string}"},"query-input":{"@type":"PropertyValueSpecification","valueRequired":true,"valueName":"search_term_string"}}],"inLanguage":"fi"},{"@type":"Organization","@id":"https:\/\/grifk-handball.com\/miehet\/#organization","name":"GrIFK K\u00e4sipallo - miehet","url":"https:\/\/grifk-handball.com\/miehet\/","logo":{"@type":"ImageObject","inLanguage":"fi","@id":"https:\/\/grifk-handball.com\/miehet\/#\/schema\/logo\/image\/","url":"https:\/\/i0.wp.com\/grifk-handball.com\/miehet\/wp-content\/uploads\/sites\/2\/2016\/10\/logo-grifk-iso.png?fit=1200%2C1400&ssl=1","contentUrl":"https:\/\/i0.wp.com\/grifk-handball.com\/miehet\/wp-content\/uploads\/sites\/2\/2016\/10\/logo-grifk-iso.png?fit=1200%2C1400&ssl=1","width":1200,"height":1400,"caption":"GrIFK K\u00e4sipallo - miehet"},"image":{"@id":"https:\/\/grifk-handball.com\/miehet\/#\/schema\/logo\/image\/"},"sameAs":["https:\/\/www.facebook.com\/GrIFKelit\/","https:\/\/x.com\/GrIFK_MSM","https:\/\/www.instagram.com\/grifk_elit\/"]},{"@type":"Person","@id":"https:\/\/grifk-handball.com\/miehet\/#\/schema\/person\/9da98c743e3f0f85a1b32f59241b48e0","name":"granimaster","image":{"@type":"ImageObject","inLanguage":"fi","@id":"https:\/\/secure.gravatar.com\/avatar\/034b8e6380fc659c320f13e17fe45bd9ab48a21e2debadd5f3179bde291949df?s=96&d=mm&r=g","url":"https:\/\/secure.gravatar.com\/avatar\/034b8e6380fc659c320f13e17fe45bd9ab48a21e2debadd5f3179bde291949df?s=96&d=mm&r=g","contentUrl":"https:\/\/secure.gravatar.com\/avatar\/034b8e6380fc659c320f13e17fe45bd9ab48a21e2debadd5f3179bde291949df?s=96&d=mm&r=g","caption":"granimaster"},"url":"https:\/\/grifk-handball.com\/miehet\/author\/granimaster\/"}]}},"jetpack_featured_media_url":"https:\/\/i0.wp.com\/grifk-handball.com\/miehet\/wp-content\/uploads\/sites\/2\/2020\/11\/IMG_2704.jpeg?fit=2048%2C1536&ssl=1","jetpack_shortlink":"https:\/\/wp.me\/p9jQ9a-3Mu","_links":{"self":[{"href":"https:\/\/grifk-handball.com\/miehet\/wp-json\/wp\/v2\/posts\/14538","targetHints":{"allow":["GET"]}}],"collection":[{"href":"https:\/\/grifk-handball.com\/miehet\/wp-json\/wp\/v2\/posts"}],"about":[{"href":"https:\/\/grifk-handball.com\/miehet\/wp-json\/wp\/v2\/types\/post"}],"author":[{"embeddable":true,"href":"https:\/\/grifk-handball.com\/miehet\/wp-json\/wp\/v2\/users\/1"}],"replies":[{"embeddable":true,"href":"https:\/\/grifk-handball.com\/miehet\/wp-json\/wp\/v2\/comments?post=14538"}],"version-history":[{"count":3,"href":"https:\/\/grifk-handball.com\/miehet\/wp-json\/wp\/v2\/posts\/14538\/revisions"}],"predecessor-version":[{"id":14541,"href":"https:\/\/grifk-handball.com\/miehet\/wp-json\/wp\/v2\/posts\/14538\/revisions\/14541"}],"wp:featuredmedia":[{"embeddable":true,"href":"https:\/\/grifk-handball.com\/miehet\/wp-json\/wp\/v2\/media\/14448"}],"wp:attachment":[{"href":"https:\/\/grifk-handball.com\/miehet\/wp-json\/wp\/v2\/media?parent=14538"}],"wp:term":[{"taxonomy":"category","embeddable":true,"href":"https:\/\/grifk-handball.com\/miehet\/wp-json\/wp\/v2\/categories?post=14538"},{"taxonomy":"post_tag","embeddable":true,"href":"https:\/\/grifk-handball.com\/miehet\/wp-json\/wp\/v2\/tags?post=14538"}],"curies":[{"name":"wp","href":"https:\/\/api.w.org\/{rel}","templated":true}]}}