{"id":15058,"date":"2021-03-01T16:45:32","date_gmt":"2021-03-01T14:45:32","guid":{"rendered":"https:\/\/grifk-handball.com\/miehet\/?p=15058"},"modified":"2022-11-25T12:44:21","modified_gmt":"2022-11-25T10:44:21","slug":"pakarinen-sm-liigan-helmikuun-tahtipelaaja","status":"publish","type":"post","link":"https:\/\/grifk-handball.com\/miehet\/uutiset\/pakarinen-sm-liigan-helmikuun-tahtipelaaja\/","title":{"rendered":"Pakarinen SM-liigan helmikuun t\u00e4htipelaaja"},"content":{"rendered":"<section  class='av_textblock_section av-klz1dq2h-b3c2e345a73087c0f8012ac7cf6161ef '   itemscope=\"itemscope\" itemtype=\"https:\/\/schema.org\/BlogPosting\" itemprop=\"blogPost\" ><div class='avia_textblock'  itemprop=\"text\" ><p><img data-recalc-dims=\"1\" loading=\"lazy\" decoding=\"async\" class=\"size-medium wp-image-14098 alignright\" src=\"https:\/\/i0.wp.com\/grifk-handball.com\/miehet\/wp-content\/uploads\/sites\/2\/2020\/09\/20200909-183222-GrIFK-Miehet-0232-e1615114066507-230x300.jpg?resize=230%2C300&#038;ssl=1\" alt=\"\" width=\"230\" height=\"300\" srcset=\"https:\/\/i0.wp.com\/grifk-handball.com\/miehet\/wp-content\/uploads\/sites\/2\/2020\/09\/20200909-183222-GrIFK-Miehet-0232-e1615114066507.jpg?resize=230%2C300&amp;ssl=1 230w, https:\/\/i0.wp.com\/grifk-handball.com\/miehet\/wp-content\/uploads\/sites\/2\/2020\/09\/20200909-183222-GrIFK-Miehet-0232-e1615114066507.jpg?resize=790%2C1030&amp;ssl=1 790w, https:\/\/i0.wp.com\/grifk-handball.com\/miehet\/wp-content\/uploads\/sites\/2\/2020\/09\/20200909-183222-GrIFK-Miehet-0232-e1615114066507.jpg?resize=768%2C1002&amp;ssl=1 768w, https:\/\/i0.wp.com\/grifk-handball.com\/miehet\/wp-content\/uploads\/sites\/2\/2020\/09\/20200909-183222-GrIFK-Miehet-0232-e1615114066507.jpg?resize=540%2C705&amp;ssl=1 540w, https:\/\/i0.wp.com\/grifk-handball.com\/miehet\/wp-content\/uploads\/sites\/2\/2020\/09\/20200909-183222-GrIFK-Miehet-0232-e1615114066507.jpg?w=1008&amp;ssl=1 1008w\" sizes=\"auto, (max-width: 230px) 100vw, 230px\" \/>GrIFK:n Atte Pakarinen valittiin SM-liigan helmikuun L\u00e4hitapiola-t\u00e4htipelaajaksi. T\u00e4htipelaajapalkinto my\u00f6nnet\u00e4\u00e4n kuukauden aikana eniten L\u00e4hitapiolan-t\u00e4hti\u00e4 ker\u00e4nneelle pelaajalle. Pakarinen ker\u00e4si helmikuun aikana pelaamissaan viidess\u00e4 ottelussa kahdeksan t\u00e4hte\u00e4.<!--more--><\/p>\n<p>Titteli on Pakarisen uralla toinen, ja GrIFK:n pelaajistolle kaikkiaan kolmas. Edellisen kerran Pakarinen valittiin t\u00e4htipelaajaksi tammikuussa 2017, Alexander Qvist sai palkinnon tammikuussa 2020.<\/p>\n<p>GrIFK:n edelt\u00e4j\u00e4n HC Westin aikana t\u00e4htipelaajapalkintoja pokkasi Kauniaisiin Sten Toomla, Richard Sundberg, Thomas Lindstr\u00f6m, Patrik Roslander, Benny Broman, Tapio Tierala, Tomi Kurppa, Rasmus Wahl, Christian Segersven ja Joel Sj\u00f6lund.<\/p>\n<p>Kaikki t\u00e4htipelaaja-valinnat l\u00f6ytyv\u00e4t <a href=\"http:\/\/msm.finnhandball.net\/historia\/kuukauden-tahtipelaajat-kautta-aikojen\/\">t\u00e4\u00e4lt\u00e4<\/a>.<\/p>\n<\/div><\/section>\n","protected":false},"excerpt":{"rendered":"<p>GrIFK:n Atte Pakarinen valittiin SM-liigan helmikuun L\u00e4hitapiola-t\u00e4htipelaajaksi. T\u00e4htipelaajapalkinto my\u00f6nnet\u00e4\u00e4n kuukauden aikana eniten L\u00e4hitapiolan-t\u00e4hti\u00e4 ker\u00e4nneelle pelaajalle. Pakarinen ker\u00e4si helmikuun aikana pelaamissaan viidess\u00e4 ottelussa kahdeksan t\u00e4hte\u00e4.<\/p>\n","protected":false},"author":1,"featured_media":14167,"comment_status":"closed","ping_status":"open","sticky":false,"template":"","format":"standard","meta":{"_acf_changed":false,"footnotes":""},"categories":[7],"tags":[12,16,345,25,41,501],"class_list":["post-15058","post","type-post","status-publish","format-standard","has-post-thumbnail","hentry","category-uutiset","tag-bombom","tag-alempi-jatkosarja","tag-atte-pakarinen","tag-grifk","tag-sm-liiga","tag-tahtipelaaja"],"acf":[],"yoast_head":"<!-- This site is optimized with the Yoast SEO plugin v27.5 - https:\/\/yoast.com\/product\/yoast-seo-wordpress\/ -->\n<title>Pakarinen SM-liigan helmikuun t\u00e4htipelaaja &#8212; GrIFK K\u00e4sipallo - miehet<\/title>\n<meta name=\"description\" content=\"Pakarinen onnistui tammikuun aikana ker\u00e4\u00e4m\u00e4\u00e4n kuusi t\u00e4hte\u00e4 joista molemmat olivat kolmen t\u00e4hden suorituksia. Kolmen t\u00e4hden valinnat tulivat per\u00e4tt\u00e4isiss\u00e4 otteluissa Dynamo Riihim\u00e4ke\u00e4 ja Dickeni\u00e4 vastaan.\" \/>\n<meta name=\"robots\" content=\"index, follow, max-snippet:-1, max-image-preview:large, max-video-preview:-1\" \/>\n<link rel=\"canonical\" href=\"https:\/\/grifk-handball.com\/miehet\/uutiset\/pakarinen-sm-liigan-helmikuun-tahtipelaaja\/\" \/>\n<meta property=\"og:locale\" content=\"fi_FI\" \/>\n<meta property=\"og:type\" content=\"article\" \/>\n<meta property=\"og:title\" content=\"Pakarinen SM-liigan helmikuun t\u00e4htipelaaja &#8212; GrIFK K\u00e4sipallo - miehet\" \/>\n<meta property=\"og:description\" content=\"Pakarinen onnistui tammikuun aikana ker\u00e4\u00e4m\u00e4\u00e4n kuusi t\u00e4hte\u00e4 joista molemmat olivat kolmen t\u00e4hden suorituksia. Kolmen t\u00e4hden valinnat tulivat per\u00e4tt\u00e4isiss\u00e4 otteluissa Dynamo Riihim\u00e4ke\u00e4 ja Dickeni\u00e4 vastaan.\" \/>\n<meta property=\"og:url\" content=\"https:\/\/grifk-handball.com\/miehet\/uutiset\/pakarinen-sm-liigan-helmikuun-tahtipelaaja\/\" \/>\n<meta property=\"og:site_name\" content=\"GrIFK K\u00e4sipallo - miehet\" \/>\n<meta property=\"article:publisher\" content=\"https:\/\/www.facebook.com\/GrIFKelit\/\" \/>\n<meta property=\"article:published_time\" content=\"2021-03-01T14:45:32+00:00\" \/>\n<meta property=\"article:modified_time\" content=\"2022-11-25T10:44:21+00:00\" \/>\n<meta property=\"og:image\" content=\"https:\/\/grifk-handball.com\/miehet\/wp-content\/uploads\/sites\/2\/2020\/09\/DSC01200-1030x580.jpg\" \/>\n\t<meta property=\"og:image:width\" content=\"1030\" \/>\n\t<meta property=\"og:image:height\" content=\"580\" \/>\n\t<meta property=\"og:image:type\" content=\"image\/jpeg\" \/>\n<meta name=\"author\" content=\"granimaster\" \/>\n<meta name=\"twitter:card\" content=\"summary_large_image\" \/>\n<meta name=\"twitter:creator\" content=\"@GrIFK_MSM\" \/>\n<meta name=\"twitter:site\" content=\"@GrIFK_MSM\" \/>\n<meta name=\"twitter:label1\" content=\"Kirjoittanut\" \/>\n\t<meta name=\"twitter:data1\" content=\"granimaster\" \/>\n\t<meta name=\"twitter:label2\" content=\"Arvioitu lukuaika\" \/>\n\t<meta name=\"twitter:data2\" content=\"1 minuutti\" \/>\n<script type=\"application\/ld+json\" class=\"yoast-schema-graph\">{\"@context\":\"https:\\\/\\\/schema.org\",\"@graph\":[{\"@type\":\"Article\",\"@id\":\"https:\\\/\\\/grifk-handball.com\\\/miehet\\\/uutiset\\\/pakarinen-sm-liigan-helmikuun-tahtipelaaja\\\/#article\",\"isPartOf\":{\"@id\":\"https:\\\/\\\/grifk-handball.com\\\/miehet\\\/uutiset\\\/pakarinen-sm-liigan-helmikuun-tahtipelaaja\\\/\"},\"author\":{\"name\":\"granimaster\",\"@id\":\"https:\\\/\\\/grifk-handball.com\\\/miehet\\\/#\\\/schema\\\/person\\\/9da98c743e3f0f85a1b32f59241b48e0\"},\"headline\":\"Pakarinen SM-liigan helmikuun t\u00e4htipelaaja\",\"datePublished\":\"2021-03-01T14:45:32+00:00\",\"dateModified\":\"2022-11-25T10:44:21+00:00\",\"mainEntityOfPage\":{\"@id\":\"https:\\\/\\\/grifk-handball.com\\\/miehet\\\/uutiset\\\/pakarinen-sm-liigan-helmikuun-tahtipelaaja\\\/\"},\"wordCount\":132,\"publisher\":{\"@id\":\"https:\\\/\\\/grifk-handball.com\\\/miehet\\\/#organization\"},\"image\":{\"@id\":\"https:\\\/\\\/grifk-handball.com\\\/miehet\\\/uutiset\\\/pakarinen-sm-liigan-helmikuun-tahtipelaaja\\\/#primaryimage\"},\"thumbnailUrl\":\"https:\\\/\\\/i0.wp.com\\\/grifk-handball.com\\\/miehet\\\/wp-content\\\/uploads\\\/sites\\\/2\\\/2020\\\/09\\\/DSC01200-scaled.jpg?fit=2560%2C1440&ssl=1\",\"keywords\":[\"#BomBom\",\"Alempi jatkosarja\",\"Atte Pakarinen\",\"GrIFK\",\"SM-liiga\",\"T\u00e4htipelaaja\"],\"articleSection\":[\"Uutiset\"],\"inLanguage\":\"fi\"},{\"@type\":\"WebPage\",\"@id\":\"https:\\\/\\\/grifk-handball.com\\\/miehet\\\/uutiset\\\/pakarinen-sm-liigan-helmikuun-tahtipelaaja\\\/\",\"url\":\"https:\\\/\\\/grifk-handball.com\\\/miehet\\\/uutiset\\\/pakarinen-sm-liigan-helmikuun-tahtipelaaja\\\/\",\"name\":\"Pakarinen SM-liigan helmikuun t\u00e4htipelaaja &#8212; GrIFK K\u00e4sipallo - miehet\",\"isPartOf\":{\"@id\":\"https:\\\/\\\/grifk-handball.com\\\/miehet\\\/#website\"},\"primaryImageOfPage\":{\"@id\":\"https:\\\/\\\/grifk-handball.com\\\/miehet\\\/uutiset\\\/pakarinen-sm-liigan-helmikuun-tahtipelaaja\\\/#primaryimage\"},\"image\":{\"@id\":\"https:\\\/\\\/grifk-handball.com\\\/miehet\\\/uutiset\\\/pakarinen-sm-liigan-helmikuun-tahtipelaaja\\\/#primaryimage\"},\"thumbnailUrl\":\"https:\\\/\\\/i0.wp.com\\\/grifk-handball.com\\\/miehet\\\/wp-content\\\/uploads\\\/sites\\\/2\\\/2020\\\/09\\\/DSC01200-scaled.jpg?fit=2560%2C1440&ssl=1\",\"datePublished\":\"2021-03-01T14:45:32+00:00\",\"dateModified\":\"2022-11-25T10:44:21+00:00\",\"description\":\"Pakarinen onnistui tammikuun aikana ker\u00e4\u00e4m\u00e4\u00e4n kuusi t\u00e4hte\u00e4 joista molemmat olivat kolmen t\u00e4hden suorituksia. Kolmen t\u00e4hden valinnat tulivat per\u00e4tt\u00e4isiss\u00e4 otteluissa Dynamo Riihim\u00e4ke\u00e4 ja Dickeni\u00e4 vastaan.\",\"breadcrumb\":{\"@id\":\"https:\\\/\\\/grifk-handball.com\\\/miehet\\\/uutiset\\\/pakarinen-sm-liigan-helmikuun-tahtipelaaja\\\/#breadcrumb\"},\"inLanguage\":\"fi\",\"potentialAction\":[{\"@type\":\"ReadAction\",\"target\":[\"https:\\\/\\\/grifk-handball.com\\\/miehet\\\/uutiset\\\/pakarinen-sm-liigan-helmikuun-tahtipelaaja\\\/\"]}]},{\"@type\":\"ImageObject\",\"inLanguage\":\"fi\",\"@id\":\"https:\\\/\\\/grifk-handball.com\\\/miehet\\\/uutiset\\\/pakarinen-sm-liigan-helmikuun-tahtipelaaja\\\/#primaryimage\",\"url\":\"https:\\\/\\\/i0.wp.com\\\/grifk-handball.com\\\/miehet\\\/wp-content\\\/uploads\\\/sites\\\/2\\\/2020\\\/09\\\/DSC01200-scaled.jpg?fit=2560%2C1440&ssl=1\",\"contentUrl\":\"https:\\\/\\\/i0.wp.com\\\/grifk-handball.com\\\/miehet\\\/wp-content\\\/uploads\\\/sites\\\/2\\\/2020\\\/09\\\/DSC01200-scaled.jpg?fit=2560%2C1440&ssl=1\",\"width\":2560,\"height\":1440},{\"@type\":\"BreadcrumbList\",\"@id\":\"https:\\\/\\\/grifk-handball.com\\\/miehet\\\/uutiset\\\/pakarinen-sm-liigan-helmikuun-tahtipelaaja\\\/#breadcrumb\",\"itemListElement\":[{\"@type\":\"ListItem\",\"position\":1,\"name\":\"Home\",\"item\":\"https:\\\/\\\/grifk-handball.com\\\/miehet\\\/etusivu-260109\\\/\"},{\"@type\":\"ListItem\",\"position\":2,\"name\":\"Pakarinen SM-liigan helmikuun t\u00e4htipelaaja\"}]},{\"@type\":\"WebSite\",\"@id\":\"https:\\\/\\\/grifk-handball.com\\\/miehet\\\/#website\",\"url\":\"https:\\\/\\\/grifk-handball.com\\\/miehet\\\/\",\"name\":\"GrIFK K\u00e4sipallo - miehet\",\"description\":\"BomBom!\",\"publisher\":{\"@id\":\"https:\\\/\\\/grifk-handball.com\\\/miehet\\\/#organization\"},\"potentialAction\":[{\"@type\":\"SearchAction\",\"target\":{\"@type\":\"EntryPoint\",\"urlTemplate\":\"https:\\\/\\\/grifk-handball.com\\\/miehet\\\/?s={search_term_string}\"},\"query-input\":{\"@type\":\"PropertyValueSpecification\",\"valueRequired\":true,\"valueName\":\"search_term_string\"}}],\"inLanguage\":\"fi\"},{\"@type\":\"Organization\",\"@id\":\"https:\\\/\\\/grifk-handball.com\\\/miehet\\\/#organization\",\"name\":\"GrIFK K\u00e4sipallo - miehet\",\"url\":\"https:\\\/\\\/grifk-handball.com\\\/miehet\\\/\",\"logo\":{\"@type\":\"ImageObject\",\"inLanguage\":\"fi\",\"@id\":\"https:\\\/\\\/grifk-handball.com\\\/miehet\\\/#\\\/schema\\\/logo\\\/image\\\/\",\"url\":\"https:\\\/\\\/i0.wp.com\\\/grifk-handball.com\\\/miehet\\\/wp-content\\\/uploads\\\/sites\\\/2\\\/2016\\\/10\\\/logo-grifk-iso.png?fit=1200%2C1400&ssl=1\",\"contentUrl\":\"https:\\\/\\\/i0.wp.com\\\/grifk-handball.com\\\/miehet\\\/wp-content\\\/uploads\\\/sites\\\/2\\\/2016\\\/10\\\/logo-grifk-iso.png?fit=1200%2C1400&ssl=1\",\"width\":1200,\"height\":1400,\"caption\":\"GrIFK K\u00e4sipallo - miehet\"},\"image\":{\"@id\":\"https:\\\/\\\/grifk-handball.com\\\/miehet\\\/#\\\/schema\\\/logo\\\/image\\\/\"},\"sameAs\":[\"https:\\\/\\\/www.facebook.com\\\/GrIFKelit\\\/\",\"https:\\\/\\\/x.com\\\/GrIFK_MSM\",\"https:\\\/\\\/www.instagram.com\\\/grifk_elit\\\/\"]},{\"@type\":\"Person\",\"@id\":\"https:\\\/\\\/grifk-handball.com\\\/miehet\\\/#\\\/schema\\\/person\\\/9da98c743e3f0f85a1b32f59241b48e0\",\"name\":\"granimaster\",\"image\":{\"@type\":\"ImageObject\",\"inLanguage\":\"fi\",\"@id\":\"https:\\\/\\\/secure.gravatar.com\\\/avatar\\\/034b8e6380fc659c320f13e17fe45bd9ab48a21e2debadd5f3179bde291949df?s=96&d=mm&r=g\",\"url\":\"https:\\\/\\\/secure.gravatar.com\\\/avatar\\\/034b8e6380fc659c320f13e17fe45bd9ab48a21e2debadd5f3179bde291949df?s=96&d=mm&r=g\",\"contentUrl\":\"https:\\\/\\\/secure.gravatar.com\\\/avatar\\\/034b8e6380fc659c320f13e17fe45bd9ab48a21e2debadd5f3179bde291949df?s=96&d=mm&r=g\",\"caption\":\"granimaster\"},\"url\":\"https:\\\/\\\/grifk-handball.com\\\/miehet\\\/author\\\/granimaster\\\/\"}]}<\/script>\n<!-- \/ Yoast SEO plugin. -->","yoast_head_json":{"title":"Pakarinen SM-liigan helmikuun t\u00e4htipelaaja &#8212; GrIFK K\u00e4sipallo - miehet","description":"Pakarinen onnistui tammikuun aikana ker\u00e4\u00e4m\u00e4\u00e4n kuusi t\u00e4hte\u00e4 joista molemmat olivat kolmen t\u00e4hden suorituksia. Kolmen t\u00e4hden valinnat tulivat per\u00e4tt\u00e4isiss\u00e4 otteluissa Dynamo Riihim\u00e4ke\u00e4 ja Dickeni\u00e4 vastaan.","robots":{"index":"index","follow":"follow","max-snippet":"max-snippet:-1","max-image-preview":"max-image-preview:large","max-video-preview":"max-video-preview:-1"},"canonical":"https:\/\/grifk-handball.com\/miehet\/uutiset\/pakarinen-sm-liigan-helmikuun-tahtipelaaja\/","og_locale":"fi_FI","og_type":"article","og_title":"Pakarinen SM-liigan helmikuun t\u00e4htipelaaja &#8212; GrIFK K\u00e4sipallo - miehet","og_description":"Pakarinen onnistui tammikuun aikana ker\u00e4\u00e4m\u00e4\u00e4n kuusi t\u00e4hte\u00e4 joista molemmat olivat kolmen t\u00e4hden suorituksia. Kolmen t\u00e4hden valinnat tulivat per\u00e4tt\u00e4isiss\u00e4 otteluissa Dynamo Riihim\u00e4ke\u00e4 ja Dickeni\u00e4 vastaan.","og_url":"https:\/\/grifk-handball.com\/miehet\/uutiset\/pakarinen-sm-liigan-helmikuun-tahtipelaaja\/","og_site_name":"GrIFK K\u00e4sipallo - miehet","article_publisher":"https:\/\/www.facebook.com\/GrIFKelit\/","article_published_time":"2021-03-01T14:45:32+00:00","article_modified_time":"2022-11-25T10:44:21+00:00","og_image":[{"width":1030,"height":580,"url":"https:\/\/grifk-handball.com\/miehet\/wp-content\/uploads\/sites\/2\/2020\/09\/DSC01200-1030x580.jpg","type":"image\/jpeg"}],"author":"granimaster","twitter_card":"summary_large_image","twitter_creator":"@GrIFK_MSM","twitter_site":"@GrIFK_MSM","twitter_misc":{"Kirjoittanut":"granimaster","Arvioitu lukuaika":"1 minuutti"},"schema":{"@context":"https:\/\/schema.org","@graph":[{"@type":"Article","@id":"https:\/\/grifk-handball.com\/miehet\/uutiset\/pakarinen-sm-liigan-helmikuun-tahtipelaaja\/#article","isPartOf":{"@id":"https:\/\/grifk-handball.com\/miehet\/uutiset\/pakarinen-sm-liigan-helmikuun-tahtipelaaja\/"},"author":{"name":"granimaster","@id":"https:\/\/grifk-handball.com\/miehet\/#\/schema\/person\/9da98c743e3f0f85a1b32f59241b48e0"},"headline":"Pakarinen SM-liigan helmikuun t\u00e4htipelaaja","datePublished":"2021-03-01T14:45:32+00:00","dateModified":"2022-11-25T10:44:21+00:00","mainEntityOfPage":{"@id":"https:\/\/grifk-handball.com\/miehet\/uutiset\/pakarinen-sm-liigan-helmikuun-tahtipelaaja\/"},"wordCount":132,"publisher":{"@id":"https:\/\/grifk-handball.com\/miehet\/#organization"},"image":{"@id":"https:\/\/grifk-handball.com\/miehet\/uutiset\/pakarinen-sm-liigan-helmikuun-tahtipelaaja\/#primaryimage"},"thumbnailUrl":"https:\/\/i0.wp.com\/grifk-handball.com\/miehet\/wp-content\/uploads\/sites\/2\/2020\/09\/DSC01200-scaled.jpg?fit=2560%2C1440&ssl=1","keywords":["#BomBom","Alempi jatkosarja","Atte Pakarinen","GrIFK","SM-liiga","T\u00e4htipelaaja"],"articleSection":["Uutiset"],"inLanguage":"fi"},{"@type":"WebPage","@id":"https:\/\/grifk-handball.com\/miehet\/uutiset\/pakarinen-sm-liigan-helmikuun-tahtipelaaja\/","url":"https:\/\/grifk-handball.com\/miehet\/uutiset\/pakarinen-sm-liigan-helmikuun-tahtipelaaja\/","name":"Pakarinen SM-liigan helmikuun t\u00e4htipelaaja &#8212; GrIFK K\u00e4sipallo - miehet","isPartOf":{"@id":"https:\/\/grifk-handball.com\/miehet\/#website"},"primaryImageOfPage":{"@id":"https:\/\/grifk-handball.com\/miehet\/uutiset\/pakarinen-sm-liigan-helmikuun-tahtipelaaja\/#primaryimage"},"image":{"@id":"https:\/\/grifk-handball.com\/miehet\/uutiset\/pakarinen-sm-liigan-helmikuun-tahtipelaaja\/#primaryimage"},"thumbnailUrl":"https:\/\/i0.wp.com\/grifk-handball.com\/miehet\/wp-content\/uploads\/sites\/2\/2020\/09\/DSC01200-scaled.jpg?fit=2560%2C1440&ssl=1","datePublished":"2021-03-01T14:45:32+00:00","dateModified":"2022-11-25T10:44:21+00:00","description":"Pakarinen onnistui tammikuun aikana ker\u00e4\u00e4m\u00e4\u00e4n kuusi t\u00e4hte\u00e4 joista molemmat olivat kolmen t\u00e4hden suorituksia. Kolmen t\u00e4hden valinnat tulivat per\u00e4tt\u00e4isiss\u00e4 otteluissa Dynamo Riihim\u00e4ke\u00e4 ja Dickeni\u00e4 vastaan.","breadcrumb":{"@id":"https:\/\/grifk-handball.com\/miehet\/uutiset\/pakarinen-sm-liigan-helmikuun-tahtipelaaja\/#breadcrumb"},"inLanguage":"fi","potentialAction":[{"@type":"ReadAction","target":["https:\/\/grifk-handball.com\/miehet\/uutiset\/pakarinen-sm-liigan-helmikuun-tahtipelaaja\/"]}]},{"@type":"ImageObject","inLanguage":"fi","@id":"https:\/\/grifk-handball.com\/miehet\/uutiset\/pakarinen-sm-liigan-helmikuun-tahtipelaaja\/#primaryimage","url":"https:\/\/i0.wp.com\/grifk-handball.com\/miehet\/wp-content\/uploads\/sites\/2\/2020\/09\/DSC01200-scaled.jpg?fit=2560%2C1440&ssl=1","contentUrl":"https:\/\/i0.wp.com\/grifk-handball.com\/miehet\/wp-content\/uploads\/sites\/2\/2020\/09\/DSC01200-scaled.jpg?fit=2560%2C1440&ssl=1","width":2560,"height":1440},{"@type":"BreadcrumbList","@id":"https:\/\/grifk-handball.com\/miehet\/uutiset\/pakarinen-sm-liigan-helmikuun-tahtipelaaja\/#breadcrumb","itemListElement":[{"@type":"ListItem","position":1,"name":"Home","item":"https:\/\/grifk-handball.com\/miehet\/etusivu-260109\/"},{"@type":"ListItem","position":2,"name":"Pakarinen SM-liigan helmikuun t\u00e4htipelaaja"}]},{"@type":"WebSite","@id":"https:\/\/grifk-handball.com\/miehet\/#website","url":"https:\/\/grifk-handball.com\/miehet\/","name":"GrIFK K\u00e4sipallo - miehet","description":"BomBom!","publisher":{"@id":"https:\/\/grifk-handball.com\/miehet\/#organization"},"potentialAction":[{"@type":"SearchAction","target":{"@type":"EntryPoint","urlTemplate":"https:\/\/grifk-handball.com\/miehet\/?s={search_term_string}"},"query-input":{"@type":"PropertyValueSpecification","valueRequired":true,"valueName":"search_term_string"}}],"inLanguage":"fi"},{"@type":"Organization","@id":"https:\/\/grifk-handball.com\/miehet\/#organization","name":"GrIFK K\u00e4sipallo - miehet","url":"https:\/\/grifk-handball.com\/miehet\/","logo":{"@type":"ImageObject","inLanguage":"fi","@id":"https:\/\/grifk-handball.com\/miehet\/#\/schema\/logo\/image\/","url":"https:\/\/i0.wp.com\/grifk-handball.com\/miehet\/wp-content\/uploads\/sites\/2\/2016\/10\/logo-grifk-iso.png?fit=1200%2C1400&ssl=1","contentUrl":"https:\/\/i0.wp.com\/grifk-handball.com\/miehet\/wp-content\/uploads\/sites\/2\/2016\/10\/logo-grifk-iso.png?fit=1200%2C1400&ssl=1","width":1200,"height":1400,"caption":"GrIFK K\u00e4sipallo - miehet"},"image":{"@id":"https:\/\/grifk-handball.com\/miehet\/#\/schema\/logo\/image\/"},"sameAs":["https:\/\/www.facebook.com\/GrIFKelit\/","https:\/\/x.com\/GrIFK_MSM","https:\/\/www.instagram.com\/grifk_elit\/"]},{"@type":"Person","@id":"https:\/\/grifk-handball.com\/miehet\/#\/schema\/person\/9da98c743e3f0f85a1b32f59241b48e0","name":"granimaster","image":{"@type":"ImageObject","inLanguage":"fi","@id":"https:\/\/secure.gravatar.com\/avatar\/034b8e6380fc659c320f13e17fe45bd9ab48a21e2debadd5f3179bde291949df?s=96&d=mm&r=g","url":"https:\/\/secure.gravatar.com\/avatar\/034b8e6380fc659c320f13e17fe45bd9ab48a21e2debadd5f3179bde291949df?s=96&d=mm&r=g","contentUrl":"https:\/\/secure.gravatar.com\/avatar\/034b8e6380fc659c320f13e17fe45bd9ab48a21e2debadd5f3179bde291949df?s=96&d=mm&r=g","caption":"granimaster"},"url":"https:\/\/grifk-handball.com\/miehet\/author\/granimaster\/"}]}},"jetpack_featured_media_url":"https:\/\/i0.wp.com\/grifk-handball.com\/miehet\/wp-content\/uploads\/sites\/2\/2020\/09\/DSC01200-scaled.jpg?fit=2560%2C1440&ssl=1","jetpack_shortlink":"https:\/\/wp.me\/p9jQ9a-3US","_links":{"self":[{"href":"https:\/\/grifk-handball.com\/miehet\/wp-json\/wp\/v2\/posts\/15058","targetHints":{"allow":["GET"]}}],"collection":[{"href":"https:\/\/grifk-handball.com\/miehet\/wp-json\/wp\/v2\/posts"}],"about":[{"href":"https:\/\/grifk-handball.com\/miehet\/wp-json\/wp\/v2\/types\/post"}],"author":[{"embeddable":true,"href":"https:\/\/grifk-handball.com\/miehet\/wp-json\/wp\/v2\/users\/1"}],"replies":[{"embeddable":true,"href":"https:\/\/grifk-handball.com\/miehet\/wp-json\/wp\/v2\/comments?post=15058"}],"version-history":[{"count":4,"href":"https:\/\/grifk-handball.com\/miehet\/wp-json\/wp\/v2\/posts\/15058\/revisions"}],"predecessor-version":[{"id":15063,"href":"https:\/\/grifk-handball.com\/miehet\/wp-json\/wp\/v2\/posts\/15058\/revisions\/15063"}],"wp:featuredmedia":[{"embeddable":true,"href":"https:\/\/grifk-handball.com\/miehet\/wp-json\/wp\/v2\/media\/14167"}],"wp:attachment":[{"href":"https:\/\/grifk-handball.com\/miehet\/wp-json\/wp\/v2\/media?parent=15058"}],"wp:term":[{"taxonomy":"category","embeddable":true,"href":"https:\/\/grifk-handball.com\/miehet\/wp-json\/wp\/v2\/categories?post=15058"},{"taxonomy":"post_tag","embeddable":true,"href":"https:\/\/grifk-handball.com\/miehet\/wp-json\/wp\/v2\/tags?post=15058"}],"curies":[{"name":"wp","href":"https:\/\/api.w.org\/{rel}","templated":true}]}}