{"id":15074,"date":"2021-03-21T19:59:21","date_gmt":"2021-03-21T17:59:21","guid":{"rendered":"https:\/\/grifk-handball.com\/miehet\/?p=15074"},"modified":"2021-03-22T11:30:31","modified_gmt":"2021-03-22T09:30:31","slug":"draamaa-ja-taistelua-tiedossa-kun-grifk-ja-sif-lyovat-yhteen","status":"publish","type":"post","link":"https:\/\/grifk-handball.com\/miehet\/kausi-2020-21\/ennakot-2020-21\/draamaa-ja-taistelua-tiedossa-kun-grifk-ja-sif-lyovat-yhteen\/","title":{"rendered":"Draamaa ja taistelua tiedossa kun GrIFK ja SIF ly\u00f6v\u00e4t yhteen"},"content":{"rendered":"\n<style type=\"text\/css\" data-created_by=\"avia_inline_auto\" id=\"style-css-av-4rh0z42-d7b6fe9c94f6b25e43e4633f48877933\">\n.flex_column.av-4rh0z42-d7b6fe9c94f6b25e43e4633f48877933{\nborder-radius:0px 0px 0px 0px;\npadding:0px 0px 0px 0px;\n}\n<\/style>\n<div  class='flex_column av-4rh0z42-d7b6fe9c94f6b25e43e4633f48877933 av_one_full  avia-builder-el-0  el_before_av_one_third  avia-builder-el-first  first flex_column_div av-zero-column-padding  '     ><section  class='av_textblock_section av-4gfdk6a-453ac12288f13a19528850dab2e6490e '   itemscope=\"itemscope\" itemtype=\"https:\/\/schema.org\/BlogPosting\" itemprop=\"blogPost\" ><div class='avia_textblock'  itemprop=\"text\" ><p>GrIFK ja SIF aloittavat tiistaina puoliv\u00e4lier\u00e4sarjan, joka lienee yksi odotetuimmista ottelusarjoista kauden SM-liigassa. Joukkueet osuivat Play offeissa vastakkain nyt jo kolmantena kev\u00e4\u00e4n\u00e4 per\u00e4kk\u00e4in, tosin viime vuonna ottelusarja j\u00e4i pelaamatta kokonaan. <!--more--><\/p>\n<p>L\u00e4ht\u00f6kohdat ja odotusarvo ottelusarjalle ovat j\u00e4lleen kerran maittavat. Historiankirjoissa Grani ja SIF ovat j\u00e4rjest\u00e4\u00e4n olleet eritt\u00e4in tasav\u00e4kisi\u00e4. Kun joukkueet edellisen kerran ottivat yhteen puoliv\u00e4lieriss\u00e4 kev\u00e4\u00e4ll\u00e4 2019, jouduttiin viidenteen peliin, SIF:n edetess\u00e4 v\u00e4lieriin otteluvoitoin 3-2. Kaksi vuotta aiemmin samat joukkueet pelasivat pronssiotteluissa, joissa pitemm\u00e4n korren veti puolestaan GrIFK yhteismaalein 54-50.<\/p>\n<p>T\u00e4ll\u00e4 kaudella kumpikin voitti runkosarjan kotiottelunsa, eik\u00e4 varsinkaan Siuntiossa pelatusta ottelusta puuttunut dramatiikkaa. SIF eteni pitk\u00e4lti HC Tallinn -voitosta saadun edun turvin runkosarjasta ylemp\u00e4\u00e4n jatkosarjaan paremman pistekeskiarvonsa avulla, j\u00e4tt\u00e4en tiukassa keskikastissa HIFK:n ja GrIFK:n alempaan jatkosarjaan.<\/p>\n<p>Jatkosarjat eteniv\u00e4t molemmilta odotetunlaisesti. Grani sai Miro Koljosen paluun my\u00f6t\u00e4 pelins\u00e4 loksahtelemaan paremmin kohdilleen, ja ratkaisi sarjan voiton nelj\u00e4ll\u00e4 per\u00e4kk\u00e4isell\u00e4 voitolla. SIF:lle ylempi jatkosarja tarjoili l\u00e4hinn\u00e4 kokemusta, kun kolmen k\u00e4rki karkasi jo aikaisessa vaiheessa. Loukkaantumisista k\u00e4rsinyt joukkue paransi kuitenkin loppua kohden, ja l\u00e4htee Grania vastaan varmuudella hyv\u00e4ll\u00e4 itseluottamuksella.<\/p>\n<p>Toisessa puoliv\u00e4lier\u00e4parissa ei kilometrej\u00e4 juuri niell\u00e4. Jatkosarjassa kolmanneksi pudonnut runkosarjan puhtaasti voittanut Dicken ja alemman jatkosarjan viimeisen ottelun GrIFK-\u00c5IFK lopputulosta j\u00e4nnitt\u00e4m\u00e4\u00e4n joutunut HIFK ottelevat samalla Stadin herruudesta.<\/p>\n<h4>P\u00e4iv\u00e4n kunto vai pelin kehitys ratkaisuroolissa?<\/h4>\n<p>Puoliv\u00e4lier\u00e4t pelataan tiukassa tahdissa tiistaista lauantaihin, joten potentiaalisia ratkaisuelementtej\u00e4 l\u00f6ytyy rutkasti: Miten joukkueet ovat pystyneet valmistautumaan tulevaan ottelusarjaan, pelin eri osa-alueet; hy\u00f6kk\u00e4ys-, puolustus- ja maalivahtipeli, joukkueen pelaamisen kehittyminen ottelusarjan edetess\u00e4, taktiikat jne&#8230;<\/p>\n<p>GrIFK ja SIF ovat hyvin harvoin intoutuneet todellisiin maali-iloitteluihin. Keskim\u00e4\u00e4rin kymmeness\u00e4 viimeisess\u00e4 ottelussa on tehty 50,4 maalia ottelua kohden, vain kerran on toinen joukkueista tehnyt yli 30 maalia.<\/p>\n<p>Jatkosarjojen j\u00e4lkeen EM-karsintapeleihin kokoontunut maajoukkue vei Granilta ja Dickenilt\u00e4 arvokkaita mahdollisuuksia harjoittella joukkuepeli\u00e4, toistaalta maajoukkuepelaajilla on allaan muita parempi pelituntuma, sill\u00e4 edellisist\u00e4 virallisista peleist\u00e4 on ottelusarjojen alkaessa vier\u00e4ht\u00e4nyt jo reilut kaksi viikkoa.<\/p>\n<\/div><\/section><\/div><div class='flex_column_table av-kmjetjvn-1443f4b5c0944d37d63d7649367cafc9 sc-av_one_third av-equal-height-column-flextable'>\n<style type=\"text\/css\" data-created_by=\"avia_inline_auto\" id=\"style-css-av-kmjetjvn-1443f4b5c0944d37d63d7649367cafc9\">\n.flex_column.av-kmjetjvn-1443f4b5c0944d37d63d7649367cafc9{\nborder-radius:0px 0px 0px 0px;\npadding:0px 0px 0px 0px;\n}\n<\/style>\n<div  class='flex_column av-kmjetjvn-1443f4b5c0944d37d63d7649367cafc9 av_one_third  avia-builder-el-2  el_after_av_one_full  el_before_av_one_third  first flex_column_table_cell av-equal-height-column av-align-top av-zero-column-padding  column-top-margin'     ><section  class='av_textblock_section av-3tc2076-4f781d4577039f8827d0c6af9759f176 '   itemscope=\"itemscope\" itemtype=\"https:\/\/schema.org\/BlogPosting\" itemprop=\"blogPost\" ><div class='avia_textblock'  itemprop=\"text\" ><h4 style=\"text-align: center;\">1. puoliv\u00e4lier\u00e4:<\/h4>\n<p style=\"text-align: center;\"><script src=\"http:\/\/tulospalvelu.finnhandball.net\/taso\/widget.php?widget=nextmatch&#038;css=1&#038;teamid=103471&#038;otteluid= 489121\"><\/script><\/p>\n<\/div><\/section><\/div><\/p>\n<div class='av-flex-placeholder'><\/div>\n<style type=\"text\/css\" data-created_by=\"avia_inline_auto\" id=\"style-css-av-3fk87lu-bff7ce4b8976f48c3ce62fa92528aeb5\">\n.flex_column.av-3fk87lu-bff7ce4b8976f48c3ce62fa92528aeb5{\nborder-radius:0px 0px 0px 0px;\npadding:0px 0px 0px 0px;\n}\n<\/style>\n<div  class='flex_column av-3fk87lu-bff7ce4b8976f48c3ce62fa92528aeb5 av_one_third  avia-builder-el-4  el_after_av_one_third  el_before_av_one_third  flex_column_table_cell av-equal-height-column av-align-top av-zero-column-padding  column-top-margin'     ><section  class='av_textblock_section av-2yah8ki-cb04a746cce0e282092554b3d3667898 '   itemscope=\"itemscope\" itemtype=\"https:\/\/schema.org\/BlogPosting\" itemprop=\"blogPost\" ><div class='avia_textblock'  itemprop=\"text\" ><h4 style=\"text-align: center;\">2. puoliv\u00e4lier\u00e4:<\/h4>\n<p style=\"text-align: center;\"><script src=\"http:\/\/tulospalvelu.finnhandball.net\/taso\/widget.php?widget=nextmatch&#038;css=1&#038;teamid=103471&#038;otteluid= 489122\"><\/script><\/p>\n<\/div><\/section><\/div>\n<div class='av-flex-placeholder'><\/div>\n<style type=\"text\/css\" data-created_by=\"avia_inline_auto\" id=\"style-css-av-2hve36q-7762dbe3418a547716ec480ca8c886a5\">\n.flex_column.av-2hve36q-7762dbe3418a547716ec480ca8c886a5{\nborder-radius:0px 0px 0px 0px;\npadding:0px 0px 0px 0px;\n}\n<\/style>\n<div  class='flex_column av-2hve36q-7762dbe3418a547716ec480ca8c886a5 av_one_third  avia-builder-el-6  el_after_av_one_third  el_before_av_one_half  flex_column_table_cell av-equal-height-column av-align-top av-zero-column-padding  column-top-margin'     ><section  class='av_textblock_section av-kmjeuz60-a93cc214fff58e197dc343e03b759731 '   itemscope=\"itemscope\" itemtype=\"https:\/\/schema.org\/BlogPosting\" itemprop=\"blogPost\" ><div class='avia_textblock'  itemprop=\"text\" ><h4 style=\"text-align: center;\">Tarvittaessa:<\/h4>\n<p style=\"text-align: center;\"><script src=\"http:\/\/tulospalvelu.finnhandball.net\/taso\/widget.php?widget=nextmatch&#038;css=1&#038;teamid=103471&#038;otteluid= 489123\"><\/script><\/p>\n<\/div><\/section><\/div><\/div><!--close column table wrapper. Autoclose: 1 -->\n<div class='flex_column_table av-kmjg549f-f3e08587e22d7cbdb3c6a54ed2507f69 sc-av_one_half av-equal-height-column-flextable'>\n<style type=\"text\/css\" data-created_by=\"avia_inline_auto\" id=\"style-css-av-kmjg549f-f3e08587e22d7cbdb3c6a54ed2507f69\">\n.flex_column.av-kmjg549f-f3e08587e22d7cbdb3c6a54ed2507f69{\nborder-radius:0px 0px 0px 0px;\npadding:20px 0px 0px 0px;\n}\n<\/style>\n<div  class='flex_column av-kmjg549f-f3e08587e22d7cbdb3c6a54ed2507f69 av_one_half  avia-builder-el-8  el_after_av_one_third  el_before_av_one_half  first flex_column_table_cell av-equal-height-column av-align-top  column-top-margin'     ><section  class='av_textblock_section av-kmjg3ft5-736b798edd4131c68b82f381c71fb377 '   itemscope=\"itemscope\" itemtype=\"https:\/\/schema.org\/BlogPosting\" itemprop=\"blogPost\" ><div class='avia_textblock'  itemprop=\"text\" ><h4>Jatkosarjakummajaiseen vahvistus?<\/h4>\n<p>SM-liigan joukkueet on runkosarjan menestyksen perusteella jaettu ylemp\u00e4\u00e4n ja alempaan jatkosarjaan kaudesta 2016\/17 alkaen. Tilastoista l\u00f6ytyv\u00e4 kieroutuneen oloinen fakta kertoo, ett\u00e4 kuudesta otteluparista per\u00e4ti viisi on p\u00e4\u00e4ttynyt alemmasta Play offeihin ponnistaneen joukkueen etenemiseen v\u00e4lieriin. Kahdesti (GrIFK 2016\/17, SIF 2018\/19) alemmasta ollaan lopulta noustu pronssille.<\/p>\n<p>Kiistaan kumpi jatkosarjoista on parempi valmistautumisalusta pudotuspelej\u00e4 silm\u00e4ll\u00e4 pit\u00e4en ei ole toistaiseksi l\u00f6ytynyt varmuudella oikeaa vastausta.<\/p>\n<h4>Potentiaaliset ratkaisijat?<\/h4>\n<p>Maalivahtien sanotaan usein olevan puoli joukkuetta. SIF:n ykk\u00f6storjujan Rony L\u00e9venin loukkaannuttua surullisenkuuluisassa runkosarjaottelussa Grania vastaan, vastuunkantajaksi nousi Mika Malassu, joka on ennen pudotuspelej\u00e4 koko liigan eniten torjuntoja tehnyt maalivahti. Granin Atte Pakarisen kausi on ollut nousujohteinen, ja mies valittiin helmikuussa SM-liigan kuukauden t\u00e4htipelaajaksi.<\/p>\n<p>SIF:n miehist\u00f6ss\u00e4 erinomaiset ulkomaalaisvahvistukset ovat olleet l\u00e4pi kauden suuressa roolissa. Ott Varik, Philip Churlevski ja Igor Trajkovski kuuluvat pelipaikoillaan liigan eliittiin. GrIFK:lla on heitt\u00e4\u00e4 vastineeksi samoille pelipaikoille Miro Koljosen, Anthony Hellakosken ja Fredrik Forssin.<\/p>\n<p>Lis\u00e4\u00e4 ratkaisuvoimaa kent\u00e4lle tuovat Siuntion leiriss\u00e4 nuori ja pitk\u00e4nhuiskea kaksikko Christoffer Thor ja Carl Weurlander, Granin kyetess\u00e4 vastaamaan kaksikolla Richard Sundberg-Robin Granlund.<\/p>\n<p>Loukkaantumiset ottelusarjan aikana saattavat helposti muuttaa voimasuhteita yll\u00e4tt\u00e4enkin, ja t\u00e4n\u00e4 vuonna yksi lis\u00e4huoli on mahdolliset koronakaranteenit. Sen my\u00f6t\u00e4 vaihtopenkilt\u00e4 l\u00f6ytyv\u00e4 materiaali on t\u00e4rke\u00e4ss\u00e4 roolissa. Tiukoissa ottelusarjoissa l\u00f6ytyy vuosittain odottamattomiakin ratkaisupelaajia, kuka nousee t\u00e4ll\u00e4 kaudella puskista parrasvaloihin?<\/p>\n<\/div><\/section><\/div>\n<div class='av-flex-placeholder'><\/div>\n<style type=\"text\/css\" data-created_by=\"avia_inline_auto\" id=\"style-css-av-kmjfknhy-745f774e37653baed5e5420736cc75f9\">\n.flex_column.av-kmjfknhy-745f774e37653baed5e5420736cc75f9{\nborder-radius:0px 0px 0px 0px;\npadding:20px 20px 20px 20px;\nbackground-color:#e5f1ea;\n}\n<\/style>\n<div  class='flex_column av-kmjfknhy-745f774e37653baed5e5420736cc75f9 av_one_half  avia-builder-el-10  el_after_av_one_half  el_before_av_hr  flex_column_table_cell av-equal-height-column av-align-top  column-top-margin'     ><section  class='av_textblock_section av-kmjfz7o7-f5be373bfba71e5463feebc7350b7822 '   itemscope=\"itemscope\" itemtype=\"https:\/\/schema.org\/BlogPosting\" itemprop=\"blogPost\" ><div class='avia_textblock'  itemprop=\"text\" ><h4>GrIFK vs SIF<\/h4>\n<p><strong>SM-liigassa:<\/strong><\/p>\n<ul>\n<li>GrIFK: 23 SM-kautta, maratontaulukon sijalla 9.<br \/>\n1 SM-kulta (1999), 4 hopeaa, 5 pronssia (viimeksi 2017).<\/li>\n<li>SIF: 50 SM-kautta, maratontaulukon sijalla 4.<br \/>\n4 SM-kultaa (2005, 1990, 1981-82), , 7 hopeaa (viimeksi 2019), 9 pronssia.<\/li>\n<\/ul>\n<p><strong>T\u00e4ll\u00e4 kaudella:<\/strong><\/p>\n<ul>\n<li>GrIFK: Runkosarjassa 6., alemman jatkosarjan voitto.<\/li>\n<li>SIF: Runkosarjassa 4, ylemm\u00e4n jatkosarjan 4.<\/li>\n<\/ul>\n<p>15.11.2020: <a href=\"https:\/\/grifk-handball.com\/miehet\/kausi-2020-21\/ottelut-2020-21\/karmiva-ottelu-menetettiin-kammottaviin-virheisiin\/\">SIF-GrIFK 26-23<\/a><\/p>\n<p>12.09.2020: <a href=\"https:\/\/grifk-handball.com\/miehet\/kausi-2020-21\/ottelut-2020-21\/grifk-avausvoittoon-kukistettuaan-sifn-loppukirikamppailussa\/\">GrIFK-SIF 25-23<\/a><\/p>\n<\/div><\/section><br \/>\n\n<style type=\"text\/css\" data-created_by=\"avia_inline_auto\" id=\"style-css-av-zwze2q-3e736d152e9c53ea300a1ade9e9a0215\">\n.avia-image-container.av-zwze2q-3e736d152e9c53ea300a1ade9e9a0215 img.avia_image{\nbox-shadow:none;\n}\n.avia-image-container.av-zwze2q-3e736d152e9c53ea300a1ade9e9a0215 .av-image-caption-overlay-center{\ncolor:#ffffff;\n}\n<\/style>\n<div  class='avia-image-container av-zwze2q-3e736d152e9c53ea300a1ade9e9a0215 av-styling- av-hover-grow avia-align-center  avia-builder-el-12  el_after_av_textblock  el_before_av_heading '   itemprop=\"image\" itemscope=\"itemscope\" itemtype=\"https:\/\/schema.org\/ImageObject\" ><div class=\"avia-image-container-inner\"><div class=\"avia-image-overlay-wrap\"><img decoding=\"async\" fetchpriority=\"high\" class='wp-image-12923 avia-img-lazy-loading-not-12923 avia_image ' src=\"https:\/\/i0.wp.com\/grifk-handball.com\/miehet\/wp-content\/uploads\/sites\/2\/2019\/09\/Solid_Logotype-copy11.png?fit=300%2C52&ssl=1\" alt='' title='SolidSport'  height=\"52\" width=\"300\"  itemprop=\"thumbnailUrl\" srcset=\"https:\/\/i0.wp.com\/grifk-handball.com\/miehet\/wp-content\/uploads\/sites\/2\/2019\/09\/Solid_Logotype-copy11.png?w=699&amp;ssl=1 699w, https:\/\/i0.wp.com\/grifk-handball.com\/miehet\/wp-content\/uploads\/sites\/2\/2019\/09\/Solid_Logotype-copy11.png?resize=300%2C52&amp;ssl=1 300w\" sizes=\"(max-width: 300px) 100vw, 300px\" \/><\/div><\/div><\/div><br \/>\n\n<style type=\"text\/css\" data-created_by=\"avia_inline_auto\" id=\"style-css-av-mwntmq-ecaf8d7af99efe0e820c9d14f3696fc8\">\n#top .av-special-heading.av-mwntmq-ecaf8d7af99efe0e820c9d14f3696fc8{\nmargin:0px 0px 0px 0px;\npadding-bottom:10px;\n}\nbody .av-special-heading.av-mwntmq-ecaf8d7af99efe0e820c9d14f3696fc8 .av-special-heading-tag .heading-char{\nfont-size:25px;\n}\n.av-special-heading.av-mwntmq-ecaf8d7af99efe0e820c9d14f3696fc8 .av-subheading{\nfont-size:15px;\n}\n<\/style>\n<div  class='av-special-heading av-mwntmq-ecaf8d7af99efe0e820c9d14f3696fc8 av-special-heading-h6 blockquote modern-quote modern-centered  avia-builder-el-13  el_after_av_image  el_before_av_hr  av-linked-heading'><h6 class='av-special-heading-tag '  itemprop=\"headline\"  >Kaikki GrIFK:n ottelut Liven\u00e4 vain 9,90\u20ac\/kk!<\/h6><div class=\"special-heading-border\"><div class=\"special-heading-inner-border\"><\/div><\/div><\/div><br \/>\n\n<style type=\"text\/css\" data-created_by=\"avia_inline_auto\" id=\"style-css-av-kmjg5yhz-9ae5178e797a73d0b8012bf42dbbe4cc\">\n#top .hr.hr-invisible.av-kmjg5yhz-9ae5178e797a73d0b8012bf42dbbe4cc{\nheight:25px;\n}\n<\/style>\n<div  class='hr av-kmjg5yhz-9ae5178e797a73d0b8012bf42dbbe4cc hr-invisible  avia-builder-el-14  el_after_av_heading  avia-builder-el-last '><span class='hr-inner '><span class=\"hr-inner-style\"><\/span><\/span><\/div><\/p><\/div><\/div><!--close column table wrapper. Autoclose: 1 -->\n\n<style type=\"text\/css\" data-created_by=\"avia_inline_auto\" id=\"style-css-av-kmjhmlu6-b6e23610923ad8498b63554037baaf27\">\n#top .hr.hr-invisible.av-kmjhmlu6-b6e23610923ad8498b63554037baaf27{\nheight:25px;\n}\n<\/style>\n<div  class='hr av-kmjhmlu6-b6e23610923ad8498b63554037baaf27 hr-invisible  avia-builder-el-15  el_after_av_one_half  avia-builder-el-last '><span class='hr-inner '><span class=\"hr-inner-style\"><\/span><\/span><\/div>\n","protected":false},"excerpt":{"rendered":"<p>GrIFK ja SIF aloittavat tiistaina puoliv\u00e4lier\u00e4sarjan, joka lienee yksi odotetuimmista ottelusarjoista kauden SM-liigassa. Joukkueet osuivat Play offeissa vastakkain nyt jo kolmantena kev\u00e4\u00e4n\u00e4 per\u00e4kk\u00e4in, tosin viime vuonna ottelusarja j\u00e4i pelaamatta kokonaan.<\/p>\n","protected":false},"author":1,"featured_media":14484,"comment_status":"closed","ping_status":"closed","sticky":false,"template":"","format":"standard","meta":{"_acf_changed":false,"footnotes":""},"categories":[425],"tags":[12,385,251,449,25,35,37,39,41],"class_list":["post-15074","post","type-post","status-publish","format-standard","has-post-thumbnail","hentry","category-ennakot-2020-21","tag-bombom","tag-respect","tag-tunnetta-peliin","tag-covid-19","tag-grifk","tag-playoff","tag-puolivaliera","tag-sif","tag-sm-liiga"],"acf":[],"yoast_head":"<!-- This site is optimized with the Yoast SEO plugin v27.5 - https:\/\/yoast.com\/product\/yoast-seo-wordpress\/ -->\n<title>Draamaa ja taistelua tiedossa kun GrIFK ja SIF ly\u00f6v\u00e4t yhteen &#8212; GrIFK K\u00e4sipallo - miehet<\/title>\n<meta name=\"robots\" content=\"index, follow, max-snippet:-1, max-image-preview:large, max-video-preview:-1\" \/>\n<link rel=\"canonical\" href=\"https:\/\/grifk-handball.com\/miehet\/kausi-2020-21\/ennakot-2020-21\/draamaa-ja-taistelua-tiedossa-kun-grifk-ja-sif-lyovat-yhteen\/\" \/>\n<meta property=\"og:locale\" content=\"fi_FI\" \/>\n<meta property=\"og:type\" content=\"article\" \/>\n<meta property=\"og:title\" content=\"Draamaa ja taistelua tiedossa kun GrIFK ja SIF ly\u00f6v\u00e4t yhteen &#8212; GrIFK K\u00e4sipallo - miehet\" \/>\n<meta property=\"og:description\" content=\"GrIFK ja SIF aloittavat tiistaina puoliv\u00e4lier\u00e4sarjan, joka lienee yksi odotetuimmista ottelusarjoista kauden SM-liigassa. Joukkueet osuivat Play offeissa vastakkain nyt jo kolmantena kev\u00e4\u00e4n\u00e4 per\u00e4kk\u00e4in, tosin viime vuonna ottelusarja j\u00e4i pelaamatta kokonaan.\" \/>\n<meta property=\"og:url\" content=\"https:\/\/grifk-handball.com\/miehet\/kausi-2020-21\/ennakot-2020-21\/draamaa-ja-taistelua-tiedossa-kun-grifk-ja-sif-lyovat-yhteen\/\" \/>\n<meta property=\"og:site_name\" content=\"GrIFK K\u00e4sipallo - miehet\" \/>\n<meta property=\"article:publisher\" content=\"https:\/\/www.facebook.com\/GrIFKelit\/\" \/>\n<meta property=\"article:published_time\" content=\"2021-03-21T17:59:21+00:00\" \/>\n<meta property=\"article:modified_time\" content=\"2021-03-22T09:30:31+00:00\" \/>\n<meta property=\"og:image\" content=\"https:\/\/grifk-handball.com\/miehet\/wp-content\/uploads\/sites\/2\/2020\/11\/kp1419141752-1030x711.jpg\" \/>\n\t<meta property=\"og:image:width\" content=\"1030\" \/>\n\t<meta property=\"og:image:height\" content=\"711\" \/>\n\t<meta property=\"og:image:type\" content=\"image\/jpeg\" \/>\n<meta name=\"author\" content=\"granimaster\" \/>\n<meta name=\"twitter:card\" content=\"summary_large_image\" \/>\n<meta name=\"twitter:creator\" content=\"@GrIFK_MSM\" \/>\n<meta name=\"twitter:site\" content=\"@GrIFK_MSM\" \/>\n<meta name=\"twitter:label1\" content=\"Kirjoittanut\" \/>\n\t<meta name=\"twitter:data1\" content=\"granimaster\" \/>\n\t<meta name=\"twitter:label2\" content=\"Arvioitu lukuaika\" \/>\n\t<meta name=\"twitter:data2\" content=\"5 minuuttia\" \/>\n<script type=\"application\/ld+json\" class=\"yoast-schema-graph\">{\"@context\":\"https:\\\/\\\/schema.org\",\"@graph\":[{\"@type\":\"Article\",\"@id\":\"https:\\\/\\\/grifk-handball.com\\\/miehet\\\/kausi-2020-21\\\/ennakot-2020-21\\\/draamaa-ja-taistelua-tiedossa-kun-grifk-ja-sif-lyovat-yhteen\\\/#article\",\"isPartOf\":{\"@id\":\"https:\\\/\\\/grifk-handball.com\\\/miehet\\\/kausi-2020-21\\\/ennakot-2020-21\\\/draamaa-ja-taistelua-tiedossa-kun-grifk-ja-sif-lyovat-yhteen\\\/\"},\"author\":{\"name\":\"granimaster\",\"@id\":\"https:\\\/\\\/grifk-handball.com\\\/miehet\\\/#\\\/schema\\\/person\\\/9da98c743e3f0f85a1b32f59241b48e0\"},\"headline\":\"Draamaa ja taistelua tiedossa kun GrIFK ja SIF ly\u00f6v\u00e4t yhteen\",\"datePublished\":\"2021-03-21T17:59:21+00:00\",\"dateModified\":\"2021-03-22T09:30:31+00:00\",\"mainEntityOfPage\":{\"@id\":\"https:\\\/\\\/grifk-handball.com\\\/miehet\\\/kausi-2020-21\\\/ennakot-2020-21\\\/draamaa-ja-taistelua-tiedossa-kun-grifk-ja-sif-lyovat-yhteen\\\/\"},\"wordCount\":1577,\"publisher\":{\"@id\":\"https:\\\/\\\/grifk-handball.com\\\/miehet\\\/#organization\"},\"image\":{\"@id\":\"https:\\\/\\\/grifk-handball.com\\\/miehet\\\/kausi-2020-21\\\/ennakot-2020-21\\\/draamaa-ja-taistelua-tiedossa-kun-grifk-ja-sif-lyovat-yhteen\\\/#primaryimage\"},\"thumbnailUrl\":\"https:\\\/\\\/i0.wp.com\\\/grifk-handball.com\\\/miehet\\\/wp-content\\\/uploads\\\/sites\\\/2\\\/2020\\\/11\\\/kp1419141752.jpg?fit=2400%2C1656&ssl=1\",\"keywords\":[\"#BomBom\",\"#respect\",\"#Tunnetta peliin\",\"COVID-19\",\"GrIFK\",\"Play Off\",\"Puoliv\u00e4lier\u00e4\",\"SIF\",\"SM-liiga\"],\"articleSection\":[\"Ennakot 2020-21\"],\"inLanguage\":\"fi\"},{\"@type\":\"WebPage\",\"@id\":\"https:\\\/\\\/grifk-handball.com\\\/miehet\\\/kausi-2020-21\\\/ennakot-2020-21\\\/draamaa-ja-taistelua-tiedossa-kun-grifk-ja-sif-lyovat-yhteen\\\/\",\"url\":\"https:\\\/\\\/grifk-handball.com\\\/miehet\\\/kausi-2020-21\\\/ennakot-2020-21\\\/draamaa-ja-taistelua-tiedossa-kun-grifk-ja-sif-lyovat-yhteen\\\/\",\"name\":\"Draamaa ja taistelua tiedossa kun GrIFK ja SIF ly\u00f6v\u00e4t yhteen &#8212; GrIFK K\u00e4sipallo - miehet\",\"isPartOf\":{\"@id\":\"https:\\\/\\\/grifk-handball.com\\\/miehet\\\/#website\"},\"primaryImageOfPage\":{\"@id\":\"https:\\\/\\\/grifk-handball.com\\\/miehet\\\/kausi-2020-21\\\/ennakot-2020-21\\\/draamaa-ja-taistelua-tiedossa-kun-grifk-ja-sif-lyovat-yhteen\\\/#primaryimage\"},\"image\":{\"@id\":\"https:\\\/\\\/grifk-handball.com\\\/miehet\\\/kausi-2020-21\\\/ennakot-2020-21\\\/draamaa-ja-taistelua-tiedossa-kun-grifk-ja-sif-lyovat-yhteen\\\/#primaryimage\"},\"thumbnailUrl\":\"https:\\\/\\\/i0.wp.com\\\/grifk-handball.com\\\/miehet\\\/wp-content\\\/uploads\\\/sites\\\/2\\\/2020\\\/11\\\/kp1419141752.jpg?fit=2400%2C1656&ssl=1\",\"datePublished\":\"2021-03-21T17:59:21+00:00\",\"dateModified\":\"2021-03-22T09:30:31+00:00\",\"breadcrumb\":{\"@id\":\"https:\\\/\\\/grifk-handball.com\\\/miehet\\\/kausi-2020-21\\\/ennakot-2020-21\\\/draamaa-ja-taistelua-tiedossa-kun-grifk-ja-sif-lyovat-yhteen\\\/#breadcrumb\"},\"inLanguage\":\"fi\",\"potentialAction\":[{\"@type\":\"ReadAction\",\"target\":[\"https:\\\/\\\/grifk-handball.com\\\/miehet\\\/kausi-2020-21\\\/ennakot-2020-21\\\/draamaa-ja-taistelua-tiedossa-kun-grifk-ja-sif-lyovat-yhteen\\\/\"]}]},{\"@type\":\"ImageObject\",\"inLanguage\":\"fi\",\"@id\":\"https:\\\/\\\/grifk-handball.com\\\/miehet\\\/kausi-2020-21\\\/ennakot-2020-21\\\/draamaa-ja-taistelua-tiedossa-kun-grifk-ja-sif-lyovat-yhteen\\\/#primaryimage\",\"url\":\"https:\\\/\\\/i0.wp.com\\\/grifk-handball.com\\\/miehet\\\/wp-content\\\/uploads\\\/sites\\\/2\\\/2020\\\/11\\\/kp1419141752.jpg?fit=2400%2C1656&ssl=1\",\"contentUrl\":\"https:\\\/\\\/i0.wp.com\\\/grifk-handball.com\\\/miehet\\\/wp-content\\\/uploads\\\/sites\\\/2\\\/2020\\\/11\\\/kp1419141752.jpg?fit=2400%2C1656&ssl=1\",\"width\":2400,\"height\":1656,\"caption\":\"Fredrik Karlsson# 11 SIF ja Jere Kantee #10, GrIFK k\u00e4sipallon Miesten SM-liiga SIF - GrIFK ottelussa Fennia Arena Siuntio 14. marraskuuta 2020. (Kalle Parkkinen\\\/Newspix24)\"},{\"@type\":\"BreadcrumbList\",\"@id\":\"https:\\\/\\\/grifk-handball.com\\\/miehet\\\/kausi-2020-21\\\/ennakot-2020-21\\\/draamaa-ja-taistelua-tiedossa-kun-grifk-ja-sif-lyovat-yhteen\\\/#breadcrumb\",\"itemListElement\":[{\"@type\":\"ListItem\",\"position\":1,\"name\":\"Home\",\"item\":\"https:\\\/\\\/grifk-handball.com\\\/miehet\\\/etusivu-260109\\\/\"},{\"@type\":\"ListItem\",\"position\":2,\"name\":\"Draamaa ja taistelua tiedossa kun GrIFK ja SIF ly\u00f6v\u00e4t yhteen\"}]},{\"@type\":\"WebSite\",\"@id\":\"https:\\\/\\\/grifk-handball.com\\\/miehet\\\/#website\",\"url\":\"https:\\\/\\\/grifk-handball.com\\\/miehet\\\/\",\"name\":\"GrIFK K\u00e4sipallo - miehet\",\"description\":\"BomBom!\",\"publisher\":{\"@id\":\"https:\\\/\\\/grifk-handball.com\\\/miehet\\\/#organization\"},\"potentialAction\":[{\"@type\":\"SearchAction\",\"target\":{\"@type\":\"EntryPoint\",\"urlTemplate\":\"https:\\\/\\\/grifk-handball.com\\\/miehet\\\/?s={search_term_string}\"},\"query-input\":{\"@type\":\"PropertyValueSpecification\",\"valueRequired\":true,\"valueName\":\"search_term_string\"}}],\"inLanguage\":\"fi\"},{\"@type\":\"Organization\",\"@id\":\"https:\\\/\\\/grifk-handball.com\\\/miehet\\\/#organization\",\"name\":\"GrIFK K\u00e4sipallo - miehet\",\"url\":\"https:\\\/\\\/grifk-handball.com\\\/miehet\\\/\",\"logo\":{\"@type\":\"ImageObject\",\"inLanguage\":\"fi\",\"@id\":\"https:\\\/\\\/grifk-handball.com\\\/miehet\\\/#\\\/schema\\\/logo\\\/image\\\/\",\"url\":\"https:\\\/\\\/i0.wp.com\\\/grifk-handball.com\\\/miehet\\\/wp-content\\\/uploads\\\/sites\\\/2\\\/2016\\\/10\\\/logo-grifk-iso.png?fit=1200%2C1400&ssl=1\",\"contentUrl\":\"https:\\\/\\\/i0.wp.com\\\/grifk-handball.com\\\/miehet\\\/wp-content\\\/uploads\\\/sites\\\/2\\\/2016\\\/10\\\/logo-grifk-iso.png?fit=1200%2C1400&ssl=1\",\"width\":1200,\"height\":1400,\"caption\":\"GrIFK K\u00e4sipallo - miehet\"},\"image\":{\"@id\":\"https:\\\/\\\/grifk-handball.com\\\/miehet\\\/#\\\/schema\\\/logo\\\/image\\\/\"},\"sameAs\":[\"https:\\\/\\\/www.facebook.com\\\/GrIFKelit\\\/\",\"https:\\\/\\\/x.com\\\/GrIFK_MSM\",\"https:\\\/\\\/www.instagram.com\\\/grifk_elit\\\/\"]},{\"@type\":\"Person\",\"@id\":\"https:\\\/\\\/grifk-handball.com\\\/miehet\\\/#\\\/schema\\\/person\\\/9da98c743e3f0f85a1b32f59241b48e0\",\"name\":\"granimaster\",\"image\":{\"@type\":\"ImageObject\",\"inLanguage\":\"fi\",\"@id\":\"https:\\\/\\\/secure.gravatar.com\\\/avatar\\\/034b8e6380fc659c320f13e17fe45bd9ab48a21e2debadd5f3179bde291949df?s=96&d=mm&r=g\",\"url\":\"https:\\\/\\\/secure.gravatar.com\\\/avatar\\\/034b8e6380fc659c320f13e17fe45bd9ab48a21e2debadd5f3179bde291949df?s=96&d=mm&r=g\",\"contentUrl\":\"https:\\\/\\\/secure.gravatar.com\\\/avatar\\\/034b8e6380fc659c320f13e17fe45bd9ab48a21e2debadd5f3179bde291949df?s=96&d=mm&r=g\",\"caption\":\"granimaster\"},\"url\":\"https:\\\/\\\/grifk-handball.com\\\/miehet\\\/author\\\/granimaster\\\/\"}]}<\/script>\n<!-- \/ Yoast SEO plugin. -->","yoast_head_json":{"title":"Draamaa ja taistelua tiedossa kun GrIFK ja SIF ly\u00f6v\u00e4t yhteen &#8212; GrIFK K\u00e4sipallo - miehet","robots":{"index":"index","follow":"follow","max-snippet":"max-snippet:-1","max-image-preview":"max-image-preview:large","max-video-preview":"max-video-preview:-1"},"canonical":"https:\/\/grifk-handball.com\/miehet\/kausi-2020-21\/ennakot-2020-21\/draamaa-ja-taistelua-tiedossa-kun-grifk-ja-sif-lyovat-yhteen\/","og_locale":"fi_FI","og_type":"article","og_title":"Draamaa ja taistelua tiedossa kun GrIFK ja SIF ly\u00f6v\u00e4t yhteen &#8212; GrIFK K\u00e4sipallo - miehet","og_description":"GrIFK ja SIF aloittavat tiistaina puoliv\u00e4lier\u00e4sarjan, joka lienee yksi odotetuimmista ottelusarjoista kauden SM-liigassa. Joukkueet osuivat Play offeissa vastakkain nyt jo kolmantena kev\u00e4\u00e4n\u00e4 per\u00e4kk\u00e4in, tosin viime vuonna ottelusarja j\u00e4i pelaamatta kokonaan.","og_url":"https:\/\/grifk-handball.com\/miehet\/kausi-2020-21\/ennakot-2020-21\/draamaa-ja-taistelua-tiedossa-kun-grifk-ja-sif-lyovat-yhteen\/","og_site_name":"GrIFK K\u00e4sipallo - miehet","article_publisher":"https:\/\/www.facebook.com\/GrIFKelit\/","article_published_time":"2021-03-21T17:59:21+00:00","article_modified_time":"2021-03-22T09:30:31+00:00","og_image":[{"width":1030,"height":711,"url":"https:\/\/grifk-handball.com\/miehet\/wp-content\/uploads\/sites\/2\/2020\/11\/kp1419141752-1030x711.jpg","type":"image\/jpeg"}],"author":"granimaster","twitter_card":"summary_large_image","twitter_creator":"@GrIFK_MSM","twitter_site":"@GrIFK_MSM","twitter_misc":{"Kirjoittanut":"granimaster","Arvioitu lukuaika":"5 minuuttia"},"schema":{"@context":"https:\/\/schema.org","@graph":[{"@type":"Article","@id":"https:\/\/grifk-handball.com\/miehet\/kausi-2020-21\/ennakot-2020-21\/draamaa-ja-taistelua-tiedossa-kun-grifk-ja-sif-lyovat-yhteen\/#article","isPartOf":{"@id":"https:\/\/grifk-handball.com\/miehet\/kausi-2020-21\/ennakot-2020-21\/draamaa-ja-taistelua-tiedossa-kun-grifk-ja-sif-lyovat-yhteen\/"},"author":{"name":"granimaster","@id":"https:\/\/grifk-handball.com\/miehet\/#\/schema\/person\/9da98c743e3f0f85a1b32f59241b48e0"},"headline":"Draamaa ja taistelua tiedossa kun GrIFK ja SIF ly\u00f6v\u00e4t yhteen","datePublished":"2021-03-21T17:59:21+00:00","dateModified":"2021-03-22T09:30:31+00:00","mainEntityOfPage":{"@id":"https:\/\/grifk-handball.com\/miehet\/kausi-2020-21\/ennakot-2020-21\/draamaa-ja-taistelua-tiedossa-kun-grifk-ja-sif-lyovat-yhteen\/"},"wordCount":1577,"publisher":{"@id":"https:\/\/grifk-handball.com\/miehet\/#organization"},"image":{"@id":"https:\/\/grifk-handball.com\/miehet\/kausi-2020-21\/ennakot-2020-21\/draamaa-ja-taistelua-tiedossa-kun-grifk-ja-sif-lyovat-yhteen\/#primaryimage"},"thumbnailUrl":"https:\/\/i0.wp.com\/grifk-handball.com\/miehet\/wp-content\/uploads\/sites\/2\/2020\/11\/kp1419141752.jpg?fit=2400%2C1656&ssl=1","keywords":["#BomBom","#respect","#Tunnetta peliin","COVID-19","GrIFK","Play Off","Puoliv\u00e4lier\u00e4","SIF","SM-liiga"],"articleSection":["Ennakot 2020-21"],"inLanguage":"fi"},{"@type":"WebPage","@id":"https:\/\/grifk-handball.com\/miehet\/kausi-2020-21\/ennakot-2020-21\/draamaa-ja-taistelua-tiedossa-kun-grifk-ja-sif-lyovat-yhteen\/","url":"https:\/\/grifk-handball.com\/miehet\/kausi-2020-21\/ennakot-2020-21\/draamaa-ja-taistelua-tiedossa-kun-grifk-ja-sif-lyovat-yhteen\/","name":"Draamaa ja taistelua tiedossa kun GrIFK ja SIF ly\u00f6v\u00e4t yhteen &#8212; GrIFK K\u00e4sipallo - miehet","isPartOf":{"@id":"https:\/\/grifk-handball.com\/miehet\/#website"},"primaryImageOfPage":{"@id":"https:\/\/grifk-handball.com\/miehet\/kausi-2020-21\/ennakot-2020-21\/draamaa-ja-taistelua-tiedossa-kun-grifk-ja-sif-lyovat-yhteen\/#primaryimage"},"image":{"@id":"https:\/\/grifk-handball.com\/miehet\/kausi-2020-21\/ennakot-2020-21\/draamaa-ja-taistelua-tiedossa-kun-grifk-ja-sif-lyovat-yhteen\/#primaryimage"},"thumbnailUrl":"https:\/\/i0.wp.com\/grifk-handball.com\/miehet\/wp-content\/uploads\/sites\/2\/2020\/11\/kp1419141752.jpg?fit=2400%2C1656&ssl=1","datePublished":"2021-03-21T17:59:21+00:00","dateModified":"2021-03-22T09:30:31+00:00","breadcrumb":{"@id":"https:\/\/grifk-handball.com\/miehet\/kausi-2020-21\/ennakot-2020-21\/draamaa-ja-taistelua-tiedossa-kun-grifk-ja-sif-lyovat-yhteen\/#breadcrumb"},"inLanguage":"fi","potentialAction":[{"@type":"ReadAction","target":["https:\/\/grifk-handball.com\/miehet\/kausi-2020-21\/ennakot-2020-21\/draamaa-ja-taistelua-tiedossa-kun-grifk-ja-sif-lyovat-yhteen\/"]}]},{"@type":"ImageObject","inLanguage":"fi","@id":"https:\/\/grifk-handball.com\/miehet\/kausi-2020-21\/ennakot-2020-21\/draamaa-ja-taistelua-tiedossa-kun-grifk-ja-sif-lyovat-yhteen\/#primaryimage","url":"https:\/\/i0.wp.com\/grifk-handball.com\/miehet\/wp-content\/uploads\/sites\/2\/2020\/11\/kp1419141752.jpg?fit=2400%2C1656&ssl=1","contentUrl":"https:\/\/i0.wp.com\/grifk-handball.com\/miehet\/wp-content\/uploads\/sites\/2\/2020\/11\/kp1419141752.jpg?fit=2400%2C1656&ssl=1","width":2400,"height":1656,"caption":"Fredrik Karlsson# 11 SIF ja Jere Kantee #10, GrIFK k\u00e4sipallon Miesten SM-liiga SIF - GrIFK ottelussa Fennia Arena Siuntio 14. marraskuuta 2020. (Kalle Parkkinen\/Newspix24)"},{"@type":"BreadcrumbList","@id":"https:\/\/grifk-handball.com\/miehet\/kausi-2020-21\/ennakot-2020-21\/draamaa-ja-taistelua-tiedossa-kun-grifk-ja-sif-lyovat-yhteen\/#breadcrumb","itemListElement":[{"@type":"ListItem","position":1,"name":"Home","item":"https:\/\/grifk-handball.com\/miehet\/etusivu-260109\/"},{"@type":"ListItem","position":2,"name":"Draamaa ja taistelua tiedossa kun GrIFK ja SIF ly\u00f6v\u00e4t yhteen"}]},{"@type":"WebSite","@id":"https:\/\/grifk-handball.com\/miehet\/#website","url":"https:\/\/grifk-handball.com\/miehet\/","name":"GrIFK K\u00e4sipallo - miehet","description":"BomBom!","publisher":{"@id":"https:\/\/grifk-handball.com\/miehet\/#organization"},"potentialAction":[{"@type":"SearchAction","target":{"@type":"EntryPoint","urlTemplate":"https:\/\/grifk-handball.com\/miehet\/?s={search_term_string}"},"query-input":{"@type":"PropertyValueSpecification","valueRequired":true,"valueName":"search_term_string"}}],"inLanguage":"fi"},{"@type":"Organization","@id":"https:\/\/grifk-handball.com\/miehet\/#organization","name":"GrIFK K\u00e4sipallo - miehet","url":"https:\/\/grifk-handball.com\/miehet\/","logo":{"@type":"ImageObject","inLanguage":"fi","@id":"https:\/\/grifk-handball.com\/miehet\/#\/schema\/logo\/image\/","url":"https:\/\/i0.wp.com\/grifk-handball.com\/miehet\/wp-content\/uploads\/sites\/2\/2016\/10\/logo-grifk-iso.png?fit=1200%2C1400&ssl=1","contentUrl":"https:\/\/i0.wp.com\/grifk-handball.com\/miehet\/wp-content\/uploads\/sites\/2\/2016\/10\/logo-grifk-iso.png?fit=1200%2C1400&ssl=1","width":1200,"height":1400,"caption":"GrIFK K\u00e4sipallo - miehet"},"image":{"@id":"https:\/\/grifk-handball.com\/miehet\/#\/schema\/logo\/image\/"},"sameAs":["https:\/\/www.facebook.com\/GrIFKelit\/","https:\/\/x.com\/GrIFK_MSM","https:\/\/www.instagram.com\/grifk_elit\/"]},{"@type":"Person","@id":"https:\/\/grifk-handball.com\/miehet\/#\/schema\/person\/9da98c743e3f0f85a1b32f59241b48e0","name":"granimaster","image":{"@type":"ImageObject","inLanguage":"fi","@id":"https:\/\/secure.gravatar.com\/avatar\/034b8e6380fc659c320f13e17fe45bd9ab48a21e2debadd5f3179bde291949df?s=96&d=mm&r=g","url":"https:\/\/secure.gravatar.com\/avatar\/034b8e6380fc659c320f13e17fe45bd9ab48a21e2debadd5f3179bde291949df?s=96&d=mm&r=g","contentUrl":"https:\/\/secure.gravatar.com\/avatar\/034b8e6380fc659c320f13e17fe45bd9ab48a21e2debadd5f3179bde291949df?s=96&d=mm&r=g","caption":"granimaster"},"url":"https:\/\/grifk-handball.com\/miehet\/author\/granimaster\/"}]}},"jetpack_featured_media_url":"https:\/\/i0.wp.com\/grifk-handball.com\/miehet\/wp-content\/uploads\/sites\/2\/2020\/11\/kp1419141752.jpg?fit=2400%2C1656&ssl=1","jetpack_shortlink":"https:\/\/wp.me\/p9jQ9a-3V8","_links":{"self":[{"href":"https:\/\/grifk-handball.com\/miehet\/wp-json\/wp\/v2\/posts\/15074","targetHints":{"allow":["GET"]}}],"collection":[{"href":"https:\/\/grifk-handball.com\/miehet\/wp-json\/wp\/v2\/posts"}],"about":[{"href":"https:\/\/grifk-handball.com\/miehet\/wp-json\/wp\/v2\/types\/post"}],"author":[{"embeddable":true,"href":"https:\/\/grifk-handball.com\/miehet\/wp-json\/wp\/v2\/users\/1"}],"replies":[{"embeddable":true,"href":"https:\/\/grifk-handball.com\/miehet\/wp-json\/wp\/v2\/comments?post=15074"}],"version-history":[{"count":41,"href":"https:\/\/grifk-handball.com\/miehet\/wp-json\/wp\/v2\/posts\/15074\/revisions"}],"predecessor-version":[{"id":15143,"href":"https:\/\/grifk-handball.com\/miehet\/wp-json\/wp\/v2\/posts\/15074\/revisions\/15143"}],"wp:featuredmedia":[{"embeddable":true,"href":"https:\/\/grifk-handball.com\/miehet\/wp-json\/wp\/v2\/media\/14484"}],"wp:attachment":[{"href":"https:\/\/grifk-handball.com\/miehet\/wp-json\/wp\/v2\/media?parent=15074"}],"wp:term":[{"taxonomy":"category","embeddable":true,"href":"https:\/\/grifk-handball.com\/miehet\/wp-json\/wp\/v2\/categories?post=15074"},{"taxonomy":"post_tag","embeddable":true,"href":"https:\/\/grifk-handball.com\/miehet\/wp-json\/wp\/v2\/tags?post=15074"}],"curies":[{"name":"wp","href":"https:\/\/api.w.org\/{rel}","templated":true}]}}