{"id":15312,"date":"2021-05-27T12:47:34","date_gmt":"2021-05-27T09:47:34","guid":{"rendered":"https:\/\/grifk-handball.com\/miehet\/?p=15312"},"modified":"2021-05-27T13:52:05","modified_gmt":"2021-05-27T10:52:05","slug":"ensi-kauden-joukkue-muotoutumassa-roslander-ja-weurlander-grifkhon","status":"publish","type":"post","link":"https:\/\/grifk-handball.com\/miehet\/uutiset\/ensi-kauden-joukkue-muotoutumassa-roslander-ja-weurlander-grifkhon\/","title":{"rendered":"Ensi kauden joukkue muotoutumassa &#8211; Roslander ja Weurlander GrIFK:hon"},"content":{"rendered":"<p>Kev\u00e4\u00e4ll\u00e4 SM-liigassa nelj\u00e4nneksi sijoittunut GrIFK on solminut sopimukset kahden maajoukkuemiehen kanssa. Dickenist\u00e4 siirtyv\u00e4 maalivahti Patrik Roslander ja SIF:st\u00e4 tuleva takapelaaja Carl Weurlander nostavat Granin entist\u00e4 vahvemmaksi tekij\u00e4ksi ensi kauden mitalikamppailussa. Edustusrinkiin nostetaan lis\u00e4ksi tukku seuran omia junioreita.<!--more--><\/p>\n<h4>&#8221;Merkitt\u00e4v\u00e4 vahvistus meille&#8221;<\/h4>\n<p>Viime kaudella maajoukkueen ykk\u00f6svahdiksi noussut Roslander oli mukana jo HC Westiss\u00e4 valloittamassa 2011 ja 2012 Suomen mestaruudet ennen paluutaan kasvattajaseuraansa Dickeniin, jossa h\u00e4n saavutti kuusi SM-hopeaa ja yhden pronssin. Suomen Cupin Roslander on ollut\u00a0 voittamassa kahdesti.<\/p>\n<p><img data-recalc-dims=\"1\" loading=\"lazy\" decoding=\"async\" class=\"alignnone size-full wp-image-15315\" src=\"https:\/\/i0.wp.com\/grifk-handball.com\/miehet\/wp-content\/uploads\/sites\/2\/2021\/05\/roslander-kallman-grifk.jpg?resize=1334%2C750&#038;ssl=1\" alt=\"\" width=\"1334\" height=\"750\" srcset=\"https:\/\/i0.wp.com\/grifk-handball.com\/miehet\/wp-content\/uploads\/sites\/2\/2021\/05\/roslander-kallman-grifk.jpg?w=1334&amp;ssl=1 1334w, https:\/\/i0.wp.com\/grifk-handball.com\/miehet\/wp-content\/uploads\/sites\/2\/2021\/05\/roslander-kallman-grifk.jpg?resize=300%2C169&amp;ssl=1 300w, https:\/\/i0.wp.com\/grifk-handball.com\/miehet\/wp-content\/uploads\/sites\/2\/2021\/05\/roslander-kallman-grifk.jpg?resize=1030%2C579&amp;ssl=1 1030w, https:\/\/i0.wp.com\/grifk-handball.com\/miehet\/wp-content\/uploads\/sites\/2\/2021\/05\/roslander-kallman-grifk.jpg?resize=768%2C432&amp;ssl=1 768w, https:\/\/i0.wp.com\/grifk-handball.com\/miehet\/wp-content\/uploads\/sites\/2\/2021\/05\/roslander-kallman-grifk.jpg?resize=705%2C396&amp;ssl=1 705w\" sizes=\"auto, (max-width: 1334px) 100vw, 1334px\" \/><\/p>\n<p>&#8211; Paaki on n\u00e4ytt\u00e4nyt tasonsa SM-liigassa ja maajoukkueessa. H\u00e4n on voittava maalivahti, joka voi jopa yksin k\u00e4\u00e4nt\u00e4\u00e4 otteluita. H\u00e4n on meille hyv\u00e4 lis\u00e4 tiukan puolustuksen taakse, iloitsee Granin p\u00e4\u00e4valmentaja Mikael K\u00e4llman.<\/p>\n<p>&#8211; Roslanderin tulo on luonnollisesti merkitt\u00e4v\u00e4 vahvistus meille. Uskomme, ett\u00e4 t\u00e4m\u00e4 pala vie meit\u00e4 viel\u00e4 l\u00e4hemm\u00e4s Suomen kirkkainta eliitti\u00e4, GrIFK:n puheenjohtaja Kristoffer Aspelin kommentoi 31 maaottelua pelanneesta maalivahdista.<\/p>\n<p>Roslanderin aisaparina jatkaa Atte Pakarinen. Kokenut kaksikko saa sparraajakseen GrIFK:n omista junioreista edustusmiehist\u00f6\u00f6n nostetun Fredrik Parvisen.<\/p>\n<h4>&#8221;Kova halu kehitty\u00e4&#8221;<\/h4>\n<p>Siuntiosta siirtyv\u00e4n Kirkkonummelaisessa KyIF:ss\u00e4 k\u00e4sipallon aloittanut 22-vuotias Carl Weurlander on kookas takaheitt\u00e4j\u00e4, joka nuoresta i\u00e4st\u00e4\u00e4n huolimatta on jo paitsi kokenut liigapelaaja, my\u00f6s p\u00e4\u00e4ssyt haistelemaan A-maajoukkueen ilmapiiri\u00e4.<\/p>\n<p>Monipuolinen 196-senttinen Weurlander saapuu paikkaamaan Granista l\u00e4hteneiden takapelaajien j\u00e4tt\u00e4m\u00e4\u00e4 aukkoa.<\/p>\n<p>&#8211; Weurlander on hyv\u00e4 puolustamaan ja osaa pelata pallon viivalle. H\u00e4nen kanssaan mahdollisuutemme monipuolisempaan hy\u00f6kk\u00e4yspeliin kasvaa, kun meill\u00e4 on nyt vaihtoehtoina pelata joko pienemm\u00e4ll\u00e4 keskitakarakentajalla tai vaikka kolmella kookkaalla heitt\u00e4j\u00e4ll\u00e4, K\u00e4llman suunnittelee.<\/p>\n<p>Weurlander on ollut tyytyv\u00e4inen ensimm\u00e4isiin viikkoihin uudessa seurassaan:<\/p>\n<p>&#8211; Hyv\u00e4 fiilis ollut heti ensimm\u00e4isist\u00e4 treeneist\u00e4 l\u00e4htien. Minulla on kova halu kehitty\u00e4 sek\u00e4 fyysisesti ett\u00e4 pelillisesti, ja sit\u00e4 kautta auttaa Grani takaisin mitalikantaan.<\/p>\n<h4>&#8221;Lupaavia nuoria, joilla asenne kohdallaan&#8221;<\/h4>\n<p>GrIFK:n tulevan kauden joukkueessa n\u00e4hd\u00e4\u00e4n hieman aiempia vuosia enemm\u00e4n muutoksia. Lopettaneiden Ville Viljasen, Patrik Johansonin, Christoffer Sj\u00f6blomin, Daniel ja Alexander L\u00e5ngin sek\u00e4 Tommi Haverisen tilalle rinkiin nostetaan kertaheitolla kuusi omaa kasvattia.<\/p>\n<p>Maalivahti Parvisen (2003)\u00a0 lis\u00e4ksi takapelaajat Alexander Gumpler (2001), Karim Mbembela (2003) ja Anton Olin (2003), sentteri Sebastian Hernelahti (2003) sek\u00e4 oikea laita Fredrik Von Troil (2004) l\u00e4htev\u00e4t kilvoittelemaan pelipaikoista SM-liigassa.<\/p>\n<p>Mikael K\u00e4llman pit\u00e4\u00e4 nuorisoryhm\u00e4\u00e4 lupaavana porukkana, jonka taso ja asenne on varsin hyv\u00e4.<\/p>\n<p>&#8211; Heill\u00e4 on nyt edess\u00e4\u00e4n totutteluvuosi. Murtautuuko joku heist\u00e4 pelaavaan kokoonpanoon jo tulevalla kaudella j\u00e4\u00e4 n\u00e4ht\u00e4v\u00e4ksi, pelaajien kehitys on kuitenkin se p\u00e4\u00e4llimm\u00e4inen tavoite.<\/p>\n<p>Kehuja saa my\u00f6s Granin juniori- ja divarijoukkueiden valmentajat. Fysiikkavalmentaja Anton Paavola on yhdess\u00e4 junioripuolella ty\u00f6skennelleiden Sam Kihlstedtin, Patrik Johansonin ja Mikael Westerholmin kanssa tehnyt loistavaa pohjaty\u00f6t\u00e4.<\/p>\n<p>Seura satsaa liigan lis\u00e4ksi my\u00f6s A-junioreiden SM- sek\u00e4 divarijoukkueisiin, joilla molemmilla on tavoitteena sarjavoitto.<\/p>\n","protected":false},"excerpt":{"rendered":"<p>Kev\u00e4\u00e4ll\u00e4 SM-liigassa nelj\u00e4nneksi sijoittunut GrIFK on solminut sopimukset kahden maajoukkuemiehen kanssa. Dickenist\u00e4 siirtyv\u00e4 maalivahti Patrik Roslander ja SIF:st\u00e4 tuleva takapelaaja Carl Weurlander nostavat Granin entist\u00e4 vahvemmaksi tekij\u00e4ksi ensi kauden mitalikamppailussa. Edustusrinkiin nostetaan lis\u00e4ksi tukku seuran omia junioreita.<\/p>\n","protected":false},"author":1,"featured_media":15316,"comment_status":"closed","ping_status":"closed","sticky":false,"template":"","format":"standard","meta":{"_acf_changed":false,"footnotes":""},"categories":[465,7],"tags":[12,26,471,25,473,469,41],"class_list":["post-15312","post","type-post","status-publish","format-standard","has-post-thumbnail","hentry","category-ennakot-2021-22","category-uutiset","tag-bombom","tag-grifkhandball","tag-carl-weurlander","tag-grifk","tag-patrik-roslander","tag-pelaajat-2021-22","tag-sm-liiga"],"acf":[],"yoast_head":"<!-- This site is optimized with the Yoast SEO plugin v27.5 - https:\/\/yoast.com\/product\/yoast-seo-wordpress\/ -->\n<title>Ensi kauden joukkue muotoutumassa - Roslander ja Weurlander GrIFK:hon &#8212; GrIFK K\u00e4sipallo - miehet<\/title>\n<meta name=\"robots\" content=\"index, follow, max-snippet:-1, max-image-preview:large, max-video-preview:-1\" \/>\n<link rel=\"canonical\" href=\"https:\/\/grifk-handball.com\/miehet\/uutiset\/ensi-kauden-joukkue-muotoutumassa-roslander-ja-weurlander-grifkhon\/\" \/>\n<meta property=\"og:locale\" content=\"fi_FI\" \/>\n<meta property=\"og:type\" content=\"article\" \/>\n<meta property=\"og:title\" content=\"Ensi kauden joukkue muotoutumassa - Roslander ja Weurlander GrIFK:hon &#8212; GrIFK K\u00e4sipallo - miehet\" \/>\n<meta property=\"og:description\" content=\"Kev\u00e4\u00e4ll\u00e4 SM-liigassa nelj\u00e4nneksi sijoittunut GrIFK on solminut sopimukset kahden maajoukkuemiehen kanssa. Dickenist\u00e4 siirtyv\u00e4 maalivahti Patrik Roslander ja SIF:st\u00e4 tuleva takapelaaja Carl Weurlander nostavat Granin entist\u00e4 vahvemmaksi tekij\u00e4ksi ensi kauden mitalikamppailussa. Edustusrinkiin nostetaan lis\u00e4ksi tukku seuran omia junioreita.\" \/>\n<meta property=\"og:url\" content=\"https:\/\/grifk-handball.com\/miehet\/uutiset\/ensi-kauden-joukkue-muotoutumassa-roslander-ja-weurlander-grifkhon\/\" \/>\n<meta property=\"og:site_name\" content=\"GrIFK K\u00e4sipallo - miehet\" \/>\n<meta property=\"article:publisher\" content=\"https:\/\/www.facebook.com\/GrIFKelit\/\" \/>\n<meta property=\"article:published_time\" content=\"2021-05-27T09:47:34+00:00\" \/>\n<meta property=\"article:modified_time\" content=\"2021-05-27T10:52:05+00:00\" \/>\n<meta property=\"og:image\" content=\"https:\/\/i0.wp.com\/grifk-handball.com\/miehet\/wp-content\/uploads\/sites\/2\/2021\/05\/weurlander-grifk.jpg?fit=1334%2C750&ssl=1\" \/>\n\t<meta property=\"og:image:width\" content=\"1334\" \/>\n\t<meta property=\"og:image:height\" content=\"750\" \/>\n\t<meta property=\"og:image:type\" content=\"image\/jpeg\" \/>\n<meta name=\"author\" content=\"granimaster\" \/>\n<meta name=\"twitter:card\" content=\"summary_large_image\" \/>\n<meta name=\"twitter:creator\" content=\"@GrIFK_MSM\" \/>\n<meta name=\"twitter:site\" content=\"@GrIFK_MSM\" \/>\n<meta name=\"twitter:label1\" content=\"Kirjoittanut\" \/>\n\t<meta name=\"twitter:data1\" content=\"granimaster\" \/>\n\t<meta name=\"twitter:label2\" content=\"Arvioitu lukuaika\" \/>\n\t<meta name=\"twitter:data2\" content=\"2 minuuttia\" \/>\n<script type=\"application\/ld+json\" class=\"yoast-schema-graph\">{\"@context\":\"https:\\\/\\\/schema.org\",\"@graph\":[{\"@type\":\"Article\",\"@id\":\"https:\\\/\\\/grifk-handball.com\\\/miehet\\\/uutiset\\\/ensi-kauden-joukkue-muotoutumassa-roslander-ja-weurlander-grifkhon\\\/#article\",\"isPartOf\":{\"@id\":\"https:\\\/\\\/grifk-handball.com\\\/miehet\\\/uutiset\\\/ensi-kauden-joukkue-muotoutumassa-roslander-ja-weurlander-grifkhon\\\/\"},\"author\":{\"name\":\"granimaster\",\"@id\":\"https:\\\/\\\/grifk-handball.com\\\/miehet\\\/#\\\/schema\\\/person\\\/9da98c743e3f0f85a1b32f59241b48e0\"},\"headline\":\"Ensi kauden joukkue muotoutumassa &#8211; Roslander ja Weurlander GrIFK:hon\",\"datePublished\":\"2021-05-27T09:47:34+00:00\",\"dateModified\":\"2021-05-27T10:52:05+00:00\",\"mainEntityOfPage\":{\"@id\":\"https:\\\/\\\/grifk-handball.com\\\/miehet\\\/uutiset\\\/ensi-kauden-joukkue-muotoutumassa-roslander-ja-weurlander-grifkhon\\\/\"},\"wordCount\":462,\"publisher\":{\"@id\":\"https:\\\/\\\/grifk-handball.com\\\/miehet\\\/#organization\"},\"image\":{\"@id\":\"https:\\\/\\\/grifk-handball.com\\\/miehet\\\/uutiset\\\/ensi-kauden-joukkue-muotoutumassa-roslander-ja-weurlander-grifkhon\\\/#primaryimage\"},\"thumbnailUrl\":\"https:\\\/\\\/i0.wp.com\\\/grifk-handball.com\\\/miehet\\\/wp-content\\\/uploads\\\/sites\\\/2\\\/2021\\\/05\\\/weurlander-grifk.jpg?fit=1334%2C750&ssl=1\",\"keywords\":[\"#BomBom\",\"#GrIFKHandball\",\"Carl Weurlander\",\"GrIFK\",\"Patrik Roslander\",\"Pelaajat 2021-22\",\"SM-liiga\"],\"articleSection\":[\"Ennakot 2021-22\",\"Uutiset\"],\"inLanguage\":\"fi\"},{\"@type\":\"WebPage\",\"@id\":\"https:\\\/\\\/grifk-handball.com\\\/miehet\\\/uutiset\\\/ensi-kauden-joukkue-muotoutumassa-roslander-ja-weurlander-grifkhon\\\/\",\"url\":\"https:\\\/\\\/grifk-handball.com\\\/miehet\\\/uutiset\\\/ensi-kauden-joukkue-muotoutumassa-roslander-ja-weurlander-grifkhon\\\/\",\"name\":\"Ensi kauden joukkue muotoutumassa - Roslander ja Weurlander GrIFK:hon &#8212; GrIFK K\u00e4sipallo - miehet\",\"isPartOf\":{\"@id\":\"https:\\\/\\\/grifk-handball.com\\\/miehet\\\/#website\"},\"primaryImageOfPage\":{\"@id\":\"https:\\\/\\\/grifk-handball.com\\\/miehet\\\/uutiset\\\/ensi-kauden-joukkue-muotoutumassa-roslander-ja-weurlander-grifkhon\\\/#primaryimage\"},\"image\":{\"@id\":\"https:\\\/\\\/grifk-handball.com\\\/miehet\\\/uutiset\\\/ensi-kauden-joukkue-muotoutumassa-roslander-ja-weurlander-grifkhon\\\/#primaryimage\"},\"thumbnailUrl\":\"https:\\\/\\\/i0.wp.com\\\/grifk-handball.com\\\/miehet\\\/wp-content\\\/uploads\\\/sites\\\/2\\\/2021\\\/05\\\/weurlander-grifk.jpg?fit=1334%2C750&ssl=1\",\"datePublished\":\"2021-05-27T09:47:34+00:00\",\"dateModified\":\"2021-05-27T10:52:05+00:00\",\"breadcrumb\":{\"@id\":\"https:\\\/\\\/grifk-handball.com\\\/miehet\\\/uutiset\\\/ensi-kauden-joukkue-muotoutumassa-roslander-ja-weurlander-grifkhon\\\/#breadcrumb\"},\"inLanguage\":\"fi\",\"potentialAction\":[{\"@type\":\"ReadAction\",\"target\":[\"https:\\\/\\\/grifk-handball.com\\\/miehet\\\/uutiset\\\/ensi-kauden-joukkue-muotoutumassa-roslander-ja-weurlander-grifkhon\\\/\"]}]},{\"@type\":\"ImageObject\",\"inLanguage\":\"fi\",\"@id\":\"https:\\\/\\\/grifk-handball.com\\\/miehet\\\/uutiset\\\/ensi-kauden-joukkue-muotoutumassa-roslander-ja-weurlander-grifkhon\\\/#primaryimage\",\"url\":\"https:\\\/\\\/i0.wp.com\\\/grifk-handball.com\\\/miehet\\\/wp-content\\\/uploads\\\/sites\\\/2\\\/2021\\\/05\\\/weurlander-grifk.jpg?fit=1334%2C750&ssl=1\",\"contentUrl\":\"https:\\\/\\\/i0.wp.com\\\/grifk-handball.com\\\/miehet\\\/wp-content\\\/uploads\\\/sites\\\/2\\\/2021\\\/05\\\/weurlander-grifk.jpg?fit=1334%2C750&ssl=1\",\"width\":1334,\"height\":750},{\"@type\":\"BreadcrumbList\",\"@id\":\"https:\\\/\\\/grifk-handball.com\\\/miehet\\\/uutiset\\\/ensi-kauden-joukkue-muotoutumassa-roslander-ja-weurlander-grifkhon\\\/#breadcrumb\",\"itemListElement\":[{\"@type\":\"ListItem\",\"position\":1,\"name\":\"Home\",\"item\":\"https:\\\/\\\/grifk-handball.com\\\/miehet\\\/etusivu-260109\\\/\"},{\"@type\":\"ListItem\",\"position\":2,\"name\":\"Ensi kauden joukkue muotoutumassa &#8211; Roslander ja Weurlander GrIFK:hon\"}]},{\"@type\":\"WebSite\",\"@id\":\"https:\\\/\\\/grifk-handball.com\\\/miehet\\\/#website\",\"url\":\"https:\\\/\\\/grifk-handball.com\\\/miehet\\\/\",\"name\":\"GrIFK K\u00e4sipallo - miehet\",\"description\":\"BomBom!\",\"publisher\":{\"@id\":\"https:\\\/\\\/grifk-handball.com\\\/miehet\\\/#organization\"},\"potentialAction\":[{\"@type\":\"SearchAction\",\"target\":{\"@type\":\"EntryPoint\",\"urlTemplate\":\"https:\\\/\\\/grifk-handball.com\\\/miehet\\\/?s={search_term_string}\"},\"query-input\":{\"@type\":\"PropertyValueSpecification\",\"valueRequired\":true,\"valueName\":\"search_term_string\"}}],\"inLanguage\":\"fi\"},{\"@type\":\"Organization\",\"@id\":\"https:\\\/\\\/grifk-handball.com\\\/miehet\\\/#organization\",\"name\":\"GrIFK K\u00e4sipallo - miehet\",\"url\":\"https:\\\/\\\/grifk-handball.com\\\/miehet\\\/\",\"logo\":{\"@type\":\"ImageObject\",\"inLanguage\":\"fi\",\"@id\":\"https:\\\/\\\/grifk-handball.com\\\/miehet\\\/#\\\/schema\\\/logo\\\/image\\\/\",\"url\":\"https:\\\/\\\/i0.wp.com\\\/grifk-handball.com\\\/miehet\\\/wp-content\\\/uploads\\\/sites\\\/2\\\/2016\\\/10\\\/logo-grifk-iso.png?fit=1200%2C1400&ssl=1\",\"contentUrl\":\"https:\\\/\\\/i0.wp.com\\\/grifk-handball.com\\\/miehet\\\/wp-content\\\/uploads\\\/sites\\\/2\\\/2016\\\/10\\\/logo-grifk-iso.png?fit=1200%2C1400&ssl=1\",\"width\":1200,\"height\":1400,\"caption\":\"GrIFK K\u00e4sipallo - miehet\"},\"image\":{\"@id\":\"https:\\\/\\\/grifk-handball.com\\\/miehet\\\/#\\\/schema\\\/logo\\\/image\\\/\"},\"sameAs\":[\"https:\\\/\\\/www.facebook.com\\\/GrIFKelit\\\/\",\"https:\\\/\\\/x.com\\\/GrIFK_MSM\",\"https:\\\/\\\/www.instagram.com\\\/grifk_elit\\\/\"]},{\"@type\":\"Person\",\"@id\":\"https:\\\/\\\/grifk-handball.com\\\/miehet\\\/#\\\/schema\\\/person\\\/9da98c743e3f0f85a1b32f59241b48e0\",\"name\":\"granimaster\",\"image\":{\"@type\":\"ImageObject\",\"inLanguage\":\"fi\",\"@id\":\"https:\\\/\\\/secure.gravatar.com\\\/avatar\\\/034b8e6380fc659c320f13e17fe45bd9ab48a21e2debadd5f3179bde291949df?s=96&d=mm&r=g\",\"url\":\"https:\\\/\\\/secure.gravatar.com\\\/avatar\\\/034b8e6380fc659c320f13e17fe45bd9ab48a21e2debadd5f3179bde291949df?s=96&d=mm&r=g\",\"contentUrl\":\"https:\\\/\\\/secure.gravatar.com\\\/avatar\\\/034b8e6380fc659c320f13e17fe45bd9ab48a21e2debadd5f3179bde291949df?s=96&d=mm&r=g\",\"caption\":\"granimaster\"},\"url\":\"https:\\\/\\\/grifk-handball.com\\\/miehet\\\/author\\\/granimaster\\\/\"}]}<\/script>\n<!-- \/ Yoast SEO plugin. -->","yoast_head_json":{"title":"Ensi kauden joukkue muotoutumassa - Roslander ja Weurlander GrIFK:hon &#8212; GrIFK K\u00e4sipallo - miehet","robots":{"index":"index","follow":"follow","max-snippet":"max-snippet:-1","max-image-preview":"max-image-preview:large","max-video-preview":"max-video-preview:-1"},"canonical":"https:\/\/grifk-handball.com\/miehet\/uutiset\/ensi-kauden-joukkue-muotoutumassa-roslander-ja-weurlander-grifkhon\/","og_locale":"fi_FI","og_type":"article","og_title":"Ensi kauden joukkue muotoutumassa - Roslander ja Weurlander GrIFK:hon &#8212; GrIFK K\u00e4sipallo - miehet","og_description":"Kev\u00e4\u00e4ll\u00e4 SM-liigassa nelj\u00e4nneksi sijoittunut GrIFK on solminut sopimukset kahden maajoukkuemiehen kanssa. Dickenist\u00e4 siirtyv\u00e4 maalivahti Patrik Roslander ja SIF:st\u00e4 tuleva takapelaaja Carl Weurlander nostavat Granin entist\u00e4 vahvemmaksi tekij\u00e4ksi ensi kauden mitalikamppailussa. Edustusrinkiin nostetaan lis\u00e4ksi tukku seuran omia junioreita.","og_url":"https:\/\/grifk-handball.com\/miehet\/uutiset\/ensi-kauden-joukkue-muotoutumassa-roslander-ja-weurlander-grifkhon\/","og_site_name":"GrIFK K\u00e4sipallo - miehet","article_publisher":"https:\/\/www.facebook.com\/GrIFKelit\/","article_published_time":"2021-05-27T09:47:34+00:00","article_modified_time":"2021-05-27T10:52:05+00:00","og_image":[{"width":1334,"height":750,"url":"https:\/\/i0.wp.com\/grifk-handball.com\/miehet\/wp-content\/uploads\/sites\/2\/2021\/05\/weurlander-grifk.jpg?fit=1334%2C750&ssl=1","type":"image\/jpeg"}],"author":"granimaster","twitter_card":"summary_large_image","twitter_creator":"@GrIFK_MSM","twitter_site":"@GrIFK_MSM","twitter_misc":{"Kirjoittanut":"granimaster","Arvioitu lukuaika":"2 minuuttia"},"schema":{"@context":"https:\/\/schema.org","@graph":[{"@type":"Article","@id":"https:\/\/grifk-handball.com\/miehet\/uutiset\/ensi-kauden-joukkue-muotoutumassa-roslander-ja-weurlander-grifkhon\/#article","isPartOf":{"@id":"https:\/\/grifk-handball.com\/miehet\/uutiset\/ensi-kauden-joukkue-muotoutumassa-roslander-ja-weurlander-grifkhon\/"},"author":{"name":"granimaster","@id":"https:\/\/grifk-handball.com\/miehet\/#\/schema\/person\/9da98c743e3f0f85a1b32f59241b48e0"},"headline":"Ensi kauden joukkue muotoutumassa &#8211; Roslander ja Weurlander GrIFK:hon","datePublished":"2021-05-27T09:47:34+00:00","dateModified":"2021-05-27T10:52:05+00:00","mainEntityOfPage":{"@id":"https:\/\/grifk-handball.com\/miehet\/uutiset\/ensi-kauden-joukkue-muotoutumassa-roslander-ja-weurlander-grifkhon\/"},"wordCount":462,"publisher":{"@id":"https:\/\/grifk-handball.com\/miehet\/#organization"},"image":{"@id":"https:\/\/grifk-handball.com\/miehet\/uutiset\/ensi-kauden-joukkue-muotoutumassa-roslander-ja-weurlander-grifkhon\/#primaryimage"},"thumbnailUrl":"https:\/\/i0.wp.com\/grifk-handball.com\/miehet\/wp-content\/uploads\/sites\/2\/2021\/05\/weurlander-grifk.jpg?fit=1334%2C750&ssl=1","keywords":["#BomBom","#GrIFKHandball","Carl Weurlander","GrIFK","Patrik Roslander","Pelaajat 2021-22","SM-liiga"],"articleSection":["Ennakot 2021-22","Uutiset"],"inLanguage":"fi"},{"@type":"WebPage","@id":"https:\/\/grifk-handball.com\/miehet\/uutiset\/ensi-kauden-joukkue-muotoutumassa-roslander-ja-weurlander-grifkhon\/","url":"https:\/\/grifk-handball.com\/miehet\/uutiset\/ensi-kauden-joukkue-muotoutumassa-roslander-ja-weurlander-grifkhon\/","name":"Ensi kauden joukkue muotoutumassa - Roslander ja Weurlander GrIFK:hon &#8212; GrIFK K\u00e4sipallo - miehet","isPartOf":{"@id":"https:\/\/grifk-handball.com\/miehet\/#website"},"primaryImageOfPage":{"@id":"https:\/\/grifk-handball.com\/miehet\/uutiset\/ensi-kauden-joukkue-muotoutumassa-roslander-ja-weurlander-grifkhon\/#primaryimage"},"image":{"@id":"https:\/\/grifk-handball.com\/miehet\/uutiset\/ensi-kauden-joukkue-muotoutumassa-roslander-ja-weurlander-grifkhon\/#primaryimage"},"thumbnailUrl":"https:\/\/i0.wp.com\/grifk-handball.com\/miehet\/wp-content\/uploads\/sites\/2\/2021\/05\/weurlander-grifk.jpg?fit=1334%2C750&ssl=1","datePublished":"2021-05-27T09:47:34+00:00","dateModified":"2021-05-27T10:52:05+00:00","breadcrumb":{"@id":"https:\/\/grifk-handball.com\/miehet\/uutiset\/ensi-kauden-joukkue-muotoutumassa-roslander-ja-weurlander-grifkhon\/#breadcrumb"},"inLanguage":"fi","potentialAction":[{"@type":"ReadAction","target":["https:\/\/grifk-handball.com\/miehet\/uutiset\/ensi-kauden-joukkue-muotoutumassa-roslander-ja-weurlander-grifkhon\/"]}]},{"@type":"ImageObject","inLanguage":"fi","@id":"https:\/\/grifk-handball.com\/miehet\/uutiset\/ensi-kauden-joukkue-muotoutumassa-roslander-ja-weurlander-grifkhon\/#primaryimage","url":"https:\/\/i0.wp.com\/grifk-handball.com\/miehet\/wp-content\/uploads\/sites\/2\/2021\/05\/weurlander-grifk.jpg?fit=1334%2C750&ssl=1","contentUrl":"https:\/\/i0.wp.com\/grifk-handball.com\/miehet\/wp-content\/uploads\/sites\/2\/2021\/05\/weurlander-grifk.jpg?fit=1334%2C750&ssl=1","width":1334,"height":750},{"@type":"BreadcrumbList","@id":"https:\/\/grifk-handball.com\/miehet\/uutiset\/ensi-kauden-joukkue-muotoutumassa-roslander-ja-weurlander-grifkhon\/#breadcrumb","itemListElement":[{"@type":"ListItem","position":1,"name":"Home","item":"https:\/\/grifk-handball.com\/miehet\/etusivu-260109\/"},{"@type":"ListItem","position":2,"name":"Ensi kauden joukkue muotoutumassa &#8211; Roslander ja Weurlander GrIFK:hon"}]},{"@type":"WebSite","@id":"https:\/\/grifk-handball.com\/miehet\/#website","url":"https:\/\/grifk-handball.com\/miehet\/","name":"GrIFK K\u00e4sipallo - miehet","description":"BomBom!","publisher":{"@id":"https:\/\/grifk-handball.com\/miehet\/#organization"},"potentialAction":[{"@type":"SearchAction","target":{"@type":"EntryPoint","urlTemplate":"https:\/\/grifk-handball.com\/miehet\/?s={search_term_string}"},"query-input":{"@type":"PropertyValueSpecification","valueRequired":true,"valueName":"search_term_string"}}],"inLanguage":"fi"},{"@type":"Organization","@id":"https:\/\/grifk-handball.com\/miehet\/#organization","name":"GrIFK K\u00e4sipallo - miehet","url":"https:\/\/grifk-handball.com\/miehet\/","logo":{"@type":"ImageObject","inLanguage":"fi","@id":"https:\/\/grifk-handball.com\/miehet\/#\/schema\/logo\/image\/","url":"https:\/\/i0.wp.com\/grifk-handball.com\/miehet\/wp-content\/uploads\/sites\/2\/2016\/10\/logo-grifk-iso.png?fit=1200%2C1400&ssl=1","contentUrl":"https:\/\/i0.wp.com\/grifk-handball.com\/miehet\/wp-content\/uploads\/sites\/2\/2016\/10\/logo-grifk-iso.png?fit=1200%2C1400&ssl=1","width":1200,"height":1400,"caption":"GrIFK K\u00e4sipallo - miehet"},"image":{"@id":"https:\/\/grifk-handball.com\/miehet\/#\/schema\/logo\/image\/"},"sameAs":["https:\/\/www.facebook.com\/GrIFKelit\/","https:\/\/x.com\/GrIFK_MSM","https:\/\/www.instagram.com\/grifk_elit\/"]},{"@type":"Person","@id":"https:\/\/grifk-handball.com\/miehet\/#\/schema\/person\/9da98c743e3f0f85a1b32f59241b48e0","name":"granimaster","image":{"@type":"ImageObject","inLanguage":"fi","@id":"https:\/\/secure.gravatar.com\/avatar\/034b8e6380fc659c320f13e17fe45bd9ab48a21e2debadd5f3179bde291949df?s=96&d=mm&r=g","url":"https:\/\/secure.gravatar.com\/avatar\/034b8e6380fc659c320f13e17fe45bd9ab48a21e2debadd5f3179bde291949df?s=96&d=mm&r=g","contentUrl":"https:\/\/secure.gravatar.com\/avatar\/034b8e6380fc659c320f13e17fe45bd9ab48a21e2debadd5f3179bde291949df?s=96&d=mm&r=g","caption":"granimaster"},"url":"https:\/\/grifk-handball.com\/miehet\/author\/granimaster\/"}]}},"jetpack_featured_media_url":"https:\/\/i0.wp.com\/grifk-handball.com\/miehet\/wp-content\/uploads\/sites\/2\/2021\/05\/weurlander-grifk.jpg?fit=1334%2C750&ssl=1","jetpack_shortlink":"https:\/\/wp.me\/p9jQ9a-3YY","_links":{"self":[{"href":"https:\/\/grifk-handball.com\/miehet\/wp-json\/wp\/v2\/posts\/15312","targetHints":{"allow":["GET"]}}],"collection":[{"href":"https:\/\/grifk-handball.com\/miehet\/wp-json\/wp\/v2\/posts"}],"about":[{"href":"https:\/\/grifk-handball.com\/miehet\/wp-json\/wp\/v2\/types\/post"}],"author":[{"embeddable":true,"href":"https:\/\/grifk-handball.com\/miehet\/wp-json\/wp\/v2\/users\/1"}],"replies":[{"embeddable":true,"href":"https:\/\/grifk-handball.com\/miehet\/wp-json\/wp\/v2\/comments?post=15312"}],"version-history":[{"count":13,"href":"https:\/\/grifk-handball.com\/miehet\/wp-json\/wp\/v2\/posts\/15312\/revisions"}],"predecessor-version":[{"id":15368,"href":"https:\/\/grifk-handball.com\/miehet\/wp-json\/wp\/v2\/posts\/15312\/revisions\/15368"}],"wp:featuredmedia":[{"embeddable":true,"href":"https:\/\/grifk-handball.com\/miehet\/wp-json\/wp\/v2\/media\/15316"}],"wp:attachment":[{"href":"https:\/\/grifk-handball.com\/miehet\/wp-json\/wp\/v2\/media?parent=15312"}],"wp:term":[{"taxonomy":"category","embeddable":true,"href":"https:\/\/grifk-handball.com\/miehet\/wp-json\/wp\/v2\/categories?post=15312"},{"taxonomy":"post_tag","embeddable":true,"href":"https:\/\/grifk-handball.com\/miehet\/wp-json\/wp\/v2\/tags?post=15312"}],"curies":[{"name":"wp","href":"https:\/\/api.w.org\/{rel}","templated":true}]}}