{"id":15977,"date":"2021-10-11T12:03:41","date_gmt":"2021-10-11T09:03:41","guid":{"rendered":"https:\/\/grifk-handball.com\/miehet\/?p=15977"},"modified":"2021-10-11T12:03:41","modified_gmt":"2021-10-11T09:03:41","slug":"maajoukkue-mm-karsintoihin-nimetty-grifksta-mukana-nelja-pelaajaa","status":"publish","type":"post","link":"https:\/\/grifk-handball.com\/miehet\/uutiset\/maajoukkue-mm-karsintoihin-nimetty-grifksta-mukana-nelja-pelaajaa\/","title":{"rendered":"Maajoukkue MM-karsintoihin nimetty,  GrIFK:sta mukana nelj\u00e4 pelaajaa"},"content":{"rendered":"<section  class='av_textblock_section av-kumfd2f0-94d271c05cd66d1ebee088afa6ec3dba '   itemscope=\"itemscope\" itemtype=\"https:\/\/schema.org\/BlogPosting\" itemprop=\"blogPost\" ><div class='avia_textblock'  itemprop=\"text\" ><p>Miesten k\u00e4sipallomaajoukkueen syksy alkaa tosiotteluiden osalta marraskuun alussa Vantaalla pelattavassa MM-karsintaturnauksessa, jossa vastaan asettuvat Viro, Georgia ja Iso-Britannia.<!--more--><\/p>\n<p>P\u00e4\u00e4valmentaja Ola Lindgren on nimennyt turnaukseen 19 pelaajan ryhm\u00e4n, jossa mukana on ensi kertaa my\u00f6s kaksi vuonna 2003 syntynytt\u00e4 viivapelaajaa.<\/p>\n<p>&#8211; Halusimme mukaan my\u00f6s muutamia nuoria pelaajia. Santeri Vainionp\u00e4\u00e4 ja Viktor Gr\u00f6nmark ovat lupaavia ja isokokoisia viivapelaajia ja panostamme nyt heihin tulevaisuutta ajatellen ja toivomme heid\u00e4n olevan my\u00f6hemmin maajoukkueen runkopelaajia, Lindgren taustoittaa.<\/p>\n<p>&#8211; My\u00f6s Jonathan Ekman (s. 2003) on lupaava nuori pelaaja, jota ajetaan sis\u00e4\u00e4n. Miska Henriksson on syntynyt vuonna 2001 ja Oliver Nordlund 2000, mink\u00e4 lis\u00e4ksi mukana on useampi 1998-99 syntynyt pelaaja. T\u00e4m\u00e4 on ihan tietoinen valinta, p\u00e4\u00e4timme korona-aikana, ett\u00e4 satsaamme nyt nuoriin pelaajiin vahvasti.<\/p>\n<p>Samalla Lindgren kuitenkin painottaa, ett\u00e4 mist\u00e4\u00e4n tulevaisuuden joukkueesta ei ole kokonaisuudessaan kysymys. Tulevat vuodet pidet\u00e4\u00e4n mieless\u00e4, mutta parasta mahdollista tulosta haetaan aina.<\/p>\n<p>&#8211; Toki joukkueessa on my\u00f6s kokemusta mukana, sit\u00e4 tarvitaan. Vaikka ryhm\u00e4 kaikkineen on varsin nuori, niin minusta meill\u00e4 on nyt koossa aika hyv\u00e4 sekoitus nuoruutta ja kokemusta.<\/p>\n<p>Tulos mieless\u00e4 joukkue l\u00e4htee my\u00f6s MM-karsintaan. Lindgrenin mukaan ehdoton tavoite MM-karsinnan 1. vaiheen turnauksesta on raivata tie jatkoon, vaikka vastus ei ennakkoon ole lainkaan helppo. Lohkon kaksi parasta etenee karsinnan seuraavaan vaiheeseen.<\/p>\n<p>&#8211; Aloitamme turnauksen etuk\u00e4teen vaikeimmalla ottelulla. Viro on esiintynyt viime aikoina hyvin ja sit\u00e4 tulee varmasti kova kamppailu. My\u00f6s seuraavana p\u00e4iv\u00e4n\u00e4 pelattava Georgia-ottelu on meille t\u00e4rke\u00e4, olemme pelanneet heid\u00e4n kanssaan tasaisia otteluita. Lindgren muistuttaa.<\/p>\n<p>&#8211; Kaksi kovaa peli\u00e4 heti alkuun kahdessa p\u00e4iv\u00e4ss\u00e4 ja kaikkineen kolme ottelua per\u00e4tt\u00e4isin\u00e4 p\u00e4ivin\u00e4 on kuva rupeama, mutta se on toki sama kaikille. Meill\u00e4 on joka tapauksessa ehdottomasti tavoite p\u00e4\u00e4st\u00e4 kahden joukkoon ja jatkoon.<\/p>\n<\/div><\/section>\n<div class='flex_column_table av-kumfgtyg-b594bd6eb107970cb37743abf1fbb5df sc-av_one_half av-equal-height-column-flextable'><div  class='flex_column av-kumfgtyg-b594bd6eb107970cb37743abf1fbb5df av_one_half  avia-builder-el-1  el_after_av_textblock  el_before_av_one_half  first flex_column_table_cell av-equal-height-column av-align-top  column-top-margin'     ><section  class='av_textblock_section av-kumfdt1n-0da786d04409a2adb13c3f49c7ab1336 '   itemscope=\"itemscope\" itemtype=\"https:\/\/schema.org\/BlogPosting\" itemprop=\"blogPost\" ><div class='avia_textblock'  itemprop=\"text\" ><h4>Suomen joukkue MM-karsintaturnaukseen<\/h4>\n<p>Mikael M\u00e4kel\u00e4, Dicken<br \/>\nPatrik Roslander, GrIFK<br \/>\nJoonas Klama, Bergischer HC<\/p>\n<p>Benjamin Helander, Rhein Neckar L\u00f6wen<br \/>\nLinus Lindberg, HK Varberg<\/p>\n<p>Nico R\u00f6nnberg, BK-46<br \/>\nMax Granlund, Dicken<br \/>\nRobin Granlund, GrIFK<\/p>\n<p>Fredrik Karlsson, LIF Lindesberg<br \/>\nOliver Nordlund, BK-46<br \/>\nMiska Henriksson, BK-46<\/p>\n<p>Richard Sundberg, GrIFK<br \/>\nGusten Montonen, Amo HK<br \/>\nJonathan Ekman, BK-46<\/p>\n<p>Roni Syrj\u00e4l\u00e4, Cocks<br \/>\nSebastian S\u00e4kkinen, BK-46<\/p>\n<p>Fredrik Forss, GrIFK<br \/>\nSanteri Vainionp\u00e4\u00e4, Cocks<br \/>\nViktor Gr\u00f6nmark, HIFK<\/p>\n<h4>Suomen ottelut MM-karsintaturnauksessa<\/h4>\n<p>Pe 5.11. klo 17.00 Suomi \u2013 Viro<br \/>\nLa 6.11. klo 16.00 Suomi \u2013 Georgia<br \/>\nSu 7.11. klo 15.00 Iso-Britannia \u2013 Suomi<\/p>\n<p>Ottelut pelataan Energia Areenalla, Vantaalla.<\/p>\n<\/div><\/section><\/div>\n<div class='av-flex-placeholder'><\/div><div  class='flex_column av-kumfh24o-c9b4bed0683a6ebd6829a0081ba1bba4 av_one_half  avia-builder-el-3  el_after_av_one_half  avia-builder-el-last  flex_column_table_cell av-equal-height-column av-align-top av-hide-on-mobile  column-top-margin'     ><style type=\"text\/css\" data-created_by=\"avia_inline_auto\" id=\"style-css-av-kumfcdhu-39c6b5ef1861f80a16d9f02d6922429d\">\n#top .avia-gallery.av-kumfcdhu-39c6b5ef1861f80a16d9f02d6922429d .avia-gallery-thumb a{\nwidth:50%;\n}\n<\/style>\n<div  class='avia-gallery av-kumfcdhu-39c6b5ef1861f80a16d9f02d6922429d avia_animate_when_visible  avia-builder-el-4  avia-builder-el-no-sibling  animations_off avia-gallery-1'  itemprop=\"image\" itemscope=\"itemscope\" itemtype=\"https:\/\/schema.org\/ImageObject\" ><meta itemprop=\"contentURL\" content=\"https:\/\/grifk-handball.com\/miehet\/uutiset\/maajoukkue-mm-karsintoihin-nimetty-grifksta-mukana-nelja-pelaajaa\/\"><div class='avia-gallery-thumb'><a href=\"https:\/\/i0.wp.com\/grifk-handball.com\/miehet\/wp-content\/uploads\/sites\/2\/2021\/09\/20210915-173908-GrIFK-Miehet-0054.jpg?fit=685%2C1030&amp;ssl=1\" data-srcset=\"https:\/\/i0.wp.com\/grifk-handball.com\/miehet\/wp-content\/uploads\/sites\/2\/2021\/09\/20210915-173908-GrIFK-Miehet-0054.jpg?w=1363&amp;ssl=1 1363w, https:\/\/i0.wp.com\/grifk-handball.com\/miehet\/wp-content\/uploads\/sites\/2\/2021\/09\/20210915-173908-GrIFK-Miehet-0054.jpg?resize=200%2C300&amp;ssl=1 200w, https:\/\/i0.wp.com\/grifk-handball.com\/miehet\/wp-content\/uploads\/sites\/2\/2021\/09\/20210915-173908-GrIFK-Miehet-0054.jpg?resize=685%2C1030&amp;ssl=1 685w, https:\/\/i0.wp.com\/grifk-handball.com\/miehet\/wp-content\/uploads\/sites\/2\/2021\/09\/20210915-173908-GrIFK-Miehet-0054.jpg?resize=768%2C1154&amp;ssl=1 768w, https:\/\/i0.wp.com\/grifk-handball.com\/miehet\/wp-content\/uploads\/sites\/2\/2021\/09\/20210915-173908-GrIFK-Miehet-0054.jpg?resize=1022%2C1536&amp;ssl=1 1022w, https:\/\/i0.wp.com\/grifk-handball.com\/miehet\/wp-content\/uploads\/sites\/2\/2021\/09\/20210915-173908-GrIFK-Miehet-0054.jpg?resize=998%2C1500&amp;ssl=1 998w, https:\/\/i0.wp.com\/grifk-handball.com\/miehet\/wp-content\/uploads\/sites\/2\/2021\/09\/20210915-173908-GrIFK-Miehet-0054.jpg?resize=469%2C705&amp;ssl=1 469w\" data-sizes=\"(max-width: 685px) 100vw, 685px\" data-rel='gallery-1' data-prev-img='https:\/\/i0.wp.com\/grifk-handball.com\/miehet\/wp-content\/uploads\/sites\/2\/2021\/09\/20210915-173908-GrIFK-Miehet-0054.jpg?resize=495%2C400&ssl=1' class='first_thumb lightbox ' data-onclick='1' title='Patrik Roslander'  itemprop=\"thumbnailUrl\"  ><img decoding=\"async\" fetchpriority=\"high\" class=\"wp-image-15666 avia-img-lazy-loading-not-15666\"   src=\"https:\/\/i0.wp.com\/grifk-handball.com\/miehet\/wp-content\/uploads\/sites\/2\/2021\/09\/20210915-173908-GrIFK-Miehet-0054.jpg?fit=200%2C300&ssl=1\" width=\"200\" height=\"300\"  title='Patrik Roslander' alt='' srcset=\"https:\/\/i0.wp.com\/grifk-handball.com\/miehet\/wp-content\/uploads\/sites\/2\/2021\/09\/20210915-173908-GrIFK-Miehet-0054.jpg?w=1363&amp;ssl=1 1363w, https:\/\/i0.wp.com\/grifk-handball.com\/miehet\/wp-content\/uploads\/sites\/2\/2021\/09\/20210915-173908-GrIFK-Miehet-0054.jpg?resize=200%2C300&amp;ssl=1 200w, https:\/\/i0.wp.com\/grifk-handball.com\/miehet\/wp-content\/uploads\/sites\/2\/2021\/09\/20210915-173908-GrIFK-Miehet-0054.jpg?resize=685%2C1030&amp;ssl=1 685w, https:\/\/i0.wp.com\/grifk-handball.com\/miehet\/wp-content\/uploads\/sites\/2\/2021\/09\/20210915-173908-GrIFK-Miehet-0054.jpg?resize=768%2C1154&amp;ssl=1 768w, https:\/\/i0.wp.com\/grifk-handball.com\/miehet\/wp-content\/uploads\/sites\/2\/2021\/09\/20210915-173908-GrIFK-Miehet-0054.jpg?resize=1022%2C1536&amp;ssl=1 1022w, https:\/\/i0.wp.com\/grifk-handball.com\/miehet\/wp-content\/uploads\/sites\/2\/2021\/09\/20210915-173908-GrIFK-Miehet-0054.jpg?resize=998%2C1500&amp;ssl=1 998w, https:\/\/i0.wp.com\/grifk-handball.com\/miehet\/wp-content\/uploads\/sites\/2\/2021\/09\/20210915-173908-GrIFK-Miehet-0054.jpg?resize=469%2C705&amp;ssl=1 469w\" sizes=\"(max-width: 200px) 100vw, 200px\" \/><div class='big-prev-fake'><img decoding=\"async\" loading=\"lazy\" class=\"wp-image-15666 avia-img-lazy-loading-15666\"  width=\"495\" height=\"400\" src=\"https:\/\/i0.wp.com\/grifk-handball.com\/miehet\/wp-content\/uploads\/sites\/2\/2021\/09\/20210915-173908-GrIFK-Miehet-0054.jpg?resize=495%2C400&ssl=1\" title='Patrik Roslander' alt='' srcset=\"https:\/\/i0.wp.com\/grifk-handball.com\/miehet\/wp-content\/uploads\/sites\/2\/2021\/09\/20210915-173908-GrIFK-Miehet-0054.jpg?resize=495%2C400&amp;ssl=1 495w, https:\/\/i0.wp.com\/grifk-handball.com\/miehet\/wp-content\/uploads\/sites\/2\/2021\/09\/20210915-173908-GrIFK-Miehet-0054.jpg?resize=845%2C684&amp;ssl=1 845w, https:\/\/i0.wp.com\/grifk-handball.com\/miehet\/wp-content\/uploads\/sites\/2\/2021\/09\/20210915-173908-GrIFK-Miehet-0054.jpg?zoom=2&amp;resize=495%2C400 990w\" sizes=\"auto, (max-width: 495px) 100vw, 495px\" \/><\/div><\/a><a href=\"https:\/\/i0.wp.com\/grifk-handball.com\/miehet\/wp-content\/uploads\/sites\/2\/2021\/09\/20210915-172933-GrIFK-Miehet-0017.jpg?fit=685%2C1030&amp;ssl=1\" data-srcset=\"https:\/\/i0.wp.com\/grifk-handball.com\/miehet\/wp-content\/uploads\/sites\/2\/2021\/09\/20210915-172933-GrIFK-Miehet-0017.jpg?w=1363&amp;ssl=1 1363w, https:\/\/i0.wp.com\/grifk-handball.com\/miehet\/wp-content\/uploads\/sites\/2\/2021\/09\/20210915-172933-GrIFK-Miehet-0017.jpg?resize=200%2C300&amp;ssl=1 200w, https:\/\/i0.wp.com\/grifk-handball.com\/miehet\/wp-content\/uploads\/sites\/2\/2021\/09\/20210915-172933-GrIFK-Miehet-0017.jpg?resize=685%2C1030&amp;ssl=1 685w, https:\/\/i0.wp.com\/grifk-handball.com\/miehet\/wp-content\/uploads\/sites\/2\/2021\/09\/20210915-172933-GrIFK-Miehet-0017.jpg?resize=768%2C1154&amp;ssl=1 768w, https:\/\/i0.wp.com\/grifk-handball.com\/miehet\/wp-content\/uploads\/sites\/2\/2021\/09\/20210915-172933-GrIFK-Miehet-0017.jpg?resize=1022%2C1536&amp;ssl=1 1022w, https:\/\/i0.wp.com\/grifk-handball.com\/miehet\/wp-content\/uploads\/sites\/2\/2021\/09\/20210915-172933-GrIFK-Miehet-0017.jpg?resize=998%2C1500&amp;ssl=1 998w, https:\/\/i0.wp.com\/grifk-handball.com\/miehet\/wp-content\/uploads\/sites\/2\/2021\/09\/20210915-172933-GrIFK-Miehet-0017.jpg?resize=469%2C705&amp;ssl=1 469w\" data-sizes=\"(max-width: 685px) 100vw, 685px\" data-rel='gallery-1' data-prev-img='https:\/\/i0.wp.com\/grifk-handball.com\/miehet\/wp-content\/uploads\/sites\/2\/2021\/09\/20210915-172933-GrIFK-Miehet-0017.jpg?resize=495%2C400&ssl=1' class='lightbox ' data-onclick='2' title='Robin Granlund'  itemprop=\"thumbnailUrl\"  ><img decoding=\"async\" fetchpriority=\"high\" class=\"wp-image-15656 avia-img-lazy-loading-not-15656\"   src=\"https:\/\/i0.wp.com\/grifk-handball.com\/miehet\/wp-content\/uploads\/sites\/2\/2021\/09\/20210915-172933-GrIFK-Miehet-0017.jpg?fit=200%2C300&ssl=1\" width=\"200\" height=\"300\"  title='Robin Granlund' alt='' srcset=\"https:\/\/i0.wp.com\/grifk-handball.com\/miehet\/wp-content\/uploads\/sites\/2\/2021\/09\/20210915-172933-GrIFK-Miehet-0017.jpg?w=1363&amp;ssl=1 1363w, https:\/\/i0.wp.com\/grifk-handball.com\/miehet\/wp-content\/uploads\/sites\/2\/2021\/09\/20210915-172933-GrIFK-Miehet-0017.jpg?resize=200%2C300&amp;ssl=1 200w, https:\/\/i0.wp.com\/grifk-handball.com\/miehet\/wp-content\/uploads\/sites\/2\/2021\/09\/20210915-172933-GrIFK-Miehet-0017.jpg?resize=685%2C1030&amp;ssl=1 685w, https:\/\/i0.wp.com\/grifk-handball.com\/miehet\/wp-content\/uploads\/sites\/2\/2021\/09\/20210915-172933-GrIFK-Miehet-0017.jpg?resize=768%2C1154&amp;ssl=1 768w, https:\/\/i0.wp.com\/grifk-handball.com\/miehet\/wp-content\/uploads\/sites\/2\/2021\/09\/20210915-172933-GrIFK-Miehet-0017.jpg?resize=1022%2C1536&amp;ssl=1 1022w, https:\/\/i0.wp.com\/grifk-handball.com\/miehet\/wp-content\/uploads\/sites\/2\/2021\/09\/20210915-172933-GrIFK-Miehet-0017.jpg?resize=998%2C1500&amp;ssl=1 998w, https:\/\/i0.wp.com\/grifk-handball.com\/miehet\/wp-content\/uploads\/sites\/2\/2021\/09\/20210915-172933-GrIFK-Miehet-0017.jpg?resize=469%2C705&amp;ssl=1 469w\" sizes=\"(max-width: 200px) 100vw, 200px\" \/><div class='big-prev-fake'><img decoding=\"async\" loading=\"lazy\" class=\"wp-image-15656 avia-img-lazy-loading-15656\"  width=\"495\" height=\"400\" src=\"https:\/\/i0.wp.com\/grifk-handball.com\/miehet\/wp-content\/uploads\/sites\/2\/2021\/09\/20210915-172933-GrIFK-Miehet-0017.jpg?resize=495%2C400&ssl=1\" title='Robin Granlund' alt='' srcset=\"https:\/\/i0.wp.com\/grifk-handball.com\/miehet\/wp-content\/uploads\/sites\/2\/2021\/09\/20210915-172933-GrIFK-Miehet-0017.jpg?resize=495%2C400&amp;ssl=1 495w, https:\/\/i0.wp.com\/grifk-handball.com\/miehet\/wp-content\/uploads\/sites\/2\/2021\/09\/20210915-172933-GrIFK-Miehet-0017.jpg?resize=845%2C684&amp;ssl=1 845w, https:\/\/i0.wp.com\/grifk-handball.com\/miehet\/wp-content\/uploads\/sites\/2\/2021\/09\/20210915-172933-GrIFK-Miehet-0017.jpg?zoom=2&amp;resize=495%2C400 990w\" sizes=\"auto, (max-width: 495px) 100vw, 495px\" \/><\/div><\/a><a href=\"https:\/\/i0.wp.com\/grifk-handball.com\/miehet\/wp-content\/uploads\/sites\/2\/2021\/09\/20210915-172751-GrIFK-Miehet-0013.jpg?fit=685%2C1030&amp;ssl=1\" data-srcset=\"https:\/\/i0.wp.com\/grifk-handball.com\/miehet\/wp-content\/uploads\/sites\/2\/2021\/09\/20210915-172751-GrIFK-Miehet-0013.jpg?w=1363&amp;ssl=1 1363w, https:\/\/i0.wp.com\/grifk-handball.com\/miehet\/wp-content\/uploads\/sites\/2\/2021\/09\/20210915-172751-GrIFK-Miehet-0013.jpg?resize=200%2C300&amp;ssl=1 200w, https:\/\/i0.wp.com\/grifk-handball.com\/miehet\/wp-content\/uploads\/sites\/2\/2021\/09\/20210915-172751-GrIFK-Miehet-0013.jpg?resize=685%2C1030&amp;ssl=1 685w, https:\/\/i0.wp.com\/grifk-handball.com\/miehet\/wp-content\/uploads\/sites\/2\/2021\/09\/20210915-172751-GrIFK-Miehet-0013.jpg?resize=768%2C1154&amp;ssl=1 768w, https:\/\/i0.wp.com\/grifk-handball.com\/miehet\/wp-content\/uploads\/sites\/2\/2021\/09\/20210915-172751-GrIFK-Miehet-0013.jpg?resize=1022%2C1536&amp;ssl=1 1022w, https:\/\/i0.wp.com\/grifk-handball.com\/miehet\/wp-content\/uploads\/sites\/2\/2021\/09\/20210915-172751-GrIFK-Miehet-0013.jpg?resize=998%2C1500&amp;ssl=1 998w, https:\/\/i0.wp.com\/grifk-handball.com\/miehet\/wp-content\/uploads\/sites\/2\/2021\/09\/20210915-172751-GrIFK-Miehet-0013.jpg?resize=469%2C705&amp;ssl=1 469w\" data-sizes=\"(max-width: 685px) 100vw, 685px\" data-rel='gallery-1' data-prev-img='https:\/\/i0.wp.com\/grifk-handball.com\/miehet\/wp-content\/uploads\/sites\/2\/2021\/09\/20210915-172751-GrIFK-Miehet-0013.jpg?resize=495%2C400&ssl=1' class='first_thumb lightbox ' data-onclick='3' title='Fredrik Forss'  itemprop=\"thumbnailUrl\"  ><img decoding=\"async\" fetchpriority=\"high\" class=\"wp-image-15655 avia-img-lazy-loading-not-15655\"   src=\"https:\/\/i0.wp.com\/grifk-handball.com\/miehet\/wp-content\/uploads\/sites\/2\/2021\/09\/20210915-172751-GrIFK-Miehet-0013.jpg?fit=200%2C300&ssl=1\" width=\"200\" height=\"300\"  title='Fredrik Forss' alt='' srcset=\"https:\/\/i0.wp.com\/grifk-handball.com\/miehet\/wp-content\/uploads\/sites\/2\/2021\/09\/20210915-172751-GrIFK-Miehet-0013.jpg?w=1363&amp;ssl=1 1363w, https:\/\/i0.wp.com\/grifk-handball.com\/miehet\/wp-content\/uploads\/sites\/2\/2021\/09\/20210915-172751-GrIFK-Miehet-0013.jpg?resize=200%2C300&amp;ssl=1 200w, https:\/\/i0.wp.com\/grifk-handball.com\/miehet\/wp-content\/uploads\/sites\/2\/2021\/09\/20210915-172751-GrIFK-Miehet-0013.jpg?resize=685%2C1030&amp;ssl=1 685w, https:\/\/i0.wp.com\/grifk-handball.com\/miehet\/wp-content\/uploads\/sites\/2\/2021\/09\/20210915-172751-GrIFK-Miehet-0013.jpg?resize=768%2C1154&amp;ssl=1 768w, https:\/\/i0.wp.com\/grifk-handball.com\/miehet\/wp-content\/uploads\/sites\/2\/2021\/09\/20210915-172751-GrIFK-Miehet-0013.jpg?resize=1022%2C1536&amp;ssl=1 1022w, https:\/\/i0.wp.com\/grifk-handball.com\/miehet\/wp-content\/uploads\/sites\/2\/2021\/09\/20210915-172751-GrIFK-Miehet-0013.jpg?resize=998%2C1500&amp;ssl=1 998w, https:\/\/i0.wp.com\/grifk-handball.com\/miehet\/wp-content\/uploads\/sites\/2\/2021\/09\/20210915-172751-GrIFK-Miehet-0013.jpg?resize=469%2C705&amp;ssl=1 469w\" sizes=\"(max-width: 200px) 100vw, 200px\" \/><div class='big-prev-fake'><img decoding=\"async\" loading=\"lazy\" class=\"wp-image-15655 avia-img-lazy-loading-15655\"  width=\"495\" height=\"400\" src=\"https:\/\/i0.wp.com\/grifk-handball.com\/miehet\/wp-content\/uploads\/sites\/2\/2021\/09\/20210915-172751-GrIFK-Miehet-0013.jpg?resize=495%2C400&ssl=1\" title='Fredrik Forss' alt='' srcset=\"https:\/\/i0.wp.com\/grifk-handball.com\/miehet\/wp-content\/uploads\/sites\/2\/2021\/09\/20210915-172751-GrIFK-Miehet-0013.jpg?resize=495%2C400&amp;ssl=1 495w, https:\/\/i0.wp.com\/grifk-handball.com\/miehet\/wp-content\/uploads\/sites\/2\/2021\/09\/20210915-172751-GrIFK-Miehet-0013.jpg?resize=845%2C684&amp;ssl=1 845w, https:\/\/i0.wp.com\/grifk-handball.com\/miehet\/wp-content\/uploads\/sites\/2\/2021\/09\/20210915-172751-GrIFK-Miehet-0013.jpg?zoom=2&amp;resize=495%2C400 990w\" sizes=\"auto, (max-width: 495px) 100vw, 495px\" \/><\/div><\/a><a href=\"https:\/\/i0.wp.com\/grifk-handball.com\/miehet\/wp-content\/uploads\/sites\/2\/2021\/09\/20210915-174319-GrIFK-Miehet-0082.jpg?fit=685%2C1030&amp;ssl=1\" data-srcset=\"https:\/\/i0.wp.com\/grifk-handball.com\/miehet\/wp-content\/uploads\/sites\/2\/2021\/09\/20210915-174319-GrIFK-Miehet-0082.jpg?w=1363&amp;ssl=1 1363w, https:\/\/i0.wp.com\/grifk-handball.com\/miehet\/wp-content\/uploads\/sites\/2\/2021\/09\/20210915-174319-GrIFK-Miehet-0082.jpg?resize=200%2C300&amp;ssl=1 200w, https:\/\/i0.wp.com\/grifk-handball.com\/miehet\/wp-content\/uploads\/sites\/2\/2021\/09\/20210915-174319-GrIFK-Miehet-0082.jpg?resize=685%2C1030&amp;ssl=1 685w, https:\/\/i0.wp.com\/grifk-handball.com\/miehet\/wp-content\/uploads\/sites\/2\/2021\/09\/20210915-174319-GrIFK-Miehet-0082.jpg?resize=768%2C1154&amp;ssl=1 768w, https:\/\/i0.wp.com\/grifk-handball.com\/miehet\/wp-content\/uploads\/sites\/2\/2021\/09\/20210915-174319-GrIFK-Miehet-0082.jpg?resize=1022%2C1536&amp;ssl=1 1022w, https:\/\/i0.wp.com\/grifk-handball.com\/miehet\/wp-content\/uploads\/sites\/2\/2021\/09\/20210915-174319-GrIFK-Miehet-0082.jpg?resize=998%2C1500&amp;ssl=1 998w, https:\/\/i0.wp.com\/grifk-handball.com\/miehet\/wp-content\/uploads\/sites\/2\/2021\/09\/20210915-174319-GrIFK-Miehet-0082.jpg?resize=469%2C705&amp;ssl=1 469w\" data-sizes=\"(max-width: 685px) 100vw, 685px\" data-rel='gallery-1' data-prev-img='https:\/\/i0.wp.com\/grifk-handball.com\/miehet\/wp-content\/uploads\/sites\/2\/2021\/09\/20210915-174319-GrIFK-Miehet-0082.jpg?resize=495%2C400&ssl=1' class='lightbox ' data-onclick='4' title='Richard Sundberg'  itemprop=\"thumbnailUrl\"  ><img decoding=\"async\" fetchpriority=\"high\" class=\"wp-image-15672 avia-img-lazy-loading-not-15672\"   src=\"https:\/\/i0.wp.com\/grifk-handball.com\/miehet\/wp-content\/uploads\/sites\/2\/2021\/09\/20210915-174319-GrIFK-Miehet-0082.jpg?fit=200%2C300&ssl=1\" width=\"200\" height=\"300\"  title='Richard Sundberg' alt='' srcset=\"https:\/\/i0.wp.com\/grifk-handball.com\/miehet\/wp-content\/uploads\/sites\/2\/2021\/09\/20210915-174319-GrIFK-Miehet-0082.jpg?w=1363&amp;ssl=1 1363w, https:\/\/i0.wp.com\/grifk-handball.com\/miehet\/wp-content\/uploads\/sites\/2\/2021\/09\/20210915-174319-GrIFK-Miehet-0082.jpg?resize=200%2C300&amp;ssl=1 200w, https:\/\/i0.wp.com\/grifk-handball.com\/miehet\/wp-content\/uploads\/sites\/2\/2021\/09\/20210915-174319-GrIFK-Miehet-0082.jpg?resize=685%2C1030&amp;ssl=1 685w, https:\/\/i0.wp.com\/grifk-handball.com\/miehet\/wp-content\/uploads\/sites\/2\/2021\/09\/20210915-174319-GrIFK-Miehet-0082.jpg?resize=768%2C1154&amp;ssl=1 768w, https:\/\/i0.wp.com\/grifk-handball.com\/miehet\/wp-content\/uploads\/sites\/2\/2021\/09\/20210915-174319-GrIFK-Miehet-0082.jpg?resize=1022%2C1536&amp;ssl=1 1022w, https:\/\/i0.wp.com\/grifk-handball.com\/miehet\/wp-content\/uploads\/sites\/2\/2021\/09\/20210915-174319-GrIFK-Miehet-0082.jpg?resize=998%2C1500&amp;ssl=1 998w, https:\/\/i0.wp.com\/grifk-handball.com\/miehet\/wp-content\/uploads\/sites\/2\/2021\/09\/20210915-174319-GrIFK-Miehet-0082.jpg?resize=469%2C705&amp;ssl=1 469w\" sizes=\"(max-width: 200px) 100vw, 200px\" \/><div class='big-prev-fake'><img decoding=\"async\" loading=\"lazy\" class=\"wp-image-15672 avia-img-lazy-loading-15672\"  width=\"495\" height=\"400\" src=\"https:\/\/i0.wp.com\/grifk-handball.com\/miehet\/wp-content\/uploads\/sites\/2\/2021\/09\/20210915-174319-GrIFK-Miehet-0082.jpg?resize=495%2C400&ssl=1\" title='Richard Sundberg' alt='' srcset=\"https:\/\/i0.wp.com\/grifk-handball.com\/miehet\/wp-content\/uploads\/sites\/2\/2021\/09\/20210915-174319-GrIFK-Miehet-0082.jpg?resize=495%2C400&amp;ssl=1 495w, https:\/\/i0.wp.com\/grifk-handball.com\/miehet\/wp-content\/uploads\/sites\/2\/2021\/09\/20210915-174319-GrIFK-Miehet-0082.jpg?resize=845%2C684&amp;ssl=1 845w, https:\/\/i0.wp.com\/grifk-handball.com\/miehet\/wp-content\/uploads\/sites\/2\/2021\/09\/20210915-174319-GrIFK-Miehet-0082.jpg?zoom=2&amp;resize=495%2C400 990w\" sizes=\"auto, (max-width: 495px) 100vw, 495px\" \/><\/div><\/a><\/div><\/div><\/div><\/div><!--close column table wrapper. Autoclose: 1 -->\n","protected":false},"excerpt":{"rendered":"<p>Miesten k\u00e4sipallomaajoukkueen syksy alkaa tosiotteluiden osalta marraskuun alussa Vantaalla pelattavassa MM-karsintaturnauksessa, jossa vastaan asettuvat Viro, Georgia ja Iso-Britannia.<\/p>\n","protected":false},"author":1,"featured_media":15982,"comment_status":"closed","ping_status":"closed","sticky":false,"template":"","format":"standard","meta":{"_acf_changed":false,"footnotes":""},"categories":[7],"tags":[229,32,489,473,231,417],"class_list":["post-15977","post","type-post","status-publish","format-standard","has-post-thumbnail","hentry","category-uutiset","tag-fredrik-forss","tag-maajoukkue","tag-mm2023","tag-patrik-roslander","tag-richard-sundberg","tag-robin-granlund"],"acf":[],"yoast_head":"<!-- This site is optimized with the Yoast SEO plugin v27.5 - https:\/\/yoast.com\/product\/yoast-seo-wordpress\/ -->\n<title>Maajoukkue MM-karsintoihin nimetty, GrIFK:sta mukana nelj\u00e4 pelaajaa &#8212; GrIFK K\u00e4sipallo - miehet<\/title>\n<meta name=\"robots\" content=\"index, follow, max-snippet:-1, max-image-preview:large, max-video-preview:-1\" \/>\n<link rel=\"canonical\" href=\"https:\/\/grifk-handball.com\/miehet\/uutiset\/maajoukkue-mm-karsintoihin-nimetty-grifksta-mukana-nelja-pelaajaa\/\" \/>\n<meta property=\"og:locale\" content=\"fi_FI\" \/>\n<meta property=\"og:type\" content=\"article\" \/>\n<meta property=\"og:title\" content=\"Maajoukkue MM-karsintoihin nimetty, GrIFK:sta mukana nelj\u00e4 pelaajaa &#8212; GrIFK K\u00e4sipallo - miehet\" \/>\n<meta property=\"og:description\" content=\"Miesten k\u00e4sipallomaajoukkueen syksy alkaa tosiotteluiden osalta marraskuun alussa Vantaalla pelattavassa MM-karsintaturnauksessa, jossa vastaan asettuvat Viro, Georgia ja Iso-Britannia.\" \/>\n<meta property=\"og:url\" content=\"https:\/\/grifk-handball.com\/miehet\/uutiset\/maajoukkue-mm-karsintoihin-nimetty-grifksta-mukana-nelja-pelaajaa\/\" \/>\n<meta property=\"og:site_name\" content=\"GrIFK K\u00e4sipallo - miehet\" \/>\n<meta property=\"article:publisher\" content=\"https:\/\/www.facebook.com\/GrIFKelit\/\" \/>\n<meta property=\"article:published_time\" content=\"2021-10-11T09:03:41+00:00\" \/>\n<meta property=\"og:image\" content=\"https:\/\/i0.wp.com\/grifk-handball.com\/miehet\/wp-content\/uploads\/sites\/2\/2021\/10\/SKPL_MMkarsintamainos_1500x570px_vol41.jpg?fit=1500%2C570&ssl=1\" \/>\n\t<meta property=\"og:image:width\" content=\"1500\" \/>\n\t<meta property=\"og:image:height\" content=\"570\" \/>\n\t<meta property=\"og:image:type\" content=\"image\/jpeg\" \/>\n<meta name=\"author\" content=\"granimaster\" \/>\n<meta name=\"twitter:card\" content=\"summary_large_image\" \/>\n<meta name=\"twitter:creator\" content=\"@GrIFK_MSM\" \/>\n<meta name=\"twitter:site\" content=\"@GrIFK_MSM\" \/>\n<meta name=\"twitter:label1\" content=\"Kirjoittanut\" \/>\n\t<meta name=\"twitter:data1\" content=\"granimaster\" \/>\n\t<meta name=\"twitter:label2\" content=\"Arvioitu lukuaika\" \/>\n\t<meta name=\"twitter:data2\" content=\"2 minuuttia\" \/>\n<script type=\"application\/ld+json\" class=\"yoast-schema-graph\">{\"@context\":\"https:\\\/\\\/schema.org\",\"@graph\":[{\"@type\":\"Article\",\"@id\":\"https:\\\/\\\/grifk-handball.com\\\/miehet\\\/uutiset\\\/maajoukkue-mm-karsintoihin-nimetty-grifksta-mukana-nelja-pelaajaa\\\/#article\",\"isPartOf\":{\"@id\":\"https:\\\/\\\/grifk-handball.com\\\/miehet\\\/uutiset\\\/maajoukkue-mm-karsintoihin-nimetty-grifksta-mukana-nelja-pelaajaa\\\/\"},\"author\":{\"name\":\"granimaster\",\"@id\":\"https:\\\/\\\/grifk-handball.com\\\/miehet\\\/#\\\/schema\\\/person\\\/9da98c743e3f0f85a1b32f59241b48e0\"},\"headline\":\"Maajoukkue MM-karsintoihin nimetty, GrIFK:sta mukana nelj\u00e4 pelaajaa\",\"datePublished\":\"2021-10-11T09:03:41+00:00\",\"mainEntityOfPage\":{\"@id\":\"https:\\\/\\\/grifk-handball.com\\\/miehet\\\/uutiset\\\/maajoukkue-mm-karsintoihin-nimetty-grifksta-mukana-nelja-pelaajaa\\\/\"},\"wordCount\":795,\"publisher\":{\"@id\":\"https:\\\/\\\/grifk-handball.com\\\/miehet\\\/#organization\"},\"image\":{\"@id\":\"https:\\\/\\\/grifk-handball.com\\\/miehet\\\/uutiset\\\/maajoukkue-mm-karsintoihin-nimetty-grifksta-mukana-nelja-pelaajaa\\\/#primaryimage\"},\"thumbnailUrl\":\"https:\\\/\\\/i0.wp.com\\\/grifk-handball.com\\\/miehet\\\/wp-content\\\/uploads\\\/sites\\\/2\\\/2021\\\/10\\\/SKPL_MMkarsintamainos_1500x570px_vol41.jpg?fit=1500%2C570&ssl=1\",\"keywords\":[\"Fredrik Forss\",\"Maajoukkue\",\"MM2023\",\"Patrik Roslander\",\"Richard Sundberg\",\"Robin Granlund\"],\"articleSection\":[\"Uutiset\"],\"inLanguage\":\"fi\"},{\"@type\":\"WebPage\",\"@id\":\"https:\\\/\\\/grifk-handball.com\\\/miehet\\\/uutiset\\\/maajoukkue-mm-karsintoihin-nimetty-grifksta-mukana-nelja-pelaajaa\\\/\",\"url\":\"https:\\\/\\\/grifk-handball.com\\\/miehet\\\/uutiset\\\/maajoukkue-mm-karsintoihin-nimetty-grifksta-mukana-nelja-pelaajaa\\\/\",\"name\":\"Maajoukkue MM-karsintoihin nimetty, GrIFK:sta mukana nelj\u00e4 pelaajaa &#8212; GrIFK K\u00e4sipallo - miehet\",\"isPartOf\":{\"@id\":\"https:\\\/\\\/grifk-handball.com\\\/miehet\\\/#website\"},\"primaryImageOfPage\":{\"@id\":\"https:\\\/\\\/grifk-handball.com\\\/miehet\\\/uutiset\\\/maajoukkue-mm-karsintoihin-nimetty-grifksta-mukana-nelja-pelaajaa\\\/#primaryimage\"},\"image\":{\"@id\":\"https:\\\/\\\/grifk-handball.com\\\/miehet\\\/uutiset\\\/maajoukkue-mm-karsintoihin-nimetty-grifksta-mukana-nelja-pelaajaa\\\/#primaryimage\"},\"thumbnailUrl\":\"https:\\\/\\\/i0.wp.com\\\/grifk-handball.com\\\/miehet\\\/wp-content\\\/uploads\\\/sites\\\/2\\\/2021\\\/10\\\/SKPL_MMkarsintamainos_1500x570px_vol41.jpg?fit=1500%2C570&ssl=1\",\"datePublished\":\"2021-10-11T09:03:41+00:00\",\"breadcrumb\":{\"@id\":\"https:\\\/\\\/grifk-handball.com\\\/miehet\\\/uutiset\\\/maajoukkue-mm-karsintoihin-nimetty-grifksta-mukana-nelja-pelaajaa\\\/#breadcrumb\"},\"inLanguage\":\"fi\",\"potentialAction\":[{\"@type\":\"ReadAction\",\"target\":[\"https:\\\/\\\/grifk-handball.com\\\/miehet\\\/uutiset\\\/maajoukkue-mm-karsintoihin-nimetty-grifksta-mukana-nelja-pelaajaa\\\/\"]}]},{\"@type\":\"ImageObject\",\"inLanguage\":\"fi\",\"@id\":\"https:\\\/\\\/grifk-handball.com\\\/miehet\\\/uutiset\\\/maajoukkue-mm-karsintoihin-nimetty-grifksta-mukana-nelja-pelaajaa\\\/#primaryimage\",\"url\":\"https:\\\/\\\/i0.wp.com\\\/grifk-handball.com\\\/miehet\\\/wp-content\\\/uploads\\\/sites\\\/2\\\/2021\\\/10\\\/SKPL_MMkarsintamainos_1500x570px_vol41.jpg?fit=1500%2C570&ssl=1\",\"contentUrl\":\"https:\\\/\\\/i0.wp.com\\\/grifk-handball.com\\\/miehet\\\/wp-content\\\/uploads\\\/sites\\\/2\\\/2021\\\/10\\\/SKPL_MMkarsintamainos_1500x570px_vol41.jpg?fit=1500%2C570&ssl=1\",\"width\":1500,\"height\":570},{\"@type\":\"BreadcrumbList\",\"@id\":\"https:\\\/\\\/grifk-handball.com\\\/miehet\\\/uutiset\\\/maajoukkue-mm-karsintoihin-nimetty-grifksta-mukana-nelja-pelaajaa\\\/#breadcrumb\",\"itemListElement\":[{\"@type\":\"ListItem\",\"position\":1,\"name\":\"Home\",\"item\":\"https:\\\/\\\/grifk-handball.com\\\/miehet\\\/etusivu-260109\\\/\"},{\"@type\":\"ListItem\",\"position\":2,\"name\":\"Maajoukkue MM-karsintoihin nimetty, GrIFK:sta mukana nelj\u00e4 pelaajaa\"}]},{\"@type\":\"WebSite\",\"@id\":\"https:\\\/\\\/grifk-handball.com\\\/miehet\\\/#website\",\"url\":\"https:\\\/\\\/grifk-handball.com\\\/miehet\\\/\",\"name\":\"GrIFK K\u00e4sipallo - miehet\",\"description\":\"BomBom!\",\"publisher\":{\"@id\":\"https:\\\/\\\/grifk-handball.com\\\/miehet\\\/#organization\"},\"potentialAction\":[{\"@type\":\"SearchAction\",\"target\":{\"@type\":\"EntryPoint\",\"urlTemplate\":\"https:\\\/\\\/grifk-handball.com\\\/miehet\\\/?s={search_term_string}\"},\"query-input\":{\"@type\":\"PropertyValueSpecification\",\"valueRequired\":true,\"valueName\":\"search_term_string\"}}],\"inLanguage\":\"fi\"},{\"@type\":\"Organization\",\"@id\":\"https:\\\/\\\/grifk-handball.com\\\/miehet\\\/#organization\",\"name\":\"GrIFK K\u00e4sipallo - miehet\",\"url\":\"https:\\\/\\\/grifk-handball.com\\\/miehet\\\/\",\"logo\":{\"@type\":\"ImageObject\",\"inLanguage\":\"fi\",\"@id\":\"https:\\\/\\\/grifk-handball.com\\\/miehet\\\/#\\\/schema\\\/logo\\\/image\\\/\",\"url\":\"https:\\\/\\\/i0.wp.com\\\/grifk-handball.com\\\/miehet\\\/wp-content\\\/uploads\\\/sites\\\/2\\\/2016\\\/10\\\/logo-grifk-iso.png?fit=1200%2C1400&ssl=1\",\"contentUrl\":\"https:\\\/\\\/i0.wp.com\\\/grifk-handball.com\\\/miehet\\\/wp-content\\\/uploads\\\/sites\\\/2\\\/2016\\\/10\\\/logo-grifk-iso.png?fit=1200%2C1400&ssl=1\",\"width\":1200,\"height\":1400,\"caption\":\"GrIFK K\u00e4sipallo - miehet\"},\"image\":{\"@id\":\"https:\\\/\\\/grifk-handball.com\\\/miehet\\\/#\\\/schema\\\/logo\\\/image\\\/\"},\"sameAs\":[\"https:\\\/\\\/www.facebook.com\\\/GrIFKelit\\\/\",\"https:\\\/\\\/x.com\\\/GrIFK_MSM\",\"https:\\\/\\\/www.instagram.com\\\/grifk_elit\\\/\"]},{\"@type\":\"Person\",\"@id\":\"https:\\\/\\\/grifk-handball.com\\\/miehet\\\/#\\\/schema\\\/person\\\/9da98c743e3f0f85a1b32f59241b48e0\",\"name\":\"granimaster\",\"image\":{\"@type\":\"ImageObject\",\"inLanguage\":\"fi\",\"@id\":\"https:\\\/\\\/secure.gravatar.com\\\/avatar\\\/034b8e6380fc659c320f13e17fe45bd9ab48a21e2debadd5f3179bde291949df?s=96&d=mm&r=g\",\"url\":\"https:\\\/\\\/secure.gravatar.com\\\/avatar\\\/034b8e6380fc659c320f13e17fe45bd9ab48a21e2debadd5f3179bde291949df?s=96&d=mm&r=g\",\"contentUrl\":\"https:\\\/\\\/secure.gravatar.com\\\/avatar\\\/034b8e6380fc659c320f13e17fe45bd9ab48a21e2debadd5f3179bde291949df?s=96&d=mm&r=g\",\"caption\":\"granimaster\"},\"url\":\"https:\\\/\\\/grifk-handball.com\\\/miehet\\\/author\\\/granimaster\\\/\"}]}<\/script>\n<!-- \/ Yoast SEO plugin. -->","yoast_head_json":{"title":"Maajoukkue MM-karsintoihin nimetty, GrIFK:sta mukana nelj\u00e4 pelaajaa &#8212; GrIFK K\u00e4sipallo - miehet","robots":{"index":"index","follow":"follow","max-snippet":"max-snippet:-1","max-image-preview":"max-image-preview:large","max-video-preview":"max-video-preview:-1"},"canonical":"https:\/\/grifk-handball.com\/miehet\/uutiset\/maajoukkue-mm-karsintoihin-nimetty-grifksta-mukana-nelja-pelaajaa\/","og_locale":"fi_FI","og_type":"article","og_title":"Maajoukkue MM-karsintoihin nimetty, GrIFK:sta mukana nelj\u00e4 pelaajaa &#8212; GrIFK K\u00e4sipallo - miehet","og_description":"Miesten k\u00e4sipallomaajoukkueen syksy alkaa tosiotteluiden osalta marraskuun alussa Vantaalla pelattavassa MM-karsintaturnauksessa, jossa vastaan asettuvat Viro, Georgia ja Iso-Britannia.","og_url":"https:\/\/grifk-handball.com\/miehet\/uutiset\/maajoukkue-mm-karsintoihin-nimetty-grifksta-mukana-nelja-pelaajaa\/","og_site_name":"GrIFK K\u00e4sipallo - miehet","article_publisher":"https:\/\/www.facebook.com\/GrIFKelit\/","article_published_time":"2021-10-11T09:03:41+00:00","og_image":[{"width":1500,"height":570,"url":"https:\/\/i0.wp.com\/grifk-handball.com\/miehet\/wp-content\/uploads\/sites\/2\/2021\/10\/SKPL_MMkarsintamainos_1500x570px_vol41.jpg?fit=1500%2C570&ssl=1","type":"image\/jpeg"}],"author":"granimaster","twitter_card":"summary_large_image","twitter_creator":"@GrIFK_MSM","twitter_site":"@GrIFK_MSM","twitter_misc":{"Kirjoittanut":"granimaster","Arvioitu lukuaika":"2 minuuttia"},"schema":{"@context":"https:\/\/schema.org","@graph":[{"@type":"Article","@id":"https:\/\/grifk-handball.com\/miehet\/uutiset\/maajoukkue-mm-karsintoihin-nimetty-grifksta-mukana-nelja-pelaajaa\/#article","isPartOf":{"@id":"https:\/\/grifk-handball.com\/miehet\/uutiset\/maajoukkue-mm-karsintoihin-nimetty-grifksta-mukana-nelja-pelaajaa\/"},"author":{"name":"granimaster","@id":"https:\/\/grifk-handball.com\/miehet\/#\/schema\/person\/9da98c743e3f0f85a1b32f59241b48e0"},"headline":"Maajoukkue MM-karsintoihin nimetty, GrIFK:sta mukana nelj\u00e4 pelaajaa","datePublished":"2021-10-11T09:03:41+00:00","mainEntityOfPage":{"@id":"https:\/\/grifk-handball.com\/miehet\/uutiset\/maajoukkue-mm-karsintoihin-nimetty-grifksta-mukana-nelja-pelaajaa\/"},"wordCount":795,"publisher":{"@id":"https:\/\/grifk-handball.com\/miehet\/#organization"},"image":{"@id":"https:\/\/grifk-handball.com\/miehet\/uutiset\/maajoukkue-mm-karsintoihin-nimetty-grifksta-mukana-nelja-pelaajaa\/#primaryimage"},"thumbnailUrl":"https:\/\/i0.wp.com\/grifk-handball.com\/miehet\/wp-content\/uploads\/sites\/2\/2021\/10\/SKPL_MMkarsintamainos_1500x570px_vol41.jpg?fit=1500%2C570&ssl=1","keywords":["Fredrik Forss","Maajoukkue","MM2023","Patrik Roslander","Richard Sundberg","Robin Granlund"],"articleSection":["Uutiset"],"inLanguage":"fi"},{"@type":"WebPage","@id":"https:\/\/grifk-handball.com\/miehet\/uutiset\/maajoukkue-mm-karsintoihin-nimetty-grifksta-mukana-nelja-pelaajaa\/","url":"https:\/\/grifk-handball.com\/miehet\/uutiset\/maajoukkue-mm-karsintoihin-nimetty-grifksta-mukana-nelja-pelaajaa\/","name":"Maajoukkue MM-karsintoihin nimetty, GrIFK:sta mukana nelj\u00e4 pelaajaa &#8212; GrIFK K\u00e4sipallo - miehet","isPartOf":{"@id":"https:\/\/grifk-handball.com\/miehet\/#website"},"primaryImageOfPage":{"@id":"https:\/\/grifk-handball.com\/miehet\/uutiset\/maajoukkue-mm-karsintoihin-nimetty-grifksta-mukana-nelja-pelaajaa\/#primaryimage"},"image":{"@id":"https:\/\/grifk-handball.com\/miehet\/uutiset\/maajoukkue-mm-karsintoihin-nimetty-grifksta-mukana-nelja-pelaajaa\/#primaryimage"},"thumbnailUrl":"https:\/\/i0.wp.com\/grifk-handball.com\/miehet\/wp-content\/uploads\/sites\/2\/2021\/10\/SKPL_MMkarsintamainos_1500x570px_vol41.jpg?fit=1500%2C570&ssl=1","datePublished":"2021-10-11T09:03:41+00:00","breadcrumb":{"@id":"https:\/\/grifk-handball.com\/miehet\/uutiset\/maajoukkue-mm-karsintoihin-nimetty-grifksta-mukana-nelja-pelaajaa\/#breadcrumb"},"inLanguage":"fi","potentialAction":[{"@type":"ReadAction","target":["https:\/\/grifk-handball.com\/miehet\/uutiset\/maajoukkue-mm-karsintoihin-nimetty-grifksta-mukana-nelja-pelaajaa\/"]}]},{"@type":"ImageObject","inLanguage":"fi","@id":"https:\/\/grifk-handball.com\/miehet\/uutiset\/maajoukkue-mm-karsintoihin-nimetty-grifksta-mukana-nelja-pelaajaa\/#primaryimage","url":"https:\/\/i0.wp.com\/grifk-handball.com\/miehet\/wp-content\/uploads\/sites\/2\/2021\/10\/SKPL_MMkarsintamainos_1500x570px_vol41.jpg?fit=1500%2C570&ssl=1","contentUrl":"https:\/\/i0.wp.com\/grifk-handball.com\/miehet\/wp-content\/uploads\/sites\/2\/2021\/10\/SKPL_MMkarsintamainos_1500x570px_vol41.jpg?fit=1500%2C570&ssl=1","width":1500,"height":570},{"@type":"BreadcrumbList","@id":"https:\/\/grifk-handball.com\/miehet\/uutiset\/maajoukkue-mm-karsintoihin-nimetty-grifksta-mukana-nelja-pelaajaa\/#breadcrumb","itemListElement":[{"@type":"ListItem","position":1,"name":"Home","item":"https:\/\/grifk-handball.com\/miehet\/etusivu-260109\/"},{"@type":"ListItem","position":2,"name":"Maajoukkue MM-karsintoihin nimetty, GrIFK:sta mukana nelj\u00e4 pelaajaa"}]},{"@type":"WebSite","@id":"https:\/\/grifk-handball.com\/miehet\/#website","url":"https:\/\/grifk-handball.com\/miehet\/","name":"GrIFK K\u00e4sipallo - miehet","description":"BomBom!","publisher":{"@id":"https:\/\/grifk-handball.com\/miehet\/#organization"},"potentialAction":[{"@type":"SearchAction","target":{"@type":"EntryPoint","urlTemplate":"https:\/\/grifk-handball.com\/miehet\/?s={search_term_string}"},"query-input":{"@type":"PropertyValueSpecification","valueRequired":true,"valueName":"search_term_string"}}],"inLanguage":"fi"},{"@type":"Organization","@id":"https:\/\/grifk-handball.com\/miehet\/#organization","name":"GrIFK K\u00e4sipallo - miehet","url":"https:\/\/grifk-handball.com\/miehet\/","logo":{"@type":"ImageObject","inLanguage":"fi","@id":"https:\/\/grifk-handball.com\/miehet\/#\/schema\/logo\/image\/","url":"https:\/\/i0.wp.com\/grifk-handball.com\/miehet\/wp-content\/uploads\/sites\/2\/2016\/10\/logo-grifk-iso.png?fit=1200%2C1400&ssl=1","contentUrl":"https:\/\/i0.wp.com\/grifk-handball.com\/miehet\/wp-content\/uploads\/sites\/2\/2016\/10\/logo-grifk-iso.png?fit=1200%2C1400&ssl=1","width":1200,"height":1400,"caption":"GrIFK K\u00e4sipallo - miehet"},"image":{"@id":"https:\/\/grifk-handball.com\/miehet\/#\/schema\/logo\/image\/"},"sameAs":["https:\/\/www.facebook.com\/GrIFKelit\/","https:\/\/x.com\/GrIFK_MSM","https:\/\/www.instagram.com\/grifk_elit\/"]},{"@type":"Person","@id":"https:\/\/grifk-handball.com\/miehet\/#\/schema\/person\/9da98c743e3f0f85a1b32f59241b48e0","name":"granimaster","image":{"@type":"ImageObject","inLanguage":"fi","@id":"https:\/\/secure.gravatar.com\/avatar\/034b8e6380fc659c320f13e17fe45bd9ab48a21e2debadd5f3179bde291949df?s=96&d=mm&r=g","url":"https:\/\/secure.gravatar.com\/avatar\/034b8e6380fc659c320f13e17fe45bd9ab48a21e2debadd5f3179bde291949df?s=96&d=mm&r=g","contentUrl":"https:\/\/secure.gravatar.com\/avatar\/034b8e6380fc659c320f13e17fe45bd9ab48a21e2debadd5f3179bde291949df?s=96&d=mm&r=g","caption":"granimaster"},"url":"https:\/\/grifk-handball.com\/miehet\/author\/granimaster\/"}]}},"jetpack_featured_media_url":"https:\/\/i0.wp.com\/grifk-handball.com\/miehet\/wp-content\/uploads\/sites\/2\/2021\/10\/SKPL_MMkarsintamainos_1500x570px_vol41.jpg?fit=1500%2C570&ssl=1","jetpack_shortlink":"https:\/\/wp.me\/p9jQ9a-49H","_links":{"self":[{"href":"https:\/\/grifk-handball.com\/miehet\/wp-json\/wp\/v2\/posts\/15977","targetHints":{"allow":["GET"]}}],"collection":[{"href":"https:\/\/grifk-handball.com\/miehet\/wp-json\/wp\/v2\/posts"}],"about":[{"href":"https:\/\/grifk-handball.com\/miehet\/wp-json\/wp\/v2\/types\/post"}],"author":[{"embeddable":true,"href":"https:\/\/grifk-handball.com\/miehet\/wp-json\/wp\/v2\/users\/1"}],"replies":[{"embeddable":true,"href":"https:\/\/grifk-handball.com\/miehet\/wp-json\/wp\/v2\/comments?post=15977"}],"version-history":[{"count":13,"href":"https:\/\/grifk-handball.com\/miehet\/wp-json\/wp\/v2\/posts\/15977\/revisions"}],"predecessor-version":[{"id":15995,"href":"https:\/\/grifk-handball.com\/miehet\/wp-json\/wp\/v2\/posts\/15977\/revisions\/15995"}],"wp:featuredmedia":[{"embeddable":true,"href":"https:\/\/grifk-handball.com\/miehet\/wp-json\/wp\/v2\/media\/15982"}],"wp:attachment":[{"href":"https:\/\/grifk-handball.com\/miehet\/wp-json\/wp\/v2\/media?parent=15977"}],"wp:term":[{"taxonomy":"category","embeddable":true,"href":"https:\/\/grifk-handball.com\/miehet\/wp-json\/wp\/v2\/categories?post=15977"},{"taxonomy":"post_tag","embeddable":true,"href":"https:\/\/grifk-handball.com\/miehet\/wp-json\/wp\/v2\/tags?post=15977"}],"curies":[{"name":"wp","href":"https:\/\/api.w.org\/{rel}","templated":true}]}}