{"id":16073,"date":"2021-10-29T16:11:23","date_gmt":"2021-10-29T13:11:23","guid":{"rendered":"https:\/\/grifk-handball.com\/miehet\/?p=16073"},"modified":"2021-10-29T16:11:23","modified_gmt":"2021-10-29T13:11:23","slug":"grifk-ja-hifk-pisteiden-kimppuun-seka-heittamaan-zujicille-jaahyvaiset","status":"publish","type":"post","link":"https:\/\/grifk-handball.com\/miehet\/kausi-2021-22\/ennakot-2021-22\/grifk-ja-hifk-pisteiden-kimppuun-seka-heittamaan-zujicille-jaahyvaiset\/","title":{"rendered":"GrIFK ja HIFK pisteiden kimppuun sek\u00e4 heitt\u00e4m\u00e4\u00e4n Zujicille j\u00e4\u00e4hyv\u00e4iset"},"content":{"rendered":"<section  class='av_textblock_section av-ktmunrx5-303a4c94990d03a245cadac381b93165 '   itemscope=\"itemscope\" itemtype=\"https:\/\/schema.org\/BlogPosting\" itemprop=\"blogPost\" ><div class='avia_textblock'  itemprop=\"text\" ><p>Runkosarjan viimeiset liigamatsit ennen maaottelutaukoa pelataan lauantaina Helsingiss\u00e4, Turussa ja Riihim\u00e4ell\u00e4. Kiinnostavimmat koordinaatit viev\u00e4t GrIFK:n kannalta tietysti Helsingin Urheilutaloon, jossa HIFK ja Grani aloittavat kello 16 naisten SM-sarjan merkeiss\u00e4, miehet starttaavat omaan kamppailuunsa kello 18:30.<!--more--><\/p>\n<p>SM-liigan ikuinen musta hevonen on aloittanut kauden vaisusti. Sill\u00e4 on viiden ottelun j\u00e4lkeen kasassa vasta yksi piste, joka tuotiin Helsingiin etel\u00e4st\u00e4 kun HC Tallinn ja HIFK tasasivat pisteet kolme viikkoa sitten Tallinnassa.<\/p>\n<p>HIFK menetti viime kauden j\u00e4lkeen kolme t\u00e4rke\u00e4\u00e4 lenkki\u00e4 vahvuudestaan, kun Kristian Jansson palasi Turkuun, Niklas Ahlgren Porvooseen ja Bogdan Klepakaan ei en\u00e4\u00e4 HIFK:ta edusta. Kahden kovan hy\u00f6kk\u00e4ysp\u00e4\u00e4n pelaajan korvaajiksi hankitut valko-ven\u00e4l\u00e4iset Evgeny Semenov ja Aliaksandr Tsitou Cocksista, serbialainen pelinrakentaja Dejan Karan Portugalista ja BK-46:ssakin pelannut ven\u00e4l\u00e4inen vasuri Viktor Gruzinskii Paraisilta ryyditt\u00e4v\u00e4t nuorentuneen joukkueen rutiiniosastoa.<\/p>\n<p>Viiden ottelun j\u00e4lkeen joukkueen ykk\u00f6stykin manttelin on Ahlgrenilta perinyt oikean laidan Vladimir Knopinskii, joka on SM-liigan maalip\u00f6rssin k\u00e4rkiykmmenik\u00f6ss\u00e4 31 maalillaan.<\/p>\n<p>GrIFK:lla on viime aikoina ollut hieman vaikeuksia saada jalkeille t\u00e4ytt\u00e4 joukkuetta. BK-46:tta vastaan kokoonpanossa oli vain yhdeks\u00e4n kentt\u00e4pelaajaa. Siit\u00e4 huolimatta viime kauden nelonen pisti finaalijoukkueeksi povattua vastustaajansa ahtaalle. Ahtautta riitt\u00e4\u00e4 my\u00f6s lauantaina UT:lla ainakin pelikent\u00e4n neli\u00f6m\u00e4\u00e4r\u00e4n takia.<br \/>\n<a href=\"..\/wp-content\/uploads\/sites\/2\/2019\/01\/nikola-zujic.jpg\"><img loading=\"lazy\" decoding=\"async\" class=\"alignright size-medium wp-image-11291\" src=\"..\/wp-content\/uploads\/sites\/2\/2019\/01\/nikola-zujic-246x300.jpg\" alt=\"\" width=\"246\" height=\"300\" srcset=\"https:\/\/i0.wp.com\/grifk-handball.com\/miehet\/wp-content\/uploads\/sites\/2\/2019\/01\/nikola-zujic.jpg?resize=246%2C300&amp;ssl=1 246w, https:\/\/i0.wp.com\/grifk-handball.com\/miehet\/wp-content\/uploads\/sites\/2\/2019\/01\/nikola-zujic.jpg?resize=768%2C935&amp;ssl=1 768w, https:\/\/i0.wp.com\/grifk-handball.com\/miehet\/wp-content\/uploads\/sites\/2\/2019\/01\/nikola-zujic.jpg?resize=846%2C1030&amp;ssl=1 846w, https:\/\/i0.wp.com\/grifk-handball.com\/miehet\/wp-content\/uploads\/sites\/2\/2019\/01\/nikola-zujic.jpg?resize=1232%2C1500&amp;ssl=1 1232w, https:\/\/i0.wp.com\/grifk-handball.com\/miehet\/wp-content\/uploads\/sites\/2\/2019\/01\/nikola-zujic.jpg?resize=579%2C705&amp;ssl=1 579w, https:\/\/i0.wp.com\/grifk-handball.com\/miehet\/wp-content\/uploads\/sites\/2\/2019\/01\/nikola-zujic.jpg?resize=450%2C548&amp;ssl=1 450w, https:\/\/i0.wp.com\/grifk-handball.com\/miehet\/wp-content\/uploads\/sites\/2\/2019\/01\/nikola-zujic.jpg?w=1682&amp;ssl=1 1682w\" sizes=\"auto, (max-width: 246px) 100vw, 246px\" \/><\/a><\/p>\n<p>HIFK ja GrIFK kohtasivat kauden alla pelatuissa kahdessa harjoitusturnauksessa Turussa ja Siuntiossa. Aurajoen rannoilla Grani vei ottelun 35-23 ja Sjunde \u00e5\u00e5:n maisemissa maalein 25-20.<\/p>\n<h4>Nikola Zujicin ura viimein pakettiin<\/h4>\n<p>HIFK &#8211; kuten GrIFK:kin &#8211; kunnioittaa ottelussa molempia joukkueita Suomessa edustanutta Nikola Zujicia. Kertaalleen koronan takia siirretty j\u00e4\u00e4hyv\u00e4isottelu haluttiin pelata juuri GrIFK:ta vastaan.<\/p>\n<p>Yleis\u00f6n suosikiksi Suomessa kohonnut ja maahan kotiutunut serbi saapui SM-liigaan 2014. H\u00e4n pelasi aluksi nelj\u00e4n kauden ajan HIFK:ssa, josta siirtyi kaudella 2018\/19 HIK:n riveihin Hankoon, josta saapui kesken kauden vahvistamaan Grania.<\/p>\n<p>Kauniaisissa Zujic ehti ennen p\u00e4\u00e4t\u00f6st\u00e4\u00e4n lopettaa peliura loukkaantumisten takia pelata 24 ottelua ja teki niiss\u00e4 98 maalia.<\/p>\n<\/div><\/section>\n<section  class='av_textblock_section av-kur93r4w-dcad3a639691921242b683fc51f77721 '   itemscope=\"itemscope\" itemtype=\"https:\/\/schema.org\/BlogPosting\" itemprop=\"blogPost\" ><div class='avia_textblock'  itemprop=\"text\" ><h4>Solidsport tuo liigan kotiin<\/h4>\n<p>SM-liigan jokaista ottelua voi seurata katsomon lis\u00e4ksi my\u00f6s kotoa k\u00e4sin. Solidsport jatkaa videoalustana ja voit tarpeesi ja mieltymystesi mukaan joko ostaa katseluoikeuden yksitt\u00e4iseen otteluun, liitty\u00e4 joukkueen kuukausikannattajaksi tai ostaa Kausipassin kilpailukykyiseen hintaan.<\/p>\n<p>Tilaamalla SolidSportin kanavan joko kuukausikannattajana (9,90 \u20ac\/kk) tai Kausipassilla (79 \u20ac) saat katsottavaksesi kaikki SM-liigan ottelut liven\u00e4 sopimuskauden ajan. <a href=\"\/solidsport\/\">Lue lis\u00e4\u00e4 vaihtoehdoista &gt;<\/a><\/p>\n<\/div><\/section>\n<div class='flex_column_table av-1jg4bws-aa03d5e6843358291c157de71ff2415e sc-av_two_fifth av-equal-height-column-flextable'>\n<style type=\"text\/css\" data-created_by=\"avia_inline_auto\" id=\"style-css-av-1jg4bws-aa03d5e6843358291c157de71ff2415e\">\n.flex_column.av-1jg4bws-aa03d5e6843358291c157de71ff2415e{\nborder-radius:0px 0px 0px 0px;\npadding:20px 20px 20px 20px;\n}\n<\/style>\n<div  class='flex_column av-1jg4bws-aa03d5e6843358291c157de71ff2415e av_two_fifth  avia-builder-el-2  el_after_av_textblock  el_before_av_two_fifth  first flex_column_table_cell av-equal-height-column av-align-middle  column-top-margin'     ><section  class='av_textblock_section av-ktmr65n6-9da6fbed3da98a47417ab9940f68dc30 '   itemscope=\"itemscope\" itemtype=\"https:\/\/schema.org\/BlogPosting\" itemprop=\"blogPost\" ><div class='avia_textblock'  itemprop=\"text\" ><div class=\"nextmatchstream\">\n<p style=\"text-align: center;\"><script src=\"http:\/\/tulospalvelu.finnhandball.net\/taso\/widget.php?widget=nextmatch&#038;css=1&#038;teamid=103471&#038;otteluid= 489652\"><\/script><\/p>\n<\/div>\n<\/div><\/section><\/div>\n<div class='av-flex-placeholder'><\/div>\n<style type=\"text\/css\" data-created_by=\"avia_inline_auto\" id=\"style-css-av-14b44r0-2aeeca8e24ba752ca87ce9d7a7b4471c\">\n.flex_column.av-14b44r0-2aeeca8e24ba752ca87ce9d7a7b4471c{\nborder-radius:0px 0px 0px 0px;\npadding:0px 0px 0px 0px;\n}\n<\/style>\n<div  class='flex_column av-14b44r0-2aeeca8e24ba752ca87ce9d7a7b4471c av_two_fifth  avia-builder-el-4  el_after_av_two_fifth  avia-builder-el-last  flex_column_table_cell av-equal-height-column av-align-middle av-zero-column-padding  column-top-margin'     ><p>\n<style type=\"text\/css\" data-created_by=\"avia_inline_auto\" id=\"style-css-av-o842y4-895eb58100be5be4e168986c1e9936cf\">\n.avia-image-container.av-o842y4-895eb58100be5be4e168986c1e9936cf img.avia_image{\nbox-shadow:none;\n}\n.avia-image-container.av-o842y4-895eb58100be5be4e168986c1e9936cf .av-image-caption-overlay-center{\ncolor:#ffffff;\n}\n<\/style>\n<div  class='avia-image-container av-o842y4-895eb58100be5be4e168986c1e9936cf av-styling- av-hover-grow avia-align-center  avia-builder-el-5  el_before_av_hr  avia-builder-el-first '   itemprop=\"image\" itemscope=\"itemscope\" itemtype=\"https:\/\/schema.org\/ImageObject\" ><div class=\"avia-image-container-inner\"><div class=\"avia-image-overlay-wrap\"><img decoding=\"async\" fetchpriority=\"high\" class='wp-image-12923 avia-img-lazy-loading-not-12923 avia_image ' src=\"https:\/\/i0.wp.com\/grifk-handball.com\/miehet\/wp-content\/uploads\/sites\/2\/2019\/09\/Solid_Logotype-copy11.png?fit=300%2C52&ssl=1\" alt='' title='SolidSport'  height=\"52\" width=\"300\"  itemprop=\"thumbnailUrl\" srcset=\"https:\/\/i0.wp.com\/grifk-handball.com\/miehet\/wp-content\/uploads\/sites\/2\/2019\/09\/Solid_Logotype-copy11.png?w=699&amp;ssl=1 699w, https:\/\/i0.wp.com\/grifk-handball.com\/miehet\/wp-content\/uploads\/sites\/2\/2019\/09\/Solid_Logotype-copy11.png?resize=300%2C52&amp;ssl=1 300w\" sizes=\"(max-width: 300px) 100vw, 300px\" \/><\/div><\/div><\/div><br \/>\n\n<style type=\"text\/css\" data-created_by=\"avia_inline_auto\" id=\"style-css-av-ktmra7qj-f5a1f1882984b6dc00846cafa2d389ad\">\n#top .hr.hr-invisible.av-ktmra7qj-f5a1f1882984b6dc00846cafa2d389ad{\nheight:20px;\n}\n<\/style>\n<div  class='hr av-ktmra7qj-f5a1f1882984b6dc00846cafa2d389ad hr-invisible  avia-builder-el-6  el_after_av_image  el_before_av_button_big  avia-builder-el-last '><span class='hr-inner '><span class=\"hr-inner-style\"><\/span><\/span><\/div><br \/>\n<div  class='avia-button-wrap avia-button-center  avia-builder-el-7  el_after_av_hr  avia-builder-el-last '>\n<style type=\"text\/css\" data-created_by=\"avia_inline_auto\" id=\"style-css-av-ktmre0fi-a20fe49149734bccf1b98abb0295d6a0\">\n#top #wrap_all .avia-button.av-ktmre0fi-a20fe49149734bccf1b98abb0295d6a0:hover{\ncolor:black;\ntransition:all 0.4s ease-in-out;\n}\n#top #wrap_all .avia-button.av-ktmre0fi-a20fe49149734bccf1b98abb0295d6a0:hover .avia-svg-icon svg:first-child{\nfill:black;\nstroke:black;\n}\n<\/style>\n<a href='\/miehet\/liput#solidsport' class='avia-color-red avia-font-color-theme-color avia-button avia-button-fullwidth av-ktmre0fi-a20fe49149734bccf1b98abb0295d6a0 avia-icon_select-no avia-color-red'   aria-label=\"Kaikki matsit liven\u00e4 \u00bb\"><span class='avia_iconbox_title' >Kaikki matsit liven\u00e4 \u00bb<\/span><span class='avia_button_background avia-button avia-button-fullwidth avia-color-theme-color-subtle'><\/span><\/a><\/div><\/p><\/div><\/div><!--close column table wrapper. Autoclose: 1 -->\n","protected":false},"excerpt":{"rendered":"<p>Runkosarjan viimeiset liigamatsit ennen maaottelutaukoa pelataan lauantaina Helsingiss\u00e4, Turussa ja Riihim\u00e4ell\u00e4. Kiinnostavimmat koordinaatit viev\u00e4t GrIFK:n kannalta tietysti Helsingin Urheilutaloon, jossa HIFK ja Grani aloittavat kello 16 naisten SM-sarjan merkeiss\u00e4, miehet starttaavat omaan kamppailuunsa kello 18:30.<\/p>\n","protected":false},"author":1,"featured_media":14346,"comment_status":"closed","ping_status":"closed","sticky":false,"template":"","format":"standard","meta":{"_acf_changed":false,"footnotes":""},"categories":[465],"tags":[12,26,25,29,38,41],"class_list":["post-16073","post","type-post","status-publish","format-standard","has-post-thumbnail","hentry","category-ennakot-2021-22","tag-bombom","tag-grifkhandball","tag-grifk","tag-hifk","tag-runkosarja","tag-sm-liiga"],"acf":[],"yoast_head":"<!-- This site is optimized with the Yoast SEO plugin v27.5 - https:\/\/yoast.com\/product\/yoast-seo-wordpress\/ -->\n<title>GrIFK ja HIFK pisteiden kimppuun sek\u00e4 heitt\u00e4m\u00e4\u00e4n Zujicille j\u00e4\u00e4hyv\u00e4iset &#8212; GrIFK K\u00e4sipallo - miehet<\/title>\n<meta name=\"robots\" content=\"index, follow, max-snippet:-1, max-image-preview:large, max-video-preview:-1\" \/>\n<link rel=\"canonical\" href=\"https:\/\/grifk-handball.com\/miehet\/kausi-2021-22\/ennakot-2021-22\/grifk-ja-hifk-pisteiden-kimppuun-seka-heittamaan-zujicille-jaahyvaiset\/\" \/>\n<meta property=\"og:locale\" content=\"fi_FI\" \/>\n<meta property=\"og:type\" content=\"article\" \/>\n<meta property=\"og:title\" content=\"GrIFK ja HIFK pisteiden kimppuun sek\u00e4 heitt\u00e4m\u00e4\u00e4n Zujicille j\u00e4\u00e4hyv\u00e4iset &#8212; GrIFK K\u00e4sipallo - miehet\" \/>\n<meta property=\"og:description\" content=\"Runkosarjan viimeiset liigamatsit ennen maaottelutaukoa pelataan lauantaina Helsingiss\u00e4, Turussa ja Riihim\u00e4ell\u00e4. Kiinnostavimmat koordinaatit viev\u00e4t GrIFK:n kannalta tietysti Helsingin Urheilutaloon, jossa HIFK ja Grani aloittavat kello 16 naisten SM-sarjan merkeiss\u00e4, miehet starttaavat omaan kamppailuunsa kello 18:30.\" \/>\n<meta property=\"og:url\" content=\"https:\/\/grifk-handball.com\/miehet\/kausi-2021-22\/ennakot-2021-22\/grifk-ja-hifk-pisteiden-kimppuun-seka-heittamaan-zujicille-jaahyvaiset\/\" \/>\n<meta property=\"og:site_name\" content=\"GrIFK K\u00e4sipallo - miehet\" \/>\n<meta property=\"article:publisher\" content=\"https:\/\/www.facebook.com\/GrIFKelit\/\" \/>\n<meta property=\"article:published_time\" content=\"2021-10-29T13:11:23+00:00\" \/>\n<meta property=\"og:image\" content=\"https:\/\/i0.wp.com\/grifk-handball.com\/miehet\/wp-content\/uploads\/sites\/2\/2020\/10\/IMG_2519.jpeg?fit=2048%2C1536&ssl=1\" \/>\n\t<meta property=\"og:image:width\" content=\"2048\" \/>\n\t<meta property=\"og:image:height\" content=\"1536\" \/>\n\t<meta property=\"og:image:type\" content=\"image\/jpeg\" \/>\n<meta name=\"author\" content=\"granimaster\" \/>\n<meta name=\"twitter:card\" content=\"summary_large_image\" \/>\n<meta name=\"twitter:creator\" content=\"@GrIFK_MSM\" \/>\n<meta name=\"twitter:site\" content=\"@GrIFK_MSM\" \/>\n<meta name=\"twitter:label1\" content=\"Kirjoittanut\" \/>\n\t<meta name=\"twitter:data1\" content=\"granimaster\" \/>\n\t<meta name=\"twitter:label2\" content=\"Arvioitu lukuaika\" \/>\n\t<meta name=\"twitter:data2\" content=\"3 minuuttia\" \/>\n<script type=\"application\/ld+json\" class=\"yoast-schema-graph\">{\"@context\":\"https:\\\/\\\/schema.org\",\"@graph\":[{\"@type\":\"Article\",\"@id\":\"https:\\\/\\\/grifk-handball.com\\\/miehet\\\/kausi-2021-22\\\/ennakot-2021-22\\\/grifk-ja-hifk-pisteiden-kimppuun-seka-heittamaan-zujicille-jaahyvaiset\\\/#article\",\"isPartOf\":{\"@id\":\"https:\\\/\\\/grifk-handball.com\\\/miehet\\\/kausi-2021-22\\\/ennakot-2021-22\\\/grifk-ja-hifk-pisteiden-kimppuun-seka-heittamaan-zujicille-jaahyvaiset\\\/\"},\"author\":{\"name\":\"granimaster\",\"@id\":\"https:\\\/\\\/grifk-handball.com\\\/miehet\\\/#\\\/schema\\\/person\\\/9da98c743e3f0f85a1b32f59241b48e0\"},\"headline\":\"GrIFK ja HIFK pisteiden kimppuun sek\u00e4 heitt\u00e4m\u00e4\u00e4n Zujicille j\u00e4\u00e4hyv\u00e4iset\",\"datePublished\":\"2021-10-29T13:11:23+00:00\",\"mainEntityOfPage\":{\"@id\":\"https:\\\/\\\/grifk-handball.com\\\/miehet\\\/kausi-2021-22\\\/ennakot-2021-22\\\/grifk-ja-hifk-pisteiden-kimppuun-seka-heittamaan-zujicille-jaahyvaiset\\\/\"},\"wordCount\":820,\"publisher\":{\"@id\":\"https:\\\/\\\/grifk-handball.com\\\/miehet\\\/#organization\"},\"image\":{\"@id\":\"https:\\\/\\\/grifk-handball.com\\\/miehet\\\/kausi-2021-22\\\/ennakot-2021-22\\\/grifk-ja-hifk-pisteiden-kimppuun-seka-heittamaan-zujicille-jaahyvaiset\\\/#primaryimage\"},\"thumbnailUrl\":\"https:\\\/\\\/i0.wp.com\\\/grifk-handball.com\\\/miehet\\\/wp-content\\\/uploads\\\/sites\\\/2\\\/2020\\\/10\\\/IMG_2519.jpeg?fit=2048%2C1536&ssl=1\",\"keywords\":[\"#BomBom\",\"#GrIFKHandball\",\"GrIFK\",\"HIFK\",\"Runkosarja\",\"SM-liiga\"],\"articleSection\":[\"Ennakot 2021-22\"],\"inLanguage\":\"fi\"},{\"@type\":\"WebPage\",\"@id\":\"https:\\\/\\\/grifk-handball.com\\\/miehet\\\/kausi-2021-22\\\/ennakot-2021-22\\\/grifk-ja-hifk-pisteiden-kimppuun-seka-heittamaan-zujicille-jaahyvaiset\\\/\",\"url\":\"https:\\\/\\\/grifk-handball.com\\\/miehet\\\/kausi-2021-22\\\/ennakot-2021-22\\\/grifk-ja-hifk-pisteiden-kimppuun-seka-heittamaan-zujicille-jaahyvaiset\\\/\",\"name\":\"GrIFK ja HIFK pisteiden kimppuun sek\u00e4 heitt\u00e4m\u00e4\u00e4n Zujicille j\u00e4\u00e4hyv\u00e4iset &#8212; GrIFK K\u00e4sipallo - miehet\",\"isPartOf\":{\"@id\":\"https:\\\/\\\/grifk-handball.com\\\/miehet\\\/#website\"},\"primaryImageOfPage\":{\"@id\":\"https:\\\/\\\/grifk-handball.com\\\/miehet\\\/kausi-2021-22\\\/ennakot-2021-22\\\/grifk-ja-hifk-pisteiden-kimppuun-seka-heittamaan-zujicille-jaahyvaiset\\\/#primaryimage\"},\"image\":{\"@id\":\"https:\\\/\\\/grifk-handball.com\\\/miehet\\\/kausi-2021-22\\\/ennakot-2021-22\\\/grifk-ja-hifk-pisteiden-kimppuun-seka-heittamaan-zujicille-jaahyvaiset\\\/#primaryimage\"},\"thumbnailUrl\":\"https:\\\/\\\/i0.wp.com\\\/grifk-handball.com\\\/miehet\\\/wp-content\\\/uploads\\\/sites\\\/2\\\/2020\\\/10\\\/IMG_2519.jpeg?fit=2048%2C1536&ssl=1\",\"datePublished\":\"2021-10-29T13:11:23+00:00\",\"breadcrumb\":{\"@id\":\"https:\\\/\\\/grifk-handball.com\\\/miehet\\\/kausi-2021-22\\\/ennakot-2021-22\\\/grifk-ja-hifk-pisteiden-kimppuun-seka-heittamaan-zujicille-jaahyvaiset\\\/#breadcrumb\"},\"inLanguage\":\"fi\",\"potentialAction\":[{\"@type\":\"ReadAction\",\"target\":[\"https:\\\/\\\/grifk-handball.com\\\/miehet\\\/kausi-2021-22\\\/ennakot-2021-22\\\/grifk-ja-hifk-pisteiden-kimppuun-seka-heittamaan-zujicille-jaahyvaiset\\\/\"]}]},{\"@type\":\"ImageObject\",\"inLanguage\":\"fi\",\"@id\":\"https:\\\/\\\/grifk-handball.com\\\/miehet\\\/kausi-2021-22\\\/ennakot-2021-22\\\/grifk-ja-hifk-pisteiden-kimppuun-seka-heittamaan-zujicille-jaahyvaiset\\\/#primaryimage\",\"url\":\"https:\\\/\\\/i0.wp.com\\\/grifk-handball.com\\\/miehet\\\/wp-content\\\/uploads\\\/sites\\\/2\\\/2020\\\/10\\\/IMG_2519.jpeg?fit=2048%2C1536&ssl=1\",\"contentUrl\":\"https:\\\/\\\/i0.wp.com\\\/grifk-handball.com\\\/miehet\\\/wp-content\\\/uploads\\\/sites\\\/2\\\/2020\\\/10\\\/IMG_2519.jpeg?fit=2048%2C1536&ssl=1\",\"width\":2048,\"height\":1536},{\"@type\":\"BreadcrumbList\",\"@id\":\"https:\\\/\\\/grifk-handball.com\\\/miehet\\\/kausi-2021-22\\\/ennakot-2021-22\\\/grifk-ja-hifk-pisteiden-kimppuun-seka-heittamaan-zujicille-jaahyvaiset\\\/#breadcrumb\",\"itemListElement\":[{\"@type\":\"ListItem\",\"position\":1,\"name\":\"Home\",\"item\":\"https:\\\/\\\/grifk-handball.com\\\/miehet\\\/etusivu-260109\\\/\"},{\"@type\":\"ListItem\",\"position\":2,\"name\":\"GrIFK ja HIFK pisteiden kimppuun sek\u00e4 heitt\u00e4m\u00e4\u00e4n Zujicille j\u00e4\u00e4hyv\u00e4iset\"}]},{\"@type\":\"WebSite\",\"@id\":\"https:\\\/\\\/grifk-handball.com\\\/miehet\\\/#website\",\"url\":\"https:\\\/\\\/grifk-handball.com\\\/miehet\\\/\",\"name\":\"GrIFK K\u00e4sipallo - miehet\",\"description\":\"BomBom!\",\"publisher\":{\"@id\":\"https:\\\/\\\/grifk-handball.com\\\/miehet\\\/#organization\"},\"potentialAction\":[{\"@type\":\"SearchAction\",\"target\":{\"@type\":\"EntryPoint\",\"urlTemplate\":\"https:\\\/\\\/grifk-handball.com\\\/miehet\\\/?s={search_term_string}\"},\"query-input\":{\"@type\":\"PropertyValueSpecification\",\"valueRequired\":true,\"valueName\":\"search_term_string\"}}],\"inLanguage\":\"fi\"},{\"@type\":\"Organization\",\"@id\":\"https:\\\/\\\/grifk-handball.com\\\/miehet\\\/#organization\",\"name\":\"GrIFK K\u00e4sipallo - miehet\",\"url\":\"https:\\\/\\\/grifk-handball.com\\\/miehet\\\/\",\"logo\":{\"@type\":\"ImageObject\",\"inLanguage\":\"fi\",\"@id\":\"https:\\\/\\\/grifk-handball.com\\\/miehet\\\/#\\\/schema\\\/logo\\\/image\\\/\",\"url\":\"https:\\\/\\\/i0.wp.com\\\/grifk-handball.com\\\/miehet\\\/wp-content\\\/uploads\\\/sites\\\/2\\\/2016\\\/10\\\/logo-grifk-iso.png?fit=1200%2C1400&ssl=1\",\"contentUrl\":\"https:\\\/\\\/i0.wp.com\\\/grifk-handball.com\\\/miehet\\\/wp-content\\\/uploads\\\/sites\\\/2\\\/2016\\\/10\\\/logo-grifk-iso.png?fit=1200%2C1400&ssl=1\",\"width\":1200,\"height\":1400,\"caption\":\"GrIFK K\u00e4sipallo - miehet\"},\"image\":{\"@id\":\"https:\\\/\\\/grifk-handball.com\\\/miehet\\\/#\\\/schema\\\/logo\\\/image\\\/\"},\"sameAs\":[\"https:\\\/\\\/www.facebook.com\\\/GrIFKelit\\\/\",\"https:\\\/\\\/x.com\\\/GrIFK_MSM\",\"https:\\\/\\\/www.instagram.com\\\/grifk_elit\\\/\"]},{\"@type\":\"Person\",\"@id\":\"https:\\\/\\\/grifk-handball.com\\\/miehet\\\/#\\\/schema\\\/person\\\/9da98c743e3f0f85a1b32f59241b48e0\",\"name\":\"granimaster\",\"image\":{\"@type\":\"ImageObject\",\"inLanguage\":\"fi\",\"@id\":\"https:\\\/\\\/secure.gravatar.com\\\/avatar\\\/034b8e6380fc659c320f13e17fe45bd9ab48a21e2debadd5f3179bde291949df?s=96&d=mm&r=g\",\"url\":\"https:\\\/\\\/secure.gravatar.com\\\/avatar\\\/034b8e6380fc659c320f13e17fe45bd9ab48a21e2debadd5f3179bde291949df?s=96&d=mm&r=g\",\"contentUrl\":\"https:\\\/\\\/secure.gravatar.com\\\/avatar\\\/034b8e6380fc659c320f13e17fe45bd9ab48a21e2debadd5f3179bde291949df?s=96&d=mm&r=g\",\"caption\":\"granimaster\"},\"url\":\"https:\\\/\\\/grifk-handball.com\\\/miehet\\\/author\\\/granimaster\\\/\"}]}<\/script>\n<!-- \/ Yoast SEO plugin. -->","yoast_head_json":{"title":"GrIFK ja HIFK pisteiden kimppuun sek\u00e4 heitt\u00e4m\u00e4\u00e4n Zujicille j\u00e4\u00e4hyv\u00e4iset &#8212; GrIFK K\u00e4sipallo - miehet","robots":{"index":"index","follow":"follow","max-snippet":"max-snippet:-1","max-image-preview":"max-image-preview:large","max-video-preview":"max-video-preview:-1"},"canonical":"https:\/\/grifk-handball.com\/miehet\/kausi-2021-22\/ennakot-2021-22\/grifk-ja-hifk-pisteiden-kimppuun-seka-heittamaan-zujicille-jaahyvaiset\/","og_locale":"fi_FI","og_type":"article","og_title":"GrIFK ja HIFK pisteiden kimppuun sek\u00e4 heitt\u00e4m\u00e4\u00e4n Zujicille j\u00e4\u00e4hyv\u00e4iset &#8212; GrIFK K\u00e4sipallo - miehet","og_description":"Runkosarjan viimeiset liigamatsit ennen maaottelutaukoa pelataan lauantaina Helsingiss\u00e4, Turussa ja Riihim\u00e4ell\u00e4. Kiinnostavimmat koordinaatit viev\u00e4t GrIFK:n kannalta tietysti Helsingin Urheilutaloon, jossa HIFK ja Grani aloittavat kello 16 naisten SM-sarjan merkeiss\u00e4, miehet starttaavat omaan kamppailuunsa kello 18:30.","og_url":"https:\/\/grifk-handball.com\/miehet\/kausi-2021-22\/ennakot-2021-22\/grifk-ja-hifk-pisteiden-kimppuun-seka-heittamaan-zujicille-jaahyvaiset\/","og_site_name":"GrIFK K\u00e4sipallo - miehet","article_publisher":"https:\/\/www.facebook.com\/GrIFKelit\/","article_published_time":"2021-10-29T13:11:23+00:00","og_image":[{"width":2048,"height":1536,"url":"https:\/\/i0.wp.com\/grifk-handball.com\/miehet\/wp-content\/uploads\/sites\/2\/2020\/10\/IMG_2519.jpeg?fit=2048%2C1536&ssl=1","type":"image\/jpeg"}],"author":"granimaster","twitter_card":"summary_large_image","twitter_creator":"@GrIFK_MSM","twitter_site":"@GrIFK_MSM","twitter_misc":{"Kirjoittanut":"granimaster","Arvioitu lukuaika":"3 minuuttia"},"schema":{"@context":"https:\/\/schema.org","@graph":[{"@type":"Article","@id":"https:\/\/grifk-handball.com\/miehet\/kausi-2021-22\/ennakot-2021-22\/grifk-ja-hifk-pisteiden-kimppuun-seka-heittamaan-zujicille-jaahyvaiset\/#article","isPartOf":{"@id":"https:\/\/grifk-handball.com\/miehet\/kausi-2021-22\/ennakot-2021-22\/grifk-ja-hifk-pisteiden-kimppuun-seka-heittamaan-zujicille-jaahyvaiset\/"},"author":{"name":"granimaster","@id":"https:\/\/grifk-handball.com\/miehet\/#\/schema\/person\/9da98c743e3f0f85a1b32f59241b48e0"},"headline":"GrIFK ja HIFK pisteiden kimppuun sek\u00e4 heitt\u00e4m\u00e4\u00e4n Zujicille j\u00e4\u00e4hyv\u00e4iset","datePublished":"2021-10-29T13:11:23+00:00","mainEntityOfPage":{"@id":"https:\/\/grifk-handball.com\/miehet\/kausi-2021-22\/ennakot-2021-22\/grifk-ja-hifk-pisteiden-kimppuun-seka-heittamaan-zujicille-jaahyvaiset\/"},"wordCount":820,"publisher":{"@id":"https:\/\/grifk-handball.com\/miehet\/#organization"},"image":{"@id":"https:\/\/grifk-handball.com\/miehet\/kausi-2021-22\/ennakot-2021-22\/grifk-ja-hifk-pisteiden-kimppuun-seka-heittamaan-zujicille-jaahyvaiset\/#primaryimage"},"thumbnailUrl":"https:\/\/i0.wp.com\/grifk-handball.com\/miehet\/wp-content\/uploads\/sites\/2\/2020\/10\/IMG_2519.jpeg?fit=2048%2C1536&ssl=1","keywords":["#BomBom","#GrIFKHandball","GrIFK","HIFK","Runkosarja","SM-liiga"],"articleSection":["Ennakot 2021-22"],"inLanguage":"fi"},{"@type":"WebPage","@id":"https:\/\/grifk-handball.com\/miehet\/kausi-2021-22\/ennakot-2021-22\/grifk-ja-hifk-pisteiden-kimppuun-seka-heittamaan-zujicille-jaahyvaiset\/","url":"https:\/\/grifk-handball.com\/miehet\/kausi-2021-22\/ennakot-2021-22\/grifk-ja-hifk-pisteiden-kimppuun-seka-heittamaan-zujicille-jaahyvaiset\/","name":"GrIFK ja HIFK pisteiden kimppuun sek\u00e4 heitt\u00e4m\u00e4\u00e4n Zujicille j\u00e4\u00e4hyv\u00e4iset &#8212; GrIFK K\u00e4sipallo - miehet","isPartOf":{"@id":"https:\/\/grifk-handball.com\/miehet\/#website"},"primaryImageOfPage":{"@id":"https:\/\/grifk-handball.com\/miehet\/kausi-2021-22\/ennakot-2021-22\/grifk-ja-hifk-pisteiden-kimppuun-seka-heittamaan-zujicille-jaahyvaiset\/#primaryimage"},"image":{"@id":"https:\/\/grifk-handball.com\/miehet\/kausi-2021-22\/ennakot-2021-22\/grifk-ja-hifk-pisteiden-kimppuun-seka-heittamaan-zujicille-jaahyvaiset\/#primaryimage"},"thumbnailUrl":"https:\/\/i0.wp.com\/grifk-handball.com\/miehet\/wp-content\/uploads\/sites\/2\/2020\/10\/IMG_2519.jpeg?fit=2048%2C1536&ssl=1","datePublished":"2021-10-29T13:11:23+00:00","breadcrumb":{"@id":"https:\/\/grifk-handball.com\/miehet\/kausi-2021-22\/ennakot-2021-22\/grifk-ja-hifk-pisteiden-kimppuun-seka-heittamaan-zujicille-jaahyvaiset\/#breadcrumb"},"inLanguage":"fi","potentialAction":[{"@type":"ReadAction","target":["https:\/\/grifk-handball.com\/miehet\/kausi-2021-22\/ennakot-2021-22\/grifk-ja-hifk-pisteiden-kimppuun-seka-heittamaan-zujicille-jaahyvaiset\/"]}]},{"@type":"ImageObject","inLanguage":"fi","@id":"https:\/\/grifk-handball.com\/miehet\/kausi-2021-22\/ennakot-2021-22\/grifk-ja-hifk-pisteiden-kimppuun-seka-heittamaan-zujicille-jaahyvaiset\/#primaryimage","url":"https:\/\/i0.wp.com\/grifk-handball.com\/miehet\/wp-content\/uploads\/sites\/2\/2020\/10\/IMG_2519.jpeg?fit=2048%2C1536&ssl=1","contentUrl":"https:\/\/i0.wp.com\/grifk-handball.com\/miehet\/wp-content\/uploads\/sites\/2\/2020\/10\/IMG_2519.jpeg?fit=2048%2C1536&ssl=1","width":2048,"height":1536},{"@type":"BreadcrumbList","@id":"https:\/\/grifk-handball.com\/miehet\/kausi-2021-22\/ennakot-2021-22\/grifk-ja-hifk-pisteiden-kimppuun-seka-heittamaan-zujicille-jaahyvaiset\/#breadcrumb","itemListElement":[{"@type":"ListItem","position":1,"name":"Home","item":"https:\/\/grifk-handball.com\/miehet\/etusivu-260109\/"},{"@type":"ListItem","position":2,"name":"GrIFK ja HIFK pisteiden kimppuun sek\u00e4 heitt\u00e4m\u00e4\u00e4n Zujicille j\u00e4\u00e4hyv\u00e4iset"}]},{"@type":"WebSite","@id":"https:\/\/grifk-handball.com\/miehet\/#website","url":"https:\/\/grifk-handball.com\/miehet\/","name":"GrIFK K\u00e4sipallo - miehet","description":"BomBom!","publisher":{"@id":"https:\/\/grifk-handball.com\/miehet\/#organization"},"potentialAction":[{"@type":"SearchAction","target":{"@type":"EntryPoint","urlTemplate":"https:\/\/grifk-handball.com\/miehet\/?s={search_term_string}"},"query-input":{"@type":"PropertyValueSpecification","valueRequired":true,"valueName":"search_term_string"}}],"inLanguage":"fi"},{"@type":"Organization","@id":"https:\/\/grifk-handball.com\/miehet\/#organization","name":"GrIFK K\u00e4sipallo - miehet","url":"https:\/\/grifk-handball.com\/miehet\/","logo":{"@type":"ImageObject","inLanguage":"fi","@id":"https:\/\/grifk-handball.com\/miehet\/#\/schema\/logo\/image\/","url":"https:\/\/i0.wp.com\/grifk-handball.com\/miehet\/wp-content\/uploads\/sites\/2\/2016\/10\/logo-grifk-iso.png?fit=1200%2C1400&ssl=1","contentUrl":"https:\/\/i0.wp.com\/grifk-handball.com\/miehet\/wp-content\/uploads\/sites\/2\/2016\/10\/logo-grifk-iso.png?fit=1200%2C1400&ssl=1","width":1200,"height":1400,"caption":"GrIFK K\u00e4sipallo - miehet"},"image":{"@id":"https:\/\/grifk-handball.com\/miehet\/#\/schema\/logo\/image\/"},"sameAs":["https:\/\/www.facebook.com\/GrIFKelit\/","https:\/\/x.com\/GrIFK_MSM","https:\/\/www.instagram.com\/grifk_elit\/"]},{"@type":"Person","@id":"https:\/\/grifk-handball.com\/miehet\/#\/schema\/person\/9da98c743e3f0f85a1b32f59241b48e0","name":"granimaster","image":{"@type":"ImageObject","inLanguage":"fi","@id":"https:\/\/secure.gravatar.com\/avatar\/034b8e6380fc659c320f13e17fe45bd9ab48a21e2debadd5f3179bde291949df?s=96&d=mm&r=g","url":"https:\/\/secure.gravatar.com\/avatar\/034b8e6380fc659c320f13e17fe45bd9ab48a21e2debadd5f3179bde291949df?s=96&d=mm&r=g","contentUrl":"https:\/\/secure.gravatar.com\/avatar\/034b8e6380fc659c320f13e17fe45bd9ab48a21e2debadd5f3179bde291949df?s=96&d=mm&r=g","caption":"granimaster"},"url":"https:\/\/grifk-handball.com\/miehet\/author\/granimaster\/"}]}},"jetpack_featured_media_url":"https:\/\/i0.wp.com\/grifk-handball.com\/miehet\/wp-content\/uploads\/sites\/2\/2020\/10\/IMG_2519.jpeg?fit=2048%2C1536&ssl=1","jetpack_shortlink":"https:\/\/wp.me\/p9jQ9a-4bf","_links":{"self":[{"href":"https:\/\/grifk-handball.com\/miehet\/wp-json\/wp\/v2\/posts\/16073","targetHints":{"allow":["GET"]}}],"collection":[{"href":"https:\/\/grifk-handball.com\/miehet\/wp-json\/wp\/v2\/posts"}],"about":[{"href":"https:\/\/grifk-handball.com\/miehet\/wp-json\/wp\/v2\/types\/post"}],"author":[{"embeddable":true,"href":"https:\/\/grifk-handball.com\/miehet\/wp-json\/wp\/v2\/users\/1"}],"replies":[{"embeddable":true,"href":"https:\/\/grifk-handball.com\/miehet\/wp-json\/wp\/v2\/comments?post=16073"}],"version-history":[{"count":13,"href":"https:\/\/grifk-handball.com\/miehet\/wp-json\/wp\/v2\/posts\/16073\/revisions"}],"predecessor-version":[{"id":16088,"href":"https:\/\/grifk-handball.com\/miehet\/wp-json\/wp\/v2\/posts\/16073\/revisions\/16088"}],"wp:featuredmedia":[{"embeddable":true,"href":"https:\/\/grifk-handball.com\/miehet\/wp-json\/wp\/v2\/media\/14346"}],"wp:attachment":[{"href":"https:\/\/grifk-handball.com\/miehet\/wp-json\/wp\/v2\/media?parent=16073"}],"wp:term":[{"taxonomy":"category","embeddable":true,"href":"https:\/\/grifk-handball.com\/miehet\/wp-json\/wp\/v2\/categories?post=16073"},{"taxonomy":"post_tag","embeddable":true,"href":"https:\/\/grifk-handball.com\/miehet\/wp-json\/wp\/v2\/tags?post=16073"}],"curies":[{"name":"wp","href":"https:\/\/api.w.org\/{rel}","templated":true}]}}