{"id":16094,"date":"2021-10-30T22:55:18","date_gmt":"2021-10-30T19:55:18","guid":{"rendered":"https:\/\/grifk-handball.com\/miehet\/?p=16094"},"modified":"2021-10-31T14:20:48","modified_gmt":"2021-10-31T12:20:48","slug":"grifk-noyrtyi-hifk-ja-zujic-juhlivat","status":"publish","type":"post","link":"https:\/\/grifk-handball.com\/miehet\/kausi-2021-22\/ottelut-2021-22\/grifk-noyrtyi-hifk-ja-zujic-juhlivat\/","title":{"rendered":"GrIFK n\u00f6yrtyi &#8211; HIFK ja Zujic juhlivat"},"content":{"rendered":"<section  class='av_textblock_section av-ktvzyrsm-058b4455707c6eff5041cfc4be3dcb90 '   itemscope=\"itemscope\" itemtype=\"https:\/\/schema.org\/BlogPosting\" itemprop=\"blogPost\" ><div class='avia_textblock'  itemprop=\"text\" ><p>GrIFK:n pistetili j\u00e4i karttumatta nelj\u00e4nness\u00e4 ottelussa per\u00e4kk\u00e4in. HIFK pelasi kauden parhaan pelins\u00e4 kun Nikola Zujicin j\u00e4\u00e4hyv\u00e4isi\u00e4 vietettiin kotijoukkueen komennossa. HIFK otti liigakauden avausvoittonsa\u00a0 34-29 (16-11) karistaen samalla jumbosijan sek\u00e4 tiivist\u00e4en sarjataulukon alaosan.<!--more--><\/p>\n<p>Vierasjoukkueella oli erin\u00e4isten loukkaantumisten takia jo vaikeuksia saada kokoonpanoa kasattua jo BK-peliin, ja HIFK:takin vastaan parketille asteli vain yhdeks\u00e4n kentt\u00e4pelaajaa, mutta se ei est\u00e4nyt Grania aloittamasta r\u00e4v\u00e4k\u00e4sti.<\/p>\n<p>Nelj\u00e4ss\u00e4 minuutissa nelj\u00e4 tehty\u00e4 ja yksi p\u00e4\u00e4stetty maali j\u00e4i kuitenkin lyhyeksi iloksi HIFK:n vastattua nelj\u00e4st\u00e4 seuraavasta. Avausjakson puoliv\u00e4liss\u00e4 Grani maisteli viimeisen kerran johtoasemaa Carl Weurlanderin viety\u00e4 joukkueensa 7-8 johtoon. Puoliaikaan menness\u00e4 maalitili karttui en\u00e4\u00e4 kolmella HIFK:n itseluottamustason noustessa jokaisen onnistumisensa siivitt\u00e4m\u00e4n\u00e4. Kotijoukkue p\u00e4\u00e4si tauolle 16-11 johdossa Yevgeni Semenovin tahdittamana.<\/p>\n<p>Grani l\u00e4hti toisen jakson takaa-ajoon tarmokkaasti, mutta alku meni vierailta vihkoon, ja vihkon sivut t\u00e4yttyiv\u00e4t vartissa. Kuudessa minuutissa ero oli kasvanut kymmeneen maaliin (22-12, 36 min) HIFK:n onnistuttua k\u00e4yt\u00e4nn\u00f6ss\u00e4 kaikessa mit\u00e4 keksi kokeilla. Puoliaikatulos tuplaantui 20 minuutissa (32-22, 50 min).<\/p>\n<p>HIFK teki viimeisen maalinsa seitsemisen minuuttia ennen loppusummeria, Granin loppukiri j\u00e4i auttamattomasti liian lyhyeksi. Ottelun viisi viimeist\u00e4 maalia sent\u00e4\u00e4n kaunisteli lopullista eroa edes heiman p\u00e4iv\u00e4nvalon kest\u00e4v\u00e4ksi.<\/p>\n<p>GrIFK:lla on aina hankalaa UT:lla ja t\u00e4ll\u00e4 kerralla se my\u00f6s k\u00e4rsi pelaajapulasta, mutta se yksin ei selit\u00e4 kehnoa lopputulosta. Siin\u00e4 miss\u00e4 kovin monellakaan granilaisella ei ollut paras p\u00e4iv\u00e4ns\u00e4, HIFK:lla tuntui onnistuvan kaikki mihin se ryhtyi. Nikola Zujicin nostama tunnelataus n\u00e4kyi is\u00e4ntien esityksess\u00e4 pelk\u00e4st\u00e4\u00e4n positiivisena.<\/p>\n<div id=\"attachment_16098\" style=\"width: 264px\" class=\"wp-caption alignright\"><a href=\"https:\/\/i0.wp.com\/grifk-handball.com\/miehet\/wp-content\/uploads\/sites\/2\/2021\/10\/IMG_6528-e1635680060354.jpeg?ssl=1\"><img data-recalc-dims=\"1\" loading=\"lazy\" decoding=\"async\" aria-describedby=\"caption-attachment-16098\" class=\"size-medium wp-image-16098\" src=\"https:\/\/i0.wp.com\/grifk-handball.com\/miehet\/wp-content\/uploads\/sites\/2\/2021\/10\/IMG_6528-e1635680060354-254x300.jpeg?resize=254%2C300&#038;ssl=1\" alt=\"\" width=\"254\" height=\"300\" srcset=\"https:\/\/i0.wp.com\/grifk-handball.com\/miehet\/wp-content\/uploads\/sites\/2\/2021\/10\/IMG_6528-e1635680060354.jpeg?resize=254%2C300&amp;ssl=1 254w, https:\/\/i0.wp.com\/grifk-handball.com\/miehet\/wp-content\/uploads\/sites\/2\/2021\/10\/IMG_6528-e1635680060354.jpeg?resize=874%2C1030&amp;ssl=1 874w, https:\/\/i0.wp.com\/grifk-handball.com\/miehet\/wp-content\/uploads\/sites\/2\/2021\/10\/IMG_6528-e1635680060354.jpeg?resize=768%2C905&amp;ssl=1 768w, https:\/\/i0.wp.com\/grifk-handball.com\/miehet\/wp-content\/uploads\/sites\/2\/2021\/10\/IMG_6528-e1635680060354.jpeg?resize=598%2C705&amp;ssl=1 598w, https:\/\/i0.wp.com\/grifk-handball.com\/miehet\/wp-content\/uploads\/sites\/2\/2021\/10\/IMG_6528-e1635680060354.jpeg?w=1146&amp;ssl=1 1146w\" sizes=\"auto, (max-width: 254px) 100vw, 254px\" \/><\/a><p id=\"caption-attachment-16098\" class=\"wp-caption-text\">Nikola Zujic<\/p><\/div>\n<p>Is\u00e4ntien ykk\u00f6stykki oli Semenov, joka palkittiin kolmell\u00e4 t\u00e4hdell\u00e4, Vladimir Knopinskii oli t\u00e4ss\u00e4kin ottelussa varma viimeistelij\u00e4.<\/p>\n<p>P\u00e4iv\u00e4nsankari Zujic lis\u00e4si tilastoihinsa viimeisess\u00e4 ottelussaan viisi osumaa, sattumoisin saman verran mit\u00e4 maaliero ottelun lopussa oli is\u00e4nnille. Ironian puolelle voi varmaan kirjata my\u00f6s HIFK:n ottelussa tekem\u00e4n maalim\u00e4\u00e4r\u00e4n, joka t\u00e4sm\u00e4\u00e4 Zujicin pelinumeron kanssa.<\/p>\n<p>Granin tehot lep\u00e4siv\u00e4t maajoukkueeseen kutsuttujen Weurlanderin ja Robin Granlundin ja Fredrik Forssin, sek\u00e4 7v6 -peleill\u00e4 maalipaikkansa erinomaisesti k\u00e4ytt\u00e4neen Jere Kanteen varassa.<\/p>\n<p>SM-liiga siirtyy nyt parin viikon maajoukkuetauolle. GrIFK:n paussi tosin kest\u00e4\u00e4 liki kolme viikkoa mutta tulee joukkueelle hyv\u00e4\u00e4n aikaan. SIF:i\u00e4 vastaan Luolassa pelattava seuraava ottelu on ohjelmassa vasta 20.11.<\/p>\n<p>Ennen sit\u00e4 kuitenkin edess\u00e4 on monta sinivalkoista ottelua. Tiistaina 2.11. maajoukkue kohtaa Riihim\u00e4ell\u00e4 SM-liigan yleis\u00f6\u00e4\u00e4nestyksell\u00e4 valitun All Stars -joukkueen ja tulevana viikonloppuna 5.-7.11 haetaan Energia-Areenalla MM-karsinnoista jatkopaikkaa Viroa, Georgiaa ja Iso-Britanniaa vastaan.<\/p>\n<\/div><\/section>\n","protected":false},"excerpt":{"rendered":"<p>GrIFK:n pistetili j\u00e4i karttumatta nelj\u00e4nness\u00e4 ottelussa per\u00e4kk\u00e4in. HIFK pelasi kauden parhaan pelins\u00e4 kun Nikola Zujicin j\u00e4\u00e4hyv\u00e4isi\u00e4 vietettiin kotijoukkueen komennossa. HIFK otti liigakauden avausvoittonsa\u00a0 34-29 (16-11) karistaen samalla jumbosijan sek\u00e4 tiivist\u00e4en sarjataulukon alaosan.<\/p>\n","protected":false},"author":1,"featured_media":16131,"comment_status":"closed","ping_status":"closed","sticky":false,"template":"","format":"standard","meta":{"_acf_changed":false,"footnotes":""},"categories":[467],"tags":[12,26,25,29,343,38,41],"class_list":["post-16094","post","type-post","status-publish","format-standard","has-post-thumbnail","hentry","category-ottelut-2021-22","tag-bombom","tag-grifkhandball","tag-grifk","tag-hifk","tag-nikola-zujic","tag-runkosarja","tag-sm-liiga"],"acf":[],"yoast_head":"<!-- This site is optimized with the Yoast SEO plugin v27.5 - https:\/\/yoast.com\/product\/yoast-seo-wordpress\/ -->\n<title>GrIFK n\u00f6yrtyi - HIFK ja Zujic juhlivat &#8212; GrIFK K\u00e4sipallo - miehet<\/title>\n<meta name=\"robots\" content=\"index, follow, max-snippet:-1, max-image-preview:large, max-video-preview:-1\" \/>\n<link rel=\"canonical\" href=\"https:\/\/grifk-handball.com\/miehet\/kausi-2021-22\/ottelut-2021-22\/grifk-noyrtyi-hifk-ja-zujic-juhlivat\/\" \/>\n<meta property=\"og:locale\" content=\"fi_FI\" \/>\n<meta property=\"og:type\" content=\"article\" \/>\n<meta property=\"og:title\" content=\"GrIFK n\u00f6yrtyi - HIFK ja Zujic juhlivat &#8212; GrIFK K\u00e4sipallo - miehet\" \/>\n<meta property=\"og:description\" content=\"GrIFK:n pistetili j\u00e4i karttumatta nelj\u00e4nness\u00e4 ottelussa per\u00e4kk\u00e4in. HIFK pelasi kauden parhaan pelins\u00e4 kun Nikola Zujicin j\u00e4\u00e4hyv\u00e4isi\u00e4 vietettiin kotijoukkueen komennossa. HIFK otti liigakauden avausvoittonsa\u00a0 34-29 (16-11) karistaen samalla jumbosijan sek\u00e4 tiivist\u00e4en sarjataulukon alaosan.\" \/>\n<meta property=\"og:url\" content=\"https:\/\/grifk-handball.com\/miehet\/kausi-2021-22\/ottelut-2021-22\/grifk-noyrtyi-hifk-ja-zujic-juhlivat\/\" \/>\n<meta property=\"og:site_name\" content=\"GrIFK K\u00e4sipallo - miehet\" \/>\n<meta property=\"article:publisher\" content=\"https:\/\/www.facebook.com\/GrIFKelit\/\" \/>\n<meta property=\"article:published_time\" content=\"2021-10-30T19:55:18+00:00\" \/>\n<meta property=\"article:modified_time\" content=\"2021-10-31T12:20:48+00:00\" \/>\n<meta property=\"og:image\" content=\"https:\/\/i0.wp.com\/grifk-handball.com\/miehet\/wp-content\/uploads\/sites\/2\/2021\/10\/IMG_6495.jpeg?fit=2048%2C1536&ssl=1\" \/>\n\t<meta property=\"og:image:width\" content=\"2048\" \/>\n\t<meta property=\"og:image:height\" content=\"1536\" \/>\n\t<meta property=\"og:image:type\" content=\"image\/jpeg\" \/>\n<meta name=\"author\" content=\"granimaster\" \/>\n<meta name=\"twitter:card\" content=\"summary_large_image\" \/>\n<meta name=\"twitter:creator\" content=\"@GrIFK_MSM\" \/>\n<meta name=\"twitter:site\" content=\"@GrIFK_MSM\" \/>\n<meta name=\"twitter:label1\" content=\"Kirjoittanut\" \/>\n\t<meta name=\"twitter:data1\" content=\"granimaster\" \/>\n\t<meta name=\"twitter:label2\" content=\"Arvioitu lukuaika\" \/>\n\t<meta name=\"twitter:data2\" content=\"2 minuuttia\" \/>\n<script type=\"application\/ld+json\" class=\"yoast-schema-graph\">{\"@context\":\"https:\\\/\\\/schema.org\",\"@graph\":[{\"@type\":\"Article\",\"@id\":\"https:\\\/\\\/grifk-handball.com\\\/miehet\\\/kausi-2021-22\\\/ottelut-2021-22\\\/grifk-noyrtyi-hifk-ja-zujic-juhlivat\\\/#article\",\"isPartOf\":{\"@id\":\"https:\\\/\\\/grifk-handball.com\\\/miehet\\\/kausi-2021-22\\\/ottelut-2021-22\\\/grifk-noyrtyi-hifk-ja-zujic-juhlivat\\\/\"},\"author\":{\"name\":\"granimaster\",\"@id\":\"https:\\\/\\\/grifk-handball.com\\\/miehet\\\/#\\\/schema\\\/person\\\/9da98c743e3f0f85a1b32f59241b48e0\"},\"headline\":\"GrIFK n\u00f6yrtyi &#8211; HIFK ja Zujic juhlivat\",\"datePublished\":\"2021-10-30T19:55:18+00:00\",\"dateModified\":\"2021-10-31T12:20:48+00:00\",\"mainEntityOfPage\":{\"@id\":\"https:\\\/\\\/grifk-handball.com\\\/miehet\\\/kausi-2021-22\\\/ottelut-2021-22\\\/grifk-noyrtyi-hifk-ja-zujic-juhlivat\\\/\"},\"wordCount\":457,\"publisher\":{\"@id\":\"https:\\\/\\\/grifk-handball.com\\\/miehet\\\/#organization\"},\"image\":{\"@id\":\"https:\\\/\\\/grifk-handball.com\\\/miehet\\\/kausi-2021-22\\\/ottelut-2021-22\\\/grifk-noyrtyi-hifk-ja-zujic-juhlivat\\\/#primaryimage\"},\"thumbnailUrl\":\"https:\\\/\\\/i0.wp.com\\\/grifk-handball.com\\\/miehet\\\/wp-content\\\/uploads\\\/sites\\\/2\\\/2021\\\/10\\\/IMG_6495.jpeg?fit=2048%2C1536&ssl=1\",\"keywords\":[\"#BomBom\",\"#GrIFKHandball\",\"GrIFK\",\"HIFK\",\"Nikola Zujic\",\"Runkosarja\",\"SM-liiga\"],\"articleSection\":[\"Ottelut 2021-22\"],\"inLanguage\":\"fi\"},{\"@type\":\"WebPage\",\"@id\":\"https:\\\/\\\/grifk-handball.com\\\/miehet\\\/kausi-2021-22\\\/ottelut-2021-22\\\/grifk-noyrtyi-hifk-ja-zujic-juhlivat\\\/\",\"url\":\"https:\\\/\\\/grifk-handball.com\\\/miehet\\\/kausi-2021-22\\\/ottelut-2021-22\\\/grifk-noyrtyi-hifk-ja-zujic-juhlivat\\\/\",\"name\":\"GrIFK n\u00f6yrtyi - HIFK ja Zujic juhlivat &#8212; GrIFK K\u00e4sipallo - miehet\",\"isPartOf\":{\"@id\":\"https:\\\/\\\/grifk-handball.com\\\/miehet\\\/#website\"},\"primaryImageOfPage\":{\"@id\":\"https:\\\/\\\/grifk-handball.com\\\/miehet\\\/kausi-2021-22\\\/ottelut-2021-22\\\/grifk-noyrtyi-hifk-ja-zujic-juhlivat\\\/#primaryimage\"},\"image\":{\"@id\":\"https:\\\/\\\/grifk-handball.com\\\/miehet\\\/kausi-2021-22\\\/ottelut-2021-22\\\/grifk-noyrtyi-hifk-ja-zujic-juhlivat\\\/#primaryimage\"},\"thumbnailUrl\":\"https:\\\/\\\/i0.wp.com\\\/grifk-handball.com\\\/miehet\\\/wp-content\\\/uploads\\\/sites\\\/2\\\/2021\\\/10\\\/IMG_6495.jpeg?fit=2048%2C1536&ssl=1\",\"datePublished\":\"2021-10-30T19:55:18+00:00\",\"dateModified\":\"2021-10-31T12:20:48+00:00\",\"breadcrumb\":{\"@id\":\"https:\\\/\\\/grifk-handball.com\\\/miehet\\\/kausi-2021-22\\\/ottelut-2021-22\\\/grifk-noyrtyi-hifk-ja-zujic-juhlivat\\\/#breadcrumb\"},\"inLanguage\":\"fi\",\"potentialAction\":[{\"@type\":\"ReadAction\",\"target\":[\"https:\\\/\\\/grifk-handball.com\\\/miehet\\\/kausi-2021-22\\\/ottelut-2021-22\\\/grifk-noyrtyi-hifk-ja-zujic-juhlivat\\\/\"]}]},{\"@type\":\"ImageObject\",\"inLanguage\":\"fi\",\"@id\":\"https:\\\/\\\/grifk-handball.com\\\/miehet\\\/kausi-2021-22\\\/ottelut-2021-22\\\/grifk-noyrtyi-hifk-ja-zujic-juhlivat\\\/#primaryimage\",\"url\":\"https:\\\/\\\/i0.wp.com\\\/grifk-handball.com\\\/miehet\\\/wp-content\\\/uploads\\\/sites\\\/2\\\/2021\\\/10\\\/IMG_6495.jpeg?fit=2048%2C1536&ssl=1\",\"contentUrl\":\"https:\\\/\\\/i0.wp.com\\\/grifk-handball.com\\\/miehet\\\/wp-content\\\/uploads\\\/sites\\\/2\\\/2021\\\/10\\\/IMG_6495.jpeg?fit=2048%2C1536&ssl=1\",\"width\":2048,\"height\":1536},{\"@type\":\"BreadcrumbList\",\"@id\":\"https:\\\/\\\/grifk-handball.com\\\/miehet\\\/kausi-2021-22\\\/ottelut-2021-22\\\/grifk-noyrtyi-hifk-ja-zujic-juhlivat\\\/#breadcrumb\",\"itemListElement\":[{\"@type\":\"ListItem\",\"position\":1,\"name\":\"Home\",\"item\":\"https:\\\/\\\/grifk-handball.com\\\/miehet\\\/etusivu-260109\\\/\"},{\"@type\":\"ListItem\",\"position\":2,\"name\":\"GrIFK n\u00f6yrtyi &#8211; HIFK ja Zujic juhlivat\"}]},{\"@type\":\"WebSite\",\"@id\":\"https:\\\/\\\/grifk-handball.com\\\/miehet\\\/#website\",\"url\":\"https:\\\/\\\/grifk-handball.com\\\/miehet\\\/\",\"name\":\"GrIFK K\u00e4sipallo - miehet\",\"description\":\"BomBom!\",\"publisher\":{\"@id\":\"https:\\\/\\\/grifk-handball.com\\\/miehet\\\/#organization\"},\"potentialAction\":[{\"@type\":\"SearchAction\",\"target\":{\"@type\":\"EntryPoint\",\"urlTemplate\":\"https:\\\/\\\/grifk-handball.com\\\/miehet\\\/?s={search_term_string}\"},\"query-input\":{\"@type\":\"PropertyValueSpecification\",\"valueRequired\":true,\"valueName\":\"search_term_string\"}}],\"inLanguage\":\"fi\"},{\"@type\":\"Organization\",\"@id\":\"https:\\\/\\\/grifk-handball.com\\\/miehet\\\/#organization\",\"name\":\"GrIFK K\u00e4sipallo - miehet\",\"url\":\"https:\\\/\\\/grifk-handball.com\\\/miehet\\\/\",\"logo\":{\"@type\":\"ImageObject\",\"inLanguage\":\"fi\",\"@id\":\"https:\\\/\\\/grifk-handball.com\\\/miehet\\\/#\\\/schema\\\/logo\\\/image\\\/\",\"url\":\"https:\\\/\\\/i0.wp.com\\\/grifk-handball.com\\\/miehet\\\/wp-content\\\/uploads\\\/sites\\\/2\\\/2016\\\/10\\\/logo-grifk-iso.png?fit=1200%2C1400&ssl=1\",\"contentUrl\":\"https:\\\/\\\/i0.wp.com\\\/grifk-handball.com\\\/miehet\\\/wp-content\\\/uploads\\\/sites\\\/2\\\/2016\\\/10\\\/logo-grifk-iso.png?fit=1200%2C1400&ssl=1\",\"width\":1200,\"height\":1400,\"caption\":\"GrIFK K\u00e4sipallo - miehet\"},\"image\":{\"@id\":\"https:\\\/\\\/grifk-handball.com\\\/miehet\\\/#\\\/schema\\\/logo\\\/image\\\/\"},\"sameAs\":[\"https:\\\/\\\/www.facebook.com\\\/GrIFKelit\\\/\",\"https:\\\/\\\/x.com\\\/GrIFK_MSM\",\"https:\\\/\\\/www.instagram.com\\\/grifk_elit\\\/\"]},{\"@type\":\"Person\",\"@id\":\"https:\\\/\\\/grifk-handball.com\\\/miehet\\\/#\\\/schema\\\/person\\\/9da98c743e3f0f85a1b32f59241b48e0\",\"name\":\"granimaster\",\"image\":{\"@type\":\"ImageObject\",\"inLanguage\":\"fi\",\"@id\":\"https:\\\/\\\/secure.gravatar.com\\\/avatar\\\/034b8e6380fc659c320f13e17fe45bd9ab48a21e2debadd5f3179bde291949df?s=96&d=mm&r=g\",\"url\":\"https:\\\/\\\/secure.gravatar.com\\\/avatar\\\/034b8e6380fc659c320f13e17fe45bd9ab48a21e2debadd5f3179bde291949df?s=96&d=mm&r=g\",\"contentUrl\":\"https:\\\/\\\/secure.gravatar.com\\\/avatar\\\/034b8e6380fc659c320f13e17fe45bd9ab48a21e2debadd5f3179bde291949df?s=96&d=mm&r=g\",\"caption\":\"granimaster\"},\"url\":\"https:\\\/\\\/grifk-handball.com\\\/miehet\\\/author\\\/granimaster\\\/\"}]}<\/script>\n<!-- \/ Yoast SEO plugin. -->","yoast_head_json":{"title":"GrIFK n\u00f6yrtyi - HIFK ja Zujic juhlivat &#8212; GrIFK K\u00e4sipallo - miehet","robots":{"index":"index","follow":"follow","max-snippet":"max-snippet:-1","max-image-preview":"max-image-preview:large","max-video-preview":"max-video-preview:-1"},"canonical":"https:\/\/grifk-handball.com\/miehet\/kausi-2021-22\/ottelut-2021-22\/grifk-noyrtyi-hifk-ja-zujic-juhlivat\/","og_locale":"fi_FI","og_type":"article","og_title":"GrIFK n\u00f6yrtyi - HIFK ja Zujic juhlivat &#8212; GrIFK K\u00e4sipallo - miehet","og_description":"GrIFK:n pistetili j\u00e4i karttumatta nelj\u00e4nness\u00e4 ottelussa per\u00e4kk\u00e4in. HIFK pelasi kauden parhaan pelins\u00e4 kun Nikola Zujicin j\u00e4\u00e4hyv\u00e4isi\u00e4 vietettiin kotijoukkueen komennossa. HIFK otti liigakauden avausvoittonsa\u00a0 34-29 (16-11) karistaen samalla jumbosijan sek\u00e4 tiivist\u00e4en sarjataulukon alaosan.","og_url":"https:\/\/grifk-handball.com\/miehet\/kausi-2021-22\/ottelut-2021-22\/grifk-noyrtyi-hifk-ja-zujic-juhlivat\/","og_site_name":"GrIFK K\u00e4sipallo - miehet","article_publisher":"https:\/\/www.facebook.com\/GrIFKelit\/","article_published_time":"2021-10-30T19:55:18+00:00","article_modified_time":"2021-10-31T12:20:48+00:00","og_image":[{"width":2048,"height":1536,"url":"https:\/\/i0.wp.com\/grifk-handball.com\/miehet\/wp-content\/uploads\/sites\/2\/2021\/10\/IMG_6495.jpeg?fit=2048%2C1536&ssl=1","type":"image\/jpeg"}],"author":"granimaster","twitter_card":"summary_large_image","twitter_creator":"@GrIFK_MSM","twitter_site":"@GrIFK_MSM","twitter_misc":{"Kirjoittanut":"granimaster","Arvioitu lukuaika":"2 minuuttia"},"schema":{"@context":"https:\/\/schema.org","@graph":[{"@type":"Article","@id":"https:\/\/grifk-handball.com\/miehet\/kausi-2021-22\/ottelut-2021-22\/grifk-noyrtyi-hifk-ja-zujic-juhlivat\/#article","isPartOf":{"@id":"https:\/\/grifk-handball.com\/miehet\/kausi-2021-22\/ottelut-2021-22\/grifk-noyrtyi-hifk-ja-zujic-juhlivat\/"},"author":{"name":"granimaster","@id":"https:\/\/grifk-handball.com\/miehet\/#\/schema\/person\/9da98c743e3f0f85a1b32f59241b48e0"},"headline":"GrIFK n\u00f6yrtyi &#8211; HIFK ja Zujic juhlivat","datePublished":"2021-10-30T19:55:18+00:00","dateModified":"2021-10-31T12:20:48+00:00","mainEntityOfPage":{"@id":"https:\/\/grifk-handball.com\/miehet\/kausi-2021-22\/ottelut-2021-22\/grifk-noyrtyi-hifk-ja-zujic-juhlivat\/"},"wordCount":457,"publisher":{"@id":"https:\/\/grifk-handball.com\/miehet\/#organization"},"image":{"@id":"https:\/\/grifk-handball.com\/miehet\/kausi-2021-22\/ottelut-2021-22\/grifk-noyrtyi-hifk-ja-zujic-juhlivat\/#primaryimage"},"thumbnailUrl":"https:\/\/i0.wp.com\/grifk-handball.com\/miehet\/wp-content\/uploads\/sites\/2\/2021\/10\/IMG_6495.jpeg?fit=2048%2C1536&ssl=1","keywords":["#BomBom","#GrIFKHandball","GrIFK","HIFK","Nikola Zujic","Runkosarja","SM-liiga"],"articleSection":["Ottelut 2021-22"],"inLanguage":"fi"},{"@type":"WebPage","@id":"https:\/\/grifk-handball.com\/miehet\/kausi-2021-22\/ottelut-2021-22\/grifk-noyrtyi-hifk-ja-zujic-juhlivat\/","url":"https:\/\/grifk-handball.com\/miehet\/kausi-2021-22\/ottelut-2021-22\/grifk-noyrtyi-hifk-ja-zujic-juhlivat\/","name":"GrIFK n\u00f6yrtyi - HIFK ja Zujic juhlivat &#8212; GrIFK K\u00e4sipallo - miehet","isPartOf":{"@id":"https:\/\/grifk-handball.com\/miehet\/#website"},"primaryImageOfPage":{"@id":"https:\/\/grifk-handball.com\/miehet\/kausi-2021-22\/ottelut-2021-22\/grifk-noyrtyi-hifk-ja-zujic-juhlivat\/#primaryimage"},"image":{"@id":"https:\/\/grifk-handball.com\/miehet\/kausi-2021-22\/ottelut-2021-22\/grifk-noyrtyi-hifk-ja-zujic-juhlivat\/#primaryimage"},"thumbnailUrl":"https:\/\/i0.wp.com\/grifk-handball.com\/miehet\/wp-content\/uploads\/sites\/2\/2021\/10\/IMG_6495.jpeg?fit=2048%2C1536&ssl=1","datePublished":"2021-10-30T19:55:18+00:00","dateModified":"2021-10-31T12:20:48+00:00","breadcrumb":{"@id":"https:\/\/grifk-handball.com\/miehet\/kausi-2021-22\/ottelut-2021-22\/grifk-noyrtyi-hifk-ja-zujic-juhlivat\/#breadcrumb"},"inLanguage":"fi","potentialAction":[{"@type":"ReadAction","target":["https:\/\/grifk-handball.com\/miehet\/kausi-2021-22\/ottelut-2021-22\/grifk-noyrtyi-hifk-ja-zujic-juhlivat\/"]}]},{"@type":"ImageObject","inLanguage":"fi","@id":"https:\/\/grifk-handball.com\/miehet\/kausi-2021-22\/ottelut-2021-22\/grifk-noyrtyi-hifk-ja-zujic-juhlivat\/#primaryimage","url":"https:\/\/i0.wp.com\/grifk-handball.com\/miehet\/wp-content\/uploads\/sites\/2\/2021\/10\/IMG_6495.jpeg?fit=2048%2C1536&ssl=1","contentUrl":"https:\/\/i0.wp.com\/grifk-handball.com\/miehet\/wp-content\/uploads\/sites\/2\/2021\/10\/IMG_6495.jpeg?fit=2048%2C1536&ssl=1","width":2048,"height":1536},{"@type":"BreadcrumbList","@id":"https:\/\/grifk-handball.com\/miehet\/kausi-2021-22\/ottelut-2021-22\/grifk-noyrtyi-hifk-ja-zujic-juhlivat\/#breadcrumb","itemListElement":[{"@type":"ListItem","position":1,"name":"Home","item":"https:\/\/grifk-handball.com\/miehet\/etusivu-260109\/"},{"@type":"ListItem","position":2,"name":"GrIFK n\u00f6yrtyi &#8211; HIFK ja Zujic juhlivat"}]},{"@type":"WebSite","@id":"https:\/\/grifk-handball.com\/miehet\/#website","url":"https:\/\/grifk-handball.com\/miehet\/","name":"GrIFK K\u00e4sipallo - miehet","description":"BomBom!","publisher":{"@id":"https:\/\/grifk-handball.com\/miehet\/#organization"},"potentialAction":[{"@type":"SearchAction","target":{"@type":"EntryPoint","urlTemplate":"https:\/\/grifk-handball.com\/miehet\/?s={search_term_string}"},"query-input":{"@type":"PropertyValueSpecification","valueRequired":true,"valueName":"search_term_string"}}],"inLanguage":"fi"},{"@type":"Organization","@id":"https:\/\/grifk-handball.com\/miehet\/#organization","name":"GrIFK K\u00e4sipallo - miehet","url":"https:\/\/grifk-handball.com\/miehet\/","logo":{"@type":"ImageObject","inLanguage":"fi","@id":"https:\/\/grifk-handball.com\/miehet\/#\/schema\/logo\/image\/","url":"https:\/\/i0.wp.com\/grifk-handball.com\/miehet\/wp-content\/uploads\/sites\/2\/2016\/10\/logo-grifk-iso.png?fit=1200%2C1400&ssl=1","contentUrl":"https:\/\/i0.wp.com\/grifk-handball.com\/miehet\/wp-content\/uploads\/sites\/2\/2016\/10\/logo-grifk-iso.png?fit=1200%2C1400&ssl=1","width":1200,"height":1400,"caption":"GrIFK K\u00e4sipallo - miehet"},"image":{"@id":"https:\/\/grifk-handball.com\/miehet\/#\/schema\/logo\/image\/"},"sameAs":["https:\/\/www.facebook.com\/GrIFKelit\/","https:\/\/x.com\/GrIFK_MSM","https:\/\/www.instagram.com\/grifk_elit\/"]},{"@type":"Person","@id":"https:\/\/grifk-handball.com\/miehet\/#\/schema\/person\/9da98c743e3f0f85a1b32f59241b48e0","name":"granimaster","image":{"@type":"ImageObject","inLanguage":"fi","@id":"https:\/\/secure.gravatar.com\/avatar\/034b8e6380fc659c320f13e17fe45bd9ab48a21e2debadd5f3179bde291949df?s=96&d=mm&r=g","url":"https:\/\/secure.gravatar.com\/avatar\/034b8e6380fc659c320f13e17fe45bd9ab48a21e2debadd5f3179bde291949df?s=96&d=mm&r=g","contentUrl":"https:\/\/secure.gravatar.com\/avatar\/034b8e6380fc659c320f13e17fe45bd9ab48a21e2debadd5f3179bde291949df?s=96&d=mm&r=g","caption":"granimaster"},"url":"https:\/\/grifk-handball.com\/miehet\/author\/granimaster\/"}]}},"jetpack_featured_media_url":"https:\/\/i0.wp.com\/grifk-handball.com\/miehet\/wp-content\/uploads\/sites\/2\/2021\/10\/IMG_6495.jpeg?fit=2048%2C1536&ssl=1","jetpack_shortlink":"https:\/\/wp.me\/p9jQ9a-4bA","_links":{"self":[{"href":"https:\/\/grifk-handball.com\/miehet\/wp-json\/wp\/v2\/posts\/16094","targetHints":{"allow":["GET"]}}],"collection":[{"href":"https:\/\/grifk-handball.com\/miehet\/wp-json\/wp\/v2\/posts"}],"about":[{"href":"https:\/\/grifk-handball.com\/miehet\/wp-json\/wp\/v2\/types\/post"}],"author":[{"embeddable":true,"href":"https:\/\/grifk-handball.com\/miehet\/wp-json\/wp\/v2\/users\/1"}],"replies":[{"embeddable":true,"href":"https:\/\/grifk-handball.com\/miehet\/wp-json\/wp\/v2\/comments?post=16094"}],"version-history":[{"count":11,"href":"https:\/\/grifk-handball.com\/miehet\/wp-json\/wp\/v2\/posts\/16094\/revisions"}],"predecessor-version":[{"id":16149,"href":"https:\/\/grifk-handball.com\/miehet\/wp-json\/wp\/v2\/posts\/16094\/revisions\/16149"}],"wp:featuredmedia":[{"embeddable":true,"href":"https:\/\/grifk-handball.com\/miehet\/wp-json\/wp\/v2\/media\/16131"}],"wp:attachment":[{"href":"https:\/\/grifk-handball.com\/miehet\/wp-json\/wp\/v2\/media?parent=16094"}],"wp:term":[{"taxonomy":"category","embeddable":true,"href":"https:\/\/grifk-handball.com\/miehet\/wp-json\/wp\/v2\/categories?post=16094"},{"taxonomy":"post_tag","embeddable":true,"href":"https:\/\/grifk-handball.com\/miehet\/wp-json\/wp\/v2\/tags?post=16094"}],"curies":[{"name":"wp","href":"https:\/\/api.w.org\/{rel}","templated":true}]}}