{"id":16638,"date":"2022-01-14T22:35:40","date_gmt":"2022-01-14T20:35:40","guid":{"rendered":"https:\/\/grifk-handball.com\/miehet\/?p=16638"},"modified":"2022-01-20T13:10:22","modified_gmt":"2022-01-20T11:10:22","slug":"mikael-kallman-suomen-urheilun-kunniagalleriaan","status":"publish","type":"post","link":"https:\/\/grifk-handball.com\/miehet\/uutiset\/mikael-kallman-suomen-urheilun-kunniagalleriaan\/","title":{"rendered":"Mikael K\u00e4llman Suomen urheilun kunniagalleriaan"},"content":{"rendered":"<p><strong>\u201cKun katselin tuota Hall of Famea ajattelin ett\u00e4 voi maamme laulu mit\u00e4 saavutuksia. Ei sit\u00e4 itse ihan tajua mihin porukkaan sit\u00e4 p\u00e4\u00e4si. Ett\u00e4 kuulunko todellakin tuohon k\u00f6\u00f6riin?\u201d<\/strong><\/p>\n<div  class='flex_column av-3cjox8e-d7d3c401799f2c8957d4c3edf1aeacba av_one_full  avia-builder-el-0  el_before_av_one_full  avia-builder-el-first  first flex_column_div  '     ><section  class='av_textblock_section av-kyg28pve-2a5e4920a9dc6333789687dedfafbdf9 '   itemscope=\"itemscope\" itemtype=\"https:\/\/schema.org\/BlogPosting\" itemprop=\"blogPost\" ><div class='avia_textblock'  itemprop=\"text\" ><p>Suomen kaikkien aikojen k\u00e4sipalloilija Mikael K\u00e4llman oli uransa huipulla aikana jolloin joukkueurheilusta puhuttaessa nousivat esiin useimmiten vain Jarit Kurri ja Litmanen. K\u00e4llmanin otteet Saksassa j\u00e4iv\u00e4t monilta huomaamatta, sill\u00e4 ulkomaiden k\u00e4sipallosarjat eiv\u00e4t t\u00e4\u00e4ll\u00e4 juurikaan uutiskynnyst\u00e4 ylitt\u00e4neet.<\/p>\n<p>Nyt 57-vuotias k\u00e4sipallolegenda sai vihdoin ansaitsemansa arvostuksen my\u00f6s kotimaassaan kun Urheilugaalassa lis\u00e4ttiin suomalaisen urheilun Hall of Fameen kuusi uutta nime\u00e4 ja yksi uusi laji.<\/p>\n<p>\u201cV\u00e4h\u00e4n tuntuu ep\u00e4realistiselta ett\u00e4 onko t\u00e4m\u00e4 niin kuin totta! Ei sit\u00e4 ajattele ollenkaan n\u00e4it\u00e4 hommia ja sitten yht\u00e4kki\u00e4 t\u00e4mm\u00f6inen juttu pamahtaa suoraan kasvoille &#8211; positiivisessa mieless\u00e4 kyll\u00e4kin. Ett\u00e4 olen tottakai todella ylpe\u00e4 nimityksest\u00e4.\u201d<\/p>\n<\/div><\/section><\/div>\n<div  class='flex_column av-2x68da6-04b1a7bed88d87bc14770451d3c37f1c av_one_full  avia-builder-el-2  el_after_av_one_full  el_before_av_one_full  first flex_column_div  column-top-margin'     ><style type=\"text\/css\" data-created_by=\"avia_inline_auto\" id=\"style-css-av-kyg38vct-dc67e050046b53eaaaf24daa03c59273\">\n.avia-image-container.av-kyg38vct-dc67e050046b53eaaaf24daa03c59273 img.avia_image{\nbox-shadow:none;\n}\n.avia-image-container.av-kyg38vct-dc67e050046b53eaaaf24daa03c59273 .av-image-caption-overlay-center{\ncolor:#ffffff;\n}\n<\/style>\n<div  class='avia-image-container av-kyg38vct-dc67e050046b53eaaaf24daa03c59273 av-styling- av-img-linked avia-align-center  avia-builder-el-3  avia-builder-el-no-sibling '   itemprop=\"image\" itemscope=\"itemscope\" itemtype=\"https:\/\/schema.org\/ImageObject\" ><div class=\"avia-image-container-inner\"><div class=\"avia-image-overlay-wrap\"><a href=\"https:\/\/i0.wp.com\/grifk-handball.com\/miehet\/wp-content\/uploads\/sites\/2\/2022\/01\/UG22-JAMI-IVANOFF-183-1.jpg?fit=1030%2C687&#038;ssl=1\" data-srcset=\"https:\/\/i0.wp.com\/grifk-handball.com\/miehet\/wp-content\/uploads\/sites\/2\/2022\/01\/UG22-JAMI-IVANOFF-183-1.jpg?w=2048&amp;ssl=1 2048w, https:\/\/i0.wp.com\/grifk-handball.com\/miehet\/wp-content\/uploads\/sites\/2\/2022\/01\/UG22-JAMI-IVANOFF-183-1.jpg?resize=300%2C200&amp;ssl=1 300w, https:\/\/i0.wp.com\/grifk-handball.com\/miehet\/wp-content\/uploads\/sites\/2\/2022\/01\/UG22-JAMI-IVANOFF-183-1.jpg?resize=1030%2C687&amp;ssl=1 1030w, https:\/\/i0.wp.com\/grifk-handball.com\/miehet\/wp-content\/uploads\/sites\/2\/2022\/01\/UG22-JAMI-IVANOFF-183-1.jpg?resize=768%2C512&amp;ssl=1 768w, https:\/\/i0.wp.com\/grifk-handball.com\/miehet\/wp-content\/uploads\/sites\/2\/2022\/01\/UG22-JAMI-IVANOFF-183-1.jpg?resize=1536%2C1025&amp;ssl=1 1536w, https:\/\/i0.wp.com\/grifk-handball.com\/miehet\/wp-content\/uploads\/sites\/2\/2022\/01\/UG22-JAMI-IVANOFF-183-1.jpg?resize=1500%2C1000&amp;ssl=1 1500w, https:\/\/i0.wp.com\/grifk-handball.com\/miehet\/wp-content\/uploads\/sites\/2\/2022\/01\/UG22-JAMI-IVANOFF-183-1.jpg?resize=705%2C470&amp;ssl=1 705w\" data-sizes=\"(max-width: 1030px) 100vw, 1030px\" class='avia_image '  aria-label='Suomen urheilun Hall of Fameen nimetyt uimari Jani Sievinen, j\u00e4\u00e4tanssipari Petri Kokko ja Susanna Rahkamo sek\u00e4 Mikael K\u00e4llman. Kuva: Urheilugaala \/ Jami Ivanoff'><img decoding=\"async\" fetchpriority=\"high\" class='wp-image-16640 avia-img-lazy-loading-not-16640 avia_image ' src=\"https:\/\/i0.wp.com\/grifk-handball.com\/miehet\/wp-content\/uploads\/sites\/2\/2022\/01\/UG22-JAMI-IVANOFF-183-1.jpg?fit=1030%2C687&ssl=1\" alt='Suomen urheilun Hall of Fameen nimetyt uimari Jani Sievinen, j\u00e4\u00e4tanssipari Petri Kokko ja Susanna Rahkamo sek\u00e4 Mikael K\u00e4llman. Kuva: Urheilugaala \/ Jami Ivanoff' title='Suomen urheilun Hall of Fameen nimetyt uimari Jani Sievinen, j\u00e4\u00e4tanssipari Petri Kokko ja Susanna Rahkamo sek\u00e4 Mikael K\u00e4llman. Kuva: Urheilugaala \/ Jami Ivanoff'  height=\"687\" width=\"1030\"  itemprop=\"thumbnailUrl\" srcset=\"https:\/\/i0.wp.com\/grifk-handball.com\/miehet\/wp-content\/uploads\/sites\/2\/2022\/01\/UG22-JAMI-IVANOFF-183-1.jpg?w=2048&amp;ssl=1 2048w, https:\/\/i0.wp.com\/grifk-handball.com\/miehet\/wp-content\/uploads\/sites\/2\/2022\/01\/UG22-JAMI-IVANOFF-183-1.jpg?resize=300%2C200&amp;ssl=1 300w, https:\/\/i0.wp.com\/grifk-handball.com\/miehet\/wp-content\/uploads\/sites\/2\/2022\/01\/UG22-JAMI-IVANOFF-183-1.jpg?resize=1030%2C687&amp;ssl=1 1030w, https:\/\/i0.wp.com\/grifk-handball.com\/miehet\/wp-content\/uploads\/sites\/2\/2022\/01\/UG22-JAMI-IVANOFF-183-1.jpg?resize=768%2C512&amp;ssl=1 768w, https:\/\/i0.wp.com\/grifk-handball.com\/miehet\/wp-content\/uploads\/sites\/2\/2022\/01\/UG22-JAMI-IVANOFF-183-1.jpg?resize=1536%2C1025&amp;ssl=1 1536w, https:\/\/i0.wp.com\/grifk-handball.com\/miehet\/wp-content\/uploads\/sites\/2\/2022\/01\/UG22-JAMI-IVANOFF-183-1.jpg?resize=1500%2C1000&amp;ssl=1 1500w, https:\/\/i0.wp.com\/grifk-handball.com\/miehet\/wp-content\/uploads\/sites\/2\/2022\/01\/UG22-JAMI-IVANOFF-183-1.jpg?resize=705%2C470&amp;ssl=1 705w\" sizes=\"(max-width: 1030px) 100vw, 1030px\" \/><\/a><\/div><\/div><\/div><\/div>\n<div  class='flex_column av-9gqqce-ca533a377ed3ffb6ba335272ea71ca8d av_one_full  avia-builder-el-4  el_after_av_one_full  el_before_av_one_full  first flex_column_div  column-top-margin'     ><section  class='av_textblock_section av-kyg30euj-c2afb4baa054adeb3cab3c352a94d15a '   itemscope=\"itemscope\" itemtype=\"https:\/\/schema.org\/BlogPosting\" itemprop=\"blogPost\" ><div class='avia_textblock'  itemprop=\"text\" ><h4>Isoihin ympyr\u00f6ihin kohti kirkkaita valoja<\/h4>\n<p>Karjaalta BK-46:sta maailman maineeseen ponnistanut K\u00e4llman siirtyi Saksan Bundesliigaan juuri nousseeseen SG Wallau\/Massenheimiin vuonna 1987, ja uusi ymp\u00e4rist\u00f6 osoittautui kaikilla mittareilla napakympiksi.<\/p>\n<p>\u201cKyll\u00e4 voi sanoa ett\u00e4 p\u00e4\u00e4sin juuri oikeaan paikkaan mulle. Se oli perheseura, kaikki toimi Str\u00f6hmannien ymp\u00e4rill\u00e4. Bodo Str\u00f6hmann managerina ja muutama muu seuran johtokunnassa olivat siell\u00e4 niin l\u00e4heisi\u00e4. Ottivat heti niinkuin huostaan ja varmistivat ett\u00e4 kaikilla pelaajilla aina meni hyvin ja auttoi joka asiassa. Oli tosi helppo seura tulla.&#8221;<\/p>\n<p>K\u00e4llmanin hankinta ehti aiheuttaa otsikoita jo ennen maahan saapumistakin. Kohti k\u00e4rke\u00e4 nouseva joukkue ei kuulunut sarjan suosikkeihin. Manageria ry\u00f6pytettiin lehdist\u00f6ss\u00e4 h\u00e4nen hankittua tuntemattoman nuoren suomalaisen kokeneen ruotsalaist\u00e4hden Bj\u00f6rn Jilsenin seuraajaksi, varsinkin kun siihen aikaan sai joukkueessa pelata vain yksi ulkomaalaispelaaja. Jilsenin k\u00e4denj\u00e4lki n\u00e4kyi seuraajansa valinnassa sill\u00e4 juuri h\u00e4n oli suositellut K\u00e4llmanin hankintaa.<\/p>\n<p>\u201dTuskin minua mihink\u00e4\u00e4n perinteiseen menestysseuraan olisi palkattukaan, koska Suomea ei tunnettu k\u00e4sipallomaana.\u201d<\/p>\n<p>Voitontahtoisen suomalaisen otteet kent\u00e4ll\u00e4 olivat her\u00e4tt\u00e4neet huomiota jo aiemmin, mutta Italiassa pelatuissa B-MM-kisoissa 1987 asiat alkoivat edet\u00e4. Sopimus viimeisteltiin Wallaun nousun varmistuttua.<\/p>\n<p>Nousijajoukkueen harteille ei paljoa ennakko-odotuksia asetettu, mutta pikkuhiljaa se kiipesi k\u00e4rke\u00e4 kohti ja kaikki kulminoitui kev\u00e4\u00e4ll\u00e4 92 mestaruusjuhliin. Joukkueen t\u00e4rkeimm\u00e4ksi pelaajaksi kohonnut K\u00e4llman valittiin kauden p\u00e4\u00e4tteeksi vuoden k\u00e4sipalloilijaksi Saksassa, ensimm\u00e4isen\u00e4 ulkomaalaisena koskaan.<\/p>\n<p>Saavutus on huikea. K\u00e4llmanin j\u00e4lkeenk\u00e4\u00e4n listalle on p\u00e4\u00e4ssyt vain aniharva pelaaja. Ranskalainen Nikola Karabatic (2007, 2008) ja tsekki Filip Jicha (2009, 2010) ovat pokanneet tittelin kahdesti ja vuonna 2017 listalle lis\u00e4ttiin sveitsil\u00e4inen Andy Schmid.<\/p>\n<\/div><\/section><\/div>\n<div  class='flex_column av-27it20u-2c25312c821e6586cadc44be971b16bd av_one_full  avia-builder-el-6  el_after_av_one_full  el_before_av_one_full  first flex_column_div  column-top-margin'     ><style type=\"text\/css\" data-created_by=\"avia_inline_auto\" id=\"style-css-av-kyg2rwgj-644d182174e037ae390af160e343bff5\">\n.avia-image-container.av-kyg2rwgj-644d182174e037ae390af160e343bff5 img.avia_image{\nbox-shadow:none;\n}\n.avia-image-container.av-kyg2rwgj-644d182174e037ae390af160e343bff5 .av-image-caption-overlay-center{\ncolor:#ffffff;\n}\n<\/style>\n<div  class='avia-image-container av-kyg2rwgj-644d182174e037ae390af160e343bff5 av-styling- av-img-linked avia-align-center  avia-builder-el-7  avia-builder-el-no-sibling '   itemprop=\"image\" itemscope=\"itemscope\" itemtype=\"https:\/\/schema.org\/ImageObject\" ><div class=\"avia-image-container-inner\"><div class=\"avia-image-overlay-wrap\"><a href=\"https:\/\/i0.wp.com\/grifk-handball.com\/miehet\/wp-content\/uploads\/sites\/2\/2022\/01\/Micke-50v-11.jpg?fit=1030%2C766&#038;ssl=1\" data-srcset=\"https:\/\/i0.wp.com\/grifk-handball.com\/miehet\/wp-content\/uploads\/sites\/2\/2022\/01\/Micke-50v-11.jpg?w=2377&amp;ssl=1 2377w, https:\/\/i0.wp.com\/grifk-handball.com\/miehet\/wp-content\/uploads\/sites\/2\/2022\/01\/Micke-50v-11.jpg?resize=300%2C223&amp;ssl=1 300w, https:\/\/i0.wp.com\/grifk-handball.com\/miehet\/wp-content\/uploads\/sites\/2\/2022\/01\/Micke-50v-11.jpg?resize=1030%2C766&amp;ssl=1 1030w, https:\/\/i0.wp.com\/grifk-handball.com\/miehet\/wp-content\/uploads\/sites\/2\/2022\/01\/Micke-50v-11.jpg?resize=768%2C571&amp;ssl=1 768w, https:\/\/i0.wp.com\/grifk-handball.com\/miehet\/wp-content\/uploads\/sites\/2\/2022\/01\/Micke-50v-11.jpg?resize=1536%2C1142&amp;ssl=1 1536w, https:\/\/i0.wp.com\/grifk-handball.com\/miehet\/wp-content\/uploads\/sites\/2\/2022\/01\/Micke-50v-11.jpg?resize=2048%2C1523&amp;ssl=1 2048w, https:\/\/i0.wp.com\/grifk-handball.com\/miehet\/wp-content\/uploads\/sites\/2\/2022\/01\/Micke-50v-11.jpg?resize=1500%2C1116&amp;ssl=1 1500w, https:\/\/i0.wp.com\/grifk-handball.com\/miehet\/wp-content\/uploads\/sites\/2\/2022\/01\/Micke-50v-11.jpg?resize=705%2C524&amp;ssl=1 705w\" data-sizes=\"(max-width: 1030px) 100vw, 1030px\" class='avia_image '  aria-label='Mikael K\u00e4llman ja muut SG Wallau\/Massenheimin Bundesliigamestarit 1993'><img decoding=\"async\" fetchpriority=\"high\" class='wp-image-16646 avia-img-lazy-loading-not-16646 avia_image ' src=\"https:\/\/i0.wp.com\/grifk-handball.com\/miehet\/wp-content\/uploads\/sites\/2\/2022\/01\/Micke-50v-11.jpg?fit=1030%2C766&ssl=1\" alt='Mikael K\u00e4llman ja muut SG Wallau\/Massenheimin Bundesliigamestarit 1993' title='Mikael K\u00e4llman ja muut SG Wallau\/Massenheimin Bundesliigamestarit 1993'  height=\"766\" width=\"1030\"  itemprop=\"thumbnailUrl\" srcset=\"https:\/\/i0.wp.com\/grifk-handball.com\/miehet\/wp-content\/uploads\/sites\/2\/2022\/01\/Micke-50v-11.jpg?w=2377&amp;ssl=1 2377w, https:\/\/i0.wp.com\/grifk-handball.com\/miehet\/wp-content\/uploads\/sites\/2\/2022\/01\/Micke-50v-11.jpg?resize=300%2C223&amp;ssl=1 300w, https:\/\/i0.wp.com\/grifk-handball.com\/miehet\/wp-content\/uploads\/sites\/2\/2022\/01\/Micke-50v-11.jpg?resize=1030%2C766&amp;ssl=1 1030w, https:\/\/i0.wp.com\/grifk-handball.com\/miehet\/wp-content\/uploads\/sites\/2\/2022\/01\/Micke-50v-11.jpg?resize=768%2C571&amp;ssl=1 768w, https:\/\/i0.wp.com\/grifk-handball.com\/miehet\/wp-content\/uploads\/sites\/2\/2022\/01\/Micke-50v-11.jpg?resize=1536%2C1142&amp;ssl=1 1536w, https:\/\/i0.wp.com\/grifk-handball.com\/miehet\/wp-content\/uploads\/sites\/2\/2022\/01\/Micke-50v-11.jpg?resize=2048%2C1523&amp;ssl=1 2048w, https:\/\/i0.wp.com\/grifk-handball.com\/miehet\/wp-content\/uploads\/sites\/2\/2022\/01\/Micke-50v-11.jpg?resize=1500%2C1116&amp;ssl=1 1500w, https:\/\/i0.wp.com\/grifk-handball.com\/miehet\/wp-content\/uploads\/sites\/2\/2022\/01\/Micke-50v-11.jpg?resize=705%2C524&amp;ssl=1 705w\" sizes=\"(max-width: 1030px) 100vw, 1030px\" \/><\/a><\/div><\/div><\/div><\/div>\n<div  class='flex_column av-1j649r2-bba2846bbfa9894db121f66245e914eb av_one_full  avia-builder-el-8  el_after_av_one_full  el_before_av_one_full  first flex_column_div  column-top-margin'     ><section  class='av_textblock_section av-kyg36grk-cae8c6e792d4498fa53de2f1dc1fe530 '   itemscope=\"itemscope\" itemtype=\"https:\/\/schema.org\/BlogPosting\" itemprop=\"blogPost\" ><div class='avia_textblock'  itemprop=\"text\" ><h4>Yksi parhaista &#8211; ellei se kaikkein paras?<\/h4>\n<p>Jostain syyst\u00e4 k\u00e4sipallossa ei valittu maailman parasta pelaajaa vuosina 1991-1993. 1992 K\u00e4llman olisi todenn\u00e4k\u00f6isesti ollut ainakin hyvin l\u00e4hell\u00e4 valintaa. Kanssapelaajien arvostama K\u00e4llman oli my\u00f6s vuosituhannen parasta pelaajaa valittaessa korkealla. Ruotsalaisen Magnus Wislanderin valinnan j\u00e4lkeen mm. tanskalaist\u00e4hti Erik Veje Rasmussen lausui lehdist\u00f6lle tiet\u00e4v\u00e4ns\u00e4 yhden joka on maailman paras, ja se ei ole Wislander &#8211; viitaten Wallaun suomalaist\u00e4hteen.<\/p>\n<p>\u201cKyll\u00e4 h\u00e4n ja muutama muukin on tullut sanomaan ett\u00e4 eiv\u00e4t ole samaa mielt\u00e4 tuon valinnan kanssa.\u201d<\/p>\n<div id=\"attachment_16645\" style=\"width: 228px\" class=\"wp-caption alignright\"><a href=\"https:\/\/i0.wp.com\/grifk-handball.com\/miehet\/wp-content\/uploads\/sites\/2\/2022\/01\/kallman-wallau1.jpg?ssl=1\"><img data-recalc-dims=\"1\" loading=\"lazy\" decoding=\"async\" aria-describedby=\"caption-attachment-16645\" class=\"wp-image-16645 size-medium\" src=\"https:\/\/i0.wp.com\/grifk-handball.com\/miehet\/wp-content\/uploads\/sites\/2\/2022\/01\/kallman-wallau1-218x300.jpg?resize=218%2C300&#038;ssl=1\" alt=\"Mikael K\u00e4llman, SG Wallau\/Massenheim ker\u00e4ilykortti\" width=\"218\" height=\"300\" srcset=\"https:\/\/i0.wp.com\/grifk-handball.com\/miehet\/wp-content\/uploads\/sites\/2\/2022\/01\/kallman-wallau1.jpg?resize=218%2C300&amp;ssl=1 218w, https:\/\/i0.wp.com\/grifk-handball.com\/miehet\/wp-content\/uploads\/sites\/2\/2022\/01\/kallman-wallau1.jpg?w=465&amp;ssl=1 465w\" sizes=\"auto, (max-width: 218px) 100vw, 218px\" \/><\/a><p id=\"caption-attachment-16645\" class=\"wp-caption-text\">Mikael K\u00e4llman, SG Wallau\/Massenheim ker\u00e4ilykortti<\/p><\/div>\n<p><strong>Jos miettii sit\u00e4 vuotta, niin olitko mielest\u00e4si paras?<\/strong><\/p>\n<p>\u201cKyll\u00e4 mulla meni toi vuosi niin nappiin. Pleijareissa olin ratkaisevassa roolissa vaikka lensin edestakaisin It\u00e4valtaan B-MM-kisoihin ja pelasin helkkarinmoisen m\u00e4\u00e4r\u00e4n otteluita todella lyhyess\u00e4 ajassa. Kumminkin erityisesti Bundesliigan Play off-ottelut meni loppuun asti hyvin, voitettiin sek\u00e4 mestaruus ett\u00e4 EHF Cup Wallaun kanssa. Ja eritt\u00e4in paljon maaleja ratkaisevissa rooleissa. Meill\u00e4h\u00e4n oli muutama pahakin loukkaantuminen joukkueessa ja kumminkin otettiin tuplat.\u201d<\/p>\n<p>Menestyst\u00e4 tuli Saksassa kaikkiaan kuuden pokaalin verran. Kaksi Bundesliigan mestaruutta, kaksi Saksan Cupin voittoa sek\u00e4 Saksan Super Cupin sek\u00e4 EHF Cupin voitot. My\u00f6s Mestareiden liigan valtaus oli l\u00e4hell\u00e4. 1993 Wallau h\u00e4visi kaksiosaisen loppuottelun yhdell\u00e4 maalilla Badel Zagrebille.<\/p>\n<p>Paluu Suomeen koitti 1996, mutta osoitteeksi ei tullutkaan Karjaa, vaan Tammisaari. K\u00e4llman pelasi kauden 1996-97 EIF:ss\u00e4 ennen kuin Saksa kutsui takaisin. Kahden TUSEM Esseniss\u00e4 pelatun kauden j\u00e4lkeen mies palasi BK-46:n raitapaitoihin, jossa pelaajaura p\u00e4\u00e4ttyi 40-vuotiaana kev\u00e4\u00e4ll\u00e4 2004.<\/p>\n<p>Peilatessaan taaksep\u00e4in jo Suomessa voittamiseen tottunut K\u00e4llman nostaa menestyksen Saksassa arvolistalla korkeimmalle.<\/p>\n<p>\u201cKirkkaimpana on kyll\u00e4 ne kuusi mestaruutta Saksassa. Olen nyt maininnut sen -92 koska oli se eka ja mun suuri unelma aina oli p\u00e4\u00e4st\u00e4 Bundesliigaan ja sitten viel\u00e4 muutaman vuoden p\u00e4\u00e4st\u00e4 oltiin mestareita. Se oli niin vaikea tajuta, se oli niin iso juttu se eka. Sitten rupesi olemaan v\u00e4h\u00e4n tottuneempi kun alkoi tulla cup-mestaruuksia ja toinen liigamestaruus ja EHF cup. Tottakai arvostan niit\u00e4 muitakin yht\u00e4 paljon, mutta se eka oli se mieleenpainuvin.<\/p>\n<p>Pelaajana BK:ssa se ei ollut mit\u00e4\u00e4n erityist\u00e4 voittaa kultaa, sanotaanko n\u00e4in. Se oli oikeastaan itsest\u00e4\u00e4nselvyys, ei aina mutta aika usein.\u201d<\/p>\n<h4>Vaimo ja perhe t\u00e4rkeimm\u00e4t<\/h4>\n<p>Ilman l\u00e4heisten tukea ei kukaan p\u00e4rj\u00e4\u00e4, ja Mikael K\u00e4llman ei ujostele korostaessaan Camilla-vaimon ja perheen merkityst\u00e4.<\/p>\n<p>\u201cKyll\u00e4h\u00e4n vaimo on l\u00e4hin tuki aina, se on itsest\u00e4\u00e4nselvyys. H\u00e4n on ollut valtava tuki ja joutunut olemaan todella paljon yksin pelaajauralla ja sen j\u00e4lkeenkin, kun olen itse reissanut sinne sun t\u00e4nne k\u00e4sipallon merkeiss\u00e4. Kyll\u00e4 h\u00e4nelle kuuluu se isoin kiitos kaikista.\u201d<\/p>\n<p>K\u00e4sipallo tulee arvolistalla hyv\u00e4n\u00e4 kakkosena:<\/p>\n<p>&#8221;K\u00e4sipallo on kaikista ei-t\u00e4rkeist\u00e4 asioista maailmassa se t\u00e4rkein.&#8221;<\/p>\n<h4>M\u00e4\u00e4r\u00e4tietoinen valmentaja<\/h4>\n<p>Ensiaskeleet valmennusteht\u00e4viin K\u00e4llman otti Karjaalla, jossa ensimm\u00e4inen mestaruus valmentajana tuli vuonna 2006. Lis\u00e4\u00e4 arvometallia palkintokaappiin tuli Kauniaisten HC Westin kanssa, jonka K\u00e4llman valmensi mestariksi 2011 ja 2012.<\/p>\n<p>\u201cSe 2006 oli hieno saavutus koska me ei oltu ennakkosuosikkeja sin\u00e4 vuonna. Ja tottakai Westin kanssa eka mestaruus oli erityisen hieno juttu. Muistan hyvin kun sanoin pojille kopissa ett\u00e4 nyt saa sitten riitt\u00e4\u00e4: T\u00e4m\u00e4 on kolmas kerta finaaleissa ja toi Cocksin juttu saa nyt ruveta riitt\u00e4m\u00e4\u00e4n, ett\u00e4 perkele &#8211; me ei olla noita huonompia ja nyt vaan ulos n\u00e4ytt\u00e4m\u00e4\u00e4n. That\u2019s it, ja pojat teki sen. Uskomattomalla tavalla.\u201d<\/p>\n<\/div><\/section><\/div>\n<div  class='flex_column av-14axq2m-398f1fdccfe8332d5ae04bba9ca9bf61 av_one_full  avia-builder-el-10  el_after_av_one_full  el_before_av_one_full  first flex_column_div  column-top-margin'     ><style type=\"text\/css\" data-created_by=\"avia_inline_auto\" id=\"style-css-av-kyg2smr6-1db065d3db5914450aa9c30fcfe5d42a\">\n.avia-image-container.av-kyg2smr6-1db065d3db5914450aa9c30fcfe5d42a img.avia_image{\nbox-shadow:none;\n}\n.avia-image-container.av-kyg2smr6-1db065d3db5914450aa9c30fcfe5d42a .av-image-caption-overlay-center{\ncolor:#ffffff;\n}\n<\/style>\n<div  class='avia-image-container av-kyg2smr6-1db065d3db5914450aa9c30fcfe5d42a av-styling- av-img-linked avia-align-center  avia-builder-el-11  avia-builder-el-no-sibling '   itemprop=\"image\" itemscope=\"itemscope\" itemtype=\"https:\/\/schema.org\/ImageObject\" ><div class=\"avia-image-container-inner\"><div class=\"avia-image-overlay-wrap\"><a href=\"https:\/\/i0.wp.com\/grifk-handball.com\/miehet\/wp-content\/uploads\/sites\/2\/2017\/08\/TapioTieralaMikaelK%C3%A4llmanHCWest.jpg?fit=960%2C540&#038;ssl=1\" class='avia_image '  aria-label='HC Westin kapteeni Tapio Tierala palkitsee mestarijoukueen valmentajan vesisuihkulla Riihim\u00e4ell\u00e4 2011'><img decoding=\"async\" fetchpriority=\"high\" class='wp-image-3963 avia-img-lazy-loading-not-3963 avia_image ' src=\"https:\/\/i0.wp.com\/grifk-handball.com\/miehet\/wp-content\/uploads\/sites\/2\/2017\/08\/TapioTieralaMikaelK%C3%A4llmanHCWest.jpg?fit=960%2C540&ssl=1\" alt='HC Westin kapteeni Tapio Tierala palkitsee mestarijoukueen valmentajan vesisuihkulla Riihim\u00e4ell\u00e4 2011' title='HC Westin kapteeni Tapio Tierala palkitsee mestarijoukueen valmentajan vesisuihkulla Riihim\u00e4ell\u00e4 2011'  height=\"540\" width=\"960\"  itemprop=\"thumbnailUrl\"  \/><\/a><\/div><\/div><\/div><\/div>\n<div  class='flex_column av-qk02vy-81cb9c1c654ef5b0074890e973bd3913 av_one_full  avia-builder-el-12  el_after_av_one_full  avia-builder-el-last  first flex_column_div  column-top-margin'     ><p><section  class='av_textblock_section av-kyg31cg2-cf0ece49c1cadd1c1b9a544a5f1d142b '   itemscope=\"itemscope\" itemtype=\"https:\/\/schema.org\/BlogPosting\" itemprop=\"blogPost\" ><div class='avia_textblock'  itemprop=\"text\" ><p>Toinenkin paluu Bundesliigaan oli todella l\u00e4hell\u00e4 vuonna 2014. Valmentajasopimus FA G\u00f6ppingenin kanssa oli jo viitt\u00e4 vaille varma, mutta seura p\u00e4\u00e4tyi loppusuoralla valitsemaan ruotsalaisen Magnus Anderssonin. En\u00e4\u00e4 valmennuspestit ulkomailla ei innosta.<\/p>\n<p>\u201cNyt on jo kaksi lapsenlasta niin en\u00e4\u00e4 ei kiinnosta. Nyt me pysyt\u00e4\u00e4n t\u00e4ss\u00e4 ja lapset menee miss\u00e4 menee. He tiet\u00e4v\u00e4t ett\u00e4 pystyy aina tulemaan kotiin, miss\u00e4 tavataan aina kun mahdollista.\u201d<\/p>\n<p>\u201cSilloin olin kyll\u00e4 tosi kiinnostunut siit\u00e4 pestist\u00e4 mutta ne sitten valitsi Anderssonin ja se oli hyv\u00e4 valinta. Magnus oli melkein nelj\u00e4 vuotta siell\u00e4 ja pari vuotta meni todella hyvin h\u00e4nen kanssa, saavuttivat paljon.\u201d<\/p>\n<p>K\u00e4sipallo on antanut K\u00e4llmanille paljon yst\u00e4vi\u00e4 ja mies nostaa omat valmentajansa esikuvikseen. Heist\u00e4 jokainen on muovannut tavallaan nykyisin GrIFK:ta luotsaavan legendan k\u00e4sityst\u00e4 k\u00e4sipallosta.<\/p>\n<p>Karjaalla K\u00e4llman oli vuosikaudet Jan-G\u00f6sta Westerlundin koulittavana ja mies alleviivaakin entisen valmentajansa merkityst\u00e4 uralleen:<\/p>\n<p>\u201cJos valmentajia ajatellaan niin Jan-G\u00f6stahan oli mun valmentaja periaatteessa siihen asti kunnes l\u00e4hdin Bundesliigaan, niin kyll\u00e4 h\u00e4n oli merkitt\u00e4v\u00e4ss\u00e4 roolissa. H\u00e4n oli semmoinen piiskaaja joka huusi kuin sirkkeli koko treenin, mutta se sopi mulle ja koko joukkueelle, ei meille ollut v\u00e4li\u00e4. Mutta h\u00e4n oli niin hieno ihminen ja kyll\u00e4 jokainen tiesi ettei h\u00e4n tahdo pahaa vaan ett\u00e4 me juostaan niin perkeleesti ja koko ajan, ei siin\u00e4 muuta. Kent\u00e4n ulkopuolella h\u00e4n oli maailman ihanin ihminen ja todella hyv\u00e4 tuki ja todella paljon.\u201c<\/p>\n<p><a href=\"https:\/\/i0.wp.com\/grifk-handball.com\/miehet\/wp-content\/uploads\/sites\/2\/2020\/04\/grifk_mikael-kallman.jpg?ssl=1\"><img data-recalc-dims=\"1\" loading=\"lazy\" decoding=\"async\" class=\"alignright size-medium wp-image-13750\" src=\"https:\/\/i0.wp.com\/grifk-handball.com\/miehet\/wp-content\/uploads\/sites\/2\/2020\/04\/grifk_mikael-kallman-300x267.jpg?resize=300%2C267&#038;ssl=1\" alt=\"\" width=\"300\" height=\"267\" srcset=\"https:\/\/i0.wp.com\/grifk-handball.com\/miehet\/wp-content\/uploads\/sites\/2\/2020\/04\/grifk_mikael-kallman.jpg?resize=300%2C267&amp;ssl=1 300w, https:\/\/i0.wp.com\/grifk-handball.com\/miehet\/wp-content\/uploads\/sites\/2\/2020\/04\/grifk_mikael-kallman.jpg?resize=1030%2C917&amp;ssl=1 1030w, https:\/\/i0.wp.com\/grifk-handball.com\/miehet\/wp-content\/uploads\/sites\/2\/2020\/04\/grifk_mikael-kallman.jpg?resize=768%2C684&amp;ssl=1 768w, https:\/\/i0.wp.com\/grifk-handball.com\/miehet\/wp-content\/uploads\/sites\/2\/2020\/04\/grifk_mikael-kallman.jpg?resize=705%2C627&amp;ssl=1 705w, https:\/\/i0.wp.com\/grifk-handball.com\/miehet\/wp-content\/uploads\/sites\/2\/2020\/04\/grifk_mikael-kallman.jpg?w=1200&amp;ssl=1 1200w\" sizes=\"auto, (max-width: 300px) 100vw, 300px\" \/><\/a>\u201cPelikavereista ekana nousee Mike Fuhrig, jonka m\u00e4 sitten otin ik\u00e4\u00e4nkuin siipieni alle, kun h\u00e4n tuli 1990 DDR:n puolelta Leipzigist\u00e4 L\u00e4nsi-Saksan puolelle kun muurit murtuivat. Meist\u00e4 tuli ikuisesti kavereita.\u201d<\/p>\n<p>\u201cJan-G\u00f6sta on tietyll\u00e4 tavalla ollut esikuva, ja kyll\u00e4 muutkin omat valmentajat, ne oli niin erilaisia. Kroatian sittemmin Olympiakultaan johdattanut Velimir Kljai\u0107 oli se provosoiva tyyppi joka loi todella paljon asennetta yksil\u00f6lle ja koko joukkueelle ja henkil\u00f6kohtainen treeni. Bj\u00f6rn Jilsen toi kollektiivisuuden ja mit\u00e4 mit\u00e4 tarkoittaa olla joukkue. Ennen sit\u00e4 oli Heiner Brand, joka oli valtavan suuri pelaaja ja my\u00f6hemmin juhli Saksan kanssa maailmanmestaruutta. Eri tavalla he kaikki olleet esikuvina ja olen ottanut ne parhaat palat heist\u00e4 jokaisesta. Tottakai oma persoona ja oma kuva siit\u00e4 millainen valmentajan pit\u00e4\u00e4 olla ja millaista k\u00e4sipalloa haluaa pelattavan on tehnyt sen mit\u00e4 t\u00e4n\u00e4 p\u00e4iv\u00e4n\u00e4 edustan.\u201d<\/p>\n<p>Voittamiseen K\u00e4llman ei viel\u00e4k\u00e4\u00e4n ole kyll\u00e4stynyt. Tavoitteet ovat edelleen korkealla:<\/p>\n<p>\u201cKyll\u00e4 mulla on Granin kanssa tavoitteena v\u00e4hint\u00e4\u00e4n mitali ja se kirkkain mitali mua kiinnostaa ja motivoi. Kyll\u00e4 m\u00e4 olen sen eteen valmis tekem\u00e4\u00e4n kaiken mit\u00e4 se vaatii.\u201d<\/p>\n<p><em>Kuvat Urheilugaalasta: Jami Ivanoff<\/em><\/p>\n<\/div><\/section><br \/>\n<section  class='av_textblock_section av-kyg5njun-3d09e86735a66adb5afc9098f61af079 '   itemscope=\"itemscope\" itemtype=\"https:\/\/schema.org\/BlogPosting\" itemprop=\"blogPost\" ><div class='avia_textblock'  itemprop=\"text\" ><h3>Lue lis\u00e4\u00e4<\/h3>\n<p><a href=\"https:\/\/grifk-handball.com\/miehet\/uutiset\/kallman-saantomuutokset-kehittaneet-kasipalloa\/\">K\u00e4llman: \u201dS\u00e4\u00e4nt\u00f6muutokset kehitt\u00e4neet k\u00e4sipalloa\u201d<\/a><\/p>\n<p><a href=\"https:\/\/faneille.com\/kasipallo\/yksi-maailman-parhaista-mikael-kallman-oli-supertahti-saksassa\/\" target=\"_blank\" rel=\"noopener\">Yksi maailman parhaista \u2013 Mikael K\u00e4llman oli supert\u00e4hti Saksassa<\/a><\/p>\n<p><a href=\"https:\/\/svenska.yle.fi\/artikel\/2017\/10\/06\/roda-mattan-rullades-ut-for-mikael-kallman-fran-anonym-novis-till-prisad\" target=\"_blank\" rel=\"noopener\">R\u00f6da mattan rullades ut f\u00f6r superstj\u00e4rnan Mikael K\u00e4llman<\/a><\/p>\n<p><em>Kuvat Urheilugaalasta: Jami Ivanoff<\/em><\/p>\n<\/div><\/section><\/p><\/div>\n","protected":false},"excerpt":{"rendered":"<p>\u201cKun katselin tuota Hall of Famea ajattelin ett\u00e4 voi maamme laulu mit\u00e4 saavutuksia. Ei sit\u00e4 itse ihan tajua mihin porukkaan sit\u00e4 p\u00e4\u00e4si. Ett\u00e4 kuulunko todellakin tuohon k\u00f6\u00f6riin?\u201d<\/p>\n","protected":false},"author":1,"featured_media":16641,"comment_status":"closed","ping_status":"closed","sticky":false,"template":"","format":"standard","meta":{"_acf_changed":false,"footnotes":""},"categories":[7],"tags":[12,26,18,497,25,493,28,409,495],"class_list":["post-16638","post","type-post","status-publish","format-standard","has-post-thumbnail","hentry","category-uutiset","tag-bombom","tag-grifkhandball","tag-bk-46","tag-eif","tag-grifk","tag-hall-of-fame","tag-hc-west","tag-mikael-kallman","tag-uuno"],"acf":[],"yoast_head":"<!-- This site is optimized with the Yoast SEO plugin v27.5 - https:\/\/yoast.com\/product\/yoast-seo-wordpress\/ -->\n<title>Mikael K\u00e4llman Suomen urheilun kunniagalleriaan &#8212; GrIFK K\u00e4sipallo - miehet<\/title>\n<meta name=\"robots\" content=\"index, follow, max-snippet:-1, max-image-preview:large, max-video-preview:-1\" \/>\n<link rel=\"canonical\" href=\"https:\/\/grifk-handball.com\/miehet\/uutiset\/mikael-kallman-suomen-urheilun-kunniagalleriaan\/\" \/>\n<meta property=\"og:locale\" content=\"fi_FI\" \/>\n<meta property=\"og:type\" content=\"article\" \/>\n<meta property=\"og:title\" content=\"Mikael K\u00e4llman Suomen urheilun kunniagalleriaan &#8212; GrIFK K\u00e4sipallo - miehet\" \/>\n<meta property=\"og:description\" content=\"\u201cKun katselin tuota Hall of Famea ajattelin ett\u00e4 voi maamme laulu mit\u00e4 saavutuksia. Ei sit\u00e4 itse ihan tajua mihin porukkaan sit\u00e4 p\u00e4\u00e4si. Ett\u00e4 kuulunko todellakin tuohon k\u00f6\u00f6riin?\u201d\" \/>\n<meta property=\"og:url\" content=\"https:\/\/grifk-handball.com\/miehet\/uutiset\/mikael-kallman-suomen-urheilun-kunniagalleriaan\/\" \/>\n<meta property=\"og:site_name\" content=\"GrIFK K\u00e4sipallo - miehet\" \/>\n<meta property=\"article:publisher\" content=\"https:\/\/www.facebook.com\/GrIFKelit\/\" \/>\n<meta property=\"article:published_time\" content=\"2022-01-14T20:35:40+00:00\" \/>\n<meta property=\"article:modified_time\" content=\"2022-01-20T11:10:22+00:00\" \/>\n<meta property=\"og:image\" content=\"https:\/\/i0.wp.com\/grifk-handball.com\/miehet\/wp-content\/uploads\/sites\/2\/2022\/01\/UG22-JAMI-IVANOFF-1771.jpg?fit=2048%2C1365&ssl=1\" \/>\n\t<meta property=\"og:image:width\" content=\"2048\" \/>\n\t<meta property=\"og:image:height\" content=\"1365\" \/>\n\t<meta property=\"og:image:type\" content=\"image\/jpeg\" \/>\n<meta name=\"author\" content=\"granimaster\" \/>\n<meta name=\"twitter:card\" content=\"summary_large_image\" \/>\n<meta name=\"twitter:creator\" content=\"@GrIFK_MSM\" \/>\n<meta name=\"twitter:site\" content=\"@GrIFK_MSM\" \/>\n<meta name=\"twitter:label1\" content=\"Kirjoittanut\" \/>\n\t<meta name=\"twitter:data1\" content=\"granimaster\" \/>\n\t<meta name=\"twitter:label2\" content=\"Arvioitu lukuaika\" \/>\n\t<meta name=\"twitter:data2\" content=\"13 minuuttia\" \/>\n<script type=\"application\/ld+json\" class=\"yoast-schema-graph\">{\"@context\":\"https:\\\/\\\/schema.org\",\"@graph\":[{\"@type\":\"Article\",\"@id\":\"https:\\\/\\\/grifk-handball.com\\\/miehet\\\/uutiset\\\/mikael-kallman-suomen-urheilun-kunniagalleriaan\\\/#article\",\"isPartOf\":{\"@id\":\"https:\\\/\\\/grifk-handball.com\\\/miehet\\\/uutiset\\\/mikael-kallman-suomen-urheilun-kunniagalleriaan\\\/\"},\"author\":{\"name\":\"granimaster\",\"@id\":\"https:\\\/\\\/grifk-handball.com\\\/miehet\\\/#\\\/schema\\\/person\\\/9da98c743e3f0f85a1b32f59241b48e0\"},\"headline\":\"Mikael K\u00e4llman Suomen urheilun kunniagalleriaan\",\"datePublished\":\"2022-01-14T20:35:40+00:00\",\"dateModified\":\"2022-01-20T11:10:22+00:00\",\"mainEntityOfPage\":{\"@id\":\"https:\\\/\\\/grifk-handball.com\\\/miehet\\\/uutiset\\\/mikael-kallman-suomen-urheilun-kunniagalleriaan\\\/\"},\"wordCount\":3160,\"publisher\":{\"@id\":\"https:\\\/\\\/grifk-handball.com\\\/miehet\\\/#organization\"},\"image\":{\"@id\":\"https:\\\/\\\/grifk-handball.com\\\/miehet\\\/uutiset\\\/mikael-kallman-suomen-urheilun-kunniagalleriaan\\\/#primaryimage\"},\"thumbnailUrl\":\"https:\\\/\\\/i0.wp.com\\\/grifk-handball.com\\\/miehet\\\/wp-content\\\/uploads\\\/sites\\\/2\\\/2022\\\/01\\\/UG22-JAMI-IVANOFF-1771.jpg?fit=2048%2C1365&ssl=1\",\"keywords\":[\"#BomBom\",\"#GrIFKHandball\",\"BK-46\",\"EIF\",\"GrIFK\",\"Hall of Fame\",\"HC West\",\"Mikael K\u00e4llman\",\"Uuno\"],\"articleSection\":[\"Uutiset\"],\"inLanguage\":\"fi\"},{\"@type\":\"WebPage\",\"@id\":\"https:\\\/\\\/grifk-handball.com\\\/miehet\\\/uutiset\\\/mikael-kallman-suomen-urheilun-kunniagalleriaan\\\/\",\"url\":\"https:\\\/\\\/grifk-handball.com\\\/miehet\\\/uutiset\\\/mikael-kallman-suomen-urheilun-kunniagalleriaan\\\/\",\"name\":\"Mikael K\u00e4llman Suomen urheilun kunniagalleriaan &#8212; GrIFK K\u00e4sipallo - miehet\",\"isPartOf\":{\"@id\":\"https:\\\/\\\/grifk-handball.com\\\/miehet\\\/#website\"},\"primaryImageOfPage\":{\"@id\":\"https:\\\/\\\/grifk-handball.com\\\/miehet\\\/uutiset\\\/mikael-kallman-suomen-urheilun-kunniagalleriaan\\\/#primaryimage\"},\"image\":{\"@id\":\"https:\\\/\\\/grifk-handball.com\\\/miehet\\\/uutiset\\\/mikael-kallman-suomen-urheilun-kunniagalleriaan\\\/#primaryimage\"},\"thumbnailUrl\":\"https:\\\/\\\/i0.wp.com\\\/grifk-handball.com\\\/miehet\\\/wp-content\\\/uploads\\\/sites\\\/2\\\/2022\\\/01\\\/UG22-JAMI-IVANOFF-1771.jpg?fit=2048%2C1365&ssl=1\",\"datePublished\":\"2022-01-14T20:35:40+00:00\",\"dateModified\":\"2022-01-20T11:10:22+00:00\",\"breadcrumb\":{\"@id\":\"https:\\\/\\\/grifk-handball.com\\\/miehet\\\/uutiset\\\/mikael-kallman-suomen-urheilun-kunniagalleriaan\\\/#breadcrumb\"},\"inLanguage\":\"fi\",\"potentialAction\":[{\"@type\":\"ReadAction\",\"target\":[\"https:\\\/\\\/grifk-handball.com\\\/miehet\\\/uutiset\\\/mikael-kallman-suomen-urheilun-kunniagalleriaan\\\/\"]}]},{\"@type\":\"ImageObject\",\"inLanguage\":\"fi\",\"@id\":\"https:\\\/\\\/grifk-handball.com\\\/miehet\\\/uutiset\\\/mikael-kallman-suomen-urheilun-kunniagalleriaan\\\/#primaryimage\",\"url\":\"https:\\\/\\\/i0.wp.com\\\/grifk-handball.com\\\/miehet\\\/wp-content\\\/uploads\\\/sites\\\/2\\\/2022\\\/01\\\/UG22-JAMI-IVANOFF-1771.jpg?fit=2048%2C1365&ssl=1\",\"contentUrl\":\"https:\\\/\\\/i0.wp.com\\\/grifk-handball.com\\\/miehet\\\/wp-content\\\/uploads\\\/sites\\\/2\\\/2022\\\/01\\\/UG22-JAMI-IVANOFF-1771.jpg?fit=2048%2C1365&ssl=1\",\"width\":2048,\"height\":1365},{\"@type\":\"BreadcrumbList\",\"@id\":\"https:\\\/\\\/grifk-handball.com\\\/miehet\\\/uutiset\\\/mikael-kallman-suomen-urheilun-kunniagalleriaan\\\/#breadcrumb\",\"itemListElement\":[{\"@type\":\"ListItem\",\"position\":1,\"name\":\"Home\",\"item\":\"https:\\\/\\\/grifk-handball.com\\\/miehet\\\/etusivu-260109\\\/\"},{\"@type\":\"ListItem\",\"position\":2,\"name\":\"Mikael K\u00e4llman Suomen urheilun kunniagalleriaan\"}]},{\"@type\":\"WebSite\",\"@id\":\"https:\\\/\\\/grifk-handball.com\\\/miehet\\\/#website\",\"url\":\"https:\\\/\\\/grifk-handball.com\\\/miehet\\\/\",\"name\":\"GrIFK K\u00e4sipallo - miehet\",\"description\":\"BomBom!\",\"publisher\":{\"@id\":\"https:\\\/\\\/grifk-handball.com\\\/miehet\\\/#organization\"},\"potentialAction\":[{\"@type\":\"SearchAction\",\"target\":{\"@type\":\"EntryPoint\",\"urlTemplate\":\"https:\\\/\\\/grifk-handball.com\\\/miehet\\\/?s={search_term_string}\"},\"query-input\":{\"@type\":\"PropertyValueSpecification\",\"valueRequired\":true,\"valueName\":\"search_term_string\"}}],\"inLanguage\":\"fi\"},{\"@type\":\"Organization\",\"@id\":\"https:\\\/\\\/grifk-handball.com\\\/miehet\\\/#organization\",\"name\":\"GrIFK K\u00e4sipallo - miehet\",\"url\":\"https:\\\/\\\/grifk-handball.com\\\/miehet\\\/\",\"logo\":{\"@type\":\"ImageObject\",\"inLanguage\":\"fi\",\"@id\":\"https:\\\/\\\/grifk-handball.com\\\/miehet\\\/#\\\/schema\\\/logo\\\/image\\\/\",\"url\":\"https:\\\/\\\/i0.wp.com\\\/grifk-handball.com\\\/miehet\\\/wp-content\\\/uploads\\\/sites\\\/2\\\/2016\\\/10\\\/logo-grifk-iso.png?fit=1200%2C1400&ssl=1\",\"contentUrl\":\"https:\\\/\\\/i0.wp.com\\\/grifk-handball.com\\\/miehet\\\/wp-content\\\/uploads\\\/sites\\\/2\\\/2016\\\/10\\\/logo-grifk-iso.png?fit=1200%2C1400&ssl=1\",\"width\":1200,\"height\":1400,\"caption\":\"GrIFK K\u00e4sipallo - miehet\"},\"image\":{\"@id\":\"https:\\\/\\\/grifk-handball.com\\\/miehet\\\/#\\\/schema\\\/logo\\\/image\\\/\"},\"sameAs\":[\"https:\\\/\\\/www.facebook.com\\\/GrIFKelit\\\/\",\"https:\\\/\\\/x.com\\\/GrIFK_MSM\",\"https:\\\/\\\/www.instagram.com\\\/grifk_elit\\\/\"]},{\"@type\":\"Person\",\"@id\":\"https:\\\/\\\/grifk-handball.com\\\/miehet\\\/#\\\/schema\\\/person\\\/9da98c743e3f0f85a1b32f59241b48e0\",\"name\":\"granimaster\",\"image\":{\"@type\":\"ImageObject\",\"inLanguage\":\"fi\",\"@id\":\"https:\\\/\\\/secure.gravatar.com\\\/avatar\\\/034b8e6380fc659c320f13e17fe45bd9ab48a21e2debadd5f3179bde291949df?s=96&d=mm&r=g\",\"url\":\"https:\\\/\\\/secure.gravatar.com\\\/avatar\\\/034b8e6380fc659c320f13e17fe45bd9ab48a21e2debadd5f3179bde291949df?s=96&d=mm&r=g\",\"contentUrl\":\"https:\\\/\\\/secure.gravatar.com\\\/avatar\\\/034b8e6380fc659c320f13e17fe45bd9ab48a21e2debadd5f3179bde291949df?s=96&d=mm&r=g\",\"caption\":\"granimaster\"},\"url\":\"https:\\\/\\\/grifk-handball.com\\\/miehet\\\/author\\\/granimaster\\\/\"}]}<\/script>\n<!-- \/ Yoast SEO plugin. -->","yoast_head_json":{"title":"Mikael K\u00e4llman Suomen urheilun kunniagalleriaan &#8212; GrIFK K\u00e4sipallo - miehet","robots":{"index":"index","follow":"follow","max-snippet":"max-snippet:-1","max-image-preview":"max-image-preview:large","max-video-preview":"max-video-preview:-1"},"canonical":"https:\/\/grifk-handball.com\/miehet\/uutiset\/mikael-kallman-suomen-urheilun-kunniagalleriaan\/","og_locale":"fi_FI","og_type":"article","og_title":"Mikael K\u00e4llman Suomen urheilun kunniagalleriaan &#8212; GrIFK K\u00e4sipallo - miehet","og_description":"\u201cKun katselin tuota Hall of Famea ajattelin ett\u00e4 voi maamme laulu mit\u00e4 saavutuksia. Ei sit\u00e4 itse ihan tajua mihin porukkaan sit\u00e4 p\u00e4\u00e4si. Ett\u00e4 kuulunko todellakin tuohon k\u00f6\u00f6riin?\u201d","og_url":"https:\/\/grifk-handball.com\/miehet\/uutiset\/mikael-kallman-suomen-urheilun-kunniagalleriaan\/","og_site_name":"GrIFK K\u00e4sipallo - miehet","article_publisher":"https:\/\/www.facebook.com\/GrIFKelit\/","article_published_time":"2022-01-14T20:35:40+00:00","article_modified_time":"2022-01-20T11:10:22+00:00","og_image":[{"width":2048,"height":1365,"url":"https:\/\/i0.wp.com\/grifk-handball.com\/miehet\/wp-content\/uploads\/sites\/2\/2022\/01\/UG22-JAMI-IVANOFF-1771.jpg?fit=2048%2C1365&ssl=1","type":"image\/jpeg"}],"author":"granimaster","twitter_card":"summary_large_image","twitter_creator":"@GrIFK_MSM","twitter_site":"@GrIFK_MSM","twitter_misc":{"Kirjoittanut":"granimaster","Arvioitu lukuaika":"13 minuuttia"},"schema":{"@context":"https:\/\/schema.org","@graph":[{"@type":"Article","@id":"https:\/\/grifk-handball.com\/miehet\/uutiset\/mikael-kallman-suomen-urheilun-kunniagalleriaan\/#article","isPartOf":{"@id":"https:\/\/grifk-handball.com\/miehet\/uutiset\/mikael-kallman-suomen-urheilun-kunniagalleriaan\/"},"author":{"name":"granimaster","@id":"https:\/\/grifk-handball.com\/miehet\/#\/schema\/person\/9da98c743e3f0f85a1b32f59241b48e0"},"headline":"Mikael K\u00e4llman Suomen urheilun kunniagalleriaan","datePublished":"2022-01-14T20:35:40+00:00","dateModified":"2022-01-20T11:10:22+00:00","mainEntityOfPage":{"@id":"https:\/\/grifk-handball.com\/miehet\/uutiset\/mikael-kallman-suomen-urheilun-kunniagalleriaan\/"},"wordCount":3160,"publisher":{"@id":"https:\/\/grifk-handball.com\/miehet\/#organization"},"image":{"@id":"https:\/\/grifk-handball.com\/miehet\/uutiset\/mikael-kallman-suomen-urheilun-kunniagalleriaan\/#primaryimage"},"thumbnailUrl":"https:\/\/i0.wp.com\/grifk-handball.com\/miehet\/wp-content\/uploads\/sites\/2\/2022\/01\/UG22-JAMI-IVANOFF-1771.jpg?fit=2048%2C1365&ssl=1","keywords":["#BomBom","#GrIFKHandball","BK-46","EIF","GrIFK","Hall of Fame","HC West","Mikael K\u00e4llman","Uuno"],"articleSection":["Uutiset"],"inLanguage":"fi"},{"@type":"WebPage","@id":"https:\/\/grifk-handball.com\/miehet\/uutiset\/mikael-kallman-suomen-urheilun-kunniagalleriaan\/","url":"https:\/\/grifk-handball.com\/miehet\/uutiset\/mikael-kallman-suomen-urheilun-kunniagalleriaan\/","name":"Mikael K\u00e4llman Suomen urheilun kunniagalleriaan &#8212; GrIFK K\u00e4sipallo - miehet","isPartOf":{"@id":"https:\/\/grifk-handball.com\/miehet\/#website"},"primaryImageOfPage":{"@id":"https:\/\/grifk-handball.com\/miehet\/uutiset\/mikael-kallman-suomen-urheilun-kunniagalleriaan\/#primaryimage"},"image":{"@id":"https:\/\/grifk-handball.com\/miehet\/uutiset\/mikael-kallman-suomen-urheilun-kunniagalleriaan\/#primaryimage"},"thumbnailUrl":"https:\/\/i0.wp.com\/grifk-handball.com\/miehet\/wp-content\/uploads\/sites\/2\/2022\/01\/UG22-JAMI-IVANOFF-1771.jpg?fit=2048%2C1365&ssl=1","datePublished":"2022-01-14T20:35:40+00:00","dateModified":"2022-01-20T11:10:22+00:00","breadcrumb":{"@id":"https:\/\/grifk-handball.com\/miehet\/uutiset\/mikael-kallman-suomen-urheilun-kunniagalleriaan\/#breadcrumb"},"inLanguage":"fi","potentialAction":[{"@type":"ReadAction","target":["https:\/\/grifk-handball.com\/miehet\/uutiset\/mikael-kallman-suomen-urheilun-kunniagalleriaan\/"]}]},{"@type":"ImageObject","inLanguage":"fi","@id":"https:\/\/grifk-handball.com\/miehet\/uutiset\/mikael-kallman-suomen-urheilun-kunniagalleriaan\/#primaryimage","url":"https:\/\/i0.wp.com\/grifk-handball.com\/miehet\/wp-content\/uploads\/sites\/2\/2022\/01\/UG22-JAMI-IVANOFF-1771.jpg?fit=2048%2C1365&ssl=1","contentUrl":"https:\/\/i0.wp.com\/grifk-handball.com\/miehet\/wp-content\/uploads\/sites\/2\/2022\/01\/UG22-JAMI-IVANOFF-1771.jpg?fit=2048%2C1365&ssl=1","width":2048,"height":1365},{"@type":"BreadcrumbList","@id":"https:\/\/grifk-handball.com\/miehet\/uutiset\/mikael-kallman-suomen-urheilun-kunniagalleriaan\/#breadcrumb","itemListElement":[{"@type":"ListItem","position":1,"name":"Home","item":"https:\/\/grifk-handball.com\/miehet\/etusivu-260109\/"},{"@type":"ListItem","position":2,"name":"Mikael K\u00e4llman Suomen urheilun kunniagalleriaan"}]},{"@type":"WebSite","@id":"https:\/\/grifk-handball.com\/miehet\/#website","url":"https:\/\/grifk-handball.com\/miehet\/","name":"GrIFK K\u00e4sipallo - miehet","description":"BomBom!","publisher":{"@id":"https:\/\/grifk-handball.com\/miehet\/#organization"},"potentialAction":[{"@type":"SearchAction","target":{"@type":"EntryPoint","urlTemplate":"https:\/\/grifk-handball.com\/miehet\/?s={search_term_string}"},"query-input":{"@type":"PropertyValueSpecification","valueRequired":true,"valueName":"search_term_string"}}],"inLanguage":"fi"},{"@type":"Organization","@id":"https:\/\/grifk-handball.com\/miehet\/#organization","name":"GrIFK K\u00e4sipallo - miehet","url":"https:\/\/grifk-handball.com\/miehet\/","logo":{"@type":"ImageObject","inLanguage":"fi","@id":"https:\/\/grifk-handball.com\/miehet\/#\/schema\/logo\/image\/","url":"https:\/\/i0.wp.com\/grifk-handball.com\/miehet\/wp-content\/uploads\/sites\/2\/2016\/10\/logo-grifk-iso.png?fit=1200%2C1400&ssl=1","contentUrl":"https:\/\/i0.wp.com\/grifk-handball.com\/miehet\/wp-content\/uploads\/sites\/2\/2016\/10\/logo-grifk-iso.png?fit=1200%2C1400&ssl=1","width":1200,"height":1400,"caption":"GrIFK K\u00e4sipallo - miehet"},"image":{"@id":"https:\/\/grifk-handball.com\/miehet\/#\/schema\/logo\/image\/"},"sameAs":["https:\/\/www.facebook.com\/GrIFKelit\/","https:\/\/x.com\/GrIFK_MSM","https:\/\/www.instagram.com\/grifk_elit\/"]},{"@type":"Person","@id":"https:\/\/grifk-handball.com\/miehet\/#\/schema\/person\/9da98c743e3f0f85a1b32f59241b48e0","name":"granimaster","image":{"@type":"ImageObject","inLanguage":"fi","@id":"https:\/\/secure.gravatar.com\/avatar\/034b8e6380fc659c320f13e17fe45bd9ab48a21e2debadd5f3179bde291949df?s=96&d=mm&r=g","url":"https:\/\/secure.gravatar.com\/avatar\/034b8e6380fc659c320f13e17fe45bd9ab48a21e2debadd5f3179bde291949df?s=96&d=mm&r=g","contentUrl":"https:\/\/secure.gravatar.com\/avatar\/034b8e6380fc659c320f13e17fe45bd9ab48a21e2debadd5f3179bde291949df?s=96&d=mm&r=g","caption":"granimaster"},"url":"https:\/\/grifk-handball.com\/miehet\/author\/granimaster\/"}]}},"jetpack_featured_media_url":"https:\/\/i0.wp.com\/grifk-handball.com\/miehet\/wp-content\/uploads\/sites\/2\/2022\/01\/UG22-JAMI-IVANOFF-1771.jpg?fit=2048%2C1365&ssl=1","jetpack_shortlink":"https:\/\/wp.me\/p9jQ9a-4km","_links":{"self":[{"href":"https:\/\/grifk-handball.com\/miehet\/wp-json\/wp\/v2\/posts\/16638","targetHints":{"allow":["GET"]}}],"collection":[{"href":"https:\/\/grifk-handball.com\/miehet\/wp-json\/wp\/v2\/posts"}],"about":[{"href":"https:\/\/grifk-handball.com\/miehet\/wp-json\/wp\/v2\/types\/post"}],"author":[{"embeddable":true,"href":"https:\/\/grifk-handball.com\/miehet\/wp-json\/wp\/v2\/users\/1"}],"replies":[{"embeddable":true,"href":"https:\/\/grifk-handball.com\/miehet\/wp-json\/wp\/v2\/comments?post=16638"}],"version-history":[{"count":28,"href":"https:\/\/grifk-handball.com\/miehet\/wp-json\/wp\/v2\/posts\/16638\/revisions"}],"predecessor-version":[{"id":16762,"href":"https:\/\/grifk-handball.com\/miehet\/wp-json\/wp\/v2\/posts\/16638\/revisions\/16762"}],"wp:featuredmedia":[{"embeddable":true,"href":"https:\/\/grifk-handball.com\/miehet\/wp-json\/wp\/v2\/media\/16641"}],"wp:attachment":[{"href":"https:\/\/grifk-handball.com\/miehet\/wp-json\/wp\/v2\/media?parent=16638"}],"wp:term":[{"taxonomy":"category","embeddable":true,"href":"https:\/\/grifk-handball.com\/miehet\/wp-json\/wp\/v2\/categories?post=16638"},{"taxonomy":"post_tag","embeddable":true,"href":"https:\/\/grifk-handball.com\/miehet\/wp-json\/wp\/v2\/tags?post=16638"}],"curies":[{"name":"wp","href":"https:\/\/api.w.org\/{rel}","templated":true}]}}