{"id":17153,"date":"2022-03-27T12:45:58","date_gmt":"2022-03-27T09:45:58","guid":{"rendered":"https:\/\/grifk-handball.com\/miehet\/?p=17153"},"modified":"2022-03-29T12:44:46","modified_gmt":"2022-03-29T09:44:46","slug":"grifkn-puolivalierat-aifkta-vastaan","status":"publish","type":"post","link":"https:\/\/grifk-handball.com\/miehet\/uutiset\/grifkn-puolivalierat-aifkta-vastaan\/","title":{"rendered":"GrIFK:n puoliv\u00e4lier\u00e4t \u00c5IFK:ta vastaan"},"content":{"rendered":"<p>SM-liigan Play off -ottelut k\u00e4ynnistyv\u00e4t keskiviikkona 30.3. Ylemm\u00e4n jatkosarjan voittanut BK-46 ja toiseksi tullut runkosarjan voittaja Dicken eteniv\u00e4t suoraan v\u00e4lieriin, jotka alkavat 23.4.<!--more--><\/p>\n<p>Puoliv\u00e4lier\u00e4pareiksi muodostuivat ylemm\u00e4n jatkosarjassa kolmanneksi sijoittunut GrIFK vs alemman jatkosarjan kakkonen \u00c5IFK, sek\u00e4 ylemm\u00e4ss\u00e4 jatkosarjassa viimeiseksi vajonnut Cocks vs HIFK, joka voitti alemman jatkosarjan. Otteluparien voittajaksi selviytyy kolmella voitolla.<\/p>\n<p>\u00c5IFK sijoittui runkosarjassa seitsem\u00e4nneksi saavutettuaan 14 ottelustaan kolme kotivoittoa (HIFK, HC Tallinn ja SIF). Alemmassa jatkosarjassa turkulaiset tuplasivat kauden pistealdonsa voitettuaan kotonaan sek\u00e4 HIFK:n ett\u00e4 SIF:n. Kauden ainoan vierasvoittonsa se haki Siuntiosta maaliskuun alussa.<\/p>\n<p>GrIFK ja \u00c5IFK ovat kohdanneet t\u00e4ll\u00e4 kaudella toisensa kahdesti, molemmat runkosarjassa. Grani voitti marraskuussa Turussa pelatun ottelun <a href=\"https:\/\/grifk-handball.com\/miehet\/kausi-2021-22\/ottelut-2021-22\/aifk-vain-murea-suupala-grifklle-maukas-voitto\/\">27-34<\/a> ja oli joulukuussa Luolassa parempi maalein <a href=\"https:\/\/grifk-handball.com\/miehet\/kausi-2021-22\/ottelut-2021-22\/grifk-ylempaan-jatkosarjaan-aifk-putosi-vauhdista\/\">35-22<\/a>.<\/p>\n<div class='flex_column_table av-l1937uyf-05d84b77eb545a6b066e65bc182247b1 sc-av_one_half av-equal-height-column-flextable'><div  class='flex_column av-l1937uyf-05d84b77eb545a6b066e65bc182247b1 av_one_half  avia-builder-el-0  el_before_av_one_half  avia-builder-el-first  first flex_column_table_cell av-equal-height-column av-align-top  '     ><section  class='av_textblock_section av-l192fg6t-503d00a47c3cc78fe7e542db687660a6 '   itemscope=\"itemscope\" itemtype=\"https:\/\/schema.org\/BlogPosting\" itemprop=\"blogPost\" ><div class='avia_textblock'  itemprop=\"text\" ><h4>Paras viidest\u00e4 -ottelusarja<\/h4>\n<p>Hienoisena ennakkosuosikkina pariin l\u00e4htev\u00e4 GrIFK aloittaa tiiviiss\u00e4 tahdissa pelattavan ottelusarjan kotipelill\u00e4. Keskiviikon ottelu alkaa Luolassa kello 19:00. Toinen kotiottelu pelataan sunnuntaina 3.4. kello 18:00.<\/p>\n<p>Toreniuksen linjan bussi vie joukkueen varmuudella Turkuun aprillip\u00e4iv\u00e4n\u00e4 ja mik\u00e4li ottelusarja ei kolmen ottelun j\u00e4lkeen ole viel\u00e4 valmis, keskiviikkona 6.4. Mahdollinen viides ottelu pelataan lauantaina 9.4. Luolassa.<\/p>\n<\/div><\/section><\/div>\n<div class='av-flex-placeholder'><\/div>\n<style type=\"text\/css\" data-created_by=\"avia_inline_auto\" id=\"style-css-av-l192eom9-23d3a7e895acdcde7d5e6cc8340a5c72\">\n.flex_column.av-l192eom9-23d3a7e895acdcde7d5e6cc8340a5c72{\npadding:20px 20px 20px 20px;\nbackground:url(https:\/\/i0.wp.com\/grifk-handball.com\/miehet\/wp-content\/uploads\/sites\/2\/2016\/10\/logo-grifk-iso-valkonen-tp.png?fit=257%2C300&ssl=1) 0% 0% no-repeat scroll #e5f1ea;\n}\n<\/style>\n<div  id=\"ohjelma\"  class='flex_column av-l192eom9-23d3a7e895acdcde7d5e6cc8340a5c72 av_one_half  avia-builder-el-2  el_after_av_one_half  el_before_av_one_full  flex_column_table_cell av-equal-height-column av-align-top  '     ><section  class='av_textblock_section av-l192ct6l-e30450faa8c25f3be6d5af8960426b57 '   itemscope=\"itemscope\" itemtype=\"https:\/\/schema.org\/BlogPosting\" itemprop=\"blogPost\" ><div class='avia_textblock'  itemprop=\"text\" ><h4>Puoliv\u00e4lier\u00e4sarjan otteluajat<\/h4>\n<p>30.03. 19:00 GrIFK &#8211; \u00c5IFK<br \/>\n01.04. 18:30 \u00c5IFK &#8211; GrIFK<br \/>\n03.04. 18:00 GrIFK &#8211; \u00c5IFK<\/p>\n<p><strong>Tarvittaessa<\/strong><br \/>\n06.04. 19:00 \u00c5IFK &#8211; GrIFK<br \/>\n09.04. 16:00 GrIFK &#8211; \u00c5IFK<\/p>\n<\/div><\/section><\/div><\/div><!--close column table wrapper. Autoclose: 1 -->\n\n<style type=\"text\/css\" data-created_by=\"avia_inline_auto\" id=\"style-css-av-1w5b4jl-3a066f11ee884ee20e65efbcdd1fd0e0\">\n.flex_column.av-1w5b4jl-3a066f11ee884ee20e65efbcdd1fd0e0{\nborder-radius:0px 0px 0px 0px;\npadding:0px 0px 0px 0px;\n}\n<\/style>\n<div  class='flex_column av-1w5b4jl-3a066f11ee884ee20e65efbcdd1fd0e0 av_one_full  avia-builder-el-4  el_after_av_one_half  el_before_av_one_half  first flex_column_div av-zero-column-padding  column-top-margin'     ><p>\n<style type=\"text\/css\" data-created_by=\"avia_inline_auto\" id=\"style-css-av-l192rbos-4df7f1dc3a151f896919ef2b0b4733de\">\n#top .av-special-heading.av-l192rbos-4df7f1dc3a151f896919ef2b0b4733de{\nmargin:0 0 1em 0;\npadding-bottom:2px;\n}\nbody .av-special-heading.av-l192rbos-4df7f1dc3a151f896919ef2b0b4733de .av-special-heading-tag .heading-char{\nfont-size:25px;\n}\n.av-special-heading.av-l192rbos-4df7f1dc3a151f896919ef2b0b4733de .av-subheading{\nfont-size:18px;\n}\n<\/style>\n<div  class='av-special-heading av-l192rbos-4df7f1dc3a151f896919ef2b0b4733de av-special-heading-h3 blockquote modern-quote  avia-builder-el-5  el_before_av_textblock  avia-builder-el-first '><h3 class='av-special-heading-tag '  itemprop=\"headline\"  >Tule katsomoon tai katso kotona &#8211; molempiin l\u00f6ytyy vaihtoehto!<\/h3><div class=\"special-heading-border\"><div class=\"special-heading-inner-border\"><\/div><\/div><\/div><br \/>\n<section  class='av_textblock_section av-l192tp8b-12871cb611a63c4532c7be0230e7eea5 '   itemscope=\"itemscope\" itemtype=\"https:\/\/schema.org\/BlogPosting\" itemprop=\"blogPost\" ><div class='avia_textblock'  itemprop=\"text\" ><p>GrIFK Elitin <a href=\"https:\/\/grifk-handball.com\/miehet\/liput\/\">kausikortilla<\/a> ja <a href=\"https:\/\/solidsport.com\/grifk-miehet\/monthly_supporter\" target=\"_blank\" rel=\"noopener\">Solidsportin kuukausikannattajana<\/a> p\u00e4\u00e4set n\u00e4kem\u00e4\u00e4n kaikki GrIFK:n Play off -ottelut pelihallista riippumatta.<\/p>\n<p>Voit halutessasi my\u00f6s seurata suosikkijoukkueesi otteluita siell\u00e4 miss\u00e4 itse haluat. Kaikki SM-liigan ottelut l\u00e4hetet\u00e4\u00e4n Solidsportilla suorina nettil\u00e4hetyksin\u00e4, iso osa selostettuna.<\/p>\n<h4>Kaikki SM-liigan ottelut vain yhdell\u00e4 kuukausimaksulla<\/h4>\n<p>Kuukauden katseluoikeus vain 9,90\u20ac \/ kk &#8211; tuet samalla suosikkijoukkuettasi.<\/p>\n<p><a href=\"https:\/\/solidsport.com\/handisliiga\" target=\"_blank\" rel=\"noopener noreferrer\"><img data-recalc-dims=\"1\" loading=\"lazy\" decoding=\"async\" class=\"wp-image-12923 size-medium alignright\" src=\"https:\/\/i0.wp.com\/grifk-handball.com\/miehet\/wp-content\/uploads\/sites\/2\/2019\/09\/Solid_Logotype-copy11-300x52.png?resize=300%2C52&#038;ssl=1\" alt=\"\" width=\"300\" height=\"52\" srcset=\"https:\/\/i0.wp.com\/grifk-handball.com\/miehet\/wp-content\/uploads\/sites\/2\/2019\/09\/Solid_Logotype-copy11.png?resize=300%2C52&amp;ssl=1 300w, https:\/\/i0.wp.com\/grifk-handball.com\/miehet\/wp-content\/uploads\/sites\/2\/2019\/09\/Solid_Logotype-copy11.png?w=699&amp;ssl=1 699w\" sizes=\"auto, (max-width: 300px) 100vw, 300px\" \/><\/a> Siirry sivulle <a href=\"https:\/\/solidsport.com\/handisliiga\" target=\"_blank\" rel=\"noopener noreferrer\">https:\/\/solidsport.com\/handisliiga<\/a>, klikkaa GrIFK:n logoa ja valitse joukkueen sivulta &#8221;Kuukausikannattaja&#8221;. Tuet joukkuetta ja n\u00e4et samalla muutkin SM-liigan ottelut.<\/p>\n<p>Kaikki GrIFK:n ottelut l\u00f6ytyy sivulta <a href=\"https:\/\/solidsport.com\/grifk-miehet\" target=\"_blank\" rel=\"noopener\">https:\/\/solidsport.com\/grifk-miehet<\/a>.<\/p>\n<\/div><\/section><\/p><\/div>\n<div class='flex_column_table av-1ngbjtt-49701ccf7ef255aab63c857e11b1ab16 sc-av_one_half av-equal-height-column-flextable'>\n<style type=\"text\/css\" data-created_by=\"avia_inline_auto\" id=\"style-css-av-1ngbjtt-49701ccf7ef255aab63c857e11b1ab16\">\n.flex_column.av-1ngbjtt-49701ccf7ef255aab63c857e11b1ab16{\nborder-radius:0px 0px 0px 0px;\npadding:0px 0px 0px 0px;\n}\n<\/style>\n<div  class='flex_column av-1ngbjtt-49701ccf7ef255aab63c857e11b1ab16 av_one_half  avia-builder-el-7  el_after_av_one_full  el_before_av_one_half  first flex_column_table_cell av-equal-height-column av-align-middle av-zero-column-padding  column-top-margin'     ><div  class='avia-button-wrap avia-button-center  avia-builder-el-8  avia-builder-el-no-sibling '>\n<style type=\"text\/css\" data-created_by=\"avia_inline_auto\" id=\"style-css-av-16b3gzl-474db6b281726a883aa76bff499e3b9d\">\n#top #wrap_all .avia-button.av-16b3gzl-474db6b281726a883aa76bff499e3b9d:hover{\ncolor:white;\ntransition:all 0.4s ease-in-out;\n}\n#top #wrap_all .avia-button.av-16b3gzl-474db6b281726a883aa76bff499e3b9d:hover .avia-svg-icon svg:first-child{\nfill:white;\nstroke:white;\n}\n<\/style>\n<a href='https:\/\/grifk-handball.com\/miehet\/liput\/' class='avia-color-theme-color avia-font-color-theme-color avia-button avia-button-fullwidth av-16b3gzl-474db6b281726a883aa76bff499e3b9d avia-icon_select-no avia-color-theme-color'   aria-label=\"Kausikortit ja liput\"><span class='avia_iconbox_title' >Kausikortit ja liput<\/span><span class='avia_button_background avia-button avia-button-fullwidth avia-color-theme-color-highlight'><\/span><\/a><\/div><\/div>\n<div class='av-flex-placeholder'><\/div>\n<style type=\"text\/css\" data-created_by=\"avia_inline_auto\" id=\"style-css-av-ok0s8x-32c75bfc79e17697403e97d100f36aad\">\n.flex_column.av-ok0s8x-32c75bfc79e17697403e97d100f36aad{\nborder-radius:0px 0px 0px 0px;\npadding:0px 0px 0px 0px;\n}\n<\/style>\n<div  class='flex_column av-ok0s8x-32c75bfc79e17697403e97d100f36aad av_one_half  avia-builder-el-9  el_after_av_one_half  el_before_av_hr  flex_column_table_cell av-equal-height-column av-align-middle av-zero-column-padding  column-top-margin'     ><div  class='avia-button-wrap avia-button-center  avia-builder-el-10  avia-builder-el-no-sibling '>\n<style type=\"text\/css\" data-created_by=\"avia_inline_auto\" id=\"style-css-av-l192v2sp-6bb105349fa81ef0cfb1a3340b9b0cd7\">\n#top #wrap_all .avia-button.av-l192v2sp-6bb105349fa81ef0cfb1a3340b9b0cd7:hover{\ncolor:black;\ntransition:all 0.4s ease-in-out;\n}\n#top #wrap_all .avia-button.av-l192v2sp-6bb105349fa81ef0cfb1a3340b9b0cd7:hover .avia-svg-icon svg:first-child{\nfill:black;\nstroke:black;\n}\n<\/style>\n<a href='https:\/\/solidsport.com\/grifk-miehet\/monthly_supporter' class='avia-color-red avia-font-color-theme-color avia-button avia-button-fullwidth av-l192v2sp-6bb105349fa81ef0cfb1a3340b9b0cd7 avia-icon_select-no avia-color-red'  target=\"_blank\"  rel=\"noopener noreferrer\"  aria-label=\"Kuukausikannatus 9,90\u20ac \/ kk\"><span class='avia_iconbox_title' >Kuukausikannatus 9,90\u20ac \/ kk<\/span><span class='avia_button_background avia-button avia-button-fullwidth avia-color-theme-color-subtle'><\/span><\/a><\/div><\/div><\/div><!--close column table wrapper. Autoclose: 1 -->\n\n<style type=\"text\/css\" data-created_by=\"avia_inline_auto\" id=\"style-css-av-l1938j0x-c0d334abe0ef75d571fbe6793dd8e0c5\">\n#top .hr.hr-invisible.av-l1938j0x-c0d334abe0ef75d571fbe6793dd8e0c5{\nheight:50px;\n}\n<\/style>\n<div  class='hr av-l1938j0x-c0d334abe0ef75d571fbe6793dd8e0c5 hr-invisible  avia-builder-el-11  el_after_av_one_half  el_before_av_one_full '><span class='hr-inner '><span class=\"hr-inner-style\"><\/span><\/span><\/div>\n<div  class='flex_column av-9a2orl-239dcb0c41e62586d70db2861268b97f av_one_full  avia-builder-el-12  el_after_av_hr  avia-builder-el-last  first flex_column_div  '     ><section  class='av_textblock_section av-l192cend-109d446e44391c96a41a6d82f0e8befd '   itemscope=\"itemscope\" itemtype=\"https:\/\/schema.org\/BlogPosting\" itemprop=\"blogPost\" ><div class='avia_textblock'  itemprop=\"text\" ><h3>Suomi-Kroatia EM-karsintaottelu 13.4. Energia Areenalla!<\/h3>\n<p>Puoliv\u00e4lier\u00e4sarjojen j\u00e4lkeen SM-liiga keskeytyy maajoukkueen EM-karsintaotteluiden takia. Suomi kohtaa kaksiosaisessa EM-karsinnassa lajin suurmaihin kuuluvan Kroatian. Kaksinkertainen olympiavoittaja ja vuoden 1996 maailman mestari saapuu supert\u00e4htineen Vantaalle keskiviikkona 13.4. <a href=\"https:\/\/lippuagentti.fi\/event\/view?id=4504\" target=\"_blank\" rel=\"noopener\">Liput otteluun myy Lippuagentti<\/a>.<\/p>\n<p><a href=\"https:\/\/lippuagentti.fi\/event\/view?id=4504\" target=\"_blank\" rel=\"noopener\"><img data-recalc-dims=\"1\" loading=\"lazy\" decoding=\"async\" class=\"alignnone wp-image-17122 size-large\" src=\"https:\/\/i0.wp.com\/grifk-handball.com\/miehet\/wp-content\/uploads\/sites\/2\/2022\/03\/SKPL_FinCro_verkkobanneri_1500x570px1-1030x391.jpg?resize=1030%2C391&#038;ssl=1\" alt=\"\" width=\"1030\" height=\"391\" srcset=\"https:\/\/i0.wp.com\/grifk-handball.com\/miehet\/wp-content\/uploads\/sites\/2\/2022\/03\/SKPL_FinCro_verkkobanneri_1500x570px1.jpg?resize=1030%2C391&amp;ssl=1 1030w, https:\/\/i0.wp.com\/grifk-handball.com\/miehet\/wp-content\/uploads\/sites\/2\/2022\/03\/SKPL_FinCro_verkkobanneri_1500x570px1.jpg?resize=300%2C114&amp;ssl=1 300w, https:\/\/i0.wp.com\/grifk-handball.com\/miehet\/wp-content\/uploads\/sites\/2\/2022\/03\/SKPL_FinCro_verkkobanneri_1500x570px1.jpg?resize=768%2C292&amp;ssl=1 768w, https:\/\/i0.wp.com\/grifk-handball.com\/miehet\/wp-content\/uploads\/sites\/2\/2022\/03\/SKPL_FinCro_verkkobanneri_1500x570px1.jpg?resize=705%2C268&amp;ssl=1 705w, https:\/\/i0.wp.com\/grifk-handball.com\/miehet\/wp-content\/uploads\/sites\/2\/2022\/03\/SKPL_FinCro_verkkobanneri_1500x570px1.jpg?resize=845%2C321&amp;ssl=1 845w, https:\/\/i0.wp.com\/grifk-handball.com\/miehet\/wp-content\/uploads\/sites\/2\/2022\/03\/SKPL_FinCro_verkkobanneri_1500x570px1.jpg?w=1500&amp;ssl=1 1500w\" sizes=\"auto, (max-width: 1030px) 100vw, 1030px\" \/><\/a><\/p>\n<\/div><\/section><\/div>\n","protected":false},"excerpt":{"rendered":"<p>SM-liigan Play off -ottelut k\u00e4ynnistyv\u00e4t keskiviikkona 30.3. Ylemm\u00e4n jatkosarjan voittanut BK-46 ja toiseksi tullut runkosarjan voittaja Dicken eteniv\u00e4t suoraan v\u00e4lieriin, jotka alkavat 23.4.<\/p>\n","protected":false},"author":1,"featured_media":17163,"comment_status":"closed","ping_status":"closed","sticky":false,"template":"","format":"standard","meta":{"_acf_changed":false,"footnotes":""},"categories":[7],"tags":[12,26,15,25,35,37],"class_list":["post-17153","post","type-post","status-publish","format-standard","has-post-thumbnail","hentry","category-uutiset","tag-bombom","tag-grifkhandball","tag-aifk","tag-grifk","tag-playoff","tag-puolivaliera"],"acf":[],"yoast_head":"<!-- This site is optimized with the Yoast SEO plugin v27.5 - https:\/\/yoast.com\/product\/yoast-seo-wordpress\/ -->\n<title>GrIFK:n puoliv\u00e4lier\u00e4t \u00c5IFK:ta vastaan &#8212; GrIFK K\u00e4sipallo - miehet<\/title>\n<meta name=\"robots\" content=\"index, follow, max-snippet:-1, max-image-preview:large, max-video-preview:-1\" \/>\n<link rel=\"canonical\" href=\"https:\/\/grifk-handball.com\/miehet\/uutiset\/grifkn-puolivalierat-aifkta-vastaan\/\" \/>\n<meta property=\"og:locale\" content=\"fi_FI\" \/>\n<meta property=\"og:type\" content=\"article\" \/>\n<meta property=\"og:title\" content=\"GrIFK:n puoliv\u00e4lier\u00e4t \u00c5IFK:ta vastaan &#8212; GrIFK K\u00e4sipallo - miehet\" \/>\n<meta property=\"og:description\" content=\"SM-liigan Play off -ottelut k\u00e4ynnistyv\u00e4t keskiviikkona 30.3. Ylemm\u00e4n jatkosarjan voittanut BK-46 ja toiseksi tullut runkosarjan voittaja Dicken eteniv\u00e4t suoraan v\u00e4lieriin, jotka alkavat 23.4.\" \/>\n<meta property=\"og:url\" content=\"https:\/\/grifk-handball.com\/miehet\/uutiset\/grifkn-puolivalierat-aifkta-vastaan\/\" \/>\n<meta property=\"og:site_name\" content=\"GrIFK K\u00e4sipallo - miehet\" \/>\n<meta property=\"article:publisher\" content=\"https:\/\/www.facebook.com\/GrIFKelit\/\" \/>\n<meta property=\"article:published_time\" content=\"2022-03-27T09:45:58+00:00\" \/>\n<meta property=\"article:modified_time\" content=\"2022-03-29T09:44:46+00:00\" \/>\n<meta property=\"og:image\" content=\"https:\/\/i0.wp.com\/grifk-handball.com\/miehet\/wp-content\/uploads\/sites\/2\/2022\/03\/IMG_6986-e1648327650273.jpeg?fit=1863%2C1054&ssl=1\" \/>\n\t<meta property=\"og:image:width\" content=\"1863\" \/>\n\t<meta property=\"og:image:height\" content=\"1054\" \/>\n\t<meta property=\"og:image:type\" content=\"image\/jpeg\" \/>\n<meta name=\"author\" content=\"granimaster\" \/>\n<meta name=\"twitter:card\" content=\"summary_large_image\" \/>\n<meta name=\"twitter:creator\" content=\"@GrIFK_MSM\" \/>\n<meta name=\"twitter:site\" content=\"@GrIFK_MSM\" \/>\n<meta name=\"twitter:label1\" content=\"Kirjoittanut\" \/>\n\t<meta name=\"twitter:data1\" content=\"granimaster\" \/>\n\t<meta name=\"twitter:label2\" content=\"Arvioitu lukuaika\" \/>\n\t<meta name=\"twitter:data2\" content=\"6 minuuttia\" \/>\n<script type=\"application\/ld+json\" class=\"yoast-schema-graph\">{\"@context\":\"https:\\\/\\\/schema.org\",\"@graph\":[{\"@type\":\"Article\",\"@id\":\"https:\\\/\\\/grifk-handball.com\\\/miehet\\\/uutiset\\\/grifkn-puolivalierat-aifkta-vastaan\\\/#article\",\"isPartOf\":{\"@id\":\"https:\\\/\\\/grifk-handball.com\\\/miehet\\\/uutiset\\\/grifkn-puolivalierat-aifkta-vastaan\\\/\"},\"author\":{\"name\":\"granimaster\",\"@id\":\"https:\\\/\\\/grifk-handball.com\\\/miehet\\\/#\\\/schema\\\/person\\\/9da98c743e3f0f85a1b32f59241b48e0\"},\"headline\":\"GrIFK:n puoliv\u00e4lier\u00e4t \u00c5IFK:ta vastaan\",\"datePublished\":\"2022-03-27T09:45:58+00:00\",\"dateModified\":\"2022-03-29T09:44:46+00:00\",\"mainEntityOfPage\":{\"@id\":\"https:\\\/\\\/grifk-handball.com\\\/miehet\\\/uutiset\\\/grifkn-puolivalierat-aifkta-vastaan\\\/\"},\"wordCount\":1654,\"publisher\":{\"@id\":\"https:\\\/\\\/grifk-handball.com\\\/miehet\\\/#organization\"},\"image\":{\"@id\":\"https:\\\/\\\/grifk-handball.com\\\/miehet\\\/uutiset\\\/grifkn-puolivalierat-aifkta-vastaan\\\/#primaryimage\"},\"thumbnailUrl\":\"https:\\\/\\\/i0.wp.com\\\/grifk-handball.com\\\/miehet\\\/wp-content\\\/uploads\\\/sites\\\/2\\\/2022\\\/03\\\/IMG_6986-e1648327650273.jpeg?fit=1863%2C1054&ssl=1\",\"keywords\":[\"#BomBom\",\"#GrIFKHandball\",\"\u00c5IFK\",\"GrIFK\",\"Play Off\",\"Puoliv\u00e4lier\u00e4\"],\"articleSection\":[\"Uutiset\"],\"inLanguage\":\"fi\"},{\"@type\":\"WebPage\",\"@id\":\"https:\\\/\\\/grifk-handball.com\\\/miehet\\\/uutiset\\\/grifkn-puolivalierat-aifkta-vastaan\\\/\",\"url\":\"https:\\\/\\\/grifk-handball.com\\\/miehet\\\/uutiset\\\/grifkn-puolivalierat-aifkta-vastaan\\\/\",\"name\":\"GrIFK:n puoliv\u00e4lier\u00e4t \u00c5IFK:ta vastaan &#8212; GrIFK K\u00e4sipallo - miehet\",\"isPartOf\":{\"@id\":\"https:\\\/\\\/grifk-handball.com\\\/miehet\\\/#website\"},\"primaryImageOfPage\":{\"@id\":\"https:\\\/\\\/grifk-handball.com\\\/miehet\\\/uutiset\\\/grifkn-puolivalierat-aifkta-vastaan\\\/#primaryimage\"},\"image\":{\"@id\":\"https:\\\/\\\/grifk-handball.com\\\/miehet\\\/uutiset\\\/grifkn-puolivalierat-aifkta-vastaan\\\/#primaryimage\"},\"thumbnailUrl\":\"https:\\\/\\\/i0.wp.com\\\/grifk-handball.com\\\/miehet\\\/wp-content\\\/uploads\\\/sites\\\/2\\\/2022\\\/03\\\/IMG_6986-e1648327650273.jpeg?fit=1863%2C1054&ssl=1\",\"datePublished\":\"2022-03-27T09:45:58+00:00\",\"dateModified\":\"2022-03-29T09:44:46+00:00\",\"breadcrumb\":{\"@id\":\"https:\\\/\\\/grifk-handball.com\\\/miehet\\\/uutiset\\\/grifkn-puolivalierat-aifkta-vastaan\\\/#breadcrumb\"},\"inLanguage\":\"fi\",\"potentialAction\":[{\"@type\":\"ReadAction\",\"target\":[\"https:\\\/\\\/grifk-handball.com\\\/miehet\\\/uutiset\\\/grifkn-puolivalierat-aifkta-vastaan\\\/\"]}]},{\"@type\":\"ImageObject\",\"inLanguage\":\"fi\",\"@id\":\"https:\\\/\\\/grifk-handball.com\\\/miehet\\\/uutiset\\\/grifkn-puolivalierat-aifkta-vastaan\\\/#primaryimage\",\"url\":\"https:\\\/\\\/i0.wp.com\\\/grifk-handball.com\\\/miehet\\\/wp-content\\\/uploads\\\/sites\\\/2\\\/2022\\\/03\\\/IMG_6986-e1648327650273.jpeg?fit=1863%2C1054&ssl=1\",\"contentUrl\":\"https:\\\/\\\/i0.wp.com\\\/grifk-handball.com\\\/miehet\\\/wp-content\\\/uploads\\\/sites\\\/2\\\/2022\\\/03\\\/IMG_6986-e1648327650273.jpeg?fit=1863%2C1054&ssl=1\",\"width\":1863,\"height\":1054},{\"@type\":\"BreadcrumbList\",\"@id\":\"https:\\\/\\\/grifk-handball.com\\\/miehet\\\/uutiset\\\/grifkn-puolivalierat-aifkta-vastaan\\\/#breadcrumb\",\"itemListElement\":[{\"@type\":\"ListItem\",\"position\":1,\"name\":\"Home\",\"item\":\"https:\\\/\\\/grifk-handball.com\\\/miehet\\\/etusivu-260109\\\/\"},{\"@type\":\"ListItem\",\"position\":2,\"name\":\"GrIFK:n puoliv\u00e4lier\u00e4t \u00c5IFK:ta vastaan\"}]},{\"@type\":\"WebSite\",\"@id\":\"https:\\\/\\\/grifk-handball.com\\\/miehet\\\/#website\",\"url\":\"https:\\\/\\\/grifk-handball.com\\\/miehet\\\/\",\"name\":\"GrIFK K\u00e4sipallo - miehet\",\"description\":\"BomBom!\",\"publisher\":{\"@id\":\"https:\\\/\\\/grifk-handball.com\\\/miehet\\\/#organization\"},\"potentialAction\":[{\"@type\":\"SearchAction\",\"target\":{\"@type\":\"EntryPoint\",\"urlTemplate\":\"https:\\\/\\\/grifk-handball.com\\\/miehet\\\/?s={search_term_string}\"},\"query-input\":{\"@type\":\"PropertyValueSpecification\",\"valueRequired\":true,\"valueName\":\"search_term_string\"}}],\"inLanguage\":\"fi\"},{\"@type\":\"Organization\",\"@id\":\"https:\\\/\\\/grifk-handball.com\\\/miehet\\\/#organization\",\"name\":\"GrIFK K\u00e4sipallo - miehet\",\"url\":\"https:\\\/\\\/grifk-handball.com\\\/miehet\\\/\",\"logo\":{\"@type\":\"ImageObject\",\"inLanguage\":\"fi\",\"@id\":\"https:\\\/\\\/grifk-handball.com\\\/miehet\\\/#\\\/schema\\\/logo\\\/image\\\/\",\"url\":\"https:\\\/\\\/i0.wp.com\\\/grifk-handball.com\\\/miehet\\\/wp-content\\\/uploads\\\/sites\\\/2\\\/2016\\\/10\\\/logo-grifk-iso.png?fit=1200%2C1400&ssl=1\",\"contentUrl\":\"https:\\\/\\\/i0.wp.com\\\/grifk-handball.com\\\/miehet\\\/wp-content\\\/uploads\\\/sites\\\/2\\\/2016\\\/10\\\/logo-grifk-iso.png?fit=1200%2C1400&ssl=1\",\"width\":1200,\"height\":1400,\"caption\":\"GrIFK K\u00e4sipallo - miehet\"},\"image\":{\"@id\":\"https:\\\/\\\/grifk-handball.com\\\/miehet\\\/#\\\/schema\\\/logo\\\/image\\\/\"},\"sameAs\":[\"https:\\\/\\\/www.facebook.com\\\/GrIFKelit\\\/\",\"https:\\\/\\\/x.com\\\/GrIFK_MSM\",\"https:\\\/\\\/www.instagram.com\\\/grifk_elit\\\/\"]},{\"@type\":\"Person\",\"@id\":\"https:\\\/\\\/grifk-handball.com\\\/miehet\\\/#\\\/schema\\\/person\\\/9da98c743e3f0f85a1b32f59241b48e0\",\"name\":\"granimaster\",\"image\":{\"@type\":\"ImageObject\",\"inLanguage\":\"fi\",\"@id\":\"https:\\\/\\\/secure.gravatar.com\\\/avatar\\\/034b8e6380fc659c320f13e17fe45bd9ab48a21e2debadd5f3179bde291949df?s=96&d=mm&r=g\",\"url\":\"https:\\\/\\\/secure.gravatar.com\\\/avatar\\\/034b8e6380fc659c320f13e17fe45bd9ab48a21e2debadd5f3179bde291949df?s=96&d=mm&r=g\",\"contentUrl\":\"https:\\\/\\\/secure.gravatar.com\\\/avatar\\\/034b8e6380fc659c320f13e17fe45bd9ab48a21e2debadd5f3179bde291949df?s=96&d=mm&r=g\",\"caption\":\"granimaster\"},\"url\":\"https:\\\/\\\/grifk-handball.com\\\/miehet\\\/author\\\/granimaster\\\/\"}]}<\/script>\n<!-- \/ Yoast SEO plugin. -->","yoast_head_json":{"title":"GrIFK:n puoliv\u00e4lier\u00e4t \u00c5IFK:ta vastaan &#8212; GrIFK K\u00e4sipallo - miehet","robots":{"index":"index","follow":"follow","max-snippet":"max-snippet:-1","max-image-preview":"max-image-preview:large","max-video-preview":"max-video-preview:-1"},"canonical":"https:\/\/grifk-handball.com\/miehet\/uutiset\/grifkn-puolivalierat-aifkta-vastaan\/","og_locale":"fi_FI","og_type":"article","og_title":"GrIFK:n puoliv\u00e4lier\u00e4t \u00c5IFK:ta vastaan &#8212; GrIFK K\u00e4sipallo - miehet","og_description":"SM-liigan Play off -ottelut k\u00e4ynnistyv\u00e4t keskiviikkona 30.3. Ylemm\u00e4n jatkosarjan voittanut BK-46 ja toiseksi tullut runkosarjan voittaja Dicken eteniv\u00e4t suoraan v\u00e4lieriin, jotka alkavat 23.4.","og_url":"https:\/\/grifk-handball.com\/miehet\/uutiset\/grifkn-puolivalierat-aifkta-vastaan\/","og_site_name":"GrIFK K\u00e4sipallo - miehet","article_publisher":"https:\/\/www.facebook.com\/GrIFKelit\/","article_published_time":"2022-03-27T09:45:58+00:00","article_modified_time":"2022-03-29T09:44:46+00:00","og_image":[{"width":1863,"height":1054,"url":"https:\/\/i0.wp.com\/grifk-handball.com\/miehet\/wp-content\/uploads\/sites\/2\/2022\/03\/IMG_6986-e1648327650273.jpeg?fit=1863%2C1054&ssl=1","type":"image\/jpeg"}],"author":"granimaster","twitter_card":"summary_large_image","twitter_creator":"@GrIFK_MSM","twitter_site":"@GrIFK_MSM","twitter_misc":{"Kirjoittanut":"granimaster","Arvioitu lukuaika":"6 minuuttia"},"schema":{"@context":"https:\/\/schema.org","@graph":[{"@type":"Article","@id":"https:\/\/grifk-handball.com\/miehet\/uutiset\/grifkn-puolivalierat-aifkta-vastaan\/#article","isPartOf":{"@id":"https:\/\/grifk-handball.com\/miehet\/uutiset\/grifkn-puolivalierat-aifkta-vastaan\/"},"author":{"name":"granimaster","@id":"https:\/\/grifk-handball.com\/miehet\/#\/schema\/person\/9da98c743e3f0f85a1b32f59241b48e0"},"headline":"GrIFK:n puoliv\u00e4lier\u00e4t \u00c5IFK:ta vastaan","datePublished":"2022-03-27T09:45:58+00:00","dateModified":"2022-03-29T09:44:46+00:00","mainEntityOfPage":{"@id":"https:\/\/grifk-handball.com\/miehet\/uutiset\/grifkn-puolivalierat-aifkta-vastaan\/"},"wordCount":1654,"publisher":{"@id":"https:\/\/grifk-handball.com\/miehet\/#organization"},"image":{"@id":"https:\/\/grifk-handball.com\/miehet\/uutiset\/grifkn-puolivalierat-aifkta-vastaan\/#primaryimage"},"thumbnailUrl":"https:\/\/i0.wp.com\/grifk-handball.com\/miehet\/wp-content\/uploads\/sites\/2\/2022\/03\/IMG_6986-e1648327650273.jpeg?fit=1863%2C1054&ssl=1","keywords":["#BomBom","#GrIFKHandball","\u00c5IFK","GrIFK","Play Off","Puoliv\u00e4lier\u00e4"],"articleSection":["Uutiset"],"inLanguage":"fi"},{"@type":"WebPage","@id":"https:\/\/grifk-handball.com\/miehet\/uutiset\/grifkn-puolivalierat-aifkta-vastaan\/","url":"https:\/\/grifk-handball.com\/miehet\/uutiset\/grifkn-puolivalierat-aifkta-vastaan\/","name":"GrIFK:n puoliv\u00e4lier\u00e4t \u00c5IFK:ta vastaan &#8212; GrIFK K\u00e4sipallo - miehet","isPartOf":{"@id":"https:\/\/grifk-handball.com\/miehet\/#website"},"primaryImageOfPage":{"@id":"https:\/\/grifk-handball.com\/miehet\/uutiset\/grifkn-puolivalierat-aifkta-vastaan\/#primaryimage"},"image":{"@id":"https:\/\/grifk-handball.com\/miehet\/uutiset\/grifkn-puolivalierat-aifkta-vastaan\/#primaryimage"},"thumbnailUrl":"https:\/\/i0.wp.com\/grifk-handball.com\/miehet\/wp-content\/uploads\/sites\/2\/2022\/03\/IMG_6986-e1648327650273.jpeg?fit=1863%2C1054&ssl=1","datePublished":"2022-03-27T09:45:58+00:00","dateModified":"2022-03-29T09:44:46+00:00","breadcrumb":{"@id":"https:\/\/grifk-handball.com\/miehet\/uutiset\/grifkn-puolivalierat-aifkta-vastaan\/#breadcrumb"},"inLanguage":"fi","potentialAction":[{"@type":"ReadAction","target":["https:\/\/grifk-handball.com\/miehet\/uutiset\/grifkn-puolivalierat-aifkta-vastaan\/"]}]},{"@type":"ImageObject","inLanguage":"fi","@id":"https:\/\/grifk-handball.com\/miehet\/uutiset\/grifkn-puolivalierat-aifkta-vastaan\/#primaryimage","url":"https:\/\/i0.wp.com\/grifk-handball.com\/miehet\/wp-content\/uploads\/sites\/2\/2022\/03\/IMG_6986-e1648327650273.jpeg?fit=1863%2C1054&ssl=1","contentUrl":"https:\/\/i0.wp.com\/grifk-handball.com\/miehet\/wp-content\/uploads\/sites\/2\/2022\/03\/IMG_6986-e1648327650273.jpeg?fit=1863%2C1054&ssl=1","width":1863,"height":1054},{"@type":"BreadcrumbList","@id":"https:\/\/grifk-handball.com\/miehet\/uutiset\/grifkn-puolivalierat-aifkta-vastaan\/#breadcrumb","itemListElement":[{"@type":"ListItem","position":1,"name":"Home","item":"https:\/\/grifk-handball.com\/miehet\/etusivu-260109\/"},{"@type":"ListItem","position":2,"name":"GrIFK:n puoliv\u00e4lier\u00e4t \u00c5IFK:ta vastaan"}]},{"@type":"WebSite","@id":"https:\/\/grifk-handball.com\/miehet\/#website","url":"https:\/\/grifk-handball.com\/miehet\/","name":"GrIFK K\u00e4sipallo - miehet","description":"BomBom!","publisher":{"@id":"https:\/\/grifk-handball.com\/miehet\/#organization"},"potentialAction":[{"@type":"SearchAction","target":{"@type":"EntryPoint","urlTemplate":"https:\/\/grifk-handball.com\/miehet\/?s={search_term_string}"},"query-input":{"@type":"PropertyValueSpecification","valueRequired":true,"valueName":"search_term_string"}}],"inLanguage":"fi"},{"@type":"Organization","@id":"https:\/\/grifk-handball.com\/miehet\/#organization","name":"GrIFK K\u00e4sipallo - miehet","url":"https:\/\/grifk-handball.com\/miehet\/","logo":{"@type":"ImageObject","inLanguage":"fi","@id":"https:\/\/grifk-handball.com\/miehet\/#\/schema\/logo\/image\/","url":"https:\/\/i0.wp.com\/grifk-handball.com\/miehet\/wp-content\/uploads\/sites\/2\/2016\/10\/logo-grifk-iso.png?fit=1200%2C1400&ssl=1","contentUrl":"https:\/\/i0.wp.com\/grifk-handball.com\/miehet\/wp-content\/uploads\/sites\/2\/2016\/10\/logo-grifk-iso.png?fit=1200%2C1400&ssl=1","width":1200,"height":1400,"caption":"GrIFK K\u00e4sipallo - miehet"},"image":{"@id":"https:\/\/grifk-handball.com\/miehet\/#\/schema\/logo\/image\/"},"sameAs":["https:\/\/www.facebook.com\/GrIFKelit\/","https:\/\/x.com\/GrIFK_MSM","https:\/\/www.instagram.com\/grifk_elit\/"]},{"@type":"Person","@id":"https:\/\/grifk-handball.com\/miehet\/#\/schema\/person\/9da98c743e3f0f85a1b32f59241b48e0","name":"granimaster","image":{"@type":"ImageObject","inLanguage":"fi","@id":"https:\/\/secure.gravatar.com\/avatar\/034b8e6380fc659c320f13e17fe45bd9ab48a21e2debadd5f3179bde291949df?s=96&d=mm&r=g","url":"https:\/\/secure.gravatar.com\/avatar\/034b8e6380fc659c320f13e17fe45bd9ab48a21e2debadd5f3179bde291949df?s=96&d=mm&r=g","contentUrl":"https:\/\/secure.gravatar.com\/avatar\/034b8e6380fc659c320f13e17fe45bd9ab48a21e2debadd5f3179bde291949df?s=96&d=mm&r=g","caption":"granimaster"},"url":"https:\/\/grifk-handball.com\/miehet\/author\/granimaster\/"}]}},"jetpack_featured_media_url":"https:\/\/i0.wp.com\/grifk-handball.com\/miehet\/wp-content\/uploads\/sites\/2\/2022\/03\/IMG_6986-e1648327650273.jpeg?fit=1863%2C1054&ssl=1","jetpack_shortlink":"https:\/\/wp.me\/p9jQ9a-4sF","_links":{"self":[{"href":"https:\/\/grifk-handball.com\/miehet\/wp-json\/wp\/v2\/posts\/17153","targetHints":{"allow":["GET"]}}],"collection":[{"href":"https:\/\/grifk-handball.com\/miehet\/wp-json\/wp\/v2\/posts"}],"about":[{"href":"https:\/\/grifk-handball.com\/miehet\/wp-json\/wp\/v2\/types\/post"}],"author":[{"embeddable":true,"href":"https:\/\/grifk-handball.com\/miehet\/wp-json\/wp\/v2\/users\/1"}],"replies":[{"embeddable":true,"href":"https:\/\/grifk-handball.com\/miehet\/wp-json\/wp\/v2\/comments?post=17153"}],"version-history":[{"count":44,"href":"https:\/\/grifk-handball.com\/miehet\/wp-json\/wp\/v2\/posts\/17153\/revisions"}],"predecessor-version":[{"id":17227,"href":"https:\/\/grifk-handball.com\/miehet\/wp-json\/wp\/v2\/posts\/17153\/revisions\/17227"}],"wp:featuredmedia":[{"embeddable":true,"href":"https:\/\/grifk-handball.com\/miehet\/wp-json\/wp\/v2\/media\/17163"}],"wp:attachment":[{"href":"https:\/\/grifk-handball.com\/miehet\/wp-json\/wp\/v2\/media?parent=17153"}],"wp:term":[{"taxonomy":"category","embeddable":true,"href":"https:\/\/grifk-handball.com\/miehet\/wp-json\/wp\/v2\/categories?post=17153"},{"taxonomy":"post_tag","embeddable":true,"href":"https:\/\/grifk-handball.com\/miehet\/wp-json\/wp\/v2\/tags?post=17153"}],"curies":[{"name":"wp","href":"https:\/\/api.w.org\/{rel}","templated":true}]}}