{"id":17564,"date":"2022-06-15T11:49:27","date_gmt":"2022-06-15T08:49:27","guid":{"rendered":"https:\/\/grifk-handball.com\/miehet\/?p=17564"},"modified":"2022-09-10T11:37:21","modified_gmt":"2022-09-10T08:37:21","slug":"svanback-siirtyy-sifsta-grifkhon-berglund-palaa-liigapeleihin","status":"publish","type":"post","link":"https:\/\/grifk-handball.com\/miehet\/uutiset\/svanback-siirtyy-sifsta-grifkhon-berglund-palaa-liigapeleihin\/","title":{"rendered":"Svanb\u00e4ck siirtyy SIF:st\u00e4 GrIFK:hon &#8211; Berglund palaa liigapeleihin"},"content":{"rendered":"<p>GrIFK:n tulevan pelikauden 2022\/23 joukkue alkaa saada lopullisen muotonsa. Uusina kasvoina joukkueessa n\u00e4hd\u00e4\u00e4n Gustav Svanb\u00e4ck ja Oscar Berglund.<!--more--><\/p>\n<div id=\"attachment_17566\" style=\"width: 310px\" class=\"wp-caption alignright\"><a href=\"https:\/\/i0.wp.com\/grifk-handball.com\/miehet\/wp-content\/uploads\/sites\/2\/2022\/06\/IMG_8344-e1655115216230.png?ssl=1\"><img data-recalc-dims=\"1\" loading=\"lazy\" decoding=\"async\" aria-describedby=\"caption-attachment-17566\" class=\"wp-image-17566 size-medium\" src=\"https:\/\/i0.wp.com\/grifk-handball.com\/miehet\/wp-content\/uploads\/sites\/2\/2022\/06\/IMG_8344-e1655115216230-300x281.png?resize=300%2C281&#038;ssl=1\" alt=\"\" width=\"300\" height=\"281\" srcset=\"https:\/\/i0.wp.com\/grifk-handball.com\/miehet\/wp-content\/uploads\/sites\/2\/2022\/06\/IMG_8344-e1655115216230.png?resize=300%2C281&amp;ssl=1 300w, https:\/\/i0.wp.com\/grifk-handball.com\/miehet\/wp-content\/uploads\/sites\/2\/2022\/06\/IMG_8344-e1655115216230.png?resize=768%2C720&amp;ssl=1 768w, https:\/\/i0.wp.com\/grifk-handball.com\/miehet\/wp-content\/uploads\/sites\/2\/2022\/06\/IMG_8344-e1655115216230.png?resize=705%2C661&amp;ssl=1 705w, https:\/\/i0.wp.com\/grifk-handball.com\/miehet\/wp-content\/uploads\/sites\/2\/2022\/06\/IMG_8344-e1655115216230.png?w=800&amp;ssl=1 800w\" sizes=\"auto, (max-width: 300px) 100vw, 300px\" \/><\/a><p id=\"caption-attachment-17566\" class=\"wp-caption-text\">Gustav Svanb\u00e4ck<\/p><\/div>\n<h4>Kokemusta ja johtajuutta joukkueeseen<\/h4>\n<p>SIF:ss\u00e4 viime kaudet joukkueen kapteenina toiminut kokenut laituri Gustav Svanb\u00e4ck tuo arvokasta kokemusta Graniin. 28-vuotias Svanb\u00e4ck on edustanut koko peliuransa ajan Siuntiota, jossa h\u00e4n ehti pelata p\u00e4\u00e4sarjatasolla kaudesta 2008\/09 l\u00e4htien reilut 300 ottelua, joissa h\u00e4n teki 754 maalia.<\/p>\n<p>Yksivuotisen sopimuksen GrIFK:n kanssa solminut Svanb\u00e4ck oli kev\u00e4\u00e4ll\u00e4 pudotuspelien ulkopuolelle j\u00e4\u00e4neen SIF:n paras maalintekij\u00e4, 20 ottelussa syntyi 95 osumaa.<\/p>\n<p>&#8221;Halusin kokeilla jotain uutta, ja monien keskustelujen j\u00e4lkeen sain hyv\u00e4n kuvan Granin toiminnasta ja kokonaisuudesta&#8221;, omien sanojensa mukaan johtajuutta, hyv\u00e4\u00e4 asennetta ja huonoja l\u00e4ppi\u00e4 mukanaan tuova fysioterapeutti kertoi.<\/p>\n<p>&nbsp;<\/p>\n<div id=\"attachment_17565\" style=\"width: 310px\" class=\"wp-caption alignright\"><a href=\"https:\/\/i0.wp.com\/grifk-handball.com\/miehet\/wp-content\/uploads\/sites\/2\/2022\/06\/IMG_8345-e1655115242861.png?ssl=1\"><img data-recalc-dims=\"1\" loading=\"lazy\" decoding=\"async\" aria-describedby=\"caption-attachment-17565\" class=\"wp-image-17565 size-medium\" src=\"https:\/\/i0.wp.com\/grifk-handball.com\/miehet\/wp-content\/uploads\/sites\/2\/2022\/06\/IMG_8345-e1655115242861-300x281.png?resize=300%2C281&#038;ssl=1\" alt=\"\" width=\"300\" height=\"281\" srcset=\"https:\/\/i0.wp.com\/grifk-handball.com\/miehet\/wp-content\/uploads\/sites\/2\/2022\/06\/IMG_8345-e1655115242861.png?resize=300%2C281&amp;ssl=1 300w, https:\/\/i0.wp.com\/grifk-handball.com\/miehet\/wp-content\/uploads\/sites\/2\/2022\/06\/IMG_8345-e1655115242861.png?resize=768%2C720&amp;ssl=1 768w, https:\/\/i0.wp.com\/grifk-handball.com\/miehet\/wp-content\/uploads\/sites\/2\/2022\/06\/IMG_8345-e1655115242861.png?resize=705%2C661&amp;ssl=1 705w, https:\/\/i0.wp.com\/grifk-handball.com\/miehet\/wp-content\/uploads\/sites\/2\/2022\/06\/IMG_8345-e1655115242861.png?w=800&amp;ssl=1 800w\" sizes=\"auto, (max-width: 300px) 100vw, 300px\" \/><\/a><p id=\"caption-attachment-17565\" class=\"wp-caption-text\">Oscar Berglund<\/p><\/div>\n<h4>Berglund tuo leveytt\u00e4 sentteriosastolle<\/h4>\n<p>GrIFK vahvistuu my\u00f6s viivapelaaja Oscar Berglundilla, joka viime tammikuussa j\u00e4tti SM-liigan ja \u00c5IFK:n ty\u00f6kiireiden vuoksi, ja palasi p\u00e4\u00e4kaupunkiseudulle.<\/p>\n<p>1. divisioonaa GrIFK Akatemiassa kev\u00e4tkauden pelannut Berglund palaa liigapeleihin ja vahvistaa Granin sentteriosastoa, jossa Fredrik Forss ja Kalle Kankaanp\u00e4\u00e4 jatkavat.<\/p>\n<p>Seitsem\u00e4n A-maaottelua pelannut 26-vuotias sentteri pelasi kuluneella kaudella \u00c5IFK:n paidassa seitsem\u00e4n liigaottelua ja teki niiss\u00e4 28 maalia.<\/p>\n<p>&#8221;Vaativa ty\u00f6 vie jatkossakin veronsa, mutta olen luvannut olla k\u00e4ytett\u00e4viss\u00e4 niin paljon kuin suinkin mahdollista&#8221;, Berglund avaa.<\/p>\n<p>189-senttinen ja 93-kiloinen Berglund teki ensiesiintymisess\u00e4 SM-liigassa syksyll\u00e4 2013 HC Westin riveiss\u00e4. Yhteens\u00e4 liigapelej\u00e4 on nyt 197 ja -maaleja 458.<\/p>\n<p>&nbsp;<\/p>\n","protected":false},"excerpt":{"rendered":"<p>GrIFK:n tulevan pelikauden 2022\/23 joukkue alkaa saada lopullisen muotonsa. Uusina kasvoina joukkueessa n\u00e4hd\u00e4\u00e4n Gustav Svanb\u00e4ck ja Oscar Berglund.<\/p>\n","protected":false},"author":1,"featured_media":17567,"comment_status":"closed","ping_status":"closed","sticky":false,"template":"","format":"standard","meta":{"_acf_changed":false,"footnotes":""},"categories":[7],"tags":[12,26,25,503,505,499,41],"class_list":["post-17564","post","type-post","status-publish","format-standard","has-post-thumbnail","hentry","category-uutiset","tag-bombom","tag-grifkhandball","tag-grifk","tag-gustav-svanback","tag-oscar-berglund","tag-pelaajat-2022-23","tag-sm-liiga"],"acf":[],"yoast_head":"<!-- This site is optimized with the Yoast SEO plugin v27.5 - https:\/\/yoast.com\/product\/yoast-seo-wordpress\/ -->\n<title>Svanb\u00e4ck siirtyy SIF:st\u00e4 GrIFK:hon - Berglund palaa liigapeleihin &#8212; GrIFK K\u00e4sipallo - miehet<\/title>\n<meta name=\"robots\" content=\"index, follow, max-snippet:-1, max-image-preview:large, max-video-preview:-1\" \/>\n<link rel=\"canonical\" href=\"https:\/\/grifk-handball.com\/miehet\/uutiset\/svanback-siirtyy-sifsta-grifkhon-berglund-palaa-liigapeleihin\/\" \/>\n<meta property=\"og:locale\" content=\"fi_FI\" \/>\n<meta property=\"og:type\" content=\"article\" \/>\n<meta property=\"og:title\" content=\"Svanb\u00e4ck siirtyy SIF:st\u00e4 GrIFK:hon - Berglund palaa liigapeleihin &#8212; GrIFK K\u00e4sipallo - miehet\" \/>\n<meta property=\"og:description\" content=\"GrIFK:n tulevan pelikauden 2022\/23 joukkue alkaa saada lopullisen muotonsa. Uusina kasvoina joukkueessa n\u00e4hd\u00e4\u00e4n Gustav Svanb\u00e4ck ja Oscar Berglund.\" \/>\n<meta property=\"og:url\" content=\"https:\/\/grifk-handball.com\/miehet\/uutiset\/svanback-siirtyy-sifsta-grifkhon-berglund-palaa-liigapeleihin\/\" \/>\n<meta property=\"og:site_name\" content=\"GrIFK K\u00e4sipallo - miehet\" \/>\n<meta property=\"article:publisher\" content=\"https:\/\/www.facebook.com\/GrIFKelit\/\" \/>\n<meta property=\"article:published_time\" content=\"2022-06-15T08:49:27+00:00\" \/>\n<meta property=\"article:modified_time\" content=\"2022-09-10T08:37:21+00:00\" \/>\n<meta property=\"og:image\" content=\"https:\/\/grifk-handball.com\/miehet\/wp-content\/uploads\/sites\/2\/2022\/06\/IMG_8341-1030x579.png\" \/>\n\t<meta property=\"og:image:width\" content=\"1030\" \/>\n\t<meta property=\"og:image:height\" content=\"579\" \/>\n\t<meta property=\"og:image:type\" content=\"image\/png\" \/>\n<meta name=\"author\" content=\"granimaster\" \/>\n<meta name=\"twitter:card\" content=\"summary_large_image\" \/>\n<meta name=\"twitter:creator\" content=\"@GrIFK_MSM\" \/>\n<meta name=\"twitter:site\" content=\"@GrIFK_MSM\" \/>\n<meta name=\"twitter:label1\" content=\"Kirjoittanut\" \/>\n\t<meta name=\"twitter:data1\" content=\"granimaster\" \/>\n\t<meta name=\"twitter:label2\" content=\"Arvioitu lukuaika\" \/>\n\t<meta name=\"twitter:data2\" content=\"2 minuuttia\" \/>\n<script type=\"application\/ld+json\" class=\"yoast-schema-graph\">{\"@context\":\"https:\\\/\\\/schema.org\",\"@graph\":[{\"@type\":\"Article\",\"@id\":\"https:\\\/\\\/grifk-handball.com\\\/miehet\\\/uutiset\\\/svanback-siirtyy-sifsta-grifkhon-berglund-palaa-liigapeleihin\\\/#article\",\"isPartOf\":{\"@id\":\"https:\\\/\\\/grifk-handball.com\\\/miehet\\\/uutiset\\\/svanback-siirtyy-sifsta-grifkhon-berglund-palaa-liigapeleihin\\\/\"},\"author\":{\"name\":\"granimaster\",\"@id\":\"https:\\\/\\\/grifk-handball.com\\\/miehet\\\/#\\\/schema\\\/person\\\/9da98c743e3f0f85a1b32f59241b48e0\"},\"headline\":\"Svanb\u00e4ck siirtyy SIF:st\u00e4 GrIFK:hon &#8211; Berglund palaa liigapeleihin\",\"datePublished\":\"2022-06-15T08:49:27+00:00\",\"dateModified\":\"2022-09-10T08:37:21+00:00\",\"mainEntityOfPage\":{\"@id\":\"https:\\\/\\\/grifk-handball.com\\\/miehet\\\/uutiset\\\/svanback-siirtyy-sifsta-grifkhon-berglund-palaa-liigapeleihin\\\/\"},\"wordCount\":254,\"publisher\":{\"@id\":\"https:\\\/\\\/grifk-handball.com\\\/miehet\\\/#organization\"},\"image\":{\"@id\":\"https:\\\/\\\/grifk-handball.com\\\/miehet\\\/uutiset\\\/svanback-siirtyy-sifsta-grifkhon-berglund-palaa-liigapeleihin\\\/#primaryimage\"},\"thumbnailUrl\":\"https:\\\/\\\/i0.wp.com\\\/grifk-handball.com\\\/miehet\\\/wp-content\\\/uploads\\\/sites\\\/2\\\/2022\\\/06\\\/IMG_8341.png?fit=1334%2C750&ssl=1\",\"keywords\":[\"#BomBom\",\"#GrIFKHandball\",\"GrIFK\",\"Gustav Svanb\u00e4ck\",\"Oscar Berglund\",\"Pelaajat 2022-23\",\"SM-liiga\"],\"articleSection\":[\"Uutiset\"],\"inLanguage\":\"fi\"},{\"@type\":\"WebPage\",\"@id\":\"https:\\\/\\\/grifk-handball.com\\\/miehet\\\/uutiset\\\/svanback-siirtyy-sifsta-grifkhon-berglund-palaa-liigapeleihin\\\/\",\"url\":\"https:\\\/\\\/grifk-handball.com\\\/miehet\\\/uutiset\\\/svanback-siirtyy-sifsta-grifkhon-berglund-palaa-liigapeleihin\\\/\",\"name\":\"Svanb\u00e4ck siirtyy SIF:st\u00e4 GrIFK:hon - Berglund palaa liigapeleihin &#8212; GrIFK K\u00e4sipallo - miehet\",\"isPartOf\":{\"@id\":\"https:\\\/\\\/grifk-handball.com\\\/miehet\\\/#website\"},\"primaryImageOfPage\":{\"@id\":\"https:\\\/\\\/grifk-handball.com\\\/miehet\\\/uutiset\\\/svanback-siirtyy-sifsta-grifkhon-berglund-palaa-liigapeleihin\\\/#primaryimage\"},\"image\":{\"@id\":\"https:\\\/\\\/grifk-handball.com\\\/miehet\\\/uutiset\\\/svanback-siirtyy-sifsta-grifkhon-berglund-palaa-liigapeleihin\\\/#primaryimage\"},\"thumbnailUrl\":\"https:\\\/\\\/i0.wp.com\\\/grifk-handball.com\\\/miehet\\\/wp-content\\\/uploads\\\/sites\\\/2\\\/2022\\\/06\\\/IMG_8341.png?fit=1334%2C750&ssl=1\",\"datePublished\":\"2022-06-15T08:49:27+00:00\",\"dateModified\":\"2022-09-10T08:37:21+00:00\",\"breadcrumb\":{\"@id\":\"https:\\\/\\\/grifk-handball.com\\\/miehet\\\/uutiset\\\/svanback-siirtyy-sifsta-grifkhon-berglund-palaa-liigapeleihin\\\/#breadcrumb\"},\"inLanguage\":\"fi\",\"potentialAction\":[{\"@type\":\"ReadAction\",\"target\":[\"https:\\\/\\\/grifk-handball.com\\\/miehet\\\/uutiset\\\/svanback-siirtyy-sifsta-grifkhon-berglund-palaa-liigapeleihin\\\/\"]}]},{\"@type\":\"ImageObject\",\"inLanguage\":\"fi\",\"@id\":\"https:\\\/\\\/grifk-handball.com\\\/miehet\\\/uutiset\\\/svanback-siirtyy-sifsta-grifkhon-berglund-palaa-liigapeleihin\\\/#primaryimage\",\"url\":\"https:\\\/\\\/i0.wp.com\\\/grifk-handball.com\\\/miehet\\\/wp-content\\\/uploads\\\/sites\\\/2\\\/2022\\\/06\\\/IMG_8341.png?fit=1334%2C750&ssl=1\",\"contentUrl\":\"https:\\\/\\\/i0.wp.com\\\/grifk-handball.com\\\/miehet\\\/wp-content\\\/uploads\\\/sites\\\/2\\\/2022\\\/06\\\/IMG_8341.png?fit=1334%2C750&ssl=1\",\"width\":1334,\"height\":750},{\"@type\":\"BreadcrumbList\",\"@id\":\"https:\\\/\\\/grifk-handball.com\\\/miehet\\\/uutiset\\\/svanback-siirtyy-sifsta-grifkhon-berglund-palaa-liigapeleihin\\\/#breadcrumb\",\"itemListElement\":[{\"@type\":\"ListItem\",\"position\":1,\"name\":\"Home\",\"item\":\"https:\\\/\\\/grifk-handball.com\\\/miehet\\\/etusivu-260109\\\/\"},{\"@type\":\"ListItem\",\"position\":2,\"name\":\"Svanb\u00e4ck siirtyy SIF:st\u00e4 GrIFK:hon &#8211; Berglund palaa liigapeleihin\"}]},{\"@type\":\"WebSite\",\"@id\":\"https:\\\/\\\/grifk-handball.com\\\/miehet\\\/#website\",\"url\":\"https:\\\/\\\/grifk-handball.com\\\/miehet\\\/\",\"name\":\"GrIFK K\u00e4sipallo - miehet\",\"description\":\"BomBom!\",\"publisher\":{\"@id\":\"https:\\\/\\\/grifk-handball.com\\\/miehet\\\/#organization\"},\"potentialAction\":[{\"@type\":\"SearchAction\",\"target\":{\"@type\":\"EntryPoint\",\"urlTemplate\":\"https:\\\/\\\/grifk-handball.com\\\/miehet\\\/?s={search_term_string}\"},\"query-input\":{\"@type\":\"PropertyValueSpecification\",\"valueRequired\":true,\"valueName\":\"search_term_string\"}}],\"inLanguage\":\"fi\"},{\"@type\":\"Organization\",\"@id\":\"https:\\\/\\\/grifk-handball.com\\\/miehet\\\/#organization\",\"name\":\"GrIFK K\u00e4sipallo - miehet\",\"url\":\"https:\\\/\\\/grifk-handball.com\\\/miehet\\\/\",\"logo\":{\"@type\":\"ImageObject\",\"inLanguage\":\"fi\",\"@id\":\"https:\\\/\\\/grifk-handball.com\\\/miehet\\\/#\\\/schema\\\/logo\\\/image\\\/\",\"url\":\"https:\\\/\\\/i0.wp.com\\\/grifk-handball.com\\\/miehet\\\/wp-content\\\/uploads\\\/sites\\\/2\\\/2016\\\/10\\\/logo-grifk-iso.png?fit=1200%2C1400&ssl=1\",\"contentUrl\":\"https:\\\/\\\/i0.wp.com\\\/grifk-handball.com\\\/miehet\\\/wp-content\\\/uploads\\\/sites\\\/2\\\/2016\\\/10\\\/logo-grifk-iso.png?fit=1200%2C1400&ssl=1\",\"width\":1200,\"height\":1400,\"caption\":\"GrIFK K\u00e4sipallo - miehet\"},\"image\":{\"@id\":\"https:\\\/\\\/grifk-handball.com\\\/miehet\\\/#\\\/schema\\\/logo\\\/image\\\/\"},\"sameAs\":[\"https:\\\/\\\/www.facebook.com\\\/GrIFKelit\\\/\",\"https:\\\/\\\/x.com\\\/GrIFK_MSM\",\"https:\\\/\\\/www.instagram.com\\\/grifk_elit\\\/\"]},{\"@type\":\"Person\",\"@id\":\"https:\\\/\\\/grifk-handball.com\\\/miehet\\\/#\\\/schema\\\/person\\\/9da98c743e3f0f85a1b32f59241b48e0\",\"name\":\"granimaster\",\"image\":{\"@type\":\"ImageObject\",\"inLanguage\":\"fi\",\"@id\":\"https:\\\/\\\/secure.gravatar.com\\\/avatar\\\/034b8e6380fc659c320f13e17fe45bd9ab48a21e2debadd5f3179bde291949df?s=96&d=mm&r=g\",\"url\":\"https:\\\/\\\/secure.gravatar.com\\\/avatar\\\/034b8e6380fc659c320f13e17fe45bd9ab48a21e2debadd5f3179bde291949df?s=96&d=mm&r=g\",\"contentUrl\":\"https:\\\/\\\/secure.gravatar.com\\\/avatar\\\/034b8e6380fc659c320f13e17fe45bd9ab48a21e2debadd5f3179bde291949df?s=96&d=mm&r=g\",\"caption\":\"granimaster\"},\"url\":\"https:\\\/\\\/grifk-handball.com\\\/miehet\\\/author\\\/granimaster\\\/\"}]}<\/script>\n<!-- \/ Yoast SEO plugin. -->","yoast_head_json":{"title":"Svanb\u00e4ck siirtyy SIF:st\u00e4 GrIFK:hon - Berglund palaa liigapeleihin &#8212; GrIFK K\u00e4sipallo - miehet","robots":{"index":"index","follow":"follow","max-snippet":"max-snippet:-1","max-image-preview":"max-image-preview:large","max-video-preview":"max-video-preview:-1"},"canonical":"https:\/\/grifk-handball.com\/miehet\/uutiset\/svanback-siirtyy-sifsta-grifkhon-berglund-palaa-liigapeleihin\/","og_locale":"fi_FI","og_type":"article","og_title":"Svanb\u00e4ck siirtyy SIF:st\u00e4 GrIFK:hon - Berglund palaa liigapeleihin &#8212; GrIFK K\u00e4sipallo - miehet","og_description":"GrIFK:n tulevan pelikauden 2022\/23 joukkue alkaa saada lopullisen muotonsa. Uusina kasvoina joukkueessa n\u00e4hd\u00e4\u00e4n Gustav Svanb\u00e4ck ja Oscar Berglund.","og_url":"https:\/\/grifk-handball.com\/miehet\/uutiset\/svanback-siirtyy-sifsta-grifkhon-berglund-palaa-liigapeleihin\/","og_site_name":"GrIFK K\u00e4sipallo - miehet","article_publisher":"https:\/\/www.facebook.com\/GrIFKelit\/","article_published_time":"2022-06-15T08:49:27+00:00","article_modified_time":"2022-09-10T08:37:21+00:00","og_image":[{"width":1030,"height":579,"url":"https:\/\/grifk-handball.com\/miehet\/wp-content\/uploads\/sites\/2\/2022\/06\/IMG_8341-1030x579.png","type":"image\/png"}],"author":"granimaster","twitter_card":"summary_large_image","twitter_creator":"@GrIFK_MSM","twitter_site":"@GrIFK_MSM","twitter_misc":{"Kirjoittanut":"granimaster","Arvioitu lukuaika":"2 minuuttia"},"schema":{"@context":"https:\/\/schema.org","@graph":[{"@type":"Article","@id":"https:\/\/grifk-handball.com\/miehet\/uutiset\/svanback-siirtyy-sifsta-grifkhon-berglund-palaa-liigapeleihin\/#article","isPartOf":{"@id":"https:\/\/grifk-handball.com\/miehet\/uutiset\/svanback-siirtyy-sifsta-grifkhon-berglund-palaa-liigapeleihin\/"},"author":{"name":"granimaster","@id":"https:\/\/grifk-handball.com\/miehet\/#\/schema\/person\/9da98c743e3f0f85a1b32f59241b48e0"},"headline":"Svanb\u00e4ck siirtyy SIF:st\u00e4 GrIFK:hon &#8211; Berglund palaa liigapeleihin","datePublished":"2022-06-15T08:49:27+00:00","dateModified":"2022-09-10T08:37:21+00:00","mainEntityOfPage":{"@id":"https:\/\/grifk-handball.com\/miehet\/uutiset\/svanback-siirtyy-sifsta-grifkhon-berglund-palaa-liigapeleihin\/"},"wordCount":254,"publisher":{"@id":"https:\/\/grifk-handball.com\/miehet\/#organization"},"image":{"@id":"https:\/\/grifk-handball.com\/miehet\/uutiset\/svanback-siirtyy-sifsta-grifkhon-berglund-palaa-liigapeleihin\/#primaryimage"},"thumbnailUrl":"https:\/\/i0.wp.com\/grifk-handball.com\/miehet\/wp-content\/uploads\/sites\/2\/2022\/06\/IMG_8341.png?fit=1334%2C750&ssl=1","keywords":["#BomBom","#GrIFKHandball","GrIFK","Gustav Svanb\u00e4ck","Oscar Berglund","Pelaajat 2022-23","SM-liiga"],"articleSection":["Uutiset"],"inLanguage":"fi"},{"@type":"WebPage","@id":"https:\/\/grifk-handball.com\/miehet\/uutiset\/svanback-siirtyy-sifsta-grifkhon-berglund-palaa-liigapeleihin\/","url":"https:\/\/grifk-handball.com\/miehet\/uutiset\/svanback-siirtyy-sifsta-grifkhon-berglund-palaa-liigapeleihin\/","name":"Svanb\u00e4ck siirtyy SIF:st\u00e4 GrIFK:hon - Berglund palaa liigapeleihin &#8212; GrIFK K\u00e4sipallo - miehet","isPartOf":{"@id":"https:\/\/grifk-handball.com\/miehet\/#website"},"primaryImageOfPage":{"@id":"https:\/\/grifk-handball.com\/miehet\/uutiset\/svanback-siirtyy-sifsta-grifkhon-berglund-palaa-liigapeleihin\/#primaryimage"},"image":{"@id":"https:\/\/grifk-handball.com\/miehet\/uutiset\/svanback-siirtyy-sifsta-grifkhon-berglund-palaa-liigapeleihin\/#primaryimage"},"thumbnailUrl":"https:\/\/i0.wp.com\/grifk-handball.com\/miehet\/wp-content\/uploads\/sites\/2\/2022\/06\/IMG_8341.png?fit=1334%2C750&ssl=1","datePublished":"2022-06-15T08:49:27+00:00","dateModified":"2022-09-10T08:37:21+00:00","breadcrumb":{"@id":"https:\/\/grifk-handball.com\/miehet\/uutiset\/svanback-siirtyy-sifsta-grifkhon-berglund-palaa-liigapeleihin\/#breadcrumb"},"inLanguage":"fi","potentialAction":[{"@type":"ReadAction","target":["https:\/\/grifk-handball.com\/miehet\/uutiset\/svanback-siirtyy-sifsta-grifkhon-berglund-palaa-liigapeleihin\/"]}]},{"@type":"ImageObject","inLanguage":"fi","@id":"https:\/\/grifk-handball.com\/miehet\/uutiset\/svanback-siirtyy-sifsta-grifkhon-berglund-palaa-liigapeleihin\/#primaryimage","url":"https:\/\/i0.wp.com\/grifk-handball.com\/miehet\/wp-content\/uploads\/sites\/2\/2022\/06\/IMG_8341.png?fit=1334%2C750&ssl=1","contentUrl":"https:\/\/i0.wp.com\/grifk-handball.com\/miehet\/wp-content\/uploads\/sites\/2\/2022\/06\/IMG_8341.png?fit=1334%2C750&ssl=1","width":1334,"height":750},{"@type":"BreadcrumbList","@id":"https:\/\/grifk-handball.com\/miehet\/uutiset\/svanback-siirtyy-sifsta-grifkhon-berglund-palaa-liigapeleihin\/#breadcrumb","itemListElement":[{"@type":"ListItem","position":1,"name":"Home","item":"https:\/\/grifk-handball.com\/miehet\/etusivu-260109\/"},{"@type":"ListItem","position":2,"name":"Svanb\u00e4ck siirtyy SIF:st\u00e4 GrIFK:hon &#8211; Berglund palaa liigapeleihin"}]},{"@type":"WebSite","@id":"https:\/\/grifk-handball.com\/miehet\/#website","url":"https:\/\/grifk-handball.com\/miehet\/","name":"GrIFK K\u00e4sipallo - miehet","description":"BomBom!","publisher":{"@id":"https:\/\/grifk-handball.com\/miehet\/#organization"},"potentialAction":[{"@type":"SearchAction","target":{"@type":"EntryPoint","urlTemplate":"https:\/\/grifk-handball.com\/miehet\/?s={search_term_string}"},"query-input":{"@type":"PropertyValueSpecification","valueRequired":true,"valueName":"search_term_string"}}],"inLanguage":"fi"},{"@type":"Organization","@id":"https:\/\/grifk-handball.com\/miehet\/#organization","name":"GrIFK K\u00e4sipallo - miehet","url":"https:\/\/grifk-handball.com\/miehet\/","logo":{"@type":"ImageObject","inLanguage":"fi","@id":"https:\/\/grifk-handball.com\/miehet\/#\/schema\/logo\/image\/","url":"https:\/\/i0.wp.com\/grifk-handball.com\/miehet\/wp-content\/uploads\/sites\/2\/2016\/10\/logo-grifk-iso.png?fit=1200%2C1400&ssl=1","contentUrl":"https:\/\/i0.wp.com\/grifk-handball.com\/miehet\/wp-content\/uploads\/sites\/2\/2016\/10\/logo-grifk-iso.png?fit=1200%2C1400&ssl=1","width":1200,"height":1400,"caption":"GrIFK K\u00e4sipallo - miehet"},"image":{"@id":"https:\/\/grifk-handball.com\/miehet\/#\/schema\/logo\/image\/"},"sameAs":["https:\/\/www.facebook.com\/GrIFKelit\/","https:\/\/x.com\/GrIFK_MSM","https:\/\/www.instagram.com\/grifk_elit\/"]},{"@type":"Person","@id":"https:\/\/grifk-handball.com\/miehet\/#\/schema\/person\/9da98c743e3f0f85a1b32f59241b48e0","name":"granimaster","image":{"@type":"ImageObject","inLanguage":"fi","@id":"https:\/\/secure.gravatar.com\/avatar\/034b8e6380fc659c320f13e17fe45bd9ab48a21e2debadd5f3179bde291949df?s=96&d=mm&r=g","url":"https:\/\/secure.gravatar.com\/avatar\/034b8e6380fc659c320f13e17fe45bd9ab48a21e2debadd5f3179bde291949df?s=96&d=mm&r=g","contentUrl":"https:\/\/secure.gravatar.com\/avatar\/034b8e6380fc659c320f13e17fe45bd9ab48a21e2debadd5f3179bde291949df?s=96&d=mm&r=g","caption":"granimaster"},"url":"https:\/\/grifk-handball.com\/miehet\/author\/granimaster\/"}]}},"jetpack_featured_media_url":"https:\/\/i0.wp.com\/grifk-handball.com\/miehet\/wp-content\/uploads\/sites\/2\/2022\/06\/IMG_8341.png?fit=1334%2C750&ssl=1","jetpack_shortlink":"https:\/\/wp.me\/p9jQ9a-4zi","_links":{"self":[{"href":"https:\/\/grifk-handball.com\/miehet\/wp-json\/wp\/v2\/posts\/17564","targetHints":{"allow":["GET"]}}],"collection":[{"href":"https:\/\/grifk-handball.com\/miehet\/wp-json\/wp\/v2\/posts"}],"about":[{"href":"https:\/\/grifk-handball.com\/miehet\/wp-json\/wp\/v2\/types\/post"}],"author":[{"embeddable":true,"href":"https:\/\/grifk-handball.com\/miehet\/wp-json\/wp\/v2\/users\/1"}],"replies":[{"embeddable":true,"href":"https:\/\/grifk-handball.com\/miehet\/wp-json\/wp\/v2\/comments?post=17564"}],"version-history":[{"count":22,"href":"https:\/\/grifk-handball.com\/miehet\/wp-json\/wp\/v2\/posts\/17564\/revisions"}],"predecessor-version":[{"id":17768,"href":"https:\/\/grifk-handball.com\/miehet\/wp-json\/wp\/v2\/posts\/17564\/revisions\/17768"}],"wp:featuredmedia":[{"embeddable":true,"href":"https:\/\/grifk-handball.com\/miehet\/wp-json\/wp\/v2\/media\/17567"}],"wp:attachment":[{"href":"https:\/\/grifk-handball.com\/miehet\/wp-json\/wp\/v2\/media?parent=17564"}],"wp:term":[{"taxonomy":"category","embeddable":true,"href":"https:\/\/grifk-handball.com\/miehet\/wp-json\/wp\/v2\/categories?post=17564"},{"taxonomy":"post_tag","embeddable":true,"href":"https:\/\/grifk-handball.com\/miehet\/wp-json\/wp\/v2\/tags?post=17564"}],"curies":[{"name":"wp","href":"https:\/\/api.w.org\/{rel}","templated":true}]}}