{"id":17622,"date":"2022-08-01T15:09:50","date_gmt":"2022-08-01T12:09:50","guid":{"rendered":"https:\/\/grifk-handball.com\/miehet\/?p=17622"},"modified":"2022-08-10T16:56:47","modified_gmt":"2022-08-10T13:56:47","slug":"grifkn-pre-season-ja-kokoonpano-2022-23","status":"publish","type":"post","link":"https:\/\/grifk-handball.com\/miehet\/uutiset\/grifkn-pre-season-ja-kokoonpano-2022-23\/","title":{"rendered":"GrIFK:n pre season ja kokoonpano 2022\/23"},"content":{"rendered":"<p>GrIFK aloittaa elokuun alussa valmistautumisensa uuteen pelikauteen. Joukkue harjoitteli yhdess\u00e4 juhannukseen saakka, jonka j\u00e4lkeen koitti hein\u00e4kuun loppuun kest\u00e4nyt omatoiminen harjoituskausi ja kes\u00e4loma. Nyt joukkue palaa normiarkeen, joka k\u00e4sitt\u00e4\u00e4 yksitt\u00e4isten harjoitusotteluiden lis\u00e4ksi osallistumisen IFK-turnaukseen Turussa sek\u00e4 leirin Eskilstunassa, jossa pelataan mm. Elitserieniin valmistautuvaa Robin Granlundin uutta seuraa GUIF:ia vastaan.<!--more--><\/p>\n<p>Kauden virallinen osuus alkaa Suomen Cupin 1. kierroksen ottelulla GrIFK-\u00c5IFK Akkupojat (1. div.) Kauniaisten Luolassa 7.9. kello 19:00. Liigakausi starttaa 10.9. kotiottelulla \u00c5IFK:ta vastaan.<\/p>\n<h4>GrIFK:n pre season<\/h4>\n<ul>\n<li>Harjoitusottelu BK-46-GrIFK 12.8. kello 19:00 Karjaalla<\/li>\n<li>\u00c5IFK:n is\u00e4nn\u00f6im\u00e4 IFK Cup pelataan Turussa 19.-21.8.<br \/>\nTurnaukseen osallistuvat is\u00e4nt\u00e4seuran lis\u00e4ksi GrIFK, HIFK sek\u00e4 IFK Tumba Ruotsista.<\/li>\n<li>Leiri Eskilstunassa 31.8.-5.9.<\/li>\n<\/ul>\n<h3>\n<p>Pelaajistossa on maltillisia muutoksia edelliskauteen<\/h3>\n<p>Granlund siirtyy Ruotsiin, ja 208-senttisen maajoukkuemiehen j\u00e4tt\u00e4m\u00e4\u00e4 aukkoa paikkaamaan saapui \u00c5IFK:ssa viimeiset nelj\u00e4 kautta pelannut Grani-kasvatti <a href=\"https:\/\/grifk-handball.com\/miehet\/uutiset\/peik-sjoblom-palaa-kauniaisiin\/\">Peik Sj\u00f6blom<\/a>. Siuntiosta Graniin siirtyv\u00e4 <a href=\"https:\/\/grifk-handball.com\/miehet\/uutiset\/svanback-siirtyy-sifsta-grifkhon-berglund-palaa-liigapeleihin\/\">Gustav Svanb\u00e4ck<\/a> vahvistaa joukkueen laituriosaston vasenta sivustaa. Kokenut laituri on pelannut koko liigauransa SIFss\u00e4, ja toimi joukkueen kapteenina viimeiset viisi vuotta. Kolmas tulokas joukkueessa on toinen GrIFK:n kasvatti <a href=\"https:\/\/grifk-handball.com\/miehet\/uutiset\/svanback-siirtyy-sifsta-grifkhon-berglund-palaa-liigapeleihin\/\">Oscar Berglund<\/a>, joka t\u00e4ydent\u00e4\u00e4 ty\u00f6kiireidens\u00e4 antaessa my\u00f6ten joukkueen jo ennest\u00e4\u00e4n vahvaa sentteriosastoa.<\/p>\n<h4>GrIFK:n edustusjoukkue kaudella 2022\/23<\/h4>\n<p><strong>Tilanne 10.8.2022<\/strong><\/p>\n<table class=\"torneopalwidget\">\n<thead>\n<tr>\n<th>Nro<\/th>\n<th>Nimi<\/th>\n<th>Syntym\u00e4vuosi<\/th>\n<th>CM<\/th>\n<th>KG<\/th>\n<th>Pelipaikka<\/th>\n<\/tr>\n<\/thead>\n<tbody>\n<tr>\n<td>1<\/td>\n<td>Roslander Patrik<\/td>\n<td>1986<\/td>\n<td>192<\/td>\n<td>90<\/td>\n<td>MV<\/td>\n<\/tr>\n<tr>\n<td>9<\/td>\n<td>L\u00e5ng Patrik<\/td>\n<td>1993<\/td>\n<td>191<\/td>\n<td>83<\/td>\n<td>V6<\/td>\n<\/tr>\n<tr>\n<td>10<\/td>\n<td>Kantee Jere<\/td>\n<td>1999<\/td>\n<td>185<\/td>\n<td>80<\/td>\n<td>9M<\/td>\n<\/tr>\n<tr>\n<td>11<\/td>\n<td>\u00c5kermarck Erik<\/td>\n<td>1996<\/td>\n<td>183<\/td>\n<td>73<\/td>\n<td>O6<\/td>\n<\/tr>\n<tr>\n<td>14<\/td>\n<td>Gumpler Alexander<\/td>\n<td>2001<\/td>\n<td>180<\/td>\n<td>78<\/td>\n<td>O9<\/td>\n<\/tr>\n<tr>\n<td>16<\/td>\n<td>Gumpler Aron<\/td>\n<td>2003<\/td>\n<td>176<\/td>\n<td>68<\/td>\n<td>MV<\/td>\n<\/tr>\n<tr>\n<td>17<\/td>\n<td>Forss Fredrik<\/td>\n<td>1994<\/td>\n<td>190<\/td>\n<td>102<\/td>\n<td>K6<\/td>\n<\/tr>\n<tr>\n<td>19<\/td>\n<td>von Troil Fredrik<\/td>\n<td>2004<\/td>\n<td>183<\/td>\n<td>70<\/td>\n<td>O6<\/td>\n<\/tr>\n<tr>\n<td>20<\/td>\n<td>Sundberg Richard<\/td>\n<td>1992<\/td>\n<td>191<\/td>\n<td>98<\/td>\n<td>V9<\/td>\n<\/tr>\n<tr>\n<td>22<\/td>\n<td>Hernelahti Sebastian<\/td>\n<td>2003<\/td>\n<td>198<\/td>\n<td>82<\/td>\n<td>K6<\/td>\n<\/tr>\n<tr>\n<td>23<\/td>\n<td>Sj\u00f6blom Peik<\/td>\n<td>1998<\/td>\n<td>189<\/td>\n<td>90<\/td>\n<td>9M<\/td>\n<\/tr>\n<tr>\n<td>24<\/td>\n<td>Almark Jonathan<\/td>\n<td>1999<\/td>\n<td>175<\/td>\n<td>80<\/td>\n<td>V6<\/td>\n<\/tr>\n<tr>\n<td>26<\/td>\n<td>Hellakoski Anthony<\/td>\n<td>1995<\/td>\n<td>176<\/td>\n<td>88<\/td>\n<td>K9<\/td>\n<\/tr>\n<tr>\n<td>27<\/td>\n<td>Mbembela Karim<\/td>\n<td>2003<\/td>\n<td>180<\/td>\n<td>86<\/td>\n<td>O9<\/td>\n<\/tr>\n<tr>\n<td>29<\/td>\n<td>Zilliacus Niklas<\/td>\n<td>1992<\/td>\n<td>184<\/td>\n<td>87<\/td>\n<td>MV<\/td>\n<\/tr>\n<tr>\n<td>30<\/td>\n<td>Pakarinen Atte<\/td>\n<td>1996<\/td>\n<td>186<\/td>\n<td>94<\/td>\n<td>MV<\/td>\n<\/tr>\n<tr>\n<td>31<\/td>\n<td>Kankaanp\u00e4\u00e4 Kalle<\/td>\n<td>2000<\/td>\n<td>191<\/td>\n<td>90<\/td>\n<td>K6<\/td>\n<\/tr>\n<tr>\n<td>32<\/td>\n<td>Parvinen Fredrik<\/td>\n<td>2003<\/td>\n<td>186<\/td>\n<td>65<\/td>\n<td>MV<\/td>\n<\/tr>\n<tr>\n<td>33<\/td>\n<td>Weurlander Carl<\/td>\n<td>1999<\/td>\n<td>196<\/td>\n<td>89<\/td>\n<td>V9<\/td>\n<\/tr>\n<tr>\n<td>44<\/td>\n<td>Parvinen Wilhelm<\/td>\n<td>2003<\/td>\n<td>186<\/td>\n<td>65<\/td>\n<td>V6<\/td>\n<\/tr>\n<tr>\n<td>45<\/td>\n<td>Svanb\u00e4ck Gustav<\/td>\n<td>1993<\/td>\n<td>181<\/td>\n<td>86<\/td>\n<td>V6<\/td>\n<\/tr>\n<tr>\n<td>48<\/td>\n<td>Koljonen Miro<\/td>\n<td>1992<\/td>\n<td>175<\/td>\n<td>87<\/td>\n<td>O6<\/td>\n<\/tr>\n<tr>\n<td>51<\/td>\n<td>Qvist Alexander<\/td>\n<td>2002<\/td>\n<td>183<\/td>\n<td>88<\/td>\n<td>9M<\/td>\n<\/tr>\n<tr>\n<td>61<\/td>\n<td>Berglund Oscar<\/td>\n<td>1995<\/td>\n<td>189<\/td>\n<td>93<\/td>\n<td>K6<\/td>\n<\/tr>\n<\/tbody>\n<\/table>\n<p>Valmentajina jatkavat Mikael K\u00e4llman, Mikael Westerholm ja Anton Paavola.<\/p>\n<h4>GrIFK:n alustava otteluohjelma, SM-liiga ja Suomen Cup<\/h4>\n<table>\n<tbody>\n<tr>\n<th>Sarja<\/th>\n<th>Pvm<\/th>\n<th><\/th>\n<th>Koti<\/th>\n<th><\/th>\n<th>Vieras<\/th>\n<\/tr>\n<tr>\n<td>Suomen Cup 1 krs<\/td>\n<td>7.9.2022<\/td>\n<td><\/td>\n<td>GrIFK<\/td>\n<td>&#8211;<\/td>\n<td>\u00c5IFK Akkupojat<\/td>\n<\/tr>\n<tr>\n<td>SM-liiga<\/td>\n<td>10.9.2022<\/td>\n<td><\/td>\n<td>\u00c5IFK<\/td>\n<td>&#8211;<\/td>\n<td>GrIFK<\/td>\n<\/tr>\n<tr>\n<td>SM-liiga<\/td>\n<td>17.9.2022<\/td>\n<td><\/td>\n<td>GrIFK<\/td>\n<td>&#8211;<\/td>\n<td>HIFK<\/td>\n<\/tr>\n<tr>\n<td>Suomen Cup PV<\/td>\n<td>21.9.2022<\/td>\n<td><\/td>\n<td><\/td>\n<td><\/td>\n<td><\/td>\n<\/tr>\n<tr>\n<td>SM-liiga<\/td>\n<td>28.9.2022<\/td>\n<td><\/td>\n<td>Dicken<\/td>\n<td>&#8211;<\/td>\n<td>GrIFK<\/td>\n<\/tr>\n<tr>\n<td>SM-liiga<\/td>\n<td>1.10.2022<\/td>\n<td><\/td>\n<td>GrIFK<\/td>\n<td>&#8211;<\/td>\n<td>SIF<\/td>\n<\/tr>\n<tr>\n<td>SM-liiga<\/td>\n<td>22.10.2022<\/td>\n<td><\/td>\n<td>BK-46<\/td>\n<td>&#8211;<\/td>\n<td>GrIFK<\/td>\n<\/tr>\n<tr>\n<td>SM-liiga<\/td>\n<td>29.10.2022<\/td>\n<td><\/td>\n<td>GrIFK<\/td>\n<td>&#8211;<\/td>\n<td>Cocks<\/td>\n<\/tr>\n<tr>\n<td>SM-liiga<\/td>\n<td>5.11.2022<\/td>\n<td><\/td>\n<td>GrIFK<\/td>\n<td>&#8211;<\/td>\n<td>\u00c5IFK<\/td>\n<\/tr>\n<tr>\n<td>SM-liiga<\/td>\n<td>12.11.2022<\/td>\n<td><\/td>\n<td>HIFK<\/td>\n<td>&#8211;<\/td>\n<td>GrIFK<\/td>\n<\/tr>\n<tr>\n<td>SM-liiga<\/td>\n<td>16.11.2022<\/td>\n<td><\/td>\n<td>GrIFK<\/td>\n<td>&#8211;<\/td>\n<td>Dicken<\/td>\n<\/tr>\n<tr>\n<td>SM-liiga<\/td>\n<td>19.11.2022<\/td>\n<td><\/td>\n<td>SIF<\/td>\n<td>&#8211;<\/td>\n<td>GrIFK<\/td>\n<\/tr>\n<tr>\n<td>SM-liiga<\/td>\n<td>3.12.2022<\/td>\n<td><\/td>\n<td>GrIFK<\/td>\n<td>&#8211;<\/td>\n<td>BK-46<\/td>\n<\/tr>\n<tr>\n<td>SM-liiga<\/td>\n<td>10.12.2022<\/td>\n<td><\/td>\n<td>Cocks<\/td>\n<td>&#8211;<\/td>\n<td>GrIFK<\/td>\n<\/tr>\n<tr>\n<td>SM-liiga<\/td>\n<td>17.12.2022<\/td>\n<td><\/td>\n<td>\u00c5IFK<\/td>\n<td>&#8211;<\/td>\n<td>GrIFK<\/td>\n<\/tr>\n<tr>\n<td>SM-liiga<\/td>\n<td>21.12.2022<\/td>\n<td><\/td>\n<td>GrIFK<\/td>\n<td>&#8211;<\/td>\n<td>HIFK<\/td>\n<\/tr>\n<tr>\n<td>SM-liiga<\/td>\n<td>14.1.2023<\/td>\n<td><\/td>\n<td>Dicken<\/td>\n<td>&#8211;<\/td>\n<td>GrIFK<\/td>\n<\/tr>\n<tr>\n<td>SM-liiga<\/td>\n<td>18.1.2023<\/td>\n<td><\/td>\n<td>GrIFK<\/td>\n<td>&#8211;<\/td>\n<td>SIF<\/td>\n<\/tr>\n<tr>\n<td>SM-liiga<\/td>\n<td>25.1.2023<\/td>\n<td><\/td>\n<td>GrIFK<\/td>\n<td>&#8211;<\/td>\n<td>Cocks<\/td>\n<\/tr>\n<tr>\n<td>SM-liiga<\/td>\n<td>28.01.2023<\/td>\n<td><\/td>\n<td>BK-46<\/td>\n<td>&#8211;<\/td>\n<td>GrIFK<\/td>\n<\/tr>\n<tr>\n<td>Suomen Cup F4<\/td>\n<td>3.-4.2.2023<\/td>\n<td><\/td>\n<td><\/td>\n<td><\/td>\n<td><\/td>\n<td>Karjaan Urheiluhalli<\/td>\n<\/tr>\n<\/tbody>\n<\/table>\n","protected":false},"excerpt":{"rendered":"<p>GrIFK aloittaa elokuun alussa valmistautumisensa uuteen pelikauteen. Joukkue harjoitteli yhdess\u00e4 juhannukseen saakka, jonka j\u00e4lkeen koitti hein\u00e4kuun loppuun kest\u00e4nyt omatoiminen harjoituskausi ja kes\u00e4loma. Nyt joukkue palaa normiarkeen, joka k\u00e4sitt\u00e4\u00e4 yksitt\u00e4isten harjoitusotteluiden lis\u00e4ksi osallistumisen IFK-turnaukseen Turussa sek\u00e4 leirin Eskilstunassa, jossa pelataan mm. Elitserieniin valmistautuvaa Robin Granlundin uutta seuraa GUIF:ia vastaan.<\/p>\n","protected":false},"author":1,"featured_media":17030,"comment_status":"closed","ping_status":"closed","sticky":false,"template":"","format":"standard","meta":{"_acf_changed":false,"footnotes":""},"categories":[509,7],"tags":[12,26,25,36,41,43],"class_list":["post-17622","post","type-post","status-publish","format-standard","has-post-thumbnail","hentry","category-ennakot-2022-23","category-uutiset","tag-bombom","tag-grifkhandball","tag-grifk","tag-pre-season","tag-sm-liiga","tag-suomen-cup"],"acf":[],"yoast_head":"<!-- This site is optimized with the Yoast SEO plugin v27.5 - https:\/\/yoast.com\/product\/yoast-seo-wordpress\/ -->\n<title>GrIFK:n pre season ja kokoonpano 2022\/23 &#8212; GrIFK K\u00e4sipallo - miehet<\/title>\n<meta name=\"robots\" content=\"index, follow, max-snippet:-1, max-image-preview:large, max-video-preview:-1\" \/>\n<link rel=\"canonical\" href=\"https:\/\/grifk-handball.com\/miehet\/uutiset\/grifkn-pre-season-ja-kokoonpano-2022-23\/\" \/>\n<meta property=\"og:locale\" content=\"fi_FI\" \/>\n<meta property=\"og:type\" content=\"article\" \/>\n<meta property=\"og:title\" content=\"GrIFK:n pre season ja kokoonpano 2022\/23 &#8212; GrIFK K\u00e4sipallo - miehet\" \/>\n<meta property=\"og:description\" content=\"GrIFK aloittaa elokuun alussa valmistautumisensa uuteen pelikauteen. Joukkue harjoitteli yhdess\u00e4 juhannukseen saakka, jonka j\u00e4lkeen koitti hein\u00e4kuun loppuun kest\u00e4nyt omatoiminen harjoituskausi ja kes\u00e4loma. Nyt joukkue palaa normiarkeen, joka k\u00e4sitt\u00e4\u00e4 yksitt\u00e4isten harjoitusotteluiden lis\u00e4ksi osallistumisen IFK-turnaukseen Turussa sek\u00e4 leirin Eskilstunassa, jossa pelataan mm. Elitserieniin valmistautuvaa Robin Granlundin uutta seuraa GUIF:ia vastaan.\" \/>\n<meta property=\"og:url\" content=\"https:\/\/grifk-handball.com\/miehet\/uutiset\/grifkn-pre-season-ja-kokoonpano-2022-23\/\" \/>\n<meta property=\"og:site_name\" content=\"GrIFK K\u00e4sipallo - miehet\" \/>\n<meta property=\"article:publisher\" content=\"https:\/\/www.facebook.com\/GrIFKelit\/\" \/>\n<meta property=\"article:published_time\" content=\"2022-08-01T12:09:50+00:00\" \/>\n<meta property=\"article:modified_time\" content=\"2022-08-10T13:56:47+00:00\" \/>\n<meta property=\"og:image\" content=\"https:\/\/i0.wp.com\/grifk-handball.com\/miehet\/wp-content\/uploads\/sites\/2\/2022\/03\/IMG_1662-dam-scaled-e1647964334645.jpg?fit=1600%2C828&ssl=1\" \/>\n\t<meta property=\"og:image:width\" content=\"1600\" \/>\n\t<meta property=\"og:image:height\" content=\"828\" \/>\n\t<meta property=\"og:image:type\" content=\"image\/jpeg\" \/>\n<meta name=\"author\" content=\"granimaster\" \/>\n<meta name=\"twitter:card\" content=\"summary_large_image\" \/>\n<meta name=\"twitter:creator\" content=\"@GrIFK_MSM\" \/>\n<meta name=\"twitter:site\" content=\"@GrIFK_MSM\" \/>\n<meta name=\"twitter:label1\" content=\"Kirjoittanut\" \/>\n\t<meta name=\"twitter:data1\" content=\"granimaster\" \/>\n\t<meta name=\"twitter:label2\" content=\"Arvioitu lukuaika\" \/>\n\t<meta name=\"twitter:data2\" content=\"3 minuuttia\" \/>\n<script type=\"application\/ld+json\" class=\"yoast-schema-graph\">{\"@context\":\"https:\\\/\\\/schema.org\",\"@graph\":[{\"@type\":\"Article\",\"@id\":\"https:\\\/\\\/grifk-handball.com\\\/miehet\\\/uutiset\\\/grifkn-pre-season-ja-kokoonpano-2022-23\\\/#article\",\"isPartOf\":{\"@id\":\"https:\\\/\\\/grifk-handball.com\\\/miehet\\\/uutiset\\\/grifkn-pre-season-ja-kokoonpano-2022-23\\\/\"},\"author\":{\"name\":\"granimaster\",\"@id\":\"https:\\\/\\\/grifk-handball.com\\\/miehet\\\/#\\\/schema\\\/person\\\/9da98c743e3f0f85a1b32f59241b48e0\"},\"headline\":\"GrIFK:n pre season ja kokoonpano 2022\\\/23\",\"datePublished\":\"2022-08-01T12:09:50+00:00\",\"dateModified\":\"2022-08-10T13:56:47+00:00\",\"mainEntityOfPage\":{\"@id\":\"https:\\\/\\\/grifk-handball.com\\\/miehet\\\/uutiset\\\/grifkn-pre-season-ja-kokoonpano-2022-23\\\/\"},\"wordCount\":392,\"publisher\":{\"@id\":\"https:\\\/\\\/grifk-handball.com\\\/miehet\\\/#organization\"},\"image\":{\"@id\":\"https:\\\/\\\/grifk-handball.com\\\/miehet\\\/uutiset\\\/grifkn-pre-season-ja-kokoonpano-2022-23\\\/#primaryimage\"},\"thumbnailUrl\":\"https:\\\/\\\/i0.wp.com\\\/grifk-handball.com\\\/miehet\\\/wp-content\\\/uploads\\\/sites\\\/2\\\/2022\\\/03\\\/IMG_1662-dam-scaled-e1647964334645.jpg?fit=1600%2C828&ssl=1\",\"keywords\":[\"#BomBom\",\"#GrIFKHandball\",\"GrIFK\",\"Pre-season\",\"SM-liiga\",\"Suomen Cup\"],\"articleSection\":[\"Ennakot 2022-23\",\"Uutiset\"],\"inLanguage\":\"fi\"},{\"@type\":\"WebPage\",\"@id\":\"https:\\\/\\\/grifk-handball.com\\\/miehet\\\/uutiset\\\/grifkn-pre-season-ja-kokoonpano-2022-23\\\/\",\"url\":\"https:\\\/\\\/grifk-handball.com\\\/miehet\\\/uutiset\\\/grifkn-pre-season-ja-kokoonpano-2022-23\\\/\",\"name\":\"GrIFK:n pre season ja kokoonpano 2022\\\/23 &#8212; GrIFK K\u00e4sipallo - miehet\",\"isPartOf\":{\"@id\":\"https:\\\/\\\/grifk-handball.com\\\/miehet\\\/#website\"},\"primaryImageOfPage\":{\"@id\":\"https:\\\/\\\/grifk-handball.com\\\/miehet\\\/uutiset\\\/grifkn-pre-season-ja-kokoonpano-2022-23\\\/#primaryimage\"},\"image\":{\"@id\":\"https:\\\/\\\/grifk-handball.com\\\/miehet\\\/uutiset\\\/grifkn-pre-season-ja-kokoonpano-2022-23\\\/#primaryimage\"},\"thumbnailUrl\":\"https:\\\/\\\/i0.wp.com\\\/grifk-handball.com\\\/miehet\\\/wp-content\\\/uploads\\\/sites\\\/2\\\/2022\\\/03\\\/IMG_1662-dam-scaled-e1647964334645.jpg?fit=1600%2C828&ssl=1\",\"datePublished\":\"2022-08-01T12:09:50+00:00\",\"dateModified\":\"2022-08-10T13:56:47+00:00\",\"breadcrumb\":{\"@id\":\"https:\\\/\\\/grifk-handball.com\\\/miehet\\\/uutiset\\\/grifkn-pre-season-ja-kokoonpano-2022-23\\\/#breadcrumb\"},\"inLanguage\":\"fi\",\"potentialAction\":[{\"@type\":\"ReadAction\",\"target\":[\"https:\\\/\\\/grifk-handball.com\\\/miehet\\\/uutiset\\\/grifkn-pre-season-ja-kokoonpano-2022-23\\\/\"]}]},{\"@type\":\"ImageObject\",\"inLanguage\":\"fi\",\"@id\":\"https:\\\/\\\/grifk-handball.com\\\/miehet\\\/uutiset\\\/grifkn-pre-season-ja-kokoonpano-2022-23\\\/#primaryimage\",\"url\":\"https:\\\/\\\/i0.wp.com\\\/grifk-handball.com\\\/miehet\\\/wp-content\\\/uploads\\\/sites\\\/2\\\/2022\\\/03\\\/IMG_1662-dam-scaled-e1647964334645.jpg?fit=1600%2C828&ssl=1\",\"contentUrl\":\"https:\\\/\\\/i0.wp.com\\\/grifk-handball.com\\\/miehet\\\/wp-content\\\/uploads\\\/sites\\\/2\\\/2022\\\/03\\\/IMG_1662-dam-scaled-e1647964334645.jpg?fit=1600%2C828&ssl=1\",\"width\":1600,\"height\":828},{\"@type\":\"BreadcrumbList\",\"@id\":\"https:\\\/\\\/grifk-handball.com\\\/miehet\\\/uutiset\\\/grifkn-pre-season-ja-kokoonpano-2022-23\\\/#breadcrumb\",\"itemListElement\":[{\"@type\":\"ListItem\",\"position\":1,\"name\":\"Home\",\"item\":\"https:\\\/\\\/grifk-handball.com\\\/miehet\\\/etusivu-260109\\\/\"},{\"@type\":\"ListItem\",\"position\":2,\"name\":\"GrIFK:n pre season ja kokoonpano 2022\\\/23\"}]},{\"@type\":\"WebSite\",\"@id\":\"https:\\\/\\\/grifk-handball.com\\\/miehet\\\/#website\",\"url\":\"https:\\\/\\\/grifk-handball.com\\\/miehet\\\/\",\"name\":\"GrIFK K\u00e4sipallo - miehet\",\"description\":\"BomBom!\",\"publisher\":{\"@id\":\"https:\\\/\\\/grifk-handball.com\\\/miehet\\\/#organization\"},\"potentialAction\":[{\"@type\":\"SearchAction\",\"target\":{\"@type\":\"EntryPoint\",\"urlTemplate\":\"https:\\\/\\\/grifk-handball.com\\\/miehet\\\/?s={search_term_string}\"},\"query-input\":{\"@type\":\"PropertyValueSpecification\",\"valueRequired\":true,\"valueName\":\"search_term_string\"}}],\"inLanguage\":\"fi\"},{\"@type\":\"Organization\",\"@id\":\"https:\\\/\\\/grifk-handball.com\\\/miehet\\\/#organization\",\"name\":\"GrIFK K\u00e4sipallo - miehet\",\"url\":\"https:\\\/\\\/grifk-handball.com\\\/miehet\\\/\",\"logo\":{\"@type\":\"ImageObject\",\"inLanguage\":\"fi\",\"@id\":\"https:\\\/\\\/grifk-handball.com\\\/miehet\\\/#\\\/schema\\\/logo\\\/image\\\/\",\"url\":\"https:\\\/\\\/i0.wp.com\\\/grifk-handball.com\\\/miehet\\\/wp-content\\\/uploads\\\/sites\\\/2\\\/2016\\\/10\\\/logo-grifk-iso.png?fit=1200%2C1400&ssl=1\",\"contentUrl\":\"https:\\\/\\\/i0.wp.com\\\/grifk-handball.com\\\/miehet\\\/wp-content\\\/uploads\\\/sites\\\/2\\\/2016\\\/10\\\/logo-grifk-iso.png?fit=1200%2C1400&ssl=1\",\"width\":1200,\"height\":1400,\"caption\":\"GrIFK K\u00e4sipallo - miehet\"},\"image\":{\"@id\":\"https:\\\/\\\/grifk-handball.com\\\/miehet\\\/#\\\/schema\\\/logo\\\/image\\\/\"},\"sameAs\":[\"https:\\\/\\\/www.facebook.com\\\/GrIFKelit\\\/\",\"https:\\\/\\\/x.com\\\/GrIFK_MSM\",\"https:\\\/\\\/www.instagram.com\\\/grifk_elit\\\/\"]},{\"@type\":\"Person\",\"@id\":\"https:\\\/\\\/grifk-handball.com\\\/miehet\\\/#\\\/schema\\\/person\\\/9da98c743e3f0f85a1b32f59241b48e0\",\"name\":\"granimaster\",\"image\":{\"@type\":\"ImageObject\",\"inLanguage\":\"fi\",\"@id\":\"https:\\\/\\\/secure.gravatar.com\\\/avatar\\\/034b8e6380fc659c320f13e17fe45bd9ab48a21e2debadd5f3179bde291949df?s=96&d=mm&r=g\",\"url\":\"https:\\\/\\\/secure.gravatar.com\\\/avatar\\\/034b8e6380fc659c320f13e17fe45bd9ab48a21e2debadd5f3179bde291949df?s=96&d=mm&r=g\",\"contentUrl\":\"https:\\\/\\\/secure.gravatar.com\\\/avatar\\\/034b8e6380fc659c320f13e17fe45bd9ab48a21e2debadd5f3179bde291949df?s=96&d=mm&r=g\",\"caption\":\"granimaster\"},\"url\":\"https:\\\/\\\/grifk-handball.com\\\/miehet\\\/author\\\/granimaster\\\/\"}]}<\/script>\n<!-- \/ Yoast SEO plugin. -->","yoast_head_json":{"title":"GrIFK:n pre season ja kokoonpano 2022\/23 &#8212; GrIFK K\u00e4sipallo - miehet","robots":{"index":"index","follow":"follow","max-snippet":"max-snippet:-1","max-image-preview":"max-image-preview:large","max-video-preview":"max-video-preview:-1"},"canonical":"https:\/\/grifk-handball.com\/miehet\/uutiset\/grifkn-pre-season-ja-kokoonpano-2022-23\/","og_locale":"fi_FI","og_type":"article","og_title":"GrIFK:n pre season ja kokoonpano 2022\/23 &#8212; GrIFK K\u00e4sipallo - miehet","og_description":"GrIFK aloittaa elokuun alussa valmistautumisensa uuteen pelikauteen. Joukkue harjoitteli yhdess\u00e4 juhannukseen saakka, jonka j\u00e4lkeen koitti hein\u00e4kuun loppuun kest\u00e4nyt omatoiminen harjoituskausi ja kes\u00e4loma. Nyt joukkue palaa normiarkeen, joka k\u00e4sitt\u00e4\u00e4 yksitt\u00e4isten harjoitusotteluiden lis\u00e4ksi osallistumisen IFK-turnaukseen Turussa sek\u00e4 leirin Eskilstunassa, jossa pelataan mm. Elitserieniin valmistautuvaa Robin Granlundin uutta seuraa GUIF:ia vastaan.","og_url":"https:\/\/grifk-handball.com\/miehet\/uutiset\/grifkn-pre-season-ja-kokoonpano-2022-23\/","og_site_name":"GrIFK K\u00e4sipallo - miehet","article_publisher":"https:\/\/www.facebook.com\/GrIFKelit\/","article_published_time":"2022-08-01T12:09:50+00:00","article_modified_time":"2022-08-10T13:56:47+00:00","og_image":[{"width":1600,"height":828,"url":"https:\/\/i0.wp.com\/grifk-handball.com\/miehet\/wp-content\/uploads\/sites\/2\/2022\/03\/IMG_1662-dam-scaled-e1647964334645.jpg?fit=1600%2C828&ssl=1","type":"image\/jpeg"}],"author":"granimaster","twitter_card":"summary_large_image","twitter_creator":"@GrIFK_MSM","twitter_site":"@GrIFK_MSM","twitter_misc":{"Kirjoittanut":"granimaster","Arvioitu lukuaika":"3 minuuttia"},"schema":{"@context":"https:\/\/schema.org","@graph":[{"@type":"Article","@id":"https:\/\/grifk-handball.com\/miehet\/uutiset\/grifkn-pre-season-ja-kokoonpano-2022-23\/#article","isPartOf":{"@id":"https:\/\/grifk-handball.com\/miehet\/uutiset\/grifkn-pre-season-ja-kokoonpano-2022-23\/"},"author":{"name":"granimaster","@id":"https:\/\/grifk-handball.com\/miehet\/#\/schema\/person\/9da98c743e3f0f85a1b32f59241b48e0"},"headline":"GrIFK:n pre season ja kokoonpano 2022\/23","datePublished":"2022-08-01T12:09:50+00:00","dateModified":"2022-08-10T13:56:47+00:00","mainEntityOfPage":{"@id":"https:\/\/grifk-handball.com\/miehet\/uutiset\/grifkn-pre-season-ja-kokoonpano-2022-23\/"},"wordCount":392,"publisher":{"@id":"https:\/\/grifk-handball.com\/miehet\/#organization"},"image":{"@id":"https:\/\/grifk-handball.com\/miehet\/uutiset\/grifkn-pre-season-ja-kokoonpano-2022-23\/#primaryimage"},"thumbnailUrl":"https:\/\/i0.wp.com\/grifk-handball.com\/miehet\/wp-content\/uploads\/sites\/2\/2022\/03\/IMG_1662-dam-scaled-e1647964334645.jpg?fit=1600%2C828&ssl=1","keywords":["#BomBom","#GrIFKHandball","GrIFK","Pre-season","SM-liiga","Suomen Cup"],"articleSection":["Ennakot 2022-23","Uutiset"],"inLanguage":"fi"},{"@type":"WebPage","@id":"https:\/\/grifk-handball.com\/miehet\/uutiset\/grifkn-pre-season-ja-kokoonpano-2022-23\/","url":"https:\/\/grifk-handball.com\/miehet\/uutiset\/grifkn-pre-season-ja-kokoonpano-2022-23\/","name":"GrIFK:n pre season ja kokoonpano 2022\/23 &#8212; GrIFK K\u00e4sipallo - miehet","isPartOf":{"@id":"https:\/\/grifk-handball.com\/miehet\/#website"},"primaryImageOfPage":{"@id":"https:\/\/grifk-handball.com\/miehet\/uutiset\/grifkn-pre-season-ja-kokoonpano-2022-23\/#primaryimage"},"image":{"@id":"https:\/\/grifk-handball.com\/miehet\/uutiset\/grifkn-pre-season-ja-kokoonpano-2022-23\/#primaryimage"},"thumbnailUrl":"https:\/\/i0.wp.com\/grifk-handball.com\/miehet\/wp-content\/uploads\/sites\/2\/2022\/03\/IMG_1662-dam-scaled-e1647964334645.jpg?fit=1600%2C828&ssl=1","datePublished":"2022-08-01T12:09:50+00:00","dateModified":"2022-08-10T13:56:47+00:00","breadcrumb":{"@id":"https:\/\/grifk-handball.com\/miehet\/uutiset\/grifkn-pre-season-ja-kokoonpano-2022-23\/#breadcrumb"},"inLanguage":"fi","potentialAction":[{"@type":"ReadAction","target":["https:\/\/grifk-handball.com\/miehet\/uutiset\/grifkn-pre-season-ja-kokoonpano-2022-23\/"]}]},{"@type":"ImageObject","inLanguage":"fi","@id":"https:\/\/grifk-handball.com\/miehet\/uutiset\/grifkn-pre-season-ja-kokoonpano-2022-23\/#primaryimage","url":"https:\/\/i0.wp.com\/grifk-handball.com\/miehet\/wp-content\/uploads\/sites\/2\/2022\/03\/IMG_1662-dam-scaled-e1647964334645.jpg?fit=1600%2C828&ssl=1","contentUrl":"https:\/\/i0.wp.com\/grifk-handball.com\/miehet\/wp-content\/uploads\/sites\/2\/2022\/03\/IMG_1662-dam-scaled-e1647964334645.jpg?fit=1600%2C828&ssl=1","width":1600,"height":828},{"@type":"BreadcrumbList","@id":"https:\/\/grifk-handball.com\/miehet\/uutiset\/grifkn-pre-season-ja-kokoonpano-2022-23\/#breadcrumb","itemListElement":[{"@type":"ListItem","position":1,"name":"Home","item":"https:\/\/grifk-handball.com\/miehet\/etusivu-260109\/"},{"@type":"ListItem","position":2,"name":"GrIFK:n pre season ja kokoonpano 2022\/23"}]},{"@type":"WebSite","@id":"https:\/\/grifk-handball.com\/miehet\/#website","url":"https:\/\/grifk-handball.com\/miehet\/","name":"GrIFK K\u00e4sipallo - miehet","description":"BomBom!","publisher":{"@id":"https:\/\/grifk-handball.com\/miehet\/#organization"},"potentialAction":[{"@type":"SearchAction","target":{"@type":"EntryPoint","urlTemplate":"https:\/\/grifk-handball.com\/miehet\/?s={search_term_string}"},"query-input":{"@type":"PropertyValueSpecification","valueRequired":true,"valueName":"search_term_string"}}],"inLanguage":"fi"},{"@type":"Organization","@id":"https:\/\/grifk-handball.com\/miehet\/#organization","name":"GrIFK K\u00e4sipallo - miehet","url":"https:\/\/grifk-handball.com\/miehet\/","logo":{"@type":"ImageObject","inLanguage":"fi","@id":"https:\/\/grifk-handball.com\/miehet\/#\/schema\/logo\/image\/","url":"https:\/\/i0.wp.com\/grifk-handball.com\/miehet\/wp-content\/uploads\/sites\/2\/2016\/10\/logo-grifk-iso.png?fit=1200%2C1400&ssl=1","contentUrl":"https:\/\/i0.wp.com\/grifk-handball.com\/miehet\/wp-content\/uploads\/sites\/2\/2016\/10\/logo-grifk-iso.png?fit=1200%2C1400&ssl=1","width":1200,"height":1400,"caption":"GrIFK K\u00e4sipallo - miehet"},"image":{"@id":"https:\/\/grifk-handball.com\/miehet\/#\/schema\/logo\/image\/"},"sameAs":["https:\/\/www.facebook.com\/GrIFKelit\/","https:\/\/x.com\/GrIFK_MSM","https:\/\/www.instagram.com\/grifk_elit\/"]},{"@type":"Person","@id":"https:\/\/grifk-handball.com\/miehet\/#\/schema\/person\/9da98c743e3f0f85a1b32f59241b48e0","name":"granimaster","image":{"@type":"ImageObject","inLanguage":"fi","@id":"https:\/\/secure.gravatar.com\/avatar\/034b8e6380fc659c320f13e17fe45bd9ab48a21e2debadd5f3179bde291949df?s=96&d=mm&r=g","url":"https:\/\/secure.gravatar.com\/avatar\/034b8e6380fc659c320f13e17fe45bd9ab48a21e2debadd5f3179bde291949df?s=96&d=mm&r=g","contentUrl":"https:\/\/secure.gravatar.com\/avatar\/034b8e6380fc659c320f13e17fe45bd9ab48a21e2debadd5f3179bde291949df?s=96&d=mm&r=g","caption":"granimaster"},"url":"https:\/\/grifk-handball.com\/miehet\/author\/granimaster\/"}]}},"jetpack_featured_media_url":"https:\/\/i0.wp.com\/grifk-handball.com\/miehet\/wp-content\/uploads\/sites\/2\/2022\/03\/IMG_1662-dam-scaled-e1647964334645.jpg?fit=1600%2C828&ssl=1","jetpack_shortlink":"https:\/\/wp.me\/p9jQ9a-4Ae","_links":{"self":[{"href":"https:\/\/grifk-handball.com\/miehet\/wp-json\/wp\/v2\/posts\/17622","targetHints":{"allow":["GET"]}}],"collection":[{"href":"https:\/\/grifk-handball.com\/miehet\/wp-json\/wp\/v2\/posts"}],"about":[{"href":"https:\/\/grifk-handball.com\/miehet\/wp-json\/wp\/v2\/types\/post"}],"author":[{"embeddable":true,"href":"https:\/\/grifk-handball.com\/miehet\/wp-json\/wp\/v2\/users\/1"}],"replies":[{"embeddable":true,"href":"https:\/\/grifk-handball.com\/miehet\/wp-json\/wp\/v2\/comments?post=17622"}],"version-history":[{"count":25,"href":"https:\/\/grifk-handball.com\/miehet\/wp-json\/wp\/v2\/posts\/17622\/revisions"}],"predecessor-version":[{"id":17663,"href":"https:\/\/grifk-handball.com\/miehet\/wp-json\/wp\/v2\/posts\/17622\/revisions\/17663"}],"wp:featuredmedia":[{"embeddable":true,"href":"https:\/\/grifk-handball.com\/miehet\/wp-json\/wp\/v2\/media\/17030"}],"wp:attachment":[{"href":"https:\/\/grifk-handball.com\/miehet\/wp-json\/wp\/v2\/media?parent=17622"}],"wp:term":[{"taxonomy":"category","embeddable":true,"href":"https:\/\/grifk-handball.com\/miehet\/wp-json\/wp\/v2\/categories?post=17622"},{"taxonomy":"post_tag","embeddable":true,"href":"https:\/\/grifk-handball.com\/miehet\/wp-json\/wp\/v2\/tags?post=17622"}],"curies":[{"name":"wp","href":"https:\/\/api.w.org\/{rel}","templated":true}]}}