{"id":18576,"date":"2023-01-14T20:23:38","date_gmt":"2023-01-14T18:23:38","guid":{"rendered":"https:\/\/grifk-handball.com\/miehet\/?p=18576"},"modified":"2023-01-15T12:44:52","modified_gmt":"2023-01-15T10:44:52","slug":"grifk-vaansi-vierasvoiton-dickenista-edelliskerrasta-6-vuotta","status":"publish","type":"post","link":"https:\/\/grifk-handball.com\/miehet\/kausi-2022-23\/ottelut-2022-23\/grifk-vaansi-vierasvoiton-dickenista-edelliskerrasta-6-vuotta\/","title":{"rendered":"GrIFK v\u00e4\u00e4nsi vierasvoiton Dickenist\u00e4 &#8211; edelliskerrasta 6 vuotta"},"content":{"rendered":"<p>Vuosi 2023 alkoi GrIFK:n voitolla Dickenist\u00e4, kun Pirkkolassa pelattu ottelu p\u00e4\u00e4ttyi kolmen maalin vierasvoittoon 20-23 (13-14). Edellisen kerran Grani on kyennyt t\u00e4yteen pistepottiin Dickenin vieraana kuusi vuotta sitten, jolloin maalilukemat olivat t\u00e4sm\u00e4lleen samat kuin t\u00e4n\u00e4\u00e4n.<\/p>\n<p><!--more--><\/p>\n<p>Jo ennen ottelun alkua oli selv\u00e4\u00e4, ett\u00e4 vain 10 kentt\u00e4pelaajan voimin otteluun p\u00e4\u00e4sseen GrIFK:n on onnistuttava omassa kentt\u00e4p\u00e4\u00e4dyss\u00e4\u00e4n, jotta voitto irtoaisi. Tasaisella avauspuolituntisella ei eroja suuntaan tai toiseen saatu aikaan.<\/p>\n<p>Dickenin nelj\u00e4 ensimm\u00e4ist\u00e4 maalia tehnyt Benjamin Peitsaro oli ottelun alkupuolella vaikea pidelt\u00e4v\u00e4. Is\u00e4nt\u00e4joukkue nousi johtoon 10 minuutin j\u00e4lkeen ja piti johtoasemaa hallussaan seuraavan varttitunnin. Peik Sj\u00f6blomin 11-11 tasoituksen j\u00e4lkeen Grani onnistui 26. minuutilla nousemaan Jere Kanteen seitsem\u00e4n metrin maalilla johtoon, taukolukemat 13-14 vieraille kuittasi Fredrik Forss pari sekuntia ennen summeria.<\/p>\n<p>Granin pitk\u00e4ksi ven\u00e4ht\u00e4nyt er\u00e4tauko aiheutti joukkueenjohdolle keltaisen kortin, mutta tauon aikana punotut puolustusp\u00e4\u00e4n juonet toimivat paremmin kuin hyvin. Maalivahti Patrik Roslander l\u00e4mpeni uudessa pelipaidassaan ottelun edetess\u00e4 l\u00e4hes ohittamattomaksi. GrIFK p\u00e4\u00e4sti tauon j\u00e4lkeen 16 ensimm\u00e4isen minuutin aikana vain kaksi maalia, niist\u00e4kin toinen livahti verkkoon seitsem\u00e4n metrin heitosta. Roslander teki kaikkiaan 13 torjuntaa, joista yhdeks\u00e4n toisella puoliajalla.<\/p>\n<p>Valkopaitaiset vieraat rynniv\u00e4t huikean toisen jakson raataneen Miro Koljosen johdolla nelj\u00e4n maalin johtoon (15-19, 47 min). Koljonen tarjoili my\u00f6s kaksi n\u00e4ytt\u00e4v\u00e4\u00e4 japanilaista Sj\u00f6blomille. Toinen taistelun ruumiillistuma oli kapteeni Forss, joka huolehti upeasti\u00a0 puolustuksen keskustaa. Viimeksi Pirkkolassa joukkueet p\u00e4\u00e4tyiv\u00e4t tasapeliin, eik\u00e4 Dicken antanut t\u00e4ll\u00e4k\u00e4\u00e4n kerralla periksi, mutta syyskuussa n\u00e4hdyn kaltaista nousua pisteille kotijoukkue ei t\u00e4ll\u00e4 kertaa saanut toistettua.<\/p>\n<h4>Valmentaja ja maalitykki tyytyv\u00e4isi\u00e4 voittoon<\/h4>\n<p>GrIFK:n p\u00e4\u00e4valmentaja Mikael K\u00e4llman vaikutti ennen ottelua hieman huolestuneelta joukkueen terveystilanteen takia. Pelaajat osoittivat kuitenkin esityksell\u00e4\u00e4n huolet turhiksi.<\/p>\n<p>&#8211; Pelasimme todella hyv\u00e4n ottelun ja olen eritt\u00e4in tyytyv\u00e4inen pelaajiin. Meill\u00e4 oli monta poissa t\u00e4n\u00e4\u00e4n ja vieraspeli t\u00e4ydell\u00e4 kokoonpanolla pelannutta Dickeni\u00e4 vastaan.<\/p>\n<p>Ottelun kolmen t\u00e4hden pelaajaksi valitun Peik Sj\u00f6blomin mielest\u00e4 ottelu ratkesi puolustuspeliin, mutta viimeistelyyn t\u00e4ytyy tulevissa otteluissa saada parannusta.<\/p>\n<p>&#8211; Meill\u00e4 oli hankala alku pitk\u00e4n tauon j\u00e4lkeen, mutta saamme olla tyytyv\u00e4isi\u00e4 20 p\u00e4\u00e4stettyyn maaliin ja pisteisiin. Jatkossa pit\u00e4\u00e4 laittaa enemm\u00e4n palloja sis\u00e4\u00e4n.<\/p>\n<h4>Runkosarjan k\u00e4rkitrio varmistui<\/h4>\n<p>Kun sarjassa nelj\u00e4nten\u00e4 oleva HIFK h\u00e4visi kotonaan BK:lle 28-33, kasvoi piste-ero HIFK:sta Graniin jo tavoittamattoman suureksi. GrIFK tulee olemaan runkosarjassa v\u00e4hint\u00e4\u00e4n kolmas, ja ylemm\u00e4n jatkosarjan viimeist\u00e4 paikasta kamppailevat k\u00e4yt\u00e4nn\u00f6ss\u00e4 en\u00e4\u00e4 HIFK ja Dicken. Turussa t\u00e4n\u00e4\u00e4n voitokkaan Cocksin runkosarjan ykk\u00f6ssija on sinetti\u00e4 vaille varma.<\/p>\n<p>GrIFK:lla on runkosarjaa j\u00e4ljell\u00e4 kolme ottelua. Tulevana keskiviikkona 18.1. Grani saa vieraita Siuntiosta, siit\u00e4 viikko eteenp\u00e4in, ja Kauniaisiin saapuu Cocks. Runkosarja p\u00e4\u00e4ttyy Karjaalla vierasottelulla BK-46:tta vastaan lauantaina 28.1. Jatkosarjat alkavat 11.2.<\/p>\n","protected":false},"excerpt":{"rendered":"<p>Vuosi 2023 alkoi GrIFK:n voitolla Dickenist\u00e4, kun Pirkkolassa pelattu ottelu p\u00e4\u00e4ttyi kolmen maalin vierasvoittoon 20-23 (13-14). Edellisen kerran Grani on kyennyt t\u00e4yteen pistepottiin Dickenin vieraana kuusi vuotta sitten, jolloin maalilukemat olivat t\u00e4sm\u00e4lleen samat kuin t\u00e4n\u00e4\u00e4n.<\/p>\n","protected":false},"author":1,"featured_media":18581,"comment_status":"closed","ping_status":"closed","sticky":false,"template":"","format":"standard","meta":{"_acf_changed":false,"footnotes":"","_members_access_role":[],"_members_access_error":""},"categories":[511],"tags":[12,26,20,25,38,41],"class_list":["post-18576","post","type-post","status-publish","format-standard","has-post-thumbnail","hentry","category-ottelut-2022-23","tag-bombom","tag-grifkhandball","tag-dicken","tag-grifk","tag-runkosarja","tag-sm-liiga"],"acf":[],"yoast_head":"<!-- This site is optimized with the Yoast SEO plugin v28.4 - https:\/\/yoast.com\/product\/yoast-seo-wordpress\/ -->\n<title>GrIFK v\u00e4\u00e4nsi vierasvoiton Dickenist\u00e4 - edelliskerrasta 6 vuotta &#8212; GrIFK K\u00e4sipallo - miehet<\/title>\n<meta name=\"robots\" content=\"index, follow, max-snippet:-1, max-image-preview:large, max-video-preview:-1\" \/>\n<link rel=\"canonical\" href=\"https:\/\/grifk-handball.com\/miehet\/kausi-2022-23\/ottelut-2022-23\/grifk-vaansi-vierasvoiton-dickenista-edelliskerrasta-6-vuotta\/\" \/>\n<meta property=\"og:locale\" content=\"fi_FI\" \/>\n<meta property=\"og:type\" content=\"article\" \/>\n<meta property=\"og:title\" content=\"GrIFK v\u00e4\u00e4nsi vierasvoiton Dickenist\u00e4 - edelliskerrasta 6 vuotta &#8212; GrIFK K\u00e4sipallo - miehet\" \/>\n<meta property=\"og:description\" content=\"Vuosi 2023 alkoi GrIFK:n voitolla Dickenist\u00e4, kun Pirkkolassa pelattu ottelu p\u00e4\u00e4ttyi kolmen maalin vierasvoittoon 20-23 (13-14). Edellisen kerran Grani on kyennyt t\u00e4yteen pistepottiin Dickenin vieraana kuusi vuotta sitten, jolloin maalilukemat olivat t\u00e4sm\u00e4lleen samat kuin t\u00e4n\u00e4\u00e4n.\" \/>\n<meta property=\"og:url\" content=\"https:\/\/grifk-handball.com\/miehet\/kausi-2022-23\/ottelut-2022-23\/grifk-vaansi-vierasvoiton-dickenista-edelliskerrasta-6-vuotta\/\" \/>\n<meta property=\"og:site_name\" content=\"GrIFK K\u00e4sipallo - miehet\" \/>\n<meta property=\"article:publisher\" content=\"https:\/\/www.facebook.com\/GrIFKelit\/\" \/>\n<meta property=\"article:published_time\" content=\"2023-01-14T18:23:38+00:00\" \/>\n<meta property=\"article:modified_time\" content=\"2023-01-15T10:44:52+00:00\" \/>\n<meta property=\"og:image\" content=\"https:\/\/i0.wp.com\/grifk-handball.com\/miehet\/wp-content\/uploads\/sites\/2\/2023\/01\/IMG_0643.jpeg?fit=2048%2C1536&ssl=1\" \/>\n\t<meta property=\"og:image:width\" content=\"2048\" \/>\n\t<meta property=\"og:image:height\" content=\"1536\" \/>\n\t<meta property=\"og:image:type\" content=\"image\/jpeg\" \/>\n<meta name=\"author\" content=\"granimaster\" \/>\n<meta name=\"twitter:card\" content=\"summary_large_image\" \/>\n<meta name=\"twitter:creator\" content=\"@GrIFK_MSM\" \/>\n<meta name=\"twitter:site\" content=\"@GrIFK_MSM\" \/>\n<meta name=\"twitter:label1\" content=\"Kirjoittanut\" \/>\n\t<meta name=\"twitter:data1\" content=\"granimaster\" \/>\n\t<meta name=\"twitter:label2\" content=\"Arvioitu lukuaika\" \/>\n\t<meta name=\"twitter:data2\" content=\"3 minuuttia\" \/>\n<script type=\"application\/ld+json\" class=\"yoast-schema-graph\">{\"@context\":\"https:\\\/\\\/schema.org\",\"@graph\":[{\"@type\":\"Article\",\"@id\":\"https:\\\/\\\/grifk-handball.com\\\/miehet\\\/kausi-2022-23\\\/ottelut-2022-23\\\/grifk-vaansi-vierasvoiton-dickenista-edelliskerrasta-6-vuotta\\\/#article\",\"isPartOf\":{\"@id\":\"https:\\\/\\\/grifk-handball.com\\\/miehet\\\/kausi-2022-23\\\/ottelut-2022-23\\\/grifk-vaansi-vierasvoiton-dickenista-edelliskerrasta-6-vuotta\\\/\"},\"author\":{\"name\":\"granimaster\",\"@id\":\"https:\\\/\\\/grifk-handball.com\\\/miehet\\\/#\\\/schema\\\/person\\\/9da98c743e3f0f85a1b32f59241b48e0\"},\"headline\":\"GrIFK v\u00e4\u00e4nsi vierasvoiton Dickenist\u00e4 &#8211; edelliskerrasta 6 vuotta\",\"datePublished\":\"2023-01-14T18:23:38+00:00\",\"dateModified\":\"2023-01-15T10:44:52+00:00\",\"mainEntityOfPage\":{\"@id\":\"https:\\\/\\\/grifk-handball.com\\\/miehet\\\/kausi-2022-23\\\/ottelut-2022-23\\\/grifk-vaansi-vierasvoiton-dickenista-edelliskerrasta-6-vuotta\\\/\"},\"wordCount\":473,\"publisher\":{\"@id\":\"https:\\\/\\\/grifk-handball.com\\\/miehet\\\/#organization\"},\"image\":{\"@id\":\"https:\\\/\\\/grifk-handball.com\\\/miehet\\\/kausi-2022-23\\\/ottelut-2022-23\\\/grifk-vaansi-vierasvoiton-dickenista-edelliskerrasta-6-vuotta\\\/#primaryimage\"},\"thumbnailUrl\":\"https:\\\/\\\/i0.wp.com\\\/grifk-handball.com\\\/miehet\\\/wp-content\\\/uploads\\\/sites\\\/2\\\/2023\\\/01\\\/IMG_0643.jpeg?fit=2048%2C1536&ssl=1\",\"keywords\":[\"#BomBom\",\"#GrIFKHandball\",\"Dicken\",\"GrIFK\",\"Runkosarja\",\"SM-liiga\"],\"articleSection\":[\"Ottelut 2022-23\"],\"inLanguage\":\"fi\"},{\"@type\":\"WebPage\",\"@id\":\"https:\\\/\\\/grifk-handball.com\\\/miehet\\\/kausi-2022-23\\\/ottelut-2022-23\\\/grifk-vaansi-vierasvoiton-dickenista-edelliskerrasta-6-vuotta\\\/\",\"url\":\"https:\\\/\\\/grifk-handball.com\\\/miehet\\\/kausi-2022-23\\\/ottelut-2022-23\\\/grifk-vaansi-vierasvoiton-dickenista-edelliskerrasta-6-vuotta\\\/\",\"name\":\"GrIFK v\u00e4\u00e4nsi vierasvoiton Dickenist\u00e4 - edelliskerrasta 6 vuotta &#8212; GrIFK K\u00e4sipallo - miehet\",\"isPartOf\":{\"@id\":\"https:\\\/\\\/grifk-handball.com\\\/miehet\\\/#website\"},\"primaryImageOfPage\":{\"@id\":\"https:\\\/\\\/grifk-handball.com\\\/miehet\\\/kausi-2022-23\\\/ottelut-2022-23\\\/grifk-vaansi-vierasvoiton-dickenista-edelliskerrasta-6-vuotta\\\/#primaryimage\"},\"image\":{\"@id\":\"https:\\\/\\\/grifk-handball.com\\\/miehet\\\/kausi-2022-23\\\/ottelut-2022-23\\\/grifk-vaansi-vierasvoiton-dickenista-edelliskerrasta-6-vuotta\\\/#primaryimage\"},\"thumbnailUrl\":\"https:\\\/\\\/i0.wp.com\\\/grifk-handball.com\\\/miehet\\\/wp-content\\\/uploads\\\/sites\\\/2\\\/2023\\\/01\\\/IMG_0643.jpeg?fit=2048%2C1536&ssl=1\",\"datePublished\":\"2023-01-14T18:23:38+00:00\",\"dateModified\":\"2023-01-15T10:44:52+00:00\",\"breadcrumb\":{\"@id\":\"https:\\\/\\\/grifk-handball.com\\\/miehet\\\/kausi-2022-23\\\/ottelut-2022-23\\\/grifk-vaansi-vierasvoiton-dickenista-edelliskerrasta-6-vuotta\\\/#breadcrumb\"},\"inLanguage\":\"fi\",\"potentialAction\":[{\"@type\":\"ReadAction\",\"target\":[\"https:\\\/\\\/grifk-handball.com\\\/miehet\\\/kausi-2022-23\\\/ottelut-2022-23\\\/grifk-vaansi-vierasvoiton-dickenista-edelliskerrasta-6-vuotta\\\/\"]}]},{\"@type\":\"ImageObject\",\"inLanguage\":\"fi\",\"@id\":\"https:\\\/\\\/grifk-handball.com\\\/miehet\\\/kausi-2022-23\\\/ottelut-2022-23\\\/grifk-vaansi-vierasvoiton-dickenista-edelliskerrasta-6-vuotta\\\/#primaryimage\",\"url\":\"https:\\\/\\\/i0.wp.com\\\/grifk-handball.com\\\/miehet\\\/wp-content\\\/uploads\\\/sites\\\/2\\\/2023\\\/01\\\/IMG_0643.jpeg?fit=2048%2C1536&ssl=1\",\"contentUrl\":\"https:\\\/\\\/i0.wp.com\\\/grifk-handball.com\\\/miehet\\\/wp-content\\\/uploads\\\/sites\\\/2\\\/2023\\\/01\\\/IMG_0643.jpeg?fit=2048%2C1536&ssl=1\",\"width\":2048,\"height\":1536},{\"@type\":\"BreadcrumbList\",\"@id\":\"https:\\\/\\\/grifk-handball.com\\\/miehet\\\/kausi-2022-23\\\/ottelut-2022-23\\\/grifk-vaansi-vierasvoiton-dickenista-edelliskerrasta-6-vuotta\\\/#breadcrumb\",\"itemListElement\":[{\"@type\":\"ListItem\",\"position\":1,\"name\":\"Home\",\"item\":\"https:\\\/\\\/grifk-handball.com\\\/miehet\\\/etusivu-260109\\\/\"},{\"@type\":\"ListItem\",\"position\":2,\"name\":\"GrIFK v\u00e4\u00e4nsi vierasvoiton Dickenist\u00e4 &#8211; edelliskerrasta 6 vuotta\"}]},{\"@type\":\"WebSite\",\"@id\":\"https:\\\/\\\/grifk-handball.com\\\/miehet\\\/#website\",\"url\":\"https:\\\/\\\/grifk-handball.com\\\/miehet\\\/\",\"name\":\"GrIFK K\u00e4sipallo - miehet\",\"description\":\"BomBom!\",\"publisher\":{\"@id\":\"https:\\\/\\\/grifk-handball.com\\\/miehet\\\/#organization\"},\"potentialAction\":[{\"@type\":\"SearchAction\",\"target\":{\"@type\":\"EntryPoint\",\"urlTemplate\":\"https:\\\/\\\/grifk-handball.com\\\/miehet\\\/?s={search_term_string}\"},\"query-input\":{\"@type\":\"PropertyValueSpecification\",\"valueRequired\":true,\"valueName\":\"search_term_string\"}}],\"inLanguage\":\"fi\"},{\"@type\":\"Organization\",\"@id\":\"https:\\\/\\\/grifk-handball.com\\\/miehet\\\/#organization\",\"name\":\"GrIFK K\u00e4sipallo - miehet\",\"url\":\"https:\\\/\\\/grifk-handball.com\\\/miehet\\\/\",\"logo\":{\"@type\":\"ImageObject\",\"inLanguage\":\"fi\",\"@id\":\"https:\\\/\\\/grifk-handball.com\\\/miehet\\\/#\\\/schema\\\/logo\\\/image\\\/\",\"url\":\"https:\\\/\\\/i0.wp.com\\\/grifk-handball.com\\\/miehet\\\/wp-content\\\/uploads\\\/sites\\\/2\\\/2016\\\/10\\\/logo-grifk-iso.png?fit=1200%2C1400&ssl=1\",\"contentUrl\":\"https:\\\/\\\/i0.wp.com\\\/grifk-handball.com\\\/miehet\\\/wp-content\\\/uploads\\\/sites\\\/2\\\/2016\\\/10\\\/logo-grifk-iso.png?fit=1200%2C1400&ssl=1\",\"width\":1200,\"height\":1400,\"caption\":\"GrIFK K\u00e4sipallo - miehet\"},\"image\":{\"@id\":\"https:\\\/\\\/grifk-handball.com\\\/miehet\\\/#\\\/schema\\\/logo\\\/image\\\/\"},\"sameAs\":[\"https:\\\/\\\/www.facebook.com\\\/GrIFKelit\\\/\",\"https:\\\/\\\/x.com\\\/GrIFK_MSM\",\"https:\\\/\\\/www.instagram.com\\\/grifk_elit\\\/\"]},{\"@type\":\"Person\",\"@id\":\"https:\\\/\\\/grifk-handball.com\\\/miehet\\\/#\\\/schema\\\/person\\\/9da98c743e3f0f85a1b32f59241b48e0\",\"name\":\"granimaster\",\"image\":{\"@type\":\"ImageObject\",\"inLanguage\":\"fi\",\"@id\":\"https:\\\/\\\/secure.gravatar.com\\\/avatar\\\/034b8e6380fc659c320f13e17fe45bd9ab48a21e2debadd5f3179bde291949df?s=96&d=mm&r=g\",\"url\":\"https:\\\/\\\/secure.gravatar.com\\\/avatar\\\/034b8e6380fc659c320f13e17fe45bd9ab48a21e2debadd5f3179bde291949df?s=96&d=mm&r=g\",\"contentUrl\":\"https:\\\/\\\/secure.gravatar.com\\\/avatar\\\/034b8e6380fc659c320f13e17fe45bd9ab48a21e2debadd5f3179bde291949df?s=96&d=mm&r=g\",\"caption\":\"granimaster\"},\"url\":\"https:\\\/\\\/grifk-handball.com\\\/miehet\\\/author\\\/granimaster\\\/\"}]}<\/script>\n<!-- \/ Yoast SEO plugin. -->","yoast_head_json":{"title":"GrIFK v\u00e4\u00e4nsi vierasvoiton Dickenist\u00e4 - edelliskerrasta 6 vuotta &#8212; GrIFK K\u00e4sipallo - miehet","robots":{"index":"index","follow":"follow","max-snippet":"max-snippet:-1","max-image-preview":"max-image-preview:large","max-video-preview":"max-video-preview:-1"},"canonical":"https:\/\/grifk-handball.com\/miehet\/kausi-2022-23\/ottelut-2022-23\/grifk-vaansi-vierasvoiton-dickenista-edelliskerrasta-6-vuotta\/","og_locale":"fi_FI","og_type":"article","og_title":"GrIFK v\u00e4\u00e4nsi vierasvoiton Dickenist\u00e4 - edelliskerrasta 6 vuotta &#8212; GrIFK K\u00e4sipallo - miehet","og_description":"Vuosi 2023 alkoi GrIFK:n voitolla Dickenist\u00e4, kun Pirkkolassa pelattu ottelu p\u00e4\u00e4ttyi kolmen maalin vierasvoittoon 20-23 (13-14). Edellisen kerran Grani on kyennyt t\u00e4yteen pistepottiin Dickenin vieraana kuusi vuotta sitten, jolloin maalilukemat olivat t\u00e4sm\u00e4lleen samat kuin t\u00e4n\u00e4\u00e4n.","og_url":"https:\/\/grifk-handball.com\/miehet\/kausi-2022-23\/ottelut-2022-23\/grifk-vaansi-vierasvoiton-dickenista-edelliskerrasta-6-vuotta\/","og_site_name":"GrIFK K\u00e4sipallo - miehet","article_publisher":"https:\/\/www.facebook.com\/GrIFKelit\/","article_published_time":"2023-01-14T18:23:38+00:00","article_modified_time":"2023-01-15T10:44:52+00:00","og_image":[{"width":2048,"height":1536,"url":"https:\/\/i0.wp.com\/grifk-handball.com\/miehet\/wp-content\/uploads\/sites\/2\/2023\/01\/IMG_0643.jpeg?fit=2048%2C1536&ssl=1","type":"image\/jpeg"}],"author":"granimaster","twitter_card":"summary_large_image","twitter_creator":"@GrIFK_MSM","twitter_site":"@GrIFK_MSM","twitter_misc":{"Kirjoittanut":"granimaster","Arvioitu lukuaika":"3 minuuttia"},"schema":{"@context":"https:\/\/schema.org","@graph":[{"@type":"Article","@id":"https:\/\/grifk-handball.com\/miehet\/kausi-2022-23\/ottelut-2022-23\/grifk-vaansi-vierasvoiton-dickenista-edelliskerrasta-6-vuotta\/#article","isPartOf":{"@id":"https:\/\/grifk-handball.com\/miehet\/kausi-2022-23\/ottelut-2022-23\/grifk-vaansi-vierasvoiton-dickenista-edelliskerrasta-6-vuotta\/"},"author":{"name":"granimaster","@id":"https:\/\/grifk-handball.com\/miehet\/#\/schema\/person\/9da98c743e3f0f85a1b32f59241b48e0"},"headline":"GrIFK v\u00e4\u00e4nsi vierasvoiton Dickenist\u00e4 &#8211; edelliskerrasta 6 vuotta","datePublished":"2023-01-14T18:23:38+00:00","dateModified":"2023-01-15T10:44:52+00:00","mainEntityOfPage":{"@id":"https:\/\/grifk-handball.com\/miehet\/kausi-2022-23\/ottelut-2022-23\/grifk-vaansi-vierasvoiton-dickenista-edelliskerrasta-6-vuotta\/"},"wordCount":473,"publisher":{"@id":"https:\/\/grifk-handball.com\/miehet\/#organization"},"image":{"@id":"https:\/\/grifk-handball.com\/miehet\/kausi-2022-23\/ottelut-2022-23\/grifk-vaansi-vierasvoiton-dickenista-edelliskerrasta-6-vuotta\/#primaryimage"},"thumbnailUrl":"https:\/\/i0.wp.com\/grifk-handball.com\/miehet\/wp-content\/uploads\/sites\/2\/2023\/01\/IMG_0643.jpeg?fit=2048%2C1536&ssl=1","keywords":["#BomBom","#GrIFKHandball","Dicken","GrIFK","Runkosarja","SM-liiga"],"articleSection":["Ottelut 2022-23"],"inLanguage":"fi"},{"@type":"WebPage","@id":"https:\/\/grifk-handball.com\/miehet\/kausi-2022-23\/ottelut-2022-23\/grifk-vaansi-vierasvoiton-dickenista-edelliskerrasta-6-vuotta\/","url":"https:\/\/grifk-handball.com\/miehet\/kausi-2022-23\/ottelut-2022-23\/grifk-vaansi-vierasvoiton-dickenista-edelliskerrasta-6-vuotta\/","name":"GrIFK v\u00e4\u00e4nsi vierasvoiton Dickenist\u00e4 - edelliskerrasta 6 vuotta &#8212; GrIFK K\u00e4sipallo - miehet","isPartOf":{"@id":"https:\/\/grifk-handball.com\/miehet\/#website"},"primaryImageOfPage":{"@id":"https:\/\/grifk-handball.com\/miehet\/kausi-2022-23\/ottelut-2022-23\/grifk-vaansi-vierasvoiton-dickenista-edelliskerrasta-6-vuotta\/#primaryimage"},"image":{"@id":"https:\/\/grifk-handball.com\/miehet\/kausi-2022-23\/ottelut-2022-23\/grifk-vaansi-vierasvoiton-dickenista-edelliskerrasta-6-vuotta\/#primaryimage"},"thumbnailUrl":"https:\/\/i0.wp.com\/grifk-handball.com\/miehet\/wp-content\/uploads\/sites\/2\/2023\/01\/IMG_0643.jpeg?fit=2048%2C1536&ssl=1","datePublished":"2023-01-14T18:23:38+00:00","dateModified":"2023-01-15T10:44:52+00:00","breadcrumb":{"@id":"https:\/\/grifk-handball.com\/miehet\/kausi-2022-23\/ottelut-2022-23\/grifk-vaansi-vierasvoiton-dickenista-edelliskerrasta-6-vuotta\/#breadcrumb"},"inLanguage":"fi","potentialAction":[{"@type":"ReadAction","target":["https:\/\/grifk-handball.com\/miehet\/kausi-2022-23\/ottelut-2022-23\/grifk-vaansi-vierasvoiton-dickenista-edelliskerrasta-6-vuotta\/"]}]},{"@type":"ImageObject","inLanguage":"fi","@id":"https:\/\/grifk-handball.com\/miehet\/kausi-2022-23\/ottelut-2022-23\/grifk-vaansi-vierasvoiton-dickenista-edelliskerrasta-6-vuotta\/#primaryimage","url":"https:\/\/i0.wp.com\/grifk-handball.com\/miehet\/wp-content\/uploads\/sites\/2\/2023\/01\/IMG_0643.jpeg?fit=2048%2C1536&ssl=1","contentUrl":"https:\/\/i0.wp.com\/grifk-handball.com\/miehet\/wp-content\/uploads\/sites\/2\/2023\/01\/IMG_0643.jpeg?fit=2048%2C1536&ssl=1","width":2048,"height":1536},{"@type":"BreadcrumbList","@id":"https:\/\/grifk-handball.com\/miehet\/kausi-2022-23\/ottelut-2022-23\/grifk-vaansi-vierasvoiton-dickenista-edelliskerrasta-6-vuotta\/#breadcrumb","itemListElement":[{"@type":"ListItem","position":1,"name":"Home","item":"https:\/\/grifk-handball.com\/miehet\/etusivu-260109\/"},{"@type":"ListItem","position":2,"name":"GrIFK v\u00e4\u00e4nsi vierasvoiton Dickenist\u00e4 &#8211; edelliskerrasta 6 vuotta"}]},{"@type":"WebSite","@id":"https:\/\/grifk-handball.com\/miehet\/#website","url":"https:\/\/grifk-handball.com\/miehet\/","name":"GrIFK K\u00e4sipallo - miehet","description":"BomBom!","publisher":{"@id":"https:\/\/grifk-handball.com\/miehet\/#organization"},"potentialAction":[{"@type":"SearchAction","target":{"@type":"EntryPoint","urlTemplate":"https:\/\/grifk-handball.com\/miehet\/?s={search_term_string}"},"query-input":{"@type":"PropertyValueSpecification","valueRequired":true,"valueName":"search_term_string"}}],"inLanguage":"fi"},{"@type":"Organization","@id":"https:\/\/grifk-handball.com\/miehet\/#organization","name":"GrIFK K\u00e4sipallo - miehet","url":"https:\/\/grifk-handball.com\/miehet\/","logo":{"@type":"ImageObject","inLanguage":"fi","@id":"https:\/\/grifk-handball.com\/miehet\/#\/schema\/logo\/image\/","url":"https:\/\/i0.wp.com\/grifk-handball.com\/miehet\/wp-content\/uploads\/sites\/2\/2016\/10\/logo-grifk-iso.png?fit=1200%2C1400&ssl=1","contentUrl":"https:\/\/i0.wp.com\/grifk-handball.com\/miehet\/wp-content\/uploads\/sites\/2\/2016\/10\/logo-grifk-iso.png?fit=1200%2C1400&ssl=1","width":1200,"height":1400,"caption":"GrIFK K\u00e4sipallo - miehet"},"image":{"@id":"https:\/\/grifk-handball.com\/miehet\/#\/schema\/logo\/image\/"},"sameAs":["https:\/\/www.facebook.com\/GrIFKelit\/","https:\/\/x.com\/GrIFK_MSM","https:\/\/www.instagram.com\/grifk_elit\/"]},{"@type":"Person","@id":"https:\/\/grifk-handball.com\/miehet\/#\/schema\/person\/9da98c743e3f0f85a1b32f59241b48e0","name":"granimaster","image":{"@type":"ImageObject","inLanguage":"fi","@id":"https:\/\/secure.gravatar.com\/avatar\/034b8e6380fc659c320f13e17fe45bd9ab48a21e2debadd5f3179bde291949df?s=96&d=mm&r=g","url":"https:\/\/secure.gravatar.com\/avatar\/034b8e6380fc659c320f13e17fe45bd9ab48a21e2debadd5f3179bde291949df?s=96&d=mm&r=g","contentUrl":"https:\/\/secure.gravatar.com\/avatar\/034b8e6380fc659c320f13e17fe45bd9ab48a21e2debadd5f3179bde291949df?s=96&d=mm&r=g","caption":"granimaster"},"url":"https:\/\/grifk-handball.com\/miehet\/author\/granimaster\/"}]}},"jetpack_shortlink":"https:\/\/wp.me\/p9jQ9a-4PC","jetpack_featured_media_url":"https:\/\/i0.wp.com\/grifk-handball.com\/miehet\/wp-content\/uploads\/sites\/2\/2023\/01\/IMG_0643.jpeg?fit=2048%2C1536&ssl=1","_links":{"self":[{"href":"https:\/\/grifk-handball.com\/miehet\/wp-json\/wp\/v2\/posts\/18576","targetHints":{"allow":["GET"]}}],"collection":[{"href":"https:\/\/grifk-handball.com\/miehet\/wp-json\/wp\/v2\/posts"}],"about":[{"href":"https:\/\/grifk-handball.com\/miehet\/wp-json\/wp\/v2\/types\/post"}],"author":[{"embeddable":true,"href":"https:\/\/grifk-handball.com\/miehet\/wp-json\/wp\/v2\/users\/1"}],"replies":[{"embeddable":true,"href":"https:\/\/grifk-handball.com\/miehet\/wp-json\/wp\/v2\/comments?post=18576"}],"version-history":[{"count":14,"href":"https:\/\/grifk-handball.com\/miehet\/wp-json\/wp\/v2\/posts\/18576\/revisions"}],"predecessor-version":[{"id":18703,"href":"https:\/\/grifk-handball.com\/miehet\/wp-json\/wp\/v2\/posts\/18576\/revisions\/18703"}],"wp:featuredmedia":[{"embeddable":true,"href":"https:\/\/grifk-handball.com\/miehet\/wp-json\/wp\/v2\/media\/18581"}],"wp:attachment":[{"href":"https:\/\/grifk-handball.com\/miehet\/wp-json\/wp\/v2\/media?parent=18576"}],"wp:term":[{"taxonomy":"category","embeddable":true,"href":"https:\/\/grifk-handball.com\/miehet\/wp-json\/wp\/v2\/categories?post=18576"},{"taxonomy":"post_tag","embeddable":true,"href":"https:\/\/grifk-handball.com\/miehet\/wp-json\/wp\/v2\/tags?post=18576"}],"curies":[{"name":"wp","href":"https:\/\/api.w.org\/{rel}","templated":true}]}}