{"id":18708,"date":"2023-01-30T21:26:40","date_gmt":"2023-01-30T19:26:40","guid":{"rendered":"https:\/\/grifk-handball.com\/miehet\/?p=18708"},"modified":"2023-01-30T21:26:40","modified_gmt":"2023-01-30T19:26:40","slug":"jatkosarjojen-otteluohjelmat-julkaistu-grani-aloittaa-riihimaella","status":"publish","type":"post","link":"https:\/\/grifk-handball.com\/miehet\/uutiset\/jatkosarjojen-otteluohjelmat-julkaistu-grani-aloittaa-riihimaella\/","title":{"rendered":"Jatkosarjojen otteluohjelmat julkaistu &#8211; Grani aloittaa Riihim\u00e4ell\u00e4"},"content":{"rendered":"<p>SM-liigan runkosarja saatiin p\u00e4\u00e4t\u00f6kseen viikonloppuna ja seitsem\u00e4n joukkuetta jaetaan seuraavaksi sijoitusten perusteella jatkosarjoihin. Cocks, BK-46, GrIFK ja HIFK l\u00e4htev\u00e4t kilvoittelemaan kahdesta suorasta tiketist\u00e4 v\u00e4lieriin. Dicken, SIF ja \u00c5IFK puolestaan tavoittelevat alemman jatkosarjan kautta kahta viimeist\u00e4 pudotuspelipaikkaa.<\/p>\n<p>Molemmat sarjat pelataan kaksinkertaisena sarjana ja l\u00e4ht\u00f6pisteit\u00e4 on Cocksilla ja Dickenill\u00e4 kolme, BK:lla ja SIF:ll\u00e4 kaksi sek\u00e4 GrIFK:lla ja \u00c5IFK:lla yksi. HIFK starttaa ylemp\u00e4\u00e4n jatkosarjaan nollilta. Ylemm\u00e4n jatkosarjan kolmonen kohtaa puoliv\u00e4lieriss\u00e4 alemman jatkosarjan toiseksi sijoittuvan ja nelonen alemman voittajan.<\/p>\n<h4>GrIFK:n otteluohjelma ylemm\u00e4ss\u00e4 jatkosarjassa<\/h4>\n<p>11.02.23 16:00\tCocks &#8211; GrIFK (aiemmin t\u00e4ll\u00e4 kaudella 30-24)<br \/>\n18.02.23 16:00\tGrIFK &#8211; BK-46 (aiemmin t\u00e4ll\u00e4 kaudella 22-26)<br \/>\n24.02.23 19:15\tHIFK &#8211; GrIFK (aiemmin t\u00e4ll\u00e4 kaudella 20-27)<br \/>\n04.03.23 16:00\tGrIFK &#8211; HIFK (aiemmin t\u00e4ll\u00e4 kaudella 25-22, 24-21)<br \/>\n16.03.23 19:00\tGrIFK &#8211; Cocks (aiemmin t\u00e4ll\u00e4 kaudella 27-27, 24-27)<br \/>\n18.03.23 16:00\tBK-46 &#8211; GrIFK (aiemmin t\u00e4ll\u00e4 kaudella 37-21, 26-19, cupissa 34-27)<\/p>\n","protected":false},"excerpt":{"rendered":"<p>SM-liigan runkosarja saatiin p\u00e4\u00e4t\u00f6kseen viikonloppuna ja seitsem\u00e4n joukkuetta jaetaan seuraavaksi sijoitusten perusteella jatkosarjoihin. Cocks, BK-46, GrIFK ja HIFK l\u00e4htev\u00e4t kilvoittelemaan kahdesta suorasta tiketist\u00e4 v\u00e4lieriin. Dicken, SIF ja \u00c5IFK puolestaan tavoittelevat alemman jatkosarjan kautta kahta viimeist\u00e4 pudotuspelipaikkaa. Molemmat sarjat pelataan kaksinkertaisena sarjana ja l\u00e4ht\u00f6pisteit\u00e4 on Cocksilla ja Dickenill\u00e4 kolme, BK:lla ja SIF:ll\u00e4 kaksi sek\u00e4 GrIFK:lla ja [&hellip;]<\/p>\n","protected":false},"author":1,"featured_media":17832,"comment_status":"closed","ping_status":"closed","sticky":false,"template":"","format":"standard","meta":{"_acf_changed":false,"footnotes":""},"categories":[7],"tags":[12,26,18,19,25,29,41,247],"class_list":["post-18708","post","type-post","status-publish","format-standard","has-post-thumbnail","hentry","category-uutiset","tag-bombom","tag-grifkhandball","tag-bk-46","tag-cocks","tag-grifk","tag-hifk","tag-sm-liiga","tag-ylempi-jatkosarja"],"acf":[],"yoast_head":"<!-- This site is optimized with the Yoast SEO plugin v27.5 - https:\/\/yoast.com\/product\/yoast-seo-wordpress\/ -->\n<title>Jatkosarjojen otteluohjelmat julkaistu - Grani aloittaa Riihim\u00e4ell\u00e4 &#8212; GrIFK K\u00e4sipallo - miehet<\/title>\n<meta name=\"robots\" content=\"index, follow, max-snippet:-1, max-image-preview:large, max-video-preview:-1\" \/>\n<link rel=\"canonical\" href=\"https:\/\/grifk-handball.com\/miehet\/uutiset\/jatkosarjojen-otteluohjelmat-julkaistu-grani-aloittaa-riihimaella\/\" \/>\n<meta property=\"og:locale\" content=\"fi_FI\" \/>\n<meta property=\"og:type\" content=\"article\" \/>\n<meta property=\"og:title\" content=\"Jatkosarjojen otteluohjelmat julkaistu - Grani aloittaa Riihim\u00e4ell\u00e4 &#8212; GrIFK K\u00e4sipallo - miehet\" \/>\n<meta property=\"og:description\" content=\"SM-liigan runkosarja saatiin p\u00e4\u00e4t\u00f6kseen viikonloppuna ja seitsem\u00e4n joukkuetta jaetaan seuraavaksi sijoitusten perusteella jatkosarjoihin. Cocks, BK-46, GrIFK ja HIFK l\u00e4htev\u00e4t kilvoittelemaan kahdesta suorasta tiketist\u00e4 v\u00e4lieriin. Dicken, SIF ja \u00c5IFK puolestaan tavoittelevat alemman jatkosarjan kautta kahta viimeist\u00e4 pudotuspelipaikkaa. Molemmat sarjat pelataan kaksinkertaisena sarjana ja l\u00e4ht\u00f6pisteit\u00e4 on Cocksilla ja Dickenill\u00e4 kolme, BK:lla ja SIF:ll\u00e4 kaksi sek\u00e4 GrIFK:lla ja [&hellip;]\" \/>\n<meta property=\"og:url\" content=\"https:\/\/grifk-handball.com\/miehet\/uutiset\/jatkosarjojen-otteluohjelmat-julkaistu-grani-aloittaa-riihimaella\/\" \/>\n<meta property=\"og:site_name\" content=\"GrIFK K\u00e4sipallo - miehet\" \/>\n<meta property=\"article:publisher\" content=\"https:\/\/www.facebook.com\/GrIFKelit\/\" \/>\n<meta property=\"article:published_time\" content=\"2023-01-30T19:26:40+00:00\" \/>\n<meta property=\"og:image\" content=\"https:\/\/i0.wp.com\/grifk-handball.com\/miehet\/wp-content\/uploads\/sites\/2\/2022\/09\/IMG_9601-e1663442942769.jpeg?fit=1904%2C1208&ssl=1\" \/>\n\t<meta property=\"og:image:width\" content=\"1904\" \/>\n\t<meta property=\"og:image:height\" content=\"1208\" \/>\n\t<meta property=\"og:image:type\" content=\"image\/jpeg\" \/>\n<meta name=\"author\" content=\"granimaster\" \/>\n<meta name=\"twitter:card\" content=\"summary_large_image\" \/>\n<meta name=\"twitter:creator\" content=\"@GrIFK_MSM\" \/>\n<meta name=\"twitter:site\" content=\"@GrIFK_MSM\" \/>\n<meta name=\"twitter:label1\" content=\"Kirjoittanut\" \/>\n\t<meta name=\"twitter:data1\" content=\"granimaster\" \/>\n\t<meta name=\"twitter:label2\" content=\"Arvioitu lukuaika\" \/>\n\t<meta name=\"twitter:data2\" content=\"2 minuuttia\" \/>\n<script type=\"application\/ld+json\" class=\"yoast-schema-graph\">{\"@context\":\"https:\\\/\\\/schema.org\",\"@graph\":[{\"@type\":\"Article\",\"@id\":\"https:\\\/\\\/grifk-handball.com\\\/miehet\\\/uutiset\\\/jatkosarjojen-otteluohjelmat-julkaistu-grani-aloittaa-riihimaella\\\/#article\",\"isPartOf\":{\"@id\":\"https:\\\/\\\/grifk-handball.com\\\/miehet\\\/uutiset\\\/jatkosarjojen-otteluohjelmat-julkaistu-grani-aloittaa-riihimaella\\\/\"},\"author\":{\"name\":\"granimaster\",\"@id\":\"https:\\\/\\\/grifk-handball.com\\\/miehet\\\/#\\\/schema\\\/person\\\/9da98c743e3f0f85a1b32f59241b48e0\"},\"headline\":\"Jatkosarjojen otteluohjelmat julkaistu &#8211; Grani aloittaa Riihim\u00e4ell\u00e4\",\"datePublished\":\"2023-01-30T19:26:40+00:00\",\"mainEntityOfPage\":{\"@id\":\"https:\\\/\\\/grifk-handball.com\\\/miehet\\\/uutiset\\\/jatkosarjojen-otteluohjelmat-julkaistu-grani-aloittaa-riihimaella\\\/\"},\"wordCount\":157,\"publisher\":{\"@id\":\"https:\\\/\\\/grifk-handball.com\\\/miehet\\\/#organization\"},\"image\":{\"@id\":\"https:\\\/\\\/grifk-handball.com\\\/miehet\\\/uutiset\\\/jatkosarjojen-otteluohjelmat-julkaistu-grani-aloittaa-riihimaella\\\/#primaryimage\"},\"thumbnailUrl\":\"https:\\\/\\\/i0.wp.com\\\/grifk-handball.com\\\/miehet\\\/wp-content\\\/uploads\\\/sites\\\/2\\\/2022\\\/09\\\/IMG_9601-e1663442942769.jpeg?fit=1904%2C1208&ssl=1\",\"keywords\":[\"#BomBom\",\"#GrIFKHandball\",\"BK-46\",\"Cocks\",\"GrIFK\",\"HIFK\",\"SM-liiga\",\"Ylempi jatkosarja\"],\"articleSection\":[\"Uutiset\"],\"inLanguage\":\"fi\"},{\"@type\":\"WebPage\",\"@id\":\"https:\\\/\\\/grifk-handball.com\\\/miehet\\\/uutiset\\\/jatkosarjojen-otteluohjelmat-julkaistu-grani-aloittaa-riihimaella\\\/\",\"url\":\"https:\\\/\\\/grifk-handball.com\\\/miehet\\\/uutiset\\\/jatkosarjojen-otteluohjelmat-julkaistu-grani-aloittaa-riihimaella\\\/\",\"name\":\"Jatkosarjojen otteluohjelmat julkaistu - Grani aloittaa Riihim\u00e4ell\u00e4 &#8212; GrIFK K\u00e4sipallo - miehet\",\"isPartOf\":{\"@id\":\"https:\\\/\\\/grifk-handball.com\\\/miehet\\\/#website\"},\"primaryImageOfPage\":{\"@id\":\"https:\\\/\\\/grifk-handball.com\\\/miehet\\\/uutiset\\\/jatkosarjojen-otteluohjelmat-julkaistu-grani-aloittaa-riihimaella\\\/#primaryimage\"},\"image\":{\"@id\":\"https:\\\/\\\/grifk-handball.com\\\/miehet\\\/uutiset\\\/jatkosarjojen-otteluohjelmat-julkaistu-grani-aloittaa-riihimaella\\\/#primaryimage\"},\"thumbnailUrl\":\"https:\\\/\\\/i0.wp.com\\\/grifk-handball.com\\\/miehet\\\/wp-content\\\/uploads\\\/sites\\\/2\\\/2022\\\/09\\\/IMG_9601-e1663442942769.jpeg?fit=1904%2C1208&ssl=1\",\"datePublished\":\"2023-01-30T19:26:40+00:00\",\"breadcrumb\":{\"@id\":\"https:\\\/\\\/grifk-handball.com\\\/miehet\\\/uutiset\\\/jatkosarjojen-otteluohjelmat-julkaistu-grani-aloittaa-riihimaella\\\/#breadcrumb\"},\"inLanguage\":\"fi\",\"potentialAction\":[{\"@type\":\"ReadAction\",\"target\":[\"https:\\\/\\\/grifk-handball.com\\\/miehet\\\/uutiset\\\/jatkosarjojen-otteluohjelmat-julkaistu-grani-aloittaa-riihimaella\\\/\"]}]},{\"@type\":\"ImageObject\",\"inLanguage\":\"fi\",\"@id\":\"https:\\\/\\\/grifk-handball.com\\\/miehet\\\/uutiset\\\/jatkosarjojen-otteluohjelmat-julkaistu-grani-aloittaa-riihimaella\\\/#primaryimage\",\"url\":\"https:\\\/\\\/i0.wp.com\\\/grifk-handball.com\\\/miehet\\\/wp-content\\\/uploads\\\/sites\\\/2\\\/2022\\\/09\\\/IMG_9601-e1663442942769.jpeg?fit=1904%2C1208&ssl=1\",\"contentUrl\":\"https:\\\/\\\/i0.wp.com\\\/grifk-handball.com\\\/miehet\\\/wp-content\\\/uploads\\\/sites\\\/2\\\/2022\\\/09\\\/IMG_9601-e1663442942769.jpeg?fit=1904%2C1208&ssl=1\",\"width\":1904,\"height\":1208},{\"@type\":\"BreadcrumbList\",\"@id\":\"https:\\\/\\\/grifk-handball.com\\\/miehet\\\/uutiset\\\/jatkosarjojen-otteluohjelmat-julkaistu-grani-aloittaa-riihimaella\\\/#breadcrumb\",\"itemListElement\":[{\"@type\":\"ListItem\",\"position\":1,\"name\":\"Home\",\"item\":\"https:\\\/\\\/grifk-handball.com\\\/miehet\\\/etusivu-260109\\\/\"},{\"@type\":\"ListItem\",\"position\":2,\"name\":\"Jatkosarjojen otteluohjelmat julkaistu &#8211; Grani aloittaa Riihim\u00e4ell\u00e4\"}]},{\"@type\":\"WebSite\",\"@id\":\"https:\\\/\\\/grifk-handball.com\\\/miehet\\\/#website\",\"url\":\"https:\\\/\\\/grifk-handball.com\\\/miehet\\\/\",\"name\":\"GrIFK K\u00e4sipallo - miehet\",\"description\":\"BomBom!\",\"publisher\":{\"@id\":\"https:\\\/\\\/grifk-handball.com\\\/miehet\\\/#organization\"},\"potentialAction\":[{\"@type\":\"SearchAction\",\"target\":{\"@type\":\"EntryPoint\",\"urlTemplate\":\"https:\\\/\\\/grifk-handball.com\\\/miehet\\\/?s={search_term_string}\"},\"query-input\":{\"@type\":\"PropertyValueSpecification\",\"valueRequired\":true,\"valueName\":\"search_term_string\"}}],\"inLanguage\":\"fi\"},{\"@type\":\"Organization\",\"@id\":\"https:\\\/\\\/grifk-handball.com\\\/miehet\\\/#organization\",\"name\":\"GrIFK K\u00e4sipallo - miehet\",\"url\":\"https:\\\/\\\/grifk-handball.com\\\/miehet\\\/\",\"logo\":{\"@type\":\"ImageObject\",\"inLanguage\":\"fi\",\"@id\":\"https:\\\/\\\/grifk-handball.com\\\/miehet\\\/#\\\/schema\\\/logo\\\/image\\\/\",\"url\":\"https:\\\/\\\/i0.wp.com\\\/grifk-handball.com\\\/miehet\\\/wp-content\\\/uploads\\\/sites\\\/2\\\/2016\\\/10\\\/logo-grifk-iso.png?fit=1200%2C1400&ssl=1\",\"contentUrl\":\"https:\\\/\\\/i0.wp.com\\\/grifk-handball.com\\\/miehet\\\/wp-content\\\/uploads\\\/sites\\\/2\\\/2016\\\/10\\\/logo-grifk-iso.png?fit=1200%2C1400&ssl=1\",\"width\":1200,\"height\":1400,\"caption\":\"GrIFK K\u00e4sipallo - miehet\"},\"image\":{\"@id\":\"https:\\\/\\\/grifk-handball.com\\\/miehet\\\/#\\\/schema\\\/logo\\\/image\\\/\"},\"sameAs\":[\"https:\\\/\\\/www.facebook.com\\\/GrIFKelit\\\/\",\"https:\\\/\\\/x.com\\\/GrIFK_MSM\",\"https:\\\/\\\/www.instagram.com\\\/grifk_elit\\\/\"]},{\"@type\":\"Person\",\"@id\":\"https:\\\/\\\/grifk-handball.com\\\/miehet\\\/#\\\/schema\\\/person\\\/9da98c743e3f0f85a1b32f59241b48e0\",\"name\":\"granimaster\",\"image\":{\"@type\":\"ImageObject\",\"inLanguage\":\"fi\",\"@id\":\"https:\\\/\\\/secure.gravatar.com\\\/avatar\\\/034b8e6380fc659c320f13e17fe45bd9ab48a21e2debadd5f3179bde291949df?s=96&d=mm&r=g\",\"url\":\"https:\\\/\\\/secure.gravatar.com\\\/avatar\\\/034b8e6380fc659c320f13e17fe45bd9ab48a21e2debadd5f3179bde291949df?s=96&d=mm&r=g\",\"contentUrl\":\"https:\\\/\\\/secure.gravatar.com\\\/avatar\\\/034b8e6380fc659c320f13e17fe45bd9ab48a21e2debadd5f3179bde291949df?s=96&d=mm&r=g\",\"caption\":\"granimaster\"},\"url\":\"https:\\\/\\\/grifk-handball.com\\\/miehet\\\/author\\\/granimaster\\\/\"}]}<\/script>\n<!-- \/ Yoast SEO plugin. -->","yoast_head_json":{"title":"Jatkosarjojen otteluohjelmat julkaistu - Grani aloittaa Riihim\u00e4ell\u00e4 &#8212; GrIFK K\u00e4sipallo - miehet","robots":{"index":"index","follow":"follow","max-snippet":"max-snippet:-1","max-image-preview":"max-image-preview:large","max-video-preview":"max-video-preview:-1"},"canonical":"https:\/\/grifk-handball.com\/miehet\/uutiset\/jatkosarjojen-otteluohjelmat-julkaistu-grani-aloittaa-riihimaella\/","og_locale":"fi_FI","og_type":"article","og_title":"Jatkosarjojen otteluohjelmat julkaistu - Grani aloittaa Riihim\u00e4ell\u00e4 &#8212; GrIFK K\u00e4sipallo - miehet","og_description":"SM-liigan runkosarja saatiin p\u00e4\u00e4t\u00f6kseen viikonloppuna ja seitsem\u00e4n joukkuetta jaetaan seuraavaksi sijoitusten perusteella jatkosarjoihin. Cocks, BK-46, GrIFK ja HIFK l\u00e4htev\u00e4t kilvoittelemaan kahdesta suorasta tiketist\u00e4 v\u00e4lieriin. Dicken, SIF ja \u00c5IFK puolestaan tavoittelevat alemman jatkosarjan kautta kahta viimeist\u00e4 pudotuspelipaikkaa. Molemmat sarjat pelataan kaksinkertaisena sarjana ja l\u00e4ht\u00f6pisteit\u00e4 on Cocksilla ja Dickenill\u00e4 kolme, BK:lla ja SIF:ll\u00e4 kaksi sek\u00e4 GrIFK:lla ja [&hellip;]","og_url":"https:\/\/grifk-handball.com\/miehet\/uutiset\/jatkosarjojen-otteluohjelmat-julkaistu-grani-aloittaa-riihimaella\/","og_site_name":"GrIFK K\u00e4sipallo - miehet","article_publisher":"https:\/\/www.facebook.com\/GrIFKelit\/","article_published_time":"2023-01-30T19:26:40+00:00","og_image":[{"width":1904,"height":1208,"url":"https:\/\/i0.wp.com\/grifk-handball.com\/miehet\/wp-content\/uploads\/sites\/2\/2022\/09\/IMG_9601-e1663442942769.jpeg?fit=1904%2C1208&ssl=1","type":"image\/jpeg"}],"author":"granimaster","twitter_card":"summary_large_image","twitter_creator":"@GrIFK_MSM","twitter_site":"@GrIFK_MSM","twitter_misc":{"Kirjoittanut":"granimaster","Arvioitu lukuaika":"2 minuuttia"},"schema":{"@context":"https:\/\/schema.org","@graph":[{"@type":"Article","@id":"https:\/\/grifk-handball.com\/miehet\/uutiset\/jatkosarjojen-otteluohjelmat-julkaistu-grani-aloittaa-riihimaella\/#article","isPartOf":{"@id":"https:\/\/grifk-handball.com\/miehet\/uutiset\/jatkosarjojen-otteluohjelmat-julkaistu-grani-aloittaa-riihimaella\/"},"author":{"name":"granimaster","@id":"https:\/\/grifk-handball.com\/miehet\/#\/schema\/person\/9da98c743e3f0f85a1b32f59241b48e0"},"headline":"Jatkosarjojen otteluohjelmat julkaistu &#8211; Grani aloittaa Riihim\u00e4ell\u00e4","datePublished":"2023-01-30T19:26:40+00:00","mainEntityOfPage":{"@id":"https:\/\/grifk-handball.com\/miehet\/uutiset\/jatkosarjojen-otteluohjelmat-julkaistu-grani-aloittaa-riihimaella\/"},"wordCount":157,"publisher":{"@id":"https:\/\/grifk-handball.com\/miehet\/#organization"},"image":{"@id":"https:\/\/grifk-handball.com\/miehet\/uutiset\/jatkosarjojen-otteluohjelmat-julkaistu-grani-aloittaa-riihimaella\/#primaryimage"},"thumbnailUrl":"https:\/\/i0.wp.com\/grifk-handball.com\/miehet\/wp-content\/uploads\/sites\/2\/2022\/09\/IMG_9601-e1663442942769.jpeg?fit=1904%2C1208&ssl=1","keywords":["#BomBom","#GrIFKHandball","BK-46","Cocks","GrIFK","HIFK","SM-liiga","Ylempi jatkosarja"],"articleSection":["Uutiset"],"inLanguage":"fi"},{"@type":"WebPage","@id":"https:\/\/grifk-handball.com\/miehet\/uutiset\/jatkosarjojen-otteluohjelmat-julkaistu-grani-aloittaa-riihimaella\/","url":"https:\/\/grifk-handball.com\/miehet\/uutiset\/jatkosarjojen-otteluohjelmat-julkaistu-grani-aloittaa-riihimaella\/","name":"Jatkosarjojen otteluohjelmat julkaistu - Grani aloittaa Riihim\u00e4ell\u00e4 &#8212; GrIFK K\u00e4sipallo - miehet","isPartOf":{"@id":"https:\/\/grifk-handball.com\/miehet\/#website"},"primaryImageOfPage":{"@id":"https:\/\/grifk-handball.com\/miehet\/uutiset\/jatkosarjojen-otteluohjelmat-julkaistu-grani-aloittaa-riihimaella\/#primaryimage"},"image":{"@id":"https:\/\/grifk-handball.com\/miehet\/uutiset\/jatkosarjojen-otteluohjelmat-julkaistu-grani-aloittaa-riihimaella\/#primaryimage"},"thumbnailUrl":"https:\/\/i0.wp.com\/grifk-handball.com\/miehet\/wp-content\/uploads\/sites\/2\/2022\/09\/IMG_9601-e1663442942769.jpeg?fit=1904%2C1208&ssl=1","datePublished":"2023-01-30T19:26:40+00:00","breadcrumb":{"@id":"https:\/\/grifk-handball.com\/miehet\/uutiset\/jatkosarjojen-otteluohjelmat-julkaistu-grani-aloittaa-riihimaella\/#breadcrumb"},"inLanguage":"fi","potentialAction":[{"@type":"ReadAction","target":["https:\/\/grifk-handball.com\/miehet\/uutiset\/jatkosarjojen-otteluohjelmat-julkaistu-grani-aloittaa-riihimaella\/"]}]},{"@type":"ImageObject","inLanguage":"fi","@id":"https:\/\/grifk-handball.com\/miehet\/uutiset\/jatkosarjojen-otteluohjelmat-julkaistu-grani-aloittaa-riihimaella\/#primaryimage","url":"https:\/\/i0.wp.com\/grifk-handball.com\/miehet\/wp-content\/uploads\/sites\/2\/2022\/09\/IMG_9601-e1663442942769.jpeg?fit=1904%2C1208&ssl=1","contentUrl":"https:\/\/i0.wp.com\/grifk-handball.com\/miehet\/wp-content\/uploads\/sites\/2\/2022\/09\/IMG_9601-e1663442942769.jpeg?fit=1904%2C1208&ssl=1","width":1904,"height":1208},{"@type":"BreadcrumbList","@id":"https:\/\/grifk-handball.com\/miehet\/uutiset\/jatkosarjojen-otteluohjelmat-julkaistu-grani-aloittaa-riihimaella\/#breadcrumb","itemListElement":[{"@type":"ListItem","position":1,"name":"Home","item":"https:\/\/grifk-handball.com\/miehet\/etusivu-260109\/"},{"@type":"ListItem","position":2,"name":"Jatkosarjojen otteluohjelmat julkaistu &#8211; Grani aloittaa Riihim\u00e4ell\u00e4"}]},{"@type":"WebSite","@id":"https:\/\/grifk-handball.com\/miehet\/#website","url":"https:\/\/grifk-handball.com\/miehet\/","name":"GrIFK K\u00e4sipallo - miehet","description":"BomBom!","publisher":{"@id":"https:\/\/grifk-handball.com\/miehet\/#organization"},"potentialAction":[{"@type":"SearchAction","target":{"@type":"EntryPoint","urlTemplate":"https:\/\/grifk-handball.com\/miehet\/?s={search_term_string}"},"query-input":{"@type":"PropertyValueSpecification","valueRequired":true,"valueName":"search_term_string"}}],"inLanguage":"fi"},{"@type":"Organization","@id":"https:\/\/grifk-handball.com\/miehet\/#organization","name":"GrIFK K\u00e4sipallo - miehet","url":"https:\/\/grifk-handball.com\/miehet\/","logo":{"@type":"ImageObject","inLanguage":"fi","@id":"https:\/\/grifk-handball.com\/miehet\/#\/schema\/logo\/image\/","url":"https:\/\/i0.wp.com\/grifk-handball.com\/miehet\/wp-content\/uploads\/sites\/2\/2016\/10\/logo-grifk-iso.png?fit=1200%2C1400&ssl=1","contentUrl":"https:\/\/i0.wp.com\/grifk-handball.com\/miehet\/wp-content\/uploads\/sites\/2\/2016\/10\/logo-grifk-iso.png?fit=1200%2C1400&ssl=1","width":1200,"height":1400,"caption":"GrIFK K\u00e4sipallo - miehet"},"image":{"@id":"https:\/\/grifk-handball.com\/miehet\/#\/schema\/logo\/image\/"},"sameAs":["https:\/\/www.facebook.com\/GrIFKelit\/","https:\/\/x.com\/GrIFK_MSM","https:\/\/www.instagram.com\/grifk_elit\/"]},{"@type":"Person","@id":"https:\/\/grifk-handball.com\/miehet\/#\/schema\/person\/9da98c743e3f0f85a1b32f59241b48e0","name":"granimaster","image":{"@type":"ImageObject","inLanguage":"fi","@id":"https:\/\/secure.gravatar.com\/avatar\/034b8e6380fc659c320f13e17fe45bd9ab48a21e2debadd5f3179bde291949df?s=96&d=mm&r=g","url":"https:\/\/secure.gravatar.com\/avatar\/034b8e6380fc659c320f13e17fe45bd9ab48a21e2debadd5f3179bde291949df?s=96&d=mm&r=g","contentUrl":"https:\/\/secure.gravatar.com\/avatar\/034b8e6380fc659c320f13e17fe45bd9ab48a21e2debadd5f3179bde291949df?s=96&d=mm&r=g","caption":"granimaster"},"url":"https:\/\/grifk-handball.com\/miehet\/author\/granimaster\/"}]}},"jetpack_featured_media_url":"https:\/\/i0.wp.com\/grifk-handball.com\/miehet\/wp-content\/uploads\/sites\/2\/2022\/09\/IMG_9601-e1663442942769.jpeg?fit=1904%2C1208&ssl=1","jetpack_shortlink":"https:\/\/wp.me\/p9jQ9a-4RK","_links":{"self":[{"href":"https:\/\/grifk-handball.com\/miehet\/wp-json\/wp\/v2\/posts\/18708","targetHints":{"allow":["GET"]}}],"collection":[{"href":"https:\/\/grifk-handball.com\/miehet\/wp-json\/wp\/v2\/posts"}],"about":[{"href":"https:\/\/grifk-handball.com\/miehet\/wp-json\/wp\/v2\/types\/post"}],"author":[{"embeddable":true,"href":"https:\/\/grifk-handball.com\/miehet\/wp-json\/wp\/v2\/users\/1"}],"replies":[{"embeddable":true,"href":"https:\/\/grifk-handball.com\/miehet\/wp-json\/wp\/v2\/comments?post=18708"}],"version-history":[{"count":5,"href":"https:\/\/grifk-handball.com\/miehet\/wp-json\/wp\/v2\/posts\/18708\/revisions"}],"predecessor-version":[{"id":18714,"href":"https:\/\/grifk-handball.com\/miehet\/wp-json\/wp\/v2\/posts\/18708\/revisions\/18714"}],"wp:featuredmedia":[{"embeddable":true,"href":"https:\/\/grifk-handball.com\/miehet\/wp-json\/wp\/v2\/media\/17832"}],"wp:attachment":[{"href":"https:\/\/grifk-handball.com\/miehet\/wp-json\/wp\/v2\/media?parent=18708"}],"wp:term":[{"taxonomy":"category","embeddable":true,"href":"https:\/\/grifk-handball.com\/miehet\/wp-json\/wp\/v2\/categories?post=18708"},{"taxonomy":"post_tag","embeddable":true,"href":"https:\/\/grifk-handball.com\/miehet\/wp-json\/wp\/v2\/tags?post=18708"}],"curies":[{"name":"wp","href":"https:\/\/api.w.org\/{rel}","templated":true}]}}