{"id":19672,"date":"2023-05-07T22:41:20","date_gmt":"2023-05-07T19:41:20","guid":{"rendered":"https:\/\/grifk-handball.com\/miehet\/?p=19672"},"modified":"2023-05-08T13:36:30","modified_gmt":"2023-05-08T10:36:30","slug":"pronssipelit-alkoivat-pirkkolassa-grifklla-neljan-maalin-kaula","status":"publish","type":"post","link":"https:\/\/grifk-handball.com\/miehet\/kausi-2022-23\/ottelut-2022-23\/pronssipelit-alkoivat-pirkkolassa-grifklla-neljan-maalin-kaula\/","title":{"rendered":"Pronssipelit alkoivat Pirkkolassa &#8211; GrIFK:lla nelj\u00e4n maalin kaula"},"content":{"rendered":"<p>Kaksi huippumaalivahtia, tiukkaa puolustamista ja vauhtia. Miesten SM-liigan ensimm\u00e4inen pronssiottelu Pirkkolassa oli odotetun tarkkaa pelaamista. GrIFK voitti ottelun 23-27 (13-15), ja l\u00e4htee j\u00e4lkimm\u00e4iseen puolikkaaseen kotiluolaan torstaina nelj\u00e4 maalia Dickenin edell\u00e4. Mitalijoukkue m\u00e4\u00e4r\u00e4ytyy kahden ottelun yhteismaalien perusteella.<br \/>\n<!--more--><\/p>\n<p>&#8211; Pitk\u00e4lti odotetun kaltainen ottelu, luonnehti Granin p\u00e4\u00e4valmentaja Mikael K\u00e4llman peli\u00e4.Isompikin ero oli mahdollinen, mutta virheet kostautuivat kun Dicken onnistui k\u00e4\u00e4nt\u00e4m\u00e4\u00e4n varmojen paikkojen ep\u00e4onnistumiset omissa vastahy\u00f6kk\u00e4yksiss\u00e4\u00e4n kavennusmaaleiksi.<\/p>\n<p>&#8211; Mielest\u00e4ni luvut olivat hieman alakanttiin, ero olisi hyvin voinut olla suurempikin. Hukkasimme monta avopaikkaa kuudesta metrist\u00e4, mutta +4 ei ole huono tulos ekan puolikkaan j\u00e4lkeen. Saimme sen mit\u00e4 l\u00e4hdimme t\u00e4\u00e4lt\u00e4 hakemaan.<\/p>\n<p>Grani sai pelaajamateriaalistaan kaivettua Dickeni\u00e4 enemm\u00e4n sek\u00e4 syvyytt\u00e4 ett\u00e4 leveytt\u00e4. Patrik Roslander oli varsinkin toisella puoliajalla l\u00e4hes ohittamaton. Hyvin ja fiksusti taistellut puolustus piti sy\u00f6tt\u00f6linjat j\u00e4rk\u00e4lem\u00e4isen Armi P\u00e4rtin suuntaan hyvin pimennossa. Kalle Kankaanp\u00e4\u00e4 on kauden edetess\u00e4 noussut yhdeksi johtavista puolustussuunnan pelaajista sek\u00e4 seura- ett\u00e4 maajoukkueessa. T\u00e4ss\u00e4kin ottelussa Kankaanp\u00e4\u00e4n ohi oli todella vaikea p\u00e4\u00e4st\u00e4.<\/p>\n<p>Hienoa kautta pelaa my\u00f6s Miro Koljonen, jonka vauhdikkuus on tiedetty aina. T\u00e4ll\u00e4 kaudella ja varsinkin pudotuspeleiss\u00e4 Koljonen on kunnostautunut my\u00f6s oikean pakin tontilta maalinteossa. Miehen l\u00e4piajot tuottivat nyt nelj\u00e4 maalia Dickenin verkkoon. Peik Sj\u00f6blom aloitti vahvasti, mutta joutui pelin edetess\u00e4 tarkempaan syyniin. Erikoisvartiointivaihe aiheutti Granille joksikin aikaa hy\u00f6kk\u00e4ysp\u00e4\u00e4n pulmia. Pelin loppupuolella Alexander Qvist onnistui hyvin.<\/p>\n<p>Dicken ei tuonut otteluun juurikaan asioita, joita ei olisi odotettu. Hy\u00f6kk\u00e4ysp\u00e4\u00e4ss\u00e4 v\u00e4kk\u00e4r\u00e4m\u00e4inen Timmy Thor oli alati vaarallinen, Benny Broman ja Benjamin Peitsaro pelasivat vahvuuksillaan.<\/p>\n<h4>Kausi p\u00e4\u00e4ttyy kotona<\/h4>\n<p>Grankulla IFK:n viimeinen ottelu t\u00e4ll\u00e4 kaudella pelataan Luolan turvallisella kotikent\u00e4ll\u00e4 torstaina. Pronssien kohtalo on viel\u00e4 kaukana sinet\u00f6idyst\u00e4, joten 11.5. on viimeinen tilaisuus p\u00e4\u00e4st\u00e4 viett\u00e4m\u00e4\u00e4n ja todistamaan hienoa k\u00e4sipalloiltaa Granin SM-liigapeleiss\u00e4. Joukkue taisteli hienosti jopa loppuottelupaikasta, nyt on oman finaalin vuoro.<\/p>\n<p>Kev\u00e4t on ollut Kauniaisissa hieno ja yleis\u00f6 on l\u00f6yt\u00e4nyt otteluihin sankoin joukoin. Valoshow alkaa kello 18:55, mutta paikalla kannattaa olla jo hyviss\u00e4 ajoissa aiemmin.<\/p>\n","protected":false},"excerpt":{"rendered":"<p>Kaksi huippumaalivahtia, tiukkaa puolustamista ja vauhtia. Miesten SM-liigan ensimm\u00e4inen pronssiottelu Pirkkolassa oli odotetun tarkkaa pelaamista. GrIFK voitti ottelun 23-27 (13-15), ja l\u00e4htee j\u00e4lkimm\u00e4iseen puolikkaaseen kotiluolaan torstaina nelj\u00e4 maalia Dickenin edell\u00e4. Mitalijoukkue m\u00e4\u00e4r\u00e4ytyy kahden ottelun yhteismaalien perusteella.<\/p>\n","protected":false},"author":1,"featured_media":19674,"comment_status":"closed","ping_status":"closed","sticky":false,"template":"","format":"standard","meta":{"_acf_changed":false,"footnotes":""},"categories":[511],"tags":[12,26,20,25,14,41],"class_list":["post-19672","post","type-post","status-publish","format-standard","has-post-thumbnail","hentry","category-ottelut-2022-23","tag-bombom","tag-grifkhandball","tag-dicken","tag-grifk","tag-pronssiottelu","tag-sm-liiga"],"acf":[],"yoast_head":"<!-- This site is optimized with the Yoast SEO plugin v27.5 - https:\/\/yoast.com\/product\/yoast-seo-wordpress\/ -->\n<title>Pronssipelit alkoivat Pirkkolassa - GrIFK:lla nelj\u00e4n maalin kaula &#8212; GrIFK K\u00e4sipallo - miehet<\/title>\n<meta name=\"robots\" content=\"index, follow, max-snippet:-1, max-image-preview:large, max-video-preview:-1\" \/>\n<link rel=\"canonical\" href=\"https:\/\/grifk-handball.com\/miehet\/kausi-2022-23\/ottelut-2022-23\/pronssipelit-alkoivat-pirkkolassa-grifklla-neljan-maalin-kaula\/\" \/>\n<meta property=\"og:locale\" content=\"fi_FI\" \/>\n<meta property=\"og:type\" content=\"article\" \/>\n<meta property=\"og:title\" content=\"Pronssipelit alkoivat Pirkkolassa - GrIFK:lla nelj\u00e4n maalin kaula &#8212; GrIFK K\u00e4sipallo - miehet\" \/>\n<meta property=\"og:description\" content=\"Kaksi huippumaalivahtia, tiukkaa puolustamista ja vauhtia. Miesten SM-liigan ensimm\u00e4inen pronssiottelu Pirkkolassa oli odotetun tarkkaa pelaamista. GrIFK voitti ottelun 23-27 (13-15), ja l\u00e4htee j\u00e4lkimm\u00e4iseen puolikkaaseen kotiluolaan torstaina nelj\u00e4 maalia Dickenin edell\u00e4. Mitalijoukkue m\u00e4\u00e4r\u00e4ytyy kahden ottelun yhteismaalien perusteella.\" \/>\n<meta property=\"og:url\" content=\"https:\/\/grifk-handball.com\/miehet\/kausi-2022-23\/ottelut-2022-23\/pronssipelit-alkoivat-pirkkolassa-grifklla-neljan-maalin-kaula\/\" \/>\n<meta property=\"og:site_name\" content=\"GrIFK K\u00e4sipallo - miehet\" \/>\n<meta property=\"article:publisher\" content=\"https:\/\/www.facebook.com\/GrIFKelit\/\" \/>\n<meta property=\"article:published_time\" content=\"2023-05-07T19:41:20+00:00\" \/>\n<meta property=\"article:modified_time\" content=\"2023-05-08T10:36:30+00:00\" \/>\n<meta property=\"og:image\" content=\"https:\/\/i0.wp.com\/grifk-handball.com\/miehet\/wp-content\/uploads\/sites\/2\/2023\/05\/IMG_2057-e1683540670337.jpeg?fit=1935%2C1121&ssl=1\" \/>\n\t<meta property=\"og:image:width\" content=\"1935\" \/>\n\t<meta property=\"og:image:height\" content=\"1121\" \/>\n\t<meta property=\"og:image:type\" content=\"image\/jpeg\" \/>\n<meta name=\"author\" content=\"granimaster\" \/>\n<meta name=\"twitter:card\" content=\"summary_large_image\" \/>\n<meta name=\"twitter:creator\" content=\"@GrIFK_MSM\" \/>\n<meta name=\"twitter:site\" content=\"@GrIFK_MSM\" \/>\n<meta name=\"twitter:label1\" content=\"Kirjoittanut\" \/>\n\t<meta name=\"twitter:data1\" content=\"granimaster\" \/>\n\t<meta name=\"twitter:label2\" content=\"Arvioitu lukuaika\" \/>\n\t<meta name=\"twitter:data2\" content=\"2 minuuttia\" \/>\n<script type=\"application\/ld+json\" class=\"yoast-schema-graph\">{\"@context\":\"https:\\\/\\\/schema.org\",\"@graph\":[{\"@type\":\"Article\",\"@id\":\"https:\\\/\\\/grifk-handball.com\\\/miehet\\\/kausi-2022-23\\\/ottelut-2022-23\\\/pronssipelit-alkoivat-pirkkolassa-grifklla-neljan-maalin-kaula\\\/#article\",\"isPartOf\":{\"@id\":\"https:\\\/\\\/grifk-handball.com\\\/miehet\\\/kausi-2022-23\\\/ottelut-2022-23\\\/pronssipelit-alkoivat-pirkkolassa-grifklla-neljan-maalin-kaula\\\/\"},\"author\":{\"name\":\"granimaster\",\"@id\":\"https:\\\/\\\/grifk-handball.com\\\/miehet\\\/#\\\/schema\\\/person\\\/9da98c743e3f0f85a1b32f59241b48e0\"},\"headline\":\"Pronssipelit alkoivat Pirkkolassa &#8211; GrIFK:lla nelj\u00e4n maalin kaula\",\"datePublished\":\"2023-05-07T19:41:20+00:00\",\"dateModified\":\"2023-05-08T10:36:30+00:00\",\"mainEntityOfPage\":{\"@id\":\"https:\\\/\\\/grifk-handball.com\\\/miehet\\\/kausi-2022-23\\\/ottelut-2022-23\\\/pronssipelit-alkoivat-pirkkolassa-grifklla-neljan-maalin-kaula\\\/\"},\"wordCount\":361,\"publisher\":{\"@id\":\"https:\\\/\\\/grifk-handball.com\\\/miehet\\\/#organization\"},\"image\":{\"@id\":\"https:\\\/\\\/grifk-handball.com\\\/miehet\\\/kausi-2022-23\\\/ottelut-2022-23\\\/pronssipelit-alkoivat-pirkkolassa-grifklla-neljan-maalin-kaula\\\/#primaryimage\"},\"thumbnailUrl\":\"https:\\\/\\\/i0.wp.com\\\/grifk-handball.com\\\/miehet\\\/wp-content\\\/uploads\\\/sites\\\/2\\\/2023\\\/05\\\/IMG_2057-e1683540670337.jpeg?fit=1935%2C1121&ssl=1\",\"keywords\":[\"#BomBom\",\"#GrIFKHandball\",\"Dicken\",\"GrIFK\",\"Pronssiottelu\",\"SM-liiga\"],\"articleSection\":[\"Ottelut 2022-23\"],\"inLanguage\":\"fi\"},{\"@type\":\"WebPage\",\"@id\":\"https:\\\/\\\/grifk-handball.com\\\/miehet\\\/kausi-2022-23\\\/ottelut-2022-23\\\/pronssipelit-alkoivat-pirkkolassa-grifklla-neljan-maalin-kaula\\\/\",\"url\":\"https:\\\/\\\/grifk-handball.com\\\/miehet\\\/kausi-2022-23\\\/ottelut-2022-23\\\/pronssipelit-alkoivat-pirkkolassa-grifklla-neljan-maalin-kaula\\\/\",\"name\":\"Pronssipelit alkoivat Pirkkolassa - GrIFK:lla nelj\u00e4n maalin kaula &#8212; GrIFK K\u00e4sipallo - miehet\",\"isPartOf\":{\"@id\":\"https:\\\/\\\/grifk-handball.com\\\/miehet\\\/#website\"},\"primaryImageOfPage\":{\"@id\":\"https:\\\/\\\/grifk-handball.com\\\/miehet\\\/kausi-2022-23\\\/ottelut-2022-23\\\/pronssipelit-alkoivat-pirkkolassa-grifklla-neljan-maalin-kaula\\\/#primaryimage\"},\"image\":{\"@id\":\"https:\\\/\\\/grifk-handball.com\\\/miehet\\\/kausi-2022-23\\\/ottelut-2022-23\\\/pronssipelit-alkoivat-pirkkolassa-grifklla-neljan-maalin-kaula\\\/#primaryimage\"},\"thumbnailUrl\":\"https:\\\/\\\/i0.wp.com\\\/grifk-handball.com\\\/miehet\\\/wp-content\\\/uploads\\\/sites\\\/2\\\/2023\\\/05\\\/IMG_2057-e1683540670337.jpeg?fit=1935%2C1121&ssl=1\",\"datePublished\":\"2023-05-07T19:41:20+00:00\",\"dateModified\":\"2023-05-08T10:36:30+00:00\",\"breadcrumb\":{\"@id\":\"https:\\\/\\\/grifk-handball.com\\\/miehet\\\/kausi-2022-23\\\/ottelut-2022-23\\\/pronssipelit-alkoivat-pirkkolassa-grifklla-neljan-maalin-kaula\\\/#breadcrumb\"},\"inLanguage\":\"fi\",\"potentialAction\":[{\"@type\":\"ReadAction\",\"target\":[\"https:\\\/\\\/grifk-handball.com\\\/miehet\\\/kausi-2022-23\\\/ottelut-2022-23\\\/pronssipelit-alkoivat-pirkkolassa-grifklla-neljan-maalin-kaula\\\/\"]}]},{\"@type\":\"ImageObject\",\"inLanguage\":\"fi\",\"@id\":\"https:\\\/\\\/grifk-handball.com\\\/miehet\\\/kausi-2022-23\\\/ottelut-2022-23\\\/pronssipelit-alkoivat-pirkkolassa-grifklla-neljan-maalin-kaula\\\/#primaryimage\",\"url\":\"https:\\\/\\\/i0.wp.com\\\/grifk-handball.com\\\/miehet\\\/wp-content\\\/uploads\\\/sites\\\/2\\\/2023\\\/05\\\/IMG_2057-e1683540670337.jpeg?fit=1935%2C1121&ssl=1\",\"contentUrl\":\"https:\\\/\\\/i0.wp.com\\\/grifk-handball.com\\\/miehet\\\/wp-content\\\/uploads\\\/sites\\\/2\\\/2023\\\/05\\\/IMG_2057-e1683540670337.jpeg?fit=1935%2C1121&ssl=1\",\"width\":1935,\"height\":1121},{\"@type\":\"BreadcrumbList\",\"@id\":\"https:\\\/\\\/grifk-handball.com\\\/miehet\\\/kausi-2022-23\\\/ottelut-2022-23\\\/pronssipelit-alkoivat-pirkkolassa-grifklla-neljan-maalin-kaula\\\/#breadcrumb\",\"itemListElement\":[{\"@type\":\"ListItem\",\"position\":1,\"name\":\"Home\",\"item\":\"https:\\\/\\\/grifk-handball.com\\\/miehet\\\/etusivu-260109\\\/\"},{\"@type\":\"ListItem\",\"position\":2,\"name\":\"Pronssipelit alkoivat Pirkkolassa &#8211; GrIFK:lla nelj\u00e4n maalin kaula\"}]},{\"@type\":\"WebSite\",\"@id\":\"https:\\\/\\\/grifk-handball.com\\\/miehet\\\/#website\",\"url\":\"https:\\\/\\\/grifk-handball.com\\\/miehet\\\/\",\"name\":\"GrIFK K\u00e4sipallo - miehet\",\"description\":\"BomBom!\",\"publisher\":{\"@id\":\"https:\\\/\\\/grifk-handball.com\\\/miehet\\\/#organization\"},\"potentialAction\":[{\"@type\":\"SearchAction\",\"target\":{\"@type\":\"EntryPoint\",\"urlTemplate\":\"https:\\\/\\\/grifk-handball.com\\\/miehet\\\/?s={search_term_string}\"},\"query-input\":{\"@type\":\"PropertyValueSpecification\",\"valueRequired\":true,\"valueName\":\"search_term_string\"}}],\"inLanguage\":\"fi\"},{\"@type\":\"Organization\",\"@id\":\"https:\\\/\\\/grifk-handball.com\\\/miehet\\\/#organization\",\"name\":\"GrIFK K\u00e4sipallo - miehet\",\"url\":\"https:\\\/\\\/grifk-handball.com\\\/miehet\\\/\",\"logo\":{\"@type\":\"ImageObject\",\"inLanguage\":\"fi\",\"@id\":\"https:\\\/\\\/grifk-handball.com\\\/miehet\\\/#\\\/schema\\\/logo\\\/image\\\/\",\"url\":\"https:\\\/\\\/i0.wp.com\\\/grifk-handball.com\\\/miehet\\\/wp-content\\\/uploads\\\/sites\\\/2\\\/2016\\\/10\\\/logo-grifk-iso.png?fit=1200%2C1400&ssl=1\",\"contentUrl\":\"https:\\\/\\\/i0.wp.com\\\/grifk-handball.com\\\/miehet\\\/wp-content\\\/uploads\\\/sites\\\/2\\\/2016\\\/10\\\/logo-grifk-iso.png?fit=1200%2C1400&ssl=1\",\"width\":1200,\"height\":1400,\"caption\":\"GrIFK K\u00e4sipallo - miehet\"},\"image\":{\"@id\":\"https:\\\/\\\/grifk-handball.com\\\/miehet\\\/#\\\/schema\\\/logo\\\/image\\\/\"},\"sameAs\":[\"https:\\\/\\\/www.facebook.com\\\/GrIFKelit\\\/\",\"https:\\\/\\\/x.com\\\/GrIFK_MSM\",\"https:\\\/\\\/www.instagram.com\\\/grifk_elit\\\/\"]},{\"@type\":\"Person\",\"@id\":\"https:\\\/\\\/grifk-handball.com\\\/miehet\\\/#\\\/schema\\\/person\\\/9da98c743e3f0f85a1b32f59241b48e0\",\"name\":\"granimaster\",\"image\":{\"@type\":\"ImageObject\",\"inLanguage\":\"fi\",\"@id\":\"https:\\\/\\\/secure.gravatar.com\\\/avatar\\\/034b8e6380fc659c320f13e17fe45bd9ab48a21e2debadd5f3179bde291949df?s=96&d=mm&r=g\",\"url\":\"https:\\\/\\\/secure.gravatar.com\\\/avatar\\\/034b8e6380fc659c320f13e17fe45bd9ab48a21e2debadd5f3179bde291949df?s=96&d=mm&r=g\",\"contentUrl\":\"https:\\\/\\\/secure.gravatar.com\\\/avatar\\\/034b8e6380fc659c320f13e17fe45bd9ab48a21e2debadd5f3179bde291949df?s=96&d=mm&r=g\",\"caption\":\"granimaster\"},\"url\":\"https:\\\/\\\/grifk-handball.com\\\/miehet\\\/author\\\/granimaster\\\/\"}]}<\/script>\n<!-- \/ Yoast SEO plugin. -->","yoast_head_json":{"title":"Pronssipelit alkoivat Pirkkolassa - GrIFK:lla nelj\u00e4n maalin kaula &#8212; GrIFK K\u00e4sipallo - miehet","robots":{"index":"index","follow":"follow","max-snippet":"max-snippet:-1","max-image-preview":"max-image-preview:large","max-video-preview":"max-video-preview:-1"},"canonical":"https:\/\/grifk-handball.com\/miehet\/kausi-2022-23\/ottelut-2022-23\/pronssipelit-alkoivat-pirkkolassa-grifklla-neljan-maalin-kaula\/","og_locale":"fi_FI","og_type":"article","og_title":"Pronssipelit alkoivat Pirkkolassa - GrIFK:lla nelj\u00e4n maalin kaula &#8212; GrIFK K\u00e4sipallo - miehet","og_description":"Kaksi huippumaalivahtia, tiukkaa puolustamista ja vauhtia. Miesten SM-liigan ensimm\u00e4inen pronssiottelu Pirkkolassa oli odotetun tarkkaa pelaamista. GrIFK voitti ottelun 23-27 (13-15), ja l\u00e4htee j\u00e4lkimm\u00e4iseen puolikkaaseen kotiluolaan torstaina nelj\u00e4 maalia Dickenin edell\u00e4. Mitalijoukkue m\u00e4\u00e4r\u00e4ytyy kahden ottelun yhteismaalien perusteella.","og_url":"https:\/\/grifk-handball.com\/miehet\/kausi-2022-23\/ottelut-2022-23\/pronssipelit-alkoivat-pirkkolassa-grifklla-neljan-maalin-kaula\/","og_site_name":"GrIFK K\u00e4sipallo - miehet","article_publisher":"https:\/\/www.facebook.com\/GrIFKelit\/","article_published_time":"2023-05-07T19:41:20+00:00","article_modified_time":"2023-05-08T10:36:30+00:00","og_image":[{"width":1935,"height":1121,"url":"https:\/\/i0.wp.com\/grifk-handball.com\/miehet\/wp-content\/uploads\/sites\/2\/2023\/05\/IMG_2057-e1683540670337.jpeg?fit=1935%2C1121&ssl=1","type":"image\/jpeg"}],"author":"granimaster","twitter_card":"summary_large_image","twitter_creator":"@GrIFK_MSM","twitter_site":"@GrIFK_MSM","twitter_misc":{"Kirjoittanut":"granimaster","Arvioitu lukuaika":"2 minuuttia"},"schema":{"@context":"https:\/\/schema.org","@graph":[{"@type":"Article","@id":"https:\/\/grifk-handball.com\/miehet\/kausi-2022-23\/ottelut-2022-23\/pronssipelit-alkoivat-pirkkolassa-grifklla-neljan-maalin-kaula\/#article","isPartOf":{"@id":"https:\/\/grifk-handball.com\/miehet\/kausi-2022-23\/ottelut-2022-23\/pronssipelit-alkoivat-pirkkolassa-grifklla-neljan-maalin-kaula\/"},"author":{"name":"granimaster","@id":"https:\/\/grifk-handball.com\/miehet\/#\/schema\/person\/9da98c743e3f0f85a1b32f59241b48e0"},"headline":"Pronssipelit alkoivat Pirkkolassa &#8211; GrIFK:lla nelj\u00e4n maalin kaula","datePublished":"2023-05-07T19:41:20+00:00","dateModified":"2023-05-08T10:36:30+00:00","mainEntityOfPage":{"@id":"https:\/\/grifk-handball.com\/miehet\/kausi-2022-23\/ottelut-2022-23\/pronssipelit-alkoivat-pirkkolassa-grifklla-neljan-maalin-kaula\/"},"wordCount":361,"publisher":{"@id":"https:\/\/grifk-handball.com\/miehet\/#organization"},"image":{"@id":"https:\/\/grifk-handball.com\/miehet\/kausi-2022-23\/ottelut-2022-23\/pronssipelit-alkoivat-pirkkolassa-grifklla-neljan-maalin-kaula\/#primaryimage"},"thumbnailUrl":"https:\/\/i0.wp.com\/grifk-handball.com\/miehet\/wp-content\/uploads\/sites\/2\/2023\/05\/IMG_2057-e1683540670337.jpeg?fit=1935%2C1121&ssl=1","keywords":["#BomBom","#GrIFKHandball","Dicken","GrIFK","Pronssiottelu","SM-liiga"],"articleSection":["Ottelut 2022-23"],"inLanguage":"fi"},{"@type":"WebPage","@id":"https:\/\/grifk-handball.com\/miehet\/kausi-2022-23\/ottelut-2022-23\/pronssipelit-alkoivat-pirkkolassa-grifklla-neljan-maalin-kaula\/","url":"https:\/\/grifk-handball.com\/miehet\/kausi-2022-23\/ottelut-2022-23\/pronssipelit-alkoivat-pirkkolassa-grifklla-neljan-maalin-kaula\/","name":"Pronssipelit alkoivat Pirkkolassa - GrIFK:lla nelj\u00e4n maalin kaula &#8212; GrIFK K\u00e4sipallo - miehet","isPartOf":{"@id":"https:\/\/grifk-handball.com\/miehet\/#website"},"primaryImageOfPage":{"@id":"https:\/\/grifk-handball.com\/miehet\/kausi-2022-23\/ottelut-2022-23\/pronssipelit-alkoivat-pirkkolassa-grifklla-neljan-maalin-kaula\/#primaryimage"},"image":{"@id":"https:\/\/grifk-handball.com\/miehet\/kausi-2022-23\/ottelut-2022-23\/pronssipelit-alkoivat-pirkkolassa-grifklla-neljan-maalin-kaula\/#primaryimage"},"thumbnailUrl":"https:\/\/i0.wp.com\/grifk-handball.com\/miehet\/wp-content\/uploads\/sites\/2\/2023\/05\/IMG_2057-e1683540670337.jpeg?fit=1935%2C1121&ssl=1","datePublished":"2023-05-07T19:41:20+00:00","dateModified":"2023-05-08T10:36:30+00:00","breadcrumb":{"@id":"https:\/\/grifk-handball.com\/miehet\/kausi-2022-23\/ottelut-2022-23\/pronssipelit-alkoivat-pirkkolassa-grifklla-neljan-maalin-kaula\/#breadcrumb"},"inLanguage":"fi","potentialAction":[{"@type":"ReadAction","target":["https:\/\/grifk-handball.com\/miehet\/kausi-2022-23\/ottelut-2022-23\/pronssipelit-alkoivat-pirkkolassa-grifklla-neljan-maalin-kaula\/"]}]},{"@type":"ImageObject","inLanguage":"fi","@id":"https:\/\/grifk-handball.com\/miehet\/kausi-2022-23\/ottelut-2022-23\/pronssipelit-alkoivat-pirkkolassa-grifklla-neljan-maalin-kaula\/#primaryimage","url":"https:\/\/i0.wp.com\/grifk-handball.com\/miehet\/wp-content\/uploads\/sites\/2\/2023\/05\/IMG_2057-e1683540670337.jpeg?fit=1935%2C1121&ssl=1","contentUrl":"https:\/\/i0.wp.com\/grifk-handball.com\/miehet\/wp-content\/uploads\/sites\/2\/2023\/05\/IMG_2057-e1683540670337.jpeg?fit=1935%2C1121&ssl=1","width":1935,"height":1121},{"@type":"BreadcrumbList","@id":"https:\/\/grifk-handball.com\/miehet\/kausi-2022-23\/ottelut-2022-23\/pronssipelit-alkoivat-pirkkolassa-grifklla-neljan-maalin-kaula\/#breadcrumb","itemListElement":[{"@type":"ListItem","position":1,"name":"Home","item":"https:\/\/grifk-handball.com\/miehet\/etusivu-260109\/"},{"@type":"ListItem","position":2,"name":"Pronssipelit alkoivat Pirkkolassa &#8211; GrIFK:lla nelj\u00e4n maalin kaula"}]},{"@type":"WebSite","@id":"https:\/\/grifk-handball.com\/miehet\/#website","url":"https:\/\/grifk-handball.com\/miehet\/","name":"GrIFK K\u00e4sipallo - miehet","description":"BomBom!","publisher":{"@id":"https:\/\/grifk-handball.com\/miehet\/#organization"},"potentialAction":[{"@type":"SearchAction","target":{"@type":"EntryPoint","urlTemplate":"https:\/\/grifk-handball.com\/miehet\/?s={search_term_string}"},"query-input":{"@type":"PropertyValueSpecification","valueRequired":true,"valueName":"search_term_string"}}],"inLanguage":"fi"},{"@type":"Organization","@id":"https:\/\/grifk-handball.com\/miehet\/#organization","name":"GrIFK K\u00e4sipallo - miehet","url":"https:\/\/grifk-handball.com\/miehet\/","logo":{"@type":"ImageObject","inLanguage":"fi","@id":"https:\/\/grifk-handball.com\/miehet\/#\/schema\/logo\/image\/","url":"https:\/\/i0.wp.com\/grifk-handball.com\/miehet\/wp-content\/uploads\/sites\/2\/2016\/10\/logo-grifk-iso.png?fit=1200%2C1400&ssl=1","contentUrl":"https:\/\/i0.wp.com\/grifk-handball.com\/miehet\/wp-content\/uploads\/sites\/2\/2016\/10\/logo-grifk-iso.png?fit=1200%2C1400&ssl=1","width":1200,"height":1400,"caption":"GrIFK K\u00e4sipallo - miehet"},"image":{"@id":"https:\/\/grifk-handball.com\/miehet\/#\/schema\/logo\/image\/"},"sameAs":["https:\/\/www.facebook.com\/GrIFKelit\/","https:\/\/x.com\/GrIFK_MSM","https:\/\/www.instagram.com\/grifk_elit\/"]},{"@type":"Person","@id":"https:\/\/grifk-handball.com\/miehet\/#\/schema\/person\/9da98c743e3f0f85a1b32f59241b48e0","name":"granimaster","image":{"@type":"ImageObject","inLanguage":"fi","@id":"https:\/\/secure.gravatar.com\/avatar\/034b8e6380fc659c320f13e17fe45bd9ab48a21e2debadd5f3179bde291949df?s=96&d=mm&r=g","url":"https:\/\/secure.gravatar.com\/avatar\/034b8e6380fc659c320f13e17fe45bd9ab48a21e2debadd5f3179bde291949df?s=96&d=mm&r=g","contentUrl":"https:\/\/secure.gravatar.com\/avatar\/034b8e6380fc659c320f13e17fe45bd9ab48a21e2debadd5f3179bde291949df?s=96&d=mm&r=g","caption":"granimaster"},"url":"https:\/\/grifk-handball.com\/miehet\/author\/granimaster\/"}]}},"jetpack_featured_media_url":"https:\/\/i0.wp.com\/grifk-handball.com\/miehet\/wp-content\/uploads\/sites\/2\/2023\/05\/IMG_2057-e1683540670337.jpeg?fit=1935%2C1121&ssl=1","jetpack_shortlink":"https:\/\/wp.me\/p9jQ9a-57i","_links":{"self":[{"href":"https:\/\/grifk-handball.com\/miehet\/wp-json\/wp\/v2\/posts\/19672","targetHints":{"allow":["GET"]}}],"collection":[{"href":"https:\/\/grifk-handball.com\/miehet\/wp-json\/wp\/v2\/posts"}],"about":[{"href":"https:\/\/grifk-handball.com\/miehet\/wp-json\/wp\/v2\/types\/post"}],"author":[{"embeddable":true,"href":"https:\/\/grifk-handball.com\/miehet\/wp-json\/wp\/v2\/users\/1"}],"replies":[{"embeddable":true,"href":"https:\/\/grifk-handball.com\/miehet\/wp-json\/wp\/v2\/comments?post=19672"}],"version-history":[{"count":8,"href":"https:\/\/grifk-handball.com\/miehet\/wp-json\/wp\/v2\/posts\/19672\/revisions"}],"predecessor-version":[{"id":19688,"href":"https:\/\/grifk-handball.com\/miehet\/wp-json\/wp\/v2\/posts\/19672\/revisions\/19688"}],"wp:featuredmedia":[{"embeddable":true,"href":"https:\/\/grifk-handball.com\/miehet\/wp-json\/wp\/v2\/media\/19674"}],"wp:attachment":[{"href":"https:\/\/grifk-handball.com\/miehet\/wp-json\/wp\/v2\/media?parent=19672"}],"wp:term":[{"taxonomy":"category","embeddable":true,"href":"https:\/\/grifk-handball.com\/miehet\/wp-json\/wp\/v2\/categories?post=19672"},{"taxonomy":"post_tag","embeddable":true,"href":"https:\/\/grifk-handball.com\/miehet\/wp-json\/wp\/v2\/tags?post=19672"}],"curies":[{"name":"wp","href":"https:\/\/api.w.org\/{rel}","templated":true}]}}