{"id":20100,"date":"2023-09-22T13:39:00","date_gmt":"2023-09-22T10:39:00","guid":{"rendered":"https:\/\/grifk-handball.com\/miehet\/?p=20100"},"modified":"2023-09-22T13:39:00","modified_gmt":"2023-09-22T10:39:00","slug":"bk-46-granin-700-sm-ottelun-juhlavieras","status":"publish","type":"post","link":"https:\/\/grifk-handball.com\/miehet\/kausi-2023-24\/ennakot-2023-24\/bk-46-granin-700-sm-ottelun-juhlavieras\/","title":{"rendered":"BK-46 Granin 700. SM-ottelun juhlavieras"},"content":{"rendered":"<div  class='flex_column av-157i4hv-32640b0f7630818aeeed0fa9f2d2fc15 av_one_full  avia-builder-el-0  el_before_av_hr  avia-builder-el-first  first flex_column_div  '     ><p>\n<style type=\"text\/css\" data-created_by=\"avia_inline_auto\" id=\"style-css-av-ktyc8gbk-8fbe1cda14455a02d3ad22f75858d2f5\">\n#top .av_textblock_section.av-ktyc8gbk-8fbe1cda14455a02d3ad22f75858d2f5 .avia_textblock{\nfont-size:16px;\n}\n<\/style>\n<section  class='av_textblock_section av-ktyc8gbk-8fbe1cda14455a02d3ad22f75858d2f5 '   itemscope=\"itemscope\" itemtype=\"https:\/\/schema.org\/BlogPosting\" itemprop=\"blogPost\" ><div class='avia_textblock'  itemprop=\"text\" ><p><strong>Miesten SM-liiga on ehtinyt ottaa ensiaskeleensa, ja seuraava askel otetaan lauantaina Kauniaisten Luolassa. GrIFK is\u00e4nn\u00f6i 700. p\u00e4\u00e4sarjaottelussaan hallitsevaa Suomen mestari BK-46:tta kello 16 alkaen. Superlauantai starttaa jo kello 13:30 kun naisten Suomen mestari GrIFK saa vieraita Riihim\u00e4elt\u00e4.<\/strong><\/p>\n<p><!--more--><\/p>\n<\/div><\/section><br \/>\n<section  class='av_textblock_section av-kwqgzh0e-a99bb967c5ae637069bc666416aa5c8c '   itemscope=\"itemscope\" itemtype=\"https:\/\/schema.org\/BlogPosting\" itemprop=\"blogPost\" ><div class='avia_textblock'  itemprop=\"text\" ><p>Joukkueet tutustuivat viime kaudella p\u00e4\u00e4st\u00e4 varpaisiin, kun runko- ja jatkosarjan p\u00e4\u00e4lle kaksikko tahkosi nelj\u00e4n ottelun v\u00e4lier\u00e4sarjan, lis\u00e4ksi arpa heitti seurat vastakkain Suomen Cupin puoliv\u00e4lier\u00e4\u00e4n.<\/p>\n<p>Liigan kumpikin aloitti \u00c5IFK:ta vastaan. Grani p\u00e4\u00e4si Samppalinnassa niskan p\u00e4\u00e4lle tauon j\u00e4lkeen ja voitti 30-25. BK p\u00e4\u00e4si pelaamaan kotonaan ja j\u00e4lki oli sen mukaista. 43-23 ei j\u00e4tt\u00e4nyt sanan sijaa viime kauden ykk\u00f6sen ja jumbon v\u00e4lisist\u00e4 voimasuhteista.<\/p>\n<p>BK:n viime kauden joukkue pysyi kasassa melko hyvin, joskin osa runkopelaajista panttasi jatkop\u00e4\u00e4t\u00f6st\u00e4\u00e4n melko pitk\u00e4\u00e4n. Nico R\u00f6nnberg ilmoittautui mukaan viikko ennen sarjakauden alkua, Jac Karlssonin vastausta seura odottelee edelleen. Joka tapauksessa kasassa on laadukas ryhm\u00e4, joka on jatkossakin potentiaalinen ehdokas mestariksi.<\/p>\n<p>GrIFK pelaa SM-tasolla nyt 26. kauttaan. Aiemmista 699 ottelustaan Grani on voittanut 360, tasapeliin on p\u00e4\u00e4dytty 35 ja tappioita on kertynyt 304. 755 sarjapistett\u00e4 nostaa GrIFK:n maratontaulukossa sijalle kahdeksan. Ainoan mestaruutensa Grani saavutti 1999, hopeaa on nelj\u00e4 ja viime kev\u00e4\u00e4n pronssi oli seurahistorian kuudes.<\/p>\n<h4>Kausikortit ja VIP-kortit lippuluukulta<\/h4>\n<p>SM-liigan kausikortin hinta on nyt vain 75 euroa, ja sill\u00e4 p\u00e4\u00e4see seuraamaan kaikki SM-runkosarjan kotiottelut. VIP-paikkoja on viel\u00e4 rajatusti vapaana.<\/p>\n<p>VIP-kausikortti oikeuttaa p\u00e4\u00e4syyn kaikkiin GrIFK:n j\u00e4rjest\u00e4miin kotiotteluihin, mukaan lukien Play Off-ottelut. Kortin haltijalle on oma numeroitu istumapaikka kaikissa peleiss\u00e4. Lis\u00e4ksi saat VIP-kirjeet sek\u00e4 otteluiden yhteydess\u00e4 kuulet pelaaja- sek\u00e4 valmentajahaastattelut VIP-huoneessa.<\/p>\n<div  class='avia-button-wrap av-1wzwvb8-08b0afc9abc8725f643b0ed96c715d10-wrap avia-button-left  avia-builder-el-3  avia-builder-el-no-sibling '><a href='https:\/\/grifk-handball.com\/miehet\/liput\/vip-kortit\/'  class='avia-button av-1wzwvb8-08b0afc9abc8725f643b0ed96c715d10 av-link-btn avia-icon_select-no avia-size-large avia-position-left avia-color-theme-color'   aria-label=\"Lue lis\u00e4\u00e4 VIP-korteista\"><span class='avia_iconbox_title' >Lue lis\u00e4\u00e4 VIP-korteista<\/span><\/a><\/div>\n<p><em>Kuva: Jouni Lappi<\/em><\/p>\n<\/div><\/section><\/p><\/div>\n<style type=\"text\/css\" data-created_by=\"avia_inline_auto\" id=\"style-css-av-kx7j068l-ca3e3dab2def9c278f7f902ab1c168f2\">\n#top .hr.hr-invisible.av-kx7j068l-ca3e3dab2def9c278f7f902ab1c168f2{\nheight:10px;\n}\n<\/style>\n<div  class='hr av-kx7j068l-ca3e3dab2def9c278f7f902ab1c168f2 hr-invisible  avia-builder-el-4  el_after_av_one_full  el_before_av_one_half '><span class='hr-inner '><span class=\"hr-inner-style\"><\/span><\/span><\/div><\/p>\n<div class='flex_column_table av-26no2i2-5b6af12e744449af61105882390d9dcc sc-av_one_half av-equal-height-column-flextable'>\n<style type=\"text\/css\" data-created_by=\"avia_inline_auto\" id=\"style-css-av-26no2i2-5b6af12e744449af61105882390d9dcc\">\n#top .flex_column_table.av-equal-height-column-flextable.av-26no2i2-5b6af12e744449af61105882390d9dcc{\nmargin-top:20px;\nmargin-bottom:20px;\n}\n.flex_column.av-26no2i2-5b6af12e744449af61105882390d9dcc{\nborder-radius:0px 0px 0px 0px;\npadding:20px 20px 20px 20px;\n}\n<\/style>\n<div  class='flex_column av-26no2i2-5b6af12e744449af61105882390d9dcc av_one_half  avia-builder-el-5  el_after_av_hr  el_before_av_one_half  first flex_column_table_cell av-equal-height-column av-align-middle  '     ><section  class='av_textblock_section av-ktybyxyq-41d3ce00cbf300cee36fda2a0ed4569f '   itemscope=\"itemscope\" itemtype=\"https:\/\/schema.org\/BlogPosting\" itemprop=\"blogPost\" ><div class='avia_textblock'  itemprop=\"text\" ><div class=\"nextmatchstream\">\n<p style=\"text-align: center;\"><script src=\"http:\/\/tulospalvelu.finnhandball.net\/taso\/widget.php?widget=nextmatch&#038;css=1&#038;teamid=103471&#038;otteluid= 506579\"><\/script><\/p>\n<\/div>\n<\/div><\/section><\/div>\n<div class='av-flex-placeholder'><\/div>\n<style type=\"text\/css\" data-created_by=\"avia_inline_auto\" id=\"style-css-av-kwmbj375-96b583b2d592876e6d59735a3160e2ae\">\n#top .flex_column_table.av-equal-height-column-flextable.av-kwmbj375-96b583b2d592876e6d59735a3160e2ae{\nmargin-top:20px;\nmargin-bottom:20px;\n}\n.flex_column.av-kwmbj375-96b583b2d592876e6d59735a3160e2ae{\npadding:20px 10px 20px 10px;\n}\n<\/style>\n<div  class='flex_column av-kwmbj375-96b583b2d592876e6d59735a3160e2ae av_one_half  avia-builder-el-7  el_after_av_one_half  avia-builder-el-last  flex_column_table_cell av-equal-height-column av-align-middle  '     ><p><div  class='avia-button-wrap avia-button-center  avia-builder-el-8  el_before_av_button_big  avia-builder-el-first '>\n<style type=\"text\/css\" data-created_by=\"avia_inline_auto\" id=\"style-css-av-2jxo22-9d0cee223ff5ac86bd5ade6eb5685476\">\n#top #wrap_all .avia-button.av-2jxo22-9d0cee223ff5ac86bd5ade6eb5685476:hover{\ncolor:white;\ntransition:all 0.4s ease-in-out;\n}\n#top #wrap_all .avia-button.av-2jxo22-9d0cee223ff5ac86bd5ade6eb5685476:hover .avia-svg-icon svg:first-child{\nfill:white;\nstroke:white;\n}\n<\/style>\n<a href='https:\/\/grifk-handball.com\/miehet\/liput\/' class='avia-color-theme-color avia-font-color-theme-color avia-button avia-button-fullwidth av-2jxo22-9d0cee223ff5ac86bd5ade6eb5685476 avia-icon_select-no avia-color-theme-color'   aria-label=\"Kausikortit ja liput\"><span class='avia_iconbox_title' >Kausikortit ja liput<\/span><span class='avia_button_background avia-button avia-button-fullwidth avia-color-theme-color-highlight'><\/span><\/a><\/div><br \/>\n<div  class='avia-button-wrap avia-button-center  avia-builder-el-9  el_after_av_button_big  el_before_av_button_big '>\n<style type=\"text\/css\" data-created_by=\"avia_inline_auto\" id=\"style-css-av-1hqx2ec-f4bf6a1f6cbcccabde217ebb2a8bf745\">\n#top #wrap_all .avia-button.av-1hqx2ec-f4bf6a1f6cbcccabde217ebb2a8bf745:hover{\ncolor:white;\ntransition:all 0.4s ease-in-out;\n}\n#top #wrap_all .avia-button.av-1hqx2ec-f4bf6a1f6cbcccabde217ebb2a8bf745:hover .avia-svg-icon svg:first-child{\nfill:white;\nstroke:white;\n}\n<\/style>\n<a href='https:\/\/grifk-handball.com\/miehet\/liput\/vip-kortit\/' class='avia-color-theme-color avia-font-color-theme-color avia-button avia-button-fullwidth av-1hqx2ec-f4bf6a1f6cbcccabde217ebb2a8bf745 avia-icon_select-no avia-color-theme-color'   aria-label=\"VIP-kausikortit\"><span class='avia_iconbox_title' >VIP-kausikortit<\/span><span class='avia_button_background avia-button avia-button-fullwidth avia-color-theme-color-highlight'><\/span><\/a><\/div><br \/>\n<div  class='avia-button-wrap avia-button-center  avia-builder-el-10  el_after_av_button_big  avia-builder-el-last '>\n<style type=\"text\/css\" data-created_by=\"avia_inline_auto\" id=\"style-css-av-ixansa-37082cec122deb1ff43384a2ed602e98\">\n#top #wrap_all .avia-button.av-ixansa-37082cec122deb1ff43384a2ed602e98{\nbackground-color:#0051a9;\nborder-color:#0051a9;\ntransition:all 0.4s ease-in-out;\n}\n#top #wrap_all .avia-button.av-ixansa-37082cec122deb1ff43384a2ed602e98:hover{\ncolor:black;\ntransition:all 0.4s ease-in-out;\n}\n#top #wrap_all .avia-button.av-ixansa-37082cec122deb1ff43384a2ed602e98:hover .avia-svg-icon svg:first-child{\nfill:black;\nstroke:black;\n}\n<\/style>\n<a href='\/miehet\/liput#solidsport' class='avia-font-color-theme-color avia-button avia-button-fullwidth av-ixansa-37082cec122deb1ff43384a2ed602e98 avia-icon_select-no avia-color-custom'   aria-label=\"Kaikki matsit liven\u00e4 \u00bb\"><span class='avia_iconbox_title' >Kaikki matsit liven\u00e4 \u00bb<\/span><span class='avia_button_background avia-button avia-button-fullwidth avia-color-theme-color-subtle'><\/span><\/a><\/div><\/p><\/div><\/div><!--close column table wrapper. Autoclose: 1 -->\n","protected":false},"excerpt":{"rendered":"<p>Miesten SM-liiga on ehtinyt ottaa ensiaskeleensa, ja seuraava askel otetaan lauantaina Kauniaisten Luolassa. GrIFK is\u00e4nn\u00f6i 700. p\u00e4\u00e4sarjaottelussaan hallitsevaa Suomen mestari BK-46:tta kello 16 alkaen. Superlauantai starttaa jo kello 13:30 kun naisten Suomen mestari GrIFK saa vieraita Riihim\u00e4elt\u00e4.<\/p>\n","protected":false},"author":1,"featured_media":20060,"comment_status":"closed","ping_status":"closed","sticky":false,"template":"","format":"standard","meta":{"_acf_changed":false,"footnotes":""},"categories":[540],"tags":[12,26,18,25,38,41],"class_list":["post-20100","post","type-post","status-publish","format-standard","has-post-thumbnail","hentry","category-ennakot-2023-24","tag-bombom","tag-grifkhandball","tag-bk-46","tag-grifk","tag-runkosarja","tag-sm-liiga"],"acf":[],"yoast_head":"<!-- This site is optimized with the Yoast SEO plugin v27.5 - https:\/\/yoast.com\/product\/yoast-seo-wordpress\/ -->\n<title>BK-46 Granin 700. SM-ottelun juhlavieras &#8212; GrIFK K\u00e4sipallo - miehet<\/title>\n<meta name=\"robots\" content=\"index, follow, max-snippet:-1, max-image-preview:large, max-video-preview:-1\" \/>\n<link rel=\"canonical\" href=\"https:\/\/grifk-handball.com\/miehet\/kausi-2023-24\/ennakot-2023-24\/bk-46-granin-700-sm-ottelun-juhlavieras\/\" \/>\n<meta property=\"og:locale\" content=\"fi_FI\" \/>\n<meta property=\"og:type\" content=\"article\" \/>\n<meta property=\"og:title\" content=\"BK-46 Granin 700. SM-ottelun juhlavieras &#8212; GrIFK K\u00e4sipallo - miehet\" \/>\n<meta property=\"og:description\" content=\"Miesten SM-liiga on ehtinyt ottaa ensiaskeleensa, ja seuraava askel otetaan lauantaina Kauniaisten Luolassa. GrIFK is\u00e4nn\u00f6i 700. p\u00e4\u00e4sarjaottelussaan hallitsevaa Suomen mestari BK-46:tta kello 16 alkaen. Superlauantai starttaa jo kello 13:30 kun naisten Suomen mestari GrIFK saa vieraita Riihim\u00e4elt\u00e4.\" \/>\n<meta property=\"og:url\" content=\"https:\/\/grifk-handball.com\/miehet\/kausi-2023-24\/ennakot-2023-24\/bk-46-granin-700-sm-ottelun-juhlavieras\/\" \/>\n<meta property=\"og:site_name\" content=\"GrIFK K\u00e4sipallo - miehet\" \/>\n<meta property=\"article:publisher\" content=\"https:\/\/www.facebook.com\/GrIFKelit\/\" \/>\n<meta property=\"article:published_time\" content=\"2023-09-22T10:39:00+00:00\" \/>\n<meta property=\"og:image\" content=\"https:\/\/i0.wp.com\/grifk-handball.com\/miehet\/wp-content\/uploads\/sites\/2\/2023\/09\/380362382_10159741018475998_7606696746782450076_n.jpg?fit=2048%2C1463&ssl=1\" \/>\n\t<meta property=\"og:image:width\" content=\"2048\" \/>\n\t<meta property=\"og:image:height\" content=\"1463\" \/>\n\t<meta property=\"og:image:type\" content=\"image\/jpeg\" \/>\n<meta name=\"author\" content=\"granimaster\" \/>\n<meta name=\"twitter:card\" content=\"summary_large_image\" \/>\n<meta name=\"twitter:creator\" content=\"@GrIFK_MSM\" \/>\n<meta name=\"twitter:site\" content=\"@GrIFK_MSM\" \/>\n<meta name=\"twitter:label1\" content=\"Kirjoittanut\" \/>\n\t<meta name=\"twitter:data1\" content=\"granimaster\" \/>\n\t<meta name=\"twitter:label2\" content=\"Arvioitu lukuaika\" \/>\n\t<meta name=\"twitter:data2\" content=\"6 minuuttia\" \/>\n<script type=\"application\/ld+json\" class=\"yoast-schema-graph\">{\"@context\":\"https:\\\/\\\/schema.org\",\"@graph\":[{\"@type\":\"Article\",\"@id\":\"https:\\\/\\\/grifk-handball.com\\\/miehet\\\/kausi-2023-24\\\/ennakot-2023-24\\\/bk-46-granin-700-sm-ottelun-juhlavieras\\\/#article\",\"isPartOf\":{\"@id\":\"https:\\\/\\\/grifk-handball.com\\\/miehet\\\/kausi-2023-24\\\/ennakot-2023-24\\\/bk-46-granin-700-sm-ottelun-juhlavieras\\\/\"},\"author\":{\"name\":\"granimaster\",\"@id\":\"https:\\\/\\\/grifk-handball.com\\\/miehet\\\/#\\\/schema\\\/person\\\/9da98c743e3f0f85a1b32f59241b48e0\"},\"headline\":\"BK-46 Granin 700. SM-ottelun juhlavieras\",\"datePublished\":\"2023-09-22T10:39:00+00:00\",\"mainEntityOfPage\":{\"@id\":\"https:\\\/\\\/grifk-handball.com\\\/miehet\\\/kausi-2023-24\\\/ennakot-2023-24\\\/bk-46-granin-700-sm-ottelun-juhlavieras\\\/\"},\"wordCount\":1758,\"publisher\":{\"@id\":\"https:\\\/\\\/grifk-handball.com\\\/miehet\\\/#organization\"},\"image\":{\"@id\":\"https:\\\/\\\/grifk-handball.com\\\/miehet\\\/kausi-2023-24\\\/ennakot-2023-24\\\/bk-46-granin-700-sm-ottelun-juhlavieras\\\/#primaryimage\"},\"thumbnailUrl\":\"https:\\\/\\\/i0.wp.com\\\/grifk-handball.com\\\/miehet\\\/wp-content\\\/uploads\\\/sites\\\/2\\\/2023\\\/09\\\/380362382_10159741018475998_7606696746782450076_n.jpg?fit=2048%2C1463&ssl=1\",\"keywords\":[\"#BomBom\",\"#GrIFKHandball\",\"BK-46\",\"GrIFK\",\"Runkosarja\",\"SM-liiga\"],\"articleSection\":[\"Ennakot 2023-24\"],\"inLanguage\":\"fi\"},{\"@type\":\"WebPage\",\"@id\":\"https:\\\/\\\/grifk-handball.com\\\/miehet\\\/kausi-2023-24\\\/ennakot-2023-24\\\/bk-46-granin-700-sm-ottelun-juhlavieras\\\/\",\"url\":\"https:\\\/\\\/grifk-handball.com\\\/miehet\\\/kausi-2023-24\\\/ennakot-2023-24\\\/bk-46-granin-700-sm-ottelun-juhlavieras\\\/\",\"name\":\"BK-46 Granin 700. SM-ottelun juhlavieras &#8212; GrIFK K\u00e4sipallo - miehet\",\"isPartOf\":{\"@id\":\"https:\\\/\\\/grifk-handball.com\\\/miehet\\\/#website\"},\"primaryImageOfPage\":{\"@id\":\"https:\\\/\\\/grifk-handball.com\\\/miehet\\\/kausi-2023-24\\\/ennakot-2023-24\\\/bk-46-granin-700-sm-ottelun-juhlavieras\\\/#primaryimage\"},\"image\":{\"@id\":\"https:\\\/\\\/grifk-handball.com\\\/miehet\\\/kausi-2023-24\\\/ennakot-2023-24\\\/bk-46-granin-700-sm-ottelun-juhlavieras\\\/#primaryimage\"},\"thumbnailUrl\":\"https:\\\/\\\/i0.wp.com\\\/grifk-handball.com\\\/miehet\\\/wp-content\\\/uploads\\\/sites\\\/2\\\/2023\\\/09\\\/380362382_10159741018475998_7606696746782450076_n.jpg?fit=2048%2C1463&ssl=1\",\"datePublished\":\"2023-09-22T10:39:00+00:00\",\"breadcrumb\":{\"@id\":\"https:\\\/\\\/grifk-handball.com\\\/miehet\\\/kausi-2023-24\\\/ennakot-2023-24\\\/bk-46-granin-700-sm-ottelun-juhlavieras\\\/#breadcrumb\"},\"inLanguage\":\"fi\",\"potentialAction\":[{\"@type\":\"ReadAction\",\"target\":[\"https:\\\/\\\/grifk-handball.com\\\/miehet\\\/kausi-2023-24\\\/ennakot-2023-24\\\/bk-46-granin-700-sm-ottelun-juhlavieras\\\/\"]}]},{\"@type\":\"ImageObject\",\"inLanguage\":\"fi\",\"@id\":\"https:\\\/\\\/grifk-handball.com\\\/miehet\\\/kausi-2023-24\\\/ennakot-2023-24\\\/bk-46-granin-700-sm-ottelun-juhlavieras\\\/#primaryimage\",\"url\":\"https:\\\/\\\/i0.wp.com\\\/grifk-handball.com\\\/miehet\\\/wp-content\\\/uploads\\\/sites\\\/2\\\/2023\\\/09\\\/380362382_10159741018475998_7606696746782450076_n.jpg?fit=2048%2C1463&ssl=1\",\"contentUrl\":\"https:\\\/\\\/i0.wp.com\\\/grifk-handball.com\\\/miehet\\\/wp-content\\\/uploads\\\/sites\\\/2\\\/2023\\\/09\\\/380362382_10159741018475998_7606696746782450076_n.jpg?fit=2048%2C1463&ssl=1\",\"width\":2048,\"height\":1463},{\"@type\":\"BreadcrumbList\",\"@id\":\"https:\\\/\\\/grifk-handball.com\\\/miehet\\\/kausi-2023-24\\\/ennakot-2023-24\\\/bk-46-granin-700-sm-ottelun-juhlavieras\\\/#breadcrumb\",\"itemListElement\":[{\"@type\":\"ListItem\",\"position\":1,\"name\":\"Home\",\"item\":\"https:\\\/\\\/grifk-handball.com\\\/miehet\\\/etusivu-260109\\\/\"},{\"@type\":\"ListItem\",\"position\":2,\"name\":\"BK-46 Granin 700. SM-ottelun juhlavieras\"}]},{\"@type\":\"WebSite\",\"@id\":\"https:\\\/\\\/grifk-handball.com\\\/miehet\\\/#website\",\"url\":\"https:\\\/\\\/grifk-handball.com\\\/miehet\\\/\",\"name\":\"GrIFK K\u00e4sipallo - miehet\",\"description\":\"BomBom!\",\"publisher\":{\"@id\":\"https:\\\/\\\/grifk-handball.com\\\/miehet\\\/#organization\"},\"potentialAction\":[{\"@type\":\"SearchAction\",\"target\":{\"@type\":\"EntryPoint\",\"urlTemplate\":\"https:\\\/\\\/grifk-handball.com\\\/miehet\\\/?s={search_term_string}\"},\"query-input\":{\"@type\":\"PropertyValueSpecification\",\"valueRequired\":true,\"valueName\":\"search_term_string\"}}],\"inLanguage\":\"fi\"},{\"@type\":\"Organization\",\"@id\":\"https:\\\/\\\/grifk-handball.com\\\/miehet\\\/#organization\",\"name\":\"GrIFK K\u00e4sipallo - miehet\",\"url\":\"https:\\\/\\\/grifk-handball.com\\\/miehet\\\/\",\"logo\":{\"@type\":\"ImageObject\",\"inLanguage\":\"fi\",\"@id\":\"https:\\\/\\\/grifk-handball.com\\\/miehet\\\/#\\\/schema\\\/logo\\\/image\\\/\",\"url\":\"https:\\\/\\\/i0.wp.com\\\/grifk-handball.com\\\/miehet\\\/wp-content\\\/uploads\\\/sites\\\/2\\\/2016\\\/10\\\/logo-grifk-iso.png?fit=1200%2C1400&ssl=1\",\"contentUrl\":\"https:\\\/\\\/i0.wp.com\\\/grifk-handball.com\\\/miehet\\\/wp-content\\\/uploads\\\/sites\\\/2\\\/2016\\\/10\\\/logo-grifk-iso.png?fit=1200%2C1400&ssl=1\",\"width\":1200,\"height\":1400,\"caption\":\"GrIFK K\u00e4sipallo - miehet\"},\"image\":{\"@id\":\"https:\\\/\\\/grifk-handball.com\\\/miehet\\\/#\\\/schema\\\/logo\\\/image\\\/\"},\"sameAs\":[\"https:\\\/\\\/www.facebook.com\\\/GrIFKelit\\\/\",\"https:\\\/\\\/x.com\\\/GrIFK_MSM\",\"https:\\\/\\\/www.instagram.com\\\/grifk_elit\\\/\"]},{\"@type\":\"Person\",\"@id\":\"https:\\\/\\\/grifk-handball.com\\\/miehet\\\/#\\\/schema\\\/person\\\/9da98c743e3f0f85a1b32f59241b48e0\",\"name\":\"granimaster\",\"image\":{\"@type\":\"ImageObject\",\"inLanguage\":\"fi\",\"@id\":\"https:\\\/\\\/secure.gravatar.com\\\/avatar\\\/034b8e6380fc659c320f13e17fe45bd9ab48a21e2debadd5f3179bde291949df?s=96&d=mm&r=g\",\"url\":\"https:\\\/\\\/secure.gravatar.com\\\/avatar\\\/034b8e6380fc659c320f13e17fe45bd9ab48a21e2debadd5f3179bde291949df?s=96&d=mm&r=g\",\"contentUrl\":\"https:\\\/\\\/secure.gravatar.com\\\/avatar\\\/034b8e6380fc659c320f13e17fe45bd9ab48a21e2debadd5f3179bde291949df?s=96&d=mm&r=g\",\"caption\":\"granimaster\"},\"url\":\"https:\\\/\\\/grifk-handball.com\\\/miehet\\\/author\\\/granimaster\\\/\"}]}<\/script>\n<!-- \/ Yoast SEO plugin. -->","yoast_head_json":{"title":"BK-46 Granin 700. SM-ottelun juhlavieras &#8212; GrIFK K\u00e4sipallo - miehet","robots":{"index":"index","follow":"follow","max-snippet":"max-snippet:-1","max-image-preview":"max-image-preview:large","max-video-preview":"max-video-preview:-1"},"canonical":"https:\/\/grifk-handball.com\/miehet\/kausi-2023-24\/ennakot-2023-24\/bk-46-granin-700-sm-ottelun-juhlavieras\/","og_locale":"fi_FI","og_type":"article","og_title":"BK-46 Granin 700. SM-ottelun juhlavieras &#8212; GrIFK K\u00e4sipallo - miehet","og_description":"Miesten SM-liiga on ehtinyt ottaa ensiaskeleensa, ja seuraava askel otetaan lauantaina Kauniaisten Luolassa. GrIFK is\u00e4nn\u00f6i 700. p\u00e4\u00e4sarjaottelussaan hallitsevaa Suomen mestari BK-46:tta kello 16 alkaen. Superlauantai starttaa jo kello 13:30 kun naisten Suomen mestari GrIFK saa vieraita Riihim\u00e4elt\u00e4.","og_url":"https:\/\/grifk-handball.com\/miehet\/kausi-2023-24\/ennakot-2023-24\/bk-46-granin-700-sm-ottelun-juhlavieras\/","og_site_name":"GrIFK K\u00e4sipallo - miehet","article_publisher":"https:\/\/www.facebook.com\/GrIFKelit\/","article_published_time":"2023-09-22T10:39:00+00:00","og_image":[{"width":2048,"height":1463,"url":"https:\/\/i0.wp.com\/grifk-handball.com\/miehet\/wp-content\/uploads\/sites\/2\/2023\/09\/380362382_10159741018475998_7606696746782450076_n.jpg?fit=2048%2C1463&ssl=1","type":"image\/jpeg"}],"author":"granimaster","twitter_card":"summary_large_image","twitter_creator":"@GrIFK_MSM","twitter_site":"@GrIFK_MSM","twitter_misc":{"Kirjoittanut":"granimaster","Arvioitu lukuaika":"6 minuuttia"},"schema":{"@context":"https:\/\/schema.org","@graph":[{"@type":"Article","@id":"https:\/\/grifk-handball.com\/miehet\/kausi-2023-24\/ennakot-2023-24\/bk-46-granin-700-sm-ottelun-juhlavieras\/#article","isPartOf":{"@id":"https:\/\/grifk-handball.com\/miehet\/kausi-2023-24\/ennakot-2023-24\/bk-46-granin-700-sm-ottelun-juhlavieras\/"},"author":{"name":"granimaster","@id":"https:\/\/grifk-handball.com\/miehet\/#\/schema\/person\/9da98c743e3f0f85a1b32f59241b48e0"},"headline":"BK-46 Granin 700. SM-ottelun juhlavieras","datePublished":"2023-09-22T10:39:00+00:00","mainEntityOfPage":{"@id":"https:\/\/grifk-handball.com\/miehet\/kausi-2023-24\/ennakot-2023-24\/bk-46-granin-700-sm-ottelun-juhlavieras\/"},"wordCount":1758,"publisher":{"@id":"https:\/\/grifk-handball.com\/miehet\/#organization"},"image":{"@id":"https:\/\/grifk-handball.com\/miehet\/kausi-2023-24\/ennakot-2023-24\/bk-46-granin-700-sm-ottelun-juhlavieras\/#primaryimage"},"thumbnailUrl":"https:\/\/i0.wp.com\/grifk-handball.com\/miehet\/wp-content\/uploads\/sites\/2\/2023\/09\/380362382_10159741018475998_7606696746782450076_n.jpg?fit=2048%2C1463&ssl=1","keywords":["#BomBom","#GrIFKHandball","BK-46","GrIFK","Runkosarja","SM-liiga"],"articleSection":["Ennakot 2023-24"],"inLanguage":"fi"},{"@type":"WebPage","@id":"https:\/\/grifk-handball.com\/miehet\/kausi-2023-24\/ennakot-2023-24\/bk-46-granin-700-sm-ottelun-juhlavieras\/","url":"https:\/\/grifk-handball.com\/miehet\/kausi-2023-24\/ennakot-2023-24\/bk-46-granin-700-sm-ottelun-juhlavieras\/","name":"BK-46 Granin 700. SM-ottelun juhlavieras &#8212; GrIFK K\u00e4sipallo - miehet","isPartOf":{"@id":"https:\/\/grifk-handball.com\/miehet\/#website"},"primaryImageOfPage":{"@id":"https:\/\/grifk-handball.com\/miehet\/kausi-2023-24\/ennakot-2023-24\/bk-46-granin-700-sm-ottelun-juhlavieras\/#primaryimage"},"image":{"@id":"https:\/\/grifk-handball.com\/miehet\/kausi-2023-24\/ennakot-2023-24\/bk-46-granin-700-sm-ottelun-juhlavieras\/#primaryimage"},"thumbnailUrl":"https:\/\/i0.wp.com\/grifk-handball.com\/miehet\/wp-content\/uploads\/sites\/2\/2023\/09\/380362382_10159741018475998_7606696746782450076_n.jpg?fit=2048%2C1463&ssl=1","datePublished":"2023-09-22T10:39:00+00:00","breadcrumb":{"@id":"https:\/\/grifk-handball.com\/miehet\/kausi-2023-24\/ennakot-2023-24\/bk-46-granin-700-sm-ottelun-juhlavieras\/#breadcrumb"},"inLanguage":"fi","potentialAction":[{"@type":"ReadAction","target":["https:\/\/grifk-handball.com\/miehet\/kausi-2023-24\/ennakot-2023-24\/bk-46-granin-700-sm-ottelun-juhlavieras\/"]}]},{"@type":"ImageObject","inLanguage":"fi","@id":"https:\/\/grifk-handball.com\/miehet\/kausi-2023-24\/ennakot-2023-24\/bk-46-granin-700-sm-ottelun-juhlavieras\/#primaryimage","url":"https:\/\/i0.wp.com\/grifk-handball.com\/miehet\/wp-content\/uploads\/sites\/2\/2023\/09\/380362382_10159741018475998_7606696746782450076_n.jpg?fit=2048%2C1463&ssl=1","contentUrl":"https:\/\/i0.wp.com\/grifk-handball.com\/miehet\/wp-content\/uploads\/sites\/2\/2023\/09\/380362382_10159741018475998_7606696746782450076_n.jpg?fit=2048%2C1463&ssl=1","width":2048,"height":1463},{"@type":"BreadcrumbList","@id":"https:\/\/grifk-handball.com\/miehet\/kausi-2023-24\/ennakot-2023-24\/bk-46-granin-700-sm-ottelun-juhlavieras\/#breadcrumb","itemListElement":[{"@type":"ListItem","position":1,"name":"Home","item":"https:\/\/grifk-handball.com\/miehet\/etusivu-260109\/"},{"@type":"ListItem","position":2,"name":"BK-46 Granin 700. SM-ottelun juhlavieras"}]},{"@type":"WebSite","@id":"https:\/\/grifk-handball.com\/miehet\/#website","url":"https:\/\/grifk-handball.com\/miehet\/","name":"GrIFK K\u00e4sipallo - miehet","description":"BomBom!","publisher":{"@id":"https:\/\/grifk-handball.com\/miehet\/#organization"},"potentialAction":[{"@type":"SearchAction","target":{"@type":"EntryPoint","urlTemplate":"https:\/\/grifk-handball.com\/miehet\/?s={search_term_string}"},"query-input":{"@type":"PropertyValueSpecification","valueRequired":true,"valueName":"search_term_string"}}],"inLanguage":"fi"},{"@type":"Organization","@id":"https:\/\/grifk-handball.com\/miehet\/#organization","name":"GrIFK K\u00e4sipallo - miehet","url":"https:\/\/grifk-handball.com\/miehet\/","logo":{"@type":"ImageObject","inLanguage":"fi","@id":"https:\/\/grifk-handball.com\/miehet\/#\/schema\/logo\/image\/","url":"https:\/\/i0.wp.com\/grifk-handball.com\/miehet\/wp-content\/uploads\/sites\/2\/2016\/10\/logo-grifk-iso.png?fit=1200%2C1400&ssl=1","contentUrl":"https:\/\/i0.wp.com\/grifk-handball.com\/miehet\/wp-content\/uploads\/sites\/2\/2016\/10\/logo-grifk-iso.png?fit=1200%2C1400&ssl=1","width":1200,"height":1400,"caption":"GrIFK K\u00e4sipallo - miehet"},"image":{"@id":"https:\/\/grifk-handball.com\/miehet\/#\/schema\/logo\/image\/"},"sameAs":["https:\/\/www.facebook.com\/GrIFKelit\/","https:\/\/x.com\/GrIFK_MSM","https:\/\/www.instagram.com\/grifk_elit\/"]},{"@type":"Person","@id":"https:\/\/grifk-handball.com\/miehet\/#\/schema\/person\/9da98c743e3f0f85a1b32f59241b48e0","name":"granimaster","image":{"@type":"ImageObject","inLanguage":"fi","@id":"https:\/\/secure.gravatar.com\/avatar\/034b8e6380fc659c320f13e17fe45bd9ab48a21e2debadd5f3179bde291949df?s=96&d=mm&r=g","url":"https:\/\/secure.gravatar.com\/avatar\/034b8e6380fc659c320f13e17fe45bd9ab48a21e2debadd5f3179bde291949df?s=96&d=mm&r=g","contentUrl":"https:\/\/secure.gravatar.com\/avatar\/034b8e6380fc659c320f13e17fe45bd9ab48a21e2debadd5f3179bde291949df?s=96&d=mm&r=g","caption":"granimaster"},"url":"https:\/\/grifk-handball.com\/miehet\/author\/granimaster\/"}]}},"jetpack_featured_media_url":"https:\/\/i0.wp.com\/grifk-handball.com\/miehet\/wp-content\/uploads\/sites\/2\/2023\/09\/380362382_10159741018475998_7606696746782450076_n.jpg?fit=2048%2C1463&ssl=1","jetpack_shortlink":"https:\/\/wp.me\/p9jQ9a-5ec","_links":{"self":[{"href":"https:\/\/grifk-handball.com\/miehet\/wp-json\/wp\/v2\/posts\/20100","targetHints":{"allow":["GET"]}}],"collection":[{"href":"https:\/\/grifk-handball.com\/miehet\/wp-json\/wp\/v2\/posts"}],"about":[{"href":"https:\/\/grifk-handball.com\/miehet\/wp-json\/wp\/v2\/types\/post"}],"author":[{"embeddable":true,"href":"https:\/\/grifk-handball.com\/miehet\/wp-json\/wp\/v2\/users\/1"}],"replies":[{"embeddable":true,"href":"https:\/\/grifk-handball.com\/miehet\/wp-json\/wp\/v2\/comments?post=20100"}],"version-history":[{"count":5,"href":"https:\/\/grifk-handball.com\/miehet\/wp-json\/wp\/v2\/posts\/20100\/revisions"}],"predecessor-version":[{"id":20418,"href":"https:\/\/grifk-handball.com\/miehet\/wp-json\/wp\/v2\/posts\/20100\/revisions\/20418"}],"wp:featuredmedia":[{"embeddable":true,"href":"https:\/\/grifk-handball.com\/miehet\/wp-json\/wp\/v2\/media\/20060"}],"wp:attachment":[{"href":"https:\/\/grifk-handball.com\/miehet\/wp-json\/wp\/v2\/media?parent=20100"}],"wp:term":[{"taxonomy":"category","embeddable":true,"href":"https:\/\/grifk-handball.com\/miehet\/wp-json\/wp\/v2\/categories?post=20100"},{"taxonomy":"post_tag","embeddable":true,"href":"https:\/\/grifk-handball.com\/miehet\/wp-json\/wp\/v2\/tags?post=20100"}],"curies":[{"name":"wp","href":"https:\/\/api.w.org\/{rel}","templated":true}]}}