{"id":20772,"date":"2023-11-08T17:04:25","date_gmt":"2023-11-08T15:04:25","guid":{"rendered":"https:\/\/grifk-handball.com\/miehet\/?p=20772"},"modified":"2023-11-08T17:04:25","modified_gmt":"2023-11-08T15:04:25","slug":"grifk-isannoi-lauantaina-aifkta","status":"publish","type":"post","link":"https:\/\/grifk-handball.com\/miehet\/kausi-2023-24\/ennakot-2023-24\/grifk-isannoi-lauantaina-aifkta\/","title":{"rendered":"GrIFK is\u00e4nn\u00f6i lauantaina \u00c5IFK:ta"},"content":{"rendered":"<p><strong>SM-liiga palaa maajoukkuetauolta kolmen ottelun voimin lauantaina. Sinkkup\u00e4iv\u00e4n 11.11. ohjelmassa ovat ottelut SIF-HIFK, Cocks-Dicken ja Kauniaisten Luolassa pelattava GrIFK-\u00c5IFK. Kaikki ottelut alkavat samalla kellonly\u00f6m\u00e4ll\u00e4 kello 16:00<\/strong><strong>.<\/strong><\/p>\n<p><!--more-->\u00c5IFK on saalistanut kuudesta pelaamastaan ottelussa yhden pisteen tasapelist\u00e4 SIF:n kanssa lokakuun alussa, jolloin sarjapisteet Samppalinnassa jaettiin maalein 32-32. Pisteit\u00e4 olisi otteluohjelman mukaan voinut olla tarjolla my\u00f6s paria viikkoa my\u00f6hemmin, mutta Dickenin tehty\u00e4 oharit, j\u00e4i turkulaisilta lis\u00e4pisteet sill\u00e4 kerralla saamatta.<\/p>\n<p>Dickenille tuomitun kahden pisteen menetyksen my\u00f6t\u00e4 viime kaudella Play offien ulkopuolelle j\u00e4tetty \u00c5IFK on kuitenkin vahvasti jumbosijan yl\u00e4puolella. Turkulaiset p\u00e4\u00e4sev\u00e4t vihdoin Dickenin kimppuun ja hakemaan tuloksen maksimointia 8.12.<\/p>\n<p>\u00c5IFK on kaatunut Granille syksyn mittaan jo kahdesti, ensin runkosarjan avauksessa 30-25 ja reilu viikko t\u00e4st\u00e4 Suomen Cupissa 35-26.<\/p>\n<p>Kauniaisiin kovasti edelliskaudesta nuorentunut \u00c5IFK saapuu ilman kolmea lahjakasta junioriaan. William Sj\u00f6holm, Liam Ranta-aho ja William Malkam\u00e4ki ovat hakemassa k\u00e4sipallo-oppia nelj\u00e4n viikon vierailulla Koldingissa.<\/p>\n<p>Heist\u00e4 Sj\u00f6holm on joukkueen sis\u00e4isess\u00e4 maalip\u00f6rssiss\u00e4 kolmantena, edell\u00e4\u00e4n vain joukkueen kokeneimmat pelurit Martin Gristsuk ja kasvattajaseuraansa vastaan pelaamaan saapuva Wilhelm Hammarberg.<\/p>\n<p>GrIFK:lla on tuloksellisesti kulkenut runkosarjan alku erinomaisesti. Seitsem\u00e4n ottelun j\u00e4lkeen plakkarissa on jo kuusi voittoa ja joukkue on SM-liigassa jaetulla k\u00e4rkipaikalla BK-46:n kanssa.<\/p>\n<p>Granin edellinen ottelu Dickeni\u00e4 kulki reilut kolme varttia hyvin omassa kontrollissa mutta parhaimmillaan kuuden maalin johto kutistui lopulta vain yhden maalin voittoon.<\/p>\n<p>Mikael K\u00e4llmanin miehist\u00f6ll\u00e4 onkin nyt teht\u00e4v\u00e4n\u00e4 varmistaa t\u00e4yden 60 minuutin ehj\u00e4 paketti. Siit\u00e4 tulee osaltaan pit\u00e4m\u00e4\u00e4n huolen maajoukkueen keskipuolustuksessa Iso-Britanniaa vastaan hyv\u00e4t ottelut ahertaneet Richard Sundberg ja Kalle Kankaanp\u00e4\u00e4 sek\u00e4 SM-liigan torjuntatilaston ykk\u00f6nen Patrik Roslander.<\/p>\n<p><em>Kuva: <a href=\"https:\/\/www.facebook.com\/jouni.lappi\" target=\"_blank\" rel=\"noopener\">Jouni Lappi<\/a><br \/>\n<\/em><br \/>\n\n<style type=\"text\/css\" data-created_by=\"avia_inline_auto\" id=\"style-css-av-kx7j068l-ca3e3dab2def9c278f7f902ab1c168f2\">\n#top .hr.hr-invisible.av-kx7j068l-ca3e3dab2def9c278f7f902ab1c168f2{\nheight:10px;\n}\n<\/style>\n<div  class='hr av-kx7j068l-ca3e3dab2def9c278f7f902ab1c168f2 hr-invisible  avia-builder-el-0  el_before_av_one_half  avia-builder-el-first '><span class='hr-inner '><span class=\"hr-inner-style\"><\/span><\/span><\/div><\/p>\n<div class='flex_column_table av-26no2i2-98375165225a58605c4a5effd630c591 sc-av_one_half av-equal-height-column-flextable'>\n<style type=\"text\/css\" data-created_by=\"avia_inline_auto\" id=\"style-css-av-26no2i2-98375165225a58605c4a5effd630c591\">\n#top .flex_column_table.av-equal-height-column-flextable.av-26no2i2-98375165225a58605c4a5effd630c591{\nmargin-top:20px;\nmargin-bottom:20px;\n}\n.flex_column.av-26no2i2-98375165225a58605c4a5effd630c591{\nborder-radius:0px 0px 0px 0px;\npadding:20px 20px 20px 20px;\n}\n<\/style>\n<div  class='flex_column av-26no2i2-98375165225a58605c4a5effd630c591 av_one_half  avia-builder-el-1  el_after_av_hr  el_before_av_one_half  first flex_column_table_cell av-equal-height-column av-align-bottom  '     ><section  class='av_textblock_section av-ktybyxyq-41d3ce00cbf300cee36fda2a0ed4569f '   itemscope=\"itemscope\" itemtype=\"https:\/\/schema.org\/BlogPosting\" itemprop=\"blogPost\" ><div class='avia_textblock'  itemprop=\"text\" ><div class=\"nextmatchstream\">\n<p style=\"text-align: center;\"><script src=\"http:\/\/tulospalvelu.finnhandball.net\/taso\/widget.php?widget=nextmatch&#038;css=1&#038;teamid=103471&#038;otteluid= 506597\"><\/script><\/p>\n<\/div>\n<\/div><\/section><br \/>\n<div  class='avia-button-wrap avia-button-center  avia-builder-el-3  el_after_av_textblock  avia-builder-el-last '>\n<style type=\"text\/css\" data-created_by=\"avia_inline_auto\" id=\"style-css-av-5r557l-fe359075d71821437c287f17eeb3ed61\">\n#top #wrap_all .avia-button.av-5r557l-fe359075d71821437c287f17eeb3ed61{\nbackground-color:#0051a9;\nborder-color:#0051a9;\ntransition:all 0.4s ease-in-out;\n}\n#top #wrap_all .avia-button.av-5r557l-fe359075d71821437c287f17eeb3ed61:hover{\ncolor:black;\ntransition:all 0.4s ease-in-out;\n}\n#top #wrap_all .avia-button.av-5r557l-fe359075d71821437c287f17eeb3ed61:hover .avia-svg-icon svg:first-child{\nfill:black;\nstroke:black;\n}\n<\/style>\n<a href='\/miehet\/liput#solidsport' class='avia-font-color-theme-color avia-button avia-button-fullwidth av-5r557l-fe359075d71821437c287f17eeb3ed61 avia-icon_select-no avia-color-custom'   aria-label=\"Kaikki matsit liven\u00e4 \u00bb\"><span class='avia_iconbox_title' >Kaikki matsit liven\u00e4 \u00bb<\/span><span class='avia_button_background avia-button avia-button-fullwidth avia-color-theme-color-subtle'><\/span><\/a><\/div><\/p><\/div>\n<div class='av-flex-placeholder'><\/div>\n<style type=\"text\/css\" data-created_by=\"avia_inline_auto\" id=\"style-css-av-kwmbj375-96b583b2d592876e6d59735a3160e2ae\">\n#top .flex_column_table.av-equal-height-column-flextable.av-kwmbj375-96b583b2d592876e6d59735a3160e2ae{\nmargin-top:20px;\nmargin-bottom:20px;\n}\n.flex_column.av-kwmbj375-96b583b2d592876e6d59735a3160e2ae{\npadding:20px 10px 20px 10px;\n}\n<\/style>\n<div  class='flex_column av-kwmbj375-96b583b2d592876e6d59735a3160e2ae av_one_half  avia-builder-el-4  el_after_av_one_half  avia-builder-el-last  flex_column_table_cell av-equal-height-column av-align-bottom  '     ><section  class='av_textblock_section av-lnhbdvcw-4e9826c78e981a1673caca7832b1d887 '   itemscope=\"itemscope\" itemtype=\"https:\/\/schema.org\/BlogPosting\" itemprop=\"blogPost\" ><div class='avia_textblock'  itemprop=\"text\" ><h3>Aiemmin t\u00e4ll\u00e4 kaudella<\/h3>\n<p><a href=\"https:\/\/grifk-handball.com\/miehet\/kausi-2023-24\/ottelut-2023-24\/grifk-suomen-cupin-lopputurnaukseen-aifk-kaatui-toistamiseen\/\">29.09.23 SC \u00c5IFK &#8211; GrIFK 26 &#8211; 35<\/a><br \/>\n<a href=\"https:\/\/grifk-handball.com\/miehet\/kausi-2023-24\/ottelut-2023-24\/grifk-taisteli-liigan-avauspisteet-turussa\/\">20.09.23 RS \u00c5IFK &#8211; GrIFK 25 &#8211; 30<\/a><\/p>\n<h3>Viime kaudella<\/h3>\n<p>17.12.22 \u00c5IFK \u2013 GrIFK 23 \u2013 27<br \/>\n05.11.22 GrIFK \u2013 \u00c5IFK 25 \u2013 23<br \/>\n10.09.22 \u00c5IFK \u2013 GrIFK 26 \u2013 39<\/p>\n<\/div><\/section><br \/>\n<div  class='avia-button-wrap avia-button-center  avia-builder-el-6  el_after_av_textblock  el_before_av_button_big '>\n<style type=\"text\/css\" data-created_by=\"avia_inline_auto\" id=\"style-css-av-17kgrwh-a98f5cd1b7b96238537168ad5c71edb0\">\n#top #wrap_all .avia-button.av-17kgrwh-a98f5cd1b7b96238537168ad5c71edb0:hover{\ncolor:white;\ntransition:all 0.4s ease-in-out;\n}\n#top #wrap_all .avia-button.av-17kgrwh-a98f5cd1b7b96238537168ad5c71edb0:hover .avia-svg-icon svg:first-child{\nfill:white;\nstroke:white;\n}\n<\/style>\n<a href='https:\/\/grifk-handball.com\/miehet\/liput\/' class='avia-color-theme-color avia-font-color-theme-color avia-button avia-button-fullwidth av-17kgrwh-a98f5cd1b7b96238537168ad5c71edb0 avia-icon_select-no avia-color-theme-color'   aria-label=\"Kausikortit ja liput\"><span class='avia_iconbox_title' >Kausikortit ja liput<\/span><span class='avia_button_background avia-button avia-button-fullwidth avia-color-theme-color-highlight'><\/span><\/a><\/div><br \/>\n<div  class='avia-button-wrap avia-button-center  avia-builder-el-7  el_after_av_button_big  avia-builder-el-last '>\n<style type=\"text\/css\" data-created_by=\"avia_inline_auto\" id=\"style-css-av-tanou9-de2722ad5a69d15c8d4b0ceb1e4e0101\">\n#top #wrap_all .avia-button.av-tanou9-de2722ad5a69d15c8d4b0ceb1e4e0101:hover{\ncolor:white;\ntransition:all 0.4s ease-in-out;\n}\n#top #wrap_all .avia-button.av-tanou9-de2722ad5a69d15c8d4b0ceb1e4e0101:hover .avia-svg-icon svg:first-child{\nfill:white;\nstroke:white;\n}\n<\/style>\n<a href='https:\/\/grifk-handball.com\/miehet\/liput\/vip-kortit\/' class='avia-color-theme-color avia-font-color-theme-color avia-button avia-button-fullwidth av-tanou9-de2722ad5a69d15c8d4b0ceb1e4e0101 avia-icon_select-no avia-color-theme-color'   aria-label=\"VIP-kausikortit\"><span class='avia_iconbox_title' >VIP-kausikortit<\/span><span class='avia_button_background avia-button avia-button-fullwidth avia-color-theme-color-highlight'><\/span><\/a><\/div><\/p><\/div><\/div><!--close column table wrapper. Autoclose: 1 -->\n","protected":false},"excerpt":{"rendered":"<p>SM-liiga palaa maajoukkuetauolta kolmen ottelun voimin lauantaina. Sinkkup\u00e4iv\u00e4n 11.11. ohjelmassa ovat ottelut SIF-HIFK, Cocks-Dicken ja Kauniaisten Luolassa pelattava GrIFK-\u00c5IFK. Kaikki ottelut alkavat samalla kellonly\u00f6m\u00e4ll\u00e4 kello 16:00.<\/p>\n","protected":false},"author":1,"featured_media":20373,"comment_status":"closed","ping_status":"closed","sticky":false,"template":"","format":"standard","meta":{"_acf_changed":false,"footnotes":""},"categories":[540],"tags":[12,26,15,25,38,41],"class_list":["post-20772","post","type-post","status-publish","format-standard","has-post-thumbnail","hentry","category-ennakot-2023-24","tag-bombom","tag-grifkhandball","tag-aifk","tag-grifk","tag-runkosarja","tag-sm-liiga"],"acf":[],"yoast_head":"<!-- This site is optimized with the Yoast SEO plugin v27.5 - https:\/\/yoast.com\/product\/yoast-seo-wordpress\/ -->\n<title>GrIFK is\u00e4nn\u00f6i lauantaina \u00c5IFK:ta &#8212; GrIFK K\u00e4sipallo - miehet<\/title>\n<meta name=\"robots\" content=\"index, follow, max-snippet:-1, max-image-preview:large, max-video-preview:-1\" \/>\n<link rel=\"canonical\" href=\"https:\/\/grifk-handball.com\/miehet\/kausi-2023-24\/ennakot-2023-24\/grifk-isannoi-lauantaina-aifkta\/\" \/>\n<meta property=\"og:locale\" content=\"fi_FI\" \/>\n<meta property=\"og:type\" content=\"article\" \/>\n<meta property=\"og:title\" content=\"GrIFK is\u00e4nn\u00f6i lauantaina \u00c5IFK:ta &#8212; GrIFK K\u00e4sipallo - miehet\" \/>\n<meta property=\"og:description\" content=\"SM-liiga palaa maajoukkuetauolta kolmen ottelun voimin lauantaina. Sinkkup\u00e4iv\u00e4n 11.11. ohjelmassa ovat ottelut SIF-HIFK, Cocks-Dicken ja Kauniaisten Luolassa pelattava GrIFK-\u00c5IFK. Kaikki ottelut alkavat samalla kellonly\u00f6m\u00e4ll\u00e4 kello 16:00.\" \/>\n<meta property=\"og:url\" content=\"https:\/\/grifk-handball.com\/miehet\/kausi-2023-24\/ennakot-2023-24\/grifk-isannoi-lauantaina-aifkta\/\" \/>\n<meta property=\"og:site_name\" content=\"GrIFK K\u00e4sipallo - miehet\" \/>\n<meta property=\"article:publisher\" content=\"https:\/\/www.facebook.com\/GrIFKelit\/\" \/>\n<meta property=\"article:published_time\" content=\"2023-11-08T15:04:25+00:00\" \/>\n<meta property=\"og:image\" content=\"https:\/\/i0.wp.com\/grifk-handball.com\/miehet\/wp-content\/uploads\/sites\/2\/2023\/10\/381226898_10159760143905998_912557658785913512_n-e1699308369378.jpg?fit=1539%2C863&ssl=1\" \/>\n\t<meta property=\"og:image:width\" content=\"1539\" \/>\n\t<meta property=\"og:image:height\" content=\"863\" \/>\n\t<meta property=\"og:image:type\" content=\"image\/jpeg\" \/>\n<meta name=\"author\" content=\"granimaster\" \/>\n<meta name=\"twitter:card\" content=\"summary_large_image\" \/>\n<meta name=\"twitter:creator\" content=\"@GrIFK_MSM\" \/>\n<meta name=\"twitter:site\" content=\"@GrIFK_MSM\" \/>\n<meta name=\"twitter:label1\" content=\"Kirjoittanut\" \/>\n\t<meta name=\"twitter:data1\" content=\"granimaster\" \/>\n\t<meta name=\"twitter:label2\" content=\"Arvioitu lukuaika\" \/>\n\t<meta name=\"twitter:data2\" content=\"5 minuuttia\" \/>\n<script type=\"application\/ld+json\" class=\"yoast-schema-graph\">{\"@context\":\"https:\\\/\\\/schema.org\",\"@graph\":[{\"@type\":\"Article\",\"@id\":\"https:\\\/\\\/grifk-handball.com\\\/miehet\\\/kausi-2023-24\\\/ennakot-2023-24\\\/grifk-isannoi-lauantaina-aifkta\\\/#article\",\"isPartOf\":{\"@id\":\"https:\\\/\\\/grifk-handball.com\\\/miehet\\\/kausi-2023-24\\\/ennakot-2023-24\\\/grifk-isannoi-lauantaina-aifkta\\\/\"},\"author\":{\"name\":\"granimaster\",\"@id\":\"https:\\\/\\\/grifk-handball.com\\\/miehet\\\/#\\\/schema\\\/person\\\/9da98c743e3f0f85a1b32f59241b48e0\"},\"headline\":\"GrIFK is\u00e4nn\u00f6i lauantaina \u00c5IFK:ta\",\"datePublished\":\"2023-11-08T15:04:25+00:00\",\"mainEntityOfPage\":{\"@id\":\"https:\\\/\\\/grifk-handball.com\\\/miehet\\\/kausi-2023-24\\\/ennakot-2023-24\\\/grifk-isannoi-lauantaina-aifkta\\\/\"},\"wordCount\":1431,\"publisher\":{\"@id\":\"https:\\\/\\\/grifk-handball.com\\\/miehet\\\/#organization\"},\"image\":{\"@id\":\"https:\\\/\\\/grifk-handball.com\\\/miehet\\\/kausi-2023-24\\\/ennakot-2023-24\\\/grifk-isannoi-lauantaina-aifkta\\\/#primaryimage\"},\"thumbnailUrl\":\"https:\\\/\\\/i0.wp.com\\\/grifk-handball.com\\\/miehet\\\/wp-content\\\/uploads\\\/sites\\\/2\\\/2023\\\/10\\\/381226898_10159760143905998_912557658785913512_n-e1699308369378.jpg?fit=1539%2C863&ssl=1\",\"keywords\":[\"#BomBom\",\"#GrIFKHandball\",\"\u00c5IFK\",\"GrIFK\",\"Runkosarja\",\"SM-liiga\"],\"articleSection\":[\"Ennakot 2023-24\"],\"inLanguage\":\"fi\"},{\"@type\":\"WebPage\",\"@id\":\"https:\\\/\\\/grifk-handball.com\\\/miehet\\\/kausi-2023-24\\\/ennakot-2023-24\\\/grifk-isannoi-lauantaina-aifkta\\\/\",\"url\":\"https:\\\/\\\/grifk-handball.com\\\/miehet\\\/kausi-2023-24\\\/ennakot-2023-24\\\/grifk-isannoi-lauantaina-aifkta\\\/\",\"name\":\"GrIFK is\u00e4nn\u00f6i lauantaina \u00c5IFK:ta &#8212; GrIFK K\u00e4sipallo - miehet\",\"isPartOf\":{\"@id\":\"https:\\\/\\\/grifk-handball.com\\\/miehet\\\/#website\"},\"primaryImageOfPage\":{\"@id\":\"https:\\\/\\\/grifk-handball.com\\\/miehet\\\/kausi-2023-24\\\/ennakot-2023-24\\\/grifk-isannoi-lauantaina-aifkta\\\/#primaryimage\"},\"image\":{\"@id\":\"https:\\\/\\\/grifk-handball.com\\\/miehet\\\/kausi-2023-24\\\/ennakot-2023-24\\\/grifk-isannoi-lauantaina-aifkta\\\/#primaryimage\"},\"thumbnailUrl\":\"https:\\\/\\\/i0.wp.com\\\/grifk-handball.com\\\/miehet\\\/wp-content\\\/uploads\\\/sites\\\/2\\\/2023\\\/10\\\/381226898_10159760143905998_912557658785913512_n-e1699308369378.jpg?fit=1539%2C863&ssl=1\",\"datePublished\":\"2023-11-08T15:04:25+00:00\",\"breadcrumb\":{\"@id\":\"https:\\\/\\\/grifk-handball.com\\\/miehet\\\/kausi-2023-24\\\/ennakot-2023-24\\\/grifk-isannoi-lauantaina-aifkta\\\/#breadcrumb\"},\"inLanguage\":\"fi\",\"potentialAction\":[{\"@type\":\"ReadAction\",\"target\":[\"https:\\\/\\\/grifk-handball.com\\\/miehet\\\/kausi-2023-24\\\/ennakot-2023-24\\\/grifk-isannoi-lauantaina-aifkta\\\/\"]}]},{\"@type\":\"ImageObject\",\"inLanguage\":\"fi\",\"@id\":\"https:\\\/\\\/grifk-handball.com\\\/miehet\\\/kausi-2023-24\\\/ennakot-2023-24\\\/grifk-isannoi-lauantaina-aifkta\\\/#primaryimage\",\"url\":\"https:\\\/\\\/i0.wp.com\\\/grifk-handball.com\\\/miehet\\\/wp-content\\\/uploads\\\/sites\\\/2\\\/2023\\\/10\\\/381226898_10159760143905998_912557658785913512_n-e1699308369378.jpg?fit=1539%2C863&ssl=1\",\"contentUrl\":\"https:\\\/\\\/i0.wp.com\\\/grifk-handball.com\\\/miehet\\\/wp-content\\\/uploads\\\/sites\\\/2\\\/2023\\\/10\\\/381226898_10159760143905998_912557658785913512_n-e1699308369378.jpg?fit=1539%2C863&ssl=1\",\"width\":1539,\"height\":863},{\"@type\":\"BreadcrumbList\",\"@id\":\"https:\\\/\\\/grifk-handball.com\\\/miehet\\\/kausi-2023-24\\\/ennakot-2023-24\\\/grifk-isannoi-lauantaina-aifkta\\\/#breadcrumb\",\"itemListElement\":[{\"@type\":\"ListItem\",\"position\":1,\"name\":\"Home\",\"item\":\"https:\\\/\\\/grifk-handball.com\\\/miehet\\\/etusivu-260109\\\/\"},{\"@type\":\"ListItem\",\"position\":2,\"name\":\"GrIFK is\u00e4nn\u00f6i lauantaina \u00c5IFK:ta\"}]},{\"@type\":\"WebSite\",\"@id\":\"https:\\\/\\\/grifk-handball.com\\\/miehet\\\/#website\",\"url\":\"https:\\\/\\\/grifk-handball.com\\\/miehet\\\/\",\"name\":\"GrIFK K\u00e4sipallo - miehet\",\"description\":\"BomBom!\",\"publisher\":{\"@id\":\"https:\\\/\\\/grifk-handball.com\\\/miehet\\\/#organization\"},\"potentialAction\":[{\"@type\":\"SearchAction\",\"target\":{\"@type\":\"EntryPoint\",\"urlTemplate\":\"https:\\\/\\\/grifk-handball.com\\\/miehet\\\/?s={search_term_string}\"},\"query-input\":{\"@type\":\"PropertyValueSpecification\",\"valueRequired\":true,\"valueName\":\"search_term_string\"}}],\"inLanguage\":\"fi\"},{\"@type\":\"Organization\",\"@id\":\"https:\\\/\\\/grifk-handball.com\\\/miehet\\\/#organization\",\"name\":\"GrIFK K\u00e4sipallo - miehet\",\"url\":\"https:\\\/\\\/grifk-handball.com\\\/miehet\\\/\",\"logo\":{\"@type\":\"ImageObject\",\"inLanguage\":\"fi\",\"@id\":\"https:\\\/\\\/grifk-handball.com\\\/miehet\\\/#\\\/schema\\\/logo\\\/image\\\/\",\"url\":\"https:\\\/\\\/i0.wp.com\\\/grifk-handball.com\\\/miehet\\\/wp-content\\\/uploads\\\/sites\\\/2\\\/2016\\\/10\\\/logo-grifk-iso.png?fit=1200%2C1400&ssl=1\",\"contentUrl\":\"https:\\\/\\\/i0.wp.com\\\/grifk-handball.com\\\/miehet\\\/wp-content\\\/uploads\\\/sites\\\/2\\\/2016\\\/10\\\/logo-grifk-iso.png?fit=1200%2C1400&ssl=1\",\"width\":1200,\"height\":1400,\"caption\":\"GrIFK K\u00e4sipallo - miehet\"},\"image\":{\"@id\":\"https:\\\/\\\/grifk-handball.com\\\/miehet\\\/#\\\/schema\\\/logo\\\/image\\\/\"},\"sameAs\":[\"https:\\\/\\\/www.facebook.com\\\/GrIFKelit\\\/\",\"https:\\\/\\\/x.com\\\/GrIFK_MSM\",\"https:\\\/\\\/www.instagram.com\\\/grifk_elit\\\/\"]},{\"@type\":\"Person\",\"@id\":\"https:\\\/\\\/grifk-handball.com\\\/miehet\\\/#\\\/schema\\\/person\\\/9da98c743e3f0f85a1b32f59241b48e0\",\"name\":\"granimaster\",\"image\":{\"@type\":\"ImageObject\",\"inLanguage\":\"fi\",\"@id\":\"https:\\\/\\\/secure.gravatar.com\\\/avatar\\\/034b8e6380fc659c320f13e17fe45bd9ab48a21e2debadd5f3179bde291949df?s=96&d=mm&r=g\",\"url\":\"https:\\\/\\\/secure.gravatar.com\\\/avatar\\\/034b8e6380fc659c320f13e17fe45bd9ab48a21e2debadd5f3179bde291949df?s=96&d=mm&r=g\",\"contentUrl\":\"https:\\\/\\\/secure.gravatar.com\\\/avatar\\\/034b8e6380fc659c320f13e17fe45bd9ab48a21e2debadd5f3179bde291949df?s=96&d=mm&r=g\",\"caption\":\"granimaster\"},\"url\":\"https:\\\/\\\/grifk-handball.com\\\/miehet\\\/author\\\/granimaster\\\/\"}]}<\/script>\n<!-- \/ Yoast SEO plugin. -->","yoast_head_json":{"title":"GrIFK is\u00e4nn\u00f6i lauantaina \u00c5IFK:ta &#8212; GrIFK K\u00e4sipallo - miehet","robots":{"index":"index","follow":"follow","max-snippet":"max-snippet:-1","max-image-preview":"max-image-preview:large","max-video-preview":"max-video-preview:-1"},"canonical":"https:\/\/grifk-handball.com\/miehet\/kausi-2023-24\/ennakot-2023-24\/grifk-isannoi-lauantaina-aifkta\/","og_locale":"fi_FI","og_type":"article","og_title":"GrIFK is\u00e4nn\u00f6i lauantaina \u00c5IFK:ta &#8212; GrIFK K\u00e4sipallo - miehet","og_description":"SM-liiga palaa maajoukkuetauolta kolmen ottelun voimin lauantaina. Sinkkup\u00e4iv\u00e4n 11.11. ohjelmassa ovat ottelut SIF-HIFK, Cocks-Dicken ja Kauniaisten Luolassa pelattava GrIFK-\u00c5IFK. Kaikki ottelut alkavat samalla kellonly\u00f6m\u00e4ll\u00e4 kello 16:00.","og_url":"https:\/\/grifk-handball.com\/miehet\/kausi-2023-24\/ennakot-2023-24\/grifk-isannoi-lauantaina-aifkta\/","og_site_name":"GrIFK K\u00e4sipallo - miehet","article_publisher":"https:\/\/www.facebook.com\/GrIFKelit\/","article_published_time":"2023-11-08T15:04:25+00:00","og_image":[{"width":1539,"height":863,"url":"https:\/\/i0.wp.com\/grifk-handball.com\/miehet\/wp-content\/uploads\/sites\/2\/2023\/10\/381226898_10159760143905998_912557658785913512_n-e1699308369378.jpg?fit=1539%2C863&ssl=1","type":"image\/jpeg"}],"author":"granimaster","twitter_card":"summary_large_image","twitter_creator":"@GrIFK_MSM","twitter_site":"@GrIFK_MSM","twitter_misc":{"Kirjoittanut":"granimaster","Arvioitu lukuaika":"5 minuuttia"},"schema":{"@context":"https:\/\/schema.org","@graph":[{"@type":"Article","@id":"https:\/\/grifk-handball.com\/miehet\/kausi-2023-24\/ennakot-2023-24\/grifk-isannoi-lauantaina-aifkta\/#article","isPartOf":{"@id":"https:\/\/grifk-handball.com\/miehet\/kausi-2023-24\/ennakot-2023-24\/grifk-isannoi-lauantaina-aifkta\/"},"author":{"name":"granimaster","@id":"https:\/\/grifk-handball.com\/miehet\/#\/schema\/person\/9da98c743e3f0f85a1b32f59241b48e0"},"headline":"GrIFK is\u00e4nn\u00f6i lauantaina \u00c5IFK:ta","datePublished":"2023-11-08T15:04:25+00:00","mainEntityOfPage":{"@id":"https:\/\/grifk-handball.com\/miehet\/kausi-2023-24\/ennakot-2023-24\/grifk-isannoi-lauantaina-aifkta\/"},"wordCount":1431,"publisher":{"@id":"https:\/\/grifk-handball.com\/miehet\/#organization"},"image":{"@id":"https:\/\/grifk-handball.com\/miehet\/kausi-2023-24\/ennakot-2023-24\/grifk-isannoi-lauantaina-aifkta\/#primaryimage"},"thumbnailUrl":"https:\/\/i0.wp.com\/grifk-handball.com\/miehet\/wp-content\/uploads\/sites\/2\/2023\/10\/381226898_10159760143905998_912557658785913512_n-e1699308369378.jpg?fit=1539%2C863&ssl=1","keywords":["#BomBom","#GrIFKHandball","\u00c5IFK","GrIFK","Runkosarja","SM-liiga"],"articleSection":["Ennakot 2023-24"],"inLanguage":"fi"},{"@type":"WebPage","@id":"https:\/\/grifk-handball.com\/miehet\/kausi-2023-24\/ennakot-2023-24\/grifk-isannoi-lauantaina-aifkta\/","url":"https:\/\/grifk-handball.com\/miehet\/kausi-2023-24\/ennakot-2023-24\/grifk-isannoi-lauantaina-aifkta\/","name":"GrIFK is\u00e4nn\u00f6i lauantaina \u00c5IFK:ta &#8212; GrIFK K\u00e4sipallo - miehet","isPartOf":{"@id":"https:\/\/grifk-handball.com\/miehet\/#website"},"primaryImageOfPage":{"@id":"https:\/\/grifk-handball.com\/miehet\/kausi-2023-24\/ennakot-2023-24\/grifk-isannoi-lauantaina-aifkta\/#primaryimage"},"image":{"@id":"https:\/\/grifk-handball.com\/miehet\/kausi-2023-24\/ennakot-2023-24\/grifk-isannoi-lauantaina-aifkta\/#primaryimage"},"thumbnailUrl":"https:\/\/i0.wp.com\/grifk-handball.com\/miehet\/wp-content\/uploads\/sites\/2\/2023\/10\/381226898_10159760143905998_912557658785913512_n-e1699308369378.jpg?fit=1539%2C863&ssl=1","datePublished":"2023-11-08T15:04:25+00:00","breadcrumb":{"@id":"https:\/\/grifk-handball.com\/miehet\/kausi-2023-24\/ennakot-2023-24\/grifk-isannoi-lauantaina-aifkta\/#breadcrumb"},"inLanguage":"fi","potentialAction":[{"@type":"ReadAction","target":["https:\/\/grifk-handball.com\/miehet\/kausi-2023-24\/ennakot-2023-24\/grifk-isannoi-lauantaina-aifkta\/"]}]},{"@type":"ImageObject","inLanguage":"fi","@id":"https:\/\/grifk-handball.com\/miehet\/kausi-2023-24\/ennakot-2023-24\/grifk-isannoi-lauantaina-aifkta\/#primaryimage","url":"https:\/\/i0.wp.com\/grifk-handball.com\/miehet\/wp-content\/uploads\/sites\/2\/2023\/10\/381226898_10159760143905998_912557658785913512_n-e1699308369378.jpg?fit=1539%2C863&ssl=1","contentUrl":"https:\/\/i0.wp.com\/grifk-handball.com\/miehet\/wp-content\/uploads\/sites\/2\/2023\/10\/381226898_10159760143905998_912557658785913512_n-e1699308369378.jpg?fit=1539%2C863&ssl=1","width":1539,"height":863},{"@type":"BreadcrumbList","@id":"https:\/\/grifk-handball.com\/miehet\/kausi-2023-24\/ennakot-2023-24\/grifk-isannoi-lauantaina-aifkta\/#breadcrumb","itemListElement":[{"@type":"ListItem","position":1,"name":"Home","item":"https:\/\/grifk-handball.com\/miehet\/etusivu-260109\/"},{"@type":"ListItem","position":2,"name":"GrIFK is\u00e4nn\u00f6i lauantaina \u00c5IFK:ta"}]},{"@type":"WebSite","@id":"https:\/\/grifk-handball.com\/miehet\/#website","url":"https:\/\/grifk-handball.com\/miehet\/","name":"GrIFK K\u00e4sipallo - miehet","description":"BomBom!","publisher":{"@id":"https:\/\/grifk-handball.com\/miehet\/#organization"},"potentialAction":[{"@type":"SearchAction","target":{"@type":"EntryPoint","urlTemplate":"https:\/\/grifk-handball.com\/miehet\/?s={search_term_string}"},"query-input":{"@type":"PropertyValueSpecification","valueRequired":true,"valueName":"search_term_string"}}],"inLanguage":"fi"},{"@type":"Organization","@id":"https:\/\/grifk-handball.com\/miehet\/#organization","name":"GrIFK K\u00e4sipallo - miehet","url":"https:\/\/grifk-handball.com\/miehet\/","logo":{"@type":"ImageObject","inLanguage":"fi","@id":"https:\/\/grifk-handball.com\/miehet\/#\/schema\/logo\/image\/","url":"https:\/\/i0.wp.com\/grifk-handball.com\/miehet\/wp-content\/uploads\/sites\/2\/2016\/10\/logo-grifk-iso.png?fit=1200%2C1400&ssl=1","contentUrl":"https:\/\/i0.wp.com\/grifk-handball.com\/miehet\/wp-content\/uploads\/sites\/2\/2016\/10\/logo-grifk-iso.png?fit=1200%2C1400&ssl=1","width":1200,"height":1400,"caption":"GrIFK K\u00e4sipallo - miehet"},"image":{"@id":"https:\/\/grifk-handball.com\/miehet\/#\/schema\/logo\/image\/"},"sameAs":["https:\/\/www.facebook.com\/GrIFKelit\/","https:\/\/x.com\/GrIFK_MSM","https:\/\/www.instagram.com\/grifk_elit\/"]},{"@type":"Person","@id":"https:\/\/grifk-handball.com\/miehet\/#\/schema\/person\/9da98c743e3f0f85a1b32f59241b48e0","name":"granimaster","image":{"@type":"ImageObject","inLanguage":"fi","@id":"https:\/\/secure.gravatar.com\/avatar\/034b8e6380fc659c320f13e17fe45bd9ab48a21e2debadd5f3179bde291949df?s=96&d=mm&r=g","url":"https:\/\/secure.gravatar.com\/avatar\/034b8e6380fc659c320f13e17fe45bd9ab48a21e2debadd5f3179bde291949df?s=96&d=mm&r=g","contentUrl":"https:\/\/secure.gravatar.com\/avatar\/034b8e6380fc659c320f13e17fe45bd9ab48a21e2debadd5f3179bde291949df?s=96&d=mm&r=g","caption":"granimaster"},"url":"https:\/\/grifk-handball.com\/miehet\/author\/granimaster\/"}]}},"jetpack_featured_media_url":"https:\/\/i0.wp.com\/grifk-handball.com\/miehet\/wp-content\/uploads\/sites\/2\/2023\/10\/381226898_10159760143905998_912557658785913512_n-e1699308369378.jpg?fit=1539%2C863&ssl=1","jetpack_shortlink":"https:\/\/wp.me\/p9jQ9a-5p2","_links":{"self":[{"href":"https:\/\/grifk-handball.com\/miehet\/wp-json\/wp\/v2\/posts\/20772","targetHints":{"allow":["GET"]}}],"collection":[{"href":"https:\/\/grifk-handball.com\/miehet\/wp-json\/wp\/v2\/posts"}],"about":[{"href":"https:\/\/grifk-handball.com\/miehet\/wp-json\/wp\/v2\/types\/post"}],"author":[{"embeddable":true,"href":"https:\/\/grifk-handball.com\/miehet\/wp-json\/wp\/v2\/users\/1"}],"replies":[{"embeddable":true,"href":"https:\/\/grifk-handball.com\/miehet\/wp-json\/wp\/v2\/comments?post=20772"}],"version-history":[{"count":12,"href":"https:\/\/grifk-handball.com\/miehet\/wp-json\/wp\/v2\/posts\/20772\/revisions"}],"predecessor-version":[{"id":20791,"href":"https:\/\/grifk-handball.com\/miehet\/wp-json\/wp\/v2\/posts\/20772\/revisions\/20791"}],"wp:featuredmedia":[{"embeddable":true,"href":"https:\/\/grifk-handball.com\/miehet\/wp-json\/wp\/v2\/media\/20373"}],"wp:attachment":[{"href":"https:\/\/grifk-handball.com\/miehet\/wp-json\/wp\/v2\/media?parent=20772"}],"wp:term":[{"taxonomy":"category","embeddable":true,"href":"https:\/\/grifk-handball.com\/miehet\/wp-json\/wp\/v2\/categories?post=20772"},{"taxonomy":"post_tag","embeddable":true,"href":"https:\/\/grifk-handball.com\/miehet\/wp-json\/wp\/v2\/tags?post=20772"}],"curies":[{"name":"wp","href":"https:\/\/api.w.org\/{rel}","templated":true}]}}