{"id":20898,"date":"2023-11-13T13:07:53","date_gmt":"2023-11-13T11:07:53","guid":{"rendered":"https:\/\/grifk-handball.com\/miehet\/?p=20898"},"modified":"2024-01-15T11:23:46","modified_gmt":"2024-01-15T09:23:46","slug":"liigan-karkikaksikko-kokoontuu-karjaalla","status":"publish","type":"post","link":"https:\/\/grifk-handball.com\/miehet\/kausi-2023-24\/ennakot-2023-24\/liigan-karkikaksikko-kokoontuu-karjaalla\/","title":{"rendered":"Liigan k\u00e4rkikaksikko kokoontuu Karjaalla"},"content":{"rendered":"<p><strong>GrIFK saavuttaa miesten SM-liigan runkosarjan puoliv\u00e4lin keskiviikkona Karjaalla, jossa liigan k\u00e4rkikaksikko kohtaa toisensa. BK-46:tta ja GrIFK:ta rasittaa kumpaakin t\u00e4ss\u00e4 vaiheessa kautta vain yksi tappio. BK k\u00e4rsi tappionsa kotonaan Cocksille ja Grani kotonaan juuri BK:lle. Revanssihenkinen taisto pelataan jo alkuillasta kello 18:00 alkaen ja suora l\u00e4hetys HandisTV:ll\u00e4 kuuluu liigan monikameratuotantona esitett\u00e4viin otteluihin.<br \/>\n<\/strong><\/p>\n<p><!--more-->Runkosarja on t\u00e4ll\u00e4 er\u00e4\u00e4 jakaantunut kolmeen ryhm\u00e4\u00e4n, joista k\u00e4rkikolmikko GrIFK, BK ja Cocks on omilla teill\u00e4\u00e4n ja per\u00e4npit\u00e4j\u00e4t \u00c5IFK ja Dicken vastaavasti omana taisteluparinaan. Ylemm\u00e4n ja alemman jatkosarjan vedenjakajalla k\u00e4yd\u00e4\u00e4n tiivist\u00e4 kamppailua SIF:n ja HIFK:n v\u00e4lill\u00e4.<\/p>\n<p>Granin ja BK:n ensimm\u00e4inen kohtaaminen runkosarjassa kuului SM-liigan t\u00e4h\u00e4n astisista otteluista kovimpaan tasoluokkaan. Kotijoukkue taisteli Kauniaisissa pitk\u00e4\u00e4n voiton syrj\u00e4ss\u00e4 kinni mutta lopun j\u00e4\u00e4hyily k\u00e4\u00e4nsi ottelun lopullisesti raitapaidoille. Kuuden maalin marginaali loppulukemissa ei aivan t\u00e4ysin vastannut joukkueiden v\u00e4list\u00e4 tasoeroa.<\/p>\n<p>BK on ollut alkukaudesta oma itsens\u00e4 hy\u00f6kk\u00e4yspeliss\u00e4, jossa se on vasta yhdess\u00e4 ottelussa j\u00e4\u00e4nyt niukasti alle 30 maalin. Tuo ihme tapahtui lokakuun alussa, kun BK h\u00e4visi viime kev\u00e4\u00e4n finaalin uusinnassa Cocksille 29-38.<\/p>\n<p>Keskiviikon otteluun Grani l\u00e4htee kuuden ja BK nelj\u00e4n voiton putkessa. Karjaalaiset ovat sitten viime kohtaamisen saaneet takaisin riveihins\u00e4 my\u00f6s primus motorinsa Jac Karlssonin ja valmistautuminen EHF European Cupiin on p\u00e4\u00e4ssyt t\u00e4yteen h\u00e4k\u00e4\u00e4n. Karjaalaiset pelaavat 26.11. ottelun Serbiassa ja p\u00e4\u00e4sev\u00e4t valmistautumaan siihen kolmella ottelulla kovimpia liigakilpailijoitaan vastaan.<\/p>\n<h3>Parempi viimeistely = v\u00e4hemm\u00e4n omiin<\/h3>\n<p>GrIFK otti lauantaina 32-20 voiton \u00c5IFK:sta ottelussa, jossa parasta laatua esittiv\u00e4t maalivahdit. Granilla on viime otteluissaan ollut ajoittain vaikeuksia maalinteossa, mutta siit\u00e4kin huolimatta pistetili on karttunut hyvin.<\/p>\n<p>Mikael K\u00e4llmanin mukaan joukkueen pieneksi ongelmaksi otteluissa onkin muodostunut vastustajien vastaiskut, joihin ne p\u00e4\u00e4sev\u00e4t kun palloa ei laiteta omista paikoista maaliin. Puolustus- ja maalivahtipeli on joukkueella edelleen hyv\u00e4\u00e4 tasoa, siksi is\u00e4ntien vahva vastaiskupelaaminen &#8211; my\u00f6s tehtyjen maalien j\u00e4lkeen &#8211; pit\u00e4isi saada estetty\u00e4.<\/p>\n<p>Yksi avaintekij\u00e4 Karjaalla tulleekin olemaan se, kuinka BK:n vikkel\u00e4 maalivahti Mikael Heinonen saadaan ohitettua. Sek\u00e4 Heinonen ett\u00e4 Granin Patrik Roslander ovat olleet huikeassa vireess\u00e4 kauden aiemmissa otteluissa. Toinen avain l\u00f6ytyy j\u00e4\u00e4hypenkilt\u00e4, jonne ei viimekertaiseen tahtiin voi pelaajia l\u00e4hte\u00e4.<\/p>\n<p>Keskiviikon muissa otteluissa Dicken kohtaa SIF:n ja \u00c5IFK Cocksin. SM-liiga jatkuu ensi lauantaina ilman Grania otteluilla HIFK-Dicken, SIF-\u00c5IFK ja sokerina pohjalla Cocks-BK-46. GrIFK:n seuraava ottelu pelataan Kauniaisissa keskiviikkona 22.11. Cocksia vastaan.<\/p>\n\n<style type=\"text\/css\" data-created_by=\"avia_inline_auto\" id=\"style-css-av-lfw7jhih-afd494f40341a45c1b15ded60fc24e67\">\n.flex_column.av-lfw7jhih-afd494f40341a45c1b15ded60fc24e67{\npadding:20px 20px 0px 20px;\n}\n<\/style>\n<div  id=\"ohjelma\"  class='flex_column av-lfw7jhih-afd494f40341a45c1b15ded60fc24e67 av_one_half  avia-builder-el-0  el_before_av_one_half  avia-builder-el-first  first flex_column_div  '     ><section  class='av_textblock_section av-lgc653zl-5ee8aaffa3c9dcda2bcb784142164c53 '   itemscope=\"itemscope\" itemtype=\"https:\/\/schema.org\/BlogPosting\" itemprop=\"blogPost\" ><div class='avia_textblock'  itemprop=\"text\" ><div class=\"nextmatchstream\">\n<p style=\"text-align: center;\"><script src=\"http:\/\/tulospalvelu.finnhandball.net\/taso\/widget.php?widget=nextmatch&#038;css=1&#038;teamid=103471&#038;otteluid= 506600\"><\/script><\/p>\n<\/div>\n<\/div><\/section><\/div>\n\n<style type=\"text\/css\" data-created_by=\"avia_inline_auto\" id=\"style-css-av-1t0d8tl-80bcb168ecdbc2d050bbdca8855e5d24\">\n.flex_column.av-1t0d8tl-80bcb168ecdbc2d050bbdca8855e5d24{\npadding:20px 20px 20px 20px;\n}\n<\/style>\n<div  id=\"ohjelma\"  class='flex_column av-1t0d8tl-80bcb168ecdbc2d050bbdca8855e5d24 av_one_half  avia-builder-el-2  el_after_av_one_half  el_before_av_one_half  flex_column_div  '     ><section  class='av_textblock_section av-lmp58cq1-4f7228158587c2ff82ca23e23f601792 '   itemscope=\"itemscope\" itemtype=\"https:\/\/schema.org\/BlogPosting\" itemprop=\"blogPost\" ><div class='avia_textblock'  itemprop=\"text\" ><h3>Aiemmin t\u00e4ll\u00e4 kaudella<\/h3>\n<p><a href=\"https:\/\/grifk-handball.com\/miehet\/kausi-2023-24\/ottelut-2023-24\/jaahyily-kostautui-grifklle-bk-46-kiihkean-matsin-voittoon\/\" target=\"_blank\" rel=\"noopener\">11.10.23 RS GrIFK \u2013 BK-46 25 &#8211; 31<\/a><\/p>\n<h3>Viime kaudella<\/h3>\n<p>19.04.23 VE BK-46 &#8211; GrIFK 31 &#8211; 26<br \/>\n15.04.23 VE GrIFK &#8211; BK-46 27 &#8211; 32<br \/>\n12.04.23 VE BK-46 &#8211; GrIFK 34 &#8211; 27<br \/>\n05.04.23 VE GrIFK &#8211; BK-46 29 &#8211; 26<br \/>\n18.03.23 YJ BK-46 &#8211; GrIFK 27 &#8211; 31<br \/>\n18.02.23 YJ GrIFK &#8211; BK-46 30 &#8211; 29<br \/>\n28.01.23 RS BK-46 &#8211; GrIFK 26 &#8211; 19<br \/>\n14.12.22 RS GrIFK &#8211; BK-46 22 &#8211; 26<br \/>\n22.10.22 RS BK-46 &#8211; GrIFK 37 &#8211; 21<br \/>\n21.09.22 SC BK-46 &#8211; GrIFK 34 &#8211; 27<\/p>\n<\/div><\/section><\/div>\n<div class='flex_column_table av-lo702dyg-8ae96f19b81d03ec4a6e54264be6b88b sc-av_one_half av-equal-height-column-flextable'>\n<style type=\"text\/css\" data-created_by=\"avia_inline_auto\" id=\"style-css-av-lo702dyg-8ae96f19b81d03ec4a6e54264be6b88b\">\n#top .flex_column_table.av-equal-height-column-flextable.av-lo702dyg-8ae96f19b81d03ec4a6e54264be6b88b{\nmargin-top:0px;\nmargin-bottom:0px;\n}\n<\/style>\n<div  class='flex_column av-lo702dyg-8ae96f19b81d03ec4a6e54264be6b88b av_one_half  avia-builder-el-4  el_after_av_one_half  el_before_av_one_half  first flex_column_table_cell av-equal-height-column av-align-middle  column-top-margin'     ><div  class='avia-button-wrap avia-button-center  avia-builder-el-5  avia-builder-el-no-sibling '>\n<style type=\"text\/css\" data-created_by=\"avia_inline_auto\" id=\"style-css-av-lo701awb-e267b5395610c30db8234e2345d7bcf7\">\n#top #wrap_all .avia-button.av-lo701awb-e267b5395610c30db8234e2345d7bcf7{\nbackground-color:#0051a9;\nborder-color:#0051a9;\ntransition:all 0.4s ease-in-out;\n}\n#top #wrap_all .avia-button.av-lo701awb-e267b5395610c30db8234e2345d7bcf7:hover{\ncolor:black;\ntransition:all 0.4s ease-in-out;\n}\n#top #wrap_all .avia-button.av-lo701awb-e267b5395610c30db8234e2345d7bcf7:hover .avia-svg-icon svg:first-child{\nfill:black;\nstroke:black;\n}\n<\/style>\n<a href='https:\/\/grifk-handball.com\/miehet\/handistv\/' class='avia-font-color-theme-color avia-button avia-button-fullwidth av-lo701awb-e267b5395610c30db8234e2345d7bcf7 avia-icon_select-no avia-color-custom'   aria-label=\"Kaikki matsit liven\u00e4 \u00bb\"><span class='avia_iconbox_title' >Kaikki matsit liven\u00e4 \u00bb<\/span><span class='avia_button_background avia-button avia-button-fullwidth avia-color-theme-color-subtle'><\/span><\/a><\/div><\/div>\n<div class='av-flex-placeholder'><\/div>\n<style type=\"text\/css\" data-created_by=\"avia_inline_auto\" id=\"style-css-av-1alje0p-224ea77237a5ef877bbb2e6e54585631\">\n#top .flex_column_table.av-equal-height-column-flextable.av-1alje0p-224ea77237a5ef877bbb2e6e54585631{\nmargin-top:0px;\nmargin-bottom:0px;\n}\n<\/style>\n<div  class='flex_column av-1alje0p-224ea77237a5ef877bbb2e6e54585631 av_one_half  avia-builder-el-6  el_after_av_one_half  avia-builder-el-last  flex_column_table_cell av-equal-height-column av-align-middle  column-top-margin'     ><style type=\"text\/css\" data-created_by=\"avia_inline_auto\" id=\"style-css-av-kphahl-3ca8a99447c4441c708f41c3cb67a902\">\n.avia-image-container.av-kphahl-3ca8a99447c4441c708f41c3cb67a902 img.avia_image{\nbox-shadow:none;\n}\n.avia-image-container.av-kphahl-3ca8a99447c4441c708f41c3cb67a902 .av-image-caption-overlay-center{\ncolor:#ffffff;\n}\n<\/style>\n<div  class='avia-image-container av-kphahl-3ca8a99447c4441c708f41c3cb67a902 av-styling- av-hover-grow av-img-linked avia-align-center  avia-builder-el-7  avia-builder-el-no-sibling '   itemprop=\"image\" itemscope=\"itemscope\" itemtype=\"https:\/\/schema.org\/ImageObject\" ><div class=\"avia-image-container-inner\"><div class=\"avia-image-overlay-wrap\"><a href=\"https:\/\/handis.tv\" class='avia_image '  target=\"_blank\"  rel=\"noopener noreferrer\" aria-label='HandisTV'><img decoding=\"async\" fetchpriority=\"high\" class='wp-image-18650 avia-img-lazy-loading-not-18650 avia_image ' src=\"https:\/\/i0.wp.com\/grifk-handball.com\/miehet\/wp-content\/uploads\/sites\/2\/2023\/01\/HandisTV-logo-sininen.png?fit=300%2C125&ssl=1\" alt='' title='HandisTV'  height=\"125\" width=\"300\"  itemprop=\"thumbnailUrl\" srcset=\"https:\/\/i0.wp.com\/grifk-handball.com\/miehet\/wp-content\/uploads\/sites\/2\/2023\/01\/HandisTV-logo-sininen.png?w=1920&amp;ssl=1 1920w, https:\/\/i0.wp.com\/grifk-handball.com\/miehet\/wp-content\/uploads\/sites\/2\/2023\/01\/HandisTV-logo-sininen.png?resize=300%2C125&amp;ssl=1 300w, https:\/\/i0.wp.com\/grifk-handball.com\/miehet\/wp-content\/uploads\/sites\/2\/2023\/01\/HandisTV-logo-sininen.png?resize=1030%2C429&amp;ssl=1 1030w, https:\/\/i0.wp.com\/grifk-handball.com\/miehet\/wp-content\/uploads\/sites\/2\/2023\/01\/HandisTV-logo-sininen.png?resize=768%2C320&amp;ssl=1 768w, https:\/\/i0.wp.com\/grifk-handball.com\/miehet\/wp-content\/uploads\/sites\/2\/2023\/01\/HandisTV-logo-sininen.png?resize=1536%2C640&amp;ssl=1 1536w, https:\/\/i0.wp.com\/grifk-handball.com\/miehet\/wp-content\/uploads\/sites\/2\/2023\/01\/HandisTV-logo-sininen.png?resize=1500%2C625&amp;ssl=1 1500w, https:\/\/i0.wp.com\/grifk-handball.com\/miehet\/wp-content\/uploads\/sites\/2\/2023\/01\/HandisTV-logo-sininen.png?resize=705%2C294&amp;ssl=1 705w\" sizes=\"(max-width: 300px) 100vw, 300px\" \/><\/a><\/div><\/div><\/div><\/div><\/div><!--close column table wrapper. Autoclose: 1 -->\n","protected":false},"excerpt":{"rendered":"<p>GrIFK saavuttaa miesten SM-liigan runkosarjan puoliv\u00e4lin keskiviikkona Karjaalla, jossa liigan k\u00e4rkikaksikko kohtaa toisensa. BK-46:tta ja GrIFK:ta rasittaa kumpaakin t\u00e4ss\u00e4 vaiheessa kautta vain yksi tappio. BK k\u00e4rsi tappionsa kotonaan Cocksille ja Grani kotonaan juuri BK:lle. Revanssihenkinen taisto pelataan jo alkuillasta kello 18:00 alkaen ja suora l\u00e4hetys HandisTV:ll\u00e4 kuuluu liigan monikameratuotantona esitett\u00e4viin otteluihin.<\/p>\n","protected":false},"author":1,"featured_media":20243,"comment_status":"closed","ping_status":"closed","sticky":false,"template":"","format":"standard","meta":{"_acf_changed":false,"footnotes":""},"categories":[540],"tags":[12,26,18,25,38,41],"class_list":["post-20898","post","type-post","status-publish","format-standard","has-post-thumbnail","hentry","category-ennakot-2023-24","tag-bombom","tag-grifkhandball","tag-bk-46","tag-grifk","tag-runkosarja","tag-sm-liiga"],"acf":[],"yoast_head":"<!-- This site is optimized with the Yoast SEO plugin v27.5 - https:\/\/yoast.com\/product\/yoast-seo-wordpress\/ -->\n<title>Liigan k\u00e4rkikaksikko kokoontuu Karjaalla &#8212; GrIFK K\u00e4sipallo - miehet<\/title>\n<meta name=\"description\" content=\"SM-liigan t\u00e4m\u00e4n kev\u00e4\u00e4n toista loppuottelijaa haetaan seuraavan kerran keskiviikkona, kun BK-46 ja GrIFK ly\u00f6v\u00e4t hynttyyt yhteen nelj\u00e4nnen kerran.\" \/>\n<meta name=\"robots\" content=\"index, follow, max-snippet:-1, max-image-preview:large, max-video-preview:-1\" \/>\n<link rel=\"canonical\" href=\"https:\/\/grifk-handball.com\/miehet\/kausi-2023-24\/ennakot-2023-24\/liigan-karkikaksikko-kokoontuu-karjaalla\/\" \/>\n<meta property=\"og:locale\" content=\"fi_FI\" \/>\n<meta property=\"og:type\" content=\"article\" \/>\n<meta property=\"og:title\" content=\"Liigan k\u00e4rkikaksikko kokoontuu Karjaalla &#8212; GrIFK K\u00e4sipallo - miehet\" \/>\n<meta property=\"og:description\" content=\"SM-liigan t\u00e4m\u00e4n kev\u00e4\u00e4n toista loppuottelijaa haetaan seuraavan kerran keskiviikkona, kun BK-46 ja GrIFK ly\u00f6v\u00e4t hynttyyt yhteen nelj\u00e4nnen kerran.\" \/>\n<meta property=\"og:url\" content=\"https:\/\/grifk-handball.com\/miehet\/kausi-2023-24\/ennakot-2023-24\/liigan-karkikaksikko-kokoontuu-karjaalla\/\" \/>\n<meta property=\"og:site_name\" content=\"GrIFK K\u00e4sipallo - miehet\" \/>\n<meta property=\"article:publisher\" content=\"https:\/\/www.facebook.com\/GrIFKelit\/\" \/>\n<meta property=\"article:published_time\" content=\"2023-11-13T11:07:53+00:00\" \/>\n<meta property=\"article:modified_time\" content=\"2024-01-15T09:23:46+00:00\" \/>\n<meta property=\"og:image\" content=\"https:\/\/grifk-handball.com\/miehet\/wp-content\/uploads\/sites\/2\/2023\/09\/B7A3291-scaled-e1699871988823-1030x577.jpg\" \/>\n\t<meta property=\"og:image:width\" content=\"1030\" \/>\n\t<meta property=\"og:image:height\" content=\"577\" \/>\n\t<meta property=\"og:image:type\" content=\"image\/jpeg\" \/>\n<meta name=\"author\" content=\"granimaster\" \/>\n<meta name=\"twitter:card\" content=\"summary_large_image\" \/>\n<meta name=\"twitter:creator\" content=\"@GrIFK_MSM\" \/>\n<meta name=\"twitter:site\" content=\"@GrIFK_MSM\" \/>\n<meta name=\"twitter:label1\" content=\"Kirjoittanut\" \/>\n\t<meta name=\"twitter:data1\" content=\"granimaster\" \/>\n\t<meta name=\"twitter:label2\" content=\"Arvioitu lukuaika\" \/>\n\t<meta name=\"twitter:data2\" content=\"3 minuuttia\" \/>\n<script type=\"application\/ld+json\" class=\"yoast-schema-graph\">{\"@context\":\"https:\\\/\\\/schema.org\",\"@graph\":[{\"@type\":\"Article\",\"@id\":\"https:\\\/\\\/grifk-handball.com\\\/miehet\\\/kausi-2023-24\\\/ennakot-2023-24\\\/liigan-karkikaksikko-kokoontuu-karjaalla\\\/#article\",\"isPartOf\":{\"@id\":\"https:\\\/\\\/grifk-handball.com\\\/miehet\\\/kausi-2023-24\\\/ennakot-2023-24\\\/liigan-karkikaksikko-kokoontuu-karjaalla\\\/\"},\"author\":{\"name\":\"granimaster\",\"@id\":\"https:\\\/\\\/grifk-handball.com\\\/miehet\\\/#\\\/schema\\\/person\\\/9da98c743e3f0f85a1b32f59241b48e0\"},\"headline\":\"Liigan k\u00e4rkikaksikko kokoontuu Karjaalla\",\"datePublished\":\"2023-11-13T11:07:53+00:00\",\"dateModified\":\"2024-01-15T09:23:46+00:00\",\"mainEntityOfPage\":{\"@id\":\"https:\\\/\\\/grifk-handball.com\\\/miehet\\\/kausi-2023-24\\\/ennakot-2023-24\\\/liigan-karkikaksikko-kokoontuu-karjaalla\\\/\"},\"wordCount\":2326,\"publisher\":{\"@id\":\"https:\\\/\\\/grifk-handball.com\\\/miehet\\\/#organization\"},\"image\":{\"@id\":\"https:\\\/\\\/grifk-handball.com\\\/miehet\\\/kausi-2023-24\\\/ennakot-2023-24\\\/liigan-karkikaksikko-kokoontuu-karjaalla\\\/#primaryimage\"},\"thumbnailUrl\":\"https:\\\/\\\/i0.wp.com\\\/grifk-handball.com\\\/miehet\\\/wp-content\\\/uploads\\\/sites\\\/2\\\/2023\\\/09\\\/B7A3291-scaled-e1699871988823.jpg?fit=1561%2C874&ssl=1\",\"keywords\":[\"#BomBom\",\"#GrIFKHandball\",\"BK-46\",\"GrIFK\",\"Runkosarja\",\"SM-liiga\"],\"articleSection\":[\"Ennakot 2023-24\"],\"inLanguage\":\"fi\"},{\"@type\":\"WebPage\",\"@id\":\"https:\\\/\\\/grifk-handball.com\\\/miehet\\\/kausi-2023-24\\\/ennakot-2023-24\\\/liigan-karkikaksikko-kokoontuu-karjaalla\\\/\",\"url\":\"https:\\\/\\\/grifk-handball.com\\\/miehet\\\/kausi-2023-24\\\/ennakot-2023-24\\\/liigan-karkikaksikko-kokoontuu-karjaalla\\\/\",\"name\":\"Liigan k\u00e4rkikaksikko kokoontuu Karjaalla &#8212; GrIFK K\u00e4sipallo - miehet\",\"isPartOf\":{\"@id\":\"https:\\\/\\\/grifk-handball.com\\\/miehet\\\/#website\"},\"primaryImageOfPage\":{\"@id\":\"https:\\\/\\\/grifk-handball.com\\\/miehet\\\/kausi-2023-24\\\/ennakot-2023-24\\\/liigan-karkikaksikko-kokoontuu-karjaalla\\\/#primaryimage\"},\"image\":{\"@id\":\"https:\\\/\\\/grifk-handball.com\\\/miehet\\\/kausi-2023-24\\\/ennakot-2023-24\\\/liigan-karkikaksikko-kokoontuu-karjaalla\\\/#primaryimage\"},\"thumbnailUrl\":\"https:\\\/\\\/i0.wp.com\\\/grifk-handball.com\\\/miehet\\\/wp-content\\\/uploads\\\/sites\\\/2\\\/2023\\\/09\\\/B7A3291-scaled-e1699871988823.jpg?fit=1561%2C874&ssl=1\",\"datePublished\":\"2023-11-13T11:07:53+00:00\",\"dateModified\":\"2024-01-15T09:23:46+00:00\",\"description\":\"SM-liigan t\u00e4m\u00e4n kev\u00e4\u00e4n toista loppuottelijaa haetaan seuraavan kerran keskiviikkona, kun BK-46 ja GrIFK ly\u00f6v\u00e4t hynttyyt yhteen nelj\u00e4nnen kerran.\",\"breadcrumb\":{\"@id\":\"https:\\\/\\\/grifk-handball.com\\\/miehet\\\/kausi-2023-24\\\/ennakot-2023-24\\\/liigan-karkikaksikko-kokoontuu-karjaalla\\\/#breadcrumb\"},\"inLanguage\":\"fi\",\"potentialAction\":[{\"@type\":\"ReadAction\",\"target\":[\"https:\\\/\\\/grifk-handball.com\\\/miehet\\\/kausi-2023-24\\\/ennakot-2023-24\\\/liigan-karkikaksikko-kokoontuu-karjaalla\\\/\"]}]},{\"@type\":\"ImageObject\",\"inLanguage\":\"fi\",\"@id\":\"https:\\\/\\\/grifk-handball.com\\\/miehet\\\/kausi-2023-24\\\/ennakot-2023-24\\\/liigan-karkikaksikko-kokoontuu-karjaalla\\\/#primaryimage\",\"url\":\"https:\\\/\\\/i0.wp.com\\\/grifk-handball.com\\\/miehet\\\/wp-content\\\/uploads\\\/sites\\\/2\\\/2023\\\/09\\\/B7A3291-scaled-e1699871988823.jpg?fit=1561%2C874&ssl=1\",\"contentUrl\":\"https:\\\/\\\/i0.wp.com\\\/grifk-handball.com\\\/miehet\\\/wp-content\\\/uploads\\\/sites\\\/2\\\/2023\\\/09\\\/B7A3291-scaled-e1699871988823.jpg?fit=1561%2C874&ssl=1\",\"width\":1561,\"height\":874},{\"@type\":\"BreadcrumbList\",\"@id\":\"https:\\\/\\\/grifk-handball.com\\\/miehet\\\/kausi-2023-24\\\/ennakot-2023-24\\\/liigan-karkikaksikko-kokoontuu-karjaalla\\\/#breadcrumb\",\"itemListElement\":[{\"@type\":\"ListItem\",\"position\":1,\"name\":\"Home\",\"item\":\"https:\\\/\\\/grifk-handball.com\\\/miehet\\\/etusivu-260109\\\/\"},{\"@type\":\"ListItem\",\"position\":2,\"name\":\"Liigan k\u00e4rkikaksikko kokoontuu Karjaalla\"}]},{\"@type\":\"WebSite\",\"@id\":\"https:\\\/\\\/grifk-handball.com\\\/miehet\\\/#website\",\"url\":\"https:\\\/\\\/grifk-handball.com\\\/miehet\\\/\",\"name\":\"GrIFK K\u00e4sipallo - miehet\",\"description\":\"BomBom!\",\"publisher\":{\"@id\":\"https:\\\/\\\/grifk-handball.com\\\/miehet\\\/#organization\"},\"potentialAction\":[{\"@type\":\"SearchAction\",\"target\":{\"@type\":\"EntryPoint\",\"urlTemplate\":\"https:\\\/\\\/grifk-handball.com\\\/miehet\\\/?s={search_term_string}\"},\"query-input\":{\"@type\":\"PropertyValueSpecification\",\"valueRequired\":true,\"valueName\":\"search_term_string\"}}],\"inLanguage\":\"fi\"},{\"@type\":\"Organization\",\"@id\":\"https:\\\/\\\/grifk-handball.com\\\/miehet\\\/#organization\",\"name\":\"GrIFK K\u00e4sipallo - miehet\",\"url\":\"https:\\\/\\\/grifk-handball.com\\\/miehet\\\/\",\"logo\":{\"@type\":\"ImageObject\",\"inLanguage\":\"fi\",\"@id\":\"https:\\\/\\\/grifk-handball.com\\\/miehet\\\/#\\\/schema\\\/logo\\\/image\\\/\",\"url\":\"https:\\\/\\\/i0.wp.com\\\/grifk-handball.com\\\/miehet\\\/wp-content\\\/uploads\\\/sites\\\/2\\\/2016\\\/10\\\/logo-grifk-iso.png?fit=1200%2C1400&ssl=1\",\"contentUrl\":\"https:\\\/\\\/i0.wp.com\\\/grifk-handball.com\\\/miehet\\\/wp-content\\\/uploads\\\/sites\\\/2\\\/2016\\\/10\\\/logo-grifk-iso.png?fit=1200%2C1400&ssl=1\",\"width\":1200,\"height\":1400,\"caption\":\"GrIFK K\u00e4sipallo - miehet\"},\"image\":{\"@id\":\"https:\\\/\\\/grifk-handball.com\\\/miehet\\\/#\\\/schema\\\/logo\\\/image\\\/\"},\"sameAs\":[\"https:\\\/\\\/www.facebook.com\\\/GrIFKelit\\\/\",\"https:\\\/\\\/x.com\\\/GrIFK_MSM\",\"https:\\\/\\\/www.instagram.com\\\/grifk_elit\\\/\"]},{\"@type\":\"Person\",\"@id\":\"https:\\\/\\\/grifk-handball.com\\\/miehet\\\/#\\\/schema\\\/person\\\/9da98c743e3f0f85a1b32f59241b48e0\",\"name\":\"granimaster\",\"image\":{\"@type\":\"ImageObject\",\"inLanguage\":\"fi\",\"@id\":\"https:\\\/\\\/secure.gravatar.com\\\/avatar\\\/034b8e6380fc659c320f13e17fe45bd9ab48a21e2debadd5f3179bde291949df?s=96&d=mm&r=g\",\"url\":\"https:\\\/\\\/secure.gravatar.com\\\/avatar\\\/034b8e6380fc659c320f13e17fe45bd9ab48a21e2debadd5f3179bde291949df?s=96&d=mm&r=g\",\"contentUrl\":\"https:\\\/\\\/secure.gravatar.com\\\/avatar\\\/034b8e6380fc659c320f13e17fe45bd9ab48a21e2debadd5f3179bde291949df?s=96&d=mm&r=g\",\"caption\":\"granimaster\"},\"url\":\"https:\\\/\\\/grifk-handball.com\\\/miehet\\\/author\\\/granimaster\\\/\"}]}<\/script>\n<!-- \/ Yoast SEO plugin. -->","yoast_head_json":{"title":"Liigan k\u00e4rkikaksikko kokoontuu Karjaalla &#8212; GrIFK K\u00e4sipallo - miehet","description":"SM-liigan t\u00e4m\u00e4n kev\u00e4\u00e4n toista loppuottelijaa haetaan seuraavan kerran keskiviikkona, kun BK-46 ja GrIFK ly\u00f6v\u00e4t hynttyyt yhteen nelj\u00e4nnen kerran.","robots":{"index":"index","follow":"follow","max-snippet":"max-snippet:-1","max-image-preview":"max-image-preview:large","max-video-preview":"max-video-preview:-1"},"canonical":"https:\/\/grifk-handball.com\/miehet\/kausi-2023-24\/ennakot-2023-24\/liigan-karkikaksikko-kokoontuu-karjaalla\/","og_locale":"fi_FI","og_type":"article","og_title":"Liigan k\u00e4rkikaksikko kokoontuu Karjaalla &#8212; GrIFK K\u00e4sipallo - miehet","og_description":"SM-liigan t\u00e4m\u00e4n kev\u00e4\u00e4n toista loppuottelijaa haetaan seuraavan kerran keskiviikkona, kun BK-46 ja GrIFK ly\u00f6v\u00e4t hynttyyt yhteen nelj\u00e4nnen kerran.","og_url":"https:\/\/grifk-handball.com\/miehet\/kausi-2023-24\/ennakot-2023-24\/liigan-karkikaksikko-kokoontuu-karjaalla\/","og_site_name":"GrIFK K\u00e4sipallo - miehet","article_publisher":"https:\/\/www.facebook.com\/GrIFKelit\/","article_published_time":"2023-11-13T11:07:53+00:00","article_modified_time":"2024-01-15T09:23:46+00:00","og_image":[{"width":1030,"height":577,"url":"https:\/\/grifk-handball.com\/miehet\/wp-content\/uploads\/sites\/2\/2023\/09\/B7A3291-scaled-e1699871988823-1030x577.jpg","type":"image\/jpeg"}],"author":"granimaster","twitter_card":"summary_large_image","twitter_creator":"@GrIFK_MSM","twitter_site":"@GrIFK_MSM","twitter_misc":{"Kirjoittanut":"granimaster","Arvioitu lukuaika":"3 minuuttia"},"schema":{"@context":"https:\/\/schema.org","@graph":[{"@type":"Article","@id":"https:\/\/grifk-handball.com\/miehet\/kausi-2023-24\/ennakot-2023-24\/liigan-karkikaksikko-kokoontuu-karjaalla\/#article","isPartOf":{"@id":"https:\/\/grifk-handball.com\/miehet\/kausi-2023-24\/ennakot-2023-24\/liigan-karkikaksikko-kokoontuu-karjaalla\/"},"author":{"name":"granimaster","@id":"https:\/\/grifk-handball.com\/miehet\/#\/schema\/person\/9da98c743e3f0f85a1b32f59241b48e0"},"headline":"Liigan k\u00e4rkikaksikko kokoontuu Karjaalla","datePublished":"2023-11-13T11:07:53+00:00","dateModified":"2024-01-15T09:23:46+00:00","mainEntityOfPage":{"@id":"https:\/\/grifk-handball.com\/miehet\/kausi-2023-24\/ennakot-2023-24\/liigan-karkikaksikko-kokoontuu-karjaalla\/"},"wordCount":2326,"publisher":{"@id":"https:\/\/grifk-handball.com\/miehet\/#organization"},"image":{"@id":"https:\/\/grifk-handball.com\/miehet\/kausi-2023-24\/ennakot-2023-24\/liigan-karkikaksikko-kokoontuu-karjaalla\/#primaryimage"},"thumbnailUrl":"https:\/\/i0.wp.com\/grifk-handball.com\/miehet\/wp-content\/uploads\/sites\/2\/2023\/09\/B7A3291-scaled-e1699871988823.jpg?fit=1561%2C874&ssl=1","keywords":["#BomBom","#GrIFKHandball","BK-46","GrIFK","Runkosarja","SM-liiga"],"articleSection":["Ennakot 2023-24"],"inLanguage":"fi"},{"@type":"WebPage","@id":"https:\/\/grifk-handball.com\/miehet\/kausi-2023-24\/ennakot-2023-24\/liigan-karkikaksikko-kokoontuu-karjaalla\/","url":"https:\/\/grifk-handball.com\/miehet\/kausi-2023-24\/ennakot-2023-24\/liigan-karkikaksikko-kokoontuu-karjaalla\/","name":"Liigan k\u00e4rkikaksikko kokoontuu Karjaalla &#8212; GrIFK K\u00e4sipallo - miehet","isPartOf":{"@id":"https:\/\/grifk-handball.com\/miehet\/#website"},"primaryImageOfPage":{"@id":"https:\/\/grifk-handball.com\/miehet\/kausi-2023-24\/ennakot-2023-24\/liigan-karkikaksikko-kokoontuu-karjaalla\/#primaryimage"},"image":{"@id":"https:\/\/grifk-handball.com\/miehet\/kausi-2023-24\/ennakot-2023-24\/liigan-karkikaksikko-kokoontuu-karjaalla\/#primaryimage"},"thumbnailUrl":"https:\/\/i0.wp.com\/grifk-handball.com\/miehet\/wp-content\/uploads\/sites\/2\/2023\/09\/B7A3291-scaled-e1699871988823.jpg?fit=1561%2C874&ssl=1","datePublished":"2023-11-13T11:07:53+00:00","dateModified":"2024-01-15T09:23:46+00:00","description":"SM-liigan t\u00e4m\u00e4n kev\u00e4\u00e4n toista loppuottelijaa haetaan seuraavan kerran keskiviikkona, kun BK-46 ja GrIFK ly\u00f6v\u00e4t hynttyyt yhteen nelj\u00e4nnen kerran.","breadcrumb":{"@id":"https:\/\/grifk-handball.com\/miehet\/kausi-2023-24\/ennakot-2023-24\/liigan-karkikaksikko-kokoontuu-karjaalla\/#breadcrumb"},"inLanguage":"fi","potentialAction":[{"@type":"ReadAction","target":["https:\/\/grifk-handball.com\/miehet\/kausi-2023-24\/ennakot-2023-24\/liigan-karkikaksikko-kokoontuu-karjaalla\/"]}]},{"@type":"ImageObject","inLanguage":"fi","@id":"https:\/\/grifk-handball.com\/miehet\/kausi-2023-24\/ennakot-2023-24\/liigan-karkikaksikko-kokoontuu-karjaalla\/#primaryimage","url":"https:\/\/i0.wp.com\/grifk-handball.com\/miehet\/wp-content\/uploads\/sites\/2\/2023\/09\/B7A3291-scaled-e1699871988823.jpg?fit=1561%2C874&ssl=1","contentUrl":"https:\/\/i0.wp.com\/grifk-handball.com\/miehet\/wp-content\/uploads\/sites\/2\/2023\/09\/B7A3291-scaled-e1699871988823.jpg?fit=1561%2C874&ssl=1","width":1561,"height":874},{"@type":"BreadcrumbList","@id":"https:\/\/grifk-handball.com\/miehet\/kausi-2023-24\/ennakot-2023-24\/liigan-karkikaksikko-kokoontuu-karjaalla\/#breadcrumb","itemListElement":[{"@type":"ListItem","position":1,"name":"Home","item":"https:\/\/grifk-handball.com\/miehet\/etusivu-260109\/"},{"@type":"ListItem","position":2,"name":"Liigan k\u00e4rkikaksikko kokoontuu Karjaalla"}]},{"@type":"WebSite","@id":"https:\/\/grifk-handball.com\/miehet\/#website","url":"https:\/\/grifk-handball.com\/miehet\/","name":"GrIFK K\u00e4sipallo - miehet","description":"BomBom!","publisher":{"@id":"https:\/\/grifk-handball.com\/miehet\/#organization"},"potentialAction":[{"@type":"SearchAction","target":{"@type":"EntryPoint","urlTemplate":"https:\/\/grifk-handball.com\/miehet\/?s={search_term_string}"},"query-input":{"@type":"PropertyValueSpecification","valueRequired":true,"valueName":"search_term_string"}}],"inLanguage":"fi"},{"@type":"Organization","@id":"https:\/\/grifk-handball.com\/miehet\/#organization","name":"GrIFK K\u00e4sipallo - miehet","url":"https:\/\/grifk-handball.com\/miehet\/","logo":{"@type":"ImageObject","inLanguage":"fi","@id":"https:\/\/grifk-handball.com\/miehet\/#\/schema\/logo\/image\/","url":"https:\/\/i0.wp.com\/grifk-handball.com\/miehet\/wp-content\/uploads\/sites\/2\/2016\/10\/logo-grifk-iso.png?fit=1200%2C1400&ssl=1","contentUrl":"https:\/\/i0.wp.com\/grifk-handball.com\/miehet\/wp-content\/uploads\/sites\/2\/2016\/10\/logo-grifk-iso.png?fit=1200%2C1400&ssl=1","width":1200,"height":1400,"caption":"GrIFK K\u00e4sipallo - miehet"},"image":{"@id":"https:\/\/grifk-handball.com\/miehet\/#\/schema\/logo\/image\/"},"sameAs":["https:\/\/www.facebook.com\/GrIFKelit\/","https:\/\/x.com\/GrIFK_MSM","https:\/\/www.instagram.com\/grifk_elit\/"]},{"@type":"Person","@id":"https:\/\/grifk-handball.com\/miehet\/#\/schema\/person\/9da98c743e3f0f85a1b32f59241b48e0","name":"granimaster","image":{"@type":"ImageObject","inLanguage":"fi","@id":"https:\/\/secure.gravatar.com\/avatar\/034b8e6380fc659c320f13e17fe45bd9ab48a21e2debadd5f3179bde291949df?s=96&d=mm&r=g","url":"https:\/\/secure.gravatar.com\/avatar\/034b8e6380fc659c320f13e17fe45bd9ab48a21e2debadd5f3179bde291949df?s=96&d=mm&r=g","contentUrl":"https:\/\/secure.gravatar.com\/avatar\/034b8e6380fc659c320f13e17fe45bd9ab48a21e2debadd5f3179bde291949df?s=96&d=mm&r=g","caption":"granimaster"},"url":"https:\/\/grifk-handball.com\/miehet\/author\/granimaster\/"}]}},"jetpack_featured_media_url":"https:\/\/i0.wp.com\/grifk-handball.com\/miehet\/wp-content\/uploads\/sites\/2\/2023\/09\/B7A3291-scaled-e1699871988823.jpg?fit=1561%2C874&ssl=1","jetpack_shortlink":"https:\/\/wp.me\/p9jQ9a-5r4","_links":{"self":[{"href":"https:\/\/grifk-handball.com\/miehet\/wp-json\/wp\/v2\/posts\/20898","targetHints":{"allow":["GET"]}}],"collection":[{"href":"https:\/\/grifk-handball.com\/miehet\/wp-json\/wp\/v2\/posts"}],"about":[{"href":"https:\/\/grifk-handball.com\/miehet\/wp-json\/wp\/v2\/types\/post"}],"author":[{"embeddable":true,"href":"https:\/\/grifk-handball.com\/miehet\/wp-json\/wp\/v2\/users\/1"}],"replies":[{"embeddable":true,"href":"https:\/\/grifk-handball.com\/miehet\/wp-json\/wp\/v2\/comments?post=20898"}],"version-history":[{"count":11,"href":"https:\/\/grifk-handball.com\/miehet\/wp-json\/wp\/v2\/posts\/20898\/revisions"}],"predecessor-version":[{"id":21483,"href":"https:\/\/grifk-handball.com\/miehet\/wp-json\/wp\/v2\/posts\/20898\/revisions\/21483"}],"wp:featuredmedia":[{"embeddable":true,"href":"https:\/\/grifk-handball.com\/miehet\/wp-json\/wp\/v2\/media\/20243"}],"wp:attachment":[{"href":"https:\/\/grifk-handball.com\/miehet\/wp-json\/wp\/v2\/media?parent=20898"}],"wp:term":[{"taxonomy":"category","embeddable":true,"href":"https:\/\/grifk-handball.com\/miehet\/wp-json\/wp\/v2\/categories?post=20898"},{"taxonomy":"post_tag","embeddable":true,"href":"https:\/\/grifk-handball.com\/miehet\/wp-json\/wp\/v2\/tags?post=20898"}],"curies":[{"name":"wp","href":"https:\/\/api.w.org\/{rel}","templated":true}]}}