{"id":22190,"date":"2024-04-03T23:10:17","date_gmt":"2024-04-03T20:10:17","guid":{"rendered":"https:\/\/grifk-handball.com\/miehet\/?p=22190"},"modified":"2024-04-04T00:21:01","modified_gmt":"2024-04-03T21:21:01","slug":"valierat-alkoivat-riihimaella-grifksta-tuli-takaa-ajaja","status":"publish","type":"post","link":"https:\/\/grifk-handball.com\/miehet\/kausi-2023-24\/ottelut-2023-24\/valierat-alkoivat-riihimaella-grifksta-tuli-takaa-ajaja\/","title":{"rendered":"V\u00e4lier\u00e4t alkoivat Riihim\u00e4ell\u00e4 &#8211; GrIFK:sta tuli takaa-ajaja"},"content":{"rendered":"<section  class='av_textblock_section av-lpolmn4x-f94d0305082788962fc7320065104f76 '   itemscope=\"itemscope\" itemtype=\"https:\/\/schema.org\/BlogPosting\" itemprop=\"blogPost\" ><div class='avia_textblock'  itemprop=\"text\" ><p><strong>Otteluvoitot 0-1.<\/strong><\/p>\n<p>SM-liigan toinenkin semifinaalisarja saatiin k\u00e4ynnistetty\u00e4 keskiviikkona, kun GrIFK matkusti Riihim\u00e4elle Cocksin vieraaksi. Tiistaina BK-46 otti omassa sarjassaan ensimm\u00e4isen voiton Dickenist\u00e4, ja Raaseporin suunnalta kuullut kommentit Dickenin pelin tempon alentamisesta asetettiin kokonaan uuteen valoon peliss\u00e4, jonka Cocks voitti 27-24 (14-13).<\/p>\n<p>GrIFK:n muutenkin ohut kokoonpano meni kovin kapeaksi kun v\u00e4lier\u00e4n ensimm\u00e4inen vartti verotti vierasjoukkuetta rankasti. Maaliskuun maaottelussa Liettuaa vastaan loukkaantuneen Richard Sundbergin paluu pelikentille p\u00e4\u00e4ttyi hetke\u00e4 ennen kuin tuli jo seuraavan potilaan vuoro astua syrj\u00e4\u00e4n. Miro Koljonen osui ep\u00e4onnisesti Cocksin pelaajaan ja nilkutti pois kent\u00e4lt\u00e4, mik\u00e4 johti luonnollisesti pelisuunnitelman hienos\u00e4\u00e4t\u00f6\u00f6n. Loput ottelusta Grani joutui operoimaan hyvin kapealla kokoonpanolla, miss\u00e4 pelin tempo j\u00e4\u00e4dytettiin minimil\u00e4mp\u00f6tilaan.<\/p>\n<p>Hitaanlainen pelitahti n\u00e4ytti olevan myrkky\u00e4 kotijoukkueelle, joka sai tosissaan tehd\u00e4 t\u00f6it\u00e4 pit\u00e4\u00e4kseen alussa hankkimansa parin maalin johtonsa. Grani hivuttautui ennen taukoa kertaalleen tasoihin Alexander Qvistin kahdella maalilla (13-12 ja 13-13), mutta is\u00e4nn\u00e4t saivat avausjakson viimeisen osuman ja taukojohdon lahjaksi.<\/p>\n<p>Avausjakson tilastokummajainen l\u00f6ytyy torjuntojen m\u00e4\u00e4r\u00e4ss\u00e4. Is\u00e4ntien Gergo Miklos voitti torjunnat Patrik Roslanderia vastaan 10-3, mutta tulostaululla se ei kuitenkaan n\u00e4kynyt.<\/p>\n<p>Cocks tiivisti puolustustaan toisen jakson alkuun ja vastasi kahdesta ensimm\u00e4isest\u00e4 maalista. Grani pelasi maalipaikkansa laitaan tai viivalle, joista Isak Lehvonen, Fredrik Forss ja Wilhelm Parvinen avasivat vieraiden toisen puoliajan maalitilin.<\/p>\n<p>Ottelu eteni tasaisena aina viimeiselle kympille, jolloin kotijoukkueen leve\u00e4mpi penkki alkoi vaikuttamaan. GrIFK tappeli mink\u00e4 jaksoi, mutta Cocksin Pavel Duda ja Teemu Tamminen triplasivat eron (21-19, 48 min. -&gt; 27-21 56 min.). GrIFK ei tappion hetkell\u00e4k\u00e4\u00e4n antanut periksi vaan kuittasi ottelun kolme viimeist\u00e4 maalia nimiins\u00e4.<\/p>\n<p>Vierasjoukkueen kuopusten joukkoon kuuluva liukkaasti liikkuva William Nysten saalisti uransa ensimm\u00e4isen t\u00e4hden ennakkoluulottomalla esityksell\u00e4\u00e4n.<\/p>\n<p>Mikael K\u00e4llmanin miehist\u00f6 teki mink\u00e4 pystyi, ja p\u00e4\u00e4valmentajan kommentti ottelun j\u00e4lkeen kertoi tuntojaan n\u00e4in:<\/p>\n<p>&#8211; Todella ylpe\u00e4 ylpe\u00e4 olen t\u00e4m\u00e4n joukkueen suorituksesta. J\u00e4tettiin kyll\u00e4 kaikki kent\u00e4lle, valtava taistelu oli. Ei kahta sanaa, Cocks kyll\u00e4 ansaitsi voittonsa.<\/p>\n<h4>Toinen osaottelu lauantaina Luolassa<\/h4>\n<p>Cocks otti ensimm\u00e4isen kiinnityksen finaalipaikasta, mutta taistelu jatkuu Granin pelaajien osalta yht\u00e4 kokemusta rikkaampana lauantaina, kun kello 15 alkava kotiottelu starttaa. Nyt jos koskaan kotikatsomon tukea tarvitaan, sill\u00e4 yksik\u00e4\u00e4n lis\u00e4apu ei ole liikaa.<\/p>\n<div class=\"mceTemp\"><\/div>\n<\/div><\/section>\n","protected":false},"excerpt":{"rendered":"","protected":false},"author":1,"featured_media":22193,"comment_status":"closed","ping_status":"closed","sticky":false,"template":"","format":"standard","meta":{"_acf_changed":false,"footnotes":""},"categories":[542],"tags":[12,26,19,25,35,41,46],"class_list":["post-22190","post","type-post","status-publish","format-standard","has-post-thumbnail","hentry","category-ottelut-2023-24","tag-bombom","tag-grifkhandball","tag-cocks","tag-grifk","tag-playoff","tag-sm-liiga","tag-valiera"],"acf":[],"yoast_head":"<!-- This site is optimized with the Yoast SEO plugin v27.5 - https:\/\/yoast.com\/product\/yoast-seo-wordpress\/ -->\n<title>V\u00e4lier\u00e4t alkoivat Riihim\u00e4ell\u00e4 - GrIFK:sta tuli takaa-ajaja &#8212; GrIFK K\u00e4sipallo - miehet<\/title>\n<meta name=\"robots\" content=\"index, follow, max-snippet:-1, max-image-preview:large, max-video-preview:-1\" \/>\n<link rel=\"canonical\" href=\"https:\/\/grifk-handball.com\/miehet\/kausi-2023-24\/ottelut-2023-24\/valierat-alkoivat-riihimaella-grifksta-tuli-takaa-ajaja\/\" \/>\n<meta property=\"og:locale\" content=\"fi_FI\" \/>\n<meta property=\"og:type\" content=\"article\" \/>\n<meta property=\"og:title\" content=\"V\u00e4lier\u00e4t alkoivat Riihim\u00e4ell\u00e4 - GrIFK:sta tuli takaa-ajaja &#8212; GrIFK K\u00e4sipallo - miehet\" \/>\n<meta property=\"og:url\" content=\"https:\/\/grifk-handball.com\/miehet\/kausi-2023-24\/ottelut-2023-24\/valierat-alkoivat-riihimaella-grifksta-tuli-takaa-ajaja\/\" \/>\n<meta property=\"og:site_name\" content=\"GrIFK K\u00e4sipallo - miehet\" \/>\n<meta property=\"article:publisher\" content=\"https:\/\/www.facebook.com\/GrIFKelit\/\" \/>\n<meta property=\"article:published_time\" content=\"2024-04-03T20:10:17+00:00\" \/>\n<meta property=\"article:modified_time\" content=\"2024-04-03T21:21:01+00:00\" \/>\n<meta property=\"og:image\" content=\"http:\/\/grifk-handball.com\/miehet\/wp-content\/uploads\/sites\/2\/2024\/04\/B7A9817-e1712178082330.jpg\" \/>\n\t<meta property=\"og:image:width\" content=\"1221\" \/>\n\t<meta property=\"og:image:height\" content=\"768\" \/>\n\t<meta property=\"og:image:type\" content=\"image\/jpeg\" \/>\n<meta name=\"author\" content=\"granimaster\" \/>\n<meta name=\"twitter:card\" content=\"summary_large_image\" \/>\n<meta name=\"twitter:creator\" content=\"@GrIFK_MSM\" \/>\n<meta name=\"twitter:site\" content=\"@GrIFK_MSM\" \/>\n<meta name=\"twitter:label1\" content=\"Kirjoittanut\" \/>\n\t<meta name=\"twitter:data1\" content=\"granimaster\" \/>\n\t<meta name=\"twitter:label2\" content=\"Arvioitu lukuaika\" \/>\n\t<meta name=\"twitter:data2\" content=\"2 minuuttia\" \/>\n<script type=\"application\/ld+json\" class=\"yoast-schema-graph\">{\"@context\":\"https:\\\/\\\/schema.org\",\"@graph\":[{\"@type\":\"Article\",\"@id\":\"https:\\\/\\\/grifk-handball.com\\\/miehet\\\/kausi-2023-24\\\/ottelut-2023-24\\\/valierat-alkoivat-riihimaella-grifksta-tuli-takaa-ajaja\\\/#article\",\"isPartOf\":{\"@id\":\"https:\\\/\\\/grifk-handball.com\\\/miehet\\\/kausi-2023-24\\\/ottelut-2023-24\\\/valierat-alkoivat-riihimaella-grifksta-tuli-takaa-ajaja\\\/\"},\"author\":{\"name\":\"granimaster\",\"@id\":\"https:\\\/\\\/grifk-handball.com\\\/miehet\\\/#\\\/schema\\\/person\\\/9da98c743e3f0f85a1b32f59241b48e0\"},\"headline\":\"V\u00e4lier\u00e4t alkoivat Riihim\u00e4ell\u00e4 &#8211; GrIFK:sta tuli takaa-ajaja\",\"datePublished\":\"2024-04-03T20:10:17+00:00\",\"dateModified\":\"2024-04-03T21:21:01+00:00\",\"mainEntityOfPage\":{\"@id\":\"https:\\\/\\\/grifk-handball.com\\\/miehet\\\/kausi-2023-24\\\/ottelut-2023-24\\\/valierat-alkoivat-riihimaella-grifksta-tuli-takaa-ajaja\\\/\"},\"wordCount\":460,\"publisher\":{\"@id\":\"https:\\\/\\\/grifk-handball.com\\\/miehet\\\/#organization\"},\"image\":{\"@id\":\"https:\\\/\\\/grifk-handball.com\\\/miehet\\\/kausi-2023-24\\\/ottelut-2023-24\\\/valierat-alkoivat-riihimaella-grifksta-tuli-takaa-ajaja\\\/#primaryimage\"},\"thumbnailUrl\":\"https:\\\/\\\/i0.wp.com\\\/grifk-handball.com\\\/miehet\\\/wp-content\\\/uploads\\\/sites\\\/2\\\/2024\\\/04\\\/B7A9817-e1712178082330.jpg?fit=1221%2C768&ssl=1\",\"keywords\":[\"#BomBom\",\"#GrIFKHandball\",\"Cocks\",\"GrIFK\",\"Play Off\",\"SM-liiga\",\"V\u00e4lier\u00e4\"],\"articleSection\":[\"Ottelut 2023-24\"],\"inLanguage\":\"fi\"},{\"@type\":\"WebPage\",\"@id\":\"https:\\\/\\\/grifk-handball.com\\\/miehet\\\/kausi-2023-24\\\/ottelut-2023-24\\\/valierat-alkoivat-riihimaella-grifksta-tuli-takaa-ajaja\\\/\",\"url\":\"https:\\\/\\\/grifk-handball.com\\\/miehet\\\/kausi-2023-24\\\/ottelut-2023-24\\\/valierat-alkoivat-riihimaella-grifksta-tuli-takaa-ajaja\\\/\",\"name\":\"V\u00e4lier\u00e4t alkoivat Riihim\u00e4ell\u00e4 - GrIFK:sta tuli takaa-ajaja &#8212; GrIFK K\u00e4sipallo - miehet\",\"isPartOf\":{\"@id\":\"https:\\\/\\\/grifk-handball.com\\\/miehet\\\/#website\"},\"primaryImageOfPage\":{\"@id\":\"https:\\\/\\\/grifk-handball.com\\\/miehet\\\/kausi-2023-24\\\/ottelut-2023-24\\\/valierat-alkoivat-riihimaella-grifksta-tuli-takaa-ajaja\\\/#primaryimage\"},\"image\":{\"@id\":\"https:\\\/\\\/grifk-handball.com\\\/miehet\\\/kausi-2023-24\\\/ottelut-2023-24\\\/valierat-alkoivat-riihimaella-grifksta-tuli-takaa-ajaja\\\/#primaryimage\"},\"thumbnailUrl\":\"https:\\\/\\\/i0.wp.com\\\/grifk-handball.com\\\/miehet\\\/wp-content\\\/uploads\\\/sites\\\/2\\\/2024\\\/04\\\/B7A9817-e1712178082330.jpg?fit=1221%2C768&ssl=1\",\"datePublished\":\"2024-04-03T20:10:17+00:00\",\"dateModified\":\"2024-04-03T21:21:01+00:00\",\"breadcrumb\":{\"@id\":\"https:\\\/\\\/grifk-handball.com\\\/miehet\\\/kausi-2023-24\\\/ottelut-2023-24\\\/valierat-alkoivat-riihimaella-grifksta-tuli-takaa-ajaja\\\/#breadcrumb\"},\"inLanguage\":\"fi\",\"potentialAction\":[{\"@type\":\"ReadAction\",\"target\":[\"https:\\\/\\\/grifk-handball.com\\\/miehet\\\/kausi-2023-24\\\/ottelut-2023-24\\\/valierat-alkoivat-riihimaella-grifksta-tuli-takaa-ajaja\\\/\"]}]},{\"@type\":\"ImageObject\",\"inLanguage\":\"fi\",\"@id\":\"https:\\\/\\\/grifk-handball.com\\\/miehet\\\/kausi-2023-24\\\/ottelut-2023-24\\\/valierat-alkoivat-riihimaella-grifksta-tuli-takaa-ajaja\\\/#primaryimage\",\"url\":\"https:\\\/\\\/i0.wp.com\\\/grifk-handball.com\\\/miehet\\\/wp-content\\\/uploads\\\/sites\\\/2\\\/2024\\\/04\\\/B7A9817-e1712178082330.jpg?fit=1221%2C768&ssl=1\",\"contentUrl\":\"https:\\\/\\\/i0.wp.com\\\/grifk-handball.com\\\/miehet\\\/wp-content\\\/uploads\\\/sites\\\/2\\\/2024\\\/04\\\/B7A9817-e1712178082330.jpg?fit=1221%2C768&ssl=1\",\"width\":1221,\"height\":768},{\"@type\":\"BreadcrumbList\",\"@id\":\"https:\\\/\\\/grifk-handball.com\\\/miehet\\\/kausi-2023-24\\\/ottelut-2023-24\\\/valierat-alkoivat-riihimaella-grifksta-tuli-takaa-ajaja\\\/#breadcrumb\",\"itemListElement\":[{\"@type\":\"ListItem\",\"position\":1,\"name\":\"Home\",\"item\":\"https:\\\/\\\/grifk-handball.com\\\/miehet\\\/etusivu-260109\\\/\"},{\"@type\":\"ListItem\",\"position\":2,\"name\":\"V\u00e4lier\u00e4t alkoivat Riihim\u00e4ell\u00e4 &#8211; GrIFK:sta tuli takaa-ajaja\"}]},{\"@type\":\"WebSite\",\"@id\":\"https:\\\/\\\/grifk-handball.com\\\/miehet\\\/#website\",\"url\":\"https:\\\/\\\/grifk-handball.com\\\/miehet\\\/\",\"name\":\"GrIFK K\u00e4sipallo - miehet\",\"description\":\"BomBom!\",\"publisher\":{\"@id\":\"https:\\\/\\\/grifk-handball.com\\\/miehet\\\/#organization\"},\"potentialAction\":[{\"@type\":\"SearchAction\",\"target\":{\"@type\":\"EntryPoint\",\"urlTemplate\":\"https:\\\/\\\/grifk-handball.com\\\/miehet\\\/?s={search_term_string}\"},\"query-input\":{\"@type\":\"PropertyValueSpecification\",\"valueRequired\":true,\"valueName\":\"search_term_string\"}}],\"inLanguage\":\"fi\"},{\"@type\":\"Organization\",\"@id\":\"https:\\\/\\\/grifk-handball.com\\\/miehet\\\/#organization\",\"name\":\"GrIFK K\u00e4sipallo - miehet\",\"url\":\"https:\\\/\\\/grifk-handball.com\\\/miehet\\\/\",\"logo\":{\"@type\":\"ImageObject\",\"inLanguage\":\"fi\",\"@id\":\"https:\\\/\\\/grifk-handball.com\\\/miehet\\\/#\\\/schema\\\/logo\\\/image\\\/\",\"url\":\"https:\\\/\\\/i0.wp.com\\\/grifk-handball.com\\\/miehet\\\/wp-content\\\/uploads\\\/sites\\\/2\\\/2016\\\/10\\\/logo-grifk-iso.png?fit=1200%2C1400&ssl=1\",\"contentUrl\":\"https:\\\/\\\/i0.wp.com\\\/grifk-handball.com\\\/miehet\\\/wp-content\\\/uploads\\\/sites\\\/2\\\/2016\\\/10\\\/logo-grifk-iso.png?fit=1200%2C1400&ssl=1\",\"width\":1200,\"height\":1400,\"caption\":\"GrIFK K\u00e4sipallo - miehet\"},\"image\":{\"@id\":\"https:\\\/\\\/grifk-handball.com\\\/miehet\\\/#\\\/schema\\\/logo\\\/image\\\/\"},\"sameAs\":[\"https:\\\/\\\/www.facebook.com\\\/GrIFKelit\\\/\",\"https:\\\/\\\/x.com\\\/GrIFK_MSM\",\"https:\\\/\\\/www.instagram.com\\\/grifk_elit\\\/\"]},{\"@type\":\"Person\",\"@id\":\"https:\\\/\\\/grifk-handball.com\\\/miehet\\\/#\\\/schema\\\/person\\\/9da98c743e3f0f85a1b32f59241b48e0\",\"name\":\"granimaster\",\"image\":{\"@type\":\"ImageObject\",\"inLanguage\":\"fi\",\"@id\":\"https:\\\/\\\/secure.gravatar.com\\\/avatar\\\/034b8e6380fc659c320f13e17fe45bd9ab48a21e2debadd5f3179bde291949df?s=96&d=mm&r=g\",\"url\":\"https:\\\/\\\/secure.gravatar.com\\\/avatar\\\/034b8e6380fc659c320f13e17fe45bd9ab48a21e2debadd5f3179bde291949df?s=96&d=mm&r=g\",\"contentUrl\":\"https:\\\/\\\/secure.gravatar.com\\\/avatar\\\/034b8e6380fc659c320f13e17fe45bd9ab48a21e2debadd5f3179bde291949df?s=96&d=mm&r=g\",\"caption\":\"granimaster\"},\"url\":\"https:\\\/\\\/grifk-handball.com\\\/miehet\\\/author\\\/granimaster\\\/\"}]}<\/script>\n<!-- \/ Yoast SEO plugin. -->","yoast_head_json":{"title":"V\u00e4lier\u00e4t alkoivat Riihim\u00e4ell\u00e4 - GrIFK:sta tuli takaa-ajaja &#8212; GrIFK K\u00e4sipallo - miehet","robots":{"index":"index","follow":"follow","max-snippet":"max-snippet:-1","max-image-preview":"max-image-preview:large","max-video-preview":"max-video-preview:-1"},"canonical":"https:\/\/grifk-handball.com\/miehet\/kausi-2023-24\/ottelut-2023-24\/valierat-alkoivat-riihimaella-grifksta-tuli-takaa-ajaja\/","og_locale":"fi_FI","og_type":"article","og_title":"V\u00e4lier\u00e4t alkoivat Riihim\u00e4ell\u00e4 - GrIFK:sta tuli takaa-ajaja &#8212; GrIFK K\u00e4sipallo - miehet","og_url":"https:\/\/grifk-handball.com\/miehet\/kausi-2023-24\/ottelut-2023-24\/valierat-alkoivat-riihimaella-grifksta-tuli-takaa-ajaja\/","og_site_name":"GrIFK K\u00e4sipallo - miehet","article_publisher":"https:\/\/www.facebook.com\/GrIFKelit\/","article_published_time":"2024-04-03T20:10:17+00:00","article_modified_time":"2024-04-03T21:21:01+00:00","og_image":[{"width":1221,"height":768,"url":"http:\/\/grifk-handball.com\/miehet\/wp-content\/uploads\/sites\/2\/2024\/04\/B7A9817-e1712178082330.jpg","type":"image\/jpeg"}],"author":"granimaster","twitter_card":"summary_large_image","twitter_creator":"@GrIFK_MSM","twitter_site":"@GrIFK_MSM","twitter_misc":{"Kirjoittanut":"granimaster","Arvioitu lukuaika":"2 minuuttia"},"schema":{"@context":"https:\/\/schema.org","@graph":[{"@type":"Article","@id":"https:\/\/grifk-handball.com\/miehet\/kausi-2023-24\/ottelut-2023-24\/valierat-alkoivat-riihimaella-grifksta-tuli-takaa-ajaja\/#article","isPartOf":{"@id":"https:\/\/grifk-handball.com\/miehet\/kausi-2023-24\/ottelut-2023-24\/valierat-alkoivat-riihimaella-grifksta-tuli-takaa-ajaja\/"},"author":{"name":"granimaster","@id":"https:\/\/grifk-handball.com\/miehet\/#\/schema\/person\/9da98c743e3f0f85a1b32f59241b48e0"},"headline":"V\u00e4lier\u00e4t alkoivat Riihim\u00e4ell\u00e4 &#8211; GrIFK:sta tuli takaa-ajaja","datePublished":"2024-04-03T20:10:17+00:00","dateModified":"2024-04-03T21:21:01+00:00","mainEntityOfPage":{"@id":"https:\/\/grifk-handball.com\/miehet\/kausi-2023-24\/ottelut-2023-24\/valierat-alkoivat-riihimaella-grifksta-tuli-takaa-ajaja\/"},"wordCount":460,"publisher":{"@id":"https:\/\/grifk-handball.com\/miehet\/#organization"},"image":{"@id":"https:\/\/grifk-handball.com\/miehet\/kausi-2023-24\/ottelut-2023-24\/valierat-alkoivat-riihimaella-grifksta-tuli-takaa-ajaja\/#primaryimage"},"thumbnailUrl":"https:\/\/i0.wp.com\/grifk-handball.com\/miehet\/wp-content\/uploads\/sites\/2\/2024\/04\/B7A9817-e1712178082330.jpg?fit=1221%2C768&ssl=1","keywords":["#BomBom","#GrIFKHandball","Cocks","GrIFK","Play Off","SM-liiga","V\u00e4lier\u00e4"],"articleSection":["Ottelut 2023-24"],"inLanguage":"fi"},{"@type":"WebPage","@id":"https:\/\/grifk-handball.com\/miehet\/kausi-2023-24\/ottelut-2023-24\/valierat-alkoivat-riihimaella-grifksta-tuli-takaa-ajaja\/","url":"https:\/\/grifk-handball.com\/miehet\/kausi-2023-24\/ottelut-2023-24\/valierat-alkoivat-riihimaella-grifksta-tuli-takaa-ajaja\/","name":"V\u00e4lier\u00e4t alkoivat Riihim\u00e4ell\u00e4 - GrIFK:sta tuli takaa-ajaja &#8212; GrIFK K\u00e4sipallo - miehet","isPartOf":{"@id":"https:\/\/grifk-handball.com\/miehet\/#website"},"primaryImageOfPage":{"@id":"https:\/\/grifk-handball.com\/miehet\/kausi-2023-24\/ottelut-2023-24\/valierat-alkoivat-riihimaella-grifksta-tuli-takaa-ajaja\/#primaryimage"},"image":{"@id":"https:\/\/grifk-handball.com\/miehet\/kausi-2023-24\/ottelut-2023-24\/valierat-alkoivat-riihimaella-grifksta-tuli-takaa-ajaja\/#primaryimage"},"thumbnailUrl":"https:\/\/i0.wp.com\/grifk-handball.com\/miehet\/wp-content\/uploads\/sites\/2\/2024\/04\/B7A9817-e1712178082330.jpg?fit=1221%2C768&ssl=1","datePublished":"2024-04-03T20:10:17+00:00","dateModified":"2024-04-03T21:21:01+00:00","breadcrumb":{"@id":"https:\/\/grifk-handball.com\/miehet\/kausi-2023-24\/ottelut-2023-24\/valierat-alkoivat-riihimaella-grifksta-tuli-takaa-ajaja\/#breadcrumb"},"inLanguage":"fi","potentialAction":[{"@type":"ReadAction","target":["https:\/\/grifk-handball.com\/miehet\/kausi-2023-24\/ottelut-2023-24\/valierat-alkoivat-riihimaella-grifksta-tuli-takaa-ajaja\/"]}]},{"@type":"ImageObject","inLanguage":"fi","@id":"https:\/\/grifk-handball.com\/miehet\/kausi-2023-24\/ottelut-2023-24\/valierat-alkoivat-riihimaella-grifksta-tuli-takaa-ajaja\/#primaryimage","url":"https:\/\/i0.wp.com\/grifk-handball.com\/miehet\/wp-content\/uploads\/sites\/2\/2024\/04\/B7A9817-e1712178082330.jpg?fit=1221%2C768&ssl=1","contentUrl":"https:\/\/i0.wp.com\/grifk-handball.com\/miehet\/wp-content\/uploads\/sites\/2\/2024\/04\/B7A9817-e1712178082330.jpg?fit=1221%2C768&ssl=1","width":1221,"height":768},{"@type":"BreadcrumbList","@id":"https:\/\/grifk-handball.com\/miehet\/kausi-2023-24\/ottelut-2023-24\/valierat-alkoivat-riihimaella-grifksta-tuli-takaa-ajaja\/#breadcrumb","itemListElement":[{"@type":"ListItem","position":1,"name":"Home","item":"https:\/\/grifk-handball.com\/miehet\/etusivu-260109\/"},{"@type":"ListItem","position":2,"name":"V\u00e4lier\u00e4t alkoivat Riihim\u00e4ell\u00e4 &#8211; GrIFK:sta tuli takaa-ajaja"}]},{"@type":"WebSite","@id":"https:\/\/grifk-handball.com\/miehet\/#website","url":"https:\/\/grifk-handball.com\/miehet\/","name":"GrIFK K\u00e4sipallo - miehet","description":"BomBom!","publisher":{"@id":"https:\/\/grifk-handball.com\/miehet\/#organization"},"potentialAction":[{"@type":"SearchAction","target":{"@type":"EntryPoint","urlTemplate":"https:\/\/grifk-handball.com\/miehet\/?s={search_term_string}"},"query-input":{"@type":"PropertyValueSpecification","valueRequired":true,"valueName":"search_term_string"}}],"inLanguage":"fi"},{"@type":"Organization","@id":"https:\/\/grifk-handball.com\/miehet\/#organization","name":"GrIFK K\u00e4sipallo - miehet","url":"https:\/\/grifk-handball.com\/miehet\/","logo":{"@type":"ImageObject","inLanguage":"fi","@id":"https:\/\/grifk-handball.com\/miehet\/#\/schema\/logo\/image\/","url":"https:\/\/i0.wp.com\/grifk-handball.com\/miehet\/wp-content\/uploads\/sites\/2\/2016\/10\/logo-grifk-iso.png?fit=1200%2C1400&ssl=1","contentUrl":"https:\/\/i0.wp.com\/grifk-handball.com\/miehet\/wp-content\/uploads\/sites\/2\/2016\/10\/logo-grifk-iso.png?fit=1200%2C1400&ssl=1","width":1200,"height":1400,"caption":"GrIFK K\u00e4sipallo - miehet"},"image":{"@id":"https:\/\/grifk-handball.com\/miehet\/#\/schema\/logo\/image\/"},"sameAs":["https:\/\/www.facebook.com\/GrIFKelit\/","https:\/\/x.com\/GrIFK_MSM","https:\/\/www.instagram.com\/grifk_elit\/"]},{"@type":"Person","@id":"https:\/\/grifk-handball.com\/miehet\/#\/schema\/person\/9da98c743e3f0f85a1b32f59241b48e0","name":"granimaster","image":{"@type":"ImageObject","inLanguage":"fi","@id":"https:\/\/secure.gravatar.com\/avatar\/034b8e6380fc659c320f13e17fe45bd9ab48a21e2debadd5f3179bde291949df?s=96&d=mm&r=g","url":"https:\/\/secure.gravatar.com\/avatar\/034b8e6380fc659c320f13e17fe45bd9ab48a21e2debadd5f3179bde291949df?s=96&d=mm&r=g","contentUrl":"https:\/\/secure.gravatar.com\/avatar\/034b8e6380fc659c320f13e17fe45bd9ab48a21e2debadd5f3179bde291949df?s=96&d=mm&r=g","caption":"granimaster"},"url":"https:\/\/grifk-handball.com\/miehet\/author\/granimaster\/"}]}},"jetpack_featured_media_url":"https:\/\/i0.wp.com\/grifk-handball.com\/miehet\/wp-content\/uploads\/sites\/2\/2024\/04\/B7A9817-e1712178082330.jpg?fit=1221%2C768&ssl=1","jetpack_shortlink":"https:\/\/wp.me\/p9jQ9a-5LU","_links":{"self":[{"href":"https:\/\/grifk-handball.com\/miehet\/wp-json\/wp\/v2\/posts\/22190","targetHints":{"allow":["GET"]}}],"collection":[{"href":"https:\/\/grifk-handball.com\/miehet\/wp-json\/wp\/v2\/posts"}],"about":[{"href":"https:\/\/grifk-handball.com\/miehet\/wp-json\/wp\/v2\/types\/post"}],"author":[{"embeddable":true,"href":"https:\/\/grifk-handball.com\/miehet\/wp-json\/wp\/v2\/users\/1"}],"replies":[{"embeddable":true,"href":"https:\/\/grifk-handball.com\/miehet\/wp-json\/wp\/v2\/comments?post=22190"}],"version-history":[{"count":11,"href":"https:\/\/grifk-handball.com\/miehet\/wp-json\/wp\/v2\/posts\/22190\/revisions"}],"predecessor-version":[{"id":22236,"href":"https:\/\/grifk-handball.com\/miehet\/wp-json\/wp\/v2\/posts\/22190\/revisions\/22236"}],"wp:featuredmedia":[{"embeddable":true,"href":"https:\/\/grifk-handball.com\/miehet\/wp-json\/wp\/v2\/media\/22193"}],"wp:attachment":[{"href":"https:\/\/grifk-handball.com\/miehet\/wp-json\/wp\/v2\/media?parent=22190"}],"wp:term":[{"taxonomy":"category","embeddable":true,"href":"https:\/\/grifk-handball.com\/miehet\/wp-json\/wp\/v2\/categories?post=22190"},{"taxonomy":"post_tag","embeddable":true,"href":"https:\/\/grifk-handball.com\/miehet\/wp-json\/wp\/v2\/tags?post=22190"}],"curies":[{"name":"wp","href":"https:\/\/api.w.org\/{rel}","templated":true}]}}