{"id":22640,"date":"2024-09-12T16:41:45","date_gmt":"2024-09-12T13:41:45","guid":{"rendered":"https:\/\/grifk-handball.com\/miehet\/?p=22640"},"modified":"2024-10-26T11:07:23","modified_gmt":"2024-10-26T08:07:23","slug":"tuplaviikonloppu-aloittaa-aktialiigan-grifk-kohtaa-aifkn-kahdesti","status":"publish","type":"post","link":"https:\/\/grifk-handball.com\/miehet\/kausi-2024-25\/ennakot-2024-25\/tuplaviikonloppu-aloittaa-aktialiigan-grifk-kohtaa-aifkn-kahdesti\/","title":{"rendered":"Tuplaviikonloppu aloittaa Aktialiigan &#8211; GrIFK kohtaa \u00c5IFK:n kahdesti"},"content":{"rendered":"\n<style type=\"text\/css\" data-created_by=\"avia_inline_auto\" id=\"style-css-av-ktyc8gbk-8fbe1cda14455a02d3ad22f75858d2f5\">\n#top .av_textblock_section.av-ktyc8gbk-8fbe1cda14455a02d3ad22f75858d2f5 .avia_textblock{\nfont-size:16px;\n}\n<\/style>\n<section  class='av_textblock_section av-ktyc8gbk-8fbe1cda14455a02d3ad22f75858d2f5 '   itemscope=\"itemscope\" itemtype=\"https:\/\/schema.org\/BlogPosting\" itemprop=\"blogPost\" ><div class='avia_textblock'  itemprop=\"text\" ><p><strong>Taistelu k\u00e4sipallon Suomen mestaruudesta alkaa viikonloppuna. Aktialiigan nime\u00e4 kantava sarja pelataan uusitulla sarjaj\u00e4rjestelm\u00e4ll\u00e4, kun jatkosarjat on heivattu pois ottelukehyksest\u00e4. Nyt pelataan nelinkertainen runkosarja, jonka kaksi parasta etenee suoraan v\u00e4lieriin ja nelj\u00e4 seuraavaa pelaa puoliv\u00e4lier\u00e4t. Runkosarjan viimeisell\u00e4 on edess\u00e4\u00e4n pitk\u00e4 kes\u00e4loma.<\/strong><\/p>\n<p><!--more--><\/p>\n<\/div><\/section>\n<div  class='flex_column av-14d78ax-2bb085e83b3b54d1e1b71d585fc21611 av_one_full  avia-builder-el-1  el_after_av_textblock  el_before_av_one_half  first flex_column_div  column-top-margin'     ><section  class='av_textblock_section av-l2339r7t-de3e9da614bcde44a626958851dc9ffb '   itemscope=\"itemscope\" itemtype=\"https:\/\/schema.org\/BlogPosting\" itemprop=\"blogPost\" ><div class='avia_textblock'  itemprop=\"text\" ><p>GrIFK matkustaa Aktialiigan avausviikonlopuksi Turkuun, jossa IFK:t kohtaavat sek\u00e4 perjantaina ett\u00e4 lauantaina. \u00c5IFK saapuu vastavuoroisesti kyl\u00e4\u00e4n Kauniaisiin tammi-helmikuun vaihteessa ensi vuoden puolella.<\/p>\n<p>Joukkueet ovat virallisissa peleiss\u00e4 kohdanneet viimeksi viime vuoden joulukuussa, jolloin Grani louhi Samppalinnasta 32-19 voiton. Runkosarjan j\u00e4lkeen joukkueet erkanivat eri jatkosarjoihin. Vihreiden voittoputki on nyt 18 ottelun mittainen, edellisen kerran kanarialinnut ovat kukistaneet Granin nelj\u00e4 vuotta sitten, jolloin \u00c5IFK pudotti Granin Suomen Cupista 25-26 vierasvoitolla Luolassa.<\/p>\n<h4>Uusi valmentaja ja uusi pelitapa<\/h4>\n<p>P\u00e4\u00e4valmentaja H\u00e5kon Nerdrum odottaa tyypillisi\u00e4 kauden avausotteluita nousuineen ja laskuineen.<\/p>\n<p>&#8211; V\u00e4h\u00e4n hermostunutta, yksinkertaisia virheit\u00e4 molemmilta ja paljon &#8211; ajoittain varmasti liikaakin &#8211; tahtoa. Peli ensimm\u00e4isiss\u00e4 otteluissa n\u00e4ytt\u00e4\u00e4 harvoin hyv\u00e4lt\u00e4, mutta pyrimme tietenkin tekem\u00e4\u00e4n parhaamme. Niin kauan kuin teemme jatkuvasti niin, kehitymme varmasti.<\/p>\n<p>Norjalainen aloitti ty\u00f6ns\u00e4 Kauniaisissa kes\u00e4ll\u00e4 ja yhteisty\u00f6 uuden joukkueen v\u00e4lill\u00e4 on alkanut muutaman viikon intensiivisell\u00e4 harjoituskaudella.<\/p>\n<p>&#8211; Mielest\u00e4ni yhteisty\u00f6 on l\u00e4htenyt varsin hyvin k\u00e4yntiin. Vaikuttaa silt\u00e4, ett\u00e4 pelaajat alkavat l\u00f6yt\u00e4\u00e4 omat roolinsa, ja joukkueen ilmapiiri on hyv\u00e4. Tosin ilmapiiri on aina helppo pit\u00e4\u00e4 hyv\u00e4n\u00e4 ennen kuin kausi todella k\u00e4ynnistyy. Saa n\u00e4hd\u00e4, miten asiat ovat, kun aikaa on kulunut enemm\u00e4n.<\/p>\n<p>Nerdrum on tuonut mukanaan pelitavan ja ajattelumallin, joka poikkeaa aiemmin totutusta. Pelaajat ovat h\u00e4nen mielest\u00e4\u00e4n omaksuneet uudet kuviot hienosti:<\/p>\n<p>&#8211; Mielest\u00e4ni he ty\u00f6skentelev\u00e4t hyvin, ovat uteliaita, kysyv\u00e4t kysymyksi\u00e4 ja jakavat omia ajatuksiaan, ja juuri sellainen vie meit\u00e4 eteenp\u00e4in. Haluamme kehitty\u00e4 yhdess\u00e4 ja tied\u00e4mme, ett\u00e4 se vie paljon aikaa ja vaatii kovaa ty\u00f6t\u00e4.<\/p>\n<p>Tottuneena videoanalyysien tekij\u00e4n\u00e4 Nerdrumin vahvuudet ovat vastustajan analysoinnissa. Liigan avausvastustajaa h\u00e4n pit\u00e4\u00e4 pienen\u00e4 mysteerin\u00e4. Kaksi avauspeli\u00e4 saattaa olla luonteeltaan hyvinkin erilaisia.<\/p>\n<p>&#8211; He (\u00c5IFK) tekev\u00e4t joitain asioita, joihin on vaikea valmistautua, joten meid\u00e4n on pidett\u00e4v\u00e4 keskittyminen yll\u00e4. Se tulee olemaan ehdottomasti t\u00e4rkein asiamme. Mik\u00e4\u00e4n ottelu ei koskaan ole samanlainen, ja hyv\u00e4 niin! Uskon, ett\u00e4 pelit voivat olla hyvinkin erilaisia, riippuen tietenkin siit\u00e4, mill\u00e4 asenteella joukkueet l\u00e4htev\u00e4t niihin.<\/p>\n<h3>Lis\u00e4\u00e4 aiheesta<\/h3>\n<p><strong><a href=\"https:\/\/grifk-handball.com\/miehet\/uutiset\/laine-ja-hammarberg-tuovat-kokemusta-graniin\/\">Laine ja Hammarberg tuovat kokemusta Graniin<\/a><\/strong><\/p>\n<p><strong><a href=\"https:\/\/aktialiiga.fi\/miehet\/2024-2025\/kohti-kautta-2024-25\/kohti-kautta-grifk-8\/\">Aktialiiga &#8211; Kohti kautta: GrIFK<\/a><\/strong><br \/>\n<strong> <a href=\"https:\/\/aktialiiga.fi\/miehet\/2024-2025\/kohti-kautta-2024-25\/kohti-kautta-aifk-9\/\">Aktialiiga &#8211; Kohti kautta: \u00c5IFK<\/a><\/strong><br \/>\n<a href=\"https:\/\/aktialiiga.fi\/miehet\/ajankohtaista\/aifk-kauteen-nuorella-ja-sitoutuneella-joukkueella\/\"><strong>Aktialiiga &#8211; \u00c5IFK kauteen nuorella ja sitoutuneella joukkueella<\/strong><\/a><\/p>\n<\/div><\/section><\/div><div class='flex_column_table av-lfw7jhih-85c987219677d66b273b42ba1f1056e5 sc-av_one_half av-equal-height-column-flextable'>\n<style type=\"text\/css\" data-created_by=\"avia_inline_auto\" id=\"style-css-av-lfw7jhih-85c987219677d66b273b42ba1f1056e5\">\n.flex_column.av-lfw7jhih-85c987219677d66b273b42ba1f1056e5{\npadding:20px 20px 20px 20px;\n}\n<\/style>\n<div  id=\"ohjelma\"  class='flex_column av-lfw7jhih-85c987219677d66b273b42ba1f1056e5 av_one_half  avia-builder-el-3  el_after_av_one_full  el_before_av_one_half  first flex_column_table_cell av-equal-height-column av-align-top  column-top-margin'     ><section  class='av_textblock_section av-lgc653zl-5ee8aaffa3c9dcda2bcb784142164c53 '   itemscope=\"itemscope\" itemtype=\"https:\/\/schema.org\/BlogPosting\" itemprop=\"blogPost\" ><div class='avia_textblock'  itemprop=\"text\" ><div class=\"nextmatchstream\">\n<p style=\"text-align: center;\"><script src=\"http:\/\/tulospalvelu.finnhandball.net\/taso\/widget.php?widget=nextmatch&#038;css=1&#038;teamid=103471&#038;otteluid= 515825\"><\/script><\/p>\n<\/div>\n<\/div><\/section><br \/>\n<section  class='av_textblock_section av-m0z7c825-1a7ed9f4f568112d8638cf3275bbaabd '   itemscope=\"itemscope\" itemtype=\"https:\/\/schema.org\/BlogPosting\" itemprop=\"blogPost\" ><div class='avia_textblock'  itemprop=\"text\" ><div class=\"nextmatchstream\">\n<p style=\"text-align: center;\"><script src=\"http:\/\/tulospalvelu.finnhandball.net\/taso\/widget.php?widget=nextmatch&#038;css=1&#038;teamid=103471&#038;otteluid= 515867\"><\/script><\/p>\n<\/div>\n<\/div><\/section><\/p><\/div><\/p>\n<div class='av-flex-placeholder'><\/div>\n<style type=\"text\/css\" data-created_by=\"avia_inline_auto\" id=\"style-css-av-mg1zow-d3b9873f774db547ca0f377e006728db\">\n.flex_column.av-mg1zow-d3b9873f774db547ca0f377e006728db{\npadding:20px 20px 20px 20px;\n}\n<\/style>\n<div  id=\"ohjelma\"  class='flex_column av-mg1zow-d3b9873f774db547ca0f377e006728db av_one_half  avia-builder-el-6  el_after_av_one_half  el_before_av_two_third  flex_column_table_cell av-equal-height-column av-align-top  column-top-margin'     ><section  class='av_textblock_section av-lmp58cq1-4f7228158587c2ff82ca23e23f601792 '   itemscope=\"itemscope\" itemtype=\"https:\/\/schema.org\/BlogPosting\" itemprop=\"blogPost\" ><div class='avia_textblock'  itemprop=\"text\" ><h3>Viime kaudella<\/h3>\n<ul>\n<li>Runkosarjassa: GrIFK 2., \u00c5IFK 7.<\/li>\n<li>Lopullinen sijoitus: GrIFK 4., \u00c5IFK 7.<\/li>\n<\/ul>\n<h3>Keskin\u00e4iset viime kaudella<\/h3>\n<table class=\"previousmatches\">\n<tbody>\n<tr>\n<td>16.12.23<\/td>\n<td>SM-liiga<\/td>\n<td>\u00c5IFK<\/td>\n<td>GrIFK<\/td>\n<td>19-32<\/td>\n<\/tr>\n<tr>\n<td>11.11.23<\/td>\n<td>SM-liiga<\/td>\n<td>GrIFK<\/td>\n<td>\u00c5IFK<\/td>\n<td>32-20<\/td>\n<\/tr>\n<tr>\n<td>29.9.23<\/td>\n<td>Suomen Cup<\/td>\n<td>\u00c5IFK<\/td>\n<td>GrIFK<\/td>\n<td>26-35<\/td>\n<\/tr>\n<tr>\n<td>20.9.23<\/td>\n<td>SM-liiga<\/td>\n<td>\u00c5IFK<\/td>\n<td>GrIFK<\/td>\n<td>25-30<\/td>\n<\/tr>\n<\/tbody>\n<\/table>\n<\/div><\/section><br \/>\n<div  class='avia-button-wrap avia-button-center  avia-builder-el-8  el_after_av_textblock  el_before_av_image '>\n<style type=\"text\/css\" data-created_by=\"avia_inline_auto\" id=\"style-css-av-m0z7l7mp-b9fd69fa94f0a42a03dd5c66e838ba56\">\n#top #wrap_all .avia-button.av-m0z7l7mp-b9fd69fa94f0a42a03dd5c66e838ba56{\nbackground-color:#0051a9;\nborder-color:#0051a9;\ntransition:all 0.4s ease-in-out;\n}\n#top #wrap_all .avia-button.av-m0z7l7mp-b9fd69fa94f0a42a03dd5c66e838ba56:hover{\ncolor:black;\ntransition:all 0.4s ease-in-out;\n}\n#top #wrap_all .avia-button.av-m0z7l7mp-b9fd69fa94f0a42a03dd5c66e838ba56:hover .avia-svg-icon svg:first-child{\nfill:black;\nstroke:black;\n}\n<\/style>\n<a href='https:\/\/aktialiiga.fi\/miehet\/joukkueet-2024-25\/aifk-turku\/' class='avia-font-color-theme-color avia-button avia-button-fullwidth av-m0z7l7mp-b9fd69fa94f0a42a03dd5c66e838ba56 avia-icon_select-no avia-color-custom'  target=\"_blank\"  rel=\"noopener noreferrer\"  aria-label=\"\u00c5IFK Aktialiigassa 2024\/25\"><span class='avia_iconbox_title' >\u00c5IFK Aktialiigassa 2024\/25<\/span><span class='avia_button_background avia-button avia-button-fullwidth avia-color-theme-color-subtle'><\/span><\/a><\/div><br \/>\n\n<style type=\"text\/css\" data-created_by=\"avia_inline_auto\" id=\"style-css-av-m0z7mrbc-4666c6a80eafa4ba6a1f43e7ae17e1f2\">\n.avia-image-container.av-m0z7mrbc-4666c6a80eafa4ba6a1f43e7ae17e1f2 img.avia_image{\nbox-shadow:none;\n}\n.avia-image-container.av-m0z7mrbc-4666c6a80eafa4ba6a1f43e7ae17e1f2 .av-image-caption-overlay-center{\ncolor:#ffffff;\n}\n<\/style>\n<div  class='avia-image-container av-m0z7mrbc-4666c6a80eafa4ba6a1f43e7ae17e1f2 av-styling- av-img-linked avia-align-center  avia-builder-el-9  el_after_av_button_big  el_before_av_button_big  avia-builder-el-no-sibling '   itemprop=\"image\" itemscope=\"itemscope\" itemtype=\"https:\/\/schema.org\/ImageObject\" ><div class=\"avia-image-container-inner\"><div class=\"avia-image-overlay-wrap\"><a href=\"https:\/\/aktialiiga.fi\/miehet\/\" class='avia_image '  target=\"_blank\"  rel=\"noopener noreferrer\" aria-label='Aktialiiga'><img decoding=\"async\" fetchpriority=\"high\" class='wp-image-22656 avia-img-lazy-loading-not-22656 avia_image ' src=\"https:\/\/i0.wp.com\/grifk-handball.com\/miehet\/wp-content\/uploads\/sites\/2\/2024\/09\/Aktialiiga-500x500-1.png?resize=80%2C80&ssl=1\" alt='' title='Aktialiiga'  height=\"80\" width=\"80\"  itemprop=\"thumbnailUrl\" srcset=\"https:\/\/i0.wp.com\/grifk-handball.com\/miehet\/wp-content\/uploads\/sites\/2\/2024\/09\/Aktialiiga-500x500-1.png?w=500&amp;ssl=1 500w, https:\/\/i0.wp.com\/grifk-handball.com\/miehet\/wp-content\/uploads\/sites\/2\/2024\/09\/Aktialiiga-500x500-1.png?resize=300%2C300&amp;ssl=1 300w, https:\/\/i0.wp.com\/grifk-handball.com\/miehet\/wp-content\/uploads\/sites\/2\/2024\/09\/Aktialiiga-500x500-1.png?resize=80%2C80&amp;ssl=1 80w, https:\/\/i0.wp.com\/grifk-handball.com\/miehet\/wp-content\/uploads\/sites\/2\/2024\/09\/Aktialiiga-500x500-1.png?resize=36%2C36&amp;ssl=1 36w, https:\/\/i0.wp.com\/grifk-handball.com\/miehet\/wp-content\/uploads\/sites\/2\/2024\/09\/Aktialiiga-500x500-1.png?resize=180%2C180&amp;ssl=1 180w, https:\/\/i0.wp.com\/grifk-handball.com\/miehet\/wp-content\/uploads\/sites\/2\/2024\/09\/Aktialiiga-500x500-1.png?resize=50%2C50&amp;ssl=1 50w\" sizes=\"(max-width: 80px) 100vw, 80px\" \/><\/a><\/div><\/div><\/div><br \/>\n<div  class='avia-button-wrap avia-button-center  avia-builder-el-10  el_after_av_image  avia-builder-el-last '>\n<style type=\"text\/css\" data-created_by=\"avia_inline_auto\" id=\"style-css-av-m0z7lout-c76ad594752bc99e96b8fd3b2fdff52f\">\n#top #wrap_all .avia-button.av-m0z7lout-c76ad594752bc99e96b8fd3b2fdff52f{\nbackground-color:#0051a9;\nborder-color:#0051a9;\ntransition:all 0.4s ease-in-out;\n}\n#top #wrap_all .avia-button.av-m0z7lout-c76ad594752bc99e96b8fd3b2fdff52f:hover{\ncolor:black;\ntransition:all 0.4s ease-in-out;\n}\n#top #wrap_all .avia-button.av-m0z7lout-c76ad594752bc99e96b8fd3b2fdff52f:hover .avia-svg-icon svg:first-child{\nfill:black;\nstroke:black;\n}\n<\/style>\n<a href='https:\/\/aktialiiga.fi\/miehet\/joukkueet-2024-25\/grifk-kauniainen\/' class='avia-font-color-theme-color avia-button avia-button-fullwidth av-m0z7lout-c76ad594752bc99e96b8fd3b2fdff52f avia-icon_select-no avia-color-custom'  target=\"_blank\"  rel=\"noopener noreferrer\"  aria-label=\"GrIFK Aktialiigassa 2024\/25\"><span class='avia_iconbox_title' >GrIFK Aktialiigassa 2024\/25<\/span><span class='avia_button_background avia-button avia-button-fullwidth avia-color-theme-color-subtle'><\/span><\/a><\/div><\/p><\/div><\/div><!--close column table wrapper. Autoclose: 1 -->\n<div class='flex_column_table av-m0z7whzd-d8a5ecd90f4327e3f2da06d1460ab8b1 sc-av_two_third av-equal-height-column-flextable'>\n<style type=\"text\/css\" data-created_by=\"avia_inline_auto\" id=\"style-css-av-m0z7whzd-d8a5ecd90f4327e3f2da06d1460ab8b1\">\n.flex_column.av-m0z7whzd-d8a5ecd90f4327e3f2da06d1460ab8b1{\npadding:20px 20px 20px 20px;\n}\n<\/style>\n<div  id=\"ohjelma\"  class='flex_column av-m0z7whzd-d8a5ecd90f4327e3f2da06d1460ab8b1 av_two_third  avia-builder-el-11  el_after_av_one_half  el_before_av_one_third  first flex_column_table_cell av-equal-height-column av-align-middle  column-top-margin'     ><section  class='av_textblock_section av-m0z7w7t5-5104a6a520f0372d13f33c11c2fbe213 '   itemscope=\"itemscope\" itemtype=\"https:\/\/schema.org\/BlogPosting\" itemprop=\"blogPost\" ><div class='avia_textblock'  itemprop=\"text\" ><h4>Kaikki Aktialiigapelit HandisTV:ll\u00e4<\/h4>\n<p>Aktialiigan kaikki ottelut n\u00e4kyv\u00e4t t\u00e4ll\u00e4kin kaudella <a href=\"https:\/\/grifk-handball.com\/miehet\/handistv\/\">HandisTV:n<\/a> kautta. Valitse itsellesi sopivin vaihtoehto ja liity joukkueen kannattajaksi hankkimalla joko kausipassi, ryhtym\u00e4ll\u00e4 kuukausikannattajaksi tai ostamalla katseluoikeus yksitt\u00e4iseen otteluun.<\/p>\n<\/div><\/section><\/div>\n<div class='av-flex-placeholder'><\/div>\n<style type=\"text\/css\" data-created_by=\"avia_inline_auto\" id=\"style-css-av-1a1j9m8-931d2d58ff7615b0f3775ce01d342565\">\n.flex_column.av-1a1j9m8-931d2d58ff7615b0f3775ce01d342565{\npadding:20px 20px 20px 20px;\n}\n<\/style>\n<div  id=\"ohjelma\"  class='flex_column av-1a1j9m8-931d2d58ff7615b0f3775ce01d342565 av_one_third  avia-builder-el-13  el_after_av_two_third  avia-builder-el-last  flex_column_table_cell av-equal-height-column av-align-middle  column-top-margin'     ><p>\n<style type=\"text\/css\" data-created_by=\"avia_inline_auto\" id=\"style-css-av-m0z7p2kd-a7e74f7ce202db7e0151f22850c156aa\">\n.avia-image-container.av-m0z7p2kd-a7e74f7ce202db7e0151f22850c156aa img.avia_image{\nbox-shadow:none;\n}\n.avia-image-container.av-m0z7p2kd-a7e74f7ce202db7e0151f22850c156aa .av-image-caption-overlay-center{\ncolor:#ffffff;\n}\n<\/style>\n<div  class='avia-image-container av-m0z7p2kd-a7e74f7ce202db7e0151f22850c156aa av-styling- av-hover-grow av-img-linked avia-align-center  avia-builder-el-14  el_before_av_image  avia-builder-el-first '   itemprop=\"image\" itemscope=\"itemscope\" itemtype=\"https:\/\/schema.org\/ImageObject\" ><div class=\"avia-image-container-inner\"><div class=\"avia-image-overlay-wrap\"><a href=\"https:\/\/grifk-handball.com\/miehet\/handistv\/\" class='avia_image '  target=\"_blank\"  rel=\"noopener noreferrer\" aria-label='HandisTV'><img decoding=\"async\" fetchpriority=\"high\" class='wp-image-18650 avia-img-lazy-loading-not-18650 avia_image ' src=\"https:\/\/i0.wp.com\/grifk-handball.com\/miehet\/wp-content\/uploads\/sites\/2\/2023\/01\/HandisTV-logo-sininen.png?fit=300%2C125&ssl=1\" alt='' title='HandisTV'  height=\"125\" width=\"300\"  itemprop=\"thumbnailUrl\" srcset=\"https:\/\/i0.wp.com\/grifk-handball.com\/miehet\/wp-content\/uploads\/sites\/2\/2023\/01\/HandisTV-logo-sininen.png?w=1920&amp;ssl=1 1920w, https:\/\/i0.wp.com\/grifk-handball.com\/miehet\/wp-content\/uploads\/sites\/2\/2023\/01\/HandisTV-logo-sininen.png?resize=300%2C125&amp;ssl=1 300w, https:\/\/i0.wp.com\/grifk-handball.com\/miehet\/wp-content\/uploads\/sites\/2\/2023\/01\/HandisTV-logo-sininen.png?resize=1030%2C429&amp;ssl=1 1030w, https:\/\/i0.wp.com\/grifk-handball.com\/miehet\/wp-content\/uploads\/sites\/2\/2023\/01\/HandisTV-logo-sininen.png?resize=768%2C320&amp;ssl=1 768w, https:\/\/i0.wp.com\/grifk-handball.com\/miehet\/wp-content\/uploads\/sites\/2\/2023\/01\/HandisTV-logo-sininen.png?resize=1536%2C640&amp;ssl=1 1536w, https:\/\/i0.wp.com\/grifk-handball.com\/miehet\/wp-content\/uploads\/sites\/2\/2023\/01\/HandisTV-logo-sininen.png?resize=1500%2C625&amp;ssl=1 1500w, https:\/\/i0.wp.com\/grifk-handball.com\/miehet\/wp-content\/uploads\/sites\/2\/2023\/01\/HandisTV-logo-sininen.png?resize=705%2C294&amp;ssl=1 705w\" sizes=\"(max-width: 300px) 100vw, 300px\" \/><\/a><\/div><\/div><\/div><br \/>\n\n<style type=\"text\/css\" data-created_by=\"avia_inline_auto\" id=\"style-css-av-ko1w5s-8c82696b167d7460aa24293ea1d84113\">\n.avia-image-container.av-ko1w5s-8c82696b167d7460aa24293ea1d84113 img.avia_image{\nbox-shadow:none;\n}\n.avia-image-container.av-ko1w5s-8c82696b167d7460aa24293ea1d84113 .av-image-caption-overlay-center{\ncolor:#ffffff;\n}\n<\/style>\n<div  class='avia-image-container av-ko1w5s-8c82696b167d7460aa24293ea1d84113 av-styling- av-hover-grow av-img-linked avia-align-center  avia-builder-el-15  el_after_av_image  avia-builder-el-last '   itemprop=\"image\" itemscope=\"itemscope\" itemtype=\"https:\/\/schema.org\/ImageObject\" ><div class=\"avia-image-container-inner\"><div class=\"avia-image-overlay-wrap\"><a href=\"https:\/\/tulospalvelu.finnhandball.net\" class='avia_image '  target=\"_blank\"  rel=\"noopener noreferrer\" aria-label='Aktia Tulospalvelu'><img decoding=\"async\" fetchpriority=\"high\" class='wp-image-22607 avia-img-lazy-loading-not-22607 avia_image ' src=\"https:\/\/i0.wp.com\/grifk-handball.com\/miehet\/wp-content\/uploads\/sites\/2\/2024\/09\/AKTIA_TULOSPALVELU_Logo_72dpi_RGB.png?fit=300%2C88&ssl=1\" alt='' title='Aktia Tulospalvelu'  height=\"88\" width=\"300\"  itemprop=\"thumbnailUrl\" srcset=\"https:\/\/i0.wp.com\/grifk-handball.com\/miehet\/wp-content\/uploads\/sites\/2\/2024\/09\/AKTIA_TULOSPALVELU_Logo_72dpi_RGB.png?w=2250&amp;ssl=1 2250w, https:\/\/i0.wp.com\/grifk-handball.com\/miehet\/wp-content\/uploads\/sites\/2\/2024\/09\/AKTIA_TULOSPALVELU_Logo_72dpi_RGB.png?resize=300%2C88&amp;ssl=1 300w, https:\/\/i0.wp.com\/grifk-handball.com\/miehet\/wp-content\/uploads\/sites\/2\/2024\/09\/AKTIA_TULOSPALVELU_Logo_72dpi_RGB.png?resize=1030%2C301&amp;ssl=1 1030w, https:\/\/i0.wp.com\/grifk-handball.com\/miehet\/wp-content\/uploads\/sites\/2\/2024\/09\/AKTIA_TULOSPALVELU_Logo_72dpi_RGB.png?resize=768%2C224&amp;ssl=1 768w, https:\/\/i0.wp.com\/grifk-handball.com\/miehet\/wp-content\/uploads\/sites\/2\/2024\/09\/AKTIA_TULOSPALVELU_Logo_72dpi_RGB.png?resize=1536%2C449&amp;ssl=1 1536w, https:\/\/i0.wp.com\/grifk-handball.com\/miehet\/wp-content\/uploads\/sites\/2\/2024\/09\/AKTIA_TULOSPALVELU_Logo_72dpi_RGB.png?resize=2048%2C598&amp;ssl=1 2048w, https:\/\/i0.wp.com\/grifk-handball.com\/miehet\/wp-content\/uploads\/sites\/2\/2024\/09\/AKTIA_TULOSPALVELU_Logo_72dpi_RGB.png?resize=1500%2C438&amp;ssl=1 1500w, https:\/\/i0.wp.com\/grifk-handball.com\/miehet\/wp-content\/uploads\/sites\/2\/2024\/09\/AKTIA_TULOSPALVELU_Logo_72dpi_RGB.png?resize=705%2C206&amp;ssl=1 705w\" sizes=\"(max-width: 300px) 100vw, 300px\" \/><\/a><\/div><\/div><\/div><\/p><\/div><\/div><!--close column table wrapper. Autoclose: 1 -->\n","protected":false},"excerpt":{"rendered":"<p>Taistelu k\u00e4sipallon Suomen mestaruudesta alkaa viikonloppuna. Aktialiigan nime\u00e4 kantava sarja pelataan uusitulla sarjaj\u00e4rjestelm\u00e4ll\u00e4, kun jatkosarjat on heivattu pois ottelukehyksest\u00e4. Nyt pelataan nelinkertainen runkosarja, jonka kaksi parasta etenee suoraan v\u00e4lieriin ja nelj\u00e4 seuraavaa pelaa puoliv\u00e4lier\u00e4t. Runkosarjan viimeisell\u00e4 on edess\u00e4\u00e4n pitk\u00e4 kes\u00e4loma.<\/p>\n","protected":false},"author":1,"featured_media":22686,"comment_status":"closed","ping_status":"closed","sticky":false,"template":"","format":"standard","meta":{"_acf_changed":false,"footnotes":"","_members_access_role":[],"_members_access_error":""},"categories":[578],"tags":[12,26,15,586,25,38],"class_list":["post-22640","post","type-post","status-publish","format-standard","has-post-thumbnail","hentry","category-ennakot-2024-25","tag-bombom","tag-grifkhandball","tag-aifk","tag-aktialiiga","tag-grifk","tag-runkosarja"],"acf":[],"yoast_head":"<!-- This site is optimized with the Yoast SEO plugin v28.4 - https:\/\/yoast.com\/product\/yoast-seo-wordpress\/ -->\n<title>Tuplaviikonloppu aloittaa Aktialiigan - GrIFK kohtaa \u00c5IFK:n kahdesti &#8212; GrIFK K\u00e4sipallo - miehet<\/title>\n<meta name=\"description\" content=\"SM-liigan t\u00e4m\u00e4n kev\u00e4\u00e4n toista loppuottelijaa haetaan seuraavan kerran keskiviikkona, kun BK-46 ja GrIFK ly\u00f6v\u00e4t hynttyyt yhteen nelj\u00e4nnen kerran.\" \/>\n<meta name=\"robots\" content=\"index, follow, max-snippet:-1, max-image-preview:large, max-video-preview:-1\" \/>\n<link rel=\"canonical\" href=\"https:\/\/grifk-handball.com\/miehet\/kausi-2024-25\/ennakot-2024-25\/tuplaviikonloppu-aloittaa-aktialiigan-grifk-kohtaa-aifkn-kahdesti\/\" \/>\n<meta property=\"og:locale\" content=\"fi_FI\" \/>\n<meta property=\"og:type\" content=\"article\" \/>\n<meta property=\"og:title\" content=\"Tuplaviikonloppu aloittaa Aktialiigan - GrIFK kohtaa \u00c5IFK:n kahdesti &#8212; GrIFK K\u00e4sipallo - miehet\" \/>\n<meta property=\"og:description\" content=\"SM-liigan t\u00e4m\u00e4n kev\u00e4\u00e4n toista loppuottelijaa haetaan seuraavan kerran keskiviikkona, kun BK-46 ja GrIFK ly\u00f6v\u00e4t hynttyyt yhteen nelj\u00e4nnen kerran.\" \/>\n<meta property=\"og:url\" content=\"https:\/\/grifk-handball.com\/miehet\/kausi-2024-25\/ennakot-2024-25\/tuplaviikonloppu-aloittaa-aktialiigan-grifk-kohtaa-aifkn-kahdesti\/\" \/>\n<meta property=\"og:site_name\" content=\"GrIFK K\u00e4sipallo - miehet\" \/>\n<meta property=\"article:publisher\" content=\"https:\/\/www.facebook.com\/GrIFKelit\/\" \/>\n<meta property=\"article:published_time\" content=\"2024-09-12T13:41:45+00:00\" \/>\n<meta property=\"article:modified_time\" content=\"2024-10-26T08:07:23+00:00\" \/>\n<meta property=\"og:image\" content=\"http:\/\/grifk-handball.com\/miehet\/wp-content\/uploads\/sites\/2\/2024\/09\/B7A7193_i-e1726148227827.jpg\" \/>\n\t<meta property=\"og:image:width\" content=\"1513\" \/>\n\t<meta property=\"og:image:height\" content=\"1023\" \/>\n\t<meta property=\"og:image:type\" content=\"image\/jpeg\" \/>\n<meta name=\"author\" content=\"granimaster\" \/>\n<meta name=\"twitter:card\" content=\"summary_large_image\" \/>\n<meta name=\"twitter:creator\" content=\"@GrIFK_MSM\" \/>\n<meta name=\"twitter:site\" content=\"@GrIFK_MSM\" \/>\n<meta name=\"twitter:label1\" content=\"Kirjoittanut\" \/>\n\t<meta name=\"twitter:data1\" content=\"granimaster\" \/>\n<script type=\"application\/ld+json\" class=\"yoast-schema-graph\">{\"@context\":\"https:\\\/\\\/schema.org\",\"@graph\":[{\"@type\":\"Article\",\"@id\":\"https:\\\/\\\/grifk-handball.com\\\/miehet\\\/kausi-2024-25\\\/ennakot-2024-25\\\/tuplaviikonloppu-aloittaa-aktialiigan-grifk-kohtaa-aifkn-kahdesti\\\/#article\",\"isPartOf\":{\"@id\":\"https:\\\/\\\/grifk-handball.com\\\/miehet\\\/kausi-2024-25\\\/ennakot-2024-25\\\/tuplaviikonloppu-aloittaa-aktialiigan-grifk-kohtaa-aifkn-kahdesti\\\/\"},\"author\":{\"name\":\"granimaster\",\"@id\":\"https:\\\/\\\/grifk-handball.com\\\/miehet\\\/#\\\/schema\\\/person\\\/9da98c743e3f0f85a1b32f59241b48e0\"},\"headline\":\"Tuplaviikonloppu aloittaa Aktialiigan &#8211; GrIFK kohtaa \u00c5IFK:n kahdesti\",\"datePublished\":\"2024-09-12T13:41:45+00:00\",\"dateModified\":\"2024-10-26T08:07:23+00:00\",\"mainEntityOfPage\":{\"@id\":\"https:\\\/\\\/grifk-handball.com\\\/miehet\\\/kausi-2024-25\\\/ennakot-2024-25\\\/tuplaviikonloppu-aloittaa-aktialiigan-grifk-kohtaa-aifkn-kahdesti\\\/\"},\"wordCount\":3675,\"publisher\":{\"@id\":\"https:\\\/\\\/grifk-handball.com\\\/miehet\\\/#organization\"},\"image\":{\"@id\":\"https:\\\/\\\/grifk-handball.com\\\/miehet\\\/kausi-2024-25\\\/ennakot-2024-25\\\/tuplaviikonloppu-aloittaa-aktialiigan-grifk-kohtaa-aifkn-kahdesti\\\/#primaryimage\"},\"thumbnailUrl\":\"https:\\\/\\\/i0.wp.com\\\/grifk-handball.com\\\/miehet\\\/wp-content\\\/uploads\\\/sites\\\/2\\\/2024\\\/09\\\/B7A7193_i-e1726148227827.jpg?fit=1513%2C1023&ssl=1\",\"keywords\":[\"#BomBom\",\"#GrIFKHandball\",\"\u00c5IFK\",\"Aktialiiga\",\"GrIFK\",\"Runkosarja\"],\"articleSection\":[\"Ennakot 2024-25\"],\"inLanguage\":\"fi\"},{\"@type\":\"WebPage\",\"@id\":\"https:\\\/\\\/grifk-handball.com\\\/miehet\\\/kausi-2024-25\\\/ennakot-2024-25\\\/tuplaviikonloppu-aloittaa-aktialiigan-grifk-kohtaa-aifkn-kahdesti\\\/\",\"url\":\"https:\\\/\\\/grifk-handball.com\\\/miehet\\\/kausi-2024-25\\\/ennakot-2024-25\\\/tuplaviikonloppu-aloittaa-aktialiigan-grifk-kohtaa-aifkn-kahdesti\\\/\",\"name\":\"Tuplaviikonloppu aloittaa Aktialiigan - GrIFK kohtaa \u00c5IFK:n kahdesti &#8212; GrIFK K\u00e4sipallo - miehet\",\"isPartOf\":{\"@id\":\"https:\\\/\\\/grifk-handball.com\\\/miehet\\\/#website\"},\"primaryImageOfPage\":{\"@id\":\"https:\\\/\\\/grifk-handball.com\\\/miehet\\\/kausi-2024-25\\\/ennakot-2024-25\\\/tuplaviikonloppu-aloittaa-aktialiigan-grifk-kohtaa-aifkn-kahdesti\\\/#primaryimage\"},\"image\":{\"@id\":\"https:\\\/\\\/grifk-handball.com\\\/miehet\\\/kausi-2024-25\\\/ennakot-2024-25\\\/tuplaviikonloppu-aloittaa-aktialiigan-grifk-kohtaa-aifkn-kahdesti\\\/#primaryimage\"},\"thumbnailUrl\":\"https:\\\/\\\/i0.wp.com\\\/grifk-handball.com\\\/miehet\\\/wp-content\\\/uploads\\\/sites\\\/2\\\/2024\\\/09\\\/B7A7193_i-e1726148227827.jpg?fit=1513%2C1023&ssl=1\",\"datePublished\":\"2024-09-12T13:41:45+00:00\",\"dateModified\":\"2024-10-26T08:07:23+00:00\",\"description\":\"SM-liigan t\u00e4m\u00e4n kev\u00e4\u00e4n toista loppuottelijaa haetaan seuraavan kerran keskiviikkona, kun BK-46 ja GrIFK ly\u00f6v\u00e4t hynttyyt yhteen nelj\u00e4nnen kerran.\",\"breadcrumb\":{\"@id\":\"https:\\\/\\\/grifk-handball.com\\\/miehet\\\/kausi-2024-25\\\/ennakot-2024-25\\\/tuplaviikonloppu-aloittaa-aktialiigan-grifk-kohtaa-aifkn-kahdesti\\\/#breadcrumb\"},\"inLanguage\":\"fi\",\"potentialAction\":[{\"@type\":\"ReadAction\",\"target\":[\"https:\\\/\\\/grifk-handball.com\\\/miehet\\\/kausi-2024-25\\\/ennakot-2024-25\\\/tuplaviikonloppu-aloittaa-aktialiigan-grifk-kohtaa-aifkn-kahdesti\\\/\"]}]},{\"@type\":\"ImageObject\",\"inLanguage\":\"fi\",\"@id\":\"https:\\\/\\\/grifk-handball.com\\\/miehet\\\/kausi-2024-25\\\/ennakot-2024-25\\\/tuplaviikonloppu-aloittaa-aktialiigan-grifk-kohtaa-aifkn-kahdesti\\\/#primaryimage\",\"url\":\"https:\\\/\\\/i0.wp.com\\\/grifk-handball.com\\\/miehet\\\/wp-content\\\/uploads\\\/sites\\\/2\\\/2024\\\/09\\\/B7A7193_i-e1726148227827.jpg?fit=1513%2C1023&ssl=1\",\"contentUrl\":\"https:\\\/\\\/i0.wp.com\\\/grifk-handball.com\\\/miehet\\\/wp-content\\\/uploads\\\/sites\\\/2\\\/2024\\\/09\\\/B7A7193_i-e1726148227827.jpg?fit=1513%2C1023&ssl=1\",\"width\":1513,\"height\":1023},{\"@type\":\"BreadcrumbList\",\"@id\":\"https:\\\/\\\/grifk-handball.com\\\/miehet\\\/kausi-2024-25\\\/ennakot-2024-25\\\/tuplaviikonloppu-aloittaa-aktialiigan-grifk-kohtaa-aifkn-kahdesti\\\/#breadcrumb\",\"itemListElement\":[{\"@type\":\"ListItem\",\"position\":1,\"name\":\"Home\",\"item\":\"https:\\\/\\\/grifk-handball.com\\\/miehet\\\/etusivu-260109\\\/\"},{\"@type\":\"ListItem\",\"position\":2,\"name\":\"Tuplaviikonloppu aloittaa Aktialiigan &#8211; GrIFK kohtaa \u00c5IFK:n kahdesti\"}]},{\"@type\":\"WebSite\",\"@id\":\"https:\\\/\\\/grifk-handball.com\\\/miehet\\\/#website\",\"url\":\"https:\\\/\\\/grifk-handball.com\\\/miehet\\\/\",\"name\":\"GrIFK K\u00e4sipallo - miehet\",\"description\":\"BomBom!\",\"publisher\":{\"@id\":\"https:\\\/\\\/grifk-handball.com\\\/miehet\\\/#organization\"},\"potentialAction\":[{\"@type\":\"SearchAction\",\"target\":{\"@type\":\"EntryPoint\",\"urlTemplate\":\"https:\\\/\\\/grifk-handball.com\\\/miehet\\\/?s={search_term_string}\"},\"query-input\":{\"@type\":\"PropertyValueSpecification\",\"valueRequired\":true,\"valueName\":\"search_term_string\"}}],\"inLanguage\":\"fi\"},{\"@type\":\"Organization\",\"@id\":\"https:\\\/\\\/grifk-handball.com\\\/miehet\\\/#organization\",\"name\":\"GrIFK K\u00e4sipallo - miehet\",\"url\":\"https:\\\/\\\/grifk-handball.com\\\/miehet\\\/\",\"logo\":{\"@type\":\"ImageObject\",\"inLanguage\":\"fi\",\"@id\":\"https:\\\/\\\/grifk-handball.com\\\/miehet\\\/#\\\/schema\\\/logo\\\/image\\\/\",\"url\":\"https:\\\/\\\/i0.wp.com\\\/grifk-handball.com\\\/miehet\\\/wp-content\\\/uploads\\\/sites\\\/2\\\/2016\\\/10\\\/logo-grifk-iso.png?fit=1200%2C1400&ssl=1\",\"contentUrl\":\"https:\\\/\\\/i0.wp.com\\\/grifk-handball.com\\\/miehet\\\/wp-content\\\/uploads\\\/sites\\\/2\\\/2016\\\/10\\\/logo-grifk-iso.png?fit=1200%2C1400&ssl=1\",\"width\":1200,\"height\":1400,\"caption\":\"GrIFK K\u00e4sipallo - miehet\"},\"image\":{\"@id\":\"https:\\\/\\\/grifk-handball.com\\\/miehet\\\/#\\\/schema\\\/logo\\\/image\\\/\"},\"sameAs\":[\"https:\\\/\\\/www.facebook.com\\\/GrIFKelit\\\/\",\"https:\\\/\\\/x.com\\\/GrIFK_MSM\",\"https:\\\/\\\/www.instagram.com\\\/grifk_elit\\\/\"]},{\"@type\":\"Person\",\"@id\":\"https:\\\/\\\/grifk-handball.com\\\/miehet\\\/#\\\/schema\\\/person\\\/9da98c743e3f0f85a1b32f59241b48e0\",\"name\":\"granimaster\",\"image\":{\"@type\":\"ImageObject\",\"inLanguage\":\"fi\",\"@id\":\"https:\\\/\\\/secure.gravatar.com\\\/avatar\\\/034b8e6380fc659c320f13e17fe45bd9ab48a21e2debadd5f3179bde291949df?s=96&d=mm&r=g\",\"url\":\"https:\\\/\\\/secure.gravatar.com\\\/avatar\\\/034b8e6380fc659c320f13e17fe45bd9ab48a21e2debadd5f3179bde291949df?s=96&d=mm&r=g\",\"contentUrl\":\"https:\\\/\\\/secure.gravatar.com\\\/avatar\\\/034b8e6380fc659c320f13e17fe45bd9ab48a21e2debadd5f3179bde291949df?s=96&d=mm&r=g\",\"caption\":\"granimaster\"},\"url\":\"https:\\\/\\\/grifk-handball.com\\\/miehet\\\/author\\\/granimaster\\\/\"}]}<\/script>\n<!-- \/ Yoast SEO plugin. -->","yoast_head_json":{"title":"Tuplaviikonloppu aloittaa Aktialiigan - GrIFK kohtaa \u00c5IFK:n kahdesti &#8212; GrIFK K\u00e4sipallo - miehet","description":"SM-liigan t\u00e4m\u00e4n kev\u00e4\u00e4n toista loppuottelijaa haetaan seuraavan kerran keskiviikkona, kun BK-46 ja GrIFK ly\u00f6v\u00e4t hynttyyt yhteen nelj\u00e4nnen kerran.","robots":{"index":"index","follow":"follow","max-snippet":"max-snippet:-1","max-image-preview":"max-image-preview:large","max-video-preview":"max-video-preview:-1"},"canonical":"https:\/\/grifk-handball.com\/miehet\/kausi-2024-25\/ennakot-2024-25\/tuplaviikonloppu-aloittaa-aktialiigan-grifk-kohtaa-aifkn-kahdesti\/","og_locale":"fi_FI","og_type":"article","og_title":"Tuplaviikonloppu aloittaa Aktialiigan - GrIFK kohtaa \u00c5IFK:n kahdesti &#8212; GrIFK K\u00e4sipallo - miehet","og_description":"SM-liigan t\u00e4m\u00e4n kev\u00e4\u00e4n toista loppuottelijaa haetaan seuraavan kerran keskiviikkona, kun BK-46 ja GrIFK ly\u00f6v\u00e4t hynttyyt yhteen nelj\u00e4nnen kerran.","og_url":"https:\/\/grifk-handball.com\/miehet\/kausi-2024-25\/ennakot-2024-25\/tuplaviikonloppu-aloittaa-aktialiigan-grifk-kohtaa-aifkn-kahdesti\/","og_site_name":"GrIFK K\u00e4sipallo - miehet","article_publisher":"https:\/\/www.facebook.com\/GrIFKelit\/","article_published_time":"2024-09-12T13:41:45+00:00","article_modified_time":"2024-10-26T08:07:23+00:00","og_image":[{"width":1513,"height":1023,"url":"http:\/\/grifk-handball.com\/miehet\/wp-content\/uploads\/sites\/2\/2024\/09\/B7A7193_i-e1726148227827.jpg","type":"image\/jpeg"}],"author":"granimaster","twitter_card":"summary_large_image","twitter_creator":"@GrIFK_MSM","twitter_site":"@GrIFK_MSM","twitter_misc":{"Kirjoittanut":"granimaster"},"schema":{"@context":"https:\/\/schema.org","@graph":[{"@type":"Article","@id":"https:\/\/grifk-handball.com\/miehet\/kausi-2024-25\/ennakot-2024-25\/tuplaviikonloppu-aloittaa-aktialiigan-grifk-kohtaa-aifkn-kahdesti\/#article","isPartOf":{"@id":"https:\/\/grifk-handball.com\/miehet\/kausi-2024-25\/ennakot-2024-25\/tuplaviikonloppu-aloittaa-aktialiigan-grifk-kohtaa-aifkn-kahdesti\/"},"author":{"name":"granimaster","@id":"https:\/\/grifk-handball.com\/miehet\/#\/schema\/person\/9da98c743e3f0f85a1b32f59241b48e0"},"headline":"Tuplaviikonloppu aloittaa Aktialiigan &#8211; GrIFK kohtaa \u00c5IFK:n kahdesti","datePublished":"2024-09-12T13:41:45+00:00","dateModified":"2024-10-26T08:07:23+00:00","mainEntityOfPage":{"@id":"https:\/\/grifk-handball.com\/miehet\/kausi-2024-25\/ennakot-2024-25\/tuplaviikonloppu-aloittaa-aktialiigan-grifk-kohtaa-aifkn-kahdesti\/"},"wordCount":3675,"publisher":{"@id":"https:\/\/grifk-handball.com\/miehet\/#organization"},"image":{"@id":"https:\/\/grifk-handball.com\/miehet\/kausi-2024-25\/ennakot-2024-25\/tuplaviikonloppu-aloittaa-aktialiigan-grifk-kohtaa-aifkn-kahdesti\/#primaryimage"},"thumbnailUrl":"https:\/\/i0.wp.com\/grifk-handball.com\/miehet\/wp-content\/uploads\/sites\/2\/2024\/09\/B7A7193_i-e1726148227827.jpg?fit=1513%2C1023&ssl=1","keywords":["#BomBom","#GrIFKHandball","\u00c5IFK","Aktialiiga","GrIFK","Runkosarja"],"articleSection":["Ennakot 2024-25"],"inLanguage":"fi"},{"@type":"WebPage","@id":"https:\/\/grifk-handball.com\/miehet\/kausi-2024-25\/ennakot-2024-25\/tuplaviikonloppu-aloittaa-aktialiigan-grifk-kohtaa-aifkn-kahdesti\/","url":"https:\/\/grifk-handball.com\/miehet\/kausi-2024-25\/ennakot-2024-25\/tuplaviikonloppu-aloittaa-aktialiigan-grifk-kohtaa-aifkn-kahdesti\/","name":"Tuplaviikonloppu aloittaa Aktialiigan - GrIFK kohtaa \u00c5IFK:n kahdesti &#8212; GrIFK K\u00e4sipallo - miehet","isPartOf":{"@id":"https:\/\/grifk-handball.com\/miehet\/#website"},"primaryImageOfPage":{"@id":"https:\/\/grifk-handball.com\/miehet\/kausi-2024-25\/ennakot-2024-25\/tuplaviikonloppu-aloittaa-aktialiigan-grifk-kohtaa-aifkn-kahdesti\/#primaryimage"},"image":{"@id":"https:\/\/grifk-handball.com\/miehet\/kausi-2024-25\/ennakot-2024-25\/tuplaviikonloppu-aloittaa-aktialiigan-grifk-kohtaa-aifkn-kahdesti\/#primaryimage"},"thumbnailUrl":"https:\/\/i0.wp.com\/grifk-handball.com\/miehet\/wp-content\/uploads\/sites\/2\/2024\/09\/B7A7193_i-e1726148227827.jpg?fit=1513%2C1023&ssl=1","datePublished":"2024-09-12T13:41:45+00:00","dateModified":"2024-10-26T08:07:23+00:00","description":"SM-liigan t\u00e4m\u00e4n kev\u00e4\u00e4n toista loppuottelijaa haetaan seuraavan kerran keskiviikkona, kun BK-46 ja GrIFK ly\u00f6v\u00e4t hynttyyt yhteen nelj\u00e4nnen kerran.","breadcrumb":{"@id":"https:\/\/grifk-handball.com\/miehet\/kausi-2024-25\/ennakot-2024-25\/tuplaviikonloppu-aloittaa-aktialiigan-grifk-kohtaa-aifkn-kahdesti\/#breadcrumb"},"inLanguage":"fi","potentialAction":[{"@type":"ReadAction","target":["https:\/\/grifk-handball.com\/miehet\/kausi-2024-25\/ennakot-2024-25\/tuplaviikonloppu-aloittaa-aktialiigan-grifk-kohtaa-aifkn-kahdesti\/"]}]},{"@type":"ImageObject","inLanguage":"fi","@id":"https:\/\/grifk-handball.com\/miehet\/kausi-2024-25\/ennakot-2024-25\/tuplaviikonloppu-aloittaa-aktialiigan-grifk-kohtaa-aifkn-kahdesti\/#primaryimage","url":"https:\/\/i0.wp.com\/grifk-handball.com\/miehet\/wp-content\/uploads\/sites\/2\/2024\/09\/B7A7193_i-e1726148227827.jpg?fit=1513%2C1023&ssl=1","contentUrl":"https:\/\/i0.wp.com\/grifk-handball.com\/miehet\/wp-content\/uploads\/sites\/2\/2024\/09\/B7A7193_i-e1726148227827.jpg?fit=1513%2C1023&ssl=1","width":1513,"height":1023},{"@type":"BreadcrumbList","@id":"https:\/\/grifk-handball.com\/miehet\/kausi-2024-25\/ennakot-2024-25\/tuplaviikonloppu-aloittaa-aktialiigan-grifk-kohtaa-aifkn-kahdesti\/#breadcrumb","itemListElement":[{"@type":"ListItem","position":1,"name":"Home","item":"https:\/\/grifk-handball.com\/miehet\/etusivu-260109\/"},{"@type":"ListItem","position":2,"name":"Tuplaviikonloppu aloittaa Aktialiigan &#8211; GrIFK kohtaa \u00c5IFK:n kahdesti"}]},{"@type":"WebSite","@id":"https:\/\/grifk-handball.com\/miehet\/#website","url":"https:\/\/grifk-handball.com\/miehet\/","name":"GrIFK K\u00e4sipallo - miehet","description":"BomBom!","publisher":{"@id":"https:\/\/grifk-handball.com\/miehet\/#organization"},"potentialAction":[{"@type":"SearchAction","target":{"@type":"EntryPoint","urlTemplate":"https:\/\/grifk-handball.com\/miehet\/?s={search_term_string}"},"query-input":{"@type":"PropertyValueSpecification","valueRequired":true,"valueName":"search_term_string"}}],"inLanguage":"fi"},{"@type":"Organization","@id":"https:\/\/grifk-handball.com\/miehet\/#organization","name":"GrIFK K\u00e4sipallo - miehet","url":"https:\/\/grifk-handball.com\/miehet\/","logo":{"@type":"ImageObject","inLanguage":"fi","@id":"https:\/\/grifk-handball.com\/miehet\/#\/schema\/logo\/image\/","url":"https:\/\/i0.wp.com\/grifk-handball.com\/miehet\/wp-content\/uploads\/sites\/2\/2016\/10\/logo-grifk-iso.png?fit=1200%2C1400&ssl=1","contentUrl":"https:\/\/i0.wp.com\/grifk-handball.com\/miehet\/wp-content\/uploads\/sites\/2\/2016\/10\/logo-grifk-iso.png?fit=1200%2C1400&ssl=1","width":1200,"height":1400,"caption":"GrIFK K\u00e4sipallo - miehet"},"image":{"@id":"https:\/\/grifk-handball.com\/miehet\/#\/schema\/logo\/image\/"},"sameAs":["https:\/\/www.facebook.com\/GrIFKelit\/","https:\/\/x.com\/GrIFK_MSM","https:\/\/www.instagram.com\/grifk_elit\/"]},{"@type":"Person","@id":"https:\/\/grifk-handball.com\/miehet\/#\/schema\/person\/9da98c743e3f0f85a1b32f59241b48e0","name":"granimaster","image":{"@type":"ImageObject","inLanguage":"fi","@id":"https:\/\/secure.gravatar.com\/avatar\/034b8e6380fc659c320f13e17fe45bd9ab48a21e2debadd5f3179bde291949df?s=96&d=mm&r=g","url":"https:\/\/secure.gravatar.com\/avatar\/034b8e6380fc659c320f13e17fe45bd9ab48a21e2debadd5f3179bde291949df?s=96&d=mm&r=g","contentUrl":"https:\/\/secure.gravatar.com\/avatar\/034b8e6380fc659c320f13e17fe45bd9ab48a21e2debadd5f3179bde291949df?s=96&d=mm&r=g","caption":"granimaster"},"url":"https:\/\/grifk-handball.com\/miehet\/author\/granimaster\/"}]}},"jetpack_shortlink":"https:\/\/wp.me\/p9jQ9a-5Ta","jetpack_featured_media_url":"https:\/\/i0.wp.com\/grifk-handball.com\/miehet\/wp-content\/uploads\/sites\/2\/2024\/09\/B7A7193_i-e1726148227827.jpg?fit=1513%2C1023&ssl=1","_links":{"self":[{"href":"https:\/\/grifk-handball.com\/miehet\/wp-json\/wp\/v2\/posts\/22640","targetHints":{"allow":["GET"]}}],"collection":[{"href":"https:\/\/grifk-handball.com\/miehet\/wp-json\/wp\/v2\/posts"}],"about":[{"href":"https:\/\/grifk-handball.com\/miehet\/wp-json\/wp\/v2\/types\/post"}],"author":[{"embeddable":true,"href":"https:\/\/grifk-handball.com\/miehet\/wp-json\/wp\/v2\/users\/1"}],"replies":[{"embeddable":true,"href":"https:\/\/grifk-handball.com\/miehet\/wp-json\/wp\/v2\/comments?post=22640"}],"version-history":[{"count":47,"href":"https:\/\/grifk-handball.com\/miehet\/wp-json\/wp\/v2\/posts\/22640\/revisions"}],"predecessor-version":[{"id":61387,"href":"https:\/\/grifk-handball.com\/miehet\/wp-json\/wp\/v2\/posts\/22640\/revisions\/61387"}],"wp:featuredmedia":[{"embeddable":true,"href":"https:\/\/grifk-handball.com\/miehet\/wp-json\/wp\/v2\/media\/22686"}],"wp:attachment":[{"href":"https:\/\/grifk-handball.com\/miehet\/wp-json\/wp\/v2\/media?parent=22640"}],"wp:term":[{"taxonomy":"category","embeddable":true,"href":"https:\/\/grifk-handball.com\/miehet\/wp-json\/wp\/v2\/categories?post=22640"},{"taxonomy":"post_tag","embeddable":true,"href":"https:\/\/grifk-handball.com\/miehet\/wp-json\/wp\/v2\/tags?post=22640"}],"curies":[{"name":"wp","href":"https:\/\/api.w.org\/{rel}","templated":true}]}}