{"id":2905,"date":"2016-12-16T13:52:33","date_gmt":"2016-12-16T11:52:33","guid":{"rendered":"https:\/\/grifk-handball.com\/?p=2905"},"modified":"2017-11-07T14:13:39","modified_gmt":"2017-11-07T12:13:39","slug":"grifkvspif","status":"publish","type":"post","link":"https:\/\/grifk-handball.com\/miehet\/2016-17\/ennakot-2016-17\/grifkvspif\/","title":{"rendered":"GrIFK \u00e5ker till V\u00e4st\u00e5boland"},"content":{"rendered":"<p>Idag fredag v\u00e4nder Grankulla IFK mannarna kursen mot V\u00e4st\u00e5boland, n\u00e4rmare sagt Pargas.<!--more--><\/p>\n<p>GrIFK \u00e5ker till Pargas med en klar m\u00e5ls\u00e4ttning &#8211; tv\u00e5 po\u00e4ng. Det \u00e4r aldrig l\u00e4tt att \u00e5ka mitt i jobbdagen p\u00e5 en fredag till Pargas och spela en seriematch. <em>&#8221;Det h\u00f6r inte till rutinera helt enkelt. Vi \u00e4r vana att spela matcher p\u00e5 onsdagskv\u00e4llar eller l\u00f6rdagseftermiddagar, nu \u00e5ker vi p\u00e5 en fredag mitt p\u00e5 dagen till Pargas f\u00f6r att spela seriematch, Inte f\u00f6r att det skall spela roll, vi \u00e4r b\u00e4ttre \u00e4n dem och det \u00e4r endast tv\u00e5 po\u00e4ng som r\u00e4knas f\u00f6r oss.&#8221; <\/em>kommenterar GrIFK:s lagledare. <em>&#8221;Det kan ta en stund innan vi f\u00e5r ig\u00e5ng maskineriet. Efter det \u00e4r det bara att h\u00e5lla farten och sk\u00e4rpan uppe. Sen kan vi med gott samvete ta en liten julpaus.&#8221;<\/em><\/p>\n<p>I en intervju med Pargas IF:s tr\u00e4nare Joni Lindberg sade Joni att\u00a0PIF vet om att de \u00e4r s.k &#8221;underdogs&#8221; i serien och att de kommer att spela med h\u00e5rd inst\u00e4llning i varje match. Kanske man kan tolka det som ett hopp om att en potentiell motst\u00e5ndare av h\u00f6gre niv\u00e5 underskattar dem och de utnyttjar det. PIF:s m\u00e5lspruta Fredrik Lund\u00e9n \u00e4r att h\u00e5lla ett \u00f6ga p\u00e5. F\u00e5r GrIFK:s mittf\u00f6rsvar stopp p\u00e5 honom s\u00e5 \u00e4r h\u00e4lften redan vunnet.<\/p>\n<p><em>&#8221;Vi spelar f\u00f6r Grankulla&#8221;<\/em> &#8211; Alexander L\u00e5ng #9<\/p>\n<p>#BomBom #GrIFK #granihandis<\/p>\n","protected":false},"excerpt":{"rendered":"<p>Idag fredag v\u00e4nder Grankulla IFK mannarna kursen mot V\u00e4st\u00e5boland, n\u00e4rmare sagt Pargas.<\/p>\n","protected":false},"author":1,"featured_media":2099,"comment_status":"closed","ping_status":"open","sticky":false,"template":"","format":"standard","meta":{"_acf_changed":false,"footnotes":"","_members_access_role":[],"_members_access_error":""},"categories":[8],"tags":[25,34,38,41],"class_list":["post-2905","post","type-post","status-publish","format-standard","has-post-thumbnail","hentry","category-ennakot-2016-17","tag-grifk","tag-pif","tag-runkosarja","tag-sm-liiga"],"acf":[],"yoast_head":"<!-- This site is optimized with the Yoast SEO plugin v28.4 - https:\/\/yoast.com\/product\/yoast-seo-wordpress\/ -->\n<title>GrIFK \u00e5ker till V\u00e4st\u00e5boland &#8212; GrIFK K\u00e4sipallo - miehet<\/title>\n<meta name=\"description\" content=\"Idag fredag v\u00e4nder Grankulla IFK mannarna kursen mot V\u00e4st\u00e5boland, n\u00e4rmare sagt Pargas. GrIFK \u00e5ker till Pargas med en klar m\u00e5ls\u00e4ttning - tv\u00e5 po\u00e4ng.\" \/>\n<meta name=\"robots\" content=\"index, follow, max-snippet:-1, max-image-preview:large, max-video-preview:-1\" \/>\n<link rel=\"canonical\" href=\"https:\/\/grifk-handball.com\/miehet\/2016-17\/ennakot-2016-17\/grifkvspif\/\" \/>\n<meta property=\"og:locale\" content=\"fi_FI\" \/>\n<meta property=\"og:type\" content=\"article\" \/>\n<meta property=\"og:title\" content=\"GrIFK \u00e5ker till V\u00e4st\u00e5boland &#8212; GrIFK K\u00e4sipallo - miehet\" \/>\n<meta property=\"og:description\" content=\"Idag fredag v\u00e4nder Grankulla IFK mannarna kursen mot V\u00e4st\u00e5boland, n\u00e4rmare sagt Pargas. GrIFK \u00e5ker till Pargas med en klar m\u00e5ls\u00e4ttning - tv\u00e5 po\u00e4ng.\" \/>\n<meta property=\"og:url\" content=\"https:\/\/grifk-handball.com\/miehet\/2016-17\/ennakot-2016-17\/grifkvspif\/\" \/>\n<meta property=\"og:site_name\" content=\"GrIFK K\u00e4sipallo - miehet\" \/>\n<meta property=\"article:publisher\" content=\"https:\/\/www.facebook.com\/GrIFKelit\/\" \/>\n<meta property=\"article:published_time\" content=\"2016-12-16T11:52:33+00:00\" \/>\n<meta property=\"article:modified_time\" content=\"2017-11-07T12:13:39+00:00\" \/>\n<meta property=\"og:image\" content=\"https:\/\/i0.wp.com\/grifk-handball.com\/miehet\/wp-content\/uploads\/sites\/2\/2016\/07\/sponssit-paidassa.jpg?fit=1385%2C744&ssl=1\" \/>\n\t<meta property=\"og:image:width\" content=\"1385\" \/>\n\t<meta property=\"og:image:height\" content=\"744\" \/>\n\t<meta property=\"og:image:type\" content=\"image\/jpeg\" \/>\n<meta name=\"author\" content=\"granimaster\" \/>\n<meta name=\"twitter:card\" content=\"summary_large_image\" \/>\n<meta name=\"twitter:creator\" content=\"@GrIFK_MSM\" \/>\n<meta name=\"twitter:site\" content=\"@GrIFK_MSM\" \/>\n<meta name=\"twitter:label1\" content=\"Kirjoittanut\" \/>\n\t<meta name=\"twitter:data1\" content=\"granimaster\" \/>\n\t<meta name=\"twitter:label2\" content=\"Arvioitu lukuaika\" \/>\n\t<meta name=\"twitter:data2\" content=\"1 minuutti\" \/>\n<script type=\"application\/ld+json\" class=\"yoast-schema-graph\">{\"@context\":\"https:\\\/\\\/schema.org\",\"@graph\":[{\"@type\":\"Article\",\"@id\":\"https:\\\/\\\/grifk-handball.com\\\/miehet\\\/2016-17\\\/ennakot-2016-17\\\/grifkvspif\\\/#article\",\"isPartOf\":{\"@id\":\"https:\\\/\\\/grifk-handball.com\\\/miehet\\\/2016-17\\\/ennakot-2016-17\\\/grifkvspif\\\/\"},\"author\":{\"name\":\"granimaster\",\"@id\":\"https:\\\/\\\/grifk-handball.com\\\/miehet\\\/#\\\/schema\\\/person\\\/9da98c743e3f0f85a1b32f59241b48e0\"},\"headline\":\"GrIFK \u00e5ker till V\u00e4st\u00e5boland\",\"datePublished\":\"2016-12-16T11:52:33+00:00\",\"dateModified\":\"2017-11-07T12:13:39+00:00\",\"mainEntityOfPage\":{\"@id\":\"https:\\\/\\\/grifk-handball.com\\\/miehet\\\/2016-17\\\/ennakot-2016-17\\\/grifkvspif\\\/\"},\"wordCount\":261,\"publisher\":{\"@id\":\"https:\\\/\\\/grifk-handball.com\\\/miehet\\\/#organization\"},\"image\":{\"@id\":\"https:\\\/\\\/grifk-handball.com\\\/miehet\\\/2016-17\\\/ennakot-2016-17\\\/grifkvspif\\\/#primaryimage\"},\"thumbnailUrl\":\"https:\\\/\\\/i0.wp.com\\\/grifk-handball.com\\\/miehet\\\/wp-content\\\/uploads\\\/sites\\\/2\\\/2016\\\/07\\\/sponssit-paidassa.jpg?fit=1385%2C744&ssl=1\",\"keywords\":[\"GrIFK\",\"PIF\",\"Runkosarja\",\"SM-liiga\"],\"articleSection\":[\"Ennakot 2016-17\"],\"inLanguage\":\"fi\"},{\"@type\":\"WebPage\",\"@id\":\"https:\\\/\\\/grifk-handball.com\\\/miehet\\\/2016-17\\\/ennakot-2016-17\\\/grifkvspif\\\/\",\"url\":\"https:\\\/\\\/grifk-handball.com\\\/miehet\\\/2016-17\\\/ennakot-2016-17\\\/grifkvspif\\\/\",\"name\":\"GrIFK \u00e5ker till V\u00e4st\u00e5boland &#8212; GrIFK K\u00e4sipallo - miehet\",\"isPartOf\":{\"@id\":\"https:\\\/\\\/grifk-handball.com\\\/miehet\\\/#website\"},\"primaryImageOfPage\":{\"@id\":\"https:\\\/\\\/grifk-handball.com\\\/miehet\\\/2016-17\\\/ennakot-2016-17\\\/grifkvspif\\\/#primaryimage\"},\"image\":{\"@id\":\"https:\\\/\\\/grifk-handball.com\\\/miehet\\\/2016-17\\\/ennakot-2016-17\\\/grifkvspif\\\/#primaryimage\"},\"thumbnailUrl\":\"https:\\\/\\\/i0.wp.com\\\/grifk-handball.com\\\/miehet\\\/wp-content\\\/uploads\\\/sites\\\/2\\\/2016\\\/07\\\/sponssit-paidassa.jpg?fit=1385%2C744&ssl=1\",\"datePublished\":\"2016-12-16T11:52:33+00:00\",\"dateModified\":\"2017-11-07T12:13:39+00:00\",\"description\":\"Idag fredag v\u00e4nder Grankulla IFK mannarna kursen mot V\u00e4st\u00e5boland, n\u00e4rmare sagt Pargas. GrIFK \u00e5ker till Pargas med en klar m\u00e5ls\u00e4ttning - tv\u00e5 po\u00e4ng.\",\"breadcrumb\":{\"@id\":\"https:\\\/\\\/grifk-handball.com\\\/miehet\\\/2016-17\\\/ennakot-2016-17\\\/grifkvspif\\\/#breadcrumb\"},\"inLanguage\":\"fi\",\"potentialAction\":[{\"@type\":\"ReadAction\",\"target\":[\"https:\\\/\\\/grifk-handball.com\\\/miehet\\\/2016-17\\\/ennakot-2016-17\\\/grifkvspif\\\/\"]}]},{\"@type\":\"ImageObject\",\"inLanguage\":\"fi\",\"@id\":\"https:\\\/\\\/grifk-handball.com\\\/miehet\\\/2016-17\\\/ennakot-2016-17\\\/grifkvspif\\\/#primaryimage\",\"url\":\"https:\\\/\\\/i0.wp.com\\\/grifk-handball.com\\\/miehet\\\/wp-content\\\/uploads\\\/sites\\\/2\\\/2016\\\/07\\\/sponssit-paidassa.jpg?fit=1385%2C744&ssl=1\",\"contentUrl\":\"https:\\\/\\\/i0.wp.com\\\/grifk-handball.com\\\/miehet\\\/wp-content\\\/uploads\\\/sites\\\/2\\\/2016\\\/07\\\/sponssit-paidassa.jpg?fit=1385%2C744&ssl=1\",\"width\":1385,\"height\":744},{\"@type\":\"BreadcrumbList\",\"@id\":\"https:\\\/\\\/grifk-handball.com\\\/miehet\\\/2016-17\\\/ennakot-2016-17\\\/grifkvspif\\\/#breadcrumb\",\"itemListElement\":[{\"@type\":\"ListItem\",\"position\":1,\"name\":\"Home\",\"item\":\"https:\\\/\\\/grifk-handball.com\\\/miehet\\\/etusivu-260109\\\/\"},{\"@type\":\"ListItem\",\"position\":2,\"name\":\"GrIFK \u00e5ker till V\u00e4st\u00e5boland\"}]},{\"@type\":\"WebSite\",\"@id\":\"https:\\\/\\\/grifk-handball.com\\\/miehet\\\/#website\",\"url\":\"https:\\\/\\\/grifk-handball.com\\\/miehet\\\/\",\"name\":\"GrIFK K\u00e4sipallo - miehet\",\"description\":\"BomBom!\",\"publisher\":{\"@id\":\"https:\\\/\\\/grifk-handball.com\\\/miehet\\\/#organization\"},\"potentialAction\":[{\"@type\":\"SearchAction\",\"target\":{\"@type\":\"EntryPoint\",\"urlTemplate\":\"https:\\\/\\\/grifk-handball.com\\\/miehet\\\/?s={search_term_string}\"},\"query-input\":{\"@type\":\"PropertyValueSpecification\",\"valueRequired\":true,\"valueName\":\"search_term_string\"}}],\"inLanguage\":\"fi\"},{\"@type\":\"Organization\",\"@id\":\"https:\\\/\\\/grifk-handball.com\\\/miehet\\\/#organization\",\"name\":\"GrIFK K\u00e4sipallo - miehet\",\"url\":\"https:\\\/\\\/grifk-handball.com\\\/miehet\\\/\",\"logo\":{\"@type\":\"ImageObject\",\"inLanguage\":\"fi\",\"@id\":\"https:\\\/\\\/grifk-handball.com\\\/miehet\\\/#\\\/schema\\\/logo\\\/image\\\/\",\"url\":\"https:\\\/\\\/i0.wp.com\\\/grifk-handball.com\\\/miehet\\\/wp-content\\\/uploads\\\/sites\\\/2\\\/2016\\\/10\\\/logo-grifk-iso.png?fit=1200%2C1400&ssl=1\",\"contentUrl\":\"https:\\\/\\\/i0.wp.com\\\/grifk-handball.com\\\/miehet\\\/wp-content\\\/uploads\\\/sites\\\/2\\\/2016\\\/10\\\/logo-grifk-iso.png?fit=1200%2C1400&ssl=1\",\"width\":1200,\"height\":1400,\"caption\":\"GrIFK K\u00e4sipallo - miehet\"},\"image\":{\"@id\":\"https:\\\/\\\/grifk-handball.com\\\/miehet\\\/#\\\/schema\\\/logo\\\/image\\\/\"},\"sameAs\":[\"https:\\\/\\\/www.facebook.com\\\/GrIFKelit\\\/\",\"https:\\\/\\\/x.com\\\/GrIFK_MSM\",\"https:\\\/\\\/www.instagram.com\\\/grifk_elit\\\/\"]},{\"@type\":\"Person\",\"@id\":\"https:\\\/\\\/grifk-handball.com\\\/miehet\\\/#\\\/schema\\\/person\\\/9da98c743e3f0f85a1b32f59241b48e0\",\"name\":\"granimaster\",\"image\":{\"@type\":\"ImageObject\",\"inLanguage\":\"fi\",\"@id\":\"https:\\\/\\\/secure.gravatar.com\\\/avatar\\\/034b8e6380fc659c320f13e17fe45bd9ab48a21e2debadd5f3179bde291949df?s=96&d=mm&r=g\",\"url\":\"https:\\\/\\\/secure.gravatar.com\\\/avatar\\\/034b8e6380fc659c320f13e17fe45bd9ab48a21e2debadd5f3179bde291949df?s=96&d=mm&r=g\",\"contentUrl\":\"https:\\\/\\\/secure.gravatar.com\\\/avatar\\\/034b8e6380fc659c320f13e17fe45bd9ab48a21e2debadd5f3179bde291949df?s=96&d=mm&r=g\",\"caption\":\"granimaster\"},\"url\":\"https:\\\/\\\/grifk-handball.com\\\/miehet\\\/author\\\/granimaster\\\/\"}]}<\/script>\n<!-- \/ Yoast SEO plugin. -->","yoast_head_json":{"title":"GrIFK \u00e5ker till V\u00e4st\u00e5boland &#8212; GrIFK K\u00e4sipallo - miehet","description":"Idag fredag v\u00e4nder Grankulla IFK mannarna kursen mot V\u00e4st\u00e5boland, n\u00e4rmare sagt Pargas. GrIFK \u00e5ker till Pargas med en klar m\u00e5ls\u00e4ttning - tv\u00e5 po\u00e4ng.","robots":{"index":"index","follow":"follow","max-snippet":"max-snippet:-1","max-image-preview":"max-image-preview:large","max-video-preview":"max-video-preview:-1"},"canonical":"https:\/\/grifk-handball.com\/miehet\/2016-17\/ennakot-2016-17\/grifkvspif\/","og_locale":"fi_FI","og_type":"article","og_title":"GrIFK \u00e5ker till V\u00e4st\u00e5boland &#8212; GrIFK K\u00e4sipallo - miehet","og_description":"Idag fredag v\u00e4nder Grankulla IFK mannarna kursen mot V\u00e4st\u00e5boland, n\u00e4rmare sagt Pargas. GrIFK \u00e5ker till Pargas med en klar m\u00e5ls\u00e4ttning - tv\u00e5 po\u00e4ng.","og_url":"https:\/\/grifk-handball.com\/miehet\/2016-17\/ennakot-2016-17\/grifkvspif\/","og_site_name":"GrIFK K\u00e4sipallo - miehet","article_publisher":"https:\/\/www.facebook.com\/GrIFKelit\/","article_published_time":"2016-12-16T11:52:33+00:00","article_modified_time":"2017-11-07T12:13:39+00:00","og_image":[{"width":1385,"height":744,"url":"https:\/\/i0.wp.com\/grifk-handball.com\/miehet\/wp-content\/uploads\/sites\/2\/2016\/07\/sponssit-paidassa.jpg?fit=1385%2C744&ssl=1","type":"image\/jpeg"}],"author":"granimaster","twitter_card":"summary_large_image","twitter_creator":"@GrIFK_MSM","twitter_site":"@GrIFK_MSM","twitter_misc":{"Kirjoittanut":"granimaster","Arvioitu lukuaika":"1 minuutti"},"schema":{"@context":"https:\/\/schema.org","@graph":[{"@type":"Article","@id":"https:\/\/grifk-handball.com\/miehet\/2016-17\/ennakot-2016-17\/grifkvspif\/#article","isPartOf":{"@id":"https:\/\/grifk-handball.com\/miehet\/2016-17\/ennakot-2016-17\/grifkvspif\/"},"author":{"name":"granimaster","@id":"https:\/\/grifk-handball.com\/miehet\/#\/schema\/person\/9da98c743e3f0f85a1b32f59241b48e0"},"headline":"GrIFK \u00e5ker till V\u00e4st\u00e5boland","datePublished":"2016-12-16T11:52:33+00:00","dateModified":"2017-11-07T12:13:39+00:00","mainEntityOfPage":{"@id":"https:\/\/grifk-handball.com\/miehet\/2016-17\/ennakot-2016-17\/grifkvspif\/"},"wordCount":261,"publisher":{"@id":"https:\/\/grifk-handball.com\/miehet\/#organization"},"image":{"@id":"https:\/\/grifk-handball.com\/miehet\/2016-17\/ennakot-2016-17\/grifkvspif\/#primaryimage"},"thumbnailUrl":"https:\/\/i0.wp.com\/grifk-handball.com\/miehet\/wp-content\/uploads\/sites\/2\/2016\/07\/sponssit-paidassa.jpg?fit=1385%2C744&ssl=1","keywords":["GrIFK","PIF","Runkosarja","SM-liiga"],"articleSection":["Ennakot 2016-17"],"inLanguage":"fi"},{"@type":"WebPage","@id":"https:\/\/grifk-handball.com\/miehet\/2016-17\/ennakot-2016-17\/grifkvspif\/","url":"https:\/\/grifk-handball.com\/miehet\/2016-17\/ennakot-2016-17\/grifkvspif\/","name":"GrIFK \u00e5ker till V\u00e4st\u00e5boland &#8212; GrIFK K\u00e4sipallo - miehet","isPartOf":{"@id":"https:\/\/grifk-handball.com\/miehet\/#website"},"primaryImageOfPage":{"@id":"https:\/\/grifk-handball.com\/miehet\/2016-17\/ennakot-2016-17\/grifkvspif\/#primaryimage"},"image":{"@id":"https:\/\/grifk-handball.com\/miehet\/2016-17\/ennakot-2016-17\/grifkvspif\/#primaryimage"},"thumbnailUrl":"https:\/\/i0.wp.com\/grifk-handball.com\/miehet\/wp-content\/uploads\/sites\/2\/2016\/07\/sponssit-paidassa.jpg?fit=1385%2C744&ssl=1","datePublished":"2016-12-16T11:52:33+00:00","dateModified":"2017-11-07T12:13:39+00:00","description":"Idag fredag v\u00e4nder Grankulla IFK mannarna kursen mot V\u00e4st\u00e5boland, n\u00e4rmare sagt Pargas. GrIFK \u00e5ker till Pargas med en klar m\u00e5ls\u00e4ttning - tv\u00e5 po\u00e4ng.","breadcrumb":{"@id":"https:\/\/grifk-handball.com\/miehet\/2016-17\/ennakot-2016-17\/grifkvspif\/#breadcrumb"},"inLanguage":"fi","potentialAction":[{"@type":"ReadAction","target":["https:\/\/grifk-handball.com\/miehet\/2016-17\/ennakot-2016-17\/grifkvspif\/"]}]},{"@type":"ImageObject","inLanguage":"fi","@id":"https:\/\/grifk-handball.com\/miehet\/2016-17\/ennakot-2016-17\/grifkvspif\/#primaryimage","url":"https:\/\/i0.wp.com\/grifk-handball.com\/miehet\/wp-content\/uploads\/sites\/2\/2016\/07\/sponssit-paidassa.jpg?fit=1385%2C744&ssl=1","contentUrl":"https:\/\/i0.wp.com\/grifk-handball.com\/miehet\/wp-content\/uploads\/sites\/2\/2016\/07\/sponssit-paidassa.jpg?fit=1385%2C744&ssl=1","width":1385,"height":744},{"@type":"BreadcrumbList","@id":"https:\/\/grifk-handball.com\/miehet\/2016-17\/ennakot-2016-17\/grifkvspif\/#breadcrumb","itemListElement":[{"@type":"ListItem","position":1,"name":"Home","item":"https:\/\/grifk-handball.com\/miehet\/etusivu-260109\/"},{"@type":"ListItem","position":2,"name":"GrIFK \u00e5ker till V\u00e4st\u00e5boland"}]},{"@type":"WebSite","@id":"https:\/\/grifk-handball.com\/miehet\/#website","url":"https:\/\/grifk-handball.com\/miehet\/","name":"GrIFK K\u00e4sipallo - miehet","description":"BomBom!","publisher":{"@id":"https:\/\/grifk-handball.com\/miehet\/#organization"},"potentialAction":[{"@type":"SearchAction","target":{"@type":"EntryPoint","urlTemplate":"https:\/\/grifk-handball.com\/miehet\/?s={search_term_string}"},"query-input":{"@type":"PropertyValueSpecification","valueRequired":true,"valueName":"search_term_string"}}],"inLanguage":"fi"},{"@type":"Organization","@id":"https:\/\/grifk-handball.com\/miehet\/#organization","name":"GrIFK K\u00e4sipallo - miehet","url":"https:\/\/grifk-handball.com\/miehet\/","logo":{"@type":"ImageObject","inLanguage":"fi","@id":"https:\/\/grifk-handball.com\/miehet\/#\/schema\/logo\/image\/","url":"https:\/\/i0.wp.com\/grifk-handball.com\/miehet\/wp-content\/uploads\/sites\/2\/2016\/10\/logo-grifk-iso.png?fit=1200%2C1400&ssl=1","contentUrl":"https:\/\/i0.wp.com\/grifk-handball.com\/miehet\/wp-content\/uploads\/sites\/2\/2016\/10\/logo-grifk-iso.png?fit=1200%2C1400&ssl=1","width":1200,"height":1400,"caption":"GrIFK K\u00e4sipallo - miehet"},"image":{"@id":"https:\/\/grifk-handball.com\/miehet\/#\/schema\/logo\/image\/"},"sameAs":["https:\/\/www.facebook.com\/GrIFKelit\/","https:\/\/x.com\/GrIFK_MSM","https:\/\/www.instagram.com\/grifk_elit\/"]},{"@type":"Person","@id":"https:\/\/grifk-handball.com\/miehet\/#\/schema\/person\/9da98c743e3f0f85a1b32f59241b48e0","name":"granimaster","image":{"@type":"ImageObject","inLanguage":"fi","@id":"https:\/\/secure.gravatar.com\/avatar\/034b8e6380fc659c320f13e17fe45bd9ab48a21e2debadd5f3179bde291949df?s=96&d=mm&r=g","url":"https:\/\/secure.gravatar.com\/avatar\/034b8e6380fc659c320f13e17fe45bd9ab48a21e2debadd5f3179bde291949df?s=96&d=mm&r=g","contentUrl":"https:\/\/secure.gravatar.com\/avatar\/034b8e6380fc659c320f13e17fe45bd9ab48a21e2debadd5f3179bde291949df?s=96&d=mm&r=g","caption":"granimaster"},"url":"https:\/\/grifk-handball.com\/miehet\/author\/granimaster\/"}]}},"jetpack_shortlink":"https:\/\/wp.me\/p9jQ9a-KR","jetpack_featured_media_url":"https:\/\/i0.wp.com\/grifk-handball.com\/miehet\/wp-content\/uploads\/sites\/2\/2016\/07\/sponssit-paidassa.jpg?fit=1385%2C744&ssl=1","_links":{"self":[{"href":"https:\/\/grifk-handball.com\/miehet\/wp-json\/wp\/v2\/posts\/2905","targetHints":{"allow":["GET"]}}],"collection":[{"href":"https:\/\/grifk-handball.com\/miehet\/wp-json\/wp\/v2\/posts"}],"about":[{"href":"https:\/\/grifk-handball.com\/miehet\/wp-json\/wp\/v2\/types\/post"}],"author":[{"embeddable":true,"href":"https:\/\/grifk-handball.com\/miehet\/wp-json\/wp\/v2\/users\/1"}],"replies":[{"embeddable":true,"href":"https:\/\/grifk-handball.com\/miehet\/wp-json\/wp\/v2\/comments?post=2905"}],"version-history":[{"count":0,"href":"https:\/\/grifk-handball.com\/miehet\/wp-json\/wp\/v2\/posts\/2905\/revisions"}],"wp:featuredmedia":[{"embeddable":true,"href":"https:\/\/grifk-handball.com\/miehet\/wp-json\/wp\/v2\/media\/2099"}],"wp:attachment":[{"href":"https:\/\/grifk-handball.com\/miehet\/wp-json\/wp\/v2\/media?parent=2905"}],"wp:term":[{"taxonomy":"category","embeddable":true,"href":"https:\/\/grifk-handball.com\/miehet\/wp-json\/wp\/v2\/categories?post=2905"},{"taxonomy":"post_tag","embeddable":true,"href":"https:\/\/grifk-handball.com\/miehet\/wp-json\/wp\/v2\/tags?post=2905"}],"curies":[{"name":"wp","href":"https:\/\/api.w.org\/{rel}","templated":true}]}}