{"id":3251,"date":"2017-03-01T22:45:42","date_gmt":"2017-03-01T20:45:42","guid":{"rendered":"https:\/\/grifk-handball.com\/?p=3251"},"modified":"2017-11-07T14:13:36","modified_gmt":"2017-11-07T12:13:36","slug":"grifk-vande-och-sakrade-gruppsegern","status":"publish","type":"post","link":"https:\/\/grifk-handball.com\/miehet\/2016-17\/ottelut-2016-17\/grifk-vande-och-sakrade-gruppsegern\/","title":{"rendered":"GrIFK v\u00e4nde och s\u00e4krade gruppsegern"},"content":{"rendered":"<p>SIF h\u00f6ll i taktpinnen l\u00e4nge men GrIFK v\u00e4nde matchen till deras fav\u00f6r i andra halvleken och s\u00e4krade ocks\u00e5 i gruppsegern i nedre forts\u00e4ttningsserien. Slutsiffrorna skrev till 24-28.<!--more--><\/p>\n<p>SIF \u00f6ppnade starkt och lade GrIFK ut i stormv\u00e4dret som drog sig \u00f6ver Sjunde\u00e5 p\u00e5 onsdagskv\u00e4llen. I f\u00f6rsta halvlek tvingade SIF Grani till d\u00e5liga avslut och tekniska missar i anfallszon vilket ledde till enkla och snabba motanfall. Till pausvila gick SIF med en r\u00e4tt s\u00e5 komfortabel 14-10 ledning och det s\u00e5g ut som om att SIF hade v\u00e4nt deras d\u00e5liga trend mot GrIFK f\u00f6r i \u00e5r.<\/p>\n<p><em>&#8221;Sv\u00e5r f\u00f6rsta halvlek och spelgl\u00e4djen saknades. Jag \u00e4r stolt \u00f6ver laget, vi lyckades v\u00e4nda matchen med en bra k\u00e4mparanda och tron p\u00e5 oss sj\u00e4lva.&#8221; &#8211; Mikko Koskue <\/em><\/p>\n<p>I andra halvleken fick GrIFk fason p\u00e5 manskapet och k\u00e4mpade sig om och f\u00f6rbi ett m\u00e5l i taget. Efter det var det en riktigt publikv\u00e4nlig match d\u00e5 lagen f\u00f6ljde varandra hack i h\u00e4l. Vid dryga 49min spelat verkade det som om att matchen skulle f\u00e5 en v\u00e4ndpunkt i SIF:s f\u00f6rdel d\u00e5 GrIFK lyckades dra p\u00e5 sig tre stycken utvisningar och var tvugna att spela med tre man mindre i n\u00e4rmare 1min 30sek vid st\u00e4llningen 20-22. GrIFK lyckades klara av denna sekvens med att inte sl\u00e4ppa in ett \u00e4nda m\u00e5l. Efter det tog GrIFK:s Alexander von Numers och Patrik L\u00e5ng hand om resten d\u00e5 de steg fram och gjorde tillsammans fyra av GrIFK:s fem sista m\u00e5l.<\/p>\n<p><em>&#8221;D\u00e5lig koncentration, d\u00e5liga avslut och allt f\u00f6r mycket tekniska missar. Som tur s\u00e5 fick vi ledena samlade i andra halvek. SIF k\u00e4mpade bra \u00e4nda in till det bittra slutet.&#8221; &#8211; Richard Sundberg<\/em><\/p>\n<p>Ian Martin och Rony Leven gjorde en bra insats f\u00f6r hemmalaget. SIF:s tv\u00e5 m\u00e5lsprutor Theo Westerlund och Ardo Puna fick GrIFK f\u00f6rsvaret under kontroll i andra halvleken och de fick n\u00f6ja sig med \u00e5tta m\u00e5l tillsammans. Richard Sundberg drog ett stort lass b\u00e5de fram\u00e5t och bak\u00e5t med nio fulltr\u00e4ffar. Han bel\u00f6nades ocks\u00e5 med tre stj\u00e4rnor. Fredrik Forss brottades i b\u00e4gge \u00e4ndorna sin vana trogen och Atte Pakarinen h\u00f6ll SIF skyttarnas sj\u00e4lvf\u00f6rtroende l\u00e5gt idag. Miro Koljonen visade rutin och gav struktur och lugn till laget i anfallszon vilket visade sig vara matchvinnande.<\/p>\n<p><em>&#8221;Vi f\u00f6ll p\u00e5 egna misstag. Tr\u00f6tthet ledde till d\u00e5liga avslut d\u00e5 vi saknade bredden p\u00e5 b\u00e4nken. Rutinen saknades d\u00e5 vi f\u00f6rlorar n\u00e4r GrIFK \u00e4r utvisade. 6-3 sekvensen blev 0-0.&#8221; &#8211; Kaj Hagman<\/em><\/p>\n<p>GrIFK vann genom att tro p\u00e5 sig sj\u00e4lva och tack vare sin stora bredd kunde de h\u00e5lla tempot uppe matchen igenom d\u00e5 SIF:s manskap kroknade. N\u00e4sta match f\u00f6r GrIFK \u00e4r nu inkommande l\u00f6rdag den 4.3. och d\u00e5 st\u00e5r \u00c5IFK f\u00f6r motst\u00e5ndet hemma i Grottan.<\/p>\n<div id=\"attachment_3240\" style=\"width: 210px\" class=\"wp-caption aligncenter\"><img data-recalc-dims=\"1\" loading=\"lazy\" decoding=\"async\" aria-describedby=\"caption-attachment-3240\" src=\"https:\/\/i0.wp.com\/grifk-handball.com\/wp-content\/uploads\/2017\/03\/GRIFK-SIF.jpg?resize=117%2C152&#038;ssl=1\" alt=\"\" width=\"117\" height=\"152\" class=\"size-full wp-image-3240\" srcset=\"https:\/\/i0.wp.com\/grifk-handball.com\/miehet\/wp-content\/uploads\/sites\/2\/2017\/03\/GRIFK-SIF.jpg?w=1877&amp;ssl=1 1877w, https:\/\/i0.wp.com\/grifk-handball.com\/miehet\/wp-content\/uploads\/sites\/2\/2017\/03\/GRIFK-SIF.jpg?resize=231%2C300&amp;ssl=1 231w, https:\/\/i0.wp.com\/grifk-handball.com\/miehet\/wp-content\/uploads\/sites\/2\/2017\/03\/GRIFK-SIF.jpg?resize=768%2C997&amp;ssl=1 768w, https:\/\/i0.wp.com\/grifk-handball.com\/miehet\/wp-content\/uploads\/sites\/2\/2017\/03\/GRIFK-SIF.jpg?resize=793%2C1030&amp;ssl=1 793w, https:\/\/i0.wp.com\/grifk-handball.com\/miehet\/wp-content\/uploads\/sites\/2\/2017\/03\/GRIFK-SIF.jpg?resize=1155%2C1500&amp;ssl=1 1155w, https:\/\/i0.wp.com\/grifk-handball.com\/miehet\/wp-content\/uploads\/sites\/2\/2017\/03\/GRIFK-SIF.jpg?resize=543%2C705&amp;ssl=1 543w, https:\/\/i0.wp.com\/grifk-handball.com\/miehet\/wp-content\/uploads\/sites\/2\/2017\/03\/GRIFK-SIF.jpg?resize=450%2C584&amp;ssl=1 450w\" sizes=\"auto, (max-width: 117px) 100vw, 117px\" \/><p id=\"caption-attachment-3240\" class=\"wp-caption-text\">GrIFK:s Richard Sundberg bel\u00f6nades med tre stj\u00e4rnor.<\/p><\/div>\n","protected":false},"excerpt":{"rendered":"<p>SIF h\u00f6ll i taktpinnen l\u00e4nge men GrIFK v\u00e4nde matchen till deras fav\u00f6r i andra halvleken och s\u00e4krade ocks\u00e5 i gruppsegern i nedre forts\u00e4ttningsserien. Slutsiffrorna skrev till 24-28.<\/p>\n","protected":false},"author":1,"featured_media":2842,"comment_status":"closed","ping_status":"open","sticky":false,"template":"","format":"standard","meta":{"_acf_changed":false,"footnotes":""},"categories":[5],"tags":[12,16,25,39,41],"class_list":["post-3251","post","type-post","status-publish","format-standard","has-post-thumbnail","hentry","category-ottelut-2016-17","tag-bombom","tag-alempi-jatkosarja","tag-grifk","tag-sif","tag-sm-liiga"],"acf":[],"yoast_head":"<!-- This site is optimized with the Yoast SEO plugin v27.5 - https:\/\/yoast.com\/product\/yoast-seo-wordpress\/ -->\n<title>GrIFK v\u00e4nde och s\u00e4krade gruppsegern &#8212; GrIFK K\u00e4sipallo - miehet<\/title>\n<meta name=\"description\" content=\"SIF h\u00f6ll i taktpinnen l\u00e4nge men GrIFK v\u00e4nde matchen till deras fav\u00f6r i andra halvleken och s\u00e4krade ocks\u00e5 i gruppsegern i nedre forts\u00e4ttningsserien.\" \/>\n<meta name=\"robots\" content=\"index, follow, max-snippet:-1, max-image-preview:large, max-video-preview:-1\" \/>\n<link rel=\"canonical\" href=\"https:\/\/grifk-handball.com\/miehet\/2016-17\/ottelut-2016-17\/grifk-vande-och-sakrade-gruppsegern\/\" \/>\n<meta property=\"og:locale\" content=\"fi_FI\" \/>\n<meta property=\"og:type\" content=\"article\" \/>\n<meta property=\"og:title\" content=\"GrIFK v\u00e4nde och s\u00e4krade gruppsegern &#8212; GrIFK K\u00e4sipallo - miehet\" \/>\n<meta property=\"og:description\" content=\"SIF h\u00f6ll i taktpinnen l\u00e4nge men GrIFK v\u00e4nde matchen till deras fav\u00f6r i andra halvleken och s\u00e4krade ocks\u00e5 i gruppsegern i nedre forts\u00e4ttningsserien.\" \/>\n<meta property=\"og:url\" content=\"https:\/\/grifk-handball.com\/miehet\/2016-17\/ottelut-2016-17\/grifk-vande-och-sakrade-gruppsegern\/\" \/>\n<meta property=\"og:site_name\" content=\"GrIFK K\u00e4sipallo - miehet\" \/>\n<meta property=\"article:publisher\" content=\"https:\/\/www.facebook.com\/GrIFKelit\/\" \/>\n<meta property=\"article:published_time\" content=\"2017-03-01T20:45:42+00:00\" \/>\n<meta property=\"article:modified_time\" content=\"2017-11-07T12:13:36+00:00\" \/>\n<meta property=\"og:image\" content=\"https:\/\/i0.wp.com\/grifk-handball.com\/miehet\/wp-content\/uploads\/sites\/2\/2016\/07\/GrIFK-2016-17.jpg?fit=1920%2C1280&ssl=1\" \/>\n\t<meta property=\"og:image:width\" content=\"1920\" \/>\n\t<meta property=\"og:image:height\" content=\"1280\" \/>\n\t<meta property=\"og:image:type\" content=\"image\/jpeg\" \/>\n<meta name=\"author\" content=\"granimaster\" \/>\n<meta name=\"twitter:card\" content=\"summary_large_image\" \/>\n<meta name=\"twitter:creator\" content=\"@GrIFK_MSM\" \/>\n<meta name=\"twitter:site\" content=\"@GrIFK_MSM\" \/>\n<meta name=\"twitter:label1\" content=\"Kirjoittanut\" \/>\n\t<meta name=\"twitter:data1\" content=\"granimaster\" \/>\n\t<meta name=\"twitter:label2\" content=\"Arvioitu lukuaika\" \/>\n\t<meta name=\"twitter:data2\" content=\"3 minuuttia\" \/>\n<script type=\"application\/ld+json\" class=\"yoast-schema-graph\">{\"@context\":\"https:\\\/\\\/schema.org\",\"@graph\":[{\"@type\":\"Article\",\"@id\":\"https:\\\/\\\/grifk-handball.com\\\/miehet\\\/2016-17\\\/ottelut-2016-17\\\/grifk-vande-och-sakrade-gruppsegern\\\/#article\",\"isPartOf\":{\"@id\":\"https:\\\/\\\/grifk-handball.com\\\/miehet\\\/2016-17\\\/ottelut-2016-17\\\/grifk-vande-och-sakrade-gruppsegern\\\/\"},\"author\":{\"name\":\"granimaster\",\"@id\":\"https:\\\/\\\/grifk-handball.com\\\/miehet\\\/#\\\/schema\\\/person\\\/9da98c743e3f0f85a1b32f59241b48e0\"},\"headline\":\"GrIFK v\u00e4nde och s\u00e4krade gruppsegern\",\"datePublished\":\"2017-03-01T20:45:42+00:00\",\"dateModified\":\"2017-11-07T12:13:36+00:00\",\"mainEntityOfPage\":{\"@id\":\"https:\\\/\\\/grifk-handball.com\\\/miehet\\\/2016-17\\\/ottelut-2016-17\\\/grifk-vande-och-sakrade-gruppsegern\\\/\"},\"wordCount\":531,\"publisher\":{\"@id\":\"https:\\\/\\\/grifk-handball.com\\\/miehet\\\/#organization\"},\"image\":{\"@id\":\"https:\\\/\\\/grifk-handball.com\\\/miehet\\\/2016-17\\\/ottelut-2016-17\\\/grifk-vande-och-sakrade-gruppsegern\\\/#primaryimage\"},\"thumbnailUrl\":\"https:\\\/\\\/i0.wp.com\\\/grifk-handball.com\\\/miehet\\\/wp-content\\\/uploads\\\/sites\\\/2\\\/2016\\\/07\\\/GrIFK-2016-17.jpg?fit=1920%2C1280&ssl=1\",\"keywords\":[\"#BomBom\",\"Alempi jatkosarja\",\"GrIFK\",\"SIF\",\"SM-liiga\"],\"articleSection\":[\"Ottelut 2016-17\"],\"inLanguage\":\"fi\"},{\"@type\":\"WebPage\",\"@id\":\"https:\\\/\\\/grifk-handball.com\\\/miehet\\\/2016-17\\\/ottelut-2016-17\\\/grifk-vande-och-sakrade-gruppsegern\\\/\",\"url\":\"https:\\\/\\\/grifk-handball.com\\\/miehet\\\/2016-17\\\/ottelut-2016-17\\\/grifk-vande-och-sakrade-gruppsegern\\\/\",\"name\":\"GrIFK v\u00e4nde och s\u00e4krade gruppsegern &#8212; GrIFK K\u00e4sipallo - miehet\",\"isPartOf\":{\"@id\":\"https:\\\/\\\/grifk-handball.com\\\/miehet\\\/#website\"},\"primaryImageOfPage\":{\"@id\":\"https:\\\/\\\/grifk-handball.com\\\/miehet\\\/2016-17\\\/ottelut-2016-17\\\/grifk-vande-och-sakrade-gruppsegern\\\/#primaryimage\"},\"image\":{\"@id\":\"https:\\\/\\\/grifk-handball.com\\\/miehet\\\/2016-17\\\/ottelut-2016-17\\\/grifk-vande-och-sakrade-gruppsegern\\\/#primaryimage\"},\"thumbnailUrl\":\"https:\\\/\\\/i0.wp.com\\\/grifk-handball.com\\\/miehet\\\/wp-content\\\/uploads\\\/sites\\\/2\\\/2016\\\/07\\\/GrIFK-2016-17.jpg?fit=1920%2C1280&ssl=1\",\"datePublished\":\"2017-03-01T20:45:42+00:00\",\"dateModified\":\"2017-11-07T12:13:36+00:00\",\"description\":\"SIF h\u00f6ll i taktpinnen l\u00e4nge men GrIFK v\u00e4nde matchen till deras fav\u00f6r i andra halvleken och s\u00e4krade ocks\u00e5 i gruppsegern i nedre forts\u00e4ttningsserien.\",\"breadcrumb\":{\"@id\":\"https:\\\/\\\/grifk-handball.com\\\/miehet\\\/2016-17\\\/ottelut-2016-17\\\/grifk-vande-och-sakrade-gruppsegern\\\/#breadcrumb\"},\"inLanguage\":\"fi\",\"potentialAction\":[{\"@type\":\"ReadAction\",\"target\":[\"https:\\\/\\\/grifk-handball.com\\\/miehet\\\/2016-17\\\/ottelut-2016-17\\\/grifk-vande-och-sakrade-gruppsegern\\\/\"]}]},{\"@type\":\"ImageObject\",\"inLanguage\":\"fi\",\"@id\":\"https:\\\/\\\/grifk-handball.com\\\/miehet\\\/2016-17\\\/ottelut-2016-17\\\/grifk-vande-och-sakrade-gruppsegern\\\/#primaryimage\",\"url\":\"https:\\\/\\\/i0.wp.com\\\/grifk-handball.com\\\/miehet\\\/wp-content\\\/uploads\\\/sites\\\/2\\\/2016\\\/07\\\/GrIFK-2016-17.jpg?fit=1920%2C1280&ssl=1\",\"contentUrl\":\"https:\\\/\\\/i0.wp.com\\\/grifk-handball.com\\\/miehet\\\/wp-content\\\/uploads\\\/sites\\\/2\\\/2016\\\/07\\\/GrIFK-2016-17.jpg?fit=1920%2C1280&ssl=1\",\"width\":1920,\"height\":1280},{\"@type\":\"BreadcrumbList\",\"@id\":\"https:\\\/\\\/grifk-handball.com\\\/miehet\\\/2016-17\\\/ottelut-2016-17\\\/grifk-vande-och-sakrade-gruppsegern\\\/#breadcrumb\",\"itemListElement\":[{\"@type\":\"ListItem\",\"position\":1,\"name\":\"Home\",\"item\":\"https:\\\/\\\/grifk-handball.com\\\/miehet\\\/etusivu-260109\\\/\"},{\"@type\":\"ListItem\",\"position\":2,\"name\":\"GrIFK v\u00e4nde och s\u00e4krade gruppsegern\"}]},{\"@type\":\"WebSite\",\"@id\":\"https:\\\/\\\/grifk-handball.com\\\/miehet\\\/#website\",\"url\":\"https:\\\/\\\/grifk-handball.com\\\/miehet\\\/\",\"name\":\"GrIFK K\u00e4sipallo - miehet\",\"description\":\"BomBom!\",\"publisher\":{\"@id\":\"https:\\\/\\\/grifk-handball.com\\\/miehet\\\/#organization\"},\"potentialAction\":[{\"@type\":\"SearchAction\",\"target\":{\"@type\":\"EntryPoint\",\"urlTemplate\":\"https:\\\/\\\/grifk-handball.com\\\/miehet\\\/?s={search_term_string}\"},\"query-input\":{\"@type\":\"PropertyValueSpecification\",\"valueRequired\":true,\"valueName\":\"search_term_string\"}}],\"inLanguage\":\"fi\"},{\"@type\":\"Organization\",\"@id\":\"https:\\\/\\\/grifk-handball.com\\\/miehet\\\/#organization\",\"name\":\"GrIFK K\u00e4sipallo - miehet\",\"url\":\"https:\\\/\\\/grifk-handball.com\\\/miehet\\\/\",\"logo\":{\"@type\":\"ImageObject\",\"inLanguage\":\"fi\",\"@id\":\"https:\\\/\\\/grifk-handball.com\\\/miehet\\\/#\\\/schema\\\/logo\\\/image\\\/\",\"url\":\"https:\\\/\\\/i0.wp.com\\\/grifk-handball.com\\\/miehet\\\/wp-content\\\/uploads\\\/sites\\\/2\\\/2016\\\/10\\\/logo-grifk-iso.png?fit=1200%2C1400&ssl=1\",\"contentUrl\":\"https:\\\/\\\/i0.wp.com\\\/grifk-handball.com\\\/miehet\\\/wp-content\\\/uploads\\\/sites\\\/2\\\/2016\\\/10\\\/logo-grifk-iso.png?fit=1200%2C1400&ssl=1\",\"width\":1200,\"height\":1400,\"caption\":\"GrIFK K\u00e4sipallo - miehet\"},\"image\":{\"@id\":\"https:\\\/\\\/grifk-handball.com\\\/miehet\\\/#\\\/schema\\\/logo\\\/image\\\/\"},\"sameAs\":[\"https:\\\/\\\/www.facebook.com\\\/GrIFKelit\\\/\",\"https:\\\/\\\/x.com\\\/GrIFK_MSM\",\"https:\\\/\\\/www.instagram.com\\\/grifk_elit\\\/\"]},{\"@type\":\"Person\",\"@id\":\"https:\\\/\\\/grifk-handball.com\\\/miehet\\\/#\\\/schema\\\/person\\\/9da98c743e3f0f85a1b32f59241b48e0\",\"name\":\"granimaster\",\"image\":{\"@type\":\"ImageObject\",\"inLanguage\":\"fi\",\"@id\":\"https:\\\/\\\/secure.gravatar.com\\\/avatar\\\/034b8e6380fc659c320f13e17fe45bd9ab48a21e2debadd5f3179bde291949df?s=96&d=mm&r=g\",\"url\":\"https:\\\/\\\/secure.gravatar.com\\\/avatar\\\/034b8e6380fc659c320f13e17fe45bd9ab48a21e2debadd5f3179bde291949df?s=96&d=mm&r=g\",\"contentUrl\":\"https:\\\/\\\/secure.gravatar.com\\\/avatar\\\/034b8e6380fc659c320f13e17fe45bd9ab48a21e2debadd5f3179bde291949df?s=96&d=mm&r=g\",\"caption\":\"granimaster\"},\"url\":\"https:\\\/\\\/grifk-handball.com\\\/miehet\\\/author\\\/granimaster\\\/\"}]}<\/script>\n<!-- \/ Yoast SEO plugin. -->","yoast_head_json":{"title":"GrIFK v\u00e4nde och s\u00e4krade gruppsegern &#8212; GrIFK K\u00e4sipallo - miehet","description":"SIF h\u00f6ll i taktpinnen l\u00e4nge men GrIFK v\u00e4nde matchen till deras fav\u00f6r i andra halvleken och s\u00e4krade ocks\u00e5 i gruppsegern i nedre forts\u00e4ttningsserien.","robots":{"index":"index","follow":"follow","max-snippet":"max-snippet:-1","max-image-preview":"max-image-preview:large","max-video-preview":"max-video-preview:-1"},"canonical":"https:\/\/grifk-handball.com\/miehet\/2016-17\/ottelut-2016-17\/grifk-vande-och-sakrade-gruppsegern\/","og_locale":"fi_FI","og_type":"article","og_title":"GrIFK v\u00e4nde och s\u00e4krade gruppsegern &#8212; GrIFK K\u00e4sipallo - miehet","og_description":"SIF h\u00f6ll i taktpinnen l\u00e4nge men GrIFK v\u00e4nde matchen till deras fav\u00f6r i andra halvleken och s\u00e4krade ocks\u00e5 i gruppsegern i nedre forts\u00e4ttningsserien.","og_url":"https:\/\/grifk-handball.com\/miehet\/2016-17\/ottelut-2016-17\/grifk-vande-och-sakrade-gruppsegern\/","og_site_name":"GrIFK K\u00e4sipallo - miehet","article_publisher":"https:\/\/www.facebook.com\/GrIFKelit\/","article_published_time":"2017-03-01T20:45:42+00:00","article_modified_time":"2017-11-07T12:13:36+00:00","og_image":[{"width":1920,"height":1280,"url":"https:\/\/i0.wp.com\/grifk-handball.com\/miehet\/wp-content\/uploads\/sites\/2\/2016\/07\/GrIFK-2016-17.jpg?fit=1920%2C1280&ssl=1","type":"image\/jpeg"}],"author":"granimaster","twitter_card":"summary_large_image","twitter_creator":"@GrIFK_MSM","twitter_site":"@GrIFK_MSM","twitter_misc":{"Kirjoittanut":"granimaster","Arvioitu lukuaika":"3 minuuttia"},"schema":{"@context":"https:\/\/schema.org","@graph":[{"@type":"Article","@id":"https:\/\/grifk-handball.com\/miehet\/2016-17\/ottelut-2016-17\/grifk-vande-och-sakrade-gruppsegern\/#article","isPartOf":{"@id":"https:\/\/grifk-handball.com\/miehet\/2016-17\/ottelut-2016-17\/grifk-vande-och-sakrade-gruppsegern\/"},"author":{"name":"granimaster","@id":"https:\/\/grifk-handball.com\/miehet\/#\/schema\/person\/9da98c743e3f0f85a1b32f59241b48e0"},"headline":"GrIFK v\u00e4nde och s\u00e4krade gruppsegern","datePublished":"2017-03-01T20:45:42+00:00","dateModified":"2017-11-07T12:13:36+00:00","mainEntityOfPage":{"@id":"https:\/\/grifk-handball.com\/miehet\/2016-17\/ottelut-2016-17\/grifk-vande-och-sakrade-gruppsegern\/"},"wordCount":531,"publisher":{"@id":"https:\/\/grifk-handball.com\/miehet\/#organization"},"image":{"@id":"https:\/\/grifk-handball.com\/miehet\/2016-17\/ottelut-2016-17\/grifk-vande-och-sakrade-gruppsegern\/#primaryimage"},"thumbnailUrl":"https:\/\/i0.wp.com\/grifk-handball.com\/miehet\/wp-content\/uploads\/sites\/2\/2016\/07\/GrIFK-2016-17.jpg?fit=1920%2C1280&ssl=1","keywords":["#BomBom","Alempi jatkosarja","GrIFK","SIF","SM-liiga"],"articleSection":["Ottelut 2016-17"],"inLanguage":"fi"},{"@type":"WebPage","@id":"https:\/\/grifk-handball.com\/miehet\/2016-17\/ottelut-2016-17\/grifk-vande-och-sakrade-gruppsegern\/","url":"https:\/\/grifk-handball.com\/miehet\/2016-17\/ottelut-2016-17\/grifk-vande-och-sakrade-gruppsegern\/","name":"GrIFK v\u00e4nde och s\u00e4krade gruppsegern &#8212; GrIFK K\u00e4sipallo - miehet","isPartOf":{"@id":"https:\/\/grifk-handball.com\/miehet\/#website"},"primaryImageOfPage":{"@id":"https:\/\/grifk-handball.com\/miehet\/2016-17\/ottelut-2016-17\/grifk-vande-och-sakrade-gruppsegern\/#primaryimage"},"image":{"@id":"https:\/\/grifk-handball.com\/miehet\/2016-17\/ottelut-2016-17\/grifk-vande-och-sakrade-gruppsegern\/#primaryimage"},"thumbnailUrl":"https:\/\/i0.wp.com\/grifk-handball.com\/miehet\/wp-content\/uploads\/sites\/2\/2016\/07\/GrIFK-2016-17.jpg?fit=1920%2C1280&ssl=1","datePublished":"2017-03-01T20:45:42+00:00","dateModified":"2017-11-07T12:13:36+00:00","description":"SIF h\u00f6ll i taktpinnen l\u00e4nge men GrIFK v\u00e4nde matchen till deras fav\u00f6r i andra halvleken och s\u00e4krade ocks\u00e5 i gruppsegern i nedre forts\u00e4ttningsserien.","breadcrumb":{"@id":"https:\/\/grifk-handball.com\/miehet\/2016-17\/ottelut-2016-17\/grifk-vande-och-sakrade-gruppsegern\/#breadcrumb"},"inLanguage":"fi","potentialAction":[{"@type":"ReadAction","target":["https:\/\/grifk-handball.com\/miehet\/2016-17\/ottelut-2016-17\/grifk-vande-och-sakrade-gruppsegern\/"]}]},{"@type":"ImageObject","inLanguage":"fi","@id":"https:\/\/grifk-handball.com\/miehet\/2016-17\/ottelut-2016-17\/grifk-vande-och-sakrade-gruppsegern\/#primaryimage","url":"https:\/\/i0.wp.com\/grifk-handball.com\/miehet\/wp-content\/uploads\/sites\/2\/2016\/07\/GrIFK-2016-17.jpg?fit=1920%2C1280&ssl=1","contentUrl":"https:\/\/i0.wp.com\/grifk-handball.com\/miehet\/wp-content\/uploads\/sites\/2\/2016\/07\/GrIFK-2016-17.jpg?fit=1920%2C1280&ssl=1","width":1920,"height":1280},{"@type":"BreadcrumbList","@id":"https:\/\/grifk-handball.com\/miehet\/2016-17\/ottelut-2016-17\/grifk-vande-och-sakrade-gruppsegern\/#breadcrumb","itemListElement":[{"@type":"ListItem","position":1,"name":"Home","item":"https:\/\/grifk-handball.com\/miehet\/etusivu-260109\/"},{"@type":"ListItem","position":2,"name":"GrIFK v\u00e4nde och s\u00e4krade gruppsegern"}]},{"@type":"WebSite","@id":"https:\/\/grifk-handball.com\/miehet\/#website","url":"https:\/\/grifk-handball.com\/miehet\/","name":"GrIFK K\u00e4sipallo - miehet","description":"BomBom!","publisher":{"@id":"https:\/\/grifk-handball.com\/miehet\/#organization"},"potentialAction":[{"@type":"SearchAction","target":{"@type":"EntryPoint","urlTemplate":"https:\/\/grifk-handball.com\/miehet\/?s={search_term_string}"},"query-input":{"@type":"PropertyValueSpecification","valueRequired":true,"valueName":"search_term_string"}}],"inLanguage":"fi"},{"@type":"Organization","@id":"https:\/\/grifk-handball.com\/miehet\/#organization","name":"GrIFK K\u00e4sipallo - miehet","url":"https:\/\/grifk-handball.com\/miehet\/","logo":{"@type":"ImageObject","inLanguage":"fi","@id":"https:\/\/grifk-handball.com\/miehet\/#\/schema\/logo\/image\/","url":"https:\/\/i0.wp.com\/grifk-handball.com\/miehet\/wp-content\/uploads\/sites\/2\/2016\/10\/logo-grifk-iso.png?fit=1200%2C1400&ssl=1","contentUrl":"https:\/\/i0.wp.com\/grifk-handball.com\/miehet\/wp-content\/uploads\/sites\/2\/2016\/10\/logo-grifk-iso.png?fit=1200%2C1400&ssl=1","width":1200,"height":1400,"caption":"GrIFK K\u00e4sipallo - miehet"},"image":{"@id":"https:\/\/grifk-handball.com\/miehet\/#\/schema\/logo\/image\/"},"sameAs":["https:\/\/www.facebook.com\/GrIFKelit\/","https:\/\/x.com\/GrIFK_MSM","https:\/\/www.instagram.com\/grifk_elit\/"]},{"@type":"Person","@id":"https:\/\/grifk-handball.com\/miehet\/#\/schema\/person\/9da98c743e3f0f85a1b32f59241b48e0","name":"granimaster","image":{"@type":"ImageObject","inLanguage":"fi","@id":"https:\/\/secure.gravatar.com\/avatar\/034b8e6380fc659c320f13e17fe45bd9ab48a21e2debadd5f3179bde291949df?s=96&d=mm&r=g","url":"https:\/\/secure.gravatar.com\/avatar\/034b8e6380fc659c320f13e17fe45bd9ab48a21e2debadd5f3179bde291949df?s=96&d=mm&r=g","contentUrl":"https:\/\/secure.gravatar.com\/avatar\/034b8e6380fc659c320f13e17fe45bd9ab48a21e2debadd5f3179bde291949df?s=96&d=mm&r=g","caption":"granimaster"},"url":"https:\/\/grifk-handball.com\/miehet\/author\/granimaster\/"}]}},"jetpack_featured_media_url":"https:\/\/i0.wp.com\/grifk-handball.com\/miehet\/wp-content\/uploads\/sites\/2\/2016\/07\/GrIFK-2016-17.jpg?fit=1920%2C1280&ssl=1","jetpack_shortlink":"https:\/\/wp.me\/p9jQ9a-Qr","_links":{"self":[{"href":"https:\/\/grifk-handball.com\/miehet\/wp-json\/wp\/v2\/posts\/3251","targetHints":{"allow":["GET"]}}],"collection":[{"href":"https:\/\/grifk-handball.com\/miehet\/wp-json\/wp\/v2\/posts"}],"about":[{"href":"https:\/\/grifk-handball.com\/miehet\/wp-json\/wp\/v2\/types\/post"}],"author":[{"embeddable":true,"href":"https:\/\/grifk-handball.com\/miehet\/wp-json\/wp\/v2\/users\/1"}],"replies":[{"embeddable":true,"href":"https:\/\/grifk-handball.com\/miehet\/wp-json\/wp\/v2\/comments?post=3251"}],"version-history":[{"count":0,"href":"https:\/\/grifk-handball.com\/miehet\/wp-json\/wp\/v2\/posts\/3251\/revisions"}],"wp:featuredmedia":[{"embeddable":true,"href":"https:\/\/grifk-handball.com\/miehet\/wp-json\/wp\/v2\/media\/2842"}],"wp:attachment":[{"href":"https:\/\/grifk-handball.com\/miehet\/wp-json\/wp\/v2\/media?parent=3251"}],"wp:term":[{"taxonomy":"category","embeddable":true,"href":"https:\/\/grifk-handball.com\/miehet\/wp-json\/wp\/v2\/categories?post=3251"},{"taxonomy":"post_tag","embeddable":true,"href":"https:\/\/grifk-handball.com\/miehet\/wp-json\/wp\/v2\/tags?post=3251"}],"curies":[{"name":"wp","href":"https:\/\/api.w.org\/{rel}","templated":true}]}}