{"id":3271,"date":"2017-03-10T22:16:22","date_gmt":"2017-03-10T20:16:22","guid":{"rendered":"https:\/\/grifk-handball.com\/?p=3271"},"modified":"2017-11-07T14:13:35","modified_gmt":"2017-11-07T12:13:35","slug":"ifk-kamp-igen-denna-gang-helsingfors","status":"publish","type":"post","link":"https:\/\/grifk-handball.com\/miehet\/2016-17\/ennakot-2016-17\/ifk-kamp-igen-denna-gang-helsingfors\/","title":{"rendered":"IFK kamp igen, denna g\u00e5ng i Helsingfors"},"content":{"rendered":"<p>Grankulla IFK \u00e5ker till Helsingfors Idrottshus p\u00e5 l\u00f6rdagen f\u00f6r att spela forts\u00e4ttningsseriens sista bortamatch. En match d\u00e4r slutresultatet inte spelar roll, varken om den slutar med vinst eller f\u00f6rlust. Grankulla har redan s\u00e4krat gruppsegern och Helsingforsarna har inte l\u00e4ngre n\u00e5gon chans f\u00f6r avancemang till slutspel.<!--more--><\/p>\n<p>Helsingfors IFK har inte kommit in sitt spel \u00f6verhuvudtaget i \u00e5r och f\u00e5r n\u00f6ja sig med en sjunde plats i \u00e5rets FM-liga. N\u00e5got de s\u00e4kert inte alls \u00e4r n\u00f6jda med. HIFK rankades av <a href=\"https:\/\/svenska.yle.fi\/artikel\/2016\/09\/08\/fm-ligan-i-handboll-yle-sportens-ranking-infor-sasongen\">Yle<\/a> i b\u00f6rjan av s\u00e4songen till en femteplats efter att v\u00e4rvat n\u00e5gra intressanta nya namn inf\u00f6r s\u00e4songstarten.<\/p>\n<p>GrIFK \u00e5ker till Idrottshuset i Helsingfors med vinst i siktet, det \u00e4r en sj\u00e4lvklarhet. N\u00e5got laget ocks\u00e5 s\u00f6ker \u00e4r en bra helhet till slutspelen och att minimera korta mindre bra sekvenser i matcherna d\u00e5 det inte finns rum med d\u00e5liga sekvenser i slutspelet.<\/p>\n<p><em>&#8221;Idrottshuset \u00e4r alltid en sv\u00e5r plats att spela p\u00e5 och det \u00e4r en betydelsel\u00f6s match f\u00f6r b\u00e4gge lagen. Vi g\u00e5r in i matchen f\u00f6r att f\u00e5 en bra helhet i hela 60 minuter, h\u00e5lla motivatonen och koncentrationen uppe oberoende av situationen, inte tappa stuket som vi gjorde senast hemma mot \u00c5IFK.&#8221; &#8211; Miro Koljonen<\/em><\/p>\n<p>GrIFK har nu ocks\u00e5 m\u00f6jlighet att spara lite p\u00e5 krutet. En sen vinterflunssa har spridit sig \u00f6ver GrIFK l\u00e4gret s\u00e5 ett litet decimerat GrIFK \u00e4r det som spelar mot HIFK. N\u00e5gra spelare \u00e4r ocks\u00e5 borta av personliga sk\u00e4l.<\/p>\n<p><em>&#8221;Vi har haft fokusen p\u00e5 fysik den g\u00e5ngna veckan och s\u00e5klart s\u00e5 \u00e4r v\u00e5ra blickar redan p\u00e5 kvartsfinalerna. Vi kommer till Idrottshuset imorgon med ett r\u00e4tt s\u00e5 tunnt spelarmaterial, men det ska inte \u00e4ndra p\u00e5 n\u00e5got. Vi spelar f\u00f6r att vinna och f\u00f6rb\u00e4ttra v\u00e5rt eget spel inf\u00f6r slutspelet.&#8221; &#8211; Mikko Koskue<\/em><\/p>\n<p>Matchen visslas ig\u00e5ng kl. 16.00 och vi hoppas p\u00e5 att Grankulla-publiken hinner ta sig fr\u00e5n damernas &#8221;vinna eller f\u00f6rsvinna&#8221;-match mot Atlas i Grottan till Idrotthuset f\u00f6re avkast. L\u00e4nken till damernas FB evenemang hittar ni <a href=\"https:\/\/www.facebook.com\/events\/682042422002723\/\">h\u00e4rifr\u00e5n<\/a> och herrarnas <a href=\"https:\/\/www.facebook.com\/events\/1414158958629503\/\">h\u00e4r<\/a>.<\/p>\n","protected":false},"excerpt":{"rendered":"<p>Grankulla IFK \u00e5ker till Helsingfors Idrottshus p\u00e5 l\u00f6rdagen f\u00f6r att spela forts\u00e4ttningsseriens sista bortamatch. En match d\u00e4r slutresultatet inte spelar roll, varken om den slutar med vinst eller f\u00f6rlust. Grankulla har redan s\u00e4krat gruppsegern och Helsingforsarna har inte l\u00e4ngre n\u00e5gon chans f\u00f6r avancemang till slutspel.<\/p>\n","protected":false},"author":1,"featured_media":2806,"comment_status":"closed","ping_status":"open","sticky":false,"template":"","format":"standard","meta":{"_acf_changed":false,"footnotes":""},"categories":[8],"tags":[12,16,25,29,41],"class_list":["post-3271","post","type-post","status-publish","format-standard","has-post-thumbnail","hentry","category-ennakot-2016-17","tag-bombom","tag-alempi-jatkosarja","tag-grifk","tag-hifk","tag-sm-liiga"],"acf":[],"yoast_head":"<!-- This site is optimized with the Yoast SEO plugin v27.5 - https:\/\/yoast.com\/product\/yoast-seo-wordpress\/ -->\n<title>IFK kamp igen, denna g\u00e5ng i Helsingfors &#8212; GrIFK K\u00e4sipallo - miehet<\/title>\n<meta name=\"description\" content=\"Grankulla IFK \u00e5ker till Helsingfors Idrottshus p\u00e5 l\u00f6rdagen f\u00f6r att spela forts\u00e4ttningsseriens sista bortamatch.\" \/>\n<meta name=\"robots\" content=\"index, follow, max-snippet:-1, max-image-preview:large, max-video-preview:-1\" \/>\n<link rel=\"canonical\" href=\"https:\/\/grifk-handball.com\/miehet\/2016-17\/ennakot-2016-17\/ifk-kamp-igen-denna-gang-helsingfors\/\" \/>\n<meta property=\"og:locale\" content=\"fi_FI\" \/>\n<meta property=\"og:type\" content=\"article\" \/>\n<meta property=\"og:title\" content=\"IFK kamp igen, denna g\u00e5ng i Helsingfors &#8212; GrIFK K\u00e4sipallo - miehet\" \/>\n<meta property=\"og:description\" content=\"Grankulla IFK \u00e5ker till Helsingfors Idrottshus p\u00e5 l\u00f6rdagen f\u00f6r att spela forts\u00e4ttningsseriens sista bortamatch.\" \/>\n<meta property=\"og:url\" content=\"https:\/\/grifk-handball.com\/miehet\/2016-17\/ennakot-2016-17\/ifk-kamp-igen-denna-gang-helsingfors\/\" \/>\n<meta property=\"og:site_name\" content=\"GrIFK K\u00e4sipallo - miehet\" \/>\n<meta property=\"article:publisher\" content=\"https:\/\/www.facebook.com\/GrIFKelit\/\" \/>\n<meta property=\"article:published_time\" content=\"2017-03-10T20:16:22+00:00\" \/>\n<meta property=\"article:modified_time\" content=\"2017-11-07T12:13:35+00:00\" \/>\n<meta property=\"og:image\" content=\"https:\/\/i0.wp.com\/grifk-handball.com\/miehet\/wp-content\/uploads\/sites\/2\/2016\/07\/30372795473_735b97eb1a_k.jpg?fit=2048%2C1363&ssl=1\" \/>\n\t<meta property=\"og:image:width\" content=\"2048\" \/>\n\t<meta property=\"og:image:height\" content=\"1363\" \/>\n\t<meta property=\"og:image:type\" content=\"image\/jpeg\" \/>\n<meta name=\"author\" content=\"granimaster\" \/>\n<meta name=\"twitter:card\" content=\"summary_large_image\" \/>\n<meta name=\"twitter:creator\" content=\"@GrIFK_MSM\" \/>\n<meta name=\"twitter:site\" content=\"@GrIFK_MSM\" \/>\n<meta name=\"twitter:label1\" content=\"Kirjoittanut\" \/>\n\t<meta name=\"twitter:data1\" content=\"granimaster\" \/>\n\t<meta name=\"twitter:label2\" content=\"Arvioitu lukuaika\" \/>\n\t<meta name=\"twitter:data2\" content=\"2 minuuttia\" \/>\n<script type=\"application\/ld+json\" class=\"yoast-schema-graph\">{\"@context\":\"https:\\\/\\\/schema.org\",\"@graph\":[{\"@type\":\"Article\",\"@id\":\"https:\\\/\\\/grifk-handball.com\\\/miehet\\\/2016-17\\\/ennakot-2016-17\\\/ifk-kamp-igen-denna-gang-helsingfors\\\/#article\",\"isPartOf\":{\"@id\":\"https:\\\/\\\/grifk-handball.com\\\/miehet\\\/2016-17\\\/ennakot-2016-17\\\/ifk-kamp-igen-denna-gang-helsingfors\\\/\"},\"author\":{\"name\":\"granimaster\",\"@id\":\"https:\\\/\\\/grifk-handball.com\\\/miehet\\\/#\\\/schema\\\/person\\\/9da98c743e3f0f85a1b32f59241b48e0\"},\"headline\":\"IFK kamp igen, denna g\u00e5ng i Helsingfors\",\"datePublished\":\"2017-03-10T20:16:22+00:00\",\"dateModified\":\"2017-11-07T12:13:35+00:00\",\"mainEntityOfPage\":{\"@id\":\"https:\\\/\\\/grifk-handball.com\\\/miehet\\\/2016-17\\\/ennakot-2016-17\\\/ifk-kamp-igen-denna-gang-helsingfors\\\/\"},\"wordCount\":379,\"publisher\":{\"@id\":\"https:\\\/\\\/grifk-handball.com\\\/miehet\\\/#organization\"},\"image\":{\"@id\":\"https:\\\/\\\/grifk-handball.com\\\/miehet\\\/2016-17\\\/ennakot-2016-17\\\/ifk-kamp-igen-denna-gang-helsingfors\\\/#primaryimage\"},\"thumbnailUrl\":\"https:\\\/\\\/i0.wp.com\\\/grifk-handball.com\\\/miehet\\\/wp-content\\\/uploads\\\/sites\\\/2\\\/2016\\\/07\\\/30372795473_735b97eb1a_k.jpg?fit=2048%2C1363&ssl=1\",\"keywords\":[\"#BomBom\",\"Alempi jatkosarja\",\"GrIFK\",\"HIFK\",\"SM-liiga\"],\"articleSection\":[\"Ennakot 2016-17\"],\"inLanguage\":\"fi\"},{\"@type\":\"WebPage\",\"@id\":\"https:\\\/\\\/grifk-handball.com\\\/miehet\\\/2016-17\\\/ennakot-2016-17\\\/ifk-kamp-igen-denna-gang-helsingfors\\\/\",\"url\":\"https:\\\/\\\/grifk-handball.com\\\/miehet\\\/2016-17\\\/ennakot-2016-17\\\/ifk-kamp-igen-denna-gang-helsingfors\\\/\",\"name\":\"IFK kamp igen, denna g\u00e5ng i Helsingfors &#8212; GrIFK K\u00e4sipallo - miehet\",\"isPartOf\":{\"@id\":\"https:\\\/\\\/grifk-handball.com\\\/miehet\\\/#website\"},\"primaryImageOfPage\":{\"@id\":\"https:\\\/\\\/grifk-handball.com\\\/miehet\\\/2016-17\\\/ennakot-2016-17\\\/ifk-kamp-igen-denna-gang-helsingfors\\\/#primaryimage\"},\"image\":{\"@id\":\"https:\\\/\\\/grifk-handball.com\\\/miehet\\\/2016-17\\\/ennakot-2016-17\\\/ifk-kamp-igen-denna-gang-helsingfors\\\/#primaryimage\"},\"thumbnailUrl\":\"https:\\\/\\\/i0.wp.com\\\/grifk-handball.com\\\/miehet\\\/wp-content\\\/uploads\\\/sites\\\/2\\\/2016\\\/07\\\/30372795473_735b97eb1a_k.jpg?fit=2048%2C1363&ssl=1\",\"datePublished\":\"2017-03-10T20:16:22+00:00\",\"dateModified\":\"2017-11-07T12:13:35+00:00\",\"description\":\"Grankulla IFK \u00e5ker till Helsingfors Idrottshus p\u00e5 l\u00f6rdagen f\u00f6r att spela forts\u00e4ttningsseriens sista bortamatch.\",\"breadcrumb\":{\"@id\":\"https:\\\/\\\/grifk-handball.com\\\/miehet\\\/2016-17\\\/ennakot-2016-17\\\/ifk-kamp-igen-denna-gang-helsingfors\\\/#breadcrumb\"},\"inLanguage\":\"fi\",\"potentialAction\":[{\"@type\":\"ReadAction\",\"target\":[\"https:\\\/\\\/grifk-handball.com\\\/miehet\\\/2016-17\\\/ennakot-2016-17\\\/ifk-kamp-igen-denna-gang-helsingfors\\\/\"]}]},{\"@type\":\"ImageObject\",\"inLanguage\":\"fi\",\"@id\":\"https:\\\/\\\/grifk-handball.com\\\/miehet\\\/2016-17\\\/ennakot-2016-17\\\/ifk-kamp-igen-denna-gang-helsingfors\\\/#primaryimage\",\"url\":\"https:\\\/\\\/i0.wp.com\\\/grifk-handball.com\\\/miehet\\\/wp-content\\\/uploads\\\/sites\\\/2\\\/2016\\\/07\\\/30372795473_735b97eb1a_k.jpg?fit=2048%2C1363&ssl=1\",\"contentUrl\":\"https:\\\/\\\/i0.wp.com\\\/grifk-handball.com\\\/miehet\\\/wp-content\\\/uploads\\\/sites\\\/2\\\/2016\\\/07\\\/30372795473_735b97eb1a_k.jpg?fit=2048%2C1363&ssl=1\",\"width\":2048,\"height\":1363},{\"@type\":\"BreadcrumbList\",\"@id\":\"https:\\\/\\\/grifk-handball.com\\\/miehet\\\/2016-17\\\/ennakot-2016-17\\\/ifk-kamp-igen-denna-gang-helsingfors\\\/#breadcrumb\",\"itemListElement\":[{\"@type\":\"ListItem\",\"position\":1,\"name\":\"Home\",\"item\":\"https:\\\/\\\/grifk-handball.com\\\/miehet\\\/etusivu-260109\\\/\"},{\"@type\":\"ListItem\",\"position\":2,\"name\":\"IFK kamp igen, denna g\u00e5ng i Helsingfors\"}]},{\"@type\":\"WebSite\",\"@id\":\"https:\\\/\\\/grifk-handball.com\\\/miehet\\\/#website\",\"url\":\"https:\\\/\\\/grifk-handball.com\\\/miehet\\\/\",\"name\":\"GrIFK K\u00e4sipallo - miehet\",\"description\":\"BomBom!\",\"publisher\":{\"@id\":\"https:\\\/\\\/grifk-handball.com\\\/miehet\\\/#organization\"},\"potentialAction\":[{\"@type\":\"SearchAction\",\"target\":{\"@type\":\"EntryPoint\",\"urlTemplate\":\"https:\\\/\\\/grifk-handball.com\\\/miehet\\\/?s={search_term_string}\"},\"query-input\":{\"@type\":\"PropertyValueSpecification\",\"valueRequired\":true,\"valueName\":\"search_term_string\"}}],\"inLanguage\":\"fi\"},{\"@type\":\"Organization\",\"@id\":\"https:\\\/\\\/grifk-handball.com\\\/miehet\\\/#organization\",\"name\":\"GrIFK K\u00e4sipallo - miehet\",\"url\":\"https:\\\/\\\/grifk-handball.com\\\/miehet\\\/\",\"logo\":{\"@type\":\"ImageObject\",\"inLanguage\":\"fi\",\"@id\":\"https:\\\/\\\/grifk-handball.com\\\/miehet\\\/#\\\/schema\\\/logo\\\/image\\\/\",\"url\":\"https:\\\/\\\/i0.wp.com\\\/grifk-handball.com\\\/miehet\\\/wp-content\\\/uploads\\\/sites\\\/2\\\/2016\\\/10\\\/logo-grifk-iso.png?fit=1200%2C1400&ssl=1\",\"contentUrl\":\"https:\\\/\\\/i0.wp.com\\\/grifk-handball.com\\\/miehet\\\/wp-content\\\/uploads\\\/sites\\\/2\\\/2016\\\/10\\\/logo-grifk-iso.png?fit=1200%2C1400&ssl=1\",\"width\":1200,\"height\":1400,\"caption\":\"GrIFK K\u00e4sipallo - miehet\"},\"image\":{\"@id\":\"https:\\\/\\\/grifk-handball.com\\\/miehet\\\/#\\\/schema\\\/logo\\\/image\\\/\"},\"sameAs\":[\"https:\\\/\\\/www.facebook.com\\\/GrIFKelit\\\/\",\"https:\\\/\\\/x.com\\\/GrIFK_MSM\",\"https:\\\/\\\/www.instagram.com\\\/grifk_elit\\\/\"]},{\"@type\":\"Person\",\"@id\":\"https:\\\/\\\/grifk-handball.com\\\/miehet\\\/#\\\/schema\\\/person\\\/9da98c743e3f0f85a1b32f59241b48e0\",\"name\":\"granimaster\",\"image\":{\"@type\":\"ImageObject\",\"inLanguage\":\"fi\",\"@id\":\"https:\\\/\\\/secure.gravatar.com\\\/avatar\\\/034b8e6380fc659c320f13e17fe45bd9ab48a21e2debadd5f3179bde291949df?s=96&d=mm&r=g\",\"url\":\"https:\\\/\\\/secure.gravatar.com\\\/avatar\\\/034b8e6380fc659c320f13e17fe45bd9ab48a21e2debadd5f3179bde291949df?s=96&d=mm&r=g\",\"contentUrl\":\"https:\\\/\\\/secure.gravatar.com\\\/avatar\\\/034b8e6380fc659c320f13e17fe45bd9ab48a21e2debadd5f3179bde291949df?s=96&d=mm&r=g\",\"caption\":\"granimaster\"},\"url\":\"https:\\\/\\\/grifk-handball.com\\\/miehet\\\/author\\\/granimaster\\\/\"}]}<\/script>\n<!-- \/ Yoast SEO plugin. -->","yoast_head_json":{"title":"IFK kamp igen, denna g\u00e5ng i Helsingfors &#8212; GrIFK K\u00e4sipallo - miehet","description":"Grankulla IFK \u00e5ker till Helsingfors Idrottshus p\u00e5 l\u00f6rdagen f\u00f6r att spela forts\u00e4ttningsseriens sista bortamatch.","robots":{"index":"index","follow":"follow","max-snippet":"max-snippet:-1","max-image-preview":"max-image-preview:large","max-video-preview":"max-video-preview:-1"},"canonical":"https:\/\/grifk-handball.com\/miehet\/2016-17\/ennakot-2016-17\/ifk-kamp-igen-denna-gang-helsingfors\/","og_locale":"fi_FI","og_type":"article","og_title":"IFK kamp igen, denna g\u00e5ng i Helsingfors &#8212; GrIFK K\u00e4sipallo - miehet","og_description":"Grankulla IFK \u00e5ker till Helsingfors Idrottshus p\u00e5 l\u00f6rdagen f\u00f6r att spela forts\u00e4ttningsseriens sista bortamatch.","og_url":"https:\/\/grifk-handball.com\/miehet\/2016-17\/ennakot-2016-17\/ifk-kamp-igen-denna-gang-helsingfors\/","og_site_name":"GrIFK K\u00e4sipallo - miehet","article_publisher":"https:\/\/www.facebook.com\/GrIFKelit\/","article_published_time":"2017-03-10T20:16:22+00:00","article_modified_time":"2017-11-07T12:13:35+00:00","og_image":[{"width":2048,"height":1363,"url":"https:\/\/i0.wp.com\/grifk-handball.com\/miehet\/wp-content\/uploads\/sites\/2\/2016\/07\/30372795473_735b97eb1a_k.jpg?fit=2048%2C1363&ssl=1","type":"image\/jpeg"}],"author":"granimaster","twitter_card":"summary_large_image","twitter_creator":"@GrIFK_MSM","twitter_site":"@GrIFK_MSM","twitter_misc":{"Kirjoittanut":"granimaster","Arvioitu lukuaika":"2 minuuttia"},"schema":{"@context":"https:\/\/schema.org","@graph":[{"@type":"Article","@id":"https:\/\/grifk-handball.com\/miehet\/2016-17\/ennakot-2016-17\/ifk-kamp-igen-denna-gang-helsingfors\/#article","isPartOf":{"@id":"https:\/\/grifk-handball.com\/miehet\/2016-17\/ennakot-2016-17\/ifk-kamp-igen-denna-gang-helsingfors\/"},"author":{"name":"granimaster","@id":"https:\/\/grifk-handball.com\/miehet\/#\/schema\/person\/9da98c743e3f0f85a1b32f59241b48e0"},"headline":"IFK kamp igen, denna g\u00e5ng i Helsingfors","datePublished":"2017-03-10T20:16:22+00:00","dateModified":"2017-11-07T12:13:35+00:00","mainEntityOfPage":{"@id":"https:\/\/grifk-handball.com\/miehet\/2016-17\/ennakot-2016-17\/ifk-kamp-igen-denna-gang-helsingfors\/"},"wordCount":379,"publisher":{"@id":"https:\/\/grifk-handball.com\/miehet\/#organization"},"image":{"@id":"https:\/\/grifk-handball.com\/miehet\/2016-17\/ennakot-2016-17\/ifk-kamp-igen-denna-gang-helsingfors\/#primaryimage"},"thumbnailUrl":"https:\/\/i0.wp.com\/grifk-handball.com\/miehet\/wp-content\/uploads\/sites\/2\/2016\/07\/30372795473_735b97eb1a_k.jpg?fit=2048%2C1363&ssl=1","keywords":["#BomBom","Alempi jatkosarja","GrIFK","HIFK","SM-liiga"],"articleSection":["Ennakot 2016-17"],"inLanguage":"fi"},{"@type":"WebPage","@id":"https:\/\/grifk-handball.com\/miehet\/2016-17\/ennakot-2016-17\/ifk-kamp-igen-denna-gang-helsingfors\/","url":"https:\/\/grifk-handball.com\/miehet\/2016-17\/ennakot-2016-17\/ifk-kamp-igen-denna-gang-helsingfors\/","name":"IFK kamp igen, denna g\u00e5ng i Helsingfors &#8212; GrIFK K\u00e4sipallo - miehet","isPartOf":{"@id":"https:\/\/grifk-handball.com\/miehet\/#website"},"primaryImageOfPage":{"@id":"https:\/\/grifk-handball.com\/miehet\/2016-17\/ennakot-2016-17\/ifk-kamp-igen-denna-gang-helsingfors\/#primaryimage"},"image":{"@id":"https:\/\/grifk-handball.com\/miehet\/2016-17\/ennakot-2016-17\/ifk-kamp-igen-denna-gang-helsingfors\/#primaryimage"},"thumbnailUrl":"https:\/\/i0.wp.com\/grifk-handball.com\/miehet\/wp-content\/uploads\/sites\/2\/2016\/07\/30372795473_735b97eb1a_k.jpg?fit=2048%2C1363&ssl=1","datePublished":"2017-03-10T20:16:22+00:00","dateModified":"2017-11-07T12:13:35+00:00","description":"Grankulla IFK \u00e5ker till Helsingfors Idrottshus p\u00e5 l\u00f6rdagen f\u00f6r att spela forts\u00e4ttningsseriens sista bortamatch.","breadcrumb":{"@id":"https:\/\/grifk-handball.com\/miehet\/2016-17\/ennakot-2016-17\/ifk-kamp-igen-denna-gang-helsingfors\/#breadcrumb"},"inLanguage":"fi","potentialAction":[{"@type":"ReadAction","target":["https:\/\/grifk-handball.com\/miehet\/2016-17\/ennakot-2016-17\/ifk-kamp-igen-denna-gang-helsingfors\/"]}]},{"@type":"ImageObject","inLanguage":"fi","@id":"https:\/\/grifk-handball.com\/miehet\/2016-17\/ennakot-2016-17\/ifk-kamp-igen-denna-gang-helsingfors\/#primaryimage","url":"https:\/\/i0.wp.com\/grifk-handball.com\/miehet\/wp-content\/uploads\/sites\/2\/2016\/07\/30372795473_735b97eb1a_k.jpg?fit=2048%2C1363&ssl=1","contentUrl":"https:\/\/i0.wp.com\/grifk-handball.com\/miehet\/wp-content\/uploads\/sites\/2\/2016\/07\/30372795473_735b97eb1a_k.jpg?fit=2048%2C1363&ssl=1","width":2048,"height":1363},{"@type":"BreadcrumbList","@id":"https:\/\/grifk-handball.com\/miehet\/2016-17\/ennakot-2016-17\/ifk-kamp-igen-denna-gang-helsingfors\/#breadcrumb","itemListElement":[{"@type":"ListItem","position":1,"name":"Home","item":"https:\/\/grifk-handball.com\/miehet\/etusivu-260109\/"},{"@type":"ListItem","position":2,"name":"IFK kamp igen, denna g\u00e5ng i Helsingfors"}]},{"@type":"WebSite","@id":"https:\/\/grifk-handball.com\/miehet\/#website","url":"https:\/\/grifk-handball.com\/miehet\/","name":"GrIFK K\u00e4sipallo - miehet","description":"BomBom!","publisher":{"@id":"https:\/\/grifk-handball.com\/miehet\/#organization"},"potentialAction":[{"@type":"SearchAction","target":{"@type":"EntryPoint","urlTemplate":"https:\/\/grifk-handball.com\/miehet\/?s={search_term_string}"},"query-input":{"@type":"PropertyValueSpecification","valueRequired":true,"valueName":"search_term_string"}}],"inLanguage":"fi"},{"@type":"Organization","@id":"https:\/\/grifk-handball.com\/miehet\/#organization","name":"GrIFK K\u00e4sipallo - miehet","url":"https:\/\/grifk-handball.com\/miehet\/","logo":{"@type":"ImageObject","inLanguage":"fi","@id":"https:\/\/grifk-handball.com\/miehet\/#\/schema\/logo\/image\/","url":"https:\/\/i0.wp.com\/grifk-handball.com\/miehet\/wp-content\/uploads\/sites\/2\/2016\/10\/logo-grifk-iso.png?fit=1200%2C1400&ssl=1","contentUrl":"https:\/\/i0.wp.com\/grifk-handball.com\/miehet\/wp-content\/uploads\/sites\/2\/2016\/10\/logo-grifk-iso.png?fit=1200%2C1400&ssl=1","width":1200,"height":1400,"caption":"GrIFK K\u00e4sipallo - miehet"},"image":{"@id":"https:\/\/grifk-handball.com\/miehet\/#\/schema\/logo\/image\/"},"sameAs":["https:\/\/www.facebook.com\/GrIFKelit\/","https:\/\/x.com\/GrIFK_MSM","https:\/\/www.instagram.com\/grifk_elit\/"]},{"@type":"Person","@id":"https:\/\/grifk-handball.com\/miehet\/#\/schema\/person\/9da98c743e3f0f85a1b32f59241b48e0","name":"granimaster","image":{"@type":"ImageObject","inLanguage":"fi","@id":"https:\/\/secure.gravatar.com\/avatar\/034b8e6380fc659c320f13e17fe45bd9ab48a21e2debadd5f3179bde291949df?s=96&d=mm&r=g","url":"https:\/\/secure.gravatar.com\/avatar\/034b8e6380fc659c320f13e17fe45bd9ab48a21e2debadd5f3179bde291949df?s=96&d=mm&r=g","contentUrl":"https:\/\/secure.gravatar.com\/avatar\/034b8e6380fc659c320f13e17fe45bd9ab48a21e2debadd5f3179bde291949df?s=96&d=mm&r=g","caption":"granimaster"},"url":"https:\/\/grifk-handball.com\/miehet\/author\/granimaster\/"}]}},"jetpack_featured_media_url":"https:\/\/i0.wp.com\/grifk-handball.com\/miehet\/wp-content\/uploads\/sites\/2\/2016\/07\/30372795473_735b97eb1a_k.jpg?fit=2048%2C1363&ssl=1","jetpack_shortlink":"https:\/\/wp.me\/p9jQ9a-QL","_links":{"self":[{"href":"https:\/\/grifk-handball.com\/miehet\/wp-json\/wp\/v2\/posts\/3271","targetHints":{"allow":["GET"]}}],"collection":[{"href":"https:\/\/grifk-handball.com\/miehet\/wp-json\/wp\/v2\/posts"}],"about":[{"href":"https:\/\/grifk-handball.com\/miehet\/wp-json\/wp\/v2\/types\/post"}],"author":[{"embeddable":true,"href":"https:\/\/grifk-handball.com\/miehet\/wp-json\/wp\/v2\/users\/1"}],"replies":[{"embeddable":true,"href":"https:\/\/grifk-handball.com\/miehet\/wp-json\/wp\/v2\/comments?post=3271"}],"version-history":[{"count":0,"href":"https:\/\/grifk-handball.com\/miehet\/wp-json\/wp\/v2\/posts\/3271\/revisions"}],"wp:featuredmedia":[{"embeddable":true,"href":"https:\/\/grifk-handball.com\/miehet\/wp-json\/wp\/v2\/media\/2806"}],"wp:attachment":[{"href":"https:\/\/grifk-handball.com\/miehet\/wp-json\/wp\/v2\/media?parent=3271"}],"wp:term":[{"taxonomy":"category","embeddable":true,"href":"https:\/\/grifk-handball.com\/miehet\/wp-json\/wp\/v2\/categories?post=3271"},{"taxonomy":"post_tag","embeddable":true,"href":"https:\/\/grifk-handball.com\/miehet\/wp-json\/wp\/v2\/tags?post=3271"}],"curies":[{"name":"wp","href":"https:\/\/api.w.org\/{rel}","templated":true}]}}