{"id":3569,"date":"2017-05-11T14:56:32","date_gmt":"2017-05-11T11:56:32","guid":{"rendered":"https:\/\/grifk-handball.com\/?p=3569"},"modified":"2017-11-07T14:13:30","modified_gmt":"2017-11-07T12:13:30","slug":"grifks-sasong-varken-hojdare-eller-flopp","status":"publish","type":"post","link":"https:\/\/grifk-handball.com\/miehet\/2016-17\/ottelut-2016-17\/grifks-sasong-varken-hojdare-eller-flopp\/","title":{"rendered":"GrIFK:s s\u00e4song varken h\u00f6jdare eller flopp"},"content":{"rendered":"<p>GrIFK tog sin f\u00f6rsta medalj p\u00e5 herr-FM niv\u00e5 sedan v\u00e5ren 2000 d\u00e5 de besegrade SIF i ett dubbelm\u00f6te med slutresultatet <a href=\"https:\/\/tulospalvelu.finnhandball.net\/taso\/ottelu.php?otteluid=457840\">54-50<\/a>. GrIFK f\u00f6rlorade den f\u00f6rsta drabbningen p\u00e5 Folksam Arena i Sjunde\u00e5 med tv\u00e5 bollar men var sex bollar b\u00e4ttre i Grottan.<\/p>\n<p>En r\u00e4tt s\u00e5 lyckad s\u00e4song led mot sitt slut men fin st\u00e4mning i Grankulla Grottan d\u00e5 ca. 700st anh\u00e4ngare fr\u00e5n Grankulla och Sjunde\u00e5 bevittnade n\u00e4r GrIFK tog sig tillbaka till medaljpallen summerar <strong>GrIFK:s manager Kristoffer Aspelin<\/strong><!--more--><\/p>\n<p><strong><em>GrIFK:s s\u00e4song i ett n\u00f6tskal<\/em><\/strong><\/p>\n<p>Vi \u00e4r helt n\u00f6jda med s\u00e4songen i sin helhet och killarna orkade h\u00e5lla fokuset uppe s\u00e5 gott som hela s\u00e4songen trots lite motg\u00e5ngar. Sm\u00e5skador p\u00e5 nyckelspelare lade k\u00e4ppar i hjulen \u00e5t oss men som tur s\u00e5 hade vi s\u00e5pass bra bredd i laget att vi kunde vinna bronset till slut samt pressa \u00f6verl\u00e4gsna Cocks i Finska cupens final, utan d\u00e5varande interna skyttekungen <strong>Topias Laine<\/strong>, som blev p\u00e5 sidan resten av s\u00e4songen pga. kn\u00e4skada och ocks\u00e5 utan rutinerade landslagsmannen <strong>Richard Sundberg<\/strong>. D\u00e5 visade killarna vad det betyder att vara en del av ett lag &#8211; vi \u00e4r alla en och vi spelar f\u00f6r Grankulla. Tyv\u00e4rr r\u00e4ckte det inte hela v\u00e4gen, men det beskriver lagets mentalitet. En eloge till unge m\u00e5lvakten <strong>Atte Pakarinen<\/strong>, \u00e5rets f\u00f6rstem\u00e5lvakt som fick n\u00f6ja sig med str\u00f6minuter ifjol. Han fick se sig i spegeln och konstatera att han i blinket av ett \u00f6ga var lagets f\u00f6rsta m\u00e5lvakt d\u00e5 Albert Georgs drabbats av en l\u00e5ngvarande kn\u00e4skada och Stefan Thilman hade lagt skorna f\u00f6r stunden p\u00e5 hyllan.<\/p>\n<p>Efter ett svidande kryss mot BK-46 i grundseriens sista hemmamatch var GrIFK tvungna att spela i den nedre forts\u00e4ttningsserien. D\u00e4r var vi i en klass f\u00f6r oss sj\u00e4lva och gick vidare p\u00e5 rent spel till slutspelet mot Atlas Vanda, vilket visade sig vara riktigt handbollsgodis, \u00e5tminstone ur publikens synvinkel. Visst var vi n\u00f6jda och stolta \u00f6ver den sm\u00e5tt otroliga v\u00e4ndningen vi gjorde mot Atlas, men spelet var gnaggligt och att g\u00e5 till semifinal mot ett formstarkt BK-46 med ett gnaggligt spel i bakfickan gav oss inte det sj\u00e4lvf\u00f6rtroendet vi beh\u00f6vde trots de tre raka vinsterna. Kanske vi blev lite \u00f6verraskade av det lite h\u00e5rdare motst\u00e5ndet som Atlas kom till spel med j\u00e4mf\u00f6rt med vad<\/p>\n<div id=\"attachment_3502\" style=\"width: 358px\" class=\"wp-caption alignright\"><a href=\"https:\/\/i0.wp.com\/grifk-handball.com\/wp-content\/uploads\/2017\/04\/bkgranirapp.jpg?ssl=1\"><img data-recalc-dims=\"1\" loading=\"lazy\" decoding=\"async\" aria-describedby=\"caption-attachment-3502\" class=\"wp-image-3502\" src=\"https:\/\/i0.wp.com\/grifk-handball.com\/wp-content\/uploads\/2017\/04\/bkgranirapp.jpg?resize=348%2C261&#038;ssl=1\" alt=\"\" width=\"348\" height=\"261\" srcset=\"https:\/\/i0.wp.com\/grifk-handball.com\/miehet\/wp-content\/uploads\/sites\/2\/2017\/04\/bkgranirapp.jpg?w=960&amp;ssl=1 960w, https:\/\/i0.wp.com\/grifk-handball.com\/miehet\/wp-content\/uploads\/sites\/2\/2017\/04\/bkgranirapp.jpg?resize=300%2C225&amp;ssl=1 300w, https:\/\/i0.wp.com\/grifk-handball.com\/miehet\/wp-content\/uploads\/sites\/2\/2017\/04\/bkgranirapp.jpg?resize=768%2C576&amp;ssl=1 768w, https:\/\/i0.wp.com\/grifk-handball.com\/miehet\/wp-content\/uploads\/sites\/2\/2017\/04\/bkgranirapp.jpg?resize=705%2C529&amp;ssl=1 705w, https:\/\/i0.wp.com\/grifk-handball.com\/miehet\/wp-content\/uploads\/sites\/2\/2017\/04\/bkgranirapp.jpg?resize=450%2C338&amp;ssl=1 450w\" sizes=\"auto, (max-width: 348px) 100vw, 348px\" \/><\/a><p id=\"caption-attachment-3502\" class=\"wp-caption-text\">Grottan var flere g\u00e5nger n\u00e4stan fullsatt under v\u00e5ren.<\/p><\/div>\n<p>vi m\u00f6de m\u00f6tt i nedre forts\u00e4ttningsserien? Hade vi jackan \u00f6ppen d\u00e5 vi m\u00f6tte det omdiskuterade \u00f6verraskningslaget som bara hade ett bra flyt p\u00e5 g\u00e5ng? Vem vet? En sak var s\u00e4ker, och det var att v\u00e5r r\u00f6da tr\u00e5d var sp\u00e5rl\u00f6st f\u00f6rsvunnen. Efter h\u00e5rt arbete, dedikation, tron p\u00e5 oss sj\u00e4lva och det otroligt fina publikst\u00f6det som Grankulla anh\u00e4ngarna gav oss, speciellt i det sista m\u00f6tet i Myrbacka hittade vi tillbaka och fullbordade matchserien.<\/p>\n<p>I semifinalen mot BK-46 m\u00e5ste vi bara konstatera att r\u00e4tt lag gick vidare. BK-46 \u00e4r som p\u00e5nyttf\u00f6dda i handbollen och allt det g\u00f6r f\u00f6r tillf\u00e4llet har en tanke bakom sig, ingen skillnad om vi pratar om det spelm\u00e4ssiga eller saker p\u00e5 f\u00f6reningsniv\u00e5. Att den sm\u00e5tt kinkiga Karis-publiken vaknat till liv igen efter en tio \u00e5rs dvala \u00e4r en fr\u00f6jd f\u00f6r \u00f6gonen och hela handbollsfinland, detsamma g\u00e4ller ocks\u00e5 f\u00f6r den delen i Sjunde\u00e5 d\u00e4r deras nya Folksam Arena har gett dem en ny boom. Fr\u00e5n GrIFK:s v\u00e4gnar vill vi rikta ett tack till BK-46:s bakgrundspersoner som gjorde semifinalserien till en fr\u00f6jd ocks\u00e5 p\u00e5 f\u00f6reningsniv\u00e5. F\u00f6rbest\u00e4llda biljetter f\u00f6r det g\u00e4stande supportrarna, reserverade platser p\u00e5 l\u00e4ktaren f\u00f6r g\u00e4stsupportrarna och i \u00f6verlag en bra st\u00e4mning utanf\u00f6r planen. Det v\u00e4r ett tecken p\u00e5 att d\u00e5 tv\u00e5 f\u00f6reningar som \u00e4r moderna i sina tankeg\u00e5ngar, verkligen kan p\u00e5verka st\u00e4mningen ocks\u00e5 p\u00e5 l\u00e4ktaren och f\u00e5 allting att bli en stor handbollsfest, oberoende av om man \u00e4r g\u00e4stande- eller hemmasupporter. S\u00e5h\u00e4r fungerar det ute i den stora v\u00e4rlden ocks\u00e5, i alla dess sporter. I matchserien gick BK-46 vidare med 3-0 i vinster, och som tidigare redan n\u00e4mnt s\u00e5 var BK-46 det r\u00e4tta laget att g\u00e5 vidare. Det som lite blev och f\u00f6rbarma oss h\u00e4r var att vi inte kunde vinna en enda match mot dem, det tycker vi att vi hade f\u00f6rtj\u00e4nat. I f\u00f6rsta matchen stod vi p\u00e5 h\u00e4larna och var fortfarande lite tr\u00f6tta i benen efter den l\u00e5nga matchserien mot Atlas, men i de tv\u00e5 andra matcherna var vi riktigt n\u00e4ra.<\/p>\n<p><em><strong>Intern statistik f\u00f6r GrIFK s\u00e4songen 2016-17 (endast FM-ligan)<\/strong><\/em><\/p>\n<p><strong>M\u00e5lg\u00f6rare topp fem:<\/strong><\/p>\n<div id=\"attachment_3417\" style=\"width: 189px\" class=\"wp-caption alignright\"><img data-recalc-dims=\"1\" loading=\"lazy\" decoding=\"async\" aria-describedby=\"caption-attachment-3417\" class=\"wp-image-3417\" src=\"https:\/\/i0.wp.com\/grifk-handball.com\/wp-content\/uploads\/2017\/04\/STEN-TOOMLA.jpg?resize=179%2C269&#038;ssl=1\" alt=\"\" width=\"179\" height=\"269\" \/><p id=\"caption-attachment-3417\" class=\"wp-caption-text\">Sten Toomla vann den interna skytteligan med 152 m\u00e5l.<\/p><\/div>\n<p>1. Sten Toomla, <em>152 m\u00e5l p\u00e5 34 matcher<\/em><br \/>\n2. Richard Sundberg, <em>151 m\u00e5l p\u00e5 27 matcher<\/em><br \/>\n3. Fredrik Forss, <em>108 m\u00e5l p\u00e5 34 matcher<\/em><br \/>\n4. Alexander von Numers, <em>102 m\u00e5l p\u00e5 31 matcher<\/em><br \/>\n5. Sami Silfver,<em> 90 m\u00e5l p\u00e5 29 matcher<\/em><\/p>\n<p><strong>Sjumeterskast topp tre:<\/strong><\/p>\n<p>1. Sten Toomla, <em>25 m\u00e5l (76%)<\/em><br \/>\n2. Sami Silfver, <em>24 m\u00e5l (77%)<\/em><br \/>\n3. Richard Sundberg,<em> 9 m\u00e5l (82%)<\/em><\/p>\n<p><strong>M\u00e5lvakternas statistik:<\/strong><\/p>\n<p>&#8211; Atte Pakarinen,<em> 34 matcher, 355 r\u00e4ddningar, 744 insl\u00e4ppta, r\u00e4ddningsprocent 34,68%<\/em><br \/>\n&#8211; Stefan Thilman, <em>8 matcher, 24 r\u00e4ddningar, 47 insl\u00e4ppta, r\u00e4ddningsprocent 33,80%<\/em><br \/>\n&#8211; Axel Rehnberg, <em>8 matcher, 21 r\u00e4ddningar, 55 insl\u00e4ppta, r\u00e4ddningsprocent 27,63%<\/em><br \/>\n&#8211; Emil Carlander, <em>4 matcher, 18 r\u00e4ddningar, 34 insl\u00e4ppta, r\u00e4ddningsprocent 34,62% <\/em><\/p>\n<p>S\u00e5 f\u00f6r att summera upp s\u00e4songen 2016-17 kan vi nog s\u00e4ga att vi \u00e4r riktigt n\u00f6jda trots att v\u00e5r m\u00e5ls\u00e4ttning var att spela final i \u00e5r. Nu har en del av killarna varit med landslaget och resten har h\u00e5llt paus. Inom kort drar vi ig\u00e5ng med off-season tr\u00e4ningen och lagbygget inf\u00f6r n\u00e4sta s\u00e4song samt planeringen av <a href=\"https:\/\/grifk-handball.com\/camp\/\">GrIFK Elit Summer Camp<\/a>. N\u00e5gra fr\u00e5getecken inom laget finns det och eventuella v\u00e4rvningar fr\u00e5n utanf\u00f6r klubbens gr\u00e4nser \u00e4r inte heller om\u00f6jliga. Vi kommer att h\u00e5lla er up-to-date och presentera nyheterna h\u00e4r p\u00e5 sidan om, n\u00e4r eller d\u00e5 n\u00e5got blir aktuellt.<\/p>\n","protected":false},"excerpt":{"rendered":"<p>GrIFK tog sin f\u00f6rsta medalj p\u00e5 herr-FM niv\u00e5 sedan v\u00e5ren 2000 d\u00e5 de besegrade SIF i ett dubbelm\u00f6te med slutresultatet 54-50. GrIFK f\u00f6rlorade den f\u00f6rsta drabbningen p\u00e5 Folksam Arena i Sjunde\u00e5 med tv\u00e5 bollar men var sex bollar b\u00e4ttre i Grottan. En r\u00e4tt s\u00e5 lyckad s\u00e4song led mot sitt slut men fin st\u00e4mning i Grankulla [&hellip;]<\/p>\n","protected":false},"author":1,"featured_media":3548,"comment_status":"closed","ping_status":"open","sticky":false,"template":"","format":"standard","meta":{"_acf_changed":false,"footnotes":""},"categories":[5,7],"tags":[12,13,17,18,25,14,37,39,41,46,48],"class_list":["post-3569","post","type-post","status-publish","format-standard","has-post-thumbnail","hentry","category-ottelut-2016-17","category-uutiset","tag-bombom","tag-nevergiveup","tag-atlas-vantaa","tag-bk-46","tag-grifk","tag-pronssiottelu","tag-puolivaliera","tag-sif","tag-sm-liiga","tag-valiera","tag-yhteisollisyys"],"acf":[],"yoast_head":"<!-- This site is optimized with the Yoast SEO plugin v27.5 - https:\/\/yoast.com\/product\/yoast-seo-wordpress\/ -->\n<title>GrIFK:s s\u00e4song varken h\u00f6jdare eller flopp &#8212; GrIFK K\u00e4sipallo - miehet<\/title>\n<meta name=\"description\" content=\"GrIFK tog sin f\u00f6rsta medalj p\u00e5 FM niv\u00e5 sedan v\u00e5ren 2000 d\u00e5 de besegrade SIF i ett dubbelm\u00f6te med slutresultatet 54-50.\" \/>\n<meta name=\"robots\" content=\"index, follow, max-snippet:-1, max-image-preview:large, max-video-preview:-1\" \/>\n<link rel=\"canonical\" href=\"https:\/\/grifk-handball.com\/miehet\/2016-17\/ottelut-2016-17\/grifks-sasong-varken-hojdare-eller-flopp\/\" \/>\n<meta property=\"og:locale\" content=\"fi_FI\" \/>\n<meta property=\"og:type\" content=\"article\" \/>\n<meta property=\"og:title\" content=\"GrIFK:s s\u00e4song varken h\u00f6jdare eller flopp &#8212; GrIFK K\u00e4sipallo - miehet\" \/>\n<meta property=\"og:description\" content=\"GrIFK tog sin f\u00f6rsta medalj p\u00e5 FM niv\u00e5 sedan v\u00e5ren 2000 d\u00e5 de besegrade SIF i ett dubbelm\u00f6te med slutresultatet 54-50.\" \/>\n<meta property=\"og:url\" content=\"https:\/\/grifk-handball.com\/miehet\/2016-17\/ottelut-2016-17\/grifks-sasong-varken-hojdare-eller-flopp\/\" \/>\n<meta property=\"og:site_name\" content=\"GrIFK K\u00e4sipallo - miehet\" \/>\n<meta property=\"article:publisher\" content=\"https:\/\/www.facebook.com\/GrIFKelit\/\" \/>\n<meta property=\"article:published_time\" content=\"2017-05-11T11:56:32+00:00\" \/>\n<meta property=\"article:modified_time\" content=\"2017-11-07T12:13:30+00:00\" \/>\n<meta property=\"og:image\" content=\"https:\/\/i0.wp.com\/grifk-handball.com\/miehet\/wp-content\/uploads\/sites\/2\/2016\/07\/PIC_1557.jpg?fit=1600%2C725&ssl=1\" \/>\n\t<meta property=\"og:image:width\" content=\"1600\" \/>\n\t<meta property=\"og:image:height\" content=\"725\" \/>\n\t<meta property=\"og:image:type\" content=\"image\/jpeg\" \/>\n<meta name=\"author\" content=\"granimaster\" \/>\n<meta name=\"twitter:card\" content=\"summary_large_image\" \/>\n<meta name=\"twitter:creator\" content=\"@GrIFK_MSM\" \/>\n<meta name=\"twitter:site\" content=\"@GrIFK_MSM\" \/>\n<meta name=\"twitter:label1\" content=\"Kirjoittanut\" \/>\n\t<meta name=\"twitter:data1\" content=\"granimaster\" \/>\n\t<meta name=\"twitter:label2\" content=\"Arvioitu lukuaika\" \/>\n\t<meta name=\"twitter:data2\" content=\"5 minuuttia\" \/>\n<script type=\"application\/ld+json\" class=\"yoast-schema-graph\">{\"@context\":\"https:\\\/\\\/schema.org\",\"@graph\":[{\"@type\":\"Article\",\"@id\":\"https:\\\/\\\/grifk-handball.com\\\/miehet\\\/2016-17\\\/ottelut-2016-17\\\/grifks-sasong-varken-hojdare-eller-flopp\\\/#article\",\"isPartOf\":{\"@id\":\"https:\\\/\\\/grifk-handball.com\\\/miehet\\\/2016-17\\\/ottelut-2016-17\\\/grifks-sasong-varken-hojdare-eller-flopp\\\/\"},\"author\":{\"name\":\"granimaster\",\"@id\":\"https:\\\/\\\/grifk-handball.com\\\/miehet\\\/#\\\/schema\\\/person\\\/9da98c743e3f0f85a1b32f59241b48e0\"},\"headline\":\"GrIFK:s s\u00e4song varken h\u00f6jdare eller flopp\",\"datePublished\":\"2017-05-11T11:56:32+00:00\",\"dateModified\":\"2017-11-07T12:13:30+00:00\",\"mainEntityOfPage\":{\"@id\":\"https:\\\/\\\/grifk-handball.com\\\/miehet\\\/2016-17\\\/ottelut-2016-17\\\/grifks-sasong-varken-hojdare-eller-flopp\\\/\"},\"wordCount\":1077,\"publisher\":{\"@id\":\"https:\\\/\\\/grifk-handball.com\\\/miehet\\\/#organization\"},\"image\":{\"@id\":\"https:\\\/\\\/grifk-handball.com\\\/miehet\\\/2016-17\\\/ottelut-2016-17\\\/grifks-sasong-varken-hojdare-eller-flopp\\\/#primaryimage\"},\"thumbnailUrl\":\"https:\\\/\\\/i0.wp.com\\\/grifk-handball.com\\\/miehet\\\/wp-content\\\/uploads\\\/sites\\\/2\\\/2016\\\/07\\\/PIC_1557.jpg?fit=1600%2C725&ssl=1\",\"keywords\":[\"#BomBom\",\"#NeverGiveUp\",\"Atlas Vantaa\",\"BK-46\",\"GrIFK\",\"Pronssiottelu\",\"Puoliv\u00e4lier\u00e4\",\"SIF\",\"SM-liiga\",\"V\u00e4lier\u00e4\",\"Yhteis\u00f6llisyys\"],\"articleSection\":[\"Ottelut 2016-17\",\"Uutiset\"],\"inLanguage\":\"fi\"},{\"@type\":\"WebPage\",\"@id\":\"https:\\\/\\\/grifk-handball.com\\\/miehet\\\/2016-17\\\/ottelut-2016-17\\\/grifks-sasong-varken-hojdare-eller-flopp\\\/\",\"url\":\"https:\\\/\\\/grifk-handball.com\\\/miehet\\\/2016-17\\\/ottelut-2016-17\\\/grifks-sasong-varken-hojdare-eller-flopp\\\/\",\"name\":\"GrIFK:s s\u00e4song varken h\u00f6jdare eller flopp &#8212; GrIFK K\u00e4sipallo - miehet\",\"isPartOf\":{\"@id\":\"https:\\\/\\\/grifk-handball.com\\\/miehet\\\/#website\"},\"primaryImageOfPage\":{\"@id\":\"https:\\\/\\\/grifk-handball.com\\\/miehet\\\/2016-17\\\/ottelut-2016-17\\\/grifks-sasong-varken-hojdare-eller-flopp\\\/#primaryimage\"},\"image\":{\"@id\":\"https:\\\/\\\/grifk-handball.com\\\/miehet\\\/2016-17\\\/ottelut-2016-17\\\/grifks-sasong-varken-hojdare-eller-flopp\\\/#primaryimage\"},\"thumbnailUrl\":\"https:\\\/\\\/i0.wp.com\\\/grifk-handball.com\\\/miehet\\\/wp-content\\\/uploads\\\/sites\\\/2\\\/2016\\\/07\\\/PIC_1557.jpg?fit=1600%2C725&ssl=1\",\"datePublished\":\"2017-05-11T11:56:32+00:00\",\"dateModified\":\"2017-11-07T12:13:30+00:00\",\"description\":\"GrIFK tog sin f\u00f6rsta medalj p\u00e5 FM niv\u00e5 sedan v\u00e5ren 2000 d\u00e5 de besegrade SIF i ett dubbelm\u00f6te med slutresultatet 54-50.\",\"breadcrumb\":{\"@id\":\"https:\\\/\\\/grifk-handball.com\\\/miehet\\\/2016-17\\\/ottelut-2016-17\\\/grifks-sasong-varken-hojdare-eller-flopp\\\/#breadcrumb\"},\"inLanguage\":\"fi\",\"potentialAction\":[{\"@type\":\"ReadAction\",\"target\":[\"https:\\\/\\\/grifk-handball.com\\\/miehet\\\/2016-17\\\/ottelut-2016-17\\\/grifks-sasong-varken-hojdare-eller-flopp\\\/\"]}]},{\"@type\":\"ImageObject\",\"inLanguage\":\"fi\",\"@id\":\"https:\\\/\\\/grifk-handball.com\\\/miehet\\\/2016-17\\\/ottelut-2016-17\\\/grifks-sasong-varken-hojdare-eller-flopp\\\/#primaryimage\",\"url\":\"https:\\\/\\\/i0.wp.com\\\/grifk-handball.com\\\/miehet\\\/wp-content\\\/uploads\\\/sites\\\/2\\\/2016\\\/07\\\/PIC_1557.jpg?fit=1600%2C725&ssl=1\",\"contentUrl\":\"https:\\\/\\\/i0.wp.com\\\/grifk-handball.com\\\/miehet\\\/wp-content\\\/uploads\\\/sites\\\/2\\\/2016\\\/07\\\/PIC_1557.jpg?fit=1600%2C725&ssl=1\",\"width\":1600,\"height\":725},{\"@type\":\"BreadcrumbList\",\"@id\":\"https:\\\/\\\/grifk-handball.com\\\/miehet\\\/2016-17\\\/ottelut-2016-17\\\/grifks-sasong-varken-hojdare-eller-flopp\\\/#breadcrumb\",\"itemListElement\":[{\"@type\":\"ListItem\",\"position\":1,\"name\":\"Home\",\"item\":\"https:\\\/\\\/grifk-handball.com\\\/miehet\\\/etusivu-260109\\\/\"},{\"@type\":\"ListItem\",\"position\":2,\"name\":\"GrIFK:s s\u00e4song varken h\u00f6jdare eller flopp\"}]},{\"@type\":\"WebSite\",\"@id\":\"https:\\\/\\\/grifk-handball.com\\\/miehet\\\/#website\",\"url\":\"https:\\\/\\\/grifk-handball.com\\\/miehet\\\/\",\"name\":\"GrIFK K\u00e4sipallo - miehet\",\"description\":\"BomBom!\",\"publisher\":{\"@id\":\"https:\\\/\\\/grifk-handball.com\\\/miehet\\\/#organization\"},\"potentialAction\":[{\"@type\":\"SearchAction\",\"target\":{\"@type\":\"EntryPoint\",\"urlTemplate\":\"https:\\\/\\\/grifk-handball.com\\\/miehet\\\/?s={search_term_string}\"},\"query-input\":{\"@type\":\"PropertyValueSpecification\",\"valueRequired\":true,\"valueName\":\"search_term_string\"}}],\"inLanguage\":\"fi\"},{\"@type\":\"Organization\",\"@id\":\"https:\\\/\\\/grifk-handball.com\\\/miehet\\\/#organization\",\"name\":\"GrIFK K\u00e4sipallo - miehet\",\"url\":\"https:\\\/\\\/grifk-handball.com\\\/miehet\\\/\",\"logo\":{\"@type\":\"ImageObject\",\"inLanguage\":\"fi\",\"@id\":\"https:\\\/\\\/grifk-handball.com\\\/miehet\\\/#\\\/schema\\\/logo\\\/image\\\/\",\"url\":\"https:\\\/\\\/i0.wp.com\\\/grifk-handball.com\\\/miehet\\\/wp-content\\\/uploads\\\/sites\\\/2\\\/2016\\\/10\\\/logo-grifk-iso.png?fit=1200%2C1400&ssl=1\",\"contentUrl\":\"https:\\\/\\\/i0.wp.com\\\/grifk-handball.com\\\/miehet\\\/wp-content\\\/uploads\\\/sites\\\/2\\\/2016\\\/10\\\/logo-grifk-iso.png?fit=1200%2C1400&ssl=1\",\"width\":1200,\"height\":1400,\"caption\":\"GrIFK K\u00e4sipallo - miehet\"},\"image\":{\"@id\":\"https:\\\/\\\/grifk-handball.com\\\/miehet\\\/#\\\/schema\\\/logo\\\/image\\\/\"},\"sameAs\":[\"https:\\\/\\\/www.facebook.com\\\/GrIFKelit\\\/\",\"https:\\\/\\\/x.com\\\/GrIFK_MSM\",\"https:\\\/\\\/www.instagram.com\\\/grifk_elit\\\/\"]},{\"@type\":\"Person\",\"@id\":\"https:\\\/\\\/grifk-handball.com\\\/miehet\\\/#\\\/schema\\\/person\\\/9da98c743e3f0f85a1b32f59241b48e0\",\"name\":\"granimaster\",\"image\":{\"@type\":\"ImageObject\",\"inLanguage\":\"fi\",\"@id\":\"https:\\\/\\\/secure.gravatar.com\\\/avatar\\\/034b8e6380fc659c320f13e17fe45bd9ab48a21e2debadd5f3179bde291949df?s=96&d=mm&r=g\",\"url\":\"https:\\\/\\\/secure.gravatar.com\\\/avatar\\\/034b8e6380fc659c320f13e17fe45bd9ab48a21e2debadd5f3179bde291949df?s=96&d=mm&r=g\",\"contentUrl\":\"https:\\\/\\\/secure.gravatar.com\\\/avatar\\\/034b8e6380fc659c320f13e17fe45bd9ab48a21e2debadd5f3179bde291949df?s=96&d=mm&r=g\",\"caption\":\"granimaster\"},\"url\":\"https:\\\/\\\/grifk-handball.com\\\/miehet\\\/author\\\/granimaster\\\/\"}]}<\/script>\n<!-- \/ Yoast SEO plugin. -->","yoast_head_json":{"title":"GrIFK:s s\u00e4song varken h\u00f6jdare eller flopp &#8212; GrIFK K\u00e4sipallo - miehet","description":"GrIFK tog sin f\u00f6rsta medalj p\u00e5 FM niv\u00e5 sedan v\u00e5ren 2000 d\u00e5 de besegrade SIF i ett dubbelm\u00f6te med slutresultatet 54-50.","robots":{"index":"index","follow":"follow","max-snippet":"max-snippet:-1","max-image-preview":"max-image-preview:large","max-video-preview":"max-video-preview:-1"},"canonical":"https:\/\/grifk-handball.com\/miehet\/2016-17\/ottelut-2016-17\/grifks-sasong-varken-hojdare-eller-flopp\/","og_locale":"fi_FI","og_type":"article","og_title":"GrIFK:s s\u00e4song varken h\u00f6jdare eller flopp &#8212; GrIFK K\u00e4sipallo - miehet","og_description":"GrIFK tog sin f\u00f6rsta medalj p\u00e5 FM niv\u00e5 sedan v\u00e5ren 2000 d\u00e5 de besegrade SIF i ett dubbelm\u00f6te med slutresultatet 54-50.","og_url":"https:\/\/grifk-handball.com\/miehet\/2016-17\/ottelut-2016-17\/grifks-sasong-varken-hojdare-eller-flopp\/","og_site_name":"GrIFK K\u00e4sipallo - miehet","article_publisher":"https:\/\/www.facebook.com\/GrIFKelit\/","article_published_time":"2017-05-11T11:56:32+00:00","article_modified_time":"2017-11-07T12:13:30+00:00","og_image":[{"width":1600,"height":725,"url":"https:\/\/i0.wp.com\/grifk-handball.com\/miehet\/wp-content\/uploads\/sites\/2\/2016\/07\/PIC_1557.jpg?fit=1600%2C725&ssl=1","type":"image\/jpeg"}],"author":"granimaster","twitter_card":"summary_large_image","twitter_creator":"@GrIFK_MSM","twitter_site":"@GrIFK_MSM","twitter_misc":{"Kirjoittanut":"granimaster","Arvioitu lukuaika":"5 minuuttia"},"schema":{"@context":"https:\/\/schema.org","@graph":[{"@type":"Article","@id":"https:\/\/grifk-handball.com\/miehet\/2016-17\/ottelut-2016-17\/grifks-sasong-varken-hojdare-eller-flopp\/#article","isPartOf":{"@id":"https:\/\/grifk-handball.com\/miehet\/2016-17\/ottelut-2016-17\/grifks-sasong-varken-hojdare-eller-flopp\/"},"author":{"name":"granimaster","@id":"https:\/\/grifk-handball.com\/miehet\/#\/schema\/person\/9da98c743e3f0f85a1b32f59241b48e0"},"headline":"GrIFK:s s\u00e4song varken h\u00f6jdare eller flopp","datePublished":"2017-05-11T11:56:32+00:00","dateModified":"2017-11-07T12:13:30+00:00","mainEntityOfPage":{"@id":"https:\/\/grifk-handball.com\/miehet\/2016-17\/ottelut-2016-17\/grifks-sasong-varken-hojdare-eller-flopp\/"},"wordCount":1077,"publisher":{"@id":"https:\/\/grifk-handball.com\/miehet\/#organization"},"image":{"@id":"https:\/\/grifk-handball.com\/miehet\/2016-17\/ottelut-2016-17\/grifks-sasong-varken-hojdare-eller-flopp\/#primaryimage"},"thumbnailUrl":"https:\/\/i0.wp.com\/grifk-handball.com\/miehet\/wp-content\/uploads\/sites\/2\/2016\/07\/PIC_1557.jpg?fit=1600%2C725&ssl=1","keywords":["#BomBom","#NeverGiveUp","Atlas Vantaa","BK-46","GrIFK","Pronssiottelu","Puoliv\u00e4lier\u00e4","SIF","SM-liiga","V\u00e4lier\u00e4","Yhteis\u00f6llisyys"],"articleSection":["Ottelut 2016-17","Uutiset"],"inLanguage":"fi"},{"@type":"WebPage","@id":"https:\/\/grifk-handball.com\/miehet\/2016-17\/ottelut-2016-17\/grifks-sasong-varken-hojdare-eller-flopp\/","url":"https:\/\/grifk-handball.com\/miehet\/2016-17\/ottelut-2016-17\/grifks-sasong-varken-hojdare-eller-flopp\/","name":"GrIFK:s s\u00e4song varken h\u00f6jdare eller flopp &#8212; GrIFK K\u00e4sipallo - miehet","isPartOf":{"@id":"https:\/\/grifk-handball.com\/miehet\/#website"},"primaryImageOfPage":{"@id":"https:\/\/grifk-handball.com\/miehet\/2016-17\/ottelut-2016-17\/grifks-sasong-varken-hojdare-eller-flopp\/#primaryimage"},"image":{"@id":"https:\/\/grifk-handball.com\/miehet\/2016-17\/ottelut-2016-17\/grifks-sasong-varken-hojdare-eller-flopp\/#primaryimage"},"thumbnailUrl":"https:\/\/i0.wp.com\/grifk-handball.com\/miehet\/wp-content\/uploads\/sites\/2\/2016\/07\/PIC_1557.jpg?fit=1600%2C725&ssl=1","datePublished":"2017-05-11T11:56:32+00:00","dateModified":"2017-11-07T12:13:30+00:00","description":"GrIFK tog sin f\u00f6rsta medalj p\u00e5 FM niv\u00e5 sedan v\u00e5ren 2000 d\u00e5 de besegrade SIF i ett dubbelm\u00f6te med slutresultatet 54-50.","breadcrumb":{"@id":"https:\/\/grifk-handball.com\/miehet\/2016-17\/ottelut-2016-17\/grifks-sasong-varken-hojdare-eller-flopp\/#breadcrumb"},"inLanguage":"fi","potentialAction":[{"@type":"ReadAction","target":["https:\/\/grifk-handball.com\/miehet\/2016-17\/ottelut-2016-17\/grifks-sasong-varken-hojdare-eller-flopp\/"]}]},{"@type":"ImageObject","inLanguage":"fi","@id":"https:\/\/grifk-handball.com\/miehet\/2016-17\/ottelut-2016-17\/grifks-sasong-varken-hojdare-eller-flopp\/#primaryimage","url":"https:\/\/i0.wp.com\/grifk-handball.com\/miehet\/wp-content\/uploads\/sites\/2\/2016\/07\/PIC_1557.jpg?fit=1600%2C725&ssl=1","contentUrl":"https:\/\/i0.wp.com\/grifk-handball.com\/miehet\/wp-content\/uploads\/sites\/2\/2016\/07\/PIC_1557.jpg?fit=1600%2C725&ssl=1","width":1600,"height":725},{"@type":"BreadcrumbList","@id":"https:\/\/grifk-handball.com\/miehet\/2016-17\/ottelut-2016-17\/grifks-sasong-varken-hojdare-eller-flopp\/#breadcrumb","itemListElement":[{"@type":"ListItem","position":1,"name":"Home","item":"https:\/\/grifk-handball.com\/miehet\/etusivu-260109\/"},{"@type":"ListItem","position":2,"name":"GrIFK:s s\u00e4song varken h\u00f6jdare eller flopp"}]},{"@type":"WebSite","@id":"https:\/\/grifk-handball.com\/miehet\/#website","url":"https:\/\/grifk-handball.com\/miehet\/","name":"GrIFK K\u00e4sipallo - miehet","description":"BomBom!","publisher":{"@id":"https:\/\/grifk-handball.com\/miehet\/#organization"},"potentialAction":[{"@type":"SearchAction","target":{"@type":"EntryPoint","urlTemplate":"https:\/\/grifk-handball.com\/miehet\/?s={search_term_string}"},"query-input":{"@type":"PropertyValueSpecification","valueRequired":true,"valueName":"search_term_string"}}],"inLanguage":"fi"},{"@type":"Organization","@id":"https:\/\/grifk-handball.com\/miehet\/#organization","name":"GrIFK K\u00e4sipallo - miehet","url":"https:\/\/grifk-handball.com\/miehet\/","logo":{"@type":"ImageObject","inLanguage":"fi","@id":"https:\/\/grifk-handball.com\/miehet\/#\/schema\/logo\/image\/","url":"https:\/\/i0.wp.com\/grifk-handball.com\/miehet\/wp-content\/uploads\/sites\/2\/2016\/10\/logo-grifk-iso.png?fit=1200%2C1400&ssl=1","contentUrl":"https:\/\/i0.wp.com\/grifk-handball.com\/miehet\/wp-content\/uploads\/sites\/2\/2016\/10\/logo-grifk-iso.png?fit=1200%2C1400&ssl=1","width":1200,"height":1400,"caption":"GrIFK K\u00e4sipallo - miehet"},"image":{"@id":"https:\/\/grifk-handball.com\/miehet\/#\/schema\/logo\/image\/"},"sameAs":["https:\/\/www.facebook.com\/GrIFKelit\/","https:\/\/x.com\/GrIFK_MSM","https:\/\/www.instagram.com\/grifk_elit\/"]},{"@type":"Person","@id":"https:\/\/grifk-handball.com\/miehet\/#\/schema\/person\/9da98c743e3f0f85a1b32f59241b48e0","name":"granimaster","image":{"@type":"ImageObject","inLanguage":"fi","@id":"https:\/\/secure.gravatar.com\/avatar\/034b8e6380fc659c320f13e17fe45bd9ab48a21e2debadd5f3179bde291949df?s=96&d=mm&r=g","url":"https:\/\/secure.gravatar.com\/avatar\/034b8e6380fc659c320f13e17fe45bd9ab48a21e2debadd5f3179bde291949df?s=96&d=mm&r=g","contentUrl":"https:\/\/secure.gravatar.com\/avatar\/034b8e6380fc659c320f13e17fe45bd9ab48a21e2debadd5f3179bde291949df?s=96&d=mm&r=g","caption":"granimaster"},"url":"https:\/\/grifk-handball.com\/miehet\/author\/granimaster\/"}]}},"jetpack_featured_media_url":"https:\/\/i0.wp.com\/grifk-handball.com\/miehet\/wp-content\/uploads\/sites\/2\/2016\/07\/PIC_1557.jpg?fit=1600%2C725&ssl=1","jetpack_shortlink":"https:\/\/wp.me\/p9jQ9a-Vz","_links":{"self":[{"href":"https:\/\/grifk-handball.com\/miehet\/wp-json\/wp\/v2\/posts\/3569","targetHints":{"allow":["GET"]}}],"collection":[{"href":"https:\/\/grifk-handball.com\/miehet\/wp-json\/wp\/v2\/posts"}],"about":[{"href":"https:\/\/grifk-handball.com\/miehet\/wp-json\/wp\/v2\/types\/post"}],"author":[{"embeddable":true,"href":"https:\/\/grifk-handball.com\/miehet\/wp-json\/wp\/v2\/users\/1"}],"replies":[{"embeddable":true,"href":"https:\/\/grifk-handball.com\/miehet\/wp-json\/wp\/v2\/comments?post=3569"}],"version-history":[{"count":0,"href":"https:\/\/grifk-handball.com\/miehet\/wp-json\/wp\/v2\/posts\/3569\/revisions"}],"wp:featuredmedia":[{"embeddable":true,"href":"https:\/\/grifk-handball.com\/miehet\/wp-json\/wp\/v2\/media\/3548"}],"wp:attachment":[{"href":"https:\/\/grifk-handball.com\/miehet\/wp-json\/wp\/v2\/media?parent=3569"}],"wp:term":[{"taxonomy":"category","embeddable":true,"href":"https:\/\/grifk-handball.com\/miehet\/wp-json\/wp\/v2\/categories?post=3569"},{"taxonomy":"post_tag","embeddable":true,"href":"https:\/\/grifk-handball.com\/miehet\/wp-json\/wp\/v2\/tags?post=3569"}],"curies":[{"name":"wp","href":"https:\/\/api.w.org\/{rel}","templated":true}]}}