{"id":3653,"date":"2017-08-02T13:18:22","date_gmt":"2017-08-02T10:18:22","guid":{"rendered":"https:\/\/grifk-handball.com\/?p=3653"},"modified":"2018-01-25T12:51:57","modified_gmt":"2018-01-25T10:51:57","slug":"grifks-trupp-borjar-ta-form","status":"publish","type":"post","link":"https:\/\/grifk-handball.com\/miehet\/uutiset\/grifks-trupp-borjar-ta-form\/","title":{"rendered":"GrIFK:s trupp b\u00f6rjar ta form"},"content":{"rendered":"<p>Grankulla IFK:s representationslag inf\u00f6r s\u00e4songen 2017-18 b\u00f6rjar ta form.<!--more--><\/p>\n<p>Truppen b\u00f6rjar vara klar, n\u00e5gra fr\u00e5getecken har vi fortfarande men vi tror att vi kommer att f\u00e5 svar p\u00e5 dem inom kort s\u00e4ger <strong>Kristoffer Aspelin<\/strong>, en av f\u00f6reningens bakgrundsikoner. I f\u00f6rsta hand s\u00f6ker vi fortfarande efter en v\u00e4nsterh\u00e4nt niometers skytt forts\u00e4tter han.<\/p>\n<p>Under transferf\u00f6nstret har GrIFK tappat tre stycken v\u00e4nsterh\u00e4nta spelare vilket skapade ett r\u00e4tt s\u00e5 stort h\u00e5l att fylla. Sten Toomla tar paus fr\u00e5n handbollen \u00e5tminstone f\u00f6r h\u00f6sten, Benjamin Nyman \u00e5ker p\u00e5 utlandsstudier och Topias Laine har gjort en transfer till fjol\u00e5rets silverlag &#8211; BK-46. Ut\u00f6ver det s\u00e5 ser laget lika ut, bortsett fr\u00e5n n\u00e5gra nyf\u00f6rv\u00e4rv.<\/p>\n<p>I GrIFK:s nyf\u00f6rv\u00e4rv hittar vi minst sagt den rutinerade ex-landslagskeepern Jan Stolt fr\u00e5n HK P\u00f6tsi, Karisb\u00f6rdige v\u00e4nsterh\u00e4nte h\u00f6gerkanten Jasper Hellberg fr\u00e5n BK-46 och unga lovande juniorl\u00f6ftet Jere Kantee fr\u00e5n HIFK.<\/p>\n<p>Tanken \u00e4r att Janne samtidigt som han spelar ska fungera som st\u00f6dperson f\u00f6r v\u00e5ra yngre m\u00e5lvakter, han har otroligt mycket att ge oss p\u00e5 den fronten. Jasu har trots sin r\u00e4tt s\u00e5 unga \u00e5lder \u00f6ver tio \u00e5rs erfarenhet av ligahandboll och \u00e4r klinisk i avsluten d\u00e5 han f\u00e5r sina utspel. Jere kommer att vara med i ringen och ocks\u00e5 p\u00e5 matcher, men vi vill inte l\u00e4gga in honom i hetluften f\u00f6r tidigt. Han \u00e4r ung och lovande och vi ville inte ge honom f\u00f6r mycket ansvar f\u00f6r snabbt. Han ska f\u00e5 utvecklas i egen takt och kommer ocks\u00e5 att spela i v\u00e5rt akademilag i division 1 och med moderf\u00f6reningens A-juniorer f\u00f6rklarar <strong>Kristoffer<\/strong> om nyf\u00f6rv\u00e4rven.<\/p>\n<p><em>&#8221;Jag k\u00e4nner m\u00e5nga av killarna i laget och vet att det \u00e4r ett bra lag att spela i. Jag tror att jag kommer att bidra laget med erfarenhet, jag har \u00e4nd\u00e5 varit med r\u00e4tt s\u00e5 l\u00e4nge.&#8221; &#8211; Jasper Hellberg<\/em><\/p>\n<p>Janne kommer att ge oss rutin mellan stolparna. I fjol hade vi en r\u00e4tt s\u00e5 utmanande situation d\u00e5 v\u00e5r prelimin\u00e4rt utsedda f\u00f6rste m\u00e5lvakt var skadad hela s\u00e4songen. Atte sk\u00f6tte \u00e4nd\u00e5 uppgiften med bravur, b\u00e4ttre \u00e4n n\u00e5gon utomst\u00e5ende kunde f\u00f6rutsp\u00e5. Han hade ocks\u00e5 bra hj\u00e4lp av unge Axel Rehnberg och i slutet av s\u00e4songen ocks\u00e5 Stefan Thilman. Atte opererade sin axel direkt efter s\u00e4songen och Abbes kn\u00e4 \u00e4r fortfarande i rehabiliteringsfasen, s\u00e5 Janne \u00e4r mera \u00e4n v\u00e4lkommen tillbaka till ligan och ger oss mera valm\u00f6jligheter, st\u00f6d och s\u00e4kerhet mellan stolparna. Jasu kommer att bli en viktig kugge i v\u00e5rt lag d\u00e5 vi missade tre stycken v\u00e4nsterh\u00e4nta spelare fr\u00e5n f\u00f6rra \u00e5rets laguppst\u00e4llning. Jasus fjol\u00e5rs s\u00e4song var tyv\u00e4rr mest sedd fr\u00e5n l\u00e4ktarens eller b\u00e4nkens synvinkel pga. skada, men om vi lyckas h\u00e5lla honom hel s\u00e5 kommer han att ge oss mycket i b\u00e4gge \u00e4ndor kommenterar lagets tr\u00e4nare <strong>Mikko Koskue<\/strong> som inleder sin tredje s\u00e4song som huvudtr\u00e4nare f\u00f6r GrIFK.<\/p>\n<p><em>&#8221;Jag f\u00f6rs\u00f6kte varva ned med handbollen, men efter att ha gjort en lyckad s\u00e4song i divison 1 och kroppen inte gett vika s\u00e5 t\u00e4ndes en gnista igen f\u00f6r att f\u00e5 spela liga handboll. GrIFK k\u00e4ndes d\u00e5 som ett bra alternativ och jag hoppas att jag kan ge de lite yngre m\u00e5lvakterna en trygghet p\u00e5 tr\u00e4ningar och matcher.&#8221; &#8211; Jan Stolt<\/em><\/p>\n<p>P\u00e5 f\u00f6rs\u00e4songen kommer GrIFK att spela tv\u00e5 stycken turneringar, en i Karis 19-20.8. och en i P\u00f5lva (EST) mellan den 25.-27.8. Laget f\u00f6rsta officiella match f\u00f6r s\u00e4songen \u00e4r Finska Cupen d\u00e5 vi m\u00f6ter liga nykomlingen HC HIK i Hang\u00f6 den 3.9.<\/p>\n","protected":false},"excerpt":{"rendered":"<p>Grankulla IFK:s representationslag inf\u00f6r s\u00e4songen 2017-18 b\u00f6rjar ta form.<\/p>\n","protected":false},"author":1,"featured_media":2842,"comment_status":"closed","ping_status":"open","sticky":false,"template":"","format":"standard","meta":{"_acf_changed":false,"footnotes":"","_members_access_role":[],"_members_access_error":""},"categories":[9,7],"tags":[12,25,233,237,239],"class_list":["post-3653","post","type-post","status-publish","format-standard","has-post-thumbnail","hentry","category-ennakot-2017-18","category-uutiset","tag-bombom","tag-grifk","tag-jan-stolt","tag-jasper-hellberg","tag-jere-kantee"],"acf":[],"yoast_head":"<!-- This site is optimized with the Yoast SEO plugin v28.4 - https:\/\/yoast.com\/product\/yoast-seo-wordpress\/ -->\n<title>GrIFK:s trupp b\u00f6rjar ta form &#8212; GrIFK K\u00e4sipallo - miehet<\/title>\n<meta name=\"description\" content=\"Grankulla IFK:s representationslag inf\u00f6r s\u00e4songen 2017-18 b\u00f6rjar ta form.\" \/>\n<meta name=\"robots\" content=\"index, follow, max-snippet:-1, max-image-preview:large, max-video-preview:-1\" \/>\n<link rel=\"canonical\" href=\"https:\/\/grifk-handball.com\/miehet\/uutiset\/grifks-trupp-borjar-ta-form\/\" \/>\n<meta property=\"og:locale\" content=\"fi_FI\" \/>\n<meta property=\"og:type\" content=\"article\" \/>\n<meta property=\"og:title\" content=\"GrIFK:s trupp b\u00f6rjar ta form &#8212; GrIFK K\u00e4sipallo - miehet\" \/>\n<meta property=\"og:description\" content=\"Grankulla IFK:s representationslag inf\u00f6r s\u00e4songen 2017-18 b\u00f6rjar ta form.\" \/>\n<meta property=\"og:url\" content=\"https:\/\/grifk-handball.com\/miehet\/uutiset\/grifks-trupp-borjar-ta-form\/\" \/>\n<meta property=\"og:site_name\" content=\"GrIFK K\u00e4sipallo - miehet\" \/>\n<meta property=\"article:publisher\" content=\"https:\/\/www.facebook.com\/GrIFKelit\/\" \/>\n<meta property=\"article:published_time\" content=\"2017-08-02T10:18:22+00:00\" \/>\n<meta property=\"article:modified_time\" content=\"2018-01-25T10:51:57+00:00\" \/>\n<meta property=\"og:image\" content=\"https:\/\/i0.wp.com\/grifk-handball.com\/miehet\/wp-content\/uploads\/sites\/2\/2016\/07\/GrIFK-2016-17.jpg?fit=1920%2C1280&ssl=1\" \/>\n\t<meta property=\"og:image:width\" content=\"1920\" \/>\n\t<meta property=\"og:image:height\" content=\"1280\" \/>\n\t<meta property=\"og:image:type\" content=\"image\/jpeg\" \/>\n<meta name=\"author\" content=\"granimaster\" \/>\n<meta name=\"twitter:card\" content=\"summary_large_image\" \/>\n<meta name=\"twitter:creator\" content=\"@GrIFK_MSM\" \/>\n<meta name=\"twitter:site\" content=\"@GrIFK_MSM\" \/>\n<meta name=\"twitter:label1\" content=\"Kirjoittanut\" \/>\n\t<meta name=\"twitter:data1\" content=\"granimaster\" \/>\n\t<meta name=\"twitter:label2\" content=\"Arvioitu lukuaika\" \/>\n\t<meta name=\"twitter:data2\" content=\"3 minuuttia\" \/>\n<script type=\"application\/ld+json\" class=\"yoast-schema-graph\">{\"@context\":\"https:\\\/\\\/schema.org\",\"@graph\":[{\"@type\":\"Article\",\"@id\":\"https:\\\/\\\/grifk-handball.com\\\/miehet\\\/uutiset\\\/grifks-trupp-borjar-ta-form\\\/#article\",\"isPartOf\":{\"@id\":\"https:\\\/\\\/grifk-handball.com\\\/miehet\\\/uutiset\\\/grifks-trupp-borjar-ta-form\\\/\"},\"author\":{\"name\":\"granimaster\",\"@id\":\"https:\\\/\\\/grifk-handball.com\\\/miehet\\\/#\\\/schema\\\/person\\\/9da98c743e3f0f85a1b32f59241b48e0\"},\"headline\":\"GrIFK:s trupp b\u00f6rjar ta form\",\"datePublished\":\"2017-08-02T10:18:22+00:00\",\"dateModified\":\"2018-01-25T10:51:57+00:00\",\"mainEntityOfPage\":{\"@id\":\"https:\\\/\\\/grifk-handball.com\\\/miehet\\\/uutiset\\\/grifks-trupp-borjar-ta-form\\\/\"},\"wordCount\":659,\"publisher\":{\"@id\":\"https:\\\/\\\/grifk-handball.com\\\/miehet\\\/#organization\"},\"image\":{\"@id\":\"https:\\\/\\\/grifk-handball.com\\\/miehet\\\/uutiset\\\/grifks-trupp-borjar-ta-form\\\/#primaryimage\"},\"thumbnailUrl\":\"https:\\\/\\\/i0.wp.com\\\/grifk-handball.com\\\/miehet\\\/wp-content\\\/uploads\\\/sites\\\/2\\\/2016\\\/07\\\/GrIFK-2016-17.jpg?fit=1920%2C1280&ssl=1\",\"keywords\":[\"#BomBom\",\"GrIFK\",\"Jan Stolt\",\"Jasper Hellberg\",\"Jere Kantee\"],\"articleSection\":[\"Ennakot 2017-18\",\"Uutiset\"],\"inLanguage\":\"fi\"},{\"@type\":\"WebPage\",\"@id\":\"https:\\\/\\\/grifk-handball.com\\\/miehet\\\/uutiset\\\/grifks-trupp-borjar-ta-form\\\/\",\"url\":\"https:\\\/\\\/grifk-handball.com\\\/miehet\\\/uutiset\\\/grifks-trupp-borjar-ta-form\\\/\",\"name\":\"GrIFK:s trupp b\u00f6rjar ta form &#8212; GrIFK K\u00e4sipallo - miehet\",\"isPartOf\":{\"@id\":\"https:\\\/\\\/grifk-handball.com\\\/miehet\\\/#website\"},\"primaryImageOfPage\":{\"@id\":\"https:\\\/\\\/grifk-handball.com\\\/miehet\\\/uutiset\\\/grifks-trupp-borjar-ta-form\\\/#primaryimage\"},\"image\":{\"@id\":\"https:\\\/\\\/grifk-handball.com\\\/miehet\\\/uutiset\\\/grifks-trupp-borjar-ta-form\\\/#primaryimage\"},\"thumbnailUrl\":\"https:\\\/\\\/i0.wp.com\\\/grifk-handball.com\\\/miehet\\\/wp-content\\\/uploads\\\/sites\\\/2\\\/2016\\\/07\\\/GrIFK-2016-17.jpg?fit=1920%2C1280&ssl=1\",\"datePublished\":\"2017-08-02T10:18:22+00:00\",\"dateModified\":\"2018-01-25T10:51:57+00:00\",\"description\":\"Grankulla IFK:s representationslag inf\u00f6r s\u00e4songen 2017-18 b\u00f6rjar ta form.\",\"breadcrumb\":{\"@id\":\"https:\\\/\\\/grifk-handball.com\\\/miehet\\\/uutiset\\\/grifks-trupp-borjar-ta-form\\\/#breadcrumb\"},\"inLanguage\":\"fi\",\"potentialAction\":[{\"@type\":\"ReadAction\",\"target\":[\"https:\\\/\\\/grifk-handball.com\\\/miehet\\\/uutiset\\\/grifks-trupp-borjar-ta-form\\\/\"]}]},{\"@type\":\"ImageObject\",\"inLanguage\":\"fi\",\"@id\":\"https:\\\/\\\/grifk-handball.com\\\/miehet\\\/uutiset\\\/grifks-trupp-borjar-ta-form\\\/#primaryimage\",\"url\":\"https:\\\/\\\/i0.wp.com\\\/grifk-handball.com\\\/miehet\\\/wp-content\\\/uploads\\\/sites\\\/2\\\/2016\\\/07\\\/GrIFK-2016-17.jpg?fit=1920%2C1280&ssl=1\",\"contentUrl\":\"https:\\\/\\\/i0.wp.com\\\/grifk-handball.com\\\/miehet\\\/wp-content\\\/uploads\\\/sites\\\/2\\\/2016\\\/07\\\/GrIFK-2016-17.jpg?fit=1920%2C1280&ssl=1\",\"width\":1920,\"height\":1280},{\"@type\":\"BreadcrumbList\",\"@id\":\"https:\\\/\\\/grifk-handball.com\\\/miehet\\\/uutiset\\\/grifks-trupp-borjar-ta-form\\\/#breadcrumb\",\"itemListElement\":[{\"@type\":\"ListItem\",\"position\":1,\"name\":\"Home\",\"item\":\"https:\\\/\\\/grifk-handball.com\\\/miehet\\\/etusivu-260109\\\/\"},{\"@type\":\"ListItem\",\"position\":2,\"name\":\"GrIFK:s trupp b\u00f6rjar ta form\"}]},{\"@type\":\"WebSite\",\"@id\":\"https:\\\/\\\/grifk-handball.com\\\/miehet\\\/#website\",\"url\":\"https:\\\/\\\/grifk-handball.com\\\/miehet\\\/\",\"name\":\"GrIFK K\u00e4sipallo - miehet\",\"description\":\"BomBom!\",\"publisher\":{\"@id\":\"https:\\\/\\\/grifk-handball.com\\\/miehet\\\/#organization\"},\"potentialAction\":[{\"@type\":\"SearchAction\",\"target\":{\"@type\":\"EntryPoint\",\"urlTemplate\":\"https:\\\/\\\/grifk-handball.com\\\/miehet\\\/?s={search_term_string}\"},\"query-input\":{\"@type\":\"PropertyValueSpecification\",\"valueRequired\":true,\"valueName\":\"search_term_string\"}}],\"inLanguage\":\"fi\"},{\"@type\":\"Organization\",\"@id\":\"https:\\\/\\\/grifk-handball.com\\\/miehet\\\/#organization\",\"name\":\"GrIFK K\u00e4sipallo - miehet\",\"url\":\"https:\\\/\\\/grifk-handball.com\\\/miehet\\\/\",\"logo\":{\"@type\":\"ImageObject\",\"inLanguage\":\"fi\",\"@id\":\"https:\\\/\\\/grifk-handball.com\\\/miehet\\\/#\\\/schema\\\/logo\\\/image\\\/\",\"url\":\"https:\\\/\\\/i0.wp.com\\\/grifk-handball.com\\\/miehet\\\/wp-content\\\/uploads\\\/sites\\\/2\\\/2016\\\/10\\\/logo-grifk-iso.png?fit=1200%2C1400&ssl=1\",\"contentUrl\":\"https:\\\/\\\/i0.wp.com\\\/grifk-handball.com\\\/miehet\\\/wp-content\\\/uploads\\\/sites\\\/2\\\/2016\\\/10\\\/logo-grifk-iso.png?fit=1200%2C1400&ssl=1\",\"width\":1200,\"height\":1400,\"caption\":\"GrIFK K\u00e4sipallo - miehet\"},\"image\":{\"@id\":\"https:\\\/\\\/grifk-handball.com\\\/miehet\\\/#\\\/schema\\\/logo\\\/image\\\/\"},\"sameAs\":[\"https:\\\/\\\/www.facebook.com\\\/GrIFKelit\\\/\",\"https:\\\/\\\/x.com\\\/GrIFK_MSM\",\"https:\\\/\\\/www.instagram.com\\\/grifk_elit\\\/\"]},{\"@type\":\"Person\",\"@id\":\"https:\\\/\\\/grifk-handball.com\\\/miehet\\\/#\\\/schema\\\/person\\\/9da98c743e3f0f85a1b32f59241b48e0\",\"name\":\"granimaster\",\"image\":{\"@type\":\"ImageObject\",\"inLanguage\":\"fi\",\"@id\":\"https:\\\/\\\/secure.gravatar.com\\\/avatar\\\/034b8e6380fc659c320f13e17fe45bd9ab48a21e2debadd5f3179bde291949df?s=96&d=mm&r=g\",\"url\":\"https:\\\/\\\/secure.gravatar.com\\\/avatar\\\/034b8e6380fc659c320f13e17fe45bd9ab48a21e2debadd5f3179bde291949df?s=96&d=mm&r=g\",\"contentUrl\":\"https:\\\/\\\/secure.gravatar.com\\\/avatar\\\/034b8e6380fc659c320f13e17fe45bd9ab48a21e2debadd5f3179bde291949df?s=96&d=mm&r=g\",\"caption\":\"granimaster\"},\"url\":\"https:\\\/\\\/grifk-handball.com\\\/miehet\\\/author\\\/granimaster\\\/\"}]}<\/script>\n<!-- \/ Yoast SEO plugin. -->","yoast_head_json":{"title":"GrIFK:s trupp b\u00f6rjar ta form &#8212; GrIFK K\u00e4sipallo - miehet","description":"Grankulla IFK:s representationslag inf\u00f6r s\u00e4songen 2017-18 b\u00f6rjar ta form.","robots":{"index":"index","follow":"follow","max-snippet":"max-snippet:-1","max-image-preview":"max-image-preview:large","max-video-preview":"max-video-preview:-1"},"canonical":"https:\/\/grifk-handball.com\/miehet\/uutiset\/grifks-trupp-borjar-ta-form\/","og_locale":"fi_FI","og_type":"article","og_title":"GrIFK:s trupp b\u00f6rjar ta form &#8212; GrIFK K\u00e4sipallo - miehet","og_description":"Grankulla IFK:s representationslag inf\u00f6r s\u00e4songen 2017-18 b\u00f6rjar ta form.","og_url":"https:\/\/grifk-handball.com\/miehet\/uutiset\/grifks-trupp-borjar-ta-form\/","og_site_name":"GrIFK K\u00e4sipallo - miehet","article_publisher":"https:\/\/www.facebook.com\/GrIFKelit\/","article_published_time":"2017-08-02T10:18:22+00:00","article_modified_time":"2018-01-25T10:51:57+00:00","og_image":[{"width":1920,"height":1280,"url":"https:\/\/i0.wp.com\/grifk-handball.com\/miehet\/wp-content\/uploads\/sites\/2\/2016\/07\/GrIFK-2016-17.jpg?fit=1920%2C1280&ssl=1","type":"image\/jpeg"}],"author":"granimaster","twitter_card":"summary_large_image","twitter_creator":"@GrIFK_MSM","twitter_site":"@GrIFK_MSM","twitter_misc":{"Kirjoittanut":"granimaster","Arvioitu lukuaika":"3 minuuttia"},"schema":{"@context":"https:\/\/schema.org","@graph":[{"@type":"Article","@id":"https:\/\/grifk-handball.com\/miehet\/uutiset\/grifks-trupp-borjar-ta-form\/#article","isPartOf":{"@id":"https:\/\/grifk-handball.com\/miehet\/uutiset\/grifks-trupp-borjar-ta-form\/"},"author":{"name":"granimaster","@id":"https:\/\/grifk-handball.com\/miehet\/#\/schema\/person\/9da98c743e3f0f85a1b32f59241b48e0"},"headline":"GrIFK:s trupp b\u00f6rjar ta form","datePublished":"2017-08-02T10:18:22+00:00","dateModified":"2018-01-25T10:51:57+00:00","mainEntityOfPage":{"@id":"https:\/\/grifk-handball.com\/miehet\/uutiset\/grifks-trupp-borjar-ta-form\/"},"wordCount":659,"publisher":{"@id":"https:\/\/grifk-handball.com\/miehet\/#organization"},"image":{"@id":"https:\/\/grifk-handball.com\/miehet\/uutiset\/grifks-trupp-borjar-ta-form\/#primaryimage"},"thumbnailUrl":"https:\/\/i0.wp.com\/grifk-handball.com\/miehet\/wp-content\/uploads\/sites\/2\/2016\/07\/GrIFK-2016-17.jpg?fit=1920%2C1280&ssl=1","keywords":["#BomBom","GrIFK","Jan Stolt","Jasper Hellberg","Jere Kantee"],"articleSection":["Ennakot 2017-18","Uutiset"],"inLanguage":"fi"},{"@type":"WebPage","@id":"https:\/\/grifk-handball.com\/miehet\/uutiset\/grifks-trupp-borjar-ta-form\/","url":"https:\/\/grifk-handball.com\/miehet\/uutiset\/grifks-trupp-borjar-ta-form\/","name":"GrIFK:s trupp b\u00f6rjar ta form &#8212; GrIFK K\u00e4sipallo - miehet","isPartOf":{"@id":"https:\/\/grifk-handball.com\/miehet\/#website"},"primaryImageOfPage":{"@id":"https:\/\/grifk-handball.com\/miehet\/uutiset\/grifks-trupp-borjar-ta-form\/#primaryimage"},"image":{"@id":"https:\/\/grifk-handball.com\/miehet\/uutiset\/grifks-trupp-borjar-ta-form\/#primaryimage"},"thumbnailUrl":"https:\/\/i0.wp.com\/grifk-handball.com\/miehet\/wp-content\/uploads\/sites\/2\/2016\/07\/GrIFK-2016-17.jpg?fit=1920%2C1280&ssl=1","datePublished":"2017-08-02T10:18:22+00:00","dateModified":"2018-01-25T10:51:57+00:00","description":"Grankulla IFK:s representationslag inf\u00f6r s\u00e4songen 2017-18 b\u00f6rjar ta form.","breadcrumb":{"@id":"https:\/\/grifk-handball.com\/miehet\/uutiset\/grifks-trupp-borjar-ta-form\/#breadcrumb"},"inLanguage":"fi","potentialAction":[{"@type":"ReadAction","target":["https:\/\/grifk-handball.com\/miehet\/uutiset\/grifks-trupp-borjar-ta-form\/"]}]},{"@type":"ImageObject","inLanguage":"fi","@id":"https:\/\/grifk-handball.com\/miehet\/uutiset\/grifks-trupp-borjar-ta-form\/#primaryimage","url":"https:\/\/i0.wp.com\/grifk-handball.com\/miehet\/wp-content\/uploads\/sites\/2\/2016\/07\/GrIFK-2016-17.jpg?fit=1920%2C1280&ssl=1","contentUrl":"https:\/\/i0.wp.com\/grifk-handball.com\/miehet\/wp-content\/uploads\/sites\/2\/2016\/07\/GrIFK-2016-17.jpg?fit=1920%2C1280&ssl=1","width":1920,"height":1280},{"@type":"BreadcrumbList","@id":"https:\/\/grifk-handball.com\/miehet\/uutiset\/grifks-trupp-borjar-ta-form\/#breadcrumb","itemListElement":[{"@type":"ListItem","position":1,"name":"Home","item":"https:\/\/grifk-handball.com\/miehet\/etusivu-260109\/"},{"@type":"ListItem","position":2,"name":"GrIFK:s trupp b\u00f6rjar ta form"}]},{"@type":"WebSite","@id":"https:\/\/grifk-handball.com\/miehet\/#website","url":"https:\/\/grifk-handball.com\/miehet\/","name":"GrIFK K\u00e4sipallo - miehet","description":"BomBom!","publisher":{"@id":"https:\/\/grifk-handball.com\/miehet\/#organization"},"potentialAction":[{"@type":"SearchAction","target":{"@type":"EntryPoint","urlTemplate":"https:\/\/grifk-handball.com\/miehet\/?s={search_term_string}"},"query-input":{"@type":"PropertyValueSpecification","valueRequired":true,"valueName":"search_term_string"}}],"inLanguage":"fi"},{"@type":"Organization","@id":"https:\/\/grifk-handball.com\/miehet\/#organization","name":"GrIFK K\u00e4sipallo - miehet","url":"https:\/\/grifk-handball.com\/miehet\/","logo":{"@type":"ImageObject","inLanguage":"fi","@id":"https:\/\/grifk-handball.com\/miehet\/#\/schema\/logo\/image\/","url":"https:\/\/i0.wp.com\/grifk-handball.com\/miehet\/wp-content\/uploads\/sites\/2\/2016\/10\/logo-grifk-iso.png?fit=1200%2C1400&ssl=1","contentUrl":"https:\/\/i0.wp.com\/grifk-handball.com\/miehet\/wp-content\/uploads\/sites\/2\/2016\/10\/logo-grifk-iso.png?fit=1200%2C1400&ssl=1","width":1200,"height":1400,"caption":"GrIFK K\u00e4sipallo - miehet"},"image":{"@id":"https:\/\/grifk-handball.com\/miehet\/#\/schema\/logo\/image\/"},"sameAs":["https:\/\/www.facebook.com\/GrIFKelit\/","https:\/\/x.com\/GrIFK_MSM","https:\/\/www.instagram.com\/grifk_elit\/"]},{"@type":"Person","@id":"https:\/\/grifk-handball.com\/miehet\/#\/schema\/person\/9da98c743e3f0f85a1b32f59241b48e0","name":"granimaster","image":{"@type":"ImageObject","inLanguage":"fi","@id":"https:\/\/secure.gravatar.com\/avatar\/034b8e6380fc659c320f13e17fe45bd9ab48a21e2debadd5f3179bde291949df?s=96&d=mm&r=g","url":"https:\/\/secure.gravatar.com\/avatar\/034b8e6380fc659c320f13e17fe45bd9ab48a21e2debadd5f3179bde291949df?s=96&d=mm&r=g","contentUrl":"https:\/\/secure.gravatar.com\/avatar\/034b8e6380fc659c320f13e17fe45bd9ab48a21e2debadd5f3179bde291949df?s=96&d=mm&r=g","caption":"granimaster"},"url":"https:\/\/grifk-handball.com\/miehet\/author\/granimaster\/"}]}},"jetpack_shortlink":"https:\/\/wp.me\/p9jQ9a-WV","jetpack_featured_media_url":"https:\/\/i0.wp.com\/grifk-handball.com\/miehet\/wp-content\/uploads\/sites\/2\/2016\/07\/GrIFK-2016-17.jpg?fit=1920%2C1280&ssl=1","_links":{"self":[{"href":"https:\/\/grifk-handball.com\/miehet\/wp-json\/wp\/v2\/posts\/3653","targetHints":{"allow":["GET"]}}],"collection":[{"href":"https:\/\/grifk-handball.com\/miehet\/wp-json\/wp\/v2\/posts"}],"about":[{"href":"https:\/\/grifk-handball.com\/miehet\/wp-json\/wp\/v2\/types\/post"}],"author":[{"embeddable":true,"href":"https:\/\/grifk-handball.com\/miehet\/wp-json\/wp\/v2\/users\/1"}],"replies":[{"embeddable":true,"href":"https:\/\/grifk-handball.com\/miehet\/wp-json\/wp\/v2\/comments?post=3653"}],"version-history":[{"count":0,"href":"https:\/\/grifk-handball.com\/miehet\/wp-json\/wp\/v2\/posts\/3653\/revisions"}],"wp:featuredmedia":[{"embeddable":true,"href":"https:\/\/grifk-handball.com\/miehet\/wp-json\/wp\/v2\/media\/2842"}],"wp:attachment":[{"href":"https:\/\/grifk-handball.com\/miehet\/wp-json\/wp\/v2\/media?parent=3653"}],"wp:term":[{"taxonomy":"category","embeddable":true,"href":"https:\/\/grifk-handball.com\/miehet\/wp-json\/wp\/v2\/categories?post=3653"},{"taxonomy":"post_tag","embeddable":true,"href":"https:\/\/grifk-handball.com\/miehet\/wp-json\/wp\/v2\/tags?post=3653"}],"curies":[{"name":"wp","href":"https:\/\/api.w.org\/{rel}","templated":true}]}}