{"id":4543,"date":"2017-09-12T16:31:11","date_gmt":"2017-09-12T13:31:11","guid":{"rendered":"https:\/\/grifk-handball.com\/?p=4543"},"modified":"2017-11-07T14:13:29","modified_gmt":"2017-11-07T12:13:29","slug":"det-blir-en-tuff-sasong","status":"publish","type":"post","link":"https:\/\/grifk-handball.com\/miehet\/2017-18\/ennakot-2017-18\/det-blir-en-tuff-sasong\/","title":{"rendered":"&#8221;Det blir en tuff s\u00e4song&#8221;"},"content":{"rendered":"<p>S\u00e4songstarten f\u00f6r 2017-18 \u00e4r n\u00e4rmare \u00e4n n\u00e5gonsin, men hur ser det ut i Grankulla-l\u00e4gret? Det blir en tuff s\u00e4song menar Mikko Koskue.<!--more--><\/p>\n<p>&#8221;Cocks solklar favorit&#8221; eller &#8221;ett under om inte Cocks skulle ta hand om m\u00e4sterskapet \u00e4ven den h\u00e4r s\u00e4songen&#8221; skriver de st\u00f6rsta finlandssvenska medierna om den inkommande s\u00e4songen. Vem som helst kan se p\u00e5 pappret att Cocks har en helt annan budget \u00e4n vi andra. Det borde inte vara realism att vinna \u00f6ver dem, men i en enskild match kan vad som helst h\u00e4nda kommenterar <strong>GrIFK:s huvudtr\u00e4nare Mikko Koskue<\/strong> om guldfavoriterna.<\/p>\n<p>Koskue \u00e4r inte ensam om sin \u00e5sikt att Riihim\u00e4ki-laget \u00e4r i en helt egen dimension i ligan, en handfull med andra ligatr\u00e4nare \u00e4r av samma \u00e5sikt. Cocks har blivit st\u00f6rre och starkare i \u00e5r igen men det har ocks\u00e5 utmanarna. Utmanare \u00e4r kanske lite av fel ordval, men de fakto \u00e4r att alla som g\u00f6r upp om silvermedaljen \u00e4r utmanare. BK-46, Dicken, Atlas, HIFK och vi \u00e4r de st\u00f6rsta utmanarna och det ser j\u00e4mnt ut p\u00e5 papprena. Vi tror att det kommer att bli en riktigt underh\u00e5llande handbolls s\u00e4song i \u00e5r, speciellt p\u00e5 v\u00e5ren d\u00e5 kvarts- och semifinalerna drar ig\u00e5ng.<\/p>\n<p>&nbsp;<\/p>\n<div id=\"attachment_4096\" style=\"width: 310px\" class=\"wp-caption alignright\"><img data-recalc-dims=\"1\" loading=\"lazy\" decoding=\"async\" aria-describedby=\"caption-attachment-4096\" class=\"wp-image-4096 size-medium\" src=\"https:\/\/i0.wp.com\/grifk-handball.com\/wp-content\/uploads\/2017\/08\/grifk-johanson-300x165.jpg?resize=300%2C165&#038;ssl=1\" alt=\"\" width=\"300\" height=\"165\" srcset=\"https:\/\/i0.wp.com\/grifk-handball.com\/miehet\/wp-content\/uploads\/sites\/2\/2017\/08\/grifk-johanson.jpg?resize=300%2C165&amp;ssl=1 300w, https:\/\/i0.wp.com\/grifk-handball.com\/miehet\/wp-content\/uploads\/sites\/2\/2017\/08\/grifk-johanson.jpg?resize=768%2C423&amp;ssl=1 768w, https:\/\/i0.wp.com\/grifk-handball.com\/miehet\/wp-content\/uploads\/sites\/2\/2017\/08\/grifk-johanson.jpg?resize=1030%2C567&amp;ssl=1 1030w, https:\/\/i0.wp.com\/grifk-handball.com\/miehet\/wp-content\/uploads\/sites\/2\/2017\/08\/grifk-johanson.jpg?resize=1500%2C825&amp;ssl=1 1500w, https:\/\/i0.wp.com\/grifk-handball.com\/miehet\/wp-content\/uploads\/sites\/2\/2017\/08\/grifk-johanson.jpg?resize=705%2C388&amp;ssl=1 705w, https:\/\/i0.wp.com\/grifk-handball.com\/miehet\/wp-content\/uploads\/sites\/2\/2017\/08\/grifk-johanson.jpg?resize=450%2C248&amp;ssl=1 450w, https:\/\/i0.wp.com\/grifk-handball.com\/miehet\/wp-content\/uploads\/sites\/2\/2017\/08\/grifk-johanson.jpg?w=2048&amp;ssl=1 2048w\" sizes=\"auto, (max-width: 300px) 100vw, 300px\" \/><p id=\"caption-attachment-4096\" class=\"wp-caption-text\">Patrik &#8221;Pava&#8221; Johanson \u00e4r en av sommarens st\u00f6rsta snackisar inom handbollsfinland.<\/p><\/div>\n<p>I Grankulla-grottan har det h\u00e4nt en hel del sedan sista bronsmatchen mot SIF i v\u00e5ras. Stefan Thilman som gjorde en kort comeback ifjol har f\u00e5tt tillskott i familjen s\u00e5 han l\u00e4gger skorna tillbaka upp p\u00e5 hyllan, vi vill rikta ett stort grattis fr\u00e5n lagets och f\u00f6reningens sida till er b\u00e5da tv\u00e5. Topias Laine, Benjamin Nyman, Axel Carlander och Sten Toomla finns inte l\u00e4ngre kvar i truppen men som nya har vi f\u00e5tt in Jere Kantee fr\u00e5n HIFK, Jasper Hellberg fr\u00e5n BK-46, Jan Stolt fr\u00e5n HK P\u00f6tsi samt Patrik Johanson fr\u00e5n HIF Karlskrona (SWE). Alla har kommit bra in i laget, Pava \u00e4r inte riktigt hundraprocentig \u00e4nnu, men ju l\u00e4ngre s\u00e4songen lider och d\u00e5 matcherna b\u00f6rjar b\u00e4ra mera vikt r\u00e4knar vi med att ha honom i hundraprocentigt spelskick, trots det s\u00e5 bidrar han redan nu med mycket till laget. Resten av killarna \u00e4r i bra fysisk kondition, t.o.m b\u00e4ttre \u00e4n ifjol vid det h\u00e4r skedet, vilket \u00e4r positivt s\u00e4ger <strong>Mikko<\/strong>. Vi har spelat tv\u00e5 stycken tr\u00e4ningsturneringar innan s\u00e4songsstarten d\u00e4r vi hittade mycket positiva saker samtidigt som vi hittade saker som m\u00e5ste korrigeras. Vi \u00e4r redo f\u00f6r s\u00e4songen och den f\u00f6rsta drabbningen mot HIFK avslutar <strong>Koskue<\/strong>.<\/p>\n<p>GrIFK:s filosofi \u00e4r den samma som \u00e5ret innan, en bra bredd som g\u00f6r att vi inte blir direkt beroende av en eller tv\u00e5 spelare och att vi kan h\u00e5lla uppe ett h\u00f6gt tempo matcherna igenom, som tr\u00f6ttnar ut v\u00e5ra motst\u00e5ndare. Jag skulle n\u00e4stan v\u00e5ga p\u00e5st\u00e5 att efter guldkandidaterna s\u00e5 har vi den st\u00f6rsta bredden p\u00e5 v\u00e5r trupp. Hoppas det b\u00e4r frukt p\u00e5 v\u00e5ren <strong>kommenterar GrIFK bakgrundspersonen Kristoffer Aspelin<\/strong>. V\u00e5ra egna unga spelare \u00e4r igen ett \u00e5r \u00e4ldre och vi hoppas p\u00e5 att de f\u00e5r en skadefri s\u00e4song s\u00e5 att de kan utvecklas maximalt under s\u00e4songen. Vi vill ge dem chansen att utvecklas som handbollsspelare, s\u00e5 att de kanske n\u00e5gon dag kan ta steget ut till de stora handbollsplanerna i Norden eller i Europa forts\u00e4tter han.<\/p>\n<p>Ingen konkret m\u00e5ls\u00e4ttning \u00e4r diskuterad inom laget, men om medaljer vill vi spela. Inget snack om saken, laget (inkl. HC West) har tagit medalj sju g\u00e5nger de senaste \u00e5tta s\u00e4songerna, s\u00e5 utan att ha en konkret m\u00e5ls\u00e4ttning s\u00e5 \u00e4r det v\u00e4l \u00e4nd\u00e5 semifinal som vi siktar p\u00e5 och jobbar oss sedan vidare fr\u00e5n det p\u00e5 b\u00e4sta m\u00f6jliga s\u00e4tt avslutar <strong>Kristoffer<\/strong>.<\/p>\n<p>GrIFK spelar sin f\u00f6rsta match f\u00f6r s\u00e4songen imorgon den 13.9.2017 kl. 19.00 i Helingfors Idrottshus i Bergh\u00e4ll. V\u00e4lkomna till \u00e5rets f\u00f6rsta seriematch och \u00e5rets f\u00f6rsta kamrat-derby f\u00f6r att heja fram oss till vinst.<\/p>\n<p>H\u00e4r \u00e4r l\u00e4nk till evenemanget p\u00e5 <a href=\"https:\/\/www.facebook.com\/events\/183379375537635\/?acontext=%7B%22source%22%3A3%2C%22source_newsfeed_story_type%22%3A%22regular%22%2C%22action_history%22%3A%22[%7B%5C%22surface%5C%22%3A%5C%22newsfeed%5C%22%2C%5C%22mechanism%5C%22%3A%5C%22feed_story%5C%22%2C%5C%22extra_data%5C%22%3A[]%7D]%22%2C%22has_source%22%3Atrue%7D&amp;source=3&amp;source_newsfeed_story_type=regular&amp;action_history=[%7B%22surface%22%3A%22newsfeed%22%2C%22mechanism%22%3A%22feed_story%22%2C%22extra_data%22%3A[]%7D]&amp;has_source=1&amp;hc_ref=ARSUfi6o7_8AX6UlaGlVgue2a1gfapcaozQ66Bb3Fe7fDWEkV8ktfAnYMUFM7UJ3HuI\">Facebook<\/a>.<\/p>\n","protected":false},"excerpt":{"rendered":"<p>S\u00e4songstarten f\u00f6r 2017-18 \u00e4r n\u00e4rmare \u00e4n n\u00e5gonsin, men hur ser det ut i Grankulla-l\u00e4gret? Det blir en tuff s\u00e4song menar Mikko Koskue.<\/p>\n","protected":false},"author":1,"featured_media":4369,"comment_status":"closed","ping_status":"open","sticky":false,"template":"","format":"standard","meta":{"_acf_changed":false,"footnotes":"","_members_access_role":[],"_members_access_error":""},"categories":[9],"tags":[12,26,25,41],"class_list":["post-4543","post","type-post","status-publish","format-standard","has-post-thumbnail","hentry","category-ennakot-2017-18","tag-bombom","tag-grifkhandball","tag-grifk","tag-sm-liiga"],"acf":[],"yoast_head":"<!-- This site is optimized with the Yoast SEO plugin v28.4 - https:\/\/yoast.com\/product\/yoast-seo-wordpress\/ -->\n<title>&quot;Det blir en tuff s\u00e4song&quot; &#8212; GrIFK K\u00e4sipallo - miehet<\/title>\n<meta name=\"description\" content=\"S\u00e4songstarten f\u00f6r 2017-18 \u00e4r n\u00e4rmare \u00e4n n\u00e5gonsin, men hur ser det ut i Grankulla-l\u00e4gret? Det blir en tuff s\u00e4song menar Mikko Koskue.\" \/>\n<meta name=\"robots\" content=\"index, follow, max-snippet:-1, max-image-preview:large, max-video-preview:-1\" \/>\n<link rel=\"canonical\" href=\"https:\/\/grifk-handball.com\/miehet\/2017-18\/ennakot-2017-18\/det-blir-en-tuff-sasong\/\" \/>\n<meta property=\"og:locale\" content=\"fi_FI\" \/>\n<meta property=\"og:type\" content=\"article\" \/>\n<meta property=\"og:title\" content=\"&quot;Det blir en tuff s\u00e4song&quot; &#8212; GrIFK K\u00e4sipallo - miehet\" \/>\n<meta property=\"og:description\" content=\"S\u00e4songstarten f\u00f6r 2017-18 \u00e4r n\u00e4rmare \u00e4n n\u00e5gonsin, men hur ser det ut i Grankulla-l\u00e4gret? Det blir en tuff s\u00e4song menar Mikko Koskue.\" \/>\n<meta property=\"og:url\" content=\"https:\/\/grifk-handball.com\/miehet\/2017-18\/ennakot-2017-18\/det-blir-en-tuff-sasong\/\" \/>\n<meta property=\"og:site_name\" content=\"GrIFK K\u00e4sipallo - miehet\" \/>\n<meta property=\"article:publisher\" content=\"https:\/\/www.facebook.com\/GrIFKelit\/\" \/>\n<meta property=\"article:published_time\" content=\"2017-09-12T13:31:11+00:00\" \/>\n<meta property=\"article:modified_time\" content=\"2017-11-07T12:13:29+00:00\" \/>\n<meta property=\"og:image\" content=\"https:\/\/i0.wp.com\/grifk-handball.com\/miehet\/wp-content\/uploads\/sites\/2\/2017\/09\/MMA_7284.jpg?fit=1200%2C918&ssl=1\" \/>\n\t<meta property=\"og:image:width\" content=\"1200\" \/>\n\t<meta property=\"og:image:height\" content=\"918\" \/>\n\t<meta property=\"og:image:type\" content=\"image\/jpeg\" \/>\n<meta name=\"author\" content=\"granimaster\" \/>\n<meta name=\"twitter:card\" content=\"summary_large_image\" \/>\n<meta name=\"twitter:creator\" content=\"@GrIFK_MSM\" \/>\n<meta name=\"twitter:site\" content=\"@GrIFK_MSM\" \/>\n<meta name=\"twitter:label1\" content=\"Kirjoittanut\" \/>\n\t<meta name=\"twitter:data1\" content=\"granimaster\" \/>\n\t<meta name=\"twitter:label2\" content=\"Arvioitu lukuaika\" \/>\n\t<meta name=\"twitter:data2\" content=\"4 minuuttia\" \/>\n<script type=\"application\/ld+json\" class=\"yoast-schema-graph\">{\"@context\":\"https:\\\/\\\/schema.org\",\"@graph\":[{\"@type\":\"Article\",\"@id\":\"https:\\\/\\\/grifk-handball.com\\\/miehet\\\/2017-18\\\/ennakot-2017-18\\\/det-blir-en-tuff-sasong\\\/#article\",\"isPartOf\":{\"@id\":\"https:\\\/\\\/grifk-handball.com\\\/miehet\\\/2017-18\\\/ennakot-2017-18\\\/det-blir-en-tuff-sasong\\\/\"},\"author\":{\"name\":\"granimaster\",\"@id\":\"https:\\\/\\\/grifk-handball.com\\\/miehet\\\/#\\\/schema\\\/person\\\/9da98c743e3f0f85a1b32f59241b48e0\"},\"headline\":\"&#8221;Det blir en tuff s\u00e4song&#8221;\",\"datePublished\":\"2017-09-12T13:31:11+00:00\",\"dateModified\":\"2017-11-07T12:13:29+00:00\",\"mainEntityOfPage\":{\"@id\":\"https:\\\/\\\/grifk-handball.com\\\/miehet\\\/2017-18\\\/ennakot-2017-18\\\/det-blir-en-tuff-sasong\\\/\"},\"wordCount\":731,\"publisher\":{\"@id\":\"https:\\\/\\\/grifk-handball.com\\\/miehet\\\/#organization\"},\"image\":{\"@id\":\"https:\\\/\\\/grifk-handball.com\\\/miehet\\\/2017-18\\\/ennakot-2017-18\\\/det-blir-en-tuff-sasong\\\/#primaryimage\"},\"thumbnailUrl\":\"https:\\\/\\\/i0.wp.com\\\/grifk-handball.com\\\/miehet\\\/wp-content\\\/uploads\\\/sites\\\/2\\\/2017\\\/09\\\/MMA_7284.jpg?fit=1200%2C918&ssl=1\",\"keywords\":[\"#BomBom\",\"#GrIFKHandball\",\"GrIFK\",\"SM-liiga\"],\"articleSection\":[\"Ennakot 2017-18\"],\"inLanguage\":\"fi\"},{\"@type\":\"WebPage\",\"@id\":\"https:\\\/\\\/grifk-handball.com\\\/miehet\\\/2017-18\\\/ennakot-2017-18\\\/det-blir-en-tuff-sasong\\\/\",\"url\":\"https:\\\/\\\/grifk-handball.com\\\/miehet\\\/2017-18\\\/ennakot-2017-18\\\/det-blir-en-tuff-sasong\\\/\",\"name\":\"\\\"Det blir en tuff s\u00e4song\\\" &#8212; GrIFK K\u00e4sipallo - miehet\",\"isPartOf\":{\"@id\":\"https:\\\/\\\/grifk-handball.com\\\/miehet\\\/#website\"},\"primaryImageOfPage\":{\"@id\":\"https:\\\/\\\/grifk-handball.com\\\/miehet\\\/2017-18\\\/ennakot-2017-18\\\/det-blir-en-tuff-sasong\\\/#primaryimage\"},\"image\":{\"@id\":\"https:\\\/\\\/grifk-handball.com\\\/miehet\\\/2017-18\\\/ennakot-2017-18\\\/det-blir-en-tuff-sasong\\\/#primaryimage\"},\"thumbnailUrl\":\"https:\\\/\\\/i0.wp.com\\\/grifk-handball.com\\\/miehet\\\/wp-content\\\/uploads\\\/sites\\\/2\\\/2017\\\/09\\\/MMA_7284.jpg?fit=1200%2C918&ssl=1\",\"datePublished\":\"2017-09-12T13:31:11+00:00\",\"dateModified\":\"2017-11-07T12:13:29+00:00\",\"description\":\"S\u00e4songstarten f\u00f6r 2017-18 \u00e4r n\u00e4rmare \u00e4n n\u00e5gonsin, men hur ser det ut i Grankulla-l\u00e4gret? Det blir en tuff s\u00e4song menar Mikko Koskue.\",\"breadcrumb\":{\"@id\":\"https:\\\/\\\/grifk-handball.com\\\/miehet\\\/2017-18\\\/ennakot-2017-18\\\/det-blir-en-tuff-sasong\\\/#breadcrumb\"},\"inLanguage\":\"fi\",\"potentialAction\":[{\"@type\":\"ReadAction\",\"target\":[\"https:\\\/\\\/grifk-handball.com\\\/miehet\\\/2017-18\\\/ennakot-2017-18\\\/det-blir-en-tuff-sasong\\\/\"]}]},{\"@type\":\"ImageObject\",\"inLanguage\":\"fi\",\"@id\":\"https:\\\/\\\/grifk-handball.com\\\/miehet\\\/2017-18\\\/ennakot-2017-18\\\/det-blir-en-tuff-sasong\\\/#primaryimage\",\"url\":\"https:\\\/\\\/i0.wp.com\\\/grifk-handball.com\\\/miehet\\\/wp-content\\\/uploads\\\/sites\\\/2\\\/2017\\\/09\\\/MMA_7284.jpg?fit=1200%2C918&ssl=1\",\"contentUrl\":\"https:\\\/\\\/i0.wp.com\\\/grifk-handball.com\\\/miehet\\\/wp-content\\\/uploads\\\/sites\\\/2\\\/2017\\\/09\\\/MMA_7284.jpg?fit=1200%2C918&ssl=1\",\"width\":1200,\"height\":918,\"caption\":\"Alexander Von Numers, GrlFK K\u00e4sipallon Suomen cup finaali 3. joulukuuta 2016. (Matti Matikainen\\\/Newspix24)\"},{\"@type\":\"BreadcrumbList\",\"@id\":\"https:\\\/\\\/grifk-handball.com\\\/miehet\\\/2017-18\\\/ennakot-2017-18\\\/det-blir-en-tuff-sasong\\\/#breadcrumb\",\"itemListElement\":[{\"@type\":\"ListItem\",\"position\":1,\"name\":\"Home\",\"item\":\"https:\\\/\\\/grifk-handball.com\\\/miehet\\\/etusivu-260109\\\/\"},{\"@type\":\"ListItem\",\"position\":2,\"name\":\"&#8221;Det blir en tuff s\u00e4song&#8221;\"}]},{\"@type\":\"WebSite\",\"@id\":\"https:\\\/\\\/grifk-handball.com\\\/miehet\\\/#website\",\"url\":\"https:\\\/\\\/grifk-handball.com\\\/miehet\\\/\",\"name\":\"GrIFK K\u00e4sipallo - miehet\",\"description\":\"BomBom!\",\"publisher\":{\"@id\":\"https:\\\/\\\/grifk-handball.com\\\/miehet\\\/#organization\"},\"potentialAction\":[{\"@type\":\"SearchAction\",\"target\":{\"@type\":\"EntryPoint\",\"urlTemplate\":\"https:\\\/\\\/grifk-handball.com\\\/miehet\\\/?s={search_term_string}\"},\"query-input\":{\"@type\":\"PropertyValueSpecification\",\"valueRequired\":true,\"valueName\":\"search_term_string\"}}],\"inLanguage\":\"fi\"},{\"@type\":\"Organization\",\"@id\":\"https:\\\/\\\/grifk-handball.com\\\/miehet\\\/#organization\",\"name\":\"GrIFK K\u00e4sipallo - miehet\",\"url\":\"https:\\\/\\\/grifk-handball.com\\\/miehet\\\/\",\"logo\":{\"@type\":\"ImageObject\",\"inLanguage\":\"fi\",\"@id\":\"https:\\\/\\\/grifk-handball.com\\\/miehet\\\/#\\\/schema\\\/logo\\\/image\\\/\",\"url\":\"https:\\\/\\\/i0.wp.com\\\/grifk-handball.com\\\/miehet\\\/wp-content\\\/uploads\\\/sites\\\/2\\\/2016\\\/10\\\/logo-grifk-iso.png?fit=1200%2C1400&ssl=1\",\"contentUrl\":\"https:\\\/\\\/i0.wp.com\\\/grifk-handball.com\\\/miehet\\\/wp-content\\\/uploads\\\/sites\\\/2\\\/2016\\\/10\\\/logo-grifk-iso.png?fit=1200%2C1400&ssl=1\",\"width\":1200,\"height\":1400,\"caption\":\"GrIFK K\u00e4sipallo - miehet\"},\"image\":{\"@id\":\"https:\\\/\\\/grifk-handball.com\\\/miehet\\\/#\\\/schema\\\/logo\\\/image\\\/\"},\"sameAs\":[\"https:\\\/\\\/www.facebook.com\\\/GrIFKelit\\\/\",\"https:\\\/\\\/x.com\\\/GrIFK_MSM\",\"https:\\\/\\\/www.instagram.com\\\/grifk_elit\\\/\"]},{\"@type\":\"Person\",\"@id\":\"https:\\\/\\\/grifk-handball.com\\\/miehet\\\/#\\\/schema\\\/person\\\/9da98c743e3f0f85a1b32f59241b48e0\",\"name\":\"granimaster\",\"image\":{\"@type\":\"ImageObject\",\"inLanguage\":\"fi\",\"@id\":\"https:\\\/\\\/secure.gravatar.com\\\/avatar\\\/034b8e6380fc659c320f13e17fe45bd9ab48a21e2debadd5f3179bde291949df?s=96&d=mm&r=g\",\"url\":\"https:\\\/\\\/secure.gravatar.com\\\/avatar\\\/034b8e6380fc659c320f13e17fe45bd9ab48a21e2debadd5f3179bde291949df?s=96&d=mm&r=g\",\"contentUrl\":\"https:\\\/\\\/secure.gravatar.com\\\/avatar\\\/034b8e6380fc659c320f13e17fe45bd9ab48a21e2debadd5f3179bde291949df?s=96&d=mm&r=g\",\"caption\":\"granimaster\"},\"url\":\"https:\\\/\\\/grifk-handball.com\\\/miehet\\\/author\\\/granimaster\\\/\"}]}<\/script>\n<!-- \/ Yoast SEO plugin. -->","yoast_head_json":{"title":"\"Det blir en tuff s\u00e4song\" &#8212; GrIFK K\u00e4sipallo - miehet","description":"S\u00e4songstarten f\u00f6r 2017-18 \u00e4r n\u00e4rmare \u00e4n n\u00e5gonsin, men hur ser det ut i Grankulla-l\u00e4gret? Det blir en tuff s\u00e4song menar Mikko Koskue.","robots":{"index":"index","follow":"follow","max-snippet":"max-snippet:-1","max-image-preview":"max-image-preview:large","max-video-preview":"max-video-preview:-1"},"canonical":"https:\/\/grifk-handball.com\/miehet\/2017-18\/ennakot-2017-18\/det-blir-en-tuff-sasong\/","og_locale":"fi_FI","og_type":"article","og_title":"\"Det blir en tuff s\u00e4song\" &#8212; GrIFK K\u00e4sipallo - miehet","og_description":"S\u00e4songstarten f\u00f6r 2017-18 \u00e4r n\u00e4rmare \u00e4n n\u00e5gonsin, men hur ser det ut i Grankulla-l\u00e4gret? Det blir en tuff s\u00e4song menar Mikko Koskue.","og_url":"https:\/\/grifk-handball.com\/miehet\/2017-18\/ennakot-2017-18\/det-blir-en-tuff-sasong\/","og_site_name":"GrIFK K\u00e4sipallo - miehet","article_publisher":"https:\/\/www.facebook.com\/GrIFKelit\/","article_published_time":"2017-09-12T13:31:11+00:00","article_modified_time":"2017-11-07T12:13:29+00:00","og_image":[{"width":1200,"height":918,"url":"https:\/\/i0.wp.com\/grifk-handball.com\/miehet\/wp-content\/uploads\/sites\/2\/2017\/09\/MMA_7284.jpg?fit=1200%2C918&ssl=1","type":"image\/jpeg"}],"author":"granimaster","twitter_card":"summary_large_image","twitter_creator":"@GrIFK_MSM","twitter_site":"@GrIFK_MSM","twitter_misc":{"Kirjoittanut":"granimaster","Arvioitu lukuaika":"4 minuuttia"},"schema":{"@context":"https:\/\/schema.org","@graph":[{"@type":"Article","@id":"https:\/\/grifk-handball.com\/miehet\/2017-18\/ennakot-2017-18\/det-blir-en-tuff-sasong\/#article","isPartOf":{"@id":"https:\/\/grifk-handball.com\/miehet\/2017-18\/ennakot-2017-18\/det-blir-en-tuff-sasong\/"},"author":{"name":"granimaster","@id":"https:\/\/grifk-handball.com\/miehet\/#\/schema\/person\/9da98c743e3f0f85a1b32f59241b48e0"},"headline":"&#8221;Det blir en tuff s\u00e4song&#8221;","datePublished":"2017-09-12T13:31:11+00:00","dateModified":"2017-11-07T12:13:29+00:00","mainEntityOfPage":{"@id":"https:\/\/grifk-handball.com\/miehet\/2017-18\/ennakot-2017-18\/det-blir-en-tuff-sasong\/"},"wordCount":731,"publisher":{"@id":"https:\/\/grifk-handball.com\/miehet\/#organization"},"image":{"@id":"https:\/\/grifk-handball.com\/miehet\/2017-18\/ennakot-2017-18\/det-blir-en-tuff-sasong\/#primaryimage"},"thumbnailUrl":"https:\/\/i0.wp.com\/grifk-handball.com\/miehet\/wp-content\/uploads\/sites\/2\/2017\/09\/MMA_7284.jpg?fit=1200%2C918&ssl=1","keywords":["#BomBom","#GrIFKHandball","GrIFK","SM-liiga"],"articleSection":["Ennakot 2017-18"],"inLanguage":"fi"},{"@type":"WebPage","@id":"https:\/\/grifk-handball.com\/miehet\/2017-18\/ennakot-2017-18\/det-blir-en-tuff-sasong\/","url":"https:\/\/grifk-handball.com\/miehet\/2017-18\/ennakot-2017-18\/det-blir-en-tuff-sasong\/","name":"\"Det blir en tuff s\u00e4song\" &#8212; GrIFK K\u00e4sipallo - miehet","isPartOf":{"@id":"https:\/\/grifk-handball.com\/miehet\/#website"},"primaryImageOfPage":{"@id":"https:\/\/grifk-handball.com\/miehet\/2017-18\/ennakot-2017-18\/det-blir-en-tuff-sasong\/#primaryimage"},"image":{"@id":"https:\/\/grifk-handball.com\/miehet\/2017-18\/ennakot-2017-18\/det-blir-en-tuff-sasong\/#primaryimage"},"thumbnailUrl":"https:\/\/i0.wp.com\/grifk-handball.com\/miehet\/wp-content\/uploads\/sites\/2\/2017\/09\/MMA_7284.jpg?fit=1200%2C918&ssl=1","datePublished":"2017-09-12T13:31:11+00:00","dateModified":"2017-11-07T12:13:29+00:00","description":"S\u00e4songstarten f\u00f6r 2017-18 \u00e4r n\u00e4rmare \u00e4n n\u00e5gonsin, men hur ser det ut i Grankulla-l\u00e4gret? Det blir en tuff s\u00e4song menar Mikko Koskue.","breadcrumb":{"@id":"https:\/\/grifk-handball.com\/miehet\/2017-18\/ennakot-2017-18\/det-blir-en-tuff-sasong\/#breadcrumb"},"inLanguage":"fi","potentialAction":[{"@type":"ReadAction","target":["https:\/\/grifk-handball.com\/miehet\/2017-18\/ennakot-2017-18\/det-blir-en-tuff-sasong\/"]}]},{"@type":"ImageObject","inLanguage":"fi","@id":"https:\/\/grifk-handball.com\/miehet\/2017-18\/ennakot-2017-18\/det-blir-en-tuff-sasong\/#primaryimage","url":"https:\/\/i0.wp.com\/grifk-handball.com\/miehet\/wp-content\/uploads\/sites\/2\/2017\/09\/MMA_7284.jpg?fit=1200%2C918&ssl=1","contentUrl":"https:\/\/i0.wp.com\/grifk-handball.com\/miehet\/wp-content\/uploads\/sites\/2\/2017\/09\/MMA_7284.jpg?fit=1200%2C918&ssl=1","width":1200,"height":918,"caption":"Alexander Von Numers, GrlFK K\u00e4sipallon Suomen cup finaali 3. joulukuuta 2016. (Matti Matikainen\/Newspix24)"},{"@type":"BreadcrumbList","@id":"https:\/\/grifk-handball.com\/miehet\/2017-18\/ennakot-2017-18\/det-blir-en-tuff-sasong\/#breadcrumb","itemListElement":[{"@type":"ListItem","position":1,"name":"Home","item":"https:\/\/grifk-handball.com\/miehet\/etusivu-260109\/"},{"@type":"ListItem","position":2,"name":"&#8221;Det blir en tuff s\u00e4song&#8221;"}]},{"@type":"WebSite","@id":"https:\/\/grifk-handball.com\/miehet\/#website","url":"https:\/\/grifk-handball.com\/miehet\/","name":"GrIFK K\u00e4sipallo - miehet","description":"BomBom!","publisher":{"@id":"https:\/\/grifk-handball.com\/miehet\/#organization"},"potentialAction":[{"@type":"SearchAction","target":{"@type":"EntryPoint","urlTemplate":"https:\/\/grifk-handball.com\/miehet\/?s={search_term_string}"},"query-input":{"@type":"PropertyValueSpecification","valueRequired":true,"valueName":"search_term_string"}}],"inLanguage":"fi"},{"@type":"Organization","@id":"https:\/\/grifk-handball.com\/miehet\/#organization","name":"GrIFK K\u00e4sipallo - miehet","url":"https:\/\/grifk-handball.com\/miehet\/","logo":{"@type":"ImageObject","inLanguage":"fi","@id":"https:\/\/grifk-handball.com\/miehet\/#\/schema\/logo\/image\/","url":"https:\/\/i0.wp.com\/grifk-handball.com\/miehet\/wp-content\/uploads\/sites\/2\/2016\/10\/logo-grifk-iso.png?fit=1200%2C1400&ssl=1","contentUrl":"https:\/\/i0.wp.com\/grifk-handball.com\/miehet\/wp-content\/uploads\/sites\/2\/2016\/10\/logo-grifk-iso.png?fit=1200%2C1400&ssl=1","width":1200,"height":1400,"caption":"GrIFK K\u00e4sipallo - miehet"},"image":{"@id":"https:\/\/grifk-handball.com\/miehet\/#\/schema\/logo\/image\/"},"sameAs":["https:\/\/www.facebook.com\/GrIFKelit\/","https:\/\/x.com\/GrIFK_MSM","https:\/\/www.instagram.com\/grifk_elit\/"]},{"@type":"Person","@id":"https:\/\/grifk-handball.com\/miehet\/#\/schema\/person\/9da98c743e3f0f85a1b32f59241b48e0","name":"granimaster","image":{"@type":"ImageObject","inLanguage":"fi","@id":"https:\/\/secure.gravatar.com\/avatar\/034b8e6380fc659c320f13e17fe45bd9ab48a21e2debadd5f3179bde291949df?s=96&d=mm&r=g","url":"https:\/\/secure.gravatar.com\/avatar\/034b8e6380fc659c320f13e17fe45bd9ab48a21e2debadd5f3179bde291949df?s=96&d=mm&r=g","contentUrl":"https:\/\/secure.gravatar.com\/avatar\/034b8e6380fc659c320f13e17fe45bd9ab48a21e2debadd5f3179bde291949df?s=96&d=mm&r=g","caption":"granimaster"},"url":"https:\/\/grifk-handball.com\/miehet\/author\/granimaster\/"}]}},"jetpack_shortlink":"https:\/\/wp.me\/p9jQ9a-1bh","jetpack_featured_media_url":"https:\/\/i0.wp.com\/grifk-handball.com\/miehet\/wp-content\/uploads\/sites\/2\/2017\/09\/MMA_7284.jpg?fit=1200%2C918&ssl=1","_links":{"self":[{"href":"https:\/\/grifk-handball.com\/miehet\/wp-json\/wp\/v2\/posts\/4543","targetHints":{"allow":["GET"]}}],"collection":[{"href":"https:\/\/grifk-handball.com\/miehet\/wp-json\/wp\/v2\/posts"}],"about":[{"href":"https:\/\/grifk-handball.com\/miehet\/wp-json\/wp\/v2\/types\/post"}],"author":[{"embeddable":true,"href":"https:\/\/grifk-handball.com\/miehet\/wp-json\/wp\/v2\/users\/1"}],"replies":[{"embeddable":true,"href":"https:\/\/grifk-handball.com\/miehet\/wp-json\/wp\/v2\/comments?post=4543"}],"version-history":[{"count":0,"href":"https:\/\/grifk-handball.com\/miehet\/wp-json\/wp\/v2\/posts\/4543\/revisions"}],"wp:featuredmedia":[{"embeddable":true,"href":"https:\/\/grifk-handball.com\/miehet\/wp-json\/wp\/v2\/media\/4369"}],"wp:attachment":[{"href":"https:\/\/grifk-handball.com\/miehet\/wp-json\/wp\/v2\/media?parent=4543"}],"wp:term":[{"taxonomy":"category","embeddable":true,"href":"https:\/\/grifk-handball.com\/miehet\/wp-json\/wp\/v2\/categories?post=4543"},{"taxonomy":"post_tag","embeddable":true,"href":"https:\/\/grifk-handball.com\/miehet\/wp-json\/wp\/v2\/tags?post=4543"}],"curies":[{"name":"wp","href":"https:\/\/api.w.org\/{rel}","templated":true}]}}