{"id":4558,"date":"2017-09-13T14:45:50","date_gmt":"2017-09-13T11:45:50","guid":{"rendered":"https:\/\/grifk-handball.com\/?p=4558"},"modified":"2017-12-14T10:39:11","modified_gmt":"2017-12-14T08:39:11","slug":"kamrat-derby-helsingfors","status":"publish","type":"post","link":"https:\/\/grifk-handball.com\/miehet\/2017-18\/ennakot-2017-18\/kamrat-derby-helsingfors\/","title":{"rendered":"S\u00e4songstart och kamrat-derby i Helsingfors"},"content":{"rendered":"<p>FM-liga serien 2017-18 startar idag f\u00f6r huvudstadsregionens b\u00e5da kamrat-lag d\u00e5 de m\u00f6ts i Helsingfors Idrottshus med start kl. 19.00.<\/p>\n<p><!--more--><\/p>\n<p>Det \u00e4r inte vilken onsdagsmorgon som helst, f\u00f6r det \u00e4r matchdag och seriestart idag och dagen till \u00e4ra m\u00f6tte vi fr\u00e5n media-teamet upp <strong>nygamle liganykomlingen Jan Stolt<\/strong> f\u00f6r en kort intervju.<\/p>\n<p>***<br \/>\n<strong>Tjena Janne! Hur k\u00e4nns det nu s\u00e5h\u00e4r en dag innan seriestarten? \u00c4r laget i takt och redo f\u00f6r detta?<\/strong><br \/>\n<em>\u00c4ven om det p\u00e5 ett personligt plan k\u00e4nns lite pirrigt att vara tillbaka i finrummet, s\u00e5 \u00e4r resten av truppen ytterst samlad och i balans.<\/em><\/p>\n<p><strong>Hur sv\u00e5rt \u00e4r det att m\u00f6ta ett Helsingfors IFK i s\u00e4songs\u00f6ppningen p\u00e5 bortaplan?<\/strong><br \/>\n<em>Att m\u00f6ta HIFK i UT p\u00e5 deras basketplan \u00e4r knappast en dr\u00f6m\u00f6ppning f\u00f6r n\u00e5gon, men samtidigt \u00e4r det sk\u00f6nt att f\u00e5 m\u00e4ta upp sig mot ett lag fr\u00e5n seriens mellanskikt direkt.<\/em><\/p>\n<p><strong>Hur kommer matchen att sluta? Jublar de gr\u00f6nvita eller r\u00f6da efter sista visslingen?<\/strong><br \/>\n<em>Var inte det d\u00e4r en lite dum fr\u00e5ga..?<\/em><\/p>\n<p><strong>Sry, vad kommer v\u00e5ra fans som tar sig till Idrottshuset ikv\u00e4ll att f\u00e5 se?<\/strong><br \/>\n<em>V\u00e5ra supportrar kommer att f\u00e5r se ett laddat Gr\u00f6n-Vitt och en riktigt sp\u00e4nnande mix av styrka och sk\u00f6nhet! <strong>*brett leende*<\/strong><\/em><\/p>\n<p>***<\/p>\n<p>HIFK har varit aktiva p\u00e5 spelarmarknaden i sommar och jobbat p\u00e5 bredden i laget. Landslagsmeriterade <strong>playmakern Kristian Jansso<\/strong>n styr upp spelet och <strong>trion Protcenko-Zujic-Shevchenko<\/strong> har skottbiljetter s\u00e5 att det r\u00e4cker och blir \u00f6ver. P\u00e5 nyf\u00f6rv\u00e4rvs listan hittar vi v\u00e4nsterh\u00e4nte h\u00f6gerkanten <strong>Vili Mattila<\/strong> fr\u00e5n Dynamo Riihim\u00e4ki och p\u00e5 motsatta sidan <strong>Olli Tamminen<\/strong> fr\u00e5n \u00c5bo IFK. N\u00e5gra andra riktigt intressanta pj\u00e4ser som ocks\u00e5 valt att g\u00f6ra comeback till landets h\u00f6gsta liga \u00e4r <strong>Tom Lindstr\u00f6m, Joonas Leisio<\/strong> och <strong>Mika Siv\u00e9n<\/strong>, hur mycket HIFK:s tr\u00e4nare kommer att anv\u00e4nda de tv\u00e5 sistn\u00e4mnda \u00e4r \u00e4nnu ett fr\u00e5getecken. St\u00f6rsta utropstecknet f\u00f6r HIFK i \u00e5r \u00e4r kanske \u00e4nd\u00e5 <strong>meriterade tr\u00e4naren och spelaren med f\u00f6rflutet i Riihim\u00e4en Cocks, Rostislav Grinishin<\/strong>. Rostislav meddellade p\u00e5 f\u00f6rbundets presskonferens att m\u00e5ls\u00e4ttningen f\u00f6r i \u00e5r \u00e4r att jobba p\u00e5 det mentala planet och f\u00e5 HIFK att sluta underprestera.<\/p>\n<p>GrIFK \u00e5ker till Helsingfors Idrottshus med en bra pre-season bakom sig och \u00e4r redo. Inga po\u00e4ng \u00e4r gratis och speciellt inte i Idrottshuset mot ett taggat HIFK, men tv\u00e5 po\u00e4ng vill vi ha med oss hem till Grankulla.<\/p>\n<p>***<\/p>\n<p><strong>HIFK &#8211; GrIFK<\/strong><br \/>\n<em>Helsingfors Idrottshus<br \/>\n13.9.2017 kl. 19.00<\/em><\/p>\n<p>L\u00e4nk till Facebook evenemanget hittar ni <a href=\"https:\/\/www.facebook.com\/events\/183379375537635\/?acontext=%7B%22source%22%3A3%2C%22source_newsfeed_story_type%22%3A%22regular%22%2C%22action_history%22%3A%22[%7B%5C%22surface%5C%22%3A%5C%22newsfeed%5C%22%2C%5C%22mechanism%5C%22%3A%5C%22feed_story%5C%22%2C%5C%22extra_data%5C%22%3A[]%7D]%22%2C%22has_source%22%3Atrue%7D&amp;source=3&amp;source_newsfeed_story_type=regular&amp;action_history=[%7B%22surface%22%3A%22newsfeed%22%2C%22mechanism%22%3A%22feed_story%22%2C%22extra_data%22%3A[]%7D]&amp;has_source=1&amp;hc_ref=ARR5Q1YL4twnP5IAFtrSLL_SulvvmaPOtGuTytVw7SEiFffDZzCuPtjX-yA7rqoJ_pI\">h\u00e4r<\/a>.<\/p>\n","protected":false},"excerpt":{"rendered":"<p>FM-liga serien 2017-18 startar idag f\u00f6r huvudstadsregionens b\u00e5da kamrat-lag d\u00e5 de m\u00f6ts i Helsingfors Idrottshus med start kl. 19.00.<\/p>\n","protected":false},"author":1,"featured_media":2099,"comment_status":"closed","ping_status":"open","sticky":false,"template":"","format":"standard","meta":{"_acf_changed":false,"footnotes":""},"categories":[9],"tags":[12,25,29,38,41],"class_list":["post-4558","post","type-post","status-publish","format-standard","has-post-thumbnail","hentry","category-ennakot-2017-18","tag-bombom","tag-grifk","tag-hifk","tag-runkosarja","tag-sm-liiga"],"acf":[],"yoast_head":"<!-- This site is optimized with the Yoast SEO plugin v27.5 - https:\/\/yoast.com\/product\/yoast-seo-wordpress\/ -->\n<title>S\u00e4songstart och kamrat-derby i Helsingfors &#8212; GrIFK K\u00e4sipallo - miehet<\/title>\n<meta name=\"description\" content=\"FM-liga serien 2017-18 startar idag f\u00f6r huvudstadsregionens b\u00e5da kamrat-lag d\u00e5 de m\u00f6ts i Helsingfors Idrottshus med start kl. 19.00.\" \/>\n<meta name=\"robots\" content=\"index, follow, max-snippet:-1, max-image-preview:large, max-video-preview:-1\" \/>\n<link rel=\"canonical\" href=\"https:\/\/grifk-handball.com\/miehet\/2017-18\/ennakot-2017-18\/kamrat-derby-helsingfors\/\" \/>\n<meta property=\"og:locale\" content=\"fi_FI\" \/>\n<meta property=\"og:type\" content=\"article\" \/>\n<meta property=\"og:title\" content=\"S\u00e4songstart och kamrat-derby i Helsingfors &#8212; GrIFK K\u00e4sipallo - miehet\" \/>\n<meta property=\"og:description\" content=\"FM-liga serien 2017-18 startar idag f\u00f6r huvudstadsregionens b\u00e5da kamrat-lag d\u00e5 de m\u00f6ts i Helsingfors Idrottshus med start kl. 19.00.\" \/>\n<meta property=\"og:url\" content=\"https:\/\/grifk-handball.com\/miehet\/2017-18\/ennakot-2017-18\/kamrat-derby-helsingfors\/\" \/>\n<meta property=\"og:site_name\" content=\"GrIFK K\u00e4sipallo - miehet\" \/>\n<meta property=\"article:publisher\" content=\"https:\/\/www.facebook.com\/GrIFKelit\/\" \/>\n<meta property=\"article:published_time\" content=\"2017-09-13T11:45:50+00:00\" \/>\n<meta property=\"article:modified_time\" content=\"2017-12-14T08:39:11+00:00\" \/>\n<meta property=\"og:image\" content=\"https:\/\/i0.wp.com\/grifk-handball.com\/miehet\/wp-content\/uploads\/sites\/2\/2016\/07\/sponssit-paidassa.jpg?fit=1385%2C744&ssl=1\" \/>\n\t<meta property=\"og:image:width\" content=\"1385\" \/>\n\t<meta property=\"og:image:height\" content=\"744\" \/>\n\t<meta property=\"og:image:type\" content=\"image\/jpeg\" \/>\n<meta name=\"author\" content=\"granimaster\" \/>\n<meta name=\"twitter:card\" content=\"summary_large_image\" \/>\n<meta name=\"twitter:creator\" content=\"@GrIFK_MSM\" \/>\n<meta name=\"twitter:site\" content=\"@GrIFK_MSM\" \/>\n<meta name=\"twitter:label1\" content=\"Kirjoittanut\" \/>\n\t<meta name=\"twitter:data1\" content=\"granimaster\" \/>\n\t<meta name=\"twitter:label2\" content=\"Arvioitu lukuaika\" \/>\n\t<meta name=\"twitter:data2\" content=\"2 minuuttia\" \/>\n<script type=\"application\/ld+json\" class=\"yoast-schema-graph\">{\"@context\":\"https:\\\/\\\/schema.org\",\"@graph\":[{\"@type\":\"Article\",\"@id\":\"https:\\\/\\\/grifk-handball.com\\\/miehet\\\/2017-18\\\/ennakot-2017-18\\\/kamrat-derby-helsingfors\\\/#article\",\"isPartOf\":{\"@id\":\"https:\\\/\\\/grifk-handball.com\\\/miehet\\\/2017-18\\\/ennakot-2017-18\\\/kamrat-derby-helsingfors\\\/\"},\"author\":{\"name\":\"granimaster\",\"@id\":\"https:\\\/\\\/grifk-handball.com\\\/miehet\\\/#\\\/schema\\\/person\\\/9da98c743e3f0f85a1b32f59241b48e0\"},\"headline\":\"S\u00e4songstart och kamrat-derby i Helsingfors\",\"datePublished\":\"2017-09-13T11:45:50+00:00\",\"dateModified\":\"2017-12-14T08:39:11+00:00\",\"mainEntityOfPage\":{\"@id\":\"https:\\\/\\\/grifk-handball.com\\\/miehet\\\/2017-18\\\/ennakot-2017-18\\\/kamrat-derby-helsingfors\\\/\"},\"wordCount\":451,\"publisher\":{\"@id\":\"https:\\\/\\\/grifk-handball.com\\\/miehet\\\/#organization\"},\"image\":{\"@id\":\"https:\\\/\\\/grifk-handball.com\\\/miehet\\\/2017-18\\\/ennakot-2017-18\\\/kamrat-derby-helsingfors\\\/#primaryimage\"},\"thumbnailUrl\":\"https:\\\/\\\/i0.wp.com\\\/grifk-handball.com\\\/miehet\\\/wp-content\\\/uploads\\\/sites\\\/2\\\/2016\\\/07\\\/sponssit-paidassa.jpg?fit=1385%2C744&ssl=1\",\"keywords\":[\"#BomBom\",\"GrIFK\",\"HIFK\",\"Runkosarja\",\"SM-liiga\"],\"articleSection\":[\"Ennakot 2017-18\"],\"inLanguage\":\"fi\"},{\"@type\":\"WebPage\",\"@id\":\"https:\\\/\\\/grifk-handball.com\\\/miehet\\\/2017-18\\\/ennakot-2017-18\\\/kamrat-derby-helsingfors\\\/\",\"url\":\"https:\\\/\\\/grifk-handball.com\\\/miehet\\\/2017-18\\\/ennakot-2017-18\\\/kamrat-derby-helsingfors\\\/\",\"name\":\"S\u00e4songstart och kamrat-derby i Helsingfors &#8212; GrIFK K\u00e4sipallo - miehet\",\"isPartOf\":{\"@id\":\"https:\\\/\\\/grifk-handball.com\\\/miehet\\\/#website\"},\"primaryImageOfPage\":{\"@id\":\"https:\\\/\\\/grifk-handball.com\\\/miehet\\\/2017-18\\\/ennakot-2017-18\\\/kamrat-derby-helsingfors\\\/#primaryimage\"},\"image\":{\"@id\":\"https:\\\/\\\/grifk-handball.com\\\/miehet\\\/2017-18\\\/ennakot-2017-18\\\/kamrat-derby-helsingfors\\\/#primaryimage\"},\"thumbnailUrl\":\"https:\\\/\\\/i0.wp.com\\\/grifk-handball.com\\\/miehet\\\/wp-content\\\/uploads\\\/sites\\\/2\\\/2016\\\/07\\\/sponssit-paidassa.jpg?fit=1385%2C744&ssl=1\",\"datePublished\":\"2017-09-13T11:45:50+00:00\",\"dateModified\":\"2017-12-14T08:39:11+00:00\",\"description\":\"FM-liga serien 2017-18 startar idag f\u00f6r huvudstadsregionens b\u00e5da kamrat-lag d\u00e5 de m\u00f6ts i Helsingfors Idrottshus med start kl. 19.00.\",\"breadcrumb\":{\"@id\":\"https:\\\/\\\/grifk-handball.com\\\/miehet\\\/2017-18\\\/ennakot-2017-18\\\/kamrat-derby-helsingfors\\\/#breadcrumb\"},\"inLanguage\":\"fi\",\"potentialAction\":[{\"@type\":\"ReadAction\",\"target\":[\"https:\\\/\\\/grifk-handball.com\\\/miehet\\\/2017-18\\\/ennakot-2017-18\\\/kamrat-derby-helsingfors\\\/\"]}]},{\"@type\":\"ImageObject\",\"inLanguage\":\"fi\",\"@id\":\"https:\\\/\\\/grifk-handball.com\\\/miehet\\\/2017-18\\\/ennakot-2017-18\\\/kamrat-derby-helsingfors\\\/#primaryimage\",\"url\":\"https:\\\/\\\/i0.wp.com\\\/grifk-handball.com\\\/miehet\\\/wp-content\\\/uploads\\\/sites\\\/2\\\/2016\\\/07\\\/sponssit-paidassa.jpg?fit=1385%2C744&ssl=1\",\"contentUrl\":\"https:\\\/\\\/i0.wp.com\\\/grifk-handball.com\\\/miehet\\\/wp-content\\\/uploads\\\/sites\\\/2\\\/2016\\\/07\\\/sponssit-paidassa.jpg?fit=1385%2C744&ssl=1\",\"width\":1385,\"height\":744},{\"@type\":\"BreadcrumbList\",\"@id\":\"https:\\\/\\\/grifk-handball.com\\\/miehet\\\/2017-18\\\/ennakot-2017-18\\\/kamrat-derby-helsingfors\\\/#breadcrumb\",\"itemListElement\":[{\"@type\":\"ListItem\",\"position\":1,\"name\":\"Home\",\"item\":\"https:\\\/\\\/grifk-handball.com\\\/miehet\\\/etusivu-260109\\\/\"},{\"@type\":\"ListItem\",\"position\":2,\"name\":\"S\u00e4songstart och kamrat-derby i Helsingfors\"}]},{\"@type\":\"WebSite\",\"@id\":\"https:\\\/\\\/grifk-handball.com\\\/miehet\\\/#website\",\"url\":\"https:\\\/\\\/grifk-handball.com\\\/miehet\\\/\",\"name\":\"GrIFK K\u00e4sipallo - miehet\",\"description\":\"BomBom!\",\"publisher\":{\"@id\":\"https:\\\/\\\/grifk-handball.com\\\/miehet\\\/#organization\"},\"potentialAction\":[{\"@type\":\"SearchAction\",\"target\":{\"@type\":\"EntryPoint\",\"urlTemplate\":\"https:\\\/\\\/grifk-handball.com\\\/miehet\\\/?s={search_term_string}\"},\"query-input\":{\"@type\":\"PropertyValueSpecification\",\"valueRequired\":true,\"valueName\":\"search_term_string\"}}],\"inLanguage\":\"fi\"},{\"@type\":\"Organization\",\"@id\":\"https:\\\/\\\/grifk-handball.com\\\/miehet\\\/#organization\",\"name\":\"GrIFK K\u00e4sipallo - miehet\",\"url\":\"https:\\\/\\\/grifk-handball.com\\\/miehet\\\/\",\"logo\":{\"@type\":\"ImageObject\",\"inLanguage\":\"fi\",\"@id\":\"https:\\\/\\\/grifk-handball.com\\\/miehet\\\/#\\\/schema\\\/logo\\\/image\\\/\",\"url\":\"https:\\\/\\\/i0.wp.com\\\/grifk-handball.com\\\/miehet\\\/wp-content\\\/uploads\\\/sites\\\/2\\\/2016\\\/10\\\/logo-grifk-iso.png?fit=1200%2C1400&ssl=1\",\"contentUrl\":\"https:\\\/\\\/i0.wp.com\\\/grifk-handball.com\\\/miehet\\\/wp-content\\\/uploads\\\/sites\\\/2\\\/2016\\\/10\\\/logo-grifk-iso.png?fit=1200%2C1400&ssl=1\",\"width\":1200,\"height\":1400,\"caption\":\"GrIFK K\u00e4sipallo - miehet\"},\"image\":{\"@id\":\"https:\\\/\\\/grifk-handball.com\\\/miehet\\\/#\\\/schema\\\/logo\\\/image\\\/\"},\"sameAs\":[\"https:\\\/\\\/www.facebook.com\\\/GrIFKelit\\\/\",\"https:\\\/\\\/x.com\\\/GrIFK_MSM\",\"https:\\\/\\\/www.instagram.com\\\/grifk_elit\\\/\"]},{\"@type\":\"Person\",\"@id\":\"https:\\\/\\\/grifk-handball.com\\\/miehet\\\/#\\\/schema\\\/person\\\/9da98c743e3f0f85a1b32f59241b48e0\",\"name\":\"granimaster\",\"image\":{\"@type\":\"ImageObject\",\"inLanguage\":\"fi\",\"@id\":\"https:\\\/\\\/secure.gravatar.com\\\/avatar\\\/034b8e6380fc659c320f13e17fe45bd9ab48a21e2debadd5f3179bde291949df?s=96&d=mm&r=g\",\"url\":\"https:\\\/\\\/secure.gravatar.com\\\/avatar\\\/034b8e6380fc659c320f13e17fe45bd9ab48a21e2debadd5f3179bde291949df?s=96&d=mm&r=g\",\"contentUrl\":\"https:\\\/\\\/secure.gravatar.com\\\/avatar\\\/034b8e6380fc659c320f13e17fe45bd9ab48a21e2debadd5f3179bde291949df?s=96&d=mm&r=g\",\"caption\":\"granimaster\"},\"url\":\"https:\\\/\\\/grifk-handball.com\\\/miehet\\\/author\\\/granimaster\\\/\"}]}<\/script>\n<!-- \/ Yoast SEO plugin. -->","yoast_head_json":{"title":"S\u00e4songstart och kamrat-derby i Helsingfors &#8212; GrIFK K\u00e4sipallo - miehet","description":"FM-liga serien 2017-18 startar idag f\u00f6r huvudstadsregionens b\u00e5da kamrat-lag d\u00e5 de m\u00f6ts i Helsingfors Idrottshus med start kl. 19.00.","robots":{"index":"index","follow":"follow","max-snippet":"max-snippet:-1","max-image-preview":"max-image-preview:large","max-video-preview":"max-video-preview:-1"},"canonical":"https:\/\/grifk-handball.com\/miehet\/2017-18\/ennakot-2017-18\/kamrat-derby-helsingfors\/","og_locale":"fi_FI","og_type":"article","og_title":"S\u00e4songstart och kamrat-derby i Helsingfors &#8212; GrIFK K\u00e4sipallo - miehet","og_description":"FM-liga serien 2017-18 startar idag f\u00f6r huvudstadsregionens b\u00e5da kamrat-lag d\u00e5 de m\u00f6ts i Helsingfors Idrottshus med start kl. 19.00.","og_url":"https:\/\/grifk-handball.com\/miehet\/2017-18\/ennakot-2017-18\/kamrat-derby-helsingfors\/","og_site_name":"GrIFK K\u00e4sipallo - miehet","article_publisher":"https:\/\/www.facebook.com\/GrIFKelit\/","article_published_time":"2017-09-13T11:45:50+00:00","article_modified_time":"2017-12-14T08:39:11+00:00","og_image":[{"width":1385,"height":744,"url":"https:\/\/i0.wp.com\/grifk-handball.com\/miehet\/wp-content\/uploads\/sites\/2\/2016\/07\/sponssit-paidassa.jpg?fit=1385%2C744&ssl=1","type":"image\/jpeg"}],"author":"granimaster","twitter_card":"summary_large_image","twitter_creator":"@GrIFK_MSM","twitter_site":"@GrIFK_MSM","twitter_misc":{"Kirjoittanut":"granimaster","Arvioitu lukuaika":"2 minuuttia"},"schema":{"@context":"https:\/\/schema.org","@graph":[{"@type":"Article","@id":"https:\/\/grifk-handball.com\/miehet\/2017-18\/ennakot-2017-18\/kamrat-derby-helsingfors\/#article","isPartOf":{"@id":"https:\/\/grifk-handball.com\/miehet\/2017-18\/ennakot-2017-18\/kamrat-derby-helsingfors\/"},"author":{"name":"granimaster","@id":"https:\/\/grifk-handball.com\/miehet\/#\/schema\/person\/9da98c743e3f0f85a1b32f59241b48e0"},"headline":"S\u00e4songstart och kamrat-derby i Helsingfors","datePublished":"2017-09-13T11:45:50+00:00","dateModified":"2017-12-14T08:39:11+00:00","mainEntityOfPage":{"@id":"https:\/\/grifk-handball.com\/miehet\/2017-18\/ennakot-2017-18\/kamrat-derby-helsingfors\/"},"wordCount":451,"publisher":{"@id":"https:\/\/grifk-handball.com\/miehet\/#organization"},"image":{"@id":"https:\/\/grifk-handball.com\/miehet\/2017-18\/ennakot-2017-18\/kamrat-derby-helsingfors\/#primaryimage"},"thumbnailUrl":"https:\/\/i0.wp.com\/grifk-handball.com\/miehet\/wp-content\/uploads\/sites\/2\/2016\/07\/sponssit-paidassa.jpg?fit=1385%2C744&ssl=1","keywords":["#BomBom","GrIFK","HIFK","Runkosarja","SM-liiga"],"articleSection":["Ennakot 2017-18"],"inLanguage":"fi"},{"@type":"WebPage","@id":"https:\/\/grifk-handball.com\/miehet\/2017-18\/ennakot-2017-18\/kamrat-derby-helsingfors\/","url":"https:\/\/grifk-handball.com\/miehet\/2017-18\/ennakot-2017-18\/kamrat-derby-helsingfors\/","name":"S\u00e4songstart och kamrat-derby i Helsingfors &#8212; GrIFK K\u00e4sipallo - miehet","isPartOf":{"@id":"https:\/\/grifk-handball.com\/miehet\/#website"},"primaryImageOfPage":{"@id":"https:\/\/grifk-handball.com\/miehet\/2017-18\/ennakot-2017-18\/kamrat-derby-helsingfors\/#primaryimage"},"image":{"@id":"https:\/\/grifk-handball.com\/miehet\/2017-18\/ennakot-2017-18\/kamrat-derby-helsingfors\/#primaryimage"},"thumbnailUrl":"https:\/\/i0.wp.com\/grifk-handball.com\/miehet\/wp-content\/uploads\/sites\/2\/2016\/07\/sponssit-paidassa.jpg?fit=1385%2C744&ssl=1","datePublished":"2017-09-13T11:45:50+00:00","dateModified":"2017-12-14T08:39:11+00:00","description":"FM-liga serien 2017-18 startar idag f\u00f6r huvudstadsregionens b\u00e5da kamrat-lag d\u00e5 de m\u00f6ts i Helsingfors Idrottshus med start kl. 19.00.","breadcrumb":{"@id":"https:\/\/grifk-handball.com\/miehet\/2017-18\/ennakot-2017-18\/kamrat-derby-helsingfors\/#breadcrumb"},"inLanguage":"fi","potentialAction":[{"@type":"ReadAction","target":["https:\/\/grifk-handball.com\/miehet\/2017-18\/ennakot-2017-18\/kamrat-derby-helsingfors\/"]}]},{"@type":"ImageObject","inLanguage":"fi","@id":"https:\/\/grifk-handball.com\/miehet\/2017-18\/ennakot-2017-18\/kamrat-derby-helsingfors\/#primaryimage","url":"https:\/\/i0.wp.com\/grifk-handball.com\/miehet\/wp-content\/uploads\/sites\/2\/2016\/07\/sponssit-paidassa.jpg?fit=1385%2C744&ssl=1","contentUrl":"https:\/\/i0.wp.com\/grifk-handball.com\/miehet\/wp-content\/uploads\/sites\/2\/2016\/07\/sponssit-paidassa.jpg?fit=1385%2C744&ssl=1","width":1385,"height":744},{"@type":"BreadcrumbList","@id":"https:\/\/grifk-handball.com\/miehet\/2017-18\/ennakot-2017-18\/kamrat-derby-helsingfors\/#breadcrumb","itemListElement":[{"@type":"ListItem","position":1,"name":"Home","item":"https:\/\/grifk-handball.com\/miehet\/etusivu-260109\/"},{"@type":"ListItem","position":2,"name":"S\u00e4songstart och kamrat-derby i Helsingfors"}]},{"@type":"WebSite","@id":"https:\/\/grifk-handball.com\/miehet\/#website","url":"https:\/\/grifk-handball.com\/miehet\/","name":"GrIFK K\u00e4sipallo - miehet","description":"BomBom!","publisher":{"@id":"https:\/\/grifk-handball.com\/miehet\/#organization"},"potentialAction":[{"@type":"SearchAction","target":{"@type":"EntryPoint","urlTemplate":"https:\/\/grifk-handball.com\/miehet\/?s={search_term_string}"},"query-input":{"@type":"PropertyValueSpecification","valueRequired":true,"valueName":"search_term_string"}}],"inLanguage":"fi"},{"@type":"Organization","@id":"https:\/\/grifk-handball.com\/miehet\/#organization","name":"GrIFK K\u00e4sipallo - miehet","url":"https:\/\/grifk-handball.com\/miehet\/","logo":{"@type":"ImageObject","inLanguage":"fi","@id":"https:\/\/grifk-handball.com\/miehet\/#\/schema\/logo\/image\/","url":"https:\/\/i0.wp.com\/grifk-handball.com\/miehet\/wp-content\/uploads\/sites\/2\/2016\/10\/logo-grifk-iso.png?fit=1200%2C1400&ssl=1","contentUrl":"https:\/\/i0.wp.com\/grifk-handball.com\/miehet\/wp-content\/uploads\/sites\/2\/2016\/10\/logo-grifk-iso.png?fit=1200%2C1400&ssl=1","width":1200,"height":1400,"caption":"GrIFK K\u00e4sipallo - miehet"},"image":{"@id":"https:\/\/grifk-handball.com\/miehet\/#\/schema\/logo\/image\/"},"sameAs":["https:\/\/www.facebook.com\/GrIFKelit\/","https:\/\/x.com\/GrIFK_MSM","https:\/\/www.instagram.com\/grifk_elit\/"]},{"@type":"Person","@id":"https:\/\/grifk-handball.com\/miehet\/#\/schema\/person\/9da98c743e3f0f85a1b32f59241b48e0","name":"granimaster","image":{"@type":"ImageObject","inLanguage":"fi","@id":"https:\/\/secure.gravatar.com\/avatar\/034b8e6380fc659c320f13e17fe45bd9ab48a21e2debadd5f3179bde291949df?s=96&d=mm&r=g","url":"https:\/\/secure.gravatar.com\/avatar\/034b8e6380fc659c320f13e17fe45bd9ab48a21e2debadd5f3179bde291949df?s=96&d=mm&r=g","contentUrl":"https:\/\/secure.gravatar.com\/avatar\/034b8e6380fc659c320f13e17fe45bd9ab48a21e2debadd5f3179bde291949df?s=96&d=mm&r=g","caption":"granimaster"},"url":"https:\/\/grifk-handball.com\/miehet\/author\/granimaster\/"}]}},"jetpack_featured_media_url":"https:\/\/i0.wp.com\/grifk-handball.com\/miehet\/wp-content\/uploads\/sites\/2\/2016\/07\/sponssit-paidassa.jpg?fit=1385%2C744&ssl=1","jetpack_shortlink":"https:\/\/wp.me\/p9jQ9a-1bw","_links":{"self":[{"href":"https:\/\/grifk-handball.com\/miehet\/wp-json\/wp\/v2\/posts\/4558","targetHints":{"allow":["GET"]}}],"collection":[{"href":"https:\/\/grifk-handball.com\/miehet\/wp-json\/wp\/v2\/posts"}],"about":[{"href":"https:\/\/grifk-handball.com\/miehet\/wp-json\/wp\/v2\/types\/post"}],"author":[{"embeddable":true,"href":"https:\/\/grifk-handball.com\/miehet\/wp-json\/wp\/v2\/users\/1"}],"replies":[{"embeddable":true,"href":"https:\/\/grifk-handball.com\/miehet\/wp-json\/wp\/v2\/comments?post=4558"}],"version-history":[{"count":0,"href":"https:\/\/grifk-handball.com\/miehet\/wp-json\/wp\/v2\/posts\/4558\/revisions"}],"wp:featuredmedia":[{"embeddable":true,"href":"https:\/\/grifk-handball.com\/miehet\/wp-json\/wp\/v2\/media\/2099"}],"wp:attachment":[{"href":"https:\/\/grifk-handball.com\/miehet\/wp-json\/wp\/v2\/media?parent=4558"}],"wp:term":[{"taxonomy":"category","embeddable":true,"href":"https:\/\/grifk-handball.com\/miehet\/wp-json\/wp\/v2\/categories?post=4558"},{"taxonomy":"post_tag","embeddable":true,"href":"https:\/\/grifk-handball.com\/miehet\/wp-json\/wp\/v2\/tags?post=4558"}],"curies":[{"name":"wp","href":"https:\/\/api.w.org\/{rel}","templated":true}]}}