{"id":61094,"date":"2024-09-19T14:57:42","date_gmt":"2024-09-19T11:57:42","guid":{"rendered":"https:\/\/grifk-handball.com\/miehet\/?p=61094"},"modified":"2024-10-26T11:07:10","modified_gmt":"2024-10-26T08:07:10","slug":"kotiavaus-lauantaina-luolassa-grifk-ja-bk-46-kaksin-kappalein","status":"publish","type":"post","link":"https:\/\/grifk-handball.com\/miehet\/kausi-2024-25\/ennakot-2024-25\/kotiavaus-lauantaina-luolassa-grifk-ja-bk-46-kaksin-kappalein\/","title":{"rendered":"Kotiavaus lauantaina Luolassa &#8211; GrIFK ja BK-46 kaksin kappalein"},"content":{"rendered":"<p><strong>Aktialiiga saapuu lauantaina Kauniaisiin kahden ottelun voimin. Kello 13:30 naisten sarjassa kohtaavat GrIFK ja BK-46, ja heti per\u00e4\u00e4n kello 16 areenalle astelevat samojen seurojen miesten edustusjoukkueet.<br \/>\n<\/strong><\/p>\n<p><!--more--><br \/>\n&#8211; Siit\u00e4 tulee varmasti todella vaikea ottelu. Viime vuoden mestari jyr\u00e4si Cocksin kahdesti viime viikonloppuna ja n\u00e4ytti eritt\u00e4in hyv\u00e4lt\u00e4, joten siit\u00e4 tulee varmasti kova koitos. Teemme t\u00f6it\u00e4 hyv\u00e4n suorituksen eteen, sanoo GrIFK:n uusi p\u00e4\u00e4valmentaja H\u00e5kon Nerdrum.<\/p>\n<p>Kumpikin joukkue haki liigarytmin tahteja viime viikonloppuna kahden ottelun verran. Kolme per\u00e4kk\u00e4ist\u00e4 Suomen mestaruutta voittanut BK on alkaneen kauden suurin mestarisuosikki, ja vankisti ennakkoveikkailuja esiintym\u00e4ll\u00e4 vakuuttavasti pahimmaksi haastajakseen nostettua Cocksia vastaan, joka sai palata Riihim\u00e4elle molemmista peleist\u00e4 tappiot niskassaan.<\/p>\n<p>Huomattavasti v\u00e4hemm\u00e4n parranp\u00e4rin\u00e4\u00e4 aiheuttivat Turussa pelattu tupla \u00c5IFK:n ja GrIFK:n v\u00e4lill\u00e4. IFK:t jakoivat voitot kun Grani voitti perjantaina 30-29 ja \u00c5IFK lauantaina 22-20. Tappioon p\u00e4\u00e4ttyneen ottelun isoin ongelma n\u00e4kyy lopputuloksessa varsin selv\u00e4sti: 20 maalia ei nykyk\u00e4sipallossa riit\u00e4 mink\u00e4\u00e4n ottelun voittoon.<\/p>\n<p>&#8211; Meid\u00e4n pelimme ailahteli kovasti Turussa, joten meid\u00e4n t\u00e4ytyy jatkaa ty\u00f6ntekoa, jotta saamme suorituksiimme tasaisuutta. Jos teemme yht\u00e4 yksinkertaisia virheit\u00e4 BK vastaan, mit\u00e4 teimme Turussa, tulemme maksamaan siit\u00e4 kovan hinnan.<\/p>\n<p>Joukkueessa on my\u00f6s monia nuoria ja uusia vastuunkantajia, joille on luvassa edelliskausia isompia ja suoraan erilaisia rooleja. T\u00e4st\u00e4 syyst\u00e4 my\u00f6s tasonvaihtelu otteluiden sis\u00e4ll\u00e4 t\u00e4ss\u00e4 vaiheessa kautta on odotettua.<\/p>\n<p>&#8211; Meill\u00e4 on muutamia pelaajia poissa, joten joitakin muutoksia tulee siihen, kuka pelaa miss\u00e4kin. Muuten jatkamme samojen asioiden parissa. Kaikki on monille hyvin uutta ja muistettavaa on paljon, joten hiomme edelleen tekemist\u00e4mme.<\/p>\n<p>Lauantain ottelu on GrIFK:n uuden norjalaisen p\u00e4\u00e4valmentajan H\u00e5kon Nerdrumin tulikaste kotiyleis\u00f6n edess\u00e4. Uuden pelityylin sis\u00e4\u00e4najaminen ei tapahdu hetkess\u00e4, mutta muutokset ovat olleet n\u00e4ht\u00e4vill\u00e4 jo alkukaudesta. Se ei kuitenkaan norjalaista stressaa.<\/p>\n<p>Haha, ei. Ei ollenkaan. Siit\u00e4 tulee hauskaa! Ehk\u00e4 ottelup\u00e4iv\u00e4n\u00e4 on v\u00e4h\u00e4n j\u00e4nnittynyt olo, mutta ei sen enemp\u00e4\u00e4. Onhan t\u00e4ss\u00e4 jo saanut kokea paljon upeita otteluita viime vuosina omalta osalta.&#8221;<\/p>\n<h3>Lis\u00e4\u00e4 aiheesta<\/h3>\n<p><strong><a href=\"https:\/\/aktialiiga.fi\/miehet\/2024-2025\/kohti-kautta-2024-25\/kohti-kautta-grifk-8\/\">Aktialiiga &#8211; Kohti kautta: GrIFK<\/a><\/strong><br \/>\n<strong> <a href=\"https:\/\/aktialiiga.fi\/miehet\/2024-2025\/kohti-kautta-2024-25\/kohti-kautta-bk-46-9\/\">Aktialiiga &#8211; Kohti kautta: BK-46<\/a><\/strong><\/p>\n<div class='flex_column_table av-lfw7jhih-45de3e01f19aae7a40761a17619becec sc-av_one_half av-equal-height-column-flextable'>\n<style type=\"text\/css\" data-created_by=\"avia_inline_auto\" id=\"style-css-av-lfw7jhih-45de3e01f19aae7a40761a17619becec\">\n.flex_column.av-lfw7jhih-45de3e01f19aae7a40761a17619becec{\npadding:20px 20px 20px 20px;\n}\n<\/style>\n<div  id=\"ohjelma\"  class='flex_column av-lfw7jhih-45de3e01f19aae7a40761a17619becec av_one_half  avia-builder-el-0  el_before_av_one_half  avia-builder-el-first  first flex_column_table_cell av-equal-height-column av-align-top  '     ><section  class='av_textblock_section av-lgc653zl-5ee8aaffa3c9dcda2bcb784142164c53 '   itemscope=\"itemscope\" itemtype=\"https:\/\/schema.org\/BlogPosting\" itemprop=\"blogPost\" ><div class='avia_textblock'  itemprop=\"text\" ><div class=\"nextmatchstream\">\n<p style=\"text-align: center;\"><script src=\"http:\/\/tulospalvelu.finnhandball.net\/taso\/widget.php?widget=nextmatch&#038;css=1&#038;teamid=103471&#038;otteluid= 515829\"><\/script><\/p>\n<\/div>\n<\/div><\/section><\/div>\n<div class='av-flex-placeholder'><\/div>\n<style type=\"text\/css\" data-created_by=\"avia_inline_auto\" id=\"style-css-av-mg1zow-d3b9873f774db547ca0f377e006728db\">\n.flex_column.av-mg1zow-d3b9873f774db547ca0f377e006728db{\npadding:20px 20px 20px 20px;\n}\n<\/style>\n<div  id=\"ohjelma\"  class='flex_column av-mg1zow-d3b9873f774db547ca0f377e006728db av_one_half  avia-builder-el-2  el_after_av_one_half  el_before_av_two_fifth  flex_column_table_cell av-equal-height-column av-align-top  '     ><section  class='av_textblock_section av-lmp58cq1-4f7228158587c2ff82ca23e23f601792 '   itemscope=\"itemscope\" itemtype=\"https:\/\/schema.org\/BlogPosting\" itemprop=\"blogPost\" ><div class='avia_textblock'  itemprop=\"text\" ><h3>Viime kaudella<\/h3>\n<ul>\n<li>Runkosarjassa: BK-46 1., GrIFK 2.<\/li>\n<li>Lopullinen sijoitus: BK-46 1., GrIFK 4.<\/li>\n<\/ul>\n<h3>Keskin\u00e4iset ottelut viime kaudella<\/h3>\n<table class=\"previousmatches\">\n<tbody>\n<tr>\n<td>28.2.24<\/td>\n<td>SM-liiga YJ<\/td>\n<td>BK-46<\/td>\n<td>GrIFK<\/td>\n<td>27-23<\/td>\n<\/tr>\n<tr>\n<td>24.2.24<\/td>\n<td>SM-liiga YJ<\/td>\n<td>GrIFK<\/td>\n<td>BK-46<\/td>\n<td>27-31<\/td>\n<\/tr>\n<tr>\n<td>20.12.23<\/td>\n<td>SM-liiga YJ<\/td>\n<td>GrIFK<\/td>\n<td>BK-46<\/td>\n<td>25-40<\/td>\n<\/tr>\n<tr>\n<td>15.11.23<\/td>\n<td>SM-liiga RS<\/td>\n<td>BK-46<\/td>\n<td>GrIFK<\/td>\n<td>31-28<\/td>\n<\/tr>\n<tr>\n<td>23.9.23<\/td>\n<td>SM-liiga RS<\/td>\n<td>GrIFK<\/td>\n<td>BK-46<\/td>\n<td>25-31<\/td>\n<\/tr>\n<\/tbody>\n<\/table>\n<\/div><\/section><\/div><\/div><!--close column table wrapper. Autoclose: 1 -->\n<div class='flex_column_table av-m185jj2u-e5163ba8275c00f7bf66b23f3879184f sc-av_two_fifth av-equal-height-column-flextable'><div  class='flex_column av-m185jj2u-e5163ba8275c00f7bf66b23f3879184f av_two_fifth  avia-builder-el-4  el_after_av_one_half  el_before_av_one_fifth  first flex_column_table_cell av-equal-height-column av-align-middle  column-top-margin'     ><div  class='avia-button-wrap avia-button-center  avia-builder-el-5  avia-builder-el-no-sibling '>\n<style type=\"text\/css\" data-created_by=\"avia_inline_auto\" id=\"style-css-av-2jd8ns6-48a3dd4043ec643e99aff267d87e5a5b\">\n#top #wrap_all .avia-button.av-2jd8ns6-48a3dd4043ec643e99aff267d87e5a5b{\nbackground-color:#0051a9;\nborder-color:#0051a9;\ntransition:all 0.4s ease-in-out;\n}\n#top #wrap_all .avia-button.av-2jd8ns6-48a3dd4043ec643e99aff267d87e5a5b:hover{\ncolor:black;\ntransition:all 0.4s ease-in-out;\n}\n#top #wrap_all .avia-button.av-2jd8ns6-48a3dd4043ec643e99aff267d87e5a5b:hover .avia-svg-icon svg:first-child{\nfill:black;\nstroke:black;\n}\n<\/style>\n<a href='https:\/\/aktialiiga.fi\/miehet\/joukkueet-2024-25\/grifk-kauniainen\/' class='avia-font-color-theme-color avia-button avia-button-fullwidth av-2jd8ns6-48a3dd4043ec643e99aff267d87e5a5b avia-icon_select-no avia-color-custom'  target=\"_blank\"  rel=\"noopener noreferrer\"  aria-label=\"GrIFK Aktialiigassa 2024\/25\"><span class='avia_iconbox_title' >GrIFK Aktialiigassa 2024\/25<\/span><span class='avia_button_background avia-button avia-button-fullwidth avia-color-theme-color-subtle'><\/span><\/a><\/div><\/div>\n<div class='av-flex-placeholder'><\/div><div  class='flex_column av-1yw60va-e9fc807309e29647498cf4767f9c68da av_one_fifth  avia-builder-el-6  el_after_av_two_fifth  el_before_av_two_fifth  flex_column_table_cell av-equal-height-column av-align-middle  column-top-margin'     ><style type=\"text\/css\" data-created_by=\"avia_inline_auto\" id=\"style-css-av-1qjdu1y-5176adb6e20fc90baf60d91d2bf448e0\">\n.avia-image-container.av-1qjdu1y-5176adb6e20fc90baf60d91d2bf448e0 img.avia_image{\nbox-shadow:none;\n}\n.avia-image-container.av-1qjdu1y-5176adb6e20fc90baf60d91d2bf448e0 .av-image-caption-overlay-center{\ncolor:#ffffff;\n}\n<\/style>\n<div  class='avia-image-container av-1qjdu1y-5176adb6e20fc90baf60d91d2bf448e0 av-styling- av-img-linked avia-align-center  avia-builder-el-7  avia-builder-el-no-sibling '   itemprop=\"image\" itemscope=\"itemscope\" itemtype=\"https:\/\/schema.org\/ImageObject\" ><div class=\"avia-image-container-inner\"><div class=\"avia-image-overlay-wrap\"><a href=\"https:\/\/aktialiiga.fi\/miehet\/\" class='avia_image '  target=\"_blank\"  rel=\"noopener noreferrer\" aria-label='Aktialiiga'><img decoding=\"async\" fetchpriority=\"high\" class='wp-image-22656 avia-img-lazy-loading-not-22656 avia_image ' src=\"https:\/\/i0.wp.com\/grifk-handball.com\/miehet\/wp-content\/uploads\/sites\/2\/2024\/09\/Aktialiiga-500x500-1.png?resize=80%2C80&ssl=1\" alt='' title='Aktialiiga'  height=\"80\" width=\"80\"  itemprop=\"thumbnailUrl\" srcset=\"https:\/\/i0.wp.com\/grifk-handball.com\/miehet\/wp-content\/uploads\/sites\/2\/2024\/09\/Aktialiiga-500x500-1.png?w=500&amp;ssl=1 500w, https:\/\/i0.wp.com\/grifk-handball.com\/miehet\/wp-content\/uploads\/sites\/2\/2024\/09\/Aktialiiga-500x500-1.png?resize=300%2C300&amp;ssl=1 300w, https:\/\/i0.wp.com\/grifk-handball.com\/miehet\/wp-content\/uploads\/sites\/2\/2024\/09\/Aktialiiga-500x500-1.png?resize=80%2C80&amp;ssl=1 80w, https:\/\/i0.wp.com\/grifk-handball.com\/miehet\/wp-content\/uploads\/sites\/2\/2024\/09\/Aktialiiga-500x500-1.png?resize=36%2C36&amp;ssl=1 36w, https:\/\/i0.wp.com\/grifk-handball.com\/miehet\/wp-content\/uploads\/sites\/2\/2024\/09\/Aktialiiga-500x500-1.png?resize=180%2C180&amp;ssl=1 180w, https:\/\/i0.wp.com\/grifk-handball.com\/miehet\/wp-content\/uploads\/sites\/2\/2024\/09\/Aktialiiga-500x500-1.png?resize=50%2C50&amp;ssl=1 50w\" sizes=\"(max-width: 80px) 100vw, 80px\" \/><\/a><\/div><\/div><\/div><\/div>\n<div class='av-flex-placeholder'><\/div><div  class='flex_column av-1cidyqu-2ef720364f3f8ee6f0a4d87255f2ca58 av_two_fifth  avia-builder-el-8  el_after_av_one_fifth  el_before_av_two_third  flex_column_table_cell av-equal-height-column av-align-middle  column-top-margin'     ><div  class='avia-button-wrap avia-button-center  avia-builder-el-9  avia-builder-el-no-sibling '>\n<style type=\"text\/css\" data-created_by=\"avia_inline_auto\" id=\"style-css-av-r080ue-d5a21bf8f9c58c224c26b0470995a346\">\n#top #wrap_all .avia-button.av-r080ue-d5a21bf8f9c58c224c26b0470995a346{\nbackground-color:#0051a9;\nborder-color:#0051a9;\ntransition:all 0.4s ease-in-out;\n}\n#top #wrap_all .avia-button.av-r080ue-d5a21bf8f9c58c224c26b0470995a346:hover{\ncolor:black;\ntransition:all 0.4s ease-in-out;\n}\n#top #wrap_all .avia-button.av-r080ue-d5a21bf8f9c58c224c26b0470995a346:hover .avia-svg-icon svg:first-child{\nfill:black;\nstroke:black;\n}\n<\/style>\n<a href='https:\/\/aktialiiga.fi\/miehet\/joukkueet-2024-25\/bk-46-karjaa\/' class='avia-font-color-theme-color avia-button avia-button-fullwidth av-r080ue-d5a21bf8f9c58c224c26b0470995a346 avia-icon_select-no avia-color-custom'  target=\"_blank\"  rel=\"noopener noreferrer\"  aria-label=\"BK-46 Aktialiigassa 2024\/25\"><span class='avia_iconbox_title' >BK-46 Aktialiigassa 2024\/25<\/span><span class='avia_button_background avia-button avia-button-fullwidth avia-color-theme-color-subtle'><\/span><\/a><\/div><\/div><\/div><!--close column table wrapper. Autoclose: 1 -->\n<div class='flex_column_table av-m0z7whzd-d8a5ecd90f4327e3f2da06d1460ab8b1 sc-av_two_third av-equal-height-column-flextable'>\n<style type=\"text\/css\" data-created_by=\"avia_inline_auto\" id=\"style-css-av-m0z7whzd-d8a5ecd90f4327e3f2da06d1460ab8b1\">\n.flex_column.av-m0z7whzd-d8a5ecd90f4327e3f2da06d1460ab8b1{\npadding:20px 20px 20px 20px;\n}\n<\/style>\n<div  id=\"ohjelma\"  class='flex_column av-m0z7whzd-d8a5ecd90f4327e3f2da06d1460ab8b1 av_two_third  avia-builder-el-10  el_after_av_two_fifth  el_before_av_one_third  first flex_column_table_cell av-equal-height-column av-align-middle  '     ><section  class='av_textblock_section av-m0z7w7t5-5104a6a520f0372d13f33c11c2fbe213 '   itemscope=\"itemscope\" itemtype=\"https:\/\/schema.org\/BlogPosting\" itemprop=\"blogPost\" ><div class='avia_textblock'  itemprop=\"text\" ><h4>Kaikki Aktialiigapelit HandisTV:ll\u00e4<\/h4>\n<p>Aktialiigan kaikki ottelut n\u00e4kyv\u00e4t t\u00e4ll\u00e4kin kaudella <a href=\"https:\/\/grifk-handball.com\/miehet\/handistv\/\">HandisTV:n<\/a> kautta. Valitse itsellesi sopivin vaihtoehto ja liity joukkueen kannattajaksi hankkimalla joko kausipassi, ryhtym\u00e4ll\u00e4 kuukausikannattajaksi tai ostamalla katseluoikeus yksitt\u00e4iseen otteluun.<\/p>\n<\/div><\/section><\/div>\n<div class='av-flex-placeholder'><\/div>\n<style type=\"text\/css\" data-created_by=\"avia_inline_auto\" id=\"style-css-av-1a1j9m8-931d2d58ff7615b0f3775ce01d342565\">\n.flex_column.av-1a1j9m8-931d2d58ff7615b0f3775ce01d342565{\npadding:20px 20px 20px 20px;\n}\n<\/style>\n<div  id=\"ohjelma\"  class='flex_column av-1a1j9m8-931d2d58ff7615b0f3775ce01d342565 av_one_third  avia-builder-el-12  el_after_av_two_third  avia-builder-el-last  flex_column_table_cell av-equal-height-column av-align-middle  '     ><p>\n<style type=\"text\/css\" data-created_by=\"avia_inline_auto\" id=\"style-css-av-m0z7p2kd-a7e74f7ce202db7e0151f22850c156aa\">\n.avia-image-container.av-m0z7p2kd-a7e74f7ce202db7e0151f22850c156aa img.avia_image{\nbox-shadow:none;\n}\n.avia-image-container.av-m0z7p2kd-a7e74f7ce202db7e0151f22850c156aa .av-image-caption-overlay-center{\ncolor:#ffffff;\n}\n<\/style>\n<div  class='avia-image-container av-m0z7p2kd-a7e74f7ce202db7e0151f22850c156aa av-styling- av-hover-grow av-img-linked avia-align-center  avia-builder-el-13  el_before_av_image  avia-builder-el-first '   itemprop=\"image\" itemscope=\"itemscope\" itemtype=\"https:\/\/schema.org\/ImageObject\" ><div class=\"avia-image-container-inner\"><div class=\"avia-image-overlay-wrap\"><a href=\"https:\/\/grifk-handball.com\/miehet\/handistv\/\" class='avia_image '  target=\"_blank\"  rel=\"noopener noreferrer\" aria-label='HandisTV'><img decoding=\"async\" fetchpriority=\"high\" class='wp-image-18650 avia-img-lazy-loading-not-18650 avia_image ' src=\"https:\/\/i0.wp.com\/grifk-handball.com\/miehet\/wp-content\/uploads\/sites\/2\/2023\/01\/HandisTV-logo-sininen.png?fit=300%2C125&ssl=1\" alt='' title='HandisTV'  height=\"125\" width=\"300\"  itemprop=\"thumbnailUrl\" srcset=\"https:\/\/i0.wp.com\/grifk-handball.com\/miehet\/wp-content\/uploads\/sites\/2\/2023\/01\/HandisTV-logo-sininen.png?w=1920&amp;ssl=1 1920w, https:\/\/i0.wp.com\/grifk-handball.com\/miehet\/wp-content\/uploads\/sites\/2\/2023\/01\/HandisTV-logo-sininen.png?resize=300%2C125&amp;ssl=1 300w, https:\/\/i0.wp.com\/grifk-handball.com\/miehet\/wp-content\/uploads\/sites\/2\/2023\/01\/HandisTV-logo-sininen.png?resize=1030%2C429&amp;ssl=1 1030w, https:\/\/i0.wp.com\/grifk-handball.com\/miehet\/wp-content\/uploads\/sites\/2\/2023\/01\/HandisTV-logo-sininen.png?resize=768%2C320&amp;ssl=1 768w, https:\/\/i0.wp.com\/grifk-handball.com\/miehet\/wp-content\/uploads\/sites\/2\/2023\/01\/HandisTV-logo-sininen.png?resize=1536%2C640&amp;ssl=1 1536w, https:\/\/i0.wp.com\/grifk-handball.com\/miehet\/wp-content\/uploads\/sites\/2\/2023\/01\/HandisTV-logo-sininen.png?resize=1500%2C625&amp;ssl=1 1500w, https:\/\/i0.wp.com\/grifk-handball.com\/miehet\/wp-content\/uploads\/sites\/2\/2023\/01\/HandisTV-logo-sininen.png?resize=705%2C294&amp;ssl=1 705w\" sizes=\"(max-width: 300px) 100vw, 300px\" \/><\/a><\/div><\/div><\/div><br \/>\n\n<style type=\"text\/css\" data-created_by=\"avia_inline_auto\" id=\"style-css-av-ko1w5s-8c82696b167d7460aa24293ea1d84113\">\n.avia-image-container.av-ko1w5s-8c82696b167d7460aa24293ea1d84113 img.avia_image{\nbox-shadow:none;\n}\n.avia-image-container.av-ko1w5s-8c82696b167d7460aa24293ea1d84113 .av-image-caption-overlay-center{\ncolor:#ffffff;\n}\n<\/style>\n<div  class='avia-image-container av-ko1w5s-8c82696b167d7460aa24293ea1d84113 av-styling- av-hover-grow av-img-linked avia-align-center  avia-builder-el-14  el_after_av_image  avia-builder-el-last '   itemprop=\"image\" itemscope=\"itemscope\" itemtype=\"https:\/\/schema.org\/ImageObject\" ><div class=\"avia-image-container-inner\"><div class=\"avia-image-overlay-wrap\"><a href=\"https:\/\/tulospalvelu.finnhandball.net\" class='avia_image '  target=\"_blank\"  rel=\"noopener noreferrer\" aria-label='Aktia Tulospalvelu'><img decoding=\"async\" fetchpriority=\"high\" class='wp-image-22607 avia-img-lazy-loading-not-22607 avia_image ' src=\"https:\/\/i0.wp.com\/grifk-handball.com\/miehet\/wp-content\/uploads\/sites\/2\/2024\/09\/AKTIA_TULOSPALVELU_Logo_72dpi_RGB.png?fit=300%2C88&ssl=1\" alt='' title='Aktia Tulospalvelu'  height=\"88\" width=\"300\"  itemprop=\"thumbnailUrl\" srcset=\"https:\/\/i0.wp.com\/grifk-handball.com\/miehet\/wp-content\/uploads\/sites\/2\/2024\/09\/AKTIA_TULOSPALVELU_Logo_72dpi_RGB.png?w=2250&amp;ssl=1 2250w, https:\/\/i0.wp.com\/grifk-handball.com\/miehet\/wp-content\/uploads\/sites\/2\/2024\/09\/AKTIA_TULOSPALVELU_Logo_72dpi_RGB.png?resize=300%2C88&amp;ssl=1 300w, https:\/\/i0.wp.com\/grifk-handball.com\/miehet\/wp-content\/uploads\/sites\/2\/2024\/09\/AKTIA_TULOSPALVELU_Logo_72dpi_RGB.png?resize=1030%2C301&amp;ssl=1 1030w, https:\/\/i0.wp.com\/grifk-handball.com\/miehet\/wp-content\/uploads\/sites\/2\/2024\/09\/AKTIA_TULOSPALVELU_Logo_72dpi_RGB.png?resize=768%2C224&amp;ssl=1 768w, https:\/\/i0.wp.com\/grifk-handball.com\/miehet\/wp-content\/uploads\/sites\/2\/2024\/09\/AKTIA_TULOSPALVELU_Logo_72dpi_RGB.png?resize=1536%2C449&amp;ssl=1 1536w, https:\/\/i0.wp.com\/grifk-handball.com\/miehet\/wp-content\/uploads\/sites\/2\/2024\/09\/AKTIA_TULOSPALVELU_Logo_72dpi_RGB.png?resize=2048%2C598&amp;ssl=1 2048w, https:\/\/i0.wp.com\/grifk-handball.com\/miehet\/wp-content\/uploads\/sites\/2\/2024\/09\/AKTIA_TULOSPALVELU_Logo_72dpi_RGB.png?resize=1500%2C438&amp;ssl=1 1500w, https:\/\/i0.wp.com\/grifk-handball.com\/miehet\/wp-content\/uploads\/sites\/2\/2024\/09\/AKTIA_TULOSPALVELU_Logo_72dpi_RGB.png?resize=705%2C206&amp;ssl=1 705w\" sizes=\"(max-width: 300px) 100vw, 300px\" \/><\/a><\/div><\/div><\/div><\/p><\/div><\/div><!--close column table wrapper. Autoclose: 1 -->\n","protected":false},"excerpt":{"rendered":"<p>Aktialiiga saapuu lauantaina Kauniaisiin kahden ottelun voimin. Kello 13:30 naisten sarjassa kohtaavat GrIFK ja BK-46, ja heti per\u00e4\u00e4n kello 16 areenalle astelevat samojen seurojen miesten edustusjoukkueet.<\/p>\n","protected":false},"author":1,"featured_media":21769,"comment_status":"closed","ping_status":"closed","sticky":false,"template":"","format":"standard","meta":{"_acf_changed":false,"footnotes":""},"categories":[578],"tags":[12,26,586,18,25,38],"class_list":["post-61094","post","type-post","status-publish","format-standard","has-post-thumbnail","hentry","category-ennakot-2024-25","tag-bombom","tag-grifkhandball","tag-aktialiiga","tag-bk-46","tag-grifk","tag-runkosarja"],"acf":[],"yoast_head":"<!-- This site is optimized with the Yoast SEO plugin v27.5 - https:\/\/yoast.com\/product\/yoast-seo-wordpress\/ -->\n<title>Kotiavaus lauantaina Luolassa - GrIFK ja BK-46 kaksin kappalein &#8212; GrIFK K\u00e4sipallo - miehet<\/title>\n<meta name=\"description\" content=\"SM-liigan t\u00e4m\u00e4n kev\u00e4\u00e4n toista loppuottelijaa haetaan seuraavan kerran keskiviikkona, kun BK-46 ja GrIFK ly\u00f6v\u00e4t hynttyyt yhteen nelj\u00e4nnen kerran.\" \/>\n<meta name=\"robots\" content=\"index, follow, max-snippet:-1, max-image-preview:large, max-video-preview:-1\" \/>\n<link rel=\"canonical\" href=\"https:\/\/grifk-handball.com\/miehet\/kausi-2024-25\/ennakot-2024-25\/kotiavaus-lauantaina-luolassa-grifk-ja-bk-46-kaksin-kappalein\/\" \/>\n<meta property=\"og:locale\" content=\"fi_FI\" \/>\n<meta property=\"og:type\" content=\"article\" \/>\n<meta property=\"og:title\" content=\"Kotiavaus lauantaina Luolassa - GrIFK ja BK-46 kaksin kappalein &#8212; GrIFK K\u00e4sipallo - miehet\" \/>\n<meta property=\"og:description\" content=\"SM-liigan t\u00e4m\u00e4n kev\u00e4\u00e4n toista loppuottelijaa haetaan seuraavan kerran keskiviikkona, kun BK-46 ja GrIFK ly\u00f6v\u00e4t hynttyyt yhteen nelj\u00e4nnen kerran.\" \/>\n<meta property=\"og:url\" content=\"https:\/\/grifk-handball.com\/miehet\/kausi-2024-25\/ennakot-2024-25\/kotiavaus-lauantaina-luolassa-grifk-ja-bk-46-kaksin-kappalein\/\" \/>\n<meta property=\"og:site_name\" content=\"GrIFK K\u00e4sipallo - miehet\" \/>\n<meta property=\"article:publisher\" content=\"https:\/\/www.facebook.com\/GrIFKelit\/\" \/>\n<meta property=\"article:published_time\" content=\"2024-09-19T11:57:42+00:00\" \/>\n<meta property=\"article:modified_time\" content=\"2024-10-26T08:07:10+00:00\" \/>\n<meta property=\"og:image\" content=\"http:\/\/grifk-handball.com\/miehet\/wp-content\/uploads\/sites\/2\/2024\/02\/B7A0617.jpg\" \/>\n\t<meta property=\"og:image:width\" content=\"2048\" \/>\n\t<meta property=\"og:image:height\" content=\"1366\" \/>\n\t<meta property=\"og:image:type\" content=\"image\/jpeg\" \/>\n<meta name=\"author\" content=\"granimaster\" \/>\n<meta name=\"twitter:card\" content=\"summary_large_image\" \/>\n<meta name=\"twitter:creator\" content=\"@GrIFK_MSM\" \/>\n<meta name=\"twitter:site\" content=\"@GrIFK_MSM\" \/>\n<meta name=\"twitter:label1\" content=\"Kirjoittanut\" \/>\n\t<meta name=\"twitter:data1\" content=\"granimaster\" \/>\n<script type=\"application\/ld+json\" class=\"yoast-schema-graph\">{\"@context\":\"https:\\\/\\\/schema.org\",\"@graph\":[{\"@type\":\"Article\",\"@id\":\"https:\\\/\\\/grifk-handball.com\\\/miehet\\\/kausi-2024-25\\\/ennakot-2024-25\\\/kotiavaus-lauantaina-luolassa-grifk-ja-bk-46-kaksin-kappalein\\\/#article\",\"isPartOf\":{\"@id\":\"https:\\\/\\\/grifk-handball.com\\\/miehet\\\/kausi-2024-25\\\/ennakot-2024-25\\\/kotiavaus-lauantaina-luolassa-grifk-ja-bk-46-kaksin-kappalein\\\/\"},\"author\":{\"name\":\"granimaster\",\"@id\":\"https:\\\/\\\/grifk-handball.com\\\/miehet\\\/#\\\/schema\\\/person\\\/9da98c743e3f0f85a1b32f59241b48e0\"},\"headline\":\"Kotiavaus lauantaina Luolassa &#8211; GrIFK ja BK-46 kaksin kappalein\",\"datePublished\":\"2024-09-19T11:57:42+00:00\",\"dateModified\":\"2024-10-26T08:07:10+00:00\",\"mainEntityOfPage\":{\"@id\":\"https:\\\/\\\/grifk-handball.com\\\/miehet\\\/kausi-2024-25\\\/ennakot-2024-25\\\/kotiavaus-lauantaina-luolassa-grifk-ja-bk-46-kaksin-kappalein\\\/\"},\"wordCount\":4123,\"publisher\":{\"@id\":\"https:\\\/\\\/grifk-handball.com\\\/miehet\\\/#organization\"},\"image\":{\"@id\":\"https:\\\/\\\/grifk-handball.com\\\/miehet\\\/kausi-2024-25\\\/ennakot-2024-25\\\/kotiavaus-lauantaina-luolassa-grifk-ja-bk-46-kaksin-kappalein\\\/#primaryimage\"},\"thumbnailUrl\":\"https:\\\/\\\/i0.wp.com\\\/grifk-handball.com\\\/miehet\\\/wp-content\\\/uploads\\\/sites\\\/2\\\/2024\\\/02\\\/B7A0617.jpg?fit=2048%2C1366&ssl=1\",\"keywords\":[\"#BomBom\",\"#GrIFKHandball\",\"Aktialiiga\",\"BK-46\",\"GrIFK\",\"Runkosarja\"],\"articleSection\":[\"Ennakot 2024-25\"],\"inLanguage\":\"fi\"},{\"@type\":\"WebPage\",\"@id\":\"https:\\\/\\\/grifk-handball.com\\\/miehet\\\/kausi-2024-25\\\/ennakot-2024-25\\\/kotiavaus-lauantaina-luolassa-grifk-ja-bk-46-kaksin-kappalein\\\/\",\"url\":\"https:\\\/\\\/grifk-handball.com\\\/miehet\\\/kausi-2024-25\\\/ennakot-2024-25\\\/kotiavaus-lauantaina-luolassa-grifk-ja-bk-46-kaksin-kappalein\\\/\",\"name\":\"Kotiavaus lauantaina Luolassa - GrIFK ja BK-46 kaksin kappalein &#8212; GrIFK K\u00e4sipallo - miehet\",\"isPartOf\":{\"@id\":\"https:\\\/\\\/grifk-handball.com\\\/miehet\\\/#website\"},\"primaryImageOfPage\":{\"@id\":\"https:\\\/\\\/grifk-handball.com\\\/miehet\\\/kausi-2024-25\\\/ennakot-2024-25\\\/kotiavaus-lauantaina-luolassa-grifk-ja-bk-46-kaksin-kappalein\\\/#primaryimage\"},\"image\":{\"@id\":\"https:\\\/\\\/grifk-handball.com\\\/miehet\\\/kausi-2024-25\\\/ennakot-2024-25\\\/kotiavaus-lauantaina-luolassa-grifk-ja-bk-46-kaksin-kappalein\\\/#primaryimage\"},\"thumbnailUrl\":\"https:\\\/\\\/i0.wp.com\\\/grifk-handball.com\\\/miehet\\\/wp-content\\\/uploads\\\/sites\\\/2\\\/2024\\\/02\\\/B7A0617.jpg?fit=2048%2C1366&ssl=1\",\"datePublished\":\"2024-09-19T11:57:42+00:00\",\"dateModified\":\"2024-10-26T08:07:10+00:00\",\"description\":\"SM-liigan t\u00e4m\u00e4n kev\u00e4\u00e4n toista loppuottelijaa haetaan seuraavan kerran keskiviikkona, kun BK-46 ja GrIFK ly\u00f6v\u00e4t hynttyyt yhteen nelj\u00e4nnen kerran.\",\"breadcrumb\":{\"@id\":\"https:\\\/\\\/grifk-handball.com\\\/miehet\\\/kausi-2024-25\\\/ennakot-2024-25\\\/kotiavaus-lauantaina-luolassa-grifk-ja-bk-46-kaksin-kappalein\\\/#breadcrumb\"},\"inLanguage\":\"fi\",\"potentialAction\":[{\"@type\":\"ReadAction\",\"target\":[\"https:\\\/\\\/grifk-handball.com\\\/miehet\\\/kausi-2024-25\\\/ennakot-2024-25\\\/kotiavaus-lauantaina-luolassa-grifk-ja-bk-46-kaksin-kappalein\\\/\"]}]},{\"@type\":\"ImageObject\",\"inLanguage\":\"fi\",\"@id\":\"https:\\\/\\\/grifk-handball.com\\\/miehet\\\/kausi-2024-25\\\/ennakot-2024-25\\\/kotiavaus-lauantaina-luolassa-grifk-ja-bk-46-kaksin-kappalein\\\/#primaryimage\",\"url\":\"https:\\\/\\\/i0.wp.com\\\/grifk-handball.com\\\/miehet\\\/wp-content\\\/uploads\\\/sites\\\/2\\\/2024\\\/02\\\/B7A0617.jpg?fit=2048%2C1366&ssl=1\",\"contentUrl\":\"https:\\\/\\\/i0.wp.com\\\/grifk-handball.com\\\/miehet\\\/wp-content\\\/uploads\\\/sites\\\/2\\\/2024\\\/02\\\/B7A0617.jpg?fit=2048%2C1366&ssl=1\",\"width\":2048,\"height\":1366},{\"@type\":\"BreadcrumbList\",\"@id\":\"https:\\\/\\\/grifk-handball.com\\\/miehet\\\/kausi-2024-25\\\/ennakot-2024-25\\\/kotiavaus-lauantaina-luolassa-grifk-ja-bk-46-kaksin-kappalein\\\/#breadcrumb\",\"itemListElement\":[{\"@type\":\"ListItem\",\"position\":1,\"name\":\"Home\",\"item\":\"https:\\\/\\\/grifk-handball.com\\\/miehet\\\/etusivu-260109\\\/\"},{\"@type\":\"ListItem\",\"position\":2,\"name\":\"Kotiavaus lauantaina Luolassa &#8211; GrIFK ja BK-46 kaksin kappalein\"}]},{\"@type\":\"WebSite\",\"@id\":\"https:\\\/\\\/grifk-handball.com\\\/miehet\\\/#website\",\"url\":\"https:\\\/\\\/grifk-handball.com\\\/miehet\\\/\",\"name\":\"GrIFK K\u00e4sipallo - miehet\",\"description\":\"BomBom!\",\"publisher\":{\"@id\":\"https:\\\/\\\/grifk-handball.com\\\/miehet\\\/#organization\"},\"potentialAction\":[{\"@type\":\"SearchAction\",\"target\":{\"@type\":\"EntryPoint\",\"urlTemplate\":\"https:\\\/\\\/grifk-handball.com\\\/miehet\\\/?s={search_term_string}\"},\"query-input\":{\"@type\":\"PropertyValueSpecification\",\"valueRequired\":true,\"valueName\":\"search_term_string\"}}],\"inLanguage\":\"fi\"},{\"@type\":\"Organization\",\"@id\":\"https:\\\/\\\/grifk-handball.com\\\/miehet\\\/#organization\",\"name\":\"GrIFK K\u00e4sipallo - miehet\",\"url\":\"https:\\\/\\\/grifk-handball.com\\\/miehet\\\/\",\"logo\":{\"@type\":\"ImageObject\",\"inLanguage\":\"fi\",\"@id\":\"https:\\\/\\\/grifk-handball.com\\\/miehet\\\/#\\\/schema\\\/logo\\\/image\\\/\",\"url\":\"https:\\\/\\\/i0.wp.com\\\/grifk-handball.com\\\/miehet\\\/wp-content\\\/uploads\\\/sites\\\/2\\\/2016\\\/10\\\/logo-grifk-iso.png?fit=1200%2C1400&ssl=1\",\"contentUrl\":\"https:\\\/\\\/i0.wp.com\\\/grifk-handball.com\\\/miehet\\\/wp-content\\\/uploads\\\/sites\\\/2\\\/2016\\\/10\\\/logo-grifk-iso.png?fit=1200%2C1400&ssl=1\",\"width\":1200,\"height\":1400,\"caption\":\"GrIFK K\u00e4sipallo - miehet\"},\"image\":{\"@id\":\"https:\\\/\\\/grifk-handball.com\\\/miehet\\\/#\\\/schema\\\/logo\\\/image\\\/\"},\"sameAs\":[\"https:\\\/\\\/www.facebook.com\\\/GrIFKelit\\\/\",\"https:\\\/\\\/x.com\\\/GrIFK_MSM\",\"https:\\\/\\\/www.instagram.com\\\/grifk_elit\\\/\"]},{\"@type\":\"Person\",\"@id\":\"https:\\\/\\\/grifk-handball.com\\\/miehet\\\/#\\\/schema\\\/person\\\/9da98c743e3f0f85a1b32f59241b48e0\",\"name\":\"granimaster\",\"image\":{\"@type\":\"ImageObject\",\"inLanguage\":\"fi\",\"@id\":\"https:\\\/\\\/secure.gravatar.com\\\/avatar\\\/034b8e6380fc659c320f13e17fe45bd9ab48a21e2debadd5f3179bde291949df?s=96&d=mm&r=g\",\"url\":\"https:\\\/\\\/secure.gravatar.com\\\/avatar\\\/034b8e6380fc659c320f13e17fe45bd9ab48a21e2debadd5f3179bde291949df?s=96&d=mm&r=g\",\"contentUrl\":\"https:\\\/\\\/secure.gravatar.com\\\/avatar\\\/034b8e6380fc659c320f13e17fe45bd9ab48a21e2debadd5f3179bde291949df?s=96&d=mm&r=g\",\"caption\":\"granimaster\"},\"url\":\"https:\\\/\\\/grifk-handball.com\\\/miehet\\\/author\\\/granimaster\\\/\"}]}<\/script>\n<!-- \/ Yoast SEO plugin. -->","yoast_head_json":{"title":"Kotiavaus lauantaina Luolassa - GrIFK ja BK-46 kaksin kappalein &#8212; GrIFK K\u00e4sipallo - miehet","description":"SM-liigan t\u00e4m\u00e4n kev\u00e4\u00e4n toista loppuottelijaa haetaan seuraavan kerran keskiviikkona, kun BK-46 ja GrIFK ly\u00f6v\u00e4t hynttyyt yhteen nelj\u00e4nnen kerran.","robots":{"index":"index","follow":"follow","max-snippet":"max-snippet:-1","max-image-preview":"max-image-preview:large","max-video-preview":"max-video-preview:-1"},"canonical":"https:\/\/grifk-handball.com\/miehet\/kausi-2024-25\/ennakot-2024-25\/kotiavaus-lauantaina-luolassa-grifk-ja-bk-46-kaksin-kappalein\/","og_locale":"fi_FI","og_type":"article","og_title":"Kotiavaus lauantaina Luolassa - GrIFK ja BK-46 kaksin kappalein &#8212; GrIFK K\u00e4sipallo - miehet","og_description":"SM-liigan t\u00e4m\u00e4n kev\u00e4\u00e4n toista loppuottelijaa haetaan seuraavan kerran keskiviikkona, kun BK-46 ja GrIFK ly\u00f6v\u00e4t hynttyyt yhteen nelj\u00e4nnen kerran.","og_url":"https:\/\/grifk-handball.com\/miehet\/kausi-2024-25\/ennakot-2024-25\/kotiavaus-lauantaina-luolassa-grifk-ja-bk-46-kaksin-kappalein\/","og_site_name":"GrIFK K\u00e4sipallo - miehet","article_publisher":"https:\/\/www.facebook.com\/GrIFKelit\/","article_published_time":"2024-09-19T11:57:42+00:00","article_modified_time":"2024-10-26T08:07:10+00:00","og_image":[{"width":2048,"height":1366,"url":"http:\/\/grifk-handball.com\/miehet\/wp-content\/uploads\/sites\/2\/2024\/02\/B7A0617.jpg","type":"image\/jpeg"}],"author":"granimaster","twitter_card":"summary_large_image","twitter_creator":"@GrIFK_MSM","twitter_site":"@GrIFK_MSM","twitter_misc":{"Kirjoittanut":"granimaster"},"schema":{"@context":"https:\/\/schema.org","@graph":[{"@type":"Article","@id":"https:\/\/grifk-handball.com\/miehet\/kausi-2024-25\/ennakot-2024-25\/kotiavaus-lauantaina-luolassa-grifk-ja-bk-46-kaksin-kappalein\/#article","isPartOf":{"@id":"https:\/\/grifk-handball.com\/miehet\/kausi-2024-25\/ennakot-2024-25\/kotiavaus-lauantaina-luolassa-grifk-ja-bk-46-kaksin-kappalein\/"},"author":{"name":"granimaster","@id":"https:\/\/grifk-handball.com\/miehet\/#\/schema\/person\/9da98c743e3f0f85a1b32f59241b48e0"},"headline":"Kotiavaus lauantaina Luolassa &#8211; GrIFK ja BK-46 kaksin kappalein","datePublished":"2024-09-19T11:57:42+00:00","dateModified":"2024-10-26T08:07:10+00:00","mainEntityOfPage":{"@id":"https:\/\/grifk-handball.com\/miehet\/kausi-2024-25\/ennakot-2024-25\/kotiavaus-lauantaina-luolassa-grifk-ja-bk-46-kaksin-kappalein\/"},"wordCount":4123,"publisher":{"@id":"https:\/\/grifk-handball.com\/miehet\/#organization"},"image":{"@id":"https:\/\/grifk-handball.com\/miehet\/kausi-2024-25\/ennakot-2024-25\/kotiavaus-lauantaina-luolassa-grifk-ja-bk-46-kaksin-kappalein\/#primaryimage"},"thumbnailUrl":"https:\/\/i0.wp.com\/grifk-handball.com\/miehet\/wp-content\/uploads\/sites\/2\/2024\/02\/B7A0617.jpg?fit=2048%2C1366&ssl=1","keywords":["#BomBom","#GrIFKHandball","Aktialiiga","BK-46","GrIFK","Runkosarja"],"articleSection":["Ennakot 2024-25"],"inLanguage":"fi"},{"@type":"WebPage","@id":"https:\/\/grifk-handball.com\/miehet\/kausi-2024-25\/ennakot-2024-25\/kotiavaus-lauantaina-luolassa-grifk-ja-bk-46-kaksin-kappalein\/","url":"https:\/\/grifk-handball.com\/miehet\/kausi-2024-25\/ennakot-2024-25\/kotiavaus-lauantaina-luolassa-grifk-ja-bk-46-kaksin-kappalein\/","name":"Kotiavaus lauantaina Luolassa - GrIFK ja BK-46 kaksin kappalein &#8212; GrIFK K\u00e4sipallo - miehet","isPartOf":{"@id":"https:\/\/grifk-handball.com\/miehet\/#website"},"primaryImageOfPage":{"@id":"https:\/\/grifk-handball.com\/miehet\/kausi-2024-25\/ennakot-2024-25\/kotiavaus-lauantaina-luolassa-grifk-ja-bk-46-kaksin-kappalein\/#primaryimage"},"image":{"@id":"https:\/\/grifk-handball.com\/miehet\/kausi-2024-25\/ennakot-2024-25\/kotiavaus-lauantaina-luolassa-grifk-ja-bk-46-kaksin-kappalein\/#primaryimage"},"thumbnailUrl":"https:\/\/i0.wp.com\/grifk-handball.com\/miehet\/wp-content\/uploads\/sites\/2\/2024\/02\/B7A0617.jpg?fit=2048%2C1366&ssl=1","datePublished":"2024-09-19T11:57:42+00:00","dateModified":"2024-10-26T08:07:10+00:00","description":"SM-liigan t\u00e4m\u00e4n kev\u00e4\u00e4n toista loppuottelijaa haetaan seuraavan kerran keskiviikkona, kun BK-46 ja GrIFK ly\u00f6v\u00e4t hynttyyt yhteen nelj\u00e4nnen kerran.","breadcrumb":{"@id":"https:\/\/grifk-handball.com\/miehet\/kausi-2024-25\/ennakot-2024-25\/kotiavaus-lauantaina-luolassa-grifk-ja-bk-46-kaksin-kappalein\/#breadcrumb"},"inLanguage":"fi","potentialAction":[{"@type":"ReadAction","target":["https:\/\/grifk-handball.com\/miehet\/kausi-2024-25\/ennakot-2024-25\/kotiavaus-lauantaina-luolassa-grifk-ja-bk-46-kaksin-kappalein\/"]}]},{"@type":"ImageObject","inLanguage":"fi","@id":"https:\/\/grifk-handball.com\/miehet\/kausi-2024-25\/ennakot-2024-25\/kotiavaus-lauantaina-luolassa-grifk-ja-bk-46-kaksin-kappalein\/#primaryimage","url":"https:\/\/i0.wp.com\/grifk-handball.com\/miehet\/wp-content\/uploads\/sites\/2\/2024\/02\/B7A0617.jpg?fit=2048%2C1366&ssl=1","contentUrl":"https:\/\/i0.wp.com\/grifk-handball.com\/miehet\/wp-content\/uploads\/sites\/2\/2024\/02\/B7A0617.jpg?fit=2048%2C1366&ssl=1","width":2048,"height":1366},{"@type":"BreadcrumbList","@id":"https:\/\/grifk-handball.com\/miehet\/kausi-2024-25\/ennakot-2024-25\/kotiavaus-lauantaina-luolassa-grifk-ja-bk-46-kaksin-kappalein\/#breadcrumb","itemListElement":[{"@type":"ListItem","position":1,"name":"Home","item":"https:\/\/grifk-handball.com\/miehet\/etusivu-260109\/"},{"@type":"ListItem","position":2,"name":"Kotiavaus lauantaina Luolassa &#8211; GrIFK ja BK-46 kaksin kappalein"}]},{"@type":"WebSite","@id":"https:\/\/grifk-handball.com\/miehet\/#website","url":"https:\/\/grifk-handball.com\/miehet\/","name":"GrIFK K\u00e4sipallo - miehet","description":"BomBom!","publisher":{"@id":"https:\/\/grifk-handball.com\/miehet\/#organization"},"potentialAction":[{"@type":"SearchAction","target":{"@type":"EntryPoint","urlTemplate":"https:\/\/grifk-handball.com\/miehet\/?s={search_term_string}"},"query-input":{"@type":"PropertyValueSpecification","valueRequired":true,"valueName":"search_term_string"}}],"inLanguage":"fi"},{"@type":"Organization","@id":"https:\/\/grifk-handball.com\/miehet\/#organization","name":"GrIFK K\u00e4sipallo - miehet","url":"https:\/\/grifk-handball.com\/miehet\/","logo":{"@type":"ImageObject","inLanguage":"fi","@id":"https:\/\/grifk-handball.com\/miehet\/#\/schema\/logo\/image\/","url":"https:\/\/i0.wp.com\/grifk-handball.com\/miehet\/wp-content\/uploads\/sites\/2\/2016\/10\/logo-grifk-iso.png?fit=1200%2C1400&ssl=1","contentUrl":"https:\/\/i0.wp.com\/grifk-handball.com\/miehet\/wp-content\/uploads\/sites\/2\/2016\/10\/logo-grifk-iso.png?fit=1200%2C1400&ssl=1","width":1200,"height":1400,"caption":"GrIFK K\u00e4sipallo - miehet"},"image":{"@id":"https:\/\/grifk-handball.com\/miehet\/#\/schema\/logo\/image\/"},"sameAs":["https:\/\/www.facebook.com\/GrIFKelit\/","https:\/\/x.com\/GrIFK_MSM","https:\/\/www.instagram.com\/grifk_elit\/"]},{"@type":"Person","@id":"https:\/\/grifk-handball.com\/miehet\/#\/schema\/person\/9da98c743e3f0f85a1b32f59241b48e0","name":"granimaster","image":{"@type":"ImageObject","inLanguage":"fi","@id":"https:\/\/secure.gravatar.com\/avatar\/034b8e6380fc659c320f13e17fe45bd9ab48a21e2debadd5f3179bde291949df?s=96&d=mm&r=g","url":"https:\/\/secure.gravatar.com\/avatar\/034b8e6380fc659c320f13e17fe45bd9ab48a21e2debadd5f3179bde291949df?s=96&d=mm&r=g","contentUrl":"https:\/\/secure.gravatar.com\/avatar\/034b8e6380fc659c320f13e17fe45bd9ab48a21e2debadd5f3179bde291949df?s=96&d=mm&r=g","caption":"granimaster"},"url":"https:\/\/grifk-handball.com\/miehet\/author\/granimaster\/"}]}},"jetpack_featured_media_url":"https:\/\/i0.wp.com\/grifk-handball.com\/miehet\/wp-content\/uploads\/sites\/2\/2024\/02\/B7A0617.jpg?fit=2048%2C1366&ssl=1","jetpack_shortlink":"https:\/\/wp.me\/p9jQ9a-fTo","_links":{"self":[{"href":"https:\/\/grifk-handball.com\/miehet\/wp-json\/wp\/v2\/posts\/61094","targetHints":{"allow":["GET"]}}],"collection":[{"href":"https:\/\/grifk-handball.com\/miehet\/wp-json\/wp\/v2\/posts"}],"about":[{"href":"https:\/\/grifk-handball.com\/miehet\/wp-json\/wp\/v2\/types\/post"}],"author":[{"embeddable":true,"href":"https:\/\/grifk-handball.com\/miehet\/wp-json\/wp\/v2\/users\/1"}],"replies":[{"embeddable":true,"href":"https:\/\/grifk-handball.com\/miehet\/wp-json\/wp\/v2\/comments?post=61094"}],"version-history":[{"count":16,"href":"https:\/\/grifk-handball.com\/miehet\/wp-json\/wp\/v2\/posts\/61094\/revisions"}],"predecessor-version":[{"id":61386,"href":"https:\/\/grifk-handball.com\/miehet\/wp-json\/wp\/v2\/posts\/61094\/revisions\/61386"}],"wp:featuredmedia":[{"embeddable":true,"href":"https:\/\/grifk-handball.com\/miehet\/wp-json\/wp\/v2\/media\/21769"}],"wp:attachment":[{"href":"https:\/\/grifk-handball.com\/miehet\/wp-json\/wp\/v2\/media?parent=61094"}],"wp:term":[{"taxonomy":"category","embeddable":true,"href":"https:\/\/grifk-handball.com\/miehet\/wp-json\/wp\/v2\/categories?post=61094"},{"taxonomy":"post_tag","embeddable":true,"href":"https:\/\/grifk-handball.com\/miehet\/wp-json\/wp\/v2\/tags?post=61094"}],"curies":[{"name":"wp","href":"https:\/\/api.w.org\/{rel}","templated":true}]}}