{"id":61422,"date":"2024-10-30T10:07:13","date_gmt":"2024-10-30T08:07:13","guid":{"rendered":"https:\/\/grifk-handball.com\/miehet\/?p=61422"},"modified":"2024-11-25T17:24:43","modified_gmt":"2024-11-25T15:24:43","slug":"hirmuvireinen-bk-46-isannoi-grifkta-perjantaina","status":"publish","type":"post","link":"https:\/\/grifk-handball.com\/miehet\/kausi-2024-25\/ennakot-2024-25\/hirmuvireinen-bk-46-isannoi-grifkta-perjantaina\/","title":{"rendered":"Hirmuvireinen BK-46 is\u00e4nn\u00f6i GrIFK:ta perjantaina"},"content":{"rendered":"<p><strong>Aktialiiga siirtyy marraskuun puolelle perjantaina BK-46:n ja GrIFK:n v\u00e4lisell\u00e4 koitoksella. Kierroksen muut kaksi ottelua pelataan lauantaina Turussa ja Siuntiossa. Granin vierailu Karjaalla alkaa kello 19 ja sit\u00e4 voi seurata suorana my\u00f6s <a href=\"https:\/\/handis.tv\/bk-46-handboll\/games\/g\/m12kpez7\" target=\"_blank\" rel=\"noopener\">HandisTV:st\u00e4<\/a>.<br \/>\n<\/strong><!--more--><br \/>\nSarjaa tappioitta johtavan BK-46:n voittokulku on kattanut Aktialiigan lis\u00e4ksi my\u00f6s Suomen Cupin sek\u00e4 EHF European Cupin ottelut.<\/p>\n<p><strong>&#8211; <\/strong>Parasta kehitykselle on pelata kovimpia joukkueita vastaan, joten on mahtavaa kohdata liigan paras joukkue! Silloin t\u00e4ytyy aina pysty\u00e4 parhaimpaansa, muuten tulee armoton rangaistus, sanoo GrIFK:n p\u00e4\u00e4valmentaja H\u00e5kon Nerdrum tulevan ottelun alla.<\/p>\n<p>Karjaalaiset ovat saaneet hioa yhteispeli\u00e4\u00e4n viimeksi kahdessa europeliss\u00e4. Jatkopaikka EHF European Cupin kolmannelle kierrokselle tsekkil\u00e4isen SKKP Brnon kustannuksella ratkesi jo kotiottelussa, jonka BK voitti per\u00e4ti 41-29. Mahdollisuudet turnauksen 16:n parhaan joukkoon ovat hyv\u00e4t, sill\u00e4 vastustajaksi arvottu Slovakian liigaa johtava MSK Povazska Bystrica ei kuulunut ykk\u00f6skorin kaikkein kovimpiin ehdokkaisiin.<\/p>\n<p>Kotikent\u00e4ll\u00e4\u00e4n BK:n voittoputki on jo edennyt katkaisumittaansa, raitapaidoilla on nyt kasassa 18 per\u00e4tt\u00e4ist\u00e4 kotivoittoa. Karjaalaiset ovat kukistaneet Granin t\u00e4ll\u00e4 kaudella kahdesti, molemmilla kerroilla Kauniaisissa. Ensimm\u00e4isen v\u00e4lienselvittelyn BK ratkaisi jo ensimm\u00e4isen kymmenminuuttisen aikana ja n\u00f6yryytti Grania lopulta 36-21, mutta Suomen Cupin peliss\u00e4 paria viikkoa my\u00f6hemmin GrIFK haastoi mestarit kunnon taisteluun jatkopaikasta, joka ratkesi vasta ottelun lopussa. BK toki eteni Cupin Final4-lopputurnaukseen, mutta huomattavasti pienemm\u00e4n maalieron (21-24) sek\u00e4 suuremman ty\u00f6m\u00e4\u00e4r\u00e4n j\u00e4lkeen, mit\u00e4 yksik\u00e4\u00e4n koti- tai ulkomainen vastustaja on t\u00e4h\u00e4n menness\u00e4 BK:ta vastaan kyennyt aiheuttamaan.<\/p>\n<p>&#8211; Voisi sanoa, ett\u00e4 molemmilla joukkueilla on ollut omat nousunsa ja laskunsa, mutta se osoittaa my\u00f6s, ett\u00e4 jos pelaamme tasokkaasti pidempi\u00e4 jaksoja ja he eiv\u00e4t ole parhaimmillaan, niin peli voi olla v\u00e4lill\u00e4 hyvinkin tasainen. Toisaalta taas he voivat karata nopeasti kymmenen maalin eroon, jos meill\u00e4 on heikompi jakso ja heill\u00e4 hyv\u00e4.<\/p>\n<p>My\u00f6s GrIFK:lla on allaan muutaman tappiottoman ottelun putki, ja otteet ovat olleet nousujohteisia. SIF:i\u00e4 vastaan Grani esitti hetkitt\u00e4in kauden parastaan, mutta ote p\u00e4\u00e4si\u00a0 ajoittain herpaantumaan. Nerdrum n\u00e4kee, ett\u00e4 tason parantamisen pit\u00e4\u00e4 l\u00e4hte\u00e4 niiden heikompien hetkien kautta, mik\u00e4 viime peliss\u00e4 tuottikin tulosta.<\/p>\n<p>&#8211; Pelin suhteen suoriudumme mielest\u00e4ni hetkitt\u00e4in eritt\u00e4in hyvin, ja jatkamme pelimme ja perusasioiden kehitt\u00e4mist\u00e4 askel askeleelta. Meid\u00e4n t\u00e4ytyy pysy\u00e4 ter\u00e4vin\u00e4 silloin, kun viimeistelemme tai annamme ratkaisevia sy\u00f6tt\u00f6j\u00e4. N\u00e4in voimme askel askeleelta nostaa my\u00f6s matalinta tasoamme.<\/p>\n<p>&#8211; Siuntiota vastaan meilt\u00e4 puuttui ter\u00e4vyys l\u00e4hes kaikessa ensimm\u00e4isell\u00e4 puoliajalla, mutta saimme parannettua toisella puoliajalla, ja jatkoimme vastahy\u00f6kk\u00e4yksi\u00e4 koko toisen puoliajan ajan. T\u00e4m\u00e4 auttoi meit\u00e4 pit\u00e4m\u00e4\u00e4n heid\u00e4t paineen alla niin, ett\u00e4 he alkoivat v\u00e4sy\u00e4 ottelun ratkaisuhetkill\u00e4.<\/p>\n<p>GrIFK:n seuraava kotiottelu Aktialiigassa pelataan perjantaina 15.11. kello 20:15 Cocksia vastaan.<\/p>\n<h3>Lis\u00e4\u00e4 aiheesta<\/h3>\n<p><strong><a href=\"https:\/\/aktialiiga.fi\/miehet\/2024-2025\/kohti-kautta-2024-25\/kohti-kautta-grifk-8\/\">Aktialiiga &#8211; Kohti kautta: GrIFK<\/a><\/strong><br \/>\n<a href=\"https:\/\/aktialiiga.fi\/miehet\/2024-2025\/kohti-kautta-2024-25\/kohti-kautta-bk-46-9\/\" target=\"_blank\" rel=\"noopener\"><strong> Aktialiiga &#8211; Kohti kautta: BK-46<\/strong><\/a><\/p>\n<div class='flex_column_table av-lfw7jhih-85c987219677d66b273b42ba1f1056e5 sc-av_one_half av-equal-height-column-flextable'>\n<style type=\"text\/css\" data-created_by=\"avia_inline_auto\" id=\"style-css-av-lfw7jhih-85c987219677d66b273b42ba1f1056e5\">\n.flex_column.av-lfw7jhih-85c987219677d66b273b42ba1f1056e5{\npadding:20px 20px 20px 20px;\n}\n<\/style>\n<div  id=\"ohjelma\"  class='flex_column av-lfw7jhih-85c987219677d66b273b42ba1f1056e5 av_one_half  avia-builder-el-0  el_before_av_one_half  avia-builder-el-first  first flex_column_table_cell av-equal-height-column av-align-top  '     ><section  class='av_textblock_section av-lgc653zl-5ee8aaffa3c9dcda2bcb784142164c53 '   itemscope=\"itemscope\" itemtype=\"https:\/\/schema.org\/BlogPosting\" itemprop=\"blogPost\" ><div class='avia_textblock'  itemprop=\"text\" ><div class=\"nextmatchstream\">\n<p style=\"text-align: center;\"><script src=\"http:\/\/tulospalvelu.finnhandball.net\/taso\/widget.php?widget=nextmatch&#038;css=1&#038;teamid=103471&#038;otteluid= 515850\"><\/script><\/p>\n<\/div>\n<\/div><\/section><\/div>\n<div class='av-flex-placeholder'><\/div>\n<style type=\"text\/css\" data-created_by=\"avia_inline_auto\" id=\"style-css-av-mg1zow-d3b9873f774db547ca0f377e006728db\">\n.flex_column.av-mg1zow-d3b9873f774db547ca0f377e006728db{\npadding:20px 20px 20px 20px;\n}\n<\/style>\n<div  id=\"ohjelma\"  class='flex_column av-mg1zow-d3b9873f774db547ca0f377e006728db av_one_half  avia-builder-el-2  el_after_av_one_half  el_before_av_two_fifth  flex_column_table_cell av-equal-height-column av-align-top  '     ><section  class='av_textblock_section av-lmp58cq1-4f7228158587c2ff82ca23e23f601792 '   itemscope=\"itemscope\" itemtype=\"https:\/\/schema.org\/BlogPosting\" itemprop=\"blogPost\" ><div class='avia_textblock'  itemprop=\"text\" ><h3>Aiemmin t\u00e4ll\u00e4 kaudella<\/h3>\n<table class=\"previousmatches\">\n<tbody>\n<tr>\n<td>2.10.24<\/td>\n<td>Suomen Cup<\/td>\n<td>GrIFK<\/td>\n<td>BK-46<\/td>\n<td>21-24<\/td>\n<\/tr>\n<tr>\n<td>21.9.24<\/td>\n<td>Aktialiiga RS<\/td>\n<td>GrIFK<\/td>\n<td>BK-46<\/td>\n<td>21-36<\/td>\n<\/tr>\n<\/tbody>\n<\/table>\n<\/div><\/section><\/div><\/div><!--close column table wrapper. Autoclose: 1 -->\n<div class='flex_column_table av-m1er8xoh-344a60ca869b090c3f63c731e62378ac sc-av_two_fifth av-equal-height-column-flextable'><div  id=\"ohjelma\"  class='flex_column av-m1er8xoh-344a60ca869b090c3f63c731e62378ac av_two_fifth  avia-builder-el-4  el_after_av_one_half  el_before_av_one_fifth  first flex_column_table_cell av-equal-height-column av-align-middle  column-top-margin'     ><div  class='avia-button-wrap avia-button-center  avia-builder-el-5  avia-builder-el-no-sibling '>\n<style type=\"text\/css\" data-created_by=\"avia_inline_auto\" id=\"style-css-av-2qgf1pt-ddc795c469d912cd8047da4edfe7fcf6\">\n#top #wrap_all .avia-button.av-2qgf1pt-ddc795c469d912cd8047da4edfe7fcf6{\nbackground-color:#0051a9;\nborder-color:#0051a9;\ntransition:all 0.4s ease-in-out;\n}\n#top #wrap_all .avia-button.av-2qgf1pt-ddc795c469d912cd8047da4edfe7fcf6:hover{\ncolor:black;\ntransition:all 0.4s ease-in-out;\n}\n#top #wrap_all .avia-button.av-2qgf1pt-ddc795c469d912cd8047da4edfe7fcf6:hover .avia-svg-icon svg:first-child{\nfill:black;\nstroke:black;\n}\n<\/style>\n<a href='https:\/\/aktialiiga.fi\/miehet\/joukkueet-2024-25\/bk-46-karjaa\/' class='avia-font-color-theme-color avia-button avia-button-fullwidth av-2qgf1pt-ddc795c469d912cd8047da4edfe7fcf6 avia-icon_select-no avia-color-custom'  target=\"_blank\"  rel=\"noopener noreferrer\"  aria-label=\"BK-46 Aktialiigassa 2024\/25\"><span class='avia_iconbox_title' >BK-46 Aktialiigassa 2024\/25<\/span><span class='avia_button_background avia-button avia-button-fullwidth avia-color-theme-color-subtle'><\/span><\/a><\/div><\/div>\n<div class='av-flex-placeholder'><\/div><div  id=\"ohjelma\"  class='flex_column av-72546p-c8da16dca0a1d1dc3c59951ef4782291 av_one_fifth  avia-builder-el-6  el_after_av_two_fifth  el_before_av_two_fifth  flex_column_table_cell av-equal-height-column av-align-middle  column-top-margin'     ><style type=\"text\/css\" data-created_by=\"avia_inline_auto\" id=\"style-css-av-1g2t5zl-4deb66f13c37f5aa654369a171afc45e\">\n.avia-image-container.av-1g2t5zl-4deb66f13c37f5aa654369a171afc45e img.avia_image{\nbox-shadow:none;\n}\n.avia-image-container.av-1g2t5zl-4deb66f13c37f5aa654369a171afc45e .av-image-caption-overlay-center{\ncolor:#ffffff;\n}\n<\/style>\n<div  class='avia-image-container av-1g2t5zl-4deb66f13c37f5aa654369a171afc45e av-styling- av-img-linked avia-align-center  avia-builder-el-7  avia-builder-el-no-sibling '   itemprop=\"image\" itemscope=\"itemscope\" itemtype=\"https:\/\/schema.org\/ImageObject\" ><div class=\"avia-image-container-inner\"><div class=\"avia-image-overlay-wrap\"><a href=\"https:\/\/aktialiiga.fi\/miehet\/\" class='avia_image '  target=\"_blank\"  rel=\"noopener noreferrer\" aria-label='Aktialiiga'><img decoding=\"async\" fetchpriority=\"high\" class='wp-image-22656 avia-img-lazy-loading-not-22656 avia_image ' src=\"https:\/\/i0.wp.com\/grifk-handball.com\/miehet\/wp-content\/uploads\/sites\/2\/2024\/09\/Aktialiiga-500x500-1.png?resize=80%2C80&ssl=1\" alt='' title='Aktialiiga'  height=\"80\" width=\"80\"  itemprop=\"thumbnailUrl\" srcset=\"https:\/\/i0.wp.com\/grifk-handball.com\/miehet\/wp-content\/uploads\/sites\/2\/2024\/09\/Aktialiiga-500x500-1.png?w=500&amp;ssl=1 500w, https:\/\/i0.wp.com\/grifk-handball.com\/miehet\/wp-content\/uploads\/sites\/2\/2024\/09\/Aktialiiga-500x500-1.png?resize=300%2C300&amp;ssl=1 300w, https:\/\/i0.wp.com\/grifk-handball.com\/miehet\/wp-content\/uploads\/sites\/2\/2024\/09\/Aktialiiga-500x500-1.png?resize=80%2C80&amp;ssl=1 80w, https:\/\/i0.wp.com\/grifk-handball.com\/miehet\/wp-content\/uploads\/sites\/2\/2024\/09\/Aktialiiga-500x500-1.png?resize=36%2C36&amp;ssl=1 36w, https:\/\/i0.wp.com\/grifk-handball.com\/miehet\/wp-content\/uploads\/sites\/2\/2024\/09\/Aktialiiga-500x500-1.png?resize=180%2C180&amp;ssl=1 180w, https:\/\/i0.wp.com\/grifk-handball.com\/miehet\/wp-content\/uploads\/sites\/2\/2024\/09\/Aktialiiga-500x500-1.png?resize=50%2C50&amp;ssl=1 50w\" sizes=\"(max-width: 80px) 100vw, 80px\" \/><\/a><\/div><\/div><\/div><\/div>\n<div class='av-flex-placeholder'><\/div><div  id=\"ohjelma\"  class='flex_column av-15gp5xt-40c077b15f2c058f15b3d2ab22d8e66c av_two_fifth  avia-builder-el-8  el_after_av_one_fifth  el_before_av_two_third  flex_column_table_cell av-equal-height-column av-align-middle  column-top-margin'     ><div  class='avia-button-wrap avia-button-center  avia-builder-el-9  avia-builder-el-no-sibling '>\n<style type=\"text\/css\" data-created_by=\"avia_inline_auto\" id=\"style-css-av-39okc1-d1421816334e458da1ba51381cbc2d9a\">\n#top #wrap_all .avia-button.av-39okc1-d1421816334e458da1ba51381cbc2d9a{\nbackground-color:#0051a9;\nborder-color:#0051a9;\ntransition:all 0.4s ease-in-out;\n}\n#top #wrap_all .avia-button.av-39okc1-d1421816334e458da1ba51381cbc2d9a:hover{\ncolor:black;\ntransition:all 0.4s ease-in-out;\n}\n#top #wrap_all .avia-button.av-39okc1-d1421816334e458da1ba51381cbc2d9a:hover .avia-svg-icon svg:first-child{\nfill:black;\nstroke:black;\n}\n<\/style>\n<a href='https:\/\/aktialiiga.fi\/miehet\/joukkueet-2024-25\/grifk-kauniainen\/' class='avia-font-color-theme-color avia-button avia-button-fullwidth av-39okc1-d1421816334e458da1ba51381cbc2d9a avia-icon_select-no avia-color-custom'  target=\"_blank\"  rel=\"noopener noreferrer\"  aria-label=\"GrIFK Aktialiigassa 2024\/25\"><span class='avia_iconbox_title' >GrIFK Aktialiigassa 2024\/25<\/span><span class='avia_button_background avia-button avia-button-fullwidth avia-color-theme-color-subtle'><\/span><\/a><\/div><\/div><\/div><!--close column table wrapper. Autoclose: 1 -->\n<div class='flex_column_table av-m0z7whzd-d8a5ecd90f4327e3f2da06d1460ab8b1 sc-av_two_third av-equal-height-column-flextable'>\n<style type=\"text\/css\" data-created_by=\"avia_inline_auto\" id=\"style-css-av-m0z7whzd-d8a5ecd90f4327e3f2da06d1460ab8b1\">\n.flex_column.av-m0z7whzd-d8a5ecd90f4327e3f2da06d1460ab8b1{\npadding:20px 20px 20px 20px;\n}\n<\/style>\n<div  id=\"ohjelma\"  class='flex_column av-m0z7whzd-d8a5ecd90f4327e3f2da06d1460ab8b1 av_two_third  avia-builder-el-10  el_after_av_two_fifth  el_before_av_one_third  first flex_column_table_cell av-equal-height-column av-align-middle  '     ><section  class='av_textblock_section av-m0z7w7t5-5104a6a520f0372d13f33c11c2fbe213 '   itemscope=\"itemscope\" itemtype=\"https:\/\/schema.org\/BlogPosting\" itemprop=\"blogPost\" ><div class='avia_textblock'  itemprop=\"text\" ><h4>Kaikki Aktialiigapelit HandisTV:ll\u00e4<\/h4>\n<p>Aktialiigan kaikki ottelut n\u00e4kyv\u00e4t t\u00e4ll\u00e4kin kaudella <a href=\"https:\/\/grifk-handball.com\/miehet\/handistv\/\">HandisTV:n<\/a> kautta. Valitse itsellesi sopivin vaihtoehto ja liity joukkueen kannattajaksi hankkimalla joko kausipassi, ryhtym\u00e4ll\u00e4 kuukausikannattajaksi tai ostamalla katseluoikeus yksitt\u00e4iseen otteluun.<\/p>\n<\/div><\/section><\/div>\n<div class='av-flex-placeholder'><\/div>\n<style type=\"text\/css\" data-created_by=\"avia_inline_auto\" id=\"style-css-av-1a1j9m8-931d2d58ff7615b0f3775ce01d342565\">\n.flex_column.av-1a1j9m8-931d2d58ff7615b0f3775ce01d342565{\npadding:20px 20px 20px 20px;\n}\n<\/style>\n<div  id=\"ohjelma\"  class='flex_column av-1a1j9m8-931d2d58ff7615b0f3775ce01d342565 av_one_third  avia-builder-el-12  el_after_av_two_third  avia-builder-el-last  flex_column_table_cell av-equal-height-column av-align-middle  '     ><p>\n<style type=\"text\/css\" data-created_by=\"avia_inline_auto\" id=\"style-css-av-m0z7p2kd-a7e74f7ce202db7e0151f22850c156aa\">\n.avia-image-container.av-m0z7p2kd-a7e74f7ce202db7e0151f22850c156aa img.avia_image{\nbox-shadow:none;\n}\n.avia-image-container.av-m0z7p2kd-a7e74f7ce202db7e0151f22850c156aa .av-image-caption-overlay-center{\ncolor:#ffffff;\n}\n<\/style>\n<div  class='avia-image-container av-m0z7p2kd-a7e74f7ce202db7e0151f22850c156aa av-styling- av-hover-grow av-img-linked avia-align-center  avia-builder-el-13  el_before_av_image  avia-builder-el-first '   itemprop=\"image\" itemscope=\"itemscope\" itemtype=\"https:\/\/schema.org\/ImageObject\" ><div class=\"avia-image-container-inner\"><div class=\"avia-image-overlay-wrap\"><a href=\"https:\/\/grifk-handball.com\/miehet\/handistv\/\" class='avia_image '  target=\"_blank\"  rel=\"noopener noreferrer\" aria-label='HandisTV'><img decoding=\"async\" fetchpriority=\"high\" class='wp-image-18650 avia-img-lazy-loading-not-18650 avia_image ' src=\"https:\/\/i0.wp.com\/grifk-handball.com\/miehet\/wp-content\/uploads\/sites\/2\/2023\/01\/HandisTV-logo-sininen.png?fit=300%2C125&ssl=1\" alt='' title='HandisTV'  height=\"125\" width=\"300\"  itemprop=\"thumbnailUrl\" srcset=\"https:\/\/i0.wp.com\/grifk-handball.com\/miehet\/wp-content\/uploads\/sites\/2\/2023\/01\/HandisTV-logo-sininen.png?w=1920&amp;ssl=1 1920w, https:\/\/i0.wp.com\/grifk-handball.com\/miehet\/wp-content\/uploads\/sites\/2\/2023\/01\/HandisTV-logo-sininen.png?resize=300%2C125&amp;ssl=1 300w, https:\/\/i0.wp.com\/grifk-handball.com\/miehet\/wp-content\/uploads\/sites\/2\/2023\/01\/HandisTV-logo-sininen.png?resize=1030%2C429&amp;ssl=1 1030w, https:\/\/i0.wp.com\/grifk-handball.com\/miehet\/wp-content\/uploads\/sites\/2\/2023\/01\/HandisTV-logo-sininen.png?resize=768%2C320&amp;ssl=1 768w, https:\/\/i0.wp.com\/grifk-handball.com\/miehet\/wp-content\/uploads\/sites\/2\/2023\/01\/HandisTV-logo-sininen.png?resize=1536%2C640&amp;ssl=1 1536w, https:\/\/i0.wp.com\/grifk-handball.com\/miehet\/wp-content\/uploads\/sites\/2\/2023\/01\/HandisTV-logo-sininen.png?resize=1500%2C625&amp;ssl=1 1500w, https:\/\/i0.wp.com\/grifk-handball.com\/miehet\/wp-content\/uploads\/sites\/2\/2023\/01\/HandisTV-logo-sininen.png?resize=705%2C294&amp;ssl=1 705w\" sizes=\"(max-width: 300px) 100vw, 300px\" \/><\/a><\/div><\/div><\/div><br \/>\n\n<style type=\"text\/css\" data-created_by=\"avia_inline_auto\" id=\"style-css-av-ko1w5s-8c82696b167d7460aa24293ea1d84113\">\n.avia-image-container.av-ko1w5s-8c82696b167d7460aa24293ea1d84113 img.avia_image{\nbox-shadow:none;\n}\n.avia-image-container.av-ko1w5s-8c82696b167d7460aa24293ea1d84113 .av-image-caption-overlay-center{\ncolor:#ffffff;\n}\n<\/style>\n<div  class='avia-image-container av-ko1w5s-8c82696b167d7460aa24293ea1d84113 av-styling- av-hover-grow av-img-linked avia-align-center  avia-builder-el-14  el_after_av_image  avia-builder-el-last '   itemprop=\"image\" itemscope=\"itemscope\" itemtype=\"https:\/\/schema.org\/ImageObject\" ><div class=\"avia-image-container-inner\"><div class=\"avia-image-overlay-wrap\"><a href=\"https:\/\/tulospalvelu.finnhandball.net\" class='avia_image '  target=\"_blank\"  rel=\"noopener noreferrer\" aria-label='Aktia Tulospalvelu'><img decoding=\"async\" fetchpriority=\"high\" class='wp-image-22607 avia-img-lazy-loading-not-22607 avia_image ' src=\"https:\/\/i0.wp.com\/grifk-handball.com\/miehet\/wp-content\/uploads\/sites\/2\/2024\/09\/AKTIA_TULOSPALVELU_Logo_72dpi_RGB.png?fit=300%2C88&ssl=1\" alt='' title='Aktia Tulospalvelu'  height=\"88\" width=\"300\"  itemprop=\"thumbnailUrl\" srcset=\"https:\/\/i0.wp.com\/grifk-handball.com\/miehet\/wp-content\/uploads\/sites\/2\/2024\/09\/AKTIA_TULOSPALVELU_Logo_72dpi_RGB.png?w=2250&amp;ssl=1 2250w, https:\/\/i0.wp.com\/grifk-handball.com\/miehet\/wp-content\/uploads\/sites\/2\/2024\/09\/AKTIA_TULOSPALVELU_Logo_72dpi_RGB.png?resize=300%2C88&amp;ssl=1 300w, https:\/\/i0.wp.com\/grifk-handball.com\/miehet\/wp-content\/uploads\/sites\/2\/2024\/09\/AKTIA_TULOSPALVELU_Logo_72dpi_RGB.png?resize=1030%2C301&amp;ssl=1 1030w, https:\/\/i0.wp.com\/grifk-handball.com\/miehet\/wp-content\/uploads\/sites\/2\/2024\/09\/AKTIA_TULOSPALVELU_Logo_72dpi_RGB.png?resize=768%2C224&amp;ssl=1 768w, https:\/\/i0.wp.com\/grifk-handball.com\/miehet\/wp-content\/uploads\/sites\/2\/2024\/09\/AKTIA_TULOSPALVELU_Logo_72dpi_RGB.png?resize=1536%2C449&amp;ssl=1 1536w, https:\/\/i0.wp.com\/grifk-handball.com\/miehet\/wp-content\/uploads\/sites\/2\/2024\/09\/AKTIA_TULOSPALVELU_Logo_72dpi_RGB.png?resize=2048%2C598&amp;ssl=1 2048w, https:\/\/i0.wp.com\/grifk-handball.com\/miehet\/wp-content\/uploads\/sites\/2\/2024\/09\/AKTIA_TULOSPALVELU_Logo_72dpi_RGB.png?resize=1500%2C438&amp;ssl=1 1500w, https:\/\/i0.wp.com\/grifk-handball.com\/miehet\/wp-content\/uploads\/sites\/2\/2024\/09\/AKTIA_TULOSPALVELU_Logo_72dpi_RGB.png?resize=705%2C206&amp;ssl=1 705w\" sizes=\"(max-width: 300px) 100vw, 300px\" \/><\/a><\/div><\/div><\/div><\/p><\/div><\/div><!--close column table wrapper. Autoclose: 1 -->\n<p>&nbsp;<\/p>\n","protected":false},"excerpt":{"rendered":"<p>Aktialiiga siirtyy marraskuun puolelle perjantaina BK-46:n ja GrIFK:n v\u00e4lisell\u00e4 koitoksella. Kierroksen muut kaksi ottelua pelataan lauantaina Turussa ja Siuntiossa. Granin vierailu Karjaalla alkaa kello 19 ja sit\u00e4 voi seurata suorana my\u00f6s HandisTV:st\u00e4.<\/p>\n","protected":false},"author":1,"featured_media":61124,"comment_status":"closed","ping_status":"closed","sticky":false,"template":"","format":"standard","meta":{"_acf_changed":false,"footnotes":""},"categories":[578],"tags":[12,26,586,18,25,38],"class_list":["post-61422","post","type-post","status-publish","format-standard","has-post-thumbnail","hentry","category-ennakot-2024-25","tag-bombom","tag-grifkhandball","tag-aktialiiga","tag-bk-46","tag-grifk","tag-runkosarja"],"acf":[],"yoast_head":"<!-- This site is optimized with the Yoast SEO plugin v27.5 - https:\/\/yoast.com\/product\/yoast-seo-wordpress\/ -->\n<title>Hirmuvireinen BK-46 is\u00e4nn\u00f6i GrIFK:ta perjantaina &#8212; GrIFK K\u00e4sipallo - miehet<\/title>\n<meta name=\"description\" content=\"SM-liigan t\u00e4m\u00e4n kev\u00e4\u00e4n toista loppuottelijaa haetaan seuraavan kerran keskiviikkona, kun BK-46 ja GrIFK ly\u00f6v\u00e4t hynttyyt yhteen nelj\u00e4nnen kerran.\" \/>\n<meta name=\"robots\" content=\"index, follow, max-snippet:-1, max-image-preview:large, max-video-preview:-1\" \/>\n<link rel=\"canonical\" href=\"https:\/\/grifk-handball.com\/miehet\/kausi-2024-25\/ennakot-2024-25\/hirmuvireinen-bk-46-isannoi-grifkta-perjantaina\/\" \/>\n<meta property=\"og:locale\" content=\"fi_FI\" \/>\n<meta property=\"og:type\" content=\"article\" \/>\n<meta property=\"og:title\" content=\"Hirmuvireinen BK-46 is\u00e4nn\u00f6i GrIFK:ta perjantaina &#8212; GrIFK K\u00e4sipallo - miehet\" \/>\n<meta property=\"og:description\" content=\"SM-liigan t\u00e4m\u00e4n kev\u00e4\u00e4n toista loppuottelijaa haetaan seuraavan kerran keskiviikkona, kun BK-46 ja GrIFK ly\u00f6v\u00e4t hynttyyt yhteen nelj\u00e4nnen kerran.\" \/>\n<meta property=\"og:url\" content=\"https:\/\/grifk-handball.com\/miehet\/kausi-2024-25\/ennakot-2024-25\/hirmuvireinen-bk-46-isannoi-grifkta-perjantaina\/\" \/>\n<meta property=\"og:site_name\" content=\"GrIFK K\u00e4sipallo - miehet\" \/>\n<meta property=\"article:publisher\" content=\"https:\/\/www.facebook.com\/GrIFKelit\/\" \/>\n<meta property=\"article:published_time\" content=\"2024-10-30T08:07:13+00:00\" \/>\n<meta property=\"article:modified_time\" content=\"2024-11-25T15:24:43+00:00\" \/>\n<meta property=\"og:image\" content=\"http:\/\/grifk-handball.com\/miehet\/wp-content\/uploads\/sites\/2\/2024\/09\/B7A4380-e1737114668812.jpg\" \/>\n\t<meta property=\"og:image:width\" content=\"1203\" \/>\n\t<meta property=\"og:image:height\" content=\"782\" \/>\n\t<meta property=\"og:image:type\" content=\"image\/jpeg\" \/>\n<meta name=\"author\" content=\"granimaster\" \/>\n<meta name=\"twitter:card\" content=\"summary_large_image\" \/>\n<meta name=\"twitter:creator\" content=\"@GrIFK_MSM\" \/>\n<meta name=\"twitter:site\" content=\"@GrIFK_MSM\" \/>\n<meta name=\"twitter:label1\" content=\"Kirjoittanut\" \/>\n\t<meta name=\"twitter:data1\" content=\"granimaster\" \/>\n<script type=\"application\/ld+json\" class=\"yoast-schema-graph\">{\"@context\":\"https:\\\/\\\/schema.org\",\"@graph\":[{\"@type\":\"Article\",\"@id\":\"https:\\\/\\\/grifk-handball.com\\\/miehet\\\/kausi-2024-25\\\/ennakot-2024-25\\\/hirmuvireinen-bk-46-isannoi-grifkta-perjantaina\\\/#article\",\"isPartOf\":{\"@id\":\"https:\\\/\\\/grifk-handball.com\\\/miehet\\\/kausi-2024-25\\\/ennakot-2024-25\\\/hirmuvireinen-bk-46-isannoi-grifkta-perjantaina\\\/\"},\"author\":{\"name\":\"granimaster\",\"@id\":\"https:\\\/\\\/grifk-handball.com\\\/miehet\\\/#\\\/schema\\\/person\\\/9da98c743e3f0f85a1b32f59241b48e0\"},\"headline\":\"Hirmuvireinen BK-46 is\u00e4nn\u00f6i GrIFK:ta perjantaina\",\"datePublished\":\"2024-10-30T08:07:13+00:00\",\"dateModified\":\"2024-11-25T15:24:43+00:00\",\"mainEntityOfPage\":{\"@id\":\"https:\\\/\\\/grifk-handball.com\\\/miehet\\\/kausi-2024-25\\\/ennakot-2024-25\\\/hirmuvireinen-bk-46-isannoi-grifkta-perjantaina\\\/\"},\"wordCount\":4162,\"publisher\":{\"@id\":\"https:\\\/\\\/grifk-handball.com\\\/miehet\\\/#organization\"},\"image\":{\"@id\":\"https:\\\/\\\/grifk-handball.com\\\/miehet\\\/kausi-2024-25\\\/ennakot-2024-25\\\/hirmuvireinen-bk-46-isannoi-grifkta-perjantaina\\\/#primaryimage\"},\"thumbnailUrl\":\"https:\\\/\\\/i0.wp.com\\\/grifk-handball.com\\\/miehet\\\/wp-content\\\/uploads\\\/sites\\\/2\\\/2024\\\/09\\\/B7A4380-e1737114668812.jpg?fit=1203%2C782&ssl=1\",\"keywords\":[\"#BomBom\",\"#GrIFKHandball\",\"Aktialiiga\",\"BK-46\",\"GrIFK\",\"Runkosarja\"],\"articleSection\":[\"Ennakot 2024-25\"],\"inLanguage\":\"fi\"},{\"@type\":\"WebPage\",\"@id\":\"https:\\\/\\\/grifk-handball.com\\\/miehet\\\/kausi-2024-25\\\/ennakot-2024-25\\\/hirmuvireinen-bk-46-isannoi-grifkta-perjantaina\\\/\",\"url\":\"https:\\\/\\\/grifk-handball.com\\\/miehet\\\/kausi-2024-25\\\/ennakot-2024-25\\\/hirmuvireinen-bk-46-isannoi-grifkta-perjantaina\\\/\",\"name\":\"Hirmuvireinen BK-46 is\u00e4nn\u00f6i GrIFK:ta perjantaina &#8212; GrIFK K\u00e4sipallo - miehet\",\"isPartOf\":{\"@id\":\"https:\\\/\\\/grifk-handball.com\\\/miehet\\\/#website\"},\"primaryImageOfPage\":{\"@id\":\"https:\\\/\\\/grifk-handball.com\\\/miehet\\\/kausi-2024-25\\\/ennakot-2024-25\\\/hirmuvireinen-bk-46-isannoi-grifkta-perjantaina\\\/#primaryimage\"},\"image\":{\"@id\":\"https:\\\/\\\/grifk-handball.com\\\/miehet\\\/kausi-2024-25\\\/ennakot-2024-25\\\/hirmuvireinen-bk-46-isannoi-grifkta-perjantaina\\\/#primaryimage\"},\"thumbnailUrl\":\"https:\\\/\\\/i0.wp.com\\\/grifk-handball.com\\\/miehet\\\/wp-content\\\/uploads\\\/sites\\\/2\\\/2024\\\/09\\\/B7A4380-e1737114668812.jpg?fit=1203%2C782&ssl=1\",\"datePublished\":\"2024-10-30T08:07:13+00:00\",\"dateModified\":\"2024-11-25T15:24:43+00:00\",\"description\":\"SM-liigan t\u00e4m\u00e4n kev\u00e4\u00e4n toista loppuottelijaa haetaan seuraavan kerran keskiviikkona, kun BK-46 ja GrIFK ly\u00f6v\u00e4t hynttyyt yhteen nelj\u00e4nnen kerran.\",\"breadcrumb\":{\"@id\":\"https:\\\/\\\/grifk-handball.com\\\/miehet\\\/kausi-2024-25\\\/ennakot-2024-25\\\/hirmuvireinen-bk-46-isannoi-grifkta-perjantaina\\\/#breadcrumb\"},\"inLanguage\":\"fi\",\"potentialAction\":[{\"@type\":\"ReadAction\",\"target\":[\"https:\\\/\\\/grifk-handball.com\\\/miehet\\\/kausi-2024-25\\\/ennakot-2024-25\\\/hirmuvireinen-bk-46-isannoi-grifkta-perjantaina\\\/\"]}]},{\"@type\":\"ImageObject\",\"inLanguage\":\"fi\",\"@id\":\"https:\\\/\\\/grifk-handball.com\\\/miehet\\\/kausi-2024-25\\\/ennakot-2024-25\\\/hirmuvireinen-bk-46-isannoi-grifkta-perjantaina\\\/#primaryimage\",\"url\":\"https:\\\/\\\/i0.wp.com\\\/grifk-handball.com\\\/miehet\\\/wp-content\\\/uploads\\\/sites\\\/2\\\/2024\\\/09\\\/B7A4380-e1737114668812.jpg?fit=1203%2C782&ssl=1\",\"contentUrl\":\"https:\\\/\\\/i0.wp.com\\\/grifk-handball.com\\\/miehet\\\/wp-content\\\/uploads\\\/sites\\\/2\\\/2024\\\/09\\\/B7A4380-e1737114668812.jpg?fit=1203%2C782&ssl=1\",\"width\":1203,\"height\":782},{\"@type\":\"BreadcrumbList\",\"@id\":\"https:\\\/\\\/grifk-handball.com\\\/miehet\\\/kausi-2024-25\\\/ennakot-2024-25\\\/hirmuvireinen-bk-46-isannoi-grifkta-perjantaina\\\/#breadcrumb\",\"itemListElement\":[{\"@type\":\"ListItem\",\"position\":1,\"name\":\"Home\",\"item\":\"https:\\\/\\\/grifk-handball.com\\\/miehet\\\/etusivu-260109\\\/\"},{\"@type\":\"ListItem\",\"position\":2,\"name\":\"Hirmuvireinen BK-46 is\u00e4nn\u00f6i GrIFK:ta perjantaina\"}]},{\"@type\":\"WebSite\",\"@id\":\"https:\\\/\\\/grifk-handball.com\\\/miehet\\\/#website\",\"url\":\"https:\\\/\\\/grifk-handball.com\\\/miehet\\\/\",\"name\":\"GrIFK K\u00e4sipallo - miehet\",\"description\":\"BomBom!\",\"publisher\":{\"@id\":\"https:\\\/\\\/grifk-handball.com\\\/miehet\\\/#organization\"},\"potentialAction\":[{\"@type\":\"SearchAction\",\"target\":{\"@type\":\"EntryPoint\",\"urlTemplate\":\"https:\\\/\\\/grifk-handball.com\\\/miehet\\\/?s={search_term_string}\"},\"query-input\":{\"@type\":\"PropertyValueSpecification\",\"valueRequired\":true,\"valueName\":\"search_term_string\"}}],\"inLanguage\":\"fi\"},{\"@type\":\"Organization\",\"@id\":\"https:\\\/\\\/grifk-handball.com\\\/miehet\\\/#organization\",\"name\":\"GrIFK K\u00e4sipallo - miehet\",\"url\":\"https:\\\/\\\/grifk-handball.com\\\/miehet\\\/\",\"logo\":{\"@type\":\"ImageObject\",\"inLanguage\":\"fi\",\"@id\":\"https:\\\/\\\/grifk-handball.com\\\/miehet\\\/#\\\/schema\\\/logo\\\/image\\\/\",\"url\":\"https:\\\/\\\/i0.wp.com\\\/grifk-handball.com\\\/miehet\\\/wp-content\\\/uploads\\\/sites\\\/2\\\/2016\\\/10\\\/logo-grifk-iso.png?fit=1200%2C1400&ssl=1\",\"contentUrl\":\"https:\\\/\\\/i0.wp.com\\\/grifk-handball.com\\\/miehet\\\/wp-content\\\/uploads\\\/sites\\\/2\\\/2016\\\/10\\\/logo-grifk-iso.png?fit=1200%2C1400&ssl=1\",\"width\":1200,\"height\":1400,\"caption\":\"GrIFK K\u00e4sipallo - miehet\"},\"image\":{\"@id\":\"https:\\\/\\\/grifk-handball.com\\\/miehet\\\/#\\\/schema\\\/logo\\\/image\\\/\"},\"sameAs\":[\"https:\\\/\\\/www.facebook.com\\\/GrIFKelit\\\/\",\"https:\\\/\\\/x.com\\\/GrIFK_MSM\",\"https:\\\/\\\/www.instagram.com\\\/grifk_elit\\\/\"]},{\"@type\":\"Person\",\"@id\":\"https:\\\/\\\/grifk-handball.com\\\/miehet\\\/#\\\/schema\\\/person\\\/9da98c743e3f0f85a1b32f59241b48e0\",\"name\":\"granimaster\",\"image\":{\"@type\":\"ImageObject\",\"inLanguage\":\"fi\",\"@id\":\"https:\\\/\\\/secure.gravatar.com\\\/avatar\\\/034b8e6380fc659c320f13e17fe45bd9ab48a21e2debadd5f3179bde291949df?s=96&d=mm&r=g\",\"url\":\"https:\\\/\\\/secure.gravatar.com\\\/avatar\\\/034b8e6380fc659c320f13e17fe45bd9ab48a21e2debadd5f3179bde291949df?s=96&d=mm&r=g\",\"contentUrl\":\"https:\\\/\\\/secure.gravatar.com\\\/avatar\\\/034b8e6380fc659c320f13e17fe45bd9ab48a21e2debadd5f3179bde291949df?s=96&d=mm&r=g\",\"caption\":\"granimaster\"},\"url\":\"https:\\\/\\\/grifk-handball.com\\\/miehet\\\/author\\\/granimaster\\\/\"}]}<\/script>\n<!-- \/ Yoast SEO plugin. -->","yoast_head_json":{"title":"Hirmuvireinen BK-46 is\u00e4nn\u00f6i GrIFK:ta perjantaina &#8212; GrIFK K\u00e4sipallo - miehet","description":"SM-liigan t\u00e4m\u00e4n kev\u00e4\u00e4n toista loppuottelijaa haetaan seuraavan kerran keskiviikkona, kun BK-46 ja GrIFK ly\u00f6v\u00e4t hynttyyt yhteen nelj\u00e4nnen kerran.","robots":{"index":"index","follow":"follow","max-snippet":"max-snippet:-1","max-image-preview":"max-image-preview:large","max-video-preview":"max-video-preview:-1"},"canonical":"https:\/\/grifk-handball.com\/miehet\/kausi-2024-25\/ennakot-2024-25\/hirmuvireinen-bk-46-isannoi-grifkta-perjantaina\/","og_locale":"fi_FI","og_type":"article","og_title":"Hirmuvireinen BK-46 is\u00e4nn\u00f6i GrIFK:ta perjantaina &#8212; GrIFK K\u00e4sipallo - miehet","og_description":"SM-liigan t\u00e4m\u00e4n kev\u00e4\u00e4n toista loppuottelijaa haetaan seuraavan kerran keskiviikkona, kun BK-46 ja GrIFK ly\u00f6v\u00e4t hynttyyt yhteen nelj\u00e4nnen kerran.","og_url":"https:\/\/grifk-handball.com\/miehet\/kausi-2024-25\/ennakot-2024-25\/hirmuvireinen-bk-46-isannoi-grifkta-perjantaina\/","og_site_name":"GrIFK K\u00e4sipallo - miehet","article_publisher":"https:\/\/www.facebook.com\/GrIFKelit\/","article_published_time":"2024-10-30T08:07:13+00:00","article_modified_time":"2024-11-25T15:24:43+00:00","og_image":[{"width":1203,"height":782,"url":"http:\/\/grifk-handball.com\/miehet\/wp-content\/uploads\/sites\/2\/2024\/09\/B7A4380-e1737114668812.jpg","type":"image\/jpeg"}],"author":"granimaster","twitter_card":"summary_large_image","twitter_creator":"@GrIFK_MSM","twitter_site":"@GrIFK_MSM","twitter_misc":{"Kirjoittanut":"granimaster"},"schema":{"@context":"https:\/\/schema.org","@graph":[{"@type":"Article","@id":"https:\/\/grifk-handball.com\/miehet\/kausi-2024-25\/ennakot-2024-25\/hirmuvireinen-bk-46-isannoi-grifkta-perjantaina\/#article","isPartOf":{"@id":"https:\/\/grifk-handball.com\/miehet\/kausi-2024-25\/ennakot-2024-25\/hirmuvireinen-bk-46-isannoi-grifkta-perjantaina\/"},"author":{"name":"granimaster","@id":"https:\/\/grifk-handball.com\/miehet\/#\/schema\/person\/9da98c743e3f0f85a1b32f59241b48e0"},"headline":"Hirmuvireinen BK-46 is\u00e4nn\u00f6i GrIFK:ta perjantaina","datePublished":"2024-10-30T08:07:13+00:00","dateModified":"2024-11-25T15:24:43+00:00","mainEntityOfPage":{"@id":"https:\/\/grifk-handball.com\/miehet\/kausi-2024-25\/ennakot-2024-25\/hirmuvireinen-bk-46-isannoi-grifkta-perjantaina\/"},"wordCount":4162,"publisher":{"@id":"https:\/\/grifk-handball.com\/miehet\/#organization"},"image":{"@id":"https:\/\/grifk-handball.com\/miehet\/kausi-2024-25\/ennakot-2024-25\/hirmuvireinen-bk-46-isannoi-grifkta-perjantaina\/#primaryimage"},"thumbnailUrl":"https:\/\/i0.wp.com\/grifk-handball.com\/miehet\/wp-content\/uploads\/sites\/2\/2024\/09\/B7A4380-e1737114668812.jpg?fit=1203%2C782&ssl=1","keywords":["#BomBom","#GrIFKHandball","Aktialiiga","BK-46","GrIFK","Runkosarja"],"articleSection":["Ennakot 2024-25"],"inLanguage":"fi"},{"@type":"WebPage","@id":"https:\/\/grifk-handball.com\/miehet\/kausi-2024-25\/ennakot-2024-25\/hirmuvireinen-bk-46-isannoi-grifkta-perjantaina\/","url":"https:\/\/grifk-handball.com\/miehet\/kausi-2024-25\/ennakot-2024-25\/hirmuvireinen-bk-46-isannoi-grifkta-perjantaina\/","name":"Hirmuvireinen BK-46 is\u00e4nn\u00f6i GrIFK:ta perjantaina &#8212; GrIFK K\u00e4sipallo - miehet","isPartOf":{"@id":"https:\/\/grifk-handball.com\/miehet\/#website"},"primaryImageOfPage":{"@id":"https:\/\/grifk-handball.com\/miehet\/kausi-2024-25\/ennakot-2024-25\/hirmuvireinen-bk-46-isannoi-grifkta-perjantaina\/#primaryimage"},"image":{"@id":"https:\/\/grifk-handball.com\/miehet\/kausi-2024-25\/ennakot-2024-25\/hirmuvireinen-bk-46-isannoi-grifkta-perjantaina\/#primaryimage"},"thumbnailUrl":"https:\/\/i0.wp.com\/grifk-handball.com\/miehet\/wp-content\/uploads\/sites\/2\/2024\/09\/B7A4380-e1737114668812.jpg?fit=1203%2C782&ssl=1","datePublished":"2024-10-30T08:07:13+00:00","dateModified":"2024-11-25T15:24:43+00:00","description":"SM-liigan t\u00e4m\u00e4n kev\u00e4\u00e4n toista loppuottelijaa haetaan seuraavan kerran keskiviikkona, kun BK-46 ja GrIFK ly\u00f6v\u00e4t hynttyyt yhteen nelj\u00e4nnen kerran.","breadcrumb":{"@id":"https:\/\/grifk-handball.com\/miehet\/kausi-2024-25\/ennakot-2024-25\/hirmuvireinen-bk-46-isannoi-grifkta-perjantaina\/#breadcrumb"},"inLanguage":"fi","potentialAction":[{"@type":"ReadAction","target":["https:\/\/grifk-handball.com\/miehet\/kausi-2024-25\/ennakot-2024-25\/hirmuvireinen-bk-46-isannoi-grifkta-perjantaina\/"]}]},{"@type":"ImageObject","inLanguage":"fi","@id":"https:\/\/grifk-handball.com\/miehet\/kausi-2024-25\/ennakot-2024-25\/hirmuvireinen-bk-46-isannoi-grifkta-perjantaina\/#primaryimage","url":"https:\/\/i0.wp.com\/grifk-handball.com\/miehet\/wp-content\/uploads\/sites\/2\/2024\/09\/B7A4380-e1737114668812.jpg?fit=1203%2C782&ssl=1","contentUrl":"https:\/\/i0.wp.com\/grifk-handball.com\/miehet\/wp-content\/uploads\/sites\/2\/2024\/09\/B7A4380-e1737114668812.jpg?fit=1203%2C782&ssl=1","width":1203,"height":782},{"@type":"BreadcrumbList","@id":"https:\/\/grifk-handball.com\/miehet\/kausi-2024-25\/ennakot-2024-25\/hirmuvireinen-bk-46-isannoi-grifkta-perjantaina\/#breadcrumb","itemListElement":[{"@type":"ListItem","position":1,"name":"Home","item":"https:\/\/grifk-handball.com\/miehet\/etusivu-260109\/"},{"@type":"ListItem","position":2,"name":"Hirmuvireinen BK-46 is\u00e4nn\u00f6i GrIFK:ta perjantaina"}]},{"@type":"WebSite","@id":"https:\/\/grifk-handball.com\/miehet\/#website","url":"https:\/\/grifk-handball.com\/miehet\/","name":"GrIFK K\u00e4sipallo - miehet","description":"BomBom!","publisher":{"@id":"https:\/\/grifk-handball.com\/miehet\/#organization"},"potentialAction":[{"@type":"SearchAction","target":{"@type":"EntryPoint","urlTemplate":"https:\/\/grifk-handball.com\/miehet\/?s={search_term_string}"},"query-input":{"@type":"PropertyValueSpecification","valueRequired":true,"valueName":"search_term_string"}}],"inLanguage":"fi"},{"@type":"Organization","@id":"https:\/\/grifk-handball.com\/miehet\/#organization","name":"GrIFK K\u00e4sipallo - miehet","url":"https:\/\/grifk-handball.com\/miehet\/","logo":{"@type":"ImageObject","inLanguage":"fi","@id":"https:\/\/grifk-handball.com\/miehet\/#\/schema\/logo\/image\/","url":"https:\/\/i0.wp.com\/grifk-handball.com\/miehet\/wp-content\/uploads\/sites\/2\/2016\/10\/logo-grifk-iso.png?fit=1200%2C1400&ssl=1","contentUrl":"https:\/\/i0.wp.com\/grifk-handball.com\/miehet\/wp-content\/uploads\/sites\/2\/2016\/10\/logo-grifk-iso.png?fit=1200%2C1400&ssl=1","width":1200,"height":1400,"caption":"GrIFK K\u00e4sipallo - miehet"},"image":{"@id":"https:\/\/grifk-handball.com\/miehet\/#\/schema\/logo\/image\/"},"sameAs":["https:\/\/www.facebook.com\/GrIFKelit\/","https:\/\/x.com\/GrIFK_MSM","https:\/\/www.instagram.com\/grifk_elit\/"]},{"@type":"Person","@id":"https:\/\/grifk-handball.com\/miehet\/#\/schema\/person\/9da98c743e3f0f85a1b32f59241b48e0","name":"granimaster","image":{"@type":"ImageObject","inLanguage":"fi","@id":"https:\/\/secure.gravatar.com\/avatar\/034b8e6380fc659c320f13e17fe45bd9ab48a21e2debadd5f3179bde291949df?s=96&d=mm&r=g","url":"https:\/\/secure.gravatar.com\/avatar\/034b8e6380fc659c320f13e17fe45bd9ab48a21e2debadd5f3179bde291949df?s=96&d=mm&r=g","contentUrl":"https:\/\/secure.gravatar.com\/avatar\/034b8e6380fc659c320f13e17fe45bd9ab48a21e2debadd5f3179bde291949df?s=96&d=mm&r=g","caption":"granimaster"},"url":"https:\/\/grifk-handball.com\/miehet\/author\/granimaster\/"}]}},"jetpack_featured_media_url":"https:\/\/i0.wp.com\/grifk-handball.com\/miehet\/wp-content\/uploads\/sites\/2\/2024\/09\/B7A4380-e1737114668812.jpg?fit=1203%2C782&ssl=1","jetpack_shortlink":"https:\/\/wp.me\/p9jQ9a-fYG","_links":{"self":[{"href":"https:\/\/grifk-handball.com\/miehet\/wp-json\/wp\/v2\/posts\/61422","targetHints":{"allow":["GET"]}}],"collection":[{"href":"https:\/\/grifk-handball.com\/miehet\/wp-json\/wp\/v2\/posts"}],"about":[{"href":"https:\/\/grifk-handball.com\/miehet\/wp-json\/wp\/v2\/types\/post"}],"author":[{"embeddable":true,"href":"https:\/\/grifk-handball.com\/miehet\/wp-json\/wp\/v2\/users\/1"}],"replies":[{"embeddable":true,"href":"https:\/\/grifk-handball.com\/miehet\/wp-json\/wp\/v2\/comments?post=61422"}],"version-history":[{"count":18,"href":"https:\/\/grifk-handball.com\/miehet\/wp-json\/wp\/v2\/posts\/61422\/revisions"}],"predecessor-version":[{"id":61927,"href":"https:\/\/grifk-handball.com\/miehet\/wp-json\/wp\/v2\/posts\/61422\/revisions\/61927"}],"wp:featuredmedia":[{"embeddable":true,"href":"https:\/\/grifk-handball.com\/miehet\/wp-json\/wp\/v2\/media\/61124"}],"wp:attachment":[{"href":"https:\/\/grifk-handball.com\/miehet\/wp-json\/wp\/v2\/media?parent=61422"}],"wp:term":[{"taxonomy":"category","embeddable":true,"href":"https:\/\/grifk-handball.com\/miehet\/wp-json\/wp\/v2\/categories?post=61422"},{"taxonomy":"post_tag","embeddable":true,"href":"https:\/\/grifk-handball.com\/miehet\/wp-json\/wp\/v2\/tags?post=61422"}],"curies":[{"name":"wp","href":"https:\/\/api.w.org\/{rel}","templated":true}]}}