{"id":61553,"date":"2024-12-10T07:14:09","date_gmt":"2024-12-10T05:14:09","guid":{"rendered":"https:\/\/grifk-handball.com\/miehet\/?p=61553"},"modified":"2024-12-10T08:03:53","modified_gmt":"2024-12-10T06:03:53","slug":"grifk-siuntioon-tavoittelemaan-kolmatta-perattaista-voittoa","status":"publish","type":"post","link":"https:\/\/grifk-handball.com\/miehet\/kausi-2024-25\/ennakot-2024-25\/grifk-siuntioon-tavoittelemaan-kolmatta-perattaista-voittoa\/","title":{"rendered":"GrIFK Siuntioon tavoittelemaan kolmatta per\u00e4tt\u00e4ist\u00e4 voittoa"},"content":{"rendered":"<p>GrIFK jatkaa joulukuun ottelusarjaansa keskiviikkona Siuntiossa, jossa kolme pistett\u00e4 granilaisia v\u00e4hemm\u00e4n pisteit\u00e4 ker\u00e4nnyt sarjavitonen SIF is\u00e4nn\u00f6i Aktialiigan arki-iltaa. Isot pisteet laitetaan jakoon kello 19:30 alkaen. Ottelun suoraa l\u00e4hetyst\u00e4 voi seurata <a href=\"https:\/\/handis.tv\/sifmiehet\/games\/g\/eok9sw6e\" target=\"_blank\" rel=\"noopener\">HandisTV:n<\/a> kautta.<\/p>\n<p>SIF on ker\u00e4nnyt 11 ottelusta nelj\u00e4 voittoa, joista puolet Dickeni\u00e4 ja toinen mokoma \u00c5IFK:ta vastaan. Ensimm\u00e4isell\u00e4 kierroksella GrIFK oli Kauniaisissa parempi maalein 28-24 ottelussa, jossa siuntiolaisten voittomahdollisuuksiin vaikutti suuresti per\u00e4ti 18 minuutin alivoimapelaaminen.<\/p>\n<p>Viime vuosina ajoittain pahasta loukkaantumiskurimuksesta k\u00e4rsinyt SIF hankki marraskuun lopulla hyv\u00e4n vahvistuksen Bosnia-Hertsegovinasta. Takapelaajan tontilla viihtyv\u00e4 Kerim Torlakovic p\u00e4\u00e4si hyv\u00e4\u00e4n vauhtiin heti ensimm\u00e4isess\u00e4 ottelussaan Turussa \u00c5IFK:n vieraana, mutta joukkue menetti samassa ottelussa t\u00e4rkeimm\u00e4n lenkkins\u00e4 Anton Luuppalan loukkaantumiseen.<\/p>\n<p>SIF:n pelaamisessa on n\u00e4kynyt ajoittain ailahtelevuutta paitsi otteluiden v\u00e4lill\u00e4, my\u00f6s ottelun sis\u00e4ll\u00e4. Parhaimmillaan joukkue pelaa erinomaisesti, mutta peliss\u00e4 n\u00e4hd\u00e4\u00e4n vastapainoksi my\u00f6s heikompia hetki\u00e4.<\/p>\n<p>GrIFK:lla on alla kaksi maukasta voittoa helsinkil\u00e4isjoukkueista. HIFK ja Dicken kukistuivat tiukkojen taistojen j\u00e4lkeen, ja samanlaista kahinaa lienee luvassa my\u00f6s keskiviikkona. Kaksi pistett\u00e4 kiinnostaa molempia joukkueita, ja keskin\u00e4isten pelien historian perusteella edess\u00e4 on j\u00e4lleen kerran klassikon ainekset.<\/p>\n<h3>Lis\u00e4\u00e4 joukkueista<\/h3>\n<p><strong><a href=\"https:\/\/aktialiiga.fi\/miehet\/2024-2025\/kohti-kautta-2024-25\/kohti-kautta-grifk-8\/\">Aktialiiga \u2013 Kohti kautta: GrIFK<\/a><\/strong><br \/>\n<strong> <a href=\"https:\/\/aktialiiga.fi\/miehet\/2024-2025\/kohti-kautta-2024-25\/kohti-kautta-sif-9\/\">Aktialiiga \u2013 Kohti kautta: SIF<\/a><\/strong><\/p>\n<div class='flex_column_table av-lfw7jhih-0bc67e7e2139b492bd816badf6a80dda sc-av_one_half av-equal-height-column-flextable'>\n<style type=\"text\/css\" data-created_by=\"avia_inline_auto\" id=\"style-css-av-lfw7jhih-0bc67e7e2139b492bd816badf6a80dda\">\n.flex_column.av-lfw7jhih-0bc67e7e2139b492bd816badf6a80dda{\npadding:20px 20px 20px 20px;\n}\n<\/style>\n<div  id=\"ohjelma\"  class='flex_column av-lfw7jhih-0bc67e7e2139b492bd816badf6a80dda av_one_half  avia-builder-el-0  el_before_av_one_half  avia-builder-el-first  first flex_column_table_cell av-equal-height-column av-align-middle  '     ><section  class='av_textblock_section av-lgc653zl-5ee8aaffa3c9dcda2bcb784142164c53 '   itemscope=\"itemscope\" itemtype=\"https:\/\/schema.org\/BlogPosting\" itemprop=\"blogPost\" ><div class='avia_textblock'  itemprop=\"text\" ><div class=\"nextmatchstream\">\n<p style=\"text-align: center;\"><script src=\"http:\/\/tulospalvelu.finnhandball.net\/taso\/widget.php?widget=nextmatch&#038;css=1&#038;teamid=103471&#038;otteluid= 515864\"><\/script><\/p>\n<\/div>\n<\/div><\/section><\/div>\n<div class='av-flex-placeholder'><\/div>\n<style type=\"text\/css\" data-created_by=\"avia_inline_auto\" id=\"style-css-av-mg1zow-d3b9873f774db547ca0f377e006728db\">\n.flex_column.av-mg1zow-d3b9873f774db547ca0f377e006728db{\npadding:20px 20px 20px 20px;\n}\n<\/style>\n<div  id=\"ohjelma\"  class='flex_column av-mg1zow-d3b9873f774db547ca0f377e006728db av_one_half  avia-builder-el-2  el_after_av_one_half  el_before_av_two_fifth  flex_column_table_cell av-equal-height-column av-align-middle  '     ><section  class='av_textblock_section av-lmp58cq1-4f7228158587c2ff82ca23e23f601792 '   itemscope=\"itemscope\" itemtype=\"https:\/\/schema.org\/BlogPosting\" itemprop=\"blogPost\" ><div class='avia_textblock'  itemprop=\"text\" ><h3>Aiemmin t\u00e4ll\u00e4 kaudella<\/h3>\n<table class=\"previousmatches\">\n<tbody>\n<tr>\n<td>26.10.<\/td>\n<td>Aktialiiga RS<\/td>\n<td>GrIFK<\/td>\n<td>SIF<\/td>\n<td>28-24<\/td>\n<td><a href=\"hhttps:\/\/grifk-handball.com\/miehet\/kausi-2024-25\/ottelut-2024-25\/grifk-hyodynsi-voitokkaasti-sifn-jaahyilyn\/\"><strong>LUE \u00bb<\/strong><\/a><\/td>\n<\/tr>\n<\/tbody>\n<\/table>\n<\/div><\/section><\/div><\/div><!--close column table wrapper. Autoclose: 1 -->\n<div class='flex_column_table av-m185jj2u-e5163ba8275c00f7bf66b23f3879184f sc-av_two_fifth av-equal-height-column-flextable'><div  class='flex_column av-m185jj2u-e5163ba8275c00f7bf66b23f3879184f av_two_fifth  avia-builder-el-4  el_after_av_one_half  el_before_av_one_fifth  first flex_column_table_cell av-equal-height-column av-align-middle  column-top-margin'     ><div  class='avia-button-wrap avia-button-center  avia-builder-el-5  avia-builder-el-no-sibling '>\n<style type=\"text\/css\" data-created_by=\"avia_inline_auto\" id=\"style-css-av-r080ue-f1e62cc6712bd1fe314dd323ab1c4509\">\n#top #wrap_all .avia-button.av-r080ue-f1e62cc6712bd1fe314dd323ab1c4509{\nbackground-color:#0051a9;\nborder-color:#0051a9;\ntransition:all 0.4s ease-in-out;\n}\n#top #wrap_all .avia-button.av-r080ue-f1e62cc6712bd1fe314dd323ab1c4509:hover{\ncolor:black;\ntransition:all 0.4s ease-in-out;\n}\n#top #wrap_all .avia-button.av-r080ue-f1e62cc6712bd1fe314dd323ab1c4509:hover .avia-svg-icon svg:first-child{\nfill:black;\nstroke:black;\n}\n<\/style>\n<a href='https:\/\/aktialiiga.fi\/miehet\/joukkueet-2024-25\/cocks-riihimaki\/' class='avia-font-color-theme-color avia-button avia-button-fullwidth av-r080ue-f1e62cc6712bd1fe314dd323ab1c4509 avia-icon_select-no avia-color-custom'  target=\"_blank\"  rel=\"noopener noreferrer\"  aria-label=\"SIF Aktialiigassa 2024\/25\"><span class='avia_iconbox_title' >SIF Aktialiigassa 2024\/25<\/span><span class='avia_button_background avia-button avia-button-fullwidth avia-color-theme-color-subtle'><\/span><\/a><\/div><\/div>\n<div class='av-flex-placeholder'><\/div><div  class='flex_column av-1yw60va-e9fc807309e29647498cf4767f9c68da av_one_fifth  avia-builder-el-6  el_after_av_two_fifth  el_before_av_two_fifth  flex_column_table_cell av-equal-height-column av-align-middle  column-top-margin'     ><style type=\"text\/css\" data-created_by=\"avia_inline_auto\" id=\"style-css-av-1qjdu1y-5176adb6e20fc90baf60d91d2bf448e0\">\n.avia-image-container.av-1qjdu1y-5176adb6e20fc90baf60d91d2bf448e0 img.avia_image{\nbox-shadow:none;\n}\n.avia-image-container.av-1qjdu1y-5176adb6e20fc90baf60d91d2bf448e0 .av-image-caption-overlay-center{\ncolor:#ffffff;\n}\n<\/style>\n<div  class='avia-image-container av-1qjdu1y-5176adb6e20fc90baf60d91d2bf448e0 av-styling- av-img-linked avia-align-center  avia-builder-el-7  avia-builder-el-no-sibling '   itemprop=\"image\" itemscope=\"itemscope\" itemtype=\"https:\/\/schema.org\/ImageObject\" ><div class=\"avia-image-container-inner\"><div class=\"avia-image-overlay-wrap\"><a href=\"https:\/\/aktialiiga.fi\/miehet\/\" class='avia_image '  target=\"_blank\"  rel=\"noopener noreferrer\" aria-label='Aktialiiga'><img decoding=\"async\" fetchpriority=\"high\" class='wp-image-22656 avia-img-lazy-loading-not-22656 avia_image ' src=\"https:\/\/i0.wp.com\/grifk-handball.com\/miehet\/wp-content\/uploads\/sites\/2\/2024\/09\/Aktialiiga-500x500-1.png?resize=80%2C80&ssl=1\" alt='' title='Aktialiiga'  height=\"80\" width=\"80\"  itemprop=\"thumbnailUrl\" srcset=\"https:\/\/i0.wp.com\/grifk-handball.com\/miehet\/wp-content\/uploads\/sites\/2\/2024\/09\/Aktialiiga-500x500-1.png?w=500&amp;ssl=1 500w, https:\/\/i0.wp.com\/grifk-handball.com\/miehet\/wp-content\/uploads\/sites\/2\/2024\/09\/Aktialiiga-500x500-1.png?resize=300%2C300&amp;ssl=1 300w, https:\/\/i0.wp.com\/grifk-handball.com\/miehet\/wp-content\/uploads\/sites\/2\/2024\/09\/Aktialiiga-500x500-1.png?resize=80%2C80&amp;ssl=1 80w, https:\/\/i0.wp.com\/grifk-handball.com\/miehet\/wp-content\/uploads\/sites\/2\/2024\/09\/Aktialiiga-500x500-1.png?resize=36%2C36&amp;ssl=1 36w, https:\/\/i0.wp.com\/grifk-handball.com\/miehet\/wp-content\/uploads\/sites\/2\/2024\/09\/Aktialiiga-500x500-1.png?resize=180%2C180&amp;ssl=1 180w, https:\/\/i0.wp.com\/grifk-handball.com\/miehet\/wp-content\/uploads\/sites\/2\/2024\/09\/Aktialiiga-500x500-1.png?resize=50%2C50&amp;ssl=1 50w\" sizes=\"(max-width: 80px) 100vw, 80px\" \/><\/a><\/div><\/div><\/div><\/div>\n<div class='av-flex-placeholder'><\/div><div  class='flex_column av-1cidyqu-2ef720364f3f8ee6f0a4d87255f2ca58 av_two_fifth  avia-builder-el-8  el_after_av_one_fifth  el_before_av_two_third  flex_column_table_cell av-equal-height-column av-align-middle  column-top-margin'     ><div  class='avia-button-wrap avia-button-center  avia-builder-el-9  avia-builder-el-no-sibling '>\n<style type=\"text\/css\" data-created_by=\"avia_inline_auto\" id=\"style-css-av-2jd8ns6-48a3dd4043ec643e99aff267d87e5a5b\">\n#top #wrap_all .avia-button.av-2jd8ns6-48a3dd4043ec643e99aff267d87e5a5b{\nbackground-color:#0051a9;\nborder-color:#0051a9;\ntransition:all 0.4s ease-in-out;\n}\n#top #wrap_all .avia-button.av-2jd8ns6-48a3dd4043ec643e99aff267d87e5a5b:hover{\ncolor:black;\ntransition:all 0.4s ease-in-out;\n}\n#top #wrap_all .avia-button.av-2jd8ns6-48a3dd4043ec643e99aff267d87e5a5b:hover .avia-svg-icon svg:first-child{\nfill:black;\nstroke:black;\n}\n<\/style>\n<a href='https:\/\/aktialiiga.fi\/miehet\/joukkueet-2024-25\/grifk-kauniainen\/' class='avia-font-color-theme-color avia-button avia-button-fullwidth av-2jd8ns6-48a3dd4043ec643e99aff267d87e5a5b avia-icon_select-no avia-color-custom'  target=\"_blank\"  rel=\"noopener noreferrer\"  aria-label=\"GrIFK Aktialiigassa 2024\/25\"><span class='avia_iconbox_title' >GrIFK Aktialiigassa 2024\/25<\/span><span class='avia_button_background avia-button avia-button-fullwidth avia-color-theme-color-subtle'><\/span><\/a><\/div><\/div><\/div><!--close column table wrapper. Autoclose: 1 -->\n<div class='flex_column_table av-m0z7whzd-d8a5ecd90f4327e3f2da06d1460ab8b1 sc-av_two_third av-equal-height-column-flextable'>\n<style type=\"text\/css\" data-created_by=\"avia_inline_auto\" id=\"style-css-av-m0z7whzd-d8a5ecd90f4327e3f2da06d1460ab8b1\">\n.flex_column.av-m0z7whzd-d8a5ecd90f4327e3f2da06d1460ab8b1{\npadding:20px 20px 20px 20px;\n}\n<\/style>\n<div  id=\"ohjelma\"  class='flex_column av-m0z7whzd-d8a5ecd90f4327e3f2da06d1460ab8b1 av_two_third  avia-builder-el-10  el_after_av_two_fifth  el_before_av_one_third  first flex_column_table_cell av-equal-height-column av-align-middle  '     ><section  class='av_textblock_section av-m0z7w7t5-5104a6a520f0372d13f33c11c2fbe213 '   itemscope=\"itemscope\" itemtype=\"https:\/\/schema.org\/BlogPosting\" itemprop=\"blogPost\" ><div class='avia_textblock'  itemprop=\"text\" ><h4>Kaikki Aktialiigapelit HandisTV:ll\u00e4<\/h4>\n<p>Alkavan Aktialiigan kaikki ottelut n\u00e4kyv\u00e4t t\u00e4ll\u00e4kin kaudella <a href=\"https:\/\/grifk-handball.com\/miehet\/handistv\/\">HandisTV:n<\/a> kautta. Valitse itsellesi sopivin vaihtoehto ja liity joukkueen kannattajaksi hankkimalla joko kausipassi, ryhtym\u00e4ll\u00e4 kuukausikannattajaksi tai ostamalla katseluoikeus yksitt\u00e4iseen otteluun.<\/p>\n<\/div><\/section><\/div>\n<div class='av-flex-placeholder'><\/div>\n<style type=\"text\/css\" data-created_by=\"avia_inline_auto\" id=\"style-css-av-1a1j9m8-931d2d58ff7615b0f3775ce01d342565\">\n.flex_column.av-1a1j9m8-931d2d58ff7615b0f3775ce01d342565{\npadding:20px 20px 20px 20px;\n}\n<\/style>\n<div  id=\"ohjelma\"  class='flex_column av-1a1j9m8-931d2d58ff7615b0f3775ce01d342565 av_one_third  avia-builder-el-12  el_after_av_two_third  avia-builder-el-last  flex_column_table_cell av-equal-height-column av-align-middle  '     ><p>\n<style type=\"text\/css\" data-created_by=\"avia_inline_auto\" id=\"style-css-av-m0z7p2kd-a7e74f7ce202db7e0151f22850c156aa\">\n.avia-image-container.av-m0z7p2kd-a7e74f7ce202db7e0151f22850c156aa img.avia_image{\nbox-shadow:none;\n}\n.avia-image-container.av-m0z7p2kd-a7e74f7ce202db7e0151f22850c156aa .av-image-caption-overlay-center{\ncolor:#ffffff;\n}\n<\/style>\n<div  class='avia-image-container av-m0z7p2kd-a7e74f7ce202db7e0151f22850c156aa av-styling- av-hover-grow av-img-linked avia-align-center  avia-builder-el-13  el_before_av_image  avia-builder-el-first '   itemprop=\"image\" itemscope=\"itemscope\" itemtype=\"https:\/\/schema.org\/ImageObject\" ><div class=\"avia-image-container-inner\"><div class=\"avia-image-overlay-wrap\"><a href=\"https:\/\/grifk-handball.com\/miehet\/handistv\/\" class='avia_image '  target=\"_blank\"  rel=\"noopener noreferrer\" aria-label='HandisTV'><img decoding=\"async\" fetchpriority=\"high\" class='wp-image-18650 avia-img-lazy-loading-not-18650 avia_image ' src=\"https:\/\/i0.wp.com\/grifk-handball.com\/miehet\/wp-content\/uploads\/sites\/2\/2023\/01\/HandisTV-logo-sininen.png?fit=300%2C125&ssl=1\" alt='' title='HandisTV'  height=\"125\" width=\"300\"  itemprop=\"thumbnailUrl\" srcset=\"https:\/\/i0.wp.com\/grifk-handball.com\/miehet\/wp-content\/uploads\/sites\/2\/2023\/01\/HandisTV-logo-sininen.png?w=1920&amp;ssl=1 1920w, https:\/\/i0.wp.com\/grifk-handball.com\/miehet\/wp-content\/uploads\/sites\/2\/2023\/01\/HandisTV-logo-sininen.png?resize=300%2C125&amp;ssl=1 300w, https:\/\/i0.wp.com\/grifk-handball.com\/miehet\/wp-content\/uploads\/sites\/2\/2023\/01\/HandisTV-logo-sininen.png?resize=1030%2C429&amp;ssl=1 1030w, https:\/\/i0.wp.com\/grifk-handball.com\/miehet\/wp-content\/uploads\/sites\/2\/2023\/01\/HandisTV-logo-sininen.png?resize=768%2C320&amp;ssl=1 768w, https:\/\/i0.wp.com\/grifk-handball.com\/miehet\/wp-content\/uploads\/sites\/2\/2023\/01\/HandisTV-logo-sininen.png?resize=1536%2C640&amp;ssl=1 1536w, https:\/\/i0.wp.com\/grifk-handball.com\/miehet\/wp-content\/uploads\/sites\/2\/2023\/01\/HandisTV-logo-sininen.png?resize=1500%2C625&amp;ssl=1 1500w, https:\/\/i0.wp.com\/grifk-handball.com\/miehet\/wp-content\/uploads\/sites\/2\/2023\/01\/HandisTV-logo-sininen.png?resize=705%2C294&amp;ssl=1 705w\" sizes=\"(max-width: 300px) 100vw, 300px\" \/><\/a><\/div><\/div><\/div><br \/>\n\n<style type=\"text\/css\" data-created_by=\"avia_inline_auto\" id=\"style-css-av-ko1w5s-8c82696b167d7460aa24293ea1d84113\">\n.avia-image-container.av-ko1w5s-8c82696b167d7460aa24293ea1d84113 img.avia_image{\nbox-shadow:none;\n}\n.avia-image-container.av-ko1w5s-8c82696b167d7460aa24293ea1d84113 .av-image-caption-overlay-center{\ncolor:#ffffff;\n}\n<\/style>\n<div  class='avia-image-container av-ko1w5s-8c82696b167d7460aa24293ea1d84113 av-styling- av-hover-grow av-img-linked avia-align-center  avia-builder-el-14  el_after_av_image  avia-builder-el-last '   itemprop=\"image\" itemscope=\"itemscope\" itemtype=\"https:\/\/schema.org\/ImageObject\" ><div class=\"avia-image-container-inner\"><div class=\"avia-image-overlay-wrap\"><a href=\"https:\/\/tulospalvelu.finnhandball.net\" class='avia_image '  target=\"_blank\"  rel=\"noopener noreferrer\" aria-label='Aktia Tulospalvelu'><img decoding=\"async\" fetchpriority=\"high\" class='wp-image-22607 avia-img-lazy-loading-not-22607 avia_image ' src=\"https:\/\/i0.wp.com\/grifk-handball.com\/miehet\/wp-content\/uploads\/sites\/2\/2024\/09\/AKTIA_TULOSPALVELU_Logo_72dpi_RGB.png?fit=300%2C88&ssl=1\" alt='' title='Aktia Tulospalvelu'  height=\"88\" width=\"300\"  itemprop=\"thumbnailUrl\" srcset=\"https:\/\/i0.wp.com\/grifk-handball.com\/miehet\/wp-content\/uploads\/sites\/2\/2024\/09\/AKTIA_TULOSPALVELU_Logo_72dpi_RGB.png?w=2250&amp;ssl=1 2250w, https:\/\/i0.wp.com\/grifk-handball.com\/miehet\/wp-content\/uploads\/sites\/2\/2024\/09\/AKTIA_TULOSPALVELU_Logo_72dpi_RGB.png?resize=300%2C88&amp;ssl=1 300w, https:\/\/i0.wp.com\/grifk-handball.com\/miehet\/wp-content\/uploads\/sites\/2\/2024\/09\/AKTIA_TULOSPALVELU_Logo_72dpi_RGB.png?resize=1030%2C301&amp;ssl=1 1030w, https:\/\/i0.wp.com\/grifk-handball.com\/miehet\/wp-content\/uploads\/sites\/2\/2024\/09\/AKTIA_TULOSPALVELU_Logo_72dpi_RGB.png?resize=768%2C224&amp;ssl=1 768w, https:\/\/i0.wp.com\/grifk-handball.com\/miehet\/wp-content\/uploads\/sites\/2\/2024\/09\/AKTIA_TULOSPALVELU_Logo_72dpi_RGB.png?resize=1536%2C449&amp;ssl=1 1536w, https:\/\/i0.wp.com\/grifk-handball.com\/miehet\/wp-content\/uploads\/sites\/2\/2024\/09\/AKTIA_TULOSPALVELU_Logo_72dpi_RGB.png?resize=2048%2C598&amp;ssl=1 2048w, https:\/\/i0.wp.com\/grifk-handball.com\/miehet\/wp-content\/uploads\/sites\/2\/2024\/09\/AKTIA_TULOSPALVELU_Logo_72dpi_RGB.png?resize=1500%2C438&amp;ssl=1 1500w, https:\/\/i0.wp.com\/grifk-handball.com\/miehet\/wp-content\/uploads\/sites\/2\/2024\/09\/AKTIA_TULOSPALVELU_Logo_72dpi_RGB.png?resize=705%2C206&amp;ssl=1 705w\" sizes=\"(max-width: 300px) 100vw, 300px\" \/><\/a><\/div><\/div><\/div><\/p><\/div><\/div><!--close column table wrapper. Autoclose: 1 -->\n","protected":false},"excerpt":{"rendered":"<p>GrIFK jatkaa joulukuun ottelusarjaansa keskiviikkona Siuntiossa, jossa kolme pistett\u00e4 granilaisia v\u00e4hemm\u00e4n pisteit\u00e4 ker\u00e4nnyt sarjavitonen SIF is\u00e4nn\u00f6i Aktialiigan arki-iltaa. Isot pisteet laitetaan jakoon kello 19:30 alkaen. Ottelun suoraa l\u00e4hetyst\u00e4 voi seurata HandisTV:n kautta. SIF on ker\u00e4nnyt 11 ottelusta nelj\u00e4 voittoa, joista puolet Dickeni\u00e4 ja toinen mokoma \u00c5IFK:ta vastaan. Ensimm\u00e4isell\u00e4 kierroksella GrIFK oli Kauniaisissa parempi maalein 28-24 [&hellip;]<\/p>\n","protected":false},"author":1,"featured_media":61554,"comment_status":"closed","ping_status":"closed","sticky":false,"template":"","format":"standard","meta":{"_acf_changed":false,"footnotes":""},"categories":[578],"tags":[12,26,586,25,38,39],"class_list":["post-61553","post","type-post","status-publish","format-standard","has-post-thumbnail","hentry","category-ennakot-2024-25","tag-bombom","tag-grifkhandball","tag-aktialiiga","tag-grifk","tag-runkosarja","tag-sif"],"acf":[],"yoast_head":"<!-- This site is optimized with the Yoast SEO plugin v27.5 - https:\/\/yoast.com\/product\/yoast-seo-wordpress\/ -->\n<title>GrIFK Siuntioon tavoittelemaan kolmatta per\u00e4tt\u00e4ist\u00e4 voittoa &#8212; GrIFK K\u00e4sipallo - miehet<\/title>\n<meta name=\"robots\" content=\"index, follow, max-snippet:-1, max-image-preview:large, max-video-preview:-1\" \/>\n<link rel=\"canonical\" href=\"https:\/\/grifk-handball.com\/miehet\/kausi-2024-25\/ennakot-2024-25\/grifk-siuntioon-tavoittelemaan-kolmatta-perattaista-voittoa\/\" \/>\n<meta property=\"og:locale\" content=\"fi_FI\" \/>\n<meta property=\"og:type\" content=\"article\" \/>\n<meta property=\"og:title\" content=\"GrIFK Siuntioon tavoittelemaan kolmatta per\u00e4tt\u00e4ist\u00e4 voittoa &#8212; GrIFK K\u00e4sipallo - miehet\" \/>\n<meta property=\"og:description\" content=\"GrIFK jatkaa joulukuun ottelusarjaansa keskiviikkona Siuntiossa, jossa kolme pistett\u00e4 granilaisia v\u00e4hemm\u00e4n pisteit\u00e4 ker\u00e4nnyt sarjavitonen SIF is\u00e4nn\u00f6i Aktialiigan arki-iltaa. Isot pisteet laitetaan jakoon kello 19:30 alkaen. Ottelun suoraa l\u00e4hetyst\u00e4 voi seurata HandisTV:n kautta. SIF on ker\u00e4nnyt 11 ottelusta nelj\u00e4 voittoa, joista puolet Dickeni\u00e4 ja toinen mokoma \u00c5IFK:ta vastaan. Ensimm\u00e4isell\u00e4 kierroksella GrIFK oli Kauniaisissa parempi maalein 28-24 [&hellip;]\" \/>\n<meta property=\"og:url\" content=\"https:\/\/grifk-handball.com\/miehet\/kausi-2024-25\/ennakot-2024-25\/grifk-siuntioon-tavoittelemaan-kolmatta-perattaista-voittoa\/\" \/>\n<meta property=\"og:site_name\" content=\"GrIFK K\u00e4sipallo - miehet\" \/>\n<meta property=\"article:publisher\" content=\"https:\/\/www.facebook.com\/GrIFKelit\/\" \/>\n<meta property=\"article:published_time\" content=\"2024-12-10T05:14:09+00:00\" \/>\n<meta property=\"article:modified_time\" content=\"2024-12-10T06:03:53+00:00\" \/>\n<meta property=\"og:image\" content=\"http:\/\/grifk-handball.com\/miehet\/wp-content\/uploads\/sites\/2\/2024\/12\/B7A1991-e1733769393161.jpg\" \/>\n\t<meta property=\"og:image:width\" content=\"1063\" \/>\n\t<meta property=\"og:image:height\" content=\"700\" \/>\n\t<meta property=\"og:image:type\" content=\"image\/jpeg\" \/>\n<meta name=\"author\" content=\"granimaster\" \/>\n<meta name=\"twitter:card\" content=\"summary_large_image\" \/>\n<meta name=\"twitter:creator\" content=\"@GrIFK_MSM\" \/>\n<meta name=\"twitter:site\" content=\"@GrIFK_MSM\" \/>\n<meta name=\"twitter:label1\" content=\"Kirjoittanut\" \/>\n\t<meta name=\"twitter:data1\" content=\"granimaster\" \/>\n\t<meta name=\"twitter:label2\" content=\"Arvioitu lukuaika\" \/>\n\t<meta name=\"twitter:data2\" content=\"2 minuuttia\" \/>\n<script type=\"application\/ld+json\" class=\"yoast-schema-graph\">{\"@context\":\"https:\\\/\\\/schema.org\",\"@graph\":[{\"@type\":\"Article\",\"@id\":\"https:\\\/\\\/grifk-handball.com\\\/miehet\\\/kausi-2024-25\\\/ennakot-2024-25\\\/grifk-siuntioon-tavoittelemaan-kolmatta-perattaista-voittoa\\\/#article\",\"isPartOf\":{\"@id\":\"https:\\\/\\\/grifk-handball.com\\\/miehet\\\/kausi-2024-25\\\/ennakot-2024-25\\\/grifk-siuntioon-tavoittelemaan-kolmatta-perattaista-voittoa\\\/\"},\"author\":{\"name\":\"granimaster\",\"@id\":\"https:\\\/\\\/grifk-handball.com\\\/miehet\\\/#\\\/schema\\\/person\\\/9da98c743e3f0f85a1b32f59241b48e0\"},\"headline\":\"GrIFK Siuntioon tavoittelemaan kolmatta per\u00e4tt\u00e4ist\u00e4 voittoa\",\"datePublished\":\"2024-12-10T05:14:09+00:00\",\"dateModified\":\"2024-12-10T06:03:53+00:00\",\"mainEntityOfPage\":{\"@id\":\"https:\\\/\\\/grifk-handball.com\\\/miehet\\\/kausi-2024-25\\\/ennakot-2024-25\\\/grifk-siuntioon-tavoittelemaan-kolmatta-perattaista-voittoa\\\/\"},\"wordCount\":3946,\"publisher\":{\"@id\":\"https:\\\/\\\/grifk-handball.com\\\/miehet\\\/#organization\"},\"image\":{\"@id\":\"https:\\\/\\\/grifk-handball.com\\\/miehet\\\/kausi-2024-25\\\/ennakot-2024-25\\\/grifk-siuntioon-tavoittelemaan-kolmatta-perattaista-voittoa\\\/#primaryimage\"},\"thumbnailUrl\":\"https:\\\/\\\/i0.wp.com\\\/grifk-handball.com\\\/miehet\\\/wp-content\\\/uploads\\\/sites\\\/2\\\/2024\\\/12\\\/B7A1991-e1733769393161.jpg?fit=1063%2C700&ssl=1\",\"keywords\":[\"#BomBom\",\"#GrIFKHandball\",\"Aktialiiga\",\"GrIFK\",\"Runkosarja\",\"SIF\"],\"articleSection\":[\"Ennakot 2024-25\"],\"inLanguage\":\"fi\"},{\"@type\":\"WebPage\",\"@id\":\"https:\\\/\\\/grifk-handball.com\\\/miehet\\\/kausi-2024-25\\\/ennakot-2024-25\\\/grifk-siuntioon-tavoittelemaan-kolmatta-perattaista-voittoa\\\/\",\"url\":\"https:\\\/\\\/grifk-handball.com\\\/miehet\\\/kausi-2024-25\\\/ennakot-2024-25\\\/grifk-siuntioon-tavoittelemaan-kolmatta-perattaista-voittoa\\\/\",\"name\":\"GrIFK Siuntioon tavoittelemaan kolmatta per\u00e4tt\u00e4ist\u00e4 voittoa &#8212; GrIFK K\u00e4sipallo - miehet\",\"isPartOf\":{\"@id\":\"https:\\\/\\\/grifk-handball.com\\\/miehet\\\/#website\"},\"primaryImageOfPage\":{\"@id\":\"https:\\\/\\\/grifk-handball.com\\\/miehet\\\/kausi-2024-25\\\/ennakot-2024-25\\\/grifk-siuntioon-tavoittelemaan-kolmatta-perattaista-voittoa\\\/#primaryimage\"},\"image\":{\"@id\":\"https:\\\/\\\/grifk-handball.com\\\/miehet\\\/kausi-2024-25\\\/ennakot-2024-25\\\/grifk-siuntioon-tavoittelemaan-kolmatta-perattaista-voittoa\\\/#primaryimage\"},\"thumbnailUrl\":\"https:\\\/\\\/i0.wp.com\\\/grifk-handball.com\\\/miehet\\\/wp-content\\\/uploads\\\/sites\\\/2\\\/2024\\\/12\\\/B7A1991-e1733769393161.jpg?fit=1063%2C700&ssl=1\",\"datePublished\":\"2024-12-10T05:14:09+00:00\",\"dateModified\":\"2024-12-10T06:03:53+00:00\",\"breadcrumb\":{\"@id\":\"https:\\\/\\\/grifk-handball.com\\\/miehet\\\/kausi-2024-25\\\/ennakot-2024-25\\\/grifk-siuntioon-tavoittelemaan-kolmatta-perattaista-voittoa\\\/#breadcrumb\"},\"inLanguage\":\"fi\",\"potentialAction\":[{\"@type\":\"ReadAction\",\"target\":[\"https:\\\/\\\/grifk-handball.com\\\/miehet\\\/kausi-2024-25\\\/ennakot-2024-25\\\/grifk-siuntioon-tavoittelemaan-kolmatta-perattaista-voittoa\\\/\"]}]},{\"@type\":\"ImageObject\",\"inLanguage\":\"fi\",\"@id\":\"https:\\\/\\\/grifk-handball.com\\\/miehet\\\/kausi-2024-25\\\/ennakot-2024-25\\\/grifk-siuntioon-tavoittelemaan-kolmatta-perattaista-voittoa\\\/#primaryimage\",\"url\":\"https:\\\/\\\/i0.wp.com\\\/grifk-handball.com\\\/miehet\\\/wp-content\\\/uploads\\\/sites\\\/2\\\/2024\\\/12\\\/B7A1991-e1733769393161.jpg?fit=1063%2C700&ssl=1\",\"contentUrl\":\"https:\\\/\\\/i0.wp.com\\\/grifk-handball.com\\\/miehet\\\/wp-content\\\/uploads\\\/sites\\\/2\\\/2024\\\/12\\\/B7A1991-e1733769393161.jpg?fit=1063%2C700&ssl=1\",\"width\":1063,\"height\":700},{\"@type\":\"BreadcrumbList\",\"@id\":\"https:\\\/\\\/grifk-handball.com\\\/miehet\\\/kausi-2024-25\\\/ennakot-2024-25\\\/grifk-siuntioon-tavoittelemaan-kolmatta-perattaista-voittoa\\\/#breadcrumb\",\"itemListElement\":[{\"@type\":\"ListItem\",\"position\":1,\"name\":\"Home\",\"item\":\"https:\\\/\\\/grifk-handball.com\\\/miehet\\\/etusivu-260109\\\/\"},{\"@type\":\"ListItem\",\"position\":2,\"name\":\"GrIFK Siuntioon tavoittelemaan kolmatta per\u00e4tt\u00e4ist\u00e4 voittoa\"}]},{\"@type\":\"WebSite\",\"@id\":\"https:\\\/\\\/grifk-handball.com\\\/miehet\\\/#website\",\"url\":\"https:\\\/\\\/grifk-handball.com\\\/miehet\\\/\",\"name\":\"GrIFK K\u00e4sipallo - miehet\",\"description\":\"BomBom!\",\"publisher\":{\"@id\":\"https:\\\/\\\/grifk-handball.com\\\/miehet\\\/#organization\"},\"potentialAction\":[{\"@type\":\"SearchAction\",\"target\":{\"@type\":\"EntryPoint\",\"urlTemplate\":\"https:\\\/\\\/grifk-handball.com\\\/miehet\\\/?s={search_term_string}\"},\"query-input\":{\"@type\":\"PropertyValueSpecification\",\"valueRequired\":true,\"valueName\":\"search_term_string\"}}],\"inLanguage\":\"fi\"},{\"@type\":\"Organization\",\"@id\":\"https:\\\/\\\/grifk-handball.com\\\/miehet\\\/#organization\",\"name\":\"GrIFK K\u00e4sipallo - miehet\",\"url\":\"https:\\\/\\\/grifk-handball.com\\\/miehet\\\/\",\"logo\":{\"@type\":\"ImageObject\",\"inLanguage\":\"fi\",\"@id\":\"https:\\\/\\\/grifk-handball.com\\\/miehet\\\/#\\\/schema\\\/logo\\\/image\\\/\",\"url\":\"https:\\\/\\\/i0.wp.com\\\/grifk-handball.com\\\/miehet\\\/wp-content\\\/uploads\\\/sites\\\/2\\\/2016\\\/10\\\/logo-grifk-iso.png?fit=1200%2C1400&ssl=1\",\"contentUrl\":\"https:\\\/\\\/i0.wp.com\\\/grifk-handball.com\\\/miehet\\\/wp-content\\\/uploads\\\/sites\\\/2\\\/2016\\\/10\\\/logo-grifk-iso.png?fit=1200%2C1400&ssl=1\",\"width\":1200,\"height\":1400,\"caption\":\"GrIFK K\u00e4sipallo - miehet\"},\"image\":{\"@id\":\"https:\\\/\\\/grifk-handball.com\\\/miehet\\\/#\\\/schema\\\/logo\\\/image\\\/\"},\"sameAs\":[\"https:\\\/\\\/www.facebook.com\\\/GrIFKelit\\\/\",\"https:\\\/\\\/x.com\\\/GrIFK_MSM\",\"https:\\\/\\\/www.instagram.com\\\/grifk_elit\\\/\"]},{\"@type\":\"Person\",\"@id\":\"https:\\\/\\\/grifk-handball.com\\\/miehet\\\/#\\\/schema\\\/person\\\/9da98c743e3f0f85a1b32f59241b48e0\",\"name\":\"granimaster\",\"image\":{\"@type\":\"ImageObject\",\"inLanguage\":\"fi\",\"@id\":\"https:\\\/\\\/secure.gravatar.com\\\/avatar\\\/034b8e6380fc659c320f13e17fe45bd9ab48a21e2debadd5f3179bde291949df?s=96&d=mm&r=g\",\"url\":\"https:\\\/\\\/secure.gravatar.com\\\/avatar\\\/034b8e6380fc659c320f13e17fe45bd9ab48a21e2debadd5f3179bde291949df?s=96&d=mm&r=g\",\"contentUrl\":\"https:\\\/\\\/secure.gravatar.com\\\/avatar\\\/034b8e6380fc659c320f13e17fe45bd9ab48a21e2debadd5f3179bde291949df?s=96&d=mm&r=g\",\"caption\":\"granimaster\"},\"url\":\"https:\\\/\\\/grifk-handball.com\\\/miehet\\\/author\\\/granimaster\\\/\"}]}<\/script>\n<!-- \/ Yoast SEO plugin. -->","yoast_head_json":{"title":"GrIFK Siuntioon tavoittelemaan kolmatta per\u00e4tt\u00e4ist\u00e4 voittoa &#8212; GrIFK K\u00e4sipallo - miehet","robots":{"index":"index","follow":"follow","max-snippet":"max-snippet:-1","max-image-preview":"max-image-preview:large","max-video-preview":"max-video-preview:-1"},"canonical":"https:\/\/grifk-handball.com\/miehet\/kausi-2024-25\/ennakot-2024-25\/grifk-siuntioon-tavoittelemaan-kolmatta-perattaista-voittoa\/","og_locale":"fi_FI","og_type":"article","og_title":"GrIFK Siuntioon tavoittelemaan kolmatta per\u00e4tt\u00e4ist\u00e4 voittoa &#8212; GrIFK K\u00e4sipallo - miehet","og_description":"GrIFK jatkaa joulukuun ottelusarjaansa keskiviikkona Siuntiossa, jossa kolme pistett\u00e4 granilaisia v\u00e4hemm\u00e4n pisteit\u00e4 ker\u00e4nnyt sarjavitonen SIF is\u00e4nn\u00f6i Aktialiigan arki-iltaa. Isot pisteet laitetaan jakoon kello 19:30 alkaen. Ottelun suoraa l\u00e4hetyst\u00e4 voi seurata HandisTV:n kautta. SIF on ker\u00e4nnyt 11 ottelusta nelj\u00e4 voittoa, joista puolet Dickeni\u00e4 ja toinen mokoma \u00c5IFK:ta vastaan. Ensimm\u00e4isell\u00e4 kierroksella GrIFK oli Kauniaisissa parempi maalein 28-24 [&hellip;]","og_url":"https:\/\/grifk-handball.com\/miehet\/kausi-2024-25\/ennakot-2024-25\/grifk-siuntioon-tavoittelemaan-kolmatta-perattaista-voittoa\/","og_site_name":"GrIFK K\u00e4sipallo - miehet","article_publisher":"https:\/\/www.facebook.com\/GrIFKelit\/","article_published_time":"2024-12-10T05:14:09+00:00","article_modified_time":"2024-12-10T06:03:53+00:00","og_image":[{"width":1063,"height":700,"url":"http:\/\/grifk-handball.com\/miehet\/wp-content\/uploads\/sites\/2\/2024\/12\/B7A1991-e1733769393161.jpg","type":"image\/jpeg"}],"author":"granimaster","twitter_card":"summary_large_image","twitter_creator":"@GrIFK_MSM","twitter_site":"@GrIFK_MSM","twitter_misc":{"Kirjoittanut":"granimaster","Arvioitu lukuaika":"2 minuuttia"},"schema":{"@context":"https:\/\/schema.org","@graph":[{"@type":"Article","@id":"https:\/\/grifk-handball.com\/miehet\/kausi-2024-25\/ennakot-2024-25\/grifk-siuntioon-tavoittelemaan-kolmatta-perattaista-voittoa\/#article","isPartOf":{"@id":"https:\/\/grifk-handball.com\/miehet\/kausi-2024-25\/ennakot-2024-25\/grifk-siuntioon-tavoittelemaan-kolmatta-perattaista-voittoa\/"},"author":{"name":"granimaster","@id":"https:\/\/grifk-handball.com\/miehet\/#\/schema\/person\/9da98c743e3f0f85a1b32f59241b48e0"},"headline":"GrIFK Siuntioon tavoittelemaan kolmatta per\u00e4tt\u00e4ist\u00e4 voittoa","datePublished":"2024-12-10T05:14:09+00:00","dateModified":"2024-12-10T06:03:53+00:00","mainEntityOfPage":{"@id":"https:\/\/grifk-handball.com\/miehet\/kausi-2024-25\/ennakot-2024-25\/grifk-siuntioon-tavoittelemaan-kolmatta-perattaista-voittoa\/"},"wordCount":3946,"publisher":{"@id":"https:\/\/grifk-handball.com\/miehet\/#organization"},"image":{"@id":"https:\/\/grifk-handball.com\/miehet\/kausi-2024-25\/ennakot-2024-25\/grifk-siuntioon-tavoittelemaan-kolmatta-perattaista-voittoa\/#primaryimage"},"thumbnailUrl":"https:\/\/i0.wp.com\/grifk-handball.com\/miehet\/wp-content\/uploads\/sites\/2\/2024\/12\/B7A1991-e1733769393161.jpg?fit=1063%2C700&ssl=1","keywords":["#BomBom","#GrIFKHandball","Aktialiiga","GrIFK","Runkosarja","SIF"],"articleSection":["Ennakot 2024-25"],"inLanguage":"fi"},{"@type":"WebPage","@id":"https:\/\/grifk-handball.com\/miehet\/kausi-2024-25\/ennakot-2024-25\/grifk-siuntioon-tavoittelemaan-kolmatta-perattaista-voittoa\/","url":"https:\/\/grifk-handball.com\/miehet\/kausi-2024-25\/ennakot-2024-25\/grifk-siuntioon-tavoittelemaan-kolmatta-perattaista-voittoa\/","name":"GrIFK Siuntioon tavoittelemaan kolmatta per\u00e4tt\u00e4ist\u00e4 voittoa &#8212; GrIFK K\u00e4sipallo - miehet","isPartOf":{"@id":"https:\/\/grifk-handball.com\/miehet\/#website"},"primaryImageOfPage":{"@id":"https:\/\/grifk-handball.com\/miehet\/kausi-2024-25\/ennakot-2024-25\/grifk-siuntioon-tavoittelemaan-kolmatta-perattaista-voittoa\/#primaryimage"},"image":{"@id":"https:\/\/grifk-handball.com\/miehet\/kausi-2024-25\/ennakot-2024-25\/grifk-siuntioon-tavoittelemaan-kolmatta-perattaista-voittoa\/#primaryimage"},"thumbnailUrl":"https:\/\/i0.wp.com\/grifk-handball.com\/miehet\/wp-content\/uploads\/sites\/2\/2024\/12\/B7A1991-e1733769393161.jpg?fit=1063%2C700&ssl=1","datePublished":"2024-12-10T05:14:09+00:00","dateModified":"2024-12-10T06:03:53+00:00","breadcrumb":{"@id":"https:\/\/grifk-handball.com\/miehet\/kausi-2024-25\/ennakot-2024-25\/grifk-siuntioon-tavoittelemaan-kolmatta-perattaista-voittoa\/#breadcrumb"},"inLanguage":"fi","potentialAction":[{"@type":"ReadAction","target":["https:\/\/grifk-handball.com\/miehet\/kausi-2024-25\/ennakot-2024-25\/grifk-siuntioon-tavoittelemaan-kolmatta-perattaista-voittoa\/"]}]},{"@type":"ImageObject","inLanguage":"fi","@id":"https:\/\/grifk-handball.com\/miehet\/kausi-2024-25\/ennakot-2024-25\/grifk-siuntioon-tavoittelemaan-kolmatta-perattaista-voittoa\/#primaryimage","url":"https:\/\/i0.wp.com\/grifk-handball.com\/miehet\/wp-content\/uploads\/sites\/2\/2024\/12\/B7A1991-e1733769393161.jpg?fit=1063%2C700&ssl=1","contentUrl":"https:\/\/i0.wp.com\/grifk-handball.com\/miehet\/wp-content\/uploads\/sites\/2\/2024\/12\/B7A1991-e1733769393161.jpg?fit=1063%2C700&ssl=1","width":1063,"height":700},{"@type":"BreadcrumbList","@id":"https:\/\/grifk-handball.com\/miehet\/kausi-2024-25\/ennakot-2024-25\/grifk-siuntioon-tavoittelemaan-kolmatta-perattaista-voittoa\/#breadcrumb","itemListElement":[{"@type":"ListItem","position":1,"name":"Home","item":"https:\/\/grifk-handball.com\/miehet\/etusivu-260109\/"},{"@type":"ListItem","position":2,"name":"GrIFK Siuntioon tavoittelemaan kolmatta per\u00e4tt\u00e4ist\u00e4 voittoa"}]},{"@type":"WebSite","@id":"https:\/\/grifk-handball.com\/miehet\/#website","url":"https:\/\/grifk-handball.com\/miehet\/","name":"GrIFK K\u00e4sipallo - miehet","description":"BomBom!","publisher":{"@id":"https:\/\/grifk-handball.com\/miehet\/#organization"},"potentialAction":[{"@type":"SearchAction","target":{"@type":"EntryPoint","urlTemplate":"https:\/\/grifk-handball.com\/miehet\/?s={search_term_string}"},"query-input":{"@type":"PropertyValueSpecification","valueRequired":true,"valueName":"search_term_string"}}],"inLanguage":"fi"},{"@type":"Organization","@id":"https:\/\/grifk-handball.com\/miehet\/#organization","name":"GrIFK K\u00e4sipallo - miehet","url":"https:\/\/grifk-handball.com\/miehet\/","logo":{"@type":"ImageObject","inLanguage":"fi","@id":"https:\/\/grifk-handball.com\/miehet\/#\/schema\/logo\/image\/","url":"https:\/\/i0.wp.com\/grifk-handball.com\/miehet\/wp-content\/uploads\/sites\/2\/2016\/10\/logo-grifk-iso.png?fit=1200%2C1400&ssl=1","contentUrl":"https:\/\/i0.wp.com\/grifk-handball.com\/miehet\/wp-content\/uploads\/sites\/2\/2016\/10\/logo-grifk-iso.png?fit=1200%2C1400&ssl=1","width":1200,"height":1400,"caption":"GrIFK K\u00e4sipallo - miehet"},"image":{"@id":"https:\/\/grifk-handball.com\/miehet\/#\/schema\/logo\/image\/"},"sameAs":["https:\/\/www.facebook.com\/GrIFKelit\/","https:\/\/x.com\/GrIFK_MSM","https:\/\/www.instagram.com\/grifk_elit\/"]},{"@type":"Person","@id":"https:\/\/grifk-handball.com\/miehet\/#\/schema\/person\/9da98c743e3f0f85a1b32f59241b48e0","name":"granimaster","image":{"@type":"ImageObject","inLanguage":"fi","@id":"https:\/\/secure.gravatar.com\/avatar\/034b8e6380fc659c320f13e17fe45bd9ab48a21e2debadd5f3179bde291949df?s=96&d=mm&r=g","url":"https:\/\/secure.gravatar.com\/avatar\/034b8e6380fc659c320f13e17fe45bd9ab48a21e2debadd5f3179bde291949df?s=96&d=mm&r=g","contentUrl":"https:\/\/secure.gravatar.com\/avatar\/034b8e6380fc659c320f13e17fe45bd9ab48a21e2debadd5f3179bde291949df?s=96&d=mm&r=g","caption":"granimaster"},"url":"https:\/\/grifk-handball.com\/miehet\/author\/granimaster\/"}]}},"jetpack_featured_media_url":"https:\/\/i0.wp.com\/grifk-handball.com\/miehet\/wp-content\/uploads\/sites\/2\/2024\/12\/B7A1991-e1733769393161.jpg?fit=1063%2C700&ssl=1","jetpack_shortlink":"https:\/\/wp.me\/p9jQ9a-g0N","_links":{"self":[{"href":"https:\/\/grifk-handball.com\/miehet\/wp-json\/wp\/v2\/posts\/61553","targetHints":{"allow":["GET"]}}],"collection":[{"href":"https:\/\/grifk-handball.com\/miehet\/wp-json\/wp\/v2\/posts"}],"about":[{"href":"https:\/\/grifk-handball.com\/miehet\/wp-json\/wp\/v2\/types\/post"}],"author":[{"embeddable":true,"href":"https:\/\/grifk-handball.com\/miehet\/wp-json\/wp\/v2\/users\/1"}],"replies":[{"embeddable":true,"href":"https:\/\/grifk-handball.com\/miehet\/wp-json\/wp\/v2\/comments?post=61553"}],"version-history":[{"count":7,"href":"https:\/\/grifk-handball.com\/miehet\/wp-json\/wp\/v2\/posts\/61553\/revisions"}],"predecessor-version":[{"id":61561,"href":"https:\/\/grifk-handball.com\/miehet\/wp-json\/wp\/v2\/posts\/61553\/revisions\/61561"}],"wp:featuredmedia":[{"embeddable":true,"href":"https:\/\/grifk-handball.com\/miehet\/wp-json\/wp\/v2\/media\/61554"}],"wp:attachment":[{"href":"https:\/\/grifk-handball.com\/miehet\/wp-json\/wp\/v2\/media?parent=61553"}],"wp:term":[{"taxonomy":"category","embeddable":true,"href":"https:\/\/grifk-handball.com\/miehet\/wp-json\/wp\/v2\/categories?post=61553"},{"taxonomy":"post_tag","embeddable":true,"href":"https:\/\/grifk-handball.com\/miehet\/wp-json\/wp\/v2\/tags?post=61553"}],"curies":[{"name":"wp","href":"https:\/\/api.w.org\/{rel}","templated":true}]}}