{"id":62014,"date":"2025-03-03T13:18:32","date_gmt":"2025-03-03T11:18:32","guid":{"rendered":"https:\/\/grifk-handball.com\/miehet\/?p=62014"},"modified":"2025-03-03T13:19:32","modified_gmt":"2025-03-03T11:19:32","slug":"grifk-isannoi-dickenin-kohtalon-ottelua","status":"publish","type":"post","link":"https:\/\/grifk-handball.com\/miehet\/kausi-2024-25\/ennakot-2024-25\/grifk-isannoi-dickenin-kohtalon-ottelua\/","title":{"rendered":"GrIFK is\u00e4nn\u00f6i Dickenin kohtalon ottelua"},"content":{"rendered":"<p>Aktialiigan runkosarjan kolmannen sijan viime kierroksella varmistanut GrIFK p\u00e4\u00e4see paineettomassa tilassa pelaamaan viimeisen kotiottelunsa ennen pudotuspelej\u00e4. Granin vieraaksi saapuvalla Dickenill\u00e4 sen sijaan on edess\u00e4\u00e4n kuolemanottelu, sill\u00e4 mik\u00e4li Dicken j\u00e4\u00e4 Luolassa pisteitt\u00e4, ei viime kev\u00e4\u00e4n pronssijoukkuetta n\u00e4hd\u00e4 kev\u00e4\u00e4n Play offeissa. Ottelu alkaa keskiviikkona kello 19.<\/p>\n<div class='flex_column_table av-14d78ax-24d69af296c7db758efbf413e9e8e593 sc-av_three_fourth av-equal-height-column-flextable'><div  class='flex_column av-14d78ax-24d69af296c7db758efbf413e9e8e593 av_three_fourth  avia-builder-el-0  el_before_av_one_fourth  avia-builder-el-first  first flex_column_table_cell av-equal-height-column av-align-top  '     ><section  class='av_textblock_section av-m198h2uy-8160a12bedc064d871529b68bab976cb '   itemscope=\"itemscope\" itemtype=\"https:\/\/schema.org\/BlogPosting\" itemprop=\"blogPost\" ><div class='avia_textblock'  itemprop=\"text\" ><p>Pisteiden muodossa nihke\u00e4n kauden pelannut Dicken on saalistanut pelaamistaan 22 ottelusta vain kaksi voittoa, joista molemmat kotikent\u00e4ll\u00e4\u00e4n ja molemmat kolme pistett\u00e4 edell\u00e4\u00e4n olevaa \u00c5IFK:ta vastaan. Dicken tarvitsee kahdesta viimeisest\u00e4 ottelustaan v\u00e4hint\u00e4\u00e4n kolme pistett\u00e4 ja saa samaan aikaan pit\u00e4\u00e4 k\u00e4tens\u00e4 kyyn\u00e4rp\u00e4it\u00e4 ristiss\u00e4 sen suhteen, ett\u00e4 turkulaiset eiv\u00e4t omissa otteluissaan BK-46:tta ja Cocksia tee j\u00e4ttiyll\u00e4tyksi\u00e4.<\/p>\n<p>GrIFK on kaapinut Dickenilt\u00e4 aiemmista kolmesta ottelusta t\u00e4yden pistepotin, mutta voitot ovat olleet niukkoja. Yhteens\u00e4 Grani on tehnyt kolmessa tunnissa vain 11 maalia Dickeni\u00e4 enemm\u00e4n, ja kiitos voitoista onkin langennut maalivahtiosastolle. Patrik Roslander palkittiin kahdessa ottelussa kent\u00e4n parhaana ja Atte Pakarinen piti huolen keskimm\u00e4isen kahinan pistesaldosta.<\/p>\n<h4>Runkosarjan viimeiset ottelut<\/h4>\n<p>Ke 5.3. 18:30 Cocks &#8211; SIF<br \/>\nKe 5.3. 19:00 GrIFK &#8211; Dicken<br \/>\nKe 5.3. 19:00 BK-46 &#8211; \u00c5IFK<\/p>\n<p>La 8.3. 16:00 SIF &#8211; GrIFK<br \/>\nLa 8.3. 16:00 Dicken &#8211; HIFK<br \/>\nLa 8.3. 16:00 \u00c5IFK &#8211; Cocks<\/p>\n<h4>Puoliv\u00e4lier\u00e4t alkavat maajoukkuetauon j\u00e4lkeen<\/h4>\n<p>Aktialiigan runkosarjan sijoitukset ovat viimeisi\u00e4 sijoja lukuunottamatta jo selvill\u00e4. GrIFK p\u00e4\u00e4see tulevasta vastustajastaan (\u00c5IFK tai Dicken) riippumatta aloittamaan puoliv\u00e4lier\u00e4t kotonaan, alustavasti keskiviikkona 19.3. Toisen puoliv\u00e4lier\u00e4parin muodostavat HIFK ja SIF. Runkosarjan kaksi parasta, BK-46 ja Cocks, eteniv\u00e4t suoraan v\u00e4lieriin, jonne puoliv\u00e4lierist\u00e4 selvi\u00e4\u00e4 kahdella voitolla.<\/p>\n<h4>Lis\u00e4\u00e4 aiheesta<\/h4>\n<p><a href=\"https:\/\/aktialiiga.fi\/miehet\/ajankohtaista\/aktialiigan-pudotuspelien-runkopaivat-2024-25\/\" target=\"_blank\" rel=\"noopener\">Aktialiigan pudotuspelien runkopaiv\u00e4t<\/a><\/p>\n<\/div><\/section><\/div><div class='av-flex-placeholder'><\/div><div  class='flex_column av-m7ek5378-df69e21dad7c8f7c6dcb151edad97c62 av_one_fourth  avia-builder-el-2  el_after_av_three_fourth  el_before_av_one_half  flex_column_table_cell av-equal-height-column av-align-top av-hide-on-mobile  '     ><section  class='av_textblock_section av-m7ejtydy-7e9452df27e5e67a1ce6c0104a00979c '   itemscope=\"itemscope\" itemtype=\"https:\/\/schema.org\/BlogPosting\" itemprop=\"blogPost\" ><div class='avia_textblock'  itemprop=\"text\" ><p><a href=\"https:\/\/lippuagentti.fi\/event\/view?id=5958\" target=\"_blank\" rel=\"noopener\"><img data-recalc-dims=\"1\" loading=\"lazy\" decoding=\"async\" class=\"alignright wp-image-61900 size-full\" src=\"https:\/\/i0.wp.com\/grifk-handball.com\/miehet\/wp-content\/uploads\/sites\/2\/2025\/02\/SKPL_EMqualifiers26_FIN-SVK_LippuAgentti_170x700px_vol2.jpg?resize=170%2C700&#038;ssl=1\" alt=\"\" width=\"170\" height=\"700\" srcset=\"https:\/\/i0.wp.com\/grifk-handball.com\/miehet\/wp-content\/uploads\/sites\/2\/2025\/02\/SKPL_EMqualifiers26_FIN-SVK_LippuAgentti_170x700px_vol2.jpg?w=170&amp;ssl=1 170w, https:\/\/i0.wp.com\/grifk-handball.com\/miehet\/wp-content\/uploads\/sites\/2\/2025\/02\/SKPL_EMqualifiers26_FIN-SVK_LippuAgentti_170x700px_vol2.jpg?resize=73%2C300&amp;ssl=1 73w\" sizes=\"auto, (max-width: 170px) 100vw, 170px\" \/><\/a><\/p>\n<\/div><\/section><\/div><\/div><!--close column table wrapper. Autoclose: 1 --><\/p>\n<div class='flex_column_table av-lfw7jhih-45de3e01f19aae7a40761a17619becec sc-av_one_half av-equal-height-column-flextable'>\n<style type=\"text\/css\" data-created_by=\"avia_inline_auto\" id=\"style-css-av-lfw7jhih-45de3e01f19aae7a40761a17619becec\">\n.flex_column.av-lfw7jhih-45de3e01f19aae7a40761a17619becec{\npadding:20px 20px 20px 20px;\n}\n<\/style>\n<div  id=\"ohjelma\"  class='flex_column av-lfw7jhih-45de3e01f19aae7a40761a17619becec av_one_half  avia-builder-el-4  el_after_av_one_fourth  el_before_av_one_half  first flex_column_table_cell av-equal-height-column av-align-top  column-top-margin'     ><section  class='av_textblock_section av-lgc653zl-5ee8aaffa3c9dcda2bcb784142164c53 '   itemscope=\"itemscope\" itemtype=\"https:\/\/schema.org\/BlogPosting\" itemprop=\"blogPost\" ><div class='avia_textblock'  itemprop=\"text\" ><div class=\"nextmatchstream\">\n<p style=\"text-align: center;\"><script src=\"http:\/\/tulospalvelu.finnhandball.net\/taso\/widget.php?widget=nextmatch&#038;css=1&#038;teamid=103471&#038;otteluid= 515902\"><\/script><\/p>\n<\/div>\n<\/div><\/section><\/div>\n<div class='av-flex-placeholder'><\/div>\n<style type=\"text\/css\" data-created_by=\"avia_inline_auto\" id=\"style-css-av-mg1zow-d3b9873f774db547ca0f377e006728db\">\n.flex_column.av-mg1zow-d3b9873f774db547ca0f377e006728db{\npadding:20px 20px 20px 20px;\n}\n<\/style>\n<div  id=\"ohjelma\"  class='flex_column av-mg1zow-d3b9873f774db547ca0f377e006728db av_one_half  avia-builder-el-6  el_after_av_one_half  el_before_av_two_fifth  flex_column_table_cell av-equal-height-column av-align-top  column-top-margin'     ><section  class='av_textblock_section av-lmp58cq1-4f7228158587c2ff82ca23e23f601792 '   itemscope=\"itemscope\" itemtype=\"https:\/\/schema.org\/BlogPosting\" itemprop=\"blogPost\" ><div class='avia_textblock'  itemprop=\"text\" ><h3>Aiemmin t\u00e4ll\u00e4 kaudella<\/h3>\n<table class=\"previousmatches\">\n<tbody>\n<tr>\n<td>26.1.25<\/td>\n<td>Aktialiiga RS<\/td>\n<td>Dicken<\/td>\n<td>GrIFK<\/td>\n<td>27-30<\/td>\n<td><a href=\"https:\/\/grifk-handball.com\/miehet\/kausi-2024-25\/ottelut-2024-25\/grifk-maalijuhlien-paatteeksi-kotivoittoon-hifksta-2\/\"><strong>LUE \u00bb<\/strong><\/a><\/td>\n<\/tr>\n<tr>\n<td>7.12.24<\/td>\n<td>Aktialiiga RS<\/td>\n<td>GrIFK<\/td>\n<td>Dicken<\/td>\n<td>26-24<\/td>\n<td><a href=\"https:\/\/grifk-handball.com\/miehet\/kausi-2024-25\/ottelut-2024-25\/grifkn-takaa-ajo-onnistui-arvokas-kotivoitto-dickenista\/\"><strong>LUE \u00bb<\/strong><\/a><\/td>\n<\/tr>\n<tr>\n<td>19.10.24<\/td>\n<td>Aktialiiga RS<\/td>\n<td>Dicken<\/td>\n<td>GrIFK<\/td>\n<td>20-26<\/td>\n<td><a href=\"https:\/\/grifk-handball.com\/miehet\/kausi-2024-25\/ottelut-2024-25\/roslander-torjui-voiton-dickenista\/\"><strong>LUE \u00bb<\/strong><\/a><\/td>\n<\/tr>\n<\/tbody>\n<\/table>\n<\/div><\/section><\/div><\/div><!--close column table wrapper. Autoclose: 1 -->\n<div class='flex_column_table av-m185jj2u-e5163ba8275c00f7bf66b23f3879184f sc-av_two_fifth av-equal-height-column-flextable'><div  class='flex_column av-m185jj2u-e5163ba8275c00f7bf66b23f3879184f av_two_fifth  avia-builder-el-8  el_after_av_one_half  el_before_av_one_fifth  first flex_column_table_cell av-equal-height-column av-align-middle  column-top-margin'     ><div  class='avia-button-wrap avia-button-center  avia-builder-el-9  avia-builder-el-no-sibling '>\n<style type=\"text\/css\" data-created_by=\"avia_inline_auto\" id=\"style-css-av-2jd8ns6-48a3dd4043ec643e99aff267d87e5a5b\">\n#top #wrap_all .avia-button.av-2jd8ns6-48a3dd4043ec643e99aff267d87e5a5b{\nbackground-color:#0051a9;\nborder-color:#0051a9;\ntransition:all 0.4s ease-in-out;\n}\n#top #wrap_all .avia-button.av-2jd8ns6-48a3dd4043ec643e99aff267d87e5a5b:hover{\ncolor:black;\ntransition:all 0.4s ease-in-out;\n}\n#top #wrap_all .avia-button.av-2jd8ns6-48a3dd4043ec643e99aff267d87e5a5b:hover .avia-svg-icon svg:first-child{\nfill:black;\nstroke:black;\n}\n<\/style>\n<a href='https:\/\/aktialiiga.fi\/miehet\/joukkueet-2024-25\/grifk-kauniainen\/' class='avia-font-color-theme-color avia-button avia-button-fullwidth av-2jd8ns6-48a3dd4043ec643e99aff267d87e5a5b avia-icon_select-no avia-color-custom'  target=\"_blank\"  rel=\"noopener noreferrer\"  aria-label=\"GrIFK Aktialiigassa 2024\/25\"><span class='avia_iconbox_title' >GrIFK Aktialiigassa 2024\/25<\/span><span class='avia_button_background avia-button avia-button-fullwidth avia-color-theme-color-subtle'><\/span><\/a><\/div><\/div>\n<div class='av-flex-placeholder'><\/div><div  class='flex_column av-1yw60va-e9fc807309e29647498cf4767f9c68da av_one_fifth  avia-builder-el-10  el_after_av_two_fifth  el_before_av_two_fifth  flex_column_table_cell av-equal-height-column av-align-middle  column-top-margin'     ><style type=\"text\/css\" data-created_by=\"avia_inline_auto\" id=\"style-css-av-1qjdu1y-5176adb6e20fc90baf60d91d2bf448e0\">\n.avia-image-container.av-1qjdu1y-5176adb6e20fc90baf60d91d2bf448e0 img.avia_image{\nbox-shadow:none;\n}\n.avia-image-container.av-1qjdu1y-5176adb6e20fc90baf60d91d2bf448e0 .av-image-caption-overlay-center{\ncolor:#ffffff;\n}\n<\/style>\n<div  class='avia-image-container av-1qjdu1y-5176adb6e20fc90baf60d91d2bf448e0 av-styling- av-img-linked avia-align-center  avia-builder-el-11  avia-builder-el-no-sibling '   itemprop=\"image\" itemscope=\"itemscope\" itemtype=\"https:\/\/schema.org\/ImageObject\" ><div class=\"avia-image-container-inner\"><div class=\"avia-image-overlay-wrap\"><a href=\"https:\/\/aktialiiga.fi\/miehet\/\" class='avia_image '  target=\"_blank\"  rel=\"noopener noreferrer\" aria-label='Aktialiiga'><img decoding=\"async\" fetchpriority=\"high\" class='wp-image-22656 avia-img-lazy-loading-not-22656 avia_image ' src=\"https:\/\/i0.wp.com\/grifk-handball.com\/miehet\/wp-content\/uploads\/sites\/2\/2024\/09\/Aktialiiga-500x500-1.png?resize=80%2C80&ssl=1\" alt='' title='Aktialiiga'  height=\"80\" width=\"80\"  itemprop=\"thumbnailUrl\" srcset=\"https:\/\/i0.wp.com\/grifk-handball.com\/miehet\/wp-content\/uploads\/sites\/2\/2024\/09\/Aktialiiga-500x500-1.png?w=500&amp;ssl=1 500w, https:\/\/i0.wp.com\/grifk-handball.com\/miehet\/wp-content\/uploads\/sites\/2\/2024\/09\/Aktialiiga-500x500-1.png?resize=300%2C300&amp;ssl=1 300w, https:\/\/i0.wp.com\/grifk-handball.com\/miehet\/wp-content\/uploads\/sites\/2\/2024\/09\/Aktialiiga-500x500-1.png?resize=80%2C80&amp;ssl=1 80w, https:\/\/i0.wp.com\/grifk-handball.com\/miehet\/wp-content\/uploads\/sites\/2\/2024\/09\/Aktialiiga-500x500-1.png?resize=36%2C36&amp;ssl=1 36w, https:\/\/i0.wp.com\/grifk-handball.com\/miehet\/wp-content\/uploads\/sites\/2\/2024\/09\/Aktialiiga-500x500-1.png?resize=180%2C180&amp;ssl=1 180w, https:\/\/i0.wp.com\/grifk-handball.com\/miehet\/wp-content\/uploads\/sites\/2\/2024\/09\/Aktialiiga-500x500-1.png?resize=50%2C50&amp;ssl=1 50w\" sizes=\"(max-width: 80px) 100vw, 80px\" \/><\/a><\/div><\/div><\/div><\/div>\n<div class='av-flex-placeholder'><\/div><div  class='flex_column av-1cidyqu-2ef720364f3f8ee6f0a4d87255f2ca58 av_two_fifth  avia-builder-el-12  el_after_av_one_fifth  el_before_av_two_third  flex_column_table_cell av-equal-height-column av-align-middle  column-top-margin'     ><div  class='avia-button-wrap avia-button-center  avia-builder-el-13  avia-builder-el-no-sibling '>\n<style type=\"text\/css\" data-created_by=\"avia_inline_auto\" id=\"style-css-av-r080ue-4061852ef904953322e9ff1686b0a8d4\">\n#top #wrap_all .avia-button.av-r080ue-4061852ef904953322e9ff1686b0a8d4{\nbackground-color:#0051a9;\nborder-color:#0051a9;\ntransition:all 0.4s ease-in-out;\n}\n#top #wrap_all .avia-button.av-r080ue-4061852ef904953322e9ff1686b0a8d4:hover{\ncolor:black;\ntransition:all 0.4s ease-in-out;\n}\n#top #wrap_all .avia-button.av-r080ue-4061852ef904953322e9ff1686b0a8d4:hover .avia-svg-icon svg:first-child{\nfill:black;\nstroke:black;\n}\n<\/style>\n<a href='https:\/\/aktialiiga.fi\/miehet\/joukkueet-2024-25\/dicken-helsinki\/' class='avia-font-color-theme-color avia-button avia-button-fullwidth av-r080ue-4061852ef904953322e9ff1686b0a8d4 avia-icon_select-no avia-color-custom'  target=\"_blank\"  rel=\"noopener noreferrer\"  aria-label=\"Dicken Aktialiigassa 2024\/25\"><span class='avia_iconbox_title' >Dicken Aktialiigassa 2024\/25<\/span><span class='avia_button_background avia-button avia-button-fullwidth avia-color-theme-color-subtle'><\/span><\/a><\/div><\/div><\/div><!--close column table wrapper. Autoclose: 1 -->\n<div class='flex_column_table av-m0z7whzd-d8a5ecd90f4327e3f2da06d1460ab8b1 sc-av_two_third av-equal-height-column-flextable'>\n<style type=\"text\/css\" data-created_by=\"avia_inline_auto\" id=\"style-css-av-m0z7whzd-d8a5ecd90f4327e3f2da06d1460ab8b1\">\n.flex_column.av-m0z7whzd-d8a5ecd90f4327e3f2da06d1460ab8b1{\npadding:20px 20px 20px 20px;\n}\n<\/style>\n<div  id=\"ohjelma\"  class='flex_column av-m0z7whzd-d8a5ecd90f4327e3f2da06d1460ab8b1 av_two_third  avia-builder-el-14  el_after_av_two_fifth  el_before_av_one_third  first flex_column_table_cell av-equal-height-column av-align-middle  '     ><section  class='av_textblock_section av-m0z7w7t5-5104a6a520f0372d13f33c11c2fbe213 '   itemscope=\"itemscope\" itemtype=\"https:\/\/schema.org\/BlogPosting\" itemprop=\"blogPost\" ><div class='avia_textblock'  itemprop=\"text\" ><h4>Kaikki Aktialiigapelit HandisTV:ll\u00e4<\/h4>\n<p>Alkavan Aktialiigan kaikki ottelut n\u00e4kyv\u00e4t t\u00e4ll\u00e4kin kaudella <a href=\"https:\/\/grifk-handball.com\/miehet\/handistv\/\">HandisTV:n<\/a> kautta. Valitse itsellesi sopivin vaihtoehto ja liity joukkueen kannattajaksi hankkimalla joko kausipassi, ryhtym\u00e4ll\u00e4 kuukausikannattajaksi tai ostamalla katseluoikeus yksitt\u00e4iseen otteluun.<\/p>\n<\/div><\/section><\/div>\n<div class='av-flex-placeholder'><\/div>\n<style type=\"text\/css\" data-created_by=\"avia_inline_auto\" id=\"style-css-av-1a1j9m8-931d2d58ff7615b0f3775ce01d342565\">\n.flex_column.av-1a1j9m8-931d2d58ff7615b0f3775ce01d342565{\npadding:20px 20px 20px 20px;\n}\n<\/style>\n<div  id=\"ohjelma\"  class='flex_column av-1a1j9m8-931d2d58ff7615b0f3775ce01d342565 av_one_third  avia-builder-el-16  el_after_av_two_third  avia-builder-el-last  flex_column_table_cell av-equal-height-column av-align-middle  '     ><p>\n<style type=\"text\/css\" data-created_by=\"avia_inline_auto\" id=\"style-css-av-m0z7p2kd-a7e74f7ce202db7e0151f22850c156aa\">\n.avia-image-container.av-m0z7p2kd-a7e74f7ce202db7e0151f22850c156aa img.avia_image{\nbox-shadow:none;\n}\n.avia-image-container.av-m0z7p2kd-a7e74f7ce202db7e0151f22850c156aa .av-image-caption-overlay-center{\ncolor:#ffffff;\n}\n<\/style>\n<div  class='avia-image-container av-m0z7p2kd-a7e74f7ce202db7e0151f22850c156aa av-styling- av-hover-grow av-img-linked avia-align-center  avia-builder-el-17  el_before_av_image  avia-builder-el-first '   itemprop=\"image\" itemscope=\"itemscope\" itemtype=\"https:\/\/schema.org\/ImageObject\" ><div class=\"avia-image-container-inner\"><div class=\"avia-image-overlay-wrap\"><a href=\"https:\/\/grifk-handball.com\/miehet\/handistv\/\" class='avia_image '  target=\"_blank\"  rel=\"noopener noreferrer\" aria-label='HandisTV'><img decoding=\"async\" fetchpriority=\"high\" class='wp-image-18650 avia-img-lazy-loading-not-18650 avia_image ' src=\"https:\/\/i0.wp.com\/grifk-handball.com\/miehet\/wp-content\/uploads\/sites\/2\/2023\/01\/HandisTV-logo-sininen.png?fit=300%2C125&ssl=1\" alt='' title='HandisTV'  height=\"125\" width=\"300\"  itemprop=\"thumbnailUrl\" srcset=\"https:\/\/i0.wp.com\/grifk-handball.com\/miehet\/wp-content\/uploads\/sites\/2\/2023\/01\/HandisTV-logo-sininen.png?w=1920&amp;ssl=1 1920w, https:\/\/i0.wp.com\/grifk-handball.com\/miehet\/wp-content\/uploads\/sites\/2\/2023\/01\/HandisTV-logo-sininen.png?resize=300%2C125&amp;ssl=1 300w, https:\/\/i0.wp.com\/grifk-handball.com\/miehet\/wp-content\/uploads\/sites\/2\/2023\/01\/HandisTV-logo-sininen.png?resize=1030%2C429&amp;ssl=1 1030w, https:\/\/i0.wp.com\/grifk-handball.com\/miehet\/wp-content\/uploads\/sites\/2\/2023\/01\/HandisTV-logo-sininen.png?resize=768%2C320&amp;ssl=1 768w, https:\/\/i0.wp.com\/grifk-handball.com\/miehet\/wp-content\/uploads\/sites\/2\/2023\/01\/HandisTV-logo-sininen.png?resize=1536%2C640&amp;ssl=1 1536w, https:\/\/i0.wp.com\/grifk-handball.com\/miehet\/wp-content\/uploads\/sites\/2\/2023\/01\/HandisTV-logo-sininen.png?resize=1500%2C625&amp;ssl=1 1500w, https:\/\/i0.wp.com\/grifk-handball.com\/miehet\/wp-content\/uploads\/sites\/2\/2023\/01\/HandisTV-logo-sininen.png?resize=705%2C294&amp;ssl=1 705w\" sizes=\"(max-width: 300px) 100vw, 300px\" \/><\/a><\/div><\/div><\/div><br \/>\n\n<style type=\"text\/css\" data-created_by=\"avia_inline_auto\" id=\"style-css-av-ko1w5s-8c82696b167d7460aa24293ea1d84113\">\n.avia-image-container.av-ko1w5s-8c82696b167d7460aa24293ea1d84113 img.avia_image{\nbox-shadow:none;\n}\n.avia-image-container.av-ko1w5s-8c82696b167d7460aa24293ea1d84113 .av-image-caption-overlay-center{\ncolor:#ffffff;\n}\n<\/style>\n<div  class='avia-image-container av-ko1w5s-8c82696b167d7460aa24293ea1d84113 av-styling- av-hover-grow av-img-linked avia-align-center  avia-builder-el-18  el_after_av_image  avia-builder-el-last '   itemprop=\"image\" itemscope=\"itemscope\" itemtype=\"https:\/\/schema.org\/ImageObject\" ><div class=\"avia-image-container-inner\"><div class=\"avia-image-overlay-wrap\"><a href=\"https:\/\/tulospalvelu.finnhandball.net\" class='avia_image '  target=\"_blank\"  rel=\"noopener noreferrer\" aria-label='Aktia Tulospalvelu'><img decoding=\"async\" fetchpriority=\"high\" class='wp-image-22607 avia-img-lazy-loading-not-22607 avia_image ' src=\"https:\/\/i0.wp.com\/grifk-handball.com\/miehet\/wp-content\/uploads\/sites\/2\/2024\/09\/AKTIA_TULOSPALVELU_Logo_72dpi_RGB.png?fit=300%2C88&ssl=1\" alt='' title='Aktia Tulospalvelu'  height=\"88\" width=\"300\"  itemprop=\"thumbnailUrl\" srcset=\"https:\/\/i0.wp.com\/grifk-handball.com\/miehet\/wp-content\/uploads\/sites\/2\/2024\/09\/AKTIA_TULOSPALVELU_Logo_72dpi_RGB.png?w=2250&amp;ssl=1 2250w, https:\/\/i0.wp.com\/grifk-handball.com\/miehet\/wp-content\/uploads\/sites\/2\/2024\/09\/AKTIA_TULOSPALVELU_Logo_72dpi_RGB.png?resize=300%2C88&amp;ssl=1 300w, https:\/\/i0.wp.com\/grifk-handball.com\/miehet\/wp-content\/uploads\/sites\/2\/2024\/09\/AKTIA_TULOSPALVELU_Logo_72dpi_RGB.png?resize=1030%2C301&amp;ssl=1 1030w, https:\/\/i0.wp.com\/grifk-handball.com\/miehet\/wp-content\/uploads\/sites\/2\/2024\/09\/AKTIA_TULOSPALVELU_Logo_72dpi_RGB.png?resize=768%2C224&amp;ssl=1 768w, https:\/\/i0.wp.com\/grifk-handball.com\/miehet\/wp-content\/uploads\/sites\/2\/2024\/09\/AKTIA_TULOSPALVELU_Logo_72dpi_RGB.png?resize=1536%2C449&amp;ssl=1 1536w, https:\/\/i0.wp.com\/grifk-handball.com\/miehet\/wp-content\/uploads\/sites\/2\/2024\/09\/AKTIA_TULOSPALVELU_Logo_72dpi_RGB.png?resize=2048%2C598&amp;ssl=1 2048w, https:\/\/i0.wp.com\/grifk-handball.com\/miehet\/wp-content\/uploads\/sites\/2\/2024\/09\/AKTIA_TULOSPALVELU_Logo_72dpi_RGB.png?resize=1500%2C438&amp;ssl=1 1500w, https:\/\/i0.wp.com\/grifk-handball.com\/miehet\/wp-content\/uploads\/sites\/2\/2024\/09\/AKTIA_TULOSPALVELU_Logo_72dpi_RGB.png?resize=705%2C206&amp;ssl=1 705w\" sizes=\"(max-width: 300px) 100vw, 300px\" \/><\/a><\/div><\/div><\/div><\/p><\/div><\/div><!--close column table wrapper. Autoclose: 1 -->\n","protected":false},"excerpt":{"rendered":"<p>Aktialiigan runkosarjan kolmannen sijan viime kierroksella varmistanut GrIFK p\u00e4\u00e4see paineettomassa tilassa pelaamaan viimeisen kotiottelunsa ennen pudotuspelej\u00e4. Granin vieraaksi saapuvalla Dickenill\u00e4 sen sijaan on edess\u00e4\u00e4n kuolemanottelu, sill\u00e4 mik\u00e4li Dicken j\u00e4\u00e4 Luolassa pisteitt\u00e4, ei viime kev\u00e4\u00e4n pronssijoukkuetta n\u00e4hd\u00e4 kev\u00e4\u00e4n Play offeissa. Ottelu alkaa keskiviikkona kello 19.<\/p>\n","protected":false},"author":1,"featured_media":62020,"comment_status":"closed","ping_status":"closed","sticky":false,"template":"","format":"standard","meta":{"_acf_changed":false,"footnotes":""},"categories":[578],"tags":[12,26,586,20,25,38],"class_list":["post-62014","post","type-post","status-publish","format-standard","has-post-thumbnail","hentry","category-ennakot-2024-25","tag-bombom","tag-grifkhandball","tag-aktialiiga","tag-dicken","tag-grifk","tag-runkosarja"],"acf":[],"yoast_head":"<!-- This site is optimized with the Yoast SEO plugin v27.5 - https:\/\/yoast.com\/product\/yoast-seo-wordpress\/ -->\n<title>GrIFK is\u00e4nn\u00f6i Dickenin kohtalon ottelua &#8212; GrIFK K\u00e4sipallo - miehet<\/title>\n<meta name=\"description\" content=\"GrIFK p\u00e4\u00e4see lauantaina tutustumaan viimeiseen Aktialiigavastustajaansa, kun keltavihre\u00e4 SIF saapuu Kauniaisten Luolaan. Ottelu sarjataulukon t\u00e4m\u00e4n hetkisen nelosen ja viitosen v\u00e4lill\u00e4 starttaa kello 16.\" \/>\n<meta name=\"robots\" content=\"index, follow, max-snippet:-1, max-image-preview:large, max-video-preview:-1\" \/>\n<link rel=\"canonical\" href=\"https:\/\/grifk-handball.com\/miehet\/kausi-2024-25\/ennakot-2024-25\/grifk-isannoi-dickenin-kohtalon-ottelua\/\" \/>\n<meta property=\"og:locale\" content=\"fi_FI\" \/>\n<meta property=\"og:type\" content=\"article\" \/>\n<meta property=\"og:title\" content=\"GrIFK is\u00e4nn\u00f6i Dickenin kohtalon ottelua &#8212; GrIFK K\u00e4sipallo - miehet\" \/>\n<meta property=\"og:description\" content=\"GrIFK p\u00e4\u00e4see lauantaina tutustumaan viimeiseen Aktialiigavastustajaansa, kun keltavihre\u00e4 SIF saapuu Kauniaisten Luolaan. Ottelu sarjataulukon t\u00e4m\u00e4n hetkisen nelosen ja viitosen v\u00e4lill\u00e4 starttaa kello 16.\" \/>\n<meta property=\"og:url\" content=\"https:\/\/grifk-handball.com\/miehet\/kausi-2024-25\/ennakot-2024-25\/grifk-isannoi-dickenin-kohtalon-ottelua\/\" \/>\n<meta property=\"og:site_name\" content=\"GrIFK K\u00e4sipallo - miehet\" \/>\n<meta property=\"article:publisher\" content=\"https:\/\/www.facebook.com\/GrIFKelit\/\" \/>\n<meta property=\"article:published_time\" content=\"2025-03-03T11:18:32+00:00\" \/>\n<meta property=\"article:modified_time\" content=\"2025-03-03T11:19:32+00:00\" \/>\n<meta property=\"og:image\" content=\"http:\/\/grifk-handball.com\/miehet\/wp-content\/uploads\/sites\/2\/2025\/03\/B7A1828-scaled-e1741000688705.jpg\" \/>\n\t<meta property=\"og:image:width\" content=\"1190\" \/>\n\t<meta property=\"og:image:height\" content=\"830\" \/>\n\t<meta property=\"og:image:type\" content=\"image\/jpeg\" \/>\n<meta name=\"author\" content=\"granimaster\" \/>\n<meta name=\"twitter:card\" content=\"summary_large_image\" \/>\n<meta name=\"twitter:creator\" content=\"@GrIFK_MSM\" \/>\n<meta name=\"twitter:site\" content=\"@GrIFK_MSM\" \/>\n<meta name=\"twitter:label1\" content=\"Kirjoittanut\" \/>\n\t<meta name=\"twitter:data1\" content=\"granimaster\" \/>\n\t<meta name=\"twitter:label2\" content=\"Arvioitu lukuaika\" \/>\n\t<meta name=\"twitter:data2\" content=\"3 minuuttia\" \/>\n<script type=\"application\/ld+json\" class=\"yoast-schema-graph\">{\"@context\":\"https:\\\/\\\/schema.org\",\"@graph\":[{\"@type\":\"Article\",\"@id\":\"https:\\\/\\\/grifk-handball.com\\\/miehet\\\/kausi-2024-25\\\/ennakot-2024-25\\\/grifk-isannoi-dickenin-kohtalon-ottelua\\\/#article\",\"isPartOf\":{\"@id\":\"https:\\\/\\\/grifk-handball.com\\\/miehet\\\/kausi-2024-25\\\/ennakot-2024-25\\\/grifk-isannoi-dickenin-kohtalon-ottelua\\\/\"},\"author\":{\"name\":\"granimaster\",\"@id\":\"https:\\\/\\\/grifk-handball.com\\\/miehet\\\/#\\\/schema\\\/person\\\/9da98c743e3f0f85a1b32f59241b48e0\"},\"headline\":\"GrIFK is\u00e4nn\u00f6i Dickenin kohtalon ottelua\",\"datePublished\":\"2025-03-03T11:18:32+00:00\",\"dateModified\":\"2025-03-03T11:19:32+00:00\",\"mainEntityOfPage\":{\"@id\":\"https:\\\/\\\/grifk-handball.com\\\/miehet\\\/kausi-2024-25\\\/ennakot-2024-25\\\/grifk-isannoi-dickenin-kohtalon-ottelua\\\/\"},\"wordCount\":4824,\"publisher\":{\"@id\":\"https:\\\/\\\/grifk-handball.com\\\/miehet\\\/#organization\"},\"image\":{\"@id\":\"https:\\\/\\\/grifk-handball.com\\\/miehet\\\/kausi-2024-25\\\/ennakot-2024-25\\\/grifk-isannoi-dickenin-kohtalon-ottelua\\\/#primaryimage\"},\"thumbnailUrl\":\"https:\\\/\\\/i0.wp.com\\\/grifk-handball.com\\\/miehet\\\/wp-content\\\/uploads\\\/sites\\\/2\\\/2025\\\/03\\\/B7A1828-scaled-e1741000688705.jpg?fit=1190%2C830&ssl=1\",\"keywords\":[\"#BomBom\",\"#GrIFKHandball\",\"Aktialiiga\",\"Dicken\",\"GrIFK\",\"Runkosarja\"],\"articleSection\":[\"Ennakot 2024-25\"],\"inLanguage\":\"fi\"},{\"@type\":\"WebPage\",\"@id\":\"https:\\\/\\\/grifk-handball.com\\\/miehet\\\/kausi-2024-25\\\/ennakot-2024-25\\\/grifk-isannoi-dickenin-kohtalon-ottelua\\\/\",\"url\":\"https:\\\/\\\/grifk-handball.com\\\/miehet\\\/kausi-2024-25\\\/ennakot-2024-25\\\/grifk-isannoi-dickenin-kohtalon-ottelua\\\/\",\"name\":\"GrIFK is\u00e4nn\u00f6i Dickenin kohtalon ottelua &#8212; GrIFK K\u00e4sipallo - miehet\",\"isPartOf\":{\"@id\":\"https:\\\/\\\/grifk-handball.com\\\/miehet\\\/#website\"},\"primaryImageOfPage\":{\"@id\":\"https:\\\/\\\/grifk-handball.com\\\/miehet\\\/kausi-2024-25\\\/ennakot-2024-25\\\/grifk-isannoi-dickenin-kohtalon-ottelua\\\/#primaryimage\"},\"image\":{\"@id\":\"https:\\\/\\\/grifk-handball.com\\\/miehet\\\/kausi-2024-25\\\/ennakot-2024-25\\\/grifk-isannoi-dickenin-kohtalon-ottelua\\\/#primaryimage\"},\"thumbnailUrl\":\"https:\\\/\\\/i0.wp.com\\\/grifk-handball.com\\\/miehet\\\/wp-content\\\/uploads\\\/sites\\\/2\\\/2025\\\/03\\\/B7A1828-scaled-e1741000688705.jpg?fit=1190%2C830&ssl=1\",\"datePublished\":\"2025-03-03T11:18:32+00:00\",\"dateModified\":\"2025-03-03T11:19:32+00:00\",\"description\":\"GrIFK p\u00e4\u00e4see lauantaina tutustumaan viimeiseen Aktialiigavastustajaansa, kun keltavihre\u00e4 SIF saapuu Kauniaisten Luolaan. Ottelu sarjataulukon t\u00e4m\u00e4n hetkisen nelosen ja viitosen v\u00e4lill\u00e4 starttaa kello 16.\",\"breadcrumb\":{\"@id\":\"https:\\\/\\\/grifk-handball.com\\\/miehet\\\/kausi-2024-25\\\/ennakot-2024-25\\\/grifk-isannoi-dickenin-kohtalon-ottelua\\\/#breadcrumb\"},\"inLanguage\":\"fi\",\"potentialAction\":[{\"@type\":\"ReadAction\",\"target\":[\"https:\\\/\\\/grifk-handball.com\\\/miehet\\\/kausi-2024-25\\\/ennakot-2024-25\\\/grifk-isannoi-dickenin-kohtalon-ottelua\\\/\"]}]},{\"@type\":\"ImageObject\",\"inLanguage\":\"fi\",\"@id\":\"https:\\\/\\\/grifk-handball.com\\\/miehet\\\/kausi-2024-25\\\/ennakot-2024-25\\\/grifk-isannoi-dickenin-kohtalon-ottelua\\\/#primaryimage\",\"url\":\"https:\\\/\\\/i0.wp.com\\\/grifk-handball.com\\\/miehet\\\/wp-content\\\/uploads\\\/sites\\\/2\\\/2025\\\/03\\\/B7A1828-scaled-e1741000688705.jpg?fit=1190%2C830&ssl=1\",\"contentUrl\":\"https:\\\/\\\/i0.wp.com\\\/grifk-handball.com\\\/miehet\\\/wp-content\\\/uploads\\\/sites\\\/2\\\/2025\\\/03\\\/B7A1828-scaled-e1741000688705.jpg?fit=1190%2C830&ssl=1\",\"width\":1190,\"height\":830},{\"@type\":\"BreadcrumbList\",\"@id\":\"https:\\\/\\\/grifk-handball.com\\\/miehet\\\/kausi-2024-25\\\/ennakot-2024-25\\\/grifk-isannoi-dickenin-kohtalon-ottelua\\\/#breadcrumb\",\"itemListElement\":[{\"@type\":\"ListItem\",\"position\":1,\"name\":\"Home\",\"item\":\"https:\\\/\\\/grifk-handball.com\\\/miehet\\\/etusivu-260109\\\/\"},{\"@type\":\"ListItem\",\"position\":2,\"name\":\"GrIFK is\u00e4nn\u00f6i Dickenin kohtalon ottelua\"}]},{\"@type\":\"WebSite\",\"@id\":\"https:\\\/\\\/grifk-handball.com\\\/miehet\\\/#website\",\"url\":\"https:\\\/\\\/grifk-handball.com\\\/miehet\\\/\",\"name\":\"GrIFK K\u00e4sipallo - miehet\",\"description\":\"BomBom!\",\"publisher\":{\"@id\":\"https:\\\/\\\/grifk-handball.com\\\/miehet\\\/#organization\"},\"potentialAction\":[{\"@type\":\"SearchAction\",\"target\":{\"@type\":\"EntryPoint\",\"urlTemplate\":\"https:\\\/\\\/grifk-handball.com\\\/miehet\\\/?s={search_term_string}\"},\"query-input\":{\"@type\":\"PropertyValueSpecification\",\"valueRequired\":true,\"valueName\":\"search_term_string\"}}],\"inLanguage\":\"fi\"},{\"@type\":\"Organization\",\"@id\":\"https:\\\/\\\/grifk-handball.com\\\/miehet\\\/#organization\",\"name\":\"GrIFK K\u00e4sipallo - miehet\",\"url\":\"https:\\\/\\\/grifk-handball.com\\\/miehet\\\/\",\"logo\":{\"@type\":\"ImageObject\",\"inLanguage\":\"fi\",\"@id\":\"https:\\\/\\\/grifk-handball.com\\\/miehet\\\/#\\\/schema\\\/logo\\\/image\\\/\",\"url\":\"https:\\\/\\\/i0.wp.com\\\/grifk-handball.com\\\/miehet\\\/wp-content\\\/uploads\\\/sites\\\/2\\\/2016\\\/10\\\/logo-grifk-iso.png?fit=1200%2C1400&ssl=1\",\"contentUrl\":\"https:\\\/\\\/i0.wp.com\\\/grifk-handball.com\\\/miehet\\\/wp-content\\\/uploads\\\/sites\\\/2\\\/2016\\\/10\\\/logo-grifk-iso.png?fit=1200%2C1400&ssl=1\",\"width\":1200,\"height\":1400,\"caption\":\"GrIFK K\u00e4sipallo - miehet\"},\"image\":{\"@id\":\"https:\\\/\\\/grifk-handball.com\\\/miehet\\\/#\\\/schema\\\/logo\\\/image\\\/\"},\"sameAs\":[\"https:\\\/\\\/www.facebook.com\\\/GrIFKelit\\\/\",\"https:\\\/\\\/x.com\\\/GrIFK_MSM\",\"https:\\\/\\\/www.instagram.com\\\/grifk_elit\\\/\"]},{\"@type\":\"Person\",\"@id\":\"https:\\\/\\\/grifk-handball.com\\\/miehet\\\/#\\\/schema\\\/person\\\/9da98c743e3f0f85a1b32f59241b48e0\",\"name\":\"granimaster\",\"image\":{\"@type\":\"ImageObject\",\"inLanguage\":\"fi\",\"@id\":\"https:\\\/\\\/secure.gravatar.com\\\/avatar\\\/034b8e6380fc659c320f13e17fe45bd9ab48a21e2debadd5f3179bde291949df?s=96&d=mm&r=g\",\"url\":\"https:\\\/\\\/secure.gravatar.com\\\/avatar\\\/034b8e6380fc659c320f13e17fe45bd9ab48a21e2debadd5f3179bde291949df?s=96&d=mm&r=g\",\"contentUrl\":\"https:\\\/\\\/secure.gravatar.com\\\/avatar\\\/034b8e6380fc659c320f13e17fe45bd9ab48a21e2debadd5f3179bde291949df?s=96&d=mm&r=g\",\"caption\":\"granimaster\"},\"url\":\"https:\\\/\\\/grifk-handball.com\\\/miehet\\\/author\\\/granimaster\\\/\"}]}<\/script>\n<!-- \/ Yoast SEO plugin. -->","yoast_head_json":{"title":"GrIFK is\u00e4nn\u00f6i Dickenin kohtalon ottelua &#8212; GrIFK K\u00e4sipallo - miehet","description":"GrIFK p\u00e4\u00e4see lauantaina tutustumaan viimeiseen Aktialiigavastustajaansa, kun keltavihre\u00e4 SIF saapuu Kauniaisten Luolaan. Ottelu sarjataulukon t\u00e4m\u00e4n hetkisen nelosen ja viitosen v\u00e4lill\u00e4 starttaa kello 16.","robots":{"index":"index","follow":"follow","max-snippet":"max-snippet:-1","max-image-preview":"max-image-preview:large","max-video-preview":"max-video-preview:-1"},"canonical":"https:\/\/grifk-handball.com\/miehet\/kausi-2024-25\/ennakot-2024-25\/grifk-isannoi-dickenin-kohtalon-ottelua\/","og_locale":"fi_FI","og_type":"article","og_title":"GrIFK is\u00e4nn\u00f6i Dickenin kohtalon ottelua &#8212; GrIFK K\u00e4sipallo - miehet","og_description":"GrIFK p\u00e4\u00e4see lauantaina tutustumaan viimeiseen Aktialiigavastustajaansa, kun keltavihre\u00e4 SIF saapuu Kauniaisten Luolaan. Ottelu sarjataulukon t\u00e4m\u00e4n hetkisen nelosen ja viitosen v\u00e4lill\u00e4 starttaa kello 16.","og_url":"https:\/\/grifk-handball.com\/miehet\/kausi-2024-25\/ennakot-2024-25\/grifk-isannoi-dickenin-kohtalon-ottelua\/","og_site_name":"GrIFK K\u00e4sipallo - miehet","article_publisher":"https:\/\/www.facebook.com\/GrIFKelit\/","article_published_time":"2025-03-03T11:18:32+00:00","article_modified_time":"2025-03-03T11:19:32+00:00","og_image":[{"width":1190,"height":830,"url":"http:\/\/grifk-handball.com\/miehet\/wp-content\/uploads\/sites\/2\/2025\/03\/B7A1828-scaled-e1741000688705.jpg","type":"image\/jpeg"}],"author":"granimaster","twitter_card":"summary_large_image","twitter_creator":"@GrIFK_MSM","twitter_site":"@GrIFK_MSM","twitter_misc":{"Kirjoittanut":"granimaster","Arvioitu lukuaika":"3 minuuttia"},"schema":{"@context":"https:\/\/schema.org","@graph":[{"@type":"Article","@id":"https:\/\/grifk-handball.com\/miehet\/kausi-2024-25\/ennakot-2024-25\/grifk-isannoi-dickenin-kohtalon-ottelua\/#article","isPartOf":{"@id":"https:\/\/grifk-handball.com\/miehet\/kausi-2024-25\/ennakot-2024-25\/grifk-isannoi-dickenin-kohtalon-ottelua\/"},"author":{"name":"granimaster","@id":"https:\/\/grifk-handball.com\/miehet\/#\/schema\/person\/9da98c743e3f0f85a1b32f59241b48e0"},"headline":"GrIFK is\u00e4nn\u00f6i Dickenin kohtalon ottelua","datePublished":"2025-03-03T11:18:32+00:00","dateModified":"2025-03-03T11:19:32+00:00","mainEntityOfPage":{"@id":"https:\/\/grifk-handball.com\/miehet\/kausi-2024-25\/ennakot-2024-25\/grifk-isannoi-dickenin-kohtalon-ottelua\/"},"wordCount":4824,"publisher":{"@id":"https:\/\/grifk-handball.com\/miehet\/#organization"},"image":{"@id":"https:\/\/grifk-handball.com\/miehet\/kausi-2024-25\/ennakot-2024-25\/grifk-isannoi-dickenin-kohtalon-ottelua\/#primaryimage"},"thumbnailUrl":"https:\/\/i0.wp.com\/grifk-handball.com\/miehet\/wp-content\/uploads\/sites\/2\/2025\/03\/B7A1828-scaled-e1741000688705.jpg?fit=1190%2C830&ssl=1","keywords":["#BomBom","#GrIFKHandball","Aktialiiga","Dicken","GrIFK","Runkosarja"],"articleSection":["Ennakot 2024-25"],"inLanguage":"fi"},{"@type":"WebPage","@id":"https:\/\/grifk-handball.com\/miehet\/kausi-2024-25\/ennakot-2024-25\/grifk-isannoi-dickenin-kohtalon-ottelua\/","url":"https:\/\/grifk-handball.com\/miehet\/kausi-2024-25\/ennakot-2024-25\/grifk-isannoi-dickenin-kohtalon-ottelua\/","name":"GrIFK is\u00e4nn\u00f6i Dickenin kohtalon ottelua &#8212; GrIFK K\u00e4sipallo - miehet","isPartOf":{"@id":"https:\/\/grifk-handball.com\/miehet\/#website"},"primaryImageOfPage":{"@id":"https:\/\/grifk-handball.com\/miehet\/kausi-2024-25\/ennakot-2024-25\/grifk-isannoi-dickenin-kohtalon-ottelua\/#primaryimage"},"image":{"@id":"https:\/\/grifk-handball.com\/miehet\/kausi-2024-25\/ennakot-2024-25\/grifk-isannoi-dickenin-kohtalon-ottelua\/#primaryimage"},"thumbnailUrl":"https:\/\/i0.wp.com\/grifk-handball.com\/miehet\/wp-content\/uploads\/sites\/2\/2025\/03\/B7A1828-scaled-e1741000688705.jpg?fit=1190%2C830&ssl=1","datePublished":"2025-03-03T11:18:32+00:00","dateModified":"2025-03-03T11:19:32+00:00","description":"GrIFK p\u00e4\u00e4see lauantaina tutustumaan viimeiseen Aktialiigavastustajaansa, kun keltavihre\u00e4 SIF saapuu Kauniaisten Luolaan. Ottelu sarjataulukon t\u00e4m\u00e4n hetkisen nelosen ja viitosen v\u00e4lill\u00e4 starttaa kello 16.","breadcrumb":{"@id":"https:\/\/grifk-handball.com\/miehet\/kausi-2024-25\/ennakot-2024-25\/grifk-isannoi-dickenin-kohtalon-ottelua\/#breadcrumb"},"inLanguage":"fi","potentialAction":[{"@type":"ReadAction","target":["https:\/\/grifk-handball.com\/miehet\/kausi-2024-25\/ennakot-2024-25\/grifk-isannoi-dickenin-kohtalon-ottelua\/"]}]},{"@type":"ImageObject","inLanguage":"fi","@id":"https:\/\/grifk-handball.com\/miehet\/kausi-2024-25\/ennakot-2024-25\/grifk-isannoi-dickenin-kohtalon-ottelua\/#primaryimage","url":"https:\/\/i0.wp.com\/grifk-handball.com\/miehet\/wp-content\/uploads\/sites\/2\/2025\/03\/B7A1828-scaled-e1741000688705.jpg?fit=1190%2C830&ssl=1","contentUrl":"https:\/\/i0.wp.com\/grifk-handball.com\/miehet\/wp-content\/uploads\/sites\/2\/2025\/03\/B7A1828-scaled-e1741000688705.jpg?fit=1190%2C830&ssl=1","width":1190,"height":830},{"@type":"BreadcrumbList","@id":"https:\/\/grifk-handball.com\/miehet\/kausi-2024-25\/ennakot-2024-25\/grifk-isannoi-dickenin-kohtalon-ottelua\/#breadcrumb","itemListElement":[{"@type":"ListItem","position":1,"name":"Home","item":"https:\/\/grifk-handball.com\/miehet\/etusivu-260109\/"},{"@type":"ListItem","position":2,"name":"GrIFK is\u00e4nn\u00f6i Dickenin kohtalon ottelua"}]},{"@type":"WebSite","@id":"https:\/\/grifk-handball.com\/miehet\/#website","url":"https:\/\/grifk-handball.com\/miehet\/","name":"GrIFK K\u00e4sipallo - miehet","description":"BomBom!","publisher":{"@id":"https:\/\/grifk-handball.com\/miehet\/#organization"},"potentialAction":[{"@type":"SearchAction","target":{"@type":"EntryPoint","urlTemplate":"https:\/\/grifk-handball.com\/miehet\/?s={search_term_string}"},"query-input":{"@type":"PropertyValueSpecification","valueRequired":true,"valueName":"search_term_string"}}],"inLanguage":"fi"},{"@type":"Organization","@id":"https:\/\/grifk-handball.com\/miehet\/#organization","name":"GrIFK K\u00e4sipallo - miehet","url":"https:\/\/grifk-handball.com\/miehet\/","logo":{"@type":"ImageObject","inLanguage":"fi","@id":"https:\/\/grifk-handball.com\/miehet\/#\/schema\/logo\/image\/","url":"https:\/\/i0.wp.com\/grifk-handball.com\/miehet\/wp-content\/uploads\/sites\/2\/2016\/10\/logo-grifk-iso.png?fit=1200%2C1400&ssl=1","contentUrl":"https:\/\/i0.wp.com\/grifk-handball.com\/miehet\/wp-content\/uploads\/sites\/2\/2016\/10\/logo-grifk-iso.png?fit=1200%2C1400&ssl=1","width":1200,"height":1400,"caption":"GrIFK K\u00e4sipallo - miehet"},"image":{"@id":"https:\/\/grifk-handball.com\/miehet\/#\/schema\/logo\/image\/"},"sameAs":["https:\/\/www.facebook.com\/GrIFKelit\/","https:\/\/x.com\/GrIFK_MSM","https:\/\/www.instagram.com\/grifk_elit\/"]},{"@type":"Person","@id":"https:\/\/grifk-handball.com\/miehet\/#\/schema\/person\/9da98c743e3f0f85a1b32f59241b48e0","name":"granimaster","image":{"@type":"ImageObject","inLanguage":"fi","@id":"https:\/\/secure.gravatar.com\/avatar\/034b8e6380fc659c320f13e17fe45bd9ab48a21e2debadd5f3179bde291949df?s=96&d=mm&r=g","url":"https:\/\/secure.gravatar.com\/avatar\/034b8e6380fc659c320f13e17fe45bd9ab48a21e2debadd5f3179bde291949df?s=96&d=mm&r=g","contentUrl":"https:\/\/secure.gravatar.com\/avatar\/034b8e6380fc659c320f13e17fe45bd9ab48a21e2debadd5f3179bde291949df?s=96&d=mm&r=g","caption":"granimaster"},"url":"https:\/\/grifk-handball.com\/miehet\/author\/granimaster\/"}]}},"jetpack_featured_media_url":"https:\/\/i0.wp.com\/grifk-handball.com\/miehet\/wp-content\/uploads\/sites\/2\/2025\/03\/B7A1828-scaled-e1741000688705.jpg?fit=1190%2C830&ssl=1","jetpack_shortlink":"https:\/\/wp.me\/p9jQ9a-g8e","_links":{"self":[{"href":"https:\/\/grifk-handball.com\/miehet\/wp-json\/wp\/v2\/posts\/62014","targetHints":{"allow":["GET"]}}],"collection":[{"href":"https:\/\/grifk-handball.com\/miehet\/wp-json\/wp\/v2\/posts"}],"about":[{"href":"https:\/\/grifk-handball.com\/miehet\/wp-json\/wp\/v2\/types\/post"}],"author":[{"embeddable":true,"href":"https:\/\/grifk-handball.com\/miehet\/wp-json\/wp\/v2\/users\/1"}],"replies":[{"embeddable":true,"href":"https:\/\/grifk-handball.com\/miehet\/wp-json\/wp\/v2\/comments?post=62014"}],"version-history":[{"count":7,"href":"https:\/\/grifk-handball.com\/miehet\/wp-json\/wp\/v2\/posts\/62014\/revisions"}],"predecessor-version":[{"id":62091,"href":"https:\/\/grifk-handball.com\/miehet\/wp-json\/wp\/v2\/posts\/62014\/revisions\/62091"}],"wp:featuredmedia":[{"embeddable":true,"href":"https:\/\/grifk-handball.com\/miehet\/wp-json\/wp\/v2\/media\/62020"}],"wp:attachment":[{"href":"https:\/\/grifk-handball.com\/miehet\/wp-json\/wp\/v2\/media?parent=62014"}],"wp:term":[{"taxonomy":"category","embeddable":true,"href":"https:\/\/grifk-handball.com\/miehet\/wp-json\/wp\/v2\/categories?post=62014"},{"taxonomy":"post_tag","embeddable":true,"href":"https:\/\/grifk-handball.com\/miehet\/wp-json\/wp\/v2\/tags?post=62014"}],"curies":[{"name":"wp","href":"https:\/\/api.w.org\/{rel}","templated":true}]}}