{"id":62230,"date":"2025-04-03T13:10:31","date_gmt":"2025-04-03T10:10:31","guid":{"rendered":"https:\/\/grifk-handball.com\/miehet\/?p=62230"},"modified":"2025-04-03T13:42:07","modified_gmt":"2025-04-03T10:42:07","slug":"lahde-mukaan-grani-handis-run-tapahtumaan","status":"publish","type":"post","link":"https:\/\/grifk-handball.com\/miehet\/uutiset\/lahde-mukaan-grani-handis-run-tapahtumaan\/","title":{"rendered":"L\u00e4hde mukaan Grani Handis Run -tapahtumaan!"},"content":{"rendered":"<h5>GrIFK K\u00e4sipallo j\u00e4rjest\u00e4\u00e4 juoksutapahtuman ja muuta hauskaa keskuskent\u00e4ll\u00e4 6.5.2025 klo 18:00<\/h5>\n<p>Grankulla IFK t\u00e4ytt\u00e4\u00e4 t\u00e4n\u00e4 vuonna 100 vuotta, ja t\u00e4m\u00e4n merkitt\u00e4v\u00e4n juhlan kunniaksi GrIFK K\u00e4sipallo j\u00e4rjest\u00e4\u00e4 juhlallisen <strong>Grani Handis RUN 100<\/strong> -juoksutapahtuman tiistaina 6. toukokuuta kello 18.00. Tapahtuma on osa seuran juhlavuotta ja kunnianosoitus sen satavuotiselle historialle sek\u00e4 merkitykselle Kauniaisissa.<\/p>\n<p>GrIFK K\u00e4sipallo kutsuu kaikki mukaan \u2013 niin lapset kuin aikuisetkin \u2013 osallistumaan t\u00e4h\u00e4n yhteis\u00f6lliseen ja liikunnalliseen tapahtumaan. Juoksussa on kaksi reittivaihtoehtoa: 2,5 km ja 5 km. Reitit kulkevat Kauniaisten tunnetuimpien urheilupaikkojen, kuten urheilukent\u00e4n, tenniskenttien, Saharan, palloiluhallin, j\u00e4\u00e4hallin, jalkapallohallin ja laskettelurinteen ohi.<\/p>\n<p>Tapahtuma tarjoaa upean mahdollisuuden koko perheelle, yst\u00e4v\u00e4porukoille ja ty\u00f6yhteis\u00f6ille viett\u00e4\u00e4 aikaa yhdess\u00e4 ja luoda unohtumattomia muistoja. Musiikista vastaavat <strong>Fredrik Waselius<\/strong> ja <strong>Johan Svahn<\/strong>, ja heid\u00e4n esitt\u00e4m\u00e4ns\u00e4 kappale BomBom luo iloista tunnelmaa illan aikana.<\/p>\n<p>Mukana tapahtumassa ovat my\u00f6s <strong>Grankulla IFK:n miesten ja naisten edustusjoukkueet, juniorijoukkueet sek\u00e4 old boys -joukkue<\/strong>. Lis\u00e4ksi vanhemmat, sukulaiset, yst\u00e4v\u00e4t ja ty\u00f6porukat ovat l\u00e4mpim\u00e4sti tervetulleita osallistumaan!<\/p>\n<p>Osallistujat voivat valita, juoksevatko vai k\u00e4velev\u00e4tk\u00f6 reitin. Loppumatkalla kaikki saavat nauttia grillimakkarasta ja virvokkeista. Lis\u00e4ksi tarjolla on palkintoja sek\u00e4 arvonta, jossa voi voittaa upeita palkintoja.<\/p>\n<p>Juhlavan tunnelman luomiseksi toivomme osallistujien pukeutuvan <strong>GrIFK:n v\u00e4reihin \u2013 vihre\u00e4\u00e4n ja valkoiseen!<\/strong><\/p>\n<p>\ud83d\udccd <strong>Tapahtuma alkaa tiistaina 6.5. klo 18.00 keskuskent\u00e4lt\u00e4, ja maali sijaitsee my\u00f6s keskuskent\u00e4ll\u00e4.<\/strong><\/p>\n<p>\ud83d\udcb0 <strong>Osallistumismaksut:<\/strong><br \/>\n\ud83d\udd39 Aikuiset: 20 \u20ac<br \/>\n\ud83d\udd39 Alle 15-vuotiaat lapset: 10 \u20ac<br \/>\n\ud83d\udd39 Opiskelijat ja el\u00e4kel\u00e4iset: 10 \u20ac<\/p>\n<p><strong>\u26a0\ufe0f <a href=\"https:\/\/grifk-handball.com\/wp-content\/uploads\/2025\/04\/PELASTUSSUUNNITELMA.docx\" target=\"_blank\" rel=\"noopener\"><u>Pelastussuunnitelma<\/u><\/a>\u00a0on laadittu turvallisen tapahtuman takaamiseksi.<\/strong><\/p>\n<p>Tule mukaan juhlimaan GrIFK:n 100-vuotista taivalta \u2013 odotamme innolla, ett\u00e4 saamme juhlia kanssasi!<\/p>\n<h3 data-start=\"1906\" data-end=\"2006\">Liikenne ja pys\u00e4k\u00f6inti<\/h3>\n<p>Osallistujille suositellaan saapumista julkisilla liikennev\u00e4lineill\u00e4 tai kimppakyydeill\u00e4. Pys\u00e4k\u00f6intialueet sijaitsevat urheilukent\u00e4n l\u00e4heisyydess\u00e4 ja sis\u00e4\u00e4ntuloon j\u00e4rjestet\u00e4\u00e4n niilt\u00e4 viitoitus, parkkialueiden sis\u00e4\u00e4ntuloon sijoitetaan parkkiohjaaja valvomaan kapasiteettia:<\/p>\n<ol>\n<li>Uimahallin parkkipaikat (2):<br \/>\nAsematie 26, kapasiteetti yhteens\u00e4 noin 80<\/li>\n<li>Kasavuoren Koulun parkkipaikka:<br \/>\nKasavuorentie 1, kapasiteetti noin 80<\/li>\n<li>Terveysaseman parkkipaikka:<br \/>\nAsematie 19, Kapasiteetti noin 40<\/li>\n<\/ol>\n<p>Palloiluhallin parkkipaikka osoitteessa Oppilaskodintie 11 on suljettuna 17-18:30 Liikenteenohjaajat auttavat tarvittaessa liikenteen sujuvuudessa merkityll\u00e4 reitill\u00e4.<\/p>\n<p>&nbsp;<\/p>\n<h5><\/h5>\n","protected":false},"excerpt":{"rendered":"<p>GrIFK K\u00e4sipallo j\u00e4rjest\u00e4\u00e4 juoksutapahtuman ja muuta hauskaa keskuskent\u00e4ll\u00e4 6.5.2025 klo 18:00 Grankulla IFK t\u00e4ytt\u00e4\u00e4 t\u00e4n\u00e4 vuonna 100 vuotta, ja t\u00e4m\u00e4n merkitt\u00e4v\u00e4n juhlan kunniaksi GrIFK K\u00e4sipallo j\u00e4rjest\u00e4\u00e4 juhlallisen Grani Handis RUN 100 -juoksutapahtuman tiistaina 6. toukokuuta kello 18.00. Tapahtuma on osa seuran juhlavuotta ja kunnianosoitus sen satavuotiselle historialle sek\u00e4 merkitykselle Kauniaisissa. GrIFK K\u00e4sipallo kutsuu kaikki mukaan [&hellip;]<\/p>\n","protected":false},"author":1,"featured_media":62249,"comment_status":"closed","ping_status":"closed","sticky":false,"template":"","format":"standard","meta":{"_acf_changed":false,"footnotes":""},"categories":[7],"tags":[12,615,25,297,48],"class_list":["post-62230","post","type-post","status-publish","format-standard","has-post-thumbnail","hentry","category-uutiset","tag-bombom","tag-grani-handis-run","tag-grifk","tag-tapahtumat","tag-yhteisollisyys"],"acf":[],"yoast_head":"<!-- This site is optimized with the Yoast SEO plugin v27.5 - https:\/\/yoast.com\/product\/yoast-seo-wordpress\/ -->\n<title>L\u00e4hde mukaan Grani Handis Run -tapahtumaan! &#8212; GrIFK K\u00e4sipallo - miehet<\/title>\n<meta name=\"robots\" content=\"index, follow, max-snippet:-1, max-image-preview:large, max-video-preview:-1\" \/>\n<link rel=\"canonical\" href=\"https:\/\/grifk-handball.com\/miehet\/uutiset\/lahde-mukaan-grani-handis-run-tapahtumaan\/\" \/>\n<meta property=\"og:locale\" content=\"fi_FI\" \/>\n<meta property=\"og:type\" content=\"article\" \/>\n<meta property=\"og:title\" content=\"L\u00e4hde mukaan Grani Handis Run -tapahtumaan! &#8212; GrIFK K\u00e4sipallo - miehet\" \/>\n<meta property=\"og:description\" content=\"GrIFK K\u00e4sipallo j\u00e4rjest\u00e4\u00e4 juoksutapahtuman ja muuta hauskaa keskuskent\u00e4ll\u00e4 6.5.2025 klo 18:00 Grankulla IFK t\u00e4ytt\u00e4\u00e4 t\u00e4n\u00e4 vuonna 100 vuotta, ja t\u00e4m\u00e4n merkitt\u00e4v\u00e4n juhlan kunniaksi GrIFK K\u00e4sipallo j\u00e4rjest\u00e4\u00e4 juhlallisen Grani Handis RUN 100 -juoksutapahtuman tiistaina 6. toukokuuta kello 18.00. Tapahtuma on osa seuran juhlavuotta ja kunnianosoitus sen satavuotiselle historialle sek\u00e4 merkitykselle Kauniaisissa. GrIFK K\u00e4sipallo kutsuu kaikki mukaan [&hellip;]\" \/>\n<meta property=\"og:url\" content=\"https:\/\/grifk-handball.com\/miehet\/uutiset\/lahde-mukaan-grani-handis-run-tapahtumaan\/\" \/>\n<meta property=\"og:site_name\" content=\"GrIFK K\u00e4sipallo - miehet\" \/>\n<meta property=\"article:publisher\" content=\"https:\/\/www.facebook.com\/GrIFKelit\/\" \/>\n<meta property=\"article:published_time\" content=\"2025-04-03T10:10:31+00:00\" \/>\n<meta property=\"article:modified_time\" content=\"2025-04-03T10:42:07+00:00\" \/>\n<meta property=\"og:image\" content=\"http:\/\/grifk-handball.com\/miehet\/wp-content\/uploads\/sites\/2\/2025\/04\/Grani-Handis-Run-100.png\" \/>\n\t<meta property=\"og:image:width\" content=\"1536\" \/>\n\t<meta property=\"og:image:height\" content=\"634\" \/>\n\t<meta property=\"og:image:type\" content=\"image\/png\" \/>\n<meta name=\"author\" content=\"granimaster\" \/>\n<meta name=\"twitter:card\" content=\"summary_large_image\" \/>\n<meta name=\"twitter:creator\" content=\"@GrIFK_MSM\" \/>\n<meta name=\"twitter:site\" content=\"@GrIFK_MSM\" \/>\n<meta name=\"twitter:label1\" content=\"Kirjoittanut\" \/>\n\t<meta name=\"twitter:data1\" content=\"granimaster\" \/>\n<script type=\"application\/ld+json\" class=\"yoast-schema-graph\">{\"@context\":\"https:\\\/\\\/schema.org\",\"@graph\":[{\"@type\":\"Article\",\"@id\":\"https:\\\/\\\/grifk-handball.com\\\/miehet\\\/uutiset\\\/lahde-mukaan-grani-handis-run-tapahtumaan\\\/#article\",\"isPartOf\":{\"@id\":\"https:\\\/\\\/grifk-handball.com\\\/miehet\\\/uutiset\\\/lahde-mukaan-grani-handis-run-tapahtumaan\\\/\"},\"author\":{\"name\":\"granimaster\",\"@id\":\"https:\\\/\\\/grifk-handball.com\\\/miehet\\\/#\\\/schema\\\/person\\\/9da98c743e3f0f85a1b32f59241b48e0\"},\"headline\":\"L\u00e4hde mukaan Grani Handis Run -tapahtumaan!\",\"datePublished\":\"2025-04-03T10:10:31+00:00\",\"dateModified\":\"2025-04-03T10:42:07+00:00\",\"mainEntityOfPage\":{\"@id\":\"https:\\\/\\\/grifk-handball.com\\\/miehet\\\/uutiset\\\/lahde-mukaan-grani-handis-run-tapahtumaan\\\/\"},\"wordCount\":330,\"publisher\":{\"@id\":\"https:\\\/\\\/grifk-handball.com\\\/miehet\\\/#organization\"},\"image\":{\"@id\":\"https:\\\/\\\/grifk-handball.com\\\/miehet\\\/uutiset\\\/lahde-mukaan-grani-handis-run-tapahtumaan\\\/#primaryimage\"},\"thumbnailUrl\":\"https:\\\/\\\/i0.wp.com\\\/grifk-handball.com\\\/miehet\\\/wp-content\\\/uploads\\\/sites\\\/2\\\/2025\\\/04\\\/Grani-Handis-Run-100.png?fit=1536%2C634&ssl=1\",\"keywords\":[\"#BomBom\",\"Grani Handis Run\",\"GrIFK\",\"Tapahtumat\",\"Yhteis\u00f6llisyys\"],\"articleSection\":[\"Uutiset\"],\"inLanguage\":\"fi\"},{\"@type\":\"WebPage\",\"@id\":\"https:\\\/\\\/grifk-handball.com\\\/miehet\\\/uutiset\\\/lahde-mukaan-grani-handis-run-tapahtumaan\\\/\",\"url\":\"https:\\\/\\\/grifk-handball.com\\\/miehet\\\/uutiset\\\/lahde-mukaan-grani-handis-run-tapahtumaan\\\/\",\"name\":\"L\u00e4hde mukaan Grani Handis Run -tapahtumaan! &#8212; GrIFK K\u00e4sipallo - miehet\",\"isPartOf\":{\"@id\":\"https:\\\/\\\/grifk-handball.com\\\/miehet\\\/#website\"},\"primaryImageOfPage\":{\"@id\":\"https:\\\/\\\/grifk-handball.com\\\/miehet\\\/uutiset\\\/lahde-mukaan-grani-handis-run-tapahtumaan\\\/#primaryimage\"},\"image\":{\"@id\":\"https:\\\/\\\/grifk-handball.com\\\/miehet\\\/uutiset\\\/lahde-mukaan-grani-handis-run-tapahtumaan\\\/#primaryimage\"},\"thumbnailUrl\":\"https:\\\/\\\/i0.wp.com\\\/grifk-handball.com\\\/miehet\\\/wp-content\\\/uploads\\\/sites\\\/2\\\/2025\\\/04\\\/Grani-Handis-Run-100.png?fit=1536%2C634&ssl=1\",\"datePublished\":\"2025-04-03T10:10:31+00:00\",\"dateModified\":\"2025-04-03T10:42:07+00:00\",\"breadcrumb\":{\"@id\":\"https:\\\/\\\/grifk-handball.com\\\/miehet\\\/uutiset\\\/lahde-mukaan-grani-handis-run-tapahtumaan\\\/#breadcrumb\"},\"inLanguage\":\"fi\",\"potentialAction\":[{\"@type\":\"ReadAction\",\"target\":[\"https:\\\/\\\/grifk-handball.com\\\/miehet\\\/uutiset\\\/lahde-mukaan-grani-handis-run-tapahtumaan\\\/\"]}]},{\"@type\":\"ImageObject\",\"inLanguage\":\"fi\",\"@id\":\"https:\\\/\\\/grifk-handball.com\\\/miehet\\\/uutiset\\\/lahde-mukaan-grani-handis-run-tapahtumaan\\\/#primaryimage\",\"url\":\"https:\\\/\\\/i0.wp.com\\\/grifk-handball.com\\\/miehet\\\/wp-content\\\/uploads\\\/sites\\\/2\\\/2025\\\/04\\\/Grani-Handis-Run-100.png?fit=1536%2C634&ssl=1\",\"contentUrl\":\"https:\\\/\\\/i0.wp.com\\\/grifk-handball.com\\\/miehet\\\/wp-content\\\/uploads\\\/sites\\\/2\\\/2025\\\/04\\\/Grani-Handis-Run-100.png?fit=1536%2C634&ssl=1\",\"width\":1536,\"height\":634},{\"@type\":\"BreadcrumbList\",\"@id\":\"https:\\\/\\\/grifk-handball.com\\\/miehet\\\/uutiset\\\/lahde-mukaan-grani-handis-run-tapahtumaan\\\/#breadcrumb\",\"itemListElement\":[{\"@type\":\"ListItem\",\"position\":1,\"name\":\"Home\",\"item\":\"https:\\\/\\\/grifk-handball.com\\\/miehet\\\/etusivu-260109\\\/\"},{\"@type\":\"ListItem\",\"position\":2,\"name\":\"L\u00e4hde mukaan Grani Handis Run -tapahtumaan!\"}]},{\"@type\":\"WebSite\",\"@id\":\"https:\\\/\\\/grifk-handball.com\\\/miehet\\\/#website\",\"url\":\"https:\\\/\\\/grifk-handball.com\\\/miehet\\\/\",\"name\":\"GrIFK K\u00e4sipallo - miehet\",\"description\":\"BomBom!\",\"publisher\":{\"@id\":\"https:\\\/\\\/grifk-handball.com\\\/miehet\\\/#organization\"},\"potentialAction\":[{\"@type\":\"SearchAction\",\"target\":{\"@type\":\"EntryPoint\",\"urlTemplate\":\"https:\\\/\\\/grifk-handball.com\\\/miehet\\\/?s={search_term_string}\"},\"query-input\":{\"@type\":\"PropertyValueSpecification\",\"valueRequired\":true,\"valueName\":\"search_term_string\"}}],\"inLanguage\":\"fi\"},{\"@type\":\"Organization\",\"@id\":\"https:\\\/\\\/grifk-handball.com\\\/miehet\\\/#organization\",\"name\":\"GrIFK K\u00e4sipallo - miehet\",\"url\":\"https:\\\/\\\/grifk-handball.com\\\/miehet\\\/\",\"logo\":{\"@type\":\"ImageObject\",\"inLanguage\":\"fi\",\"@id\":\"https:\\\/\\\/grifk-handball.com\\\/miehet\\\/#\\\/schema\\\/logo\\\/image\\\/\",\"url\":\"https:\\\/\\\/i0.wp.com\\\/grifk-handball.com\\\/miehet\\\/wp-content\\\/uploads\\\/sites\\\/2\\\/2016\\\/10\\\/logo-grifk-iso.png?fit=1200%2C1400&ssl=1\",\"contentUrl\":\"https:\\\/\\\/i0.wp.com\\\/grifk-handball.com\\\/miehet\\\/wp-content\\\/uploads\\\/sites\\\/2\\\/2016\\\/10\\\/logo-grifk-iso.png?fit=1200%2C1400&ssl=1\",\"width\":1200,\"height\":1400,\"caption\":\"GrIFK K\u00e4sipallo - miehet\"},\"image\":{\"@id\":\"https:\\\/\\\/grifk-handball.com\\\/miehet\\\/#\\\/schema\\\/logo\\\/image\\\/\"},\"sameAs\":[\"https:\\\/\\\/www.facebook.com\\\/GrIFKelit\\\/\",\"https:\\\/\\\/x.com\\\/GrIFK_MSM\",\"https:\\\/\\\/www.instagram.com\\\/grifk_elit\\\/\"]},{\"@type\":\"Person\",\"@id\":\"https:\\\/\\\/grifk-handball.com\\\/miehet\\\/#\\\/schema\\\/person\\\/9da98c743e3f0f85a1b32f59241b48e0\",\"name\":\"granimaster\",\"image\":{\"@type\":\"ImageObject\",\"inLanguage\":\"fi\",\"@id\":\"https:\\\/\\\/secure.gravatar.com\\\/avatar\\\/034b8e6380fc659c320f13e17fe45bd9ab48a21e2debadd5f3179bde291949df?s=96&d=mm&r=g\",\"url\":\"https:\\\/\\\/secure.gravatar.com\\\/avatar\\\/034b8e6380fc659c320f13e17fe45bd9ab48a21e2debadd5f3179bde291949df?s=96&d=mm&r=g\",\"contentUrl\":\"https:\\\/\\\/secure.gravatar.com\\\/avatar\\\/034b8e6380fc659c320f13e17fe45bd9ab48a21e2debadd5f3179bde291949df?s=96&d=mm&r=g\",\"caption\":\"granimaster\"},\"url\":\"https:\\\/\\\/grifk-handball.com\\\/miehet\\\/author\\\/granimaster\\\/\"}]}<\/script>\n<!-- \/ Yoast SEO plugin. -->","yoast_head_json":{"title":"L\u00e4hde mukaan Grani Handis Run -tapahtumaan! &#8212; GrIFK K\u00e4sipallo - miehet","robots":{"index":"index","follow":"follow","max-snippet":"max-snippet:-1","max-image-preview":"max-image-preview:large","max-video-preview":"max-video-preview:-1"},"canonical":"https:\/\/grifk-handball.com\/miehet\/uutiset\/lahde-mukaan-grani-handis-run-tapahtumaan\/","og_locale":"fi_FI","og_type":"article","og_title":"L\u00e4hde mukaan Grani Handis Run -tapahtumaan! &#8212; GrIFK K\u00e4sipallo - miehet","og_description":"GrIFK K\u00e4sipallo j\u00e4rjest\u00e4\u00e4 juoksutapahtuman ja muuta hauskaa keskuskent\u00e4ll\u00e4 6.5.2025 klo 18:00 Grankulla IFK t\u00e4ytt\u00e4\u00e4 t\u00e4n\u00e4 vuonna 100 vuotta, ja t\u00e4m\u00e4n merkitt\u00e4v\u00e4n juhlan kunniaksi GrIFK K\u00e4sipallo j\u00e4rjest\u00e4\u00e4 juhlallisen Grani Handis RUN 100 -juoksutapahtuman tiistaina 6. toukokuuta kello 18.00. Tapahtuma on osa seuran juhlavuotta ja kunnianosoitus sen satavuotiselle historialle sek\u00e4 merkitykselle Kauniaisissa. GrIFK K\u00e4sipallo kutsuu kaikki mukaan [&hellip;]","og_url":"https:\/\/grifk-handball.com\/miehet\/uutiset\/lahde-mukaan-grani-handis-run-tapahtumaan\/","og_site_name":"GrIFK K\u00e4sipallo - miehet","article_publisher":"https:\/\/www.facebook.com\/GrIFKelit\/","article_published_time":"2025-04-03T10:10:31+00:00","article_modified_time":"2025-04-03T10:42:07+00:00","og_image":[{"width":1536,"height":634,"url":"http:\/\/grifk-handball.com\/miehet\/wp-content\/uploads\/sites\/2\/2025\/04\/Grani-Handis-Run-100.png","type":"image\/png"}],"author":"granimaster","twitter_card":"summary_large_image","twitter_creator":"@GrIFK_MSM","twitter_site":"@GrIFK_MSM","twitter_misc":{"Kirjoittanut":"granimaster"},"schema":{"@context":"https:\/\/schema.org","@graph":[{"@type":"Article","@id":"https:\/\/grifk-handball.com\/miehet\/uutiset\/lahde-mukaan-grani-handis-run-tapahtumaan\/#article","isPartOf":{"@id":"https:\/\/grifk-handball.com\/miehet\/uutiset\/lahde-mukaan-grani-handis-run-tapahtumaan\/"},"author":{"name":"granimaster","@id":"https:\/\/grifk-handball.com\/miehet\/#\/schema\/person\/9da98c743e3f0f85a1b32f59241b48e0"},"headline":"L\u00e4hde mukaan Grani Handis Run -tapahtumaan!","datePublished":"2025-04-03T10:10:31+00:00","dateModified":"2025-04-03T10:42:07+00:00","mainEntityOfPage":{"@id":"https:\/\/grifk-handball.com\/miehet\/uutiset\/lahde-mukaan-grani-handis-run-tapahtumaan\/"},"wordCount":330,"publisher":{"@id":"https:\/\/grifk-handball.com\/miehet\/#organization"},"image":{"@id":"https:\/\/grifk-handball.com\/miehet\/uutiset\/lahde-mukaan-grani-handis-run-tapahtumaan\/#primaryimage"},"thumbnailUrl":"https:\/\/i0.wp.com\/grifk-handball.com\/miehet\/wp-content\/uploads\/sites\/2\/2025\/04\/Grani-Handis-Run-100.png?fit=1536%2C634&ssl=1","keywords":["#BomBom","Grani Handis Run","GrIFK","Tapahtumat","Yhteis\u00f6llisyys"],"articleSection":["Uutiset"],"inLanguage":"fi"},{"@type":"WebPage","@id":"https:\/\/grifk-handball.com\/miehet\/uutiset\/lahde-mukaan-grani-handis-run-tapahtumaan\/","url":"https:\/\/grifk-handball.com\/miehet\/uutiset\/lahde-mukaan-grani-handis-run-tapahtumaan\/","name":"L\u00e4hde mukaan Grani Handis Run -tapahtumaan! &#8212; GrIFK K\u00e4sipallo - miehet","isPartOf":{"@id":"https:\/\/grifk-handball.com\/miehet\/#website"},"primaryImageOfPage":{"@id":"https:\/\/grifk-handball.com\/miehet\/uutiset\/lahde-mukaan-grani-handis-run-tapahtumaan\/#primaryimage"},"image":{"@id":"https:\/\/grifk-handball.com\/miehet\/uutiset\/lahde-mukaan-grani-handis-run-tapahtumaan\/#primaryimage"},"thumbnailUrl":"https:\/\/i0.wp.com\/grifk-handball.com\/miehet\/wp-content\/uploads\/sites\/2\/2025\/04\/Grani-Handis-Run-100.png?fit=1536%2C634&ssl=1","datePublished":"2025-04-03T10:10:31+00:00","dateModified":"2025-04-03T10:42:07+00:00","breadcrumb":{"@id":"https:\/\/grifk-handball.com\/miehet\/uutiset\/lahde-mukaan-grani-handis-run-tapahtumaan\/#breadcrumb"},"inLanguage":"fi","potentialAction":[{"@type":"ReadAction","target":["https:\/\/grifk-handball.com\/miehet\/uutiset\/lahde-mukaan-grani-handis-run-tapahtumaan\/"]}]},{"@type":"ImageObject","inLanguage":"fi","@id":"https:\/\/grifk-handball.com\/miehet\/uutiset\/lahde-mukaan-grani-handis-run-tapahtumaan\/#primaryimage","url":"https:\/\/i0.wp.com\/grifk-handball.com\/miehet\/wp-content\/uploads\/sites\/2\/2025\/04\/Grani-Handis-Run-100.png?fit=1536%2C634&ssl=1","contentUrl":"https:\/\/i0.wp.com\/grifk-handball.com\/miehet\/wp-content\/uploads\/sites\/2\/2025\/04\/Grani-Handis-Run-100.png?fit=1536%2C634&ssl=1","width":1536,"height":634},{"@type":"BreadcrumbList","@id":"https:\/\/grifk-handball.com\/miehet\/uutiset\/lahde-mukaan-grani-handis-run-tapahtumaan\/#breadcrumb","itemListElement":[{"@type":"ListItem","position":1,"name":"Home","item":"https:\/\/grifk-handball.com\/miehet\/etusivu-260109\/"},{"@type":"ListItem","position":2,"name":"L\u00e4hde mukaan Grani Handis Run -tapahtumaan!"}]},{"@type":"WebSite","@id":"https:\/\/grifk-handball.com\/miehet\/#website","url":"https:\/\/grifk-handball.com\/miehet\/","name":"GrIFK K\u00e4sipallo - miehet","description":"BomBom!","publisher":{"@id":"https:\/\/grifk-handball.com\/miehet\/#organization"},"potentialAction":[{"@type":"SearchAction","target":{"@type":"EntryPoint","urlTemplate":"https:\/\/grifk-handball.com\/miehet\/?s={search_term_string}"},"query-input":{"@type":"PropertyValueSpecification","valueRequired":true,"valueName":"search_term_string"}}],"inLanguage":"fi"},{"@type":"Organization","@id":"https:\/\/grifk-handball.com\/miehet\/#organization","name":"GrIFK K\u00e4sipallo - miehet","url":"https:\/\/grifk-handball.com\/miehet\/","logo":{"@type":"ImageObject","inLanguage":"fi","@id":"https:\/\/grifk-handball.com\/miehet\/#\/schema\/logo\/image\/","url":"https:\/\/i0.wp.com\/grifk-handball.com\/miehet\/wp-content\/uploads\/sites\/2\/2016\/10\/logo-grifk-iso.png?fit=1200%2C1400&ssl=1","contentUrl":"https:\/\/i0.wp.com\/grifk-handball.com\/miehet\/wp-content\/uploads\/sites\/2\/2016\/10\/logo-grifk-iso.png?fit=1200%2C1400&ssl=1","width":1200,"height":1400,"caption":"GrIFK K\u00e4sipallo - miehet"},"image":{"@id":"https:\/\/grifk-handball.com\/miehet\/#\/schema\/logo\/image\/"},"sameAs":["https:\/\/www.facebook.com\/GrIFKelit\/","https:\/\/x.com\/GrIFK_MSM","https:\/\/www.instagram.com\/grifk_elit\/"]},{"@type":"Person","@id":"https:\/\/grifk-handball.com\/miehet\/#\/schema\/person\/9da98c743e3f0f85a1b32f59241b48e0","name":"granimaster","image":{"@type":"ImageObject","inLanguage":"fi","@id":"https:\/\/secure.gravatar.com\/avatar\/034b8e6380fc659c320f13e17fe45bd9ab48a21e2debadd5f3179bde291949df?s=96&d=mm&r=g","url":"https:\/\/secure.gravatar.com\/avatar\/034b8e6380fc659c320f13e17fe45bd9ab48a21e2debadd5f3179bde291949df?s=96&d=mm&r=g","contentUrl":"https:\/\/secure.gravatar.com\/avatar\/034b8e6380fc659c320f13e17fe45bd9ab48a21e2debadd5f3179bde291949df?s=96&d=mm&r=g","caption":"granimaster"},"url":"https:\/\/grifk-handball.com\/miehet\/author\/granimaster\/"}]}},"jetpack_featured_media_url":"https:\/\/i0.wp.com\/grifk-handball.com\/miehet\/wp-content\/uploads\/sites\/2\/2025\/04\/Grani-Handis-Run-100.png?fit=1536%2C634&ssl=1","jetpack_shortlink":"https:\/\/wp.me\/p9jQ9a-gbI","_links":{"self":[{"href":"https:\/\/grifk-handball.com\/miehet\/wp-json\/wp\/v2\/posts\/62230","targetHints":{"allow":["GET"]}}],"collection":[{"href":"https:\/\/grifk-handball.com\/miehet\/wp-json\/wp\/v2\/posts"}],"about":[{"href":"https:\/\/grifk-handball.com\/miehet\/wp-json\/wp\/v2\/types\/post"}],"author":[{"embeddable":true,"href":"https:\/\/grifk-handball.com\/miehet\/wp-json\/wp\/v2\/users\/1"}],"replies":[{"embeddable":true,"href":"https:\/\/grifk-handball.com\/miehet\/wp-json\/wp\/v2\/comments?post=62230"}],"version-history":[{"count":12,"href":"https:\/\/grifk-handball.com\/miehet\/wp-json\/wp\/v2\/posts\/62230\/revisions"}],"predecessor-version":[{"id":62246,"href":"https:\/\/grifk-handball.com\/miehet\/wp-json\/wp\/v2\/posts\/62230\/revisions\/62246"}],"wp:featuredmedia":[{"embeddable":true,"href":"https:\/\/grifk-handball.com\/miehet\/wp-json\/wp\/v2\/media\/62249"}],"wp:attachment":[{"href":"https:\/\/grifk-handball.com\/miehet\/wp-json\/wp\/v2\/media?parent=62230"}],"wp:term":[{"taxonomy":"category","embeddable":true,"href":"https:\/\/grifk-handball.com\/miehet\/wp-json\/wp\/v2\/categories?post=62230"},{"taxonomy":"post_tag","embeddable":true,"href":"https:\/\/grifk-handball.com\/miehet\/wp-json\/wp\/v2\/tags?post=62230"}],"curies":[{"name":"wp","href":"https:\/\/api.w.org\/{rel}","templated":true}]}}