{"id":62250,"date":"2025-04-04T14:10:27","date_gmt":"2025-04-04T11:10:27","guid":{"rendered":"https:\/\/grifk-handball.com\/miehet\/?p=62250"},"modified":"2025-04-04T14:18:09","modified_gmt":"2025-04-04T11:18:09","slug":"grifk-ja-hifk-aktialiigan-pronssiotteluissa","status":"publish","type":"post","link":"https:\/\/grifk-handball.com\/miehet\/uutiset\/grifk-ja-hifk-aktialiigan-pronssiotteluissa\/","title":{"rendered":"GrIFK ja HIFK Aktialiigan pronssiotteluissa"},"content":{"rendered":"<p>Miesten Aktialiigassa pelataan loppukev\u00e4\u00e4st\u00e4 en\u00e4\u00e4 mitaliotteluita. V\u00e4lieriss\u00e4 sek\u00e4 BK-46 ett\u00e4 Cocks ottivat 3-0 otteluvoitot vastustajistaan HIFK:sta ja GrIFK:sta, ja kohtaavat nelj\u00e4nten\u00e4 vuonna putkeen finaaleissa. Viime mainitut pelaavat kaksiosaisen pronssiottelun, joka ratkaistaan eurocup-tyyliin kahden ottelun yhteistuloksella.<\/p>\n<p>GrIFK:lle pronssiottelut ovat viime vuosina tulleet jopa tuskallisen tutuksi. Kaudesta 2016\/17 l\u00e4htien nyt on edess\u00e4 jo kuudes pronssijahti. Mitalikestej\u00e4 Kauniaisissa on p\u00e4\u00e4sty j\u00e4rjest\u00e4m\u00e4\u00e4n 2017 ja 2023. HIFK jahtaa ensimm\u00e4ist\u00e4 SM-mitaliaan sitten kauden 1988\/89, jolloin se saavutti kolmannen per\u00e4kk\u00e4isen hopean. Viimeksi HIFK on n\u00e4hty mitalipeleiss\u00e4 kaudella 2018\/19, jolloin se h\u00e4visi pronssit SIF:lle vierasmaalis\u00e4\u00e4nn\u00f6n perusteella.<\/p>\n<p>Kauden 2025\/25 ensimm\u00e4inen pronssiottelu pelataan Helsingin Urheilutalossa tiistaina 8.4. kello 19:30, ja kausi p\u00e4\u00e4ttyy kotiluolassa lauantaina 12.4. kello 15 alkavaan peliin. GrIFK ja HIFK kohtasivat runkosarjassa nelj\u00e4sti varsin maalirikkaissa merkeiss\u00e4, Granin voitettua otteluista kolme ja yhden p\u00e4\u00e4tytty\u00e4 tasapeliin.<\/p>\n<h4>Aiemmin t\u00e4ll\u00e4 kaudella:<\/h4>\n<p>28.02.25 HIFK &#8211; GrIFK 26 &#8211; 30<br \/>\n22.01.25 GrIFK &#8211; HIFK 41 &#8211; 31<br \/>\n29.11.24 HIFK &#8211; GrIFK 28 &#8211; 34<br \/>\n11.10.24 GrIFK &#8211; HIFK 32 &#8211; 32<\/p>\n<p>BK-46 ja Cocks pelaavat Suomen mestaruudesta paras viidest\u00e4-systeemin mukaisen ottelusarjan, joka alkaa lauantaina 12.4. kello 18 Karjaalla. Mestarin nimi tiedet\u00e4\u00e4n viimeist\u00e4\u00e4n 26.4.<\/p>\n<div  class='avia-button-wrap av-m92oj31l-a69b6df7de6cc6602d99d951992739da-wrap avia-button-left  avia-builder-el-0  avia-builder-el-no-sibling '><a href='https:\/\/aktialiiga.fi\/miehet\/ajankohtaista\/miesten-aktialiigan-finaalien-ja-pronssiotteluiden-aikataulu\/'  class='avia-button av-m92oj31l-a69b6df7de6cc6602d99d951992739da av-link-btn avia-icon_select-no avia-size-large avia-position-left avia-color-theme-color'  target=\"_blank\"  rel=\"noopener noreferrer\"  aria-label=\"Miesten Aktialiigan finaalien ja pronssiotteluiden aikataulu\"><span class='avia_iconbox_title' >Miesten Aktialiigan finaalien ja pronssiotteluiden aikataulu<\/span><\/a><\/div>\n","protected":false},"excerpt":{"rendered":"<p>Miesten Aktialiigassa pelataan loppukev\u00e4\u00e4st\u00e4 en\u00e4\u00e4 mitaliotteluita. V\u00e4lieriss\u00e4 sek\u00e4 BK-46 ett\u00e4 Cocks ottivat 3-0 otteluvoitot vastustajistaan HIFK:sta ja GrIFK:sta, ja kohtaavat nelj\u00e4nten\u00e4 vuonna putkeen finaaleissa. Viime mainitut pelaavat kaksiosaisen pronssiottelun, joka ratkaistaan eurocup-tyyliin kahden ottelun yhteistuloksella. GrIFK:lle pronssiottelut ovat viime vuosina tulleet jopa tuskallisen tutuksi. Kaudesta 2016\/17 l\u00e4htien nyt on edess\u00e4 jo kuudes pronssijahti. Mitalikestej\u00e4 Kauniaisissa [&hellip;]<\/p>\n","protected":false},"author":1,"featured_media":62256,"comment_status":"closed","ping_status":"closed","sticky":false,"template":"","format":"standard","meta":{"_acf_changed":false,"footnotes":""},"categories":[7],"tags":[12,26,586,25,29,14],"class_list":["post-62250","post","type-post","status-publish","format-standard","has-post-thumbnail","hentry","category-uutiset","tag-bombom","tag-grifkhandball","tag-aktialiiga","tag-grifk","tag-hifk","tag-pronssiottelu"],"acf":[],"yoast_head":"<!-- This site is optimized with the Yoast SEO plugin v27.5 - https:\/\/yoast.com\/product\/yoast-seo-wordpress\/ -->\n<title>GrIFK ja HIFK Aktialiigan pronssiotteluissa &#8212; GrIFK K\u00e4sipallo - miehet<\/title>\n<meta name=\"robots\" content=\"index, follow, max-snippet:-1, max-image-preview:large, max-video-preview:-1\" \/>\n<link rel=\"canonical\" href=\"https:\/\/grifk-handball.com\/miehet\/uutiset\/grifk-ja-hifk-aktialiigan-pronssiotteluissa\/\" \/>\n<meta property=\"og:locale\" content=\"fi_FI\" \/>\n<meta property=\"og:type\" content=\"article\" \/>\n<meta property=\"og:title\" content=\"GrIFK ja HIFK Aktialiigan pronssiotteluissa &#8212; GrIFK K\u00e4sipallo - miehet\" \/>\n<meta property=\"og:description\" content=\"Miesten Aktialiigassa pelataan loppukev\u00e4\u00e4st\u00e4 en\u00e4\u00e4 mitaliotteluita. V\u00e4lieriss\u00e4 sek\u00e4 BK-46 ett\u00e4 Cocks ottivat 3-0 otteluvoitot vastustajistaan HIFK:sta ja GrIFK:sta, ja kohtaavat nelj\u00e4nten\u00e4 vuonna putkeen finaaleissa. Viime mainitut pelaavat kaksiosaisen pronssiottelun, joka ratkaistaan eurocup-tyyliin kahden ottelun yhteistuloksella. GrIFK:lle pronssiottelut ovat viime vuosina tulleet jopa tuskallisen tutuksi. Kaudesta 2016\/17 l\u00e4htien nyt on edess\u00e4 jo kuudes pronssijahti. Mitalikestej\u00e4 Kauniaisissa [&hellip;]\" \/>\n<meta property=\"og:url\" content=\"https:\/\/grifk-handball.com\/miehet\/uutiset\/grifk-ja-hifk-aktialiigan-pronssiotteluissa\/\" \/>\n<meta property=\"og:site_name\" content=\"GrIFK K\u00e4sipallo - miehet\" \/>\n<meta property=\"article:publisher\" content=\"https:\/\/www.facebook.com\/GrIFKelit\/\" \/>\n<meta property=\"article:published_time\" content=\"2025-04-04T11:10:27+00:00\" \/>\n<meta property=\"article:modified_time\" content=\"2025-04-04T11:18:09+00:00\" \/>\n<meta property=\"og:image\" content=\"http:\/\/grifk-handball.com\/miehet\/wp-content\/uploads\/sites\/2\/2025\/04\/B7A4763-scaled-e1743765003252.jpg\" \/>\n\t<meta property=\"og:image:width\" content=\"1548\" \/>\n\t<meta property=\"og:image:height\" content=\"1080\" \/>\n\t<meta property=\"og:image:type\" content=\"image\/jpeg\" \/>\n<meta name=\"author\" content=\"granimaster\" \/>\n<meta name=\"twitter:card\" content=\"summary_large_image\" \/>\n<meta name=\"twitter:creator\" content=\"@GrIFK_MSM\" \/>\n<meta name=\"twitter:site\" content=\"@GrIFK_MSM\" \/>\n<meta name=\"twitter:label1\" content=\"Kirjoittanut\" \/>\n\t<meta name=\"twitter:data1\" content=\"granimaster\" \/>\n<script type=\"application\/ld+json\" class=\"yoast-schema-graph\">{\"@context\":\"https:\\\/\\\/schema.org\",\"@graph\":[{\"@type\":\"Article\",\"@id\":\"https:\\\/\\\/grifk-handball.com\\\/miehet\\\/uutiset\\\/grifk-ja-hifk-aktialiigan-pronssiotteluissa\\\/#article\",\"isPartOf\":{\"@id\":\"https:\\\/\\\/grifk-handball.com\\\/miehet\\\/uutiset\\\/grifk-ja-hifk-aktialiigan-pronssiotteluissa\\\/\"},\"author\":{\"name\":\"granimaster\",\"@id\":\"https:\\\/\\\/grifk-handball.com\\\/miehet\\\/#\\\/schema\\\/person\\\/9da98c743e3f0f85a1b32f59241b48e0\"},\"headline\":\"GrIFK ja HIFK Aktialiigan pronssiotteluissa\",\"datePublished\":\"2025-04-04T11:10:27+00:00\",\"dateModified\":\"2025-04-04T11:18:09+00:00\",\"mainEntityOfPage\":{\"@id\":\"https:\\\/\\\/grifk-handball.com\\\/miehet\\\/uutiset\\\/grifk-ja-hifk-aktialiigan-pronssiotteluissa\\\/\"},\"wordCount\":457,\"publisher\":{\"@id\":\"https:\\\/\\\/grifk-handball.com\\\/miehet\\\/#organization\"},\"image\":{\"@id\":\"https:\\\/\\\/grifk-handball.com\\\/miehet\\\/uutiset\\\/grifk-ja-hifk-aktialiigan-pronssiotteluissa\\\/#primaryimage\"},\"thumbnailUrl\":\"https:\\\/\\\/i0.wp.com\\\/grifk-handball.com\\\/miehet\\\/wp-content\\\/uploads\\\/sites\\\/2\\\/2025\\\/04\\\/B7A4763-scaled-e1743765003252.jpg?fit=1548%2C1080&ssl=1\",\"keywords\":[\"#BomBom\",\"#GrIFKHandball\",\"Aktialiiga\",\"GrIFK\",\"HIFK\",\"Pronssiottelu\"],\"articleSection\":[\"Uutiset\"],\"inLanguage\":\"fi\"},{\"@type\":\"WebPage\",\"@id\":\"https:\\\/\\\/grifk-handball.com\\\/miehet\\\/uutiset\\\/grifk-ja-hifk-aktialiigan-pronssiotteluissa\\\/\",\"url\":\"https:\\\/\\\/grifk-handball.com\\\/miehet\\\/uutiset\\\/grifk-ja-hifk-aktialiigan-pronssiotteluissa\\\/\",\"name\":\"GrIFK ja HIFK Aktialiigan pronssiotteluissa &#8212; GrIFK K\u00e4sipallo - miehet\",\"isPartOf\":{\"@id\":\"https:\\\/\\\/grifk-handball.com\\\/miehet\\\/#website\"},\"primaryImageOfPage\":{\"@id\":\"https:\\\/\\\/grifk-handball.com\\\/miehet\\\/uutiset\\\/grifk-ja-hifk-aktialiigan-pronssiotteluissa\\\/#primaryimage\"},\"image\":{\"@id\":\"https:\\\/\\\/grifk-handball.com\\\/miehet\\\/uutiset\\\/grifk-ja-hifk-aktialiigan-pronssiotteluissa\\\/#primaryimage\"},\"thumbnailUrl\":\"https:\\\/\\\/i0.wp.com\\\/grifk-handball.com\\\/miehet\\\/wp-content\\\/uploads\\\/sites\\\/2\\\/2025\\\/04\\\/B7A4763-scaled-e1743765003252.jpg?fit=1548%2C1080&ssl=1\",\"datePublished\":\"2025-04-04T11:10:27+00:00\",\"dateModified\":\"2025-04-04T11:18:09+00:00\",\"breadcrumb\":{\"@id\":\"https:\\\/\\\/grifk-handball.com\\\/miehet\\\/uutiset\\\/grifk-ja-hifk-aktialiigan-pronssiotteluissa\\\/#breadcrumb\"},\"inLanguage\":\"fi\",\"potentialAction\":[{\"@type\":\"ReadAction\",\"target\":[\"https:\\\/\\\/grifk-handball.com\\\/miehet\\\/uutiset\\\/grifk-ja-hifk-aktialiigan-pronssiotteluissa\\\/\"]}]},{\"@type\":\"ImageObject\",\"inLanguage\":\"fi\",\"@id\":\"https:\\\/\\\/grifk-handball.com\\\/miehet\\\/uutiset\\\/grifk-ja-hifk-aktialiigan-pronssiotteluissa\\\/#primaryimage\",\"url\":\"https:\\\/\\\/i0.wp.com\\\/grifk-handball.com\\\/miehet\\\/wp-content\\\/uploads\\\/sites\\\/2\\\/2025\\\/04\\\/B7A4763-scaled-e1743765003252.jpg?fit=1548%2C1080&ssl=1\",\"contentUrl\":\"https:\\\/\\\/i0.wp.com\\\/grifk-handball.com\\\/miehet\\\/wp-content\\\/uploads\\\/sites\\\/2\\\/2025\\\/04\\\/B7A4763-scaled-e1743765003252.jpg?fit=1548%2C1080&ssl=1\",\"width\":1548,\"height\":1080},{\"@type\":\"BreadcrumbList\",\"@id\":\"https:\\\/\\\/grifk-handball.com\\\/miehet\\\/uutiset\\\/grifk-ja-hifk-aktialiigan-pronssiotteluissa\\\/#breadcrumb\",\"itemListElement\":[{\"@type\":\"ListItem\",\"position\":1,\"name\":\"Home\",\"item\":\"https:\\\/\\\/grifk-handball.com\\\/miehet\\\/etusivu-260109\\\/\"},{\"@type\":\"ListItem\",\"position\":2,\"name\":\"GrIFK ja HIFK Aktialiigan pronssiotteluissa\"}]},{\"@type\":\"WebSite\",\"@id\":\"https:\\\/\\\/grifk-handball.com\\\/miehet\\\/#website\",\"url\":\"https:\\\/\\\/grifk-handball.com\\\/miehet\\\/\",\"name\":\"GrIFK K\u00e4sipallo - miehet\",\"description\":\"BomBom!\",\"publisher\":{\"@id\":\"https:\\\/\\\/grifk-handball.com\\\/miehet\\\/#organization\"},\"potentialAction\":[{\"@type\":\"SearchAction\",\"target\":{\"@type\":\"EntryPoint\",\"urlTemplate\":\"https:\\\/\\\/grifk-handball.com\\\/miehet\\\/?s={search_term_string}\"},\"query-input\":{\"@type\":\"PropertyValueSpecification\",\"valueRequired\":true,\"valueName\":\"search_term_string\"}}],\"inLanguage\":\"fi\"},{\"@type\":\"Organization\",\"@id\":\"https:\\\/\\\/grifk-handball.com\\\/miehet\\\/#organization\",\"name\":\"GrIFK K\u00e4sipallo - miehet\",\"url\":\"https:\\\/\\\/grifk-handball.com\\\/miehet\\\/\",\"logo\":{\"@type\":\"ImageObject\",\"inLanguage\":\"fi\",\"@id\":\"https:\\\/\\\/grifk-handball.com\\\/miehet\\\/#\\\/schema\\\/logo\\\/image\\\/\",\"url\":\"https:\\\/\\\/i0.wp.com\\\/grifk-handball.com\\\/miehet\\\/wp-content\\\/uploads\\\/sites\\\/2\\\/2016\\\/10\\\/logo-grifk-iso.png?fit=1200%2C1400&ssl=1\",\"contentUrl\":\"https:\\\/\\\/i0.wp.com\\\/grifk-handball.com\\\/miehet\\\/wp-content\\\/uploads\\\/sites\\\/2\\\/2016\\\/10\\\/logo-grifk-iso.png?fit=1200%2C1400&ssl=1\",\"width\":1200,\"height\":1400,\"caption\":\"GrIFK K\u00e4sipallo - miehet\"},\"image\":{\"@id\":\"https:\\\/\\\/grifk-handball.com\\\/miehet\\\/#\\\/schema\\\/logo\\\/image\\\/\"},\"sameAs\":[\"https:\\\/\\\/www.facebook.com\\\/GrIFKelit\\\/\",\"https:\\\/\\\/x.com\\\/GrIFK_MSM\",\"https:\\\/\\\/www.instagram.com\\\/grifk_elit\\\/\"]},{\"@type\":\"Person\",\"@id\":\"https:\\\/\\\/grifk-handball.com\\\/miehet\\\/#\\\/schema\\\/person\\\/9da98c743e3f0f85a1b32f59241b48e0\",\"name\":\"granimaster\",\"image\":{\"@type\":\"ImageObject\",\"inLanguage\":\"fi\",\"@id\":\"https:\\\/\\\/secure.gravatar.com\\\/avatar\\\/034b8e6380fc659c320f13e17fe45bd9ab48a21e2debadd5f3179bde291949df?s=96&d=mm&r=g\",\"url\":\"https:\\\/\\\/secure.gravatar.com\\\/avatar\\\/034b8e6380fc659c320f13e17fe45bd9ab48a21e2debadd5f3179bde291949df?s=96&d=mm&r=g\",\"contentUrl\":\"https:\\\/\\\/secure.gravatar.com\\\/avatar\\\/034b8e6380fc659c320f13e17fe45bd9ab48a21e2debadd5f3179bde291949df?s=96&d=mm&r=g\",\"caption\":\"granimaster\"},\"url\":\"https:\\\/\\\/grifk-handball.com\\\/miehet\\\/author\\\/granimaster\\\/\"}]}<\/script>\n<!-- \/ Yoast SEO plugin. -->","yoast_head_json":{"title":"GrIFK ja HIFK Aktialiigan pronssiotteluissa &#8212; GrIFK K\u00e4sipallo - miehet","robots":{"index":"index","follow":"follow","max-snippet":"max-snippet:-1","max-image-preview":"max-image-preview:large","max-video-preview":"max-video-preview:-1"},"canonical":"https:\/\/grifk-handball.com\/miehet\/uutiset\/grifk-ja-hifk-aktialiigan-pronssiotteluissa\/","og_locale":"fi_FI","og_type":"article","og_title":"GrIFK ja HIFK Aktialiigan pronssiotteluissa &#8212; GrIFK K\u00e4sipallo - miehet","og_description":"Miesten Aktialiigassa pelataan loppukev\u00e4\u00e4st\u00e4 en\u00e4\u00e4 mitaliotteluita. V\u00e4lieriss\u00e4 sek\u00e4 BK-46 ett\u00e4 Cocks ottivat 3-0 otteluvoitot vastustajistaan HIFK:sta ja GrIFK:sta, ja kohtaavat nelj\u00e4nten\u00e4 vuonna putkeen finaaleissa. Viime mainitut pelaavat kaksiosaisen pronssiottelun, joka ratkaistaan eurocup-tyyliin kahden ottelun yhteistuloksella. GrIFK:lle pronssiottelut ovat viime vuosina tulleet jopa tuskallisen tutuksi. Kaudesta 2016\/17 l\u00e4htien nyt on edess\u00e4 jo kuudes pronssijahti. Mitalikestej\u00e4 Kauniaisissa [&hellip;]","og_url":"https:\/\/grifk-handball.com\/miehet\/uutiset\/grifk-ja-hifk-aktialiigan-pronssiotteluissa\/","og_site_name":"GrIFK K\u00e4sipallo - miehet","article_publisher":"https:\/\/www.facebook.com\/GrIFKelit\/","article_published_time":"2025-04-04T11:10:27+00:00","article_modified_time":"2025-04-04T11:18:09+00:00","og_image":[{"width":1548,"height":1080,"url":"http:\/\/grifk-handball.com\/miehet\/wp-content\/uploads\/sites\/2\/2025\/04\/B7A4763-scaled-e1743765003252.jpg","type":"image\/jpeg"}],"author":"granimaster","twitter_card":"summary_large_image","twitter_creator":"@GrIFK_MSM","twitter_site":"@GrIFK_MSM","twitter_misc":{"Kirjoittanut":"granimaster"},"schema":{"@context":"https:\/\/schema.org","@graph":[{"@type":"Article","@id":"https:\/\/grifk-handball.com\/miehet\/uutiset\/grifk-ja-hifk-aktialiigan-pronssiotteluissa\/#article","isPartOf":{"@id":"https:\/\/grifk-handball.com\/miehet\/uutiset\/grifk-ja-hifk-aktialiigan-pronssiotteluissa\/"},"author":{"name":"granimaster","@id":"https:\/\/grifk-handball.com\/miehet\/#\/schema\/person\/9da98c743e3f0f85a1b32f59241b48e0"},"headline":"GrIFK ja HIFK Aktialiigan pronssiotteluissa","datePublished":"2025-04-04T11:10:27+00:00","dateModified":"2025-04-04T11:18:09+00:00","mainEntityOfPage":{"@id":"https:\/\/grifk-handball.com\/miehet\/uutiset\/grifk-ja-hifk-aktialiigan-pronssiotteluissa\/"},"wordCount":457,"publisher":{"@id":"https:\/\/grifk-handball.com\/miehet\/#organization"},"image":{"@id":"https:\/\/grifk-handball.com\/miehet\/uutiset\/grifk-ja-hifk-aktialiigan-pronssiotteluissa\/#primaryimage"},"thumbnailUrl":"https:\/\/i0.wp.com\/grifk-handball.com\/miehet\/wp-content\/uploads\/sites\/2\/2025\/04\/B7A4763-scaled-e1743765003252.jpg?fit=1548%2C1080&ssl=1","keywords":["#BomBom","#GrIFKHandball","Aktialiiga","GrIFK","HIFK","Pronssiottelu"],"articleSection":["Uutiset"],"inLanguage":"fi"},{"@type":"WebPage","@id":"https:\/\/grifk-handball.com\/miehet\/uutiset\/grifk-ja-hifk-aktialiigan-pronssiotteluissa\/","url":"https:\/\/grifk-handball.com\/miehet\/uutiset\/grifk-ja-hifk-aktialiigan-pronssiotteluissa\/","name":"GrIFK ja HIFK Aktialiigan pronssiotteluissa &#8212; GrIFK K\u00e4sipallo - miehet","isPartOf":{"@id":"https:\/\/grifk-handball.com\/miehet\/#website"},"primaryImageOfPage":{"@id":"https:\/\/grifk-handball.com\/miehet\/uutiset\/grifk-ja-hifk-aktialiigan-pronssiotteluissa\/#primaryimage"},"image":{"@id":"https:\/\/grifk-handball.com\/miehet\/uutiset\/grifk-ja-hifk-aktialiigan-pronssiotteluissa\/#primaryimage"},"thumbnailUrl":"https:\/\/i0.wp.com\/grifk-handball.com\/miehet\/wp-content\/uploads\/sites\/2\/2025\/04\/B7A4763-scaled-e1743765003252.jpg?fit=1548%2C1080&ssl=1","datePublished":"2025-04-04T11:10:27+00:00","dateModified":"2025-04-04T11:18:09+00:00","breadcrumb":{"@id":"https:\/\/grifk-handball.com\/miehet\/uutiset\/grifk-ja-hifk-aktialiigan-pronssiotteluissa\/#breadcrumb"},"inLanguage":"fi","potentialAction":[{"@type":"ReadAction","target":["https:\/\/grifk-handball.com\/miehet\/uutiset\/grifk-ja-hifk-aktialiigan-pronssiotteluissa\/"]}]},{"@type":"ImageObject","inLanguage":"fi","@id":"https:\/\/grifk-handball.com\/miehet\/uutiset\/grifk-ja-hifk-aktialiigan-pronssiotteluissa\/#primaryimage","url":"https:\/\/i0.wp.com\/grifk-handball.com\/miehet\/wp-content\/uploads\/sites\/2\/2025\/04\/B7A4763-scaled-e1743765003252.jpg?fit=1548%2C1080&ssl=1","contentUrl":"https:\/\/i0.wp.com\/grifk-handball.com\/miehet\/wp-content\/uploads\/sites\/2\/2025\/04\/B7A4763-scaled-e1743765003252.jpg?fit=1548%2C1080&ssl=1","width":1548,"height":1080},{"@type":"BreadcrumbList","@id":"https:\/\/grifk-handball.com\/miehet\/uutiset\/grifk-ja-hifk-aktialiigan-pronssiotteluissa\/#breadcrumb","itemListElement":[{"@type":"ListItem","position":1,"name":"Home","item":"https:\/\/grifk-handball.com\/miehet\/etusivu-260109\/"},{"@type":"ListItem","position":2,"name":"GrIFK ja HIFK Aktialiigan pronssiotteluissa"}]},{"@type":"WebSite","@id":"https:\/\/grifk-handball.com\/miehet\/#website","url":"https:\/\/grifk-handball.com\/miehet\/","name":"GrIFK K\u00e4sipallo - miehet","description":"BomBom!","publisher":{"@id":"https:\/\/grifk-handball.com\/miehet\/#organization"},"potentialAction":[{"@type":"SearchAction","target":{"@type":"EntryPoint","urlTemplate":"https:\/\/grifk-handball.com\/miehet\/?s={search_term_string}"},"query-input":{"@type":"PropertyValueSpecification","valueRequired":true,"valueName":"search_term_string"}}],"inLanguage":"fi"},{"@type":"Organization","@id":"https:\/\/grifk-handball.com\/miehet\/#organization","name":"GrIFK K\u00e4sipallo - miehet","url":"https:\/\/grifk-handball.com\/miehet\/","logo":{"@type":"ImageObject","inLanguage":"fi","@id":"https:\/\/grifk-handball.com\/miehet\/#\/schema\/logo\/image\/","url":"https:\/\/i0.wp.com\/grifk-handball.com\/miehet\/wp-content\/uploads\/sites\/2\/2016\/10\/logo-grifk-iso.png?fit=1200%2C1400&ssl=1","contentUrl":"https:\/\/i0.wp.com\/grifk-handball.com\/miehet\/wp-content\/uploads\/sites\/2\/2016\/10\/logo-grifk-iso.png?fit=1200%2C1400&ssl=1","width":1200,"height":1400,"caption":"GrIFK K\u00e4sipallo - miehet"},"image":{"@id":"https:\/\/grifk-handball.com\/miehet\/#\/schema\/logo\/image\/"},"sameAs":["https:\/\/www.facebook.com\/GrIFKelit\/","https:\/\/x.com\/GrIFK_MSM","https:\/\/www.instagram.com\/grifk_elit\/"]},{"@type":"Person","@id":"https:\/\/grifk-handball.com\/miehet\/#\/schema\/person\/9da98c743e3f0f85a1b32f59241b48e0","name":"granimaster","image":{"@type":"ImageObject","inLanguage":"fi","@id":"https:\/\/secure.gravatar.com\/avatar\/034b8e6380fc659c320f13e17fe45bd9ab48a21e2debadd5f3179bde291949df?s=96&d=mm&r=g","url":"https:\/\/secure.gravatar.com\/avatar\/034b8e6380fc659c320f13e17fe45bd9ab48a21e2debadd5f3179bde291949df?s=96&d=mm&r=g","contentUrl":"https:\/\/secure.gravatar.com\/avatar\/034b8e6380fc659c320f13e17fe45bd9ab48a21e2debadd5f3179bde291949df?s=96&d=mm&r=g","caption":"granimaster"},"url":"https:\/\/grifk-handball.com\/miehet\/author\/granimaster\/"}]}},"jetpack_featured_media_url":"https:\/\/i0.wp.com\/grifk-handball.com\/miehet\/wp-content\/uploads\/sites\/2\/2025\/04\/B7A4763-scaled-e1743765003252.jpg?fit=1548%2C1080&ssl=1","jetpack_shortlink":"https:\/\/wp.me\/p9jQ9a-gc2","_links":{"self":[{"href":"https:\/\/grifk-handball.com\/miehet\/wp-json\/wp\/v2\/posts\/62250","targetHints":{"allow":["GET"]}}],"collection":[{"href":"https:\/\/grifk-handball.com\/miehet\/wp-json\/wp\/v2\/posts"}],"about":[{"href":"https:\/\/grifk-handball.com\/miehet\/wp-json\/wp\/v2\/types\/post"}],"author":[{"embeddable":true,"href":"https:\/\/grifk-handball.com\/miehet\/wp-json\/wp\/v2\/users\/1"}],"replies":[{"embeddable":true,"href":"https:\/\/grifk-handball.com\/miehet\/wp-json\/wp\/v2\/comments?post=62250"}],"version-history":[{"count":10,"href":"https:\/\/grifk-handball.com\/miehet\/wp-json\/wp\/v2\/posts\/62250\/revisions"}],"predecessor-version":[{"id":62257,"href":"https:\/\/grifk-handball.com\/miehet\/wp-json\/wp\/v2\/posts\/62250\/revisions\/62257"}],"wp:featuredmedia":[{"embeddable":true,"href":"https:\/\/grifk-handball.com\/miehet\/wp-json\/wp\/v2\/media\/62256"}],"wp:attachment":[{"href":"https:\/\/grifk-handball.com\/miehet\/wp-json\/wp\/v2\/media?parent=62250"}],"wp:term":[{"taxonomy":"category","embeddable":true,"href":"https:\/\/grifk-handball.com\/miehet\/wp-json\/wp\/v2\/categories?post=62250"},{"taxonomy":"post_tag","embeddable":true,"href":"https:\/\/grifk-handball.com\/miehet\/wp-json\/wp\/v2\/tags?post=62250"}],"curies":[{"name":"wp","href":"https:\/\/api.w.org\/{rel}","templated":true}]}}