{"id":63117,"date":"2026-09-03T22:59:11","date_gmt":"2026-09-03T19:59:11","guid":{"rendered":"https:\/\/grifk-handball.com\/miehet\/?p=63117"},"modified":"2026-09-03T22:59:11","modified_gmt":"2026-09-03T19:59:11","slug":"ensimmainen-taistelu-grani-avaa-kauden-kotiluolassa","status":"publish","type":"post","link":"https:\/\/grifk-handball.com\/miehet\/uutiset\/ensimmainen-taistelu-grani-avaa-kauden-kotiluolassa\/","title":{"rendered":"Ensimm\u00e4inen taistelu \u2013 Grani avaa kauden kotiluolassa"},"content":{"rendered":"<p>Lauantaina avataan uusi kausi Luolassa, kun <strong>GrIFK Elit<\/strong> kohtaa <strong>EIF:n<\/strong> kotona klo 17.30. Joukkueet kohtasivat muutama viikko sitten harjoitusottelussa, josta Grani nappasi voiton, mutta kauden avaus on t\u00e4ysin eri tarina. Viime kaudella tammisaarelaiset veikattiin sarjan h\u00e4nnille, mutta he ottivat Aktialiigassa ensimm\u00e4isen p\u00e4\u00e4nahkansa juuri Granin kustannuksella \u2013 muistutus siit\u00e4, ett\u00e4 EIF:\u00e4\u00e4 ei saa miss\u00e4\u00e4n nimess\u00e4 aliarvioida. Joukkue on my\u00f6s vahvistunut ja ennen kaikkea Hagmanin\u2011serkukset ovat vaarallisia tilanteessa kuin tilanteessa ja laittavat verkot t\u00f6tter\u00f6lle aina paikan tullen.<\/p>\n<p>Granin on onnistuttava ennen kaikkea <span tabindex=\"0\" role=\"button\" data-url=\"ca:\/\/s?q=Kerro_puolustuksen_tiiviydest%C3%A4\">puolustuksen tiiviiss\u00e4 yhteisty\u00f6ss\u00e4<\/span> maalivahtien kanssa, jos kaksi pistett\u00e4 halutaan pit\u00e4\u00e4 Kauniaisissa. EIF:n vahvistunut hy\u00f6kk\u00e4ys ja Hagmanien ratkaisukyky vaativat kurinalaista ty\u00f6ntekoa, oikea\u2011aikaista kontaktia ja maalivahtien tukea, jotta vieraat eiv\u00e4t p\u00e4\u00e4se vauhtiin. Hy\u00f6kk\u00e4ysp\u00e4\u00e4ss\u00e4 Grani haluaa selke\u00e4\u00e4 <span tabindex=\"0\" role=\"button\" data-url=\"ca:\/\/s?q=Kerro_hy%C3%B6kk%C3%A4yspelin_temposta\">pelitempon nostoa<\/span>, sill\u00e4 joukkueella on t\u00e4ll\u00e4 kaudella aivan eri tavalla leveytt\u00e4 pakistossa kuin viime vuonna. Laajuus mahdollistaa nopeammat tilanteenvaihdot, ter\u00e4v\u00e4mm\u00e4t reagoinnit ja tehokkaammat kent\u00e4nylitykset, jotka ovat avain EIF:n puolustuksen murtamiseen.<\/p>\n<p>Ottelun kannalta ratkaisevaa on, ett\u00e4 Grani pysyy tiiviin\u00e4 ja iskee silloin, kun paikka tulee. <span tabindex=\"0\" role=\"button\" data-url=\"ca:\/\/s?q=Kerro_ratkaisujen_tehokkuudesta\">Ratkaisujen tehokkuus<\/span> ja pallonhallinta paineen alla m\u00e4\u00e4ritt\u00e4v\u00e4t, j\u00e4\u00e4v\u00e4tk\u00f6 pisteet Luolaan. Jos hy\u00f6kk\u00e4ys onnistuu viimeistelem\u00e4\u00e4n laadukkaasti ja puolustus pit\u00e4\u00e4 EIF:n kurissa, kauden avaus voi p\u00e4\u00e4tty\u00e4 juuri niin kuin kotiyleis\u00f6 toivoo \u2013 vahvaan starttiin ja kahteen pisteeseen.<\/p>\n<p>Kauden avaus on aina erityinen: uusi alku, uudet mahdollisuudet ja uusi tarina. Lauantaina n\u00e4hd\u00e4\u00e4n, mill\u00e4 identiteetill\u00e4 Grani aloittaa matkansa kohti kauden tavoitteita.<\/p>\n<p>\ud83d\udc9a <strong>GrIFK Elit \u2013 EIF<\/strong><br \/>\n\ud83d\udccd Kauniaisten Luola<br \/>\n\ud83d\uddd3 Lauantai 5.9<br \/>\n\u23f0 <strong>17.30<\/strong><\/p>\n","protected":false},"excerpt":{"rendered":"<p>Lauantaina avataan uusi kausi Luolassa, kun GrIFK Elit kohtaa EIF:n kotona klo 17.30. Joukkueet kohtasivat muutama viikko sitten harjoitusottelussa, josta Grani nappasi voiton, mutta kauden avaus on t\u00e4ysin eri tarina. Viime kaudella tammisaarelaiset veikattiin sarjan h\u00e4nnille, mutta he ottivat Aktialiigassa ensimm\u00e4isen p\u00e4\u00e4nahkansa juuri Granin kustannuksella \u2013 muistutus siit\u00e4, ett\u00e4 EIF:\u00e4\u00e4 ei saa miss\u00e4\u00e4n nimess\u00e4 aliarvioida. [&hellip;]<\/p>\n","protected":false},"author":13,"featured_media":62389,"comment_status":"closed","ping_status":"closed","sticky":false,"template":"","format":"standard","meta":{"_acf_changed":false,"footnotes":"","_members_access_role":[],"_members_access_error":""},"categories":[7],"tags":[],"class_list":["post-63117","post","type-post","status-publish","format-standard","has-post-thumbnail","hentry","category-uutiset"],"acf":[],"yoast_head":"<!-- This site is optimized with the Yoast SEO plugin v28.4 - https:\/\/yoast.com\/product\/yoast-seo-wordpress\/ -->\n<title>Ensimm\u00e4inen taistelu \u2013 Grani avaa kauden kotiluolassa &#8212; GrIFK K\u00e4sipallo - miehet<\/title>\n<meta name=\"robots\" content=\"index, follow, max-snippet:-1, max-image-preview:large, max-video-preview:-1\" \/>\n<link rel=\"canonical\" href=\"https:\/\/grifk-handball.com\/miehet\/uutiset\/ensimmainen-taistelu-grani-avaa-kauden-kotiluolassa\/\" \/>\n<meta property=\"og:locale\" content=\"fi_FI\" \/>\n<meta property=\"og:type\" content=\"article\" \/>\n<meta property=\"og:title\" content=\"Ensimm\u00e4inen taistelu \u2013 Grani avaa kauden kotiluolassa &#8212; GrIFK K\u00e4sipallo - miehet\" \/>\n<meta property=\"og:description\" content=\"Lauantaina avataan uusi kausi Luolassa, kun GrIFK Elit kohtaa EIF:n kotona klo 17.30. Joukkueet kohtasivat muutama viikko sitten harjoitusottelussa, josta Grani nappasi voiton, mutta kauden avaus on t\u00e4ysin eri tarina. Viime kaudella tammisaarelaiset veikattiin sarjan h\u00e4nnille, mutta he ottivat Aktialiigassa ensimm\u00e4isen p\u00e4\u00e4nahkansa juuri Granin kustannuksella \u2013 muistutus siit\u00e4, ett\u00e4 EIF:\u00e4\u00e4 ei saa miss\u00e4\u00e4n nimess\u00e4 aliarvioida. [&hellip;]\" \/>\n<meta property=\"og:url\" content=\"https:\/\/grifk-handball.com\/miehet\/uutiset\/ensimmainen-taistelu-grani-avaa-kauden-kotiluolassa\/\" \/>\n<meta property=\"og:site_name\" content=\"GrIFK K\u00e4sipallo - miehet\" \/>\n<meta property=\"article:publisher\" content=\"https:\/\/www.facebook.com\/GrIFKelit\/\" \/>\n<meta property=\"article:published_time\" content=\"2026-09-03T19:59:11+00:00\" \/>\n<meta property=\"og:image\" content=\"http:\/\/grifk-handball.com\/miehet\/wp-content\/uploads\/sites\/2\/2025\/05\/Grankulla-IFK-100-vuotta1-scaled-e1748011917274.png\" \/>\n\t<meta property=\"og:image:width\" content=\"2560\" \/>\n\t<meta property=\"og:image:height\" content=\"1063\" \/>\n\t<meta property=\"og:image:type\" content=\"image\/png\" \/>\n<meta name=\"author\" content=\"toppe\" \/>\n<meta name=\"twitter:card\" content=\"summary_large_image\" \/>\n<meta name=\"twitter:creator\" content=\"@GrIFK_MSM\" \/>\n<meta name=\"twitter:site\" content=\"@GrIFK_MSM\" \/>\n<meta name=\"twitter:label1\" content=\"Kirjoittanut\" \/>\n\t<meta name=\"twitter:data1\" content=\"toppe\" \/>\n\t<meta name=\"twitter:label2\" content=\"Arvioitu lukuaika\" \/>\n\t<meta name=\"twitter:data2\" content=\"2 minuuttia\" \/>\n<script type=\"application\/ld+json\" class=\"yoast-schema-graph\">{\"@context\":\"https:\\\/\\\/schema.org\",\"@graph\":[{\"@type\":\"Article\",\"@id\":\"https:\\\/\\\/grifk-handball.com\\\/miehet\\\/uutiset\\\/ensimmainen-taistelu-grani-avaa-kauden-kotiluolassa\\\/#article\",\"isPartOf\":{\"@id\":\"https:\\\/\\\/grifk-handball.com\\\/miehet\\\/uutiset\\\/ensimmainen-taistelu-grani-avaa-kauden-kotiluolassa\\\/\"},\"author\":{\"name\":\"toppe\",\"@id\":\"https:\\\/\\\/grifk-handball.com\\\/miehet\\\/#\\\/schema\\\/person\\\/b49f0c539a0223502c21fd0f99dd7729\"},\"headline\":\"Ensimm\u00e4inen taistelu \u2013 Grani avaa kauden kotiluolassa\",\"datePublished\":\"2026-09-03T19:59:11+00:00\",\"mainEntityOfPage\":{\"@id\":\"https:\\\/\\\/grifk-handball.com\\\/miehet\\\/uutiset\\\/ensimmainen-taistelu-grani-avaa-kauden-kotiluolassa\\\/\"},\"wordCount\":264,\"publisher\":{\"@id\":\"https:\\\/\\\/grifk-handball.com\\\/miehet\\\/#organization\"},\"image\":{\"@id\":\"https:\\\/\\\/grifk-handball.com\\\/miehet\\\/uutiset\\\/ensimmainen-taistelu-grani-avaa-kauden-kotiluolassa\\\/#primaryimage\"},\"thumbnailUrl\":\"https:\\\/\\\/i0.wp.com\\\/grifk-handball.com\\\/miehet\\\/wp-content\\\/uploads\\\/sites\\\/2\\\/2025\\\/05\\\/Grankulla-IFK-100-vuotta1-scaled-e1748011917274.png?fit=2560%2C1063&ssl=1\",\"articleSection\":[\"Uutiset\"],\"inLanguage\":\"fi\"},{\"@type\":\"WebPage\",\"@id\":\"https:\\\/\\\/grifk-handball.com\\\/miehet\\\/uutiset\\\/ensimmainen-taistelu-grani-avaa-kauden-kotiluolassa\\\/\",\"url\":\"https:\\\/\\\/grifk-handball.com\\\/miehet\\\/uutiset\\\/ensimmainen-taistelu-grani-avaa-kauden-kotiluolassa\\\/\",\"name\":\"Ensimm\u00e4inen taistelu \u2013 Grani avaa kauden kotiluolassa &#8212; GrIFK K\u00e4sipallo - miehet\",\"isPartOf\":{\"@id\":\"https:\\\/\\\/grifk-handball.com\\\/miehet\\\/#website\"},\"primaryImageOfPage\":{\"@id\":\"https:\\\/\\\/grifk-handball.com\\\/miehet\\\/uutiset\\\/ensimmainen-taistelu-grani-avaa-kauden-kotiluolassa\\\/#primaryimage\"},\"image\":{\"@id\":\"https:\\\/\\\/grifk-handball.com\\\/miehet\\\/uutiset\\\/ensimmainen-taistelu-grani-avaa-kauden-kotiluolassa\\\/#primaryimage\"},\"thumbnailUrl\":\"https:\\\/\\\/i0.wp.com\\\/grifk-handball.com\\\/miehet\\\/wp-content\\\/uploads\\\/sites\\\/2\\\/2025\\\/05\\\/Grankulla-IFK-100-vuotta1-scaled-e1748011917274.png?fit=2560%2C1063&ssl=1\",\"datePublished\":\"2026-09-03T19:59:11+00:00\",\"breadcrumb\":{\"@id\":\"https:\\\/\\\/grifk-handball.com\\\/miehet\\\/uutiset\\\/ensimmainen-taistelu-grani-avaa-kauden-kotiluolassa\\\/#breadcrumb\"},\"inLanguage\":\"fi\",\"potentialAction\":[{\"@type\":\"ReadAction\",\"target\":[\"https:\\\/\\\/grifk-handball.com\\\/miehet\\\/uutiset\\\/ensimmainen-taistelu-grani-avaa-kauden-kotiluolassa\\\/\"]}]},{\"@type\":\"ImageObject\",\"inLanguage\":\"fi\",\"@id\":\"https:\\\/\\\/grifk-handball.com\\\/miehet\\\/uutiset\\\/ensimmainen-taistelu-grani-avaa-kauden-kotiluolassa\\\/#primaryimage\",\"url\":\"https:\\\/\\\/i0.wp.com\\\/grifk-handball.com\\\/miehet\\\/wp-content\\\/uploads\\\/sites\\\/2\\\/2025\\\/05\\\/Grankulla-IFK-100-vuotta1-scaled-e1748011917274.png?fit=2560%2C1063&ssl=1\",\"contentUrl\":\"https:\\\/\\\/i0.wp.com\\\/grifk-handball.com\\\/miehet\\\/wp-content\\\/uploads\\\/sites\\\/2\\\/2025\\\/05\\\/Grankulla-IFK-100-vuotta1-scaled-e1748011917274.png?fit=2560%2C1063&ssl=1\",\"width\":2560,\"height\":1063},{\"@type\":\"BreadcrumbList\",\"@id\":\"https:\\\/\\\/grifk-handball.com\\\/miehet\\\/uutiset\\\/ensimmainen-taistelu-grani-avaa-kauden-kotiluolassa\\\/#breadcrumb\",\"itemListElement\":[{\"@type\":\"ListItem\",\"position\":1,\"name\":\"Home\",\"item\":\"https:\\\/\\\/grifk-handball.com\\\/miehet\\\/etusivu-260109\\\/\"},{\"@type\":\"ListItem\",\"position\":2,\"name\":\"Ensimm\u00e4inen taistelu \u2013 Grani avaa kauden kotiluolassa\"}]},{\"@type\":\"WebSite\",\"@id\":\"https:\\\/\\\/grifk-handball.com\\\/miehet\\\/#website\",\"url\":\"https:\\\/\\\/grifk-handball.com\\\/miehet\\\/\",\"name\":\"GrIFK K\u00e4sipallo - miehet\",\"description\":\"BomBom!\",\"publisher\":{\"@id\":\"https:\\\/\\\/grifk-handball.com\\\/miehet\\\/#organization\"},\"potentialAction\":[{\"@type\":\"SearchAction\",\"target\":{\"@type\":\"EntryPoint\",\"urlTemplate\":\"https:\\\/\\\/grifk-handball.com\\\/miehet\\\/?s={search_term_string}\"},\"query-input\":{\"@type\":\"PropertyValueSpecification\",\"valueRequired\":true,\"valueName\":\"search_term_string\"}}],\"inLanguage\":\"fi\"},{\"@type\":\"Organization\",\"@id\":\"https:\\\/\\\/grifk-handball.com\\\/miehet\\\/#organization\",\"name\":\"GrIFK K\u00e4sipallo - miehet\",\"url\":\"https:\\\/\\\/grifk-handball.com\\\/miehet\\\/\",\"logo\":{\"@type\":\"ImageObject\",\"inLanguage\":\"fi\",\"@id\":\"https:\\\/\\\/grifk-handball.com\\\/miehet\\\/#\\\/schema\\\/logo\\\/image\\\/\",\"url\":\"https:\\\/\\\/i0.wp.com\\\/grifk-handball.com\\\/miehet\\\/wp-content\\\/uploads\\\/sites\\\/2\\\/2016\\\/10\\\/logo-grifk-iso.png?fit=1200%2C1400&ssl=1\",\"contentUrl\":\"https:\\\/\\\/i0.wp.com\\\/grifk-handball.com\\\/miehet\\\/wp-content\\\/uploads\\\/sites\\\/2\\\/2016\\\/10\\\/logo-grifk-iso.png?fit=1200%2C1400&ssl=1\",\"width\":1200,\"height\":1400,\"caption\":\"GrIFK K\u00e4sipallo - miehet\"},\"image\":{\"@id\":\"https:\\\/\\\/grifk-handball.com\\\/miehet\\\/#\\\/schema\\\/logo\\\/image\\\/\"},\"sameAs\":[\"https:\\\/\\\/www.facebook.com\\\/GrIFKelit\\\/\",\"https:\\\/\\\/x.com\\\/GrIFK_MSM\",\"https:\\\/\\\/www.instagram.com\\\/grifk_elit\\\/\"]},{\"@type\":\"Person\",\"@id\":\"https:\\\/\\\/grifk-handball.com\\\/miehet\\\/#\\\/schema\\\/person\\\/b49f0c539a0223502c21fd0f99dd7729\",\"name\":\"toppe\",\"image\":{\"@type\":\"ImageObject\",\"inLanguage\":\"fi\",\"@id\":\"https:\\\/\\\/secure.gravatar.com\\\/avatar\\\/e00b24099426a72324a4ed71fea77957818e07ac81edb5ee9b1e4e47963563e9?s=96&d=mm&r=g\",\"url\":\"https:\\\/\\\/secure.gravatar.com\\\/avatar\\\/e00b24099426a72324a4ed71fea77957818e07ac81edb5ee9b1e4e47963563e9?s=96&d=mm&r=g\",\"contentUrl\":\"https:\\\/\\\/secure.gravatar.com\\\/avatar\\\/e00b24099426a72324a4ed71fea77957818e07ac81edb5ee9b1e4e47963563e9?s=96&d=mm&r=g\",\"caption\":\"toppe\"},\"url\":\"https:\\\/\\\/grifk-handball.com\\\/miehet\\\/author\\\/toppe\\\/\"}]}<\/script>\n<!-- \/ Yoast SEO plugin. -->","yoast_head_json":{"title":"Ensimm\u00e4inen taistelu \u2013 Grani avaa kauden kotiluolassa &#8212; GrIFK K\u00e4sipallo - miehet","robots":{"index":"index","follow":"follow","max-snippet":"max-snippet:-1","max-image-preview":"max-image-preview:large","max-video-preview":"max-video-preview:-1"},"canonical":"https:\/\/grifk-handball.com\/miehet\/uutiset\/ensimmainen-taistelu-grani-avaa-kauden-kotiluolassa\/","og_locale":"fi_FI","og_type":"article","og_title":"Ensimm\u00e4inen taistelu \u2013 Grani avaa kauden kotiluolassa &#8212; GrIFK K\u00e4sipallo - miehet","og_description":"Lauantaina avataan uusi kausi Luolassa, kun GrIFK Elit kohtaa EIF:n kotona klo 17.30. Joukkueet kohtasivat muutama viikko sitten harjoitusottelussa, josta Grani nappasi voiton, mutta kauden avaus on t\u00e4ysin eri tarina. Viime kaudella tammisaarelaiset veikattiin sarjan h\u00e4nnille, mutta he ottivat Aktialiigassa ensimm\u00e4isen p\u00e4\u00e4nahkansa juuri Granin kustannuksella \u2013 muistutus siit\u00e4, ett\u00e4 EIF:\u00e4\u00e4 ei saa miss\u00e4\u00e4n nimess\u00e4 aliarvioida. [&hellip;]","og_url":"https:\/\/grifk-handball.com\/miehet\/uutiset\/ensimmainen-taistelu-grani-avaa-kauden-kotiluolassa\/","og_site_name":"GrIFK K\u00e4sipallo - miehet","article_publisher":"https:\/\/www.facebook.com\/GrIFKelit\/","article_published_time":"2026-09-03T19:59:11+00:00","og_image":[{"width":2560,"height":1063,"url":"http:\/\/grifk-handball.com\/miehet\/wp-content\/uploads\/sites\/2\/2025\/05\/Grankulla-IFK-100-vuotta1-scaled-e1748011917274.png","type":"image\/png"}],"author":"toppe","twitter_card":"summary_large_image","twitter_creator":"@GrIFK_MSM","twitter_site":"@GrIFK_MSM","twitter_misc":{"Kirjoittanut":"toppe","Arvioitu lukuaika":"2 minuuttia"},"schema":{"@context":"https:\/\/schema.org","@graph":[{"@type":"Article","@id":"https:\/\/grifk-handball.com\/miehet\/uutiset\/ensimmainen-taistelu-grani-avaa-kauden-kotiluolassa\/#article","isPartOf":{"@id":"https:\/\/grifk-handball.com\/miehet\/uutiset\/ensimmainen-taistelu-grani-avaa-kauden-kotiluolassa\/"},"author":{"name":"toppe","@id":"https:\/\/grifk-handball.com\/miehet\/#\/schema\/person\/b49f0c539a0223502c21fd0f99dd7729"},"headline":"Ensimm\u00e4inen taistelu \u2013 Grani avaa kauden kotiluolassa","datePublished":"2026-09-03T19:59:11+00:00","mainEntityOfPage":{"@id":"https:\/\/grifk-handball.com\/miehet\/uutiset\/ensimmainen-taistelu-grani-avaa-kauden-kotiluolassa\/"},"wordCount":264,"publisher":{"@id":"https:\/\/grifk-handball.com\/miehet\/#organization"},"image":{"@id":"https:\/\/grifk-handball.com\/miehet\/uutiset\/ensimmainen-taistelu-grani-avaa-kauden-kotiluolassa\/#primaryimage"},"thumbnailUrl":"https:\/\/i0.wp.com\/grifk-handball.com\/miehet\/wp-content\/uploads\/sites\/2\/2025\/05\/Grankulla-IFK-100-vuotta1-scaled-e1748011917274.png?fit=2560%2C1063&ssl=1","articleSection":["Uutiset"],"inLanguage":"fi"},{"@type":"WebPage","@id":"https:\/\/grifk-handball.com\/miehet\/uutiset\/ensimmainen-taistelu-grani-avaa-kauden-kotiluolassa\/","url":"https:\/\/grifk-handball.com\/miehet\/uutiset\/ensimmainen-taistelu-grani-avaa-kauden-kotiluolassa\/","name":"Ensimm\u00e4inen taistelu \u2013 Grani avaa kauden kotiluolassa &#8212; GrIFK K\u00e4sipallo - miehet","isPartOf":{"@id":"https:\/\/grifk-handball.com\/miehet\/#website"},"primaryImageOfPage":{"@id":"https:\/\/grifk-handball.com\/miehet\/uutiset\/ensimmainen-taistelu-grani-avaa-kauden-kotiluolassa\/#primaryimage"},"image":{"@id":"https:\/\/grifk-handball.com\/miehet\/uutiset\/ensimmainen-taistelu-grani-avaa-kauden-kotiluolassa\/#primaryimage"},"thumbnailUrl":"https:\/\/i0.wp.com\/grifk-handball.com\/miehet\/wp-content\/uploads\/sites\/2\/2025\/05\/Grankulla-IFK-100-vuotta1-scaled-e1748011917274.png?fit=2560%2C1063&ssl=1","datePublished":"2026-09-03T19:59:11+00:00","breadcrumb":{"@id":"https:\/\/grifk-handball.com\/miehet\/uutiset\/ensimmainen-taistelu-grani-avaa-kauden-kotiluolassa\/#breadcrumb"},"inLanguage":"fi","potentialAction":[{"@type":"ReadAction","target":["https:\/\/grifk-handball.com\/miehet\/uutiset\/ensimmainen-taistelu-grani-avaa-kauden-kotiluolassa\/"]}]},{"@type":"ImageObject","inLanguage":"fi","@id":"https:\/\/grifk-handball.com\/miehet\/uutiset\/ensimmainen-taistelu-grani-avaa-kauden-kotiluolassa\/#primaryimage","url":"https:\/\/i0.wp.com\/grifk-handball.com\/miehet\/wp-content\/uploads\/sites\/2\/2025\/05\/Grankulla-IFK-100-vuotta1-scaled-e1748011917274.png?fit=2560%2C1063&ssl=1","contentUrl":"https:\/\/i0.wp.com\/grifk-handball.com\/miehet\/wp-content\/uploads\/sites\/2\/2025\/05\/Grankulla-IFK-100-vuotta1-scaled-e1748011917274.png?fit=2560%2C1063&ssl=1","width":2560,"height":1063},{"@type":"BreadcrumbList","@id":"https:\/\/grifk-handball.com\/miehet\/uutiset\/ensimmainen-taistelu-grani-avaa-kauden-kotiluolassa\/#breadcrumb","itemListElement":[{"@type":"ListItem","position":1,"name":"Home","item":"https:\/\/grifk-handball.com\/miehet\/etusivu-260109\/"},{"@type":"ListItem","position":2,"name":"Ensimm\u00e4inen taistelu \u2013 Grani avaa kauden kotiluolassa"}]},{"@type":"WebSite","@id":"https:\/\/grifk-handball.com\/miehet\/#website","url":"https:\/\/grifk-handball.com\/miehet\/","name":"GrIFK K\u00e4sipallo - miehet","description":"BomBom!","publisher":{"@id":"https:\/\/grifk-handball.com\/miehet\/#organization"},"potentialAction":[{"@type":"SearchAction","target":{"@type":"EntryPoint","urlTemplate":"https:\/\/grifk-handball.com\/miehet\/?s={search_term_string}"},"query-input":{"@type":"PropertyValueSpecification","valueRequired":true,"valueName":"search_term_string"}}],"inLanguage":"fi"},{"@type":"Organization","@id":"https:\/\/grifk-handball.com\/miehet\/#organization","name":"GrIFK K\u00e4sipallo - miehet","url":"https:\/\/grifk-handball.com\/miehet\/","logo":{"@type":"ImageObject","inLanguage":"fi","@id":"https:\/\/grifk-handball.com\/miehet\/#\/schema\/logo\/image\/","url":"https:\/\/i0.wp.com\/grifk-handball.com\/miehet\/wp-content\/uploads\/sites\/2\/2016\/10\/logo-grifk-iso.png?fit=1200%2C1400&ssl=1","contentUrl":"https:\/\/i0.wp.com\/grifk-handball.com\/miehet\/wp-content\/uploads\/sites\/2\/2016\/10\/logo-grifk-iso.png?fit=1200%2C1400&ssl=1","width":1200,"height":1400,"caption":"GrIFK K\u00e4sipallo - miehet"},"image":{"@id":"https:\/\/grifk-handball.com\/miehet\/#\/schema\/logo\/image\/"},"sameAs":["https:\/\/www.facebook.com\/GrIFKelit\/","https:\/\/x.com\/GrIFK_MSM","https:\/\/www.instagram.com\/grifk_elit\/"]},{"@type":"Person","@id":"https:\/\/grifk-handball.com\/miehet\/#\/schema\/person\/b49f0c539a0223502c21fd0f99dd7729","name":"toppe","image":{"@type":"ImageObject","inLanguage":"fi","@id":"https:\/\/secure.gravatar.com\/avatar\/e00b24099426a72324a4ed71fea77957818e07ac81edb5ee9b1e4e47963563e9?s=96&d=mm&r=g","url":"https:\/\/secure.gravatar.com\/avatar\/e00b24099426a72324a4ed71fea77957818e07ac81edb5ee9b1e4e47963563e9?s=96&d=mm&r=g","contentUrl":"https:\/\/secure.gravatar.com\/avatar\/e00b24099426a72324a4ed71fea77957818e07ac81edb5ee9b1e4e47963563e9?s=96&d=mm&r=g","caption":"toppe"},"url":"https:\/\/grifk-handball.com\/miehet\/author\/toppe\/"}]}},"jetpack_shortlink":"https:\/\/wp.me\/p9jQ9a-gq1","jetpack_featured_media_url":"https:\/\/i0.wp.com\/grifk-handball.com\/miehet\/wp-content\/uploads\/sites\/2\/2025\/05\/Grankulla-IFK-100-vuotta1-scaled-e1748011917274.png?fit=2560%2C1063&ssl=1","_links":{"self":[{"href":"https:\/\/grifk-handball.com\/miehet\/wp-json\/wp\/v2\/posts\/63117","targetHints":{"allow":["GET"]}}],"collection":[{"href":"https:\/\/grifk-handball.com\/miehet\/wp-json\/wp\/v2\/posts"}],"about":[{"href":"https:\/\/grifk-handball.com\/miehet\/wp-json\/wp\/v2\/types\/post"}],"author":[{"embeddable":true,"href":"https:\/\/grifk-handball.com\/miehet\/wp-json\/wp\/v2\/users\/13"}],"replies":[{"embeddable":true,"href":"https:\/\/grifk-handball.com\/miehet\/wp-json\/wp\/v2\/comments?post=63117"}],"version-history":[{"count":2,"href":"https:\/\/grifk-handball.com\/miehet\/wp-json\/wp\/v2\/posts\/63117\/revisions"}],"predecessor-version":[{"id":63119,"href":"https:\/\/grifk-handball.com\/miehet\/wp-json\/wp\/v2\/posts\/63117\/revisions\/63119"}],"wp:featuredmedia":[{"embeddable":true,"href":"https:\/\/grifk-handball.com\/miehet\/wp-json\/wp\/v2\/media\/62389"}],"wp:attachment":[{"href":"https:\/\/grifk-handball.com\/miehet\/wp-json\/wp\/v2\/media?parent=63117"}],"wp:term":[{"taxonomy":"category","embeddable":true,"href":"https:\/\/grifk-handball.com\/miehet\/wp-json\/wp\/v2\/categories?post=63117"},{"taxonomy":"post_tag","embeddable":true,"href":"https:\/\/grifk-handball.com\/miehet\/wp-json\/wp\/v2\/tags?post=63117"}],"curies":[{"name":"wp","href":"https:\/\/api.w.org\/{rel}","templated":true}]}}