{"id":7631,"date":"2018-02-01T18:19:01","date_gmt":"2018-02-01T16:19:01","guid":{"rendered":"https:\/\/grifk-handball.com\/miehet\/?p=7631"},"modified":"2018-04-26T10:37:14","modified_gmt":"2018-04-26T07:37:14","slug":"lauantaina-naemme-taistelevan-ja-paattavaisen-granin","status":"publish","type":"post","link":"https:\/\/grifk-handball.com\/miehet\/2017-18\/ennakot-2017-18\/lauantaina-naemme-taistelevan-ja-paattavaisen-granin\/","title":{"rendered":"Lauantaina n\u00e4emme taistelevan ja p\u00e4\u00e4tt\u00e4v\u00e4isen Granin!"},"content":{"rendered":"<section  class='av_textblock_section av-rn42dr-a6b5986d9ced511f0f11ceb277b6ab6c '   itemscope=\"itemscope\" itemtype=\"https:\/\/schema.org\/BlogPosting\" itemprop=\"blogPost\" ><div class='avia_textblock'  itemprop=\"text\" ><p>GrIFK saa lauantaina kotiluolaansa Kauniaisiin vieraita Siuntiosta. Liigassa seitsem\u00e4nten\u00e4 oleva SIF on aina ollut hankala, mutta mieluinen vastustaja Granille, joka jatkaa nelj\u00e4n parhaan joukkoon tavoittelua tasapisteiss\u00e4 seuraavan vastustajansa Atlas Vantaan kanssa.<!--more--><\/p>\n<p>SIF:n kausi on edennyt melko lailla vuoden takaisen k\u00e4sikirjoituksen mukaisesti: vaikean alkukauden my\u00f6t\u00e4 joukkue kadotti jo varhaisessa vaiheessa otteen ylemp\u00e4\u00e4n jatkosarjaan, ja pelinrakentajaksi hankittu virolainen Ardo Puna oli l\u00e4hes koko syyskauden sivussa ja teki ensiesiintymisens\u00e4 kauden liigassa vasta vuoden vaihteen j\u00e4lkeen, aivan kuten vuosi sitten. T\u00e4st\u00e4 eteenp\u00e4in k\u00e4sikirjoituksessa on viel\u00e4 lehti\u00e4 avoinna, ainoa varma asia on se, ett\u00e4 t\u00e4m\u00e4n kev\u00e4\u00e4n p\u00e4\u00e4tteeksi SIF:ss\u00e4 ottaa komennon kokonaan uusi valmennusjohto.<\/p>\n<p>Viime kev\u00e4\u00e4n\u00e4 kuudennelta sijalta ponnistanut SIF yll\u00e4tti puoliv\u00e4lieriss\u00e4 Dickenin ja eteni lopulta pronssipeleihin, joissa GrIFK oli v\u00e4kev\u00e4mpi ja vei mitalit.<\/p>\n<p>T\u00e4n\u00e4 kev\u00e4\u00e4n\u00e4 Puna on ollut mukana vasta kahdessa viimeisess\u00e4 SIF:n pelaamassa ottelussa ja saldona on jo huimat 20 maalia ja t\u00e4ysi potti t\u00e4hti\u00e4.\u00a0Miehen onnistuneesta paluusta huolimatta SIF on kalenterivuonna 2018 edelleen pisteitt\u00e4 kun HIFK, Atlas ja viimeksi BK-46 on kukin vuorollaan ollut niukasti parempi. Punan maanmiehet Ott Varik (90 maalia) ja Sten Maasalu (73) ovat olleet tehokkaimpia siuntiolaisia ja Rony Leven kuuluu liigan viihdytt\u00e4vimpiin maalivahteihin.<\/p>\n<h4>Johtajuutta tarjolla<\/h4>\n<p>Grani sortui viime lauantaina Dickeni\u00e4 vastaan helppoihin virheisiin ja joutui yliajon uhriksi. Kotiluolan uumenissa on nyt viikon verran haettu valmentaja Mikko Koskuen johdolla uutta taisteluilmett\u00e4. <\/p>\n<p><em>&#8221;Pojat ovat treenanneet hyvin t\u00e4m\u00e4n viikon ja uskon ett\u00e4 lauantaina n\u00e4emme erilaisen joukkueen kuin viime peliss\u00e4, taistelevan ja p\u00e4\u00e4tt\u00e4v\u00e4isen.&#8221;<\/em><\/p>\n<p><em>&#8221;Tammikuun kaikissa kolmessa peliss\u00e4 meille tuli paljon teknisi\u00e4 virheit\u00e4, viime viikonloppuna Dickeni\u00e4 vastaan suurin osa viel\u00e4 helppoja junnumaisia mokia. Niist\u00e4 meid\u00e4n on ensi k\u00e4dess\u00e4 p\u00e4\u00e4st\u00e4v\u00e4 eroon, se on sanomattakin selv\u00e4\u00e4. Kent\u00e4ll\u00e4 tarvitaan johtajuutta ja vastuunkantoa nimenomaan silloin kun peli ei kulje ja ep\u00e4varmuus on l\u00e4sn\u00e4 kaikessa tekemisess\u00e4. Siksi t\u00e4llaiset heikot jaksot pit\u00e4\u00e4 yritt\u00e4\u00e4 k\u00e4\u00e4nt\u00e4\u00e4 mahdollisuudeksi luoda ja tehd\u00e4 johtajia.&#8221;<\/em><\/p>\n<h4>Granilla kelpo saldo SIF:i\u00e4 vastaan<\/h4>\n<p>SIF:i\u00e4 vastaan p\u00e4\u00e4st\u00e4\u00e4n pelaamaan kahden vierasvoiton j\u00e4lkeen nyt ensi kertaa kotona. Suomen Cupissa Grani oli syyskuussa parempi kuuden (31-25), ja SM-liigassa marraskuussa viiden (29-24) maalin turvin. Cupissa Grani ratkaisi ottelun avausjakson turvin, viime kerralla pisteet ansaittiin vasta er\u00e4tauon j\u00e4lkeen. Olisiko nyt vuorossa kaksi hyv\u00e4\u00e4 jaksoa? <\/p>\n<p><em>&#8221;Siuntio on vastustajana todella kova, vaikka sarjataulukko ei sit\u00e4 v\u00e4ltt\u00e4m\u00e4tt\u00e4 osoitakaan. Siell\u00e4 on nelj\u00e4 hyv\u00e4\u00e4 ulkomaalaisvahvistusta ja hyv\u00e4n\u00e4 p\u00e4iv\u00e4n\u00e4 yksi Suomen parhaista maalivahdeista. Meid\u00e4n on parannettava peli\u00e4 molemmissa p\u00e4iss\u00e4 kentt\u00e4\u00e4 pit\u00e4\u00e4ksemme pisteet Luolassa.&#8221;<\/em><\/p>\n<\/div><\/section>\n<div class='flex_column_table av-q4a1kf-9de4d47f3c9181e792266eb00c237d4a sc-av_one_third av-equal-height-column-flextable'>\n<style type=\"text\/css\" data-created_by=\"avia_inline_auto\" id=\"style-css-av-q4a1kf-9de4d47f3c9181e792266eb00c237d4a\">\n.flex_column.av-q4a1kf-9de4d47f3c9181e792266eb00c237d4a{\nborder-radius:0px 0px 0px 0px;\npadding:20px 20px 20px 20px;\n}\n<\/style>\n<div  class='flex_column av-q4a1kf-9de4d47f3c9181e792266eb00c237d4a av_one_third  avia-builder-el-1  el_after_av_textblock  el_before_av_two_fifth  first flex_column_table_cell av-equal-height-column av-align-middle  column-top-margin'     ><p>\n<style type=\"text\/css\" data-created_by=\"avia_inline_auto\" id=\"style-css-av-nose7z-cecf4d71bb064bc1503b50488345e77e\">\n.avia-image-container.av-nose7z-cecf4d71bb064bc1503b50488345e77e img.avia_image{\nbox-shadow:none;\n}\n.avia-image-container.av-nose7z-cecf4d71bb064bc1503b50488345e77e .av-image-caption-overlay-center{\ncolor:#ffffff;\n}\n<\/style>\n<div  class='avia-image-container av-nose7z-cecf4d71bb064bc1503b50488345e77e av-styling- av-img-linked avia-align-  avia-builder-el-2  el_before_av_textblock  avia-builder-el-first '   itemprop=\"image\" itemscope=\"itemscope\" itemtype=\"https:\/\/schema.org\/ImageObject\" ><div class=\"avia-image-container-inner\"><div class=\"avia-image-overlay-wrap\"><a href=\"https:\/\/grifk-handball.com\/miehet\/liput\/\" class='avia_image '  aria-label='Kausikortit 2017-18'><img decoding=\"async\" fetchpriority=\"high\" class='wp-image-4542 avia-img-lazy-loading-not-4542 avia_image ' src=\"https:\/\/i0.wp.com\/grifk-handball.com\/miehet\/wp-content\/uploads\/sites\/2\/2016\/09\/korttivedos.png?fit=300%2C184&ssl=1\" alt='' title='Kausikortit 2017-18'  height=\"184\" width=\"300\"  itemprop=\"thumbnailUrl\" srcset=\"https:\/\/i0.wp.com\/grifk-handball.com\/miehet\/wp-content\/uploads\/sites\/2\/2016\/09\/korttivedos.png?w=1941&amp;ssl=1 1941w, https:\/\/i0.wp.com\/grifk-handball.com\/miehet\/wp-content\/uploads\/sites\/2\/2016\/09\/korttivedos.png?resize=300%2C184&amp;ssl=1 300w, https:\/\/i0.wp.com\/grifk-handball.com\/miehet\/wp-content\/uploads\/sites\/2\/2016\/09\/korttivedos.png?resize=768%2C472&amp;ssl=1 768w, https:\/\/i0.wp.com\/grifk-handball.com\/miehet\/wp-content\/uploads\/sites\/2\/2016\/09\/korttivedos.png?resize=1030%2C633&amp;ssl=1 1030w, https:\/\/i0.wp.com\/grifk-handball.com\/miehet\/wp-content\/uploads\/sites\/2\/2016\/09\/korttivedos.png?resize=1500%2C921&amp;ssl=1 1500w, https:\/\/i0.wp.com\/grifk-handball.com\/miehet\/wp-content\/uploads\/sites\/2\/2016\/09\/korttivedos.png?resize=705%2C433&amp;ssl=1 705w, https:\/\/i0.wp.com\/grifk-handball.com\/miehet\/wp-content\/uploads\/sites\/2\/2016\/09\/korttivedos.png?resize=450%2C276&amp;ssl=1 450w\" sizes=\"(max-width: 300px) 100vw, 300px\" \/><\/a><\/div><\/div><\/div><br \/>\n<section  class='av_textblock_section av-m0btqn-cc8300b90e2d1293a446dc4a2aa019c1 '   itemscope=\"itemscope\" itemtype=\"https:\/\/schema.org\/BlogPosting\" itemprop=\"blogPost\" ><div class='avia_textblock'  itemprop=\"text\" ><p style=\"text-align: center\"><a href=\"https:\/\/grifk-handball.com\/liput\/vip-kortit\/\"><strong>Varmista paikkasi katsomossa!<\/strong><br \/>\nVIP-kortit 200\u20ac, kausikortit 110\u20ac<\/a><\/p>\n<\/div><\/section><\/p><\/div>\n<div class='av-flex-placeholder'><\/div>\n<style type=\"text\/css\" data-created_by=\"avia_inline_auto\" id=\"style-css-av-23qi1b-ec5f48a2a6c0bd35ffabdbfc59940a36\">\n.flex_column.av-23qi1b-ec5f48a2a6c0bd35ffabdbfc59940a36{\nborder-radius:0px 0px 0px 0px;\npadding:0px 0px 0px 0px;\n}\n<\/style>\n<div  class='flex_column av-23qi1b-ec5f48a2a6c0bd35ffabdbfc59940a36 av_two_fifth  avia-builder-el-4  el_after_av_one_third  el_before_av_one_fourth  torneopalennakko flex_column_table_cell av-equal-height-column av-align-middle av-zero-column-padding  column-top-margin'     ><section  class='av_textblock_section av-iziuxr-df86532269c49a5f29cef6f2a1724ecc '   itemscope=\"itemscope\" itemtype=\"https:\/\/schema.org\/BlogPosting\" itemprop=\"blogPost\" ><div class='avia_textblock'  itemprop=\"text\" ><p style=\"text-align: center\"><a href=\"http:\/\/finnhandball.turnauspalvelu.fi\/taso\/widget.php?widget=nextmatch&#038;css=1&#038;teamid=103471&#038;otteluid=457979\">http:\/\/finnhandball.turnauspalvelu.fi\/taso\/widget.php?widget=nextmatch&#038;css=1&#038;teamid=103471&#038;otteluid=457979<\/a><\/p>\n<p style=\"text-align: center\">Liput 13\u20ac \/ 8\u20ac<\/p>\n<\/div><\/section><\/div>\n<div class='av-flex-placeholder'><\/div>\n<style type=\"text\/css\" data-created_by=\"avia_inline_auto\" id=\"style-css-av-1or0qn-e6dd096548df95578bfd56384efd8ba8\">\n.flex_column.av-1or0qn-e6dd096548df95578bfd56384efd8ba8{\nborder-radius:0px 0px 0px 0px;\npadding:0px 0px 0px 0px;\n}\n<\/style>\n<div  class='flex_column av-1or0qn-e6dd096548df95578bfd56384efd8ba8 av_one_fourth  avia-builder-el-6  el_after_av_two_fifth  avia-builder-el-last  flex_column_table_cell av-equal-height-column av-align-middle av-zero-column-padding  column-top-margin'     ><div  class='avia-slideshow av-g3u07z-251bff5016d851b8bd26e0b87d4c924f avia-slideshow-medium av_slideshow avia-fade-slider  avia-builder-el-7  avia-builder-el-no-sibling  av-slideshow-ui av-control-hidden av-no-slider-navigation av-hide-nav-arrows av-slideshow-autoplay av-loop-endless av-loop-manual-endless av-default-height-applied avia-slideshow-1' data-slideshow-options=\"{&quot;animation&quot;:&quot;fade&quot;,&quot;autoplay&quot;:true,&quot;loop_autoplay&quot;:&quot;endless&quot;,&quot;interval&quot;:3,&quot;loop_manual&quot;:&quot;manual-endless&quot;,&quot;autoplay_stopper&quot;:false,&quot;noNavigation&quot;:true,&quot;bg_slider&quot;:false,&quot;keep_padding&quot;:false,&quot;hoverpause&quot;:false,&quot;show_slide_delay&quot;:0}\"  itemprop=\"image\" itemscope=\"itemscope\" itemtype=\"https:\/\/schema.org\/ImageObject\" ><ul class='avia-slideshow-inner ' style='padding-bottom: 56.333333333333%;'><li  class='avia-slideshow-slide av-g3u07z-251bff5016d851b8bd26e0b87d4c924f__0  slide-1 slide-odd'><a href=\"https:\/\/www.stanleysecurity.fi\"  target=\"_blank\"  rel=\"noopener noreferrer\" data-rel='slideshow-1' class='avia-slide-wrap '   ><img decoding=\"async\" fetchpriority=\"high\" class=\"wp-image-2184 avia-img-lazy-loading-not-2184\"  src=\"https:\/\/i0.wp.com\/grifk-handball.com\/miehet\/wp-content\/uploads\/sites\/2\/2016\/07\/stanley.png?fit=300%2C169&ssl=1\" width=\"300\" height=\"169\" title='Stanley security' alt=''  itemprop=\"thumbnailUrl\" srcset=\"https:\/\/i0.wp.com\/grifk-handball.com\/miehet\/wp-content\/uploads\/sites\/2\/2016\/07\/stanley.png?w=400&amp;ssl=1 400w, https:\/\/i0.wp.com\/grifk-handball.com\/miehet\/wp-content\/uploads\/sites\/2\/2016\/07\/stanley.png?resize=300%2C169&amp;ssl=1 300w\" sizes=\"(max-width: 300px) 100vw, 300px\" \/><\/a><\/li><li  class='avia-slideshow-slide av-g3u07z-251bff5016d851b8bd26e0b87d4c924f__1  slide-2 slide-even'><a href=\"http:\/\/eu.puma.com\/fi\/en\/home?locale=en_FI\"  target=\"_blank\"  rel=\"noopener noreferrer\" data-rel='slideshow-1' class='avia-slide-wrap '   ><img decoding=\"async\" fetchpriority=\"high\" class=\"wp-image-2181 avia-img-lazy-loading-not-2181\"  src=\"https:\/\/i0.wp.com\/grifk-handball.com\/miehet\/wp-content\/uploads\/sites\/2\/2016\/07\/puma.png?fit=300%2C169&ssl=1\" width=\"300\" height=\"169\" title='Puma' alt=''  itemprop=\"thumbnailUrl\" srcset=\"https:\/\/i0.wp.com\/grifk-handball.com\/miehet\/wp-content\/uploads\/sites\/2\/2016\/07\/puma.png?w=400&amp;ssl=1 400w, https:\/\/i0.wp.com\/grifk-handball.com\/miehet\/wp-content\/uploads\/sites\/2\/2016\/07\/puma.png?resize=300%2C169&amp;ssl=1 300w\" sizes=\"(max-width: 300px) 100vw, 300px\" \/><\/a><\/li><li  class='avia-slideshow-slide av-g3u07z-251bff5016d851b8bd26e0b87d4c924f__2  slide-3 slide-odd'><a href=\"https:\/\/www.makehelsinki.com\"  target=\"_blank\"  rel=\"noopener noreferrer\" data-rel='slideshow-1' class='avia-slide-wrap '   ><img decoding=\"async\" fetchpriority=\"high\" class=\"wp-image-2180 avia-img-lazy-loading-not-2180\"  src=\"https:\/\/i0.wp.com\/grifk-handball.com\/miehet\/wp-content\/uploads\/sites\/2\/2016\/07\/make.png?fit=300%2C169&ssl=1\" width=\"300\" height=\"169\" title='MAKE' alt=''  itemprop=\"thumbnailUrl\" srcset=\"https:\/\/i0.wp.com\/grifk-handball.com\/miehet\/wp-content\/uploads\/sites\/2\/2016\/07\/make.png?w=400&amp;ssl=1 400w, https:\/\/i0.wp.com\/grifk-handball.com\/miehet\/wp-content\/uploads\/sites\/2\/2016\/07\/make.png?resize=300%2C169&amp;ssl=1 300w\" sizes=\"(max-width: 300px) 100vw, 300px\" \/><\/a><\/li><li  class='avia-slideshow-slide av-g3u07z-251bff5016d851b8bd26e0b87d4c924f__3  slide-4 slide-even'><a href=\"http:\/\/www.aktia.fi\/fi\/\"  target=\"_blank\"  rel=\"noopener noreferrer\" data-rel='slideshow-1' class='avia-slide-wrap '   ><img decoding=\"async\" fetchpriority=\"high\" class=\"wp-image-2177 avia-img-lazy-loading-not-2177\"  src=\"https:\/\/i0.wp.com\/grifk-handball.com\/miehet\/wp-content\/uploads\/sites\/2\/2016\/07\/aktia.png?fit=300%2C169&ssl=1\" width=\"300\" height=\"169\" title='aktia' alt=''  itemprop=\"thumbnailUrl\" srcset=\"https:\/\/i0.wp.com\/grifk-handball.com\/miehet\/wp-content\/uploads\/sites\/2\/2016\/07\/aktia.png?w=400&amp;ssl=1 400w, https:\/\/i0.wp.com\/grifk-handball.com\/miehet\/wp-content\/uploads\/sites\/2\/2016\/07\/aktia.png?resize=300%2C169&amp;ssl=1 300w\" sizes=\"(max-width: 300px) 100vw, 300px\" \/><\/a><\/li><li  class='avia-slideshow-slide av-g3u07z-251bff5016d851b8bd26e0b87d4c924f__4  slide-5 slide-odd'><a href=\"http:\/\/lvitasacon.fi\"  target=\"_blank\"  rel=\"noopener noreferrer\" data-rel='slideshow-1' class='avia-slide-wrap '   ><img decoding=\"async\" fetchpriority=\"high\" class=\"wp-image-2178 avia-img-lazy-loading-not-2178\"  src=\"https:\/\/i0.wp.com\/grifk-handball.com\/miehet\/wp-content\/uploads\/sites\/2\/2016\/07\/lvi-tasacon.png?fit=300%2C169&ssl=1\" width=\"300\" height=\"169\" title='LVI Tasacon Oy' alt=''  itemprop=\"thumbnailUrl\" srcset=\"https:\/\/i0.wp.com\/grifk-handball.com\/miehet\/wp-content\/uploads\/sites\/2\/2016\/07\/lvi-tasacon.png?w=400&amp;ssl=1 400w, https:\/\/i0.wp.com\/grifk-handball.com\/miehet\/wp-content\/uploads\/sites\/2\/2016\/07\/lvi-tasacon.png?resize=300%2C169&amp;ssl=1 300w\" sizes=\"(max-width: 300px) 100vw, 300px\" \/><\/a><\/li><li  class='avia-slideshow-slide av-g3u07z-251bff5016d851b8bd26e0b87d4c924f__5  slide-6 slide-even'><a href=\"http:\/\/www.rta-yhtiot.fi\"  target=\"_blank\"  rel=\"noopener noreferrer\" data-rel='slideshow-1' class='avia-slide-wrap '   ><img decoding=\"async\" fetchpriority=\"high\" class=\"wp-image-2182 avia-img-lazy-loading-not-2182\"  src=\"https:\/\/i0.wp.com\/grifk-handball.com\/miehet\/wp-content\/uploads\/sites\/2\/2016\/07\/rta-yhtiot-keltainen.png?fit=300%2C169&ssl=1\" width=\"300\" height=\"169\" title='RTA-yhti\u00f6t' alt=''  itemprop=\"thumbnailUrl\" srcset=\"https:\/\/i0.wp.com\/grifk-handball.com\/miehet\/wp-content\/uploads\/sites\/2\/2016\/07\/rta-yhtiot-keltainen.png?w=400&amp;ssl=1 400w, https:\/\/i0.wp.com\/grifk-handball.com\/miehet\/wp-content\/uploads\/sites\/2\/2016\/07\/rta-yhtiot-keltainen.png?resize=300%2C169&amp;ssl=1 300w\" sizes=\"(max-width: 300px) 100vw, 300px\" \/><\/a><\/li><li  class='avia-slideshow-slide av-g3u07z-251bff5016d851b8bd26e0b87d4c924f__6  slide-7 slide-odd'><a href=\"https:\/\/www.s-kanava.fi\/web\/varuboden-osla\/etusivu\"  target=\"_blank\"  rel=\"noopener noreferrer\" data-rel='slideshow-1' class='avia-slide-wrap '   ><img decoding=\"async\" fetchpriority=\"high\" class=\"wp-image-2185 avia-img-lazy-loading-not-2185\"  src=\"https:\/\/i0.wp.com\/grifk-handball.com\/miehet\/wp-content\/uploads\/sites\/2\/2016\/07\/varuboden.png?fit=300%2C169&ssl=1\" width=\"300\" height=\"169\" title='Varuboden' alt=''  itemprop=\"thumbnailUrl\" srcset=\"https:\/\/i0.wp.com\/grifk-handball.com\/miehet\/wp-content\/uploads\/sites\/2\/2016\/07\/varuboden.png?w=400&amp;ssl=1 400w, https:\/\/i0.wp.com\/grifk-handball.com\/miehet\/wp-content\/uploads\/sites\/2\/2016\/07\/varuboden.png?resize=300%2C169&amp;ssl=1 300w\" sizes=\"(max-width: 300px) 100vw, 300px\" \/><\/a><\/li><li  class='avia-slideshow-slide av-g3u07z-251bff5016d851b8bd26e0b87d4c924f__7  slide-8 slide-even'><a href=\"http:\/\/www.vikingline.fi\"  target=\"_blank\"  rel=\"noopener noreferrer\" data-rel='slideshow-1' class='avia-slide-wrap '   ><img decoding=\"async\" fetchpriority=\"high\" class=\"wp-image-2186 avia-img-lazy-loading-not-2186\"  src=\"https:\/\/i0.wp.com\/grifk-handball.com\/miehet\/wp-content\/uploads\/sites\/2\/2016\/07\/vikingline.png?fit=300%2C169&ssl=1\" width=\"300\" height=\"169\" title='Viking Line' alt=''  itemprop=\"thumbnailUrl\" srcset=\"https:\/\/i0.wp.com\/grifk-handball.com\/miehet\/wp-content\/uploads\/sites\/2\/2016\/07\/vikingline.png?w=400&amp;ssl=1 400w, https:\/\/i0.wp.com\/grifk-handball.com\/miehet\/wp-content\/uploads\/sites\/2\/2016\/07\/vikingline.png?resize=300%2C169&amp;ssl=1 300w\" sizes=\"(max-width: 300px) 100vw, 300px\" \/><\/a><\/li><\/ul><div class='avia-slideshow-arrows avia-slideshow-controls' ><a href='#prev' class='prev-slide  avia-svg-icon avia-font-svg_entypo-fontello' data-av_svg_icon='left-open-big' data-av_iconset='svg_entypo-fontello' tabindex='-1' title=\"Previous\"><svg version=\"1.1\" xmlns=\"http:\/\/www.w3.org\/2000\/svg\" width=\"15\" height=\"32\" viewBox=\"0 0 15 32\" preserveAspectRatio=\"xMidYMid meet\" aria-labelledby='av-svg-title-1' aria-describedby='av-svg-desc-1' role=\"graphics-symbol\" aria-hidden=\"true\">\n<title id='av-svg-title-1'>Previous<\/title>\n<desc id='av-svg-desc-1'>Previous<\/desc>\n<path d=\"M14.464 27.84q0.832 0.832 0 1.536-0.832 0.832-1.536 0l-12.544-12.608q-0.768-0.768 0-1.6l12.544-12.608q0.704-0.832 1.536 0 0.832 0.704 0 1.536l-11.456 11.904z\"><\/path>\n<\/svg><span class='avia_hidden_link_text'>Previous<\/span><\/a><a href='#next' class='next-slide  avia-svg-icon avia-font-svg_entypo-fontello' data-av_svg_icon='right-open-big' data-av_iconset='svg_entypo-fontello' tabindex='-1' title=\"Next\"><svg version=\"1.1\" xmlns=\"http:\/\/www.w3.org\/2000\/svg\" width=\"15\" height=\"32\" viewBox=\"0 0 15 32\" preserveAspectRatio=\"xMidYMid meet\" aria-labelledby='av-svg-title-2' aria-describedby='av-svg-desc-2' role=\"graphics-symbol\" aria-hidden=\"true\">\n<title id='av-svg-title-2'>Next<\/title>\n<desc id='av-svg-desc-2'>Next<\/desc>\n<path d=\"M0.416 27.84l11.456-11.84-11.456-11.904q-0.832-0.832 0-1.536 0.832-0.832 1.536 0l12.544 12.608q0.768 0.832 0 1.6l-12.544 12.608q-0.704 0.832-1.536 0-0.832-0.704 0-1.536z\"><\/path>\n<\/svg><span class='avia_hidden_link_text'>Next<\/span><\/a><\/div><\/div><\/div><\/div><!--close column table wrapper. Autoclose: 1 -->\n<p><em>(Kuva: Niklas Montonen)<\/em><\/p>\n","protected":false},"excerpt":{"rendered":"<p>GrIFK saa lauantaina kotiluolaansa Kauniaisiin vieraita Siuntiosta. Liigassa seitsem\u00e4nten\u00e4 oleva SIF on aina ollut hankala, mutta mieluinen vastustaja Granille, joka jatkaa nelj\u00e4n parhaan joukkoon tavoittelua tasapisteiss\u00e4 seuraavan vastustajansa Atlas Vantaan kanssa.<\/p>\n","protected":false},"author":1,"featured_media":7615,"comment_status":"closed","ping_status":"closed","sticky":false,"template":"","format":"standard","meta":{"_acf_changed":false,"footnotes":""},"categories":[9],"tags":[12,26,13,25,38,39,41],"class_list":["post-7631","post","type-post","status-publish","format-standard","has-post-thumbnail","hentry","category-ennakot-2017-18","tag-bombom","tag-grifkhandball","tag-nevergiveup","tag-grifk","tag-runkosarja","tag-sif","tag-sm-liiga"],"acf":[],"yoast_head":"<!-- This site is optimized with the Yoast SEO plugin v27.5 - https:\/\/yoast.com\/product\/yoast-seo-wordpress\/ -->\n<title>Lauantaina n\u00e4emme taistelevan ja p\u00e4\u00e4tt\u00e4v\u00e4isen Granin! &#8212; GrIFK K\u00e4sipallo - miehet<\/title>\n<meta name=\"robots\" content=\"index, follow, max-snippet:-1, max-image-preview:large, max-video-preview:-1\" \/>\n<link rel=\"canonical\" href=\"https:\/\/grifk-handball.com\/miehet\/2017-18\/ennakot-2017-18\/lauantaina-naemme-taistelevan-ja-paattavaisen-granin\/\" \/>\n<meta property=\"og:locale\" content=\"fi_FI\" \/>\n<meta property=\"og:type\" content=\"article\" \/>\n<meta property=\"og:title\" content=\"Lauantaina n\u00e4emme taistelevan ja p\u00e4\u00e4tt\u00e4v\u00e4isen Granin! &#8212; GrIFK K\u00e4sipallo - miehet\" \/>\n<meta property=\"og:description\" content=\"GrIFK saa lauantaina kotiluolaansa Kauniaisiin vieraita Siuntiosta. Liigassa seitsem\u00e4nten\u00e4 oleva SIF on aina ollut hankala, mutta mieluinen vastustaja Granille, joka jatkaa nelj\u00e4n parhaan joukkoon tavoittelua tasapisteiss\u00e4 seuraavan vastustajansa Atlas Vantaan kanssa.\" \/>\n<meta property=\"og:url\" content=\"https:\/\/grifk-handball.com\/miehet\/2017-18\/ennakot-2017-18\/lauantaina-naemme-taistelevan-ja-paattavaisen-granin\/\" \/>\n<meta property=\"og:site_name\" content=\"GrIFK K\u00e4sipallo - miehet\" \/>\n<meta property=\"article:publisher\" content=\"https:\/\/www.facebook.com\/GrIFKelit\/\" \/>\n<meta property=\"article:published_time\" content=\"2018-02-01T16:19:01+00:00\" \/>\n<meta property=\"article:modified_time\" content=\"2018-04-26T07:37:14+00:00\" \/>\n<meta property=\"og:image\" content=\"https:\/\/i0.wp.com\/grifk-handball.com\/miehet\/wp-content\/uploads\/sites\/2\/2018\/01\/39903657282_ae44d624ad_k-e1517494130244.jpg?fit=1940%2C1086&ssl=1\" \/>\n\t<meta property=\"og:image:width\" content=\"1940\" \/>\n\t<meta property=\"og:image:height\" content=\"1086\" \/>\n\t<meta property=\"og:image:type\" content=\"image\/jpeg\" \/>\n<meta name=\"author\" content=\"granimaster\" \/>\n<meta name=\"twitter:card\" content=\"summary_large_image\" \/>\n<meta name=\"twitter:creator\" content=\"@GrIFK_MSM\" \/>\n<meta name=\"twitter:site\" content=\"@GrIFK_MSM\" \/>\n<meta name=\"twitter:label1\" content=\"Kirjoittanut\" \/>\n\t<meta name=\"twitter:data1\" content=\"granimaster\" \/>\n\t<meta name=\"twitter:label2\" content=\"Arvioitu lukuaika\" \/>\n\t<meta name=\"twitter:data2\" content=\"6 minuuttia\" \/>\n<script type=\"application\/ld+json\" class=\"yoast-schema-graph\">{\"@context\":\"https:\\\/\\\/schema.org\",\"@graph\":[{\"@type\":\"Article\",\"@id\":\"https:\\\/\\\/grifk-handball.com\\\/miehet\\\/2017-18\\\/ennakot-2017-18\\\/lauantaina-naemme-taistelevan-ja-paattavaisen-granin\\\/#article\",\"isPartOf\":{\"@id\":\"https:\\\/\\\/grifk-handball.com\\\/miehet\\\/2017-18\\\/ennakot-2017-18\\\/lauantaina-naemme-taistelevan-ja-paattavaisen-granin\\\/\"},\"author\":{\"name\":\"granimaster\",\"@id\":\"https:\\\/\\\/grifk-handball.com\\\/miehet\\\/#\\\/schema\\\/person\\\/9da98c743e3f0f85a1b32f59241b48e0\"},\"headline\":\"Lauantaina n\u00e4emme taistelevan ja p\u00e4\u00e4tt\u00e4v\u00e4isen Granin!\",\"datePublished\":\"2018-02-01T16:19:01+00:00\",\"dateModified\":\"2018-04-26T07:37:14+00:00\",\"mainEntityOfPage\":{\"@id\":\"https:\\\/\\\/grifk-handball.com\\\/miehet\\\/2017-18\\\/ennakot-2017-18\\\/lauantaina-naemme-taistelevan-ja-paattavaisen-granin\\\/\"},\"wordCount\":1011,\"publisher\":{\"@id\":\"https:\\\/\\\/grifk-handball.com\\\/miehet\\\/#organization\"},\"image\":{\"@id\":\"https:\\\/\\\/grifk-handball.com\\\/miehet\\\/2017-18\\\/ennakot-2017-18\\\/lauantaina-naemme-taistelevan-ja-paattavaisen-granin\\\/#primaryimage\"},\"thumbnailUrl\":\"https:\\\/\\\/i0.wp.com\\\/grifk-handball.com\\\/miehet\\\/wp-content\\\/uploads\\\/sites\\\/2\\\/2018\\\/01\\\/39903657282_ae44d624ad_k-e1517494130244.jpg?fit=1940%2C1086&ssl=1\",\"keywords\":[\"#BomBom\",\"#GrIFKHandball\",\"#NeverGiveUp\",\"GrIFK\",\"Runkosarja\",\"SIF\",\"SM-liiga\"],\"articleSection\":[\"Ennakot 2017-18\"],\"inLanguage\":\"fi\"},{\"@type\":\"WebPage\",\"@id\":\"https:\\\/\\\/grifk-handball.com\\\/miehet\\\/2017-18\\\/ennakot-2017-18\\\/lauantaina-naemme-taistelevan-ja-paattavaisen-granin\\\/\",\"url\":\"https:\\\/\\\/grifk-handball.com\\\/miehet\\\/2017-18\\\/ennakot-2017-18\\\/lauantaina-naemme-taistelevan-ja-paattavaisen-granin\\\/\",\"name\":\"Lauantaina n\u00e4emme taistelevan ja p\u00e4\u00e4tt\u00e4v\u00e4isen Granin! &#8212; GrIFK K\u00e4sipallo - miehet\",\"isPartOf\":{\"@id\":\"https:\\\/\\\/grifk-handball.com\\\/miehet\\\/#website\"},\"primaryImageOfPage\":{\"@id\":\"https:\\\/\\\/grifk-handball.com\\\/miehet\\\/2017-18\\\/ennakot-2017-18\\\/lauantaina-naemme-taistelevan-ja-paattavaisen-granin\\\/#primaryimage\"},\"image\":{\"@id\":\"https:\\\/\\\/grifk-handball.com\\\/miehet\\\/2017-18\\\/ennakot-2017-18\\\/lauantaina-naemme-taistelevan-ja-paattavaisen-granin\\\/#primaryimage\"},\"thumbnailUrl\":\"https:\\\/\\\/i0.wp.com\\\/grifk-handball.com\\\/miehet\\\/wp-content\\\/uploads\\\/sites\\\/2\\\/2018\\\/01\\\/39903657282_ae44d624ad_k-e1517494130244.jpg?fit=1940%2C1086&ssl=1\",\"datePublished\":\"2018-02-01T16:19:01+00:00\",\"dateModified\":\"2018-04-26T07:37:14+00:00\",\"breadcrumb\":{\"@id\":\"https:\\\/\\\/grifk-handball.com\\\/miehet\\\/2017-18\\\/ennakot-2017-18\\\/lauantaina-naemme-taistelevan-ja-paattavaisen-granin\\\/#breadcrumb\"},\"inLanguage\":\"fi\",\"potentialAction\":[{\"@type\":\"ReadAction\",\"target\":[\"https:\\\/\\\/grifk-handball.com\\\/miehet\\\/2017-18\\\/ennakot-2017-18\\\/lauantaina-naemme-taistelevan-ja-paattavaisen-granin\\\/\"]}]},{\"@type\":\"ImageObject\",\"inLanguage\":\"fi\",\"@id\":\"https:\\\/\\\/grifk-handball.com\\\/miehet\\\/2017-18\\\/ennakot-2017-18\\\/lauantaina-naemme-taistelevan-ja-paattavaisen-granin\\\/#primaryimage\",\"url\":\"https:\\\/\\\/i0.wp.com\\\/grifk-handball.com\\\/miehet\\\/wp-content\\\/uploads\\\/sites\\\/2\\\/2018\\\/01\\\/39903657282_ae44d624ad_k-e1517494130244.jpg?fit=1940%2C1086&ssl=1\",\"contentUrl\":\"https:\\\/\\\/i0.wp.com\\\/grifk-handball.com\\\/miehet\\\/wp-content\\\/uploads\\\/sites\\\/2\\\/2018\\\/01\\\/39903657282_ae44d624ad_k-e1517494130244.jpg?fit=1940%2C1086&ssl=1\",\"width\":1940,\"height\":1086},{\"@type\":\"BreadcrumbList\",\"@id\":\"https:\\\/\\\/grifk-handball.com\\\/miehet\\\/2017-18\\\/ennakot-2017-18\\\/lauantaina-naemme-taistelevan-ja-paattavaisen-granin\\\/#breadcrumb\",\"itemListElement\":[{\"@type\":\"ListItem\",\"position\":1,\"name\":\"Home\",\"item\":\"https:\\\/\\\/grifk-handball.com\\\/miehet\\\/etusivu-260109\\\/\"},{\"@type\":\"ListItem\",\"position\":2,\"name\":\"Lauantaina n\u00e4emme taistelevan ja p\u00e4\u00e4tt\u00e4v\u00e4isen Granin!\"}]},{\"@type\":\"WebSite\",\"@id\":\"https:\\\/\\\/grifk-handball.com\\\/miehet\\\/#website\",\"url\":\"https:\\\/\\\/grifk-handball.com\\\/miehet\\\/\",\"name\":\"GrIFK K\u00e4sipallo - miehet\",\"description\":\"BomBom!\",\"publisher\":{\"@id\":\"https:\\\/\\\/grifk-handball.com\\\/miehet\\\/#organization\"},\"potentialAction\":[{\"@type\":\"SearchAction\",\"target\":{\"@type\":\"EntryPoint\",\"urlTemplate\":\"https:\\\/\\\/grifk-handball.com\\\/miehet\\\/?s={search_term_string}\"},\"query-input\":{\"@type\":\"PropertyValueSpecification\",\"valueRequired\":true,\"valueName\":\"search_term_string\"}}],\"inLanguage\":\"fi\"},{\"@type\":\"Organization\",\"@id\":\"https:\\\/\\\/grifk-handball.com\\\/miehet\\\/#organization\",\"name\":\"GrIFK K\u00e4sipallo - miehet\",\"url\":\"https:\\\/\\\/grifk-handball.com\\\/miehet\\\/\",\"logo\":{\"@type\":\"ImageObject\",\"inLanguage\":\"fi\",\"@id\":\"https:\\\/\\\/grifk-handball.com\\\/miehet\\\/#\\\/schema\\\/logo\\\/image\\\/\",\"url\":\"https:\\\/\\\/i0.wp.com\\\/grifk-handball.com\\\/miehet\\\/wp-content\\\/uploads\\\/sites\\\/2\\\/2016\\\/10\\\/logo-grifk-iso.png?fit=1200%2C1400&ssl=1\",\"contentUrl\":\"https:\\\/\\\/i0.wp.com\\\/grifk-handball.com\\\/miehet\\\/wp-content\\\/uploads\\\/sites\\\/2\\\/2016\\\/10\\\/logo-grifk-iso.png?fit=1200%2C1400&ssl=1\",\"width\":1200,\"height\":1400,\"caption\":\"GrIFK K\u00e4sipallo - miehet\"},\"image\":{\"@id\":\"https:\\\/\\\/grifk-handball.com\\\/miehet\\\/#\\\/schema\\\/logo\\\/image\\\/\"},\"sameAs\":[\"https:\\\/\\\/www.facebook.com\\\/GrIFKelit\\\/\",\"https:\\\/\\\/x.com\\\/GrIFK_MSM\",\"https:\\\/\\\/www.instagram.com\\\/grifk_elit\\\/\"]},{\"@type\":\"Person\",\"@id\":\"https:\\\/\\\/grifk-handball.com\\\/miehet\\\/#\\\/schema\\\/person\\\/9da98c743e3f0f85a1b32f59241b48e0\",\"name\":\"granimaster\",\"image\":{\"@type\":\"ImageObject\",\"inLanguage\":\"fi\",\"@id\":\"https:\\\/\\\/secure.gravatar.com\\\/avatar\\\/034b8e6380fc659c320f13e17fe45bd9ab48a21e2debadd5f3179bde291949df?s=96&d=mm&r=g\",\"url\":\"https:\\\/\\\/secure.gravatar.com\\\/avatar\\\/034b8e6380fc659c320f13e17fe45bd9ab48a21e2debadd5f3179bde291949df?s=96&d=mm&r=g\",\"contentUrl\":\"https:\\\/\\\/secure.gravatar.com\\\/avatar\\\/034b8e6380fc659c320f13e17fe45bd9ab48a21e2debadd5f3179bde291949df?s=96&d=mm&r=g\",\"caption\":\"granimaster\"},\"url\":\"https:\\\/\\\/grifk-handball.com\\\/miehet\\\/author\\\/granimaster\\\/\"}]}<\/script>\n<!-- \/ Yoast SEO plugin. -->","yoast_head_json":{"title":"Lauantaina n\u00e4emme taistelevan ja p\u00e4\u00e4tt\u00e4v\u00e4isen Granin! &#8212; GrIFK K\u00e4sipallo - miehet","robots":{"index":"index","follow":"follow","max-snippet":"max-snippet:-1","max-image-preview":"max-image-preview:large","max-video-preview":"max-video-preview:-1"},"canonical":"https:\/\/grifk-handball.com\/miehet\/2017-18\/ennakot-2017-18\/lauantaina-naemme-taistelevan-ja-paattavaisen-granin\/","og_locale":"fi_FI","og_type":"article","og_title":"Lauantaina n\u00e4emme taistelevan ja p\u00e4\u00e4tt\u00e4v\u00e4isen Granin! &#8212; GrIFK K\u00e4sipallo - miehet","og_description":"GrIFK saa lauantaina kotiluolaansa Kauniaisiin vieraita Siuntiosta. Liigassa seitsem\u00e4nten\u00e4 oleva SIF on aina ollut hankala, mutta mieluinen vastustaja Granille, joka jatkaa nelj\u00e4n parhaan joukkoon tavoittelua tasapisteiss\u00e4 seuraavan vastustajansa Atlas Vantaan kanssa.","og_url":"https:\/\/grifk-handball.com\/miehet\/2017-18\/ennakot-2017-18\/lauantaina-naemme-taistelevan-ja-paattavaisen-granin\/","og_site_name":"GrIFK K\u00e4sipallo - miehet","article_publisher":"https:\/\/www.facebook.com\/GrIFKelit\/","article_published_time":"2018-02-01T16:19:01+00:00","article_modified_time":"2018-04-26T07:37:14+00:00","og_image":[{"width":1940,"height":1086,"url":"https:\/\/i0.wp.com\/grifk-handball.com\/miehet\/wp-content\/uploads\/sites\/2\/2018\/01\/39903657282_ae44d624ad_k-e1517494130244.jpg?fit=1940%2C1086&ssl=1","type":"image\/jpeg"}],"author":"granimaster","twitter_card":"summary_large_image","twitter_creator":"@GrIFK_MSM","twitter_site":"@GrIFK_MSM","twitter_misc":{"Kirjoittanut":"granimaster","Arvioitu lukuaika":"6 minuuttia"},"schema":{"@context":"https:\/\/schema.org","@graph":[{"@type":"Article","@id":"https:\/\/grifk-handball.com\/miehet\/2017-18\/ennakot-2017-18\/lauantaina-naemme-taistelevan-ja-paattavaisen-granin\/#article","isPartOf":{"@id":"https:\/\/grifk-handball.com\/miehet\/2017-18\/ennakot-2017-18\/lauantaina-naemme-taistelevan-ja-paattavaisen-granin\/"},"author":{"name":"granimaster","@id":"https:\/\/grifk-handball.com\/miehet\/#\/schema\/person\/9da98c743e3f0f85a1b32f59241b48e0"},"headline":"Lauantaina n\u00e4emme taistelevan ja p\u00e4\u00e4tt\u00e4v\u00e4isen Granin!","datePublished":"2018-02-01T16:19:01+00:00","dateModified":"2018-04-26T07:37:14+00:00","mainEntityOfPage":{"@id":"https:\/\/grifk-handball.com\/miehet\/2017-18\/ennakot-2017-18\/lauantaina-naemme-taistelevan-ja-paattavaisen-granin\/"},"wordCount":1011,"publisher":{"@id":"https:\/\/grifk-handball.com\/miehet\/#organization"},"image":{"@id":"https:\/\/grifk-handball.com\/miehet\/2017-18\/ennakot-2017-18\/lauantaina-naemme-taistelevan-ja-paattavaisen-granin\/#primaryimage"},"thumbnailUrl":"https:\/\/i0.wp.com\/grifk-handball.com\/miehet\/wp-content\/uploads\/sites\/2\/2018\/01\/39903657282_ae44d624ad_k-e1517494130244.jpg?fit=1940%2C1086&ssl=1","keywords":["#BomBom","#GrIFKHandball","#NeverGiveUp","GrIFK","Runkosarja","SIF","SM-liiga"],"articleSection":["Ennakot 2017-18"],"inLanguage":"fi"},{"@type":"WebPage","@id":"https:\/\/grifk-handball.com\/miehet\/2017-18\/ennakot-2017-18\/lauantaina-naemme-taistelevan-ja-paattavaisen-granin\/","url":"https:\/\/grifk-handball.com\/miehet\/2017-18\/ennakot-2017-18\/lauantaina-naemme-taistelevan-ja-paattavaisen-granin\/","name":"Lauantaina n\u00e4emme taistelevan ja p\u00e4\u00e4tt\u00e4v\u00e4isen Granin! &#8212; GrIFK K\u00e4sipallo - miehet","isPartOf":{"@id":"https:\/\/grifk-handball.com\/miehet\/#website"},"primaryImageOfPage":{"@id":"https:\/\/grifk-handball.com\/miehet\/2017-18\/ennakot-2017-18\/lauantaina-naemme-taistelevan-ja-paattavaisen-granin\/#primaryimage"},"image":{"@id":"https:\/\/grifk-handball.com\/miehet\/2017-18\/ennakot-2017-18\/lauantaina-naemme-taistelevan-ja-paattavaisen-granin\/#primaryimage"},"thumbnailUrl":"https:\/\/i0.wp.com\/grifk-handball.com\/miehet\/wp-content\/uploads\/sites\/2\/2018\/01\/39903657282_ae44d624ad_k-e1517494130244.jpg?fit=1940%2C1086&ssl=1","datePublished":"2018-02-01T16:19:01+00:00","dateModified":"2018-04-26T07:37:14+00:00","breadcrumb":{"@id":"https:\/\/grifk-handball.com\/miehet\/2017-18\/ennakot-2017-18\/lauantaina-naemme-taistelevan-ja-paattavaisen-granin\/#breadcrumb"},"inLanguage":"fi","potentialAction":[{"@type":"ReadAction","target":["https:\/\/grifk-handball.com\/miehet\/2017-18\/ennakot-2017-18\/lauantaina-naemme-taistelevan-ja-paattavaisen-granin\/"]}]},{"@type":"ImageObject","inLanguage":"fi","@id":"https:\/\/grifk-handball.com\/miehet\/2017-18\/ennakot-2017-18\/lauantaina-naemme-taistelevan-ja-paattavaisen-granin\/#primaryimage","url":"https:\/\/i0.wp.com\/grifk-handball.com\/miehet\/wp-content\/uploads\/sites\/2\/2018\/01\/39903657282_ae44d624ad_k-e1517494130244.jpg?fit=1940%2C1086&ssl=1","contentUrl":"https:\/\/i0.wp.com\/grifk-handball.com\/miehet\/wp-content\/uploads\/sites\/2\/2018\/01\/39903657282_ae44d624ad_k-e1517494130244.jpg?fit=1940%2C1086&ssl=1","width":1940,"height":1086},{"@type":"BreadcrumbList","@id":"https:\/\/grifk-handball.com\/miehet\/2017-18\/ennakot-2017-18\/lauantaina-naemme-taistelevan-ja-paattavaisen-granin\/#breadcrumb","itemListElement":[{"@type":"ListItem","position":1,"name":"Home","item":"https:\/\/grifk-handball.com\/miehet\/etusivu-260109\/"},{"@type":"ListItem","position":2,"name":"Lauantaina n\u00e4emme taistelevan ja p\u00e4\u00e4tt\u00e4v\u00e4isen Granin!"}]},{"@type":"WebSite","@id":"https:\/\/grifk-handball.com\/miehet\/#website","url":"https:\/\/grifk-handball.com\/miehet\/","name":"GrIFK K\u00e4sipallo - miehet","description":"BomBom!","publisher":{"@id":"https:\/\/grifk-handball.com\/miehet\/#organization"},"potentialAction":[{"@type":"SearchAction","target":{"@type":"EntryPoint","urlTemplate":"https:\/\/grifk-handball.com\/miehet\/?s={search_term_string}"},"query-input":{"@type":"PropertyValueSpecification","valueRequired":true,"valueName":"search_term_string"}}],"inLanguage":"fi"},{"@type":"Organization","@id":"https:\/\/grifk-handball.com\/miehet\/#organization","name":"GrIFK K\u00e4sipallo - miehet","url":"https:\/\/grifk-handball.com\/miehet\/","logo":{"@type":"ImageObject","inLanguage":"fi","@id":"https:\/\/grifk-handball.com\/miehet\/#\/schema\/logo\/image\/","url":"https:\/\/i0.wp.com\/grifk-handball.com\/miehet\/wp-content\/uploads\/sites\/2\/2016\/10\/logo-grifk-iso.png?fit=1200%2C1400&ssl=1","contentUrl":"https:\/\/i0.wp.com\/grifk-handball.com\/miehet\/wp-content\/uploads\/sites\/2\/2016\/10\/logo-grifk-iso.png?fit=1200%2C1400&ssl=1","width":1200,"height":1400,"caption":"GrIFK K\u00e4sipallo - miehet"},"image":{"@id":"https:\/\/grifk-handball.com\/miehet\/#\/schema\/logo\/image\/"},"sameAs":["https:\/\/www.facebook.com\/GrIFKelit\/","https:\/\/x.com\/GrIFK_MSM","https:\/\/www.instagram.com\/grifk_elit\/"]},{"@type":"Person","@id":"https:\/\/grifk-handball.com\/miehet\/#\/schema\/person\/9da98c743e3f0f85a1b32f59241b48e0","name":"granimaster","image":{"@type":"ImageObject","inLanguage":"fi","@id":"https:\/\/secure.gravatar.com\/avatar\/034b8e6380fc659c320f13e17fe45bd9ab48a21e2debadd5f3179bde291949df?s=96&d=mm&r=g","url":"https:\/\/secure.gravatar.com\/avatar\/034b8e6380fc659c320f13e17fe45bd9ab48a21e2debadd5f3179bde291949df?s=96&d=mm&r=g","contentUrl":"https:\/\/secure.gravatar.com\/avatar\/034b8e6380fc659c320f13e17fe45bd9ab48a21e2debadd5f3179bde291949df?s=96&d=mm&r=g","caption":"granimaster"},"url":"https:\/\/grifk-handball.com\/miehet\/author\/granimaster\/"}]}},"jetpack_featured_media_url":"https:\/\/i0.wp.com\/grifk-handball.com\/miehet\/wp-content\/uploads\/sites\/2\/2018\/01\/39903657282_ae44d624ad_k-e1517494130244.jpg?fit=1940%2C1086&ssl=1","jetpack_shortlink":"https:\/\/wp.me\/p9jQ9a-1Z5","_links":{"self":[{"href":"https:\/\/grifk-handball.com\/miehet\/wp-json\/wp\/v2\/posts\/7631","targetHints":{"allow":["GET"]}}],"collection":[{"href":"https:\/\/grifk-handball.com\/miehet\/wp-json\/wp\/v2\/posts"}],"about":[{"href":"https:\/\/grifk-handball.com\/miehet\/wp-json\/wp\/v2\/types\/post"}],"author":[{"embeddable":true,"href":"https:\/\/grifk-handball.com\/miehet\/wp-json\/wp\/v2\/users\/1"}],"replies":[{"embeddable":true,"href":"https:\/\/grifk-handball.com\/miehet\/wp-json\/wp\/v2\/comments?post=7631"}],"version-history":[{"count":0,"href":"https:\/\/grifk-handball.com\/miehet\/wp-json\/wp\/v2\/posts\/7631\/revisions"}],"wp:featuredmedia":[{"embeddable":true,"href":"https:\/\/grifk-handball.com\/miehet\/wp-json\/wp\/v2\/media\/7615"}],"wp:attachment":[{"href":"https:\/\/grifk-handball.com\/miehet\/wp-json\/wp\/v2\/media?parent=7631"}],"wp:term":[{"taxonomy":"category","embeddable":true,"href":"https:\/\/grifk-handball.com\/miehet\/wp-json\/wp\/v2\/categories?post=7631"},{"taxonomy":"post_tag","embeddable":true,"href":"https:\/\/grifk-handball.com\/miehet\/wp-json\/wp\/v2\/tags?post=7631"}],"curies":[{"name":"wp","href":"https:\/\/api.w.org\/{rel}","templated":true}]}}