{"id":8612,"date":"2018-06-01T12:54:29","date_gmt":"2018-06-01T09:54:29","guid":{"rendered":"https:\/\/grifk-handball.com\/miehet\/?p=8612"},"modified":"2018-09-03T12:57:44","modified_gmt":"2018-09-03T09:57:44","slug":"kaj-hagman-grifkn-uusi-paavalmentaja","status":"publish","type":"post","link":"https:\/\/grifk-handball.com\/miehet\/uutiset\/kaj-hagman-grifkn-uusi-paavalmentaja\/","title":{"rendered":"Kaj Hagman GrIFK:n uusi p\u00e4\u00e4valmentaja"},"content":{"rendered":"<p><img data-recalc-dims=\"1\" loading=\"lazy\" decoding=\"async\" src=\"https:\/\/i0.wp.com\/grifk-handball.com\/miehet\/wp-content\/uploads\/sites\/2\/2018\/05\/kaj-hagman_yle-janne-karinkanta-1030x687.jpg?resize=1030%2C687&#038;ssl=1\" alt=\"\" width=\"1030\" height=\"687\" class=\"alignnone size-large wp-image-8625\" \/><\/p>\n<p>Viime kaudella nelj\u00e4nneksi SM-liigassa sijoittunut GrIFK on solminut 2+1 vuotisen sopimuksen viimeiset viisi vuotta SIF:i\u00e4 valmentaneen Kaj Hagmanin kanssa. Hagman korvaa kolme kautta Grania valmentaneen Mikko Koskuen.<!--more--><\/p>\n<p>38-vuotias Hagman on siviiliammatiltaan opettaja ja asuu Tammisaaressa. Yhden Suomen mestaruuden saavuttanut BK-46:n kasvatti ehti urallaan pelata reilut 400 ottelua ja tehd\u00e4 yli 1200 maalia BK:n, SIF:n ja EIF:n riveiss\u00e4, sek\u00e4 edustaa Suomea nelj\u00e4ss\u00e4 A-maaottelussa. <\/p>\n<div id=\"attachment_8652\" style=\"width: 310px\" class=\"wp-caption alignright\"><a href=\"https:\/\/i0.wp.com\/grifk-handball.com\/miehet\/wp-content\/uploads\/sites\/2\/2018\/06\/kaj-hagman.jpg?ssl=1\"><img data-recalc-dims=\"1\" loading=\"lazy\" decoding=\"async\" aria-describedby=\"caption-attachment-8652\" src=\"https:\/\/i0.wp.com\/grifk-handball.com\/miehet\/wp-content\/uploads\/sites\/2\/2018\/06\/kaj-hagman-300x271.jpg?resize=300%2C271&#038;ssl=1\" alt=\"\" width=\"300\" height=\"271\" class=\"size-medium wp-image-8652\" srcset=\"https:\/\/i0.wp.com\/grifk-handball.com\/miehet\/wp-content\/uploads\/sites\/2\/2018\/06\/kaj-hagman.jpg?resize=300%2C271&amp;ssl=1 300w, https:\/\/i0.wp.com\/grifk-handball.com\/miehet\/wp-content\/uploads\/sites\/2\/2018\/06\/kaj-hagman.jpg?resize=768%2C695&amp;ssl=1 768w, https:\/\/i0.wp.com\/grifk-handball.com\/miehet\/wp-content\/uploads\/sites\/2\/2018\/06\/kaj-hagman.jpg?resize=1030%2C931&amp;ssl=1 1030w, https:\/\/i0.wp.com\/grifk-handball.com\/miehet\/wp-content\/uploads\/sites\/2\/2018\/06\/kaj-hagman.jpg?resize=1500%2C1356&amp;ssl=1 1500w, https:\/\/i0.wp.com\/grifk-handball.com\/miehet\/wp-content\/uploads\/sites\/2\/2018\/06\/kaj-hagman.jpg?resize=705%2C638&amp;ssl=1 705w, https:\/\/i0.wp.com\/grifk-handball.com\/miehet\/wp-content\/uploads\/sites\/2\/2018\/06\/kaj-hagman.jpg?resize=450%2C407&amp;ssl=1 450w, https:\/\/i0.wp.com\/grifk-handball.com\/miehet\/wp-content\/uploads\/sites\/2\/2018\/06\/kaj-hagman.jpg?w=3000 3000w\" sizes=\"auto, (max-width: 300px) 100vw, 300px\" \/><\/a><p id=\"caption-attachment-8652\" class=\"wp-caption-text\">Kaj Hagman valmentaa GrIFK:ta kaudella 2018\/19<\/p><\/div>\n<h4>&#8221;Eye of the tiger -fiilist\u00e4&#8221;<\/h4>\n<p>Intohimoisena ja tulisieluisena k\u00e4sipalloluotsina tunnettu tammisaarelainen toivoo saavansa istutettua GrIFK:n pelaajiinsa kunnon taisteluhenke\u00e4, &#8221;Eye of the tiger&#8221; -fiilist\u00e4. <\/p>\n<p>Kes\u00e4n aikana alkavaan K\u00e4sipalloliiton TS3-koulutukseen osallistuva, SM-liigan vuoden valmentajaksi pronssiin p\u00e4\u00e4ttyneell\u00e4 kaudella 2013\/14 valittu Hagman luottaa hyv\u00e4\u00e4n joukkuehenkeen ja pit\u00e4\u00e4 t\u00e4rkeimpin\u00e4 arvoina kommunikaatiota ja avoimuutta joukkueen kesken. Hagman haluaa kehitt\u00e4\u00e4 hyvi\u00e4 k\u00e4sipalloilijoita ja saada mahdollisimman paljon irti pelaajamateriaalista. <\/p>\n<p>GrIFK Elitin puheenjohtaja Kristoffer Aspelin sanoo Hagmanilla olevan hyv\u00e4 kyky kehitt\u00e4\u00e4 nuoria pelaajia ja tsempata heit\u00e4. <em>&#8221;Valmentajan pit\u00e4\u00e4 luotsia joukkue sellaiseen peliin mit\u00e4 pelaajarunko sallii, ja uskomme ett\u00e4 Hagman pystyy totetuttamaan sen.&#8221;<\/em><\/p>\n<h4>Omille junioreille vahvempi pelaajapolku<\/h4>\n<p>GrIFK pyrkii seurana parantamaan junioripelaajien mahdollisuuksia kehitty\u00e4 lajin huipulle. Vahvistuksia hankitaan vain mik\u00e4li omista ei viel\u00e4 l\u00f6ydy riitt\u00e4v\u00e4n tasokasta pelaajaa t\u00e4ytt\u00e4m\u00e4\u00e4n liigatason kriteerit. Edustusjoukkue kokee isohkoja muutoksia sitten viime kauden sek\u00e4 valmentajan vaihdoksen ett\u00e4 muutaman profiilipelaajan siirtyess\u00e4 muualle. L\u00e4htij\u00f6iden korvaajiksi on tehty t\u00e4sm\u00e4hankintoja, ja mukaan on haluttu nimenomaan nuoria sek\u00e4 n\u00e4lk\u00e4isi\u00e4 pelaajia.<\/p>\n<p><em>&#8221;Meill\u00e4 on vahva usko ja halu panostaa omiin junnuihin ja erityisesti 2001-05 syntyneet ovat hyvi\u00e4 ik\u00e4luokkia. Tavoite on, ett\u00e4 parin vuoden p\u00e4\u00e4st\u00e4 valtaosa liigajoukkueesta koostuisi omista junnuista&#8221;<\/em>, Aspelin toteaa. Kaj Hagman tuleekin laittamaan sormensa peliin paitsi liiga-, my\u00f6s A- ja B-juniorijoukkueiden toimintaan. Hyv\u00e4n n\u00e4ppituntuman avulla jokaiselle pelaajalle l\u00f6ytyy Granin organisaatiosta juuri sopivan tasoinen joukkue pelaajan omien tavoitteiden ja tason mukaisesti. Seuralla on erinomaisia nuorempia ik\u00e4luokkia, joiden pelaajille halutaan pedata tulevaisuudessa parhaat mahdollisuudet edet\u00e4 urallaan.<\/p>\n<p><em>Kuva: Janne Karinkanta<\/em><\/p>\n","protected":false},"excerpt":{"rendered":"<p>Viime kaudella nelj\u00e4nneksi SM-liigassa sijoittunut GrIFK on solminut 2+1 vuotisen sopimuksen viimeiset viisi vuotta SIF:i\u00e4 valmentaneen Kaj Hagmanin kanssa. Hagman korvaa kolme kautta Grania valmentaneen Mikko Koskuen.<\/p>\n","protected":false},"author":1,"featured_media":8652,"comment_status":"closed","ping_status":"closed","sticky":false,"template":"","format":"standard","meta":{"_acf_changed":false,"footnotes":"","_members_access_role":[],"_members_access_error":""},"categories":[257,7],"tags":[12,263,26,13,251,25,265,39],"class_list":["post-8612","post","type-post","status-publish","format-standard","has-post-thumbnail","hentry","category-ennakot","category-uutiset","tag-bombom","tag-eyeofthetiger","tag-grifkhandball","tag-nevergiveup","tag-tunnetta-peliin","tag-grifk","tag-kaj-hagman","tag-sif"],"acf":[],"yoast_head":"<!-- This site is optimized with the Yoast SEO plugin v28.4 - https:\/\/yoast.com\/product\/yoast-seo-wordpress\/ -->\n<title>Kaj Hagman GrIFK:n uusi p\u00e4\u00e4valmentaja &#8212; GrIFK K\u00e4sipallo - miehet<\/title>\n<meta name=\"robots\" content=\"index, follow, max-snippet:-1, max-image-preview:large, max-video-preview:-1\" \/>\n<link rel=\"canonical\" href=\"https:\/\/grifk-handball.com\/miehet\/uutiset\/kaj-hagman-grifkn-uusi-paavalmentaja\/\" \/>\n<meta property=\"og:locale\" content=\"fi_FI\" \/>\n<meta property=\"og:type\" content=\"article\" \/>\n<meta property=\"og:title\" content=\"Kaj Hagman GrIFK:n uusi p\u00e4\u00e4valmentaja &#8212; GrIFK K\u00e4sipallo - miehet\" \/>\n<meta property=\"og:description\" content=\"Viime kaudella nelj\u00e4nneksi SM-liigassa sijoittunut GrIFK on solminut 2+1 vuotisen sopimuksen viimeiset viisi vuotta SIF:i\u00e4 valmentaneen Kaj Hagmanin kanssa. Hagman korvaa kolme kautta Grania valmentaneen Mikko Koskuen.\" \/>\n<meta property=\"og:url\" content=\"https:\/\/grifk-handball.com\/miehet\/uutiset\/kaj-hagman-grifkn-uusi-paavalmentaja\/\" \/>\n<meta property=\"og:site_name\" content=\"GrIFK K\u00e4sipallo - miehet\" \/>\n<meta property=\"article:publisher\" content=\"https:\/\/www.facebook.com\/GrIFKelit\/\" \/>\n<meta property=\"article:published_time\" content=\"2018-06-01T09:54:29+00:00\" \/>\n<meta property=\"article:modified_time\" content=\"2018-09-03T09:57:44+00:00\" \/>\n<meta property=\"og:image\" content=\"https:\/\/grifk-handball.com\/miehet\/wp-content\/uploads\/sites\/2\/2018\/06\/kaj-hagman-1030x931.jpg\" \/>\n\t<meta property=\"og:image:width\" content=\"1030\" \/>\n\t<meta property=\"og:image:height\" content=\"931\" \/>\n\t<meta property=\"og:image:type\" content=\"image\/jpeg\" \/>\n<meta name=\"author\" content=\"granimaster\" \/>\n<meta name=\"twitter:card\" content=\"summary_large_image\" \/>\n<meta name=\"twitter:creator\" content=\"@GrIFK_MSM\" \/>\n<meta name=\"twitter:site\" content=\"@GrIFK_MSM\" \/>\n<meta name=\"twitter:label1\" content=\"Kirjoittanut\" \/>\n\t<meta name=\"twitter:data1\" content=\"granimaster\" \/>\n\t<meta name=\"twitter:label2\" content=\"Arvioitu lukuaika\" \/>\n\t<meta name=\"twitter:data2\" content=\"2 minuuttia\" \/>\n<script type=\"application\/ld+json\" class=\"yoast-schema-graph\">{\"@context\":\"https:\\\/\\\/schema.org\",\"@graph\":[{\"@type\":\"Article\",\"@id\":\"https:\\\/\\\/grifk-handball.com\\\/miehet\\\/uutiset\\\/kaj-hagman-grifkn-uusi-paavalmentaja\\\/#article\",\"isPartOf\":{\"@id\":\"https:\\\/\\\/grifk-handball.com\\\/miehet\\\/uutiset\\\/kaj-hagman-grifkn-uusi-paavalmentaja\\\/\"},\"author\":{\"name\":\"granimaster\",\"@id\":\"https:\\\/\\\/grifk-handball.com\\\/miehet\\\/#\\\/schema\\\/person\\\/9da98c743e3f0f85a1b32f59241b48e0\"},\"headline\":\"Kaj Hagman GrIFK:n uusi p\u00e4\u00e4valmentaja\",\"datePublished\":\"2018-06-01T09:54:29+00:00\",\"dateModified\":\"2018-09-03T09:57:44+00:00\",\"mainEntityOfPage\":{\"@id\":\"https:\\\/\\\/grifk-handball.com\\\/miehet\\\/uutiset\\\/kaj-hagman-grifkn-uusi-paavalmentaja\\\/\"},\"wordCount\":340,\"publisher\":{\"@id\":\"https:\\\/\\\/grifk-handball.com\\\/miehet\\\/#organization\"},\"image\":{\"@id\":\"https:\\\/\\\/grifk-handball.com\\\/miehet\\\/uutiset\\\/kaj-hagman-grifkn-uusi-paavalmentaja\\\/#primaryimage\"},\"thumbnailUrl\":\"https:\\\/\\\/i0.wp.com\\\/grifk-handball.com\\\/miehet\\\/wp-content\\\/uploads\\\/sites\\\/2\\\/2018\\\/06\\\/kaj-hagman.jpg?fit=3072%2C2778&ssl=1\",\"keywords\":[\"#BomBom\",\"#EyeOfTheTiger\",\"#GrIFKHandball\",\"#NeverGiveUp\",\"#Tunnetta peliin\",\"GrIFK\",\"Kaj Hagman\",\"SIF\"],\"articleSection\":[\"Ennakot 2018-19\",\"Uutiset\"],\"inLanguage\":\"fi\"},{\"@type\":\"WebPage\",\"@id\":\"https:\\\/\\\/grifk-handball.com\\\/miehet\\\/uutiset\\\/kaj-hagman-grifkn-uusi-paavalmentaja\\\/\",\"url\":\"https:\\\/\\\/grifk-handball.com\\\/miehet\\\/uutiset\\\/kaj-hagman-grifkn-uusi-paavalmentaja\\\/\",\"name\":\"Kaj Hagman GrIFK:n uusi p\u00e4\u00e4valmentaja &#8212; GrIFK K\u00e4sipallo - miehet\",\"isPartOf\":{\"@id\":\"https:\\\/\\\/grifk-handball.com\\\/miehet\\\/#website\"},\"primaryImageOfPage\":{\"@id\":\"https:\\\/\\\/grifk-handball.com\\\/miehet\\\/uutiset\\\/kaj-hagman-grifkn-uusi-paavalmentaja\\\/#primaryimage\"},\"image\":{\"@id\":\"https:\\\/\\\/grifk-handball.com\\\/miehet\\\/uutiset\\\/kaj-hagman-grifkn-uusi-paavalmentaja\\\/#primaryimage\"},\"thumbnailUrl\":\"https:\\\/\\\/i0.wp.com\\\/grifk-handball.com\\\/miehet\\\/wp-content\\\/uploads\\\/sites\\\/2\\\/2018\\\/06\\\/kaj-hagman.jpg?fit=3072%2C2778&ssl=1\",\"datePublished\":\"2018-06-01T09:54:29+00:00\",\"dateModified\":\"2018-09-03T09:57:44+00:00\",\"breadcrumb\":{\"@id\":\"https:\\\/\\\/grifk-handball.com\\\/miehet\\\/uutiset\\\/kaj-hagman-grifkn-uusi-paavalmentaja\\\/#breadcrumb\"},\"inLanguage\":\"fi\",\"potentialAction\":[{\"@type\":\"ReadAction\",\"target\":[\"https:\\\/\\\/grifk-handball.com\\\/miehet\\\/uutiset\\\/kaj-hagman-grifkn-uusi-paavalmentaja\\\/\"]}]},{\"@type\":\"ImageObject\",\"inLanguage\":\"fi\",\"@id\":\"https:\\\/\\\/grifk-handball.com\\\/miehet\\\/uutiset\\\/kaj-hagman-grifkn-uusi-paavalmentaja\\\/#primaryimage\",\"url\":\"https:\\\/\\\/i0.wp.com\\\/grifk-handball.com\\\/miehet\\\/wp-content\\\/uploads\\\/sites\\\/2\\\/2018\\\/06\\\/kaj-hagman.jpg?fit=3072%2C2778&ssl=1\",\"contentUrl\":\"https:\\\/\\\/i0.wp.com\\\/grifk-handball.com\\\/miehet\\\/wp-content\\\/uploads\\\/sites\\\/2\\\/2018\\\/06\\\/kaj-hagman.jpg?fit=3072%2C2778&ssl=1\",\"width\":3072,\"height\":2778,\"caption\":\"Kaj Hagman valmentaa GrIFK:ta kaudella 2018\\\/19\"},{\"@type\":\"BreadcrumbList\",\"@id\":\"https:\\\/\\\/grifk-handball.com\\\/miehet\\\/uutiset\\\/kaj-hagman-grifkn-uusi-paavalmentaja\\\/#breadcrumb\",\"itemListElement\":[{\"@type\":\"ListItem\",\"position\":1,\"name\":\"Home\",\"item\":\"https:\\\/\\\/grifk-handball.com\\\/miehet\\\/etusivu-260109\\\/\"},{\"@type\":\"ListItem\",\"position\":2,\"name\":\"Kaj Hagman GrIFK:n uusi p\u00e4\u00e4valmentaja\"}]},{\"@type\":\"WebSite\",\"@id\":\"https:\\\/\\\/grifk-handball.com\\\/miehet\\\/#website\",\"url\":\"https:\\\/\\\/grifk-handball.com\\\/miehet\\\/\",\"name\":\"GrIFK K\u00e4sipallo - miehet\",\"description\":\"BomBom!\",\"publisher\":{\"@id\":\"https:\\\/\\\/grifk-handball.com\\\/miehet\\\/#organization\"},\"potentialAction\":[{\"@type\":\"SearchAction\",\"target\":{\"@type\":\"EntryPoint\",\"urlTemplate\":\"https:\\\/\\\/grifk-handball.com\\\/miehet\\\/?s={search_term_string}\"},\"query-input\":{\"@type\":\"PropertyValueSpecification\",\"valueRequired\":true,\"valueName\":\"search_term_string\"}}],\"inLanguage\":\"fi\"},{\"@type\":\"Organization\",\"@id\":\"https:\\\/\\\/grifk-handball.com\\\/miehet\\\/#organization\",\"name\":\"GrIFK K\u00e4sipallo - miehet\",\"url\":\"https:\\\/\\\/grifk-handball.com\\\/miehet\\\/\",\"logo\":{\"@type\":\"ImageObject\",\"inLanguage\":\"fi\",\"@id\":\"https:\\\/\\\/grifk-handball.com\\\/miehet\\\/#\\\/schema\\\/logo\\\/image\\\/\",\"url\":\"https:\\\/\\\/i0.wp.com\\\/grifk-handball.com\\\/miehet\\\/wp-content\\\/uploads\\\/sites\\\/2\\\/2016\\\/10\\\/logo-grifk-iso.png?fit=1200%2C1400&ssl=1\",\"contentUrl\":\"https:\\\/\\\/i0.wp.com\\\/grifk-handball.com\\\/miehet\\\/wp-content\\\/uploads\\\/sites\\\/2\\\/2016\\\/10\\\/logo-grifk-iso.png?fit=1200%2C1400&ssl=1\",\"width\":1200,\"height\":1400,\"caption\":\"GrIFK K\u00e4sipallo - miehet\"},\"image\":{\"@id\":\"https:\\\/\\\/grifk-handball.com\\\/miehet\\\/#\\\/schema\\\/logo\\\/image\\\/\"},\"sameAs\":[\"https:\\\/\\\/www.facebook.com\\\/GrIFKelit\\\/\",\"https:\\\/\\\/x.com\\\/GrIFK_MSM\",\"https:\\\/\\\/www.instagram.com\\\/grifk_elit\\\/\"]},{\"@type\":\"Person\",\"@id\":\"https:\\\/\\\/grifk-handball.com\\\/miehet\\\/#\\\/schema\\\/person\\\/9da98c743e3f0f85a1b32f59241b48e0\",\"name\":\"granimaster\",\"image\":{\"@type\":\"ImageObject\",\"inLanguage\":\"fi\",\"@id\":\"https:\\\/\\\/secure.gravatar.com\\\/avatar\\\/034b8e6380fc659c320f13e17fe45bd9ab48a21e2debadd5f3179bde291949df?s=96&d=mm&r=g\",\"url\":\"https:\\\/\\\/secure.gravatar.com\\\/avatar\\\/034b8e6380fc659c320f13e17fe45bd9ab48a21e2debadd5f3179bde291949df?s=96&d=mm&r=g\",\"contentUrl\":\"https:\\\/\\\/secure.gravatar.com\\\/avatar\\\/034b8e6380fc659c320f13e17fe45bd9ab48a21e2debadd5f3179bde291949df?s=96&d=mm&r=g\",\"caption\":\"granimaster\"},\"url\":\"https:\\\/\\\/grifk-handball.com\\\/miehet\\\/author\\\/granimaster\\\/\"}]}<\/script>\n<!-- \/ Yoast SEO plugin. -->","yoast_head_json":{"title":"Kaj Hagman GrIFK:n uusi p\u00e4\u00e4valmentaja &#8212; GrIFK K\u00e4sipallo - miehet","robots":{"index":"index","follow":"follow","max-snippet":"max-snippet:-1","max-image-preview":"max-image-preview:large","max-video-preview":"max-video-preview:-1"},"canonical":"https:\/\/grifk-handball.com\/miehet\/uutiset\/kaj-hagman-grifkn-uusi-paavalmentaja\/","og_locale":"fi_FI","og_type":"article","og_title":"Kaj Hagman GrIFK:n uusi p\u00e4\u00e4valmentaja &#8212; GrIFK K\u00e4sipallo - miehet","og_description":"Viime kaudella nelj\u00e4nneksi SM-liigassa sijoittunut GrIFK on solminut 2+1 vuotisen sopimuksen viimeiset viisi vuotta SIF:i\u00e4 valmentaneen Kaj Hagmanin kanssa. Hagman korvaa kolme kautta Grania valmentaneen Mikko Koskuen.","og_url":"https:\/\/grifk-handball.com\/miehet\/uutiset\/kaj-hagman-grifkn-uusi-paavalmentaja\/","og_site_name":"GrIFK K\u00e4sipallo - miehet","article_publisher":"https:\/\/www.facebook.com\/GrIFKelit\/","article_published_time":"2018-06-01T09:54:29+00:00","article_modified_time":"2018-09-03T09:57:44+00:00","og_image":[{"width":1030,"height":931,"url":"https:\/\/grifk-handball.com\/miehet\/wp-content\/uploads\/sites\/2\/2018\/06\/kaj-hagman-1030x931.jpg","type":"image\/jpeg"}],"author":"granimaster","twitter_card":"summary_large_image","twitter_creator":"@GrIFK_MSM","twitter_site":"@GrIFK_MSM","twitter_misc":{"Kirjoittanut":"granimaster","Arvioitu lukuaika":"2 minuuttia"},"schema":{"@context":"https:\/\/schema.org","@graph":[{"@type":"Article","@id":"https:\/\/grifk-handball.com\/miehet\/uutiset\/kaj-hagman-grifkn-uusi-paavalmentaja\/#article","isPartOf":{"@id":"https:\/\/grifk-handball.com\/miehet\/uutiset\/kaj-hagman-grifkn-uusi-paavalmentaja\/"},"author":{"name":"granimaster","@id":"https:\/\/grifk-handball.com\/miehet\/#\/schema\/person\/9da98c743e3f0f85a1b32f59241b48e0"},"headline":"Kaj Hagman GrIFK:n uusi p\u00e4\u00e4valmentaja","datePublished":"2018-06-01T09:54:29+00:00","dateModified":"2018-09-03T09:57:44+00:00","mainEntityOfPage":{"@id":"https:\/\/grifk-handball.com\/miehet\/uutiset\/kaj-hagman-grifkn-uusi-paavalmentaja\/"},"wordCount":340,"publisher":{"@id":"https:\/\/grifk-handball.com\/miehet\/#organization"},"image":{"@id":"https:\/\/grifk-handball.com\/miehet\/uutiset\/kaj-hagman-grifkn-uusi-paavalmentaja\/#primaryimage"},"thumbnailUrl":"https:\/\/i0.wp.com\/grifk-handball.com\/miehet\/wp-content\/uploads\/sites\/2\/2018\/06\/kaj-hagman.jpg?fit=3072%2C2778&ssl=1","keywords":["#BomBom","#EyeOfTheTiger","#GrIFKHandball","#NeverGiveUp","#Tunnetta peliin","GrIFK","Kaj Hagman","SIF"],"articleSection":["Ennakot 2018-19","Uutiset"],"inLanguage":"fi"},{"@type":"WebPage","@id":"https:\/\/grifk-handball.com\/miehet\/uutiset\/kaj-hagman-grifkn-uusi-paavalmentaja\/","url":"https:\/\/grifk-handball.com\/miehet\/uutiset\/kaj-hagman-grifkn-uusi-paavalmentaja\/","name":"Kaj Hagman GrIFK:n uusi p\u00e4\u00e4valmentaja &#8212; GrIFK K\u00e4sipallo - miehet","isPartOf":{"@id":"https:\/\/grifk-handball.com\/miehet\/#website"},"primaryImageOfPage":{"@id":"https:\/\/grifk-handball.com\/miehet\/uutiset\/kaj-hagman-grifkn-uusi-paavalmentaja\/#primaryimage"},"image":{"@id":"https:\/\/grifk-handball.com\/miehet\/uutiset\/kaj-hagman-grifkn-uusi-paavalmentaja\/#primaryimage"},"thumbnailUrl":"https:\/\/i0.wp.com\/grifk-handball.com\/miehet\/wp-content\/uploads\/sites\/2\/2018\/06\/kaj-hagman.jpg?fit=3072%2C2778&ssl=1","datePublished":"2018-06-01T09:54:29+00:00","dateModified":"2018-09-03T09:57:44+00:00","breadcrumb":{"@id":"https:\/\/grifk-handball.com\/miehet\/uutiset\/kaj-hagman-grifkn-uusi-paavalmentaja\/#breadcrumb"},"inLanguage":"fi","potentialAction":[{"@type":"ReadAction","target":["https:\/\/grifk-handball.com\/miehet\/uutiset\/kaj-hagman-grifkn-uusi-paavalmentaja\/"]}]},{"@type":"ImageObject","inLanguage":"fi","@id":"https:\/\/grifk-handball.com\/miehet\/uutiset\/kaj-hagman-grifkn-uusi-paavalmentaja\/#primaryimage","url":"https:\/\/i0.wp.com\/grifk-handball.com\/miehet\/wp-content\/uploads\/sites\/2\/2018\/06\/kaj-hagman.jpg?fit=3072%2C2778&ssl=1","contentUrl":"https:\/\/i0.wp.com\/grifk-handball.com\/miehet\/wp-content\/uploads\/sites\/2\/2018\/06\/kaj-hagman.jpg?fit=3072%2C2778&ssl=1","width":3072,"height":2778,"caption":"Kaj Hagman valmentaa GrIFK:ta kaudella 2018\/19"},{"@type":"BreadcrumbList","@id":"https:\/\/grifk-handball.com\/miehet\/uutiset\/kaj-hagman-grifkn-uusi-paavalmentaja\/#breadcrumb","itemListElement":[{"@type":"ListItem","position":1,"name":"Home","item":"https:\/\/grifk-handball.com\/miehet\/etusivu-260109\/"},{"@type":"ListItem","position":2,"name":"Kaj Hagman GrIFK:n uusi p\u00e4\u00e4valmentaja"}]},{"@type":"WebSite","@id":"https:\/\/grifk-handball.com\/miehet\/#website","url":"https:\/\/grifk-handball.com\/miehet\/","name":"GrIFK K\u00e4sipallo - miehet","description":"BomBom!","publisher":{"@id":"https:\/\/grifk-handball.com\/miehet\/#organization"},"potentialAction":[{"@type":"SearchAction","target":{"@type":"EntryPoint","urlTemplate":"https:\/\/grifk-handball.com\/miehet\/?s={search_term_string}"},"query-input":{"@type":"PropertyValueSpecification","valueRequired":true,"valueName":"search_term_string"}}],"inLanguage":"fi"},{"@type":"Organization","@id":"https:\/\/grifk-handball.com\/miehet\/#organization","name":"GrIFK K\u00e4sipallo - miehet","url":"https:\/\/grifk-handball.com\/miehet\/","logo":{"@type":"ImageObject","inLanguage":"fi","@id":"https:\/\/grifk-handball.com\/miehet\/#\/schema\/logo\/image\/","url":"https:\/\/i0.wp.com\/grifk-handball.com\/miehet\/wp-content\/uploads\/sites\/2\/2016\/10\/logo-grifk-iso.png?fit=1200%2C1400&ssl=1","contentUrl":"https:\/\/i0.wp.com\/grifk-handball.com\/miehet\/wp-content\/uploads\/sites\/2\/2016\/10\/logo-grifk-iso.png?fit=1200%2C1400&ssl=1","width":1200,"height":1400,"caption":"GrIFK K\u00e4sipallo - miehet"},"image":{"@id":"https:\/\/grifk-handball.com\/miehet\/#\/schema\/logo\/image\/"},"sameAs":["https:\/\/www.facebook.com\/GrIFKelit\/","https:\/\/x.com\/GrIFK_MSM","https:\/\/www.instagram.com\/grifk_elit\/"]},{"@type":"Person","@id":"https:\/\/grifk-handball.com\/miehet\/#\/schema\/person\/9da98c743e3f0f85a1b32f59241b48e0","name":"granimaster","image":{"@type":"ImageObject","inLanguage":"fi","@id":"https:\/\/secure.gravatar.com\/avatar\/034b8e6380fc659c320f13e17fe45bd9ab48a21e2debadd5f3179bde291949df?s=96&d=mm&r=g","url":"https:\/\/secure.gravatar.com\/avatar\/034b8e6380fc659c320f13e17fe45bd9ab48a21e2debadd5f3179bde291949df?s=96&d=mm&r=g","contentUrl":"https:\/\/secure.gravatar.com\/avatar\/034b8e6380fc659c320f13e17fe45bd9ab48a21e2debadd5f3179bde291949df?s=96&d=mm&r=g","caption":"granimaster"},"url":"https:\/\/grifk-handball.com\/miehet\/author\/granimaster\/"}]}},"jetpack_shortlink":"https:\/\/wp.me\/p9jQ9a-2eU","jetpack_featured_media_url":"https:\/\/i0.wp.com\/grifk-handball.com\/miehet\/wp-content\/uploads\/sites\/2\/2018\/06\/kaj-hagman.jpg?fit=3072%2C2778&ssl=1","_links":{"self":[{"href":"https:\/\/grifk-handball.com\/miehet\/wp-json\/wp\/v2\/posts\/8612","targetHints":{"allow":["GET"]}}],"collection":[{"href":"https:\/\/grifk-handball.com\/miehet\/wp-json\/wp\/v2\/posts"}],"about":[{"href":"https:\/\/grifk-handball.com\/miehet\/wp-json\/wp\/v2\/types\/post"}],"author":[{"embeddable":true,"href":"https:\/\/grifk-handball.com\/miehet\/wp-json\/wp\/v2\/users\/1"}],"replies":[{"embeddable":true,"href":"https:\/\/grifk-handball.com\/miehet\/wp-json\/wp\/v2\/comments?post=8612"}],"version-history":[{"count":2,"href":"https:\/\/grifk-handball.com\/miehet\/wp-json\/wp\/v2\/posts\/8612\/revisions"}],"predecessor-version":[{"id":22437,"href":"https:\/\/grifk-handball.com\/miehet\/wp-json\/wp\/v2\/posts\/8612\/revisions\/22437"}],"wp:featuredmedia":[{"embeddable":true,"href":"https:\/\/grifk-handball.com\/miehet\/wp-json\/wp\/v2\/media\/8652"}],"wp:attachment":[{"href":"https:\/\/grifk-handball.com\/miehet\/wp-json\/wp\/v2\/media?parent=8612"}],"wp:term":[{"taxonomy":"category","embeddable":true,"href":"https:\/\/grifk-handball.com\/miehet\/wp-json\/wp\/v2\/categories?post=8612"},{"taxonomy":"post_tag","embeddable":true,"href":"https:\/\/grifk-handball.com\/miehet\/wp-json\/wp\/v2\/tags?post=8612"}],"curies":[{"name":"wp","href":"https:\/\/api.w.org\/{rel}","templated":true}]}}