{"id":9632,"date":"2018-09-09T22:04:02","date_gmt":"2018-09-09T19:04:02","guid":{"rendered":"https:\/\/grifk-handball.com\/miehet\/?p=9632"},"modified":"2018-09-10T14:29:23","modified_gmt":"2018-09-10T11:29:23","slug":"grani-taipui-liiga-avauksessa-karjaalla","status":"publish","type":"post","link":"https:\/\/grifk-handball.com\/miehet\/2018-19\/ottelut\/grani-taipui-liiga-avauksessa-karjaalla\/","title":{"rendered":"Grani taipui liiga-avauksessa Karjaalla"},"content":{"rendered":"<section  class='av_textblock_section av-jlw5ynvq-ae1d3db612c3ae8600f8abacb64e8a19 '   itemscope=\"itemscope\" itemtype=\"https:\/\/schema.org\/BlogPosting\" itemprop=\"blogPost\" ><div class='avia_textblock'  itemprop=\"text\" ><p>Miesten SM-liigan avauskierros tarjosi tasaisia taisteluita sarjapisteist\u00e4, pari selv\u00e4\u00e4 peli\u00e4 ja yhden hienoisen yll\u00e4tyksen.<\/p>\n<div id=\"attachment_9463\" style=\"width: 256px\" class=\"wp-caption alignright\"><a href=\"https:\/\/grifk-handball.com\/miehet\/joukkue-2018-19\/albert-georgs\/\"><img data-recalc-dims=\"1\" loading=\"lazy\" decoding=\"async\" aria-describedby=\"caption-attachment-9463\" class=\"alignright size-medium wp-image-9463\" src=\"https:\/\/i0.wp.com\/grifk-handball.com\/miehet\/wp-content\/uploads\/sites\/2\/2018\/09\/Albert-Georgs-246x300.jpg?resize=246%2C300&#038;ssl=1\" alt=\"\" width=\"246\" height=\"300\" srcset=\"https:\/\/i0.wp.com\/grifk-handball.com\/miehet\/wp-content\/uploads\/sites\/2\/2018\/09\/Albert-Georgs.jpg?resize=246%2C300&amp;ssl=1 246w, https:\/\/i0.wp.com\/grifk-handball.com\/miehet\/wp-content\/uploads\/sites\/2\/2018\/09\/Albert-Georgs.jpg?resize=768%2C935&amp;ssl=1 768w, https:\/\/i0.wp.com\/grifk-handball.com\/miehet\/wp-content\/uploads\/sites\/2\/2018\/09\/Albert-Georgs.jpg?resize=846%2C1030&amp;ssl=1 846w, https:\/\/i0.wp.com\/grifk-handball.com\/miehet\/wp-content\/uploads\/sites\/2\/2018\/09\/Albert-Georgs.jpg?resize=1232%2C1500&amp;ssl=1 1232w, https:\/\/i0.wp.com\/grifk-handball.com\/miehet\/wp-content\/uploads\/sites\/2\/2018\/09\/Albert-Georgs.jpg?resize=579%2C705&amp;ssl=1 579w, https:\/\/i0.wp.com\/grifk-handball.com\/miehet\/wp-content\/uploads\/sites\/2\/2018\/09\/Albert-Georgs.jpg?resize=450%2C548&amp;ssl=1 450w, https:\/\/i0.wp.com\/grifk-handball.com\/miehet\/wp-content\/uploads\/sites\/2\/2018\/09\/Albert-Georgs.jpg?w=1682&amp;ssl=1 1682w\" sizes=\"auto, (max-width: 246px) 100vw, 246px\" \/><\/a><p id=\"caption-attachment-9463\" class=\"wp-caption-text\">Hienon ottelun Karjaalla pelanneen Albert Georgsin torjunnat riittiv\u00e4t kahteen L\u00e4hiTapiola-t\u00e4hteen.<\/p><\/div>\n<h3>Grani taktikoi BK:ta vastaan<\/h3>\n<p>Keskiviikkona kymmenell\u00e4 maalilla Suomen Cupin ottelun kotonaan BK:lle h\u00e4vinnyt Grani l\u00e4hti ennakkoluulottomasti haastamaan punavalkoraitapaitoja. Kaj Hagman on muuttanut puolustusmuotoa passiivisemmaksi, mik\u00e4 aiheutti BK:lle hieman harmia. Matalampi puolustus pohjusti my\u00f6s paremman maalivahtipelin kun Albert Georgs sai heti ensiminuuteista l\u00e4htien hyvi\u00e4 koppeja.<\/p>\n<p>Grani l\u00e4hti er\u00e4tauolle maalin johdossa, jonka BK kuittasi toisen jakson alkupuoliskolla, venytt\u00e4en eron pahimmillaan jo nelj\u00e4\u00e4n maaliin (22-18). Vierasjoukkueen taisteluasenne toi GrIFK:n viel\u00e4 maalin p\u00e4\u00e4h\u00e4n (22-21), taaten ottelulle j\u00e4nnitt\u00e4v\u00e4t loppuminuutit. &#8221;Matchvinnareksi&#8221; valikoitui lopulta is\u00e4ntien maalilla 25 torjuntaa tehnyt Bogdan Klepa, joka pys\u00e4ytti reilut kaksi minuuttia ennen loppua, tilanteessa 26-24 Jasper Hellbergin rankkarin. Sit\u00e4 seuraavasta hy\u00f6kk\u00e4yksest\u00e4 Sebastian S\u00e4kkinen niittasi ottelun lopullisen ratkaisun. Klepa ei en\u00e4\u00e4 lopussa antautunut joten loppulukemat Karjaalla 28-24.<\/p>\n<h3>Maalivahtien ottelu<\/h3>\n<p>Ottelu oli kahden mahtivireess\u00e4 olleen maalivahdin n\u00e4yt\u00f6s. Klepa BK:n ja Georgs GrIFK:n maalissa pokkasivat viisi kuudesta jaossa olleesta L\u00e4hiTapiola-t\u00e4hdest\u00e4. BK:n maalinteko jakaantui tasaisesti nelj\u00e4n viiden maalin miehen nimiin, Granin viuluja viritteli seitsem\u00e4n maalin verran Sami Silfver, my\u00f6s toinen ex-BK Jasper Hellberg (4 maalia) viihtyi entisess\u00e4 kotihallissaan hyvin. Jontahan Almark ja Anton Karlsson viimeisteliv\u00e4t ensimm\u00e4isiss\u00e4 liigaottelussaan uran ensimm\u00e4iset liigamaalinsa.<\/p>\n<h3>Reilut 300 katsojaa per peli<\/h3>\n<p>Perjantaina liigakauden aloittaneessa ottelussa PIF k\u00e4vi Turussa voittamassa pahimman vastustajansa \u00c5IFK:n lukemin 27-23 ja p\u00e4\u00e4si hetkellisesti nauttimaan liigan piikkipaikasta. Lauantaina Dicken myllytti Pirkkolassa Atlas Vantaan t\u00e4ysin parketin alle. Lopputulos 27-16 mairittelee suuresti sinisi\u00e4 vieraita, jotka j\u00e4iv\u00e4t pahasti jyr\u00e4n alle jo ensimm\u00e4isell\u00e4 jaksolla, joka p\u00e4\u00e4ttyi liigan enn\u00e4tyslukemiin 18-3. Mestareiden liigan debyyttiins\u00e4 valmistautuva Cocks k\u00e4vi hakemassa 26-23 voiton Siuntiosta, jossa kotijoukkue SIF hallitsi kentt\u00e4tapahtumia pitk\u00e4\u00e4n, johtaen viel\u00e4 tauolla 14-11.<\/p>\n<p>Sunnuntain otteluissa haettiin jo revansseja, kun sek\u00e4 Karjaalle BK-46:n vieraaksi matkannut GrIFK ett\u00e4 HIFK:ta is\u00e4nn\u00f6inyt HC HIK oli pudonnut Suomen Cupista vastustajansa toimesta. HIK aloitti pirte\u00e4sti mutta HIFK otti odotetusti komennon ja voitti 20-27 (8-9).<\/p>\n<p>SM-liigan avauskierroksen ottelut n\u00e4ki paikan p\u00e4\u00e4ll\u00e4 1519 maksanutta katsojaa, mik\u00e4 tekee keskiarvoksi 303,8. Eniten v\u00e4ke\u00e4 lehtereille houkutteli Karjaan ottelu, jossa tunnelmaa loi 521 silm\u00e4paria. Toisen kierroksen pelip\u00e4iv\u00e4t on 21.-23.9., ja otteluis\u00e4nn\u00e4t ovat Atlas Vantaa(-BK-46), Cocks(-Dicken), PIF(-SIF) ja reilut 300 kausikorttia etuk\u00e4teen myynyt HIFK. Kallioon ahtautui viime kauden runkosarjassa keskim\u00e4\u00e4rin 112 katsojaa joten mielenkiinnolla voi seurata kuinka paljon nousua HIFK saa t\u00e4n\u00e4 vuonna.<\/p>\n<h3>Granin kotiavaus Hankoa vastaan<\/h3>\n<p>My\u00f6s GrIFK p\u00e4\u00e4see esitt\u00e4ytym\u00e4\u00e4n liigan merkeiss\u00e4 kotiyleis\u00f6lleen. Vierasjoukkue HC HIK:lta j\u00e4i viime kaudella pistetili tyystin avaamatta ja joukkue vahvisti kes\u00e4ll\u00e4 rivej\u00e4\u00e4n mm. Nikola Zujicilla ja Australian maajoukkueessa esiintyneell\u00e4 ruotsalaistaustaisella maalivahdilla Kristofer Karlssonilla. Ottelu pelataan lauantaina 22.9. kello 16:00 alkaen.<\/p>\n<\/div><\/section>\n","protected":false},"excerpt":{"rendered":"","protected":false},"author":1,"featured_media":9638,"comment_status":"closed","ping_status":"closed","sticky":false,"template":"","format":"standard","meta":{"_acf_changed":false,"footnotes":""},"categories":[259],"tags":[12,26,251,18,25,38,41],"class_list":["post-9632","post","type-post","status-publish","format-standard","has-post-thumbnail","hentry","category-ottelut","tag-bombom","tag-grifkhandball","tag-tunnetta-peliin","tag-bk-46","tag-grifk","tag-runkosarja","tag-sm-liiga"],"acf":[],"yoast_head":"<!-- This site is optimized with the Yoast SEO plugin v27.5 - https:\/\/yoast.com\/product\/yoast-seo-wordpress\/ -->\n<title>Grani taipui liiga-avauksessa Karjaalla &#8212; GrIFK K\u00e4sipallo - miehet<\/title>\n<meta name=\"robots\" content=\"index, follow, max-snippet:-1, max-image-preview:large, max-video-preview:-1\" \/>\n<link rel=\"canonical\" href=\"https:\/\/grifk-handball.com\/miehet\/2018-19\/ottelut\/grani-taipui-liiga-avauksessa-karjaalla\/\" \/>\n<meta property=\"og:locale\" content=\"fi_FI\" \/>\n<meta property=\"og:type\" content=\"article\" \/>\n<meta property=\"og:title\" content=\"Grani taipui liiga-avauksessa Karjaalla &#8212; GrIFK K\u00e4sipallo - miehet\" \/>\n<meta property=\"og:url\" content=\"https:\/\/grifk-handball.com\/miehet\/2018-19\/ottelut\/grani-taipui-liiga-avauksessa-karjaalla\/\" \/>\n<meta property=\"og:site_name\" content=\"GrIFK K\u00e4sipallo - miehet\" \/>\n<meta property=\"article:publisher\" content=\"https:\/\/www.facebook.com\/GrIFKelit\/\" \/>\n<meta property=\"article:published_time\" content=\"2018-09-09T19:04:02+00:00\" \/>\n<meta property=\"article:modified_time\" content=\"2018-09-10T11:29:23+00:00\" \/>\n<meta property=\"og:image\" content=\"https:\/\/i0.wp.com\/grifk-handball.com\/miehet\/wp-content\/uploads\/sites\/2\/2018\/09\/IMG_1300.jpeg?fit=2048%2C1536&ssl=1\" \/>\n\t<meta property=\"og:image:width\" content=\"2048\" \/>\n\t<meta property=\"og:image:height\" content=\"1536\" \/>\n\t<meta property=\"og:image:type\" content=\"image\/jpeg\" \/>\n<meta name=\"author\" content=\"granimaster\" \/>\n<meta name=\"twitter:card\" content=\"summary_large_image\" \/>\n<meta name=\"twitter:creator\" content=\"@GrIFK_MSM\" \/>\n<meta name=\"twitter:site\" content=\"@GrIFK_MSM\" \/>\n<meta name=\"twitter:label1\" content=\"Kirjoittanut\" \/>\n\t<meta name=\"twitter:data1\" content=\"granimaster\" \/>\n\t<meta name=\"twitter:label2\" content=\"Arvioitu lukuaika\" \/>\n\t<meta name=\"twitter:data2\" content=\"3 minuuttia\" \/>\n<script type=\"application\/ld+json\" class=\"yoast-schema-graph\">{\"@context\":\"https:\\\/\\\/schema.org\",\"@graph\":[{\"@type\":\"Article\",\"@id\":\"https:\\\/\\\/grifk-handball.com\\\/miehet\\\/2018-19\\\/ottelut\\\/grani-taipui-liiga-avauksessa-karjaalla\\\/#article\",\"isPartOf\":{\"@id\":\"https:\\\/\\\/grifk-handball.com\\\/miehet\\\/2018-19\\\/ottelut\\\/grani-taipui-liiga-avauksessa-karjaalla\\\/\"},\"author\":{\"name\":\"granimaster\",\"@id\":\"https:\\\/\\\/grifk-handball.com\\\/miehet\\\/#\\\/schema\\\/person\\\/9da98c743e3f0f85a1b32f59241b48e0\"},\"headline\":\"Grani taipui liiga-avauksessa Karjaalla\",\"datePublished\":\"2018-09-09T19:04:02+00:00\",\"dateModified\":\"2018-09-10T11:29:23+00:00\",\"mainEntityOfPage\":{\"@id\":\"https:\\\/\\\/grifk-handball.com\\\/miehet\\\/2018-19\\\/ottelut\\\/grani-taipui-liiga-avauksessa-karjaalla\\\/\"},\"wordCount\":511,\"publisher\":{\"@id\":\"https:\\\/\\\/grifk-handball.com\\\/miehet\\\/#organization\"},\"image\":{\"@id\":\"https:\\\/\\\/grifk-handball.com\\\/miehet\\\/2018-19\\\/ottelut\\\/grani-taipui-liiga-avauksessa-karjaalla\\\/#primaryimage\"},\"thumbnailUrl\":\"https:\\\/\\\/i0.wp.com\\\/grifk-handball.com\\\/miehet\\\/wp-content\\\/uploads\\\/sites\\\/2\\\/2018\\\/09\\\/IMG_1300.jpeg?fit=2048%2C1536&ssl=1\",\"keywords\":[\"#BomBom\",\"#GrIFKHandball\",\"#Tunnetta peliin\",\"BK-46\",\"GrIFK\",\"Runkosarja\",\"SM-liiga\"],\"articleSection\":[\"Ottelut 2018-19\"],\"inLanguage\":\"fi\"},{\"@type\":\"WebPage\",\"@id\":\"https:\\\/\\\/grifk-handball.com\\\/miehet\\\/2018-19\\\/ottelut\\\/grani-taipui-liiga-avauksessa-karjaalla\\\/\",\"url\":\"https:\\\/\\\/grifk-handball.com\\\/miehet\\\/2018-19\\\/ottelut\\\/grani-taipui-liiga-avauksessa-karjaalla\\\/\",\"name\":\"Grani taipui liiga-avauksessa Karjaalla &#8212; GrIFK K\u00e4sipallo - miehet\",\"isPartOf\":{\"@id\":\"https:\\\/\\\/grifk-handball.com\\\/miehet\\\/#website\"},\"primaryImageOfPage\":{\"@id\":\"https:\\\/\\\/grifk-handball.com\\\/miehet\\\/2018-19\\\/ottelut\\\/grani-taipui-liiga-avauksessa-karjaalla\\\/#primaryimage\"},\"image\":{\"@id\":\"https:\\\/\\\/grifk-handball.com\\\/miehet\\\/2018-19\\\/ottelut\\\/grani-taipui-liiga-avauksessa-karjaalla\\\/#primaryimage\"},\"thumbnailUrl\":\"https:\\\/\\\/i0.wp.com\\\/grifk-handball.com\\\/miehet\\\/wp-content\\\/uploads\\\/sites\\\/2\\\/2018\\\/09\\\/IMG_1300.jpeg?fit=2048%2C1536&ssl=1\",\"datePublished\":\"2018-09-09T19:04:02+00:00\",\"dateModified\":\"2018-09-10T11:29:23+00:00\",\"breadcrumb\":{\"@id\":\"https:\\\/\\\/grifk-handball.com\\\/miehet\\\/2018-19\\\/ottelut\\\/grani-taipui-liiga-avauksessa-karjaalla\\\/#breadcrumb\"},\"inLanguage\":\"fi\",\"potentialAction\":[{\"@type\":\"ReadAction\",\"target\":[\"https:\\\/\\\/grifk-handball.com\\\/miehet\\\/2018-19\\\/ottelut\\\/grani-taipui-liiga-avauksessa-karjaalla\\\/\"]}]},{\"@type\":\"ImageObject\",\"inLanguage\":\"fi\",\"@id\":\"https:\\\/\\\/grifk-handball.com\\\/miehet\\\/2018-19\\\/ottelut\\\/grani-taipui-liiga-avauksessa-karjaalla\\\/#primaryimage\",\"url\":\"https:\\\/\\\/i0.wp.com\\\/grifk-handball.com\\\/miehet\\\/wp-content\\\/uploads\\\/sites\\\/2\\\/2018\\\/09\\\/IMG_1300.jpeg?fit=2048%2C1536&ssl=1\",\"contentUrl\":\"https:\\\/\\\/i0.wp.com\\\/grifk-handball.com\\\/miehet\\\/wp-content\\\/uploads\\\/sites\\\/2\\\/2018\\\/09\\\/IMG_1300.jpeg?fit=2048%2C1536&ssl=1\",\"width\":2048,\"height\":1536},{\"@type\":\"BreadcrumbList\",\"@id\":\"https:\\\/\\\/grifk-handball.com\\\/miehet\\\/2018-19\\\/ottelut\\\/grani-taipui-liiga-avauksessa-karjaalla\\\/#breadcrumb\",\"itemListElement\":[{\"@type\":\"ListItem\",\"position\":1,\"name\":\"Home\",\"item\":\"https:\\\/\\\/grifk-handball.com\\\/miehet\\\/etusivu-260109\\\/\"},{\"@type\":\"ListItem\",\"position\":2,\"name\":\"Grani taipui liiga-avauksessa Karjaalla\"}]},{\"@type\":\"WebSite\",\"@id\":\"https:\\\/\\\/grifk-handball.com\\\/miehet\\\/#website\",\"url\":\"https:\\\/\\\/grifk-handball.com\\\/miehet\\\/\",\"name\":\"GrIFK K\u00e4sipallo - miehet\",\"description\":\"BomBom!\",\"publisher\":{\"@id\":\"https:\\\/\\\/grifk-handball.com\\\/miehet\\\/#organization\"},\"potentialAction\":[{\"@type\":\"SearchAction\",\"target\":{\"@type\":\"EntryPoint\",\"urlTemplate\":\"https:\\\/\\\/grifk-handball.com\\\/miehet\\\/?s={search_term_string}\"},\"query-input\":{\"@type\":\"PropertyValueSpecification\",\"valueRequired\":true,\"valueName\":\"search_term_string\"}}],\"inLanguage\":\"fi\"},{\"@type\":\"Organization\",\"@id\":\"https:\\\/\\\/grifk-handball.com\\\/miehet\\\/#organization\",\"name\":\"GrIFK K\u00e4sipallo - miehet\",\"url\":\"https:\\\/\\\/grifk-handball.com\\\/miehet\\\/\",\"logo\":{\"@type\":\"ImageObject\",\"inLanguage\":\"fi\",\"@id\":\"https:\\\/\\\/grifk-handball.com\\\/miehet\\\/#\\\/schema\\\/logo\\\/image\\\/\",\"url\":\"https:\\\/\\\/i0.wp.com\\\/grifk-handball.com\\\/miehet\\\/wp-content\\\/uploads\\\/sites\\\/2\\\/2016\\\/10\\\/logo-grifk-iso.png?fit=1200%2C1400&ssl=1\",\"contentUrl\":\"https:\\\/\\\/i0.wp.com\\\/grifk-handball.com\\\/miehet\\\/wp-content\\\/uploads\\\/sites\\\/2\\\/2016\\\/10\\\/logo-grifk-iso.png?fit=1200%2C1400&ssl=1\",\"width\":1200,\"height\":1400,\"caption\":\"GrIFK K\u00e4sipallo - miehet\"},\"image\":{\"@id\":\"https:\\\/\\\/grifk-handball.com\\\/miehet\\\/#\\\/schema\\\/logo\\\/image\\\/\"},\"sameAs\":[\"https:\\\/\\\/www.facebook.com\\\/GrIFKelit\\\/\",\"https:\\\/\\\/x.com\\\/GrIFK_MSM\",\"https:\\\/\\\/www.instagram.com\\\/grifk_elit\\\/\"]},{\"@type\":\"Person\",\"@id\":\"https:\\\/\\\/grifk-handball.com\\\/miehet\\\/#\\\/schema\\\/person\\\/9da98c743e3f0f85a1b32f59241b48e0\",\"name\":\"granimaster\",\"image\":{\"@type\":\"ImageObject\",\"inLanguage\":\"fi\",\"@id\":\"https:\\\/\\\/secure.gravatar.com\\\/avatar\\\/034b8e6380fc659c320f13e17fe45bd9ab48a21e2debadd5f3179bde291949df?s=96&d=mm&r=g\",\"url\":\"https:\\\/\\\/secure.gravatar.com\\\/avatar\\\/034b8e6380fc659c320f13e17fe45bd9ab48a21e2debadd5f3179bde291949df?s=96&d=mm&r=g\",\"contentUrl\":\"https:\\\/\\\/secure.gravatar.com\\\/avatar\\\/034b8e6380fc659c320f13e17fe45bd9ab48a21e2debadd5f3179bde291949df?s=96&d=mm&r=g\",\"caption\":\"granimaster\"},\"url\":\"https:\\\/\\\/grifk-handball.com\\\/miehet\\\/author\\\/granimaster\\\/\"}]}<\/script>\n<!-- \/ Yoast SEO plugin. -->","yoast_head_json":{"title":"Grani taipui liiga-avauksessa Karjaalla &#8212; GrIFK K\u00e4sipallo - miehet","robots":{"index":"index","follow":"follow","max-snippet":"max-snippet:-1","max-image-preview":"max-image-preview:large","max-video-preview":"max-video-preview:-1"},"canonical":"https:\/\/grifk-handball.com\/miehet\/2018-19\/ottelut\/grani-taipui-liiga-avauksessa-karjaalla\/","og_locale":"fi_FI","og_type":"article","og_title":"Grani taipui liiga-avauksessa Karjaalla &#8212; GrIFK K\u00e4sipallo - miehet","og_url":"https:\/\/grifk-handball.com\/miehet\/2018-19\/ottelut\/grani-taipui-liiga-avauksessa-karjaalla\/","og_site_name":"GrIFK K\u00e4sipallo - miehet","article_publisher":"https:\/\/www.facebook.com\/GrIFKelit\/","article_published_time":"2018-09-09T19:04:02+00:00","article_modified_time":"2018-09-10T11:29:23+00:00","og_image":[{"width":2048,"height":1536,"url":"https:\/\/i0.wp.com\/grifk-handball.com\/miehet\/wp-content\/uploads\/sites\/2\/2018\/09\/IMG_1300.jpeg?fit=2048%2C1536&ssl=1","type":"image\/jpeg"}],"author":"granimaster","twitter_card":"summary_large_image","twitter_creator":"@GrIFK_MSM","twitter_site":"@GrIFK_MSM","twitter_misc":{"Kirjoittanut":"granimaster","Arvioitu lukuaika":"3 minuuttia"},"schema":{"@context":"https:\/\/schema.org","@graph":[{"@type":"Article","@id":"https:\/\/grifk-handball.com\/miehet\/2018-19\/ottelut\/grani-taipui-liiga-avauksessa-karjaalla\/#article","isPartOf":{"@id":"https:\/\/grifk-handball.com\/miehet\/2018-19\/ottelut\/grani-taipui-liiga-avauksessa-karjaalla\/"},"author":{"name":"granimaster","@id":"https:\/\/grifk-handball.com\/miehet\/#\/schema\/person\/9da98c743e3f0f85a1b32f59241b48e0"},"headline":"Grani taipui liiga-avauksessa Karjaalla","datePublished":"2018-09-09T19:04:02+00:00","dateModified":"2018-09-10T11:29:23+00:00","mainEntityOfPage":{"@id":"https:\/\/grifk-handball.com\/miehet\/2018-19\/ottelut\/grani-taipui-liiga-avauksessa-karjaalla\/"},"wordCount":511,"publisher":{"@id":"https:\/\/grifk-handball.com\/miehet\/#organization"},"image":{"@id":"https:\/\/grifk-handball.com\/miehet\/2018-19\/ottelut\/grani-taipui-liiga-avauksessa-karjaalla\/#primaryimage"},"thumbnailUrl":"https:\/\/i0.wp.com\/grifk-handball.com\/miehet\/wp-content\/uploads\/sites\/2\/2018\/09\/IMG_1300.jpeg?fit=2048%2C1536&ssl=1","keywords":["#BomBom","#GrIFKHandball","#Tunnetta peliin","BK-46","GrIFK","Runkosarja","SM-liiga"],"articleSection":["Ottelut 2018-19"],"inLanguage":"fi"},{"@type":"WebPage","@id":"https:\/\/grifk-handball.com\/miehet\/2018-19\/ottelut\/grani-taipui-liiga-avauksessa-karjaalla\/","url":"https:\/\/grifk-handball.com\/miehet\/2018-19\/ottelut\/grani-taipui-liiga-avauksessa-karjaalla\/","name":"Grani taipui liiga-avauksessa Karjaalla &#8212; GrIFK K\u00e4sipallo - miehet","isPartOf":{"@id":"https:\/\/grifk-handball.com\/miehet\/#website"},"primaryImageOfPage":{"@id":"https:\/\/grifk-handball.com\/miehet\/2018-19\/ottelut\/grani-taipui-liiga-avauksessa-karjaalla\/#primaryimage"},"image":{"@id":"https:\/\/grifk-handball.com\/miehet\/2018-19\/ottelut\/grani-taipui-liiga-avauksessa-karjaalla\/#primaryimage"},"thumbnailUrl":"https:\/\/i0.wp.com\/grifk-handball.com\/miehet\/wp-content\/uploads\/sites\/2\/2018\/09\/IMG_1300.jpeg?fit=2048%2C1536&ssl=1","datePublished":"2018-09-09T19:04:02+00:00","dateModified":"2018-09-10T11:29:23+00:00","breadcrumb":{"@id":"https:\/\/grifk-handball.com\/miehet\/2018-19\/ottelut\/grani-taipui-liiga-avauksessa-karjaalla\/#breadcrumb"},"inLanguage":"fi","potentialAction":[{"@type":"ReadAction","target":["https:\/\/grifk-handball.com\/miehet\/2018-19\/ottelut\/grani-taipui-liiga-avauksessa-karjaalla\/"]}]},{"@type":"ImageObject","inLanguage":"fi","@id":"https:\/\/grifk-handball.com\/miehet\/2018-19\/ottelut\/grani-taipui-liiga-avauksessa-karjaalla\/#primaryimage","url":"https:\/\/i0.wp.com\/grifk-handball.com\/miehet\/wp-content\/uploads\/sites\/2\/2018\/09\/IMG_1300.jpeg?fit=2048%2C1536&ssl=1","contentUrl":"https:\/\/i0.wp.com\/grifk-handball.com\/miehet\/wp-content\/uploads\/sites\/2\/2018\/09\/IMG_1300.jpeg?fit=2048%2C1536&ssl=1","width":2048,"height":1536},{"@type":"BreadcrumbList","@id":"https:\/\/grifk-handball.com\/miehet\/2018-19\/ottelut\/grani-taipui-liiga-avauksessa-karjaalla\/#breadcrumb","itemListElement":[{"@type":"ListItem","position":1,"name":"Home","item":"https:\/\/grifk-handball.com\/miehet\/etusivu-260109\/"},{"@type":"ListItem","position":2,"name":"Grani taipui liiga-avauksessa Karjaalla"}]},{"@type":"WebSite","@id":"https:\/\/grifk-handball.com\/miehet\/#website","url":"https:\/\/grifk-handball.com\/miehet\/","name":"GrIFK K\u00e4sipallo - miehet","description":"BomBom!","publisher":{"@id":"https:\/\/grifk-handball.com\/miehet\/#organization"},"potentialAction":[{"@type":"SearchAction","target":{"@type":"EntryPoint","urlTemplate":"https:\/\/grifk-handball.com\/miehet\/?s={search_term_string}"},"query-input":{"@type":"PropertyValueSpecification","valueRequired":true,"valueName":"search_term_string"}}],"inLanguage":"fi"},{"@type":"Organization","@id":"https:\/\/grifk-handball.com\/miehet\/#organization","name":"GrIFK K\u00e4sipallo - miehet","url":"https:\/\/grifk-handball.com\/miehet\/","logo":{"@type":"ImageObject","inLanguage":"fi","@id":"https:\/\/grifk-handball.com\/miehet\/#\/schema\/logo\/image\/","url":"https:\/\/i0.wp.com\/grifk-handball.com\/miehet\/wp-content\/uploads\/sites\/2\/2016\/10\/logo-grifk-iso.png?fit=1200%2C1400&ssl=1","contentUrl":"https:\/\/i0.wp.com\/grifk-handball.com\/miehet\/wp-content\/uploads\/sites\/2\/2016\/10\/logo-grifk-iso.png?fit=1200%2C1400&ssl=1","width":1200,"height":1400,"caption":"GrIFK K\u00e4sipallo - miehet"},"image":{"@id":"https:\/\/grifk-handball.com\/miehet\/#\/schema\/logo\/image\/"},"sameAs":["https:\/\/www.facebook.com\/GrIFKelit\/","https:\/\/x.com\/GrIFK_MSM","https:\/\/www.instagram.com\/grifk_elit\/"]},{"@type":"Person","@id":"https:\/\/grifk-handball.com\/miehet\/#\/schema\/person\/9da98c743e3f0f85a1b32f59241b48e0","name":"granimaster","image":{"@type":"ImageObject","inLanguage":"fi","@id":"https:\/\/secure.gravatar.com\/avatar\/034b8e6380fc659c320f13e17fe45bd9ab48a21e2debadd5f3179bde291949df?s=96&d=mm&r=g","url":"https:\/\/secure.gravatar.com\/avatar\/034b8e6380fc659c320f13e17fe45bd9ab48a21e2debadd5f3179bde291949df?s=96&d=mm&r=g","contentUrl":"https:\/\/secure.gravatar.com\/avatar\/034b8e6380fc659c320f13e17fe45bd9ab48a21e2debadd5f3179bde291949df?s=96&d=mm&r=g","caption":"granimaster"},"url":"https:\/\/grifk-handball.com\/miehet\/author\/granimaster\/"}]}},"jetpack_featured_media_url":"https:\/\/i0.wp.com\/grifk-handball.com\/miehet\/wp-content\/uploads\/sites\/2\/2018\/09\/IMG_1300.jpeg?fit=2048%2C1536&ssl=1","jetpack_shortlink":"https:\/\/wp.me\/p9jQ9a-2vm","_links":{"self":[{"href":"https:\/\/grifk-handball.com\/miehet\/wp-json\/wp\/v2\/posts\/9632","targetHints":{"allow":["GET"]}}],"collection":[{"href":"https:\/\/grifk-handball.com\/miehet\/wp-json\/wp\/v2\/posts"}],"about":[{"href":"https:\/\/grifk-handball.com\/miehet\/wp-json\/wp\/v2\/types\/post"}],"author":[{"embeddable":true,"href":"https:\/\/grifk-handball.com\/miehet\/wp-json\/wp\/v2\/users\/1"}],"replies":[{"embeddable":true,"href":"https:\/\/grifk-handball.com\/miehet\/wp-json\/wp\/v2\/comments?post=9632"}],"version-history":[{"count":17,"href":"https:\/\/grifk-handball.com\/miehet\/wp-json\/wp\/v2\/posts\/9632\/revisions"}],"predecessor-version":[{"id":9646,"href":"https:\/\/grifk-handball.com\/miehet\/wp-json\/wp\/v2\/posts\/9632\/revisions\/9646"}],"wp:featuredmedia":[{"embeddable":true,"href":"https:\/\/grifk-handball.com\/miehet\/wp-json\/wp\/v2\/media\/9638"}],"wp:attachment":[{"href":"https:\/\/grifk-handball.com\/miehet\/wp-json\/wp\/v2\/media?parent=9632"}],"wp:term":[{"taxonomy":"category","embeddable":true,"href":"https:\/\/grifk-handball.com\/miehet\/wp-json\/wp\/v2\/categories?post=9632"},{"taxonomy":"post_tag","embeddable":true,"href":"https:\/\/grifk-handball.com\/miehet\/wp-json\/wp\/v2\/tags?post=9632"}],"curies":[{"name":"wp","href":"https:\/\/api.w.org\/{rel}","templated":true}]}}