{"id":9720,"date":"2018-09-13T11:12:24","date_gmt":"2018-09-13T08:12:24","guid":{"rendered":"https:\/\/grifk-handball.com\/miehet\/?p=9720"},"modified":"2018-10-10T15:43:19","modified_gmt":"2018-10-10T12:43:19","slug":"antligen-var-det-seriepremiar","status":"publish","type":"post","link":"https:\/\/grifk-handball.com\/miehet\/pava\/antligen-var-det-seriepremiar\/","title":{"rendered":"&#8221;\u00c4ntligen var det seriepremi\u00e4r!&#8221;"},"content":{"rendered":"\n<style type=\"text\/css\" data-created_by=\"avia_inline_auto\" id=\"style-css-av-2sue88-b5a0093f7d79f43451f430b502c6d36d\">\n#top .av-special-heading.av-2sue88-b5a0093f7d79f43451f430b502c6d36d{\npadding-bottom:10px;\n}\nbody .av-special-heading.av-2sue88-b5a0093f7d79f43451f430b502c6d36d .av-special-heading-tag .heading-char{\nfont-size:25px;\n}\n.av-special-heading.av-2sue88-b5a0093f7d79f43451f430b502c6d36d .av-subheading{\nfont-size:15px;\n}\n<\/style>\n<div  class='av-special-heading av-2sue88-b5a0093f7d79f43451f430b502c6d36d av-special-heading-h4 blockquote classic-quote  avia-builder-el-0  el_before_av_three_fifth  avia-builder-el-first '><h4 class='av-special-heading-tag '  itemprop=\"headline\"  >\u00c4ntligen var det seriepremi\u00e4r och den b\u00f6rjade borta mot BK-46. Laget vi f\u00f6rlorade mot i bronsmatcherna f\u00f6rra s\u00e4songen, s\u00e5 vi var revanchsugna!<\/h4><div class=\"special-heading-border\"><div class=\"special-heading-inner-border\"><\/div><\/div><\/div>\n<div class='flex_column_table av-jm09d6tb-b50f6929200a38a8dd0941de2d80c557 sc-av_three_fifth av-equal-height-column-flextable'>\n<style type=\"text\/css\" data-created_by=\"avia_inline_auto\" id=\"style-css-av-jm09d6tb-b50f6929200a38a8dd0941de2d80c557\">\n.flex_column.av-jm09d6tb-b50f6929200a38a8dd0941de2d80c557{\nborder-radius:0px 0px 0px 0px;\npadding:0px 0px 0px 0px;\n}\n<\/style>\n<div  class='flex_column av-jm09d6tb-b50f6929200a38a8dd0941de2d80c557 av_three_fifth  avia-builder-el-1  el_after_av_heading  el_before_av_two_fifth  first flex_column_table_cell av-equal-height-column av-align-top av-zero-column-padding  '     ><section  class='av_textblock_section av-1wlzjc-01c39548a01af6ca9c00feff0f8a0649 '   itemscope=\"itemscope\" itemtype=\"https:\/\/schema.org\/BlogPosting\" itemprop=\"blogPost\" ><div class='avia_textblock'  itemprop=\"text\" ><p>Tycker att vi spelade upp oss rej\u00e4lt ifr\u00e5n onsdagens Cupmatch d\u00e4r vi inte gjorde jobbet alls. I f\u00f6rsta halvlek hade vi riktigt bra m\u00e5lvakts och f\u00f6rsvarsspel. Vi kom upp mycket b\u00e4ttre p\u00e5 deras spelmotor Gea, som \u00e4r en av seriens b\u00e4sta mittbackar. Abbe i m\u00e5let fick tag p\u00e5 deras skyttar och vi ledde med ett m\u00e5l i halvtid.<\/p>\n<p>2a halvlek b\u00f6rjade lite s\u00e4mre som det gjorde i onsdagens match, BK kom till f\u00f6r l\u00e4tt i skyttet och rann igenom enkelt i kontringarna. Vi kom inte alls upp i den niv\u00e5 vi hade f\u00f6rsta 30 minuterna. Sedan missade vi f\u00f6r mycket i anfallet och deras m\u00e5lvakt spelade bra. Vi kom tillbaka till 22-21 men n\u00e4rmare \u00e4n s\u00e5 kom vi inte och orken tog slut och BK drog det l\u00e4ngsta str\u00e5et denna g\u00e5ng.<\/p>\n<p>Vi hoppas till n\u00e4sta match att f\u00e5 tillbaka lite spelare som \u00e4r halvskadade s\u00e5 kommer denna s\u00e4song att se bra ut. Vi har ungt och ganska nytt lag s\u00e5 det kommer att ta lite tid att spela ihop oss. Abbe spelade bra hela matchen och ska ha extra ber\u00f6m!<\/p>\n<p>Nu \u00e4r det 2 veckor kvar till n\u00e4sta seriematch mot Hang\u00f6 s\u00e5 vi har tid att tr\u00e4na h\u00e5rt och finslipa p\u00e5 v\u00e5rt spel! Men redan nu p\u00e5 l\u00f6rdag \u00e5ker laget till Estland och spelar en tr\u00e4ningsmatch mot HC Tallinn.<\/p>\n<p>Vi<span class=\"_5yl5\"> hoppas att det kommer mycket folk och alla ungdomslag sluter upp och hejar fram oss. Alla till grottan!<\/span><\/p>\n<h5>#14<\/h5>\n<\/div><\/section><\/div>\n<div class='av-flex-placeholder'><\/div>\n<style type=\"text\/css\" data-created_by=\"avia_inline_auto\" id=\"style-css-av-1zw32w-004f5fd54d9a27601e57de3308fed1d4\">\n.flex_column.av-1zw32w-004f5fd54d9a27601e57de3308fed1d4{\nborder-radius:0px 0px 0px 0px;\npadding:0px 0px 0px 0px;\n}\n<\/style>\n<div  class='flex_column av-1zw32w-004f5fd54d9a27601e57de3308fed1d4 av_two_fifth  avia-builder-el-3  el_after_av_three_fifth  avia-builder-el-last  flex_column_table_cell av-equal-height-column av-align-top av-zero-column-padding  '     ><p>\n<style type=\"text\/css\" data-created_by=\"avia_inline_auto\" id=\"style-css-av-jm09cvcn-aa26f9d09715ce14c54cdda784e7f9e7\">\n.avia-image-container.av-jm09cvcn-aa26f9d09715ce14c54cdda784e7f9e7 img.avia_image{\nbox-shadow:none;\n}\n.avia-image-container.av-jm09cvcn-aa26f9d09715ce14c54cdda784e7f9e7 .av-image-caption-overlay-center{\ncolor:#ffffff;\n}\n<\/style>\n<div  class='avia-image-container av-jm09cvcn-aa26f9d09715ce14c54cdda784e7f9e7 av-styling-circle av-hover-grow av-img-linked avia_animated_image av-animated-when-visible-95 fade-in avia-align-center  avia-builder-el-4  el_before_av_textblock  avia-builder-el-first '   itemprop=\"image\" itemscope=\"itemscope\" itemtype=\"https:\/\/schema.org\/ImageObject\" ><div class=\"avia-image-container-inner\"><div class=\"avia-image-overlay-wrap\"><a href=\"https:\/\/grifk-handball.com\/miehet\/joukkue-2018-19\/patrik-johanson\/\" class='avia_image '  aria-label='Patrik Johanson'><img decoding=\"async\" fetchpriority=\"high\" class='wp-image-9727 avia-img-lazy-loading-not-9727 avia_image ' src=\"https:\/\/i0.wp.com\/grifk-handball.com\/miehet\/wp-content\/uploads\/sites\/2\/2018\/09\/pava2.jpg?fit=688%2C930&ssl=1\" alt='' title='Patrik Johanson'  height=\"930\" width=\"688\"  itemprop=\"thumbnailUrl\" srcset=\"https:\/\/i0.wp.com\/grifk-handball.com\/miehet\/wp-content\/uploads\/sites\/2\/2018\/09\/pava2.jpg?w=688&amp;ssl=1 688w, https:\/\/i0.wp.com\/grifk-handball.com\/miehet\/wp-content\/uploads\/sites\/2\/2018\/09\/pava2.jpg?resize=222%2C300&amp;ssl=1 222w, https:\/\/i0.wp.com\/grifk-handball.com\/miehet\/wp-content\/uploads\/sites\/2\/2018\/09\/pava2.jpg?resize=522%2C705&amp;ssl=1 522w, https:\/\/i0.wp.com\/grifk-handball.com\/miehet\/wp-content\/uploads\/sites\/2\/2018\/09\/pava2.jpg?resize=450%2C608&amp;ssl=1 450w\" sizes=\"(max-width: 688px) 100vw, 688px\" \/><\/a><\/div><\/div><\/div><br \/>\n<section  class='av_textblock_section av-jm09ip6r-a73387b41d6cb15580f8fddb4dc63ab6 '   itemscope=\"itemscope\" itemtype=\"https:\/\/schema.org\/BlogPosting\" itemprop=\"blogPost\" ><div class='avia_textblock'  itemprop=\"text\" ><hr \/>\n<h6><a href=\"https:\/\/grifk-handball.com\/miehet\/joukkue-2018-19\/patrik-johanson\/\">Patrik &#8221;Pava&#8221; Johanson \u00e4r den mest erfarna spelaren i \u00e5rets Grankulla IFK. Pava har bland annat spelat i Bundesliga och Champions League i flera \u00e5r, och har vunnit 2 SM-guld i Sverige och VM-guld samt EM-silver med Sveriges U21 landslaget.<\/a><\/h6>\n<\/div><\/section><\/p><\/div><\/div><!--close column table wrapper. Autoclose: 1 -->\n","protected":false},"excerpt":{"rendered":"","protected":false},"author":1,"featured_media":9728,"comment_status":"closed","ping_status":"closed","sticky":false,"template":"","format":"standard","meta":{"_acf_changed":false,"footnotes":""},"categories":[257,304],"tags":[12,251,18,25,306,38,41],"class_list":["post-9720","post","type-post","status-publish","format-standard","has-post-thumbnail","hentry","category-ennakot","category-pava","tag-bombom","tag-tunnetta-peliin","tag-bk-46","tag-grifk","tag-pava","tag-runkosarja","tag-sm-liiga"],"acf":[],"yoast_head":"<!-- This site is optimized with the Yoast SEO plugin v27.5 - https:\/\/yoast.com\/product\/yoast-seo-wordpress\/ -->\n<title>&quot;\u00c4ntligen var det seriepremi\u00e4r!&quot; &#8212; GrIFK K\u00e4sipallo - miehet<\/title>\n<meta name=\"robots\" content=\"index, follow, max-snippet:-1, max-image-preview:large, max-video-preview:-1\" \/>\n<link rel=\"canonical\" href=\"https:\/\/grifk-handball.com\/miehet\/pava\/antligen-var-det-seriepremiar\/\" \/>\n<meta property=\"og:locale\" content=\"fi_FI\" \/>\n<meta property=\"og:type\" content=\"article\" \/>\n<meta property=\"og:title\" content=\"&quot;\u00c4ntligen var det seriepremi\u00e4r!&quot; &#8212; GrIFK K\u00e4sipallo - miehet\" \/>\n<meta property=\"og:url\" content=\"https:\/\/grifk-handball.com\/miehet\/pava\/antligen-var-det-seriepremiar\/\" \/>\n<meta property=\"og:site_name\" content=\"GrIFK K\u00e4sipallo - miehet\" \/>\n<meta property=\"article:publisher\" content=\"https:\/\/www.facebook.com\/GrIFKelit\/\" \/>\n<meta property=\"article:published_time\" content=\"2018-09-13T08:12:24+00:00\" \/>\n<meta property=\"article:modified_time\" content=\"2018-10-10T12:43:19+00:00\" \/>\n<meta property=\"og:image\" content=\"https:\/\/i0.wp.com\/grifk-handball.com\/miehet\/wp-content\/uploads\/sites\/2\/2018\/09\/pava3.jpg?fit=688%2C930&ssl=1\" \/>\n\t<meta property=\"og:image:width\" content=\"688\" \/>\n\t<meta property=\"og:image:height\" content=\"930\" \/>\n\t<meta property=\"og:image:type\" content=\"image\/jpeg\" \/>\n<meta name=\"author\" content=\"granimaster\" \/>\n<meta name=\"twitter:card\" content=\"summary_large_image\" \/>\n<meta name=\"twitter:creator\" content=\"@GrIFK_MSM\" \/>\n<meta name=\"twitter:site\" content=\"@GrIFK_MSM\" \/>\n<meta name=\"twitter:label1\" content=\"Kirjoittanut\" \/>\n\t<meta name=\"twitter:data1\" content=\"granimaster\" \/>\n\t<meta name=\"twitter:label2\" content=\"Arvioitu lukuaika\" \/>\n\t<meta name=\"twitter:data2\" content=\"3 minuuttia\" \/>\n<script type=\"application\/ld+json\" class=\"yoast-schema-graph\">{\"@context\":\"https:\\\/\\\/schema.org\",\"@graph\":[{\"@type\":\"Article\",\"@id\":\"https:\\\/\\\/grifk-handball.com\\\/miehet\\\/pava\\\/antligen-var-det-seriepremiar\\\/#article\",\"isPartOf\":{\"@id\":\"https:\\\/\\\/grifk-handball.com\\\/miehet\\\/pava\\\/antligen-var-det-seriepremiar\\\/\"},\"author\":{\"name\":\"granimaster\",\"@id\":\"https:\\\/\\\/grifk-handball.com\\\/miehet\\\/#\\\/schema\\\/person\\\/9da98c743e3f0f85a1b32f59241b48e0\"},\"headline\":\"&#8221;\u00c4ntligen var det seriepremi\u00e4r!&#8221;\",\"datePublished\":\"2018-09-13T08:12:24+00:00\",\"dateModified\":\"2018-10-10T12:43:19+00:00\",\"mainEntityOfPage\":{\"@id\":\"https:\\\/\\\/grifk-handball.com\\\/miehet\\\/pava\\\/antligen-var-det-seriepremiar\\\/\"},\"wordCount\":601,\"publisher\":{\"@id\":\"https:\\\/\\\/grifk-handball.com\\\/miehet\\\/#organization\"},\"image\":{\"@id\":\"https:\\\/\\\/grifk-handball.com\\\/miehet\\\/pava\\\/antligen-var-det-seriepremiar\\\/#primaryimage\"},\"thumbnailUrl\":\"https:\\\/\\\/i0.wp.com\\\/grifk-handball.com\\\/miehet\\\/wp-content\\\/uploads\\\/sites\\\/2\\\/2018\\\/09\\\/pava3.jpg?fit=688%2C930&ssl=1\",\"keywords\":[\"#BomBom\",\"#Tunnetta peliin\",\"BK-46\",\"GrIFK\",\"Pava\",\"Runkosarja\",\"SM-liiga\"],\"articleSection\":[\"Ennakot 2018-19\",\"Pava\"],\"inLanguage\":\"fi\"},{\"@type\":\"WebPage\",\"@id\":\"https:\\\/\\\/grifk-handball.com\\\/miehet\\\/pava\\\/antligen-var-det-seriepremiar\\\/\",\"url\":\"https:\\\/\\\/grifk-handball.com\\\/miehet\\\/pava\\\/antligen-var-det-seriepremiar\\\/\",\"name\":\"\\\"\u00c4ntligen var det seriepremi\u00e4r!\\\" &#8212; GrIFK K\u00e4sipallo - miehet\",\"isPartOf\":{\"@id\":\"https:\\\/\\\/grifk-handball.com\\\/miehet\\\/#website\"},\"primaryImageOfPage\":{\"@id\":\"https:\\\/\\\/grifk-handball.com\\\/miehet\\\/pava\\\/antligen-var-det-seriepremiar\\\/#primaryimage\"},\"image\":{\"@id\":\"https:\\\/\\\/grifk-handball.com\\\/miehet\\\/pava\\\/antligen-var-det-seriepremiar\\\/#primaryimage\"},\"thumbnailUrl\":\"https:\\\/\\\/i0.wp.com\\\/grifk-handball.com\\\/miehet\\\/wp-content\\\/uploads\\\/sites\\\/2\\\/2018\\\/09\\\/pava3.jpg?fit=688%2C930&ssl=1\",\"datePublished\":\"2018-09-13T08:12:24+00:00\",\"dateModified\":\"2018-10-10T12:43:19+00:00\",\"breadcrumb\":{\"@id\":\"https:\\\/\\\/grifk-handball.com\\\/miehet\\\/pava\\\/antligen-var-det-seriepremiar\\\/#breadcrumb\"},\"inLanguage\":\"fi\",\"potentialAction\":[{\"@type\":\"ReadAction\",\"target\":[\"https:\\\/\\\/grifk-handball.com\\\/miehet\\\/pava\\\/antligen-var-det-seriepremiar\\\/\"]}]},{\"@type\":\"ImageObject\",\"inLanguage\":\"fi\",\"@id\":\"https:\\\/\\\/grifk-handball.com\\\/miehet\\\/pava\\\/antligen-var-det-seriepremiar\\\/#primaryimage\",\"url\":\"https:\\\/\\\/i0.wp.com\\\/grifk-handball.com\\\/miehet\\\/wp-content\\\/uploads\\\/sites\\\/2\\\/2018\\\/09\\\/pava3.jpg?fit=688%2C930&ssl=1\",\"contentUrl\":\"https:\\\/\\\/i0.wp.com\\\/grifk-handball.com\\\/miehet\\\/wp-content\\\/uploads\\\/sites\\\/2\\\/2018\\\/09\\\/pava3.jpg?fit=688%2C930&ssl=1\",\"width\":688,\"height\":930},{\"@type\":\"BreadcrumbList\",\"@id\":\"https:\\\/\\\/grifk-handball.com\\\/miehet\\\/pava\\\/antligen-var-det-seriepremiar\\\/#breadcrumb\",\"itemListElement\":[{\"@type\":\"ListItem\",\"position\":1,\"name\":\"Home\",\"item\":\"https:\\\/\\\/grifk-handball.com\\\/miehet\\\/etusivu-260109\\\/\"},{\"@type\":\"ListItem\",\"position\":2,\"name\":\"&#8221;\u00c4ntligen var det seriepremi\u00e4r!&#8221;\"}]},{\"@type\":\"WebSite\",\"@id\":\"https:\\\/\\\/grifk-handball.com\\\/miehet\\\/#website\",\"url\":\"https:\\\/\\\/grifk-handball.com\\\/miehet\\\/\",\"name\":\"GrIFK K\u00e4sipallo - miehet\",\"description\":\"BomBom!\",\"publisher\":{\"@id\":\"https:\\\/\\\/grifk-handball.com\\\/miehet\\\/#organization\"},\"potentialAction\":[{\"@type\":\"SearchAction\",\"target\":{\"@type\":\"EntryPoint\",\"urlTemplate\":\"https:\\\/\\\/grifk-handball.com\\\/miehet\\\/?s={search_term_string}\"},\"query-input\":{\"@type\":\"PropertyValueSpecification\",\"valueRequired\":true,\"valueName\":\"search_term_string\"}}],\"inLanguage\":\"fi\"},{\"@type\":\"Organization\",\"@id\":\"https:\\\/\\\/grifk-handball.com\\\/miehet\\\/#organization\",\"name\":\"GrIFK K\u00e4sipallo - miehet\",\"url\":\"https:\\\/\\\/grifk-handball.com\\\/miehet\\\/\",\"logo\":{\"@type\":\"ImageObject\",\"inLanguage\":\"fi\",\"@id\":\"https:\\\/\\\/grifk-handball.com\\\/miehet\\\/#\\\/schema\\\/logo\\\/image\\\/\",\"url\":\"https:\\\/\\\/i0.wp.com\\\/grifk-handball.com\\\/miehet\\\/wp-content\\\/uploads\\\/sites\\\/2\\\/2016\\\/10\\\/logo-grifk-iso.png?fit=1200%2C1400&ssl=1\",\"contentUrl\":\"https:\\\/\\\/i0.wp.com\\\/grifk-handball.com\\\/miehet\\\/wp-content\\\/uploads\\\/sites\\\/2\\\/2016\\\/10\\\/logo-grifk-iso.png?fit=1200%2C1400&ssl=1\",\"width\":1200,\"height\":1400,\"caption\":\"GrIFK K\u00e4sipallo - miehet\"},\"image\":{\"@id\":\"https:\\\/\\\/grifk-handball.com\\\/miehet\\\/#\\\/schema\\\/logo\\\/image\\\/\"},\"sameAs\":[\"https:\\\/\\\/www.facebook.com\\\/GrIFKelit\\\/\",\"https:\\\/\\\/x.com\\\/GrIFK_MSM\",\"https:\\\/\\\/www.instagram.com\\\/grifk_elit\\\/\"]},{\"@type\":\"Person\",\"@id\":\"https:\\\/\\\/grifk-handball.com\\\/miehet\\\/#\\\/schema\\\/person\\\/9da98c743e3f0f85a1b32f59241b48e0\",\"name\":\"granimaster\",\"image\":{\"@type\":\"ImageObject\",\"inLanguage\":\"fi\",\"@id\":\"https:\\\/\\\/secure.gravatar.com\\\/avatar\\\/034b8e6380fc659c320f13e17fe45bd9ab48a21e2debadd5f3179bde291949df?s=96&d=mm&r=g\",\"url\":\"https:\\\/\\\/secure.gravatar.com\\\/avatar\\\/034b8e6380fc659c320f13e17fe45bd9ab48a21e2debadd5f3179bde291949df?s=96&d=mm&r=g\",\"contentUrl\":\"https:\\\/\\\/secure.gravatar.com\\\/avatar\\\/034b8e6380fc659c320f13e17fe45bd9ab48a21e2debadd5f3179bde291949df?s=96&d=mm&r=g\",\"caption\":\"granimaster\"},\"url\":\"https:\\\/\\\/grifk-handball.com\\\/miehet\\\/author\\\/granimaster\\\/\"}]}<\/script>\n<!-- \/ Yoast SEO plugin. -->","yoast_head_json":{"title":"\"\u00c4ntligen var det seriepremi\u00e4r!\" &#8212; GrIFK K\u00e4sipallo - miehet","robots":{"index":"index","follow":"follow","max-snippet":"max-snippet:-1","max-image-preview":"max-image-preview:large","max-video-preview":"max-video-preview:-1"},"canonical":"https:\/\/grifk-handball.com\/miehet\/pava\/antligen-var-det-seriepremiar\/","og_locale":"fi_FI","og_type":"article","og_title":"\"\u00c4ntligen var det seriepremi\u00e4r!\" &#8212; GrIFK K\u00e4sipallo - miehet","og_url":"https:\/\/grifk-handball.com\/miehet\/pava\/antligen-var-det-seriepremiar\/","og_site_name":"GrIFK K\u00e4sipallo - miehet","article_publisher":"https:\/\/www.facebook.com\/GrIFKelit\/","article_published_time":"2018-09-13T08:12:24+00:00","article_modified_time":"2018-10-10T12:43:19+00:00","og_image":[{"width":688,"height":930,"url":"https:\/\/i0.wp.com\/grifk-handball.com\/miehet\/wp-content\/uploads\/sites\/2\/2018\/09\/pava3.jpg?fit=688%2C930&ssl=1","type":"image\/jpeg"}],"author":"granimaster","twitter_card":"summary_large_image","twitter_creator":"@GrIFK_MSM","twitter_site":"@GrIFK_MSM","twitter_misc":{"Kirjoittanut":"granimaster","Arvioitu lukuaika":"3 minuuttia"},"schema":{"@context":"https:\/\/schema.org","@graph":[{"@type":"Article","@id":"https:\/\/grifk-handball.com\/miehet\/pava\/antligen-var-det-seriepremiar\/#article","isPartOf":{"@id":"https:\/\/grifk-handball.com\/miehet\/pava\/antligen-var-det-seriepremiar\/"},"author":{"name":"granimaster","@id":"https:\/\/grifk-handball.com\/miehet\/#\/schema\/person\/9da98c743e3f0f85a1b32f59241b48e0"},"headline":"&#8221;\u00c4ntligen var det seriepremi\u00e4r!&#8221;","datePublished":"2018-09-13T08:12:24+00:00","dateModified":"2018-10-10T12:43:19+00:00","mainEntityOfPage":{"@id":"https:\/\/grifk-handball.com\/miehet\/pava\/antligen-var-det-seriepremiar\/"},"wordCount":601,"publisher":{"@id":"https:\/\/grifk-handball.com\/miehet\/#organization"},"image":{"@id":"https:\/\/grifk-handball.com\/miehet\/pava\/antligen-var-det-seriepremiar\/#primaryimage"},"thumbnailUrl":"https:\/\/i0.wp.com\/grifk-handball.com\/miehet\/wp-content\/uploads\/sites\/2\/2018\/09\/pava3.jpg?fit=688%2C930&ssl=1","keywords":["#BomBom","#Tunnetta peliin","BK-46","GrIFK","Pava","Runkosarja","SM-liiga"],"articleSection":["Ennakot 2018-19","Pava"],"inLanguage":"fi"},{"@type":"WebPage","@id":"https:\/\/grifk-handball.com\/miehet\/pava\/antligen-var-det-seriepremiar\/","url":"https:\/\/grifk-handball.com\/miehet\/pava\/antligen-var-det-seriepremiar\/","name":"\"\u00c4ntligen var det seriepremi\u00e4r!\" &#8212; GrIFK K\u00e4sipallo - miehet","isPartOf":{"@id":"https:\/\/grifk-handball.com\/miehet\/#website"},"primaryImageOfPage":{"@id":"https:\/\/grifk-handball.com\/miehet\/pava\/antligen-var-det-seriepremiar\/#primaryimage"},"image":{"@id":"https:\/\/grifk-handball.com\/miehet\/pava\/antligen-var-det-seriepremiar\/#primaryimage"},"thumbnailUrl":"https:\/\/i0.wp.com\/grifk-handball.com\/miehet\/wp-content\/uploads\/sites\/2\/2018\/09\/pava3.jpg?fit=688%2C930&ssl=1","datePublished":"2018-09-13T08:12:24+00:00","dateModified":"2018-10-10T12:43:19+00:00","breadcrumb":{"@id":"https:\/\/grifk-handball.com\/miehet\/pava\/antligen-var-det-seriepremiar\/#breadcrumb"},"inLanguage":"fi","potentialAction":[{"@type":"ReadAction","target":["https:\/\/grifk-handball.com\/miehet\/pava\/antligen-var-det-seriepremiar\/"]}]},{"@type":"ImageObject","inLanguage":"fi","@id":"https:\/\/grifk-handball.com\/miehet\/pava\/antligen-var-det-seriepremiar\/#primaryimage","url":"https:\/\/i0.wp.com\/grifk-handball.com\/miehet\/wp-content\/uploads\/sites\/2\/2018\/09\/pava3.jpg?fit=688%2C930&ssl=1","contentUrl":"https:\/\/i0.wp.com\/grifk-handball.com\/miehet\/wp-content\/uploads\/sites\/2\/2018\/09\/pava3.jpg?fit=688%2C930&ssl=1","width":688,"height":930},{"@type":"BreadcrumbList","@id":"https:\/\/grifk-handball.com\/miehet\/pava\/antligen-var-det-seriepremiar\/#breadcrumb","itemListElement":[{"@type":"ListItem","position":1,"name":"Home","item":"https:\/\/grifk-handball.com\/miehet\/etusivu-260109\/"},{"@type":"ListItem","position":2,"name":"&#8221;\u00c4ntligen var det seriepremi\u00e4r!&#8221;"}]},{"@type":"WebSite","@id":"https:\/\/grifk-handball.com\/miehet\/#website","url":"https:\/\/grifk-handball.com\/miehet\/","name":"GrIFK K\u00e4sipallo - miehet","description":"BomBom!","publisher":{"@id":"https:\/\/grifk-handball.com\/miehet\/#organization"},"potentialAction":[{"@type":"SearchAction","target":{"@type":"EntryPoint","urlTemplate":"https:\/\/grifk-handball.com\/miehet\/?s={search_term_string}"},"query-input":{"@type":"PropertyValueSpecification","valueRequired":true,"valueName":"search_term_string"}}],"inLanguage":"fi"},{"@type":"Organization","@id":"https:\/\/grifk-handball.com\/miehet\/#organization","name":"GrIFK K\u00e4sipallo - miehet","url":"https:\/\/grifk-handball.com\/miehet\/","logo":{"@type":"ImageObject","inLanguage":"fi","@id":"https:\/\/grifk-handball.com\/miehet\/#\/schema\/logo\/image\/","url":"https:\/\/i0.wp.com\/grifk-handball.com\/miehet\/wp-content\/uploads\/sites\/2\/2016\/10\/logo-grifk-iso.png?fit=1200%2C1400&ssl=1","contentUrl":"https:\/\/i0.wp.com\/grifk-handball.com\/miehet\/wp-content\/uploads\/sites\/2\/2016\/10\/logo-grifk-iso.png?fit=1200%2C1400&ssl=1","width":1200,"height":1400,"caption":"GrIFK K\u00e4sipallo - miehet"},"image":{"@id":"https:\/\/grifk-handball.com\/miehet\/#\/schema\/logo\/image\/"},"sameAs":["https:\/\/www.facebook.com\/GrIFKelit\/","https:\/\/x.com\/GrIFK_MSM","https:\/\/www.instagram.com\/grifk_elit\/"]},{"@type":"Person","@id":"https:\/\/grifk-handball.com\/miehet\/#\/schema\/person\/9da98c743e3f0f85a1b32f59241b48e0","name":"granimaster","image":{"@type":"ImageObject","inLanguage":"fi","@id":"https:\/\/secure.gravatar.com\/avatar\/034b8e6380fc659c320f13e17fe45bd9ab48a21e2debadd5f3179bde291949df?s=96&d=mm&r=g","url":"https:\/\/secure.gravatar.com\/avatar\/034b8e6380fc659c320f13e17fe45bd9ab48a21e2debadd5f3179bde291949df?s=96&d=mm&r=g","contentUrl":"https:\/\/secure.gravatar.com\/avatar\/034b8e6380fc659c320f13e17fe45bd9ab48a21e2debadd5f3179bde291949df?s=96&d=mm&r=g","caption":"granimaster"},"url":"https:\/\/grifk-handball.com\/miehet\/author\/granimaster\/"}]}},"jetpack_featured_media_url":"https:\/\/i0.wp.com\/grifk-handball.com\/miehet\/wp-content\/uploads\/sites\/2\/2018\/09\/pava3.jpg?fit=688%2C930&ssl=1","jetpack_shortlink":"https:\/\/wp.me\/p9jQ9a-2wM","_links":{"self":[{"href":"https:\/\/grifk-handball.com\/miehet\/wp-json\/wp\/v2\/posts\/9720","targetHints":{"allow":["GET"]}}],"collection":[{"href":"https:\/\/grifk-handball.com\/miehet\/wp-json\/wp\/v2\/posts"}],"about":[{"href":"https:\/\/grifk-handball.com\/miehet\/wp-json\/wp\/v2\/types\/post"}],"author":[{"embeddable":true,"href":"https:\/\/grifk-handball.com\/miehet\/wp-json\/wp\/v2\/users\/1"}],"replies":[{"embeddable":true,"href":"https:\/\/grifk-handball.com\/miehet\/wp-json\/wp\/v2\/comments?post=9720"}],"version-history":[{"count":41,"href":"https:\/\/grifk-handball.com\/miehet\/wp-json\/wp\/v2\/posts\/9720\/revisions"}],"predecessor-version":[{"id":9762,"href":"https:\/\/grifk-handball.com\/miehet\/wp-json\/wp\/v2\/posts\/9720\/revisions\/9762"}],"wp:featuredmedia":[{"embeddable":true,"href":"https:\/\/grifk-handball.com\/miehet\/wp-json\/wp\/v2\/media\/9728"}],"wp:attachment":[{"href":"https:\/\/grifk-handball.com\/miehet\/wp-json\/wp\/v2\/media?parent=9720"}],"wp:term":[{"taxonomy":"category","embeddable":true,"href":"https:\/\/grifk-handball.com\/miehet\/wp-json\/wp\/v2\/categories?post=9720"},{"taxonomy":"post_tag","embeddable":true,"href":"https:\/\/grifk-handball.com\/miehet\/wp-json\/wp\/v2\/tags?post=9720"}],"curies":[{"name":"wp","href":"https:\/\/api.w.org\/{rel}","templated":true}]}}