{"id":9836,"date":"2018-09-19T15:05:46","date_gmt":"2018-09-19T12:05:46","guid":{"rendered":"https:\/\/grifk-handball.com\/miehet\/?p=9836"},"modified":"2018-09-19T15:27:53","modified_gmt":"2018-09-19T12:27:53","slug":"georgs-ja-koljonen-maaotteluihin-farsaaria-vastaan","status":"publish","type":"post","link":"https:\/\/grifk-handball.com\/miehet\/uutiset\/georgs-ja-koljonen-maaotteluihin-farsaaria-vastaan\/","title":{"rendered":"Georgs ja Koljonen maaotteluihin F\u00e4rsaaria vastaan"},"content":{"rendered":"<section  class='av_textblock_section av-jm93bamd-d3abfbc24a529f1efa89a4bfffb6c55d '   itemscope=\"itemscope\" itemtype=\"https:\/\/schema.org\/BlogPosting\" itemprop=\"blogPost\" ><div class='avia_textblock'  itemprop=\"text\" ><p>Miesten k\u00e4sipallomaajoukkue kohtaa F\u00e4rsaaret kahdesti lokakuun ensimm\u00e4isen\u00e4 viikonloppuna.<!--more--><\/p>\n<p>P\u00e4\u00e4valmentaja Kaj Kekki on valinnut mukaan GrIFK:sta kaksi pelaajaa. 50 A-maaottelussa 136 maalia tehnyt Miro Koljonen on kuulunut maajoukkueen vakiopelaajiin jo vuosia, maalivahti Albert Georgsilla on miesten maajoukkuepeleist\u00e4 kokemusta vasta kahden A-maaottelun verran. My\u00f6s Granista t\u00e4ksi kaudeksi Tanskaan siirtynyt sentteri Fredrik Forss (49 ottelua\/59 maalia) l\u00f6ytyy kutsuttujen listalta.<\/p>\n<\/div><\/section>\n\n<style type=\"text\/css\" data-created_by=\"avia_inline_auto\" id=\"style-css-av-jm93adly-6690de90d9e5a3087b8168e8317bd28d\">\n#top .avia-gallery.av-jm93adly-6690de90d9e5a3087b8168e8317bd28d .avia-gallery-thumb a{\nwidth:33.3333%;\n}\n<\/style>\n<div  class='avia-gallery av-jm93adly-6690de90d9e5a3087b8168e8317bd28d avia_animate_when_visible  avia-builder-el-1  el_after_av_textblock  el_before_av_textblock  avia_lazyload avia-gallery-animate avia-gallery-1'  itemprop=\"image\" itemscope=\"itemscope\" itemtype=\"https:\/\/schema.org\/ImageObject\" ><meta itemprop=\"contentURL\" content=\"https:\/\/grifk-handball.com\/miehet\/uutiset\/georgs-ja-koljonen-maaotteluihin-farsaaria-vastaan\/\"><div class='avia-gallery-thumb'><a href=\"https:\/\/i0.wp.com\/grifk-handball.com\/miehet\/wp-content\/uploads\/sites\/2\/2018\/09\/Albert-Georgs.jpg?fit=846%2C1030&amp;ssl=1\" data-srcset=\"https:\/\/i0.wp.com\/grifk-handball.com\/miehet\/wp-content\/uploads\/sites\/2\/2018\/09\/Albert-Georgs.jpg?w=1682&amp;ssl=1 1682w, https:\/\/i0.wp.com\/grifk-handball.com\/miehet\/wp-content\/uploads\/sites\/2\/2018\/09\/Albert-Georgs.jpg?resize=246%2C300&amp;ssl=1 246w, https:\/\/i0.wp.com\/grifk-handball.com\/miehet\/wp-content\/uploads\/sites\/2\/2018\/09\/Albert-Georgs.jpg?resize=768%2C935&amp;ssl=1 768w, https:\/\/i0.wp.com\/grifk-handball.com\/miehet\/wp-content\/uploads\/sites\/2\/2018\/09\/Albert-Georgs.jpg?resize=846%2C1030&amp;ssl=1 846w, https:\/\/i0.wp.com\/grifk-handball.com\/miehet\/wp-content\/uploads\/sites\/2\/2018\/09\/Albert-Georgs.jpg?resize=1232%2C1500&amp;ssl=1 1232w, https:\/\/i0.wp.com\/grifk-handball.com\/miehet\/wp-content\/uploads\/sites\/2\/2018\/09\/Albert-Georgs.jpg?resize=579%2C705&amp;ssl=1 579w, https:\/\/i0.wp.com\/grifk-handball.com\/miehet\/wp-content\/uploads\/sites\/2\/2018\/09\/Albert-Georgs.jpg?resize=450%2C548&amp;ssl=1 450w\" data-sizes=\"(max-width: 846px) 100vw, 846px\" data-rel='gallery-1' data-prev-img='https:\/\/i0.wp.com\/grifk-handball.com\/miehet\/wp-content\/uploads\/sites\/2\/2018\/09\/Albert-Georgs.jpg?resize=495%2C400&ssl=1' class='first_thumb lightbox ' data-onclick='1' title='Albert Georgs'  itemprop=\"thumbnailUrl\"  ><img decoding=\"async\" fetchpriority=\"high\" class=\"wp-image-9463 avia-img-lazy-loading-not-9463\"   src=\"https:\/\/i0.wp.com\/grifk-handball.com\/miehet\/wp-content\/uploads\/sites\/2\/2018\/09\/Albert-Georgs.jpg?fit=246%2C300&ssl=1\" width=\"246\" height=\"300\"  title='Albert Georgs' alt='' srcset=\"https:\/\/i0.wp.com\/grifk-handball.com\/miehet\/wp-content\/uploads\/sites\/2\/2018\/09\/Albert-Georgs.jpg?w=1682&amp;ssl=1 1682w, https:\/\/i0.wp.com\/grifk-handball.com\/miehet\/wp-content\/uploads\/sites\/2\/2018\/09\/Albert-Georgs.jpg?resize=246%2C300&amp;ssl=1 246w, https:\/\/i0.wp.com\/grifk-handball.com\/miehet\/wp-content\/uploads\/sites\/2\/2018\/09\/Albert-Georgs.jpg?resize=768%2C935&amp;ssl=1 768w, https:\/\/i0.wp.com\/grifk-handball.com\/miehet\/wp-content\/uploads\/sites\/2\/2018\/09\/Albert-Georgs.jpg?resize=846%2C1030&amp;ssl=1 846w, https:\/\/i0.wp.com\/grifk-handball.com\/miehet\/wp-content\/uploads\/sites\/2\/2018\/09\/Albert-Georgs.jpg?resize=1232%2C1500&amp;ssl=1 1232w, https:\/\/i0.wp.com\/grifk-handball.com\/miehet\/wp-content\/uploads\/sites\/2\/2018\/09\/Albert-Georgs.jpg?resize=579%2C705&amp;ssl=1 579w, https:\/\/i0.wp.com\/grifk-handball.com\/miehet\/wp-content\/uploads\/sites\/2\/2018\/09\/Albert-Georgs.jpg?resize=450%2C548&amp;ssl=1 450w\" sizes=\"(max-width: 246px) 100vw, 246px\" \/><div class='big-prev-fake'><img decoding=\"async\" loading=\"lazy\" class=\"wp-image-9463 avia-img-lazy-loading-9463\"  width=\"495\" height=\"400\" src=\"https:\/\/i0.wp.com\/grifk-handball.com\/miehet\/wp-content\/uploads\/sites\/2\/2018\/09\/Albert-Georgs.jpg?resize=495%2C400&ssl=1\" title='Albert Georgs' alt='' srcset=\"https:\/\/i0.wp.com\/grifk-handball.com\/miehet\/wp-content\/uploads\/sites\/2\/2018\/09\/Albert-Georgs.jpg?resize=495%2C400&amp;ssl=1 495w, https:\/\/i0.wp.com\/grifk-handball.com\/miehet\/wp-content\/uploads\/sites\/2\/2018\/09\/Albert-Georgs.jpg?resize=845%2C684&amp;ssl=1 845w, https:\/\/i0.wp.com\/grifk-handball.com\/miehet\/wp-content\/uploads\/sites\/2\/2018\/09\/Albert-Georgs.jpg?zoom=2&amp;resize=495%2C400 990w, https:\/\/i0.wp.com\/grifk-handball.com\/miehet\/wp-content\/uploads\/sites\/2\/2018\/09\/Albert-Georgs.jpg?zoom=3&amp;resize=495%2C400 1485w\" sizes=\"auto, (max-width: 495px) 100vw, 495px\" \/><\/div><\/a><a href=\"https:\/\/i0.wp.com\/grifk-handball.com\/miehet\/wp-content\/uploads\/sites\/2\/2018\/09\/Miro-Koljonen.jpg?fit=846%2C1030&amp;ssl=1\" data-srcset=\"https:\/\/i0.wp.com\/grifk-handball.com\/miehet\/wp-content\/uploads\/sites\/2\/2018\/09\/Miro-Koljonen.jpg?w=1682&amp;ssl=1 1682w, https:\/\/i0.wp.com\/grifk-handball.com\/miehet\/wp-content\/uploads\/sites\/2\/2018\/09\/Miro-Koljonen.jpg?resize=246%2C300&amp;ssl=1 246w, https:\/\/i0.wp.com\/grifk-handball.com\/miehet\/wp-content\/uploads\/sites\/2\/2018\/09\/Miro-Koljonen.jpg?resize=768%2C935&amp;ssl=1 768w, https:\/\/i0.wp.com\/grifk-handball.com\/miehet\/wp-content\/uploads\/sites\/2\/2018\/09\/Miro-Koljonen.jpg?resize=846%2C1030&amp;ssl=1 846w, https:\/\/i0.wp.com\/grifk-handball.com\/miehet\/wp-content\/uploads\/sites\/2\/2018\/09\/Miro-Koljonen.jpg?resize=1232%2C1500&amp;ssl=1 1232w, https:\/\/i0.wp.com\/grifk-handball.com\/miehet\/wp-content\/uploads\/sites\/2\/2018\/09\/Miro-Koljonen.jpg?resize=579%2C705&amp;ssl=1 579w, https:\/\/i0.wp.com\/grifk-handball.com\/miehet\/wp-content\/uploads\/sites\/2\/2018\/09\/Miro-Koljonen.jpg?resize=450%2C548&amp;ssl=1 450w\" data-sizes=\"(max-width: 846px) 100vw, 846px\" data-rel='gallery-1' data-prev-img='https:\/\/i0.wp.com\/grifk-handball.com\/miehet\/wp-content\/uploads\/sites\/2\/2018\/09\/Miro-Koljonen.jpg?resize=495%2C400&ssl=1' class='lightbox ' data-onclick='2' title='Miro Koljonen'  itemprop=\"thumbnailUrl\"  ><img decoding=\"async\" fetchpriority=\"high\" class=\"wp-image-9500 avia-img-lazy-loading-not-9500\"   src=\"https:\/\/i0.wp.com\/grifk-handball.com\/miehet\/wp-content\/uploads\/sites\/2\/2018\/09\/Miro-Koljonen.jpg?fit=246%2C300&ssl=1\" width=\"246\" height=\"300\"  title='Miro Koljonen' alt='' srcset=\"https:\/\/i0.wp.com\/grifk-handball.com\/miehet\/wp-content\/uploads\/sites\/2\/2018\/09\/Miro-Koljonen.jpg?w=1682&amp;ssl=1 1682w, https:\/\/i0.wp.com\/grifk-handball.com\/miehet\/wp-content\/uploads\/sites\/2\/2018\/09\/Miro-Koljonen.jpg?resize=246%2C300&amp;ssl=1 246w, https:\/\/i0.wp.com\/grifk-handball.com\/miehet\/wp-content\/uploads\/sites\/2\/2018\/09\/Miro-Koljonen.jpg?resize=768%2C935&amp;ssl=1 768w, https:\/\/i0.wp.com\/grifk-handball.com\/miehet\/wp-content\/uploads\/sites\/2\/2018\/09\/Miro-Koljonen.jpg?resize=846%2C1030&amp;ssl=1 846w, https:\/\/i0.wp.com\/grifk-handball.com\/miehet\/wp-content\/uploads\/sites\/2\/2018\/09\/Miro-Koljonen.jpg?resize=1232%2C1500&amp;ssl=1 1232w, https:\/\/i0.wp.com\/grifk-handball.com\/miehet\/wp-content\/uploads\/sites\/2\/2018\/09\/Miro-Koljonen.jpg?resize=579%2C705&amp;ssl=1 579w, https:\/\/i0.wp.com\/grifk-handball.com\/miehet\/wp-content\/uploads\/sites\/2\/2018\/09\/Miro-Koljonen.jpg?resize=450%2C548&amp;ssl=1 450w\" sizes=\"(max-width: 246px) 100vw, 246px\" \/><div class='big-prev-fake'><img decoding=\"async\" loading=\"lazy\" class=\"wp-image-9500 avia-img-lazy-loading-9500\"  width=\"495\" height=\"400\" src=\"https:\/\/i0.wp.com\/grifk-handball.com\/miehet\/wp-content\/uploads\/sites\/2\/2018\/09\/Miro-Koljonen.jpg?resize=495%2C400&ssl=1\" title='Miro Koljonen' alt='' srcset=\"https:\/\/i0.wp.com\/grifk-handball.com\/miehet\/wp-content\/uploads\/sites\/2\/2018\/09\/Miro-Koljonen.jpg?resize=495%2C400&amp;ssl=1 495w, https:\/\/i0.wp.com\/grifk-handball.com\/miehet\/wp-content\/uploads\/sites\/2\/2018\/09\/Miro-Koljonen.jpg?resize=845%2C684&amp;ssl=1 845w, https:\/\/i0.wp.com\/grifk-handball.com\/miehet\/wp-content\/uploads\/sites\/2\/2018\/09\/Miro-Koljonen.jpg?zoom=2&amp;resize=495%2C400 990w, https:\/\/i0.wp.com\/grifk-handball.com\/miehet\/wp-content\/uploads\/sites\/2\/2018\/09\/Miro-Koljonen.jpg?zoom=3&amp;resize=495%2C400 1485w\" sizes=\"auto, (max-width: 495px) 100vw, 495px\" \/><\/div><\/a><\/div><\/div>\n<section  class='av_textblock_section av-jm93b4vi-aab8c38c5265c01ed0ec518ae9352969 '   itemscope=\"itemscope\" itemtype=\"https:\/\/schema.org\/BlogPosting\" itemprop=\"blogPost\" ><div class='avia_textblock'  itemprop=\"text\" ><p><a href=\"https:\/\/men2020.ehf-euro.com\/home\/\" target=\"blank\"><img data-recalc-dims=\"1\" loading=\"lazy\" decoding=\"async\" class=\"alignright size-full wp-image-9841\" src=\"https:\/\/i0.wp.com\/grifk-handball.com\/miehet\/wp-content\/uploads\/sites\/2\/2018\/09\/2020_European_Mens_Handball_Championship1.png?resize=200%2C200&#038;ssl=1\" alt=\"\" width=\"200\" height=\"200\" srcset=\"https:\/\/i0.wp.com\/grifk-handball.com\/miehet\/wp-content\/uploads\/sites\/2\/2018\/09\/2020_European_Mens_Handball_Championship1.png?w=200&amp;ssl=1 200w, https:\/\/i0.wp.com\/grifk-handball.com\/miehet\/wp-content\/uploads\/sites\/2\/2018\/09\/2020_European_Mens_Handball_Championship1.png?resize=80%2C80&amp;ssl=1 80w, https:\/\/i0.wp.com\/grifk-handball.com\/miehet\/wp-content\/uploads\/sites\/2\/2018\/09\/2020_European_Mens_Handball_Championship1.png?resize=36%2C36&amp;ssl=1 36w, https:\/\/i0.wp.com\/grifk-handball.com\/miehet\/wp-content\/uploads\/sites\/2\/2018\/09\/2020_European_Mens_Handball_Championship1.png?resize=180%2C180&amp;ssl=1 180w, https:\/\/i0.wp.com\/grifk-handball.com\/miehet\/wp-content\/uploads\/sites\/2\/2018\/09\/2020_European_Mens_Handball_Championship1.png?resize=120%2C120&amp;ssl=1 120w, https:\/\/i0.wp.com\/grifk-handball.com\/miehet\/wp-content\/uploads\/sites\/2\/2018\/09\/2020_European_Mens_Handball_Championship1.png?resize=50%2C50&amp;ssl=1 50w\" sizes=\"auto, (max-width: 200px) 100vw, 200px\" \/><\/a>Maaottelut pelataan 6.10. kello 16:00 Hangossa jaja 7.10. kello 12:30 Pirkkolassa. Samoina p\u00e4ivin\u00e4 kello 15:30 Dicken pelaa EHF Challenge Cupin ottelunsa moldovalaista SSSCJRO-1 Tiraspolia vastaan, joten Pirkkolassa on sunnuntaina luvassa harvinainen kansainv\u00e4listen k\u00e4sipallo-otteluiden p\u00e4iv\u00e4.<\/p>\n<p>Suomen joukkue pelaa viel\u00e4 20. ja 21.10. kaksi ottelua Japania vastaan ennen Tsekki-ottelulla Plzeniss\u00e4 24.10. alkavia <a href=\"http:\/\/www.eurohandball.com\/ech\/men\/2020\/round\/2\/Qualification+Phase+2\" rel=\"noopener\" target=\"_blank\">EM-karsintoja<\/a>. EM-karsintalohkon 5 muut joukkueet ovat Valko-Ven\u00e4j\u00e4 ja Bosnia-Hertsegovina.<\/p>\n<p><a href=\"https:\/\/finnhandball.net\/maajoukkueet\/miesten-kasipallomaajoukkue-nimetty-farsaaret-otteluihin\/\" target=\"_blank\" rel=\"noopener\">Miesten k\u00e4sipallomaajoukkue nimetty F\u00e4rsaaret-otteluihin &gt;<\/a><br \/>\n<a href=\"https:\/\/men2020.ehf-euro.com\/home\/\">Men&#8217;s EHF Euro 2020 ><\/a><br \/>\n<a href=\"http:\/\/www.eurohandball.com\/ech\/men\/2020\/round\/2\/Qualification+Phase+2\" rel=\"noopener\" target=\"_blank\">EM-karsintalohkot ><\/a><br \/>\n<a href=\"http:\/\/hsf.fo\/\" rel=\"noopener\" target=\"_blank\">F\u00e4rsaarten K\u00e4sipalloliitto ><\/a><\/p>\n<\/div><\/section>\n","protected":false},"excerpt":{"rendered":"<p>Miesten k\u00e4sipallomaajoukkue kohtaa F\u00e4rsaaret kahdesti lokakuun ensimm\u00e4isen\u00e4 viikonloppuna.<\/p>\n","protected":false},"author":1,"featured_media":9840,"comment_status":"closed","ping_status":"closed","sticky":false,"template":"","format":"standard","meta":{"_acf_changed":false,"footnotes":""},"categories":[7],"tags":[277,316,229,32,235,314],"class_list":["post-9836","post","type-post","status-publish","format-standard","has-post-thumbnail","hentry","category-uutiset","tag-albert-georgs","tag-farsaaret","tag-fredrik-forss","tag-maajoukkue","tag-miro-koljonen","tag-suomi"],"acf":[],"yoast_head":"<!-- This site is optimized with the Yoast SEO plugin v27.5 - https:\/\/yoast.com\/product\/yoast-seo-wordpress\/ -->\n<title>Georgs ja Koljonen maaotteluihin F\u00e4rsaaria vastaan &#8212; GrIFK K\u00e4sipallo - miehet<\/title>\n<meta name=\"robots\" content=\"index, follow, max-snippet:-1, max-image-preview:large, max-video-preview:-1\" \/>\n<link rel=\"canonical\" href=\"https:\/\/grifk-handball.com\/miehet\/uutiset\/georgs-ja-koljonen-maaotteluihin-farsaaria-vastaan\/\" \/>\n<meta property=\"og:locale\" content=\"fi_FI\" \/>\n<meta property=\"og:type\" content=\"article\" \/>\n<meta property=\"og:title\" content=\"Georgs ja Koljonen maaotteluihin F\u00e4rsaaria vastaan &#8212; GrIFK K\u00e4sipallo - miehet\" \/>\n<meta property=\"og:description\" content=\"Miesten k\u00e4sipallomaajoukkue kohtaa F\u00e4rsaaret kahdesti lokakuun ensimm\u00e4isen\u00e4 viikonloppuna.\" \/>\n<meta property=\"og:url\" content=\"https:\/\/grifk-handball.com\/miehet\/uutiset\/georgs-ja-koljonen-maaotteluihin-farsaaria-vastaan\/\" \/>\n<meta property=\"og:site_name\" content=\"GrIFK K\u00e4sipallo - miehet\" \/>\n<meta property=\"article:publisher\" content=\"https:\/\/www.facebook.com\/GrIFKelit\/\" \/>\n<meta property=\"article:published_time\" content=\"2018-09-19T12:05:46+00:00\" \/>\n<meta property=\"article:modified_time\" content=\"2018-09-19T12:27:53+00:00\" \/>\n<meta property=\"og:image\" content=\"https:\/\/grifk-handball.com\/miehet\/wp-content\/uploads\/sites\/2\/2018\/09\/MMA_0021-1030x687.jpg\" \/>\n\t<meta property=\"og:image:width\" content=\"1030\" \/>\n\t<meta property=\"og:image:height\" content=\"687\" \/>\n\t<meta property=\"og:image:type\" content=\"image\/jpeg\" \/>\n<meta name=\"author\" content=\"granimaster\" \/>\n<meta name=\"twitter:card\" content=\"summary_large_image\" \/>\n<meta name=\"twitter:creator\" content=\"@GrIFK_MSM\" \/>\n<meta name=\"twitter:site\" content=\"@GrIFK_MSM\" \/>\n<meta name=\"twitter:label1\" content=\"Kirjoittanut\" \/>\n\t<meta name=\"twitter:data1\" content=\"granimaster\" \/>\n\t<meta name=\"twitter:label2\" content=\"Arvioitu lukuaika\" \/>\n\t<meta name=\"twitter:data2\" content=\"1 minuutti\" \/>\n<script type=\"application\/ld+json\" class=\"yoast-schema-graph\">{\"@context\":\"https:\\\/\\\/schema.org\",\"@graph\":[{\"@type\":\"Article\",\"@id\":\"https:\\\/\\\/grifk-handball.com\\\/miehet\\\/uutiset\\\/georgs-ja-koljonen-maaotteluihin-farsaaria-vastaan\\\/#article\",\"isPartOf\":{\"@id\":\"https:\\\/\\\/grifk-handball.com\\\/miehet\\\/uutiset\\\/georgs-ja-koljonen-maaotteluihin-farsaaria-vastaan\\\/\"},\"author\":{\"name\":\"granimaster\",\"@id\":\"https:\\\/\\\/grifk-handball.com\\\/miehet\\\/#\\\/schema\\\/person\\\/9da98c743e3f0f85a1b32f59241b48e0\"},\"headline\":\"Georgs ja Koljonen maaotteluihin F\u00e4rsaaria vastaan\",\"datePublished\":\"2018-09-19T12:05:46+00:00\",\"dateModified\":\"2018-09-19T12:27:53+00:00\",\"mainEntityOfPage\":{\"@id\":\"https:\\\/\\\/grifk-handball.com\\\/miehet\\\/uutiset\\\/georgs-ja-koljonen-maaotteluihin-farsaaria-vastaan\\\/\"},\"wordCount\":211,\"publisher\":{\"@id\":\"https:\\\/\\\/grifk-handball.com\\\/miehet\\\/#organization\"},\"image\":{\"@id\":\"https:\\\/\\\/grifk-handball.com\\\/miehet\\\/uutiset\\\/georgs-ja-koljonen-maaotteluihin-farsaaria-vastaan\\\/#primaryimage\"},\"thumbnailUrl\":\"https:\\\/\\\/i0.wp.com\\\/grifk-handball.com\\\/miehet\\\/wp-content\\\/uploads\\\/sites\\\/2\\\/2018\\\/09\\\/MMA_0021.jpg?fit=2400%2C1600&ssl=1\",\"keywords\":[\"Albert Georgs\",\"F\u00e4rsaaret\",\"Fredrik Forss\",\"Maajoukkue\",\"Miro Koljonen\",\"Suomi\"],\"articleSection\":[\"Uutiset\"],\"inLanguage\":\"fi\"},{\"@type\":\"WebPage\",\"@id\":\"https:\\\/\\\/grifk-handball.com\\\/miehet\\\/uutiset\\\/georgs-ja-koljonen-maaotteluihin-farsaaria-vastaan\\\/\",\"url\":\"https:\\\/\\\/grifk-handball.com\\\/miehet\\\/uutiset\\\/georgs-ja-koljonen-maaotteluihin-farsaaria-vastaan\\\/\",\"name\":\"Georgs ja Koljonen maaotteluihin F\u00e4rsaaria vastaan &#8212; GrIFK K\u00e4sipallo - miehet\",\"isPartOf\":{\"@id\":\"https:\\\/\\\/grifk-handball.com\\\/miehet\\\/#website\"},\"primaryImageOfPage\":{\"@id\":\"https:\\\/\\\/grifk-handball.com\\\/miehet\\\/uutiset\\\/georgs-ja-koljonen-maaotteluihin-farsaaria-vastaan\\\/#primaryimage\"},\"image\":{\"@id\":\"https:\\\/\\\/grifk-handball.com\\\/miehet\\\/uutiset\\\/georgs-ja-koljonen-maaotteluihin-farsaaria-vastaan\\\/#primaryimage\"},\"thumbnailUrl\":\"https:\\\/\\\/i0.wp.com\\\/grifk-handball.com\\\/miehet\\\/wp-content\\\/uploads\\\/sites\\\/2\\\/2018\\\/09\\\/MMA_0021.jpg?fit=2400%2C1600&ssl=1\",\"datePublished\":\"2018-09-19T12:05:46+00:00\",\"dateModified\":\"2018-09-19T12:27:53+00:00\",\"breadcrumb\":{\"@id\":\"https:\\\/\\\/grifk-handball.com\\\/miehet\\\/uutiset\\\/georgs-ja-koljonen-maaotteluihin-farsaaria-vastaan\\\/#breadcrumb\"},\"inLanguage\":\"fi\",\"potentialAction\":[{\"@type\":\"ReadAction\",\"target\":[\"https:\\\/\\\/grifk-handball.com\\\/miehet\\\/uutiset\\\/georgs-ja-koljonen-maaotteluihin-farsaaria-vastaan\\\/\"]}]},{\"@type\":\"ImageObject\",\"inLanguage\":\"fi\",\"@id\":\"https:\\\/\\\/grifk-handball.com\\\/miehet\\\/uutiset\\\/georgs-ja-koljonen-maaotteluihin-farsaaria-vastaan\\\/#primaryimage\",\"url\":\"https:\\\/\\\/i0.wp.com\\\/grifk-handball.com\\\/miehet\\\/wp-content\\\/uploads\\\/sites\\\/2\\\/2018\\\/09\\\/MMA_0021.jpg?fit=2400%2C1600&ssl=1\",\"contentUrl\":\"https:\\\/\\\/i0.wp.com\\\/grifk-handball.com\\\/miehet\\\/wp-content\\\/uploads\\\/sites\\\/2\\\/2018\\\/09\\\/MMA_0021.jpg?fit=2400%2C1600&ssl=1\",\"width\":2400,\"height\":1600,\"caption\":\"Handball 2018 Men's European Championship Qualification 2 match at the Vantaa Energia areena 4. May 2017 in Vantaa, Finland. (Newspix24\\\/Matti Matikainen)\"},{\"@type\":\"BreadcrumbList\",\"@id\":\"https:\\\/\\\/grifk-handball.com\\\/miehet\\\/uutiset\\\/georgs-ja-koljonen-maaotteluihin-farsaaria-vastaan\\\/#breadcrumb\",\"itemListElement\":[{\"@type\":\"ListItem\",\"position\":1,\"name\":\"Home\",\"item\":\"https:\\\/\\\/grifk-handball.com\\\/miehet\\\/etusivu-260109\\\/\"},{\"@type\":\"ListItem\",\"position\":2,\"name\":\"Georgs ja Koljonen maaotteluihin F\u00e4rsaaria vastaan\"}]},{\"@type\":\"WebSite\",\"@id\":\"https:\\\/\\\/grifk-handball.com\\\/miehet\\\/#website\",\"url\":\"https:\\\/\\\/grifk-handball.com\\\/miehet\\\/\",\"name\":\"GrIFK K\u00e4sipallo - miehet\",\"description\":\"BomBom!\",\"publisher\":{\"@id\":\"https:\\\/\\\/grifk-handball.com\\\/miehet\\\/#organization\"},\"potentialAction\":[{\"@type\":\"SearchAction\",\"target\":{\"@type\":\"EntryPoint\",\"urlTemplate\":\"https:\\\/\\\/grifk-handball.com\\\/miehet\\\/?s={search_term_string}\"},\"query-input\":{\"@type\":\"PropertyValueSpecification\",\"valueRequired\":true,\"valueName\":\"search_term_string\"}}],\"inLanguage\":\"fi\"},{\"@type\":\"Organization\",\"@id\":\"https:\\\/\\\/grifk-handball.com\\\/miehet\\\/#organization\",\"name\":\"GrIFK K\u00e4sipallo - miehet\",\"url\":\"https:\\\/\\\/grifk-handball.com\\\/miehet\\\/\",\"logo\":{\"@type\":\"ImageObject\",\"inLanguage\":\"fi\",\"@id\":\"https:\\\/\\\/grifk-handball.com\\\/miehet\\\/#\\\/schema\\\/logo\\\/image\\\/\",\"url\":\"https:\\\/\\\/i0.wp.com\\\/grifk-handball.com\\\/miehet\\\/wp-content\\\/uploads\\\/sites\\\/2\\\/2016\\\/10\\\/logo-grifk-iso.png?fit=1200%2C1400&ssl=1\",\"contentUrl\":\"https:\\\/\\\/i0.wp.com\\\/grifk-handball.com\\\/miehet\\\/wp-content\\\/uploads\\\/sites\\\/2\\\/2016\\\/10\\\/logo-grifk-iso.png?fit=1200%2C1400&ssl=1\",\"width\":1200,\"height\":1400,\"caption\":\"GrIFK K\u00e4sipallo - miehet\"},\"image\":{\"@id\":\"https:\\\/\\\/grifk-handball.com\\\/miehet\\\/#\\\/schema\\\/logo\\\/image\\\/\"},\"sameAs\":[\"https:\\\/\\\/www.facebook.com\\\/GrIFKelit\\\/\",\"https:\\\/\\\/x.com\\\/GrIFK_MSM\",\"https:\\\/\\\/www.instagram.com\\\/grifk_elit\\\/\"]},{\"@type\":\"Person\",\"@id\":\"https:\\\/\\\/grifk-handball.com\\\/miehet\\\/#\\\/schema\\\/person\\\/9da98c743e3f0f85a1b32f59241b48e0\",\"name\":\"granimaster\",\"image\":{\"@type\":\"ImageObject\",\"inLanguage\":\"fi\",\"@id\":\"https:\\\/\\\/secure.gravatar.com\\\/avatar\\\/034b8e6380fc659c320f13e17fe45bd9ab48a21e2debadd5f3179bde291949df?s=96&d=mm&r=g\",\"url\":\"https:\\\/\\\/secure.gravatar.com\\\/avatar\\\/034b8e6380fc659c320f13e17fe45bd9ab48a21e2debadd5f3179bde291949df?s=96&d=mm&r=g\",\"contentUrl\":\"https:\\\/\\\/secure.gravatar.com\\\/avatar\\\/034b8e6380fc659c320f13e17fe45bd9ab48a21e2debadd5f3179bde291949df?s=96&d=mm&r=g\",\"caption\":\"granimaster\"},\"url\":\"https:\\\/\\\/grifk-handball.com\\\/miehet\\\/author\\\/granimaster\\\/\"}]}<\/script>\n<!-- \/ Yoast SEO plugin. -->","yoast_head_json":{"title":"Georgs ja Koljonen maaotteluihin F\u00e4rsaaria vastaan &#8212; GrIFK K\u00e4sipallo - miehet","robots":{"index":"index","follow":"follow","max-snippet":"max-snippet:-1","max-image-preview":"max-image-preview:large","max-video-preview":"max-video-preview:-1"},"canonical":"https:\/\/grifk-handball.com\/miehet\/uutiset\/georgs-ja-koljonen-maaotteluihin-farsaaria-vastaan\/","og_locale":"fi_FI","og_type":"article","og_title":"Georgs ja Koljonen maaotteluihin F\u00e4rsaaria vastaan &#8212; GrIFK K\u00e4sipallo - miehet","og_description":"Miesten k\u00e4sipallomaajoukkue kohtaa F\u00e4rsaaret kahdesti lokakuun ensimm\u00e4isen\u00e4 viikonloppuna.","og_url":"https:\/\/grifk-handball.com\/miehet\/uutiset\/georgs-ja-koljonen-maaotteluihin-farsaaria-vastaan\/","og_site_name":"GrIFK K\u00e4sipallo - miehet","article_publisher":"https:\/\/www.facebook.com\/GrIFKelit\/","article_published_time":"2018-09-19T12:05:46+00:00","article_modified_time":"2018-09-19T12:27:53+00:00","og_image":[{"width":1030,"height":687,"url":"https:\/\/grifk-handball.com\/miehet\/wp-content\/uploads\/sites\/2\/2018\/09\/MMA_0021-1030x687.jpg","type":"image\/jpeg"}],"author":"granimaster","twitter_card":"summary_large_image","twitter_creator":"@GrIFK_MSM","twitter_site":"@GrIFK_MSM","twitter_misc":{"Kirjoittanut":"granimaster","Arvioitu lukuaika":"1 minuutti"},"schema":{"@context":"https:\/\/schema.org","@graph":[{"@type":"Article","@id":"https:\/\/grifk-handball.com\/miehet\/uutiset\/georgs-ja-koljonen-maaotteluihin-farsaaria-vastaan\/#article","isPartOf":{"@id":"https:\/\/grifk-handball.com\/miehet\/uutiset\/georgs-ja-koljonen-maaotteluihin-farsaaria-vastaan\/"},"author":{"name":"granimaster","@id":"https:\/\/grifk-handball.com\/miehet\/#\/schema\/person\/9da98c743e3f0f85a1b32f59241b48e0"},"headline":"Georgs ja Koljonen maaotteluihin F\u00e4rsaaria vastaan","datePublished":"2018-09-19T12:05:46+00:00","dateModified":"2018-09-19T12:27:53+00:00","mainEntityOfPage":{"@id":"https:\/\/grifk-handball.com\/miehet\/uutiset\/georgs-ja-koljonen-maaotteluihin-farsaaria-vastaan\/"},"wordCount":211,"publisher":{"@id":"https:\/\/grifk-handball.com\/miehet\/#organization"},"image":{"@id":"https:\/\/grifk-handball.com\/miehet\/uutiset\/georgs-ja-koljonen-maaotteluihin-farsaaria-vastaan\/#primaryimage"},"thumbnailUrl":"https:\/\/i0.wp.com\/grifk-handball.com\/miehet\/wp-content\/uploads\/sites\/2\/2018\/09\/MMA_0021.jpg?fit=2400%2C1600&ssl=1","keywords":["Albert Georgs","F\u00e4rsaaret","Fredrik Forss","Maajoukkue","Miro Koljonen","Suomi"],"articleSection":["Uutiset"],"inLanguage":"fi"},{"@type":"WebPage","@id":"https:\/\/grifk-handball.com\/miehet\/uutiset\/georgs-ja-koljonen-maaotteluihin-farsaaria-vastaan\/","url":"https:\/\/grifk-handball.com\/miehet\/uutiset\/georgs-ja-koljonen-maaotteluihin-farsaaria-vastaan\/","name":"Georgs ja Koljonen maaotteluihin F\u00e4rsaaria vastaan &#8212; GrIFK K\u00e4sipallo - miehet","isPartOf":{"@id":"https:\/\/grifk-handball.com\/miehet\/#website"},"primaryImageOfPage":{"@id":"https:\/\/grifk-handball.com\/miehet\/uutiset\/georgs-ja-koljonen-maaotteluihin-farsaaria-vastaan\/#primaryimage"},"image":{"@id":"https:\/\/grifk-handball.com\/miehet\/uutiset\/georgs-ja-koljonen-maaotteluihin-farsaaria-vastaan\/#primaryimage"},"thumbnailUrl":"https:\/\/i0.wp.com\/grifk-handball.com\/miehet\/wp-content\/uploads\/sites\/2\/2018\/09\/MMA_0021.jpg?fit=2400%2C1600&ssl=1","datePublished":"2018-09-19T12:05:46+00:00","dateModified":"2018-09-19T12:27:53+00:00","breadcrumb":{"@id":"https:\/\/grifk-handball.com\/miehet\/uutiset\/georgs-ja-koljonen-maaotteluihin-farsaaria-vastaan\/#breadcrumb"},"inLanguage":"fi","potentialAction":[{"@type":"ReadAction","target":["https:\/\/grifk-handball.com\/miehet\/uutiset\/georgs-ja-koljonen-maaotteluihin-farsaaria-vastaan\/"]}]},{"@type":"ImageObject","inLanguage":"fi","@id":"https:\/\/grifk-handball.com\/miehet\/uutiset\/georgs-ja-koljonen-maaotteluihin-farsaaria-vastaan\/#primaryimage","url":"https:\/\/i0.wp.com\/grifk-handball.com\/miehet\/wp-content\/uploads\/sites\/2\/2018\/09\/MMA_0021.jpg?fit=2400%2C1600&ssl=1","contentUrl":"https:\/\/i0.wp.com\/grifk-handball.com\/miehet\/wp-content\/uploads\/sites\/2\/2018\/09\/MMA_0021.jpg?fit=2400%2C1600&ssl=1","width":2400,"height":1600,"caption":"Handball 2018 Men's European Championship Qualification 2 match at the Vantaa Energia areena 4. May 2017 in Vantaa, Finland. (Newspix24\/Matti Matikainen)"},{"@type":"BreadcrumbList","@id":"https:\/\/grifk-handball.com\/miehet\/uutiset\/georgs-ja-koljonen-maaotteluihin-farsaaria-vastaan\/#breadcrumb","itemListElement":[{"@type":"ListItem","position":1,"name":"Home","item":"https:\/\/grifk-handball.com\/miehet\/etusivu-260109\/"},{"@type":"ListItem","position":2,"name":"Georgs ja Koljonen maaotteluihin F\u00e4rsaaria vastaan"}]},{"@type":"WebSite","@id":"https:\/\/grifk-handball.com\/miehet\/#website","url":"https:\/\/grifk-handball.com\/miehet\/","name":"GrIFK K\u00e4sipallo - miehet","description":"BomBom!","publisher":{"@id":"https:\/\/grifk-handball.com\/miehet\/#organization"},"potentialAction":[{"@type":"SearchAction","target":{"@type":"EntryPoint","urlTemplate":"https:\/\/grifk-handball.com\/miehet\/?s={search_term_string}"},"query-input":{"@type":"PropertyValueSpecification","valueRequired":true,"valueName":"search_term_string"}}],"inLanguage":"fi"},{"@type":"Organization","@id":"https:\/\/grifk-handball.com\/miehet\/#organization","name":"GrIFK K\u00e4sipallo - miehet","url":"https:\/\/grifk-handball.com\/miehet\/","logo":{"@type":"ImageObject","inLanguage":"fi","@id":"https:\/\/grifk-handball.com\/miehet\/#\/schema\/logo\/image\/","url":"https:\/\/i0.wp.com\/grifk-handball.com\/miehet\/wp-content\/uploads\/sites\/2\/2016\/10\/logo-grifk-iso.png?fit=1200%2C1400&ssl=1","contentUrl":"https:\/\/i0.wp.com\/grifk-handball.com\/miehet\/wp-content\/uploads\/sites\/2\/2016\/10\/logo-grifk-iso.png?fit=1200%2C1400&ssl=1","width":1200,"height":1400,"caption":"GrIFK K\u00e4sipallo - miehet"},"image":{"@id":"https:\/\/grifk-handball.com\/miehet\/#\/schema\/logo\/image\/"},"sameAs":["https:\/\/www.facebook.com\/GrIFKelit\/","https:\/\/x.com\/GrIFK_MSM","https:\/\/www.instagram.com\/grifk_elit\/"]},{"@type":"Person","@id":"https:\/\/grifk-handball.com\/miehet\/#\/schema\/person\/9da98c743e3f0f85a1b32f59241b48e0","name":"granimaster","image":{"@type":"ImageObject","inLanguage":"fi","@id":"https:\/\/secure.gravatar.com\/avatar\/034b8e6380fc659c320f13e17fe45bd9ab48a21e2debadd5f3179bde291949df?s=96&d=mm&r=g","url":"https:\/\/secure.gravatar.com\/avatar\/034b8e6380fc659c320f13e17fe45bd9ab48a21e2debadd5f3179bde291949df?s=96&d=mm&r=g","contentUrl":"https:\/\/secure.gravatar.com\/avatar\/034b8e6380fc659c320f13e17fe45bd9ab48a21e2debadd5f3179bde291949df?s=96&d=mm&r=g","caption":"granimaster"},"url":"https:\/\/grifk-handball.com\/miehet\/author\/granimaster\/"}]}},"jetpack_featured_media_url":"https:\/\/i0.wp.com\/grifk-handball.com\/miehet\/wp-content\/uploads\/sites\/2\/2018\/09\/MMA_0021.jpg?fit=2400%2C1600&ssl=1","jetpack_shortlink":"https:\/\/wp.me\/p9jQ9a-2yE","_links":{"self":[{"href":"https:\/\/grifk-handball.com\/miehet\/wp-json\/wp\/v2\/posts\/9836","targetHints":{"allow":["GET"]}}],"collection":[{"href":"https:\/\/grifk-handball.com\/miehet\/wp-json\/wp\/v2\/posts"}],"about":[{"href":"https:\/\/grifk-handball.com\/miehet\/wp-json\/wp\/v2\/types\/post"}],"author":[{"embeddable":true,"href":"https:\/\/grifk-handball.com\/miehet\/wp-json\/wp\/v2\/users\/1"}],"replies":[{"embeddable":true,"href":"https:\/\/grifk-handball.com\/miehet\/wp-json\/wp\/v2\/comments?post=9836"}],"version-history":[{"count":11,"href":"https:\/\/grifk-handball.com\/miehet\/wp-json\/wp\/v2\/posts\/9836\/revisions"}],"predecessor-version":[{"id":10580,"href":"https:\/\/grifk-handball.com\/miehet\/wp-json\/wp\/v2\/posts\/9836\/revisions\/10580"}],"wp:featuredmedia":[{"embeddable":true,"href":"https:\/\/grifk-handball.com\/miehet\/wp-json\/wp\/v2\/media\/9840"}],"wp:attachment":[{"href":"https:\/\/grifk-handball.com\/miehet\/wp-json\/wp\/v2\/media?parent=9836"}],"wp:term":[{"taxonomy":"category","embeddable":true,"href":"https:\/\/grifk-handball.com\/miehet\/wp-json\/wp\/v2\/categories?post=9836"},{"taxonomy":"post_tag","embeddable":true,"href":"https:\/\/grifk-handball.com\/miehet\/wp-json\/wp\/v2\/tags?post=9836"}],"curies":[{"name":"wp","href":"https:\/\/api.w.org\/{rel}","templated":true}]}}