{"id":10032,"date":"2022-03-28T20:07:17","date_gmt":"2022-03-28T17:07:17","guid":{"rendered":"https:\/\/grifk-handball.com\/naiset\/?p=10032"},"modified":"2022-03-28T20:07:17","modified_gmt":"2022-03-28T17:07:17","slug":"vinst-i-grundseriens-sista-match-kyif-grifk-23-28","status":"publish","type":"post","link":"https:\/\/grifk-handball.com\/naiset\/kausi-2021-22\/ottelut-2021-22\/vinst-i-grundseriens-sista-match-kyif-grifk-23-28\/","title":{"rendered":"Vinst i grundseriens sista match: KyIF-GrIFK 23-28"},"content":{"rendered":"<p><em>I l\u00f6rdags var det dags f\u00f6r grundseriens sista match mot KyIF i Kyrksl\u00e4tt. I praktiken var matchen betydelsel\u00f6s f\u00f6r b\u00e5da lagen, d\u00e5 lagens grundserieposition redan var klar. <\/em><\/p>\n<p>Det har \u00e4nd\u00e5 under \u00e5ren varit en speciell laddning d\u00e5 vi m\u00f6tt KyIF och under veckan kom vi \u00f6verens om att det inte finns matcher d\u00e4r vi inte skulle vara fokuserade till 100 procent under denna s\u00e4song. Vi ville forts\u00e4tta p\u00e5 v\u00e5rt fina flyt fr\u00e5n de f\u00f6reg\u00e5ende matcherna, forts\u00e4tta jobba vidare med v\u00e5rt stabila f\u00f6rsvar, kontringar och det fina uppst\u00e4llda anfallsspelet. Damerna var taggade redan i omkl\u00e4dningsrummet vilket b\u00e5dade gott inf\u00f6r matchen.<\/p>\n<p>B\u00e5da lagen inleder starkt med m\u00e5l i b\u00e5da \u00e4ndorna, matchen h\u00e5lls j\u00e4mn till mitten av f\u00f6rsta halvleken, d\u00e4r vi f\u00e5r ett litet grepp p\u00e5 KyIF:s spel och kan dra upp en lucka p\u00e5 n\u00e5gra m\u00e5l. Vi lyckas styra deras spel till de positioner vi vill ha dem i och Moa i m\u00e5let spelar v\u00e4ldigt stabilt. Vi f\u00e5r avslut fr\u00e5n alla positioner och lyckas \u00e4ven med m\u00e5nga spelare. Vi byter runt, men h\u00e5ller niv\u00e5n och intensiteten i spelet. Till pausen g\u00e5r vi med st\u00e4llningen 14-12.<\/p>\n<p>Vi vill \u00e4ndra p\u00e5 en del saker f\u00f6r att f\u00e5 b\u00e4ttre utdelning i b\u00e5da \u00e4ndorna av planen. Vi vill forts\u00e4tta trycka p\u00e5 i andra halvlek, samtidigt som vi prioriterar spelet bak\u00e5t. Vi g\u00e5r in f\u00f6r att vinna duellerna och sm\u00e4lla p\u00e5 i f\u00f6rsvaret.<\/p>\n<p>Vi inleder andra halvleken starkt och f\u00e5r upp en ledning p\u00e5 6-7 m\u00e5l. Vi g\u00f6r det vi kommit \u00f6verens om i pausen och lyckas eliminera m\u00e5nga av KyIFK:s f\u00f6rs\u00f6k. Som sista l\u00e5s i m\u00e5let har vi Moa, som g\u00f6r en solid match. Vi spelar stabilt och tappar inte d\u00e5 vi g\u00f6r byten i laget. Alla spelar fokuserat och tillsammans och vi g\u00e5r till en stabil lagseger.<\/p>\n<p>Slutspelen inleds inkommande fredag &#8211; 1.4 kl. 18.00 &#8211; d\u00e5 vi m\u00f6ter HIFK p\u00e5 bortaplan i Bergh\u00e4ll. Nu om n\u00e5gonsin ska ni komma och heja fram v\u00e5ra damer!<\/p>\n<p>Vi ses i hallen!<\/p>\n<p>Coach Pava och Anka<\/p>\n<p>&nbsp;<\/p>\n<p>&nbsp;<\/p>\n<div class='avia-iframe-wrap'>\n<blockquote class=\"wp-embedded-content\" data-secret=\"aVVSrgZ3H4\"><p><a href=\"https:\/\/nsm.finnhandball.net\/kausi-2021-2022\/ottelut-2021-2022\/grifk-viimeisteli-valierakuntoa-kaatamalla-kyifn\/\">GrIFK viimeisteli v\u00e4lier\u00e4kuntoa kaatamalla KyIF:n<\/a><\/p><\/blockquote>\n<p><iframe loading=\"lazy\" class=\"wp-embedded-content\" sandbox=\"allow-scripts\" security=\"restricted\" style=\"position: absolute; clip: rect(1px, 1px, 1px, 1px);\" title=\"&#8221;GrIFK viimeisteli v\u00e4lier\u00e4kuntoa kaatamalla KyIF:n&#8221; &#8212; K\u00e4sipallon naisten SM-sarja\" src=\"https:\/\/nsm.finnhandball.net\/kausi-2021-2022\/ottelut-2021-2022\/grifk-viimeisteli-valierakuntoa-kaatamalla-kyifn\/embed\/#?secret=ogRXgtbqu1#?secret=aVVSrgZ3H4\" data-secret=\"aVVSrgZ3H4\" width=\"600\" height=\"338\" frameborder=\"0\" marginwidth=\"0\" marginheight=\"0\" scrolling=\"no\"><\/iframe><\/div>\n","protected":false},"excerpt":{"rendered":"<p>I l\u00f6rdags var det dags f\u00f6r grundseriens sista match mot KyIF i Kyrksl\u00e4tt. I praktiken var matchen betydelsel\u00f6s f\u00f6r b\u00e5da lagen, d\u00e5 lagens grundserieposition redan var klar. Det har \u00e4nd\u00e5 under \u00e5ren varit en speciell laddning d\u00e5 vi m\u00f6tt KyIF och under veckan kom vi \u00f6verens om att det inte finns matcher d\u00e4r vi inte [&hellip;]<\/p>\n","protected":false},"author":6,"featured_media":10033,"comment_status":"closed","ping_status":"closed","sticky":false,"template":"","format":"standard","meta":{"_acf_changed":false,"jetpack_post_was_ever_published":false,"footnotes":""},"categories":[237],"tags":[196,231,192,181,26,185,222],"class_list":["post-10032","post","type-post","status-publish","format-standard","has-post-thumbnail","hentry","category-ottelut-2021-22","tag-coachanka","tag-coachpava","tag-gograni","tag-grifkdamer","tag-grifkhandball","tag-sm-runkosarja","tag-vispelarforgrankulla"],"acf":[],"yoast_head":"<!-- This site is optimized with the Yoast SEO plugin v27.5 - https:\/\/yoast.com\/product\/yoast-seo-wordpress\/ -->\n<title>Vinst i grundseriens sista match: KyIF-GrIFK 23-28 &#187; GrIFK K\u00e4sipallo Naiset<\/title>\n<meta name=\"robots\" content=\"index, follow, max-snippet:-1, max-image-preview:large, max-video-preview:-1\" \/>\n<link rel=\"canonical\" href=\"https:\/\/grifk-handball.com\/naiset\/kausi-2021-22\/ottelut-2021-22\/vinst-i-grundseriens-sista-match-kyif-grifk-23-28\/\" \/>\n<meta property=\"og:locale\" content=\"fi_FI\" \/>\n<meta property=\"og:type\" content=\"article\" \/>\n<meta property=\"og:title\" content=\"Vinst i grundseriens sista match: KyIF-GrIFK 23-28 &#187; GrIFK K\u00e4sipallo Naiset\" \/>\n<meta property=\"og:description\" content=\"I l\u00f6rdags var det dags f\u00f6r grundseriens sista match mot KyIF i Kyrksl\u00e4tt. I praktiken var matchen betydelsel\u00f6s f\u00f6r b\u00e5da lagen, d\u00e5 lagens grundserieposition redan var klar. Det har \u00e4nd\u00e5 under \u00e5ren varit en speciell laddning d\u00e5 vi m\u00f6tt KyIF och under veckan kom vi \u00f6verens om att det inte finns matcher d\u00e4r vi inte [&hellip;]\" \/>\n<meta property=\"og:url\" content=\"https:\/\/grifk-handball.com\/naiset\/kausi-2021-22\/ottelut-2021-22\/vinst-i-grundseriens-sista-match-kyif-grifk-23-28\/\" \/>\n<meta property=\"og:site_name\" content=\"GrIFK K\u00e4sipallo Naiset\" \/>\n<meta property=\"article:publisher\" content=\"https:\/\/www.facebook.com\/532444520237680\" \/>\n<meta property=\"article:published_time\" content=\"2022-03-28T17:07:17+00:00\" \/>\n<meta property=\"og:image\" content=\"https:\/\/grifk-handball.com\/naiset\/wp-content\/uploads\/sites\/3\/2022\/03\/GrIFK-HIFK-18122021-0605-scaled-e1648487192748-1030x617.jpg\" \/>\n\t<meta property=\"og:image:width\" content=\"1030\" \/>\n\t<meta property=\"og:image:height\" content=\"617\" \/>\n\t<meta property=\"og:image:type\" content=\"image\/jpeg\" \/>\n<meta name=\"author\" content=\"irajessica\" \/>\n<meta name=\"twitter:card\" content=\"summary_large_image\" \/>\n<meta name=\"twitter:label1\" content=\"Kirjoittanut\" \/>\n\t<meta name=\"twitter:data1\" content=\"irajessica\" \/>\n\t<meta name=\"twitter:label2\" content=\"Arvioitu lukuaika\" \/>\n\t<meta name=\"twitter:data2\" content=\"3 minuuttia\" \/>\n<script type=\"application\/ld+json\" class=\"yoast-schema-graph\">{\"@context\":\"https:\\\/\\\/schema.org\",\"@graph\":[{\"@type\":\"Article\",\"@id\":\"https:\\\/\\\/grifk-handball.com\\\/naiset\\\/kausi-2021-22\\\/ottelut-2021-22\\\/vinst-i-grundseriens-sista-match-kyif-grifk-23-28\\\/#article\",\"isPartOf\":{\"@id\":\"https:\\\/\\\/grifk-handball.com\\\/naiset\\\/kausi-2021-22\\\/ottelut-2021-22\\\/vinst-i-grundseriens-sista-match-kyif-grifk-23-28\\\/\"},\"author\":{\"name\":\"irajessica\",\"@id\":\"https:\\\/\\\/grifk-handball.com\\\/naiset\\\/#\\\/schema\\\/person\\\/833a8047457c3e753cf474b171cc90f9\"},\"headline\":\"Vinst i grundseriens sista match: KyIF-GrIFK 23-28\",\"datePublished\":\"2022-03-28T17:07:17+00:00\",\"mainEntityOfPage\":{\"@id\":\"https:\\\/\\\/grifk-handball.com\\\/naiset\\\/kausi-2021-22\\\/ottelut-2021-22\\\/vinst-i-grundseriens-sista-match-kyif-grifk-23-28\\\/\"},\"wordCount\":409,\"image\":{\"@id\":\"https:\\\/\\\/grifk-handball.com\\\/naiset\\\/kausi-2021-22\\\/ottelut-2021-22\\\/vinst-i-grundseriens-sista-match-kyif-grifk-23-28\\\/#primaryimage\"},\"thumbnailUrl\":\"https:\\\/\\\/grifk-handball.com\\\/naiset\\\/wp-content\\\/uploads\\\/sites\\\/3\\\/2022\\\/03\\\/GrIFK-HIFK-18122021-0605-scaled-e1648487192748.jpg\",\"keywords\":[\"#CoachAnka\",\"#CoachPava\",\"#gograni\",\"#GrIFKDamer\",\"#GrIFKHandball\",\"#SM-runkosarja\",\"#vispelarforgrankulla\"],\"articleSection\":[\"Ottelut\"],\"inLanguage\":\"fi\"},{\"@type\":\"WebPage\",\"@id\":\"https:\\\/\\\/grifk-handball.com\\\/naiset\\\/kausi-2021-22\\\/ottelut-2021-22\\\/vinst-i-grundseriens-sista-match-kyif-grifk-23-28\\\/\",\"url\":\"https:\\\/\\\/grifk-handball.com\\\/naiset\\\/kausi-2021-22\\\/ottelut-2021-22\\\/vinst-i-grundseriens-sista-match-kyif-grifk-23-28\\\/\",\"name\":\"Vinst i grundseriens sista match: KyIF-GrIFK 23-28 &#187; GrIFK K\u00e4sipallo Naiset\",\"isPartOf\":{\"@id\":\"https:\\\/\\\/grifk-handball.com\\\/naiset\\\/#website\"},\"primaryImageOfPage\":{\"@id\":\"https:\\\/\\\/grifk-handball.com\\\/naiset\\\/kausi-2021-22\\\/ottelut-2021-22\\\/vinst-i-grundseriens-sista-match-kyif-grifk-23-28\\\/#primaryimage\"},\"image\":{\"@id\":\"https:\\\/\\\/grifk-handball.com\\\/naiset\\\/kausi-2021-22\\\/ottelut-2021-22\\\/vinst-i-grundseriens-sista-match-kyif-grifk-23-28\\\/#primaryimage\"},\"thumbnailUrl\":\"https:\\\/\\\/grifk-handball.com\\\/naiset\\\/wp-content\\\/uploads\\\/sites\\\/3\\\/2022\\\/03\\\/GrIFK-HIFK-18122021-0605-scaled-e1648487192748.jpg\",\"datePublished\":\"2022-03-28T17:07:17+00:00\",\"author\":{\"@id\":\"https:\\\/\\\/grifk-handball.com\\\/naiset\\\/#\\\/schema\\\/person\\\/833a8047457c3e753cf474b171cc90f9\"},\"breadcrumb\":{\"@id\":\"https:\\\/\\\/grifk-handball.com\\\/naiset\\\/kausi-2021-22\\\/ottelut-2021-22\\\/vinst-i-grundseriens-sista-match-kyif-grifk-23-28\\\/#breadcrumb\"},\"inLanguage\":\"fi\",\"potentialAction\":[{\"@type\":\"ReadAction\",\"target\":[\"https:\\\/\\\/grifk-handball.com\\\/naiset\\\/kausi-2021-22\\\/ottelut-2021-22\\\/vinst-i-grundseriens-sista-match-kyif-grifk-23-28\\\/\"]}]},{\"@type\":\"ImageObject\",\"inLanguage\":\"fi\",\"@id\":\"https:\\\/\\\/grifk-handball.com\\\/naiset\\\/kausi-2021-22\\\/ottelut-2021-22\\\/vinst-i-grundseriens-sista-match-kyif-grifk-23-28\\\/#primaryimage\",\"url\":\"https:\\\/\\\/grifk-handball.com\\\/naiset\\\/wp-content\\\/uploads\\\/sites\\\/3\\\/2022\\\/03\\\/GrIFK-HIFK-18122021-0605-scaled-e1648487192748.jpg\",\"contentUrl\":\"https:\\\/\\\/grifk-handball.com\\\/naiset\\\/wp-content\\\/uploads\\\/sites\\\/3\\\/2022\\\/03\\\/GrIFK-HIFK-18122021-0605-scaled-e1648487192748.jpg\",\"width\":2361,\"height\":1414},{\"@type\":\"BreadcrumbList\",\"@id\":\"https:\\\/\\\/grifk-handball.com\\\/naiset\\\/kausi-2021-22\\\/ottelut-2021-22\\\/vinst-i-grundseriens-sista-match-kyif-grifk-23-28\\\/#breadcrumb\",\"itemListElement\":[{\"@type\":\"ListItem\",\"position\":1,\"name\":\"Home\",\"item\":\"https:\\\/\\\/grifk-handball.com\\\/naiset\\\/etusivu-2\\\/\"},{\"@type\":\"ListItem\",\"position\":2,\"name\":\"Vinst i grundseriens sista match: KyIF-GrIFK 23-28\"}]},{\"@type\":\"WebSite\",\"@id\":\"https:\\\/\\\/grifk-handball.com\\\/naiset\\\/#website\",\"url\":\"https:\\\/\\\/grifk-handball.com\\\/naiset\\\/\",\"name\":\"GrIFK K\u00e4sipallo Naiset\",\"description\":\"GrIFK K\u00e4sipallo Naiset\",\"potentialAction\":[{\"@type\":\"SearchAction\",\"target\":{\"@type\":\"EntryPoint\",\"urlTemplate\":\"https:\\\/\\\/grifk-handball.com\\\/naiset\\\/?s={search_term_string}\"},\"query-input\":{\"@type\":\"PropertyValueSpecification\",\"valueRequired\":true,\"valueName\":\"search_term_string\"}}],\"inLanguage\":\"fi\"},{\"@type\":\"Person\",\"@id\":\"https:\\\/\\\/grifk-handball.com\\\/naiset\\\/#\\\/schema\\\/person\\\/833a8047457c3e753cf474b171cc90f9\",\"name\":\"irajessica\",\"image\":{\"@type\":\"ImageObject\",\"inLanguage\":\"fi\",\"@id\":\"https:\\\/\\\/secure.gravatar.com\\\/avatar\\\/a5f2f279937493405b86bf6f3fc4a412ab182fdfc4897be279322d112f394088?s=96&d=mm&r=g\",\"url\":\"https:\\\/\\\/secure.gravatar.com\\\/avatar\\\/a5f2f279937493405b86bf6f3fc4a412ab182fdfc4897be279322d112f394088?s=96&d=mm&r=g\",\"contentUrl\":\"https:\\\/\\\/secure.gravatar.com\\\/avatar\\\/a5f2f279937493405b86bf6f3fc4a412ab182fdfc4897be279322d112f394088?s=96&d=mm&r=g\",\"caption\":\"irajessica\"},\"url\":\"https:\\\/\\\/grifk-handball.com\\\/naiset\\\/author\\\/irajessica\\\/\"}]}<\/script>\n<!-- \/ Yoast SEO plugin. -->","yoast_head_json":{"title":"Vinst i grundseriens sista match: KyIF-GrIFK 23-28 &#187; GrIFK K\u00e4sipallo Naiset","robots":{"index":"index","follow":"follow","max-snippet":"max-snippet:-1","max-image-preview":"max-image-preview:large","max-video-preview":"max-video-preview:-1"},"canonical":"https:\/\/grifk-handball.com\/naiset\/kausi-2021-22\/ottelut-2021-22\/vinst-i-grundseriens-sista-match-kyif-grifk-23-28\/","og_locale":"fi_FI","og_type":"article","og_title":"Vinst i grundseriens sista match: KyIF-GrIFK 23-28 &#187; GrIFK K\u00e4sipallo Naiset","og_description":"I l\u00f6rdags var det dags f\u00f6r grundseriens sista match mot KyIF i Kyrksl\u00e4tt. I praktiken var matchen betydelsel\u00f6s f\u00f6r b\u00e5da lagen, d\u00e5 lagens grundserieposition redan var klar. Det har \u00e4nd\u00e5 under \u00e5ren varit en speciell laddning d\u00e5 vi m\u00f6tt KyIF och under veckan kom vi \u00f6verens om att det inte finns matcher d\u00e4r vi inte [&hellip;]","og_url":"https:\/\/grifk-handball.com\/naiset\/kausi-2021-22\/ottelut-2021-22\/vinst-i-grundseriens-sista-match-kyif-grifk-23-28\/","og_site_name":"GrIFK K\u00e4sipallo Naiset","article_publisher":"https:\/\/www.facebook.com\/532444520237680","article_published_time":"2022-03-28T17:07:17+00:00","og_image":[{"width":1030,"height":617,"url":"https:\/\/grifk-handball.com\/naiset\/wp-content\/uploads\/sites\/3\/2022\/03\/GrIFK-HIFK-18122021-0605-scaled-e1648487192748-1030x617.jpg","type":"image\/jpeg"}],"author":"irajessica","twitter_card":"summary_large_image","twitter_misc":{"Kirjoittanut":"irajessica","Arvioitu lukuaika":"3 minuuttia"},"schema":{"@context":"https:\/\/schema.org","@graph":[{"@type":"Article","@id":"https:\/\/grifk-handball.com\/naiset\/kausi-2021-22\/ottelut-2021-22\/vinst-i-grundseriens-sista-match-kyif-grifk-23-28\/#article","isPartOf":{"@id":"https:\/\/grifk-handball.com\/naiset\/kausi-2021-22\/ottelut-2021-22\/vinst-i-grundseriens-sista-match-kyif-grifk-23-28\/"},"author":{"name":"irajessica","@id":"https:\/\/grifk-handball.com\/naiset\/#\/schema\/person\/833a8047457c3e753cf474b171cc90f9"},"headline":"Vinst i grundseriens sista match: KyIF-GrIFK 23-28","datePublished":"2022-03-28T17:07:17+00:00","mainEntityOfPage":{"@id":"https:\/\/grifk-handball.com\/naiset\/kausi-2021-22\/ottelut-2021-22\/vinst-i-grundseriens-sista-match-kyif-grifk-23-28\/"},"wordCount":409,"image":{"@id":"https:\/\/grifk-handball.com\/naiset\/kausi-2021-22\/ottelut-2021-22\/vinst-i-grundseriens-sista-match-kyif-grifk-23-28\/#primaryimage"},"thumbnailUrl":"https:\/\/grifk-handball.com\/naiset\/wp-content\/uploads\/sites\/3\/2022\/03\/GrIFK-HIFK-18122021-0605-scaled-e1648487192748.jpg","keywords":["#CoachAnka","#CoachPava","#gograni","#GrIFKDamer","#GrIFKHandball","#SM-runkosarja","#vispelarforgrankulla"],"articleSection":["Ottelut"],"inLanguage":"fi"},{"@type":"WebPage","@id":"https:\/\/grifk-handball.com\/naiset\/kausi-2021-22\/ottelut-2021-22\/vinst-i-grundseriens-sista-match-kyif-grifk-23-28\/","url":"https:\/\/grifk-handball.com\/naiset\/kausi-2021-22\/ottelut-2021-22\/vinst-i-grundseriens-sista-match-kyif-grifk-23-28\/","name":"Vinst i grundseriens sista match: KyIF-GrIFK 23-28 &#187; GrIFK K\u00e4sipallo Naiset","isPartOf":{"@id":"https:\/\/grifk-handball.com\/naiset\/#website"},"primaryImageOfPage":{"@id":"https:\/\/grifk-handball.com\/naiset\/kausi-2021-22\/ottelut-2021-22\/vinst-i-grundseriens-sista-match-kyif-grifk-23-28\/#primaryimage"},"image":{"@id":"https:\/\/grifk-handball.com\/naiset\/kausi-2021-22\/ottelut-2021-22\/vinst-i-grundseriens-sista-match-kyif-grifk-23-28\/#primaryimage"},"thumbnailUrl":"https:\/\/grifk-handball.com\/naiset\/wp-content\/uploads\/sites\/3\/2022\/03\/GrIFK-HIFK-18122021-0605-scaled-e1648487192748.jpg","datePublished":"2022-03-28T17:07:17+00:00","author":{"@id":"https:\/\/grifk-handball.com\/naiset\/#\/schema\/person\/833a8047457c3e753cf474b171cc90f9"},"breadcrumb":{"@id":"https:\/\/grifk-handball.com\/naiset\/kausi-2021-22\/ottelut-2021-22\/vinst-i-grundseriens-sista-match-kyif-grifk-23-28\/#breadcrumb"},"inLanguage":"fi","potentialAction":[{"@type":"ReadAction","target":["https:\/\/grifk-handball.com\/naiset\/kausi-2021-22\/ottelut-2021-22\/vinst-i-grundseriens-sista-match-kyif-grifk-23-28\/"]}]},{"@type":"ImageObject","inLanguage":"fi","@id":"https:\/\/grifk-handball.com\/naiset\/kausi-2021-22\/ottelut-2021-22\/vinst-i-grundseriens-sista-match-kyif-grifk-23-28\/#primaryimage","url":"https:\/\/grifk-handball.com\/naiset\/wp-content\/uploads\/sites\/3\/2022\/03\/GrIFK-HIFK-18122021-0605-scaled-e1648487192748.jpg","contentUrl":"https:\/\/grifk-handball.com\/naiset\/wp-content\/uploads\/sites\/3\/2022\/03\/GrIFK-HIFK-18122021-0605-scaled-e1648487192748.jpg","width":2361,"height":1414},{"@type":"BreadcrumbList","@id":"https:\/\/grifk-handball.com\/naiset\/kausi-2021-22\/ottelut-2021-22\/vinst-i-grundseriens-sista-match-kyif-grifk-23-28\/#breadcrumb","itemListElement":[{"@type":"ListItem","position":1,"name":"Home","item":"https:\/\/grifk-handball.com\/naiset\/etusivu-2\/"},{"@type":"ListItem","position":2,"name":"Vinst i grundseriens sista match: KyIF-GrIFK 23-28"}]},{"@type":"WebSite","@id":"https:\/\/grifk-handball.com\/naiset\/#website","url":"https:\/\/grifk-handball.com\/naiset\/","name":"GrIFK K\u00e4sipallo Naiset","description":"GrIFK K\u00e4sipallo Naiset","potentialAction":[{"@type":"SearchAction","target":{"@type":"EntryPoint","urlTemplate":"https:\/\/grifk-handball.com\/naiset\/?s={search_term_string}"},"query-input":{"@type":"PropertyValueSpecification","valueRequired":true,"valueName":"search_term_string"}}],"inLanguage":"fi"},{"@type":"Person","@id":"https:\/\/grifk-handball.com\/naiset\/#\/schema\/person\/833a8047457c3e753cf474b171cc90f9","name":"irajessica","image":{"@type":"ImageObject","inLanguage":"fi","@id":"https:\/\/secure.gravatar.com\/avatar\/a5f2f279937493405b86bf6f3fc4a412ab182fdfc4897be279322d112f394088?s=96&d=mm&r=g","url":"https:\/\/secure.gravatar.com\/avatar\/a5f2f279937493405b86bf6f3fc4a412ab182fdfc4897be279322d112f394088?s=96&d=mm&r=g","contentUrl":"https:\/\/secure.gravatar.com\/avatar\/a5f2f279937493405b86bf6f3fc4a412ab182fdfc4897be279322d112f394088?s=96&d=mm&r=g","caption":"irajessica"},"url":"https:\/\/grifk-handball.com\/naiset\/author\/irajessica\/"}]}},"jetpack_featured_media_url":"https:\/\/grifk-handball.com\/naiset\/wp-content\/uploads\/sites\/3\/2022\/03\/GrIFK-HIFK-18122021-0605-scaled-e1648487192748.jpg","jetpack_sharing_enabled":true,"_links":{"self":[{"href":"https:\/\/grifk-handball.com\/naiset\/wp-json\/wp\/v2\/posts\/10032","targetHints":{"allow":["GET"]}}],"collection":[{"href":"https:\/\/grifk-handball.com\/naiset\/wp-json\/wp\/v2\/posts"}],"about":[{"href":"https:\/\/grifk-handball.com\/naiset\/wp-json\/wp\/v2\/types\/post"}],"author":[{"embeddable":true,"href":"https:\/\/grifk-handball.com\/naiset\/wp-json\/wp\/v2\/users\/6"}],"replies":[{"embeddable":true,"href":"https:\/\/grifk-handball.com\/naiset\/wp-json\/wp\/v2\/comments?post=10032"}],"version-history":[{"count":3,"href":"https:\/\/grifk-handball.com\/naiset\/wp-json\/wp\/v2\/posts\/10032\/revisions"}],"predecessor-version":[{"id":10036,"href":"https:\/\/grifk-handball.com\/naiset\/wp-json\/wp\/v2\/posts\/10032\/revisions\/10036"}],"wp:featuredmedia":[{"embeddable":true,"href":"https:\/\/grifk-handball.com\/naiset\/wp-json\/wp\/v2\/media\/10033"}],"wp:attachment":[{"href":"https:\/\/grifk-handball.com\/naiset\/wp-json\/wp\/v2\/media?parent=10032"}],"wp:term":[{"taxonomy":"category","embeddable":true,"href":"https:\/\/grifk-handball.com\/naiset\/wp-json\/wp\/v2\/categories?post=10032"},{"taxonomy":"post_tag","embeddable":true,"href":"https:\/\/grifk-handball.com\/naiset\/wp-json\/wp\/v2\/tags?post=10032"}],"curies":[{"name":"wp","href":"https:\/\/api.w.org\/{rel}","templated":true}]}}