{"id":10516,"date":"2022-11-26T00:04:35","date_gmt":"2022-11-25T22:04:35","guid":{"rendered":"https:\/\/grifk-handball.com\/naiset\/?p=10516"},"modified":"2022-11-26T00:04:35","modified_gmt":"2022-11-25T22:04:35","slug":"nsm-grifk-dicken-26-11-13-30","status":"publish","type":"post","link":"https:\/\/grifk-handball.com\/naiset\/kausi-2022-23\/ennakot-2022-23\/nsm-grifk-dicken-26-11-13-30\/","title":{"rendered":"NSM GrIFK-Dicken 26.11. * 13.30"},"content":{"rendered":"<h4 style=\"font-weight: 400\"><strong>Fjol\u00e5rets finalpar m\u00f6ts i Grottan<\/strong><\/h4>\n<p style=\"font-weight: 400\">P\u00e5 l\u00f6rdag spelar GrIFK mot Dicken i Grottan i Grankulla. Senast m\u00f6ttes lagen p\u00e5 v\u00e5ren i FM-finalen. Den h\u00e4r s\u00e4songen har GrIFK vunnit alla sina matcher, medan Dicken har en f\u00f6rlust mot HIFK.<\/p>\n<p style=\"font-weight: 400\">Dicken har genomg\u00e5tt stora f\u00f6r\u00e4ndringar i spelartruppen sen ifjol, d\u00e5 flera mer rutinerade spelare valde att l\u00e4gga skorna p\u00e5 hyllan. Thomas Lindstr\u00f6m har som huvudtr\u00e4nare h\u00e4mtat en ny spelstil till laget.<\/p>\n<p style=\"font-weight: 400\">GrIFK (8p) ryckte ifr\u00e5n HIFK (6p) och Dicken (6p) i tabellen i och med vinsten \u00f6ver HIFK 12.11 (25-33). Alla lagen har en match kvar av den f\u00f6rsta rundan.<\/p>\n<p style=\"font-weight: 400\">GrIFK har njutit av en matchfri vecka genom att tr\u00e4na h\u00e5rt och finslipa det gemensamma spelet. Spelarna \u00e4r hungriga p\u00e5 att ta revansch fr\u00e5n ifjol, s\u00e5 matchen kommer s\u00e4kert att vara tuff.<\/p>\n<p><strong>Solidsport Open Day<\/strong><\/p>\n<p>P\u00e5 l\u00f6rdagen \u00e4r det Solidsport Open Day, vilket inneb\u00e4r att alla FM-liga och FM-serie matcher \u00e4r tillg\u00e4ngliga gratis! Det enda du beh\u00f6ver g\u00f6ra \u00e4r att skapa ett anv\u00e4ndarkonto via <a href=\"https:\/\/solidsport.com\/grifknaiset\">Solidsport<\/a>!<\/p>\n<p style=\"font-weight: 400\">Kom till hallen och heja laget till vinst eller f\u00f6lj med via Solidsport!<\/p>\n<p><strong>F\u00f6lj oss g\u00e4rna!<\/strong><br \/>\nFacebook: Grankulla IFK Damhandboll<br \/>\nInstagram: @grifkdamer<br \/>\nWebbsida:\u00a0<a href=\"https:\/\/grifk-handball.com\/naiset\/\">https:\/\/grifk-handball.com\/naiset\/<\/a><\/p>\n<p>&nbsp;<\/p>\n","protected":false},"excerpt":{"rendered":"<p>Fjol\u00e5rets finalpar m\u00f6ts i Grottan P\u00e5 l\u00f6rdag spelar GrIFK mot Dicken i Grottan i Grankulla. Senast m\u00f6ttes lagen p\u00e5 v\u00e5ren i FM-finalen. Den h\u00e4r s\u00e4songen har GrIFK vunnit alla sina matcher, medan Dicken har en f\u00f6rlust mot HIFK. Dicken har genomg\u00e5tt stora f\u00f6r\u00e4ndringar i spelartruppen sen ifjol, d\u00e5 flera mer rutinerade spelare valde att l\u00e4gga [&hellip;]<\/p>\n","protected":false},"author":6,"featured_media":10517,"comment_status":"closed","ping_status":"closed","sticky":false,"template":"","format":"standard","meta":{"_acf_changed":false,"jetpack_post_was_ever_published":false,"footnotes":""},"categories":[267],"tags":[231,181,26,218,185,222,20],"class_list":["post-10516","post","type-post","status-publish","format-standard","has-post-thumbnail","hentry","category-ennakot-2022-23","tag-coachpava","tag-grifkdamer","tag-grifkhandball","tag-otteluennakko","tag-sm-runkosarja","tag-vispelarforgrankulla","tag-dicken"],"acf":[],"yoast_head":"<!-- This site is optimized with the Yoast SEO plugin v27.5 - https:\/\/yoast.com\/product\/yoast-seo-wordpress\/ -->\n<title>NSM GrIFK-Dicken 26.11. * 13.30 &#187; GrIFK K\u00e4sipallo Naiset<\/title>\n<meta name=\"robots\" content=\"index, follow, max-snippet:-1, max-image-preview:large, max-video-preview:-1\" \/>\n<link rel=\"canonical\" href=\"https:\/\/grifk-handball.com\/naiset\/kausi-2022-23\/ennakot-2022-23\/nsm-grifk-dicken-26-11-13-30\/\" \/>\n<meta property=\"og:locale\" content=\"fi_FI\" \/>\n<meta property=\"og:type\" content=\"article\" \/>\n<meta property=\"og:title\" content=\"NSM GrIFK-Dicken 26.11. * 13.30 &#187; GrIFK K\u00e4sipallo Naiset\" \/>\n<meta property=\"og:description\" content=\"Fjol\u00e5rets finalpar m\u00f6ts i Grottan P\u00e5 l\u00f6rdag spelar GrIFK mot Dicken i Grottan i Grankulla. Senast m\u00f6ttes lagen p\u00e5 v\u00e5ren i FM-finalen. Den h\u00e4r s\u00e4songen har GrIFK vunnit alla sina matcher, medan Dicken har en f\u00f6rlust mot HIFK. Dicken har genomg\u00e5tt stora f\u00f6r\u00e4ndringar i spelartruppen sen ifjol, d\u00e5 flera mer rutinerade spelare valde att l\u00e4gga [&hellip;]\" \/>\n<meta property=\"og:url\" content=\"https:\/\/grifk-handball.com\/naiset\/kausi-2022-23\/ennakot-2022-23\/nsm-grifk-dicken-26-11-13-30\/\" \/>\n<meta property=\"og:site_name\" content=\"GrIFK K\u00e4sipallo Naiset\" \/>\n<meta property=\"article:publisher\" content=\"https:\/\/www.facebook.com\/532444520237680\" \/>\n<meta property=\"article:published_time\" content=\"2022-11-25T22:04:35+00:00\" \/>\n<meta property=\"og:image\" content=\"https:\/\/grifk-handball.com\/naiset\/wp-content\/uploads\/sites\/3\/2022\/11\/20220924133657_IMG_9239-scaled-e1669413857143-1030x684.jpg\" \/>\n\t<meta property=\"og:image:width\" content=\"1030\" \/>\n\t<meta property=\"og:image:height\" content=\"684\" \/>\n\t<meta property=\"og:image:type\" content=\"image\/jpeg\" \/>\n<meta name=\"author\" content=\"irajessica\" \/>\n<meta name=\"twitter:card\" content=\"summary_large_image\" \/>\n<meta name=\"twitter:label1\" content=\"Kirjoittanut\" \/>\n\t<meta name=\"twitter:data1\" content=\"irajessica\" \/>\n\t<meta name=\"twitter:label2\" content=\"Arvioitu lukuaika\" \/>\n\t<meta name=\"twitter:data2\" content=\"2 minuuttia\" \/>\n<script type=\"application\/ld+json\" class=\"yoast-schema-graph\">{\"@context\":\"https:\\\/\\\/schema.org\",\"@graph\":[{\"@type\":\"Article\",\"@id\":\"https:\\\/\\\/grifk-handball.com\\\/naiset\\\/kausi-2022-23\\\/ennakot-2022-23\\\/nsm-grifk-dicken-26-11-13-30\\\/#article\",\"isPartOf\":{\"@id\":\"https:\\\/\\\/grifk-handball.com\\\/naiset\\\/kausi-2022-23\\\/ennakot-2022-23\\\/nsm-grifk-dicken-26-11-13-30\\\/\"},\"author\":{\"name\":\"irajessica\",\"@id\":\"https:\\\/\\\/grifk-handball.com\\\/naiset\\\/#\\\/schema\\\/person\\\/833a8047457c3e753cf474b171cc90f9\"},\"headline\":\"NSM GrIFK-Dicken 26.11. * 13.30\",\"datePublished\":\"2022-11-25T22:04:35+00:00\",\"mainEntityOfPage\":{\"@id\":\"https:\\\/\\\/grifk-handball.com\\\/naiset\\\/kausi-2022-23\\\/ennakot-2022-23\\\/nsm-grifk-dicken-26-11-13-30\\\/\"},\"wordCount\":222,\"image\":{\"@id\":\"https:\\\/\\\/grifk-handball.com\\\/naiset\\\/kausi-2022-23\\\/ennakot-2022-23\\\/nsm-grifk-dicken-26-11-13-30\\\/#primaryimage\"},\"thumbnailUrl\":\"https:\\\/\\\/grifk-handball.com\\\/naiset\\\/wp-content\\\/uploads\\\/sites\\\/3\\\/2022\\\/11\\\/20220924133657_IMG_9239-scaled-e1669413857143.jpg\",\"keywords\":[\"#CoachPava\",\"#GrIFKDamer\",\"#GrIFKHandball\",\"#otteluennakko\",\"#SM-runkosarja\",\"#vispelarforgrankulla\",\"Dicken\"],\"articleSection\":[\"Ennakot\"],\"inLanguage\":\"fi\"},{\"@type\":\"WebPage\",\"@id\":\"https:\\\/\\\/grifk-handball.com\\\/naiset\\\/kausi-2022-23\\\/ennakot-2022-23\\\/nsm-grifk-dicken-26-11-13-30\\\/\",\"url\":\"https:\\\/\\\/grifk-handball.com\\\/naiset\\\/kausi-2022-23\\\/ennakot-2022-23\\\/nsm-grifk-dicken-26-11-13-30\\\/\",\"name\":\"NSM GrIFK-Dicken 26.11. * 13.30 &#187; GrIFK K\u00e4sipallo Naiset\",\"isPartOf\":{\"@id\":\"https:\\\/\\\/grifk-handball.com\\\/naiset\\\/#website\"},\"primaryImageOfPage\":{\"@id\":\"https:\\\/\\\/grifk-handball.com\\\/naiset\\\/kausi-2022-23\\\/ennakot-2022-23\\\/nsm-grifk-dicken-26-11-13-30\\\/#primaryimage\"},\"image\":{\"@id\":\"https:\\\/\\\/grifk-handball.com\\\/naiset\\\/kausi-2022-23\\\/ennakot-2022-23\\\/nsm-grifk-dicken-26-11-13-30\\\/#primaryimage\"},\"thumbnailUrl\":\"https:\\\/\\\/grifk-handball.com\\\/naiset\\\/wp-content\\\/uploads\\\/sites\\\/3\\\/2022\\\/11\\\/20220924133657_IMG_9239-scaled-e1669413857143.jpg\",\"datePublished\":\"2022-11-25T22:04:35+00:00\",\"author\":{\"@id\":\"https:\\\/\\\/grifk-handball.com\\\/naiset\\\/#\\\/schema\\\/person\\\/833a8047457c3e753cf474b171cc90f9\"},\"breadcrumb\":{\"@id\":\"https:\\\/\\\/grifk-handball.com\\\/naiset\\\/kausi-2022-23\\\/ennakot-2022-23\\\/nsm-grifk-dicken-26-11-13-30\\\/#breadcrumb\"},\"inLanguage\":\"fi\",\"potentialAction\":[{\"@type\":\"ReadAction\",\"target\":[\"https:\\\/\\\/grifk-handball.com\\\/naiset\\\/kausi-2022-23\\\/ennakot-2022-23\\\/nsm-grifk-dicken-26-11-13-30\\\/\"]}]},{\"@type\":\"ImageObject\",\"inLanguage\":\"fi\",\"@id\":\"https:\\\/\\\/grifk-handball.com\\\/naiset\\\/kausi-2022-23\\\/ennakot-2022-23\\\/nsm-grifk-dicken-26-11-13-30\\\/#primaryimage\",\"url\":\"https:\\\/\\\/grifk-handball.com\\\/naiset\\\/wp-content\\\/uploads\\\/sites\\\/3\\\/2022\\\/11\\\/20220924133657_IMG_9239-scaled-e1669413857143.jpg\",\"contentUrl\":\"https:\\\/\\\/grifk-handball.com\\\/naiset\\\/wp-content\\\/uploads\\\/sites\\\/3\\\/2022\\\/11\\\/20220924133657_IMG_9239-scaled-e1669413857143.jpg\",\"width\":2438,\"height\":1619},{\"@type\":\"BreadcrumbList\",\"@id\":\"https:\\\/\\\/grifk-handball.com\\\/naiset\\\/kausi-2022-23\\\/ennakot-2022-23\\\/nsm-grifk-dicken-26-11-13-30\\\/#breadcrumb\",\"itemListElement\":[{\"@type\":\"ListItem\",\"position\":1,\"name\":\"Home\",\"item\":\"https:\\\/\\\/grifk-handball.com\\\/naiset\\\/etusivu-2\\\/\"},{\"@type\":\"ListItem\",\"position\":2,\"name\":\"NSM GrIFK-Dicken 26.11. * 13.30\"}]},{\"@type\":\"WebSite\",\"@id\":\"https:\\\/\\\/grifk-handball.com\\\/naiset\\\/#website\",\"url\":\"https:\\\/\\\/grifk-handball.com\\\/naiset\\\/\",\"name\":\"GrIFK K\u00e4sipallo Naiset\",\"description\":\"GrIFK K\u00e4sipallo Naiset\",\"potentialAction\":[{\"@type\":\"SearchAction\",\"target\":{\"@type\":\"EntryPoint\",\"urlTemplate\":\"https:\\\/\\\/grifk-handball.com\\\/naiset\\\/?s={search_term_string}\"},\"query-input\":{\"@type\":\"PropertyValueSpecification\",\"valueRequired\":true,\"valueName\":\"search_term_string\"}}],\"inLanguage\":\"fi\"},{\"@type\":\"Person\",\"@id\":\"https:\\\/\\\/grifk-handball.com\\\/naiset\\\/#\\\/schema\\\/person\\\/833a8047457c3e753cf474b171cc90f9\",\"name\":\"irajessica\",\"image\":{\"@type\":\"ImageObject\",\"inLanguage\":\"fi\",\"@id\":\"https:\\\/\\\/secure.gravatar.com\\\/avatar\\\/a5f2f279937493405b86bf6f3fc4a412ab182fdfc4897be279322d112f394088?s=96&d=mm&r=g\",\"url\":\"https:\\\/\\\/secure.gravatar.com\\\/avatar\\\/a5f2f279937493405b86bf6f3fc4a412ab182fdfc4897be279322d112f394088?s=96&d=mm&r=g\",\"contentUrl\":\"https:\\\/\\\/secure.gravatar.com\\\/avatar\\\/a5f2f279937493405b86bf6f3fc4a412ab182fdfc4897be279322d112f394088?s=96&d=mm&r=g\",\"caption\":\"irajessica\"},\"url\":\"https:\\\/\\\/grifk-handball.com\\\/naiset\\\/author\\\/irajessica\\\/\"}]}<\/script>\n<!-- \/ Yoast SEO plugin. -->","yoast_head_json":{"title":"NSM GrIFK-Dicken 26.11. * 13.30 &#187; GrIFK K\u00e4sipallo Naiset","robots":{"index":"index","follow":"follow","max-snippet":"max-snippet:-1","max-image-preview":"max-image-preview:large","max-video-preview":"max-video-preview:-1"},"canonical":"https:\/\/grifk-handball.com\/naiset\/kausi-2022-23\/ennakot-2022-23\/nsm-grifk-dicken-26-11-13-30\/","og_locale":"fi_FI","og_type":"article","og_title":"NSM GrIFK-Dicken 26.11. * 13.30 &#187; GrIFK K\u00e4sipallo Naiset","og_description":"Fjol\u00e5rets finalpar m\u00f6ts i Grottan P\u00e5 l\u00f6rdag spelar GrIFK mot Dicken i Grottan i Grankulla. Senast m\u00f6ttes lagen p\u00e5 v\u00e5ren i FM-finalen. Den h\u00e4r s\u00e4songen har GrIFK vunnit alla sina matcher, medan Dicken har en f\u00f6rlust mot HIFK. Dicken har genomg\u00e5tt stora f\u00f6r\u00e4ndringar i spelartruppen sen ifjol, d\u00e5 flera mer rutinerade spelare valde att l\u00e4gga [&hellip;]","og_url":"https:\/\/grifk-handball.com\/naiset\/kausi-2022-23\/ennakot-2022-23\/nsm-grifk-dicken-26-11-13-30\/","og_site_name":"GrIFK K\u00e4sipallo Naiset","article_publisher":"https:\/\/www.facebook.com\/532444520237680","article_published_time":"2022-11-25T22:04:35+00:00","og_image":[{"width":1030,"height":684,"url":"https:\/\/grifk-handball.com\/naiset\/wp-content\/uploads\/sites\/3\/2022\/11\/20220924133657_IMG_9239-scaled-e1669413857143-1030x684.jpg","type":"image\/jpeg"}],"author":"irajessica","twitter_card":"summary_large_image","twitter_misc":{"Kirjoittanut":"irajessica","Arvioitu lukuaika":"2 minuuttia"},"schema":{"@context":"https:\/\/schema.org","@graph":[{"@type":"Article","@id":"https:\/\/grifk-handball.com\/naiset\/kausi-2022-23\/ennakot-2022-23\/nsm-grifk-dicken-26-11-13-30\/#article","isPartOf":{"@id":"https:\/\/grifk-handball.com\/naiset\/kausi-2022-23\/ennakot-2022-23\/nsm-grifk-dicken-26-11-13-30\/"},"author":{"name":"irajessica","@id":"https:\/\/grifk-handball.com\/naiset\/#\/schema\/person\/833a8047457c3e753cf474b171cc90f9"},"headline":"NSM GrIFK-Dicken 26.11. * 13.30","datePublished":"2022-11-25T22:04:35+00:00","mainEntityOfPage":{"@id":"https:\/\/grifk-handball.com\/naiset\/kausi-2022-23\/ennakot-2022-23\/nsm-grifk-dicken-26-11-13-30\/"},"wordCount":222,"image":{"@id":"https:\/\/grifk-handball.com\/naiset\/kausi-2022-23\/ennakot-2022-23\/nsm-grifk-dicken-26-11-13-30\/#primaryimage"},"thumbnailUrl":"https:\/\/grifk-handball.com\/naiset\/wp-content\/uploads\/sites\/3\/2022\/11\/20220924133657_IMG_9239-scaled-e1669413857143.jpg","keywords":["#CoachPava","#GrIFKDamer","#GrIFKHandball","#otteluennakko","#SM-runkosarja","#vispelarforgrankulla","Dicken"],"articleSection":["Ennakot"],"inLanguage":"fi"},{"@type":"WebPage","@id":"https:\/\/grifk-handball.com\/naiset\/kausi-2022-23\/ennakot-2022-23\/nsm-grifk-dicken-26-11-13-30\/","url":"https:\/\/grifk-handball.com\/naiset\/kausi-2022-23\/ennakot-2022-23\/nsm-grifk-dicken-26-11-13-30\/","name":"NSM GrIFK-Dicken 26.11. * 13.30 &#187; GrIFK K\u00e4sipallo Naiset","isPartOf":{"@id":"https:\/\/grifk-handball.com\/naiset\/#website"},"primaryImageOfPage":{"@id":"https:\/\/grifk-handball.com\/naiset\/kausi-2022-23\/ennakot-2022-23\/nsm-grifk-dicken-26-11-13-30\/#primaryimage"},"image":{"@id":"https:\/\/grifk-handball.com\/naiset\/kausi-2022-23\/ennakot-2022-23\/nsm-grifk-dicken-26-11-13-30\/#primaryimage"},"thumbnailUrl":"https:\/\/grifk-handball.com\/naiset\/wp-content\/uploads\/sites\/3\/2022\/11\/20220924133657_IMG_9239-scaled-e1669413857143.jpg","datePublished":"2022-11-25T22:04:35+00:00","author":{"@id":"https:\/\/grifk-handball.com\/naiset\/#\/schema\/person\/833a8047457c3e753cf474b171cc90f9"},"breadcrumb":{"@id":"https:\/\/grifk-handball.com\/naiset\/kausi-2022-23\/ennakot-2022-23\/nsm-grifk-dicken-26-11-13-30\/#breadcrumb"},"inLanguage":"fi","potentialAction":[{"@type":"ReadAction","target":["https:\/\/grifk-handball.com\/naiset\/kausi-2022-23\/ennakot-2022-23\/nsm-grifk-dicken-26-11-13-30\/"]}]},{"@type":"ImageObject","inLanguage":"fi","@id":"https:\/\/grifk-handball.com\/naiset\/kausi-2022-23\/ennakot-2022-23\/nsm-grifk-dicken-26-11-13-30\/#primaryimage","url":"https:\/\/grifk-handball.com\/naiset\/wp-content\/uploads\/sites\/3\/2022\/11\/20220924133657_IMG_9239-scaled-e1669413857143.jpg","contentUrl":"https:\/\/grifk-handball.com\/naiset\/wp-content\/uploads\/sites\/3\/2022\/11\/20220924133657_IMG_9239-scaled-e1669413857143.jpg","width":2438,"height":1619},{"@type":"BreadcrumbList","@id":"https:\/\/grifk-handball.com\/naiset\/kausi-2022-23\/ennakot-2022-23\/nsm-grifk-dicken-26-11-13-30\/#breadcrumb","itemListElement":[{"@type":"ListItem","position":1,"name":"Home","item":"https:\/\/grifk-handball.com\/naiset\/etusivu-2\/"},{"@type":"ListItem","position":2,"name":"NSM GrIFK-Dicken 26.11. * 13.30"}]},{"@type":"WebSite","@id":"https:\/\/grifk-handball.com\/naiset\/#website","url":"https:\/\/grifk-handball.com\/naiset\/","name":"GrIFK K\u00e4sipallo Naiset","description":"GrIFK K\u00e4sipallo Naiset","potentialAction":[{"@type":"SearchAction","target":{"@type":"EntryPoint","urlTemplate":"https:\/\/grifk-handball.com\/naiset\/?s={search_term_string}"},"query-input":{"@type":"PropertyValueSpecification","valueRequired":true,"valueName":"search_term_string"}}],"inLanguage":"fi"},{"@type":"Person","@id":"https:\/\/grifk-handball.com\/naiset\/#\/schema\/person\/833a8047457c3e753cf474b171cc90f9","name":"irajessica","image":{"@type":"ImageObject","inLanguage":"fi","@id":"https:\/\/secure.gravatar.com\/avatar\/a5f2f279937493405b86bf6f3fc4a412ab182fdfc4897be279322d112f394088?s=96&d=mm&r=g","url":"https:\/\/secure.gravatar.com\/avatar\/a5f2f279937493405b86bf6f3fc4a412ab182fdfc4897be279322d112f394088?s=96&d=mm&r=g","contentUrl":"https:\/\/secure.gravatar.com\/avatar\/a5f2f279937493405b86bf6f3fc4a412ab182fdfc4897be279322d112f394088?s=96&d=mm&r=g","caption":"irajessica"},"url":"https:\/\/grifk-handball.com\/naiset\/author\/irajessica\/"}]}},"jetpack_featured_media_url":"https:\/\/grifk-handball.com\/naiset\/wp-content\/uploads\/sites\/3\/2022\/11\/20220924133657_IMG_9239-scaled-e1669413857143.jpg","jetpack_sharing_enabled":true,"_links":{"self":[{"href":"https:\/\/grifk-handball.com\/naiset\/wp-json\/wp\/v2\/posts\/10516","targetHints":{"allow":["GET"]}}],"collection":[{"href":"https:\/\/grifk-handball.com\/naiset\/wp-json\/wp\/v2\/posts"}],"about":[{"href":"https:\/\/grifk-handball.com\/naiset\/wp-json\/wp\/v2\/types\/post"}],"author":[{"embeddable":true,"href":"https:\/\/grifk-handball.com\/naiset\/wp-json\/wp\/v2\/users\/6"}],"replies":[{"embeddable":true,"href":"https:\/\/grifk-handball.com\/naiset\/wp-json\/wp\/v2\/comments?post=10516"}],"version-history":[{"count":2,"href":"https:\/\/grifk-handball.com\/naiset\/wp-json\/wp\/v2\/posts\/10516\/revisions"}],"predecessor-version":[{"id":10519,"href":"https:\/\/grifk-handball.com\/naiset\/wp-json\/wp\/v2\/posts\/10516\/revisions\/10519"}],"wp:featuredmedia":[{"embeddable":true,"href":"https:\/\/grifk-handball.com\/naiset\/wp-json\/wp\/v2\/media\/10517"}],"wp:attachment":[{"href":"https:\/\/grifk-handball.com\/naiset\/wp-json\/wp\/v2\/media?parent=10516"}],"wp:term":[{"taxonomy":"category","embeddable":true,"href":"https:\/\/grifk-handball.com\/naiset\/wp-json\/wp\/v2\/categories?post=10516"},{"taxonomy":"post_tag","embeddable":true,"href":"https:\/\/grifk-handball.com\/naiset\/wp-json\/wp\/v2\/tags?post=10516"}],"curies":[{"name":"wp","href":"https:\/\/api.w.org\/{rel}","templated":true}]}}